{"id":290,"date":"2013-11-22T19:26:52","date_gmt":"2013-11-22T19:26:52","guid":{"rendered":""},"modified":"2020-04-06T22:05:27","modified_gmt":"2020-04-06T20:05:27","slug":"asambleja-e-9-te-boterore-e-fete-per-paqen-kryepiskopi-anastas-u-rizgjodh-president-nderi","status":"publish","type":"post","link":"https:\/\/orthodoxalbania.org\/2020\/2013\/11\/22\/asambleja-e-9-te-boterore-e-fete-per-paqen-kryepiskopi-anastas-u-rizgjodh-president-nderi\/","title":{"rendered":"Asambleja e 9-t\u00eb Bot\u00ebror\u00eb:  \u201cFet\u00eb p\u00ebr paqen\u201d &#8211; Kryepiskopi Anastas u rizgjodh President Nderi. (22 N\u00ebntor 2013)"},"content":{"rendered":"<div>\n<p><span style=\"font-family: helvetica; font-size: 12pt;\"><img decoding=\"async\" class=\"lazyload HAa Eha\" style=\"border-width: 1px; border-style: solid; margin: 10px; float: left; width: 300px; height: 400px;\" alt=\"\" src=\"data:image\/gif;base64,R0lGODlhAQABAAAAACH5BAEKAAEALAAAAAABAAEAAAICTAEAOw==\" data-orig-src=\"https:\/\/lh5.googleusercontent.com\/-1N03tq7przs\/U_M7hYGkKsI\/AAAAAAAAA1k\/HAyRJTuVkrk\/w617-h823-no\/kryepishkopi.jpg\" \/><\/span><\/p>\n<p style=\"text-align: center;\"><span style=\"font-family: helvetica; font-size: 12pt;\"><\/span><\/p>\n<p style=\"text-align: center;\"><span style=\"font-family: helvetica; font-size: 12pt;\"><strong><span style=\"color: #b22222;\">&#8211; \u201cFet\u00eb p\u00ebr Paqen\u201d \u00ebsht\u00eb organizata m\u00eb e madhe nd\u00ebrfetare e bot\u00ebs, ku marrin pjes\u00eb t\u00eb gjitha komunitetet m\u00eb t\u00eb m\u00ebdha fetare dhe ka si synim promovimin dhe arritjen e paqes &#8211;<\/span><\/strong><\/span><\/p>\n<\/div>\n<div><span style=\"font-family: helvetica; font-size: 12pt;\"><\/span><\/div>\n<div style=\"text-align: justify;\"><span style=\"font-family: helvetica; font-size: 12pt;\"><span style=\"color: #000000;\">&nbsp;&nbsp;&nbsp; Nga 20-22 n\u00ebntor, n\u00eb Vjen\u00eb, Austri u mblodh Asambleja e 9-t\u00eb bot\u00ebrore e organizat\u00ebs Fet\u00eb p\u00ebr Paqen. Aty moren pjes\u00eb 600 lider\u00eb fetar\u00eb, n\u00eb p\u00ebrfaq\u00ebsim t\u00eb traditave fetare tradicionale nga \u00e7do rajon i bot\u00ebs, p\u00ebr t\u00eb folur mbi armiq\u00ebsin\u00eb n\u00eb rritje p\u00ebr \u201ctjetrin\u201d n\u00eb t\u00eb gjith\u00eb globin. \u201cFet\u00eb p\u00ebr Paqen\u201d \u00ebsht\u00eb organizata m\u00eb e madhe nd\u00ebrfetare e bot\u00ebs, ku marrin pjes\u00eb t\u00eb gjitha komunitetet m\u00eb t\u00eb m\u00ebdha fetare dhe ka si synim promovimin dhe arritjen e paqes. Asambleja p\u00ebrfshin udh\u00ebheq\u00ebs fetar\u00eb t\u00eb Krishter\u00eb, Mysliman\u00eb, Budist\u00eb, Induist\u00eb, Hebrej, Sikh, Shinto, Bahai, Jain, Zoroastrian\u00eb etj.<\/span><\/span><\/div>\n<div style=\"text-align: justify;\"><span style=\"font-family: helvetica; font-size: 12pt;\"><\/span><\/div>\n<div style=\"text-align: justify;\"><span style=\"font-family: helvetica; font-size: 12pt;\"><span style=\"color: #000000;\">&nbsp;&nbsp;&nbsp;&nbsp; N\u00eb dit\u00ebn e fundit t\u00eb Asambles\u00eb, Kryepiskopi i Tiran\u00ebs dhe i Gjith\u00eb Shqip\u00ebris\u00eb, Fortlumturia e Tij Anastasi, u rizgjodh President Nderi i k\u00ebtij organizmi bot\u00ebror.&nbsp;<\/span><\/span><\/div>\n<div style=\"text-align: justify;\"><span style=\"font-family: helvetica; font-size: 12pt;\"><\/span><\/div>\n<div style=\"text-align: justify;\"><span style=\"font-family: helvetica; font-size: 12pt;\"><span style=\"color: #000000;\">&nbsp;&nbsp;&nbsp; Ky \u00ebsht\u00eb nj\u00eb nderim i ve\u00e7ant\u00eb p\u00ebr vepr\u00ebn e Krypiskopit Anastas, si nj\u00eb veprimtar i shquar p\u00ebr paqen dhe mir\u00ebkuptimin nd\u00ebrfetar n\u00eb aren\u00ebn nd\u00ebrkomb\u00ebtare dhe n\u00eb vendin ton\u00eb. Eshte nj\u00eb zgjedhje q\u00eb nderon edhe rolin e Kish\u00ebn Orthodhokse Autoqefale t\u00eb Shqip\u00ebris\u00eb, e cila deri para dy dekadave nisi rrug\u00ebn e mrekullueshme t\u00eb ringritjes nga g\u00ebrmadhat dhe p\u00ebr gjith\u00eb vendin ton\u00eb.<\/span><\/span><\/div>\n<div style=\"text-align: justify;\"><span style=\"font-family: helvetica; font-size: 12pt;\"><\/span><\/div>\n<div style=\"text-align: justify;\"><span style=\"font-family: helvetica; font-size: 12pt;\"><span style=\"color: #000000;\">&nbsp;&nbsp;&nbsp; N\u00eb dit\u00ebn e fundit t\u00eb punimeve t\u00eb gjith\u00eb pjes\u00ebmarr\u00ebsit aprovuan edhe \u201cDeklarat\u00ebn e Vjen\u00ebs\u201d \u2013nj\u00eb q\u00ebndrim dhe thirrje &nbsp;e p\u00ebrbashk\u00ebt p\u00ebr paqen n\u00eb bot\u00eb dhe mir\u00ebkuptimin midis besimeve t\u00eb ndryshme. Po n\u00eb k\u00ebt\u00eb dit\u00eb, Asamblen\u00eb e p\u00ebrsh\u00ebndeti edhe Patriarku i Konstandinopoj\u00ebs, T\u00ebr\u00ebshenjt\u00ebria e Tij Vartholomeu.<\/span><\/span><\/div>\n<div style=\"text-align: center;\"><span style=\"font-family: helvetica; font-size: 12pt;\"><\/span><\/div>\n<div style=\"text-align: center;\"><span style=\"font-family: helvetica; font-size: 12pt;\"><\/span><\/div>\n<div style=\"text-align: center;\"><span style=\"font-family: helvetica; font-size: 12pt;\"><\/span><\/div>\n<div style=\"text-align: center;\"><span style=\"font-family: helvetica; font-size: 12pt;\"><\/span><\/div>\n<div style=\"text-align: center;\"><span style=\"font-family: helvetica; font-size: 12pt;\"><\/span><\/div>\n<div style=\"text-align: center;\"><span style=\"font-family: helvetica; font-size: 12pt;\"><\/span><\/div>\n<div style=\"text-align: right;\"><span style=\"font-family: helvetica; font-size: 12pt;\"><strong><span style=\"color: #000000;\">22.11.2013<\/span><\/strong><\/span><\/div>\n<div style=\"text-align: center;\"><span style=\"font-family: helvetica; font-size: 12pt;\"><strong><span style=\"color: #000000;\">Zyra e Shtypit<\/span><\/strong><\/span><\/div>\n<div style=\"text-align: center;\"><span style=\"font-family: helvetica; font-size: 12pt;\"><strong><span style=\"color: #000000;\">E Kishes Orthodhokse Autoqefale te Shqiperise<\/span><\/strong><\/span><\/div>\n<div style=\"text-align: center;\"><span style=\"font-family: helvetica; font-size: 12pt;\"><\/span><\/div>\n<div style=\"text-align: center;\"><span style=\"font-family: helvetica; font-size: 12pt;\"><span style=\"color: #000000;\">(FB: The 9th World Assembly of Religions for Peace, www.rpf.org)<\/span><\/span><\/div>\n<div><span style=\"font-family: helvetica; font-size: 12pt;\"><\/span><\/div>\n<p><span style=\"font-family: helvetica; font-size: 12pt;\"><\/span><\/p>\n<p><span style=\"font-family: helvetica; font-size: 12pt;\"><img decoding=\"async\" class=\"lazyload HAa Eha\" style=\"height: 400px; width: 600px; border-width: 1px; border-style: solid; margin: 10px; float: left;\" alt=\"\" src=\"data:image\/gif;base64,R0lGODlhAQABAAAAACH5BAEKAAEALAAAAAABAAEAAAICTAEAOw==\" data-orig-src=\"https:\/\/lh4.googleusercontent.com\/-CF8831oGHlE\/U_M8lmFndtI\/AAAAAAAAA2E\/IO4pw6E1ZfE\/w958-h639-no\/k1.jpg\" \/><\/span><\/p>\n<p><span style=\"font-family: helvetica; font-size: 12pt;\"><img decoding=\"async\" class=\"lazyload HAa Eha\" style=\"height: 800px; width: 600px; border-width: 1px; border-style: solid; margin: 10px; float: left;\" alt=\"\" src=\"data:image\/gif;base64,R0lGODlhAQABAAAAACH5BAEKAAEALAAAAAABAAEAAAICTAEAOw==\" data-orig-src=\"https:\/\/lh4.googleusercontent.com\/-wknRDjLJGJc\/U_M8lqBqXwI\/AAAAAAAAA2M\/LufPuN8Jvrc\/w617-h823-no\/k2.jpg\" \/><\/span><\/p>\n<p><span style=\"font-family: helvetica; font-size: 12pt;\"><img decoding=\"async\" class=\"lazyload HAa Eha\" style=\"height: 400px; width: 600px; border-width: 1px; border-style: solid; margin: 10px; float: left;\" alt=\"\" src=\"data:image\/gif;base64,R0lGODlhAQABAAAAACH5BAEKAAEALAAAAAABAAEAAAICTAEAOw==\" data-orig-src=\"https:\/\/lh3.googleusercontent.com\/-0pWpj6WTvL0\/U_M8lkP6XJI\/AAAAAAAAA18\/BRvupRVFEnA\/w958-h639-no\/k3.jpg\" \/><\/span><\/p>\n<p><span style=\"font-family: helvetica; font-size: 12pt;\"><img decoding=\"async\" class=\"lazyload HAa Eha\" style=\"height: 400px; width: 600px; border-width: 1px; border-style: solid; margin: 10px; float: left;\" alt=\"\" src=\"data:image\/gif;base64,R0lGODlhAQABAAAAACH5BAEKAAEALAAAAAABAAEAAAICTAEAOw==\" data-orig-src=\"https:\/\/lh6.googleusercontent.com\/-h-rNulb6vBU\/U_M8mSQKZsI\/AAAAAAAAA2A\/1JFKsqC_Hx4\/w958-h639-no\/k4.jpg\" \/><\/span><\/p>\n","protected":false},"excerpt":{"rendered":"<p>&#8211; \u201cFet\u00eb p\u00ebr Paqen\u201d \u00ebsht\u00eb organizata m\u00eb e madhe nd\u00ebrfetare e bot\u00ebs, ku marrin pjes\u00eb t\u00eb gjitha komunitetet m\u00eb t\u00eb m\u00ebdha fetare dhe ka si synim promovimin dhe arritjen e paqes &#8211; &nbsp;&nbsp;&nbsp; Nga 20-22 n\u00ebntor, n\u00eb Vjen\u00eb, Austri u mblodh Asambleja e 9-t\u00eb bot\u00ebrore e organizat\u00ebs Fet\u00eb p\u00ebr Paqen. Aty moren pjes\u00eb 600 lider\u00eb fetar\u00eb, n\u00eb p\u00ebrfaq\u00ebsim t\u00eb traditave fetare tradicionale nga \u00e7do rajon<\/p>\n","protected":false},"author":14,"featured_media":0,"comment_status":"open","ping_status":"open","sticky":false,"template":"","format":"standard","meta":{"_acf_changed":false,"pagelayer_contact_templates":[],"_pagelayer_content":"","inline_featured_image":false,"fifu_image_url":"","fifu_image_alt":"","footnotes":""},"categories":[108],"tags":[141,162,153,196,201,212],"class_list":["post-290","post","type-post","status-publish","format-standard","hentry","category-lajme","tag-141","tag-aktivitete-nderfetare","tag-deklarata-njoftime-zyrtare-d75","tag-tirane","tag-kryepiskopi-anastas","tag-lajme-d27"],"acf":[],"yoast_head":"<!-- This site is optimized with the Yoast SEO plugin v27.2 - https:\/\/yoast.com\/product\/yoast-seo-wordpress\/ -->\n<title>Asambleja e 9-t\u00eb Bot\u00ebror\u00eb: \u201cFet\u00eb p\u00ebr paqen\u201d - Kryepiskopi Anastas u rizgjodh President Nderi. (22 N\u00ebntor 2013) - Kisha Orthodh\u03bfkse Autoqefale e Shqip\u00ebris\u00eb<\/title>\n<meta name=\"robots\" content=\"index, follow, max-snippet:-1, max-image-preview:large, max-video-preview:-1\" \/>\n<link rel=\"canonical\" href=\"https:\/\/orthodoxalbania.org\/2020\/2013\/11\/22\/asambleja-e-9-te-boterore-e-fete-per-paqen-kryepiskopi-anastas-u-rizgjodh-president-nderi\/\" \/>\n<meta property=\"og:locale\" content=\"en_US\" \/>\n<meta property=\"og:type\" content=\"article\" \/>\n<meta property=\"og:title\" content=\"Asambleja e 9-t\u00eb Bot\u00ebror\u00eb: \u201cFet\u00eb p\u00ebr paqen\u201d - Kryepiskopi Anastas u rizgjodh President Nderi. (22 N\u00ebntor 2013) - Kisha Orthodh\u03bfkse Autoqefale e Shqip\u00ebris\u00eb\" \/>\n<meta property=\"og:description\" content=\"&#8211; \u201cFet\u00eb p\u00ebr Paqen\u201d \u00ebsht\u00eb organizata m\u00eb e madhe nd\u00ebrfetare e bot\u00ebs, ku marrin pjes\u00eb t\u00eb gjitha komunitetet m\u00eb t\u00eb m\u00ebdha fetare dhe ka si synim promovimin dhe arritjen e paqes &#8211; &nbsp;&nbsp;&nbsp; Nga 20-22 n\u00ebntor, n\u00eb Vjen\u00eb, Austri u mblodh Asambleja e 9-t\u00eb bot\u00ebrore e organizat\u00ebs Fet\u00eb p\u00ebr Paqen. Aty moren pjes\u00eb 600 lider\u00eb fetar\u00eb, n\u00eb p\u00ebrfaq\u00ebsim t\u00eb traditave fetare tradicionale nga \u00e7do rajon\" \/>\n<meta property=\"og:url\" content=\"https:\/\/orthodoxalbania.org\/2020\/2013\/11\/22\/asambleja-e-9-te-boterore-e-fete-per-paqen-kryepiskopi-anastas-u-rizgjodh-president-nderi\/\" \/>\n<meta property=\"og:site_name\" content=\"Kisha Orthodh\u03bfkse Autoqefale e Shqip\u00ebris\u00eb\" \/>\n<meta property=\"article:publisher\" content=\"https:\/\/www.facebook.com\/koash1991\" \/>\n<meta property=\"article:published_time\" content=\"2013-11-22T19:26:52+00:00\" \/>\n<meta property=\"article:modified_time\" content=\"2020-04-06T20:05:27+00:00\" \/>\n<meta property=\"og:image\" content=\"https:\/\/lh5.googleusercontent.com\/-1N03tq7przs\/U_M7hYGkKsI\/AAAAAAAAA1k\/HAyRJTuVkrk\/w617-h823-no\/kryepishkopi.jpg\" \/>\n<meta name=\"author\" content=\"neo_admin\" \/>\n<meta name=\"twitter:card\" content=\"summary_large_image\" \/>\n<meta name=\"twitter:label1\" content=\"Written by\" \/>\n\t<meta name=\"twitter:data1\" content=\"neo_admin\" \/>\n\t<meta name=\"twitter:label2\" content=\"Est. reading time\" \/>\n\t<meta name=\"twitter:data2\" content=\"2 minutes\" \/>\n<script type=\"application\/ld+json\" class=\"yoast-schema-graph\">{\"@context\":\"https:\/\/schema.org\",\"@graph\":[{\"@type\":\"Article\",\"@id\":\"https:\/\/orthodoxalbania.org\/2020\/2013\/11\/22\/asambleja-e-9-te-boterore-e-fete-per-paqen-kryepiskopi-anastas-u-rizgjodh-president-nderi\/#article\",\"isPartOf\":{\"@id\":\"https:\/\/orthodoxalbania.org\/2020\/2013\/11\/22\/asambleja-e-9-te-boterore-e-fete-per-paqen-kryepiskopi-anastas-u-rizgjodh-president-nderi\/\"},\"author\":{\"name\":\"neo_admin\",\"@id\":\"https:\/\/orthodoxalbania.org\/2020\/#\/schema\/person\/dd2bdc135b53c60d45b8bb329565cf6d\"},\"headline\":\"Asambleja e 9-t\u00eb Bot\u00ebror\u00eb: \u201cFet\u00eb p\u00ebr paqen\u201d &#8211; Kryepiskopi Anastas u rizgjodh President Nderi. (22 N\u00ebntor 2013)\",\"datePublished\":\"2013-11-22T19:26:52+00:00\",\"dateModified\":\"2020-04-06T20:05:27+00:00\",\"mainEntityOfPage\":{\"@id\":\"https:\/\/orthodoxalbania.org\/2020\/2013\/11\/22\/asambleja-e-9-te-boterore-e-fete-per-paqen-kryepiskopi-anastas-u-rizgjodh-president-nderi\/\"},\"wordCount\":365,\"commentCount\":0,\"publisher\":{\"@id\":\"https:\/\/orthodoxalbania.org\/2020\/#organization\"},\"image\":{\"@id\":\"https:\/\/orthodoxalbania.org\/2020\/2013\/11\/22\/asambleja-e-9-te-boterore-e-fete-per-paqen-kryepiskopi-anastas-u-rizgjodh-president-nderi\/#primaryimage\"},\"thumbnailUrl\":\"https:\/\/lh5.googleusercontent.com\/-1N03tq7przs\/U_M7hYGkKsI\/AAAAAAAAA1k\/HAyRJTuVkrk\/w617-h823-no\/kryepishkopi.jpg\",\"keywords\":[\"2013\",\"Aktivitete Nd\u00ebrfetare\",\"Deklarata - Njoftime Zyrtare\",\"Kryepiskopata Tiran\u00eb\",\"Kryepiskopi Anastas\",\"lajme\"],\"articleSection\":[\"Lajme\"],\"inLanguage\":\"en-US\"},{\"@type\":\"WebPage\",\"@id\":\"https:\/\/orthodoxalbania.org\/2020\/2013\/11\/22\/asambleja-e-9-te-boterore-e-fete-per-paqen-kryepiskopi-anastas-u-rizgjodh-president-nderi\/\",\"url\":\"https:\/\/orthodoxalbania.org\/2020\/2013\/11\/22\/asambleja-e-9-te-boterore-e-fete-per-paqen-kryepiskopi-anastas-u-rizgjodh-president-nderi\/\",\"name\":\"Asambleja e 9-t\u00eb Bot\u00ebror\u00eb: \u201cFet\u00eb p\u00ebr paqen\u201d - Kryepiskopi Anastas u rizgjodh President Nderi. (22 N\u00ebntor 2013) - Kisha Orthodh\u03bfkse Autoqefale e Shqip\u00ebris\u00eb\",\"isPartOf\":{\"@id\":\"https:\/\/orthodoxalbania.org\/2020\/#website\"},\"primaryImageOfPage\":{\"@id\":\"https:\/\/orthodoxalbania.org\/2020\/2013\/11\/22\/asambleja-e-9-te-boterore-e-fete-per-paqen-kryepiskopi-anastas-u-rizgjodh-president-nderi\/#primaryimage\"},\"image\":{\"@id\":\"https:\/\/orthodoxalbania.org\/2020\/2013\/11\/22\/asambleja-e-9-te-boterore-e-fete-per-paqen-kryepiskopi-anastas-u-rizgjodh-president-nderi\/#primaryimage\"},\"thumbnailUrl\":\"https:\/\/lh5.googleusercontent.com\/-1N03tq7przs\/U_M7hYGkKsI\/AAAAAAAAA1k\/HAyRJTuVkrk\/w617-h823-no\/kryepishkopi.jpg\",\"datePublished\":\"2013-11-22T19:26:52+00:00\",\"dateModified\":\"2020-04-06T20:05:27+00:00\",\"breadcrumb\":{\"@id\":\"https:\/\/orthodoxalbania.org\/2020\/2013\/11\/22\/asambleja-e-9-te-boterore-e-fete-per-paqen-kryepiskopi-anastas-u-rizgjodh-president-nderi\/#breadcrumb\"},\"inLanguage\":\"en-US\",\"potentialAction\":[{\"@type\":\"ReadAction\",\"target\":[\"https:\/\/orthodoxalbania.org\/2020\/2013\/11\/22\/asambleja-e-9-te-boterore-e-fete-per-paqen-kryepiskopi-anastas-u-rizgjodh-president-nderi\/\"]}]},{\"@type\":\"ImageObject\",\"inLanguage\":\"en-US\",\"@id\":\"https:\/\/orthodoxalbania.org\/2020\/2013\/11\/22\/asambleja-e-9-te-boterore-e-fete-per-paqen-kryepiskopi-anastas-u-rizgjodh-president-nderi\/#primaryimage\",\"url\":\"https:\/\/lh5.googleusercontent.com\/-1N03tq7przs\/U_M7hYGkKsI\/AAAAAAAAA1k\/HAyRJTuVkrk\/w617-h823-no\/kryepishkopi.jpg\",\"contentUrl\":\"https:\/\/lh5.googleusercontent.com\/-1N03tq7przs\/U_M7hYGkKsI\/AAAAAAAAA1k\/HAyRJTuVkrk\/w617-h823-no\/kryepishkopi.jpg\"},{\"@type\":\"BreadcrumbList\",\"@id\":\"https:\/\/orthodoxalbania.org\/2020\/2013\/11\/22\/asambleja-e-9-te-boterore-e-fete-per-paqen-kryepiskopi-anastas-u-rizgjodh-president-nderi\/#breadcrumb\",\"itemListElement\":[{\"@type\":\"ListItem\",\"position\":1,\"name\":\"Home\",\"item\":\"https:\/\/orthodoxalbania.org\/2020\/\"},{\"@type\":\"ListItem\",\"position\":2,\"name\":\"Asambleja e 9-t\u00eb Bot\u00ebror\u00eb: \u201cFet\u00eb p\u00ebr paqen\u201d &#8211; Kryepiskopi Anastas u rizgjodh President Nderi. (22 N\u00ebntor 2013)\"}]},{\"@type\":\"WebSite\",\"@id\":\"https:\/\/orthodoxalbania.org\/2020\/#website\",\"url\":\"https:\/\/orthodoxalbania.org\/2020\/\",\"name\":\"Kisha Orthodh\u03bfkse Autoqefale e Shqip\u00ebris\u00eb\",\"description\":\"Fqja Zyrtare e Kish\u00ebs Orthodhokse Autoqefale e Shqip\u00ebris\u00eb me lajmet edhe informacionet zyrtare p\u00ebr struktur\u00ebn edhe veprimtarin e saj.\",\"publisher\":{\"@id\":\"https:\/\/orthodoxalbania.org\/2020\/#organization\"},\"potentialAction\":[{\"@type\":\"SearchAction\",\"target\":{\"@type\":\"EntryPoint\",\"urlTemplate\":\"https:\/\/orthodoxalbania.org\/2020\/?s={search_term_string}\"},\"query-input\":{\"@type\":\"PropertyValueSpecification\",\"valueRequired\":true,\"valueName\":\"search_term_string\"}}],\"inLanguage\":\"en-US\"},{\"@type\":\"Organization\",\"@id\":\"https:\/\/orthodoxalbania.org\/2020\/#organization\",\"name\":\"Kisha Orthodhokse Autoqefale e Shqip\u00ebris\u00eb\",\"url\":\"https:\/\/orthodoxalbania.org\/2020\/\",\"logo\":{\"@type\":\"ImageObject\",\"inLanguage\":\"en-US\",\"@id\":\"https:\/\/orthodoxalbania.org\/2020\/#\/schema\/logo\/image\/\",\"url\":\"https:\/\/orthodoxalbania.org\/2020\/wp-content\/uploads\/2020\/05\/albania.jpeg\",\"contentUrl\":\"https:\/\/orthodoxalbania.org\/2020\/wp-content\/uploads\/2020\/05\/albania.jpeg\",\"width\":540,\"height\":540,\"caption\":\"Kisha Orthodhokse Autoqefale e Shqip\u00ebris\u00eb\"},\"image\":{\"@id\":\"https:\/\/orthodoxalbania.org\/2020\/#\/schema\/logo\/image\/\"},\"sameAs\":[\"https:\/\/www.facebook.com\/koash1991\"]},{\"@type\":\"Person\",\"@id\":\"https:\/\/orthodoxalbania.org\/2020\/#\/schema\/person\/dd2bdc135b53c60d45b8bb329565cf6d\",\"name\":\"neo_admin\",\"image\":{\"@type\":\"ImageObject\",\"inLanguage\":\"en-US\",\"@id\":\"https:\/\/secure.gravatar.com\/avatar\/53e6cdc30765aade0129f85e5aeb50124b1d3f5bb9a70373be31e4eb328371e0?s=96&d=mm&r=g\",\"url\":\"https:\/\/secure.gravatar.com\/avatar\/53e6cdc30765aade0129f85e5aeb50124b1d3f5bb9a70373be31e4eb328371e0?s=96&d=mm&r=g\",\"contentUrl\":\"https:\/\/secure.gravatar.com\/avatar\/53e6cdc30765aade0129f85e5aeb50124b1d3f5bb9a70373be31e4eb328371e0?s=96&d=mm&r=g\",\"caption\":\"neo_admin\"}}]}<\/script>\n<!-- \/ Yoast SEO plugin. -->","yoast_head_json":{"title":"Asambleja e 9-t\u00eb Bot\u00ebror\u00eb: \u201cFet\u00eb p\u00ebr paqen\u201d - Kryepiskopi Anastas u rizgjodh President Nderi. (22 N\u00ebntor 2013) - Kisha Orthodh\u03bfkse Autoqefale e Shqip\u00ebris\u00eb","robots":{"index":"index","follow":"follow","max-snippet":"max-snippet:-1","max-image-preview":"max-image-preview:large","max-video-preview":"max-video-preview:-1"},"canonical":"https:\/\/orthodoxalbania.org\/2020\/2013\/11\/22\/asambleja-e-9-te-boterore-e-fete-per-paqen-kryepiskopi-anastas-u-rizgjodh-president-nderi\/","og_locale":"en_US","og_type":"article","og_title":"Asambleja e 9-t\u00eb Bot\u00ebror\u00eb: \u201cFet\u00eb p\u00ebr paqen\u201d - Kryepiskopi Anastas u rizgjodh President Nderi. (22 N\u00ebntor 2013) - Kisha Orthodh\u03bfkse Autoqefale e Shqip\u00ebris\u00eb","og_description":"&#8211; \u201cFet\u00eb p\u00ebr Paqen\u201d \u00ebsht\u00eb organizata m\u00eb e madhe nd\u00ebrfetare e bot\u00ebs, ku marrin pjes\u00eb t\u00eb gjitha komunitetet m\u00eb t\u00eb m\u00ebdha fetare dhe ka si synim promovimin dhe arritjen e paqes &#8211; &nbsp;&nbsp;&nbsp; Nga 20-22 n\u00ebntor, n\u00eb Vjen\u00eb, Austri u mblodh Asambleja e 9-t\u00eb bot\u00ebrore e organizat\u00ebs Fet\u00eb p\u00ebr Paqen. Aty moren pjes\u00eb 600 lider\u00eb fetar\u00eb, n\u00eb p\u00ebrfaq\u00ebsim t\u00eb traditave fetare tradicionale nga \u00e7do rajon","og_url":"https:\/\/orthodoxalbania.org\/2020\/2013\/11\/22\/asambleja-e-9-te-boterore-e-fete-per-paqen-kryepiskopi-anastas-u-rizgjodh-president-nderi\/","og_site_name":"Kisha Orthodh\u03bfkse Autoqefale e Shqip\u00ebris\u00eb","article_publisher":"https:\/\/www.facebook.com\/koash1991","article_published_time":"2013-11-22T19:26:52+00:00","article_modified_time":"2020-04-06T20:05:27+00:00","og_image":[{"url":"https:\/\/lh5.googleusercontent.com\/-1N03tq7przs\/U_M7hYGkKsI\/AAAAAAAAA1k\/HAyRJTuVkrk\/w617-h823-no\/kryepishkopi.jpg","type":"","width":"","height":""}],"author":"neo_admin","twitter_card":"summary_large_image","twitter_misc":{"Written by":"neo_admin","Est. reading time":"2 minutes"},"schema":{"@context":"https:\/\/schema.org","@graph":[{"@type":"Article","@id":"https:\/\/orthodoxalbania.org\/2020\/2013\/11\/22\/asambleja-e-9-te-boterore-e-fete-per-paqen-kryepiskopi-anastas-u-rizgjodh-president-nderi\/#article","isPartOf":{"@id":"https:\/\/orthodoxalbania.org\/2020\/2013\/11\/22\/asambleja-e-9-te-boterore-e-fete-per-paqen-kryepiskopi-anastas-u-rizgjodh-president-nderi\/"},"author":{"name":"neo_admin","@id":"https:\/\/orthodoxalbania.org\/2020\/#\/schema\/person\/dd2bdc135b53c60d45b8bb329565cf6d"},"headline":"Asambleja e 9-t\u00eb Bot\u00ebror\u00eb: \u201cFet\u00eb p\u00ebr paqen\u201d &#8211; Kryepiskopi Anastas u rizgjodh President Nderi. (22 N\u00ebntor 2013)","datePublished":"2013-11-22T19:26:52+00:00","dateModified":"2020-04-06T20:05:27+00:00","mainEntityOfPage":{"@id":"https:\/\/orthodoxalbania.org\/2020\/2013\/11\/22\/asambleja-e-9-te-boterore-e-fete-per-paqen-kryepiskopi-anastas-u-rizgjodh-president-nderi\/"},"wordCount":365,"commentCount":0,"publisher":{"@id":"https:\/\/orthodoxalbania.org\/2020\/#organization"},"image":{"@id":"https:\/\/orthodoxalbania.org\/2020\/2013\/11\/22\/asambleja-e-9-te-boterore-e-fete-per-paqen-kryepiskopi-anastas-u-rizgjodh-president-nderi\/#primaryimage"},"thumbnailUrl":"https:\/\/lh5.googleusercontent.com\/-1N03tq7przs\/U_M7hYGkKsI\/AAAAAAAAA1k\/HAyRJTuVkrk\/w617-h823-no\/kryepishkopi.jpg","keywords":["2013","Aktivitete Nd\u00ebrfetare","Deklarata - Njoftime Zyrtare","Kryepiskopata Tiran\u00eb","Kryepiskopi Anastas","lajme"],"articleSection":["Lajme"],"inLanguage":"en-US"},{"@type":"WebPage","@id":"https:\/\/orthodoxalbania.org\/2020\/2013\/11\/22\/asambleja-e-9-te-boterore-e-fete-per-paqen-kryepiskopi-anastas-u-rizgjodh-president-nderi\/","url":"https:\/\/orthodoxalbania.org\/2020\/2013\/11\/22\/asambleja-e-9-te-boterore-e-fete-per-paqen-kryepiskopi-anastas-u-rizgjodh-president-nderi\/","name":"Asambleja e 9-t\u00eb Bot\u00ebror\u00eb: \u201cFet\u00eb p\u00ebr paqen\u201d - Kryepiskopi Anastas u rizgjodh President Nderi. (22 N\u00ebntor 2013) - Kisha Orthodh\u03bfkse Autoqefale e Shqip\u00ebris\u00eb","isPartOf":{"@id":"https:\/\/orthodoxalbania.org\/2020\/#website"},"primaryImageOfPage":{"@id":"https:\/\/orthodoxalbania.org\/2020\/2013\/11\/22\/asambleja-e-9-te-boterore-e-fete-per-paqen-kryepiskopi-anastas-u-rizgjodh-president-nderi\/#primaryimage"},"image":{"@id":"https:\/\/orthodoxalbania.org\/2020\/2013\/11\/22\/asambleja-e-9-te-boterore-e-fete-per-paqen-kryepiskopi-anastas-u-rizgjodh-president-nderi\/#primaryimage"},"thumbnailUrl":"https:\/\/lh5.googleusercontent.com\/-1N03tq7przs\/U_M7hYGkKsI\/AAAAAAAAA1k\/HAyRJTuVkrk\/w617-h823-no\/kryepishkopi.jpg","datePublished":"2013-11-22T19:26:52+00:00","dateModified":"2020-04-06T20:05:27+00:00","breadcrumb":{"@id":"https:\/\/orthodoxalbania.org\/2020\/2013\/11\/22\/asambleja-e-9-te-boterore-e-fete-per-paqen-kryepiskopi-anastas-u-rizgjodh-president-nderi\/#breadcrumb"},"inLanguage":"en-US","potentialAction":[{"@type":"ReadAction","target":["https:\/\/orthodoxalbania.org\/2020\/2013\/11\/22\/asambleja-e-9-te-boterore-e-fete-per-paqen-kryepiskopi-anastas-u-rizgjodh-president-nderi\/"]}]},{"@type":"ImageObject","inLanguage":"en-US","@id":"https:\/\/orthodoxalbania.org\/2020\/2013\/11\/22\/asambleja-e-9-te-boterore-e-fete-per-paqen-kryepiskopi-anastas-u-rizgjodh-president-nderi\/#primaryimage","url":"https:\/\/lh5.googleusercontent.com\/-1N03tq7przs\/U_M7hYGkKsI\/AAAAAAAAA1k\/HAyRJTuVkrk\/w617-h823-no\/kryepishkopi.jpg","contentUrl":"https:\/\/lh5.googleusercontent.com\/-1N03tq7przs\/U_M7hYGkKsI\/AAAAAAAAA1k\/HAyRJTuVkrk\/w617-h823-no\/kryepishkopi.jpg"},{"@type":"BreadcrumbList","@id":"https:\/\/orthodoxalbania.org\/2020\/2013\/11\/22\/asambleja-e-9-te-boterore-e-fete-per-paqen-kryepiskopi-anastas-u-rizgjodh-president-nderi\/#breadcrumb","itemListElement":[{"@type":"ListItem","position":1,"name":"Home","item":"https:\/\/orthodoxalbania.org\/2020\/"},{"@type":"ListItem","position":2,"name":"Asambleja e 9-t\u00eb Bot\u00ebror\u00eb: \u201cFet\u00eb p\u00ebr paqen\u201d &#8211; Kryepiskopi Anastas u rizgjodh President Nderi. (22 N\u00ebntor 2013)"}]},{"@type":"WebSite","@id":"https:\/\/orthodoxalbania.org\/2020\/#website","url":"https:\/\/orthodoxalbania.org\/2020\/","name":"Kisha Orthodh\u03bfkse Autoqefale e Shqip\u00ebris\u00eb","description":"Fqja Zyrtare e Kish\u00ebs Orthodhokse Autoqefale e Shqip\u00ebris\u00eb me lajmet edhe informacionet zyrtare p\u00ebr struktur\u00ebn edhe veprimtarin e saj.","publisher":{"@id":"https:\/\/orthodoxalbania.org\/2020\/#organization"},"potentialAction":[{"@type":"SearchAction","target":{"@type":"EntryPoint","urlTemplate":"https:\/\/orthodoxalbania.org\/2020\/?s={search_term_string}"},"query-input":{"@type":"PropertyValueSpecification","valueRequired":true,"valueName":"search_term_string"}}],"inLanguage":"en-US"},{"@type":"Organization","@id":"https:\/\/orthodoxalbania.org\/2020\/#organization","name":"Kisha Orthodhokse Autoqefale e Shqip\u00ebris\u00eb","url":"https:\/\/orthodoxalbania.org\/2020\/","logo":{"@type":"ImageObject","inLanguage":"en-US","@id":"https:\/\/orthodoxalbania.org\/2020\/#\/schema\/logo\/image\/","url":"https:\/\/orthodoxalbania.org\/2020\/wp-content\/uploads\/2020\/05\/albania.jpeg","contentUrl":"https:\/\/orthodoxalbania.org\/2020\/wp-content\/uploads\/2020\/05\/albania.jpeg","width":540,"height":540,"caption":"Kisha Orthodhokse Autoqefale e Shqip\u00ebris\u00eb"},"image":{"@id":"https:\/\/orthodoxalbania.org\/2020\/#\/schema\/logo\/image\/"},"sameAs":["https:\/\/www.facebook.com\/koash1991"]},{"@type":"Person","@id":"https:\/\/orthodoxalbania.org\/2020\/#\/schema\/person\/dd2bdc135b53c60d45b8bb329565cf6d","name":"neo_admin","image":{"@type":"ImageObject","inLanguage":"en-US","@id":"https:\/\/secure.gravatar.com\/avatar\/53e6cdc30765aade0129f85e5aeb50124b1d3f5bb9a70373be31e4eb328371e0?s=96&d=mm&r=g","url":"https:\/\/secure.gravatar.com\/avatar\/53e6cdc30765aade0129f85e5aeb50124b1d3f5bb9a70373be31e4eb328371e0?s=96&d=mm&r=g","contentUrl":"https:\/\/secure.gravatar.com\/avatar\/53e6cdc30765aade0129f85e5aeb50124b1d3f5bb9a70373be31e4eb328371e0?s=96&d=mm&r=g","caption":"neo_admin"}}]}},"_links":{"self":[{"href":"https:\/\/orthodoxalbania.org\/2020\/wp-json\/wp\/v2\/posts\/290","targetHints":{"allow":["GET"]}}],"collection":[{"href":"https:\/\/orthodoxalbania.org\/2020\/wp-json\/wp\/v2\/posts"}],"about":[{"href":"https:\/\/orthodoxalbania.org\/2020\/wp-json\/wp\/v2\/types\/post"}],"author":[{"embeddable":true,"href":"https:\/\/orthodoxalbania.org\/2020\/wp-json\/wp\/v2\/users\/14"}],"replies":[{"embeddable":true,"href":"https:\/\/orthodoxalbania.org\/2020\/wp-json\/wp\/v2\/comments?post=290"}],"version-history":[{"count":1,"href":"https:\/\/orthodoxalbania.org\/2020\/wp-json\/wp\/v2\/posts\/290\/revisions"}],"predecessor-version":[{"id":15153,"href":"https:\/\/orthodoxalbania.org\/2020\/wp-json\/wp\/v2\/posts\/290\/revisions\/15153"}],"wp:attachment":[{"href":"https:\/\/orthodoxalbania.org\/2020\/wp-json\/wp\/v2\/media?parent=290"}],"wp:term":[{"taxonomy":"category","embeddable":true,"href":"https:\/\/orthodoxalbania.org\/2020\/wp-json\/wp\/v2\/categories?post=290"},{"taxonomy":"post_tag","embeddable":true,"href":"https:\/\/orthodoxalbania.org\/2020\/wp-json\/wp\/v2\/tags?post=290"}],"curies":[{"name":"wp","href":"https:\/\/api.w.org\/{rel}","templated":true}]}}