{"id":28994,"date":"2021-03-07T00:00:01","date_gmt":"2021-03-06T23:00:01","guid":{"rendered":"https:\/\/orthodoxalbania.org\/2020\/?p=28994"},"modified":"2021-02-06T22:02:37","modified_gmt":"2021-02-06T21:02:37","slug":"ungjilli-mateu-2531-46","status":"publish","type":"post","link":"https:\/\/orthodoxalbania.org\/2020\/2021\/03\/07\/ungjilli-mateu-2531-46\/","title":{"rendered":"UNGJILLI &#8211; Mateu 25:31-46."},"content":{"rendered":"<h4 style=\"text-align: center;\"><strong>UNGJILLI &#8211; Mateu 25:31-46.<\/strong><\/h4>\n<p style=\"text-align: justify;\">Edhe kur t\u00eb vij\u00eb Biri i njeriut n\u00eb lavdin\u00eb e tij, edhe gjith\u00eb engj\u00ebjt e shenjt\u00eb bashk\u00eb me t\u00eb, at\u00ebher\u00eb do t\u00eb rrij\u00eb mbi fronin e lavdis\u00eb s\u00eb tij. Edhe do t\u00eb mblidhen p\u00ebrpara tij gjith\u00eb kombet; edhe do t\u2019i ndaj\u00eb ata nj\u00ebrin nga tjetri, si\u00e7 ndan bariu dhent\u00eb nga dhit\u00eb. Edhe do t\u00eb v\u00ebr\u00eb dhent\u00eb n\u00eb t\u00eb djatht\u00eb e dhit\u00eb n\u00eb t\u00eb majt\u00eb.<\/p>\n<p style=\"text-align: justify;\">At\u00ebher\u00eb mbreti do t\u2019u thot\u00eb atyre q\u00eb rrin\u00eb n\u00eb t\u00eb djatht\u00eb t\u00eb tij: Ejani t\u00eb bekuarit e tim Eti, trash\u00ebgoni mbret\u00ebrin\u00eb q\u00eb \u00ebsht\u00eb b\u00ebr\u00eb gati p\u00ebr ju q\u00eb kurse \u00ebsht\u00eb themeluar bota. Sepse pata uri e m\u00eb dhat\u00eb t\u00eb ha; pata etje, e m\u00eb dhat\u00eb t\u00eb pi; i huaj isha, e m\u00eb mor\u00ebt brenda; i zhveshur, e m\u00eb vesh\u00ebt; u s\u00ebmura, edhe erdh\u00ebt t\u00eb m\u00eb shihni; isha n\u00eb burg, edhe erdh\u00ebt tek un\u00eb. At\u00ebher\u00eb t\u00eb drejt\u00ebt do t\u2019i p\u00ebrgjigjen, duke th\u00ebn\u00eb: Zot, kur t\u00eb pam\u00eb ty duke pasur uri e t\u00eb ushqyem? Apo duke pasur etje, e t\u00eb dham\u00eb t\u00eb pish? Edhe kur t\u00eb pam\u00eb t\u00eb huaj, e t\u00eb mor\u00ebm brenda? Apo t\u00eb zhveshur, e t\u00eb vesh\u00ebm? Edhe kur t\u00eb pam\u00eb t\u00eb s\u00ebmur\u00eb ose n\u00eb burg, edhe erdh\u00ebm tek ti? Edhe mbreti do t\u00eb p\u00ebrgjigjet e do t\u2019u thot\u00eb atyre: Me t\u00eb v\u00ebrtet\u00eb po ju them juve, gjith\u00eb sa i b\u00ebt\u00eb nj\u00ebrit prej k\u00ebtyre v\u00ebllez\u00ebrve t\u00eb mi m\u00eb t\u00eb vegj\u00ebl, ma keni b\u00ebr\u00eb mua.<\/p>\n<p style=\"text-align: justify;\">At\u00ebher\u00eb do t\u2019u thot\u00eb edhe atyre q\u00eb rrin\u00eb n\u00eb t\u00eb majt\u00eb: Ikni prej meje, t\u00eb mallkuar, n\u00eb zjarr t\u00eb pasosur, q\u00eb \u00ebsht\u00eb b\u00ebr\u00eb gati p\u00ebr djallin e p\u00ebr engj\u00ebjt e tij. Sepse pata uri, e s\u2019m\u00eb dhat\u00eb t\u00eb ha; pata etje, e s\u2019m\u00eb dhat\u00eb t\u00eb pi; isha i huaj, e nuk m\u00eb mor\u00ebt brenda; i zhveshur, edhe nuk m\u00eb vesh\u00ebt; i s\u00ebmur\u00eb e n\u00eb burg, edhe nuk erdh\u00ebt t\u00eb m\u00eb shihni. At\u00ebher\u00eb do t\u2019i p\u00ebrgjigjen edhe ata, duke th\u00ebn\u00eb: Zot, kur t\u00eb pam\u00eb ty duke pasur uri, a duke pasur etje, a t\u00eb huaj, a t\u00eb zhveshur, a t\u00eb s\u00ebmur\u00eb, a n\u00eb burg, e nuk t\u00eb sh\u00ebrbyem? At\u00ebher\u00eb do t\u2019u p\u00ebrgjigjet e do t\u2019u thot\u00eb atyre: Me t\u00eb v\u00ebrtet\u00eb po ju them juve, gjith\u00eb sa nuk i b\u00ebt\u00eb nj\u00ebrit prej k\u00ebtyre m\u00eb t\u00eb vegj\u00eblve, as mua nuk ma keni b\u00ebr\u00eb.<br \/>\nEdhe k\u00ebta do t\u00eb shkojn\u00eb n\u00eb d\u00ebnim t\u00eb p\u00ebrjetsh\u00ebm; edhe t\u00eb drejt\u00ebt n\u00eb jet\u00eb t\u00eb p\u00ebrjetshme.<\/p>\n","protected":false},"excerpt":{"rendered":"<p>UNGJILLI &#8211; Mateu 25:31-46. Edhe kur t\u00eb vij\u00eb Biri i njeriut n\u00eb lavdin\u00eb e tij, edhe gjith\u00eb engj\u00ebjt e shenjt\u00eb bashk\u00eb me t\u00eb, at\u00ebher\u00eb do t\u00eb rrij\u00eb mbi fronin e lavdis\u00eb s\u00eb tij. Edhe do t\u00eb mblidhen p\u00ebrpara tij gjith\u00eb kombet; edhe do t\u2019i ndaj\u00eb ata nj\u00ebrin nga tjetri, si\u00e7 ndan bariu dhent\u00eb nga dhit\u00eb. Edhe do t\u00eb v\u00ebr\u00eb dhent\u00eb n\u00eb t\u00eb djatht\u00eb e dhit\u00eb<\/p>\n","protected":false},"author":7,"featured_media":0,"comment_status":"closed","ping_status":"closed","sticky":false,"template":"","format":"standard","meta":{"_acf_changed":false,"pagelayer_contact_templates":[],"_pagelayer_content":"","inline_featured_image":false,"fifu_image_url":"","fifu_image_alt":"","footnotes":""},"categories":[263],"tags":[2103,2107],"class_list":["post-28994","post","type-post","status-publish","format-standard","hentry","category-shenjtore-i-dites","tag-leximet-e-dites","tag-ungjilli-i-dites"],"acf":[],"yoast_head":"<!-- This site is optimized with the Yoast SEO plugin v27.2 - https:\/\/yoast.com\/product\/yoast-seo-wordpress\/ -->\n<title>UNGJILLI - Mateu 25:31-46. - Kisha Orthodh\u03bfkse Autoqefale e Shqip\u00ebris\u00eb<\/title>\n<meta name=\"robots\" content=\"index, follow, max-snippet:-1, max-image-preview:large, max-video-preview:-1\" \/>\n<link rel=\"canonical\" href=\"https:\/\/orthodoxalbania.org\/2020\/2021\/03\/07\/ungjilli-mateu-2531-46\/\" \/>\n<meta property=\"og:locale\" content=\"en_US\" \/>\n<meta property=\"og:type\" content=\"article\" \/>\n<meta property=\"og:title\" content=\"UNGJILLI - Mateu 25:31-46. - Kisha Orthodh\u03bfkse Autoqefale e Shqip\u00ebris\u00eb\" \/>\n<meta property=\"og:description\" content=\"UNGJILLI &#8211; Mateu 25:31-46. Edhe kur t\u00eb vij\u00eb Biri i njeriut n\u00eb lavdin\u00eb e tij, edhe gjith\u00eb engj\u00ebjt e shenjt\u00eb bashk\u00eb me t\u00eb, at\u00ebher\u00eb do t\u00eb rrij\u00eb mbi fronin e lavdis\u00eb s\u00eb tij. Edhe do t\u00eb mblidhen p\u00ebrpara tij gjith\u00eb kombet; edhe do t\u2019i ndaj\u00eb ata nj\u00ebrin nga tjetri, si\u00e7 ndan bariu dhent\u00eb nga dhit\u00eb. Edhe do t\u00eb v\u00ebr\u00eb dhent\u00eb n\u00eb t\u00eb djatht\u00eb e dhit\u00eb\" \/>\n<meta property=\"og:url\" content=\"https:\/\/orthodoxalbania.org\/2020\/2021\/03\/07\/ungjilli-mateu-2531-46\/\" \/>\n<meta property=\"og:site_name\" content=\"Kisha Orthodh\u03bfkse Autoqefale e Shqip\u00ebris\u00eb\" \/>\n<meta property=\"article:publisher\" content=\"https:\/\/www.facebook.com\/koash1991\" \/>\n<meta property=\"article:published_time\" content=\"2021-03-06T23:00:01+00:00\" \/>\n<meta property=\"og:image\" content=\"https:\/\/orthodoxalbania.org\/2020\/wp-content\/uploads\/2021\/02\/LogoLastALb-200.png\" \/>\n\t<meta property=\"og:image:width\" content=\"200\" \/>\n\t<meta property=\"og:image:height\" content=\"172\" \/>\n\t<meta property=\"og:image:type\" content=\"image\/png\" \/>\n<meta name=\"author\" content=\"Kisha Orthodhokse\" \/>\n<meta name=\"twitter:card\" content=\"summary_large_image\" \/>\n<meta name=\"twitter:label1\" content=\"Written by\" \/>\n\t<meta name=\"twitter:data1\" content=\"Kisha Orthodhokse\" \/>\n\t<meta name=\"twitter:label2\" content=\"Est. reading time\" \/>\n\t<meta name=\"twitter:data2\" content=\"2 minutes\" \/>\n<script type=\"application\/ld+json\" class=\"yoast-schema-graph\">{\"@context\":\"https:\/\/schema.org\",\"@graph\":[{\"@type\":\"Article\",\"@id\":\"https:\/\/orthodoxalbania.org\/2020\/2021\/03\/07\/ungjilli-mateu-2531-46\/#article\",\"isPartOf\":{\"@id\":\"https:\/\/orthodoxalbania.org\/2020\/2021\/03\/07\/ungjilli-mateu-2531-46\/\"},\"author\":{\"name\":\"Kisha Orthodhokse\",\"@id\":\"https:\/\/orthodoxalbania.org\/2020\/#\/schema\/person\/df745f942b70e045b3dc05a30211f0de\"},\"headline\":\"UNGJILLI &#8211; Mateu 25:31-46.\",\"datePublished\":\"2021-03-06T23:00:01+00:00\",\"mainEntityOfPage\":{\"@id\":\"https:\/\/orthodoxalbania.org\/2020\/2021\/03\/07\/ungjilli-mateu-2531-46\/\"},\"wordCount\":462,\"publisher\":{\"@id\":\"https:\/\/orthodoxalbania.org\/2020\/#organization\"},\"keywords\":[\"leximet e dites\",\"ungjilli i dites\"],\"articleSection\":[\"Ungjilli I Dit\u00ebs\"],\"inLanguage\":\"en-US\"},{\"@type\":\"WebPage\",\"@id\":\"https:\/\/orthodoxalbania.org\/2020\/2021\/03\/07\/ungjilli-mateu-2531-46\/\",\"url\":\"https:\/\/orthodoxalbania.org\/2020\/2021\/03\/07\/ungjilli-mateu-2531-46\/\",\"name\":\"UNGJILLI - Mateu 25:31-46. - Kisha Orthodh\u03bfkse Autoqefale e Shqip\u00ebris\u00eb\",\"isPartOf\":{\"@id\":\"https:\/\/orthodoxalbania.org\/2020\/#website\"},\"datePublished\":\"2021-03-06T23:00:01+00:00\",\"breadcrumb\":{\"@id\":\"https:\/\/orthodoxalbania.org\/2020\/2021\/03\/07\/ungjilli-mateu-2531-46\/#breadcrumb\"},\"inLanguage\":\"en-US\",\"potentialAction\":[{\"@type\":\"ReadAction\",\"target\":[\"https:\/\/orthodoxalbania.org\/2020\/2021\/03\/07\/ungjilli-mateu-2531-46\/\"]}]},{\"@type\":\"BreadcrumbList\",\"@id\":\"https:\/\/orthodoxalbania.org\/2020\/2021\/03\/07\/ungjilli-mateu-2531-46\/#breadcrumb\",\"itemListElement\":[{\"@type\":\"ListItem\",\"position\":1,\"name\":\"Home\",\"item\":\"https:\/\/orthodoxalbania.org\/2020\/\"},{\"@type\":\"ListItem\",\"position\":2,\"name\":\"UNGJILLI &#8211; Mateu 25:31-46.\"}]},{\"@type\":\"WebSite\",\"@id\":\"https:\/\/orthodoxalbania.org\/2020\/#website\",\"url\":\"https:\/\/orthodoxalbania.org\/2020\/\",\"name\":\"Kisha Orthodh\u03bfkse Autoqefale e Shqip\u00ebris\u00eb\",\"description\":\"Fqja Zyrtare e Kish\u00ebs Orthodhokse Autoqefale e Shqip\u00ebris\u00eb me lajmet edhe informacionet zyrtare p\u00ebr struktur\u00ebn edhe veprimtarin e saj.\",\"publisher\":{\"@id\":\"https:\/\/orthodoxalbania.org\/2020\/#organization\"},\"potentialAction\":[{\"@type\":\"SearchAction\",\"target\":{\"@type\":\"EntryPoint\",\"urlTemplate\":\"https:\/\/orthodoxalbania.org\/2020\/?s={search_term_string}\"},\"query-input\":{\"@type\":\"PropertyValueSpecification\",\"valueRequired\":true,\"valueName\":\"search_term_string\"}}],\"inLanguage\":\"en-US\"},{\"@type\":\"Organization\",\"@id\":\"https:\/\/orthodoxalbania.org\/2020\/#organization\",\"name\":\"Kisha Orthodhokse Autoqefale e Shqip\u00ebris\u00eb\",\"url\":\"https:\/\/orthodoxalbania.org\/2020\/\",\"logo\":{\"@type\":\"ImageObject\",\"inLanguage\":\"en-US\",\"@id\":\"https:\/\/orthodoxalbania.org\/2020\/#\/schema\/logo\/image\/\",\"url\":\"https:\/\/orthodoxalbania.org\/2020\/wp-content\/uploads\/2020\/05\/albania.jpeg\",\"contentUrl\":\"https:\/\/orthodoxalbania.org\/2020\/wp-content\/uploads\/2020\/05\/albania.jpeg\",\"width\":540,\"height\":540,\"caption\":\"Kisha Orthodhokse Autoqefale e Shqip\u00ebris\u00eb\"},\"image\":{\"@id\":\"https:\/\/orthodoxalbania.org\/2020\/#\/schema\/logo\/image\/\"},\"sameAs\":[\"https:\/\/www.facebook.com\/koash1991\"]},{\"@type\":\"Person\",\"@id\":\"https:\/\/orthodoxalbania.org\/2020\/#\/schema\/person\/df745f942b70e045b3dc05a30211f0de\",\"name\":\"Kisha Orthodhokse\",\"image\":{\"@type\":\"ImageObject\",\"inLanguage\":\"en-US\",\"@id\":\"https:\/\/secure.gravatar.com\/avatar\/2676eb8d97178435c9f691a7871595a1da6c33542dec218bce40885573150e28?s=96&d=mm&r=g\",\"url\":\"https:\/\/secure.gravatar.com\/avatar\/2676eb8d97178435c9f691a7871595a1da6c33542dec218bce40885573150e28?s=96&d=mm&r=g\",\"contentUrl\":\"https:\/\/secure.gravatar.com\/avatar\/2676eb8d97178435c9f691a7871595a1da6c33542dec218bce40885573150e28?s=96&d=mm&r=g\",\"caption\":\"Kisha Orthodhokse\"}}]}<\/script>\n<!-- \/ Yoast SEO plugin. -->","yoast_head_json":{"title":"UNGJILLI - Mateu 25:31-46. - Kisha Orthodh\u03bfkse Autoqefale e Shqip\u00ebris\u00eb","robots":{"index":"index","follow":"follow","max-snippet":"max-snippet:-1","max-image-preview":"max-image-preview:large","max-video-preview":"max-video-preview:-1"},"canonical":"https:\/\/orthodoxalbania.org\/2020\/2021\/03\/07\/ungjilli-mateu-2531-46\/","og_locale":"en_US","og_type":"article","og_title":"UNGJILLI - Mateu 25:31-46. - Kisha Orthodh\u03bfkse Autoqefale e Shqip\u00ebris\u00eb","og_description":"UNGJILLI &#8211; Mateu 25:31-46. Edhe kur t\u00eb vij\u00eb Biri i njeriut n\u00eb lavdin\u00eb e tij, edhe gjith\u00eb engj\u00ebjt e shenjt\u00eb bashk\u00eb me t\u00eb, at\u00ebher\u00eb do t\u00eb rrij\u00eb mbi fronin e lavdis\u00eb s\u00eb tij. Edhe do t\u00eb mblidhen p\u00ebrpara tij gjith\u00eb kombet; edhe do t\u2019i ndaj\u00eb ata nj\u00ebrin nga tjetri, si\u00e7 ndan bariu dhent\u00eb nga dhit\u00eb. Edhe do t\u00eb v\u00ebr\u00eb dhent\u00eb n\u00eb t\u00eb djatht\u00eb e dhit\u00eb","og_url":"https:\/\/orthodoxalbania.org\/2020\/2021\/03\/07\/ungjilli-mateu-2531-46\/","og_site_name":"Kisha Orthodh\u03bfkse Autoqefale e Shqip\u00ebris\u00eb","article_publisher":"https:\/\/www.facebook.com\/koash1991","article_published_time":"2021-03-06T23:00:01+00:00","og_image":[{"width":200,"height":172,"url":"https:\/\/orthodoxalbania.org\/2020\/wp-content\/uploads\/2021\/02\/LogoLastALb-200.png","type":"image\/png"}],"author":"Kisha Orthodhokse","twitter_card":"summary_large_image","twitter_misc":{"Written by":"Kisha Orthodhokse","Est. reading time":"2 minutes"},"schema":{"@context":"https:\/\/schema.org","@graph":[{"@type":"Article","@id":"https:\/\/orthodoxalbania.org\/2020\/2021\/03\/07\/ungjilli-mateu-2531-46\/#article","isPartOf":{"@id":"https:\/\/orthodoxalbania.org\/2020\/2021\/03\/07\/ungjilli-mateu-2531-46\/"},"author":{"name":"Kisha Orthodhokse","@id":"https:\/\/orthodoxalbania.org\/2020\/#\/schema\/person\/df745f942b70e045b3dc05a30211f0de"},"headline":"UNGJILLI &#8211; Mateu 25:31-46.","datePublished":"2021-03-06T23:00:01+00:00","mainEntityOfPage":{"@id":"https:\/\/orthodoxalbania.org\/2020\/2021\/03\/07\/ungjilli-mateu-2531-46\/"},"wordCount":462,"publisher":{"@id":"https:\/\/orthodoxalbania.org\/2020\/#organization"},"keywords":["leximet e dites","ungjilli i dites"],"articleSection":["Ungjilli I Dit\u00ebs"],"inLanguage":"en-US"},{"@type":"WebPage","@id":"https:\/\/orthodoxalbania.org\/2020\/2021\/03\/07\/ungjilli-mateu-2531-46\/","url":"https:\/\/orthodoxalbania.org\/2020\/2021\/03\/07\/ungjilli-mateu-2531-46\/","name":"UNGJILLI - Mateu 25:31-46. - Kisha Orthodh\u03bfkse Autoqefale e Shqip\u00ebris\u00eb","isPartOf":{"@id":"https:\/\/orthodoxalbania.org\/2020\/#website"},"datePublished":"2021-03-06T23:00:01+00:00","breadcrumb":{"@id":"https:\/\/orthodoxalbania.org\/2020\/2021\/03\/07\/ungjilli-mateu-2531-46\/#breadcrumb"},"inLanguage":"en-US","potentialAction":[{"@type":"ReadAction","target":["https:\/\/orthodoxalbania.org\/2020\/2021\/03\/07\/ungjilli-mateu-2531-46\/"]}]},{"@type":"BreadcrumbList","@id":"https:\/\/orthodoxalbania.org\/2020\/2021\/03\/07\/ungjilli-mateu-2531-46\/#breadcrumb","itemListElement":[{"@type":"ListItem","position":1,"name":"Home","item":"https:\/\/orthodoxalbania.org\/2020\/"},{"@type":"ListItem","position":2,"name":"UNGJILLI &#8211; Mateu 25:31-46."}]},{"@type":"WebSite","@id":"https:\/\/orthodoxalbania.org\/2020\/#website","url":"https:\/\/orthodoxalbania.org\/2020\/","name":"Kisha Orthodh\u03bfkse Autoqefale e Shqip\u00ebris\u00eb","description":"Fqja Zyrtare e Kish\u00ebs Orthodhokse Autoqefale e Shqip\u00ebris\u00eb me lajmet edhe informacionet zyrtare p\u00ebr struktur\u00ebn edhe veprimtarin e saj.","publisher":{"@id":"https:\/\/orthodoxalbania.org\/2020\/#organization"},"potentialAction":[{"@type":"SearchAction","target":{"@type":"EntryPoint","urlTemplate":"https:\/\/orthodoxalbania.org\/2020\/?s={search_term_string}"},"query-input":{"@type":"PropertyValueSpecification","valueRequired":true,"valueName":"search_term_string"}}],"inLanguage":"en-US"},{"@type":"Organization","@id":"https:\/\/orthodoxalbania.org\/2020\/#organization","name":"Kisha Orthodhokse Autoqefale e Shqip\u00ebris\u00eb","url":"https:\/\/orthodoxalbania.org\/2020\/","logo":{"@type":"ImageObject","inLanguage":"en-US","@id":"https:\/\/orthodoxalbania.org\/2020\/#\/schema\/logo\/image\/","url":"https:\/\/orthodoxalbania.org\/2020\/wp-content\/uploads\/2020\/05\/albania.jpeg","contentUrl":"https:\/\/orthodoxalbania.org\/2020\/wp-content\/uploads\/2020\/05\/albania.jpeg","width":540,"height":540,"caption":"Kisha Orthodhokse Autoqefale e Shqip\u00ebris\u00eb"},"image":{"@id":"https:\/\/orthodoxalbania.org\/2020\/#\/schema\/logo\/image\/"},"sameAs":["https:\/\/www.facebook.com\/koash1991"]},{"@type":"Person","@id":"https:\/\/orthodoxalbania.org\/2020\/#\/schema\/person\/df745f942b70e045b3dc05a30211f0de","name":"Kisha Orthodhokse","image":{"@type":"ImageObject","inLanguage":"en-US","@id":"https:\/\/secure.gravatar.com\/avatar\/2676eb8d97178435c9f691a7871595a1da6c33542dec218bce40885573150e28?s=96&d=mm&r=g","url":"https:\/\/secure.gravatar.com\/avatar\/2676eb8d97178435c9f691a7871595a1da6c33542dec218bce40885573150e28?s=96&d=mm&r=g","contentUrl":"https:\/\/secure.gravatar.com\/avatar\/2676eb8d97178435c9f691a7871595a1da6c33542dec218bce40885573150e28?s=96&d=mm&r=g","caption":"Kisha Orthodhokse"}}]}},"_links":{"self":[{"href":"https:\/\/orthodoxalbania.org\/2020\/wp-json\/wp\/v2\/posts\/28994","targetHints":{"allow":["GET"]}}],"collection":[{"href":"https:\/\/orthodoxalbania.org\/2020\/wp-json\/wp\/v2\/posts"}],"about":[{"href":"https:\/\/orthodoxalbania.org\/2020\/wp-json\/wp\/v2\/types\/post"}],"author":[{"embeddable":true,"href":"https:\/\/orthodoxalbania.org\/2020\/wp-json\/wp\/v2\/users\/7"}],"replies":[{"embeddable":true,"href":"https:\/\/orthodoxalbania.org\/2020\/wp-json\/wp\/v2\/comments?post=28994"}],"version-history":[{"count":1,"href":"https:\/\/orthodoxalbania.org\/2020\/wp-json\/wp\/v2\/posts\/28994\/revisions"}],"predecessor-version":[{"id":28995,"href":"https:\/\/orthodoxalbania.org\/2020\/wp-json\/wp\/v2\/posts\/28994\/revisions\/28995"}],"wp:attachment":[{"href":"https:\/\/orthodoxalbania.org\/2020\/wp-json\/wp\/v2\/media?parent=28994"}],"wp:term":[{"taxonomy":"category","embeddable":true,"href":"https:\/\/orthodoxalbania.org\/2020\/wp-json\/wp\/v2\/categories?post=28994"},{"taxonomy":"post_tag","embeddable":true,"href":"https:\/\/orthodoxalbania.org\/2020\/wp-json\/wp\/v2\/tags?post=28994"}],"curies":[{"name":"wp","href":"https:\/\/api.w.org\/{rel}","templated":true}]}}