{"id":289,"date":"2009-03-19T00:00:00","date_gmt":"2009-03-19T00:00:00","guid":{"rendered":""},"modified":"2020-04-06T22:32:43","modified_gmt":"2020-04-06T20:32:43","slug":"asambleja-e-13-te-e-konferences-evropiane-te-kishave-kek-te-thirrur-ne-nje-shprese-me-krishtin-2009","status":"publish","type":"post","link":"https:\/\/orthodoxalbania.org\/2020\/2009\/03\/19\/asambleja-e-13-te-e-konferences-evropiane-te-kishave-kek-te-thirrur-ne-nje-shprese-me-krishtin-2009\/","title":{"rendered":"Asambleja e 13-t\u00eb e Konferenc\u00ebs Evropiane t\u00eb Kishave (KEK) \u201cT\u00eb thirrur n\u00eb nj\u00eb shpres\u00eb m\u00eb Krishtin\u201d. (2009)"},"content":{"rendered":"<div style=\"text-align: justify;\"><span style=\"color: #000000; font-family: helvetica; font-size: 12pt;\">&nbsp;&nbsp;&nbsp; P\u00ebrfundoi takimet Asambleja e 13-t\u00eb e Konferenc\u00ebs Evropiane t\u00eb Kishave, e cila u mbajt n\u00eb Lion, Franc\u00eb n\u00eb datat 15-21 korrik 2009. Kjo Asamble mblodhi rreth saj rreth 306 delegat\u00eb nga kisha t\u00eb krishtera nga e gjith\u00eb Evropa. Nj\u00eb delegacion prej pes\u00eb an\u00ebtar\u00ebsh i Kish\u00ebs son\u00eb, drejtuar nga Kryepiskopi Anastas, z\u00ebvend\u00ebspresident i KEK, mori pjes\u00eb n\u00eb k\u00ebt\u00eb Asamble.<\/span><\/div>\n<div style=\"text-align: justify;\"><span style=\"color: #000000; font-family: helvetica; font-size: 12pt;\"> &nbsp;&nbsp;&nbsp; Veprimtaria \u00e7el\u00ebse u mbajt n\u00eb kish\u00ebn historike t\u00eb Sh\u00ebn Bonaventur\u00ebs, ku ishin mbledhur t\u00eb gjith\u00eb pjes\u00ebmarr\u00ebsit e Asambles\u00eb. Fjal\u00ebn e mir\u00ebseardhjes e mbajti Kardinali Romanokatolik Filip Barbain, arqipeshk\u00ebv i Lionit dhe At\u00eb Athanase Iskos, p\u00ebrfaq\u00ebsues i K\u00ebshillit Lokal t\u00eb Kishave (CREL). Predikimin me tem\u00eb \u201cT\u00eb thirrur n\u00eb nj\u00eb shpres\u00eb m\u00eb Krishtin\u201d, me t\u00eb cil\u00ebn u hap veprimtaria, e mbajti Z\u00ebvend\u00ebspresidenti i Konferenc\u00ebs Evropiane t\u00eb Kishave, Kryepiskopi i Tiran\u00ebs dhe i gjith\u00eb Shqip\u00ebris\u00eb Anastasi.<\/span><\/div>\n<div style=\"text-align: justify;\"><span style=\"color: #000000; font-family: helvetica; font-size: 12pt;\"> &nbsp;&nbsp;&nbsp; Pas k\u00ebsaj veprimtarie, t\u00eb gjith\u00eb pjes\u00ebmarr\u00ebsit u mblodh\u00ebn n\u00eb Qendr\u00ebn Nd\u00ebrkomb\u00ebtare t\u00eb Kongreseve, ku edhe u \u00e7el\u00ebn punimet plenare. P\u00ebrsh\u00ebndetjet zyrtare p\u00ebr fillimet e k\u00ebsaj asambleje u p\u00ebrcoll\u00ebn nga Senatori bashkiak i Lionit, Z. G\u00e9rard Collomb.<\/span><\/div>\n<div style=\"text-align: justify;\"><span style=\"color: #000000; font-family: helvetica; font-size: 12pt;\"> <strong>&nbsp;&nbsp;&nbsp; Dita e Shpres\u00ebs<\/strong> dhe <strong>dita e Vizionit<\/strong>, ishin tematika t\u00eb lutjeve, diskutimeve n\u00eb grup dhe forumeve, pjes\u00eb e aktivitetit t\u00eb Asambles\u00eb.<\/span><\/div>\n<div style=\"text-align: justify;\"><span style=\"color: #000000; font-family: helvetica; font-size: 12pt;\"> &nbsp;&nbsp;&nbsp; Data 16 korrik i filloi punimet e saj me lutjen sipas tradit\u00ebs orthodhokse. M\u00eb pas seanca plenare vazhdoi me nj\u00eb prezantim t\u00eb aktiviteteve t\u00eb KEK me tem\u00eb \u201cNga Trondheim n\u00eb Lyon\u201d.<\/span><\/div>\n<div style=\"text-align: justify;\"><span style=\"color: #000000; font-family: helvetica; font-size: 12pt;\"> <img decoding=\"async\" class=\"lazyload HAa Eha\" style=\"border-width: 1px; border-style: solid; margin: 10px; float: left;\" alt=\"\" src=\"data:image\/svg+xml,%3Csvg%20xmlns%3D%27http%3A%2F%2Fwww.w3.org%2F2000%2Fsvg%27%20width%3D%27297%27%20height%3D%27177%27%20viewBox%3D%270%200%20297%20177%27%3E%3Crect%20width%3D%27297%27%20height%3D%27177%27%20fill-opacity%3D%220%22%2F%3E%3C%2Fsvg%3E\" data-orig-src=\"https:\/\/lh5.googleusercontent.com\/-vNKAx1KO6J8\/VJKvOQzBhqI\/AAAAAAAAIiQ\/QKqLGMwMMA8\/w448-h265-no\/tekst%2B-%2Blart%2Bfare.JPG\" height=\"177\" width=\"297\" \/>&nbsp;&nbsp;&nbsp; Gjat\u00eb mesdit\u00ebs diskutimet vazhdonin n\u00eb forume t\u00eb ndryshme, p\u00ebr tu mbledhur p\u00ebrs\u00ebri n\u00eb seanc\u00ebn pasdite n\u00eb seanc\u00eb plenare. Fol\u00ebsi kryesor n\u00eb seanc\u00ebn e pasdites s\u00eb 16 korrikut ishte Patriarku i Kish\u00ebs Orthodhokse t\u00eb Rumanis\u00eb, Fortlumturia i Tij Danieli. Ai b\u00ebri nj\u00eb prezantim t\u00eb tem\u00ebs kryesore t\u00eb Asambles\u00eb \u201cT\u00eb thirrur n\u00eb nj\u00eb shpres\u00eb m\u00eb Krishtin\u201d. Punimet e dat\u00ebs 16 korrik, dit\u00ebs s\u00eb Shpres\u00ebs, u mbyll\u00ebn me propozimet nga Komiteti i \u00c7\u00ebshtjeve Publike, si edhe me draftin e par\u00eb t\u00eb mesazhit t\u00eb Asambles\u00eb, paraqitur nga Komiteti i Mesazhit.<\/span><\/div>\n<div style=\"text-align: justify;\"><span style=\"color: #000000; font-family: helvetica; font-size: 12pt;\"> &nbsp;&nbsp;&nbsp; Dita e Vizionit filloi me lutjet sipas tradit\u00ebs protestante, e cila u pasua me studimin biblik drejtuar nga Episkopi Wolfgang Huber, Kryetar i K\u00ebshillit t\u00eb Kish\u00ebs Evangjeliste n\u00eb Gjermani (EKD). Seancat m\u00eb pas vazhduan me refleksionet n\u00eb grupe t\u00eb vogla, me prezantimin e takimit p\u00ebrpara Asambles\u00eb nga Delegat\u00ebt e rinj. Nga komiteti i em\u00ebrimeve u paraqit raporti i par\u00eb i pun\u00ebs s\u00eb b\u00ebr\u00eb, i cili u pasua nga puna n\u00eb grupe me diskutimet me tem\u00eb: Duke par\u00eb drejt 2029 dhe Vizioni i KEK pas 2029.<\/span><\/div>\n<div style=\"text-align: justify;\"><span style=\"color: #000000; font-family: helvetica; font-size: 12pt;\"> &nbsp;&nbsp;&nbsp; N\u00eb takimet konfensionale p\u00ebrfaq\u00ebsuesit e lart\u00eb t\u00eb kishave theksuan r\u00ebnd\u00ebsin\u00eb e pjes\u00ebmarrjes n\u00eb k\u00ebt\u00eb Asamble, si edhe rolin q\u00eb duhet t\u00eb luaj\u00eb \u00e7do kish\u00eb n\u00eb vizionin dhe organizimin e KEK, e par\u00eb si nj\u00eb organiz\u00ebm shum\u00eb i r\u00ebnd\u00ebsish\u00ebm n\u00eb Evrop\u00eb.<\/span><\/div>\n<div style=\"text-align: justify;\"><span style=\"color: #000000; font-family: helvetica; font-size: 12pt;\"> &nbsp;&nbsp;&nbsp; E shtuna, data 18 korrik, iu dedikua prioriteteve t\u00eb pun\u00ebs s\u00eb KEK gjat\u00eb viteve 2009-2015. Kjo dit\u00eb nisi me lutje sipas tradit\u00ebs anglikane dhe m\u00eb pas vazhdoi me seanc\u00ebn mbi k\u00ebt\u00eb tem\u00eb, me nj\u00eb panel t\u00eb ftuarish, njer\u00ebz t\u00eb cil\u00ebt prezantuan prioritetet e pun\u00ebs s\u00eb KEK.<\/span><\/div>\n<div style=\"text-align: justify;\"><span style=\"color: #000000; font-family: helvetica; font-size: 12pt;\"> &nbsp;&nbsp;&nbsp; Diskutimet n\u00eb grup, t\u00eb cilat vazhduan gjat\u00eb mesdit\u00ebs u p\u00ebrqendruan n\u00eb tema si: <em>Dialogu m\u00eb Institucionet Evropiane, Nj\u00eb drejt\u00ebsi sociale n\u00eb Evrop\u00eb, T\u00eb Drejtat njer\u00ebzore dhe liria e feve, Globalizmi, Misioni, Spiritualiteti, Shpres\u00eb p\u00ebr drejt\u00ebsi &#8211; t\u00eb mbrojm\u00eb refugjat\u00ebt n\u00eb Evrop\u00eb n\u00eb shekullin 21, D\u00ebshmi dhe p\u00ebrgjegj\u00ebsi, Vendi i KEK n\u00eb L\u00ebvizjen Ekumenike dhe KEK si nj\u00eb platform\u00eb p\u00ebr dialog me Kishat e tjera t\u00eb krishtera dhe komunitete t\u00eb tjera fetare.<\/em><\/span><\/div>\n<div style=\"text-align: justify;\"><span style=\"color: #000000; font-family: helvetica; font-size: 12pt;\"> &nbsp;&nbsp;&nbsp; Rezultatet e pun\u00ebs n\u00eb grup me temat e lartp\u00ebrmendura u afishuan p\u00ebr t\u00eb gjith\u00eb pjes\u00ebmarr\u00ebsit e Asambles\u00eb n\u00eb vendin e prezantimeve.<\/span><\/div>\n<div style=\"text-align: justify;\"><span style=\"font-family: helvetica; font-size: 12pt;\"><\/span><\/div>\n<div style=\"text-align: justify;\"><span style=\"color: #000000; font-family: helvetica; font-size: 12pt;\">&nbsp;&nbsp;&nbsp; Kjo Asamble n\u00eb axhend\u00ebn e saj kishte edhe zgjedhjen e K\u00ebshillit t\u00eb ri Qendror, i cili do t\u00eb vazhdoj\u00eb pun\u00ebn p\u00ebr gjasht\u00eb vitet e ardhshme. N\u00eb seanc\u00ebn e pasdites&nbsp; u prezantuan emrat nga&nbsp; komiteti i em\u00ebrimeve. Komiteti i mesazhit dhe komiteti i \u00e7\u00ebshtjeve publike prezantuan gjithashtu pun\u00ebn e tyre.<\/span><\/div>\n<div style=\"text-align: justify;\"><span style=\"color: #000000; font-family: helvetica; font-size: 12pt;\"> &nbsp;&nbsp;&nbsp; Nga prefektura e Lionit ishte organizuar nj\u00eb&nbsp; pritje p\u00ebr t\u00eb&nbsp; gjith\u00eb&nbsp; pjes\u00ebmarr\u00ebsit e Asambles\u00eb n\u00eb K\u00ebshillin e p\u00ebrgjithsh\u00ebm t\u00eb Rh\u00f4ne. Gjat\u00eb saj p\u00ebrsh\u00ebndeti prefekti, presidenti i KEK etj. I pranish\u00ebm n\u00eb pritje ishte dhe T\u00ebr\u00ebshenjt\u00ebria e Tij, Patriarku Ekumenik Vartholomeu.<\/span><\/div>\n<div style=\"text-align: justify;\"><span style=\"color: #000000; font-family: helvetica; font-size: 12pt;\"> &nbsp;&nbsp;&nbsp; Sh\u00ebrbesat e s\u00eb Diel\u00ebs u kryen n\u00eb kishat lokale t\u00eb Lionit, ku pjes\u00ebmarr\u00ebsit pat\u00ebn mund\u00ebsin\u00eb t\u00eb takoheshin me njer\u00ebzit e k\u00ebtyre komuniteteve. Vizita n\u00eb qytet p\u00ebrfundoi veprimtarin\u00eb e s\u00eb diel\u00ebs, p\u00ebr t\u2019iu rikthyer seancave t\u00eb Asambles\u00eb dhe p\u00ebr t\u00eb festuar s\u00eb bashku 50-vjetorin e formimit t\u00eb KEK. Kjo veprimtari ishte organizuar n\u00eb form\u00ebn e nj\u00eb historiku me t\u00eb ftuar, njer\u00ebz t\u00eb cil\u00ebt kishin v\u00ebn\u00eb fuqit\u00eb dhe pun\u00ebn e tyre n\u00eb fillimet e krijimit t\u00eb Konferenc\u00ebs Evropiane t\u00eb Kishave. P\u00ebr t\u00eb festuar k\u00ebt\u00eb p\u00ebrvjetor i pranish\u00ebm ishte edhe T\u00ebr\u00ebshenjt\u00ebria e Tij Patriarku Ekumenik Vartholomeu, i cili n\u00eb fjal\u00ebn e tij shprehu p\u00ebrg\u00ebzimet e pun\u00ebs s\u00eb b\u00ebr\u00eb nga KEK deri tani. N\u00eb mbyllje t\u00eb&nbsp; k\u00ebsaj feste, nga zyra qendrore e Asambles\u00eb u organizua nj\u00eb&nbsp; pritje n\u00eb hollin Qendr\u00ebs Nd\u00ebrkomb\u00ebtare t\u00eb Kongreseve.<\/span><\/div>\n<div style=\"text-align: justify;\"><span style=\"color: #000000; font-family: helvetica; font-size: 12pt;\"> &nbsp;&nbsp;&nbsp; Data 20 ishte dita e marrjes s\u00eb vendimeve, e cila filloi me lutjen sipas tradit\u00ebs armene. Seanca plenare vazhdoi me raportimet e komiteteve t\u00eb ndryshme, si edhe me zgjedhjet e k\u00ebshillit qendror t\u00eb KEK. Asambleja p\u00ebrfundoi takimin plenar me raportimet finale p\u00ebr vendimet e mara. Komiteti i Mesazhit prezantoi mesazhin final me t\u00eb cilin doli kjo Asamble, mesazh i cili u aprovua nga t\u00eb gjith\u00eb pjes\u00ebmarr\u00ebsit.<\/span><\/div>\n<div style=\"text-align: justify;\"><span style=\"color: #000000; font-family: helvetica; font-size: 12pt;\"> &nbsp;&nbsp;&nbsp; Asambleja i mbylli punimet e saj me takimin e K\u00ebshillit t\u00eb ri Qendror t\u00eb KEK dal\u00eb nga kjo asamble, ku Kisha Orthodhokse Autoqefale e Shqip\u00ebris\u00eb p\u00ebrfaq\u00ebsohet me nj\u00eb an\u00ebtar. Asambleja formoi gjithashtu edhe nj\u00eb grup pune i cili do t\u00eb ket\u00eb si prioritet pun\u00ebn mbi rishikimin e veprimtaris\u00eb s\u00eb KEK. Edhe n\u00eb k\u00ebt\u00eb grup pune Kisha jon\u00eb u p\u00ebrfaq\u00ebsua nga nj\u00eb an\u00ebtar.<\/span><\/div>\n<div style=\"text-align: justify;\"><span style=\"color: #000000; font-family: helvetica; font-size: 12pt;\"> &nbsp;&nbsp;&nbsp;&nbsp; Delegacioni i Kish\u00ebs Orthodhokse t\u00eb Shqip\u00ebris\u00eb mb\u00ebshtet dhe p\u00ebrkrah pun\u00ebn e b\u00ebr\u00eb nga KEK gjat\u00eb k\u00ebtyre viteve, duke qen\u00eb edhe vet\u00eb pjes\u00eb e k\u00ebtij organizmi t\u00eb r\u00ebnd\u00ebsish\u00ebm.<\/span><\/div>\n<div style=\"text-align: justify;\"><span style=\"font-family: helvetica; font-size: 12pt;\"><\/span><\/div>\n<div style=\"text-align: justify;\"><span style=\"font-family: helvetica; font-size: 12pt;\"><span style=\"color: #000000;\"><img decoding=\"async\" class=\"lazyload HAa Eha\" style=\"border-width: 1px; border-style: solid; margin: 10px auto; display: block;\" alt=\"\" src=\"data:image\/gif;base64,R0lGODlhAQABAAAAACH5BAEKAAEALAAAAAABAAEAAAICTAEAOw==\" data-orig-src=\"https:\/\/lh3.googleusercontent.com\/-Madeq2LH87A\/VJKvMtlBhpI\/AAAAAAAAIhw\/lBDQyD9_pIg\/w448-h336-no\/2.jpg\" \/><\/span><span style=\"color: #000000;\"><img decoding=\"async\" class=\"lazyload HAa Eha\" style=\"border-width: 1px; border-style: solid; margin: 10px auto; display: block;\" alt=\"\" src=\"data:image\/gif;base64,R0lGODlhAQABAAAAACH5BAEKAAEALAAAAAABAAEAAAICTAEAOw==\" data-orig-src=\"https:\/\/lh5.googleusercontent.com\/-5_syP6BZPHU\/VJKvMryPVLI\/AAAAAAAAIh0\/KktYiCqFK4U\/w448-h336-no\/1.jpg\" \/><\/span><span style=\"color: #000000;\"><img decoding=\"async\" class=\"lazyload HAa Eha\" style=\"border-width: 1px; border-style: solid; margin: 10px auto; display: block;\" alt=\"\" src=\"data:image\/gif;base64,R0lGODlhAQABAAAAACH5BAEKAAEALAAAAAABAAEAAAICTAEAOw==\" data-orig-src=\"https:\/\/lh5.googleusercontent.com\/-sKpQj-zxQmA\/VJKvM0re20I\/AAAAAAAAIh4\/jZFpAy2W474\/w448-h336-no\/3..jpg\" \/><\/span><span style=\"color: #000000;\"><img decoding=\"async\" class=\"lazyload HAa Eha\" style=\"border-width: 1px; border-style: solid; margin: 10px auto; display: block;\" alt=\"\" src=\"data:image\/gif;base64,R0lGODlhAQABAAAAACH5BAEKAAEALAAAAAABAAEAAAICTAEAOw==\" data-orig-src=\"https:\/\/lh4.googleusercontent.com\/-rrX3gvZKddI\/VJKvN1XDTvI\/AAAAAAAAIiI\/wB2YZAbJdo4\/w448-h336-no\/4.jpg\" \/><\/span><span style=\"color: #000000;\"><img decoding=\"async\" class=\"lazyload HAa Eha\" style=\"border-width: 1px; border-style: solid; margin: 10px auto; display: block;\" alt=\"\" src=\"data:image\/gif;base64,R0lGODlhAQABAAAAACH5BAEKAAEALAAAAAABAAEAAAICTAEAOw==\" data-orig-src=\"https:\/\/lh4.googleusercontent.com\/-GR0B6LwDV6g\/VJKvOFTEkPI\/AAAAAAAAIiM\/Q664J7XMFn0\/w448-h336-no\/5.jpg\" \/><\/span><span style=\"color: #000000;\"><img decoding=\"async\" class=\"lazyload HAa Eha\" style=\"border-width: 1px; border-style: solid; margin: 10px auto; display: block;\" alt=\"\" src=\"data:image\/gif;base64,R0lGODlhAQABAAAAACH5BAEKAAEALAAAAAABAAEAAAICTAEAOw==\" data-orig-src=\"https:\/\/lh6.googleusercontent.com\/-E0YcynBYHjM\/VJKvN5snGjI\/AAAAAAAAIiY\/wstJhQyKm0w\/w448-h336-no\/6.jpg\" \/><\/span><\/span><\/div>\n<p><span style=\"font-family: helvetica; font-size: 12pt;\"><\/span><\/p>\n","protected":false},"excerpt":{"rendered":"<p>&nbsp;&nbsp;&nbsp; P\u00ebrfundoi takimet Asambleja e 13-t\u00eb e Konferenc\u00ebs Evropiane t\u00eb Kishave, e cila u mbajt n\u00eb Lion, Franc\u00eb n\u00eb datat 15-21 korrik 2009. Kjo Asamble mblodhi rreth saj rreth 306 delegat\u00eb nga kisha t\u00eb krishtera nga e gjith\u00eb Evropa. Nj\u00eb delegacion prej pes\u00eb an\u00ebtar\u00ebsh i Kish\u00ebs son\u00eb, drejtuar nga Kryepiskopi Anastas, z\u00ebvend\u00ebspresident i KEK, mori pjes\u00eb n\u00eb k\u00ebt\u00eb Asamble. &nbsp;&nbsp;&nbsp; Veprimtaria \u00e7el\u00ebse u mbajt n\u00eb<\/p>\n","protected":false},"author":1,"featured_media":0,"comment_status":"open","ping_status":"open","sticky":false,"template":"","format":"standard","meta":{"_acf_changed":false,"pagelayer_contact_templates":[],"_pagelayer_content":"","inline_featured_image":false,"fifu_image_url":"","fifu_image_alt":"","footnotes":""},"categories":[108],"tags":[145,153,196,201,212],"class_list":["post-289","post","type-post","status-publish","format-standard","hentry","category-lajme","tag-145","tag-deklarata-njoftime-zyrtare-d75","tag-tirane","tag-kryepiskopi-anastas","tag-lajme-d27"],"acf":[],"yoast_head":"<!-- This site is optimized with the Yoast SEO plugin v27.2 - https:\/\/yoast.com\/product\/yoast-seo-wordpress\/ -->\n<title>Asambleja e 13-t\u00eb e Konferenc\u00ebs Evropiane t\u00eb Kishave (KEK) \u201cT\u00eb thirrur n\u00eb nj\u00eb shpres\u00eb m\u00eb Krishtin\u201d. (2009) - Kisha Orthodh\u03bfkse Autoqefale e Shqip\u00ebris\u00eb<\/title>\n<meta name=\"robots\" content=\"index, follow, max-snippet:-1, max-image-preview:large, max-video-preview:-1\" \/>\n<link rel=\"canonical\" href=\"https:\/\/orthodoxalbania.org\/2020\/2009\/03\/19\/asambleja-e-13-te-e-konferences-evropiane-te-kishave-kek-te-thirrur-ne-nje-shprese-me-krishtin-2009\/\" \/>\n<meta property=\"og:locale\" content=\"en_US\" \/>\n<meta property=\"og:type\" content=\"article\" \/>\n<meta property=\"og:title\" content=\"Asambleja e 13-t\u00eb e Konferenc\u00ebs Evropiane t\u00eb Kishave (KEK) \u201cT\u00eb thirrur n\u00eb nj\u00eb shpres\u00eb m\u00eb Krishtin\u201d. (2009) - Kisha Orthodh\u03bfkse Autoqefale e Shqip\u00ebris\u00eb\" \/>\n<meta property=\"og:description\" content=\"&nbsp;&nbsp;&nbsp; P\u00ebrfundoi takimet Asambleja e 13-t\u00eb e Konferenc\u00ebs Evropiane t\u00eb Kishave, e cila u mbajt n\u00eb Lion, Franc\u00eb n\u00eb datat 15-21 korrik 2009. Kjo Asamble mblodhi rreth saj rreth 306 delegat\u00eb nga kisha t\u00eb krishtera nga e gjith\u00eb Evropa. Nj\u00eb delegacion prej pes\u00eb an\u00ebtar\u00ebsh i Kish\u00ebs son\u00eb, drejtuar nga Kryepiskopi Anastas, z\u00ebvend\u00ebspresident i KEK, mori pjes\u00eb n\u00eb k\u00ebt\u00eb Asamble. &nbsp;&nbsp;&nbsp; Veprimtaria \u00e7el\u00ebse u mbajt n\u00eb\" \/>\n<meta property=\"og:url\" content=\"https:\/\/orthodoxalbania.org\/2020\/2009\/03\/19\/asambleja-e-13-te-e-konferences-evropiane-te-kishave-kek-te-thirrur-ne-nje-shprese-me-krishtin-2009\/\" \/>\n<meta property=\"og:site_name\" content=\"Kisha Orthodh\u03bfkse Autoqefale e Shqip\u00ebris\u00eb\" \/>\n<meta property=\"article:publisher\" content=\"https:\/\/www.facebook.com\/koash1991\" \/>\n<meta property=\"article:published_time\" content=\"2009-03-19T00:00:00+00:00\" \/>\n<meta property=\"article:modified_time\" content=\"2020-04-06T20:32:43+00:00\" \/>\n<meta property=\"og:image\" content=\"https:\/\/lh5.googleusercontent.com\/-vNKAx1KO6J8\/VJKvOQzBhqI\/AAAAAAAAIiQ\/QKqLGMwMMA8\/w448-h265-no\/tekst%2B-%2Blart%2Bfare.JPG\" \/>\n<meta name=\"author\" content=\"Kisha Orthodhokse\" \/>\n<meta name=\"twitter:card\" content=\"summary_large_image\" \/>\n<meta name=\"twitter:label1\" content=\"Written by\" \/>\n\t<meta name=\"twitter:data1\" content=\"Kisha Orthodhokse\" \/>\n\t<meta name=\"twitter:label2\" content=\"Est. reading time\" \/>\n\t<meta name=\"twitter:data2\" content=\"6 minutes\" \/>\n<script type=\"application\/ld+json\" class=\"yoast-schema-graph\">{\"@context\":\"https:\/\/schema.org\",\"@graph\":[{\"@type\":\"Article\",\"@id\":\"https:\/\/orthodoxalbania.org\/2020\/2009\/03\/19\/asambleja-e-13-te-e-konferences-evropiane-te-kishave-kek-te-thirrur-ne-nje-shprese-me-krishtin-2009\/#article\",\"isPartOf\":{\"@id\":\"https:\/\/orthodoxalbania.org\/2020\/2009\/03\/19\/asambleja-e-13-te-e-konferences-evropiane-te-kishave-kek-te-thirrur-ne-nje-shprese-me-krishtin-2009\/\"},\"author\":{\"name\":\"Kisha Orthodhokse\",\"@id\":\"https:\/\/orthodoxalbania.org\/2020\/#\/schema\/person\/0c387634a7063ac612d7ed9ce71c7e86\"},\"headline\":\"Asambleja e 13-t\u00eb e Konferenc\u00ebs Evropiane t\u00eb Kishave (KEK) \u201cT\u00eb thirrur n\u00eb nj\u00eb shpres\u00eb m\u00eb Krishtin\u201d. (2009)\",\"datePublished\":\"2009-03-19T00:00:00+00:00\",\"dateModified\":\"2020-04-06T20:32:43+00:00\",\"mainEntityOfPage\":{\"@id\":\"https:\/\/orthodoxalbania.org\/2020\/2009\/03\/19\/asambleja-e-13-te-e-konferences-evropiane-te-kishave-kek-te-thirrur-ne-nje-shprese-me-krishtin-2009\/\"},\"wordCount\":1188,\"commentCount\":0,\"publisher\":{\"@id\":\"https:\/\/orthodoxalbania.org\/2020\/#organization\"},\"image\":{\"@id\":\"https:\/\/orthodoxalbania.org\/2020\/2009\/03\/19\/asambleja-e-13-te-e-konferences-evropiane-te-kishave-kek-te-thirrur-ne-nje-shprese-me-krishtin-2009\/#primaryimage\"},\"thumbnailUrl\":\"https:\/\/lh5.googleusercontent.com\/-vNKAx1KO6J8\/VJKvOQzBhqI\/AAAAAAAAIiQ\/QKqLGMwMMA8\/w448-h265-no\/tekst%2B-%2Blart%2Bfare.JPG\",\"keywords\":[\"2009\",\"Deklarata - Njoftime Zyrtare\",\"Kryepiskopata Tiran\u00eb\",\"Kryepiskopi Anastas\",\"lajme\"],\"articleSection\":[\"Lajme\"],\"inLanguage\":\"en-US\"},{\"@type\":\"WebPage\",\"@id\":\"https:\/\/orthodoxalbania.org\/2020\/2009\/03\/19\/asambleja-e-13-te-e-konferences-evropiane-te-kishave-kek-te-thirrur-ne-nje-shprese-me-krishtin-2009\/\",\"url\":\"https:\/\/orthodoxalbania.org\/2020\/2009\/03\/19\/asambleja-e-13-te-e-konferences-evropiane-te-kishave-kek-te-thirrur-ne-nje-shprese-me-krishtin-2009\/\",\"name\":\"Asambleja e 13-t\u00eb e Konferenc\u00ebs Evropiane t\u00eb Kishave (KEK) \u201cT\u00eb thirrur n\u00eb nj\u00eb shpres\u00eb m\u00eb Krishtin\u201d. (2009) - Kisha Orthodh\u03bfkse Autoqefale e Shqip\u00ebris\u00eb\",\"isPartOf\":{\"@id\":\"https:\/\/orthodoxalbania.org\/2020\/#website\"},\"primaryImageOfPage\":{\"@id\":\"https:\/\/orthodoxalbania.org\/2020\/2009\/03\/19\/asambleja-e-13-te-e-konferences-evropiane-te-kishave-kek-te-thirrur-ne-nje-shprese-me-krishtin-2009\/#primaryimage\"},\"image\":{\"@id\":\"https:\/\/orthodoxalbania.org\/2020\/2009\/03\/19\/asambleja-e-13-te-e-konferences-evropiane-te-kishave-kek-te-thirrur-ne-nje-shprese-me-krishtin-2009\/#primaryimage\"},\"thumbnailUrl\":\"https:\/\/lh5.googleusercontent.com\/-vNKAx1KO6J8\/VJKvOQzBhqI\/AAAAAAAAIiQ\/QKqLGMwMMA8\/w448-h265-no\/tekst%2B-%2Blart%2Bfare.JPG\",\"datePublished\":\"2009-03-19T00:00:00+00:00\",\"dateModified\":\"2020-04-06T20:32:43+00:00\",\"breadcrumb\":{\"@id\":\"https:\/\/orthodoxalbania.org\/2020\/2009\/03\/19\/asambleja-e-13-te-e-konferences-evropiane-te-kishave-kek-te-thirrur-ne-nje-shprese-me-krishtin-2009\/#breadcrumb\"},\"inLanguage\":\"en-US\",\"potentialAction\":[{\"@type\":\"ReadAction\",\"target\":[\"https:\/\/orthodoxalbania.org\/2020\/2009\/03\/19\/asambleja-e-13-te-e-konferences-evropiane-te-kishave-kek-te-thirrur-ne-nje-shprese-me-krishtin-2009\/\"]}]},{\"@type\":\"ImageObject\",\"inLanguage\":\"en-US\",\"@id\":\"https:\/\/orthodoxalbania.org\/2020\/2009\/03\/19\/asambleja-e-13-te-e-konferences-evropiane-te-kishave-kek-te-thirrur-ne-nje-shprese-me-krishtin-2009\/#primaryimage\",\"url\":\"https:\/\/lh5.googleusercontent.com\/-vNKAx1KO6J8\/VJKvOQzBhqI\/AAAAAAAAIiQ\/QKqLGMwMMA8\/w448-h265-no\/tekst%2B-%2Blart%2Bfare.JPG\",\"contentUrl\":\"https:\/\/lh5.googleusercontent.com\/-vNKAx1KO6J8\/VJKvOQzBhqI\/AAAAAAAAIiQ\/QKqLGMwMMA8\/w448-h265-no\/tekst%2B-%2Blart%2Bfare.JPG\"},{\"@type\":\"BreadcrumbList\",\"@id\":\"https:\/\/orthodoxalbania.org\/2020\/2009\/03\/19\/asambleja-e-13-te-e-konferences-evropiane-te-kishave-kek-te-thirrur-ne-nje-shprese-me-krishtin-2009\/#breadcrumb\",\"itemListElement\":[{\"@type\":\"ListItem\",\"position\":1,\"name\":\"Home\",\"item\":\"https:\/\/orthodoxalbania.org\/2020\/\"},{\"@type\":\"ListItem\",\"position\":2,\"name\":\"Asambleja e 13-t\u00eb e Konferenc\u00ebs Evropiane t\u00eb Kishave (KEK) \u201cT\u00eb thirrur n\u00eb nj\u00eb shpres\u00eb m\u00eb Krishtin\u201d. (2009)\"}]},{\"@type\":\"WebSite\",\"@id\":\"https:\/\/orthodoxalbania.org\/2020\/#website\",\"url\":\"https:\/\/orthodoxalbania.org\/2020\/\",\"name\":\"Kisha Orthodh\u03bfkse Autoqefale e Shqip\u00ebris\u00eb\",\"description\":\"Fqja Zyrtare e Kish\u00ebs Orthodhokse Autoqefale e Shqip\u00ebris\u00eb me lajmet edhe informacionet zyrtare p\u00ebr struktur\u00ebn edhe veprimtarin e saj.\",\"publisher\":{\"@id\":\"https:\/\/orthodoxalbania.org\/2020\/#organization\"},\"potentialAction\":[{\"@type\":\"SearchAction\",\"target\":{\"@type\":\"EntryPoint\",\"urlTemplate\":\"https:\/\/orthodoxalbania.org\/2020\/?s={search_term_string}\"},\"query-input\":{\"@type\":\"PropertyValueSpecification\",\"valueRequired\":true,\"valueName\":\"search_term_string\"}}],\"inLanguage\":\"en-US\"},{\"@type\":\"Organization\",\"@id\":\"https:\/\/orthodoxalbania.org\/2020\/#organization\",\"name\":\"Kisha Orthodhokse Autoqefale e Shqip\u00ebris\u00eb\",\"url\":\"https:\/\/orthodoxalbania.org\/2020\/\",\"logo\":{\"@type\":\"ImageObject\",\"inLanguage\":\"en-US\",\"@id\":\"https:\/\/orthodoxalbania.org\/2020\/#\/schema\/logo\/image\/\",\"url\":\"https:\/\/orthodoxalbania.org\/2020\/wp-content\/uploads\/2020\/05\/albania.jpeg\",\"contentUrl\":\"https:\/\/orthodoxalbania.org\/2020\/wp-content\/uploads\/2020\/05\/albania.jpeg\",\"width\":540,\"height\":540,\"caption\":\"Kisha Orthodhokse Autoqefale e Shqip\u00ebris\u00eb\"},\"image\":{\"@id\":\"https:\/\/orthodoxalbania.org\/2020\/#\/schema\/logo\/image\/\"},\"sameAs\":[\"https:\/\/www.facebook.com\/koash1991\"]},{\"@type\":\"Person\",\"@id\":\"https:\/\/orthodoxalbania.org\/2020\/#\/schema\/person\/0c387634a7063ac612d7ed9ce71c7e86\",\"name\":\"Kisha Orthodhokse\",\"image\":{\"@type\":\"ImageObject\",\"inLanguage\":\"en-US\",\"@id\":\"https:\/\/secure.gravatar.com\/avatar\/596e7c417251e30f2fbb9c00e026fce61a695a00e51c889caded71c96cbbdde5?s=96&d=mm&r=g\",\"url\":\"https:\/\/secure.gravatar.com\/avatar\/596e7c417251e30f2fbb9c00e026fce61a695a00e51c889caded71c96cbbdde5?s=96&d=mm&r=g\",\"contentUrl\":\"https:\/\/secure.gravatar.com\/avatar\/596e7c417251e30f2fbb9c00e026fce61a695a00e51c889caded71c96cbbdde5?s=96&d=mm&r=g\",\"caption\":\"Kisha Orthodhokse\"}}]}<\/script>\n<!-- \/ Yoast SEO plugin. -->","yoast_head_json":{"title":"Asambleja e 13-t\u00eb e Konferenc\u00ebs Evropiane t\u00eb Kishave (KEK) \u201cT\u00eb thirrur n\u00eb nj\u00eb shpres\u00eb m\u00eb Krishtin\u201d. (2009) - Kisha Orthodh\u03bfkse Autoqefale e Shqip\u00ebris\u00eb","robots":{"index":"index","follow":"follow","max-snippet":"max-snippet:-1","max-image-preview":"max-image-preview:large","max-video-preview":"max-video-preview:-1"},"canonical":"https:\/\/orthodoxalbania.org\/2020\/2009\/03\/19\/asambleja-e-13-te-e-konferences-evropiane-te-kishave-kek-te-thirrur-ne-nje-shprese-me-krishtin-2009\/","og_locale":"en_US","og_type":"article","og_title":"Asambleja e 13-t\u00eb e Konferenc\u00ebs Evropiane t\u00eb Kishave (KEK) \u201cT\u00eb thirrur n\u00eb nj\u00eb shpres\u00eb m\u00eb Krishtin\u201d. (2009) - Kisha Orthodh\u03bfkse Autoqefale e Shqip\u00ebris\u00eb","og_description":"&nbsp;&nbsp;&nbsp; P\u00ebrfundoi takimet Asambleja e 13-t\u00eb e Konferenc\u00ebs Evropiane t\u00eb Kishave, e cila u mbajt n\u00eb Lion, Franc\u00eb n\u00eb datat 15-21 korrik 2009. Kjo Asamble mblodhi rreth saj rreth 306 delegat\u00eb nga kisha t\u00eb krishtera nga e gjith\u00eb Evropa. Nj\u00eb delegacion prej pes\u00eb an\u00ebtar\u00ebsh i Kish\u00ebs son\u00eb, drejtuar nga Kryepiskopi Anastas, z\u00ebvend\u00ebspresident i KEK, mori pjes\u00eb n\u00eb k\u00ebt\u00eb Asamble. &nbsp;&nbsp;&nbsp; Veprimtaria \u00e7el\u00ebse u mbajt n\u00eb","og_url":"https:\/\/orthodoxalbania.org\/2020\/2009\/03\/19\/asambleja-e-13-te-e-konferences-evropiane-te-kishave-kek-te-thirrur-ne-nje-shprese-me-krishtin-2009\/","og_site_name":"Kisha Orthodh\u03bfkse Autoqefale e Shqip\u00ebris\u00eb","article_publisher":"https:\/\/www.facebook.com\/koash1991","article_published_time":"2009-03-19T00:00:00+00:00","article_modified_time":"2020-04-06T20:32:43+00:00","og_image":[{"url":"https:\/\/lh5.googleusercontent.com\/-vNKAx1KO6J8\/VJKvOQzBhqI\/AAAAAAAAIiQ\/QKqLGMwMMA8\/w448-h265-no\/tekst%2B-%2Blart%2Bfare.JPG","type":"","width":"","height":""}],"author":"Kisha Orthodhokse","twitter_card":"summary_large_image","twitter_misc":{"Written by":"Kisha Orthodhokse","Est. reading time":"6 minutes"},"schema":{"@context":"https:\/\/schema.org","@graph":[{"@type":"Article","@id":"https:\/\/orthodoxalbania.org\/2020\/2009\/03\/19\/asambleja-e-13-te-e-konferences-evropiane-te-kishave-kek-te-thirrur-ne-nje-shprese-me-krishtin-2009\/#article","isPartOf":{"@id":"https:\/\/orthodoxalbania.org\/2020\/2009\/03\/19\/asambleja-e-13-te-e-konferences-evropiane-te-kishave-kek-te-thirrur-ne-nje-shprese-me-krishtin-2009\/"},"author":{"name":"Kisha Orthodhokse","@id":"https:\/\/orthodoxalbania.org\/2020\/#\/schema\/person\/0c387634a7063ac612d7ed9ce71c7e86"},"headline":"Asambleja e 13-t\u00eb e Konferenc\u00ebs Evropiane t\u00eb Kishave (KEK) \u201cT\u00eb thirrur n\u00eb nj\u00eb shpres\u00eb m\u00eb Krishtin\u201d. (2009)","datePublished":"2009-03-19T00:00:00+00:00","dateModified":"2020-04-06T20:32:43+00:00","mainEntityOfPage":{"@id":"https:\/\/orthodoxalbania.org\/2020\/2009\/03\/19\/asambleja-e-13-te-e-konferences-evropiane-te-kishave-kek-te-thirrur-ne-nje-shprese-me-krishtin-2009\/"},"wordCount":1188,"commentCount":0,"publisher":{"@id":"https:\/\/orthodoxalbania.org\/2020\/#organization"},"image":{"@id":"https:\/\/orthodoxalbania.org\/2020\/2009\/03\/19\/asambleja-e-13-te-e-konferences-evropiane-te-kishave-kek-te-thirrur-ne-nje-shprese-me-krishtin-2009\/#primaryimage"},"thumbnailUrl":"https:\/\/lh5.googleusercontent.com\/-vNKAx1KO6J8\/VJKvOQzBhqI\/AAAAAAAAIiQ\/QKqLGMwMMA8\/w448-h265-no\/tekst%2B-%2Blart%2Bfare.JPG","keywords":["2009","Deklarata - Njoftime Zyrtare","Kryepiskopata Tiran\u00eb","Kryepiskopi Anastas","lajme"],"articleSection":["Lajme"],"inLanguage":"en-US"},{"@type":"WebPage","@id":"https:\/\/orthodoxalbania.org\/2020\/2009\/03\/19\/asambleja-e-13-te-e-konferences-evropiane-te-kishave-kek-te-thirrur-ne-nje-shprese-me-krishtin-2009\/","url":"https:\/\/orthodoxalbania.org\/2020\/2009\/03\/19\/asambleja-e-13-te-e-konferences-evropiane-te-kishave-kek-te-thirrur-ne-nje-shprese-me-krishtin-2009\/","name":"Asambleja e 13-t\u00eb e Konferenc\u00ebs Evropiane t\u00eb Kishave (KEK) \u201cT\u00eb thirrur n\u00eb nj\u00eb shpres\u00eb m\u00eb Krishtin\u201d. (2009) - Kisha Orthodh\u03bfkse Autoqefale e Shqip\u00ebris\u00eb","isPartOf":{"@id":"https:\/\/orthodoxalbania.org\/2020\/#website"},"primaryImageOfPage":{"@id":"https:\/\/orthodoxalbania.org\/2020\/2009\/03\/19\/asambleja-e-13-te-e-konferences-evropiane-te-kishave-kek-te-thirrur-ne-nje-shprese-me-krishtin-2009\/#primaryimage"},"image":{"@id":"https:\/\/orthodoxalbania.org\/2020\/2009\/03\/19\/asambleja-e-13-te-e-konferences-evropiane-te-kishave-kek-te-thirrur-ne-nje-shprese-me-krishtin-2009\/#primaryimage"},"thumbnailUrl":"https:\/\/lh5.googleusercontent.com\/-vNKAx1KO6J8\/VJKvOQzBhqI\/AAAAAAAAIiQ\/QKqLGMwMMA8\/w448-h265-no\/tekst%2B-%2Blart%2Bfare.JPG","datePublished":"2009-03-19T00:00:00+00:00","dateModified":"2020-04-06T20:32:43+00:00","breadcrumb":{"@id":"https:\/\/orthodoxalbania.org\/2020\/2009\/03\/19\/asambleja-e-13-te-e-konferences-evropiane-te-kishave-kek-te-thirrur-ne-nje-shprese-me-krishtin-2009\/#breadcrumb"},"inLanguage":"en-US","potentialAction":[{"@type":"ReadAction","target":["https:\/\/orthodoxalbania.org\/2020\/2009\/03\/19\/asambleja-e-13-te-e-konferences-evropiane-te-kishave-kek-te-thirrur-ne-nje-shprese-me-krishtin-2009\/"]}]},{"@type":"ImageObject","inLanguage":"en-US","@id":"https:\/\/orthodoxalbania.org\/2020\/2009\/03\/19\/asambleja-e-13-te-e-konferences-evropiane-te-kishave-kek-te-thirrur-ne-nje-shprese-me-krishtin-2009\/#primaryimage","url":"https:\/\/lh5.googleusercontent.com\/-vNKAx1KO6J8\/VJKvOQzBhqI\/AAAAAAAAIiQ\/QKqLGMwMMA8\/w448-h265-no\/tekst%2B-%2Blart%2Bfare.JPG","contentUrl":"https:\/\/lh5.googleusercontent.com\/-vNKAx1KO6J8\/VJKvOQzBhqI\/AAAAAAAAIiQ\/QKqLGMwMMA8\/w448-h265-no\/tekst%2B-%2Blart%2Bfare.JPG"},{"@type":"BreadcrumbList","@id":"https:\/\/orthodoxalbania.org\/2020\/2009\/03\/19\/asambleja-e-13-te-e-konferences-evropiane-te-kishave-kek-te-thirrur-ne-nje-shprese-me-krishtin-2009\/#breadcrumb","itemListElement":[{"@type":"ListItem","position":1,"name":"Home","item":"https:\/\/orthodoxalbania.org\/2020\/"},{"@type":"ListItem","position":2,"name":"Asambleja e 13-t\u00eb e Konferenc\u00ebs Evropiane t\u00eb Kishave (KEK) \u201cT\u00eb thirrur n\u00eb nj\u00eb shpres\u00eb m\u00eb Krishtin\u201d. (2009)"}]},{"@type":"WebSite","@id":"https:\/\/orthodoxalbania.org\/2020\/#website","url":"https:\/\/orthodoxalbania.org\/2020\/","name":"Kisha Orthodh\u03bfkse Autoqefale e Shqip\u00ebris\u00eb","description":"Fqja Zyrtare e Kish\u00ebs Orthodhokse Autoqefale e Shqip\u00ebris\u00eb me lajmet edhe informacionet zyrtare p\u00ebr struktur\u00ebn edhe veprimtarin e saj.","publisher":{"@id":"https:\/\/orthodoxalbania.org\/2020\/#organization"},"potentialAction":[{"@type":"SearchAction","target":{"@type":"EntryPoint","urlTemplate":"https:\/\/orthodoxalbania.org\/2020\/?s={search_term_string}"},"query-input":{"@type":"PropertyValueSpecification","valueRequired":true,"valueName":"search_term_string"}}],"inLanguage":"en-US"},{"@type":"Organization","@id":"https:\/\/orthodoxalbania.org\/2020\/#organization","name":"Kisha Orthodhokse Autoqefale e Shqip\u00ebris\u00eb","url":"https:\/\/orthodoxalbania.org\/2020\/","logo":{"@type":"ImageObject","inLanguage":"en-US","@id":"https:\/\/orthodoxalbania.org\/2020\/#\/schema\/logo\/image\/","url":"https:\/\/orthodoxalbania.org\/2020\/wp-content\/uploads\/2020\/05\/albania.jpeg","contentUrl":"https:\/\/orthodoxalbania.org\/2020\/wp-content\/uploads\/2020\/05\/albania.jpeg","width":540,"height":540,"caption":"Kisha Orthodhokse Autoqefale e Shqip\u00ebris\u00eb"},"image":{"@id":"https:\/\/orthodoxalbania.org\/2020\/#\/schema\/logo\/image\/"},"sameAs":["https:\/\/www.facebook.com\/koash1991"]},{"@type":"Person","@id":"https:\/\/orthodoxalbania.org\/2020\/#\/schema\/person\/0c387634a7063ac612d7ed9ce71c7e86","name":"Kisha Orthodhokse","image":{"@type":"ImageObject","inLanguage":"en-US","@id":"https:\/\/secure.gravatar.com\/avatar\/596e7c417251e30f2fbb9c00e026fce61a695a00e51c889caded71c96cbbdde5?s=96&d=mm&r=g","url":"https:\/\/secure.gravatar.com\/avatar\/596e7c417251e30f2fbb9c00e026fce61a695a00e51c889caded71c96cbbdde5?s=96&d=mm&r=g","contentUrl":"https:\/\/secure.gravatar.com\/avatar\/596e7c417251e30f2fbb9c00e026fce61a695a00e51c889caded71c96cbbdde5?s=96&d=mm&r=g","caption":"Kisha Orthodhokse"}}]}},"_links":{"self":[{"href":"https:\/\/orthodoxalbania.org\/2020\/wp-json\/wp\/v2\/posts\/289","targetHints":{"allow":["GET"]}}],"collection":[{"href":"https:\/\/orthodoxalbania.org\/2020\/wp-json\/wp\/v2\/posts"}],"about":[{"href":"https:\/\/orthodoxalbania.org\/2020\/wp-json\/wp\/v2\/types\/post"}],"author":[{"embeddable":true,"href":"https:\/\/orthodoxalbania.org\/2020\/wp-json\/wp\/v2\/users\/1"}],"replies":[{"embeddable":true,"href":"https:\/\/orthodoxalbania.org\/2020\/wp-json\/wp\/v2\/comments?post=289"}],"version-history":[{"count":1,"href":"https:\/\/orthodoxalbania.org\/2020\/wp-json\/wp\/v2\/posts\/289\/revisions"}],"predecessor-version":[{"id":15582,"href":"https:\/\/orthodoxalbania.org\/2020\/wp-json\/wp\/v2\/posts\/289\/revisions\/15582"}],"wp:attachment":[{"href":"https:\/\/orthodoxalbania.org\/2020\/wp-json\/wp\/v2\/media?parent=289"}],"wp:term":[{"taxonomy":"category","embeddable":true,"href":"https:\/\/orthodoxalbania.org\/2020\/wp-json\/wp\/v2\/categories?post=289"},{"taxonomy":"post_tag","embeddable":true,"href":"https:\/\/orthodoxalbania.org\/2020\/wp-json\/wp\/v2\/tags?post=289"}],"curies":[{"name":"wp","href":"https:\/\/api.w.org\/{rel}","templated":true}]}}