{"id":279,"date":"2009-03-19T00:00:04","date_gmt":"2009-03-19T00:00:04","guid":{"rendered":""},"modified":"2020-04-13T00:31:17","modified_gmt":"2020-04-12T22:31:17","slug":"archbishop-anastasios-is-honored-with-the-title-doctor-honoris-causa-by-the-university-of-korca-2009","status":"publish","type":"post","link":"https:\/\/orthodoxalbania.org\/2020\/en\/2009\/03\/19\/archbishop-anastasios-is-honored-with-the-title-doctor-honoris-causa-by-the-university-of-korca-2009\/","title":{"rendered":"Archbishop Anastasios is honored with the title \u201cDoctor Honoris Causa\u201d by the University of Kor\u00e7a. (January 2009)"},"content":{"rendered":"<div class=\"style19\" style=\"text-align: center;\"><span style=\"color: #b22222;\"><strong><span style=\"font-family: tahoma,geneva,sans-serif;\"><span style=\"font-size: 12px;\">The University of Kor\u00e7a conveys the first honorary title to the leader of the<br \/> Orthodox Autocephalous Church of Albania<\/span><\/span><\/strong><\/span><\/div>\n<div class=\"style18\"><span style=\"font-family: tahoma,geneva,sans-serif;\"><span style=\"font-size: 12px;\"><span style=\"color: #000000;\">&nbsp;&nbsp;&nbsp;&nbsp;<\/span><\/span><\/span><\/div>\n<div class=\"style18\" style=\"text-align: justify;\"><span style=\"font-family: tahoma,geneva,sans-serif;\"><span style=\"font-size: 12px;\"><span style=\"color: #000000;\">&nbsp;&nbsp;&nbsp; It was a warm hospitable and historic event not only for the city, but the celebration expressed a wonderful atmosphere of love and faith, and a surprising aura of empathy and gratitude.<\/span><\/span><\/span><\/div>\n<div class=\"style18\" style=\"text-align: justify;\"> <span style=\"font-family: tahoma,geneva,sans-serif;\"><span style=\"font-size: 12px;\"><span style=\"color: #000000;\"><img decoding=\"async\" class=\"lazyload HAa Eha\" style=\"border-width: 1px; border-style: solid; margin: 10px; float: left;\" alt=\"\" src=\"data:image\/svg+xml,%3Csvg%20xmlns%3D%27http%3A%2F%2Fwww.w3.org%2F2000%2Fsvg%27%20width%3D%27285%27%20height%3D%27214%27%20viewBox%3D%270%200%20285%20214%27%3E%3Crect%20width%3D%27285%27%20height%3D%27214%27%20fill-opacity%3D%220%22%2F%3E%3C%2Fsvg%3E\" data-orig-src=\"https:\/\/lh6.googleusercontent.com\/-3mwVdIDBpOs\/VJLQL0DdCrI\/AAAAAAAAIs0\/inuofIkguHQ\/w448-h336-no\/1%2B-%2Btekst.JPG\" height=\"214\" width=\"285\" \/>&nbsp; &nbsp; On Thursday 15th of January the University of Kor\u00e7a \u201cFan S. Noli\u201d <em>conveyed the honorary title <\/em>\u201cDoctor Honoris Causa\u201d<em>to<\/em> Archbishop Anastasios. This was the first time that the University of Kor\u00e7a has given an honorary title. There were many people at the ceremony, including clergy and believers. Also present were the Prefect of Kor\u00e7a, Mrs. Elfrida Zefi, Head of city of Kor\u00e7a, <\/span><\/span><\/span><span style=\"font-family: tahoma,geneva,sans-serif;\"><span style=\"font-size: 12px;\"><span style=\"color: #000000;\">Mr. Ilia Milo, Mayor of Kor\u00e7a, Mr. Niko Peleshi, and the Rector of the University of Kor\u00e7a, Mr. Gjergji Mero.<\/span><\/span><\/span><\/div>\n<div class=\"style18\" style=\"text-align: justify;\"> <span style=\"font-family: tahoma,geneva,sans-serif;\"><span style=\"font-size: 12px;\"><span style=\"color: #000000;\">&nbsp;&nbsp;&nbsp; The Rector of the University praised the figure of Archbishop Anastasios, presenting for all the participants his biography and some of his main writings. He said: \u201c<em>Archbishop Anastasios will be the forerunner of all the other titles that our University will bestow in the future. It is an honor for this University that holds the name of Fan S. Noli, to honor Archbishop Anastasios, as the first one with this title<\/em>\u201d<em>.<\/em> After the University Rector spoke, the <img decoding=\"async\" class=\"lazyload HAa Eha\" style=\"border-width: 1px; border-style: solid; margin: 10px; float: right;\" alt=\"\" src=\"data:image\/svg+xml,%3Csvg%20xmlns%3D%27http%3A%2F%2Fwww.w3.org%2F2000%2Fsvg%27%20width%3D%27377%27%20height%3D%27232%27%20viewBox%3D%270%200%20377%20232%27%3E%3Crect%20width%3D%27377%27%20height%3D%27232%27%20fill-opacity%3D%220%22%2F%3E%3C%2Fsvg%3E\" data-orig-src=\"https:\/\/lh5.googleusercontent.com\/-R3dUtz3a2kw\/VJLQNyyxamI\/AAAAAAAAItQ\/YxH1UoVAmo0\/w448-h276-no\/2%2B-%2Btekst.JPG\" height=\"232\" width=\"377\" \/>Prefect, Mrs. Elfrida Zefi, described the figure of Archbishop Anastasios as an erudite and an admirable personality. The Mayor, Mr. Niko Peleshi, thanked Archbishop Anastasios for his contribution to religious coexistence and tolerance.<\/span><\/span><\/span><\/div>\n<div class=\"style18\" style=\"text-align: justify;\">&nbsp;<\/div>\n<div class=\"style18\" style=\"text-align: justify;\"><span style=\"font-family: tahoma,geneva,sans-serif;\"><span style=\"font-size: 12px;\"><span style=\"color: #000000;\">&nbsp;&nbsp;&nbsp; \u201c<em>I affirm that for me the news was unexpected that the University of Korca had decided to bestow to me the title, \u201cDoctor Honoris Causa\u201d. I heartily thank you all. The lens of generosity and goodwill extended by the persons who have spoken here gave a larger dimension to my contribution. I still warmly thank you all. Your love and your consideration really offer the <img decoding=\"async\" class=\"lazyload HAa Eha\" style=\"border-width: 1px; border-style: solid; margin: 10px; float: left;\" alt=\"\" src=\"data:image\/svg+xml,%3Csvg%20xmlns%3D%27http%3A%2F%2Fwww.w3.org%2F2000%2Fsvg%27%20width%3D%27211%27%20height%3D%27240%27%20viewBox%3D%270%200%20211%20240%27%3E%3Crect%20width%3D%27211%27%20height%3D%27240%27%20fill-opacity%3D%220%22%2F%3E%3C%2Fsvg%3E\" data-orig-src=\"https:\/\/lh3.googleusercontent.com\/-mPc5NgvGINU\/VJLQO_uD9wI\/AAAAAAAAItc\/Q-z1CTDrVS4\/w336-h382-no\/3%2Btekst.JPG\" height=\"240\" width=\"211\" \/>necessary support in the effort God has given to us<\/em>\u201d \u2013 emphasized Archbishop Anastasios in his salutatory speech.<\/span><\/span><\/span><\/div>\n<div class=\"style18\" style=\"text-align: justify;\"> <span style=\"font-family: tahoma,geneva,sans-serif;\"><span style=\"font-size: 12px;\"><span style=\"color: #000000;\">&nbsp;&nbsp;&nbsp; He then gave a speech entitled, \u201cThe Values of All Human Religions\u201d, emphasizing that: \u201c<em>It is necessary to make the approximation for the peaceful coexistence, with profound judgment, without sacrificing the special personality of groups and nations; searching for an intermediate path and to clarify \u2018again and again\u2019 the character, the purpose and the hope of this dialogue<\/em>\u201d.<\/span><\/span><\/span><\/div>\n<div class=\"style18\" style=\"text-align: justify;\"> <span style=\"font-family: tahoma,geneva,sans-serif;\"><span style=\"font-size: 12px;\"><span style=\"color: #000000;\">&nbsp;&nbsp;&nbsp; At the end of his speech, Archbishop Anastasios said: \u201c<em>I am always saying that I am a little Albanian from Kor\u00e7a. I want to complete this now by saying that I am also a new student of the University of Kor\u00e7a<\/em>\u201d.<\/span><\/span><\/span><\/div>\n<div class=\"style18\">&nbsp;<\/div>\n<div class=\"style18\" style=\"text-align: center;\"><span style=\"color: #b22222;\"><span style=\"font-family: tahoma,geneva,sans-serif;\"><span style=\"font-size: 12px;\">*&nbsp;&nbsp;&nbsp;&nbsp; *&nbsp;&nbsp;&nbsp;&nbsp; *<\/span><\/span><\/span><\/div>\n<div class=\"style18\">&nbsp;<\/div>\n<div class=\"style18\" style=\"text-align: justify;\"><span style=\"font-family: tahoma,geneva,sans-serif;\"><span style=\"font-size: 12px;\"><span style=\"color: #000000;\">&nbsp;&nbsp;&nbsp; The request to bestow the title \u201cDoctor Honoris Causa\u201d was extended in February of 2007, by a group of more than 190 intellectuals from Kor\u00e7a. The Senate of the University accepted this request and moved to have the Council of the Scientific Qualification at the Ministry of Education and Science give this title. The title was approved by the Council of the Scientific Qualification on 27th of July by the then head, Mr. Genc Pollo, Minister of the Ministry of Education and Science.<\/span><\/span><\/span><\/div>\n<div class=\"style18\">&nbsp;<\/div>\n<div class=\"style18\" style=\"text-align: center;\">\n<div>&nbsp;<\/div>\n<p><span style=\"font-family: tahoma,geneva,sans-serif;\"><span style=\"font-size: 12px;\"><span style=\"color: #000000;\"><img decoding=\"async\" class=\"lazyload HAa Eha\" style=\"height: 337px; width: 450px; border-width: 1px; border-style: solid; margin: 10px;\" alt=\"\" src=\"data:image\/gif;base64,R0lGODlhAQABAAAAACH5BAEKAAEALAAAAAABAAEAAAICTAEAOw==\" data-orig-src=\"https:\/\/lh5.googleusercontent.com\/-M6A1wRcAHJI\/VJLQMLJHcGI\/AAAAAAAAIs4\/ttG9P9vHQqI\/w640-h479-no\/1%2B-%2Balbum.JPG\" \/><\/span><\/span><\/span><span style=\"font-family: tahoma,geneva,sans-serif;\"><span style=\"font-size: 12px;\"><span style=\"color: #000000;\"><img decoding=\"async\" class=\"lazyload HAa Eha\" style=\"height: 338px; width: 450px; border-width: 1px; border-style: solid; margin: 10px;\" alt=\"\" src=\"data:image\/gif;base64,R0lGODlhAQABAAAAACH5BAEKAAEALAAAAAABAAEAAAICTAEAOw==\" data-orig-src=\"https:\/\/lh6.googleusercontent.com\/-7NSfJ71XkuE\/VJLQM-x3qnI\/AAAAAAAAIts\/p84vDtn88MA\/w640-h480-no\/2%2B-%2Balbum%2B.jpg\" \/><\/span><\/span><\/span><span style=\"font-family: tahoma,geneva,sans-serif;\"><span style=\"font-size: 12px;\"><span style=\"color: #000000;\"><img decoding=\"async\" class=\"lazyload HAa Eha\" style=\"height: 346px; width: 450px; border-width: 1px; border-style: solid; margin: 10px;\" alt=\"\" src=\"data:image\/gif;base64,R0lGODlhAQABAAAAACH5BAEKAAEALAAAAAABAAEAAAICTAEAOw==\" data-orig-src=\"https:\/\/lh6.googleusercontent.com\/-pROHA4DPXOU\/VJLQOZ-6m-I\/AAAAAAAAItY\/xUJbnHmV_54\/w571-h439-no\/3%2B-%2Balbum.jpg\" \/><\/span><\/span><\/span><\/p>\n<div><span style=\"font-family: tahoma,geneva,sans-serif;\"><span style=\"font-size: 12px;\"><span style=\"color: #000000;\"><img decoding=\"async\" class=\"lazyload HAa Eha\" style=\"height: 337px; width: 450px; border-width: 1px; border-style: solid; margin: 10px;\" alt=\"\" src=\"data:image\/gif;base64,R0lGODlhAQABAAAAACH5BAEKAAEALAAAAAABAAEAAAICTAEAOw==\" data-orig-src=\"https:\/\/lh5.googleusercontent.com\/-U1jUsQknTSE\/VJLQPDE9nxI\/AAAAAAAAIt4\/S8W2E-p0E-Y\/w640-h479-no\/4%2B-%2Balbum.JPG\" \/><\/span><\/span><\/span><\/div>\n<div><span style=\"font-family: tahoma,geneva,sans-serif;\"><span style=\"font-size: 12px;\"><span style=\"color: #000000;\"><img decoding=\"async\" class=\"lazyload HAa Eha\" style=\"height: 338px; width: 450px; border-width: 1px; border-style: solid; margin: 10px;\" alt=\"\" src=\"data:image\/gif;base64,R0lGODlhAQABAAAAACH5BAEKAAEALAAAAAABAAEAAAICTAEAOw==\" data-orig-src=\"https:\/\/lh5.googleusercontent.com\/-_9evBAMZZJQ\/VJLQPSluIbI\/AAAAAAAAIto\/VgvZq2Reoac\/w640-h480-no\/5%2B-%2Balbum.jpg\" \/><\/span><\/span><\/span><\/div>\n<div><span style=\"font-family: tahoma,geneva,sans-serif;\"><span style=\"font-size: 12px;\"><span style=\"color: #000000;\"><img decoding=\"async\" class=\"lazyload HAa Eha\" style=\"height: 339px; width: 450px; border-width: 1px; border-style: solid; margin: 10px;\" alt=\"\" src=\"data:image\/gif;base64,R0lGODlhAQABAAAAACH5BAEKAAEALAAAAAABAAEAAAICTAEAOw==\" data-orig-src=\"https:\/\/lh5.googleusercontent.com\/-aCykFDS__s8\/VJLQQRcupqI\/AAAAAAAAIt8\/NOm2q-vAtAU\/w545-h411-no\/6%2B-%2Balbum.JPG\" \/><\/span><\/span><\/span><\/div>\n<div><span style=\"font-family: tahoma,geneva,sans-serif;\"><span style=\"font-size: 12px;\"><span style=\"color: #000000;\"><img decoding=\"async\" class=\"lazyload HAa Eha\" style=\"height: 337px; width: 450px; border-width: 1px; border-style: solid; margin: 10px;\" alt=\"\" src=\"data:image\/gif;base64,R0lGODlhAQABAAAAACH5BAEKAAEALAAAAAABAAEAAAICTAEAOw==\" data-orig-src=\"https:\/\/lh4.googleusercontent.com\/-g4rQq8CeeL0\/VJLQQpc4arI\/AAAAAAAAIuA\/gC0DhqAJL5U\/w640-h479-no\/7%2B-%2Balbum.JPG\" \/><\/span><\/span><\/span><\/div>\n<div><span style=\"font-family: tahoma,geneva,sans-serif;\"><span style=\"font-size: 12px;\"><span style=\"color: #000000;\"><img decoding=\"async\" class=\"lazyload HAa Eha\" style=\"height: 337px; width: 450px; border-width: 1px; border-style: solid; margin: 10px;\" alt=\"\" src=\"data:image\/gif;base64,R0lGODlhAQABAAAAACH5BAEKAAEALAAAAAABAAEAAAICTAEAOw==\" data-orig-src=\"https:\/\/lh3.googleusercontent.com\/-_eQVDXGZpWw\/VJLQRGjlzuI\/AAAAAAAAIuU\/tQ2XB1eJH2w\/w640-h479-no\/8%2B-%2Balbum.JPG\" \/><\/span><\/span><\/span><\/div>\n<div><span style=\"font-family: tahoma,geneva,sans-serif;\"><span style=\"font-size: 12px;\"><span style=\"color: #000000;\"><img decoding=\"async\" class=\"lazyload HAa Eha\" style=\"height: 326px; width: 450px; border-width: 1px; border-style: solid; margin: 10px;\" alt=\"\" src=\"data:image\/gif;base64,R0lGODlhAQABAAAAACH5BAEKAAEALAAAAAABAAEAAAICTAEAOw==\" data-orig-src=\"https:\/\/lh5.googleusercontent.com\/-9V7S9vvp_hM\/VJLQRc490UI\/AAAAAAAAIuM\/JpXn93iCpIA\/w640-h463-no\/9%2B-%2Balbum.JPG\" \/><\/span><\/span><\/span><\/div>\n<div><span style=\"font-family: tahoma,geneva,sans-serif;\"><span style=\"font-size: 12px;\"><span style=\"color: #000000;\"><img decoding=\"async\" class=\"lazyload HAa Eha\" style=\"height: 338px; width: 450px; border-width: 1px; border-style: solid; margin: 10px;\" alt=\"\" src=\"data:image\/gif;base64,R0lGODlhAQABAAAAACH5BAEKAAEALAAAAAABAAEAAAICTAEAOw==\" data-orig-src=\"https:\/\/lh4.googleusercontent.com\/-9ijo6edvLkw\/VJLQL07lyCI\/AAAAAAAAIs8\/A60Xj536abg\/w640-h480-no\/10%2B-%2Balbum.jpg\" \/><\/span><\/span><\/span><\/div>\n<div><span style=\"font-family: tahoma,geneva,sans-serif;\"><span style=\"font-size: 12px;\"><span style=\"color: #000000;\"><img decoding=\"async\" class=\"lazyload HAa Eha\" style=\"height: 337px; width: 450px; border-width: 1px; border-style: solid; margin: 10px;\" alt=\"\" src=\"data:image\/gif;base64,R0lGODlhAQABAAAAACH5BAEKAAEALAAAAAABAAEAAAICTAEAOw==\" data-orig-src=\"https:\/\/lh4.googleusercontent.com\/-c4EvQcvRaVw\/VJLQM1oL-sI\/AAAAAAAAIuQ\/rF8TTGrbIWQ\/w640-h479-no\/11%2B-%2Balbum.JPG\" \/><\/span><\/span><\/span><\/div>\n<\/div>\n<div>&nbsp;<\/div>\n","protected":false},"excerpt":{"rendered":"<p>The University of Kor\u00e7a conveys the first honorary title to the leader of the Orthodox Autocephalous Church of Albania &nbsp;&nbsp;&nbsp;&nbsp; &nbsp;&nbsp;&nbsp; It was a warm hospitable and historic event not only for the city, but the celebration expressed a wonderful atmosphere of love and faith, and a surprising aura of empathy and gratitude. &nbsp; &nbsp; On Thursday 15th of January the University of Kor\u00e7a \u201cFan<\/p>\n","protected":false},"author":7,"featured_media":0,"comment_status":"open","ping_status":"open","sticky":false,"template":"","format":"standard","meta":{"_acf_changed":false,"pagelayer_contact_templates":[],"_pagelayer_content":"","inline_featured_image":false,"fifu_image_url":"","fifu_image_alt":"","footnotes":""},"categories":[1455,311],"tags":[1125,1768],"class_list":["post-279","post","type-post","status-publish","format-standard","hentry","category-news-en","category-news-d25","tag-2009-en","tag-kryepiskopi-anastas-en"],"acf":[],"yoast_head":"<!-- This site is optimized with the Yoast SEO plugin v27.2 - https:\/\/yoast.com\/product\/yoast-seo-wordpress\/ -->\n<title>Archbishop Anastasios is honored with the title \u201cDoctor Honoris Causa\u201d by the University of Kor\u00e7a. (January 2009) - Kisha Orthodh\u03bfkse Autoqefale e Shqip\u00ebris\u00eb<\/title>\n<meta name=\"robots\" content=\"index, follow, max-snippet:-1, max-image-preview:large, max-video-preview:-1\" \/>\n<link rel=\"canonical\" href=\"https:\/\/orthodoxalbania.org\/2020\/en\/2009\/03\/19\/archbishop-anastasios-is-honored-with-the-title-doctor-honoris-causa-by-the-university-of-korca-2009\/\" \/>\n<meta property=\"og:locale\" content=\"en_US\" \/>\n<meta property=\"og:type\" content=\"article\" \/>\n<meta property=\"og:title\" content=\"Archbishop Anastasios is honored with the title \u201cDoctor Honoris Causa\u201d by the University of Kor\u00e7a. (January 2009) - Kisha Orthodh\u03bfkse Autoqefale e Shqip\u00ebris\u00eb\" \/>\n<meta property=\"og:description\" content=\"The University of Kor\u00e7a conveys the first honorary title to the leader of the Orthodox Autocephalous Church of Albania &nbsp;&nbsp;&nbsp;&nbsp; &nbsp;&nbsp;&nbsp; It was a warm hospitable and historic event not only for the city, but the celebration expressed a wonderful atmosphere of love and faith, and a surprising aura of empathy and gratitude. &nbsp; &nbsp; On Thursday 15th of January the University of Kor\u00e7a \u201cFan\" \/>\n<meta property=\"og:url\" content=\"https:\/\/orthodoxalbania.org\/2020\/en\/2009\/03\/19\/archbishop-anastasios-is-honored-with-the-title-doctor-honoris-causa-by-the-university-of-korca-2009\/\" \/>\n<meta property=\"og:site_name\" content=\"Kisha Orthodh\u03bfkse Autoqefale e Shqip\u00ebris\u00eb\" \/>\n<meta property=\"article:publisher\" content=\"https:\/\/www.facebook.com\/koash1991\" \/>\n<meta property=\"article:published_time\" content=\"2009-03-19T00:00:04+00:00\" \/>\n<meta property=\"article:modified_time\" content=\"2020-04-12T22:31:17+00:00\" \/>\n<meta property=\"og:image\" content=\"https:\/\/lh6.googleusercontent.com\/-3mwVdIDBpOs\/VJLQL0DdCrI\/AAAAAAAAIs0\/inuofIkguHQ\/w448-h336-no\/1%2B-%2Btekst.JPG\" \/>\n<meta name=\"author\" content=\"Kisha Orthodhokse\" \/>\n<meta name=\"twitter:card\" content=\"summary_large_image\" \/>\n<meta name=\"twitter:label1\" content=\"Written by\" \/>\n\t<meta name=\"twitter:data1\" content=\"Kisha Orthodhokse\" \/>\n\t<meta name=\"twitter:label2\" content=\"Est. reading time\" \/>\n\t<meta name=\"twitter:data2\" content=\"3 minutes\" \/>\n<script type=\"application\/ld+json\" class=\"yoast-schema-graph\">{\"@context\":\"https:\/\/schema.org\",\"@graph\":[{\"@type\":\"Article\",\"@id\":\"https:\/\/orthodoxalbania.org\/2020\/en\/2009\/03\/19\/archbishop-anastasios-is-honored-with-the-title-doctor-honoris-causa-by-the-university-of-korca-2009\/#article\",\"isPartOf\":{\"@id\":\"https:\/\/orthodoxalbania.org\/2020\/en\/2009\/03\/19\/archbishop-anastasios-is-honored-with-the-title-doctor-honoris-causa-by-the-university-of-korca-2009\/\"},\"author\":{\"name\":\"Kisha Orthodhokse\",\"@id\":\"https:\/\/orthodoxalbania.org\/2020\/#\/schema\/person\/df745f942b70e045b3dc05a30211f0de\"},\"headline\":\"Archbishop Anastasios is honored with the title \u201cDoctor Honoris Causa\u201d by the University of Kor\u00e7a. (January 2009)\",\"datePublished\":\"2009-03-19T00:00:04+00:00\",\"dateModified\":\"2020-04-12T22:31:17+00:00\",\"mainEntityOfPage\":{\"@id\":\"https:\/\/orthodoxalbania.org\/2020\/en\/2009\/03\/19\/archbishop-anastasios-is-honored-with-the-title-doctor-honoris-causa-by-the-university-of-korca-2009\/\"},\"wordCount\":571,\"commentCount\":0,\"publisher\":{\"@id\":\"https:\/\/orthodoxalbania.org\/2020\/#organization\"},\"image\":{\"@id\":\"https:\/\/orthodoxalbania.org\/2020\/en\/2009\/03\/19\/archbishop-anastasios-is-honored-with-the-title-doctor-honoris-causa-by-the-university-of-korca-2009\/#primaryimage\"},\"thumbnailUrl\":\"https:\/\/lh6.googleusercontent.com\/-3mwVdIDBpOs\/VJLQL0DdCrI\/AAAAAAAAIs0\/inuofIkguHQ\/w448-h336-no\/1%2B-%2Btekst.JPG\",\"keywords\":[\"2009\",\"Kryepiskopi Anastas\"],\"articleSection\":[\"News - \u0395\u039d\",\"News old page\"],\"inLanguage\":\"en-US\"},{\"@type\":\"WebPage\",\"@id\":\"https:\/\/orthodoxalbania.org\/2020\/en\/2009\/03\/19\/archbishop-anastasios-is-honored-with-the-title-doctor-honoris-causa-by-the-university-of-korca-2009\/\",\"url\":\"https:\/\/orthodoxalbania.org\/2020\/en\/2009\/03\/19\/archbishop-anastasios-is-honored-with-the-title-doctor-honoris-causa-by-the-university-of-korca-2009\/\",\"name\":\"Archbishop Anastasios is honored with the title \u201cDoctor Honoris Causa\u201d by the University of Kor\u00e7a. (January 2009) - Kisha Orthodh\u03bfkse Autoqefale e Shqip\u00ebris\u00eb\",\"isPartOf\":{\"@id\":\"https:\/\/orthodoxalbania.org\/2020\/#website\"},\"primaryImageOfPage\":{\"@id\":\"https:\/\/orthodoxalbania.org\/2020\/en\/2009\/03\/19\/archbishop-anastasios-is-honored-with-the-title-doctor-honoris-causa-by-the-university-of-korca-2009\/#primaryimage\"},\"image\":{\"@id\":\"https:\/\/orthodoxalbania.org\/2020\/en\/2009\/03\/19\/archbishop-anastasios-is-honored-with-the-title-doctor-honoris-causa-by-the-university-of-korca-2009\/#primaryimage\"},\"thumbnailUrl\":\"https:\/\/lh6.googleusercontent.com\/-3mwVdIDBpOs\/VJLQL0DdCrI\/AAAAAAAAIs0\/inuofIkguHQ\/w448-h336-no\/1%2B-%2Btekst.JPG\",\"datePublished\":\"2009-03-19T00:00:04+00:00\",\"dateModified\":\"2020-04-12T22:31:17+00:00\",\"breadcrumb\":{\"@id\":\"https:\/\/orthodoxalbania.org\/2020\/en\/2009\/03\/19\/archbishop-anastasios-is-honored-with-the-title-doctor-honoris-causa-by-the-university-of-korca-2009\/#breadcrumb\"},\"inLanguage\":\"en-US\",\"potentialAction\":[{\"@type\":\"ReadAction\",\"target\":[\"https:\/\/orthodoxalbania.org\/2020\/en\/2009\/03\/19\/archbishop-anastasios-is-honored-with-the-title-doctor-honoris-causa-by-the-university-of-korca-2009\/\"]}]},{\"@type\":\"ImageObject\",\"inLanguage\":\"en-US\",\"@id\":\"https:\/\/orthodoxalbania.org\/2020\/en\/2009\/03\/19\/archbishop-anastasios-is-honored-with-the-title-doctor-honoris-causa-by-the-university-of-korca-2009\/#primaryimage\",\"url\":\"https:\/\/lh6.googleusercontent.com\/-3mwVdIDBpOs\/VJLQL0DdCrI\/AAAAAAAAIs0\/inuofIkguHQ\/w448-h336-no\/1%2B-%2Btekst.JPG\",\"contentUrl\":\"https:\/\/lh6.googleusercontent.com\/-3mwVdIDBpOs\/VJLQL0DdCrI\/AAAAAAAAIs0\/inuofIkguHQ\/w448-h336-no\/1%2B-%2Btekst.JPG\"},{\"@type\":\"BreadcrumbList\",\"@id\":\"https:\/\/orthodoxalbania.org\/2020\/en\/2009\/03\/19\/archbishop-anastasios-is-honored-with-the-title-doctor-honoris-causa-by-the-university-of-korca-2009\/#breadcrumb\",\"itemListElement\":[{\"@type\":\"ListItem\",\"position\":1,\"name\":\"Home\",\"item\":\"https:\/\/orthodoxalbania.org\/2020\/\"},{\"@type\":\"ListItem\",\"position\":2,\"name\":\"Archbishop Anastasios is honored with the title \u201cDoctor Honoris Causa\u201d by the University of Kor\u00e7a. (January 2009)\"}]},{\"@type\":\"WebSite\",\"@id\":\"https:\/\/orthodoxalbania.org\/2020\/#website\",\"url\":\"https:\/\/orthodoxalbania.org\/2020\/\",\"name\":\"Kisha Orthodh\u03bfkse Autoqefale e Shqip\u00ebris\u00eb\",\"description\":\"Fqja Zyrtare e Kish\u00ebs Orthodhokse Autoqefale e Shqip\u00ebris\u00eb me lajmet edhe informacionet zyrtare p\u00ebr struktur\u00ebn edhe veprimtarin e saj.\",\"publisher\":{\"@id\":\"https:\/\/orthodoxalbania.org\/2020\/#organization\"},\"potentialAction\":[{\"@type\":\"SearchAction\",\"target\":{\"@type\":\"EntryPoint\",\"urlTemplate\":\"https:\/\/orthodoxalbania.org\/2020\/?s={search_term_string}\"},\"query-input\":{\"@type\":\"PropertyValueSpecification\",\"valueRequired\":true,\"valueName\":\"search_term_string\"}}],\"inLanguage\":\"en-US\"},{\"@type\":\"Organization\",\"@id\":\"https:\/\/orthodoxalbania.org\/2020\/#organization\",\"name\":\"Kisha Orthodhokse Autoqefale e Shqip\u00ebris\u00eb\",\"url\":\"https:\/\/orthodoxalbania.org\/2020\/\",\"logo\":{\"@type\":\"ImageObject\",\"inLanguage\":\"en-US\",\"@id\":\"https:\/\/orthodoxalbania.org\/2020\/#\/schema\/logo\/image\/\",\"url\":\"https:\/\/orthodoxalbania.org\/2020\/wp-content\/uploads\/2020\/05\/albania.jpeg\",\"contentUrl\":\"https:\/\/orthodoxalbania.org\/2020\/wp-content\/uploads\/2020\/05\/albania.jpeg\",\"width\":540,\"height\":540,\"caption\":\"Kisha Orthodhokse Autoqefale e Shqip\u00ebris\u00eb\"},\"image\":{\"@id\":\"https:\/\/orthodoxalbania.org\/2020\/#\/schema\/logo\/image\/\"},\"sameAs\":[\"https:\/\/www.facebook.com\/koash1991\"]},{\"@type\":\"Person\",\"@id\":\"https:\/\/orthodoxalbania.org\/2020\/#\/schema\/person\/df745f942b70e045b3dc05a30211f0de\",\"name\":\"Kisha Orthodhokse\",\"image\":{\"@type\":\"ImageObject\",\"inLanguage\":\"en-US\",\"@id\":\"https:\/\/secure.gravatar.com\/avatar\/2676eb8d97178435c9f691a7871595a1da6c33542dec218bce40885573150e28?s=96&d=mm&r=g\",\"url\":\"https:\/\/secure.gravatar.com\/avatar\/2676eb8d97178435c9f691a7871595a1da6c33542dec218bce40885573150e28?s=96&d=mm&r=g\",\"contentUrl\":\"https:\/\/secure.gravatar.com\/avatar\/2676eb8d97178435c9f691a7871595a1da6c33542dec218bce40885573150e28?s=96&d=mm&r=g\",\"caption\":\"Kisha Orthodhokse\"}}]}<\/script>\n<!-- \/ Yoast SEO plugin. -->","yoast_head_json":{"title":"Archbishop Anastasios is honored with the title \u201cDoctor Honoris Causa\u201d by the University of Kor\u00e7a. (January 2009) - Kisha Orthodh\u03bfkse Autoqefale e Shqip\u00ebris\u00eb","robots":{"index":"index","follow":"follow","max-snippet":"max-snippet:-1","max-image-preview":"max-image-preview:large","max-video-preview":"max-video-preview:-1"},"canonical":"https:\/\/orthodoxalbania.org\/2020\/en\/2009\/03\/19\/archbishop-anastasios-is-honored-with-the-title-doctor-honoris-causa-by-the-university-of-korca-2009\/","og_locale":"en_US","og_type":"article","og_title":"Archbishop Anastasios is honored with the title \u201cDoctor Honoris Causa\u201d by the University of Kor\u00e7a. (January 2009) - Kisha Orthodh\u03bfkse Autoqefale e Shqip\u00ebris\u00eb","og_description":"The University of Kor\u00e7a conveys the first honorary title to the leader of the Orthodox Autocephalous Church of Albania &nbsp;&nbsp;&nbsp;&nbsp; &nbsp;&nbsp;&nbsp; It was a warm hospitable and historic event not only for the city, but the celebration expressed a wonderful atmosphere of love and faith, and a surprising aura of empathy and gratitude. &nbsp; &nbsp; On Thursday 15th of January the University of Kor\u00e7a \u201cFan","og_url":"https:\/\/orthodoxalbania.org\/2020\/en\/2009\/03\/19\/archbishop-anastasios-is-honored-with-the-title-doctor-honoris-causa-by-the-university-of-korca-2009\/","og_site_name":"Kisha Orthodh\u03bfkse Autoqefale e Shqip\u00ebris\u00eb","article_publisher":"https:\/\/www.facebook.com\/koash1991","article_published_time":"2009-03-19T00:00:04+00:00","article_modified_time":"2020-04-12T22:31:17+00:00","og_image":[{"url":"https:\/\/lh6.googleusercontent.com\/-3mwVdIDBpOs\/VJLQL0DdCrI\/AAAAAAAAIs0\/inuofIkguHQ\/w448-h336-no\/1%2B-%2Btekst.JPG","type":"","width":"","height":""}],"author":"Kisha Orthodhokse","twitter_card":"summary_large_image","twitter_misc":{"Written by":"Kisha Orthodhokse","Est. reading time":"3 minutes"},"schema":{"@context":"https:\/\/schema.org","@graph":[{"@type":"Article","@id":"https:\/\/orthodoxalbania.org\/2020\/en\/2009\/03\/19\/archbishop-anastasios-is-honored-with-the-title-doctor-honoris-causa-by-the-university-of-korca-2009\/#article","isPartOf":{"@id":"https:\/\/orthodoxalbania.org\/2020\/en\/2009\/03\/19\/archbishop-anastasios-is-honored-with-the-title-doctor-honoris-causa-by-the-university-of-korca-2009\/"},"author":{"name":"Kisha Orthodhokse","@id":"https:\/\/orthodoxalbania.org\/2020\/#\/schema\/person\/df745f942b70e045b3dc05a30211f0de"},"headline":"Archbishop Anastasios is honored with the title \u201cDoctor Honoris Causa\u201d by the University of Kor\u00e7a. (January 2009)","datePublished":"2009-03-19T00:00:04+00:00","dateModified":"2020-04-12T22:31:17+00:00","mainEntityOfPage":{"@id":"https:\/\/orthodoxalbania.org\/2020\/en\/2009\/03\/19\/archbishop-anastasios-is-honored-with-the-title-doctor-honoris-causa-by-the-university-of-korca-2009\/"},"wordCount":571,"commentCount":0,"publisher":{"@id":"https:\/\/orthodoxalbania.org\/2020\/#organization"},"image":{"@id":"https:\/\/orthodoxalbania.org\/2020\/en\/2009\/03\/19\/archbishop-anastasios-is-honored-with-the-title-doctor-honoris-causa-by-the-university-of-korca-2009\/#primaryimage"},"thumbnailUrl":"https:\/\/lh6.googleusercontent.com\/-3mwVdIDBpOs\/VJLQL0DdCrI\/AAAAAAAAIs0\/inuofIkguHQ\/w448-h336-no\/1%2B-%2Btekst.JPG","keywords":["2009","Kryepiskopi Anastas"],"articleSection":["News - \u0395\u039d","News old page"],"inLanguage":"en-US"},{"@type":"WebPage","@id":"https:\/\/orthodoxalbania.org\/2020\/en\/2009\/03\/19\/archbishop-anastasios-is-honored-with-the-title-doctor-honoris-causa-by-the-university-of-korca-2009\/","url":"https:\/\/orthodoxalbania.org\/2020\/en\/2009\/03\/19\/archbishop-anastasios-is-honored-with-the-title-doctor-honoris-causa-by-the-university-of-korca-2009\/","name":"Archbishop Anastasios is honored with the title \u201cDoctor Honoris Causa\u201d by the University of Kor\u00e7a. (January 2009) - Kisha Orthodh\u03bfkse Autoqefale e Shqip\u00ebris\u00eb","isPartOf":{"@id":"https:\/\/orthodoxalbania.org\/2020\/#website"},"primaryImageOfPage":{"@id":"https:\/\/orthodoxalbania.org\/2020\/en\/2009\/03\/19\/archbishop-anastasios-is-honored-with-the-title-doctor-honoris-causa-by-the-university-of-korca-2009\/#primaryimage"},"image":{"@id":"https:\/\/orthodoxalbania.org\/2020\/en\/2009\/03\/19\/archbishop-anastasios-is-honored-with-the-title-doctor-honoris-causa-by-the-university-of-korca-2009\/#primaryimage"},"thumbnailUrl":"https:\/\/lh6.googleusercontent.com\/-3mwVdIDBpOs\/VJLQL0DdCrI\/AAAAAAAAIs0\/inuofIkguHQ\/w448-h336-no\/1%2B-%2Btekst.JPG","datePublished":"2009-03-19T00:00:04+00:00","dateModified":"2020-04-12T22:31:17+00:00","breadcrumb":{"@id":"https:\/\/orthodoxalbania.org\/2020\/en\/2009\/03\/19\/archbishop-anastasios-is-honored-with-the-title-doctor-honoris-causa-by-the-university-of-korca-2009\/#breadcrumb"},"inLanguage":"en-US","potentialAction":[{"@type":"ReadAction","target":["https:\/\/orthodoxalbania.org\/2020\/en\/2009\/03\/19\/archbishop-anastasios-is-honored-with-the-title-doctor-honoris-causa-by-the-university-of-korca-2009\/"]}]},{"@type":"ImageObject","inLanguage":"en-US","@id":"https:\/\/orthodoxalbania.org\/2020\/en\/2009\/03\/19\/archbishop-anastasios-is-honored-with-the-title-doctor-honoris-causa-by-the-university-of-korca-2009\/#primaryimage","url":"https:\/\/lh6.googleusercontent.com\/-3mwVdIDBpOs\/VJLQL0DdCrI\/AAAAAAAAIs0\/inuofIkguHQ\/w448-h336-no\/1%2B-%2Btekst.JPG","contentUrl":"https:\/\/lh6.googleusercontent.com\/-3mwVdIDBpOs\/VJLQL0DdCrI\/AAAAAAAAIs0\/inuofIkguHQ\/w448-h336-no\/1%2B-%2Btekst.JPG"},{"@type":"BreadcrumbList","@id":"https:\/\/orthodoxalbania.org\/2020\/en\/2009\/03\/19\/archbishop-anastasios-is-honored-with-the-title-doctor-honoris-causa-by-the-university-of-korca-2009\/#breadcrumb","itemListElement":[{"@type":"ListItem","position":1,"name":"Home","item":"https:\/\/orthodoxalbania.org\/2020\/"},{"@type":"ListItem","position":2,"name":"Archbishop Anastasios is honored with the title \u201cDoctor Honoris Causa\u201d by the University of Kor\u00e7a. (January 2009)"}]},{"@type":"WebSite","@id":"https:\/\/orthodoxalbania.org\/2020\/#website","url":"https:\/\/orthodoxalbania.org\/2020\/","name":"Kisha Orthodh\u03bfkse Autoqefale e Shqip\u00ebris\u00eb","description":"Fqja Zyrtare e Kish\u00ebs Orthodhokse Autoqefale e Shqip\u00ebris\u00eb me lajmet edhe informacionet zyrtare p\u00ebr struktur\u00ebn edhe veprimtarin e saj.","publisher":{"@id":"https:\/\/orthodoxalbania.org\/2020\/#organization"},"potentialAction":[{"@type":"SearchAction","target":{"@type":"EntryPoint","urlTemplate":"https:\/\/orthodoxalbania.org\/2020\/?s={search_term_string}"},"query-input":{"@type":"PropertyValueSpecification","valueRequired":true,"valueName":"search_term_string"}}],"inLanguage":"en-US"},{"@type":"Organization","@id":"https:\/\/orthodoxalbania.org\/2020\/#organization","name":"Kisha Orthodhokse Autoqefale e Shqip\u00ebris\u00eb","url":"https:\/\/orthodoxalbania.org\/2020\/","logo":{"@type":"ImageObject","inLanguage":"en-US","@id":"https:\/\/orthodoxalbania.org\/2020\/#\/schema\/logo\/image\/","url":"https:\/\/orthodoxalbania.org\/2020\/wp-content\/uploads\/2020\/05\/albania.jpeg","contentUrl":"https:\/\/orthodoxalbania.org\/2020\/wp-content\/uploads\/2020\/05\/albania.jpeg","width":540,"height":540,"caption":"Kisha Orthodhokse Autoqefale e Shqip\u00ebris\u00eb"},"image":{"@id":"https:\/\/orthodoxalbania.org\/2020\/#\/schema\/logo\/image\/"},"sameAs":["https:\/\/www.facebook.com\/koash1991"]},{"@type":"Person","@id":"https:\/\/orthodoxalbania.org\/2020\/#\/schema\/person\/df745f942b70e045b3dc05a30211f0de","name":"Kisha Orthodhokse","image":{"@type":"ImageObject","inLanguage":"en-US","@id":"https:\/\/secure.gravatar.com\/avatar\/2676eb8d97178435c9f691a7871595a1da6c33542dec218bce40885573150e28?s=96&d=mm&r=g","url":"https:\/\/secure.gravatar.com\/avatar\/2676eb8d97178435c9f691a7871595a1da6c33542dec218bce40885573150e28?s=96&d=mm&r=g","contentUrl":"https:\/\/secure.gravatar.com\/avatar\/2676eb8d97178435c9f691a7871595a1da6c33542dec218bce40885573150e28?s=96&d=mm&r=g","caption":"Kisha Orthodhokse"}}]}},"_links":{"self":[{"href":"https:\/\/orthodoxalbania.org\/2020\/wp-json\/wp\/v2\/posts\/279","targetHints":{"allow":["GET"]}}],"collection":[{"href":"https:\/\/orthodoxalbania.org\/2020\/wp-json\/wp\/v2\/posts"}],"about":[{"href":"https:\/\/orthodoxalbania.org\/2020\/wp-json\/wp\/v2\/types\/post"}],"author":[{"embeddable":true,"href":"https:\/\/orthodoxalbania.org\/2020\/wp-json\/wp\/v2\/users\/7"}],"replies":[{"embeddable":true,"href":"https:\/\/orthodoxalbania.org\/2020\/wp-json\/wp\/v2\/comments?post=279"}],"version-history":[{"count":1,"href":"https:\/\/orthodoxalbania.org\/2020\/wp-json\/wp\/v2\/posts\/279\/revisions"}],"predecessor-version":[{"id":17971,"href":"https:\/\/orthodoxalbania.org\/2020\/wp-json\/wp\/v2\/posts\/279\/revisions\/17971"}],"wp:attachment":[{"href":"https:\/\/orthodoxalbania.org\/2020\/wp-json\/wp\/v2\/media?parent=279"}],"wp:term":[{"taxonomy":"category","embeddable":true,"href":"https:\/\/orthodoxalbania.org\/2020\/wp-json\/wp\/v2\/categories?post=279"},{"taxonomy":"post_tag","embeddable":true,"href":"https:\/\/orthodoxalbania.org\/2020\/wp-json\/wp\/v2\/tags?post=279"}],"curies":[{"name":"wp","href":"https:\/\/api.w.org\/{rel}","templated":true}]}}