{"id":277,"date":"2013-03-21T12:15:44","date_gmt":"2013-03-21T12:15:44","guid":{"rendered":""},"modified":"2020-04-13T00:30:57","modified_gmt":"2020-04-12T22:30:57","slug":"archbishop-anastasios-in-the-once-famous-monastery-of-st-theodore-s","status":"publish","type":"post","link":"https:\/\/orthodoxalbania.org\/2020\/en\/2013\/03\/21\/archbishop-anastasios-in-the-once-famous-monastery-of-st-theodore-s\/","title":{"rendered":"Archbishop Anastasios in the once famous Monastery of St. Theodore\u2019s. (17 August 2012)"},"content":{"rendered":"<div style=\"text-align: center;\"><img class=\"lazyload\" decoding=\"async\" style=\"width: 300px; height: 225px; border-width: 1px; border-style: solid; margin: 10px; float: left;\" alt=\"\" src=\"data:image\/gif;base64,R0lGODlhAQABAAAAACH5BAEKAAEALAAAAAABAAEAAAICTAEAOw==\" data-orig-src=\"https:\/\/lh4.googleusercontent.com\/-JACV1t9MHXk\/UCzOhOanuNI\/AAAAAAAAA0c\/3_MUakESTzY\/s640\/150820121044.jpg\" \/><span style=\"color: #b22222;\"><span style=\"font-family: tahoma,geneva,sans-serif;\"><span style=\"font-size: 12px;\"><strong>The Celebration of the Dormition of the Theotokos on the Coast<\/strong><\/span><\/span><\/span><\/div>\n<div style=\"text-align: justify;\">\n<p> <span style=\"color: #000000;\"><span style=\"font-family: tahoma,geneva,sans-serif;\"><span style=\"font-size: 12px;\">&nbsp;&nbsp;&nbsp; Archbishop of Tirana, Durr\u00ebs and all Albania, Anastasios, led the Divine Liturgy of the Dormition of the Virgin Mary at the Holy Monastery premises in St. Theodore\u2019s, near the village Dh\u00ebrmi, in the coastal area. Hundreds of faithful believers lined the premises of the monastery and took part in the holy mystery with emotion, because Archbishop Anastasios was with them on this day. The Divine Liturgy was conducted in the open air, because the church of the monastery and other facilities have not yet been restored, after they had been turned into a military base during atheist persecution. Taking advantage of this fact, Archbishop Anastasios during his speech before the believers said that he had chosen this location to celebrate the Virgin&#8217;s Feast for two reasons: first, to highlight, with all the symbolism, the fact that Orthodoxy was the religion of all the believers of these areas, and second, that the injustice still continues that holy places of worship have not yet been returned to the Orthodox Church and are the subject of the seizing of the immovable property. Addressing the faithful that were present following very attentively, the Archbishop analyzed the phenomenon of the economic crisis that afflicts the region, in particular Greece, where a large number of believers live, but impacts also our country.<\/span><\/span><\/span><\/div>\n<div style=\"text-align: justify;\"> <span style=\"color: #000000;\"><span style=\"font-family: tahoma,geneva,sans-serif;\"><span style=\"font-size: 12px;\">&nbsp;&nbsp;&nbsp; Specifically, the crisis is the result of corruption, said the Archbishop, which always begins with the person and then becomes a social phenomenon. Corruption is fueled by three roots: greed and lust for wealth, the lie and the avoidance of the claim of truth, as well as from self-centeredness. These three roots need to be plucked, and the Orthodox Christian believers can find strength through the teaching of the Gospel to do so, in order to revive optimism and overcome leave uncertainty and the fear of tomorrow.The Archbishop stressed the need for the optimism and hope that we find precisely in the person of the Theotokos.<\/span><\/span><\/span><\/div>\n<div style=\"text-align: justify;\"> <span style=\"color: #000000;\"><span style=\"font-family: tahoma,geneva,sans-serif;\"><span style=\"font-size: 12px;\">&nbsp; &nbsp; The Archbishop conveyed that the effort to rebuild this ancient monastery will begin, but he asked everyone of the believers to restore the temple of the soul, which, he said, throughout the last twenty years has remained often in a dilapidated condition, even as the monastery where we are. Believers in the area had long anxiously waited to greet the Archbishop, to express in anyway their gratitude for all that he does for our Church. The fact should be emphasized that during these past twenty years unremitting effort, under the direct care of Archbishop Anastasios, has been made to rebuild the Orthodox Church in the province of Himara for the needs of the believers. Specifically, the Church of &#8220;All Saints&#8221; in Himara and the Monastery of St. Demetrios in Qeparo (as well as six other central churches that underwent radical restoration). A school building in the territory of the Church of All Saints was also established, for the needs of the community there. The Archbishop visited also the beautiful new church that is being completed in the village of Lukov\u00eb that honors the memory of St. Athanasius and St. Nifoni, who originated from this village. In the village of Pllak\u00eb of Vurgu, the Archbishop had a cordial meeting with the inhabitants of this village, where they all decided to rebuild the church from the foundations for the needs of the parish. On this occasion, he urged the believers for more self-criticism and repentance. The visit of Archbishop Anastasios will remain unforgotten by the believers in all these areas.<\/span><\/span><\/span><\/div>\n<p style=\"text-align: right;\"> <span style=\"color: #000000;\"><strong>Korresp. &#8220;Ngjallja&#8221;<\/strong><\/span><\/p>\n<p style=\"text-align: justify;\">&nbsp;<\/p>\n<p style=\"text-align: justify;\"><img class=\"lazyload\" decoding=\"async\" style=\"width: 600px; height: 450px; border-width: 1px; border-style: solid; margin: 10px; float: left;\" alt=\"\" src=\"data:image\/gif;base64,R0lGODlhAQABAAAAACH5BAEKAAEALAAAAAABAAEAAAICTAEAOw==\" data-orig-src=\"https:\/\/lh5.googleusercontent.com\/-94yp_CMiggA\/UCzOsQ5TA7I\/AAAAAAAAA08\/nqy1oj5kk5Q\/s640\/150820121048.jpg600\" \/><\/p>\n<p style=\"text-align: justify;\"><img class=\"lazyload\" decoding=\"async\" style=\"width: 600px; height: 450px; border-width: 1px; border-style: solid; margin: 10px; float: left;\" alt=\"\" src=\"data:image\/gif;base64,R0lGODlhAQABAAAAACH5BAEKAAEALAAAAAABAAEAAAICTAEAOw==\" data-orig-src=\"https:\/\/lh3.googleusercontent.com\/-CR2GePEX7nk\/UCzOdZTp5SI\/AAAAAAAAA0U\/RVWNIS-Sj70\/s640\/150820121043.jpg\" \/><br \/> &nbsp;<\/p>\n","protected":false},"excerpt":{"rendered":"<p>The Celebration of the Dormition of the Theotokos on the Coast &nbsp;&nbsp;&nbsp; Archbishop of Tirana, Durr\u00ebs and all Albania, Anastasios, led the Divine Liturgy of the Dormition of the Virgin Mary at the Holy Monastery premises in St. Theodore\u2019s, near the village Dh\u00ebrmi, in the coastal area. Hundreds of faithful believers lined the premises of the monastery and took part in the holy mystery with<\/p>\n","protected":false},"author":7,"featured_media":0,"comment_status":"open","ping_status":"open","sticky":false,"template":"","format":"standard","meta":{"_acf_changed":false,"pagelayer_contact_templates":[],"_pagelayer_content":"","inline_featured_image":false,"fifu_image_url":"","fifu_image_alt":"","footnotes":""},"categories":[1455,311],"tags":[1137,1786,1768],"class_list":["post-277","post","type-post","status-publish","format-standard","hentry","category-news-en","category-news-d25","tag-2012-en","tag-kremtime-en","tag-kryepiskopi-anastas-en"],"acf":[],"yoast_head":"<!-- This site is optimized with the Yoast SEO plugin v27.2 - https:\/\/yoast.com\/product\/yoast-seo-wordpress\/ -->\n<title>Archbishop Anastasios in the once famous Monastery of St. Theodore\u2019s. (17 August 2012) - Kisha Orthodh\u03bfkse Autoqefale e Shqip\u00ebris\u00eb<\/title>\n<meta name=\"robots\" content=\"index, follow, max-snippet:-1, max-image-preview:large, max-video-preview:-1\" \/>\n<link rel=\"canonical\" href=\"https:\/\/orthodoxalbania.org\/2020\/en\/2013\/03\/21\/archbishop-anastasios-in-the-once-famous-monastery-of-st-theodore-s\/\" \/>\n<meta property=\"og:locale\" content=\"en_US\" \/>\n<meta property=\"og:type\" content=\"article\" \/>\n<meta property=\"og:title\" content=\"Archbishop Anastasios in the once famous Monastery of St. Theodore\u2019s. (17 August 2012) - Kisha Orthodh\u03bfkse Autoqefale e Shqip\u00ebris\u00eb\" \/>\n<meta property=\"og:description\" content=\"The Celebration of the Dormition of the Theotokos on the Coast &nbsp;&nbsp;&nbsp; Archbishop of Tirana, Durr\u00ebs and all Albania, Anastasios, led the Divine Liturgy of the Dormition of the Virgin Mary at the Holy Monastery premises in St. Theodore\u2019s, near the village Dh\u00ebrmi, in the coastal area. Hundreds of faithful believers lined the premises of the monastery and took part in the holy mystery with\" \/>\n<meta property=\"og:url\" content=\"https:\/\/orthodoxalbania.org\/2020\/en\/2013\/03\/21\/archbishop-anastasios-in-the-once-famous-monastery-of-st-theodore-s\/\" \/>\n<meta property=\"og:site_name\" content=\"Kisha Orthodh\u03bfkse Autoqefale e Shqip\u00ebris\u00eb\" \/>\n<meta property=\"article:publisher\" content=\"https:\/\/www.facebook.com\/koash1991\" \/>\n<meta property=\"article:published_time\" content=\"2013-03-21T12:15:44+00:00\" \/>\n<meta property=\"article:modified_time\" content=\"2020-04-12T22:30:57+00:00\" \/>\n<meta property=\"og:image\" content=\"https:\/\/lh4.googleusercontent.com\/-JACV1t9MHXk\/UCzOhOanuNI\/AAAAAAAAA0c\/3_MUakESTzY\/s640\/150820121044.jpg\" \/>\n<meta name=\"author\" content=\"Kisha Orthodhokse\" \/>\n<meta name=\"twitter:card\" content=\"summary_large_image\" \/>\n<meta name=\"twitter:label1\" content=\"Written by\" \/>\n\t<meta name=\"twitter:data1\" content=\"Kisha Orthodhokse\" \/>\n\t<meta name=\"twitter:label2\" content=\"Est. reading time\" \/>\n\t<meta name=\"twitter:data2\" content=\"3 minutes\" \/>\n<script type=\"application\/ld+json\" class=\"yoast-schema-graph\">{\"@context\":\"https:\/\/schema.org\",\"@graph\":[{\"@type\":\"Article\",\"@id\":\"https:\/\/orthodoxalbania.org\/2020\/en\/2013\/03\/21\/archbishop-anastasios-in-the-once-famous-monastery-of-st-theodore-s\/#article\",\"isPartOf\":{\"@id\":\"https:\/\/orthodoxalbania.org\/2020\/en\/2013\/03\/21\/archbishop-anastasios-in-the-once-famous-monastery-of-st-theodore-s\/\"},\"author\":{\"name\":\"Kisha Orthodhokse\",\"@id\":\"https:\/\/orthodoxalbania.org\/2020\/#\/schema\/person\/df745f942b70e045b3dc05a30211f0de\"},\"headline\":\"Archbishop Anastasios in the once famous Monastery of St. Theodore\u2019s. (17 August 2012)\",\"datePublished\":\"2013-03-21T12:15:44+00:00\",\"dateModified\":\"2020-04-12T22:30:57+00:00\",\"mainEntityOfPage\":{\"@id\":\"https:\/\/orthodoxalbania.org\/2020\/en\/2013\/03\/21\/archbishop-anastasios-in-the-once-famous-monastery-of-st-theodore-s\/\"},\"wordCount\":619,\"commentCount\":0,\"publisher\":{\"@id\":\"https:\/\/orthodoxalbania.org\/2020\/#organization\"},\"image\":{\"@id\":\"https:\/\/orthodoxalbania.org\/2020\/en\/2013\/03\/21\/archbishop-anastasios-in-the-once-famous-monastery-of-st-theodore-s\/#primaryimage\"},\"thumbnailUrl\":\"https:\/\/lh4.googleusercontent.com\/-JACV1t9MHXk\/UCzOhOanuNI\/AAAAAAAAA0c\/3_MUakESTzY\/s640\/150820121044.jpg\",\"keywords\":[\"2012\",\"Kremtime\",\"Kryepiskopi Anastas\"],\"articleSection\":[\"News - \u0395\u039d\",\"News old page\"],\"inLanguage\":\"en-US\"},{\"@type\":\"WebPage\",\"@id\":\"https:\/\/orthodoxalbania.org\/2020\/en\/2013\/03\/21\/archbishop-anastasios-in-the-once-famous-monastery-of-st-theodore-s\/\",\"url\":\"https:\/\/orthodoxalbania.org\/2020\/en\/2013\/03\/21\/archbishop-anastasios-in-the-once-famous-monastery-of-st-theodore-s\/\",\"name\":\"Archbishop Anastasios in the once famous Monastery of St. Theodore\u2019s. (17 August 2012) - Kisha Orthodh\u03bfkse Autoqefale e Shqip\u00ebris\u00eb\",\"isPartOf\":{\"@id\":\"https:\/\/orthodoxalbania.org\/2020\/#website\"},\"primaryImageOfPage\":{\"@id\":\"https:\/\/orthodoxalbania.org\/2020\/en\/2013\/03\/21\/archbishop-anastasios-in-the-once-famous-monastery-of-st-theodore-s\/#primaryimage\"},\"image\":{\"@id\":\"https:\/\/orthodoxalbania.org\/2020\/en\/2013\/03\/21\/archbishop-anastasios-in-the-once-famous-monastery-of-st-theodore-s\/#primaryimage\"},\"thumbnailUrl\":\"https:\/\/lh4.googleusercontent.com\/-JACV1t9MHXk\/UCzOhOanuNI\/AAAAAAAAA0c\/3_MUakESTzY\/s640\/150820121044.jpg\",\"datePublished\":\"2013-03-21T12:15:44+00:00\",\"dateModified\":\"2020-04-12T22:30:57+00:00\",\"breadcrumb\":{\"@id\":\"https:\/\/orthodoxalbania.org\/2020\/en\/2013\/03\/21\/archbishop-anastasios-in-the-once-famous-monastery-of-st-theodore-s\/#breadcrumb\"},\"inLanguage\":\"en-US\",\"potentialAction\":[{\"@type\":\"ReadAction\",\"target\":[\"https:\/\/orthodoxalbania.org\/2020\/en\/2013\/03\/21\/archbishop-anastasios-in-the-once-famous-monastery-of-st-theodore-s\/\"]}]},{\"@type\":\"ImageObject\",\"inLanguage\":\"en-US\",\"@id\":\"https:\/\/orthodoxalbania.org\/2020\/en\/2013\/03\/21\/archbishop-anastasios-in-the-once-famous-monastery-of-st-theodore-s\/#primaryimage\",\"url\":\"https:\/\/lh4.googleusercontent.com\/-JACV1t9MHXk\/UCzOhOanuNI\/AAAAAAAAA0c\/3_MUakESTzY\/s640\/150820121044.jpg\",\"contentUrl\":\"https:\/\/lh4.googleusercontent.com\/-JACV1t9MHXk\/UCzOhOanuNI\/AAAAAAAAA0c\/3_MUakESTzY\/s640\/150820121044.jpg\"},{\"@type\":\"BreadcrumbList\",\"@id\":\"https:\/\/orthodoxalbania.org\/2020\/en\/2013\/03\/21\/archbishop-anastasios-in-the-once-famous-monastery-of-st-theodore-s\/#breadcrumb\",\"itemListElement\":[{\"@type\":\"ListItem\",\"position\":1,\"name\":\"Home\",\"item\":\"https:\/\/orthodoxalbania.org\/2020\/\"},{\"@type\":\"ListItem\",\"position\":2,\"name\":\"Archbishop Anastasios in the once famous Monastery of St. Theodore\u2019s. (17 August 2012)\"}]},{\"@type\":\"WebSite\",\"@id\":\"https:\/\/orthodoxalbania.org\/2020\/#website\",\"url\":\"https:\/\/orthodoxalbania.org\/2020\/\",\"name\":\"Kisha Orthodh\u03bfkse Autoqefale e Shqip\u00ebris\u00eb\",\"description\":\"Fqja Zyrtare e Kish\u00ebs Orthodhokse Autoqefale e Shqip\u00ebris\u00eb me lajmet edhe informacionet zyrtare p\u00ebr struktur\u00ebn edhe veprimtarin e saj.\",\"publisher\":{\"@id\":\"https:\/\/orthodoxalbania.org\/2020\/#organization\"},\"potentialAction\":[{\"@type\":\"SearchAction\",\"target\":{\"@type\":\"EntryPoint\",\"urlTemplate\":\"https:\/\/orthodoxalbania.org\/2020\/?s={search_term_string}\"},\"query-input\":{\"@type\":\"PropertyValueSpecification\",\"valueRequired\":true,\"valueName\":\"search_term_string\"}}],\"inLanguage\":\"en-US\"},{\"@type\":\"Organization\",\"@id\":\"https:\/\/orthodoxalbania.org\/2020\/#organization\",\"name\":\"Kisha Orthodhokse Autoqefale e Shqip\u00ebris\u00eb\",\"url\":\"https:\/\/orthodoxalbania.org\/2020\/\",\"logo\":{\"@type\":\"ImageObject\",\"inLanguage\":\"en-US\",\"@id\":\"https:\/\/orthodoxalbania.org\/2020\/#\/schema\/logo\/image\/\",\"url\":\"https:\/\/orthodoxalbania.org\/2020\/wp-content\/uploads\/2020\/05\/albania.jpeg\",\"contentUrl\":\"https:\/\/orthodoxalbania.org\/2020\/wp-content\/uploads\/2020\/05\/albania.jpeg\",\"width\":540,\"height\":540,\"caption\":\"Kisha Orthodhokse Autoqefale e Shqip\u00ebris\u00eb\"},\"image\":{\"@id\":\"https:\/\/orthodoxalbania.org\/2020\/#\/schema\/logo\/image\/\"},\"sameAs\":[\"https:\/\/www.facebook.com\/koash1991\"]},{\"@type\":\"Person\",\"@id\":\"https:\/\/orthodoxalbania.org\/2020\/#\/schema\/person\/df745f942b70e045b3dc05a30211f0de\",\"name\":\"Kisha Orthodhokse\",\"image\":{\"@type\":\"ImageObject\",\"inLanguage\":\"en-US\",\"@id\":\"https:\/\/secure.gravatar.com\/avatar\/2676eb8d97178435c9f691a7871595a1da6c33542dec218bce40885573150e28?s=96&d=mm&r=g\",\"url\":\"https:\/\/secure.gravatar.com\/avatar\/2676eb8d97178435c9f691a7871595a1da6c33542dec218bce40885573150e28?s=96&d=mm&r=g\",\"contentUrl\":\"https:\/\/secure.gravatar.com\/avatar\/2676eb8d97178435c9f691a7871595a1da6c33542dec218bce40885573150e28?s=96&d=mm&r=g\",\"caption\":\"Kisha Orthodhokse\"}}]}<\/script>\n<!-- \/ Yoast SEO plugin. -->","yoast_head_json":{"title":"Archbishop Anastasios in the once famous Monastery of St. Theodore\u2019s. (17 August 2012) - Kisha Orthodh\u03bfkse Autoqefale e Shqip\u00ebris\u00eb","robots":{"index":"index","follow":"follow","max-snippet":"max-snippet:-1","max-image-preview":"max-image-preview:large","max-video-preview":"max-video-preview:-1"},"canonical":"https:\/\/orthodoxalbania.org\/2020\/en\/2013\/03\/21\/archbishop-anastasios-in-the-once-famous-monastery-of-st-theodore-s\/","og_locale":"en_US","og_type":"article","og_title":"Archbishop Anastasios in the once famous Monastery of St. Theodore\u2019s. (17 August 2012) - Kisha Orthodh\u03bfkse Autoqefale e Shqip\u00ebris\u00eb","og_description":"The Celebration of the Dormition of the Theotokos on the Coast &nbsp;&nbsp;&nbsp; Archbishop of Tirana, Durr\u00ebs and all Albania, Anastasios, led the Divine Liturgy of the Dormition of the Virgin Mary at the Holy Monastery premises in St. Theodore\u2019s, near the village Dh\u00ebrmi, in the coastal area. Hundreds of faithful believers lined the premises of the monastery and took part in the holy mystery with","og_url":"https:\/\/orthodoxalbania.org\/2020\/en\/2013\/03\/21\/archbishop-anastasios-in-the-once-famous-monastery-of-st-theodore-s\/","og_site_name":"Kisha Orthodh\u03bfkse Autoqefale e Shqip\u00ebris\u00eb","article_publisher":"https:\/\/www.facebook.com\/koash1991","article_published_time":"2013-03-21T12:15:44+00:00","article_modified_time":"2020-04-12T22:30:57+00:00","og_image":[{"url":"https:\/\/lh4.googleusercontent.com\/-JACV1t9MHXk\/UCzOhOanuNI\/AAAAAAAAA0c\/3_MUakESTzY\/s640\/150820121044.jpg","type":"","width":"","height":""}],"author":"Kisha Orthodhokse","twitter_card":"summary_large_image","twitter_misc":{"Written by":"Kisha Orthodhokse","Est. reading time":"3 minutes"},"schema":{"@context":"https:\/\/schema.org","@graph":[{"@type":"Article","@id":"https:\/\/orthodoxalbania.org\/2020\/en\/2013\/03\/21\/archbishop-anastasios-in-the-once-famous-monastery-of-st-theodore-s\/#article","isPartOf":{"@id":"https:\/\/orthodoxalbania.org\/2020\/en\/2013\/03\/21\/archbishop-anastasios-in-the-once-famous-monastery-of-st-theodore-s\/"},"author":{"name":"Kisha Orthodhokse","@id":"https:\/\/orthodoxalbania.org\/2020\/#\/schema\/person\/df745f942b70e045b3dc05a30211f0de"},"headline":"Archbishop Anastasios in the once famous Monastery of St. Theodore\u2019s. (17 August 2012)","datePublished":"2013-03-21T12:15:44+00:00","dateModified":"2020-04-12T22:30:57+00:00","mainEntityOfPage":{"@id":"https:\/\/orthodoxalbania.org\/2020\/en\/2013\/03\/21\/archbishop-anastasios-in-the-once-famous-monastery-of-st-theodore-s\/"},"wordCount":619,"commentCount":0,"publisher":{"@id":"https:\/\/orthodoxalbania.org\/2020\/#organization"},"image":{"@id":"https:\/\/orthodoxalbania.org\/2020\/en\/2013\/03\/21\/archbishop-anastasios-in-the-once-famous-monastery-of-st-theodore-s\/#primaryimage"},"thumbnailUrl":"https:\/\/lh4.googleusercontent.com\/-JACV1t9MHXk\/UCzOhOanuNI\/AAAAAAAAA0c\/3_MUakESTzY\/s640\/150820121044.jpg","keywords":["2012","Kremtime","Kryepiskopi Anastas"],"articleSection":["News - \u0395\u039d","News old page"],"inLanguage":"en-US"},{"@type":"WebPage","@id":"https:\/\/orthodoxalbania.org\/2020\/en\/2013\/03\/21\/archbishop-anastasios-in-the-once-famous-monastery-of-st-theodore-s\/","url":"https:\/\/orthodoxalbania.org\/2020\/en\/2013\/03\/21\/archbishop-anastasios-in-the-once-famous-monastery-of-st-theodore-s\/","name":"Archbishop Anastasios in the once famous Monastery of St. Theodore\u2019s. (17 August 2012) - Kisha Orthodh\u03bfkse Autoqefale e Shqip\u00ebris\u00eb","isPartOf":{"@id":"https:\/\/orthodoxalbania.org\/2020\/#website"},"primaryImageOfPage":{"@id":"https:\/\/orthodoxalbania.org\/2020\/en\/2013\/03\/21\/archbishop-anastasios-in-the-once-famous-monastery-of-st-theodore-s\/#primaryimage"},"image":{"@id":"https:\/\/orthodoxalbania.org\/2020\/en\/2013\/03\/21\/archbishop-anastasios-in-the-once-famous-monastery-of-st-theodore-s\/#primaryimage"},"thumbnailUrl":"https:\/\/lh4.googleusercontent.com\/-JACV1t9MHXk\/UCzOhOanuNI\/AAAAAAAAA0c\/3_MUakESTzY\/s640\/150820121044.jpg","datePublished":"2013-03-21T12:15:44+00:00","dateModified":"2020-04-12T22:30:57+00:00","breadcrumb":{"@id":"https:\/\/orthodoxalbania.org\/2020\/en\/2013\/03\/21\/archbishop-anastasios-in-the-once-famous-monastery-of-st-theodore-s\/#breadcrumb"},"inLanguage":"en-US","potentialAction":[{"@type":"ReadAction","target":["https:\/\/orthodoxalbania.org\/2020\/en\/2013\/03\/21\/archbishop-anastasios-in-the-once-famous-monastery-of-st-theodore-s\/"]}]},{"@type":"ImageObject","inLanguage":"en-US","@id":"https:\/\/orthodoxalbania.org\/2020\/en\/2013\/03\/21\/archbishop-anastasios-in-the-once-famous-monastery-of-st-theodore-s\/#primaryimage","url":"https:\/\/lh4.googleusercontent.com\/-JACV1t9MHXk\/UCzOhOanuNI\/AAAAAAAAA0c\/3_MUakESTzY\/s640\/150820121044.jpg","contentUrl":"https:\/\/lh4.googleusercontent.com\/-JACV1t9MHXk\/UCzOhOanuNI\/AAAAAAAAA0c\/3_MUakESTzY\/s640\/150820121044.jpg"},{"@type":"BreadcrumbList","@id":"https:\/\/orthodoxalbania.org\/2020\/en\/2013\/03\/21\/archbishop-anastasios-in-the-once-famous-monastery-of-st-theodore-s\/#breadcrumb","itemListElement":[{"@type":"ListItem","position":1,"name":"Home","item":"https:\/\/orthodoxalbania.org\/2020\/"},{"@type":"ListItem","position":2,"name":"Archbishop Anastasios in the once famous Monastery of St. Theodore\u2019s. (17 August 2012)"}]},{"@type":"WebSite","@id":"https:\/\/orthodoxalbania.org\/2020\/#website","url":"https:\/\/orthodoxalbania.org\/2020\/","name":"Kisha Orthodh\u03bfkse Autoqefale e Shqip\u00ebris\u00eb","description":"Fqja Zyrtare e Kish\u00ebs Orthodhokse Autoqefale e Shqip\u00ebris\u00eb me lajmet edhe informacionet zyrtare p\u00ebr struktur\u00ebn edhe veprimtarin e saj.","publisher":{"@id":"https:\/\/orthodoxalbania.org\/2020\/#organization"},"potentialAction":[{"@type":"SearchAction","target":{"@type":"EntryPoint","urlTemplate":"https:\/\/orthodoxalbania.org\/2020\/?s={search_term_string}"},"query-input":{"@type":"PropertyValueSpecification","valueRequired":true,"valueName":"search_term_string"}}],"inLanguage":"en-US"},{"@type":"Organization","@id":"https:\/\/orthodoxalbania.org\/2020\/#organization","name":"Kisha Orthodhokse Autoqefale e Shqip\u00ebris\u00eb","url":"https:\/\/orthodoxalbania.org\/2020\/","logo":{"@type":"ImageObject","inLanguage":"en-US","@id":"https:\/\/orthodoxalbania.org\/2020\/#\/schema\/logo\/image\/","url":"https:\/\/orthodoxalbania.org\/2020\/wp-content\/uploads\/2020\/05\/albania.jpeg","contentUrl":"https:\/\/orthodoxalbania.org\/2020\/wp-content\/uploads\/2020\/05\/albania.jpeg","width":540,"height":540,"caption":"Kisha Orthodhokse Autoqefale e Shqip\u00ebris\u00eb"},"image":{"@id":"https:\/\/orthodoxalbania.org\/2020\/#\/schema\/logo\/image\/"},"sameAs":["https:\/\/www.facebook.com\/koash1991"]},{"@type":"Person","@id":"https:\/\/orthodoxalbania.org\/2020\/#\/schema\/person\/df745f942b70e045b3dc05a30211f0de","name":"Kisha Orthodhokse","image":{"@type":"ImageObject","inLanguage":"en-US","@id":"https:\/\/secure.gravatar.com\/avatar\/2676eb8d97178435c9f691a7871595a1da6c33542dec218bce40885573150e28?s=96&d=mm&r=g","url":"https:\/\/secure.gravatar.com\/avatar\/2676eb8d97178435c9f691a7871595a1da6c33542dec218bce40885573150e28?s=96&d=mm&r=g","contentUrl":"https:\/\/secure.gravatar.com\/avatar\/2676eb8d97178435c9f691a7871595a1da6c33542dec218bce40885573150e28?s=96&d=mm&r=g","caption":"Kisha Orthodhokse"}}]}},"_links":{"self":[{"href":"https:\/\/orthodoxalbania.org\/2020\/wp-json\/wp\/v2\/posts\/277","targetHints":{"allow":["GET"]}}],"collection":[{"href":"https:\/\/orthodoxalbania.org\/2020\/wp-json\/wp\/v2\/posts"}],"about":[{"href":"https:\/\/orthodoxalbania.org\/2020\/wp-json\/wp\/v2\/types\/post"}],"author":[{"embeddable":true,"href":"https:\/\/orthodoxalbania.org\/2020\/wp-json\/wp\/v2\/users\/7"}],"replies":[{"embeddable":true,"href":"https:\/\/orthodoxalbania.org\/2020\/wp-json\/wp\/v2\/comments?post=277"}],"version-history":[{"count":1,"href":"https:\/\/orthodoxalbania.org\/2020\/wp-json\/wp\/v2\/posts\/277\/revisions"}],"predecessor-version":[{"id":17732,"href":"https:\/\/orthodoxalbania.org\/2020\/wp-json\/wp\/v2\/posts\/277\/revisions\/17732"}],"wp:attachment":[{"href":"https:\/\/orthodoxalbania.org\/2020\/wp-json\/wp\/v2\/media?parent=277"}],"wp:term":[{"taxonomy":"category","embeddable":true,"href":"https:\/\/orthodoxalbania.org\/2020\/wp-json\/wp\/v2\/categories?post=277"},{"taxonomy":"post_tag","embeddable":true,"href":"https:\/\/orthodoxalbania.org\/2020\/wp-json\/wp\/v2\/tags?post=277"}],"curies":[{"name":"wp","href":"https:\/\/api.w.org\/{rel}","templated":true}]}}