{"id":265,"date":"2007-02-26T00:00:00","date_gmt":"2007-02-26T00:00:00","guid":{"rendered":""},"modified":"2020-04-06T22:35:45","modified_gmt":"2020-04-06T20:35:45","slug":"aktiviteti-festiv-i-krishtlindjes-dhe-teatri-i-kukullave-gezoi-qindra-femije-ne-qytete-dhe-fshatra-te-vendit-tone-dhjetor-2007","status":"publish","type":"post","link":"https:\/\/orthodoxalbania.org\/2020\/2007\/02\/26\/aktiviteti-festiv-i-krishtlindjes-dhe-teatri-i-kukullave-gezoi-qindra-femije-ne-qytete-dhe-fshatra-te-vendit-tone-dhjetor-2007\/","title":{"rendered":"Aktiviteti festiv i Krishtlindjes dhe teatri i kukullave g\u00ebzoi qindra f\u00ebmij\u00eb n\u00eb qytete dhe fshatra t\u00eb vendit ton\u00eb. (Dhjetor 2007)"},"content":{"rendered":"<p style=\"text-align: justify;\"><span style=\"color: #000000; font-family: helvetica; font-size: 12pt;\">&nbsp;&nbsp;&nbsp; Edhe k\u00ebt\u00eb vit me bekimin e Kryepiskopit Anastas u zhvillua aktiviteti festiv i Krishtlindjes n\u00eb disa vende t\u00eb ndryshme t\u00eb Shqip\u00ebris\u00eb. Ky aktivitet mjaft i bukur dhe mjaft t\u00ebrheq\u00ebs nisi q\u00eb nga fillimi i muajit dhjetor, duke hapur k\u00ebshtu atmosfer\u00ebn festive t\u00eb fest\u00ebs s\u00eb Krishtlindjes tek f\u00ebmij\u00ebt e kishave t\u00eb qyteteve dhe fshatrave t\u00eb ndryshme q\u00eb u programuan p\u00ebr k\u00ebt\u00eb vit.<\/span><\/p>\n<table id=\"AutoNumber2\" border=\"0\">\n<tbody>\n<tr>\n<td>\n<p style=\"text-align: justify;\"><span style=\"color: #000000; font-family: helvetica; font-size: 12pt;\">&nbsp;&nbsp;&nbsp; Aktiviteti festiv kishte n\u00eb programin e tij teatrin me kukulla \u201cKutia e Krishtlindjes\u201d, m\u00ebsimin e disa k\u00ebng\u00ebve t\u00eb krishtera, e loj\u00ebrave t\u00eb ndryshme dhe nj\u00eb kokteil n\u00eb fund. Aktiviteti u realizua mes bashk\u00ebpunimit t\u00eb koordinator\u00ebve t\u00eb Zyr\u00ebs Komb\u00ebtare t\u00eb F\u00ebmij\u00ebve t\u00eb Kryepiskopat\u00ebs, t\u00eb katekist\u00ebve n\u00eb rrethe t\u00eb Zyr\u00ebs Komb\u00ebtare t\u00eb Katekizmit dhe student\u00ebve t\u00eb Akademis\u00eb Teologjike \u201cNgjallja e Krishtit\u201d Sh\u00ebn Vlash.<\/span><\/p>\n<\/td>\n<td>\n<p><span style=\"color: #000000; font-family: helvetica; font-size: 12pt;\"><img decoding=\"async\" class=\"lazyload HAa Eha\" style=\"border-width: 1px; border-style: solid; margin: 10px;\" alt=\"\" src=\"data:image\/gif;base64,R0lGODlhAQABAAAAACH5BAEKAAEALAAAAAABAAEAAAICTAEAOw==\" data-orig-src=\"https:\/\/lh4.googleusercontent.com\/-1Su5wvDkd2c\/VIrjuqNqrcI\/AAAAAAAAHJ8\/yjENSLPntYI\/w400-h277-no\/1.jpg\" \/><\/span><\/p>\n<\/td>\n<\/tr>\n<tr>\n<td>\n<p><span style=\"color: #000000; font-family: helvetica; font-size: 12pt;\"><img decoding=\"async\" class=\"lazyload HAa Eha\" style=\"border-width: 1px; border-style: solid; margin: 10px auto; display: block;\" alt=\"\" src=\"data:image\/gif;base64,R0lGODlhAQABAAAAACH5BAEKAAEALAAAAAABAAEAAAICTAEAOw==\" data-orig-src=\"https:\/\/lh4.googleusercontent.com\/-dvCBSRATrCE\/VIrjusFf_XI\/AAAAAAAAHKE\/sZ_tOeKkt4M\/w400-h300-no\/2.jpg\" \/><\/span><\/p>\n<\/td>\n<td>\n<p style=\"text-align: justify;\"><span style=\"color: #000000; font-family: helvetica; font-size: 12pt;\">&nbsp;&nbsp;&nbsp; F\u00ebmij\u00ebt u g\u00ebzuan dhe u ngaz\u00eblluan duke k\u00ebnduar k\u00ebng\u00eb, duke recituar poezi, duke treguar se \u00e7far\u00eb kishin m\u00ebsuar gjat\u00eb gjith\u00eb vitit n\u00eb m\u00ebsimet e katekizmit, duke lozur me loj\u00ebrat e reja q\u00eb m\u00ebsuan, si edhe duke ngr\u00ebn\u00eb e pir\u00eb n\u00eb kokteilin e bollsh\u00ebm festiv.<\/span><\/p>\n<\/td>\n<\/tr>\n<tr>\n<td>\n<p style=\"text-align: justify;\"><span style=\"color: #000000; font-family: helvetica; font-size: 12pt;\">&nbsp;&nbsp;&nbsp; Aktiviteti ishte nj\u00eb theksim i atmosfer\u00ebs s\u00eb g\u00ebzueshme dhe shpres\u00ebdh\u00ebn\u00ebse q\u00eb sjell\u00eb p\u00ebr mbar\u00eb bot\u00ebn dhe f\u00ebmij\u00ebt n\u00eb ve\u00e7anti kjo fest\u00eb kaq e madhe. Ajo q\u00eb i t\u00ebrhoqi edhe m\u00eb shum\u00eb f\u00ebmij\u00ebt pjes\u00ebmarr\u00ebs ishte teatri me kukulla.<\/span><\/p>\n<p><span style=\"font-family: helvetica; font-size: 12pt;\"><\/span><\/p>\n<\/td>\n<td>\n<p><span style=\"color: #000000; font-family: helvetica; font-size: 12pt;\"><img decoding=\"async\" class=\"lazyload HAa Eha\" style=\"border-width: 1px; border-style: solid; margin: 10px auto; display: block;\" alt=\"\" src=\"data:image\/gif;base64,R0lGODlhAQABAAAAACH5BAEKAAEALAAAAAABAAEAAAICTAEAOw==\" data-orig-src=\"https:\/\/lh6.googleusercontent.com\/-HpwpeArZ8ZY\/VIrju5MI2dI\/AAAAAAAAHJ4\/jahhdbPvNQg\/w300-h400-no\/3.jpg\" \/><\/span><\/p>\n<\/td>\n<\/tr>\n<tr>\n<td>\n<p><span style=\"color: #000000; font-family: helvetica; font-size: 12pt;\"><img decoding=\"async\" class=\"lazyload HAa Eha\" style=\"border-width: 1px; border-style: solid; margin: 10px;\" alt=\"\" src=\"data:image\/gif;base64,R0lGODlhAQABAAAAACH5BAEKAAEALAAAAAABAAEAAAICTAEAOw==\" data-orig-src=\"https:\/\/lh3.googleusercontent.com\/-EtWpc0BKuSo\/VIrjvJOyHAI\/AAAAAAAAHJ0\/LmEcLsKgB_0\/w448-h320-no\/4.jpg\" \/><\/span><\/p>\n<\/td>\n<td>\n<p style=\"text-align: justify;\"><span style=\"color: #000000; font-family: helvetica; font-size: 12pt;\">&nbsp;&nbsp;&nbsp; Ky teat\u00ebr, q\u00eb u p\u00ebrgatit nga Zyra Komb\u00ebtare e F\u00ebmij\u00ebve dhe u realizua nga student\u00ebt e vitit t\u00eb par\u00eb t\u00eb Akademis\u00eb Teologjike, kishte si q\u00ebllim t\u00eb trajtonte tem\u00ebn e Krishtlindjes dhe n\u00eb t\u00eb nj\u00ebjt\u00ebn koh\u00eb t\u00eb arg\u00ebtonte f\u00ebmij\u00ebt me l\u00ebvizjet dhe fjal\u00ebt e p\u00ebrcjell\u00eb nga kukullat.<\/span><\/p>\n<\/td>\n<\/tr>\n<tr>\n<td>\n<p style=\"text-align: justify;\"><span style=\"color: #000000; font-family: helvetica; font-size: 12pt;\">&nbsp;&nbsp;&nbsp; N\u00eb \u00e7do vend q\u00eb u shfaq teatri i kukullave u mir\u00ebprit shum\u00eb mir\u00eb dhe f\u00ebmij\u00ebt u g\u00ebzuan aq shum\u00eb sa na ftuan q\u00eb t\u00eb ktheheshim p\u00ebrs\u00ebri vitin tjet\u00ebr, nd\u00ebrsa n\u00eb ato vende ku teatri i kukullave kishte qen\u00eb nj\u00eb vit m\u00eb par\u00eb f\u00ebmij\u00ebt na tregonin t\u00eb gjith\u00eb historin\u00eb dhe gjith\u00e7ka q\u00eb kishin b\u00ebr\u00eb nj\u00eb vit m\u00eb par\u00eb.<\/span><\/p>\n<\/td>\n<td>\n<p><span style=\"color: #000000; font-family: helvetica; font-size: 12pt;\"><img decoding=\"async\" class=\"lazyload HAa Eha\" style=\"border-width: 1px; border-style: solid; margin: 10px;\" alt=\"\" src=\"data:image\/gif;base64,R0lGODlhAQABAAAAACH5BAEKAAEALAAAAAABAAEAAAICTAEAOw==\" data-orig-src=\"https:\/\/lh4.googleusercontent.com\/-sMRUFX2KPe0\/VIrjv7LIIYI\/AAAAAAAAHJs\/j6BSWJCrlYA\/w400-h300-no\/5.jpg\" \/><\/span><\/p>\n<\/td>\n<\/tr>\n<tr>\n<td>\n<p><span style=\"color: #000000; font-family: helvetica; font-size: 12pt;\"><img decoding=\"async\" class=\"lazyload HAa Eha\" style=\"border-width: 1px; border-style: solid; margin: 10px auto; display: block;\" alt=\"\" src=\"data:image\/gif;base64,R0lGODlhAQABAAAAACH5BAEKAAEALAAAAAABAAEAAAICTAEAOw==\" data-orig-src=\"https:\/\/lh3.googleusercontent.com\/-NNvIkk0bDHk\/VIrjv3qrvbI\/AAAAAAAAHJg\/OI361LsVeg0\/w400-h300-no\/6.jpg\" \/><\/span><\/p>\n<\/td>\n<td>\n<p style=\"text-align: justify;\"><span style=\"color: #000000; font-family: helvetica; font-size: 12pt;\">&nbsp;&nbsp;&nbsp; Dhe ne jemi t\u00eb sigurt dhe k\u00ebt\u00eb siguri na e dhan\u00eb vet\u00eb f\u00ebmij\u00ebt se ata do ta kujtojn\u00eb k\u00ebt\u00eb teat\u00ebr kukullash&nbsp; si nj\u00eb g\u00ebzim dhe pjes\u00ebmarrje t\u00eb tyre n\u00eb m\u00ebsimin e historis\u00eb s\u00eb lindjes s\u00eb Krishtit foshnj\u00eb.<\/span><\/p>\n<p style=\"text-align: justify;\"><span style=\"font-family: helvetica; font-size: 12pt;\"><\/span><\/p>\n<\/td>\n<\/tr>\n<tr>\n<td>\n<p style=\"text-align: justify;\"><span style=\"color: #000000; font-family: helvetica; font-size: 12pt;\">&nbsp;&nbsp;&nbsp; Ky aktivitet dhe teatri me kukulla \u201cKutia e Krishtlindjes\u201d u shfaq p\u00ebrpara 880 f\u00ebmij\u00ebve: p\u00ebrpara f\u00ebmij\u00ebve t\u00eb qytetit t\u00eb Beratit, t\u00eb Lushnj\u00ebs, t\u00eb Durr\u00ebsit, t\u00eb fshatit Sh\u00ebn Vlash si dhe t\u00eb Sht\u00ebpis\u00eb Orthodhokse Shpresa n\u00eb Manastirin e Sh\u00ebn Vlashit, t\u00eb qytetit t\u00eb Tiran\u00ebs n\u00eb 6 qendrat saj t\u00eb f\u00ebmij\u00ebve (Qytetit Studenti, Bathores, Frym\u00eb Dashurie, Kinostudios, Qendr\u00ebs shpirt\u00ebrore arsimore Thavor, Kish\u00ebs Ungjill\u00ebzimit), t\u00eb Shkodr\u00ebs dhe t\u00eb fshatit Vrak\u00eb, t\u00eb qytetit t\u00eb Elbasanit dhe fshatrave t\u00eb tij: t\u00eb Sh\u00ebn Joanit Vladimirit, t\u00eb Fikasit, t\u00eb Kuqanit, t\u00eb Shelcanit, t\u00eb qytetit t\u00eb Gramshit, t\u00eb qytetit t\u00eb Kavaj\u00ebs si edhe t\u00eb fshatrave Sh\u00ebn Pjet\u00ebr e Topoj\u00eb t\u00eb Fierit.<\/span><\/p>\n<\/td>\n<td>\n<p><span style=\"color: #000000; font-family: helvetica; font-size: 12pt;\"><img decoding=\"async\" class=\"lazyload HAa Eha\" style=\"border-width: 1px; border-style: solid; margin: 10px;\" alt=\"\" src=\"data:image\/gif;base64,R0lGODlhAQABAAAAACH5BAEKAAEALAAAAAABAAEAAAICTAEAOw==\" data-orig-src=\"https:\/\/lh6.googleusercontent.com\/-Awmtevcr_Uk\/VIrjwHs3xuI\/AAAAAAAAHJo\/hnfoMfTwdCk\/w400-h300-no\/7.jpg\" \/><\/span><\/p>\n<\/td>\n<\/tr>\n<tr>\n<td>\n<p><span style=\"color: #000000; font-family: helvetica; font-size: 12pt;\"><img decoding=\"async\" class=\"lazyload HAa Eha\" style=\"border-width: 1px; border-style: solid; margin: 10px;\" alt=\"\" src=\"data:image\/gif;base64,R0lGODlhAQABAAAAACH5BAEKAAEALAAAAAABAAEAAAICTAEAOw==\" data-orig-src=\"https:\/\/lh5.googleusercontent.com\/-7_A1i3pk44E\/VIrjwlpDxoI\/AAAAAAAAHJw\/X3SydBMKgQc\/w448-h336-no\/8.jpg\" \/><\/span><\/p>\n<\/td>\n<td>\n<p style=\"text-align: justify;\"><span style=\"color: #000000; font-family: helvetica; font-size: 12pt;\">&nbsp;&nbsp;&nbsp; Ky aktivitet festiv i la vendin dit\u00ebve m\u00eb pas nj\u00eb aktiviteti tjet\u00ebr festiv n\u00eb k\u00ebto fshatra e qytete por edhe n\u00eb t\u00eb gjith\u00eb grupet e katekizmit t\u00eb f\u00ebmij\u00ebve n\u00eb \u00e7do dioqez\u00eb duke p\u00ebrfshir\u00eb tashm\u00eb edhe disa pun\u00eb dore ku mes tyre ishte edhe formimi e ngjyrosja e ikon\u00ebs s\u00eb Krishtlindjes duke u bazuar n\u00eb librin q\u00eb iu dhurua f\u00ebmij\u00ebve \u201cDit\u00eblindja m\u00eb e madhe\u201d, shoq\u00ebruar n\u00eb fund edhe me kokteil.<\/span><\/p>\n<\/td>\n<\/tr>\n<tr>\n<td>\n<p><span style=\"font-family: helvetica; font-size: 12pt;\"><\/span><\/p>\n<\/td>\n<td>\n<p><span style=\"font-family: helvetica; font-size: 12pt;\"><\/span><\/p>\n<\/td>\n<\/tr>\n<tr>\n<td>\n<p><span style=\"font-family: helvetica; font-size: 12pt;\"><\/span><\/p>\n<\/td>\n<td>\n<p><span style=\"font-family: helvetica; font-size: 12pt;\"><\/span><\/p>\n<\/td>\n<\/tr>\n<tr>\n<td>\n<p><span style=\"color: #000000; font-family: helvetica; font-size: 12pt;\">&nbsp;&nbsp;&nbsp;&nbsp; <strong>Spiro Topanxha<\/strong><\/span><\/p>\n<\/td>\n<td><span style=\"font-family: helvetica; font-size: 12pt;\"><\/span><\/td>\n<\/tr>\n<\/tbody>\n<\/table>\n<p>&nbsp;<\/p>\n","protected":false},"excerpt":{"rendered":"<p>&nbsp;&nbsp;&nbsp; Edhe k\u00ebt\u00eb vit me bekimin e Kryepiskopit Anastas u zhvillua aktiviteti festiv i Krishtlindjes n\u00eb disa vende t\u00eb ndryshme t\u00eb Shqip\u00ebris\u00eb. Ky aktivitet mjaft i bukur dhe mjaft t\u00ebrheq\u00ebs nisi q\u00eb nga fillimi i muajit dhjetor, duke hapur k\u00ebshtu atmosfer\u00ebn festive t\u00eb fest\u00ebs s\u00eb Krishtlindjes tek f\u00ebmij\u00ebt e kishave t\u00eb qyteteve dhe fshatrave t\u00eb ndryshme q\u00eb u programuan p\u00ebr k\u00ebt\u00eb vit. &nbsp;&nbsp;&nbsp; Aktiviteti festiv<\/p>\n","protected":false},"author":1,"featured_media":0,"comment_status":"open","ping_status":"open","sticky":false,"template":"","format":"standard","meta":{"_acf_changed":false,"pagelayer_contact_templates":[],"_pagelayer_content":"","inline_featured_image":false,"fifu_image_url":"","fifu_image_alt":"","footnotes":""},"categories":[108],"tags":[147,154,196,212,156],"class_list":["post-265","post","type-post","status-publish","format-standard","hentry","category-lajme","tag-147","tag-aktivitete","tag-tirane","tag-lajme-d27","tag-femijet"],"acf":[],"yoast_head":"<!-- This site is optimized with the Yoast SEO plugin v27.2 - https:\/\/yoast.com\/product\/yoast-seo-wordpress\/ -->\n<title>Aktiviteti festiv i Krishtlindjes dhe teatri i kukullave g\u00ebzoi qindra f\u00ebmij\u00eb n\u00eb qytete dhe fshatra t\u00eb vendit ton\u00eb. (Dhjetor 2007) - Kisha Orthodh\u03bfkse Autoqefale e Shqip\u00ebris\u00eb<\/title>\n<meta name=\"robots\" content=\"index, follow, max-snippet:-1, max-image-preview:large, max-video-preview:-1\" \/>\n<link rel=\"canonical\" href=\"https:\/\/orthodoxalbania.org\/2020\/2007\/02\/26\/aktiviteti-festiv-i-krishtlindjes-dhe-teatri-i-kukullave-gezoi-qindra-femije-ne-qytete-dhe-fshatra-te-vendit-tone-dhjetor-2007\/\" \/>\n<meta property=\"og:locale\" content=\"en_US\" \/>\n<meta property=\"og:type\" content=\"article\" \/>\n<meta property=\"og:title\" content=\"Aktiviteti festiv i Krishtlindjes dhe teatri i kukullave g\u00ebzoi qindra f\u00ebmij\u00eb n\u00eb qytete dhe fshatra t\u00eb vendit ton\u00eb. (Dhjetor 2007) - Kisha Orthodh\u03bfkse Autoqefale e Shqip\u00ebris\u00eb\" \/>\n<meta property=\"og:description\" content=\"&nbsp;&nbsp;&nbsp; Edhe k\u00ebt\u00eb vit me bekimin e Kryepiskopit Anastas u zhvillua aktiviteti festiv i Krishtlindjes n\u00eb disa vende t\u00eb ndryshme t\u00eb Shqip\u00ebris\u00eb. Ky aktivitet mjaft i bukur dhe mjaft t\u00ebrheq\u00ebs nisi q\u00eb nga fillimi i muajit dhjetor, duke hapur k\u00ebshtu atmosfer\u00ebn festive t\u00eb fest\u00ebs s\u00eb Krishtlindjes tek f\u00ebmij\u00ebt e kishave t\u00eb qyteteve dhe fshatrave t\u00eb ndryshme q\u00eb u programuan p\u00ebr k\u00ebt\u00eb vit. &nbsp;&nbsp;&nbsp; Aktiviteti festiv\" \/>\n<meta property=\"og:url\" content=\"https:\/\/orthodoxalbania.org\/2020\/2007\/02\/26\/aktiviteti-festiv-i-krishtlindjes-dhe-teatri-i-kukullave-gezoi-qindra-femije-ne-qytete-dhe-fshatra-te-vendit-tone-dhjetor-2007\/\" \/>\n<meta property=\"og:site_name\" content=\"Kisha Orthodh\u03bfkse Autoqefale e Shqip\u00ebris\u00eb\" \/>\n<meta property=\"article:publisher\" content=\"https:\/\/www.facebook.com\/koash1991\" \/>\n<meta property=\"article:published_time\" content=\"2007-02-26T00:00:00+00:00\" \/>\n<meta property=\"article:modified_time\" content=\"2020-04-06T20:35:45+00:00\" \/>\n<meta property=\"og:image\" content=\"https:\/\/lh4.googleusercontent.com\/-1Su5wvDkd2c\/VIrjuqNqrcI\/AAAAAAAAHJ8\/yjENSLPntYI\/w400-h277-no\/1.jpg\" \/>\n<meta name=\"author\" content=\"Kisha Orthodhokse\" \/>\n<meta name=\"twitter:card\" content=\"summary_large_image\" \/>\n<meta name=\"twitter:label1\" content=\"Written by\" \/>\n\t<meta name=\"twitter:data1\" content=\"Kisha Orthodhokse\" \/>\n\t<meta name=\"twitter:label2\" content=\"Est. reading time\" \/>\n\t<meta name=\"twitter:data2\" content=\"3 minutes\" \/>\n<script type=\"application\/ld+json\" class=\"yoast-schema-graph\">{\"@context\":\"https:\/\/schema.org\",\"@graph\":[{\"@type\":\"Article\",\"@id\":\"https:\/\/orthodoxalbania.org\/2020\/2007\/02\/26\/aktiviteti-festiv-i-krishtlindjes-dhe-teatri-i-kukullave-gezoi-qindra-femije-ne-qytete-dhe-fshatra-te-vendit-tone-dhjetor-2007\/#article\",\"isPartOf\":{\"@id\":\"https:\/\/orthodoxalbania.org\/2020\/2007\/02\/26\/aktiviteti-festiv-i-krishtlindjes-dhe-teatri-i-kukullave-gezoi-qindra-femije-ne-qytete-dhe-fshatra-te-vendit-tone-dhjetor-2007\/\"},\"author\":{\"name\":\"Kisha Orthodhokse\",\"@id\":\"https:\/\/orthodoxalbania.org\/2020\/#\/schema\/person\/0c387634a7063ac612d7ed9ce71c7e86\"},\"headline\":\"Aktiviteti festiv i Krishtlindjes dhe teatri i kukullave g\u00ebzoi qindra f\u00ebmij\u00eb n\u00eb qytete dhe fshatra t\u00eb vendit ton\u00eb. (Dhjetor 2007)\",\"datePublished\":\"2007-02-26T00:00:00+00:00\",\"dateModified\":\"2020-04-06T20:35:45+00:00\",\"mainEntityOfPage\":{\"@id\":\"https:\/\/orthodoxalbania.org\/2020\/2007\/02\/26\/aktiviteti-festiv-i-krishtlindjes-dhe-teatri-i-kukullave-gezoi-qindra-femije-ne-qytete-dhe-fshatra-te-vendit-tone-dhjetor-2007\/\"},\"wordCount\":693,\"commentCount\":0,\"publisher\":{\"@id\":\"https:\/\/orthodoxalbania.org\/2020\/#organization\"},\"image\":{\"@id\":\"https:\/\/orthodoxalbania.org\/2020\/2007\/02\/26\/aktiviteti-festiv-i-krishtlindjes-dhe-teatri-i-kukullave-gezoi-qindra-femije-ne-qytete-dhe-fshatra-te-vendit-tone-dhjetor-2007\/#primaryimage\"},\"thumbnailUrl\":\"https:\/\/lh4.googleusercontent.com\/-1Su5wvDkd2c\/VIrjuqNqrcI\/AAAAAAAAHJ8\/yjENSLPntYI\/w400-h277-no\/1.jpg\",\"keywords\":[\"2007\",\"Aktivitete\",\"Kryepiskopata Tiran\u00eb\",\"lajme\",\"Zyra e F\u00ebmij\u00ebve\"],\"articleSection\":[\"Lajme\"],\"inLanguage\":\"en-US\"},{\"@type\":\"WebPage\",\"@id\":\"https:\/\/orthodoxalbania.org\/2020\/2007\/02\/26\/aktiviteti-festiv-i-krishtlindjes-dhe-teatri-i-kukullave-gezoi-qindra-femije-ne-qytete-dhe-fshatra-te-vendit-tone-dhjetor-2007\/\",\"url\":\"https:\/\/orthodoxalbania.org\/2020\/2007\/02\/26\/aktiviteti-festiv-i-krishtlindjes-dhe-teatri-i-kukullave-gezoi-qindra-femije-ne-qytete-dhe-fshatra-te-vendit-tone-dhjetor-2007\/\",\"name\":\"Aktiviteti festiv i Krishtlindjes dhe teatri i kukullave g\u00ebzoi qindra f\u00ebmij\u00eb n\u00eb qytete dhe fshatra t\u00eb vendit ton\u00eb. (Dhjetor 2007) - Kisha Orthodh\u03bfkse Autoqefale e Shqip\u00ebris\u00eb\",\"isPartOf\":{\"@id\":\"https:\/\/orthodoxalbania.org\/2020\/#website\"},\"primaryImageOfPage\":{\"@id\":\"https:\/\/orthodoxalbania.org\/2020\/2007\/02\/26\/aktiviteti-festiv-i-krishtlindjes-dhe-teatri-i-kukullave-gezoi-qindra-femije-ne-qytete-dhe-fshatra-te-vendit-tone-dhjetor-2007\/#primaryimage\"},\"image\":{\"@id\":\"https:\/\/orthodoxalbania.org\/2020\/2007\/02\/26\/aktiviteti-festiv-i-krishtlindjes-dhe-teatri-i-kukullave-gezoi-qindra-femije-ne-qytete-dhe-fshatra-te-vendit-tone-dhjetor-2007\/#primaryimage\"},\"thumbnailUrl\":\"https:\/\/lh4.googleusercontent.com\/-1Su5wvDkd2c\/VIrjuqNqrcI\/AAAAAAAAHJ8\/yjENSLPntYI\/w400-h277-no\/1.jpg\",\"datePublished\":\"2007-02-26T00:00:00+00:00\",\"dateModified\":\"2020-04-06T20:35:45+00:00\",\"breadcrumb\":{\"@id\":\"https:\/\/orthodoxalbania.org\/2020\/2007\/02\/26\/aktiviteti-festiv-i-krishtlindjes-dhe-teatri-i-kukullave-gezoi-qindra-femije-ne-qytete-dhe-fshatra-te-vendit-tone-dhjetor-2007\/#breadcrumb\"},\"inLanguage\":\"en-US\",\"potentialAction\":[{\"@type\":\"ReadAction\",\"target\":[\"https:\/\/orthodoxalbania.org\/2020\/2007\/02\/26\/aktiviteti-festiv-i-krishtlindjes-dhe-teatri-i-kukullave-gezoi-qindra-femije-ne-qytete-dhe-fshatra-te-vendit-tone-dhjetor-2007\/\"]}]},{\"@type\":\"ImageObject\",\"inLanguage\":\"en-US\",\"@id\":\"https:\/\/orthodoxalbania.org\/2020\/2007\/02\/26\/aktiviteti-festiv-i-krishtlindjes-dhe-teatri-i-kukullave-gezoi-qindra-femije-ne-qytete-dhe-fshatra-te-vendit-tone-dhjetor-2007\/#primaryimage\",\"url\":\"https:\/\/lh4.googleusercontent.com\/-1Su5wvDkd2c\/VIrjuqNqrcI\/AAAAAAAAHJ8\/yjENSLPntYI\/w400-h277-no\/1.jpg\",\"contentUrl\":\"https:\/\/lh4.googleusercontent.com\/-1Su5wvDkd2c\/VIrjuqNqrcI\/AAAAAAAAHJ8\/yjENSLPntYI\/w400-h277-no\/1.jpg\"},{\"@type\":\"BreadcrumbList\",\"@id\":\"https:\/\/orthodoxalbania.org\/2020\/2007\/02\/26\/aktiviteti-festiv-i-krishtlindjes-dhe-teatri-i-kukullave-gezoi-qindra-femije-ne-qytete-dhe-fshatra-te-vendit-tone-dhjetor-2007\/#breadcrumb\",\"itemListElement\":[{\"@type\":\"ListItem\",\"position\":1,\"name\":\"Home\",\"item\":\"https:\/\/orthodoxalbania.org\/2020\/\"},{\"@type\":\"ListItem\",\"position\":2,\"name\":\"Aktiviteti festiv i Krishtlindjes dhe teatri i kukullave g\u00ebzoi qindra f\u00ebmij\u00eb n\u00eb qytete dhe fshatra t\u00eb vendit ton\u00eb. (Dhjetor 2007)\"}]},{\"@type\":\"WebSite\",\"@id\":\"https:\/\/orthodoxalbania.org\/2020\/#website\",\"url\":\"https:\/\/orthodoxalbania.org\/2020\/\",\"name\":\"Kisha Orthodh\u03bfkse Autoqefale e Shqip\u00ebris\u00eb\",\"description\":\"Fqja Zyrtare e Kish\u00ebs Orthodhokse Autoqefale e Shqip\u00ebris\u00eb me lajmet edhe informacionet zyrtare p\u00ebr struktur\u00ebn edhe veprimtarin e saj.\",\"publisher\":{\"@id\":\"https:\/\/orthodoxalbania.org\/2020\/#organization\"},\"potentialAction\":[{\"@type\":\"SearchAction\",\"target\":{\"@type\":\"EntryPoint\",\"urlTemplate\":\"https:\/\/orthodoxalbania.org\/2020\/?s={search_term_string}\"},\"query-input\":{\"@type\":\"PropertyValueSpecification\",\"valueRequired\":true,\"valueName\":\"search_term_string\"}}],\"inLanguage\":\"en-US\"},{\"@type\":\"Organization\",\"@id\":\"https:\/\/orthodoxalbania.org\/2020\/#organization\",\"name\":\"Kisha Orthodhokse Autoqefale e Shqip\u00ebris\u00eb\",\"url\":\"https:\/\/orthodoxalbania.org\/2020\/\",\"logo\":{\"@type\":\"ImageObject\",\"inLanguage\":\"en-US\",\"@id\":\"https:\/\/orthodoxalbania.org\/2020\/#\/schema\/logo\/image\/\",\"url\":\"https:\/\/orthodoxalbania.org\/2020\/wp-content\/uploads\/2020\/05\/albania.jpeg\",\"contentUrl\":\"https:\/\/orthodoxalbania.org\/2020\/wp-content\/uploads\/2020\/05\/albania.jpeg\",\"width\":540,\"height\":540,\"caption\":\"Kisha Orthodhokse Autoqefale e Shqip\u00ebris\u00eb\"},\"image\":{\"@id\":\"https:\/\/orthodoxalbania.org\/2020\/#\/schema\/logo\/image\/\"},\"sameAs\":[\"https:\/\/www.facebook.com\/koash1991\"]},{\"@type\":\"Person\",\"@id\":\"https:\/\/orthodoxalbania.org\/2020\/#\/schema\/person\/0c387634a7063ac612d7ed9ce71c7e86\",\"name\":\"Kisha Orthodhokse\",\"image\":{\"@type\":\"ImageObject\",\"inLanguage\":\"en-US\",\"@id\":\"https:\/\/secure.gravatar.com\/avatar\/596e7c417251e30f2fbb9c00e026fce61a695a00e51c889caded71c96cbbdde5?s=96&d=mm&r=g\",\"url\":\"https:\/\/secure.gravatar.com\/avatar\/596e7c417251e30f2fbb9c00e026fce61a695a00e51c889caded71c96cbbdde5?s=96&d=mm&r=g\",\"contentUrl\":\"https:\/\/secure.gravatar.com\/avatar\/596e7c417251e30f2fbb9c00e026fce61a695a00e51c889caded71c96cbbdde5?s=96&d=mm&r=g\",\"caption\":\"Kisha Orthodhokse\"}}]}<\/script>\n<!-- \/ Yoast SEO plugin. -->","yoast_head_json":{"title":"Aktiviteti festiv i Krishtlindjes dhe teatri i kukullave g\u00ebzoi qindra f\u00ebmij\u00eb n\u00eb qytete dhe fshatra t\u00eb vendit ton\u00eb. (Dhjetor 2007) - Kisha Orthodh\u03bfkse Autoqefale e Shqip\u00ebris\u00eb","robots":{"index":"index","follow":"follow","max-snippet":"max-snippet:-1","max-image-preview":"max-image-preview:large","max-video-preview":"max-video-preview:-1"},"canonical":"https:\/\/orthodoxalbania.org\/2020\/2007\/02\/26\/aktiviteti-festiv-i-krishtlindjes-dhe-teatri-i-kukullave-gezoi-qindra-femije-ne-qytete-dhe-fshatra-te-vendit-tone-dhjetor-2007\/","og_locale":"en_US","og_type":"article","og_title":"Aktiviteti festiv i Krishtlindjes dhe teatri i kukullave g\u00ebzoi qindra f\u00ebmij\u00eb n\u00eb qytete dhe fshatra t\u00eb vendit ton\u00eb. (Dhjetor 2007) - Kisha Orthodh\u03bfkse Autoqefale e Shqip\u00ebris\u00eb","og_description":"&nbsp;&nbsp;&nbsp; Edhe k\u00ebt\u00eb vit me bekimin e Kryepiskopit Anastas u zhvillua aktiviteti festiv i Krishtlindjes n\u00eb disa vende t\u00eb ndryshme t\u00eb Shqip\u00ebris\u00eb. Ky aktivitet mjaft i bukur dhe mjaft t\u00ebrheq\u00ebs nisi q\u00eb nga fillimi i muajit dhjetor, duke hapur k\u00ebshtu atmosfer\u00ebn festive t\u00eb fest\u00ebs s\u00eb Krishtlindjes tek f\u00ebmij\u00ebt e kishave t\u00eb qyteteve dhe fshatrave t\u00eb ndryshme q\u00eb u programuan p\u00ebr k\u00ebt\u00eb vit. &nbsp;&nbsp;&nbsp; Aktiviteti festiv","og_url":"https:\/\/orthodoxalbania.org\/2020\/2007\/02\/26\/aktiviteti-festiv-i-krishtlindjes-dhe-teatri-i-kukullave-gezoi-qindra-femije-ne-qytete-dhe-fshatra-te-vendit-tone-dhjetor-2007\/","og_site_name":"Kisha Orthodh\u03bfkse Autoqefale e Shqip\u00ebris\u00eb","article_publisher":"https:\/\/www.facebook.com\/koash1991","article_published_time":"2007-02-26T00:00:00+00:00","article_modified_time":"2020-04-06T20:35:45+00:00","og_image":[{"url":"https:\/\/lh4.googleusercontent.com\/-1Su5wvDkd2c\/VIrjuqNqrcI\/AAAAAAAAHJ8\/yjENSLPntYI\/w400-h277-no\/1.jpg","type":"","width":"","height":""}],"author":"Kisha Orthodhokse","twitter_card":"summary_large_image","twitter_misc":{"Written by":"Kisha Orthodhokse","Est. reading time":"3 minutes"},"schema":{"@context":"https:\/\/schema.org","@graph":[{"@type":"Article","@id":"https:\/\/orthodoxalbania.org\/2020\/2007\/02\/26\/aktiviteti-festiv-i-krishtlindjes-dhe-teatri-i-kukullave-gezoi-qindra-femije-ne-qytete-dhe-fshatra-te-vendit-tone-dhjetor-2007\/#article","isPartOf":{"@id":"https:\/\/orthodoxalbania.org\/2020\/2007\/02\/26\/aktiviteti-festiv-i-krishtlindjes-dhe-teatri-i-kukullave-gezoi-qindra-femije-ne-qytete-dhe-fshatra-te-vendit-tone-dhjetor-2007\/"},"author":{"name":"Kisha Orthodhokse","@id":"https:\/\/orthodoxalbania.org\/2020\/#\/schema\/person\/0c387634a7063ac612d7ed9ce71c7e86"},"headline":"Aktiviteti festiv i Krishtlindjes dhe teatri i kukullave g\u00ebzoi qindra f\u00ebmij\u00eb n\u00eb qytete dhe fshatra t\u00eb vendit ton\u00eb. (Dhjetor 2007)","datePublished":"2007-02-26T00:00:00+00:00","dateModified":"2020-04-06T20:35:45+00:00","mainEntityOfPage":{"@id":"https:\/\/orthodoxalbania.org\/2020\/2007\/02\/26\/aktiviteti-festiv-i-krishtlindjes-dhe-teatri-i-kukullave-gezoi-qindra-femije-ne-qytete-dhe-fshatra-te-vendit-tone-dhjetor-2007\/"},"wordCount":693,"commentCount":0,"publisher":{"@id":"https:\/\/orthodoxalbania.org\/2020\/#organization"},"image":{"@id":"https:\/\/orthodoxalbania.org\/2020\/2007\/02\/26\/aktiviteti-festiv-i-krishtlindjes-dhe-teatri-i-kukullave-gezoi-qindra-femije-ne-qytete-dhe-fshatra-te-vendit-tone-dhjetor-2007\/#primaryimage"},"thumbnailUrl":"https:\/\/lh4.googleusercontent.com\/-1Su5wvDkd2c\/VIrjuqNqrcI\/AAAAAAAAHJ8\/yjENSLPntYI\/w400-h277-no\/1.jpg","keywords":["2007","Aktivitete","Kryepiskopata Tiran\u00eb","lajme","Zyra e F\u00ebmij\u00ebve"],"articleSection":["Lajme"],"inLanguage":"en-US"},{"@type":"WebPage","@id":"https:\/\/orthodoxalbania.org\/2020\/2007\/02\/26\/aktiviteti-festiv-i-krishtlindjes-dhe-teatri-i-kukullave-gezoi-qindra-femije-ne-qytete-dhe-fshatra-te-vendit-tone-dhjetor-2007\/","url":"https:\/\/orthodoxalbania.org\/2020\/2007\/02\/26\/aktiviteti-festiv-i-krishtlindjes-dhe-teatri-i-kukullave-gezoi-qindra-femije-ne-qytete-dhe-fshatra-te-vendit-tone-dhjetor-2007\/","name":"Aktiviteti festiv i Krishtlindjes dhe teatri i kukullave g\u00ebzoi qindra f\u00ebmij\u00eb n\u00eb qytete dhe fshatra t\u00eb vendit ton\u00eb. (Dhjetor 2007) - Kisha Orthodh\u03bfkse Autoqefale e Shqip\u00ebris\u00eb","isPartOf":{"@id":"https:\/\/orthodoxalbania.org\/2020\/#website"},"primaryImageOfPage":{"@id":"https:\/\/orthodoxalbania.org\/2020\/2007\/02\/26\/aktiviteti-festiv-i-krishtlindjes-dhe-teatri-i-kukullave-gezoi-qindra-femije-ne-qytete-dhe-fshatra-te-vendit-tone-dhjetor-2007\/#primaryimage"},"image":{"@id":"https:\/\/orthodoxalbania.org\/2020\/2007\/02\/26\/aktiviteti-festiv-i-krishtlindjes-dhe-teatri-i-kukullave-gezoi-qindra-femije-ne-qytete-dhe-fshatra-te-vendit-tone-dhjetor-2007\/#primaryimage"},"thumbnailUrl":"https:\/\/lh4.googleusercontent.com\/-1Su5wvDkd2c\/VIrjuqNqrcI\/AAAAAAAAHJ8\/yjENSLPntYI\/w400-h277-no\/1.jpg","datePublished":"2007-02-26T00:00:00+00:00","dateModified":"2020-04-06T20:35:45+00:00","breadcrumb":{"@id":"https:\/\/orthodoxalbania.org\/2020\/2007\/02\/26\/aktiviteti-festiv-i-krishtlindjes-dhe-teatri-i-kukullave-gezoi-qindra-femije-ne-qytete-dhe-fshatra-te-vendit-tone-dhjetor-2007\/#breadcrumb"},"inLanguage":"en-US","potentialAction":[{"@type":"ReadAction","target":["https:\/\/orthodoxalbania.org\/2020\/2007\/02\/26\/aktiviteti-festiv-i-krishtlindjes-dhe-teatri-i-kukullave-gezoi-qindra-femije-ne-qytete-dhe-fshatra-te-vendit-tone-dhjetor-2007\/"]}]},{"@type":"ImageObject","inLanguage":"en-US","@id":"https:\/\/orthodoxalbania.org\/2020\/2007\/02\/26\/aktiviteti-festiv-i-krishtlindjes-dhe-teatri-i-kukullave-gezoi-qindra-femije-ne-qytete-dhe-fshatra-te-vendit-tone-dhjetor-2007\/#primaryimage","url":"https:\/\/lh4.googleusercontent.com\/-1Su5wvDkd2c\/VIrjuqNqrcI\/AAAAAAAAHJ8\/yjENSLPntYI\/w400-h277-no\/1.jpg","contentUrl":"https:\/\/lh4.googleusercontent.com\/-1Su5wvDkd2c\/VIrjuqNqrcI\/AAAAAAAAHJ8\/yjENSLPntYI\/w400-h277-no\/1.jpg"},{"@type":"BreadcrumbList","@id":"https:\/\/orthodoxalbania.org\/2020\/2007\/02\/26\/aktiviteti-festiv-i-krishtlindjes-dhe-teatri-i-kukullave-gezoi-qindra-femije-ne-qytete-dhe-fshatra-te-vendit-tone-dhjetor-2007\/#breadcrumb","itemListElement":[{"@type":"ListItem","position":1,"name":"Home","item":"https:\/\/orthodoxalbania.org\/2020\/"},{"@type":"ListItem","position":2,"name":"Aktiviteti festiv i Krishtlindjes dhe teatri i kukullave g\u00ebzoi qindra f\u00ebmij\u00eb n\u00eb qytete dhe fshatra t\u00eb vendit ton\u00eb. (Dhjetor 2007)"}]},{"@type":"WebSite","@id":"https:\/\/orthodoxalbania.org\/2020\/#website","url":"https:\/\/orthodoxalbania.org\/2020\/","name":"Kisha Orthodh\u03bfkse Autoqefale e Shqip\u00ebris\u00eb","description":"Fqja Zyrtare e Kish\u00ebs Orthodhokse Autoqefale e Shqip\u00ebris\u00eb me lajmet edhe informacionet zyrtare p\u00ebr struktur\u00ebn edhe veprimtarin e saj.","publisher":{"@id":"https:\/\/orthodoxalbania.org\/2020\/#organization"},"potentialAction":[{"@type":"SearchAction","target":{"@type":"EntryPoint","urlTemplate":"https:\/\/orthodoxalbania.org\/2020\/?s={search_term_string}"},"query-input":{"@type":"PropertyValueSpecification","valueRequired":true,"valueName":"search_term_string"}}],"inLanguage":"en-US"},{"@type":"Organization","@id":"https:\/\/orthodoxalbania.org\/2020\/#organization","name":"Kisha Orthodhokse Autoqefale e Shqip\u00ebris\u00eb","url":"https:\/\/orthodoxalbania.org\/2020\/","logo":{"@type":"ImageObject","inLanguage":"en-US","@id":"https:\/\/orthodoxalbania.org\/2020\/#\/schema\/logo\/image\/","url":"https:\/\/orthodoxalbania.org\/2020\/wp-content\/uploads\/2020\/05\/albania.jpeg","contentUrl":"https:\/\/orthodoxalbania.org\/2020\/wp-content\/uploads\/2020\/05\/albania.jpeg","width":540,"height":540,"caption":"Kisha Orthodhokse Autoqefale e Shqip\u00ebris\u00eb"},"image":{"@id":"https:\/\/orthodoxalbania.org\/2020\/#\/schema\/logo\/image\/"},"sameAs":["https:\/\/www.facebook.com\/koash1991"]},{"@type":"Person","@id":"https:\/\/orthodoxalbania.org\/2020\/#\/schema\/person\/0c387634a7063ac612d7ed9ce71c7e86","name":"Kisha Orthodhokse","image":{"@type":"ImageObject","inLanguage":"en-US","@id":"https:\/\/secure.gravatar.com\/avatar\/596e7c417251e30f2fbb9c00e026fce61a695a00e51c889caded71c96cbbdde5?s=96&d=mm&r=g","url":"https:\/\/secure.gravatar.com\/avatar\/596e7c417251e30f2fbb9c00e026fce61a695a00e51c889caded71c96cbbdde5?s=96&d=mm&r=g","contentUrl":"https:\/\/secure.gravatar.com\/avatar\/596e7c417251e30f2fbb9c00e026fce61a695a00e51c889caded71c96cbbdde5?s=96&d=mm&r=g","caption":"Kisha Orthodhokse"}}]}},"_links":{"self":[{"href":"https:\/\/orthodoxalbania.org\/2020\/wp-json\/wp\/v2\/posts\/265","targetHints":{"allow":["GET"]}}],"collection":[{"href":"https:\/\/orthodoxalbania.org\/2020\/wp-json\/wp\/v2\/posts"}],"about":[{"href":"https:\/\/orthodoxalbania.org\/2020\/wp-json\/wp\/v2\/types\/post"}],"author":[{"embeddable":true,"href":"https:\/\/orthodoxalbania.org\/2020\/wp-json\/wp\/v2\/users\/1"}],"replies":[{"embeddable":true,"href":"https:\/\/orthodoxalbania.org\/2020\/wp-json\/wp\/v2\/comments?post=265"}],"version-history":[{"count":1,"href":"https:\/\/orthodoxalbania.org\/2020\/wp-json\/wp\/v2\/posts\/265\/revisions"}],"predecessor-version":[{"id":15755,"href":"https:\/\/orthodoxalbania.org\/2020\/wp-json\/wp\/v2\/posts\/265\/revisions\/15755"}],"wp:attachment":[{"href":"https:\/\/orthodoxalbania.org\/2020\/wp-json\/wp\/v2\/media?parent=265"}],"wp:term":[{"taxonomy":"category","embeddable":true,"href":"https:\/\/orthodoxalbania.org\/2020\/wp-json\/wp\/v2\/categories?post=265"},{"taxonomy":"post_tag","embeddable":true,"href":"https:\/\/orthodoxalbania.org\/2020\/wp-json\/wp\/v2\/tags?post=265"}],"curies":[{"name":"wp","href":"https:\/\/api.w.org\/{rel}","templated":true}]}}