{"id":264,"date":"2007-02-26T00:00:00","date_gmt":"2007-02-26T00:00:00","guid":{"rendered":""},"modified":"2020-04-06T22:35:43","modified_gmt":"2020-04-06T20:35:43","slug":"aktivitete-te-pasura-shpirterore-dhe-sociale-te-lidhjes-se-grave-orthodhokse-te-tiranes-tetor-2007","status":"publish","type":"post","link":"https:\/\/orthodoxalbania.org\/2020\/2007\/02\/26\/aktivitete-te-pasura-shpirterore-dhe-sociale-te-lidhjes-se-grave-orthodhokse-te-tiranes-tetor-2007\/","title":{"rendered":"Aktivitete t\u00eb pasura shpirt\u00ebrore dhe sociale t\u00eb Lidhjes s\u00eb Grave Orthodhokse t\u00eb Tiran\u00ebs. (Tetor 2007)"},"content":{"rendered":"<table id=\"AutoNumber2\" border=\"0\">\n<tbody>\n<tr>\n<td>\n<p style=\"text-align: justify;\"><span style=\"color: #000000; font-family: helvetica; font-size: 12pt;\">&nbsp;&nbsp;&nbsp; Fundviti i gjeti aktivistet e Lidhjes s\u00eb Grave Orthodhokse \u201cP\u00ebrhapja e Dashuris\u00eb\u201d n\u00eb Tiran\u00eb t\u00eb impenjuara n\u00eb aktivitete t\u00eb larmishme. N\u00eb aspektin shpirt\u00ebror, ato kan\u00eb marr\u00eb pjes\u00eb n\u00eb takimet e p\u00ebrjavshme n\u00eb drejtimin e et\u00ebrve t\u00eb Kish\u00ebs. Gjat\u00eb muajve shtator &#8211; tetor jan\u00eb zhvilluar tema interesante mbi lutjen, pendimin dhe besimin nga fol\u00ebs t\u00eb ndrysh\u00ebm, si: Hir\u00ebsi Ilia, Hir\u00ebsi Andoni, at\u00eb Ilia dhe z. Miron \u00c7ako.<\/span><\/p>\n<\/td>\n<\/tr>\n<tr>\n<td>\n<p><span style=\"color: #000000; font-family: helvetica; font-size: 12pt;\"><img decoding=\"async\" class=\"lazyload HAa Eha\" style=\"border-width: 1px; border-style: solid; margin: 10px auto; display: block;\" alt=\"\" src=\"data:image\/gif;base64,R0lGODlhAQABAAAAACH5BAEKAAEALAAAAAABAAEAAAICTAEAOw==\" data-orig-src=\"https:\/\/lh5.googleusercontent.com\/-Rlr5J7Vrbbc\/VIrLC672OmI\/AAAAAAAAG-Y\/fgRNiJz-H1E\/w600-h279-no\/pic1.jpg\" \/><\/span><\/p>\n<\/td>\n<\/tr>\n<tr>\n<td>\n<p style=\"text-align: justify;\"><span style=\"color: #000000; font-family: helvetica; font-size: 12pt;\">&nbsp;&nbsp;&nbsp; Veprimtaret e Lidhjes s\u00eb Grave Orthodhokse \u201cP\u00ebrhapja e Dashuris\u00eb\u201d n\u00eb Tiran\u00eb, kan\u00eb b\u00ebr\u00eb vizita t\u00eb vazhdueshme n\u00eb sht\u00ebpit\u00eb e disa grave t\u00eb s\u00ebmura. Ato kan\u00eb mb\u00ebshtetur shpirt\u00ebrisht n\u00eb \u00e7astet e v\u00ebshtira q\u00eb kalonin Kristin\u00ebn, Elenin, Ana-Marian etj., por edhe i kan\u00eb ndihmuar ato edhe materialisht.<\/span><\/p>\n<\/td>\n<\/tr>\n<tr>\n<td>\n<p><span style=\"color: #000000; font-family: helvetica; font-size: 12pt;\"><img decoding=\"async\" class=\"lazyload HAa Eha\" style=\"border-width: 1px; border-style: solid; margin: 10px auto; display: block;\" alt=\"\" src=\"data:image\/gif;base64,R0lGODlhAQABAAAAACH5BAEKAAEALAAAAAABAAEAAAICTAEAOw==\" data-orig-src=\"https:\/\/lh3.googleusercontent.com\/-6iqEUM4aY00\/VIrLC5fW0lI\/AAAAAAAAG-U\/BqKG_WAonls\/w600-h266-no\/pic2.jpg\" \/><\/span><\/p>\n<\/td>\n<\/tr>\n<tr>\n<td>\n<p style=\"text-align: justify;\"><span style=\"color: #000000; font-family: helvetica; font-size: 12pt;\">&nbsp;&nbsp;&nbsp; Nj\u00eb tjet\u00ebr veprimtari e Lidhjes s\u00eb Grave Orthodhokse t\u00eb Tiran\u00ebs jan\u00eb vizitat tek personat e mosh\u00ebs s\u00eb tret\u00eb, kategori q\u00eb p\u00ebrjeton v\u00ebshtir\u00ebsi sh\u00ebndet\u00ebsore dhe shpirt\u00ebrore, nd\u00ebrsa disa t\u00eb tjer\u00eb jan\u00eb braktisur nga f\u00ebmij\u00ebt. Lidhja e Grave Orthodhokse t\u00eb Tiran\u00ebs i viziton shpesh k\u00ebto njer\u00ebz dhe p\u00ebrkujdesen me sh\u00ebrbime t\u00eb ndryshme vullnetare si blerje ila\u00e7esh, gatim, pastrim sht\u00ebpie etj. T\u00eb moshuar, gra edhe burra kan\u00eb shprehur edhe d\u00ebshir\u00ebn p\u00ebr vizit\u00ebn e nj\u00eb prifti n\u00eb sht\u00ebpit\u00eb e tyre, p\u00ebr t\u00eb kryer misterin e Pendim &#8211; Rr\u00ebfimit dhe marrjen e Kungat\u00ebs Hyjnore. Jan\u00eb organizuar gjithashtu edhe veprimtari arg\u00ebtuese dhe Tryeza Dashurie, me pjes\u00ebmarrjen e t\u00eb moshuarve n\u00eb mjedise t\u00eb ndryshme t\u00eb Kish\u00ebs, si n\u00eb Qendr\u00ebn shpirt\u00ebrore &#8211; arsimore \u201cThavor\u201d, n\u00eb Tiran\u00eb ashtu edhe n\u00eb manastirin e sh\u00ebn Vlashit, n\u00eb Durr\u00ebs.<\/span><\/p>\n<\/td>\n<\/tr>\n<tr>\n<td>\n<p><span style=\"color: #000000; font-family: helvetica; font-size: 12pt;\"><img decoding=\"async\" class=\"lazyload HAa Eha\" style=\"border-width: 1px; border-style: solid; margin: 10px auto; display: block;\" alt=\"\" src=\"data:image\/gif;base64,R0lGODlhAQABAAAAACH5BAEKAAEALAAAAAABAAEAAAICTAEAOw==\" data-orig-src=\"https:\/\/lh6.googleusercontent.com\/-JVlBGPiBbeM\/VIrLCqMHdQI\/AAAAAAAAG-g\/u96l7C30eBQ\/w600-h393-no\/pic3.jpg\" \/><\/span><\/p>\n<\/td>\n<\/tr>\n<tr>\n<td>\n<p style=\"text-align: justify;\"><span style=\"color: #000000; font-family: helvetica; font-size: 12pt;\">&nbsp;&nbsp;&nbsp; N\u00eb mjediset e zyr\u00ebs, pran\u00eb Kish\u00ebs \u201cUngjill\u00ebzimi i Hyjlind\u00ebses\u201d, n\u00eb Tiran\u00eb, \u00e7do t\u00eb mart\u00eb dhe t\u00eb enjte t\u00eb \u00e7do muaji, b\u00ebhen pritje p\u00ebr njer\u00ebzit n\u00eb nevoj\u00eb. Grat\u00eb orthodhokse njihen me problemet e tyre dhe shpeshher\u00eb i mb\u00ebshtesin me k\u00ebshilla shpirt\u00ebrore, por edhe me ndihma me ushqime dhe veshmbathje. Ndihmohen k\u00ebshtu rreth 200 persona, si dhe shum\u00eb t\u00eb s\u00ebmur\u00eb mb\u00ebshteten financiarisht p\u00ebr t\u00eb bler\u00eb ila\u00e7e, nd\u00ebrsa disa t\u00eb tjer\u00eb t\u00eb pastreh\u00eb ndihmohen p\u00ebr t\u00eb pagur nj\u00eb pjes\u00eb t\u00eb qeras\u00eb mujore etj.<\/span><\/p>\n<\/td>\n<\/tr>\n<tr>\n<td>\n<p><span style=\"color: #000000; font-family: helvetica; font-size: 12pt;\"><img decoding=\"async\" class=\"lazyload HAa Eha\" style=\"border-width: 1px; border-style: solid; margin: 10px auto; display: block;\" alt=\"\" src=\"data:image\/gif;base64,R0lGODlhAQABAAAAACH5BAEKAAEALAAAAAABAAEAAAICTAEAOw==\" data-orig-src=\"https:\/\/lh5.googleusercontent.com\/-2V-Q1ljjAHc\/VIrLDPAxwpI\/AAAAAAAAG-c\/1lAnbefBCBU\/w600-h396-no\/pic4.jpg\" \/><\/span><\/p>\n<\/td>\n<\/tr>\n<tr>\n<td>\n<p style=\"text-align: justify;\"><span style=\"color: #000000; font-family: helvetica; font-size: 12pt;\">&nbsp;&nbsp;&nbsp; \u00c7do muaj n\u00eb azilin shtet\u00ebror t\u00eb Tiran\u00ebs p\u00ebrgatitet nj\u00eb drek\u00eb p\u00ebr 35 t\u00eb moshuar. Fondi i k\u00ebtij aktiviteti, ashtu sikurse t\u00eb gjitha shpenzimet q\u00eb kryhen p\u00ebr t\u00eb ndihmuar personat n\u00eb nevoj\u00eb, sigurohet nga Fortlumturia e Tij, Kryepiskopi Anastas. T\u00eb moshuarit presin me padurim dit\u00ebn q\u00eb grat\u00eb e Kish\u00ebs do t\u2019i vizitojn\u00eb. Mendja e tyre nuk \u00ebsht\u00eb p\u00ebrqendruar vet\u00ebm tek ushqimi, por kryesorja \u00ebsht\u00eb dashuria q\u00eb ata lexojn\u00eb n\u00eb zemrat e tyre.<\/span><br \/><span style=\"font-family: helvetica; font-size: 12pt;\"> &nbsp;<\/span><\/p>\n<\/td>\n<\/tr>\n<tr>\n<td>\n<p style=\"text-align: justify;\"><span style=\"color: #000000; font-family: helvetica; font-size: 12pt;\">&nbsp;&nbsp;&nbsp; Gjithashtu, dy her\u00eb n\u00eb muaj kryhen vizitat n\u00eb burg, me objektiv p\u00ebrhapjen e dashuris\u00eb s\u00eb krishter\u00eb p\u00ebr t\u00eb ngjallur shpres\u00ebn n\u00eb zemrat e t\u00eb d\u00ebnuarve, t\u00eb privuar p\u00ebrkoh\u00ebsisht nga liria. K\u00ebto vizita kan\u00eb p\u00ebrfshir\u00eb mb\u00ebshtetjen shpirt\u00ebrore dhe emocionale, por nuk kan\u00eb l\u00ebn\u00eb m\u00ebnjan\u00eb edhe ndihmes\u00ebn sociale. K\u00ebshtu p\u00ebr shembull, gjat\u00eb muajit tetor krahas bisedave t\u00eb zakonshme q\u00eb zhvillohen me grat\u00eb e d\u00ebnuara, u dhuruan disa prodhime ushqimore p\u00ebr 90 persona.<\/span><\/p>\n<\/td>\n<\/tr>\n<\/tbody>\n<\/table>\n<p style=\"text-align: justify;\"><span style=\"font-family: helvetica; font-size: 12pt;\"><\/span><\/p>\n<p style=\"text-align: right;\"><span style=\"color: #000000; font-family: helvetica; font-size: 12pt;\"><strong>P\u00ebrgatit\u00ebn<\/strong>: <strong>I.Koti, R.Shqevi<\/strong><\/span><\/p>\n<p style=\"text-align: justify;\"><span style=\"font-family: helvetica; font-size: 12pt;\"><\/span><\/p>\n","protected":false},"excerpt":{"rendered":"<p>&nbsp;&nbsp;&nbsp; Fundviti i gjeti aktivistet e Lidhjes s\u00eb Grave Orthodhokse \u201cP\u00ebrhapja e Dashuris\u00eb\u201d n\u00eb Tiran\u00eb t\u00eb impenjuara n\u00eb aktivitete t\u00eb larmishme. N\u00eb aspektin shpirt\u00ebror, ato kan\u00eb marr\u00eb pjes\u00eb n\u00eb takimet e p\u00ebrjavshme n\u00eb drejtimin e et\u00ebrve t\u00eb Kish\u00ebs. Gjat\u00eb muajve shtator &#8211; tetor jan\u00eb zhvilluar tema interesante mbi lutjen, pendimin dhe besimin nga fol\u00ebs t\u00eb ndrysh\u00ebm, si: Hir\u00ebsi Ilia, Hir\u00ebsi Andoni, at\u00eb Ilia dhe z.<\/p>\n","protected":false},"author":1,"featured_media":0,"comment_status":"open","ping_status":"open","sticky":false,"template":"","format":"standard","meta":{"_acf_changed":false,"pagelayer_contact_templates":[],"_pagelayer_content":"","inline_featured_image":false,"fifu_image_url":"","fifu_image_alt":"","footnotes":""},"categories":[108],"tags":[147,154,196,212,187],"class_list":["post-264","post","type-post","status-publish","format-standard","hentry","category-lajme","tag-147","tag-aktivitete","tag-tirane","tag-lajme-d27","tag-lidhja-e-grave-orthodhokse"],"acf":[],"yoast_head":"<!-- This site is optimized with the Yoast SEO plugin v27.2 - https:\/\/yoast.com\/product\/yoast-seo-wordpress\/ -->\n<title>Aktivitete t\u00eb pasura shpirt\u00ebrore dhe sociale t\u00eb Lidhjes s\u00eb Grave Orthodhokse t\u00eb Tiran\u00ebs. (Tetor 2007) - Kisha Orthodh\u03bfkse Autoqefale e Shqip\u00ebris\u00eb<\/title>\n<meta name=\"robots\" content=\"index, follow, max-snippet:-1, max-image-preview:large, max-video-preview:-1\" \/>\n<link rel=\"canonical\" href=\"https:\/\/orthodoxalbania.org\/2020\/2007\/02\/26\/aktivitete-te-pasura-shpirterore-dhe-sociale-te-lidhjes-se-grave-orthodhokse-te-tiranes-tetor-2007\/\" \/>\n<meta property=\"og:locale\" content=\"en_US\" \/>\n<meta property=\"og:type\" content=\"article\" \/>\n<meta property=\"og:title\" content=\"Aktivitete t\u00eb pasura shpirt\u00ebrore dhe sociale t\u00eb Lidhjes s\u00eb Grave Orthodhokse t\u00eb Tiran\u00ebs. (Tetor 2007) - Kisha Orthodh\u03bfkse Autoqefale e Shqip\u00ebris\u00eb\" \/>\n<meta property=\"og:description\" content=\"&nbsp;&nbsp;&nbsp; Fundviti i gjeti aktivistet e Lidhjes s\u00eb Grave Orthodhokse \u201cP\u00ebrhapja e Dashuris\u00eb\u201d n\u00eb Tiran\u00eb t\u00eb impenjuara n\u00eb aktivitete t\u00eb larmishme. N\u00eb aspektin shpirt\u00ebror, ato kan\u00eb marr\u00eb pjes\u00eb n\u00eb takimet e p\u00ebrjavshme n\u00eb drejtimin e et\u00ebrve t\u00eb Kish\u00ebs. Gjat\u00eb muajve shtator &#8211; tetor jan\u00eb zhvilluar tema interesante mbi lutjen, pendimin dhe besimin nga fol\u00ebs t\u00eb ndrysh\u00ebm, si: Hir\u00ebsi Ilia, Hir\u00ebsi Andoni, at\u00eb Ilia dhe z.\" \/>\n<meta property=\"og:url\" content=\"https:\/\/orthodoxalbania.org\/2020\/2007\/02\/26\/aktivitete-te-pasura-shpirterore-dhe-sociale-te-lidhjes-se-grave-orthodhokse-te-tiranes-tetor-2007\/\" \/>\n<meta property=\"og:site_name\" content=\"Kisha Orthodh\u03bfkse Autoqefale e Shqip\u00ebris\u00eb\" \/>\n<meta property=\"article:publisher\" content=\"https:\/\/www.facebook.com\/koash1991\" \/>\n<meta property=\"article:published_time\" content=\"2007-02-26T00:00:00+00:00\" \/>\n<meta property=\"article:modified_time\" content=\"2020-04-06T20:35:43+00:00\" \/>\n<meta property=\"og:image\" content=\"https:\/\/lh5.googleusercontent.com\/-Rlr5J7Vrbbc\/VIrLC672OmI\/AAAAAAAAG-Y\/fgRNiJz-H1E\/w600-h279-no\/pic1.jpg\" \/>\n<meta name=\"author\" content=\"Kisha Orthodhokse\" \/>\n<meta name=\"twitter:card\" content=\"summary_large_image\" \/>\n<meta name=\"twitter:label1\" content=\"Written by\" \/>\n\t<meta name=\"twitter:data1\" content=\"Kisha Orthodhokse\" \/>\n\t<meta name=\"twitter:label2\" content=\"Est. reading time\" \/>\n\t<meta name=\"twitter:data2\" content=\"3 minutes\" \/>\n<script type=\"application\/ld+json\" class=\"yoast-schema-graph\">{\"@context\":\"https:\/\/schema.org\",\"@graph\":[{\"@type\":\"Article\",\"@id\":\"https:\/\/orthodoxalbania.org\/2020\/2007\/02\/26\/aktivitete-te-pasura-shpirterore-dhe-sociale-te-lidhjes-se-grave-orthodhokse-te-tiranes-tetor-2007\/#article\",\"isPartOf\":{\"@id\":\"https:\/\/orthodoxalbania.org\/2020\/2007\/02\/26\/aktivitete-te-pasura-shpirterore-dhe-sociale-te-lidhjes-se-grave-orthodhokse-te-tiranes-tetor-2007\/\"},\"author\":{\"name\":\"Kisha Orthodhokse\",\"@id\":\"https:\/\/orthodoxalbania.org\/2020\/#\/schema\/person\/0c387634a7063ac612d7ed9ce71c7e86\"},\"headline\":\"Aktivitete t\u00eb pasura shpirt\u00ebrore dhe sociale t\u00eb Lidhjes s\u00eb Grave Orthodhokse t\u00eb Tiran\u00ebs. (Tetor 2007)\",\"datePublished\":\"2007-02-26T00:00:00+00:00\",\"dateModified\":\"2020-04-06T20:35:43+00:00\",\"mainEntityOfPage\":{\"@id\":\"https:\/\/orthodoxalbania.org\/2020\/2007\/02\/26\/aktivitete-te-pasura-shpirterore-dhe-sociale-te-lidhjes-se-grave-orthodhokse-te-tiranes-tetor-2007\/\"},\"wordCount\":594,\"commentCount\":0,\"publisher\":{\"@id\":\"https:\/\/orthodoxalbania.org\/2020\/#organization\"},\"image\":{\"@id\":\"https:\/\/orthodoxalbania.org\/2020\/2007\/02\/26\/aktivitete-te-pasura-shpirterore-dhe-sociale-te-lidhjes-se-grave-orthodhokse-te-tiranes-tetor-2007\/#primaryimage\"},\"thumbnailUrl\":\"https:\/\/lh5.googleusercontent.com\/-Rlr5J7Vrbbc\/VIrLC672OmI\/AAAAAAAAG-Y\/fgRNiJz-H1E\/w600-h279-no\/pic1.jpg\",\"keywords\":[\"2007\",\"Aktivitete\",\"Kryepiskopata Tiran\u00eb\",\"lajme\",\"Lidhja e Grave Orthodhokse\"],\"articleSection\":[\"Lajme\"],\"inLanguage\":\"en-US\"},{\"@type\":\"WebPage\",\"@id\":\"https:\/\/orthodoxalbania.org\/2020\/2007\/02\/26\/aktivitete-te-pasura-shpirterore-dhe-sociale-te-lidhjes-se-grave-orthodhokse-te-tiranes-tetor-2007\/\",\"url\":\"https:\/\/orthodoxalbania.org\/2020\/2007\/02\/26\/aktivitete-te-pasura-shpirterore-dhe-sociale-te-lidhjes-se-grave-orthodhokse-te-tiranes-tetor-2007\/\",\"name\":\"Aktivitete t\u00eb pasura shpirt\u00ebrore dhe sociale t\u00eb Lidhjes s\u00eb Grave Orthodhokse t\u00eb Tiran\u00ebs. (Tetor 2007) - Kisha Orthodh\u03bfkse Autoqefale e Shqip\u00ebris\u00eb\",\"isPartOf\":{\"@id\":\"https:\/\/orthodoxalbania.org\/2020\/#website\"},\"primaryImageOfPage\":{\"@id\":\"https:\/\/orthodoxalbania.org\/2020\/2007\/02\/26\/aktivitete-te-pasura-shpirterore-dhe-sociale-te-lidhjes-se-grave-orthodhokse-te-tiranes-tetor-2007\/#primaryimage\"},\"image\":{\"@id\":\"https:\/\/orthodoxalbania.org\/2020\/2007\/02\/26\/aktivitete-te-pasura-shpirterore-dhe-sociale-te-lidhjes-se-grave-orthodhokse-te-tiranes-tetor-2007\/#primaryimage\"},\"thumbnailUrl\":\"https:\/\/lh5.googleusercontent.com\/-Rlr5J7Vrbbc\/VIrLC672OmI\/AAAAAAAAG-Y\/fgRNiJz-H1E\/w600-h279-no\/pic1.jpg\",\"datePublished\":\"2007-02-26T00:00:00+00:00\",\"dateModified\":\"2020-04-06T20:35:43+00:00\",\"breadcrumb\":{\"@id\":\"https:\/\/orthodoxalbania.org\/2020\/2007\/02\/26\/aktivitete-te-pasura-shpirterore-dhe-sociale-te-lidhjes-se-grave-orthodhokse-te-tiranes-tetor-2007\/#breadcrumb\"},\"inLanguage\":\"en-US\",\"potentialAction\":[{\"@type\":\"ReadAction\",\"target\":[\"https:\/\/orthodoxalbania.org\/2020\/2007\/02\/26\/aktivitete-te-pasura-shpirterore-dhe-sociale-te-lidhjes-se-grave-orthodhokse-te-tiranes-tetor-2007\/\"]}]},{\"@type\":\"ImageObject\",\"inLanguage\":\"en-US\",\"@id\":\"https:\/\/orthodoxalbania.org\/2020\/2007\/02\/26\/aktivitete-te-pasura-shpirterore-dhe-sociale-te-lidhjes-se-grave-orthodhokse-te-tiranes-tetor-2007\/#primaryimage\",\"url\":\"https:\/\/lh5.googleusercontent.com\/-Rlr5J7Vrbbc\/VIrLC672OmI\/AAAAAAAAG-Y\/fgRNiJz-H1E\/w600-h279-no\/pic1.jpg\",\"contentUrl\":\"https:\/\/lh5.googleusercontent.com\/-Rlr5J7Vrbbc\/VIrLC672OmI\/AAAAAAAAG-Y\/fgRNiJz-H1E\/w600-h279-no\/pic1.jpg\"},{\"@type\":\"BreadcrumbList\",\"@id\":\"https:\/\/orthodoxalbania.org\/2020\/2007\/02\/26\/aktivitete-te-pasura-shpirterore-dhe-sociale-te-lidhjes-se-grave-orthodhokse-te-tiranes-tetor-2007\/#breadcrumb\",\"itemListElement\":[{\"@type\":\"ListItem\",\"position\":1,\"name\":\"Home\",\"item\":\"https:\/\/orthodoxalbania.org\/2020\/\"},{\"@type\":\"ListItem\",\"position\":2,\"name\":\"Aktivitete t\u00eb pasura shpirt\u00ebrore dhe sociale t\u00eb Lidhjes s\u00eb Grave Orthodhokse t\u00eb Tiran\u00ebs. (Tetor 2007)\"}]},{\"@type\":\"WebSite\",\"@id\":\"https:\/\/orthodoxalbania.org\/2020\/#website\",\"url\":\"https:\/\/orthodoxalbania.org\/2020\/\",\"name\":\"Kisha Orthodh\u03bfkse Autoqefale e Shqip\u00ebris\u00eb\",\"description\":\"Fqja Zyrtare e Kish\u00ebs Orthodhokse Autoqefale e Shqip\u00ebris\u00eb me lajmet edhe informacionet zyrtare p\u00ebr struktur\u00ebn edhe veprimtarin e saj.\",\"publisher\":{\"@id\":\"https:\/\/orthodoxalbania.org\/2020\/#organization\"},\"potentialAction\":[{\"@type\":\"SearchAction\",\"target\":{\"@type\":\"EntryPoint\",\"urlTemplate\":\"https:\/\/orthodoxalbania.org\/2020\/?s={search_term_string}\"},\"query-input\":{\"@type\":\"PropertyValueSpecification\",\"valueRequired\":true,\"valueName\":\"search_term_string\"}}],\"inLanguage\":\"en-US\"},{\"@type\":\"Organization\",\"@id\":\"https:\/\/orthodoxalbania.org\/2020\/#organization\",\"name\":\"Kisha Orthodhokse Autoqefale e Shqip\u00ebris\u00eb\",\"url\":\"https:\/\/orthodoxalbania.org\/2020\/\",\"logo\":{\"@type\":\"ImageObject\",\"inLanguage\":\"en-US\",\"@id\":\"https:\/\/orthodoxalbania.org\/2020\/#\/schema\/logo\/image\/\",\"url\":\"https:\/\/orthodoxalbania.org\/2020\/wp-content\/uploads\/2020\/05\/albania.jpeg\",\"contentUrl\":\"https:\/\/orthodoxalbania.org\/2020\/wp-content\/uploads\/2020\/05\/albania.jpeg\",\"width\":540,\"height\":540,\"caption\":\"Kisha Orthodhokse Autoqefale e Shqip\u00ebris\u00eb\"},\"image\":{\"@id\":\"https:\/\/orthodoxalbania.org\/2020\/#\/schema\/logo\/image\/\"},\"sameAs\":[\"https:\/\/www.facebook.com\/koash1991\"]},{\"@type\":\"Person\",\"@id\":\"https:\/\/orthodoxalbania.org\/2020\/#\/schema\/person\/0c387634a7063ac612d7ed9ce71c7e86\",\"name\":\"Kisha Orthodhokse\",\"image\":{\"@type\":\"ImageObject\",\"inLanguage\":\"en-US\",\"@id\":\"https:\/\/secure.gravatar.com\/avatar\/596e7c417251e30f2fbb9c00e026fce61a695a00e51c889caded71c96cbbdde5?s=96&d=mm&r=g\",\"url\":\"https:\/\/secure.gravatar.com\/avatar\/596e7c417251e30f2fbb9c00e026fce61a695a00e51c889caded71c96cbbdde5?s=96&d=mm&r=g\",\"contentUrl\":\"https:\/\/secure.gravatar.com\/avatar\/596e7c417251e30f2fbb9c00e026fce61a695a00e51c889caded71c96cbbdde5?s=96&d=mm&r=g\",\"caption\":\"Kisha Orthodhokse\"}}]}<\/script>\n<!-- \/ Yoast SEO plugin. -->","yoast_head_json":{"title":"Aktivitete t\u00eb pasura shpirt\u00ebrore dhe sociale t\u00eb Lidhjes s\u00eb Grave Orthodhokse t\u00eb Tiran\u00ebs. (Tetor 2007) - Kisha Orthodh\u03bfkse Autoqefale e Shqip\u00ebris\u00eb","robots":{"index":"index","follow":"follow","max-snippet":"max-snippet:-1","max-image-preview":"max-image-preview:large","max-video-preview":"max-video-preview:-1"},"canonical":"https:\/\/orthodoxalbania.org\/2020\/2007\/02\/26\/aktivitete-te-pasura-shpirterore-dhe-sociale-te-lidhjes-se-grave-orthodhokse-te-tiranes-tetor-2007\/","og_locale":"en_US","og_type":"article","og_title":"Aktivitete t\u00eb pasura shpirt\u00ebrore dhe sociale t\u00eb Lidhjes s\u00eb Grave Orthodhokse t\u00eb Tiran\u00ebs. (Tetor 2007) - Kisha Orthodh\u03bfkse Autoqefale e Shqip\u00ebris\u00eb","og_description":"&nbsp;&nbsp;&nbsp; Fundviti i gjeti aktivistet e Lidhjes s\u00eb Grave Orthodhokse \u201cP\u00ebrhapja e Dashuris\u00eb\u201d n\u00eb Tiran\u00eb t\u00eb impenjuara n\u00eb aktivitete t\u00eb larmishme. N\u00eb aspektin shpirt\u00ebror, ato kan\u00eb marr\u00eb pjes\u00eb n\u00eb takimet e p\u00ebrjavshme n\u00eb drejtimin e et\u00ebrve t\u00eb Kish\u00ebs. Gjat\u00eb muajve shtator &#8211; tetor jan\u00eb zhvilluar tema interesante mbi lutjen, pendimin dhe besimin nga fol\u00ebs t\u00eb ndrysh\u00ebm, si: Hir\u00ebsi Ilia, Hir\u00ebsi Andoni, at\u00eb Ilia dhe z.","og_url":"https:\/\/orthodoxalbania.org\/2020\/2007\/02\/26\/aktivitete-te-pasura-shpirterore-dhe-sociale-te-lidhjes-se-grave-orthodhokse-te-tiranes-tetor-2007\/","og_site_name":"Kisha Orthodh\u03bfkse Autoqefale e Shqip\u00ebris\u00eb","article_publisher":"https:\/\/www.facebook.com\/koash1991","article_published_time":"2007-02-26T00:00:00+00:00","article_modified_time":"2020-04-06T20:35:43+00:00","og_image":[{"url":"https:\/\/lh5.googleusercontent.com\/-Rlr5J7Vrbbc\/VIrLC672OmI\/AAAAAAAAG-Y\/fgRNiJz-H1E\/w600-h279-no\/pic1.jpg","type":"","width":"","height":""}],"author":"Kisha Orthodhokse","twitter_card":"summary_large_image","twitter_misc":{"Written by":"Kisha Orthodhokse","Est. reading time":"3 minutes"},"schema":{"@context":"https:\/\/schema.org","@graph":[{"@type":"Article","@id":"https:\/\/orthodoxalbania.org\/2020\/2007\/02\/26\/aktivitete-te-pasura-shpirterore-dhe-sociale-te-lidhjes-se-grave-orthodhokse-te-tiranes-tetor-2007\/#article","isPartOf":{"@id":"https:\/\/orthodoxalbania.org\/2020\/2007\/02\/26\/aktivitete-te-pasura-shpirterore-dhe-sociale-te-lidhjes-se-grave-orthodhokse-te-tiranes-tetor-2007\/"},"author":{"name":"Kisha Orthodhokse","@id":"https:\/\/orthodoxalbania.org\/2020\/#\/schema\/person\/0c387634a7063ac612d7ed9ce71c7e86"},"headline":"Aktivitete t\u00eb pasura shpirt\u00ebrore dhe sociale t\u00eb Lidhjes s\u00eb Grave Orthodhokse t\u00eb Tiran\u00ebs. (Tetor 2007)","datePublished":"2007-02-26T00:00:00+00:00","dateModified":"2020-04-06T20:35:43+00:00","mainEntityOfPage":{"@id":"https:\/\/orthodoxalbania.org\/2020\/2007\/02\/26\/aktivitete-te-pasura-shpirterore-dhe-sociale-te-lidhjes-se-grave-orthodhokse-te-tiranes-tetor-2007\/"},"wordCount":594,"commentCount":0,"publisher":{"@id":"https:\/\/orthodoxalbania.org\/2020\/#organization"},"image":{"@id":"https:\/\/orthodoxalbania.org\/2020\/2007\/02\/26\/aktivitete-te-pasura-shpirterore-dhe-sociale-te-lidhjes-se-grave-orthodhokse-te-tiranes-tetor-2007\/#primaryimage"},"thumbnailUrl":"https:\/\/lh5.googleusercontent.com\/-Rlr5J7Vrbbc\/VIrLC672OmI\/AAAAAAAAG-Y\/fgRNiJz-H1E\/w600-h279-no\/pic1.jpg","keywords":["2007","Aktivitete","Kryepiskopata Tiran\u00eb","lajme","Lidhja e Grave Orthodhokse"],"articleSection":["Lajme"],"inLanguage":"en-US"},{"@type":"WebPage","@id":"https:\/\/orthodoxalbania.org\/2020\/2007\/02\/26\/aktivitete-te-pasura-shpirterore-dhe-sociale-te-lidhjes-se-grave-orthodhokse-te-tiranes-tetor-2007\/","url":"https:\/\/orthodoxalbania.org\/2020\/2007\/02\/26\/aktivitete-te-pasura-shpirterore-dhe-sociale-te-lidhjes-se-grave-orthodhokse-te-tiranes-tetor-2007\/","name":"Aktivitete t\u00eb pasura shpirt\u00ebrore dhe sociale t\u00eb Lidhjes s\u00eb Grave Orthodhokse t\u00eb Tiran\u00ebs. (Tetor 2007) - Kisha Orthodh\u03bfkse Autoqefale e Shqip\u00ebris\u00eb","isPartOf":{"@id":"https:\/\/orthodoxalbania.org\/2020\/#website"},"primaryImageOfPage":{"@id":"https:\/\/orthodoxalbania.org\/2020\/2007\/02\/26\/aktivitete-te-pasura-shpirterore-dhe-sociale-te-lidhjes-se-grave-orthodhokse-te-tiranes-tetor-2007\/#primaryimage"},"image":{"@id":"https:\/\/orthodoxalbania.org\/2020\/2007\/02\/26\/aktivitete-te-pasura-shpirterore-dhe-sociale-te-lidhjes-se-grave-orthodhokse-te-tiranes-tetor-2007\/#primaryimage"},"thumbnailUrl":"https:\/\/lh5.googleusercontent.com\/-Rlr5J7Vrbbc\/VIrLC672OmI\/AAAAAAAAG-Y\/fgRNiJz-H1E\/w600-h279-no\/pic1.jpg","datePublished":"2007-02-26T00:00:00+00:00","dateModified":"2020-04-06T20:35:43+00:00","breadcrumb":{"@id":"https:\/\/orthodoxalbania.org\/2020\/2007\/02\/26\/aktivitete-te-pasura-shpirterore-dhe-sociale-te-lidhjes-se-grave-orthodhokse-te-tiranes-tetor-2007\/#breadcrumb"},"inLanguage":"en-US","potentialAction":[{"@type":"ReadAction","target":["https:\/\/orthodoxalbania.org\/2020\/2007\/02\/26\/aktivitete-te-pasura-shpirterore-dhe-sociale-te-lidhjes-se-grave-orthodhokse-te-tiranes-tetor-2007\/"]}]},{"@type":"ImageObject","inLanguage":"en-US","@id":"https:\/\/orthodoxalbania.org\/2020\/2007\/02\/26\/aktivitete-te-pasura-shpirterore-dhe-sociale-te-lidhjes-se-grave-orthodhokse-te-tiranes-tetor-2007\/#primaryimage","url":"https:\/\/lh5.googleusercontent.com\/-Rlr5J7Vrbbc\/VIrLC672OmI\/AAAAAAAAG-Y\/fgRNiJz-H1E\/w600-h279-no\/pic1.jpg","contentUrl":"https:\/\/lh5.googleusercontent.com\/-Rlr5J7Vrbbc\/VIrLC672OmI\/AAAAAAAAG-Y\/fgRNiJz-H1E\/w600-h279-no\/pic1.jpg"},{"@type":"BreadcrumbList","@id":"https:\/\/orthodoxalbania.org\/2020\/2007\/02\/26\/aktivitete-te-pasura-shpirterore-dhe-sociale-te-lidhjes-se-grave-orthodhokse-te-tiranes-tetor-2007\/#breadcrumb","itemListElement":[{"@type":"ListItem","position":1,"name":"Home","item":"https:\/\/orthodoxalbania.org\/2020\/"},{"@type":"ListItem","position":2,"name":"Aktivitete t\u00eb pasura shpirt\u00ebrore dhe sociale t\u00eb Lidhjes s\u00eb Grave Orthodhokse t\u00eb Tiran\u00ebs. (Tetor 2007)"}]},{"@type":"WebSite","@id":"https:\/\/orthodoxalbania.org\/2020\/#website","url":"https:\/\/orthodoxalbania.org\/2020\/","name":"Kisha Orthodh\u03bfkse Autoqefale e Shqip\u00ebris\u00eb","description":"Fqja Zyrtare e Kish\u00ebs Orthodhokse Autoqefale e Shqip\u00ebris\u00eb me lajmet edhe informacionet zyrtare p\u00ebr struktur\u00ebn edhe veprimtarin e saj.","publisher":{"@id":"https:\/\/orthodoxalbania.org\/2020\/#organization"},"potentialAction":[{"@type":"SearchAction","target":{"@type":"EntryPoint","urlTemplate":"https:\/\/orthodoxalbania.org\/2020\/?s={search_term_string}"},"query-input":{"@type":"PropertyValueSpecification","valueRequired":true,"valueName":"search_term_string"}}],"inLanguage":"en-US"},{"@type":"Organization","@id":"https:\/\/orthodoxalbania.org\/2020\/#organization","name":"Kisha Orthodhokse Autoqefale e Shqip\u00ebris\u00eb","url":"https:\/\/orthodoxalbania.org\/2020\/","logo":{"@type":"ImageObject","inLanguage":"en-US","@id":"https:\/\/orthodoxalbania.org\/2020\/#\/schema\/logo\/image\/","url":"https:\/\/orthodoxalbania.org\/2020\/wp-content\/uploads\/2020\/05\/albania.jpeg","contentUrl":"https:\/\/orthodoxalbania.org\/2020\/wp-content\/uploads\/2020\/05\/albania.jpeg","width":540,"height":540,"caption":"Kisha Orthodhokse Autoqefale e Shqip\u00ebris\u00eb"},"image":{"@id":"https:\/\/orthodoxalbania.org\/2020\/#\/schema\/logo\/image\/"},"sameAs":["https:\/\/www.facebook.com\/koash1991"]},{"@type":"Person","@id":"https:\/\/orthodoxalbania.org\/2020\/#\/schema\/person\/0c387634a7063ac612d7ed9ce71c7e86","name":"Kisha Orthodhokse","image":{"@type":"ImageObject","inLanguage":"en-US","@id":"https:\/\/secure.gravatar.com\/avatar\/596e7c417251e30f2fbb9c00e026fce61a695a00e51c889caded71c96cbbdde5?s=96&d=mm&r=g","url":"https:\/\/secure.gravatar.com\/avatar\/596e7c417251e30f2fbb9c00e026fce61a695a00e51c889caded71c96cbbdde5?s=96&d=mm&r=g","contentUrl":"https:\/\/secure.gravatar.com\/avatar\/596e7c417251e30f2fbb9c00e026fce61a695a00e51c889caded71c96cbbdde5?s=96&d=mm&r=g","caption":"Kisha Orthodhokse"}}]}},"_links":{"self":[{"href":"https:\/\/orthodoxalbania.org\/2020\/wp-json\/wp\/v2\/posts\/264","targetHints":{"allow":["GET"]}}],"collection":[{"href":"https:\/\/orthodoxalbania.org\/2020\/wp-json\/wp\/v2\/posts"}],"about":[{"href":"https:\/\/orthodoxalbania.org\/2020\/wp-json\/wp\/v2\/types\/post"}],"author":[{"embeddable":true,"href":"https:\/\/orthodoxalbania.org\/2020\/wp-json\/wp\/v2\/users\/1"}],"replies":[{"embeddable":true,"href":"https:\/\/orthodoxalbania.org\/2020\/wp-json\/wp\/v2\/comments?post=264"}],"version-history":[{"count":1,"href":"https:\/\/orthodoxalbania.org\/2020\/wp-json\/wp\/v2\/posts\/264\/revisions"}],"predecessor-version":[{"id":15748,"href":"https:\/\/orthodoxalbania.org\/2020\/wp-json\/wp\/v2\/posts\/264\/revisions\/15748"}],"wp:attachment":[{"href":"https:\/\/orthodoxalbania.org\/2020\/wp-json\/wp\/v2\/media?parent=264"}],"wp:term":[{"taxonomy":"category","embeddable":true,"href":"https:\/\/orthodoxalbania.org\/2020\/wp-json\/wp\/v2\/categories?post=264"},{"taxonomy":"post_tag","embeddable":true,"href":"https:\/\/orthodoxalbania.org\/2020\/wp-json\/wp\/v2\/tags?post=264"}],"curies":[{"name":"wp","href":"https:\/\/api.w.org\/{rel}","templated":true}]}}