{"id":262,"date":"2007-02-26T00:00:00","date_gmt":"2007-02-26T00:00:00","guid":{"rendered":""},"modified":"2020-04-06T22:35:41","modified_gmt":"2020-04-06T20:35:41","slug":"aktivitete-shpirterore-e-kulturore-me-te-rinj-e-te-reja-gjate-muajit-prill-pril-2007-l","status":"publish","type":"post","link":"https:\/\/orthodoxalbania.org\/2020\/2007\/02\/26\/aktivitete-shpirterore-e-kulturore-me-te-rinj-e-te-reja-gjate-muajit-prill-pril-2007-l\/","title":{"rendered":"Aktivitete shpirt\u00ebrore e kulturore me t\u00eb rinj e t\u00eb reja gjat\u00eb muajit prill. (Prill 2007)"},"content":{"rendered":"<table id=\"AutoNumber2\" style=\"width: 906px; height: 2815px;\" border=\"0\">\n<tbody>\n<tr>\n<td colspan=\"3\">\n<div style=\"text-align: justify;\"><span style=\"color: #000000; font-family: helvetica; font-size: 12pt;\">&nbsp;&nbsp;&nbsp; G\u00ebzimi i periudh\u00ebs s\u00eb Pashk\u00ebs u shoq\u00ebrua me veprimtari t\u00eb shumta shpirt\u00ebrore dhe kulturore me t\u00eb rinj e t\u00eb rej orthodhokse n\u00eb bashk\u00ebpunim me Zyr\u00ebn Komb\u00ebtare t\u00eb Rinis\u00eb. K\u00ebto aktivitete jan\u00eb kthyer n\u00eb nj\u00eb tradit\u00eb t\u00eb pasur t\u00eb rinis\u00eb son\u00eb orthodhokse. Kisha jon\u00eb u jep mund\u00ebsin\u00eb grupmoshave t\u00eb reja p\u00ebr t\u00eb njohur besimin orthodhoks dhe t\u00eb b\u00ebhen an\u00ebtar\u00eb t\u00eb nj\u00eb komuniteti t\u00eb madh dashurie, me Krishtin n\u00eb qend\u00ebr.<\/span><\/div>\n<\/td>\n<\/tr>\n<tr>\n<td>\n<div style=\"text-align: justify;\"><span style=\"color: #000000; font-family: helvetica; font-size: 12pt;\">&nbsp;&nbsp;&nbsp; Nj\u00eb aktivitet ditor pik\u00ebrisht gjat\u00eb k\u00ebsaj periudhe u zhvillua n\u00eb Manastirin e hirsh\u00ebm t\u00eb Ardenic\u00ebs, n\u00eb Kolonj\u00eb t\u00eb Lushnj\u00ebs m\u00eb 21 prill. Merrnin pjes\u00eb rreth 50 t\u00eb rinj nga Bubullima, Kolonja, Vajkani dhe Verria.<\/span><\/div>\n<\/td>\n<td dir=\"ltr\">\n<div><span style=\"font-family: helvetica; font-size: 12pt;\"><\/span><\/div>\n<p><span style=\"color: #000000; font-family: helvetica; font-size: 12pt;\"><img decoding=\"async\" class=\"lazyload HAa Eha\" style=\"border-width: 1px; border-style: solid; margin: 10px auto; display: block;\" alt=\"\" src=\"data:image\/gif;base64,R0lGODlhAQABAAAAACH5BAEKAAEALAAAAAABAAEAAAICTAEAOw==\" data-orig-src=\"https:\/\/lh5.googleusercontent.com\/-aOj4mBdFVOw\/VIlqfx_gMMI\/AAAAAAAAGUY\/4gZlRn8DnNg\/w400-h300-no\/Foto%2B1%2B-%2Bdjathtas.jpg\" \/><\/span><\/p>\n<\/td>\n<\/tr>\n<tr>\n<td>\n<div><span style=\"color: #000000; font-family: helvetica; font-size: 12pt;\"><img decoding=\"async\" class=\"lazyload HAa Eha\" style=\"border-width: 1px; border-style: solid; margin: 10px auto; display: block;\" alt=\"\" src=\"data:image\/gif;base64,R0lGODlhAQABAAAAACH5BAEKAAEALAAAAAABAAEAAAICTAEAOw==\" data-orig-src=\"https:\/\/lh6.googleusercontent.com\/-lxyQek3Ly2E\/VIlqftaaeqI\/AAAAAAAAGUg\/L8fsLP9K0Ho\/w400-h300-no\/Foto%2B2%2B-%2Bmajtas.jpg\" \/><\/span><\/div>\n<\/td>\n<td dir=\"ltr\">\n<div style=\"text-align: justify;\"><span style=\"color: #000000; font-family: helvetica; font-size: 12pt;\">&nbsp;&nbsp;&nbsp; N\u00eb k\u00ebt\u00eb aktivitet t\u00eb rinjt\u00eb ndoq\u00ebn midis t\u00eb tjerave edhe prezantimin e Akademis\u00eb Teologjike, fjal\u00ebn e ndihm\u00ebsdrejtorit t\u00eb Akademis\u00eb, Episkop Nikoll\u00ebs, d\u00ebshmin\u00eb e nj\u00eb prej student\u00ebve p\u00ebr m\u00ebnyr\u00ebn se si u b\u00eb pjes\u00ebtar i k\u00ebsaj Akademie si dhe u njoh\u00ebn me programin e jet\u00ebn akademik\u00eb dhe ftes\u00ebn q\u00eb i b\u00ebhet gjithsecilit p\u00ebr t\u2019u b\u00ebr\u00eb pjes\u00eb e k\u00ebtij komuniteti.<\/span><\/div>\n<\/td>\n<\/tr>\n<tr>\n<td>\n<div style=\"text-align: justify;\"><span style=\"color: #000000; font-family: helvetica; font-size: 12pt;\">&nbsp;&nbsp;&nbsp; Pas njohjes dhe bisedave mes t\u00eb rinjve, aktiviteti vijoi me programin arg\u00ebtues dhe nj\u00eb drek\u00eb t\u00eb p\u00ebrbashk\u00ebt. T\u00eb gjith\u00eb u larguan me mbresat m\u00eb t\u00eb mira nga kjo veprimtari.<\/span><\/div>\n<\/td>\n<td dir=\"ltr\">\n<div><span style=\"font-family: helvetica; font-size: 12pt;\"><\/span><\/div>\n<p><span style=\"color: #000000; font-family: helvetica; font-size: 12pt;\"><img decoding=\"async\" class=\"lazyload HAa Eha\" style=\"border-width: 1px; border-style: solid; margin: 10px auto; display: block;\" alt=\"\" src=\"data:image\/gif;base64,R0lGODlhAQABAAAAACH5BAEKAAEALAAAAAABAAEAAAICTAEAOw==\" data-orig-src=\"https:\/\/lh6.googleusercontent.com\/-LVgNMktJ8b4\/VIlqfjO6CZI\/AAAAAAAAGTw\/ZiemCqXYVrw\/w400-h300-no\/Foto%2B3%2B-%2Bdjathtas.jpg\" \/><\/span><\/p>\n<\/td>\n<\/tr>\n<tr>\n<td>\n<div><span style=\"color: #000000; font-family: helvetica; font-size: 12pt;\"><img decoding=\"async\" class=\"lazyload HAa Eha\" style=\"border-width: 1px; border-style: solid; margin: 10px auto; display: block;\" alt=\"\" src=\"data:image\/gif;base64,R0lGODlhAQABAAAAACH5BAEKAAEALAAAAAABAAEAAAICTAEAOw==\" data-orig-src=\"https:\/\/lh4.googleusercontent.com\/-uc5cNJ8DbdA\/VIlqgA9NNvI\/AAAAAAAAGUU\/5JoTulIRWZw\/w400-h286-no\/Foto%2B4%2B-%2Bmajtas.jpg\" \/><\/span><\/div>\n<\/td>\n<td dir=\"ltr\">\n<div style=\"text-align: justify;\"><span style=\"color: #000000; font-family: helvetica; font-size: 12pt;\">&nbsp;&nbsp;&nbsp; Po nj\u00eb aktivitetet tjet\u00ebr i bukur e i larmish\u00ebm u zhvillua edhe n\u00eb fshatin Krutje t\u00eb Lushnjes n\u00eb dat\u00ebn 22 prill ku mor\u00ebn pjes\u00eb rreth 150 t\u00eb rinj nga Krutja, Libofsha, Bubullima, Sh\u00ebn Pjetri, Pojani, Topoja, Kolonja dhe Vajkani. Ky aktivitet ishte konceptuar si nj\u00eb dit\u00eb spartakiade ku grupet rinore konkurruan me nj\u00ebri-tjetrin n\u00eb veprimtari t\u00eb ndryshme sportive.<\/span><\/div>\n<div><span style=\"font-family: helvetica; font-size: 12pt;\"><\/span><\/div>\n<\/td>\n<\/tr>\n<tr>\n<td>\n<div style=\"text-align: justify;\"><span style=\"color: #000000; font-family: helvetica; font-size: 12pt;\">&nbsp;&nbsp;&nbsp; Kjo veprimtaria nisi me nj\u00eb lutje t\u00eb p\u00ebrbashk\u00ebt, me prezantimin e Akademis\u00eb Teologjike \u201cNgjallja e Krishtit\u201d dhe m\u00eb pas u zhvilluan ndeshje volejbolli e futbolli nd\u00ebrmjet grupeve pjes\u00ebmarr\u00ebse. Atmosfera ishte entuziaste dhe shum\u00eb t\u00eb rinj p\u00ebrjetuan g\u00ebzimin e njohjes me nj\u00ebri-tjetrin, si dhe lutjeve e adhurimin s\u00eb bashku t\u00eb Per\u00ebndis\u00eb.<\/span><\/div>\n<\/td>\n<td dir=\"ltr\">\n<div><span style=\"color: #000000; font-family: helvetica; font-size: 12pt;\"><img decoding=\"async\" class=\"lazyload HAa Eha\" style=\"border-width: 1px; border-style: solid; margin: 10px auto; display: block;\" alt=\"\" src=\"data:image\/gif;base64,R0lGODlhAQABAAAAACH5BAEKAAEALAAAAAABAAEAAAICTAEAOw==\" data-orig-src=\"https:\/\/lh3.googleusercontent.com\/-bGrIvxq81Ek\/VIlqgvc1PlI\/AAAAAAAAGUQ\/kOR72W_m7yk\/w400-h300-no\/Foto5-djathtas.jpg\" \/><\/span><\/div>\n<\/td>\n<\/tr>\n<tr>\n<td>\n<div><span style=\"color: #000000; font-family: helvetica; font-size: 12pt;\"><img decoding=\"async\" class=\"lazyload HAa Eha\" style=\"border-width: 1px; border-style: solid; margin: 10px auto; display: block;\" alt=\"\" src=\"data:image\/gif;base64,R0lGODlhAQABAAAAACH5BAEKAAEALAAAAAABAAEAAAICTAEAOw==\" data-orig-src=\"https:\/\/lh3.googleusercontent.com\/-gfuFaSHVHmw\/VIlqgxfQIgI\/AAAAAAAAGUM\/1RmsU95UNuk\/w400-h300-no\/Foto6-majtas.jpg\" \/><\/span><\/div>\n<\/td>\n<td dir=\"ltr\" colspan=\"2\">\n<div style=\"text-align: justify;\"><span style=\"color: #000000; font-family: helvetica; font-size: 12pt;\">&nbsp;&nbsp;&nbsp;&nbsp;Nj\u00eb takim tjet\u00ebr ditor u zhvillua n\u00eb Shkod\u00ebr m\u00eb 22 prill ku mor\u00ebn pjes\u00eb rreth 60 t\u00eb rinj nga qyteti dhe zona e Vrak\u00ebs. Ky aktivitet filloi me Liturgjin\u00eb Hyjnore dhe m\u00eb pas u mbajt nj\u00eb referat nga At\u00eb Ilia Mazniku. Tema kryesore e k\u00ebtij aktiviteti ishte: \u201cNgjallja e Krishtit, g\u00ebzim p\u00ebr t\u00eb gjith\u00eb\u201d. At\u00eb Ilia theksoi se Ngjallja e Krishtit \u00ebsht\u00eb ngjarje triumfale p\u00ebr mbar\u00eb njer\u00ebzimin dhe Ai na hapi rrug\u00ebn e shp\u00ebtimit.<\/span><\/div>\n<\/td>\n<\/tr>\n<tr>\n<td>\n<div style=\"text-align: justify;\"><span style=\"color: #000000; font-family: helvetica; font-size: 12pt;\">&nbsp;&nbsp;&nbsp; T\u00eb rinjt\u00eb orthodhoks\u00eb duhet t\u00eb ndjekin rrug\u00ebn e Krishtit p\u00ebr t\u00eb qen\u00eb an\u00ebtar\u00eb t\u00eb denj\u00eb t\u00eb Kish\u00ebs. Pas referatit u organizuan aktivitete t\u00eb ndryshme sportive dhe arg\u00ebtuese. Kjo ishte nj\u00eb dit\u00eb e ve\u00e7ant\u00eb p\u00ebr t\u00eb rinjt\u00eb orthodhoks\u00eb t\u00eb Shkodr\u00ebs dhe bashk\u00ebmoshatar\u00ebt e tyre, t\u00eb cil\u00ebt kishin ardhur p\u00ebr t\u00eb ndjekur k\u00ebto aktivitete kaq t\u00eb ve\u00e7anta q\u00eb organizon Kisha. N\u00eb fund t\u00eb veprimtaris\u00eb u ofrua nj\u00eb koktej p\u00ebr t\u00eb gjith\u00eb pjes\u00ebmarr\u00ebsit.<\/span><\/div>\n<\/td>\n<td>\n<div><span style=\"color: #000000; font-family: helvetica; font-size: 12pt;\"><img decoding=\"async\" class=\"lazyload HAa Eha\" style=\"border-width: 1px; border-style: solid; margin: 10px auto; display: block;\" alt=\"\" src=\"data:image\/gif;base64,R0lGODlhAQABAAAAACH5BAEKAAEALAAAAAABAAEAAAICTAEAOw==\" data-orig-src=\"https:\/\/lh5.googleusercontent.com\/-RX5inFRQ5gk\/VIlqhDl9XUI\/AAAAAAAAGUE\/i7Xv4zeEjrk\/w400-h300-no\/Foto7-djathtas.jpg\" \/><\/span><\/div>\n<\/td>\n<td>\n<div><span style=\"font-family: helvetica; font-size: 12pt;\"><\/span><\/div>\n<\/td>\n<\/tr>\n<tr>\n<td>\n<div><span style=\"color: #000000; font-family: helvetica; font-size: 12pt;\"><img decoding=\"async\" class=\"lazyload HAa Eha\" style=\"border-width: 1px; border-style: solid; margin: 10px auto; display: block;\" alt=\"\" src=\"data:image\/gif;base64,R0lGODlhAQABAAAAACH5BAEKAAEALAAAAAABAAEAAAICTAEAOw==\" data-orig-src=\"https:\/\/lh6.googleusercontent.com\/-tvIih13RaQU\/VIlqhfAFmRI\/AAAAAAAAGUI\/78MW6amvHTk\/w400-h300-no\/Foto8-majtas.jpg\" \/><\/span><\/div>\n<\/td>\n<td colspan=\"2\">\n<div style=\"text-align: justify;\"><span style=\"color: #000000; font-family: helvetica; font-size: 12pt;\">&nbsp;&nbsp;&nbsp; Aktiviteti i fundit u zhvillua n\u00eb Manastirin e hirsh\u00ebm t\u00eb Sh\u00ebn Joan Vladimirit n\u00eb Elbasan. Shum\u00eb grupe rinore n\u00ebp\u00ebrmjet pjes\u00ebmarrjes s\u00eb tyre ve\u00e7an\u00ebrisht n\u00eb kampet verore kan\u00eb fituar eksperienc\u00eb n\u00eb b\u00ebrjen e punimeve t\u00eb ndryshme fetare: si ikona druri, komboskina etj. Duke par\u00eb rritjen e interesit t\u00eb t\u00eb rinjve lidhur me k\u00ebto punime, edhe k\u00ebt\u00eb vit vazhdoi organizimi i k\u00ebtij aktiviteti n\u00eb ambientet e Manastirit t\u00eb hirsh\u00ebm t\u00eb Sh\u00ebn Joan Vladimirit n\u00eb Elbasan, nga data 27 deri n\u00eb 29 prill.<\/span><\/div>\n<\/td>\n<\/tr>\n<tr>\n<td colspan=\"2\">\n<div style=\"text-align: justify;\"><span style=\"color: #000000; font-family: helvetica; font-size: 12pt;\"> &nbsp;&nbsp;&nbsp; N\u00eb k\u00ebt\u00eb aktivitet mor\u00ebn pjes\u00eb 60 t\u00eb rinj kryesisht nga Kavaja, Gramshi, Sht\u00ebrmeni, Kuqani, Elbasani dhe Sh\u00ebn Joan Vladimiri. Q\u00ebllimi i k\u00ebtij aktiviteti ishte q\u00eb t\u00eb rinjt\u00eb t\u00eb njiheshin me nj\u00ebri-tjetrin dhe t\u00eb rritnin m\u00eb tep\u00ebr frym\u00ebn e bashk\u00ebpunimit nd\u00ebrmjet tyre. N\u00eb qend\u00ebr t\u00eb k\u00ebtij aktiviteti ishte puna n\u00eb grup e t\u00eb rinjve, por gjithashtu nj\u00eb vend t\u00eb r\u00ebnd\u00ebsish\u00ebm zun\u00eb edhe veprimtarit\u00eb shpirt\u00ebrore dhe arg\u00ebtuese. T\u00eb ardhurat q\u00eb do t\u00eb mblidhen nga shitja e punimeve do t\u00eb p\u00ebrdoren ve\u00e7an\u00ebrisht p\u00ebr t\u00eb ndihmuar personat n\u00eb nevoj\u00eb.<\/span><\/div>\n<\/td>\n<td>\n<div><span style=\"font-family: helvetica; font-size: 12pt;\"><\/span><\/div>\n<\/td>\n<\/tr>\n<tr>\n<td colspan=\"3\">\n<div><span style=\"font-family: helvetica; font-size: 12pt;\"> &nbsp;<\/span><\/div>\n<div><span style=\"color: #000000; font-family: helvetica; font-size: 12pt;\"><strong>Jezuela Bardhi<\/strong><\/span><\/div>\n<\/td>\n<\/tr>\n<tr>\n<td colspan=\"3\">\n<div><span style=\"font-family: helvetica; font-size: 12pt;\"><\/span><\/div>\n<\/td>\n<\/tr>\n<\/tbody>\n<\/table>\n<p>&nbsp;<\/p>\n","protected":false},"excerpt":{"rendered":"<p>&nbsp;&nbsp;&nbsp; G\u00ebzimi i periudh\u00ebs s\u00eb Pashk\u00ebs u shoq\u00ebrua me veprimtari t\u00eb shumta shpirt\u00ebrore dhe kulturore me t\u00eb rinj e t\u00eb rej orthodhokse n\u00eb bashk\u00ebpunim me Zyr\u00ebn Komb\u00ebtare t\u00eb Rinis\u00eb. K\u00ebto aktivitete jan\u00eb kthyer n\u00eb nj\u00eb tradit\u00eb t\u00eb pasur t\u00eb rinis\u00eb son\u00eb orthodhokse. Kisha jon\u00eb u jep mund\u00ebsin\u00eb grupmoshave t\u00eb reja p\u00ebr t\u00eb njohur besimin orthodhoks dhe t\u00eb b\u00ebhen an\u00ebtar\u00eb t\u00eb nj\u00eb komuniteti t\u00eb madh dashurie,<\/p>\n","protected":false},"author":1,"featured_media":0,"comment_status":"open","ping_status":"open","sticky":false,"template":"","format":"standard","meta":{"_acf_changed":false,"pagelayer_contact_templates":[],"_pagelayer_content":"","inline_featured_image":false,"fifu_image_url":"","fifu_image_alt":"","footnotes":""},"categories":[108],"tags":[147,154,196,212,176],"class_list":["post-262","post","type-post","status-publish","format-standard","hentry","category-lajme","tag-147","tag-aktivitete","tag-tirane","tag-lajme-d27","tag-rinia-orthodhokse"],"acf":[],"yoast_head":"<!-- This site is optimized with the Yoast SEO plugin v27.2 - https:\/\/yoast.com\/product\/yoast-seo-wordpress\/ -->\n<title>Aktivitete shpirt\u00ebrore e kulturore me t\u00eb rinj e t\u00eb reja gjat\u00eb muajit prill. (Prill 2007) - Kisha Orthodh\u03bfkse Autoqefale e Shqip\u00ebris\u00eb<\/title>\n<meta name=\"robots\" content=\"index, follow, max-snippet:-1, max-image-preview:large, max-video-preview:-1\" \/>\n<link rel=\"canonical\" href=\"https:\/\/orthodoxalbania.org\/2020\/2007\/02\/26\/aktivitete-shpirterore-e-kulturore-me-te-rinj-e-te-reja-gjate-muajit-prill-pril-2007-l\/\" \/>\n<meta property=\"og:locale\" content=\"en_US\" \/>\n<meta property=\"og:type\" content=\"article\" \/>\n<meta property=\"og:title\" content=\"Aktivitete shpirt\u00ebrore e kulturore me t\u00eb rinj e t\u00eb reja gjat\u00eb muajit prill. (Prill 2007) - Kisha Orthodh\u03bfkse Autoqefale e Shqip\u00ebris\u00eb\" \/>\n<meta property=\"og:description\" content=\"&nbsp;&nbsp;&nbsp; G\u00ebzimi i periudh\u00ebs s\u00eb Pashk\u00ebs u shoq\u00ebrua me veprimtari t\u00eb shumta shpirt\u00ebrore dhe kulturore me t\u00eb rinj e t\u00eb rej orthodhokse n\u00eb bashk\u00ebpunim me Zyr\u00ebn Komb\u00ebtare t\u00eb Rinis\u00eb. K\u00ebto aktivitete jan\u00eb kthyer n\u00eb nj\u00eb tradit\u00eb t\u00eb pasur t\u00eb rinis\u00eb son\u00eb orthodhokse. Kisha jon\u00eb u jep mund\u00ebsin\u00eb grupmoshave t\u00eb reja p\u00ebr t\u00eb njohur besimin orthodhoks dhe t\u00eb b\u00ebhen an\u00ebtar\u00eb t\u00eb nj\u00eb komuniteti t\u00eb madh dashurie,\" \/>\n<meta property=\"og:url\" content=\"https:\/\/orthodoxalbania.org\/2020\/2007\/02\/26\/aktivitete-shpirterore-e-kulturore-me-te-rinj-e-te-reja-gjate-muajit-prill-pril-2007-l\/\" \/>\n<meta property=\"og:site_name\" content=\"Kisha Orthodh\u03bfkse Autoqefale e Shqip\u00ebris\u00eb\" \/>\n<meta property=\"article:publisher\" content=\"https:\/\/www.facebook.com\/koash1991\" \/>\n<meta property=\"article:published_time\" content=\"2007-02-26T00:00:00+00:00\" \/>\n<meta property=\"article:modified_time\" content=\"2020-04-06T20:35:41+00:00\" \/>\n<meta property=\"og:image\" content=\"https:\/\/lh5.googleusercontent.com\/-aOj4mBdFVOw\/VIlqfx_gMMI\/AAAAAAAAGUY\/4gZlRn8DnNg\/w400-h300-no\/Foto%2B1%2B-%2Bdjathtas.jpg\" \/>\n<meta name=\"author\" content=\"Kisha Orthodhokse\" \/>\n<meta name=\"twitter:card\" content=\"summary_large_image\" \/>\n<meta name=\"twitter:label1\" content=\"Written by\" \/>\n\t<meta name=\"twitter:data1\" content=\"Kisha Orthodhokse\" \/>\n\t<meta name=\"twitter:label2\" content=\"Est. reading time\" \/>\n\t<meta name=\"twitter:data2\" content=\"4 minutes\" \/>\n<script type=\"application\/ld+json\" class=\"yoast-schema-graph\">{\"@context\":\"https:\/\/schema.org\",\"@graph\":[{\"@type\":\"Article\",\"@id\":\"https:\/\/orthodoxalbania.org\/2020\/2007\/02\/26\/aktivitete-shpirterore-e-kulturore-me-te-rinj-e-te-reja-gjate-muajit-prill-pril-2007-l\/#article\",\"isPartOf\":{\"@id\":\"https:\/\/orthodoxalbania.org\/2020\/2007\/02\/26\/aktivitete-shpirterore-e-kulturore-me-te-rinj-e-te-reja-gjate-muajit-prill-pril-2007-l\/\"},\"author\":{\"name\":\"Kisha Orthodhokse\",\"@id\":\"https:\/\/orthodoxalbania.org\/2020\/#\/schema\/person\/0c387634a7063ac612d7ed9ce71c7e86\"},\"headline\":\"Aktivitete shpirt\u00ebrore e kulturore me t\u00eb rinj e t\u00eb reja gjat\u00eb muajit prill. (Prill 2007)\",\"datePublished\":\"2007-02-26T00:00:00+00:00\",\"dateModified\":\"2020-04-06T20:35:41+00:00\",\"mainEntityOfPage\":{\"@id\":\"https:\/\/orthodoxalbania.org\/2020\/2007\/02\/26\/aktivitete-shpirterore-e-kulturore-me-te-rinj-e-te-reja-gjate-muajit-prill-pril-2007-l\/\"},\"wordCount\":767,\"commentCount\":0,\"publisher\":{\"@id\":\"https:\/\/orthodoxalbania.org\/2020\/#organization\"},\"image\":{\"@id\":\"https:\/\/orthodoxalbania.org\/2020\/2007\/02\/26\/aktivitete-shpirterore-e-kulturore-me-te-rinj-e-te-reja-gjate-muajit-prill-pril-2007-l\/#primaryimage\"},\"thumbnailUrl\":\"https:\/\/lh5.googleusercontent.com\/-aOj4mBdFVOw\/VIlqfx_gMMI\/AAAAAAAAGUY\/4gZlRn8DnNg\/w400-h300-no\/Foto%2B1%2B-%2Bdjathtas.jpg\",\"keywords\":[\"2007\",\"Aktivitete\",\"Kryepiskopata Tiran\u00eb\",\"lajme\",\"Rinia Orthodhokse\"],\"articleSection\":[\"Lajme\"],\"inLanguage\":\"en-US\"},{\"@type\":\"WebPage\",\"@id\":\"https:\/\/orthodoxalbania.org\/2020\/2007\/02\/26\/aktivitete-shpirterore-e-kulturore-me-te-rinj-e-te-reja-gjate-muajit-prill-pril-2007-l\/\",\"url\":\"https:\/\/orthodoxalbania.org\/2020\/2007\/02\/26\/aktivitete-shpirterore-e-kulturore-me-te-rinj-e-te-reja-gjate-muajit-prill-pril-2007-l\/\",\"name\":\"Aktivitete shpirt\u00ebrore e kulturore me t\u00eb rinj e t\u00eb reja gjat\u00eb muajit prill. (Prill 2007) - Kisha Orthodh\u03bfkse Autoqefale e Shqip\u00ebris\u00eb\",\"isPartOf\":{\"@id\":\"https:\/\/orthodoxalbania.org\/2020\/#website\"},\"primaryImageOfPage\":{\"@id\":\"https:\/\/orthodoxalbania.org\/2020\/2007\/02\/26\/aktivitete-shpirterore-e-kulturore-me-te-rinj-e-te-reja-gjate-muajit-prill-pril-2007-l\/#primaryimage\"},\"image\":{\"@id\":\"https:\/\/orthodoxalbania.org\/2020\/2007\/02\/26\/aktivitete-shpirterore-e-kulturore-me-te-rinj-e-te-reja-gjate-muajit-prill-pril-2007-l\/#primaryimage\"},\"thumbnailUrl\":\"https:\/\/lh5.googleusercontent.com\/-aOj4mBdFVOw\/VIlqfx_gMMI\/AAAAAAAAGUY\/4gZlRn8DnNg\/w400-h300-no\/Foto%2B1%2B-%2Bdjathtas.jpg\",\"datePublished\":\"2007-02-26T00:00:00+00:00\",\"dateModified\":\"2020-04-06T20:35:41+00:00\",\"breadcrumb\":{\"@id\":\"https:\/\/orthodoxalbania.org\/2020\/2007\/02\/26\/aktivitete-shpirterore-e-kulturore-me-te-rinj-e-te-reja-gjate-muajit-prill-pril-2007-l\/#breadcrumb\"},\"inLanguage\":\"en-US\",\"potentialAction\":[{\"@type\":\"ReadAction\",\"target\":[\"https:\/\/orthodoxalbania.org\/2020\/2007\/02\/26\/aktivitete-shpirterore-e-kulturore-me-te-rinj-e-te-reja-gjate-muajit-prill-pril-2007-l\/\"]}]},{\"@type\":\"ImageObject\",\"inLanguage\":\"en-US\",\"@id\":\"https:\/\/orthodoxalbania.org\/2020\/2007\/02\/26\/aktivitete-shpirterore-e-kulturore-me-te-rinj-e-te-reja-gjate-muajit-prill-pril-2007-l\/#primaryimage\",\"url\":\"https:\/\/lh5.googleusercontent.com\/-aOj4mBdFVOw\/VIlqfx_gMMI\/AAAAAAAAGUY\/4gZlRn8DnNg\/w400-h300-no\/Foto%2B1%2B-%2Bdjathtas.jpg\",\"contentUrl\":\"https:\/\/lh5.googleusercontent.com\/-aOj4mBdFVOw\/VIlqfx_gMMI\/AAAAAAAAGUY\/4gZlRn8DnNg\/w400-h300-no\/Foto%2B1%2B-%2Bdjathtas.jpg\"},{\"@type\":\"BreadcrumbList\",\"@id\":\"https:\/\/orthodoxalbania.org\/2020\/2007\/02\/26\/aktivitete-shpirterore-e-kulturore-me-te-rinj-e-te-reja-gjate-muajit-prill-pril-2007-l\/#breadcrumb\",\"itemListElement\":[{\"@type\":\"ListItem\",\"position\":1,\"name\":\"Home\",\"item\":\"https:\/\/orthodoxalbania.org\/2020\/\"},{\"@type\":\"ListItem\",\"position\":2,\"name\":\"Aktivitete shpirt\u00ebrore e kulturore me t\u00eb rinj e t\u00eb reja gjat\u00eb muajit prill. (Prill 2007)\"}]},{\"@type\":\"WebSite\",\"@id\":\"https:\/\/orthodoxalbania.org\/2020\/#website\",\"url\":\"https:\/\/orthodoxalbania.org\/2020\/\",\"name\":\"Kisha Orthodh\u03bfkse Autoqefale e Shqip\u00ebris\u00eb\",\"description\":\"Fqja Zyrtare e Kish\u00ebs Orthodhokse Autoqefale e Shqip\u00ebris\u00eb me lajmet edhe informacionet zyrtare p\u00ebr struktur\u00ebn edhe veprimtarin e saj.\",\"publisher\":{\"@id\":\"https:\/\/orthodoxalbania.org\/2020\/#organization\"},\"potentialAction\":[{\"@type\":\"SearchAction\",\"target\":{\"@type\":\"EntryPoint\",\"urlTemplate\":\"https:\/\/orthodoxalbania.org\/2020\/?s={search_term_string}\"},\"query-input\":{\"@type\":\"PropertyValueSpecification\",\"valueRequired\":true,\"valueName\":\"search_term_string\"}}],\"inLanguage\":\"en-US\"},{\"@type\":\"Organization\",\"@id\":\"https:\/\/orthodoxalbania.org\/2020\/#organization\",\"name\":\"Kisha Orthodhokse Autoqefale e Shqip\u00ebris\u00eb\",\"url\":\"https:\/\/orthodoxalbania.org\/2020\/\",\"logo\":{\"@type\":\"ImageObject\",\"inLanguage\":\"en-US\",\"@id\":\"https:\/\/orthodoxalbania.org\/2020\/#\/schema\/logo\/image\/\",\"url\":\"https:\/\/orthodoxalbania.org\/2020\/wp-content\/uploads\/2020\/05\/albania.jpeg\",\"contentUrl\":\"https:\/\/orthodoxalbania.org\/2020\/wp-content\/uploads\/2020\/05\/albania.jpeg\",\"width\":540,\"height\":540,\"caption\":\"Kisha Orthodhokse Autoqefale e Shqip\u00ebris\u00eb\"},\"image\":{\"@id\":\"https:\/\/orthodoxalbania.org\/2020\/#\/schema\/logo\/image\/\"},\"sameAs\":[\"https:\/\/www.facebook.com\/koash1991\"]},{\"@type\":\"Person\",\"@id\":\"https:\/\/orthodoxalbania.org\/2020\/#\/schema\/person\/0c387634a7063ac612d7ed9ce71c7e86\",\"name\":\"Kisha Orthodhokse\",\"image\":{\"@type\":\"ImageObject\",\"inLanguage\":\"en-US\",\"@id\":\"https:\/\/secure.gravatar.com\/avatar\/596e7c417251e30f2fbb9c00e026fce61a695a00e51c889caded71c96cbbdde5?s=96&d=mm&r=g\",\"url\":\"https:\/\/secure.gravatar.com\/avatar\/596e7c417251e30f2fbb9c00e026fce61a695a00e51c889caded71c96cbbdde5?s=96&d=mm&r=g\",\"contentUrl\":\"https:\/\/secure.gravatar.com\/avatar\/596e7c417251e30f2fbb9c00e026fce61a695a00e51c889caded71c96cbbdde5?s=96&d=mm&r=g\",\"caption\":\"Kisha Orthodhokse\"}}]}<\/script>\n<!-- \/ Yoast SEO plugin. -->","yoast_head_json":{"title":"Aktivitete shpirt\u00ebrore e kulturore me t\u00eb rinj e t\u00eb reja gjat\u00eb muajit prill. (Prill 2007) - Kisha Orthodh\u03bfkse Autoqefale e Shqip\u00ebris\u00eb","robots":{"index":"index","follow":"follow","max-snippet":"max-snippet:-1","max-image-preview":"max-image-preview:large","max-video-preview":"max-video-preview:-1"},"canonical":"https:\/\/orthodoxalbania.org\/2020\/2007\/02\/26\/aktivitete-shpirterore-e-kulturore-me-te-rinj-e-te-reja-gjate-muajit-prill-pril-2007-l\/","og_locale":"en_US","og_type":"article","og_title":"Aktivitete shpirt\u00ebrore e kulturore me t\u00eb rinj e t\u00eb reja gjat\u00eb muajit prill. (Prill 2007) - Kisha Orthodh\u03bfkse Autoqefale e Shqip\u00ebris\u00eb","og_description":"&nbsp;&nbsp;&nbsp; G\u00ebzimi i periudh\u00ebs s\u00eb Pashk\u00ebs u shoq\u00ebrua me veprimtari t\u00eb shumta shpirt\u00ebrore dhe kulturore me t\u00eb rinj e t\u00eb rej orthodhokse n\u00eb bashk\u00ebpunim me Zyr\u00ebn Komb\u00ebtare t\u00eb Rinis\u00eb. K\u00ebto aktivitete jan\u00eb kthyer n\u00eb nj\u00eb tradit\u00eb t\u00eb pasur t\u00eb rinis\u00eb son\u00eb orthodhokse. Kisha jon\u00eb u jep mund\u00ebsin\u00eb grupmoshave t\u00eb reja p\u00ebr t\u00eb njohur besimin orthodhoks dhe t\u00eb b\u00ebhen an\u00ebtar\u00eb t\u00eb nj\u00eb komuniteti t\u00eb madh dashurie,","og_url":"https:\/\/orthodoxalbania.org\/2020\/2007\/02\/26\/aktivitete-shpirterore-e-kulturore-me-te-rinj-e-te-reja-gjate-muajit-prill-pril-2007-l\/","og_site_name":"Kisha Orthodh\u03bfkse Autoqefale e Shqip\u00ebris\u00eb","article_publisher":"https:\/\/www.facebook.com\/koash1991","article_published_time":"2007-02-26T00:00:00+00:00","article_modified_time":"2020-04-06T20:35:41+00:00","og_image":[{"url":"https:\/\/lh5.googleusercontent.com\/-aOj4mBdFVOw\/VIlqfx_gMMI\/AAAAAAAAGUY\/4gZlRn8DnNg\/w400-h300-no\/Foto%2B1%2B-%2Bdjathtas.jpg","type":"","width":"","height":""}],"author":"Kisha Orthodhokse","twitter_card":"summary_large_image","twitter_misc":{"Written by":"Kisha Orthodhokse","Est. reading time":"4 minutes"},"schema":{"@context":"https:\/\/schema.org","@graph":[{"@type":"Article","@id":"https:\/\/orthodoxalbania.org\/2020\/2007\/02\/26\/aktivitete-shpirterore-e-kulturore-me-te-rinj-e-te-reja-gjate-muajit-prill-pril-2007-l\/#article","isPartOf":{"@id":"https:\/\/orthodoxalbania.org\/2020\/2007\/02\/26\/aktivitete-shpirterore-e-kulturore-me-te-rinj-e-te-reja-gjate-muajit-prill-pril-2007-l\/"},"author":{"name":"Kisha Orthodhokse","@id":"https:\/\/orthodoxalbania.org\/2020\/#\/schema\/person\/0c387634a7063ac612d7ed9ce71c7e86"},"headline":"Aktivitete shpirt\u00ebrore e kulturore me t\u00eb rinj e t\u00eb reja gjat\u00eb muajit prill. (Prill 2007)","datePublished":"2007-02-26T00:00:00+00:00","dateModified":"2020-04-06T20:35:41+00:00","mainEntityOfPage":{"@id":"https:\/\/orthodoxalbania.org\/2020\/2007\/02\/26\/aktivitete-shpirterore-e-kulturore-me-te-rinj-e-te-reja-gjate-muajit-prill-pril-2007-l\/"},"wordCount":767,"commentCount":0,"publisher":{"@id":"https:\/\/orthodoxalbania.org\/2020\/#organization"},"image":{"@id":"https:\/\/orthodoxalbania.org\/2020\/2007\/02\/26\/aktivitete-shpirterore-e-kulturore-me-te-rinj-e-te-reja-gjate-muajit-prill-pril-2007-l\/#primaryimage"},"thumbnailUrl":"https:\/\/lh5.googleusercontent.com\/-aOj4mBdFVOw\/VIlqfx_gMMI\/AAAAAAAAGUY\/4gZlRn8DnNg\/w400-h300-no\/Foto%2B1%2B-%2Bdjathtas.jpg","keywords":["2007","Aktivitete","Kryepiskopata Tiran\u00eb","lajme","Rinia Orthodhokse"],"articleSection":["Lajme"],"inLanguage":"en-US"},{"@type":"WebPage","@id":"https:\/\/orthodoxalbania.org\/2020\/2007\/02\/26\/aktivitete-shpirterore-e-kulturore-me-te-rinj-e-te-reja-gjate-muajit-prill-pril-2007-l\/","url":"https:\/\/orthodoxalbania.org\/2020\/2007\/02\/26\/aktivitete-shpirterore-e-kulturore-me-te-rinj-e-te-reja-gjate-muajit-prill-pril-2007-l\/","name":"Aktivitete shpirt\u00ebrore e kulturore me t\u00eb rinj e t\u00eb reja gjat\u00eb muajit prill. (Prill 2007) - Kisha Orthodh\u03bfkse Autoqefale e Shqip\u00ebris\u00eb","isPartOf":{"@id":"https:\/\/orthodoxalbania.org\/2020\/#website"},"primaryImageOfPage":{"@id":"https:\/\/orthodoxalbania.org\/2020\/2007\/02\/26\/aktivitete-shpirterore-e-kulturore-me-te-rinj-e-te-reja-gjate-muajit-prill-pril-2007-l\/#primaryimage"},"image":{"@id":"https:\/\/orthodoxalbania.org\/2020\/2007\/02\/26\/aktivitete-shpirterore-e-kulturore-me-te-rinj-e-te-reja-gjate-muajit-prill-pril-2007-l\/#primaryimage"},"thumbnailUrl":"https:\/\/lh5.googleusercontent.com\/-aOj4mBdFVOw\/VIlqfx_gMMI\/AAAAAAAAGUY\/4gZlRn8DnNg\/w400-h300-no\/Foto%2B1%2B-%2Bdjathtas.jpg","datePublished":"2007-02-26T00:00:00+00:00","dateModified":"2020-04-06T20:35:41+00:00","breadcrumb":{"@id":"https:\/\/orthodoxalbania.org\/2020\/2007\/02\/26\/aktivitete-shpirterore-e-kulturore-me-te-rinj-e-te-reja-gjate-muajit-prill-pril-2007-l\/#breadcrumb"},"inLanguage":"en-US","potentialAction":[{"@type":"ReadAction","target":["https:\/\/orthodoxalbania.org\/2020\/2007\/02\/26\/aktivitete-shpirterore-e-kulturore-me-te-rinj-e-te-reja-gjate-muajit-prill-pril-2007-l\/"]}]},{"@type":"ImageObject","inLanguage":"en-US","@id":"https:\/\/orthodoxalbania.org\/2020\/2007\/02\/26\/aktivitete-shpirterore-e-kulturore-me-te-rinj-e-te-reja-gjate-muajit-prill-pril-2007-l\/#primaryimage","url":"https:\/\/lh5.googleusercontent.com\/-aOj4mBdFVOw\/VIlqfx_gMMI\/AAAAAAAAGUY\/4gZlRn8DnNg\/w400-h300-no\/Foto%2B1%2B-%2Bdjathtas.jpg","contentUrl":"https:\/\/lh5.googleusercontent.com\/-aOj4mBdFVOw\/VIlqfx_gMMI\/AAAAAAAAGUY\/4gZlRn8DnNg\/w400-h300-no\/Foto%2B1%2B-%2Bdjathtas.jpg"},{"@type":"BreadcrumbList","@id":"https:\/\/orthodoxalbania.org\/2020\/2007\/02\/26\/aktivitete-shpirterore-e-kulturore-me-te-rinj-e-te-reja-gjate-muajit-prill-pril-2007-l\/#breadcrumb","itemListElement":[{"@type":"ListItem","position":1,"name":"Home","item":"https:\/\/orthodoxalbania.org\/2020\/"},{"@type":"ListItem","position":2,"name":"Aktivitete shpirt\u00ebrore e kulturore me t\u00eb rinj e t\u00eb reja gjat\u00eb muajit prill. (Prill 2007)"}]},{"@type":"WebSite","@id":"https:\/\/orthodoxalbania.org\/2020\/#website","url":"https:\/\/orthodoxalbania.org\/2020\/","name":"Kisha Orthodh\u03bfkse Autoqefale e Shqip\u00ebris\u00eb","description":"Fqja Zyrtare e Kish\u00ebs Orthodhokse Autoqefale e Shqip\u00ebris\u00eb me lajmet edhe informacionet zyrtare p\u00ebr struktur\u00ebn edhe veprimtarin e saj.","publisher":{"@id":"https:\/\/orthodoxalbania.org\/2020\/#organization"},"potentialAction":[{"@type":"SearchAction","target":{"@type":"EntryPoint","urlTemplate":"https:\/\/orthodoxalbania.org\/2020\/?s={search_term_string}"},"query-input":{"@type":"PropertyValueSpecification","valueRequired":true,"valueName":"search_term_string"}}],"inLanguage":"en-US"},{"@type":"Organization","@id":"https:\/\/orthodoxalbania.org\/2020\/#organization","name":"Kisha Orthodhokse Autoqefale e Shqip\u00ebris\u00eb","url":"https:\/\/orthodoxalbania.org\/2020\/","logo":{"@type":"ImageObject","inLanguage":"en-US","@id":"https:\/\/orthodoxalbania.org\/2020\/#\/schema\/logo\/image\/","url":"https:\/\/orthodoxalbania.org\/2020\/wp-content\/uploads\/2020\/05\/albania.jpeg","contentUrl":"https:\/\/orthodoxalbania.org\/2020\/wp-content\/uploads\/2020\/05\/albania.jpeg","width":540,"height":540,"caption":"Kisha Orthodhokse Autoqefale e Shqip\u00ebris\u00eb"},"image":{"@id":"https:\/\/orthodoxalbania.org\/2020\/#\/schema\/logo\/image\/"},"sameAs":["https:\/\/www.facebook.com\/koash1991"]},{"@type":"Person","@id":"https:\/\/orthodoxalbania.org\/2020\/#\/schema\/person\/0c387634a7063ac612d7ed9ce71c7e86","name":"Kisha Orthodhokse","image":{"@type":"ImageObject","inLanguage":"en-US","@id":"https:\/\/secure.gravatar.com\/avatar\/596e7c417251e30f2fbb9c00e026fce61a695a00e51c889caded71c96cbbdde5?s=96&d=mm&r=g","url":"https:\/\/secure.gravatar.com\/avatar\/596e7c417251e30f2fbb9c00e026fce61a695a00e51c889caded71c96cbbdde5?s=96&d=mm&r=g","contentUrl":"https:\/\/secure.gravatar.com\/avatar\/596e7c417251e30f2fbb9c00e026fce61a695a00e51c889caded71c96cbbdde5?s=96&d=mm&r=g","caption":"Kisha Orthodhokse"}}]}},"_links":{"self":[{"href":"https:\/\/orthodoxalbania.org\/2020\/wp-json\/wp\/v2\/posts\/262","targetHints":{"allow":["GET"]}}],"collection":[{"href":"https:\/\/orthodoxalbania.org\/2020\/wp-json\/wp\/v2\/posts"}],"about":[{"href":"https:\/\/orthodoxalbania.org\/2020\/wp-json\/wp\/v2\/types\/post"}],"author":[{"embeddable":true,"href":"https:\/\/orthodoxalbania.org\/2020\/wp-json\/wp\/v2\/users\/1"}],"replies":[{"embeddable":true,"href":"https:\/\/orthodoxalbania.org\/2020\/wp-json\/wp\/v2\/comments?post=262"}],"version-history":[{"count":1,"href":"https:\/\/orthodoxalbania.org\/2020\/wp-json\/wp\/v2\/posts\/262\/revisions"}],"predecessor-version":[{"id":15740,"href":"https:\/\/orthodoxalbania.org\/2020\/wp-json\/wp\/v2\/posts\/262\/revisions\/15740"}],"wp:attachment":[{"href":"https:\/\/orthodoxalbania.org\/2020\/wp-json\/wp\/v2\/media?parent=262"}],"wp:term":[{"taxonomy":"category","embeddable":true,"href":"https:\/\/orthodoxalbania.org\/2020\/wp-json\/wp\/v2\/categories?post=262"},{"taxonomy":"post_tag","embeddable":true,"href":"https:\/\/orthodoxalbania.org\/2020\/wp-json\/wp\/v2\/tags?post=262"}],"curies":[{"name":"wp","href":"https:\/\/api.w.org\/{rel}","templated":true}]}}