{"id":260,"date":"2009-03-19T00:00:00","date_gmt":"2009-03-19T00:00:00","guid":{"rendered":""},"modified":"2020-04-06T22:32:37","modified_gmt":"2020-04-06T20:32:37","slug":"aktivitete-me-rastin-e-kreshmes-se-krishtlindjes-dhe-festave-kombetare-te-nentorit-ne-akademine-teologjike-ngjallja-e-krishtit-2009","status":"publish","type":"post","link":"https:\/\/orthodoxalbania.org\/2020\/2009\/03\/19\/aktivitete-me-rastin-e-kreshmes-se-krishtlindjes-dhe-festave-kombetare-te-nentorit-ne-akademine-teologjike-ngjallja-e-krishtit-2009\/","title":{"rendered":"Aktivitete me rastin e kreshm\u00ebs s\u00eb Krishtlindjes dhe festave komb\u00ebtare t\u00eb n\u00ebntorit n\u00eb Akademin\u00eb Teologjike \u201cNgjallja e Krishtit\u201d. (2009)"},"content":{"rendered":"<div style=\"text-align: justify;\"><span style=\"color: #000000;\"><span style=\"font-family: tahoma,geneva,sans-serif;\"><span style=\"font-size: 12px;\">&nbsp;&nbsp;&nbsp; Dit\u00ebn e premte, m\u00eb 13 N\u00ebntor, pas kremtimit t\u00eb Liturgjis\u00eb Hyjnore, n\u00eb Akademin\u00eb Teologjike \u201cNgjallja e Krishtit\u201d u zhvillua nj\u00eb aktivitet nga student\u00ebt e vitit t\u00eb tret\u00eb me rastin e fillimit t\u00eb kreshm\u00ebs s\u00eb Krishtlindjes.<\/span><\/span><\/span><\/div>\n<div style=\"text-align: justify;\"> <span style=\"color: #000000;\"><span style=\"font-family: tahoma,geneva,sans-serif;\"><span style=\"font-size: 12px;\">&nbsp;&nbsp;&nbsp; Programi filloi me p\u00ebrl\u00ebshoren e Krishtlindjes e psalur nga kori i Akademis\u00eb n\u00ebn drejtimin e pedagogut t\u00eb muzik\u00ebs bizantine z. Harallamb Terziu dhe vazhdoi me referuesit, t\u00eb cil\u00ebt kishin p\u00ebrgatitur temat mbi Kreshm\u00ebn. At\u00eb Justini n\u00eb referatin e tij theksoi r\u00ebnd\u00ebsin\u00eb e kreshm\u00ebs, duke n\u00ebnvizuar fuqin\u00eb dhe dobishm\u00ebrin\u00eb e saj n\u00eb jet\u00ebn shpirt\u00ebrore. Ai solli n\u00eb v\u00ebmendje t\u00eb student\u00ebve disa raste kreshmimi nga Shkrimi i Shenjt\u00eb, duke filluar me kreshm\u00ebn e mbajtur nga Jisu Krishti n\u00eb shkret\u00ebtir\u00eb, profeti Moisi n\u00eb malin Sina, profeti Ilia.<\/span><\/span><\/span><\/div>\n<div style=\"text-align: justify;\"> <span style=\"color: #000000;\"><span style=\"font-family: tahoma,geneva,sans-serif;\"><span style=\"font-size: 12px;\">&nbsp;&nbsp;&nbsp; M\u00eb pas, programi vazhdoi me lexime t\u00eb shumta e th\u00ebnie t\u00eb et\u00ebrve mbi kreshm\u00ebn si edhe me tropare t\u00eb tjera.<\/span><\/span><\/span><\/div>\n<div style=\"text-align: justify;\"> <span style=\"color: #000000;\"><span style=\"font-family: tahoma,geneva,sans-serif;\"><span style=\"font-size: 12px;\">&nbsp;&nbsp;&nbsp; Referati tjet\u00ebr u mbajt nga pedagogu i Agjiologjis\u00eb z. Thoma Shkira. Tema q\u00eb trajtoi ishte: \u201cKreshma, nj\u00eb mjet shenjt\u00ebrimi\u201d. Ai gjat\u00eb fjal\u00ebs s\u00eb tij hyr\u00ebse tha: \u201c<em>Porosia e Per\u00ebndis\u00eb p\u00ebr t\u00eb par\u00ebgatuarit n\u00eb Dhiat\u00ebn e Vjet\u00ebr, por dhe p\u00ebrcaktimi i dit\u00ebve t\u00eb kreshm\u00ebs nga Kisha jon\u00eb nuk jan\u00eb p\u00ebr ta kufizuar njeriun n\u00eb mund\u00ebsi apo p\u00ebr t\u00eb privuar lirin\u00eb e tij. Njeriu me kreshm\u00ebn ruan komunikimin e tij me Per\u00ebndin\u00eb dhe gjen veten n\u00eb zgjedhjen e liris\u00eb p\u00ebr t\u00eb jetuar sipas d\u00ebshir\u00ebs s\u00eb Per\u00ebndis\u00eb. Porosia nuk privon Ev\u00ebn dhe Adamin, por i lejon t\u00eb zgjedhin dhe k\u00ebshtu tregohet jo vet\u00ebm liria e njeriut, por edhe madh\u00ebshtia e Per\u00ebndis\u00eb p\u00ebr t\u00eb mos e burgosur krijes\u00ebn<\/em>\u201d. M\u00eb tej z. Shkira pohoi \u201cse <em>nga nj\u00ebra an\u00eb ruajtja e kreshm\u00ebs \u00ebsht\u00eb n\u00eb proporcion t\u00eb zhdrejt\u00eb me m\u00ebkatin, sepse sa m\u00eb shum\u00eb thellohet p\u00ebrjetimi yn\u00eb me Per\u00ebndin\u00eb n\u00ebp\u00ebrmjet kreshm\u00ebs aq m\u00eb pak zvog\u00eblohen m\u00ebkatet, tundimet dhe ndikimi negativ i tyre n\u00eb jet\u00ebn ton\u00eb, nd\u00ebrsa nga ana tjet\u00ebr ruajtja e kreshm\u00ebs \u00ebsht\u00eb n\u00eb proporcion t\u00eb drejt\u00eb me p\u00ebrfitimin e virtyteve dhe nj\u00ebkoh\u00ebsisht dhe me arritjen e q\u00ebllimit ton\u00eb, shenjt\u00ebrimit\u201d<\/em>.<\/span><\/span><\/span><\/div>\n<div style=\"text-align: justify;\"> <span style=\"color: #000000;\"><span style=\"font-family: tahoma,geneva,sans-serif;\"><span style=\"font-size: 12px;\">&nbsp;&nbsp;&nbsp; Programi p\u00ebrfundoi me psaljen e Zbrit\u00ebsoreve t\u00eb Krishtlindjes. N\u00eb fund ndihm\u00ebsdrejtori i Akademis\u00eb Teologjike \u201cNgjallja e Krishtit\u201d, Hir\u00ebsi Nikolla, i ftoi student\u00ebt p\u00ebr t\u00eb b\u00ebr\u00eb nj\u00eb analiz\u00eb t\u00eb vetes n\u00eb k\u00ebt\u00eb periudh\u00eb p\u00ebr t\u00eb par\u00eb, n\u00ebse ne me veprat tona e kemi pritur Per\u00ebndin\u00eb apo e kemi p\u00ebrbuzur At\u00eb. T\u00eb gjith\u00eb t\u00eb pranishmit kaluan m\u00eb pas nj\u00eb koh\u00eb t\u00eb qet\u00eb meditimi.<\/span><\/span><\/span><\/div>\n<div style=\"text-align: justify;\">&nbsp;<\/div>\n<div class=\"style8\" style=\"text-align: center;\"><span style=\"color: #b22222;\"><span style=\"font-family: tahoma,geneva,sans-serif;\"><span style=\"font-size: 12px;\">*&nbsp;&nbsp;&nbsp; *&nbsp;&nbsp;&nbsp; *<\/span><\/span><\/span><\/div>\n<div class=\"style8\" style=\"text-align: justify;\">&nbsp;<\/div>\n<div class=\"style7\" style=\"text-align: justify;\"><span style=\"color: #000000;\"><span style=\"font-family: tahoma,geneva,sans-serif;\"><span style=\"font-size: 12px;\">&nbsp;&nbsp;&nbsp; Mesazhi i Festave Komb\u00ebtare, t\u00eb cilat festohen \u00e7do vit nga t\u00eb gjith\u00eb shqiptar\u00ebt kudo ku ndodhen, u p\u00ebrcoll edhe n\u00eb Akademin\u00eb Teologjike \u201cNgjallja e Krishtit\u201d, Sh\u00ebn Vlash me an\u00eb t\u00eb nj\u00eb programi festiv me ngjyra komb\u00ebtare, p\u00ebr t\u00eb kujtuar si duhet dit\u00ebt e sh\u00ebnuara n\u00eb historin\u00eb e vendit ton\u00eb. I ftuar p\u00ebr t\u00eb referuar n\u00eb k\u00ebt\u00eb veprimtari ishte z. Stefan Dedja, m\u00ebsues i Historis\u00eb n\u00eb Liceun Kishtar \u201cKryqi i Nderuar\u201d, Sukth. N\u00eb referatin e tij z. Dedja theksoi se: \u201c<em>Shpallja e pavar\u00ebsis\u00eb ishte mbyllja e nj\u00eb epoke luft\u00ebrash e p\u00ebrpjekjesh shekullore. Ajo sanksionoi t\u00eb drejt\u00ebn historike p\u00ebr t\u00eb qen\u00eb t\u00eb bashkuar, t\u00eb lir\u00eb e t\u00eb pavarur n\u00eb trojet e veta, krahas popujve t\u00eb tjer\u00eb. Figurat e shquara t\u00eb popullit ton\u00eb sot nderohen p\u00ebr sakrific\u00ebn e tyre dhe mbi t\u00eb gjitha ata q\u00eb punuan p\u00ebr dijen dhe rritjen e nivelit kulturor duke e ditur vler\u00ebn e arsimit edhe at\u00ebher\u00eb kur ishte err\u00ebsir\u00eb e dendur, ata e gjet\u00ebn rrug\u00ebn e tyre<\/em>.\u201d Referuesi e mbylli fjal\u00ebn e tij duke th\u00ebn\u00eb: \u201c<em>Sot Akademia mban emrin \u201cNgjallja\u201d, pa t\u00eb cil\u00ebn besimi yn\u00eb nuk do t\u00eb ekzistonte. Le t\u00eb p\u00ebrpiqemi t\u00eb gjith\u00eb p\u00ebr t\u00eb mbushur kishat tona me njer\u00ebz t\u00eb arsimuar, sepse vet\u00ebm k\u00ebshtu do t\u00eb jemi krijues n\u00eb vepr\u00ebn ton\u00eb<\/em>\u201d.<\/span><\/span><\/span><\/div>\n<div class=\"style7\" style=\"text-align: justify;\"> <span style=\"color: #000000;\"><span style=\"font-family: tahoma,geneva,sans-serif;\"><span style=\"font-size: 12px;\">&nbsp;&nbsp;&nbsp; N\u00eb vazhdim, studentja e vitit t\u00eb dyt\u00eb Kristina Tolaj kishte p\u00ebrgatitur nj\u00eb material t\u00eb titulluar \u201cDita e pavar\u00ebsis\u00eb\u201d, ku flitej p\u00ebr veprimtarin\u00eb politike t\u00eb figur\u00ebs historike t\u00eb Ismail Qemalit dhe p\u00ebr rrethanat n\u00eb t\u00eb cilat m\u00eb 28 n\u00ebntor 1912 u ngrit flamuri kuq e zi, n\u00eb qytetin e Vlor\u00ebs. Nd\u00ebrsa studenti i vitit t\u00eb par\u00eb Kostandin Shtuni n\u00eb materialin e tij t\u00eb p\u00ebrgatitur p\u00ebr k\u00ebt\u00eb aktivitet, shpjegoi lidhjen e flamurit ton\u00eb komb\u00ebtar me flamurin e Perandoris\u00eb Bizantine, duke nxjerr\u00eb n\u00eb pah faktin e pakund\u00ebrshtuesh\u00ebm q\u00eb Krishterimi ka qen\u00eb fe kryesore nd\u00ebr trevat dhe popullin shqiptar q\u00eb nga vitet e hershme.<\/span><\/span><\/span><\/div>\n<div class=\"style7\" style=\"text-align: justify;\"> <span style=\"color: #000000;\"><span style=\"font-family: tahoma,geneva,sans-serif;\"><span style=\"font-size: 12px;\">&nbsp;&nbsp;&nbsp; F\u00ebmij\u00ebt e Sht\u00ebpis\u00eb Orthodhokse t\u00eb Shpres\u00ebs, p\u00ebrsh\u00ebndet\u00ebn t\u00eb gjith\u00eb t\u00eb pranishmit me nj\u00eb program t\u00eb shkurt\u00ebr. Nd\u00ebrsa kori i Akademis\u00eb, i cili hapi dhe mbylli k\u00ebt\u00eb aktivitet psali himne kishtare dhe k\u00ebndoi k\u00ebng\u00ebt tashm\u00eb t\u00eb njohura me tematik\u00eb komb\u00ebtare,\u201dHimni i flamurit\u201d, \u201cTy flamur t\u00eb duam shum\u00eb\u201d etj. N\u00eb fund fjal\u00ebn e mori ndihm\u00ebsdrejtori i Akademis\u00eb Teologjike \u201cNgjallja e Krishtit\u201d, Hir\u00ebsi Nikolla. \u201c<em>Q\u00eb t\u00eb jesh nj\u00eb qytetar i mir\u00eb dhe me vlera, q\u00eb t\u00eb nderosh atdheun dhe vendin t\u00ebnd duhet t\u00eb kesh mir\u00ebsi dhe dashuri. T\u00eb dyja k\u00ebto virtyte p\u00ebrmbushen te \u00e7do besimtar. Prandaj nj\u00eb besimtar i mir\u00eb \u00ebsht\u00eb dhe duhet t\u00eb jet\u00eb nj\u00eb qytetar i mir\u00eb. Ne gjithashtu duhet t\u00eb kujtojm\u00eb dhe t\u00eb nderojm\u00eb figurat e shquara historike, por edhe historin\u00eb n\u00eb t\u00ebr\u00ebsi t\u00eb popullit shqiptar<\/em>\u201d. \u2013 theksoi ai.<\/span><\/span><\/span><\/div>\n<div class=\"style7\">&nbsp;<\/div>\n<div class=\"style7\"><span style=\"color: #000000;\"><span style=\"font-family: tahoma,geneva,sans-serif;\"><span style=\"font-size: 12px;\"><strong>Nestilda Dangaj<\/strong><br \/> Studente e vitit IV<\/span><\/span><\/span><\/div>\n","protected":false},"excerpt":{"rendered":"<p>&nbsp;&nbsp;&nbsp; Dit\u00ebn e premte, m\u00eb 13 N\u00ebntor, pas kremtimit t\u00eb Liturgjis\u00eb Hyjnore, n\u00eb Akademin\u00eb Teologjike \u201cNgjallja e Krishtit\u201d u zhvillua nj\u00eb aktivitet nga student\u00ebt e vitit t\u00eb tret\u00eb me rastin e fillimit t\u00eb kreshm\u00ebs s\u00eb Krishtlindjes. &nbsp;&nbsp;&nbsp; Programi filloi me p\u00ebrl\u00ebshoren e Krishtlindjes e psalur nga kori i Akademis\u00eb n\u00ebn drejtimin e pedagogut t\u00eb muzik\u00ebs bizantine z. Harallamb Terziu dhe vazhdoi me referuesit, t\u00eb cil\u00ebt<\/p>\n","protected":false},"author":1,"featured_media":0,"comment_status":"open","ping_status":"open","sticky":false,"template":"","format":"standard","meta":{"_acf_changed":false,"pagelayer_contact_templates":[],"_pagelayer_content":"","inline_featured_image":false,"fifu_image_url":"","fifu_image_alt":"","footnotes":""},"categories":[108],"tags":[145,169,154,196,212],"class_list":["post-260","post","type-post","status-publish","format-standard","hentry","category-lajme","tag-145","tag-akademia-teologjike","tag-aktivitete","tag-tirane","tag-lajme-d27"],"acf":[],"yoast_head":"<!-- This site is optimized with the Yoast SEO plugin v27.2 - https:\/\/yoast.com\/product\/yoast-seo-wordpress\/ -->\n<title>Aktivitete me rastin e kreshm\u00ebs s\u00eb Krishtlindjes dhe festave komb\u00ebtare t\u00eb n\u00ebntorit n\u00eb Akademin\u00eb Teologjike \u201cNgjallja e Krishtit\u201d. (2009) - Kisha Orthodh\u03bfkse Autoqefale e Shqip\u00ebris\u00eb<\/title>\n<meta name=\"robots\" content=\"index, follow, max-snippet:-1, max-image-preview:large, max-video-preview:-1\" \/>\n<link rel=\"canonical\" href=\"https:\/\/orthodoxalbania.org\/2020\/2009\/03\/19\/aktivitete-me-rastin-e-kreshmes-se-krishtlindjes-dhe-festave-kombetare-te-nentorit-ne-akademine-teologjike-ngjallja-e-krishtit-2009\/\" \/>\n<meta property=\"og:locale\" content=\"en_US\" \/>\n<meta property=\"og:type\" content=\"article\" \/>\n<meta property=\"og:title\" content=\"Aktivitete me rastin e kreshm\u00ebs s\u00eb Krishtlindjes dhe festave komb\u00ebtare t\u00eb n\u00ebntorit n\u00eb Akademin\u00eb Teologjike \u201cNgjallja e Krishtit\u201d. (2009) - Kisha Orthodh\u03bfkse Autoqefale e Shqip\u00ebris\u00eb\" \/>\n<meta property=\"og:description\" content=\"&nbsp;&nbsp;&nbsp; Dit\u00ebn e premte, m\u00eb 13 N\u00ebntor, pas kremtimit t\u00eb Liturgjis\u00eb Hyjnore, n\u00eb Akademin\u00eb Teologjike \u201cNgjallja e Krishtit\u201d u zhvillua nj\u00eb aktivitet nga student\u00ebt e vitit t\u00eb tret\u00eb me rastin e fillimit t\u00eb kreshm\u00ebs s\u00eb Krishtlindjes. &nbsp;&nbsp;&nbsp; Programi filloi me p\u00ebrl\u00ebshoren e Krishtlindjes e psalur nga kori i Akademis\u00eb n\u00ebn drejtimin e pedagogut t\u00eb muzik\u00ebs bizantine z. Harallamb Terziu dhe vazhdoi me referuesit, t\u00eb cil\u00ebt\" \/>\n<meta property=\"og:url\" content=\"https:\/\/orthodoxalbania.org\/2020\/2009\/03\/19\/aktivitete-me-rastin-e-kreshmes-se-krishtlindjes-dhe-festave-kombetare-te-nentorit-ne-akademine-teologjike-ngjallja-e-krishtit-2009\/\" \/>\n<meta property=\"og:site_name\" content=\"Kisha Orthodh\u03bfkse Autoqefale e Shqip\u00ebris\u00eb\" \/>\n<meta property=\"article:publisher\" content=\"https:\/\/www.facebook.com\/koash1991\" \/>\n<meta property=\"article:published_time\" content=\"2009-03-19T00:00:00+00:00\" \/>\n<meta property=\"article:modified_time\" content=\"2020-04-06T20:32:37+00:00\" \/>\n<meta property=\"og:image\" content=\"https:\/\/orthodoxalbania.org\/2020\/wp-content\/uploads\/2021\/02\/LogoLastALb-200.png\" \/>\n\t<meta property=\"og:image:width\" content=\"200\" \/>\n\t<meta property=\"og:image:height\" content=\"172\" \/>\n\t<meta property=\"og:image:type\" content=\"image\/png\" \/>\n<meta name=\"author\" content=\"Kisha Orthodhokse\" \/>\n<meta name=\"twitter:card\" content=\"summary_large_image\" \/>\n<meta name=\"twitter:label1\" content=\"Written by\" \/>\n\t<meta name=\"twitter:data1\" content=\"Kisha Orthodhokse\" \/>\n\t<meta name=\"twitter:label2\" content=\"Est. reading time\" \/>\n\t<meta name=\"twitter:data2\" content=\"5 minutes\" \/>\n<script type=\"application\/ld+json\" class=\"yoast-schema-graph\">{\"@context\":\"https:\/\/schema.org\",\"@graph\":[{\"@type\":\"Article\",\"@id\":\"https:\/\/orthodoxalbania.org\/2020\/2009\/03\/19\/aktivitete-me-rastin-e-kreshmes-se-krishtlindjes-dhe-festave-kombetare-te-nentorit-ne-akademine-teologjike-ngjallja-e-krishtit-2009\/#article\",\"isPartOf\":{\"@id\":\"https:\/\/orthodoxalbania.org\/2020\/2009\/03\/19\/aktivitete-me-rastin-e-kreshmes-se-krishtlindjes-dhe-festave-kombetare-te-nentorit-ne-akademine-teologjike-ngjallja-e-krishtit-2009\/\"},\"author\":{\"name\":\"Kisha Orthodhokse\",\"@id\":\"https:\/\/orthodoxalbania.org\/2020\/#\/schema\/person\/0c387634a7063ac612d7ed9ce71c7e86\"},\"headline\":\"Aktivitete me rastin e kreshm\u00ebs s\u00eb Krishtlindjes dhe festave komb\u00ebtare t\u00eb n\u00ebntorit n\u00eb Akademin\u00eb Teologjike \u201cNgjallja e Krishtit\u201d. (2009)\",\"datePublished\":\"2009-03-19T00:00:00+00:00\",\"dateModified\":\"2020-04-06T20:32:37+00:00\",\"mainEntityOfPage\":{\"@id\":\"https:\/\/orthodoxalbania.org\/2020\/2009\/03\/19\/aktivitete-me-rastin-e-kreshmes-se-krishtlindjes-dhe-festave-kombetare-te-nentorit-ne-akademine-teologjike-ngjallja-e-krishtit-2009\/\"},\"wordCount\":1029,\"commentCount\":0,\"publisher\":{\"@id\":\"https:\/\/orthodoxalbania.org\/2020\/#organization\"},\"keywords\":[\"2009\",\"Akademia Teologjike\",\"Aktivitete\",\"Kryepiskopata Tiran\u00eb\",\"lajme\"],\"articleSection\":[\"Lajme\"],\"inLanguage\":\"en-US\"},{\"@type\":\"WebPage\",\"@id\":\"https:\/\/orthodoxalbania.org\/2020\/2009\/03\/19\/aktivitete-me-rastin-e-kreshmes-se-krishtlindjes-dhe-festave-kombetare-te-nentorit-ne-akademine-teologjike-ngjallja-e-krishtit-2009\/\",\"url\":\"https:\/\/orthodoxalbania.org\/2020\/2009\/03\/19\/aktivitete-me-rastin-e-kreshmes-se-krishtlindjes-dhe-festave-kombetare-te-nentorit-ne-akademine-teologjike-ngjallja-e-krishtit-2009\/\",\"name\":\"Aktivitete me rastin e kreshm\u00ebs s\u00eb Krishtlindjes dhe festave komb\u00ebtare t\u00eb n\u00ebntorit n\u00eb Akademin\u00eb Teologjike \u201cNgjallja e Krishtit\u201d. (2009) - Kisha Orthodh\u03bfkse Autoqefale e Shqip\u00ebris\u00eb\",\"isPartOf\":{\"@id\":\"https:\/\/orthodoxalbania.org\/2020\/#website\"},\"datePublished\":\"2009-03-19T00:00:00+00:00\",\"dateModified\":\"2020-04-06T20:32:37+00:00\",\"breadcrumb\":{\"@id\":\"https:\/\/orthodoxalbania.org\/2020\/2009\/03\/19\/aktivitete-me-rastin-e-kreshmes-se-krishtlindjes-dhe-festave-kombetare-te-nentorit-ne-akademine-teologjike-ngjallja-e-krishtit-2009\/#breadcrumb\"},\"inLanguage\":\"en-US\",\"potentialAction\":[{\"@type\":\"ReadAction\",\"target\":[\"https:\/\/orthodoxalbania.org\/2020\/2009\/03\/19\/aktivitete-me-rastin-e-kreshmes-se-krishtlindjes-dhe-festave-kombetare-te-nentorit-ne-akademine-teologjike-ngjallja-e-krishtit-2009\/\"]}]},{\"@type\":\"BreadcrumbList\",\"@id\":\"https:\/\/orthodoxalbania.org\/2020\/2009\/03\/19\/aktivitete-me-rastin-e-kreshmes-se-krishtlindjes-dhe-festave-kombetare-te-nentorit-ne-akademine-teologjike-ngjallja-e-krishtit-2009\/#breadcrumb\",\"itemListElement\":[{\"@type\":\"ListItem\",\"position\":1,\"name\":\"Home\",\"item\":\"https:\/\/orthodoxalbania.org\/2020\/\"},{\"@type\":\"ListItem\",\"position\":2,\"name\":\"Aktivitete me rastin e kreshm\u00ebs s\u00eb Krishtlindjes dhe festave komb\u00ebtare t\u00eb n\u00ebntorit n\u00eb Akademin\u00eb Teologjike \u201cNgjallja e Krishtit\u201d. (2009)\"}]},{\"@type\":\"WebSite\",\"@id\":\"https:\/\/orthodoxalbania.org\/2020\/#website\",\"url\":\"https:\/\/orthodoxalbania.org\/2020\/\",\"name\":\"Kisha Orthodh\u03bfkse Autoqefale e Shqip\u00ebris\u00eb\",\"description\":\"Fqja Zyrtare e Kish\u00ebs Orthodhokse Autoqefale e Shqip\u00ebris\u00eb me lajmet edhe informacionet zyrtare p\u00ebr struktur\u00ebn edhe veprimtarin e saj.\",\"publisher\":{\"@id\":\"https:\/\/orthodoxalbania.org\/2020\/#organization\"},\"potentialAction\":[{\"@type\":\"SearchAction\",\"target\":{\"@type\":\"EntryPoint\",\"urlTemplate\":\"https:\/\/orthodoxalbania.org\/2020\/?s={search_term_string}\"},\"query-input\":{\"@type\":\"PropertyValueSpecification\",\"valueRequired\":true,\"valueName\":\"search_term_string\"}}],\"inLanguage\":\"en-US\"},{\"@type\":\"Organization\",\"@id\":\"https:\/\/orthodoxalbania.org\/2020\/#organization\",\"name\":\"Kisha Orthodhokse Autoqefale e Shqip\u00ebris\u00eb\",\"url\":\"https:\/\/orthodoxalbania.org\/2020\/\",\"logo\":{\"@type\":\"ImageObject\",\"inLanguage\":\"en-US\",\"@id\":\"https:\/\/orthodoxalbania.org\/2020\/#\/schema\/logo\/image\/\",\"url\":\"https:\/\/orthodoxalbania.org\/2020\/wp-content\/uploads\/2020\/05\/albania.jpeg\",\"contentUrl\":\"https:\/\/orthodoxalbania.org\/2020\/wp-content\/uploads\/2020\/05\/albania.jpeg\",\"width\":540,\"height\":540,\"caption\":\"Kisha Orthodhokse Autoqefale e Shqip\u00ebris\u00eb\"},\"image\":{\"@id\":\"https:\/\/orthodoxalbania.org\/2020\/#\/schema\/logo\/image\/\"},\"sameAs\":[\"https:\/\/www.facebook.com\/koash1991\"]},{\"@type\":\"Person\",\"@id\":\"https:\/\/orthodoxalbania.org\/2020\/#\/schema\/person\/0c387634a7063ac612d7ed9ce71c7e86\",\"name\":\"Kisha Orthodhokse\",\"image\":{\"@type\":\"ImageObject\",\"inLanguage\":\"en-US\",\"@id\":\"https:\/\/secure.gravatar.com\/avatar\/596e7c417251e30f2fbb9c00e026fce61a695a00e51c889caded71c96cbbdde5?s=96&d=mm&r=g\",\"url\":\"https:\/\/secure.gravatar.com\/avatar\/596e7c417251e30f2fbb9c00e026fce61a695a00e51c889caded71c96cbbdde5?s=96&d=mm&r=g\",\"contentUrl\":\"https:\/\/secure.gravatar.com\/avatar\/596e7c417251e30f2fbb9c00e026fce61a695a00e51c889caded71c96cbbdde5?s=96&d=mm&r=g\",\"caption\":\"Kisha Orthodhokse\"}}]}<\/script>\n<!-- \/ Yoast SEO plugin. -->","yoast_head_json":{"title":"Aktivitete me rastin e kreshm\u00ebs s\u00eb Krishtlindjes dhe festave komb\u00ebtare t\u00eb n\u00ebntorit n\u00eb Akademin\u00eb Teologjike \u201cNgjallja e Krishtit\u201d. (2009) - Kisha Orthodh\u03bfkse Autoqefale e Shqip\u00ebris\u00eb","robots":{"index":"index","follow":"follow","max-snippet":"max-snippet:-1","max-image-preview":"max-image-preview:large","max-video-preview":"max-video-preview:-1"},"canonical":"https:\/\/orthodoxalbania.org\/2020\/2009\/03\/19\/aktivitete-me-rastin-e-kreshmes-se-krishtlindjes-dhe-festave-kombetare-te-nentorit-ne-akademine-teologjike-ngjallja-e-krishtit-2009\/","og_locale":"en_US","og_type":"article","og_title":"Aktivitete me rastin e kreshm\u00ebs s\u00eb Krishtlindjes dhe festave komb\u00ebtare t\u00eb n\u00ebntorit n\u00eb Akademin\u00eb Teologjike \u201cNgjallja e Krishtit\u201d. (2009) - Kisha Orthodh\u03bfkse Autoqefale e Shqip\u00ebris\u00eb","og_description":"&nbsp;&nbsp;&nbsp; Dit\u00ebn e premte, m\u00eb 13 N\u00ebntor, pas kremtimit t\u00eb Liturgjis\u00eb Hyjnore, n\u00eb Akademin\u00eb Teologjike \u201cNgjallja e Krishtit\u201d u zhvillua nj\u00eb aktivitet nga student\u00ebt e vitit t\u00eb tret\u00eb me rastin e fillimit t\u00eb kreshm\u00ebs s\u00eb Krishtlindjes. &nbsp;&nbsp;&nbsp; Programi filloi me p\u00ebrl\u00ebshoren e Krishtlindjes e psalur nga kori i Akademis\u00eb n\u00ebn drejtimin e pedagogut t\u00eb muzik\u00ebs bizantine z. Harallamb Terziu dhe vazhdoi me referuesit, t\u00eb cil\u00ebt","og_url":"https:\/\/orthodoxalbania.org\/2020\/2009\/03\/19\/aktivitete-me-rastin-e-kreshmes-se-krishtlindjes-dhe-festave-kombetare-te-nentorit-ne-akademine-teologjike-ngjallja-e-krishtit-2009\/","og_site_name":"Kisha Orthodh\u03bfkse Autoqefale e Shqip\u00ebris\u00eb","article_publisher":"https:\/\/www.facebook.com\/koash1991","article_published_time":"2009-03-19T00:00:00+00:00","article_modified_time":"2020-04-06T20:32:37+00:00","og_image":[{"width":200,"height":172,"url":"https:\/\/orthodoxalbania.org\/2020\/wp-content\/uploads\/2021\/02\/LogoLastALb-200.png","type":"image\/png"}],"author":"Kisha Orthodhokse","twitter_card":"summary_large_image","twitter_misc":{"Written by":"Kisha Orthodhokse","Est. reading time":"5 minutes"},"schema":{"@context":"https:\/\/schema.org","@graph":[{"@type":"Article","@id":"https:\/\/orthodoxalbania.org\/2020\/2009\/03\/19\/aktivitete-me-rastin-e-kreshmes-se-krishtlindjes-dhe-festave-kombetare-te-nentorit-ne-akademine-teologjike-ngjallja-e-krishtit-2009\/#article","isPartOf":{"@id":"https:\/\/orthodoxalbania.org\/2020\/2009\/03\/19\/aktivitete-me-rastin-e-kreshmes-se-krishtlindjes-dhe-festave-kombetare-te-nentorit-ne-akademine-teologjike-ngjallja-e-krishtit-2009\/"},"author":{"name":"Kisha Orthodhokse","@id":"https:\/\/orthodoxalbania.org\/2020\/#\/schema\/person\/0c387634a7063ac612d7ed9ce71c7e86"},"headline":"Aktivitete me rastin e kreshm\u00ebs s\u00eb Krishtlindjes dhe festave komb\u00ebtare t\u00eb n\u00ebntorit n\u00eb Akademin\u00eb Teologjike \u201cNgjallja e Krishtit\u201d. (2009)","datePublished":"2009-03-19T00:00:00+00:00","dateModified":"2020-04-06T20:32:37+00:00","mainEntityOfPage":{"@id":"https:\/\/orthodoxalbania.org\/2020\/2009\/03\/19\/aktivitete-me-rastin-e-kreshmes-se-krishtlindjes-dhe-festave-kombetare-te-nentorit-ne-akademine-teologjike-ngjallja-e-krishtit-2009\/"},"wordCount":1029,"commentCount":0,"publisher":{"@id":"https:\/\/orthodoxalbania.org\/2020\/#organization"},"keywords":["2009","Akademia Teologjike","Aktivitete","Kryepiskopata Tiran\u00eb","lajme"],"articleSection":["Lajme"],"inLanguage":"en-US"},{"@type":"WebPage","@id":"https:\/\/orthodoxalbania.org\/2020\/2009\/03\/19\/aktivitete-me-rastin-e-kreshmes-se-krishtlindjes-dhe-festave-kombetare-te-nentorit-ne-akademine-teologjike-ngjallja-e-krishtit-2009\/","url":"https:\/\/orthodoxalbania.org\/2020\/2009\/03\/19\/aktivitete-me-rastin-e-kreshmes-se-krishtlindjes-dhe-festave-kombetare-te-nentorit-ne-akademine-teologjike-ngjallja-e-krishtit-2009\/","name":"Aktivitete me rastin e kreshm\u00ebs s\u00eb Krishtlindjes dhe festave komb\u00ebtare t\u00eb n\u00ebntorit n\u00eb Akademin\u00eb Teologjike \u201cNgjallja e Krishtit\u201d. (2009) - Kisha Orthodh\u03bfkse Autoqefale e Shqip\u00ebris\u00eb","isPartOf":{"@id":"https:\/\/orthodoxalbania.org\/2020\/#website"},"datePublished":"2009-03-19T00:00:00+00:00","dateModified":"2020-04-06T20:32:37+00:00","breadcrumb":{"@id":"https:\/\/orthodoxalbania.org\/2020\/2009\/03\/19\/aktivitete-me-rastin-e-kreshmes-se-krishtlindjes-dhe-festave-kombetare-te-nentorit-ne-akademine-teologjike-ngjallja-e-krishtit-2009\/#breadcrumb"},"inLanguage":"en-US","potentialAction":[{"@type":"ReadAction","target":["https:\/\/orthodoxalbania.org\/2020\/2009\/03\/19\/aktivitete-me-rastin-e-kreshmes-se-krishtlindjes-dhe-festave-kombetare-te-nentorit-ne-akademine-teologjike-ngjallja-e-krishtit-2009\/"]}]},{"@type":"BreadcrumbList","@id":"https:\/\/orthodoxalbania.org\/2020\/2009\/03\/19\/aktivitete-me-rastin-e-kreshmes-se-krishtlindjes-dhe-festave-kombetare-te-nentorit-ne-akademine-teologjike-ngjallja-e-krishtit-2009\/#breadcrumb","itemListElement":[{"@type":"ListItem","position":1,"name":"Home","item":"https:\/\/orthodoxalbania.org\/2020\/"},{"@type":"ListItem","position":2,"name":"Aktivitete me rastin e kreshm\u00ebs s\u00eb Krishtlindjes dhe festave komb\u00ebtare t\u00eb n\u00ebntorit n\u00eb Akademin\u00eb Teologjike \u201cNgjallja e Krishtit\u201d. (2009)"}]},{"@type":"WebSite","@id":"https:\/\/orthodoxalbania.org\/2020\/#website","url":"https:\/\/orthodoxalbania.org\/2020\/","name":"Kisha Orthodh\u03bfkse Autoqefale e Shqip\u00ebris\u00eb","description":"Fqja Zyrtare e Kish\u00ebs Orthodhokse Autoqefale e Shqip\u00ebris\u00eb me lajmet edhe informacionet zyrtare p\u00ebr struktur\u00ebn edhe veprimtarin e saj.","publisher":{"@id":"https:\/\/orthodoxalbania.org\/2020\/#organization"},"potentialAction":[{"@type":"SearchAction","target":{"@type":"EntryPoint","urlTemplate":"https:\/\/orthodoxalbania.org\/2020\/?s={search_term_string}"},"query-input":{"@type":"PropertyValueSpecification","valueRequired":true,"valueName":"search_term_string"}}],"inLanguage":"en-US"},{"@type":"Organization","@id":"https:\/\/orthodoxalbania.org\/2020\/#organization","name":"Kisha Orthodhokse Autoqefale e Shqip\u00ebris\u00eb","url":"https:\/\/orthodoxalbania.org\/2020\/","logo":{"@type":"ImageObject","inLanguage":"en-US","@id":"https:\/\/orthodoxalbania.org\/2020\/#\/schema\/logo\/image\/","url":"https:\/\/orthodoxalbania.org\/2020\/wp-content\/uploads\/2020\/05\/albania.jpeg","contentUrl":"https:\/\/orthodoxalbania.org\/2020\/wp-content\/uploads\/2020\/05\/albania.jpeg","width":540,"height":540,"caption":"Kisha Orthodhokse Autoqefale e Shqip\u00ebris\u00eb"},"image":{"@id":"https:\/\/orthodoxalbania.org\/2020\/#\/schema\/logo\/image\/"},"sameAs":["https:\/\/www.facebook.com\/koash1991"]},{"@type":"Person","@id":"https:\/\/orthodoxalbania.org\/2020\/#\/schema\/person\/0c387634a7063ac612d7ed9ce71c7e86","name":"Kisha Orthodhokse","image":{"@type":"ImageObject","inLanguage":"en-US","@id":"https:\/\/secure.gravatar.com\/avatar\/596e7c417251e30f2fbb9c00e026fce61a695a00e51c889caded71c96cbbdde5?s=96&d=mm&r=g","url":"https:\/\/secure.gravatar.com\/avatar\/596e7c417251e30f2fbb9c00e026fce61a695a00e51c889caded71c96cbbdde5?s=96&d=mm&r=g","contentUrl":"https:\/\/secure.gravatar.com\/avatar\/596e7c417251e30f2fbb9c00e026fce61a695a00e51c889caded71c96cbbdde5?s=96&d=mm&r=g","caption":"Kisha Orthodhokse"}}]}},"_links":{"self":[{"href":"https:\/\/orthodoxalbania.org\/2020\/wp-json\/wp\/v2\/posts\/260","targetHints":{"allow":["GET"]}}],"collection":[{"href":"https:\/\/orthodoxalbania.org\/2020\/wp-json\/wp\/v2\/posts"}],"about":[{"href":"https:\/\/orthodoxalbania.org\/2020\/wp-json\/wp\/v2\/types\/post"}],"author":[{"embeddable":true,"href":"https:\/\/orthodoxalbania.org\/2020\/wp-json\/wp\/v2\/users\/1"}],"replies":[{"embeddable":true,"href":"https:\/\/orthodoxalbania.org\/2020\/wp-json\/wp\/v2\/comments?post=260"}],"version-history":[{"count":1,"href":"https:\/\/orthodoxalbania.org\/2020\/wp-json\/wp\/v2\/posts\/260\/revisions"}],"predecessor-version":[{"id":15555,"href":"https:\/\/orthodoxalbania.org\/2020\/wp-json\/wp\/v2\/posts\/260\/revisions\/15555"}],"wp:attachment":[{"href":"https:\/\/orthodoxalbania.org\/2020\/wp-json\/wp\/v2\/media?parent=260"}],"wp:term":[{"taxonomy":"category","embeddable":true,"href":"https:\/\/orthodoxalbania.org\/2020\/wp-json\/wp\/v2\/categories?post=260"},{"taxonomy":"post_tag","embeddable":true,"href":"https:\/\/orthodoxalbania.org\/2020\/wp-json\/wp\/v2\/tags?post=260"}],"curies":[{"name":"wp","href":"https:\/\/api.w.org\/{rel}","templated":true}]}}