{"id":259,"date":"2013-03-21T12:27:50","date_gmt":"2013-03-21T12:27:50","guid":{"rendered":""},"modified":"2020-04-06T22:05:55","modified_gmt":"2020-04-06T20:05:55","slug":"aktivitete-me-rastin-e-100-vjetorit-te-pavaresise-ne-kopshtet-e-kishes-orthodhokse","status":"publish","type":"post","link":"https:\/\/orthodoxalbania.org\/2020\/2013\/03\/21\/aktivitete-me-rastin-e-100-vjetorit-te-pavaresise-ne-kopshtet-e-kishes-orthodhokse\/","title":{"rendered":"Aktivitete me rastin e 100 vjetorit t\u00eb Pavar\u00ebsis\u00eb n\u00eb kopshtet e Kish\u00ebs Orthodhokse. (16 N\u00ebntor 2012)"},"content":{"rendered":"<div class=\"MsoNormal\" style=\"text-align: justify;\"><span style=\"color: #000000; font-family: helvetica;\"><img class=\"lazyload\" decoding=\"async\" style=\"width: 300px; height: 225px; border-width: 1px; border-style: solid; margin: 10px; float: left;\" alt=\"\" src=\"data:image\/gif;base64,R0lGODlhAQABAAAAACH5BAEKAAEALAAAAAABAAEAAAICTAEAOw==\" data-orig-src=\"https:\/\/lh5.googleusercontent.com\/-YwrL7l9S9-E\/UK9HMylmpTI\/AAAAAAAABI0\/Tm2Fj7zqGYw\/s640\/1 per web.jpg\" \/><span style=\"font-size: 12pt;\">&nbsp;&nbsp;&nbsp; Ne dat\u00ebn 16\/11\/2012 Zyra e Koordinimit t\u00eb P\u00ebrkujdesjeve Ditore me mb\u00ebshtetjen e Zyr\u00ebs Diakoni Agapes dhe donatoreve, n\u00eb kuad\u00ebr t\u00eb zbatimit t\u00eb Programit t\u00eb P\u00ebrkujdesjeve Ditore udh\u00ebtoi n\u00eb qytetin e Vlor\u00ebs. &nbsp;N\u00eb kopshtin \u201cFrym\u00eb Dashurie\u201d t\u00eb k\u00ebtij qyteti me rastin e 100 vjetorit t\u00eb Pavar\u00ebsis\u00eb stafi i kopshtit kishte p\u00ebrgatitur nj\u00eb M\u00ebsim t\u00eb Hapur. &nbsp;P\u00ebr t\u00eb ndjekur k\u00ebt\u00eb aktivitet mor\u00ebn pjes\u00eb m\u00ebsuese t\u00eb kopshteve t\u00eb Durr\u00ebsit, Kavaj\u00ebs , Lushnj\u00ebs, Beratit, Elbasanit, C\u00ebrrikut dhe Kor\u00e7\u00ebs. N\u00eb Vlor\u00eb gjet\u00ebm t\u00eb pranish\u00ebm nj\u00eb ambjent ku mbret\u00ebront\u00eb atmosfera e fest\u00ebs, t\u00eb zbukuruar me flamuj t\u00eb gjith\u00eb kopshtin. &nbsp;M\u00ebsimi nisi me \u201cHimnin e Flamurit\u201d, i cili u k\u00ebndua nga t\u00eb gjith\u00eb f\u00ebmij\u00ebt dhe edukatoret. Ora e m\u00ebsimit u zhvilluar sipas programit dhe p\u00ebrmbante t\u00eb gjith\u00eb figurat, vendet dhe ngjarjet q\u00eb lidheshin me pavar\u00ebsin\u00eb. Ngjarjet u integruan n\u00eb fushat e matematik\u00ebs, gjuh\u00ebs dhe arteve. &nbsp;P\u00ebr t\u00eb p\u00ebrmbyllur aktivitetin, f\u00ebmij\u00ebt e k\u00ebtij kopshti dramatizuan nj\u00eb pjes\u00eb t\u00eb shk\u00ebputur nga filmi:\u201dN\u00ebntori i dyt\u00eb\u201d, duke sjell\u00eb k\u00ebshtu momentet e ngritjes s\u00eb flamurit t\u00eb q\u00ebndisur nga Marigoja. &nbsp;&nbsp;<\/span><\/span><\/div>\n<div class=\"MsoNormal\" style=\"text-align: right;\"><span style=\"color: #000000; font-family: helvetica; font-size: 12pt;\"><strong>Nafsika Melo<\/strong><\/span><\/div>\n<div class=\"MsoNormal\" style=\"text-align: right;\"><span style=\"font-family: helvetica; font-size: 12pt;\"><\/span><\/div>\n<div class=\"MsoNormal\" style=\"text-align: right;\"><span style=\"font-family: helvetica; font-size: 12pt;\"><\/span><\/div>\n<p class=\"MsoNormal\" style=\"text-align: right;\"><span style=\"font-family: helvetica; font-size: 12pt;\"><\/span><\/p>\n<p class=\"MsoNormal\" style=\"text-align: right;\"><span style=\"font-family: helvetica; font-size: 12pt;\"><\/span><\/p>\n<p class=\"MsoNormal\"><span style=\"color: #000000; font-family: helvetica; font-size: 12pt;\"><img class=\"lazyload\" decoding=\"async\" style=\"width: 600px; height: 450px; border-width: 1px; border-style: solid; margin: 10px; float: left;\" alt=\"\" src=\"data:image\/gif;base64,R0lGODlhAQABAAAAACH5BAEKAAEALAAAAAABAAEAAAICTAEAOw==\" data-orig-src=\"https:\/\/lh5.googleusercontent.com\/-s3yzD6vcKhw\/UK9HTXI0DBI\/AAAAAAAABKE\/WpLrvEjZHT0\/s640\/4 per web.jpg\" \/><\/span><\/p>\n<p class=\"MsoNormal\"><span style=\"color: #000000; font-family: helvetica; font-size: 12pt;\"><img class=\"lazyload\" decoding=\"async\" style=\"width: 600px; height: 450px; border-width: 1px; border-style: solid; margin: 10px; float: left;\" alt=\"\" src=\"data:image\/gif;base64,R0lGODlhAQABAAAAACH5BAEKAAEALAAAAAABAAEAAAICTAEAOw==\" data-orig-src=\"https:\/\/lh4.googleusercontent.com\/-uzDwKDK8bk8\/UK9HSK4AObI\/AAAAAAAABJ0\/HlvhN5Y4KV8\/s640\/3 per web.jpg\" \/><\/span><\/p>\n<p class=\"MsoNormal\"><span style=\"color: #000000; font-family: helvetica; font-size: 12pt;\"><img class=\"lazyload\" decoding=\"async\" style=\"width: 600px; height: 450px; border-width: 1px; border-style: solid; margin: 10px; float: left;\" alt=\"\" src=\"data:image\/gif;base64,R0lGODlhAQABAAAAACH5BAEKAAEALAAAAAABAAEAAAICTAEAOw==\" data-orig-src=\"https:\/\/lh5.googleusercontent.com\/-oF2Ya3cfJE8\/UK9HPXfoBFI\/AAAAAAAABJQ\/jZqapgUIiw8\/s640\/2 per web.jpg\" \/><\/span><\/p>\n<p class=\"MsoNormal\"><span style=\"font-family: helvetica; font-size: 12pt;\"><\/span><\/p>\n<p class=\"MsoNormal\"><span style=\"font-family: helvetica; font-size: 12pt;\"><\/span><\/p>\n<p class=\"MsoNormal\"><span style=\"font-family: helvetica; font-size: 12pt;\"><\/span><\/p>\n","protected":false},"excerpt":{"rendered":"<p>&nbsp;&nbsp;&nbsp; Ne dat\u00ebn 16\/11\/2012 Zyra e Koordinimit t\u00eb P\u00ebrkujdesjeve Ditore me mb\u00ebshtetjen e Zyr\u00ebs Diakoni Agapes dhe donatoreve, n\u00eb kuad\u00ebr t\u00eb zbatimit t\u00eb Programit t\u00eb P\u00ebrkujdesjeve Ditore udh\u00ebtoi n\u00eb qytetin e Vlor\u00ebs. &nbsp;N\u00eb kopshtin \u201cFrym\u00eb Dashurie\u201d t\u00eb k\u00ebtij qyteti me rastin e 100 vjetorit t\u00eb Pavar\u00ebsis\u00eb stafi i kopshtit kishte p\u00ebrgatitur nj\u00eb M\u00ebsim t\u00eb Hapur. &nbsp;P\u00ebr t\u00eb ndjekur k\u00ebt\u00eb aktivitet mor\u00ebn pjes\u00eb m\u00ebsuese t\u00eb kopshteve<\/p>\n","protected":false},"author":1,"featured_media":0,"comment_status":"open","ping_status":"open","sticky":false,"template":"","format":"standard","meta":{"_acf_changed":false,"pagelayer_contact_templates":[],"_pagelayer_content":"","inline_featured_image":false,"fifu_image_url":"","fifu_image_alt":"","footnotes":""},"categories":[108],"tags":[142,154,196,212],"class_list":["post-259","post","type-post","status-publish","format-standard","hentry","category-lajme","tag-142","tag-aktivitete","tag-tirane","tag-lajme-d27"],"acf":[],"yoast_head":"<!-- This site is optimized with the Yoast SEO plugin v27.2 - https:\/\/yoast.com\/product\/yoast-seo-wordpress\/ -->\n<title>Aktivitete me rastin e 100 vjetorit t\u00eb Pavar\u00ebsis\u00eb n\u00eb kopshtet e Kish\u00ebs Orthodhokse. (16 N\u00ebntor 2012) - Kisha Orthodh\u03bfkse Autoqefale e Shqip\u00ebris\u00eb<\/title>\n<meta name=\"robots\" content=\"index, follow, max-snippet:-1, max-image-preview:large, max-video-preview:-1\" \/>\n<link rel=\"canonical\" href=\"https:\/\/orthodoxalbania.org\/2020\/2013\/03\/21\/aktivitete-me-rastin-e-100-vjetorit-te-pavaresise-ne-kopshtet-e-kishes-orthodhokse\/\" \/>\n<meta property=\"og:locale\" content=\"en_US\" \/>\n<meta property=\"og:type\" content=\"article\" \/>\n<meta property=\"og:title\" content=\"Aktivitete me rastin e 100 vjetorit t\u00eb Pavar\u00ebsis\u00eb n\u00eb kopshtet e Kish\u00ebs Orthodhokse. (16 N\u00ebntor 2012) - Kisha Orthodh\u03bfkse Autoqefale e Shqip\u00ebris\u00eb\" \/>\n<meta property=\"og:description\" content=\"&nbsp;&nbsp;&nbsp; Ne dat\u00ebn 16\/11\/2012 Zyra e Koordinimit t\u00eb P\u00ebrkujdesjeve Ditore me mb\u00ebshtetjen e Zyr\u00ebs Diakoni Agapes dhe donatoreve, n\u00eb kuad\u00ebr t\u00eb zbatimit t\u00eb Programit t\u00eb P\u00ebrkujdesjeve Ditore udh\u00ebtoi n\u00eb qytetin e Vlor\u00ebs. &nbsp;N\u00eb kopshtin \u201cFrym\u00eb Dashurie\u201d t\u00eb k\u00ebtij qyteti me rastin e 100 vjetorit t\u00eb Pavar\u00ebsis\u00eb stafi i kopshtit kishte p\u00ebrgatitur nj\u00eb M\u00ebsim t\u00eb Hapur. &nbsp;P\u00ebr t\u00eb ndjekur k\u00ebt\u00eb aktivitet mor\u00ebn pjes\u00eb m\u00ebsuese t\u00eb kopshteve\" \/>\n<meta property=\"og:url\" content=\"https:\/\/orthodoxalbania.org\/2020\/2013\/03\/21\/aktivitete-me-rastin-e-100-vjetorit-te-pavaresise-ne-kopshtet-e-kishes-orthodhokse\/\" \/>\n<meta property=\"og:site_name\" content=\"Kisha Orthodh\u03bfkse Autoqefale e Shqip\u00ebris\u00eb\" \/>\n<meta property=\"article:publisher\" content=\"https:\/\/www.facebook.com\/koash1991\" \/>\n<meta property=\"article:published_time\" content=\"2013-03-21T12:27:50+00:00\" \/>\n<meta property=\"article:modified_time\" content=\"2020-04-06T20:05:55+00:00\" \/>\n<meta property=\"og:image\" content=\"https:\/\/lh5.googleusercontent.com\/-YwrL7l9S9-E\/UK9HMylmpTI\/AAAAAAAABI0\/Tm2Fj7zqGYw\/s640\/1%20per%20web.jpg\" \/>\n<meta name=\"author\" content=\"Kisha Orthodhokse\" \/>\n<meta name=\"twitter:card\" content=\"summary_large_image\" \/>\n<meta name=\"twitter:label1\" content=\"Written by\" \/>\n\t<meta name=\"twitter:data1\" content=\"Kisha Orthodhokse\" \/>\n\t<meta name=\"twitter:label2\" content=\"Est. reading time\" \/>\n\t<meta name=\"twitter:data2\" content=\"1 minute\" \/>\n<script type=\"application\/ld+json\" class=\"yoast-schema-graph\">{\"@context\":\"https:\/\/schema.org\",\"@graph\":[{\"@type\":\"Article\",\"@id\":\"https:\/\/orthodoxalbania.org\/2020\/2013\/03\/21\/aktivitete-me-rastin-e-100-vjetorit-te-pavaresise-ne-kopshtet-e-kishes-orthodhokse\/#article\",\"isPartOf\":{\"@id\":\"https:\/\/orthodoxalbania.org\/2020\/2013\/03\/21\/aktivitete-me-rastin-e-100-vjetorit-te-pavaresise-ne-kopshtet-e-kishes-orthodhokse\/\"},\"author\":{\"name\":\"Kisha Orthodhokse\",\"@id\":\"https:\/\/orthodoxalbania.org\/2020\/#\/schema\/person\/0c387634a7063ac612d7ed9ce71c7e86\"},\"headline\":\"Aktivitete me rastin e 100 vjetorit t\u00eb Pavar\u00ebsis\u00eb n\u00eb kopshtet e Kish\u00ebs Orthodhokse. (16 N\u00ebntor 2012)\",\"datePublished\":\"2013-03-21T12:27:50+00:00\",\"dateModified\":\"2020-04-06T20:05:55+00:00\",\"mainEntityOfPage\":{\"@id\":\"https:\/\/orthodoxalbania.org\/2020\/2013\/03\/21\/aktivitete-me-rastin-e-100-vjetorit-te-pavaresise-ne-kopshtet-e-kishes-orthodhokse\/\"},\"wordCount\":235,\"commentCount\":0,\"publisher\":{\"@id\":\"https:\/\/orthodoxalbania.org\/2020\/#organization\"},\"keywords\":[\"2012\",\"Aktivitete\",\"Kryepiskopata Tiran\u00eb\",\"lajme\"],\"articleSection\":[\"Lajme\"],\"inLanguage\":\"en-US\"},{\"@type\":\"WebPage\",\"@id\":\"https:\/\/orthodoxalbania.org\/2020\/2013\/03\/21\/aktivitete-me-rastin-e-100-vjetorit-te-pavaresise-ne-kopshtet-e-kishes-orthodhokse\/\",\"url\":\"https:\/\/orthodoxalbania.org\/2020\/2013\/03\/21\/aktivitete-me-rastin-e-100-vjetorit-te-pavaresise-ne-kopshtet-e-kishes-orthodhokse\/\",\"name\":\"Aktivitete me rastin e 100 vjetorit t\u00eb Pavar\u00ebsis\u00eb n\u00eb kopshtet e Kish\u00ebs Orthodhokse. (16 N\u00ebntor 2012) - Kisha Orthodh\u03bfkse Autoqefale e Shqip\u00ebris\u00eb\",\"isPartOf\":{\"@id\":\"https:\/\/orthodoxalbania.org\/2020\/#website\"},\"datePublished\":\"2013-03-21T12:27:50+00:00\",\"dateModified\":\"2020-04-06T20:05:55+00:00\",\"breadcrumb\":{\"@id\":\"https:\/\/orthodoxalbania.org\/2020\/2013\/03\/21\/aktivitete-me-rastin-e-100-vjetorit-te-pavaresise-ne-kopshtet-e-kishes-orthodhokse\/#breadcrumb\"},\"inLanguage\":\"en-US\",\"potentialAction\":[{\"@type\":\"ReadAction\",\"target\":[\"https:\/\/orthodoxalbania.org\/2020\/2013\/03\/21\/aktivitete-me-rastin-e-100-vjetorit-te-pavaresise-ne-kopshtet-e-kishes-orthodhokse\/\"]}]},{\"@type\":\"BreadcrumbList\",\"@id\":\"https:\/\/orthodoxalbania.org\/2020\/2013\/03\/21\/aktivitete-me-rastin-e-100-vjetorit-te-pavaresise-ne-kopshtet-e-kishes-orthodhokse\/#breadcrumb\",\"itemListElement\":[{\"@type\":\"ListItem\",\"position\":1,\"name\":\"Home\",\"item\":\"https:\/\/orthodoxalbania.org\/2020\/\"},{\"@type\":\"ListItem\",\"position\":2,\"name\":\"Aktivitete me rastin e 100 vjetorit t\u00eb Pavar\u00ebsis\u00eb n\u00eb kopshtet e Kish\u00ebs Orthodhokse. (16 N\u00ebntor 2012)\"}]},{\"@type\":\"WebSite\",\"@id\":\"https:\/\/orthodoxalbania.org\/2020\/#website\",\"url\":\"https:\/\/orthodoxalbania.org\/2020\/\",\"name\":\"Kisha Orthodh\u03bfkse Autoqefale e Shqip\u00ebris\u00eb\",\"description\":\"Fqja Zyrtare e Kish\u00ebs Orthodhokse Autoqefale e Shqip\u00ebris\u00eb me lajmet edhe informacionet zyrtare p\u00ebr struktur\u00ebn edhe veprimtarin e saj.\",\"publisher\":{\"@id\":\"https:\/\/orthodoxalbania.org\/2020\/#organization\"},\"potentialAction\":[{\"@type\":\"SearchAction\",\"target\":{\"@type\":\"EntryPoint\",\"urlTemplate\":\"https:\/\/orthodoxalbania.org\/2020\/?s={search_term_string}\"},\"query-input\":{\"@type\":\"PropertyValueSpecification\",\"valueRequired\":true,\"valueName\":\"search_term_string\"}}],\"inLanguage\":\"en-US\"},{\"@type\":\"Organization\",\"@id\":\"https:\/\/orthodoxalbania.org\/2020\/#organization\",\"name\":\"Kisha Orthodhokse Autoqefale e Shqip\u00ebris\u00eb\",\"url\":\"https:\/\/orthodoxalbania.org\/2020\/\",\"logo\":{\"@type\":\"ImageObject\",\"inLanguage\":\"en-US\",\"@id\":\"https:\/\/orthodoxalbania.org\/2020\/#\/schema\/logo\/image\/\",\"url\":\"https:\/\/orthodoxalbania.org\/2020\/wp-content\/uploads\/2020\/05\/albania.jpeg\",\"contentUrl\":\"https:\/\/orthodoxalbania.org\/2020\/wp-content\/uploads\/2020\/05\/albania.jpeg\",\"width\":540,\"height\":540,\"caption\":\"Kisha Orthodhokse Autoqefale e Shqip\u00ebris\u00eb\"},\"image\":{\"@id\":\"https:\/\/orthodoxalbania.org\/2020\/#\/schema\/logo\/image\/\"},\"sameAs\":[\"https:\/\/www.facebook.com\/koash1991\"]},{\"@type\":\"Person\",\"@id\":\"https:\/\/orthodoxalbania.org\/2020\/#\/schema\/person\/0c387634a7063ac612d7ed9ce71c7e86\",\"name\":\"Kisha Orthodhokse\",\"image\":{\"@type\":\"ImageObject\",\"inLanguage\":\"en-US\",\"@id\":\"https:\/\/secure.gravatar.com\/avatar\/596e7c417251e30f2fbb9c00e026fce61a695a00e51c889caded71c96cbbdde5?s=96&d=mm&r=g\",\"url\":\"https:\/\/secure.gravatar.com\/avatar\/596e7c417251e30f2fbb9c00e026fce61a695a00e51c889caded71c96cbbdde5?s=96&d=mm&r=g\",\"contentUrl\":\"https:\/\/secure.gravatar.com\/avatar\/596e7c417251e30f2fbb9c00e026fce61a695a00e51c889caded71c96cbbdde5?s=96&d=mm&r=g\",\"caption\":\"Kisha Orthodhokse\"}}]}<\/script>\n<!-- \/ Yoast SEO plugin. -->","yoast_head_json":{"title":"Aktivitete me rastin e 100 vjetorit t\u00eb Pavar\u00ebsis\u00eb n\u00eb kopshtet e Kish\u00ebs Orthodhokse. (16 N\u00ebntor 2012) - Kisha Orthodh\u03bfkse Autoqefale e Shqip\u00ebris\u00eb","robots":{"index":"index","follow":"follow","max-snippet":"max-snippet:-1","max-image-preview":"max-image-preview:large","max-video-preview":"max-video-preview:-1"},"canonical":"https:\/\/orthodoxalbania.org\/2020\/2013\/03\/21\/aktivitete-me-rastin-e-100-vjetorit-te-pavaresise-ne-kopshtet-e-kishes-orthodhokse\/","og_locale":"en_US","og_type":"article","og_title":"Aktivitete me rastin e 100 vjetorit t\u00eb Pavar\u00ebsis\u00eb n\u00eb kopshtet e Kish\u00ebs Orthodhokse. (16 N\u00ebntor 2012) - Kisha Orthodh\u03bfkse Autoqefale e Shqip\u00ebris\u00eb","og_description":"&nbsp;&nbsp;&nbsp; Ne dat\u00ebn 16\/11\/2012 Zyra e Koordinimit t\u00eb P\u00ebrkujdesjeve Ditore me mb\u00ebshtetjen e Zyr\u00ebs Diakoni Agapes dhe donatoreve, n\u00eb kuad\u00ebr t\u00eb zbatimit t\u00eb Programit t\u00eb P\u00ebrkujdesjeve Ditore udh\u00ebtoi n\u00eb qytetin e Vlor\u00ebs. &nbsp;N\u00eb kopshtin \u201cFrym\u00eb Dashurie\u201d t\u00eb k\u00ebtij qyteti me rastin e 100 vjetorit t\u00eb Pavar\u00ebsis\u00eb stafi i kopshtit kishte p\u00ebrgatitur nj\u00eb M\u00ebsim t\u00eb Hapur. &nbsp;P\u00ebr t\u00eb ndjekur k\u00ebt\u00eb aktivitet mor\u00ebn pjes\u00eb m\u00ebsuese t\u00eb kopshteve","og_url":"https:\/\/orthodoxalbania.org\/2020\/2013\/03\/21\/aktivitete-me-rastin-e-100-vjetorit-te-pavaresise-ne-kopshtet-e-kishes-orthodhokse\/","og_site_name":"Kisha Orthodh\u03bfkse Autoqefale e Shqip\u00ebris\u00eb","article_publisher":"https:\/\/www.facebook.com\/koash1991","article_published_time":"2013-03-21T12:27:50+00:00","article_modified_time":"2020-04-06T20:05:55+00:00","og_image":[{"url":"https:\/\/lh5.googleusercontent.com\/-YwrL7l9S9-E\/UK9HMylmpTI\/AAAAAAAABI0\/Tm2Fj7zqGYw\/s640\/1 per web.jpg","type":"","width":"","height":""}],"author":"Kisha Orthodhokse","twitter_card":"summary_large_image","twitter_misc":{"Written by":"Kisha Orthodhokse","Est. reading time":"1 minute"},"schema":{"@context":"https:\/\/schema.org","@graph":[{"@type":"Article","@id":"https:\/\/orthodoxalbania.org\/2020\/2013\/03\/21\/aktivitete-me-rastin-e-100-vjetorit-te-pavaresise-ne-kopshtet-e-kishes-orthodhokse\/#article","isPartOf":{"@id":"https:\/\/orthodoxalbania.org\/2020\/2013\/03\/21\/aktivitete-me-rastin-e-100-vjetorit-te-pavaresise-ne-kopshtet-e-kishes-orthodhokse\/"},"author":{"name":"Kisha Orthodhokse","@id":"https:\/\/orthodoxalbania.org\/2020\/#\/schema\/person\/0c387634a7063ac612d7ed9ce71c7e86"},"headline":"Aktivitete me rastin e 100 vjetorit t\u00eb Pavar\u00ebsis\u00eb n\u00eb kopshtet e Kish\u00ebs Orthodhokse. (16 N\u00ebntor 2012)","datePublished":"2013-03-21T12:27:50+00:00","dateModified":"2020-04-06T20:05:55+00:00","mainEntityOfPage":{"@id":"https:\/\/orthodoxalbania.org\/2020\/2013\/03\/21\/aktivitete-me-rastin-e-100-vjetorit-te-pavaresise-ne-kopshtet-e-kishes-orthodhokse\/"},"wordCount":235,"commentCount":0,"publisher":{"@id":"https:\/\/orthodoxalbania.org\/2020\/#organization"},"keywords":["2012","Aktivitete","Kryepiskopata Tiran\u00eb","lajme"],"articleSection":["Lajme"],"inLanguage":"en-US"},{"@type":"WebPage","@id":"https:\/\/orthodoxalbania.org\/2020\/2013\/03\/21\/aktivitete-me-rastin-e-100-vjetorit-te-pavaresise-ne-kopshtet-e-kishes-orthodhokse\/","url":"https:\/\/orthodoxalbania.org\/2020\/2013\/03\/21\/aktivitete-me-rastin-e-100-vjetorit-te-pavaresise-ne-kopshtet-e-kishes-orthodhokse\/","name":"Aktivitete me rastin e 100 vjetorit t\u00eb Pavar\u00ebsis\u00eb n\u00eb kopshtet e Kish\u00ebs Orthodhokse. (16 N\u00ebntor 2012) - Kisha Orthodh\u03bfkse Autoqefale e Shqip\u00ebris\u00eb","isPartOf":{"@id":"https:\/\/orthodoxalbania.org\/2020\/#website"},"datePublished":"2013-03-21T12:27:50+00:00","dateModified":"2020-04-06T20:05:55+00:00","breadcrumb":{"@id":"https:\/\/orthodoxalbania.org\/2020\/2013\/03\/21\/aktivitete-me-rastin-e-100-vjetorit-te-pavaresise-ne-kopshtet-e-kishes-orthodhokse\/#breadcrumb"},"inLanguage":"en-US","potentialAction":[{"@type":"ReadAction","target":["https:\/\/orthodoxalbania.org\/2020\/2013\/03\/21\/aktivitete-me-rastin-e-100-vjetorit-te-pavaresise-ne-kopshtet-e-kishes-orthodhokse\/"]}]},{"@type":"BreadcrumbList","@id":"https:\/\/orthodoxalbania.org\/2020\/2013\/03\/21\/aktivitete-me-rastin-e-100-vjetorit-te-pavaresise-ne-kopshtet-e-kishes-orthodhokse\/#breadcrumb","itemListElement":[{"@type":"ListItem","position":1,"name":"Home","item":"https:\/\/orthodoxalbania.org\/2020\/"},{"@type":"ListItem","position":2,"name":"Aktivitete me rastin e 100 vjetorit t\u00eb Pavar\u00ebsis\u00eb n\u00eb kopshtet e Kish\u00ebs Orthodhokse. (16 N\u00ebntor 2012)"}]},{"@type":"WebSite","@id":"https:\/\/orthodoxalbania.org\/2020\/#website","url":"https:\/\/orthodoxalbania.org\/2020\/","name":"Kisha Orthodh\u03bfkse Autoqefale e Shqip\u00ebris\u00eb","description":"Fqja Zyrtare e Kish\u00ebs Orthodhokse Autoqefale e Shqip\u00ebris\u00eb me lajmet edhe informacionet zyrtare p\u00ebr struktur\u00ebn edhe veprimtarin e saj.","publisher":{"@id":"https:\/\/orthodoxalbania.org\/2020\/#organization"},"potentialAction":[{"@type":"SearchAction","target":{"@type":"EntryPoint","urlTemplate":"https:\/\/orthodoxalbania.org\/2020\/?s={search_term_string}"},"query-input":{"@type":"PropertyValueSpecification","valueRequired":true,"valueName":"search_term_string"}}],"inLanguage":"en-US"},{"@type":"Organization","@id":"https:\/\/orthodoxalbania.org\/2020\/#organization","name":"Kisha Orthodhokse Autoqefale e Shqip\u00ebris\u00eb","url":"https:\/\/orthodoxalbania.org\/2020\/","logo":{"@type":"ImageObject","inLanguage":"en-US","@id":"https:\/\/orthodoxalbania.org\/2020\/#\/schema\/logo\/image\/","url":"https:\/\/orthodoxalbania.org\/2020\/wp-content\/uploads\/2020\/05\/albania.jpeg","contentUrl":"https:\/\/orthodoxalbania.org\/2020\/wp-content\/uploads\/2020\/05\/albania.jpeg","width":540,"height":540,"caption":"Kisha Orthodhokse Autoqefale e Shqip\u00ebris\u00eb"},"image":{"@id":"https:\/\/orthodoxalbania.org\/2020\/#\/schema\/logo\/image\/"},"sameAs":["https:\/\/www.facebook.com\/koash1991"]},{"@type":"Person","@id":"https:\/\/orthodoxalbania.org\/2020\/#\/schema\/person\/0c387634a7063ac612d7ed9ce71c7e86","name":"Kisha Orthodhokse","image":{"@type":"ImageObject","inLanguage":"en-US","@id":"https:\/\/secure.gravatar.com\/avatar\/596e7c417251e30f2fbb9c00e026fce61a695a00e51c889caded71c96cbbdde5?s=96&d=mm&r=g","url":"https:\/\/secure.gravatar.com\/avatar\/596e7c417251e30f2fbb9c00e026fce61a695a00e51c889caded71c96cbbdde5?s=96&d=mm&r=g","contentUrl":"https:\/\/secure.gravatar.com\/avatar\/596e7c417251e30f2fbb9c00e026fce61a695a00e51c889caded71c96cbbdde5?s=96&d=mm&r=g","caption":"Kisha Orthodhokse"}}]}},"_links":{"self":[{"href":"https:\/\/orthodoxalbania.org\/2020\/wp-json\/wp\/v2\/posts\/259","targetHints":{"allow":["GET"]}}],"collection":[{"href":"https:\/\/orthodoxalbania.org\/2020\/wp-json\/wp\/v2\/posts"}],"about":[{"href":"https:\/\/orthodoxalbania.org\/2020\/wp-json\/wp\/v2\/types\/post"}],"author":[{"embeddable":true,"href":"https:\/\/orthodoxalbania.org\/2020\/wp-json\/wp\/v2\/users\/1"}],"replies":[{"embeddable":true,"href":"https:\/\/orthodoxalbania.org\/2020\/wp-json\/wp\/v2\/comments?post=259"}],"version-history":[{"count":1,"href":"https:\/\/orthodoxalbania.org\/2020\/wp-json\/wp\/v2\/posts\/259\/revisions"}],"predecessor-version":[{"id":15283,"href":"https:\/\/orthodoxalbania.org\/2020\/wp-json\/wp\/v2\/posts\/259\/revisions\/15283"}],"wp:attachment":[{"href":"https:\/\/orthodoxalbania.org\/2020\/wp-json\/wp\/v2\/media?parent=259"}],"wp:term":[{"taxonomy":"category","embeddable":true,"href":"https:\/\/orthodoxalbania.org\/2020\/wp-json\/wp\/v2\/categories?post=259"},{"taxonomy":"post_tag","embeddable":true,"href":"https:\/\/orthodoxalbania.org\/2020\/wp-json\/wp\/v2\/tags?post=259"}],"curies":[{"name":"wp","href":"https:\/\/api.w.org\/{rel}","templated":true}]}}