{"id":258,"date":"2013-03-20T13:04:33","date_gmt":"2013-03-20T13:04:33","guid":{"rendered":""},"modified":"2020-04-06T22:32:19","modified_gmt":"2020-04-06T20:32:19","slug":"akademia-theologjike-ngjallja-e-krishtit-me-12-studente-te-rinj-2010","status":"publish","type":"post","link":"https:\/\/orthodoxalbania.org\/2020\/2013\/03\/20\/akademia-theologjike-ngjallja-e-krishtit-me-12-studente-te-rinj-2010\/","title":{"rendered":"Akademia Theologjike \u201cNgjallja e Krishtit\u201d me 12 student\u00eb t\u00eb rinj. (2010)"},"content":{"rendered":"<div style=\"text-align: justify;\"><span style=\"color: #000000; font-family: helvetica;\"><span style=\"font-size: 12px;\"><span class=\"style8\"><img decoding=\"async\" class=\"lazyload HAa Eha\" style=\"border-width: 1px; border-style: solid; margin: 10px; float: left;\" alt=\"\" src=\"data:image\/svg+xml,%3Csvg%20xmlns%3D%27http%3A%2F%2Fwww.w3.org%2F2000%2Fsvg%27%20width%3D%27197%27%20height%3D%27142%27%20viewBox%3D%270%200%20197%20142%27%3E%3Crect%20width%3D%27197%27%20height%3D%27142%27%20fill-opacity%3D%220%22%2F%3E%3C%2Fsvg%3E\" data-orig-src=\"https:\/\/lh5.googleusercontent.com\/-Lw6KgGxBphM\/VKpHr1cDcRI\/AAAAAAAAJzQ\/c2Q34syqc2w\/w351-h251-no\/foto%2Bakademia.jpg\" height=\"142\" width=\"197\" \/><span style=\"font-size: 12pt;\"> &nbsp; &nbsp; Edhe k\u00ebt\u00eb vit, Akademia Theologjike \u201cNgjallja e Krishtit\u201d n\u00eb Sh\u00ebn Vlash t\u00eb Durr\u00ebsit, hapi dyert e saj p\u00ebr t\u00eb mir\u00ebpritur student\u00ebt e ardhur nga enori t\u00eb ndryshme t\u00eb Kish\u00ebs son\u00eb. Ata do t\u00eb studiojn\u00eb m\u00ebsimet formuese, shpirt\u00ebrore dhe edukative si dhe do t\u00eb marrin pjes\u00eb aktive n\u00eb ngjarjet e shumta kishtare dhe kulturore q\u00eb organizohen n\u00eb vazhdim.<\/span><\/span><\/span><\/span><\/div>\n<div style=\"text-align: justify;\"><span style=\"color: #000000; font-family: helvetica; font-size: 12pt;\"> <span class=\"style8\">&nbsp;&nbsp;&nbsp; Fillimi i vitit akademik 2010 &#8211; 2011 u bekua si p\u00ebrher\u00eb me sh\u00ebrbes\u00ebn e Ajazm\u00ebs s\u00eb Vog\u00ebl, e cila u krye n\u00eb kish\u00ebn e Akademis\u00eb. N\u00eb t\u00eb mor\u00ebn pjes\u00eb gjith\u00eb student\u00ebt dhe stafi pedagogjik i shkoll\u00ebs. Pas sh\u00ebrbes\u00ebs, pedagog\u00ebt uruan mir\u00ebseardhjen, nj\u00eb vit t\u00eb mbar\u00eb dhe shum\u00eb p\u00ebrparim t\u00eb gjith\u00eb student\u00ebve, n\u00eb ve\u00e7anti 12 student\u00ebve t\u00eb rinj, q\u00eb me bekimin e Mitropolit\u00ebve t\u00eb dioqezave t\u00eb tyre, vijn\u00eb p\u00ebr t\u00eb kryer studimet theologjike 4-vje\u00e7are n\u00eb k\u00ebt\u00eb Akademi.<\/span><\/span><\/div>\n<div style=\"text-align: justify;\"><span style=\"color: #000000; font-family: helvetica; font-size: 12pt;\"> <span class=\"style8\">&nbsp;&nbsp;&nbsp; Fjal\u00ebn p\u00ebrsh\u00ebndet\u00ebse e mbajti pedagogu Dhimit\u00ebr Qosja, duke iu drejtuar student\u00ebve dhe sidomos t\u00eb porsaardhurve p\u00ebr mbar\u00ebsi dhe suksese, ve\u00e7an\u00ebrisht p\u00ebr nj\u00eb mbar\u00ebvajtje sa m\u00eb t\u00eb mir\u00eb t\u00eb pun\u00ebs s\u00eb tyre shpirt\u00ebrore dhe akademike n\u00eb k\u00ebt\u00eb institucion t\u00eb lart\u00eb dhe t\u00eb r\u00ebnd\u00ebsish\u00ebm t\u00eb Kish\u00ebs.<\/span><\/span><\/div>\n<div style=\"text-align: justify;\"><span style=\"color: #000000; font-family: helvetica; font-size: 12pt;\"> <span class=\"style8\">&nbsp;&nbsp;&nbsp; Student\u00ebt e rinj u shpreh\u00ebn se ndiheshin t\u00eb g\u00ebzuar e t\u00eb bekuar q\u00eb iu dha mund\u00ebsia t\u00eb studionin n\u00eb nj\u00eb shkoll\u00eb t\u00eb till\u00eb, ku gjenden t\u00eb gjitha kushtet e p\u00ebrshtatshme p\u00ebr t\u00eb q\u00ebndruar, p\u00ebr t\u00eb studiuar e sidomos p\u00ebr t\u2019i b\u00ebr\u00eb t\u00eb aft\u00eb q\u00eb t\u2019i sh\u00ebrbejn\u00eb Kish\u00ebs s\u00eb Krishtit.<\/span><\/span><\/div>\n<div style=\"text-align: justify;\"><span style=\"color: #000000; font-family: helvetica; font-size: 12pt;\"> <span class=\"style8\">&nbsp;&nbsp;&nbsp; Studimet n\u00eb k\u00ebt\u00eb Akademi zhvillohen me koh\u00eb t\u00eb plot\u00eb t\u00eb nj\u00eb cikli m\u00ebsimdh\u00ebnieje prej 4 vjet\u00ebsh, duke u dh\u00ebn\u00eb mund\u00ebsi student\u00ebve t\u00eb saj t\u00eb marrin nj\u00eb formim sa m\u00eb t\u00eb plot\u00eb teologjik, n\u00eb p\u00ebrmbushje t\u00eb k\u00ebrkesave t\u00eb Kish\u00ebs p\u00ebr kuadro drejtues n\u00eb t\u00eb gjitha departamentet e saj.<br \/> <\/span><\/span><\/div>\n<div style=\"text-align: justify;\"><span style=\"font-family: helvetica; font-size: 12pt;\"><\/span><\/div>\n<div style=\"text-align: justify;\"><span style=\"font-family: helvetica; font-size: 12pt;\"><\/span><\/div>\n<div class=\"style8\" style=\"text-align: right;\"><span style=\"color: #000000; font-family: helvetica; font-size: 12pt;\"><strong>Gabriela Dalipi<\/strong><\/span><\/div>\n","protected":false},"excerpt":{"rendered":"<p>&nbsp; &nbsp; Edhe k\u00ebt\u00eb vit, Akademia Theologjike \u201cNgjallja e Krishtit\u201d n\u00eb Sh\u00ebn Vlash t\u00eb Durr\u00ebsit, hapi dyert e saj p\u00ebr t\u00eb mir\u00ebpritur student\u00ebt e ardhur nga enori t\u00eb ndryshme t\u00eb Kish\u00ebs son\u00eb. Ata do t\u00eb studiojn\u00eb m\u00ebsimet formuese, shpirt\u00ebrore dhe edukative si dhe do t\u00eb marrin pjes\u00eb aktive n\u00eb ngjarjet e shumta kishtare dhe kulturore q\u00eb organizohen n\u00eb vazhdim. &nbsp;&nbsp;&nbsp; Fillimi i vitit akademik 2010<\/p>\n","protected":false},"author":1,"featured_media":0,"comment_status":"open","ping_status":"open","sticky":false,"template":"","format":"standard","meta":{"_acf_changed":false,"pagelayer_contact_templates":[],"_pagelayer_content":"","inline_featured_image":false,"fifu_image_url":"","fifu_image_alt":"","footnotes":""},"categories":[108],"tags":[144,169,196,212],"class_list":["post-258","post","type-post","status-publish","format-standard","hentry","category-lajme","tag-144","tag-akademia-teologjike","tag-tirane","tag-lajme-d27"],"acf":[],"yoast_head":"<!-- This site is optimized with the Yoast SEO plugin v27.2 - https:\/\/yoast.com\/product\/yoast-seo-wordpress\/ -->\n<title>Akademia Theologjike \u201cNgjallja e Krishtit\u201d me 12 student\u00eb t\u00eb rinj. (2010) - Kisha Orthodh\u03bfkse Autoqefale e Shqip\u00ebris\u00eb<\/title>\n<meta name=\"robots\" content=\"index, follow, max-snippet:-1, max-image-preview:large, max-video-preview:-1\" \/>\n<link rel=\"canonical\" href=\"https:\/\/orthodoxalbania.org\/2020\/2013\/03\/20\/akademia-theologjike-ngjallja-e-krishtit-me-12-studente-te-rinj-2010\/\" \/>\n<meta property=\"og:locale\" content=\"en_US\" \/>\n<meta property=\"og:type\" content=\"article\" \/>\n<meta property=\"og:title\" content=\"Akademia Theologjike \u201cNgjallja e Krishtit\u201d me 12 student\u00eb t\u00eb rinj. (2010) - Kisha Orthodh\u03bfkse Autoqefale e Shqip\u00ebris\u00eb\" \/>\n<meta property=\"og:description\" content=\"&nbsp; &nbsp; Edhe k\u00ebt\u00eb vit, Akademia Theologjike \u201cNgjallja e Krishtit\u201d n\u00eb Sh\u00ebn Vlash t\u00eb Durr\u00ebsit, hapi dyert e saj p\u00ebr t\u00eb mir\u00ebpritur student\u00ebt e ardhur nga enori t\u00eb ndryshme t\u00eb Kish\u00ebs son\u00eb. Ata do t\u00eb studiojn\u00eb m\u00ebsimet formuese, shpirt\u00ebrore dhe edukative si dhe do t\u00eb marrin pjes\u00eb aktive n\u00eb ngjarjet e shumta kishtare dhe kulturore q\u00eb organizohen n\u00eb vazhdim. &nbsp;&nbsp;&nbsp; Fillimi i vitit akademik 2010\" \/>\n<meta property=\"og:url\" content=\"https:\/\/orthodoxalbania.org\/2020\/2013\/03\/20\/akademia-theologjike-ngjallja-e-krishtit-me-12-studente-te-rinj-2010\/\" \/>\n<meta property=\"og:site_name\" content=\"Kisha Orthodh\u03bfkse Autoqefale e Shqip\u00ebris\u00eb\" \/>\n<meta property=\"article:publisher\" content=\"https:\/\/www.facebook.com\/koash1991\" \/>\n<meta property=\"article:published_time\" content=\"2013-03-20T13:04:33+00:00\" \/>\n<meta property=\"article:modified_time\" content=\"2020-04-06T20:32:19+00:00\" \/>\n<meta property=\"og:image\" content=\"https:\/\/lh5.googleusercontent.com\/-Lw6KgGxBphM\/VKpHr1cDcRI\/AAAAAAAAJzQ\/c2Q34syqc2w\/w351-h251-no\/foto%2Bakademia.jpg\" \/>\n<meta name=\"author\" content=\"Kisha Orthodhokse\" \/>\n<meta name=\"twitter:card\" content=\"summary_large_image\" \/>\n<meta name=\"twitter:label1\" content=\"Written by\" \/>\n\t<meta name=\"twitter:data1\" content=\"Kisha Orthodhokse\" \/>\n\t<meta name=\"twitter:label2\" content=\"Est. reading time\" \/>\n\t<meta name=\"twitter:data2\" content=\"2 minutes\" \/>\n<script type=\"application\/ld+json\" class=\"yoast-schema-graph\">{\"@context\":\"https:\/\/schema.org\",\"@graph\":[{\"@type\":\"Article\",\"@id\":\"https:\/\/orthodoxalbania.org\/2020\/2013\/03\/20\/akademia-theologjike-ngjallja-e-krishtit-me-12-studente-te-rinj-2010\/#article\",\"isPartOf\":{\"@id\":\"https:\/\/orthodoxalbania.org\/2020\/2013\/03\/20\/akademia-theologjike-ngjallja-e-krishtit-me-12-studente-te-rinj-2010\/\"},\"author\":{\"name\":\"Kisha Orthodhokse\",\"@id\":\"https:\/\/orthodoxalbania.org\/2020\/#\/schema\/person\/0c387634a7063ac612d7ed9ce71c7e86\"},\"headline\":\"Akademia Theologjike \u201cNgjallja e Krishtit\u201d me 12 student\u00eb t\u00eb rinj. (2010)\",\"datePublished\":\"2013-03-20T13:04:33+00:00\",\"dateModified\":\"2020-04-06T20:32:19+00:00\",\"mainEntityOfPage\":{\"@id\":\"https:\/\/orthodoxalbania.org\/2020\/2013\/03\/20\/akademia-theologjike-ngjallja-e-krishtit-me-12-studente-te-rinj-2010\/\"},\"wordCount\":368,\"commentCount\":0,\"publisher\":{\"@id\":\"https:\/\/orthodoxalbania.org\/2020\/#organization\"},\"image\":{\"@id\":\"https:\/\/orthodoxalbania.org\/2020\/2013\/03\/20\/akademia-theologjike-ngjallja-e-krishtit-me-12-studente-te-rinj-2010\/#primaryimage\"},\"thumbnailUrl\":\"https:\/\/lh5.googleusercontent.com\/-Lw6KgGxBphM\/VKpHr1cDcRI\/AAAAAAAAJzQ\/c2Q34syqc2w\/w351-h251-no\/foto%2Bakademia.jpg\",\"keywords\":[\"2010\",\"Akademia Teologjike\",\"Kryepiskopata Tiran\u00eb\",\"lajme\"],\"articleSection\":[\"Lajme\"],\"inLanguage\":\"en-US\"},{\"@type\":\"WebPage\",\"@id\":\"https:\/\/orthodoxalbania.org\/2020\/2013\/03\/20\/akademia-theologjike-ngjallja-e-krishtit-me-12-studente-te-rinj-2010\/\",\"url\":\"https:\/\/orthodoxalbania.org\/2020\/2013\/03\/20\/akademia-theologjike-ngjallja-e-krishtit-me-12-studente-te-rinj-2010\/\",\"name\":\"Akademia Theologjike \u201cNgjallja e Krishtit\u201d me 12 student\u00eb t\u00eb rinj. (2010) - Kisha Orthodh\u03bfkse Autoqefale e Shqip\u00ebris\u00eb\",\"isPartOf\":{\"@id\":\"https:\/\/orthodoxalbania.org\/2020\/#website\"},\"primaryImageOfPage\":{\"@id\":\"https:\/\/orthodoxalbania.org\/2020\/2013\/03\/20\/akademia-theologjike-ngjallja-e-krishtit-me-12-studente-te-rinj-2010\/#primaryimage\"},\"image\":{\"@id\":\"https:\/\/orthodoxalbania.org\/2020\/2013\/03\/20\/akademia-theologjike-ngjallja-e-krishtit-me-12-studente-te-rinj-2010\/#primaryimage\"},\"thumbnailUrl\":\"https:\/\/lh5.googleusercontent.com\/-Lw6KgGxBphM\/VKpHr1cDcRI\/AAAAAAAAJzQ\/c2Q34syqc2w\/w351-h251-no\/foto%2Bakademia.jpg\",\"datePublished\":\"2013-03-20T13:04:33+00:00\",\"dateModified\":\"2020-04-06T20:32:19+00:00\",\"breadcrumb\":{\"@id\":\"https:\/\/orthodoxalbania.org\/2020\/2013\/03\/20\/akademia-theologjike-ngjallja-e-krishtit-me-12-studente-te-rinj-2010\/#breadcrumb\"},\"inLanguage\":\"en-US\",\"potentialAction\":[{\"@type\":\"ReadAction\",\"target\":[\"https:\/\/orthodoxalbania.org\/2020\/2013\/03\/20\/akademia-theologjike-ngjallja-e-krishtit-me-12-studente-te-rinj-2010\/\"]}]},{\"@type\":\"ImageObject\",\"inLanguage\":\"en-US\",\"@id\":\"https:\/\/orthodoxalbania.org\/2020\/2013\/03\/20\/akademia-theologjike-ngjallja-e-krishtit-me-12-studente-te-rinj-2010\/#primaryimage\",\"url\":\"https:\/\/lh5.googleusercontent.com\/-Lw6KgGxBphM\/VKpHr1cDcRI\/AAAAAAAAJzQ\/c2Q34syqc2w\/w351-h251-no\/foto%2Bakademia.jpg\",\"contentUrl\":\"https:\/\/lh5.googleusercontent.com\/-Lw6KgGxBphM\/VKpHr1cDcRI\/AAAAAAAAJzQ\/c2Q34syqc2w\/w351-h251-no\/foto%2Bakademia.jpg\"},{\"@type\":\"BreadcrumbList\",\"@id\":\"https:\/\/orthodoxalbania.org\/2020\/2013\/03\/20\/akademia-theologjike-ngjallja-e-krishtit-me-12-studente-te-rinj-2010\/#breadcrumb\",\"itemListElement\":[{\"@type\":\"ListItem\",\"position\":1,\"name\":\"Home\",\"item\":\"https:\/\/orthodoxalbania.org\/2020\/\"},{\"@type\":\"ListItem\",\"position\":2,\"name\":\"Akademia Theologjike \u201cNgjallja e Krishtit\u201d me 12 student\u00eb t\u00eb rinj. (2010)\"}]},{\"@type\":\"WebSite\",\"@id\":\"https:\/\/orthodoxalbania.org\/2020\/#website\",\"url\":\"https:\/\/orthodoxalbania.org\/2020\/\",\"name\":\"Kisha Orthodh\u03bfkse Autoqefale e Shqip\u00ebris\u00eb\",\"description\":\"Fqja Zyrtare e Kish\u00ebs Orthodhokse Autoqefale e Shqip\u00ebris\u00eb me lajmet edhe informacionet zyrtare p\u00ebr struktur\u00ebn edhe veprimtarin e saj.\",\"publisher\":{\"@id\":\"https:\/\/orthodoxalbania.org\/2020\/#organization\"},\"potentialAction\":[{\"@type\":\"SearchAction\",\"target\":{\"@type\":\"EntryPoint\",\"urlTemplate\":\"https:\/\/orthodoxalbania.org\/2020\/?s={search_term_string}\"},\"query-input\":{\"@type\":\"PropertyValueSpecification\",\"valueRequired\":true,\"valueName\":\"search_term_string\"}}],\"inLanguage\":\"en-US\"},{\"@type\":\"Organization\",\"@id\":\"https:\/\/orthodoxalbania.org\/2020\/#organization\",\"name\":\"Kisha Orthodhokse Autoqefale e Shqip\u00ebris\u00eb\",\"url\":\"https:\/\/orthodoxalbania.org\/2020\/\",\"logo\":{\"@type\":\"ImageObject\",\"inLanguage\":\"en-US\",\"@id\":\"https:\/\/orthodoxalbania.org\/2020\/#\/schema\/logo\/image\/\",\"url\":\"https:\/\/orthodoxalbania.org\/2020\/wp-content\/uploads\/2020\/05\/albania.jpeg\",\"contentUrl\":\"https:\/\/orthodoxalbania.org\/2020\/wp-content\/uploads\/2020\/05\/albania.jpeg\",\"width\":540,\"height\":540,\"caption\":\"Kisha Orthodhokse Autoqefale e Shqip\u00ebris\u00eb\"},\"image\":{\"@id\":\"https:\/\/orthodoxalbania.org\/2020\/#\/schema\/logo\/image\/\"},\"sameAs\":[\"https:\/\/www.facebook.com\/koash1991\"]},{\"@type\":\"Person\",\"@id\":\"https:\/\/orthodoxalbania.org\/2020\/#\/schema\/person\/0c387634a7063ac612d7ed9ce71c7e86\",\"name\":\"Kisha Orthodhokse\",\"image\":{\"@type\":\"ImageObject\",\"inLanguage\":\"en-US\",\"@id\":\"https:\/\/secure.gravatar.com\/avatar\/596e7c417251e30f2fbb9c00e026fce61a695a00e51c889caded71c96cbbdde5?s=96&d=mm&r=g\",\"url\":\"https:\/\/secure.gravatar.com\/avatar\/596e7c417251e30f2fbb9c00e026fce61a695a00e51c889caded71c96cbbdde5?s=96&d=mm&r=g\",\"contentUrl\":\"https:\/\/secure.gravatar.com\/avatar\/596e7c417251e30f2fbb9c00e026fce61a695a00e51c889caded71c96cbbdde5?s=96&d=mm&r=g\",\"caption\":\"Kisha Orthodhokse\"}}]}<\/script>\n<!-- \/ Yoast SEO plugin. -->","yoast_head_json":{"title":"Akademia Theologjike \u201cNgjallja e Krishtit\u201d me 12 student\u00eb t\u00eb rinj. (2010) - Kisha Orthodh\u03bfkse Autoqefale e Shqip\u00ebris\u00eb","robots":{"index":"index","follow":"follow","max-snippet":"max-snippet:-1","max-image-preview":"max-image-preview:large","max-video-preview":"max-video-preview:-1"},"canonical":"https:\/\/orthodoxalbania.org\/2020\/2013\/03\/20\/akademia-theologjike-ngjallja-e-krishtit-me-12-studente-te-rinj-2010\/","og_locale":"en_US","og_type":"article","og_title":"Akademia Theologjike \u201cNgjallja e Krishtit\u201d me 12 student\u00eb t\u00eb rinj. (2010) - Kisha Orthodh\u03bfkse Autoqefale e Shqip\u00ebris\u00eb","og_description":"&nbsp; &nbsp; Edhe k\u00ebt\u00eb vit, Akademia Theologjike \u201cNgjallja e Krishtit\u201d n\u00eb Sh\u00ebn Vlash t\u00eb Durr\u00ebsit, hapi dyert e saj p\u00ebr t\u00eb mir\u00ebpritur student\u00ebt e ardhur nga enori t\u00eb ndryshme t\u00eb Kish\u00ebs son\u00eb. Ata do t\u00eb studiojn\u00eb m\u00ebsimet formuese, shpirt\u00ebrore dhe edukative si dhe do t\u00eb marrin pjes\u00eb aktive n\u00eb ngjarjet e shumta kishtare dhe kulturore q\u00eb organizohen n\u00eb vazhdim. &nbsp;&nbsp;&nbsp; Fillimi i vitit akademik 2010","og_url":"https:\/\/orthodoxalbania.org\/2020\/2013\/03\/20\/akademia-theologjike-ngjallja-e-krishtit-me-12-studente-te-rinj-2010\/","og_site_name":"Kisha Orthodh\u03bfkse Autoqefale e Shqip\u00ebris\u00eb","article_publisher":"https:\/\/www.facebook.com\/koash1991","article_published_time":"2013-03-20T13:04:33+00:00","article_modified_time":"2020-04-06T20:32:19+00:00","og_image":[{"url":"https:\/\/lh5.googleusercontent.com\/-Lw6KgGxBphM\/VKpHr1cDcRI\/AAAAAAAAJzQ\/c2Q34syqc2w\/w351-h251-no\/foto%2Bakademia.jpg","type":"","width":"","height":""}],"author":"Kisha Orthodhokse","twitter_card":"summary_large_image","twitter_misc":{"Written by":"Kisha Orthodhokse","Est. reading time":"2 minutes"},"schema":{"@context":"https:\/\/schema.org","@graph":[{"@type":"Article","@id":"https:\/\/orthodoxalbania.org\/2020\/2013\/03\/20\/akademia-theologjike-ngjallja-e-krishtit-me-12-studente-te-rinj-2010\/#article","isPartOf":{"@id":"https:\/\/orthodoxalbania.org\/2020\/2013\/03\/20\/akademia-theologjike-ngjallja-e-krishtit-me-12-studente-te-rinj-2010\/"},"author":{"name":"Kisha Orthodhokse","@id":"https:\/\/orthodoxalbania.org\/2020\/#\/schema\/person\/0c387634a7063ac612d7ed9ce71c7e86"},"headline":"Akademia Theologjike \u201cNgjallja e Krishtit\u201d me 12 student\u00eb t\u00eb rinj. (2010)","datePublished":"2013-03-20T13:04:33+00:00","dateModified":"2020-04-06T20:32:19+00:00","mainEntityOfPage":{"@id":"https:\/\/orthodoxalbania.org\/2020\/2013\/03\/20\/akademia-theologjike-ngjallja-e-krishtit-me-12-studente-te-rinj-2010\/"},"wordCount":368,"commentCount":0,"publisher":{"@id":"https:\/\/orthodoxalbania.org\/2020\/#organization"},"image":{"@id":"https:\/\/orthodoxalbania.org\/2020\/2013\/03\/20\/akademia-theologjike-ngjallja-e-krishtit-me-12-studente-te-rinj-2010\/#primaryimage"},"thumbnailUrl":"https:\/\/lh5.googleusercontent.com\/-Lw6KgGxBphM\/VKpHr1cDcRI\/AAAAAAAAJzQ\/c2Q34syqc2w\/w351-h251-no\/foto%2Bakademia.jpg","keywords":["2010","Akademia Teologjike","Kryepiskopata Tiran\u00eb","lajme"],"articleSection":["Lajme"],"inLanguage":"en-US"},{"@type":"WebPage","@id":"https:\/\/orthodoxalbania.org\/2020\/2013\/03\/20\/akademia-theologjike-ngjallja-e-krishtit-me-12-studente-te-rinj-2010\/","url":"https:\/\/orthodoxalbania.org\/2020\/2013\/03\/20\/akademia-theologjike-ngjallja-e-krishtit-me-12-studente-te-rinj-2010\/","name":"Akademia Theologjike \u201cNgjallja e Krishtit\u201d me 12 student\u00eb t\u00eb rinj. (2010) - Kisha Orthodh\u03bfkse Autoqefale e Shqip\u00ebris\u00eb","isPartOf":{"@id":"https:\/\/orthodoxalbania.org\/2020\/#website"},"primaryImageOfPage":{"@id":"https:\/\/orthodoxalbania.org\/2020\/2013\/03\/20\/akademia-theologjike-ngjallja-e-krishtit-me-12-studente-te-rinj-2010\/#primaryimage"},"image":{"@id":"https:\/\/orthodoxalbania.org\/2020\/2013\/03\/20\/akademia-theologjike-ngjallja-e-krishtit-me-12-studente-te-rinj-2010\/#primaryimage"},"thumbnailUrl":"https:\/\/lh5.googleusercontent.com\/-Lw6KgGxBphM\/VKpHr1cDcRI\/AAAAAAAAJzQ\/c2Q34syqc2w\/w351-h251-no\/foto%2Bakademia.jpg","datePublished":"2013-03-20T13:04:33+00:00","dateModified":"2020-04-06T20:32:19+00:00","breadcrumb":{"@id":"https:\/\/orthodoxalbania.org\/2020\/2013\/03\/20\/akademia-theologjike-ngjallja-e-krishtit-me-12-studente-te-rinj-2010\/#breadcrumb"},"inLanguage":"en-US","potentialAction":[{"@type":"ReadAction","target":["https:\/\/orthodoxalbania.org\/2020\/2013\/03\/20\/akademia-theologjike-ngjallja-e-krishtit-me-12-studente-te-rinj-2010\/"]}]},{"@type":"ImageObject","inLanguage":"en-US","@id":"https:\/\/orthodoxalbania.org\/2020\/2013\/03\/20\/akademia-theologjike-ngjallja-e-krishtit-me-12-studente-te-rinj-2010\/#primaryimage","url":"https:\/\/lh5.googleusercontent.com\/-Lw6KgGxBphM\/VKpHr1cDcRI\/AAAAAAAAJzQ\/c2Q34syqc2w\/w351-h251-no\/foto%2Bakademia.jpg","contentUrl":"https:\/\/lh5.googleusercontent.com\/-Lw6KgGxBphM\/VKpHr1cDcRI\/AAAAAAAAJzQ\/c2Q34syqc2w\/w351-h251-no\/foto%2Bakademia.jpg"},{"@type":"BreadcrumbList","@id":"https:\/\/orthodoxalbania.org\/2020\/2013\/03\/20\/akademia-theologjike-ngjallja-e-krishtit-me-12-studente-te-rinj-2010\/#breadcrumb","itemListElement":[{"@type":"ListItem","position":1,"name":"Home","item":"https:\/\/orthodoxalbania.org\/2020\/"},{"@type":"ListItem","position":2,"name":"Akademia Theologjike \u201cNgjallja e Krishtit\u201d me 12 student\u00eb t\u00eb rinj. (2010)"}]},{"@type":"WebSite","@id":"https:\/\/orthodoxalbania.org\/2020\/#website","url":"https:\/\/orthodoxalbania.org\/2020\/","name":"Kisha Orthodh\u03bfkse Autoqefale e Shqip\u00ebris\u00eb","description":"Fqja Zyrtare e Kish\u00ebs Orthodhokse Autoqefale e Shqip\u00ebris\u00eb me lajmet edhe informacionet zyrtare p\u00ebr struktur\u00ebn edhe veprimtarin e saj.","publisher":{"@id":"https:\/\/orthodoxalbania.org\/2020\/#organization"},"potentialAction":[{"@type":"SearchAction","target":{"@type":"EntryPoint","urlTemplate":"https:\/\/orthodoxalbania.org\/2020\/?s={search_term_string}"},"query-input":{"@type":"PropertyValueSpecification","valueRequired":true,"valueName":"search_term_string"}}],"inLanguage":"en-US"},{"@type":"Organization","@id":"https:\/\/orthodoxalbania.org\/2020\/#organization","name":"Kisha Orthodhokse Autoqefale e Shqip\u00ebris\u00eb","url":"https:\/\/orthodoxalbania.org\/2020\/","logo":{"@type":"ImageObject","inLanguage":"en-US","@id":"https:\/\/orthodoxalbania.org\/2020\/#\/schema\/logo\/image\/","url":"https:\/\/orthodoxalbania.org\/2020\/wp-content\/uploads\/2020\/05\/albania.jpeg","contentUrl":"https:\/\/orthodoxalbania.org\/2020\/wp-content\/uploads\/2020\/05\/albania.jpeg","width":540,"height":540,"caption":"Kisha Orthodhokse Autoqefale e Shqip\u00ebris\u00eb"},"image":{"@id":"https:\/\/orthodoxalbania.org\/2020\/#\/schema\/logo\/image\/"},"sameAs":["https:\/\/www.facebook.com\/koash1991"]},{"@type":"Person","@id":"https:\/\/orthodoxalbania.org\/2020\/#\/schema\/person\/0c387634a7063ac612d7ed9ce71c7e86","name":"Kisha Orthodhokse","image":{"@type":"ImageObject","inLanguage":"en-US","@id":"https:\/\/secure.gravatar.com\/avatar\/596e7c417251e30f2fbb9c00e026fce61a695a00e51c889caded71c96cbbdde5?s=96&d=mm&r=g","url":"https:\/\/secure.gravatar.com\/avatar\/596e7c417251e30f2fbb9c00e026fce61a695a00e51c889caded71c96cbbdde5?s=96&d=mm&r=g","contentUrl":"https:\/\/secure.gravatar.com\/avatar\/596e7c417251e30f2fbb9c00e026fce61a695a00e51c889caded71c96cbbdde5?s=96&d=mm&r=g","caption":"Kisha Orthodhokse"}}]}},"_links":{"self":[{"href":"https:\/\/orthodoxalbania.org\/2020\/wp-json\/wp\/v2\/posts\/258","targetHints":{"allow":["GET"]}}],"collection":[{"href":"https:\/\/orthodoxalbania.org\/2020\/wp-json\/wp\/v2\/posts"}],"about":[{"href":"https:\/\/orthodoxalbania.org\/2020\/wp-json\/wp\/v2\/types\/post"}],"author":[{"embeddable":true,"href":"https:\/\/orthodoxalbania.org\/2020\/wp-json\/wp\/v2\/users\/1"}],"replies":[{"embeddable":true,"href":"https:\/\/orthodoxalbania.org\/2020\/wp-json\/wp\/v2\/comments?post=258"}],"version-history":[{"count":1,"href":"https:\/\/orthodoxalbania.org\/2020\/wp-json\/wp\/v2\/posts\/258\/revisions"}],"predecessor-version":[{"id":15461,"href":"https:\/\/orthodoxalbania.org\/2020\/wp-json\/wp\/v2\/posts\/258\/revisions\/15461"}],"wp:attachment":[{"href":"https:\/\/orthodoxalbania.org\/2020\/wp-json\/wp\/v2\/media?parent=258"}],"wp:term":[{"taxonomy":"category","embeddable":true,"href":"https:\/\/orthodoxalbania.org\/2020\/wp-json\/wp\/v2\/categories?post=258"},{"taxonomy":"post_tag","embeddable":true,"href":"https:\/\/orthodoxalbania.org\/2020\/wp-json\/wp\/v2\/tags?post=258"}],"curies":[{"name":"wp","href":"https:\/\/api.w.org\/{rel}","templated":true}]}}