{"id":257,"date":"2008-02-26T00:00:00","date_gmt":"2008-02-26T00:00:00","guid":{"rendered":""},"modified":"2020-04-06T22:35:14","modified_gmt":"2020-04-06T20:35:14","slug":"akademia-teologjike-komuniteti-orthodhoks-i-durresit-dhe-i-kavajes-japin-ndihma-per-te-demtuarit-e-tragjedise-se-gerdecit-mars-2008","status":"publish","type":"post","link":"https:\/\/orthodoxalbania.org\/2020\/2008\/02\/26\/akademia-teologjike-komuniteti-orthodhoks-i-durresit-dhe-i-kavajes-japin-ndihma-per-te-demtuarit-e-tragjedise-se-gerdecit-mars-2008\/","title":{"rendered":"Akademia Teologjike, Komuniteti Orthodhoks i Durr\u00ebsit dhe i Kavaj\u00ebs japin ndihma p\u00ebr t\u00eb d\u00ebmtuarit e tragjedis\u00eb s\u00eb G\u00ebrdecit. (Mars 2008)"},"content":{"rendered":"<p style=\"text-align: center;\"><span style=\"color: #000000; font-family: helvetica; font-size: 12pt;\"><strong>Duke ndar\u00eb dhimbjen me v\u00ebllez\u00ebrit n\u00eb nevoj\u00eb<\/strong><\/span><\/p>\n<table id=\"AutoNumber2\" border=\"0\">\n<tbody>\n<tr>\n<td>\n<p><span style=\"color: #000000; font-family: helvetica; font-size: 12pt;\"><img decoding=\"async\" class=\"lazyload HAa Eha\" style=\"border-width: 1px; border-style: solid; margin: 10px auto; display: block;\" alt=\"\" src=\"data:image\/gif;base64,R0lGODlhAQABAAAAACH5BAEKAAEALAAAAAABAAEAAAICTAEAOw==\" data-orig-src=\"https:\/\/lh6.googleusercontent.com\/-rQbIwGvOeec\/VIwVYQd67EI\/AAAAAAAAHfQ\/j0nBXwW3PWA\/w400-h300-no\/Ak%2B1.jpg\" \/><\/span><\/p>\n<\/td>\n<td>\n<p style=\"text-align: justify;\"><span style=\"color: #000000; font-family: helvetica; font-size: 12pt;\">&nbsp;&nbsp;&nbsp; Disa dit\u00eb pas tragjedis\u00eb s\u00eb G\u00ebrdecit<strong>,<\/strong> nj\u00eb p\u00ebrfaq\u00ebsi nga Akademia Teologjike \u201cNgjallja e Krishtit\u201d pran\u00eb Manastirit t\u00eb Hirsh\u00ebm t\u00eb Sh\u00ebn Vlashit n\u00eb Durr\u00ebs, dhe nga Komunitetit Orthodhoks i kishave t\u00eb Durr\u00ebsit dhe t\u00eb Kavaj\u00ebs, t\u00eb kryesuar nga Episkop Nikolla, At\u00eb Spiro Tola, Dhjakon Spiro Kostoli dhe nj\u00eb grup student\u00ebsh, realizoi shp\u00ebrndarjen e disa ndihmave materiale tek banor\u00ebt e d\u00ebmtuar n\u00eb fshatin Marikaj. Ndihmat u ofruan nga t\u00eb ardhurat e mbledhura prej student\u00ebve, pedagog\u00ebve dhe punonj\u00ebsve t\u00eb Akademis\u00eb Teologjike si edhe t\u00eb shum\u00eb besimtar\u00ebve orthodhoks t\u00eb qyteteve fqinj.<\/span><\/p>\n<\/td>\n<\/tr>\n<tr>\n<td>\n<p style=\"text-align: justify;\"><span style=\"color: #000000; font-family: helvetica; font-size: 12pt;\">&nbsp;&nbsp;&nbsp; M\u00eb 26 mars, kjo p\u00ebrfaq\u00ebsi u takua n\u00eb Bashkin\u00eb e Vor\u00ebs me kryetarin z. Fiqeri Ismaili dhe n\u00ebnkryetarin z. Aqif Mu\u00e7a. Ata shpreh\u00ebn fal\u00ebnderimet e tyre p\u00ebr mb\u00ebshtetjen dhe ndihm\u00ebn q\u00eb u dha nga ana e Komunitetit Orthodhoks.<\/span><\/p>\n<p style=\"text-align: justify;\"><span style=\"color: #000000; font-family: helvetica; font-size: 12pt;\">&nbsp;&nbsp;&nbsp;&nbsp; Nd\u00ebr t\u00eb tjera kryetari i Bashkis\u00eb Z. Fiqeri Ismaili theksoi: \u201c<em>P\u00ebr vet\u00eb vendin ku ndodhi tragjedia ishte nj\u00eb pik\u00eb strategjike, ishte v\u00ebrtet nj\u00eb mrekulli q\u00eb p\u00ebrmasat nuk ishin shum\u00eb t\u00eb m\u00ebdha dhe numri i viktimave do kishte qen\u00eb shum\u00eb m\u00eb i madh. N\u00ebse Zoti b\u00ebn mrekulli kjo \u00ebsht\u00eb nj\u00eb prej tyre<\/em>\u201d.<\/span><\/p>\n<\/td>\n<td>\n<p><span style=\"color: #000000; font-family: helvetica; font-size: 12pt;\"><img decoding=\"async\" class=\"lazyload HAa Eha\" style=\"border-width: 1px; border-style: solid; margin: 10px auto; display: block;\" alt=\"\" src=\"data:image\/gif;base64,R0lGODlhAQABAAAAACH5BAEKAAEALAAAAAABAAEAAAICTAEAOw==\" data-orig-src=\"https:\/\/lh4.googleusercontent.com\/-InXC-dJMu_k\/VIwVYB65xzI\/AAAAAAAAHfE\/mK1DStsBb6I\/w400-h300-no\/Ak%2B2.jpg\" \/><\/span><\/p>\n<\/td>\n<\/tr>\n<tr>\n<td>\n<p><span style=\"color: #000000; font-family: helvetica; font-size: 12pt;\"><img decoding=\"async\" class=\"lazyload HAa Eha\" style=\"border-width: 1px; border-style: solid; margin: 10px auto; display: block;\" alt=\"\" src=\"data:image\/gif;base64,R0lGODlhAQABAAAAACH5BAEKAAEALAAAAAABAAEAAAICTAEAOw==\" data-orig-src=\"https:\/\/lh4.googleusercontent.com\/-FxZFcjd57WM\/VIwVYd7I-nI\/AAAAAAAAHfA\/WmBzLF5YZ0A\/w400-h300-no\/Ak%2B3.jpg\" \/><\/span><\/p>\n<\/td>\n<td>\n<p style=\"text-align: justify;\"><span style=\"color: #000000; font-family: helvetica; font-size: 12pt;\">&nbsp;&nbsp;&nbsp; Ndihm\u00ebsdrejtori i Akademis\u00eb Teologjike, Hir\u00ebsi Nikolla shprehu mb\u00ebshtetjen e Kish\u00ebs son\u00eb dhe t\u00eb Kryepiskopit Anastas p\u00ebr t\u00eb l\u00ebnduarit n\u00eb k\u00ebt\u00eb katastrof\u00eb.<\/span><\/p>\n<p style=\"text-align: justify;\"><span style=\"color: #000000; font-family: helvetica; font-size: 12pt;\">&nbsp;&nbsp;&nbsp; \u201c<em>Kisha Orthodhokse mendoi p\u00ebr leht\u00ebsimin e dhimbjes dhe t\u00eb plag\u00ebve t\u00eb banor\u00ebve t\u00eb d\u00ebmtuar nga kjo tragjedi duke e b\u00ebr\u00eb k\u00ebt\u00eb gj\u00eb realitet me lutjen dhe ndihm\u00ebn materiale q\u00eb Ajo ofroi p\u00ebr familjet e d\u00ebmtuara<\/em>\u201d.<\/span><\/p>\n<\/td>\n<\/tr>\n<tr>\n<td>\n<p style=\"text-align: justify;\"><span style=\"color: #000000; font-family: helvetica; font-size: 12pt;\">&nbsp;&nbsp;&nbsp; Kjo p\u00ebrfaq\u00ebsi, s\u00eb bashku me student\u00ebt e Akademis\u00eb Teologjike, e shoq\u00ebruar nga kryeplaku z. Fiqeri Subashi, b\u00ebri shp\u00ebrndarjen e 160 pakove me ndihma n\u00ebp\u00ebr sht\u00ebpit\u00eb e banor\u00ebve t\u00eb fshatit Marikaj. Banor\u00ebt shpreh\u00ebn mir\u00ebnjohjen duke theksuar se kjo ishte ndihma e par\u00eb q\u00eb iu ishte ofruar atyre.<\/span><\/p>\n<\/td>\n<td>\n<p><span style=\"color: #000000; font-family: helvetica; font-size: 12pt;\"><img decoding=\"async\" class=\"lazyload HAa Eha\" style=\"border-width: 1px; border-style: solid; margin: 10px auto; display: block;\" alt=\"\" src=\"data:image\/gif;base64,R0lGODlhAQABAAAAACH5BAEKAAEALAAAAAABAAEAAAICTAEAOw==\" data-orig-src=\"https:\/\/lh5.googleusercontent.com\/-UttTRf_aBfc\/VIwVYmDsUiI\/AAAAAAAAHfI\/_zLkyH5dqbc\/w391-h325-no\/Ak%2B4.jpg\" \/><\/span><\/p>\n<\/td>\n<\/tr>\n<tr>\n<td dir=\"ltr\" colspan=\"2\">\n<p style=\"text-align: justify;\"><span style=\"color: #000000; font-family: helvetica; font-size: 12pt;\"> &nbsp;&nbsp;&nbsp; Ndihma ndaj t\u00eb d\u00ebmtuarve \u00ebsht\u00eb b\u00ebr\u00eb evidente \u00e7do dit\u00eb. Akademia Teologjike d\u00ebrgon \u00e7do pasdite kat\u00ebr student\u00eb p\u00ebr t\u00eb q\u00ebndruar pran\u00eb f\u00ebmij\u00ebve dhe t\u00eb rinjve me veprimtari t\u00eb ndryshme kulturore e arg\u00ebtuese. Gjithashtu Kisha jon\u00eb Orthodhokse ka atashuar nj\u00eb person q\u00eb q\u00ebndron gjat\u00eb gjith\u00eb koh\u00ebs n\u00eb ambientet e Sht\u00ebpis\u00eb s\u00eb Pushimit t\u00eb Ministris\u00eb s\u00eb Brendshme (Kovaleshenc\u00ebs) n\u00eb Durr\u00ebs, duke iu p\u00ebrgjigjur \u00e7do k\u00ebrkese dhe nevoje imediate nga familjar\u00ebt e shumt\u00eb q\u00eb ndodhen aty p\u00ebrkoh\u00ebsisht.<\/span><\/p>\n<p><span style=\"font-family: helvetica; font-size: 12pt;\"><\/span><\/p>\n<\/td>\n<\/tr>\n<tr>\n<td dir=\"ltr\" colspan=\"2\">\n<p><span style=\"color: #000000; font-family: helvetica; font-size: 12pt;\"><strong>Nestilda Dangaj <\/strong><\/span><\/p>\n<\/td>\n<\/tr>\n<\/tbody>\n<\/table>\n","protected":false},"excerpt":{"rendered":"<p>Duke ndar\u00eb dhimbjen me v\u00ebllez\u00ebrit n\u00eb nevoj\u00eb &nbsp;&nbsp;&nbsp; Disa dit\u00eb pas tragjedis\u00eb s\u00eb G\u00ebrdecit, nj\u00eb p\u00ebrfaq\u00ebsi nga Akademia Teologjike \u201cNgjallja e Krishtit\u201d pran\u00eb Manastirit t\u00eb Hirsh\u00ebm t\u00eb Sh\u00ebn Vlashit n\u00eb Durr\u00ebs, dhe nga Komunitetit Orthodhoks i kishave t\u00eb Durr\u00ebsit dhe t\u00eb Kavaj\u00ebs, t\u00eb kryesuar nga Episkop Nikolla, At\u00eb Spiro Tola, Dhjakon Spiro Kostoli dhe nj\u00eb grup student\u00ebsh, realizoi shp\u00ebrndarjen e disa ndihmave materiale tek banor\u00ebt<\/p>\n","protected":false},"author":1,"featured_media":0,"comment_status":"open","ping_status":"open","sticky":false,"template":"","format":"standard","meta":{"_acf_changed":false,"pagelayer_contact_templates":[],"_pagelayer_content":"","inline_featured_image":false,"fifu_image_url":"","fifu_image_alt":"","footnotes":""},"categories":[108],"tags":[146,633,196,212],"class_list":["post-257","post","type-post","status-publish","format-standard","hentry","category-lajme","tag-146","tag-donacionendihma","tag-tirane","tag-lajme-d27"],"acf":[],"yoast_head":"<!-- This site is optimized with the Yoast SEO plugin v27.2 - https:\/\/yoast.com\/product\/yoast-seo-wordpress\/ -->\n<title>Akademia Teologjike, Komuniteti Orthodhoks i Durr\u00ebsit dhe i Kavaj\u00ebs japin ndihma p\u00ebr t\u00eb d\u00ebmtuarit e tragjedis\u00eb s\u00eb G\u00ebrdecit. (Mars 2008) - Kisha Orthodh\u03bfkse Autoqefale e Shqip\u00ebris\u00eb<\/title>\n<meta name=\"robots\" content=\"index, follow, max-snippet:-1, max-image-preview:large, max-video-preview:-1\" \/>\n<link rel=\"canonical\" href=\"https:\/\/orthodoxalbania.org\/2020\/2008\/02\/26\/akademia-teologjike-komuniteti-orthodhoks-i-durresit-dhe-i-kavajes-japin-ndihma-per-te-demtuarit-e-tragjedise-se-gerdecit-mars-2008\/\" \/>\n<meta property=\"og:locale\" content=\"en_US\" \/>\n<meta property=\"og:type\" content=\"article\" \/>\n<meta property=\"og:title\" content=\"Akademia Teologjike, Komuniteti Orthodhoks i Durr\u00ebsit dhe i Kavaj\u00ebs japin ndihma p\u00ebr t\u00eb d\u00ebmtuarit e tragjedis\u00eb s\u00eb G\u00ebrdecit. (Mars 2008) - Kisha Orthodh\u03bfkse Autoqefale e Shqip\u00ebris\u00eb\" \/>\n<meta property=\"og:description\" content=\"Duke ndar\u00eb dhimbjen me v\u00ebllez\u00ebrit n\u00eb nevoj\u00eb &nbsp;&nbsp;&nbsp; Disa dit\u00eb pas tragjedis\u00eb s\u00eb G\u00ebrdecit, nj\u00eb p\u00ebrfaq\u00ebsi nga Akademia Teologjike \u201cNgjallja e Krishtit\u201d pran\u00eb Manastirit t\u00eb Hirsh\u00ebm t\u00eb Sh\u00ebn Vlashit n\u00eb Durr\u00ebs, dhe nga Komunitetit Orthodhoks i kishave t\u00eb Durr\u00ebsit dhe t\u00eb Kavaj\u00ebs, t\u00eb kryesuar nga Episkop Nikolla, At\u00eb Spiro Tola, Dhjakon Spiro Kostoli dhe nj\u00eb grup student\u00ebsh, realizoi shp\u00ebrndarjen e disa ndihmave materiale tek banor\u00ebt\" \/>\n<meta property=\"og:url\" content=\"https:\/\/orthodoxalbania.org\/2020\/2008\/02\/26\/akademia-teologjike-komuniteti-orthodhoks-i-durresit-dhe-i-kavajes-japin-ndihma-per-te-demtuarit-e-tragjedise-se-gerdecit-mars-2008\/\" \/>\n<meta property=\"og:site_name\" content=\"Kisha Orthodh\u03bfkse Autoqefale e Shqip\u00ebris\u00eb\" \/>\n<meta property=\"article:publisher\" content=\"https:\/\/www.facebook.com\/koash1991\" \/>\n<meta property=\"article:published_time\" content=\"2008-02-26T00:00:00+00:00\" \/>\n<meta property=\"article:modified_time\" content=\"2020-04-06T20:35:14+00:00\" \/>\n<meta property=\"og:image\" content=\"https:\/\/lh6.googleusercontent.com\/-rQbIwGvOeec\/VIwVYQd67EI\/AAAAAAAAHfQ\/j0nBXwW3PWA\/w400-h300-no\/Ak%2B1.jpg\" \/>\n<meta name=\"author\" content=\"Kisha Orthodhokse\" \/>\n<meta name=\"twitter:card\" content=\"summary_large_image\" \/>\n<meta name=\"twitter:label1\" content=\"Written by\" \/>\n\t<meta name=\"twitter:data1\" content=\"Kisha Orthodhokse\" \/>\n\t<meta name=\"twitter:label2\" content=\"Est. reading time\" \/>\n\t<meta name=\"twitter:data2\" content=\"2 minutes\" \/>\n<script type=\"application\/ld+json\" class=\"yoast-schema-graph\">{\"@context\":\"https:\/\/schema.org\",\"@graph\":[{\"@type\":\"Article\",\"@id\":\"https:\/\/orthodoxalbania.org\/2020\/2008\/02\/26\/akademia-teologjike-komuniteti-orthodhoks-i-durresit-dhe-i-kavajes-japin-ndihma-per-te-demtuarit-e-tragjedise-se-gerdecit-mars-2008\/#article\",\"isPartOf\":{\"@id\":\"https:\/\/orthodoxalbania.org\/2020\/2008\/02\/26\/akademia-teologjike-komuniteti-orthodhoks-i-durresit-dhe-i-kavajes-japin-ndihma-per-te-demtuarit-e-tragjedise-se-gerdecit-mars-2008\/\"},\"author\":{\"name\":\"Kisha Orthodhokse\",\"@id\":\"https:\/\/orthodoxalbania.org\/2020\/#\/schema\/person\/0c387634a7063ac612d7ed9ce71c7e86\"},\"headline\":\"Akademia Teologjike, Komuniteti Orthodhoks i Durr\u00ebsit dhe i Kavaj\u00ebs japin ndihma p\u00ebr t\u00eb d\u00ebmtuarit e tragjedis\u00eb s\u00eb G\u00ebrdecit. (Mars 2008)\",\"datePublished\":\"2008-02-26T00:00:00+00:00\",\"dateModified\":\"2020-04-06T20:35:14+00:00\",\"mainEntityOfPage\":{\"@id\":\"https:\/\/orthodoxalbania.org\/2020\/2008\/02\/26\/akademia-teologjike-komuniteti-orthodhoks-i-durresit-dhe-i-kavajes-japin-ndihma-per-te-demtuarit-e-tragjedise-se-gerdecit-mars-2008\/\"},\"wordCount\":488,\"commentCount\":0,\"publisher\":{\"@id\":\"https:\/\/orthodoxalbania.org\/2020\/#organization\"},\"image\":{\"@id\":\"https:\/\/orthodoxalbania.org\/2020\/2008\/02\/26\/akademia-teologjike-komuniteti-orthodhoks-i-durresit-dhe-i-kavajes-japin-ndihma-per-te-demtuarit-e-tragjedise-se-gerdecit-mars-2008\/#primaryimage\"},\"thumbnailUrl\":\"https:\/\/lh6.googleusercontent.com\/-rQbIwGvOeec\/VIwVYQd67EI\/AAAAAAAAHfQ\/j0nBXwW3PWA\/w400-h300-no\/Ak%2B1.jpg\",\"keywords\":[\"2008\",\"DonacioneNdihma\",\"Kryepiskopata Tiran\u00eb\",\"lajme\"],\"articleSection\":[\"Lajme\"],\"inLanguage\":\"en-US\"},{\"@type\":\"WebPage\",\"@id\":\"https:\/\/orthodoxalbania.org\/2020\/2008\/02\/26\/akademia-teologjike-komuniteti-orthodhoks-i-durresit-dhe-i-kavajes-japin-ndihma-per-te-demtuarit-e-tragjedise-se-gerdecit-mars-2008\/\",\"url\":\"https:\/\/orthodoxalbania.org\/2020\/2008\/02\/26\/akademia-teologjike-komuniteti-orthodhoks-i-durresit-dhe-i-kavajes-japin-ndihma-per-te-demtuarit-e-tragjedise-se-gerdecit-mars-2008\/\",\"name\":\"Akademia Teologjike, Komuniteti Orthodhoks i Durr\u00ebsit dhe i Kavaj\u00ebs japin ndihma p\u00ebr t\u00eb d\u00ebmtuarit e tragjedis\u00eb s\u00eb G\u00ebrdecit. (Mars 2008) - Kisha Orthodh\u03bfkse Autoqefale e Shqip\u00ebris\u00eb\",\"isPartOf\":{\"@id\":\"https:\/\/orthodoxalbania.org\/2020\/#website\"},\"primaryImageOfPage\":{\"@id\":\"https:\/\/orthodoxalbania.org\/2020\/2008\/02\/26\/akademia-teologjike-komuniteti-orthodhoks-i-durresit-dhe-i-kavajes-japin-ndihma-per-te-demtuarit-e-tragjedise-se-gerdecit-mars-2008\/#primaryimage\"},\"image\":{\"@id\":\"https:\/\/orthodoxalbania.org\/2020\/2008\/02\/26\/akademia-teologjike-komuniteti-orthodhoks-i-durresit-dhe-i-kavajes-japin-ndihma-per-te-demtuarit-e-tragjedise-se-gerdecit-mars-2008\/#primaryimage\"},\"thumbnailUrl\":\"https:\/\/lh6.googleusercontent.com\/-rQbIwGvOeec\/VIwVYQd67EI\/AAAAAAAAHfQ\/j0nBXwW3PWA\/w400-h300-no\/Ak%2B1.jpg\",\"datePublished\":\"2008-02-26T00:00:00+00:00\",\"dateModified\":\"2020-04-06T20:35:14+00:00\",\"breadcrumb\":{\"@id\":\"https:\/\/orthodoxalbania.org\/2020\/2008\/02\/26\/akademia-teologjike-komuniteti-orthodhoks-i-durresit-dhe-i-kavajes-japin-ndihma-per-te-demtuarit-e-tragjedise-se-gerdecit-mars-2008\/#breadcrumb\"},\"inLanguage\":\"en-US\",\"potentialAction\":[{\"@type\":\"ReadAction\",\"target\":[\"https:\/\/orthodoxalbania.org\/2020\/2008\/02\/26\/akademia-teologjike-komuniteti-orthodhoks-i-durresit-dhe-i-kavajes-japin-ndihma-per-te-demtuarit-e-tragjedise-se-gerdecit-mars-2008\/\"]}]},{\"@type\":\"ImageObject\",\"inLanguage\":\"en-US\",\"@id\":\"https:\/\/orthodoxalbania.org\/2020\/2008\/02\/26\/akademia-teologjike-komuniteti-orthodhoks-i-durresit-dhe-i-kavajes-japin-ndihma-per-te-demtuarit-e-tragjedise-se-gerdecit-mars-2008\/#primaryimage\",\"url\":\"https:\/\/lh6.googleusercontent.com\/-rQbIwGvOeec\/VIwVYQd67EI\/AAAAAAAAHfQ\/j0nBXwW3PWA\/w400-h300-no\/Ak%2B1.jpg\",\"contentUrl\":\"https:\/\/lh6.googleusercontent.com\/-rQbIwGvOeec\/VIwVYQd67EI\/AAAAAAAAHfQ\/j0nBXwW3PWA\/w400-h300-no\/Ak%2B1.jpg\"},{\"@type\":\"BreadcrumbList\",\"@id\":\"https:\/\/orthodoxalbania.org\/2020\/2008\/02\/26\/akademia-teologjike-komuniteti-orthodhoks-i-durresit-dhe-i-kavajes-japin-ndihma-per-te-demtuarit-e-tragjedise-se-gerdecit-mars-2008\/#breadcrumb\",\"itemListElement\":[{\"@type\":\"ListItem\",\"position\":1,\"name\":\"Home\",\"item\":\"https:\/\/orthodoxalbania.org\/2020\/\"},{\"@type\":\"ListItem\",\"position\":2,\"name\":\"Akademia Teologjike, Komuniteti Orthodhoks i Durr\u00ebsit dhe i Kavaj\u00ebs japin ndihma p\u00ebr t\u00eb d\u00ebmtuarit e tragjedis\u00eb s\u00eb G\u00ebrdecit. (Mars 2008)\"}]},{\"@type\":\"WebSite\",\"@id\":\"https:\/\/orthodoxalbania.org\/2020\/#website\",\"url\":\"https:\/\/orthodoxalbania.org\/2020\/\",\"name\":\"Kisha Orthodh\u03bfkse Autoqefale e Shqip\u00ebris\u00eb\",\"description\":\"Fqja Zyrtare e Kish\u00ebs Orthodhokse Autoqefale e Shqip\u00ebris\u00eb me lajmet edhe informacionet zyrtare p\u00ebr struktur\u00ebn edhe veprimtarin e saj.\",\"publisher\":{\"@id\":\"https:\/\/orthodoxalbania.org\/2020\/#organization\"},\"potentialAction\":[{\"@type\":\"SearchAction\",\"target\":{\"@type\":\"EntryPoint\",\"urlTemplate\":\"https:\/\/orthodoxalbania.org\/2020\/?s={search_term_string}\"},\"query-input\":{\"@type\":\"PropertyValueSpecification\",\"valueRequired\":true,\"valueName\":\"search_term_string\"}}],\"inLanguage\":\"en-US\"},{\"@type\":\"Organization\",\"@id\":\"https:\/\/orthodoxalbania.org\/2020\/#organization\",\"name\":\"Kisha Orthodhokse Autoqefale e Shqip\u00ebris\u00eb\",\"url\":\"https:\/\/orthodoxalbania.org\/2020\/\",\"logo\":{\"@type\":\"ImageObject\",\"inLanguage\":\"en-US\",\"@id\":\"https:\/\/orthodoxalbania.org\/2020\/#\/schema\/logo\/image\/\",\"url\":\"https:\/\/orthodoxalbania.org\/2020\/wp-content\/uploads\/2020\/05\/albania.jpeg\",\"contentUrl\":\"https:\/\/orthodoxalbania.org\/2020\/wp-content\/uploads\/2020\/05\/albania.jpeg\",\"width\":540,\"height\":540,\"caption\":\"Kisha Orthodhokse Autoqefale e Shqip\u00ebris\u00eb\"},\"image\":{\"@id\":\"https:\/\/orthodoxalbania.org\/2020\/#\/schema\/logo\/image\/\"},\"sameAs\":[\"https:\/\/www.facebook.com\/koash1991\"]},{\"@type\":\"Person\",\"@id\":\"https:\/\/orthodoxalbania.org\/2020\/#\/schema\/person\/0c387634a7063ac612d7ed9ce71c7e86\",\"name\":\"Kisha Orthodhokse\",\"image\":{\"@type\":\"ImageObject\",\"inLanguage\":\"en-US\",\"@id\":\"https:\/\/secure.gravatar.com\/avatar\/596e7c417251e30f2fbb9c00e026fce61a695a00e51c889caded71c96cbbdde5?s=96&d=mm&r=g\",\"url\":\"https:\/\/secure.gravatar.com\/avatar\/596e7c417251e30f2fbb9c00e026fce61a695a00e51c889caded71c96cbbdde5?s=96&d=mm&r=g\",\"contentUrl\":\"https:\/\/secure.gravatar.com\/avatar\/596e7c417251e30f2fbb9c00e026fce61a695a00e51c889caded71c96cbbdde5?s=96&d=mm&r=g\",\"caption\":\"Kisha Orthodhokse\"}}]}<\/script>\n<!-- \/ Yoast SEO plugin. -->","yoast_head_json":{"title":"Akademia Teologjike, Komuniteti Orthodhoks i Durr\u00ebsit dhe i Kavaj\u00ebs japin ndihma p\u00ebr t\u00eb d\u00ebmtuarit e tragjedis\u00eb s\u00eb G\u00ebrdecit. (Mars 2008) - Kisha Orthodh\u03bfkse Autoqefale e Shqip\u00ebris\u00eb","robots":{"index":"index","follow":"follow","max-snippet":"max-snippet:-1","max-image-preview":"max-image-preview:large","max-video-preview":"max-video-preview:-1"},"canonical":"https:\/\/orthodoxalbania.org\/2020\/2008\/02\/26\/akademia-teologjike-komuniteti-orthodhoks-i-durresit-dhe-i-kavajes-japin-ndihma-per-te-demtuarit-e-tragjedise-se-gerdecit-mars-2008\/","og_locale":"en_US","og_type":"article","og_title":"Akademia Teologjike, Komuniteti Orthodhoks i Durr\u00ebsit dhe i Kavaj\u00ebs japin ndihma p\u00ebr t\u00eb d\u00ebmtuarit e tragjedis\u00eb s\u00eb G\u00ebrdecit. (Mars 2008) - Kisha Orthodh\u03bfkse Autoqefale e Shqip\u00ebris\u00eb","og_description":"Duke ndar\u00eb dhimbjen me v\u00ebllez\u00ebrit n\u00eb nevoj\u00eb &nbsp;&nbsp;&nbsp; Disa dit\u00eb pas tragjedis\u00eb s\u00eb G\u00ebrdecit, nj\u00eb p\u00ebrfaq\u00ebsi nga Akademia Teologjike \u201cNgjallja e Krishtit\u201d pran\u00eb Manastirit t\u00eb Hirsh\u00ebm t\u00eb Sh\u00ebn Vlashit n\u00eb Durr\u00ebs, dhe nga Komunitetit Orthodhoks i kishave t\u00eb Durr\u00ebsit dhe t\u00eb Kavaj\u00ebs, t\u00eb kryesuar nga Episkop Nikolla, At\u00eb Spiro Tola, Dhjakon Spiro Kostoli dhe nj\u00eb grup student\u00ebsh, realizoi shp\u00ebrndarjen e disa ndihmave materiale tek banor\u00ebt","og_url":"https:\/\/orthodoxalbania.org\/2020\/2008\/02\/26\/akademia-teologjike-komuniteti-orthodhoks-i-durresit-dhe-i-kavajes-japin-ndihma-per-te-demtuarit-e-tragjedise-se-gerdecit-mars-2008\/","og_site_name":"Kisha Orthodh\u03bfkse Autoqefale e Shqip\u00ebris\u00eb","article_publisher":"https:\/\/www.facebook.com\/koash1991","article_published_time":"2008-02-26T00:00:00+00:00","article_modified_time":"2020-04-06T20:35:14+00:00","og_image":[{"url":"https:\/\/lh6.googleusercontent.com\/-rQbIwGvOeec\/VIwVYQd67EI\/AAAAAAAAHfQ\/j0nBXwW3PWA\/w400-h300-no\/Ak%2B1.jpg","type":"","width":"","height":""}],"author":"Kisha Orthodhokse","twitter_card":"summary_large_image","twitter_misc":{"Written by":"Kisha Orthodhokse","Est. reading time":"2 minutes"},"schema":{"@context":"https:\/\/schema.org","@graph":[{"@type":"Article","@id":"https:\/\/orthodoxalbania.org\/2020\/2008\/02\/26\/akademia-teologjike-komuniteti-orthodhoks-i-durresit-dhe-i-kavajes-japin-ndihma-per-te-demtuarit-e-tragjedise-se-gerdecit-mars-2008\/#article","isPartOf":{"@id":"https:\/\/orthodoxalbania.org\/2020\/2008\/02\/26\/akademia-teologjike-komuniteti-orthodhoks-i-durresit-dhe-i-kavajes-japin-ndihma-per-te-demtuarit-e-tragjedise-se-gerdecit-mars-2008\/"},"author":{"name":"Kisha Orthodhokse","@id":"https:\/\/orthodoxalbania.org\/2020\/#\/schema\/person\/0c387634a7063ac612d7ed9ce71c7e86"},"headline":"Akademia Teologjike, Komuniteti Orthodhoks i Durr\u00ebsit dhe i Kavaj\u00ebs japin ndihma p\u00ebr t\u00eb d\u00ebmtuarit e tragjedis\u00eb s\u00eb G\u00ebrdecit. (Mars 2008)","datePublished":"2008-02-26T00:00:00+00:00","dateModified":"2020-04-06T20:35:14+00:00","mainEntityOfPage":{"@id":"https:\/\/orthodoxalbania.org\/2020\/2008\/02\/26\/akademia-teologjike-komuniteti-orthodhoks-i-durresit-dhe-i-kavajes-japin-ndihma-per-te-demtuarit-e-tragjedise-se-gerdecit-mars-2008\/"},"wordCount":488,"commentCount":0,"publisher":{"@id":"https:\/\/orthodoxalbania.org\/2020\/#organization"},"image":{"@id":"https:\/\/orthodoxalbania.org\/2020\/2008\/02\/26\/akademia-teologjike-komuniteti-orthodhoks-i-durresit-dhe-i-kavajes-japin-ndihma-per-te-demtuarit-e-tragjedise-se-gerdecit-mars-2008\/#primaryimage"},"thumbnailUrl":"https:\/\/lh6.googleusercontent.com\/-rQbIwGvOeec\/VIwVYQd67EI\/AAAAAAAAHfQ\/j0nBXwW3PWA\/w400-h300-no\/Ak%2B1.jpg","keywords":["2008","DonacioneNdihma","Kryepiskopata Tiran\u00eb","lajme"],"articleSection":["Lajme"],"inLanguage":"en-US"},{"@type":"WebPage","@id":"https:\/\/orthodoxalbania.org\/2020\/2008\/02\/26\/akademia-teologjike-komuniteti-orthodhoks-i-durresit-dhe-i-kavajes-japin-ndihma-per-te-demtuarit-e-tragjedise-se-gerdecit-mars-2008\/","url":"https:\/\/orthodoxalbania.org\/2020\/2008\/02\/26\/akademia-teologjike-komuniteti-orthodhoks-i-durresit-dhe-i-kavajes-japin-ndihma-per-te-demtuarit-e-tragjedise-se-gerdecit-mars-2008\/","name":"Akademia Teologjike, Komuniteti Orthodhoks i Durr\u00ebsit dhe i Kavaj\u00ebs japin ndihma p\u00ebr t\u00eb d\u00ebmtuarit e tragjedis\u00eb s\u00eb G\u00ebrdecit. (Mars 2008) - Kisha Orthodh\u03bfkse Autoqefale e Shqip\u00ebris\u00eb","isPartOf":{"@id":"https:\/\/orthodoxalbania.org\/2020\/#website"},"primaryImageOfPage":{"@id":"https:\/\/orthodoxalbania.org\/2020\/2008\/02\/26\/akademia-teologjike-komuniteti-orthodhoks-i-durresit-dhe-i-kavajes-japin-ndihma-per-te-demtuarit-e-tragjedise-se-gerdecit-mars-2008\/#primaryimage"},"image":{"@id":"https:\/\/orthodoxalbania.org\/2020\/2008\/02\/26\/akademia-teologjike-komuniteti-orthodhoks-i-durresit-dhe-i-kavajes-japin-ndihma-per-te-demtuarit-e-tragjedise-se-gerdecit-mars-2008\/#primaryimage"},"thumbnailUrl":"https:\/\/lh6.googleusercontent.com\/-rQbIwGvOeec\/VIwVYQd67EI\/AAAAAAAAHfQ\/j0nBXwW3PWA\/w400-h300-no\/Ak%2B1.jpg","datePublished":"2008-02-26T00:00:00+00:00","dateModified":"2020-04-06T20:35:14+00:00","breadcrumb":{"@id":"https:\/\/orthodoxalbania.org\/2020\/2008\/02\/26\/akademia-teologjike-komuniteti-orthodhoks-i-durresit-dhe-i-kavajes-japin-ndihma-per-te-demtuarit-e-tragjedise-se-gerdecit-mars-2008\/#breadcrumb"},"inLanguage":"en-US","potentialAction":[{"@type":"ReadAction","target":["https:\/\/orthodoxalbania.org\/2020\/2008\/02\/26\/akademia-teologjike-komuniteti-orthodhoks-i-durresit-dhe-i-kavajes-japin-ndihma-per-te-demtuarit-e-tragjedise-se-gerdecit-mars-2008\/"]}]},{"@type":"ImageObject","inLanguage":"en-US","@id":"https:\/\/orthodoxalbania.org\/2020\/2008\/02\/26\/akademia-teologjike-komuniteti-orthodhoks-i-durresit-dhe-i-kavajes-japin-ndihma-per-te-demtuarit-e-tragjedise-se-gerdecit-mars-2008\/#primaryimage","url":"https:\/\/lh6.googleusercontent.com\/-rQbIwGvOeec\/VIwVYQd67EI\/AAAAAAAAHfQ\/j0nBXwW3PWA\/w400-h300-no\/Ak%2B1.jpg","contentUrl":"https:\/\/lh6.googleusercontent.com\/-rQbIwGvOeec\/VIwVYQd67EI\/AAAAAAAAHfQ\/j0nBXwW3PWA\/w400-h300-no\/Ak%2B1.jpg"},{"@type":"BreadcrumbList","@id":"https:\/\/orthodoxalbania.org\/2020\/2008\/02\/26\/akademia-teologjike-komuniteti-orthodhoks-i-durresit-dhe-i-kavajes-japin-ndihma-per-te-demtuarit-e-tragjedise-se-gerdecit-mars-2008\/#breadcrumb","itemListElement":[{"@type":"ListItem","position":1,"name":"Home","item":"https:\/\/orthodoxalbania.org\/2020\/"},{"@type":"ListItem","position":2,"name":"Akademia Teologjike, Komuniteti Orthodhoks i Durr\u00ebsit dhe i Kavaj\u00ebs japin ndihma p\u00ebr t\u00eb d\u00ebmtuarit e tragjedis\u00eb s\u00eb G\u00ebrdecit. (Mars 2008)"}]},{"@type":"WebSite","@id":"https:\/\/orthodoxalbania.org\/2020\/#website","url":"https:\/\/orthodoxalbania.org\/2020\/","name":"Kisha Orthodh\u03bfkse Autoqefale e Shqip\u00ebris\u00eb","description":"Fqja Zyrtare e Kish\u00ebs Orthodhokse Autoqefale e Shqip\u00ebris\u00eb me lajmet edhe informacionet zyrtare p\u00ebr struktur\u00ebn edhe veprimtarin e saj.","publisher":{"@id":"https:\/\/orthodoxalbania.org\/2020\/#organization"},"potentialAction":[{"@type":"SearchAction","target":{"@type":"EntryPoint","urlTemplate":"https:\/\/orthodoxalbania.org\/2020\/?s={search_term_string}"},"query-input":{"@type":"PropertyValueSpecification","valueRequired":true,"valueName":"search_term_string"}}],"inLanguage":"en-US"},{"@type":"Organization","@id":"https:\/\/orthodoxalbania.org\/2020\/#organization","name":"Kisha Orthodhokse Autoqefale e Shqip\u00ebris\u00eb","url":"https:\/\/orthodoxalbania.org\/2020\/","logo":{"@type":"ImageObject","inLanguage":"en-US","@id":"https:\/\/orthodoxalbania.org\/2020\/#\/schema\/logo\/image\/","url":"https:\/\/orthodoxalbania.org\/2020\/wp-content\/uploads\/2020\/05\/albania.jpeg","contentUrl":"https:\/\/orthodoxalbania.org\/2020\/wp-content\/uploads\/2020\/05\/albania.jpeg","width":540,"height":540,"caption":"Kisha Orthodhokse Autoqefale e Shqip\u00ebris\u00eb"},"image":{"@id":"https:\/\/orthodoxalbania.org\/2020\/#\/schema\/logo\/image\/"},"sameAs":["https:\/\/www.facebook.com\/koash1991"]},{"@type":"Person","@id":"https:\/\/orthodoxalbania.org\/2020\/#\/schema\/person\/0c387634a7063ac612d7ed9ce71c7e86","name":"Kisha Orthodhokse","image":{"@type":"ImageObject","inLanguage":"en-US","@id":"https:\/\/secure.gravatar.com\/avatar\/596e7c417251e30f2fbb9c00e026fce61a695a00e51c889caded71c96cbbdde5?s=96&d=mm&r=g","url":"https:\/\/secure.gravatar.com\/avatar\/596e7c417251e30f2fbb9c00e026fce61a695a00e51c889caded71c96cbbdde5?s=96&d=mm&r=g","contentUrl":"https:\/\/secure.gravatar.com\/avatar\/596e7c417251e30f2fbb9c00e026fce61a695a00e51c889caded71c96cbbdde5?s=96&d=mm&r=g","caption":"Kisha Orthodhokse"}}]}},"_links":{"self":[{"href":"https:\/\/orthodoxalbania.org\/2020\/wp-json\/wp\/v2\/posts\/257","targetHints":{"allow":["GET"]}}],"collection":[{"href":"https:\/\/orthodoxalbania.org\/2020\/wp-json\/wp\/v2\/posts"}],"about":[{"href":"https:\/\/orthodoxalbania.org\/2020\/wp-json\/wp\/v2\/types\/post"}],"author":[{"embeddable":true,"href":"https:\/\/orthodoxalbania.org\/2020\/wp-json\/wp\/v2\/users\/1"}],"replies":[{"embeddable":true,"href":"https:\/\/orthodoxalbania.org\/2020\/wp-json\/wp\/v2\/comments?post=257"}],"version-history":[{"count":1,"href":"https:\/\/orthodoxalbania.org\/2020\/wp-json\/wp\/v2\/posts\/257\/revisions"}],"predecessor-version":[{"id":15627,"href":"https:\/\/orthodoxalbania.org\/2020\/wp-json\/wp\/v2\/posts\/257\/revisions\/15627"}],"wp:attachment":[{"href":"https:\/\/orthodoxalbania.org\/2020\/wp-json\/wp\/v2\/media?parent=257"}],"wp:term":[{"taxonomy":"category","embeddable":true,"href":"https:\/\/orthodoxalbania.org\/2020\/wp-json\/wp\/v2\/categories?post=257"},{"taxonomy":"post_tag","embeddable":true,"href":"https:\/\/orthodoxalbania.org\/2020\/wp-json\/wp\/v2\/tags?post=257"}],"curies":[{"name":"wp","href":"https:\/\/api.w.org\/{rel}","templated":true}]}}