{"id":256,"date":"2013-03-20T12:45:49","date_gmt":"2013-03-20T12:45:49","guid":{"rendered":""},"modified":"2020-04-06T22:32:26","modified_gmt":"2020-04-06T20:32:26","slug":"akademia-teologjike-jep-diplomat-per-studentet-e-vitit-te-katert-qershor-2010diplomohen-punetoret-e-vreshtit-te-zotit","status":"publish","type":"post","link":"https:\/\/orthodoxalbania.org\/2020\/2013\/03\/20\/akademia-teologjike-jep-diplomat-per-studentet-e-vitit-te-katert-qershor-2010diplomohen-punetoret-e-vreshtit-te-zotit\/","title":{"rendered":"Akademia Teologjike jep diplomat p\u00ebr student\u00ebt e vitit t\u00eb kat\u00ebrt &#8211; qershor 2010."},"content":{"rendered":"<table border=\"0\">\n<tbody>\n<tr>\n<td>\n<div class=\"style7\">\n<div class=\"style8\" style=\"text-align: justify;\"><span style=\"font-family: helvetica;\"><span style=\"font-size: 12px;\"><span style=\"color: #000000;\"><img decoding=\"async\" class=\"lazyload HAa Eha\" style=\"height: 268px; width: 357px; border-width: 1px; border-style: solid; margin: 10px; float: left;\" alt=\"\" src=\"data:image\/gif;base64,R0lGODlhAQABAAAAACH5BAEKAAEALAAAAAABAAEAAAICTAEAOw==\" data-orig-src=\"https:\/\/lh4.googleusercontent.com\/-8a8bHC8za7c\/U_7T75nZo_I\/AAAAAAAABfc\/nF22ZhV5tpM\/w448-h336-no\/1.JPG\" \/><span style=\"font-size: 12pt;\">&nbsp; <span class=\"style7\">\u201c<em>Kam optimiz\u00ebm p\u00ebr t\u00eb ardhmen, duke pasur gjithmon\u00eb bekimin e Kish\u00ebs<\/em>\u201d. Me k\u00ebt\u00eb besim dhe shpres\u00eb p\u00ebr t\u2019i sh\u00ebrbyer n\u00eb vazhdim Per\u00ebndis\u00eb dhe Kish\u00ebs, Emiljan Lito, pohoi jo vet\u00ebm emocione, nd\u00ebrsa mori diplom\u00ebn e studentit m\u00eb t\u00eb mir\u00eb t\u00eb vitit t\u00eb kat\u00ebrt n\u00eb Akademin\u00eb Teologjike. Ai, sikurse edhe 9 bashk\u00ebstudent\u00ebt e tjer\u00eb, u nderuan n\u00eb 14 qershor 2010 nga stafi pedagogjik i k\u00ebsaj Akademie, me ceremonin\u00eb e dh\u00ebnies s\u00eb diplomave, sa tradicionale aq edhe t\u00eb ve\u00e7ant\u00eb.<\/span><\/span><\/span><\/span><\/span><\/div>\n<div class=\"style8\" style=\"text-align: justify;\"><span style=\"font-family: helvetica; font-size: 12pt;\"><span style=\"color: #000000;\"><span class=\"style7\"><br \/> &nbsp; \u201c<em>Sot p\u00ebr ju \u00ebsht\u00eb nj\u00eb dit\u00eb e ve\u00e7ant\u00eb. Kryerja e studimeve n\u00eb Akademin\u00eb Teologjike \u00ebsht\u00eb momenti m\u00eb i r\u00ebnd\u00ebsish\u00ebm p\u00ebr jet\u00ebn tuaj. Ju m\u00ebsuat q\u00ebllimin e jet\u00ebs suaj dhe rrug\u00ebn si arrihet ky q\u00ebllim<\/em>\u201d \u2013 p\u00ebrsh\u00ebndeti gjat\u00eb fjal\u00ebs s\u00eb tij, ndihm\u00ebsdekani i Akademis\u00eb, Hir\u00ebsi Nikolla.<\/span><\/span><\/span><\/div>\n<div class=\"style8\" style=\"text-align: justify;\"><span style=\"font-family: helvetica; font-size: 12pt;\"> <span style=\"color: #000000;\"><span class=\"style7\">&nbsp;&nbsp;&nbsp;&nbsp; Sh\u00ebrbesa e Kish\u00ebs \u00ebsht\u00eb t\u00eb p\u00ebrhap\u00eb Ungjillin dhe nuk ka gj\u00eb m\u00eb madh\u00ebshtore t\u00eb nxjerr\u00ebsh nj\u00eb shpirt nga err\u00ebsira n\u00eb drit\u00eb. Per\u00ebndia u kan\u00eb dh\u00ebn\u00eb k\u00ebtyre student\u00ebve misionin, i cili k\u00ebrkon sakrific\u00eb t\u00eb madhe.<\/span><\/span><\/span><\/div>\n<div class=\"style8\" style=\"text-align: justify;\"><span style=\"font-family: helvetica; font-size: 12pt;\"> <span style=\"color: #000000;\"><span class=\"style7\">&nbsp;&nbsp;&nbsp;&nbsp; \u201c<em>Akademia ju ka dh\u00ebn\u00eb nj\u00eb mund\u00ebsi, t\u00eb krijoni lidhje me Zotin dhe t\u00eb g\u00ebzoni di\u00e7ka nga ngaz\u00ebllimi i Hirit Hyjnor. Per\u00ebndia e derdh hirin e Tij pa fund dhe jam i sigurt se di\u00e7ka keni marr\u00eb. Un\u00eb kam d\u00ebshir\u00eb q\u00eb ju t\u00eb b\u00ebheni pun\u00ebtor\u00eb t\u00eb vreshtit t\u00eb Per\u00ebndis\u00eb. Mundi juaj nuk do t\u00eb shkoj\u00eb d\u00ebm, por do t\u00eb jap\u00eb fryte<\/em>\u201d \u2013 theksoi n\u00eb fjal\u00ebn e tij imzot Nikolla.<\/span><\/span><\/span><\/div>\n<div class=\"style8\" style=\"text-align: justify;\"><span style=\"font-family: helvetica; font-size: 12pt;\"> <span style=\"color: #000000;\"><span class=\"style7\">&nbsp;&nbsp;&nbsp;&nbsp; Pas predikimit \u201cGjithsecili ka nj\u00eb thirrje\u201d, lexuar nga nj\u00eb prej studenteve me rezultate t\u00eb shk\u00eblqyera, Nestilda Dangaj, kori i Akademis\u00eb psali k\u00ebng\u00eb dhe himne kishtare.<\/span><\/span><\/span><\/div>\n<div class=\"style8\" style=\"text-align: justify;\"><span style=\"font-family: helvetica; font-size: 12pt;\"> <span style=\"color: #000000;\"><span class=\"style7\">&nbsp;&nbsp;&nbsp;&nbsp; Mitropoliti i Kor\u00e7\u00ebs, Hir\u00ebsi Joani, i pranish\u00ebm n\u00eb k\u00ebt\u00eb ceremoni, n\u00eb fjal\u00ebn e tij p\u00ebrcolli s\u00eb pari p\u00ebrsh\u00ebndetjet e Kryepiskopit Anastas, i cili e kishte t\u00eb pamundur t\u00eb ishte i pranish\u00ebm n\u00eb k\u00ebt\u00eb ceremoni. Ai vler\u00ebsoi rolin dhe misionin e k\u00ebsaj shkolle, e cila \u00ebsht\u00eb nj\u00eb bekim p\u00ebr k\u00ebt\u00eb vend, duke shpjeguar se ka pak vende n\u00eb k\u00ebt\u00eb bot\u00eb, q\u00eb mund t\u00eb d\u00ebgjojm\u00eb Fjal\u00ebn e Per\u00ebndis\u00eb.<\/span><\/span><\/span><\/div>\n<div class=\"style8\" style=\"text-align: justify;\"><span style=\"font-family: helvetica; font-size: 12pt;\"><span style=\"color: #000000;\"><span class=\"style7\"><img decoding=\"async\" class=\"lazyload HAa Eha\" style=\"height: 268px; width: 357px; border-width: 1px; border-style: solid; margin: 10px; float: right;\" alt=\"\" src=\"data:image\/gif;base64,R0lGODlhAQABAAAAACH5BAEKAAEALAAAAAABAAEAAAICTAEAOw==\" data-orig-src=\"https:\/\/lh3.googleusercontent.com\/-T4BrmWA1mHM\/U_7T78_KatI\/AAAAAAAABfY\/64lW44cz4DI\/w448-h336-no\/2.JPG\" \/><br \/> &nbsp;&nbsp;&nbsp; \u201c<em>Bekimi q\u00eb merrni nga kjo shkoll\u00eb \u00ebsht\u00eb thesar p\u00ebr k\u00ebt\u00eb jet\u00eb dhe jet\u00ebn e ardhshme. Jini mir\u00ebnjoh\u00ebs dhe mos u p\u00ebrfshini n\u00eb kultur\u00ebn e ankes\u00ebs. Ankimi prish vizionin e Per\u00ebndis\u00eb dhe integritetin e njeriut<\/em>\u201d \u2013 n\u00ebnvizoi imzot Joani. Ai iu b\u00ebri thirrje student\u00ebve t\u00eb ken\u00eb fal\u00ebnderimin n\u00eb shpirt, sepse do t\u00eb ken\u00eb g\u00ebzim dhe i vetmi sekret p\u00ebr ta mbajtur t\u00eb gjall\u00eb drit\u00ebn e Zotit \u00ebsht\u00eb duke e p\u00ebrhapur at\u00eb. Hir\u00ebsi Joani theksoi gjithashtu se \u00ebsht\u00eb e r\u00ebnd\u00ebsishme t\u00eb ruhet edhe roli profetik i Kish\u00ebs, i cili duhet kuptuar si predikim i fjal\u00ebs s\u00eb Zotit dhe jo i fjal\u00ebs son\u00eb.<\/span><\/span><\/span><\/div>\n<div class=\"style8\" style=\"text-align: justify;\"><span style=\"font-family: helvetica; font-size: 12pt;\"> <span style=\"color: #000000;\"><span class=\"style7\">&nbsp;&nbsp; Pas fjalimeve dhe himneve pasoi edhe ndarja e diplomave si edhe g\u00ebzimi i urimeve dhe p\u00ebrg\u00ebzimeve t\u00eb ngrohta, drejtuar t\u00eb sapodiplomuarve, duke vazhduar k\u00ebto edhe n\u00eb drek\u00ebn festive.<\/span><\/span><\/span><\/div>\n<div class=\"style8\" style=\"text-align: justify;\"><span style=\"font-family: helvetica; font-size: 12pt;\"> <span style=\"color: #000000;\"><span class=\"style7\">&nbsp;&nbsp;&nbsp;&nbsp; Gjat\u00eb drek\u00ebs, Mitropoliti i Beratit, Hir\u00ebsi Ignati i ftuar p\u00ebr t\u00eb qen\u00eb i pranish\u00ebm n\u00eb ceremonin\u00eb e diplomimit, iu drejtua student\u00ebve t\u00eb sapodiplomuar duke i uruar q\u00eb t\u00eb ken\u00eb gjithmon\u00eb nj\u00eb kujtes\u00eb t\u00eb gjall\u00eb, kujtes\u00eb t\u00eb dhuratave t\u00eb Per\u00ebndis\u00eb. <\/span><\/span><\/span><\/div>\n<div class=\"style8\" style=\"text-align: justify;\"><span style=\"font-family: helvetica; font-size: 12pt;\"><\/span><\/div>\n<div class=\"style7\" style=\"text-align: justify;\"><span style=\"font-family: helvetica; font-size: 12pt;\"><span style=\"color: #000000;\"><strong>Isidor Koti<\/strong><\/span><\/span><\/div>\n<\/div>\n<\/td>\n<\/tr>\n<\/tbody>\n<\/table>\n<div><span style=\"font-family: helvetica; font-size: 12pt;\"><\/span><\/div>\n<div><span style=\"font-family: helvetica; font-size: 12pt;\"><\/span><\/div>\n<div><span style=\"font-family: helvetica; font-size: 12pt;\"><\/span><\/div>\n<div><span style=\"font-family: helvetica; font-size: 12pt;\"><\/span><\/div>\n<div><span style=\"font-family: helvetica; font-size: 12pt;\"><\/span><\/div>\n","protected":false},"excerpt":{"rendered":"<p>&nbsp; \u201cKam optimiz\u00ebm p\u00ebr t\u00eb ardhmen, duke pasur gjithmon\u00eb bekimin e Kish\u00ebs\u201d. Me k\u00ebt\u00eb besim dhe shpres\u00eb p\u00ebr t\u2019i sh\u00ebrbyer n\u00eb vazhdim Per\u00ebndis\u00eb dhe Kish\u00ebs, Emiljan Lito, pohoi jo vet\u00ebm emocione, nd\u00ebrsa mori diplom\u00ebn e studentit m\u00eb t\u00eb mir\u00eb t\u00eb vitit t\u00eb kat\u00ebrt n\u00eb Akademin\u00eb Teologjike. Ai, sikurse edhe 9 bashk\u00ebstudent\u00ebt e tjer\u00eb, u nderuan n\u00eb 14 qershor 2010 nga stafi pedagogjik i k\u00ebsaj Akademie,<\/p>\n","protected":false},"author":1,"featured_media":0,"comment_status":"open","ping_status":"open","sticky":false,"template":"","format":"standard","meta":{"_acf_changed":false,"pagelayer_contact_templates":[],"_pagelayer_content":"","inline_featured_image":false,"fifu_image_url":"","fifu_image_alt":"","footnotes":""},"categories":[108],"tags":[144,169,168,196,212],"class_list":["post-256","post","type-post","status-publish","format-standard","hentry","category-lajme","tag-144","tag-akademia-teologjike","tag-diplomime","tag-tirane","tag-lajme-d27"],"acf":[],"yoast_head":"<!-- This site is optimized with the Yoast SEO plugin v27.2 - https:\/\/yoast.com\/product\/yoast-seo-wordpress\/ -->\n<title>Akademia Teologjike jep diplomat p\u00ebr student\u00ebt e vitit t\u00eb kat\u00ebrt - qershor 2010. - Kisha Orthodh\u03bfkse Autoqefale e Shqip\u00ebris\u00eb<\/title>\n<meta name=\"robots\" content=\"index, follow, max-snippet:-1, max-image-preview:large, max-video-preview:-1\" \/>\n<link rel=\"canonical\" href=\"https:\/\/orthodoxalbania.org\/2020\/2013\/03\/20\/akademia-teologjike-jep-diplomat-per-studentet-e-vitit-te-katert-qershor-2010diplomohen-punetoret-e-vreshtit-te-zotit\/\" \/>\n<meta property=\"og:locale\" content=\"en_US\" \/>\n<meta property=\"og:type\" content=\"article\" \/>\n<meta property=\"og:title\" content=\"Akademia Teologjike jep diplomat p\u00ebr student\u00ebt e vitit t\u00eb kat\u00ebrt - qershor 2010. - Kisha Orthodh\u03bfkse Autoqefale e Shqip\u00ebris\u00eb\" \/>\n<meta property=\"og:description\" content=\"&nbsp; \u201cKam optimiz\u00ebm p\u00ebr t\u00eb ardhmen, duke pasur gjithmon\u00eb bekimin e Kish\u00ebs\u201d. Me k\u00ebt\u00eb besim dhe shpres\u00eb p\u00ebr t\u2019i sh\u00ebrbyer n\u00eb vazhdim Per\u00ebndis\u00eb dhe Kish\u00ebs, Emiljan Lito, pohoi jo vet\u00ebm emocione, nd\u00ebrsa mori diplom\u00ebn e studentit m\u00eb t\u00eb mir\u00eb t\u00eb vitit t\u00eb kat\u00ebrt n\u00eb Akademin\u00eb Teologjike. Ai, sikurse edhe 9 bashk\u00ebstudent\u00ebt e tjer\u00eb, u nderuan n\u00eb 14 qershor 2010 nga stafi pedagogjik i k\u00ebsaj Akademie,\" \/>\n<meta property=\"og:url\" content=\"https:\/\/orthodoxalbania.org\/2020\/2013\/03\/20\/akademia-teologjike-jep-diplomat-per-studentet-e-vitit-te-katert-qershor-2010diplomohen-punetoret-e-vreshtit-te-zotit\/\" \/>\n<meta property=\"og:site_name\" content=\"Kisha Orthodh\u03bfkse Autoqefale e Shqip\u00ebris\u00eb\" \/>\n<meta property=\"article:publisher\" content=\"https:\/\/www.facebook.com\/koash1991\" \/>\n<meta property=\"article:published_time\" content=\"2013-03-20T12:45:49+00:00\" \/>\n<meta property=\"article:modified_time\" content=\"2020-04-06T20:32:26+00:00\" \/>\n<meta property=\"og:image\" content=\"https:\/\/lh4.googleusercontent.com\/-8a8bHC8za7c\/U_7T75nZo_I\/AAAAAAAABfc\/nF22ZhV5tpM\/w448-h336-no\/1.JPG\" \/>\n<meta name=\"author\" content=\"Kisha Orthodhokse\" \/>\n<meta name=\"twitter:card\" content=\"summary_large_image\" \/>\n<meta name=\"twitter:label1\" content=\"Written by\" \/>\n\t<meta name=\"twitter:data1\" content=\"Kisha Orthodhokse\" \/>\n\t<meta name=\"twitter:label2\" content=\"Est. reading time\" \/>\n\t<meta name=\"twitter:data2\" content=\"3 minutes\" \/>\n<script type=\"application\/ld+json\" class=\"yoast-schema-graph\">{\"@context\":\"https:\/\/schema.org\",\"@graph\":[{\"@type\":\"Article\",\"@id\":\"https:\/\/orthodoxalbania.org\/2020\/2013\/03\/20\/akademia-teologjike-jep-diplomat-per-studentet-e-vitit-te-katert-qershor-2010diplomohen-punetoret-e-vreshtit-te-zotit\/#article\",\"isPartOf\":{\"@id\":\"https:\/\/orthodoxalbania.org\/2020\/2013\/03\/20\/akademia-teologjike-jep-diplomat-per-studentet-e-vitit-te-katert-qershor-2010diplomohen-punetoret-e-vreshtit-te-zotit\/\"},\"author\":{\"name\":\"Kisha Orthodhokse\",\"@id\":\"https:\/\/orthodoxalbania.org\/2020\/#\/schema\/person\/0c387634a7063ac612d7ed9ce71c7e86\"},\"headline\":\"Akademia Teologjike jep diplomat p\u00ebr student\u00ebt e vitit t\u00eb kat\u00ebrt &#8211; qershor 2010.\",\"datePublished\":\"2013-03-20T12:45:49+00:00\",\"dateModified\":\"2020-04-06T20:32:26+00:00\",\"mainEntityOfPage\":{\"@id\":\"https:\/\/orthodoxalbania.org\/2020\/2013\/03\/20\/akademia-teologjike-jep-diplomat-per-studentet-e-vitit-te-katert-qershor-2010diplomohen-punetoret-e-vreshtit-te-zotit\/\"},\"wordCount\":632,\"commentCount\":0,\"publisher\":{\"@id\":\"https:\/\/orthodoxalbania.org\/2020\/#organization\"},\"image\":{\"@id\":\"https:\/\/orthodoxalbania.org\/2020\/2013\/03\/20\/akademia-teologjike-jep-diplomat-per-studentet-e-vitit-te-katert-qershor-2010diplomohen-punetoret-e-vreshtit-te-zotit\/#primaryimage\"},\"thumbnailUrl\":\"https:\/\/lh4.googleusercontent.com\/-8a8bHC8za7c\/U_7T75nZo_I\/AAAAAAAABfc\/nF22ZhV5tpM\/w448-h336-no\/1.JPG\",\"keywords\":[\"2010\",\"Akademia Teologjike\",\"Diplomime\",\"Kryepiskopata Tiran\u00eb\",\"lajme\"],\"articleSection\":[\"Lajme\"],\"inLanguage\":\"en-US\"},{\"@type\":\"WebPage\",\"@id\":\"https:\/\/orthodoxalbania.org\/2020\/2013\/03\/20\/akademia-teologjike-jep-diplomat-per-studentet-e-vitit-te-katert-qershor-2010diplomohen-punetoret-e-vreshtit-te-zotit\/\",\"url\":\"https:\/\/orthodoxalbania.org\/2020\/2013\/03\/20\/akademia-teologjike-jep-diplomat-per-studentet-e-vitit-te-katert-qershor-2010diplomohen-punetoret-e-vreshtit-te-zotit\/\",\"name\":\"Akademia Teologjike jep diplomat p\u00ebr student\u00ebt e vitit t\u00eb kat\u00ebrt - qershor 2010. - Kisha Orthodh\u03bfkse Autoqefale e Shqip\u00ebris\u00eb\",\"isPartOf\":{\"@id\":\"https:\/\/orthodoxalbania.org\/2020\/#website\"},\"primaryImageOfPage\":{\"@id\":\"https:\/\/orthodoxalbania.org\/2020\/2013\/03\/20\/akademia-teologjike-jep-diplomat-per-studentet-e-vitit-te-katert-qershor-2010diplomohen-punetoret-e-vreshtit-te-zotit\/#primaryimage\"},\"image\":{\"@id\":\"https:\/\/orthodoxalbania.org\/2020\/2013\/03\/20\/akademia-teologjike-jep-diplomat-per-studentet-e-vitit-te-katert-qershor-2010diplomohen-punetoret-e-vreshtit-te-zotit\/#primaryimage\"},\"thumbnailUrl\":\"https:\/\/lh4.googleusercontent.com\/-8a8bHC8za7c\/U_7T75nZo_I\/AAAAAAAABfc\/nF22ZhV5tpM\/w448-h336-no\/1.JPG\",\"datePublished\":\"2013-03-20T12:45:49+00:00\",\"dateModified\":\"2020-04-06T20:32:26+00:00\",\"breadcrumb\":{\"@id\":\"https:\/\/orthodoxalbania.org\/2020\/2013\/03\/20\/akademia-teologjike-jep-diplomat-per-studentet-e-vitit-te-katert-qershor-2010diplomohen-punetoret-e-vreshtit-te-zotit\/#breadcrumb\"},\"inLanguage\":\"en-US\",\"potentialAction\":[{\"@type\":\"ReadAction\",\"target\":[\"https:\/\/orthodoxalbania.org\/2020\/2013\/03\/20\/akademia-teologjike-jep-diplomat-per-studentet-e-vitit-te-katert-qershor-2010diplomohen-punetoret-e-vreshtit-te-zotit\/\"]}]},{\"@type\":\"ImageObject\",\"inLanguage\":\"en-US\",\"@id\":\"https:\/\/orthodoxalbania.org\/2020\/2013\/03\/20\/akademia-teologjike-jep-diplomat-per-studentet-e-vitit-te-katert-qershor-2010diplomohen-punetoret-e-vreshtit-te-zotit\/#primaryimage\",\"url\":\"https:\/\/lh4.googleusercontent.com\/-8a8bHC8za7c\/U_7T75nZo_I\/AAAAAAAABfc\/nF22ZhV5tpM\/w448-h336-no\/1.JPG\",\"contentUrl\":\"https:\/\/lh4.googleusercontent.com\/-8a8bHC8za7c\/U_7T75nZo_I\/AAAAAAAABfc\/nF22ZhV5tpM\/w448-h336-no\/1.JPG\"},{\"@type\":\"BreadcrumbList\",\"@id\":\"https:\/\/orthodoxalbania.org\/2020\/2013\/03\/20\/akademia-teologjike-jep-diplomat-per-studentet-e-vitit-te-katert-qershor-2010diplomohen-punetoret-e-vreshtit-te-zotit\/#breadcrumb\",\"itemListElement\":[{\"@type\":\"ListItem\",\"position\":1,\"name\":\"Home\",\"item\":\"https:\/\/orthodoxalbania.org\/2020\/\"},{\"@type\":\"ListItem\",\"position\":2,\"name\":\"Akademia Teologjike jep diplomat p\u00ebr student\u00ebt e vitit t\u00eb kat\u00ebrt &#8211; qershor 2010.\"}]},{\"@type\":\"WebSite\",\"@id\":\"https:\/\/orthodoxalbania.org\/2020\/#website\",\"url\":\"https:\/\/orthodoxalbania.org\/2020\/\",\"name\":\"Kisha Orthodh\u03bfkse Autoqefale e Shqip\u00ebris\u00eb\",\"description\":\"Fqja Zyrtare e Kish\u00ebs Orthodhokse Autoqefale e Shqip\u00ebris\u00eb me lajmet edhe informacionet zyrtare p\u00ebr struktur\u00ebn edhe veprimtarin e saj.\",\"publisher\":{\"@id\":\"https:\/\/orthodoxalbania.org\/2020\/#organization\"},\"potentialAction\":[{\"@type\":\"SearchAction\",\"target\":{\"@type\":\"EntryPoint\",\"urlTemplate\":\"https:\/\/orthodoxalbania.org\/2020\/?s={search_term_string}\"},\"query-input\":{\"@type\":\"PropertyValueSpecification\",\"valueRequired\":true,\"valueName\":\"search_term_string\"}}],\"inLanguage\":\"en-US\"},{\"@type\":\"Organization\",\"@id\":\"https:\/\/orthodoxalbania.org\/2020\/#organization\",\"name\":\"Kisha Orthodhokse Autoqefale e Shqip\u00ebris\u00eb\",\"url\":\"https:\/\/orthodoxalbania.org\/2020\/\",\"logo\":{\"@type\":\"ImageObject\",\"inLanguage\":\"en-US\",\"@id\":\"https:\/\/orthodoxalbania.org\/2020\/#\/schema\/logo\/image\/\",\"url\":\"https:\/\/orthodoxalbania.org\/2020\/wp-content\/uploads\/2020\/05\/albania.jpeg\",\"contentUrl\":\"https:\/\/orthodoxalbania.org\/2020\/wp-content\/uploads\/2020\/05\/albania.jpeg\",\"width\":540,\"height\":540,\"caption\":\"Kisha Orthodhokse Autoqefale e Shqip\u00ebris\u00eb\"},\"image\":{\"@id\":\"https:\/\/orthodoxalbania.org\/2020\/#\/schema\/logo\/image\/\"},\"sameAs\":[\"https:\/\/www.facebook.com\/koash1991\"]},{\"@type\":\"Person\",\"@id\":\"https:\/\/orthodoxalbania.org\/2020\/#\/schema\/person\/0c387634a7063ac612d7ed9ce71c7e86\",\"name\":\"Kisha Orthodhokse\",\"image\":{\"@type\":\"ImageObject\",\"inLanguage\":\"en-US\",\"@id\":\"https:\/\/secure.gravatar.com\/avatar\/596e7c417251e30f2fbb9c00e026fce61a695a00e51c889caded71c96cbbdde5?s=96&d=mm&r=g\",\"url\":\"https:\/\/secure.gravatar.com\/avatar\/596e7c417251e30f2fbb9c00e026fce61a695a00e51c889caded71c96cbbdde5?s=96&d=mm&r=g\",\"contentUrl\":\"https:\/\/secure.gravatar.com\/avatar\/596e7c417251e30f2fbb9c00e026fce61a695a00e51c889caded71c96cbbdde5?s=96&d=mm&r=g\",\"caption\":\"Kisha Orthodhokse\"}}]}<\/script>\n<!-- \/ Yoast SEO plugin. -->","yoast_head_json":{"title":"Akademia Teologjike jep diplomat p\u00ebr student\u00ebt e vitit t\u00eb kat\u00ebrt - qershor 2010. - Kisha Orthodh\u03bfkse Autoqefale e Shqip\u00ebris\u00eb","robots":{"index":"index","follow":"follow","max-snippet":"max-snippet:-1","max-image-preview":"max-image-preview:large","max-video-preview":"max-video-preview:-1"},"canonical":"https:\/\/orthodoxalbania.org\/2020\/2013\/03\/20\/akademia-teologjike-jep-diplomat-per-studentet-e-vitit-te-katert-qershor-2010diplomohen-punetoret-e-vreshtit-te-zotit\/","og_locale":"en_US","og_type":"article","og_title":"Akademia Teologjike jep diplomat p\u00ebr student\u00ebt e vitit t\u00eb kat\u00ebrt - qershor 2010. - Kisha Orthodh\u03bfkse Autoqefale e Shqip\u00ebris\u00eb","og_description":"&nbsp; \u201cKam optimiz\u00ebm p\u00ebr t\u00eb ardhmen, duke pasur gjithmon\u00eb bekimin e Kish\u00ebs\u201d. Me k\u00ebt\u00eb besim dhe shpres\u00eb p\u00ebr t\u2019i sh\u00ebrbyer n\u00eb vazhdim Per\u00ebndis\u00eb dhe Kish\u00ebs, Emiljan Lito, pohoi jo vet\u00ebm emocione, nd\u00ebrsa mori diplom\u00ebn e studentit m\u00eb t\u00eb mir\u00eb t\u00eb vitit t\u00eb kat\u00ebrt n\u00eb Akademin\u00eb Teologjike. Ai, sikurse edhe 9 bashk\u00ebstudent\u00ebt e tjer\u00eb, u nderuan n\u00eb 14 qershor 2010 nga stafi pedagogjik i k\u00ebsaj Akademie,","og_url":"https:\/\/orthodoxalbania.org\/2020\/2013\/03\/20\/akademia-teologjike-jep-diplomat-per-studentet-e-vitit-te-katert-qershor-2010diplomohen-punetoret-e-vreshtit-te-zotit\/","og_site_name":"Kisha Orthodh\u03bfkse Autoqefale e Shqip\u00ebris\u00eb","article_publisher":"https:\/\/www.facebook.com\/koash1991","article_published_time":"2013-03-20T12:45:49+00:00","article_modified_time":"2020-04-06T20:32:26+00:00","og_image":[{"url":"https:\/\/lh4.googleusercontent.com\/-8a8bHC8za7c\/U_7T75nZo_I\/AAAAAAAABfc\/nF22ZhV5tpM\/w448-h336-no\/1.JPG","type":"","width":"","height":""}],"author":"Kisha Orthodhokse","twitter_card":"summary_large_image","twitter_misc":{"Written by":"Kisha Orthodhokse","Est. reading time":"3 minutes"},"schema":{"@context":"https:\/\/schema.org","@graph":[{"@type":"Article","@id":"https:\/\/orthodoxalbania.org\/2020\/2013\/03\/20\/akademia-teologjike-jep-diplomat-per-studentet-e-vitit-te-katert-qershor-2010diplomohen-punetoret-e-vreshtit-te-zotit\/#article","isPartOf":{"@id":"https:\/\/orthodoxalbania.org\/2020\/2013\/03\/20\/akademia-teologjike-jep-diplomat-per-studentet-e-vitit-te-katert-qershor-2010diplomohen-punetoret-e-vreshtit-te-zotit\/"},"author":{"name":"Kisha Orthodhokse","@id":"https:\/\/orthodoxalbania.org\/2020\/#\/schema\/person\/0c387634a7063ac612d7ed9ce71c7e86"},"headline":"Akademia Teologjike jep diplomat p\u00ebr student\u00ebt e vitit t\u00eb kat\u00ebrt &#8211; qershor 2010.","datePublished":"2013-03-20T12:45:49+00:00","dateModified":"2020-04-06T20:32:26+00:00","mainEntityOfPage":{"@id":"https:\/\/orthodoxalbania.org\/2020\/2013\/03\/20\/akademia-teologjike-jep-diplomat-per-studentet-e-vitit-te-katert-qershor-2010diplomohen-punetoret-e-vreshtit-te-zotit\/"},"wordCount":632,"commentCount":0,"publisher":{"@id":"https:\/\/orthodoxalbania.org\/2020\/#organization"},"image":{"@id":"https:\/\/orthodoxalbania.org\/2020\/2013\/03\/20\/akademia-teologjike-jep-diplomat-per-studentet-e-vitit-te-katert-qershor-2010diplomohen-punetoret-e-vreshtit-te-zotit\/#primaryimage"},"thumbnailUrl":"https:\/\/lh4.googleusercontent.com\/-8a8bHC8za7c\/U_7T75nZo_I\/AAAAAAAABfc\/nF22ZhV5tpM\/w448-h336-no\/1.JPG","keywords":["2010","Akademia Teologjike","Diplomime","Kryepiskopata Tiran\u00eb","lajme"],"articleSection":["Lajme"],"inLanguage":"en-US"},{"@type":"WebPage","@id":"https:\/\/orthodoxalbania.org\/2020\/2013\/03\/20\/akademia-teologjike-jep-diplomat-per-studentet-e-vitit-te-katert-qershor-2010diplomohen-punetoret-e-vreshtit-te-zotit\/","url":"https:\/\/orthodoxalbania.org\/2020\/2013\/03\/20\/akademia-teologjike-jep-diplomat-per-studentet-e-vitit-te-katert-qershor-2010diplomohen-punetoret-e-vreshtit-te-zotit\/","name":"Akademia Teologjike jep diplomat p\u00ebr student\u00ebt e vitit t\u00eb kat\u00ebrt - qershor 2010. - Kisha Orthodh\u03bfkse Autoqefale e Shqip\u00ebris\u00eb","isPartOf":{"@id":"https:\/\/orthodoxalbania.org\/2020\/#website"},"primaryImageOfPage":{"@id":"https:\/\/orthodoxalbania.org\/2020\/2013\/03\/20\/akademia-teologjike-jep-diplomat-per-studentet-e-vitit-te-katert-qershor-2010diplomohen-punetoret-e-vreshtit-te-zotit\/#primaryimage"},"image":{"@id":"https:\/\/orthodoxalbania.org\/2020\/2013\/03\/20\/akademia-teologjike-jep-diplomat-per-studentet-e-vitit-te-katert-qershor-2010diplomohen-punetoret-e-vreshtit-te-zotit\/#primaryimage"},"thumbnailUrl":"https:\/\/lh4.googleusercontent.com\/-8a8bHC8za7c\/U_7T75nZo_I\/AAAAAAAABfc\/nF22ZhV5tpM\/w448-h336-no\/1.JPG","datePublished":"2013-03-20T12:45:49+00:00","dateModified":"2020-04-06T20:32:26+00:00","breadcrumb":{"@id":"https:\/\/orthodoxalbania.org\/2020\/2013\/03\/20\/akademia-teologjike-jep-diplomat-per-studentet-e-vitit-te-katert-qershor-2010diplomohen-punetoret-e-vreshtit-te-zotit\/#breadcrumb"},"inLanguage":"en-US","potentialAction":[{"@type":"ReadAction","target":["https:\/\/orthodoxalbania.org\/2020\/2013\/03\/20\/akademia-teologjike-jep-diplomat-per-studentet-e-vitit-te-katert-qershor-2010diplomohen-punetoret-e-vreshtit-te-zotit\/"]}]},{"@type":"ImageObject","inLanguage":"en-US","@id":"https:\/\/orthodoxalbania.org\/2020\/2013\/03\/20\/akademia-teologjike-jep-diplomat-per-studentet-e-vitit-te-katert-qershor-2010diplomohen-punetoret-e-vreshtit-te-zotit\/#primaryimage","url":"https:\/\/lh4.googleusercontent.com\/-8a8bHC8za7c\/U_7T75nZo_I\/AAAAAAAABfc\/nF22ZhV5tpM\/w448-h336-no\/1.JPG","contentUrl":"https:\/\/lh4.googleusercontent.com\/-8a8bHC8za7c\/U_7T75nZo_I\/AAAAAAAABfc\/nF22ZhV5tpM\/w448-h336-no\/1.JPG"},{"@type":"BreadcrumbList","@id":"https:\/\/orthodoxalbania.org\/2020\/2013\/03\/20\/akademia-teologjike-jep-diplomat-per-studentet-e-vitit-te-katert-qershor-2010diplomohen-punetoret-e-vreshtit-te-zotit\/#breadcrumb","itemListElement":[{"@type":"ListItem","position":1,"name":"Home","item":"https:\/\/orthodoxalbania.org\/2020\/"},{"@type":"ListItem","position":2,"name":"Akademia Teologjike jep diplomat p\u00ebr student\u00ebt e vitit t\u00eb kat\u00ebrt &#8211; qershor 2010."}]},{"@type":"WebSite","@id":"https:\/\/orthodoxalbania.org\/2020\/#website","url":"https:\/\/orthodoxalbania.org\/2020\/","name":"Kisha Orthodh\u03bfkse Autoqefale e Shqip\u00ebris\u00eb","description":"Fqja Zyrtare e Kish\u00ebs Orthodhokse Autoqefale e Shqip\u00ebris\u00eb me lajmet edhe informacionet zyrtare p\u00ebr struktur\u00ebn edhe veprimtarin e saj.","publisher":{"@id":"https:\/\/orthodoxalbania.org\/2020\/#organization"},"potentialAction":[{"@type":"SearchAction","target":{"@type":"EntryPoint","urlTemplate":"https:\/\/orthodoxalbania.org\/2020\/?s={search_term_string}"},"query-input":{"@type":"PropertyValueSpecification","valueRequired":true,"valueName":"search_term_string"}}],"inLanguage":"en-US"},{"@type":"Organization","@id":"https:\/\/orthodoxalbania.org\/2020\/#organization","name":"Kisha Orthodhokse Autoqefale e Shqip\u00ebris\u00eb","url":"https:\/\/orthodoxalbania.org\/2020\/","logo":{"@type":"ImageObject","inLanguage":"en-US","@id":"https:\/\/orthodoxalbania.org\/2020\/#\/schema\/logo\/image\/","url":"https:\/\/orthodoxalbania.org\/2020\/wp-content\/uploads\/2020\/05\/albania.jpeg","contentUrl":"https:\/\/orthodoxalbania.org\/2020\/wp-content\/uploads\/2020\/05\/albania.jpeg","width":540,"height":540,"caption":"Kisha Orthodhokse Autoqefale e Shqip\u00ebris\u00eb"},"image":{"@id":"https:\/\/orthodoxalbania.org\/2020\/#\/schema\/logo\/image\/"},"sameAs":["https:\/\/www.facebook.com\/koash1991"]},{"@type":"Person","@id":"https:\/\/orthodoxalbania.org\/2020\/#\/schema\/person\/0c387634a7063ac612d7ed9ce71c7e86","name":"Kisha Orthodhokse","image":{"@type":"ImageObject","inLanguage":"en-US","@id":"https:\/\/secure.gravatar.com\/avatar\/596e7c417251e30f2fbb9c00e026fce61a695a00e51c889caded71c96cbbdde5?s=96&d=mm&r=g","url":"https:\/\/secure.gravatar.com\/avatar\/596e7c417251e30f2fbb9c00e026fce61a695a00e51c889caded71c96cbbdde5?s=96&d=mm&r=g","contentUrl":"https:\/\/secure.gravatar.com\/avatar\/596e7c417251e30f2fbb9c00e026fce61a695a00e51c889caded71c96cbbdde5?s=96&d=mm&r=g","caption":"Kisha Orthodhokse"}}]}},"_links":{"self":[{"href":"https:\/\/orthodoxalbania.org\/2020\/wp-json\/wp\/v2\/posts\/256","targetHints":{"allow":["GET"]}}],"collection":[{"href":"https:\/\/orthodoxalbania.org\/2020\/wp-json\/wp\/v2\/posts"}],"about":[{"href":"https:\/\/orthodoxalbania.org\/2020\/wp-json\/wp\/v2\/types\/post"}],"author":[{"embeddable":true,"href":"https:\/\/orthodoxalbania.org\/2020\/wp-json\/wp\/v2\/users\/1"}],"replies":[{"embeddable":true,"href":"https:\/\/orthodoxalbania.org\/2020\/wp-json\/wp\/v2\/comments?post=256"}],"version-history":[{"count":1,"href":"https:\/\/orthodoxalbania.org\/2020\/wp-json\/wp\/v2\/posts\/256\/revisions"}],"predecessor-version":[{"id":15502,"href":"https:\/\/orthodoxalbania.org\/2020\/wp-json\/wp\/v2\/posts\/256\/revisions\/15502"}],"wp:attachment":[{"href":"https:\/\/orthodoxalbania.org\/2020\/wp-json\/wp\/v2\/media?parent=256"}],"wp:term":[{"taxonomy":"category","embeddable":true,"href":"https:\/\/orthodoxalbania.org\/2020\/wp-json\/wp\/v2\/categories?post=256"},{"taxonomy":"post_tag","embeddable":true,"href":"https:\/\/orthodoxalbania.org\/2020\/wp-json\/wp\/v2\/tags?post=256"}],"curies":[{"name":"wp","href":"https:\/\/api.w.org\/{rel}","templated":true}]}}