{"id":251,"date":"2015-01-30T12:40:40","date_gmt":"2015-01-30T12:40:40","guid":{"rendered":""},"modified":"2020-04-13T00:28:05","modified_gmt":"2020-04-12T22:28:05","slug":"activity-of-the-fellowship-of-orthodox-intellectuals","status":"publish","type":"post","link":"https:\/\/orthodoxalbania.org\/2020\/en\/2015\/01\/30\/activity-of-the-fellowship-of-orthodox-intellectuals\/","title":{"rendered":"Activity of the Fellowship of Orthodox Intellectuals"},"content":{"rendered":"<p style=\"text-align: center;\"><span style=\"font-size: 12pt; font-family: helvetica;\"><\/span><\/p>\n<p> <\/p>\n<p style=\"text-align: center;\"><span style=\"font-size: 12pt; font-family: helvetica;\"><\/span><span style=\"color: #b22222; font-size: 12pt; font-family: helvetica;\"><strong>Three Hierarchs \u2013 the Great Ecumenical Teachers of our Church<\/strong><\/span><\/p>\n<p style=\"text-align: justify;\"><span style=\"font-size: 12pt; font-family: helvetica;\"><\/span><\/p>\n<p style=\"text-align: justify;\">&nbsp;<\/p>\n<p style=\"text-align: justify;\">&nbsp;<span style=\"color: #000000; font-size: 12pt; font-family: helvetica;\">&nbsp;&nbsp;&nbsp; On Thursday afternoon, January 29th, the Cultural Center in the Complex of the &#8220;Resurrection of Christ&#8221; Cathedral in Tirana exhibited a special liveliness. Hundreds of the capital\u2019s Orthodox intellectuals gathered in an activity of Fellowship, that aims at a deeper recognition of the Orthodox Faith. This time, the meeting was dedicated to the Three Great Hierarchs, the excellent Orthodox teachers, St. John Chrysostom, St. Basil the Great and St. Gregory the Theologian, whom are celebrated together on the 30th of January. This feast is always filled with activities that have been inspired by their extraordinary acts.<\/span><span style=\"font-size: 12pt; font-family: helvetica;\"><\/span><\/p>\n<p style=\"text-align: justify;\"><span style=\"color: #000000; font-size: 12pt; font-family: helvetica;\">&nbsp;&nbsp;&nbsp; The meeting was opened by the President of the Executive Council of the Fellowship of Orthodox Intellectuals, Prof. Dr. Robert Andoni, who invited the Archbishop of Tirana, Durr\u00ebs and All Albania, Prof. Dr. Anastasios to offer the lecture of this initial activity, entitled: &#8220;In Line with the Fathers \u2013 The Dynamic Understanding of the Tradition of Three Hierarchs&#8221;. He emphasized, among other things, that:<\/span><\/p>\n<p style=\"text-align: justify;\"><span style=\"color: #000000; font-size: 12pt; font-family: helvetica;\"><\/span><span style=\"font-size: 12pt; font-family: helvetica;\"><\/span><span style=\"color: #000000; font-size: 12pt; font-family: helvetica;\">&nbsp;&nbsp;&nbsp; &#8220;The social and spiritual revolution that will save the world&#8221; &#8211; said one of the opponents of the Gospel &#8211; &#8220;will happen when Christians decide to truly live their Christianity&#8221; (Cl\u00e9menceau). \u201cDespite his sarcasm, his words are laden with truth. However, it is not sufficient to \u2018choose\u2019 to lead a life in Christ. The domains of spiritual life are difficult, requiring guidance and struggle<strong>;<\/strong> this is especially true in our times when confusion, like a thick fog, weighs heavily on our hearts and minds. In this vital journey, \u2018the three greatest luminaries of the Three-Sun Divinity\u2019, whom the Orthodox East has always regarded as \u2018divinely-speakingpreachers and the summit of all teachers,\u2019 prove ideal guides in our quest for God, our fellow man, and ourselves.\u201d<\/span><span style=\"font-size: 12pt; font-family: helvetica;\"><\/span><\/p>\n<p style=\"text-align: justify;\"><span style=\"color: #000000; font-size: 12pt; font-family: helvetica;\">&nbsp;&nbsp;&nbsp; \u201cThe reason why the Orthodox Church presents these three Hierarchs as \u2018ecumenical teachers\u2019 is because they embodied much more than the mere image of a sage, ascetic or social worker. Rather, they achieved and bestowed on us the modelof the \u2018fulfilled,\u2019 \u2018new human being,\u2019 who lives truly \u2018in Christ\u2019 and realizes \u2018the gift of the Holy Spirit\u2019.<\/span><span style=\"font-size: 12pt; font-family: helvetica;\"><\/span><\/p>\n<p style=\"text-align: justify;\"><span style=\"color: #000000; font-size: 12pt; font-family: helvetica;\">&nbsp;&nbsp;&nbsp; The most essential approach to their spirit and heart can prove salvific for us who mostly live as Christians intermittently, unilaterally underlining one or another aspect of the Gospel. \u2026Only when we are re-baptized in the spirit of the great Fathers of our Church, when we attune our thoughts, hearts, and will <em>to theirs<\/em>, shall we live our Christianity in its fullness and enjoy its eternally pure beauty. \u2026This does not imply retreat but progress. \u2018It is about faithfulness to the spirit, not replication of the letter.\u2019 It is about true continuity of life, thought and inspiration. The correct motto is not \u2018back to the Fathers\u2019 but \u2018forward, aligned with the Fathers!\u2019 To advance in this troubled world with spiritual focus, with the purity of principles, with knowledge and love for all people, with the decisiveness and courage of the \u2018children of God\u2019. So that we may perceive our era, and our era may in turn perceive us, as a force of health and hope.\u201d<\/span><span style=\"font-size: 12pt; font-family: helvetica;\"><\/span><\/p>\n<p style=\"text-align: justify;\"><span style=\"color: #000000; font-size: 12pt; font-family: helvetica;\">&nbsp;&nbsp;&nbsp; Archbishop Anastasios\u2019 lecture will be published in its entirety in the next issue of the magazine &#8220;K\u00ebrkim&#8221;.<\/span><\/p>\n<p style=\"text-align: justify;\"><span style=\"font-size: 12pt; font-family: helvetica;\"><\/span><span style=\"color: #000000; font-size: 12pt; font-family: helvetica;\">&nbsp;&nbsp; At the beginning and at the end of the activity, the Byzantine choir &#8220;John Kukuzelis&#8221; chanted hymns for the Three Hierarchs.<\/span><span style=\"font-size: 12pt; font-family: helvetica;\"><\/span><\/p>\n<p style=\"text-align: justify;\"><span style=\"color: #000000; font-size: 12pt; font-family: helvetica;\">&nbsp;&nbsp;&nbsp; The activities was closed by the Fellowship Secretary, Prof. Dr. Pirro Prifti, who informed the participants that such activities will be held the last Thursday of each month, with diverse topics and discussions.<\/span><\/p>\n<p style=\"text-align: justify;\">&nbsp;<\/p>\n<p style=\"text-align: justify;\"><span style=\"font-size: 12pt; font-family: helvetica;\"><\/span><\/p>\n<div style=\"text-align: center;\">\n<div style=\"text-align: justify;\">&nbsp;<\/div>\n<div><img decoding=\"async\" class=\"lazyload HAa Eha\" style=\"margin: 10px auto; display: block; border: 1px solid;\" alt=\"\" src=\"data:image\/gif;base64,R0lGODlhAQABAAAAACH5BAEKAAEALAAAAAABAAEAAAICTAEAOw==\" data-orig-src=\"https:\/\/lh5.googleusercontent.com\/-GILsYPdZB5A\/VMx-sMQ1XEI\/AAAAAAAALJc\/ifguDz1zqfU\/w958-h639-no\/Intellectual_January-5.jpg\" \/><\/div>\n<div style=\"text-align: center;\"><img decoding=\"async\" class=\"lazyload HAa Eha\" style=\"margin: 10px auto; display: block; border: 1px solid;\" alt=\"\" src=\"data:image\/gif;base64,R0lGODlhAQABAAAAACH5BAEKAAEALAAAAAABAAEAAAICTAEAOw==\" data-orig-src=\"https:\/\/lh5.googleusercontent.com\/-moqSft73uOg\/VMx-rqrR2VI\/AAAAAAAALJY\/xZVr60colgU\/w539-h823-no\/Intellectual_January-4.jpg\" \/><\/div>\n<div style=\"text-align: center;\"><img decoding=\"async\" class=\"lazyload HAa Eha\" style=\"margin: 10px auto; display: block; border: 1px solid;\" alt=\"\" src=\"data:image\/gif;base64,R0lGODlhAQABAAAAACH5BAEKAAEALAAAAAABAAEAAAICTAEAOw==\" data-orig-src=\"https:\/\/lh4.googleusercontent.com\/-KsL_Cfp5ihQ\/VMt54KM5yQI\/AAAAAAAALIY\/qlVu0xYKORM\/w958-h639-no\/DSC_0008.JPG\" \/><\/div>\n<div style=\"text-align: center;\"><img decoding=\"async\" class=\"lazyload HAa Eha\" style=\"margin: 10px auto; display: block; border: 1px solid;\" alt=\"\" src=\"data:image\/gif;base64,R0lGODlhAQABAAAAACH5BAEKAAEALAAAAAABAAEAAAICTAEAOw==\" data-orig-src=\"https:\/\/lh5.googleusercontent.com\/-xkOXZHbJ-x8\/VMt55jQwMuI\/AAAAAAAALIg\/fBaRasejcoo\/w958-h639-no\/DSC_0048.JPG\" \/><\/div>\n<div style=\"text-align: center;\"><img decoding=\"async\" class=\"lazyload HAa Eha\" style=\"margin: 10px auto; display: block; border: 1px solid;\" alt=\"\" src=\"data:image\/gif;base64,R0lGODlhAQABAAAAACH5BAEKAAEALAAAAAABAAEAAAICTAEAOw==\" data-orig-src=\"https:\/\/lh6.googleusercontent.com\/-gHujD2cuwjY\/VMx-tZ-Gf0I\/AAAAAAAALJk\/rdLO0-E65ds\/w958-h663-no\/Intellectual_January-6.jpg\" \/><\/div>\n<\/div>\n<div style=\"text-align: justify;\">&nbsp;<\/div>\n","protected":false},"excerpt":{"rendered":"<p>Three Hierarchs \u2013 the Great Ecumenical Teachers of our Church &nbsp; &nbsp;&nbsp;&nbsp;&nbsp; On Thursday afternoon, January 29th, the Cultural Center in the Complex of the &#8220;Resurrection of Christ&#8221; Cathedral in Tirana exhibited a special liveliness. Hundreds of the capital\u2019s Orthodox intellectuals gathered in an activity of Fellowship, that aims at a deeper recognition of the Orthodox Faith. This time, the meeting was dedicated to the<\/p>\n","protected":false},"author":7,"featured_media":252,"comment_status":"open","ping_status":"open","sticky":false,"template":"","format":"standard","meta":{"_acf_changed":false,"pagelayer_contact_templates":[],"_pagelayer_content":"","inline_featured_image":false,"fifu_image_url":"","fifu_image_alt":"","footnotes":""},"categories":[1455,311],"tags":[1149,1185,1784,1856],"class_list":["post-251","post","type-post","status-publish","format-standard","has-post-thumbnail","hentry","category-news-en","category-news-d25","tag-2015-en","tag-events","tag-katedralja-ngjallja-e-krishtit-tirane-en","tag-lidhja-e-intelektualeve-orthodhokse-en"],"acf":[],"yoast_head":"<!-- This site is optimized with the Yoast SEO plugin v27.2 - https:\/\/yoast.com\/product\/yoast-seo-wordpress\/ -->\n<title>Activity of the Fellowship of Orthodox Intellectuals - Kisha Orthodh\u03bfkse Autoqefale e Shqip\u00ebris\u00eb<\/title>\n<meta name=\"robots\" content=\"index, follow, max-snippet:-1, max-image-preview:large, max-video-preview:-1\" \/>\n<link rel=\"canonical\" href=\"https:\/\/orthodoxalbania.org\/2020\/en\/2015\/01\/30\/activity-of-the-fellowship-of-orthodox-intellectuals\/\" \/>\n<meta property=\"og:locale\" content=\"en_US\" \/>\n<meta property=\"og:type\" content=\"article\" \/>\n<meta property=\"og:title\" content=\"Activity of the Fellowship of Orthodox Intellectuals - Kisha Orthodh\u03bfkse Autoqefale e Shqip\u00ebris\u00eb\" \/>\n<meta property=\"og:description\" content=\"Three Hierarchs \u2013 the Great Ecumenical Teachers of our Church &nbsp; &nbsp;&nbsp;&nbsp;&nbsp; On Thursday afternoon, January 29th, the Cultural Center in the Complex of the &#8220;Resurrection of Christ&#8221; Cathedral in Tirana exhibited a special liveliness. Hundreds of the capital\u2019s Orthodox intellectuals gathered in an activity of Fellowship, that aims at a deeper recognition of the Orthodox Faith. This time, the meeting was dedicated to the\" \/>\n<meta property=\"og:url\" content=\"https:\/\/orthodoxalbania.org\/2020\/en\/2015\/01\/30\/activity-of-the-fellowship-of-orthodox-intellectuals\/\" \/>\n<meta property=\"og:site_name\" content=\"Kisha Orthodh\u03bfkse Autoqefale e Shqip\u00ebris\u00eb\" \/>\n<meta property=\"article:publisher\" content=\"https:\/\/www.facebook.com\/koash1991\" \/>\n<meta property=\"article:published_time\" content=\"2015-01-30T12:40:40+00:00\" \/>\n<meta property=\"article:modified_time\" content=\"2020-04-12T22:28:05+00:00\" \/>\n<meta property=\"og:image\" content=\"https:\/\/orthodoxalbania.org\/2020\/wp-content\/uploads\/2020\/04\/Intellectual_January-5.jpg\" \/>\n\t<meta property=\"og:image:width\" content=\"150\" \/>\n\t<meta property=\"og:image:height\" content=\"150\" \/>\n\t<meta property=\"og:image:type\" content=\"image\/jpeg\" \/>\n<meta name=\"author\" content=\"Kisha Orthodhokse\" \/>\n<meta name=\"twitter:card\" content=\"summary_large_image\" \/>\n<meta name=\"twitter:label1\" content=\"Written by\" \/>\n\t<meta name=\"twitter:data1\" content=\"Kisha Orthodhokse\" \/>\n\t<meta name=\"twitter:label2\" content=\"Est. reading time\" \/>\n\t<meta name=\"twitter:data2\" content=\"3 minutes\" \/>\n<script type=\"application\/ld+json\" class=\"yoast-schema-graph\">{\"@context\":\"https:\/\/schema.org\",\"@graph\":[{\"@type\":\"Article\",\"@id\":\"https:\/\/orthodoxalbania.org\/2020\/en\/2015\/01\/30\/activity-of-the-fellowship-of-orthodox-intellectuals\/#article\",\"isPartOf\":{\"@id\":\"https:\/\/orthodoxalbania.org\/2020\/en\/2015\/01\/30\/activity-of-the-fellowship-of-orthodox-intellectuals\/\"},\"author\":{\"name\":\"Kisha Orthodhokse\",\"@id\":\"https:\/\/orthodoxalbania.org\/2020\/#\/schema\/person\/df745f942b70e045b3dc05a30211f0de\"},\"headline\":\"Activity of the Fellowship of Orthodox Intellectuals\",\"datePublished\":\"2015-01-30T12:40:40+00:00\",\"dateModified\":\"2020-04-12T22:28:05+00:00\",\"mainEntityOfPage\":{\"@id\":\"https:\/\/orthodoxalbania.org\/2020\/en\/2015\/01\/30\/activity-of-the-fellowship-of-orthodox-intellectuals\/\"},\"wordCount\":624,\"commentCount\":0,\"publisher\":{\"@id\":\"https:\/\/orthodoxalbania.org\/2020\/#organization\"},\"image\":{\"@id\":\"https:\/\/orthodoxalbania.org\/2020\/en\/2015\/01\/30\/activity-of-the-fellowship-of-orthodox-intellectuals\/#primaryimage\"},\"thumbnailUrl\":\"https:\/\/orthodoxalbania.org\/2020\/wp-content\/uploads\/2020\/04\/Intellectual_January-5.jpg\",\"keywords\":[\"2015\",\"Events\",\"Katedralja \u201cNgjallja e Krishtit\u201d Tiran\u00eb\",\"Lidhja e Intelektual\u00ebve Orthodhoks\u00eb\"],\"articleSection\":[\"News - \u0395\u039d\",\"News old page\"],\"inLanguage\":\"en-US\"},{\"@type\":\"WebPage\",\"@id\":\"https:\/\/orthodoxalbania.org\/2020\/en\/2015\/01\/30\/activity-of-the-fellowship-of-orthodox-intellectuals\/\",\"url\":\"https:\/\/orthodoxalbania.org\/2020\/en\/2015\/01\/30\/activity-of-the-fellowship-of-orthodox-intellectuals\/\",\"name\":\"Activity of the Fellowship of Orthodox Intellectuals - Kisha Orthodh\u03bfkse Autoqefale e Shqip\u00ebris\u00eb\",\"isPartOf\":{\"@id\":\"https:\/\/orthodoxalbania.org\/2020\/#website\"},\"primaryImageOfPage\":{\"@id\":\"https:\/\/orthodoxalbania.org\/2020\/en\/2015\/01\/30\/activity-of-the-fellowship-of-orthodox-intellectuals\/#primaryimage\"},\"image\":{\"@id\":\"https:\/\/orthodoxalbania.org\/2020\/en\/2015\/01\/30\/activity-of-the-fellowship-of-orthodox-intellectuals\/#primaryimage\"},\"thumbnailUrl\":\"https:\/\/orthodoxalbania.org\/2020\/wp-content\/uploads\/2020\/04\/Intellectual_January-5.jpg\",\"datePublished\":\"2015-01-30T12:40:40+00:00\",\"dateModified\":\"2020-04-12T22:28:05+00:00\",\"breadcrumb\":{\"@id\":\"https:\/\/orthodoxalbania.org\/2020\/en\/2015\/01\/30\/activity-of-the-fellowship-of-orthodox-intellectuals\/#breadcrumb\"},\"inLanguage\":\"en-US\",\"potentialAction\":[{\"@type\":\"ReadAction\",\"target\":[\"https:\/\/orthodoxalbania.org\/2020\/en\/2015\/01\/30\/activity-of-the-fellowship-of-orthodox-intellectuals\/\"]}]},{\"@type\":\"ImageObject\",\"inLanguage\":\"en-US\",\"@id\":\"https:\/\/orthodoxalbania.org\/2020\/en\/2015\/01\/30\/activity-of-the-fellowship-of-orthodox-intellectuals\/#primaryimage\",\"url\":\"https:\/\/orthodoxalbania.org\/2020\/wp-content\/uploads\/2020\/04\/Intellectual_January-5.jpg\",\"contentUrl\":\"https:\/\/orthodoxalbania.org\/2020\/wp-content\/uploads\/2020\/04\/Intellectual_January-5.jpg\",\"width\":150,\"height\":150},{\"@type\":\"BreadcrumbList\",\"@id\":\"https:\/\/orthodoxalbania.org\/2020\/en\/2015\/01\/30\/activity-of-the-fellowship-of-orthodox-intellectuals\/#breadcrumb\",\"itemListElement\":[{\"@type\":\"ListItem\",\"position\":1,\"name\":\"Home\",\"item\":\"https:\/\/orthodoxalbania.org\/2020\/\"},{\"@type\":\"ListItem\",\"position\":2,\"name\":\"Activity of the Fellowship of Orthodox Intellectuals\"}]},{\"@type\":\"WebSite\",\"@id\":\"https:\/\/orthodoxalbania.org\/2020\/#website\",\"url\":\"https:\/\/orthodoxalbania.org\/2020\/\",\"name\":\"Kisha Orthodh\u03bfkse Autoqefale e Shqip\u00ebris\u00eb\",\"description\":\"Fqja Zyrtare e Kish\u00ebs Orthodhokse Autoqefale e Shqip\u00ebris\u00eb me lajmet edhe informacionet zyrtare p\u00ebr struktur\u00ebn edhe veprimtarin e saj.\",\"publisher\":{\"@id\":\"https:\/\/orthodoxalbania.org\/2020\/#organization\"},\"potentialAction\":[{\"@type\":\"SearchAction\",\"target\":{\"@type\":\"EntryPoint\",\"urlTemplate\":\"https:\/\/orthodoxalbania.org\/2020\/?s={search_term_string}\"},\"query-input\":{\"@type\":\"PropertyValueSpecification\",\"valueRequired\":true,\"valueName\":\"search_term_string\"}}],\"inLanguage\":\"en-US\"},{\"@type\":\"Organization\",\"@id\":\"https:\/\/orthodoxalbania.org\/2020\/#organization\",\"name\":\"Kisha Orthodhokse Autoqefale e Shqip\u00ebris\u00eb\",\"url\":\"https:\/\/orthodoxalbania.org\/2020\/\",\"logo\":{\"@type\":\"ImageObject\",\"inLanguage\":\"en-US\",\"@id\":\"https:\/\/orthodoxalbania.org\/2020\/#\/schema\/logo\/image\/\",\"url\":\"https:\/\/orthodoxalbania.org\/2020\/wp-content\/uploads\/2020\/05\/albania.jpeg\",\"contentUrl\":\"https:\/\/orthodoxalbania.org\/2020\/wp-content\/uploads\/2020\/05\/albania.jpeg\",\"width\":540,\"height\":540,\"caption\":\"Kisha Orthodhokse Autoqefale e Shqip\u00ebris\u00eb\"},\"image\":{\"@id\":\"https:\/\/orthodoxalbania.org\/2020\/#\/schema\/logo\/image\/\"},\"sameAs\":[\"https:\/\/www.facebook.com\/koash1991\"]},{\"@type\":\"Person\",\"@id\":\"https:\/\/orthodoxalbania.org\/2020\/#\/schema\/person\/df745f942b70e045b3dc05a30211f0de\",\"name\":\"Kisha Orthodhokse\",\"image\":{\"@type\":\"ImageObject\",\"inLanguage\":\"en-US\",\"@id\":\"https:\/\/secure.gravatar.com\/avatar\/2676eb8d97178435c9f691a7871595a1da6c33542dec218bce40885573150e28?s=96&d=mm&r=g\",\"url\":\"https:\/\/secure.gravatar.com\/avatar\/2676eb8d97178435c9f691a7871595a1da6c33542dec218bce40885573150e28?s=96&d=mm&r=g\",\"contentUrl\":\"https:\/\/secure.gravatar.com\/avatar\/2676eb8d97178435c9f691a7871595a1da6c33542dec218bce40885573150e28?s=96&d=mm&r=g\",\"caption\":\"Kisha Orthodhokse\"}}]}<\/script>\n<!-- \/ Yoast SEO plugin. -->","yoast_head_json":{"title":"Activity of the Fellowship of Orthodox Intellectuals - Kisha Orthodh\u03bfkse Autoqefale e Shqip\u00ebris\u00eb","robots":{"index":"index","follow":"follow","max-snippet":"max-snippet:-1","max-image-preview":"max-image-preview:large","max-video-preview":"max-video-preview:-1"},"canonical":"https:\/\/orthodoxalbania.org\/2020\/en\/2015\/01\/30\/activity-of-the-fellowship-of-orthodox-intellectuals\/","og_locale":"en_US","og_type":"article","og_title":"Activity of the Fellowship of Orthodox Intellectuals - Kisha Orthodh\u03bfkse Autoqefale e Shqip\u00ebris\u00eb","og_description":"Three Hierarchs \u2013 the Great Ecumenical Teachers of our Church &nbsp; &nbsp;&nbsp;&nbsp;&nbsp; On Thursday afternoon, January 29th, the Cultural Center in the Complex of the &#8220;Resurrection of Christ&#8221; Cathedral in Tirana exhibited a special liveliness. Hundreds of the capital\u2019s Orthodox intellectuals gathered in an activity of Fellowship, that aims at a deeper recognition of the Orthodox Faith. This time, the meeting was dedicated to the","og_url":"https:\/\/orthodoxalbania.org\/2020\/en\/2015\/01\/30\/activity-of-the-fellowship-of-orthodox-intellectuals\/","og_site_name":"Kisha Orthodh\u03bfkse Autoqefale e Shqip\u00ebris\u00eb","article_publisher":"https:\/\/www.facebook.com\/koash1991","article_published_time":"2015-01-30T12:40:40+00:00","article_modified_time":"2020-04-12T22:28:05+00:00","og_image":[{"width":150,"height":150,"url":"https:\/\/orthodoxalbania.org\/2020\/wp-content\/uploads\/2020\/04\/Intellectual_January-5.jpg","type":"image\/jpeg"}],"author":"Kisha Orthodhokse","twitter_card":"summary_large_image","twitter_misc":{"Written by":"Kisha Orthodhokse","Est. reading time":"3 minutes"},"schema":{"@context":"https:\/\/schema.org","@graph":[{"@type":"Article","@id":"https:\/\/orthodoxalbania.org\/2020\/en\/2015\/01\/30\/activity-of-the-fellowship-of-orthodox-intellectuals\/#article","isPartOf":{"@id":"https:\/\/orthodoxalbania.org\/2020\/en\/2015\/01\/30\/activity-of-the-fellowship-of-orthodox-intellectuals\/"},"author":{"name":"Kisha Orthodhokse","@id":"https:\/\/orthodoxalbania.org\/2020\/#\/schema\/person\/df745f942b70e045b3dc05a30211f0de"},"headline":"Activity of the Fellowship of Orthodox Intellectuals","datePublished":"2015-01-30T12:40:40+00:00","dateModified":"2020-04-12T22:28:05+00:00","mainEntityOfPage":{"@id":"https:\/\/orthodoxalbania.org\/2020\/en\/2015\/01\/30\/activity-of-the-fellowship-of-orthodox-intellectuals\/"},"wordCount":624,"commentCount":0,"publisher":{"@id":"https:\/\/orthodoxalbania.org\/2020\/#organization"},"image":{"@id":"https:\/\/orthodoxalbania.org\/2020\/en\/2015\/01\/30\/activity-of-the-fellowship-of-orthodox-intellectuals\/#primaryimage"},"thumbnailUrl":"https:\/\/orthodoxalbania.org\/2020\/wp-content\/uploads\/2020\/04\/Intellectual_January-5.jpg","keywords":["2015","Events","Katedralja \u201cNgjallja e Krishtit\u201d Tiran\u00eb","Lidhja e Intelektual\u00ebve Orthodhoks\u00eb"],"articleSection":["News - \u0395\u039d","News old page"],"inLanguage":"en-US"},{"@type":"WebPage","@id":"https:\/\/orthodoxalbania.org\/2020\/en\/2015\/01\/30\/activity-of-the-fellowship-of-orthodox-intellectuals\/","url":"https:\/\/orthodoxalbania.org\/2020\/en\/2015\/01\/30\/activity-of-the-fellowship-of-orthodox-intellectuals\/","name":"Activity of the Fellowship of Orthodox Intellectuals - Kisha Orthodh\u03bfkse Autoqefale e Shqip\u00ebris\u00eb","isPartOf":{"@id":"https:\/\/orthodoxalbania.org\/2020\/#website"},"primaryImageOfPage":{"@id":"https:\/\/orthodoxalbania.org\/2020\/en\/2015\/01\/30\/activity-of-the-fellowship-of-orthodox-intellectuals\/#primaryimage"},"image":{"@id":"https:\/\/orthodoxalbania.org\/2020\/en\/2015\/01\/30\/activity-of-the-fellowship-of-orthodox-intellectuals\/#primaryimage"},"thumbnailUrl":"https:\/\/orthodoxalbania.org\/2020\/wp-content\/uploads\/2020\/04\/Intellectual_January-5.jpg","datePublished":"2015-01-30T12:40:40+00:00","dateModified":"2020-04-12T22:28:05+00:00","breadcrumb":{"@id":"https:\/\/orthodoxalbania.org\/2020\/en\/2015\/01\/30\/activity-of-the-fellowship-of-orthodox-intellectuals\/#breadcrumb"},"inLanguage":"en-US","potentialAction":[{"@type":"ReadAction","target":["https:\/\/orthodoxalbania.org\/2020\/en\/2015\/01\/30\/activity-of-the-fellowship-of-orthodox-intellectuals\/"]}]},{"@type":"ImageObject","inLanguage":"en-US","@id":"https:\/\/orthodoxalbania.org\/2020\/en\/2015\/01\/30\/activity-of-the-fellowship-of-orthodox-intellectuals\/#primaryimage","url":"https:\/\/orthodoxalbania.org\/2020\/wp-content\/uploads\/2020\/04\/Intellectual_January-5.jpg","contentUrl":"https:\/\/orthodoxalbania.org\/2020\/wp-content\/uploads\/2020\/04\/Intellectual_January-5.jpg","width":150,"height":150},{"@type":"BreadcrumbList","@id":"https:\/\/orthodoxalbania.org\/2020\/en\/2015\/01\/30\/activity-of-the-fellowship-of-orthodox-intellectuals\/#breadcrumb","itemListElement":[{"@type":"ListItem","position":1,"name":"Home","item":"https:\/\/orthodoxalbania.org\/2020\/"},{"@type":"ListItem","position":2,"name":"Activity of the Fellowship of Orthodox Intellectuals"}]},{"@type":"WebSite","@id":"https:\/\/orthodoxalbania.org\/2020\/#website","url":"https:\/\/orthodoxalbania.org\/2020\/","name":"Kisha Orthodh\u03bfkse Autoqefale e Shqip\u00ebris\u00eb","description":"Fqja Zyrtare e Kish\u00ebs Orthodhokse Autoqefale e Shqip\u00ebris\u00eb me lajmet edhe informacionet zyrtare p\u00ebr struktur\u00ebn edhe veprimtarin e saj.","publisher":{"@id":"https:\/\/orthodoxalbania.org\/2020\/#organization"},"potentialAction":[{"@type":"SearchAction","target":{"@type":"EntryPoint","urlTemplate":"https:\/\/orthodoxalbania.org\/2020\/?s={search_term_string}"},"query-input":{"@type":"PropertyValueSpecification","valueRequired":true,"valueName":"search_term_string"}}],"inLanguage":"en-US"},{"@type":"Organization","@id":"https:\/\/orthodoxalbania.org\/2020\/#organization","name":"Kisha Orthodhokse Autoqefale e Shqip\u00ebris\u00eb","url":"https:\/\/orthodoxalbania.org\/2020\/","logo":{"@type":"ImageObject","inLanguage":"en-US","@id":"https:\/\/orthodoxalbania.org\/2020\/#\/schema\/logo\/image\/","url":"https:\/\/orthodoxalbania.org\/2020\/wp-content\/uploads\/2020\/05\/albania.jpeg","contentUrl":"https:\/\/orthodoxalbania.org\/2020\/wp-content\/uploads\/2020\/05\/albania.jpeg","width":540,"height":540,"caption":"Kisha Orthodhokse Autoqefale e Shqip\u00ebris\u00eb"},"image":{"@id":"https:\/\/orthodoxalbania.org\/2020\/#\/schema\/logo\/image\/"},"sameAs":["https:\/\/www.facebook.com\/koash1991"]},{"@type":"Person","@id":"https:\/\/orthodoxalbania.org\/2020\/#\/schema\/person\/df745f942b70e045b3dc05a30211f0de","name":"Kisha Orthodhokse","image":{"@type":"ImageObject","inLanguage":"en-US","@id":"https:\/\/secure.gravatar.com\/avatar\/2676eb8d97178435c9f691a7871595a1da6c33542dec218bce40885573150e28?s=96&d=mm&r=g","url":"https:\/\/secure.gravatar.com\/avatar\/2676eb8d97178435c9f691a7871595a1da6c33542dec218bce40885573150e28?s=96&d=mm&r=g","contentUrl":"https:\/\/secure.gravatar.com\/avatar\/2676eb8d97178435c9f691a7871595a1da6c33542dec218bce40885573150e28?s=96&d=mm&r=g","caption":"Kisha Orthodhokse"}}]}},"_links":{"self":[{"href":"https:\/\/orthodoxalbania.org\/2020\/wp-json\/wp\/v2\/posts\/251","targetHints":{"allow":["GET"]}}],"collection":[{"href":"https:\/\/orthodoxalbania.org\/2020\/wp-json\/wp\/v2\/posts"}],"about":[{"href":"https:\/\/orthodoxalbania.org\/2020\/wp-json\/wp\/v2\/types\/post"}],"author":[{"embeddable":true,"href":"https:\/\/orthodoxalbania.org\/2020\/wp-json\/wp\/v2\/users\/7"}],"replies":[{"embeddable":true,"href":"https:\/\/orthodoxalbania.org\/2020\/wp-json\/wp\/v2\/comments?post=251"}],"version-history":[{"count":1,"href":"https:\/\/orthodoxalbania.org\/2020\/wp-json\/wp\/v2\/posts\/251\/revisions"}],"predecessor-version":[{"id":17445,"href":"https:\/\/orthodoxalbania.org\/2020\/wp-json\/wp\/v2\/posts\/251\/revisions\/17445"}],"wp:featuredmedia":[{"embeddable":true,"href":"https:\/\/orthodoxalbania.org\/2020\/wp-json\/wp\/v2\/media\/252"}],"wp:attachment":[{"href":"https:\/\/orthodoxalbania.org\/2020\/wp-json\/wp\/v2\/media?parent=251"}],"wp:term":[{"taxonomy":"category","embeddable":true,"href":"https:\/\/orthodoxalbania.org\/2020\/wp-json\/wp\/v2\/categories?post=251"},{"taxonomy":"post_tag","embeddable":true,"href":"https:\/\/orthodoxalbania.org\/2020\/wp-json\/wp\/v2\/tags?post=251"}],"curies":[{"name":"wp","href":"https:\/\/api.w.org\/{rel}","templated":true}]}}