{"id":24591,"date":"2020-06-10T00:01:14","date_gmt":"2020-06-09T22:01:14","guid":{"rendered":"https:\/\/orthodoxalbania.org\/2020\/?p=24591"},"modified":"2020-06-08T10:44:30","modified_gmt":"2020-06-08T08:44:30","slug":"ungjilli-mateu-520-26","status":"publish","type":"post","link":"https:\/\/orthodoxalbania.org\/2020\/2020\/06\/10\/ungjilli-mateu-520-26\/","title":{"rendered":"Ungjilli &#8211; Mateu 5:20-26"},"content":{"rendered":"<p><strong>Ungjilli &#8211; Mateu 5:20-26<\/strong><\/p>\n<p>20 Sepse po ju them juve, se n\u00eb mos teproft\u00eb drejt\u00ebsia juaj m\u00eb tep\u00ebr se ajo e shkruesve edhe e Farisenjve, nuk do t\u00eb hyni n\u00eb mbret\u00ebrin\u00eb e qiejve.<br \/>\n21 Keni d\u00ebgjuar se u \u00ebsht\u00eb th\u00ebn\u00eb t\u00eb vjet\u00ebrve: \u201cMos vrit\u201d, edhe ai q\u00eb t\u00eb vras\u00eb do t\u00eb jet\u00eb fajtor p\u00ebr n\u00eb gjyq.<br \/>\n22 Por un\u00eb po ju them juve se kushdo q\u00eb zem\u00ebrohet m\u00eb kot kund\u00ebr v\u00ebllait t\u00eb tij, do t\u00eb jet\u00eb fajtor p\u00ebr n\u00eb gjyq, edhe ai q\u00eb t\u2019i thot\u00eb t\u00eb v\u00ebllait: \u201craka\u201d, do t\u00eb jet\u00eb fajtor p\u00ebr n\u00eb K\u00ebshill; edhe ai q\u00eb t\u2019i thot\u00eb: \u201ci marr\u00eb\u201d, do t\u00eb jet\u00eb fajtor p\u00ebr n\u00eb gjehen\u00eb t\u00eb zjarrit.<br \/>\n23 N\u00eb prufsh, pra, dhurat\u00ebn t\u00ebnde n\u00eb therore, edhe atje kujtohesh, se yt v\u00eblla ka di\u00e7ka kund\u00ebr teje, 24 l\u00ebre atje dhurat\u00ebn t\u00ebnde p\u00ebrpara therores, edhe shko e pajtohu m\u00eb par\u00eb me t\u00ebt v\u00eblla, edhe at\u00ebher\u00eb, si t\u00eb vish, sill dhurat\u00ebn t\u00ebnde.<br \/>\n25 Merru vesh shpejt me nd\u00ebrgjygj\u00ebsin t\u00ebnd, deri sa t\u00eb jesh n\u00eb udh\u00eb bashk\u00eb me t\u00eb; se mos t\u00eb t\u00eb dor\u00ebzoj\u00eb nd\u00ebrgjygj\u00ebsi te gjyqtari, edhe gjyqtari t\u00eb dor\u00ebzoj\u00eb tek rojtari, e hidhesh n\u00eb burg.<br \/>\n26 Me t\u00eb v\u00ebrtet\u00eb po t\u00eb them ty: Nuk do t\u00eb dal\u00ebsh andej, deri sa t\u00eb shlyesh edhe qindark\u00ebn e fundit.<\/p>\n","protected":false},"excerpt":{"rendered":"<p>Ungjilli &#8211; Mateu 5:20-26 20 Sepse po ju them juve, se n\u00eb mos teproft\u00eb drejt\u00ebsia juaj m\u00eb tep\u00ebr se ajo e shkruesve edhe e Farisenjve, nuk do t\u00eb hyni n\u00eb mbret\u00ebrin\u00eb e qiejve. 21 Keni d\u00ebgjuar se u \u00ebsht\u00eb th\u00ebn\u00eb t\u00eb vjet\u00ebrve: \u201cMos vrit\u201d, edhe ai q\u00eb t\u00eb vras\u00eb do t\u00eb jet\u00eb fajtor p\u00ebr n\u00eb gjyq. 22 Por un\u00eb po ju them juve se kushdo<\/p>\n","protected":false},"author":1,"featured_media":0,"comment_status":"closed","ping_status":"closed","sticky":false,"template":"","format":"standard","meta":{"_acf_changed":false,"pagelayer_contact_templates":[],"_pagelayer_content":"","inline_featured_image":false,"fifu_image_url":"","fifu_image_alt":"","footnotes":""},"categories":[262,263],"tags":[],"class_list":["post-24591","post","type-post","status-publish","format-standard","hentry","category-leximet-e-dites","category-shenjtore-i-dites"],"acf":[],"yoast_head":"<!-- This site is optimized with the Yoast SEO plugin v27.2 - https:\/\/yoast.com\/product\/yoast-seo-wordpress\/ -->\n<title>Ungjilli - Mateu 5:20-26 - Kisha Orthodh\u03bfkse Autoqefale e Shqip\u00ebris\u00eb<\/title>\n<meta name=\"robots\" content=\"index, follow, max-snippet:-1, max-image-preview:large, max-video-preview:-1\" \/>\n<link rel=\"canonical\" href=\"https:\/\/orthodoxalbania.org\/2020\/2020\/06\/10\/ungjilli-mateu-520-26\/\" \/>\n<meta property=\"og:locale\" content=\"en_US\" \/>\n<meta property=\"og:type\" content=\"article\" \/>\n<meta property=\"og:title\" content=\"Ungjilli - Mateu 5:20-26 - Kisha Orthodh\u03bfkse Autoqefale e Shqip\u00ebris\u00eb\" \/>\n<meta property=\"og:description\" content=\"Ungjilli &#8211; Mateu 5:20-26 20 Sepse po ju them juve, se n\u00eb mos teproft\u00eb drejt\u00ebsia juaj m\u00eb tep\u00ebr se ajo e shkruesve edhe e Farisenjve, nuk do t\u00eb hyni n\u00eb mbret\u00ebrin\u00eb e qiejve. 21 Keni d\u00ebgjuar se u \u00ebsht\u00eb th\u00ebn\u00eb t\u00eb vjet\u00ebrve: \u201cMos vrit\u201d, edhe ai q\u00eb t\u00eb vras\u00eb do t\u00eb jet\u00eb fajtor p\u00ebr n\u00eb gjyq. 22 Por un\u00eb po ju them juve se kushdo\" \/>\n<meta property=\"og:url\" content=\"https:\/\/orthodoxalbania.org\/2020\/2020\/06\/10\/ungjilli-mateu-520-26\/\" \/>\n<meta property=\"og:site_name\" content=\"Kisha Orthodh\u03bfkse Autoqefale e Shqip\u00ebris\u00eb\" \/>\n<meta property=\"article:publisher\" content=\"https:\/\/www.facebook.com\/koash1991\" \/>\n<meta property=\"article:published_time\" content=\"2020-06-09T22:01:14+00:00\" \/>\n<meta property=\"og:image\" content=\"https:\/\/orthodoxalbania.org\/2020\/wp-content\/uploads\/2021\/02\/LogoLastALb-200.png\" \/>\n\t<meta property=\"og:image:width\" content=\"200\" \/>\n\t<meta property=\"og:image:height\" content=\"172\" \/>\n\t<meta property=\"og:image:type\" content=\"image\/png\" \/>\n<meta name=\"author\" content=\"Kisha Orthodhokse\" \/>\n<meta name=\"twitter:card\" content=\"summary_large_image\" \/>\n<meta name=\"twitter:label1\" content=\"Written by\" \/>\n\t<meta name=\"twitter:data1\" content=\"Kisha Orthodhokse\" \/>\n\t<meta name=\"twitter:label2\" content=\"Est. reading time\" \/>\n\t<meta name=\"twitter:data2\" content=\"1 minute\" \/>\n<script type=\"application\/ld+json\" class=\"yoast-schema-graph\">{\"@context\":\"https:\/\/schema.org\",\"@graph\":[{\"@type\":\"Article\",\"@id\":\"https:\/\/orthodoxalbania.org\/2020\/2020\/06\/10\/ungjilli-mateu-520-26\/#article\",\"isPartOf\":{\"@id\":\"https:\/\/orthodoxalbania.org\/2020\/2020\/06\/10\/ungjilli-mateu-520-26\/\"},\"author\":{\"name\":\"Kisha Orthodhokse\",\"@id\":\"https:\/\/orthodoxalbania.org\/2020\/#\/schema\/person\/0c387634a7063ac612d7ed9ce71c7e86\"},\"headline\":\"Ungjilli &#8211; Mateu 5:20-26\",\"datePublished\":\"2020-06-09T22:01:14+00:00\",\"mainEntityOfPage\":{\"@id\":\"https:\/\/orthodoxalbania.org\/2020\/2020\/06\/10\/ungjilli-mateu-520-26\/\"},\"wordCount\":246,\"publisher\":{\"@id\":\"https:\/\/orthodoxalbania.org\/2020\/#organization\"},\"articleSection\":[\"Leximet e dit\u00ebs\",\"Ungjilli I Dit\u00ebs\"],\"inLanguage\":\"en-US\"},{\"@type\":\"WebPage\",\"@id\":\"https:\/\/orthodoxalbania.org\/2020\/2020\/06\/10\/ungjilli-mateu-520-26\/\",\"url\":\"https:\/\/orthodoxalbania.org\/2020\/2020\/06\/10\/ungjilli-mateu-520-26\/\",\"name\":\"Ungjilli - Mateu 5:20-26 - Kisha Orthodh\u03bfkse Autoqefale e Shqip\u00ebris\u00eb\",\"isPartOf\":{\"@id\":\"https:\/\/orthodoxalbania.org\/2020\/#website\"},\"datePublished\":\"2020-06-09T22:01:14+00:00\",\"breadcrumb\":{\"@id\":\"https:\/\/orthodoxalbania.org\/2020\/2020\/06\/10\/ungjilli-mateu-520-26\/#breadcrumb\"},\"inLanguage\":\"en-US\",\"potentialAction\":[{\"@type\":\"ReadAction\",\"target\":[\"https:\/\/orthodoxalbania.org\/2020\/2020\/06\/10\/ungjilli-mateu-520-26\/\"]}]},{\"@type\":\"BreadcrumbList\",\"@id\":\"https:\/\/orthodoxalbania.org\/2020\/2020\/06\/10\/ungjilli-mateu-520-26\/#breadcrumb\",\"itemListElement\":[{\"@type\":\"ListItem\",\"position\":1,\"name\":\"Home\",\"item\":\"https:\/\/orthodoxalbania.org\/2020\/\"},{\"@type\":\"ListItem\",\"position\":2,\"name\":\"Ungjilli &#8211; Mateu 5:20-26\"}]},{\"@type\":\"WebSite\",\"@id\":\"https:\/\/orthodoxalbania.org\/2020\/#website\",\"url\":\"https:\/\/orthodoxalbania.org\/2020\/\",\"name\":\"Kisha Orthodh\u03bfkse Autoqefale e Shqip\u00ebris\u00eb\",\"description\":\"Fqja Zyrtare e Kish\u00ebs Orthodhokse Autoqefale e Shqip\u00ebris\u00eb me lajmet edhe informacionet zyrtare p\u00ebr struktur\u00ebn edhe veprimtarin e saj.\",\"publisher\":{\"@id\":\"https:\/\/orthodoxalbania.org\/2020\/#organization\"},\"potentialAction\":[{\"@type\":\"SearchAction\",\"target\":{\"@type\":\"EntryPoint\",\"urlTemplate\":\"https:\/\/orthodoxalbania.org\/2020\/?s={search_term_string}\"},\"query-input\":{\"@type\":\"PropertyValueSpecification\",\"valueRequired\":true,\"valueName\":\"search_term_string\"}}],\"inLanguage\":\"en-US\"},{\"@type\":\"Organization\",\"@id\":\"https:\/\/orthodoxalbania.org\/2020\/#organization\",\"name\":\"Kisha Orthodhokse Autoqefale e Shqip\u00ebris\u00eb\",\"url\":\"https:\/\/orthodoxalbania.org\/2020\/\",\"logo\":{\"@type\":\"ImageObject\",\"inLanguage\":\"en-US\",\"@id\":\"https:\/\/orthodoxalbania.org\/2020\/#\/schema\/logo\/image\/\",\"url\":\"https:\/\/orthodoxalbania.org\/2020\/wp-content\/uploads\/2020\/05\/albania.jpeg\",\"contentUrl\":\"https:\/\/orthodoxalbania.org\/2020\/wp-content\/uploads\/2020\/05\/albania.jpeg\",\"width\":540,\"height\":540,\"caption\":\"Kisha Orthodhokse Autoqefale e Shqip\u00ebris\u00eb\"},\"image\":{\"@id\":\"https:\/\/orthodoxalbania.org\/2020\/#\/schema\/logo\/image\/\"},\"sameAs\":[\"https:\/\/www.facebook.com\/koash1991\"]},{\"@type\":\"Person\",\"@id\":\"https:\/\/orthodoxalbania.org\/2020\/#\/schema\/person\/0c387634a7063ac612d7ed9ce71c7e86\",\"name\":\"Kisha Orthodhokse\",\"image\":{\"@type\":\"ImageObject\",\"inLanguage\":\"en-US\",\"@id\":\"https:\/\/secure.gravatar.com\/avatar\/596e7c417251e30f2fbb9c00e026fce61a695a00e51c889caded71c96cbbdde5?s=96&d=mm&r=g\",\"url\":\"https:\/\/secure.gravatar.com\/avatar\/596e7c417251e30f2fbb9c00e026fce61a695a00e51c889caded71c96cbbdde5?s=96&d=mm&r=g\",\"contentUrl\":\"https:\/\/secure.gravatar.com\/avatar\/596e7c417251e30f2fbb9c00e026fce61a695a00e51c889caded71c96cbbdde5?s=96&d=mm&r=g\",\"caption\":\"Kisha Orthodhokse\"}}]}<\/script>\n<!-- \/ Yoast SEO plugin. -->","yoast_head_json":{"title":"Ungjilli - Mateu 5:20-26 - Kisha Orthodh\u03bfkse Autoqefale e Shqip\u00ebris\u00eb","robots":{"index":"index","follow":"follow","max-snippet":"max-snippet:-1","max-image-preview":"max-image-preview:large","max-video-preview":"max-video-preview:-1"},"canonical":"https:\/\/orthodoxalbania.org\/2020\/2020\/06\/10\/ungjilli-mateu-520-26\/","og_locale":"en_US","og_type":"article","og_title":"Ungjilli - Mateu 5:20-26 - Kisha Orthodh\u03bfkse Autoqefale e Shqip\u00ebris\u00eb","og_description":"Ungjilli &#8211; Mateu 5:20-26 20 Sepse po ju them juve, se n\u00eb mos teproft\u00eb drejt\u00ebsia juaj m\u00eb tep\u00ebr se ajo e shkruesve edhe e Farisenjve, nuk do t\u00eb hyni n\u00eb mbret\u00ebrin\u00eb e qiejve. 21 Keni d\u00ebgjuar se u \u00ebsht\u00eb th\u00ebn\u00eb t\u00eb vjet\u00ebrve: \u201cMos vrit\u201d, edhe ai q\u00eb t\u00eb vras\u00eb do t\u00eb jet\u00eb fajtor p\u00ebr n\u00eb gjyq. 22 Por un\u00eb po ju them juve se kushdo","og_url":"https:\/\/orthodoxalbania.org\/2020\/2020\/06\/10\/ungjilli-mateu-520-26\/","og_site_name":"Kisha Orthodh\u03bfkse Autoqefale e Shqip\u00ebris\u00eb","article_publisher":"https:\/\/www.facebook.com\/koash1991","article_published_time":"2020-06-09T22:01:14+00:00","og_image":[{"width":200,"height":172,"url":"https:\/\/orthodoxalbania.org\/2020\/wp-content\/uploads\/2021\/02\/LogoLastALb-200.png","type":"image\/png"}],"author":"Kisha Orthodhokse","twitter_card":"summary_large_image","twitter_misc":{"Written by":"Kisha Orthodhokse","Est. reading time":"1 minute"},"schema":{"@context":"https:\/\/schema.org","@graph":[{"@type":"Article","@id":"https:\/\/orthodoxalbania.org\/2020\/2020\/06\/10\/ungjilli-mateu-520-26\/#article","isPartOf":{"@id":"https:\/\/orthodoxalbania.org\/2020\/2020\/06\/10\/ungjilli-mateu-520-26\/"},"author":{"name":"Kisha Orthodhokse","@id":"https:\/\/orthodoxalbania.org\/2020\/#\/schema\/person\/0c387634a7063ac612d7ed9ce71c7e86"},"headline":"Ungjilli &#8211; Mateu 5:20-26","datePublished":"2020-06-09T22:01:14+00:00","mainEntityOfPage":{"@id":"https:\/\/orthodoxalbania.org\/2020\/2020\/06\/10\/ungjilli-mateu-520-26\/"},"wordCount":246,"publisher":{"@id":"https:\/\/orthodoxalbania.org\/2020\/#organization"},"articleSection":["Leximet e dit\u00ebs","Ungjilli I Dit\u00ebs"],"inLanguage":"en-US"},{"@type":"WebPage","@id":"https:\/\/orthodoxalbania.org\/2020\/2020\/06\/10\/ungjilli-mateu-520-26\/","url":"https:\/\/orthodoxalbania.org\/2020\/2020\/06\/10\/ungjilli-mateu-520-26\/","name":"Ungjilli - Mateu 5:20-26 - Kisha Orthodh\u03bfkse Autoqefale e Shqip\u00ebris\u00eb","isPartOf":{"@id":"https:\/\/orthodoxalbania.org\/2020\/#website"},"datePublished":"2020-06-09T22:01:14+00:00","breadcrumb":{"@id":"https:\/\/orthodoxalbania.org\/2020\/2020\/06\/10\/ungjilli-mateu-520-26\/#breadcrumb"},"inLanguage":"en-US","potentialAction":[{"@type":"ReadAction","target":["https:\/\/orthodoxalbania.org\/2020\/2020\/06\/10\/ungjilli-mateu-520-26\/"]}]},{"@type":"BreadcrumbList","@id":"https:\/\/orthodoxalbania.org\/2020\/2020\/06\/10\/ungjilli-mateu-520-26\/#breadcrumb","itemListElement":[{"@type":"ListItem","position":1,"name":"Home","item":"https:\/\/orthodoxalbania.org\/2020\/"},{"@type":"ListItem","position":2,"name":"Ungjilli &#8211; Mateu 5:20-26"}]},{"@type":"WebSite","@id":"https:\/\/orthodoxalbania.org\/2020\/#website","url":"https:\/\/orthodoxalbania.org\/2020\/","name":"Kisha Orthodh\u03bfkse Autoqefale e Shqip\u00ebris\u00eb","description":"Fqja Zyrtare e Kish\u00ebs Orthodhokse Autoqefale e Shqip\u00ebris\u00eb me lajmet edhe informacionet zyrtare p\u00ebr struktur\u00ebn edhe veprimtarin e saj.","publisher":{"@id":"https:\/\/orthodoxalbania.org\/2020\/#organization"},"potentialAction":[{"@type":"SearchAction","target":{"@type":"EntryPoint","urlTemplate":"https:\/\/orthodoxalbania.org\/2020\/?s={search_term_string}"},"query-input":{"@type":"PropertyValueSpecification","valueRequired":true,"valueName":"search_term_string"}}],"inLanguage":"en-US"},{"@type":"Organization","@id":"https:\/\/orthodoxalbania.org\/2020\/#organization","name":"Kisha Orthodhokse Autoqefale e Shqip\u00ebris\u00eb","url":"https:\/\/orthodoxalbania.org\/2020\/","logo":{"@type":"ImageObject","inLanguage":"en-US","@id":"https:\/\/orthodoxalbania.org\/2020\/#\/schema\/logo\/image\/","url":"https:\/\/orthodoxalbania.org\/2020\/wp-content\/uploads\/2020\/05\/albania.jpeg","contentUrl":"https:\/\/orthodoxalbania.org\/2020\/wp-content\/uploads\/2020\/05\/albania.jpeg","width":540,"height":540,"caption":"Kisha Orthodhokse Autoqefale e Shqip\u00ebris\u00eb"},"image":{"@id":"https:\/\/orthodoxalbania.org\/2020\/#\/schema\/logo\/image\/"},"sameAs":["https:\/\/www.facebook.com\/koash1991"]},{"@type":"Person","@id":"https:\/\/orthodoxalbania.org\/2020\/#\/schema\/person\/0c387634a7063ac612d7ed9ce71c7e86","name":"Kisha Orthodhokse","image":{"@type":"ImageObject","inLanguage":"en-US","@id":"https:\/\/secure.gravatar.com\/avatar\/596e7c417251e30f2fbb9c00e026fce61a695a00e51c889caded71c96cbbdde5?s=96&d=mm&r=g","url":"https:\/\/secure.gravatar.com\/avatar\/596e7c417251e30f2fbb9c00e026fce61a695a00e51c889caded71c96cbbdde5?s=96&d=mm&r=g","contentUrl":"https:\/\/secure.gravatar.com\/avatar\/596e7c417251e30f2fbb9c00e026fce61a695a00e51c889caded71c96cbbdde5?s=96&d=mm&r=g","caption":"Kisha Orthodhokse"}}]}},"_links":{"self":[{"href":"https:\/\/orthodoxalbania.org\/2020\/wp-json\/wp\/v2\/posts\/24591","targetHints":{"allow":["GET"]}}],"collection":[{"href":"https:\/\/orthodoxalbania.org\/2020\/wp-json\/wp\/v2\/posts"}],"about":[{"href":"https:\/\/orthodoxalbania.org\/2020\/wp-json\/wp\/v2\/types\/post"}],"author":[{"embeddable":true,"href":"https:\/\/orthodoxalbania.org\/2020\/wp-json\/wp\/v2\/users\/1"}],"replies":[{"embeddable":true,"href":"https:\/\/orthodoxalbania.org\/2020\/wp-json\/wp\/v2\/comments?post=24591"}],"version-history":[{"count":2,"href":"https:\/\/orthodoxalbania.org\/2020\/wp-json\/wp\/v2\/posts\/24591\/revisions"}],"predecessor-version":[{"id":24600,"href":"https:\/\/orthodoxalbania.org\/2020\/wp-json\/wp\/v2\/posts\/24591\/revisions\/24600"}],"wp:attachment":[{"href":"https:\/\/orthodoxalbania.org\/2020\/wp-json\/wp\/v2\/media?parent=24591"}],"wp:term":[{"taxonomy":"category","embeddable":true,"href":"https:\/\/orthodoxalbania.org\/2020\/wp-json\/wp\/v2\/categories?post=24591"},{"taxonomy":"post_tag","embeddable":true,"href":"https:\/\/orthodoxalbania.org\/2020\/wp-json\/wp\/v2\/tags?post=24591"}],"curies":[{"name":"wp","href":"https:\/\/api.w.org\/{rel}","templated":true}]}}