{"id":244,"date":"2008-02-26T00:00:20","date_gmt":"2008-02-26T00:00:20","guid":{"rendered":""},"modified":"2020-04-13T00:31:21","modified_gmt":"2020-04-12T22:31:21","slug":"a-successful-end-to-boys-summer-camps-in-our-church-all-over-albania-july-august-2008","status":"publish","type":"post","link":"https:\/\/orthodoxalbania.org\/2020\/en\/2008\/02\/26\/a-successful-end-to-boys-summer-camps-in-our-church-all-over-albania-july-august-2008\/","title":{"rendered":"A Successful End to Boys Summer Camps in our Church all over Albania. (July &#8211; August 2008)"},"content":{"rendered":"<table id=\"AutoNumber1\" border=\"0\">\n<tbody>\n<tr>\n<td>&nbsp;<\/td>\n<td>\n<table id=\"AutoNumber2\" style=\"width: 752px; height: 2320px;\" border=\"0\">\n<tbody>\n<tr>\n<td>\n<p><span style=\"font-family: tahoma,geneva,sans-serif;\"><span style=\"font-size: 12px;\"><span style=\"color: #000000;\"><img decoding=\"async\" class=\"lazyload HAa Eha\" style=\"margin: 10px auto; display: block; border: 1px solid;\" alt=\"\" src=\"data:image\/svg+xml,%3Csvg%20xmlns%3D%27http%3A%2F%2Fwww.w3.org%2F2000%2Fsvg%27%20width%3D%27300%27%20height%3D%27225%27%20viewBox%3D%270%200%20300%20225%27%3E%3Crect%20width%3D%27300%27%20height%3D%27225%27%20fill-opacity%3D%220%22%2F%3E%3C%2Fsvg%3E\" data-orig-src=\"https:\/\/lh5.googleusercontent.com\/-6wzaLOB413A\/VI7OP-Q0BkI\/AAAAAAAAHw0\/Kabds1wd3Nk\/w448-h336-no\/tekst+1.jpg\" height=\"225\" width=\"300\" \/><\/span><\/span><\/span><\/p>\n<\/td>\n<td>\n<p style=\"text-align: justify;\"><span style=\"font-family: tahoma,geneva,sans-serif;\"><span style=\"font-size: 12px;\"><span style=\"color: #000000;\">&nbsp;&nbsp;&nbsp; With the blessing of Archbishop Anastasios, boys camps were carried out as usual in the Monastery of the Dormition of the Theotokos in Zvernec (near Vlora), the St. George Monastery in Saranda, and in the St. John the Forerunner Monastery in Korca.&nbsp; His Beatitude always takes great interest in these camps, attending them in person when possible, and constantly encouraging the camp leaders to give their all in this ministry.&nbsp; \u201cCamps are the nursery gardens for the future framework of the Church and for all of us make up a summer university,\u201d he has said.<\/span><\/span><\/span><\/p>\n<\/td>\n<\/tr>\n<tr>\n<td>\n<p style=\"text-align: justify;\"><span style=\"font-family: tahoma,geneva,sans-serif;\"><span style=\"font-size: 12px;\"><span style=\"color: #000000;\">&nbsp;&nbsp;&nbsp; This summer was especially important as it marked the 10th year of activities at the monastery in Zvernec, and as if to join in on the festivities a number of old inhabitants \u2013 the pelicans and cranes \u2013 returned to this beautiful and rare ecosystem in the lagoon that surrounds the monastery island.&nbsp; Once again we must remember that all these wonderful years at camp would not have been possible had it not been for the care and support of Archbishop Anastasios, to whom we owe much gratitude.<\/span><\/span><\/span><\/p>\n<\/td>\n<td>\n<p><span style=\"font-family: tahoma,geneva,sans-serif;\"><span style=\"font-size: 12px;\"><span style=\"color: #000000;\"><img decoding=\"async\" class=\"lazyload HAa Eha\" style=\"margin: 10px auto; display: block; border: 1px solid;\" alt=\"\" src=\"data:image\/svg+xml,%3Csvg%20xmlns%3D%27http%3A%2F%2Fwww.w3.org%2F2000%2Fsvg%27%20width%3D%27300%27%20height%3D%27225%27%20viewBox%3D%270%200%20300%20225%27%3E%3Crect%20width%3D%27300%27%20height%3D%27225%27%20fill-opacity%3D%220%22%2F%3E%3C%2Fsvg%3E\" data-orig-src=\"https:\/\/lh5.googleusercontent.com\/-6X8qbmt02JE\/VLj1HRBKrDI\/AAAAAAAAK68\/TnDuRl0KuAE\/w448-h336-no\/teskt+1.jpg\" height=\"225\" width=\"300\" \/><\/span><\/span><\/span><\/p>\n<\/td>\n<\/tr>\n<tr>\n<td>\n<p><span style=\"font-family: tahoma,geneva,sans-serif;\"><span style=\"font-size: 12px;\"><span style=\"color: #000000;\"><img decoding=\"async\" class=\"lazyload HAa Eha\" style=\"margin: 10px auto; display: block; border: 1px solid;\" alt=\"\" src=\"data:image\/svg+xml,%3Csvg%20xmlns%3D%27http%3A%2F%2Fwww.w3.org%2F2000%2Fsvg%27%20width%3D%27300%27%20height%3D%27221%27%20viewBox%3D%270%200%20300%20221%27%3E%3Crect%20width%3D%27300%27%20height%3D%27221%27%20fill-opacity%3D%220%22%2F%3E%3C%2Fsvg%3E\" data-orig-src=\"https:\/\/lh5.googleusercontent.com\/-nnjd1K9JqmA\/VLj1FpRMuvI\/AAAAAAAAK7M\/lZmLOnm3hLE\/w400-h294-no\/1.jpg\" height=\"221\" width=\"300\" \/><\/span><\/span><\/span><\/p>\n<\/td>\n<td>\n<p style=\"text-align: justify;\"><span style=\"font-family: tahoma,geneva,sans-serif;\"><span style=\"font-size: 12px;\"><span style=\"color: #000000;\">&nbsp;&nbsp;&nbsp; As usual the three sessions of camp at this monastery were divided according to age groups. This year with the theme \u201cThere is Hope,\u201d each group gathered together for a week and a half to hear about Christ and His Church, join in prayers, and to enjoy fellowship and games with other Orthodox Christians from all over Albania.&nbsp; The first camp held in the beginning of July for ages 11-14 was attended by 150 children.&nbsp; One special day was when they attended a Divine Liturgy to celebrate the anniversary of Archbishop Anastasios being chosen by the Ecumenical Patriarch as Archbishop of Tirana.&nbsp;<\/span><\/span><\/span><\/p>\n<\/td>\n<\/tr>\n<tr>\n<td>\n<p style=\"text-align: justify;\"><span style=\"font-family: tahoma,geneva,sans-serif;\"><span style=\"font-size: 12px;\"><span style=\"color: #000000;\">&nbsp;&nbsp;&nbsp; Another special part of the program was a documentary dubbed into Albanian about the lives of the Saints, which helped all the boys to become better acquainted with these holy lives.&nbsp; At the end of camp 30 boys made the decision to join themselves to Christ and walk on the road of salvation, through receiving Holy Baptism.<\/span><\/span><\/span><\/p>\n<\/td>\n<td>\n<p><span style=\"font-family: tahoma,geneva,sans-serif;\"><span style=\"font-size: 12px;\"><span style=\"color: #000000;\"><img decoding=\"async\" class=\"lazyload HAa Eha\" style=\"margin: 10px auto; display: block; border: 1px solid;\" alt=\"\" src=\"data:image\/svg+xml,%3Csvg%20xmlns%3D%27http%3A%2F%2Fwww.w3.org%2F2000%2Fsvg%27%20width%3D%27300%27%20height%3D%27225%27%20viewBox%3D%270%200%20300%20225%27%3E%3Crect%20width%3D%27300%27%20height%3D%27225%27%20fill-opacity%3D%220%22%2F%3E%3C%2Fsvg%3E\" data-orig-src=\"https:\/\/lh6.googleusercontent.com\/-SoyeYbC9cK0\/VLj1FpJ9igI\/AAAAAAAAK7I\/BbCAc5Oz6IA\/w400-h300-no\/8.jpg\" height=\"225\" width=\"300\" \/><\/span><\/span><\/span><\/p>\n<\/td>\n<\/tr>\n<tr>\n<td>\n<p><span style=\"font-family: tahoma,geneva,sans-serif;\"><span style=\"font-size: 12px;\"><span style=\"color: #000000;\"><img decoding=\"async\" class=\"lazyload HAa Eha\" style=\"margin: 10px auto; display: block; border: 1px solid;\" alt=\"\" src=\"data:image\/svg+xml,%3Csvg%20xmlns%3D%27http%3A%2F%2Fwww.w3.org%2F2000%2Fsvg%27%20width%3D%27300%27%20height%3D%27223%27%20viewBox%3D%270%200%20300%20223%27%3E%3Crect%20width%3D%27300%27%20height%3D%27223%27%20fill-opacity%3D%220%22%2F%3E%3C%2Fsvg%3E\" data-orig-src=\"https:\/\/lh5.googleusercontent.com\/-kwmyR6C2Aho\/VLj1G6-JabI\/AAAAAAAAK60\/tqbeKSyH7Ho\/w448-h333-no\/tekst+5.jpg\" height=\"223\" width=\"300\" \/><\/span><\/span><\/span><\/p>\n<\/td>\n<td>\n<p style=\"text-align: justify;\"><span style=\"font-family: tahoma,geneva,sans-serif;\"><span style=\"font-size: 12px;\"><span style=\"color: #000000;\">&nbsp;&nbsp;&nbsp; The second session of camp in Zvernec was attended by high school students and directed by the teaching staff of the Theological Academy.&nbsp; The program was filled from morning to evening with activities: morning prayers, catechism, group discussions, excursions to the nearby beaches of the Ionian Sea, sports championships, and the creating of a camp radio station.&nbsp; This camp was crowned with the baptism of 14 catechumens, adding to the list of those made members of the Church of Christ at this monastery.<\/span><\/span><\/span><\/p>\n<\/td>\n<\/tr>\n<tr>\n<td>\n<p style=\"text-align: justify;\"><span style=\"font-family: tahoma,geneva,sans-serif;\"><span style=\"font-size: 12px;\"><span style=\"color: #000000;\">&nbsp;&nbsp;&nbsp; About 100 boys participated in the third camp session.&nbsp; Here the brothers in Christ were helped to know God better by the many spiritual discussions.&nbsp; Also they were given the chance to take Confession from Fr. Justin who joined the boys, working tirelessly to be near them and give them priceless advice.&nbsp; Another special event at this camp was an excursion to St. Theodor Monastery in the beautiful mountain village of Dhermi near the coast of the Ionian Sea where they held a Paraklesis Service.&nbsp;<\/span><\/span><\/span><\/p>\n<\/td>\n<td>\n<p>&nbsp;<\/p>\n<p><img decoding=\"async\" class=\"lazyload HAa Eha\" style=\"margin: 10px auto; display: block; border: 1px solid;\" alt=\"\" src=\"data:image\/svg+xml,%3Csvg%20xmlns%3D%27http%3A%2F%2Fwww.w3.org%2F2000%2Fsvg%27%20width%3D%27300%27%20height%3D%27225%27%20viewBox%3D%270%200%20300%20225%27%3E%3Crect%20width%3D%27300%27%20height%3D%27225%27%20fill-opacity%3D%220%22%2F%3E%3C%2Fsvg%3E\" data-orig-src=\"https:\/\/lh6.googleusercontent.com\/-nE47wayXna4\/VLj1HbT7muI\/AAAAAAAAK64\/MbtnT4Nf0mQ\/w448-h336-no\/tekst+2.jpg\" height=\"225\" width=\"300\" \/><\/td>\n<\/tr>\n<tr>\n<td>\n<p><span style=\"font-family: tahoma,geneva,sans-serif;\"><span style=\"font-size: 12px;\"><span style=\"color: #000000;\"><img decoding=\"async\" class=\"lazyload HAa Eha\" style=\"margin: 10px auto; display: block; border: 1px solid;\" alt=\"\" src=\"data:image\/svg+xml,%3Csvg%20xmlns%3D%27http%3A%2F%2Fwww.w3.org%2F2000%2Fsvg%27%20width%3D%27300%27%20height%3D%27225%27%20viewBox%3D%270%200%20300%20225%27%3E%3Crect%20width%3D%27300%27%20height%3D%27225%27%20fill-opacity%3D%220%22%2F%3E%3C%2Fsvg%3E\" data-orig-src=\"https:\/\/lh6.googleusercontent.com\/-38AaivX3W2Q\/VLj1FpU5LBI\/AAAAAAAAK6g\/2VJ1gPld990\/w400-h300-no\/3.jpg\" height=\"225\" width=\"300\" \/><\/span><\/span><\/span><\/p>\n<\/td>\n<td>\n<p style=\"text-align: justify;\"><span style=\"font-family: tahoma,geneva,sans-serif;\"><span style=\"font-size: 12px;\"><span style=\"color: #000000;\">&nbsp;&nbsp;&nbsp; On the last night of camp prizes were given out for the sports and music competitions and the boys left with faith and hope in God, looking forward to their return next year.<\/span><\/span><\/span><\/p>\n<p style=\"text-align: justify;\"> <span style=\"font-family: tahoma,geneva,sans-serif;\"><span style=\"font-size: 12px;\"><span style=\"color: #000000;\">&nbsp; &nbsp; The youth camp at the St. John the Forerunner Monastery was held once again this year with the blessing of His Grace Joan, Metropolitan of Korca.&nbsp; This camp is funded by the National Youth Office of the Church and contributes considerably to the spiritual needs of the youth in this diocese.<\/span><\/span><\/span><\/p>\n<\/td>\n<\/tr>\n<tr>\n<td>\n<div style=\"text-align: justify;\"><span style=\"font-family: tahoma,geneva,sans-serif;\"><span style=\"font-size: 12px;\"><span style=\"color: #000000;\">&nbsp;&nbsp; Meanwhile in Saranda, with the blessing of His Grace Dhimitri, Metropolitan of Gjirokaster, a camp was held at the St. George Monastery.&nbsp; This was the fourth year of this camp and was directed by catechists, workers from the Youth Office, and students from the Theological Academy.&nbsp; This camp was a special time for a number of children who live in distant and isolated areas of the diocese.<\/span><\/span><\/span><\/div>\n<\/td>\n<td><img decoding=\"async\" class=\"lazyload HAa Eha\" style=\"margin: 10px auto; display: block; border: 1px solid;\" alt=\"\" src=\"data:image\/svg+xml,%3Csvg%20xmlns%3D%27http%3A%2F%2Fwww.w3.org%2F2000%2Fsvg%27%20width%3D%27300%27%20height%3D%27225%27%20viewBox%3D%270%200%20300%20225%27%3E%3Crect%20width%3D%27300%27%20height%3D%27225%27%20fill-opacity%3D%220%22%2F%3E%3C%2Fsvg%3E\" data-orig-src=\"https:\/\/lh4.googleusercontent.com\/-M0QjV68J8Nc\/VLj1GGl2WEI\/AAAAAAAAK7E\/D-PZ3L6JEEA\/w448-h336-no\/galeri+1.jpg\" height=\"225\" width=\"300\" \/><\/td>\n<\/tr>\n<tr>\n<td><img decoding=\"async\" class=\"lazyload HAa Eha\" style=\"margin: 10px auto; display: block; border: 1px solid;\" alt=\"\" src=\"data:image\/svg+xml,%3Csvg%20xmlns%3D%27http%3A%2F%2Fwww.w3.org%2F2000%2Fsvg%27%20width%3D%27300%27%20height%3D%27225%27%20viewBox%3D%270%200%20300%20225%27%3E%3Crect%20width%3D%27300%27%20height%3D%27225%27%20fill-opacity%3D%220%22%2F%3E%3C%2Fsvg%3E\" data-orig-src=\"https:\/\/lh3.googleusercontent.com\/-KMuAKcNCfjs\/VLj1GYibnPI\/AAAAAAAAK7A\/DoN-fbXjqfA\/w448-h336-no\/galeri+1[.jpg\" height=\"225\" width=\"300\" \/><\/td>\n<td>\n<div style=\"text-align: justify;\"><span style=\"font-family: tahoma,geneva,sans-serif;\"><span style=\"font-size: 12px;\"><span style=\"color: #000000;\">&nbsp;&nbsp;&nbsp; The purpose of all of the camps is to create an environment where the boys could learn and spiritually cultivate the lessons of the Gospel.&nbsp; Furthermore, it gives them a chance to try to live according to God\u2019s will in a Christian brotherhood, through spiritual, cultural, and recreational activities. Camp experiences help our young men to offer a different voice in their various communities through their Christian behavior and sharing of hope and comfort to those around them.&nbsp; In this way the Orthodox Church of Albania is able to affect the Albanian society, by helping the youth to know the true faith and be healthy parts of the society.<\/span><\/span><\/span><\/div>\n<\/td>\n<\/tr>\n<tr>\n<td>&nbsp;<\/td>\n<td>&nbsp;<\/td>\n<\/tr>\n<tr>\n<td>&nbsp;<\/td>\n<td>&nbsp;<\/td>\n<\/tr>\n<\/tbody>\n<\/table>\n<table border=\"0\">\n<tbody>\n<tr>\n<td>\n<div> <span style=\"font-family: tahoma,geneva,sans-serif;\"><span style=\"font-size: 12px;\"><span style=\"color: #000000;\"><strong>&nbsp;&nbsp;&nbsp;&nbsp; Isidor Koti<br \/> <\/strong>&nbsp;&nbsp;&nbsp;&nbsp; Translated and edited by <strong>Georgia Bendo<\/strong><\/span><\/span><\/span><\/div>\n<\/td>\n<\/tr>\n<\/tbody>\n<\/table>\n<\/td>\n<\/tr>\n<\/tbody>\n<\/table>\n","protected":false},"excerpt":{"rendered":"<p>&nbsp; &nbsp;&nbsp;&nbsp; With the blessing of Archbishop Anastasios, boys camps were carried out as usual in the Monastery of the Dormition of the Theotokos in Zvernec (near Vlora), the St. George Monastery in Saranda, and in the St. John the Forerunner Monastery in Korca.&nbsp; His Beatitude always takes great interest in these camps, attending them in person when possible, and constantly encouraging the camp leaders<\/p>\n","protected":false},"author":7,"featured_media":0,"comment_status":"open","ping_status":"open","sticky":false,"template":"","format":"standard","meta":{"_acf_changed":false,"pagelayer_contact_templates":[],"_pagelayer_content":"","inline_featured_image":false,"fifu_image_url":"","fifu_image_alt":"","footnotes":""},"categories":[1455,311],"tags":[1121,1788,1794],"class_list":["post-244","post","type-post","status-publish","format-standard","hentry","category-news-en","category-news-d25","tag-2008-en","tag-kampe-verore-en","tag-rinia-orthodhokse-en"],"acf":[],"yoast_head":"<!-- This site is optimized with the Yoast SEO plugin v27.2 - https:\/\/yoast.com\/product\/yoast-seo-wordpress\/ -->\n<title>A Successful End to Boys Summer Camps in our Church all over Albania. (July - August 2008) - Kisha Orthodh\u03bfkse Autoqefale e Shqip\u00ebris\u00eb<\/title>\n<meta name=\"robots\" content=\"index, follow, max-snippet:-1, max-image-preview:large, max-video-preview:-1\" \/>\n<link rel=\"canonical\" href=\"https:\/\/orthodoxalbania.org\/2020\/en\/2008\/02\/26\/a-successful-end-to-boys-summer-camps-in-our-church-all-over-albania-july-august-2008\/\" \/>\n<meta property=\"og:locale\" content=\"en_US\" \/>\n<meta property=\"og:type\" content=\"article\" \/>\n<meta property=\"og:title\" content=\"A Successful End to Boys Summer Camps in our Church all over Albania. (July - August 2008) - Kisha Orthodh\u03bfkse Autoqefale e Shqip\u00ebris\u00eb\" \/>\n<meta property=\"og:description\" content=\"&nbsp; &nbsp;&nbsp;&nbsp; With the blessing of Archbishop Anastasios, boys camps were carried out as usual in the Monastery of the Dormition of the Theotokos in Zvernec (near Vlora), the St. George Monastery in Saranda, and in the St. John the Forerunner Monastery in Korca.&nbsp; His Beatitude always takes great interest in these camps, attending them in person when possible, and constantly encouraging the camp leaders\" \/>\n<meta property=\"og:url\" content=\"https:\/\/orthodoxalbania.org\/2020\/en\/2008\/02\/26\/a-successful-end-to-boys-summer-camps-in-our-church-all-over-albania-july-august-2008\/\" \/>\n<meta property=\"og:site_name\" content=\"Kisha Orthodh\u03bfkse Autoqefale e Shqip\u00ebris\u00eb\" \/>\n<meta property=\"article:publisher\" content=\"https:\/\/www.facebook.com\/koash1991\" \/>\n<meta property=\"article:published_time\" content=\"2008-02-26T00:00:20+00:00\" \/>\n<meta property=\"article:modified_time\" content=\"2020-04-12T22:31:21+00:00\" \/>\n<meta property=\"og:image\" content=\"https:\/\/lh5.googleusercontent.com\/-6wzaLOB413A\/VI7OP-Q0BkI\/AAAAAAAAHw0\/Kabds1wd3Nk\/w448-h336-no\/tekst+1.jpg\" \/>\n<meta name=\"author\" content=\"Kisha Orthodhokse\" \/>\n<meta name=\"twitter:card\" content=\"summary_large_image\" \/>\n<meta name=\"twitter:label1\" content=\"Written by\" \/>\n\t<meta name=\"twitter:data1\" content=\"Kisha Orthodhokse\" \/>\n\t<meta name=\"twitter:label2\" content=\"Est. reading time\" \/>\n\t<meta name=\"twitter:data2\" content=\"4 minutes\" \/>\n<script type=\"application\/ld+json\" class=\"yoast-schema-graph\">{\"@context\":\"https:\/\/schema.org\",\"@graph\":[{\"@type\":\"Article\",\"@id\":\"https:\/\/orthodoxalbania.org\/2020\/en\/2008\/02\/26\/a-successful-end-to-boys-summer-camps-in-our-church-all-over-albania-july-august-2008\/#article\",\"isPartOf\":{\"@id\":\"https:\/\/orthodoxalbania.org\/2020\/en\/2008\/02\/26\/a-successful-end-to-boys-summer-camps-in-our-church-all-over-albania-july-august-2008\/\"},\"author\":{\"name\":\"Kisha Orthodhokse\",\"@id\":\"https:\/\/orthodoxalbania.org\/2020\/#\/schema\/person\/df745f942b70e045b3dc05a30211f0de\"},\"headline\":\"A Successful End to Boys Summer Camps in our Church all over Albania. (July &#8211; August 2008)\",\"datePublished\":\"2008-02-26T00:00:20+00:00\",\"dateModified\":\"2020-04-12T22:31:21+00:00\",\"mainEntityOfPage\":{\"@id\":\"https:\/\/orthodoxalbania.org\/2020\/en\/2008\/02\/26\/a-successful-end-to-boys-summer-camps-in-our-church-all-over-albania-july-august-2008\/\"},\"wordCount\":849,\"commentCount\":0,\"publisher\":{\"@id\":\"https:\/\/orthodoxalbania.org\/2020\/#organization\"},\"image\":{\"@id\":\"https:\/\/orthodoxalbania.org\/2020\/en\/2008\/02\/26\/a-successful-end-to-boys-summer-camps-in-our-church-all-over-albania-july-august-2008\/#primaryimage\"},\"thumbnailUrl\":\"https:\/\/lh5.googleusercontent.com\/-6wzaLOB413A\/VI7OP-Q0BkI\/AAAAAAAAHw0\/Kabds1wd3Nk\/w448-h336-no\/tekst+1.jpg\",\"keywords\":[\"2008\",\"Kampe verore\",\"Rinia Orthodhokse\"],\"articleSection\":[\"News - \u0395\u039d\",\"News old page\"],\"inLanguage\":\"en-US\"},{\"@type\":\"WebPage\",\"@id\":\"https:\/\/orthodoxalbania.org\/2020\/en\/2008\/02\/26\/a-successful-end-to-boys-summer-camps-in-our-church-all-over-albania-july-august-2008\/\",\"url\":\"https:\/\/orthodoxalbania.org\/2020\/en\/2008\/02\/26\/a-successful-end-to-boys-summer-camps-in-our-church-all-over-albania-july-august-2008\/\",\"name\":\"A Successful End to Boys Summer Camps in our Church all over Albania. (July - August 2008) - Kisha Orthodh\u03bfkse Autoqefale e Shqip\u00ebris\u00eb\",\"isPartOf\":{\"@id\":\"https:\/\/orthodoxalbania.org\/2020\/#website\"},\"primaryImageOfPage\":{\"@id\":\"https:\/\/orthodoxalbania.org\/2020\/en\/2008\/02\/26\/a-successful-end-to-boys-summer-camps-in-our-church-all-over-albania-july-august-2008\/#primaryimage\"},\"image\":{\"@id\":\"https:\/\/orthodoxalbania.org\/2020\/en\/2008\/02\/26\/a-successful-end-to-boys-summer-camps-in-our-church-all-over-albania-july-august-2008\/#primaryimage\"},\"thumbnailUrl\":\"https:\/\/lh5.googleusercontent.com\/-6wzaLOB413A\/VI7OP-Q0BkI\/AAAAAAAAHw0\/Kabds1wd3Nk\/w448-h336-no\/tekst+1.jpg\",\"datePublished\":\"2008-02-26T00:00:20+00:00\",\"dateModified\":\"2020-04-12T22:31:21+00:00\",\"breadcrumb\":{\"@id\":\"https:\/\/orthodoxalbania.org\/2020\/en\/2008\/02\/26\/a-successful-end-to-boys-summer-camps-in-our-church-all-over-albania-july-august-2008\/#breadcrumb\"},\"inLanguage\":\"en-US\",\"potentialAction\":[{\"@type\":\"ReadAction\",\"target\":[\"https:\/\/orthodoxalbania.org\/2020\/en\/2008\/02\/26\/a-successful-end-to-boys-summer-camps-in-our-church-all-over-albania-july-august-2008\/\"]}]},{\"@type\":\"ImageObject\",\"inLanguage\":\"en-US\",\"@id\":\"https:\/\/orthodoxalbania.org\/2020\/en\/2008\/02\/26\/a-successful-end-to-boys-summer-camps-in-our-church-all-over-albania-july-august-2008\/#primaryimage\",\"url\":\"https:\/\/lh5.googleusercontent.com\/-6wzaLOB413A\/VI7OP-Q0BkI\/AAAAAAAAHw0\/Kabds1wd3Nk\/w448-h336-no\/tekst+1.jpg\",\"contentUrl\":\"https:\/\/lh5.googleusercontent.com\/-6wzaLOB413A\/VI7OP-Q0BkI\/AAAAAAAAHw0\/Kabds1wd3Nk\/w448-h336-no\/tekst+1.jpg\"},{\"@type\":\"BreadcrumbList\",\"@id\":\"https:\/\/orthodoxalbania.org\/2020\/en\/2008\/02\/26\/a-successful-end-to-boys-summer-camps-in-our-church-all-over-albania-july-august-2008\/#breadcrumb\",\"itemListElement\":[{\"@type\":\"ListItem\",\"position\":1,\"name\":\"Home\",\"item\":\"https:\/\/orthodoxalbania.org\/2020\/\"},{\"@type\":\"ListItem\",\"position\":2,\"name\":\"A Successful End to Boys Summer Camps in our Church all over Albania. (July &#8211; August 2008)\"}]},{\"@type\":\"WebSite\",\"@id\":\"https:\/\/orthodoxalbania.org\/2020\/#website\",\"url\":\"https:\/\/orthodoxalbania.org\/2020\/\",\"name\":\"Kisha Orthodh\u03bfkse Autoqefale e Shqip\u00ebris\u00eb\",\"description\":\"Fqja Zyrtare e Kish\u00ebs Orthodhokse Autoqefale e Shqip\u00ebris\u00eb me lajmet edhe informacionet zyrtare p\u00ebr struktur\u00ebn edhe veprimtarin e saj.\",\"publisher\":{\"@id\":\"https:\/\/orthodoxalbania.org\/2020\/#organization\"},\"potentialAction\":[{\"@type\":\"SearchAction\",\"target\":{\"@type\":\"EntryPoint\",\"urlTemplate\":\"https:\/\/orthodoxalbania.org\/2020\/?s={search_term_string}\"},\"query-input\":{\"@type\":\"PropertyValueSpecification\",\"valueRequired\":true,\"valueName\":\"search_term_string\"}}],\"inLanguage\":\"en-US\"},{\"@type\":\"Organization\",\"@id\":\"https:\/\/orthodoxalbania.org\/2020\/#organization\",\"name\":\"Kisha Orthodhokse Autoqefale e Shqip\u00ebris\u00eb\",\"url\":\"https:\/\/orthodoxalbania.org\/2020\/\",\"logo\":{\"@type\":\"ImageObject\",\"inLanguage\":\"en-US\",\"@id\":\"https:\/\/orthodoxalbania.org\/2020\/#\/schema\/logo\/image\/\",\"url\":\"https:\/\/orthodoxalbania.org\/2020\/wp-content\/uploads\/2020\/05\/albania.jpeg\",\"contentUrl\":\"https:\/\/orthodoxalbania.org\/2020\/wp-content\/uploads\/2020\/05\/albania.jpeg\",\"width\":540,\"height\":540,\"caption\":\"Kisha Orthodhokse Autoqefale e Shqip\u00ebris\u00eb\"},\"image\":{\"@id\":\"https:\/\/orthodoxalbania.org\/2020\/#\/schema\/logo\/image\/\"},\"sameAs\":[\"https:\/\/www.facebook.com\/koash1991\"]},{\"@type\":\"Person\",\"@id\":\"https:\/\/orthodoxalbania.org\/2020\/#\/schema\/person\/df745f942b70e045b3dc05a30211f0de\",\"name\":\"Kisha Orthodhokse\",\"image\":{\"@type\":\"ImageObject\",\"inLanguage\":\"en-US\",\"@id\":\"https:\/\/secure.gravatar.com\/avatar\/2676eb8d97178435c9f691a7871595a1da6c33542dec218bce40885573150e28?s=96&d=mm&r=g\",\"url\":\"https:\/\/secure.gravatar.com\/avatar\/2676eb8d97178435c9f691a7871595a1da6c33542dec218bce40885573150e28?s=96&d=mm&r=g\",\"contentUrl\":\"https:\/\/secure.gravatar.com\/avatar\/2676eb8d97178435c9f691a7871595a1da6c33542dec218bce40885573150e28?s=96&d=mm&r=g\",\"caption\":\"Kisha Orthodhokse\"}}]}<\/script>\n<!-- \/ Yoast SEO plugin. -->","yoast_head_json":{"title":"A Successful End to Boys Summer Camps in our Church all over Albania. (July - August 2008) - Kisha Orthodh\u03bfkse Autoqefale e Shqip\u00ebris\u00eb","robots":{"index":"index","follow":"follow","max-snippet":"max-snippet:-1","max-image-preview":"max-image-preview:large","max-video-preview":"max-video-preview:-1"},"canonical":"https:\/\/orthodoxalbania.org\/2020\/en\/2008\/02\/26\/a-successful-end-to-boys-summer-camps-in-our-church-all-over-albania-july-august-2008\/","og_locale":"en_US","og_type":"article","og_title":"A Successful End to Boys Summer Camps in our Church all over Albania. (July - August 2008) - Kisha Orthodh\u03bfkse Autoqefale e Shqip\u00ebris\u00eb","og_description":"&nbsp; &nbsp;&nbsp;&nbsp; With the blessing of Archbishop Anastasios, boys camps were carried out as usual in the Monastery of the Dormition of the Theotokos in Zvernec (near Vlora), the St. George Monastery in Saranda, and in the St. John the Forerunner Monastery in Korca.&nbsp; His Beatitude always takes great interest in these camps, attending them in person when possible, and constantly encouraging the camp leaders","og_url":"https:\/\/orthodoxalbania.org\/2020\/en\/2008\/02\/26\/a-successful-end-to-boys-summer-camps-in-our-church-all-over-albania-july-august-2008\/","og_site_name":"Kisha Orthodh\u03bfkse Autoqefale e Shqip\u00ebris\u00eb","article_publisher":"https:\/\/www.facebook.com\/koash1991","article_published_time":"2008-02-26T00:00:20+00:00","article_modified_time":"2020-04-12T22:31:21+00:00","og_image":[{"url":"https:\/\/lh5.googleusercontent.com\/-6wzaLOB413A\/VI7OP-Q0BkI\/AAAAAAAAHw0\/Kabds1wd3Nk\/w448-h336-no\/tekst+1.jpg","type":"","width":"","height":""}],"author":"Kisha Orthodhokse","twitter_card":"summary_large_image","twitter_misc":{"Written by":"Kisha Orthodhokse","Est. reading time":"4 minutes"},"schema":{"@context":"https:\/\/schema.org","@graph":[{"@type":"Article","@id":"https:\/\/orthodoxalbania.org\/2020\/en\/2008\/02\/26\/a-successful-end-to-boys-summer-camps-in-our-church-all-over-albania-july-august-2008\/#article","isPartOf":{"@id":"https:\/\/orthodoxalbania.org\/2020\/en\/2008\/02\/26\/a-successful-end-to-boys-summer-camps-in-our-church-all-over-albania-july-august-2008\/"},"author":{"name":"Kisha Orthodhokse","@id":"https:\/\/orthodoxalbania.org\/2020\/#\/schema\/person\/df745f942b70e045b3dc05a30211f0de"},"headline":"A Successful End to Boys Summer Camps in our Church all over Albania. (July &#8211; August 2008)","datePublished":"2008-02-26T00:00:20+00:00","dateModified":"2020-04-12T22:31:21+00:00","mainEntityOfPage":{"@id":"https:\/\/orthodoxalbania.org\/2020\/en\/2008\/02\/26\/a-successful-end-to-boys-summer-camps-in-our-church-all-over-albania-july-august-2008\/"},"wordCount":849,"commentCount":0,"publisher":{"@id":"https:\/\/orthodoxalbania.org\/2020\/#organization"},"image":{"@id":"https:\/\/orthodoxalbania.org\/2020\/en\/2008\/02\/26\/a-successful-end-to-boys-summer-camps-in-our-church-all-over-albania-july-august-2008\/#primaryimage"},"thumbnailUrl":"https:\/\/lh5.googleusercontent.com\/-6wzaLOB413A\/VI7OP-Q0BkI\/AAAAAAAAHw0\/Kabds1wd3Nk\/w448-h336-no\/tekst+1.jpg","keywords":["2008","Kampe verore","Rinia Orthodhokse"],"articleSection":["News - \u0395\u039d","News old page"],"inLanguage":"en-US"},{"@type":"WebPage","@id":"https:\/\/orthodoxalbania.org\/2020\/en\/2008\/02\/26\/a-successful-end-to-boys-summer-camps-in-our-church-all-over-albania-july-august-2008\/","url":"https:\/\/orthodoxalbania.org\/2020\/en\/2008\/02\/26\/a-successful-end-to-boys-summer-camps-in-our-church-all-over-albania-july-august-2008\/","name":"A Successful End to Boys Summer Camps in our Church all over Albania. (July - August 2008) - Kisha Orthodh\u03bfkse Autoqefale e Shqip\u00ebris\u00eb","isPartOf":{"@id":"https:\/\/orthodoxalbania.org\/2020\/#website"},"primaryImageOfPage":{"@id":"https:\/\/orthodoxalbania.org\/2020\/en\/2008\/02\/26\/a-successful-end-to-boys-summer-camps-in-our-church-all-over-albania-july-august-2008\/#primaryimage"},"image":{"@id":"https:\/\/orthodoxalbania.org\/2020\/en\/2008\/02\/26\/a-successful-end-to-boys-summer-camps-in-our-church-all-over-albania-july-august-2008\/#primaryimage"},"thumbnailUrl":"https:\/\/lh5.googleusercontent.com\/-6wzaLOB413A\/VI7OP-Q0BkI\/AAAAAAAAHw0\/Kabds1wd3Nk\/w448-h336-no\/tekst+1.jpg","datePublished":"2008-02-26T00:00:20+00:00","dateModified":"2020-04-12T22:31:21+00:00","breadcrumb":{"@id":"https:\/\/orthodoxalbania.org\/2020\/en\/2008\/02\/26\/a-successful-end-to-boys-summer-camps-in-our-church-all-over-albania-july-august-2008\/#breadcrumb"},"inLanguage":"en-US","potentialAction":[{"@type":"ReadAction","target":["https:\/\/orthodoxalbania.org\/2020\/en\/2008\/02\/26\/a-successful-end-to-boys-summer-camps-in-our-church-all-over-albania-july-august-2008\/"]}]},{"@type":"ImageObject","inLanguage":"en-US","@id":"https:\/\/orthodoxalbania.org\/2020\/en\/2008\/02\/26\/a-successful-end-to-boys-summer-camps-in-our-church-all-over-albania-july-august-2008\/#primaryimage","url":"https:\/\/lh5.googleusercontent.com\/-6wzaLOB413A\/VI7OP-Q0BkI\/AAAAAAAAHw0\/Kabds1wd3Nk\/w448-h336-no\/tekst+1.jpg","contentUrl":"https:\/\/lh5.googleusercontent.com\/-6wzaLOB413A\/VI7OP-Q0BkI\/AAAAAAAAHw0\/Kabds1wd3Nk\/w448-h336-no\/tekst+1.jpg"},{"@type":"BreadcrumbList","@id":"https:\/\/orthodoxalbania.org\/2020\/en\/2008\/02\/26\/a-successful-end-to-boys-summer-camps-in-our-church-all-over-albania-july-august-2008\/#breadcrumb","itemListElement":[{"@type":"ListItem","position":1,"name":"Home","item":"https:\/\/orthodoxalbania.org\/2020\/"},{"@type":"ListItem","position":2,"name":"A Successful End to Boys Summer Camps in our Church all over Albania. (July &#8211; August 2008)"}]},{"@type":"WebSite","@id":"https:\/\/orthodoxalbania.org\/2020\/#website","url":"https:\/\/orthodoxalbania.org\/2020\/","name":"Kisha Orthodh\u03bfkse Autoqefale e Shqip\u00ebris\u00eb","description":"Fqja Zyrtare e Kish\u00ebs Orthodhokse Autoqefale e Shqip\u00ebris\u00eb me lajmet edhe informacionet zyrtare p\u00ebr struktur\u00ebn edhe veprimtarin e saj.","publisher":{"@id":"https:\/\/orthodoxalbania.org\/2020\/#organization"},"potentialAction":[{"@type":"SearchAction","target":{"@type":"EntryPoint","urlTemplate":"https:\/\/orthodoxalbania.org\/2020\/?s={search_term_string}"},"query-input":{"@type":"PropertyValueSpecification","valueRequired":true,"valueName":"search_term_string"}}],"inLanguage":"en-US"},{"@type":"Organization","@id":"https:\/\/orthodoxalbania.org\/2020\/#organization","name":"Kisha Orthodhokse Autoqefale e Shqip\u00ebris\u00eb","url":"https:\/\/orthodoxalbania.org\/2020\/","logo":{"@type":"ImageObject","inLanguage":"en-US","@id":"https:\/\/orthodoxalbania.org\/2020\/#\/schema\/logo\/image\/","url":"https:\/\/orthodoxalbania.org\/2020\/wp-content\/uploads\/2020\/05\/albania.jpeg","contentUrl":"https:\/\/orthodoxalbania.org\/2020\/wp-content\/uploads\/2020\/05\/albania.jpeg","width":540,"height":540,"caption":"Kisha Orthodhokse Autoqefale e Shqip\u00ebris\u00eb"},"image":{"@id":"https:\/\/orthodoxalbania.org\/2020\/#\/schema\/logo\/image\/"},"sameAs":["https:\/\/www.facebook.com\/koash1991"]},{"@type":"Person","@id":"https:\/\/orthodoxalbania.org\/2020\/#\/schema\/person\/df745f942b70e045b3dc05a30211f0de","name":"Kisha Orthodhokse","image":{"@type":"ImageObject","inLanguage":"en-US","@id":"https:\/\/secure.gravatar.com\/avatar\/2676eb8d97178435c9f691a7871595a1da6c33542dec218bce40885573150e28?s=96&d=mm&r=g","url":"https:\/\/secure.gravatar.com\/avatar\/2676eb8d97178435c9f691a7871595a1da6c33542dec218bce40885573150e28?s=96&d=mm&r=g","contentUrl":"https:\/\/secure.gravatar.com\/avatar\/2676eb8d97178435c9f691a7871595a1da6c33542dec218bce40885573150e28?s=96&d=mm&r=g","caption":"Kisha Orthodhokse"}}]}},"_links":{"self":[{"href":"https:\/\/orthodoxalbania.org\/2020\/wp-json\/wp\/v2\/posts\/244","targetHints":{"allow":["GET"]}}],"collection":[{"href":"https:\/\/orthodoxalbania.org\/2020\/wp-json\/wp\/v2\/posts"}],"about":[{"href":"https:\/\/orthodoxalbania.org\/2020\/wp-json\/wp\/v2\/types\/post"}],"author":[{"embeddable":true,"href":"https:\/\/orthodoxalbania.org\/2020\/wp-json\/wp\/v2\/users\/7"}],"replies":[{"embeddable":true,"href":"https:\/\/orthodoxalbania.org\/2020\/wp-json\/wp\/v2\/comments?post=244"}],"version-history":[{"count":1,"href":"https:\/\/orthodoxalbania.org\/2020\/wp-json\/wp\/v2\/posts\/244\/revisions"}],"predecessor-version":[{"id":17994,"href":"https:\/\/orthodoxalbania.org\/2020\/wp-json\/wp\/v2\/posts\/244\/revisions\/17994"}],"wp:attachment":[{"href":"https:\/\/orthodoxalbania.org\/2020\/wp-json\/wp\/v2\/media?parent=244"}],"wp:term":[{"taxonomy":"category","embeddable":true,"href":"https:\/\/orthodoxalbania.org\/2020\/wp-json\/wp\/v2\/categories?post=244"},{"taxonomy":"post_tag","embeddable":true,"href":"https:\/\/orthodoxalbania.org\/2020\/wp-json\/wp\/v2\/tags?post=244"}],"curies":[{"name":"wp","href":"https:\/\/api.w.org\/{rel}","templated":true}]}}