{"id":238,"date":"2013-03-21T12:21:59","date_gmt":"2013-03-21T12:21:59","guid":{"rendered":""},"modified":"2020-04-06T22:05:57","modified_gmt":"2020-04-06T20:05:57","slug":"90-vjetori-i-kongresit-te-beratit-nje-perpjekje-ne-rrugen-e-autoqefalise","status":"publish","type":"post","link":"https:\/\/orthodoxalbania.org\/2020\/2013\/03\/21\/90-vjetori-i-kongresit-te-beratit-nje-perpjekje-ne-rrugen-e-autoqefalise\/","title":{"rendered":"90-vjetori i Kongresit t\u00eb Beratit-Nj\u00eb p\u00ebrpjekje n\u00eb rrug\u00ebn e Autoqefalis\u00eb. (2012)"},"content":{"rendered":"<div style=\"text-align: justify;\"><span style=\"color: #000000; font-family: helvetica;\"><span style=\"font-size: 12px;\"><img class=\"lazyload\" decoding=\"async\" style=\"width: 300px; height: 225px; border-width: 1px; border-style: solid; margin: 10px; float: left;\" alt=\"\" src=\"data:image\/gif;base64,R0lGODlhAQABAAAAACH5BAEKAAEALAAAAAABAAEAAAICTAEAOw==\" data-orig-src=\"https:\/\/lh5.googleusercontent.com\/-5YwRJUneRcA\/UK9HYvVrq0I\/AAAAAAAABLE\/y2Jz4MMSUXc\/s600\/berati.jpg\" \/><span style=\"font-size: 12pt;\">&nbsp;&nbsp;&nbsp; Rruga e Autoqefalis\u00eb s\u00eb Kish\u00ebs son\u00eb ka kaluar mes v\u00ebshtir\u00ebsish, por ka qen\u00eb relativisht e shpejt\u00eb. Nj\u00eb p\u00ebrpjekje e par\u00eb ishte Kongresi i Beratit, q\u00eb kremton 90-vjetorin k\u00ebt\u00eb shtator, p\u00ebr t\u2019u finalizuar me Tomosin Patriarkal q\u00eb do ta njihte Autoqefalin\u00eb 15 vjet me von\u00eb, m\u00eb 1937. Ajo e nisi rrug\u00ebtimin pas pavar\u00ebsis\u00eb, por filloi t\u00eb marr\u00eb forma konkrete pas stabilizimit t\u00eb saj, me Kongresin e Lushnj\u00ebs, m\u00eb 1920.<\/span><\/span><\/span><\/div>\n<div style=\"text-align: justify;\"><span style=\"color: #000000; font-family: helvetica; font-size: 12pt;\"> &nbsp; &nbsp; M\u00eb 10 shtator 1922, Kongresi u mblodh n\u00eb sall\u00ebn e shkoll\u00ebs s\u00eb Mangalemit, dit\u00ebn e h\u00ebn\u00eb m\u00eb 11 shtator 1922. N\u00eb t\u00eb nuk mori pjes\u00eb asnj\u00eb episkop, gj\u00eb q\u00eb i b\u00ebri t\u00eb pavlefshme nga ana kanonike ortho-dhokse punimet e tij.<\/span><\/div>\n<div style=\"text-align: justify;\"><span style=\"color: #000000; font-family: helvetica; font-size: 12pt;\"> &nbsp;&nbsp;&nbsp; Ndaj, Kongresi i Beratit k\u00ebrkoi edhe ndihm\u00ebn e qeveris\u00eb q\u00eb t\u2019i b\u00ebhej k\u00ebrkes\u00eb Patriarkan\u00ebs Ekumenike p\u00ebr njohjen e pavar\u00ebsis\u00eb s\u00eb Kish\u00ebs Orthodhokse t\u00eb Shqip\u00ebris\u00eb&nbsp; dhe p\u00ebr em\u00ebrimin e dy mitropolit\u00ebve.<\/span><\/div>\n<div style=\"text-align: justify;\"><span style=\"color: #000000; font-family: helvetica; font-size: 12pt;\"> &nbsp;&nbsp;&nbsp; N\u00eb dit\u00ebn e tret\u00eb t\u00eb punimeve Kongresi votoi edhe nj\u00eb statut. Autoriteti m\u00eb i lart\u00eb do t\u00eb ishte K\u00ebshilli i Lart\u00eb, i cili n\u00eb fakt nuk kishte asnj\u00eb fuqi kanonike, pasi nuk kishte n\u00eb gjirin&nbsp; e tij asnj\u00eb episkop. Kryetar&nbsp; u zgjodh prifti nga Pogradeci, at\u00eb Vasil Marku, i cili kishte ardhur n\u00eb Shqip\u00ebri nga SHBA n\u00eb vitin 1921, s\u00eb bashku me at\u00eb Agathangjel \u00c7am\u00e7e.<\/span><\/div>\n<div style=\"text-align: justify;\"><span style=\"color: #000000; font-family: helvetica; font-size: 12pt;\"> &nbsp;&nbsp;&nbsp; N\u00eb Kongresin e Beratit u diskutua edhe p\u00ebr nj\u00eb rregullore t\u00eb Kish\u00ebs, ku u b\u00ebn\u00eb propozime t\u00eb ndryshme q\u00eb kishin t\u00eb b\u00ebnin me t\u00eb ardhurat e kishave dhe t\u00eb manastireve, duke zgjedhur nj\u00eb komision p\u00ebr kontrollin e tyre. N\u00eb statut thuhej se gjuha zyrtare e Kish\u00ebs do t\u00eb ishte shqipja, por derisa t\u00eb p\u00ebrktheheshin dhe botoheshin librat liturgjik\u00eb do vazhdonte t\u00eb p\u00ebrdorej greqishtja. U vendos q\u00eb si qend\u00ebr e Kish\u00ebs t\u00eb ishte qyteti i Kor\u00e7\u00ebs. Kongresi i mbylli punimet m\u00eb 19 shtator 1922.<\/span><\/div>\n<div style=\"text-align: justify;\"><span style=\"color: #000000; font-family: helvetica; font-size: 12pt;\"> &nbsp;&nbsp;&nbsp; Patriarkana Ekumenike e informuar p\u00ebr zhvillimet q\u00eb po ndodhnin n\u00eb Shqip\u00ebri vendosi t\u00eb d\u00ebrgonte Mitropolitin e Meletit, Jerotheun, me origjin\u00eb nga P\u00ebrmeti, si ekzark patriarkal, i cili mb\u00ebrriti n\u00eb Kor\u00e7\u00eb m\u00eb 27 n\u00ebntor 1922. Hir\u00ebsia e Tij Jerotheu i d\u00ebrgoi Patriarkan\u00ebs Ekumenike raportin p\u00ebrkat\u00ebs dhe i k\u00ebrkoi d\u00ebrgimin e nj\u00eb delegacioni nga Kisha Shqiptare p\u00ebr t\u2018u sqaruar. Delegacioni u nis n\u00eb mars 1922 dhe kryesohej nga at\u00eb Vasil Marku, i cili i paraqiti Patriarkan\u00ebs vendimet e Kongresit t\u00eb Beratit.&nbsp;&nbsp;&nbsp;&nbsp; Por delegacioni u kthye n\u00eb Shqip\u00ebri pa r\u00ebn\u00eb dakord.&nbsp; Dy muaj pas kthimit t\u00eb delegacionit, n\u00eb Shqip\u00ebri erdhi edhe nj\u00eb tjet\u00ebr ekzark nga Patriarkana Ekumenike, Mitropoliti Kristofor Kisi, nga Berati, p\u00ebr t\u2019i sh\u00ebrbyer zgjidhjes s\u00eb problemeve t\u00eb krijuara, por pa arritur rezultatet e shpresuara.&nbsp;&nbsp;&nbsp;<\/span><\/div>\n<div style=\"text-align: justify;\"><span style=\"color: #000000; font-family: helvetica; font-size: 12pt;\"> &nbsp;&nbsp;&nbsp; P\u00ebrfundimisht, marr\u00ebveshja me Patriarkan\u00ebn Ekumenike u arrit n\u00eb vitin 1937 dhe pas k\u00ebsaj u dha Tomosi i Autoqfalis\u00eb dhe Imzot Kristofori u zgjodh Kryepiskopi i par\u00eb kanonik i Kish\u00ebs son\u00eb.<\/span><\/div>\n<div style=\"text-align: justify;\"><span style=\"font-family: helvetica; font-size: 12pt;\"><\/span><\/div>\n<div style=\"text-align: right;\"><span style=\"color: #000000; font-family: helvetica; font-size: 12pt;\"><strong>Marr\u00eb nga gazeta &#8220;Ngjallja&#8221;<\/p>\n<p> <\/strong><\/span><\/div>\n","protected":false},"excerpt":{"rendered":"<p>&nbsp;&nbsp;&nbsp; Rruga e Autoqefalis\u00eb s\u00eb Kish\u00ebs son\u00eb ka kaluar mes v\u00ebshtir\u00ebsish, por ka qen\u00eb relativisht e shpejt\u00eb. Nj\u00eb p\u00ebrpjekje e par\u00eb ishte Kongresi i Beratit, q\u00eb kremton 90-vjetorin k\u00ebt\u00eb shtator, p\u00ebr t\u2019u finalizuar me Tomosin Patriarkal q\u00eb do ta njihte Autoqefalin\u00eb 15 vjet me von\u00eb, m\u00eb 1937. Ajo e nisi rrug\u00ebtimin pas pavar\u00ebsis\u00eb, por filloi t\u00eb marr\u00eb forma konkrete pas stabilizimit t\u00eb saj, me Kongresin<\/p>\n","protected":false},"author":1,"featured_media":0,"comment_status":"open","ping_status":"open","sticky":false,"template":"","format":"standard","meta":{"_acf_changed":false,"pagelayer_contact_templates":[],"_pagelayer_content":"","inline_featured_image":false,"fifu_image_url":"","fifu_image_alt":"","footnotes":""},"categories":[108],"tags":[142,153,196,212,197],"class_list":["post-238","post","type-post","status-publish","format-standard","hentry","category-lajme","tag-142","tag-deklarata-njoftime-zyrtare-d75","tag-tirane","tag-lajme-d27","tag-berat"],"acf":[],"yoast_head":"<!-- This site is optimized with the Yoast SEO plugin v27.2 - https:\/\/yoast.com\/product\/yoast-seo-wordpress\/ -->\n<title>90-vjetori i Kongresit t\u00eb Beratit-Nj\u00eb p\u00ebrpjekje n\u00eb rrug\u00ebn e Autoqefalis\u00eb. (2012) - Kisha Orthodh\u03bfkse Autoqefale e Shqip\u00ebris\u00eb<\/title>\n<meta name=\"robots\" content=\"index, follow, max-snippet:-1, max-image-preview:large, max-video-preview:-1\" \/>\n<link rel=\"canonical\" href=\"https:\/\/orthodoxalbania.org\/2020\/2013\/03\/21\/90-vjetori-i-kongresit-te-beratit-nje-perpjekje-ne-rrugen-e-autoqefalise\/\" \/>\n<meta property=\"og:locale\" content=\"en_US\" \/>\n<meta property=\"og:type\" content=\"article\" \/>\n<meta property=\"og:title\" content=\"90-vjetori i Kongresit t\u00eb Beratit-Nj\u00eb p\u00ebrpjekje n\u00eb rrug\u00ebn e Autoqefalis\u00eb. (2012) - Kisha Orthodh\u03bfkse Autoqefale e Shqip\u00ebris\u00eb\" \/>\n<meta property=\"og:description\" content=\"&nbsp;&nbsp;&nbsp; Rruga e Autoqefalis\u00eb s\u00eb Kish\u00ebs son\u00eb ka kaluar mes v\u00ebshtir\u00ebsish, por ka qen\u00eb relativisht e shpejt\u00eb. Nj\u00eb p\u00ebrpjekje e par\u00eb ishte Kongresi i Beratit, q\u00eb kremton 90-vjetorin k\u00ebt\u00eb shtator, p\u00ebr t\u2019u finalizuar me Tomosin Patriarkal q\u00eb do ta njihte Autoqefalin\u00eb 15 vjet me von\u00eb, m\u00eb 1937. Ajo e nisi rrug\u00ebtimin pas pavar\u00ebsis\u00eb, por filloi t\u00eb marr\u00eb forma konkrete pas stabilizimit t\u00eb saj, me Kongresin\" \/>\n<meta property=\"og:url\" content=\"https:\/\/orthodoxalbania.org\/2020\/2013\/03\/21\/90-vjetori-i-kongresit-te-beratit-nje-perpjekje-ne-rrugen-e-autoqefalise\/\" \/>\n<meta property=\"og:site_name\" content=\"Kisha Orthodh\u03bfkse Autoqefale e Shqip\u00ebris\u00eb\" \/>\n<meta property=\"article:publisher\" content=\"https:\/\/www.facebook.com\/koash1991\" \/>\n<meta property=\"article:published_time\" content=\"2013-03-21T12:21:59+00:00\" \/>\n<meta property=\"article:modified_time\" content=\"2020-04-06T20:05:57+00:00\" \/>\n<meta property=\"og:image\" content=\"https:\/\/lh5.googleusercontent.com\/-5YwRJUneRcA\/UK9HYvVrq0I\/AAAAAAAABLE\/y2Jz4MMSUXc\/s600\/berati.jpg\" \/>\n<meta name=\"author\" content=\"Kisha Orthodhokse\" \/>\n<meta name=\"twitter:card\" content=\"summary_large_image\" \/>\n<meta name=\"twitter:label1\" content=\"Written by\" \/>\n\t<meta name=\"twitter:data1\" content=\"Kisha Orthodhokse\" \/>\n\t<meta name=\"twitter:label2\" content=\"Est. reading time\" \/>\n\t<meta name=\"twitter:data2\" content=\"3 minutes\" \/>\n<script type=\"application\/ld+json\" class=\"yoast-schema-graph\">{\"@context\":\"https:\/\/schema.org\",\"@graph\":[{\"@type\":\"Article\",\"@id\":\"https:\/\/orthodoxalbania.org\/2020\/2013\/03\/21\/90-vjetori-i-kongresit-te-beratit-nje-perpjekje-ne-rrugen-e-autoqefalise\/#article\",\"isPartOf\":{\"@id\":\"https:\/\/orthodoxalbania.org\/2020\/2013\/03\/21\/90-vjetori-i-kongresit-te-beratit-nje-perpjekje-ne-rrugen-e-autoqefalise\/\"},\"author\":{\"name\":\"Kisha Orthodhokse\",\"@id\":\"https:\/\/orthodoxalbania.org\/2020\/#\/schema\/person\/0c387634a7063ac612d7ed9ce71c7e86\"},\"headline\":\"90-vjetori i Kongresit t\u00eb Beratit-Nj\u00eb p\u00ebrpjekje n\u00eb rrug\u00ebn e Autoqefalis\u00eb. (2012)\",\"datePublished\":\"2013-03-21T12:21:59+00:00\",\"dateModified\":\"2020-04-06T20:05:57+00:00\",\"mainEntityOfPage\":{\"@id\":\"https:\/\/orthodoxalbania.org\/2020\/2013\/03\/21\/90-vjetori-i-kongresit-te-beratit-nje-perpjekje-ne-rrugen-e-autoqefalise\/\"},\"wordCount\":543,\"commentCount\":0,\"publisher\":{\"@id\":\"https:\/\/orthodoxalbania.org\/2020\/#organization\"},\"image\":{\"@id\":\"https:\/\/orthodoxalbania.org\/2020\/2013\/03\/21\/90-vjetori-i-kongresit-te-beratit-nje-perpjekje-ne-rrugen-e-autoqefalise\/#primaryimage\"},\"thumbnailUrl\":\"https:\/\/lh5.googleusercontent.com\/-5YwRJUneRcA\/UK9HYvVrq0I\/AAAAAAAABLE\/y2Jz4MMSUXc\/s600\/berati.jpg\",\"keywords\":[\"2012\",\"Deklarata - Njoftime Zyrtare\",\"Kryepiskopata Tiran\u00eb\",\"lajme\",\"Mitropolia Berat\"],\"articleSection\":[\"Lajme\"],\"inLanguage\":\"en-US\"},{\"@type\":\"WebPage\",\"@id\":\"https:\/\/orthodoxalbania.org\/2020\/2013\/03\/21\/90-vjetori-i-kongresit-te-beratit-nje-perpjekje-ne-rrugen-e-autoqefalise\/\",\"url\":\"https:\/\/orthodoxalbania.org\/2020\/2013\/03\/21\/90-vjetori-i-kongresit-te-beratit-nje-perpjekje-ne-rrugen-e-autoqefalise\/\",\"name\":\"90-vjetori i Kongresit t\u00eb Beratit-Nj\u00eb p\u00ebrpjekje n\u00eb rrug\u00ebn e Autoqefalis\u00eb. (2012) - Kisha Orthodh\u03bfkse Autoqefale e Shqip\u00ebris\u00eb\",\"isPartOf\":{\"@id\":\"https:\/\/orthodoxalbania.org\/2020\/#website\"},\"primaryImageOfPage\":{\"@id\":\"https:\/\/orthodoxalbania.org\/2020\/2013\/03\/21\/90-vjetori-i-kongresit-te-beratit-nje-perpjekje-ne-rrugen-e-autoqefalise\/#primaryimage\"},\"image\":{\"@id\":\"https:\/\/orthodoxalbania.org\/2020\/2013\/03\/21\/90-vjetori-i-kongresit-te-beratit-nje-perpjekje-ne-rrugen-e-autoqefalise\/#primaryimage\"},\"thumbnailUrl\":\"https:\/\/lh5.googleusercontent.com\/-5YwRJUneRcA\/UK9HYvVrq0I\/AAAAAAAABLE\/y2Jz4MMSUXc\/s600\/berati.jpg\",\"datePublished\":\"2013-03-21T12:21:59+00:00\",\"dateModified\":\"2020-04-06T20:05:57+00:00\",\"breadcrumb\":{\"@id\":\"https:\/\/orthodoxalbania.org\/2020\/2013\/03\/21\/90-vjetori-i-kongresit-te-beratit-nje-perpjekje-ne-rrugen-e-autoqefalise\/#breadcrumb\"},\"inLanguage\":\"en-US\",\"potentialAction\":[{\"@type\":\"ReadAction\",\"target\":[\"https:\/\/orthodoxalbania.org\/2020\/2013\/03\/21\/90-vjetori-i-kongresit-te-beratit-nje-perpjekje-ne-rrugen-e-autoqefalise\/\"]}]},{\"@type\":\"ImageObject\",\"inLanguage\":\"en-US\",\"@id\":\"https:\/\/orthodoxalbania.org\/2020\/2013\/03\/21\/90-vjetori-i-kongresit-te-beratit-nje-perpjekje-ne-rrugen-e-autoqefalise\/#primaryimage\",\"url\":\"https:\/\/lh5.googleusercontent.com\/-5YwRJUneRcA\/UK9HYvVrq0I\/AAAAAAAABLE\/y2Jz4MMSUXc\/s600\/berati.jpg\",\"contentUrl\":\"https:\/\/lh5.googleusercontent.com\/-5YwRJUneRcA\/UK9HYvVrq0I\/AAAAAAAABLE\/y2Jz4MMSUXc\/s600\/berati.jpg\"},{\"@type\":\"BreadcrumbList\",\"@id\":\"https:\/\/orthodoxalbania.org\/2020\/2013\/03\/21\/90-vjetori-i-kongresit-te-beratit-nje-perpjekje-ne-rrugen-e-autoqefalise\/#breadcrumb\",\"itemListElement\":[{\"@type\":\"ListItem\",\"position\":1,\"name\":\"Home\",\"item\":\"https:\/\/orthodoxalbania.org\/2020\/\"},{\"@type\":\"ListItem\",\"position\":2,\"name\":\"90-vjetori i Kongresit t\u00eb Beratit-Nj\u00eb p\u00ebrpjekje n\u00eb rrug\u00ebn e Autoqefalis\u00eb. (2012)\"}]},{\"@type\":\"WebSite\",\"@id\":\"https:\/\/orthodoxalbania.org\/2020\/#website\",\"url\":\"https:\/\/orthodoxalbania.org\/2020\/\",\"name\":\"Kisha Orthodh\u03bfkse Autoqefale e Shqip\u00ebris\u00eb\",\"description\":\"Fqja Zyrtare e Kish\u00ebs Orthodhokse Autoqefale e Shqip\u00ebris\u00eb me lajmet edhe informacionet zyrtare p\u00ebr struktur\u00ebn edhe veprimtarin e saj.\",\"publisher\":{\"@id\":\"https:\/\/orthodoxalbania.org\/2020\/#organization\"},\"potentialAction\":[{\"@type\":\"SearchAction\",\"target\":{\"@type\":\"EntryPoint\",\"urlTemplate\":\"https:\/\/orthodoxalbania.org\/2020\/?s={search_term_string}\"},\"query-input\":{\"@type\":\"PropertyValueSpecification\",\"valueRequired\":true,\"valueName\":\"search_term_string\"}}],\"inLanguage\":\"en-US\"},{\"@type\":\"Organization\",\"@id\":\"https:\/\/orthodoxalbania.org\/2020\/#organization\",\"name\":\"Kisha Orthodhokse Autoqefale e Shqip\u00ebris\u00eb\",\"url\":\"https:\/\/orthodoxalbania.org\/2020\/\",\"logo\":{\"@type\":\"ImageObject\",\"inLanguage\":\"en-US\",\"@id\":\"https:\/\/orthodoxalbania.org\/2020\/#\/schema\/logo\/image\/\",\"url\":\"https:\/\/orthodoxalbania.org\/2020\/wp-content\/uploads\/2020\/05\/albania.jpeg\",\"contentUrl\":\"https:\/\/orthodoxalbania.org\/2020\/wp-content\/uploads\/2020\/05\/albania.jpeg\",\"width\":540,\"height\":540,\"caption\":\"Kisha Orthodhokse Autoqefale e Shqip\u00ebris\u00eb\"},\"image\":{\"@id\":\"https:\/\/orthodoxalbania.org\/2020\/#\/schema\/logo\/image\/\"},\"sameAs\":[\"https:\/\/www.facebook.com\/koash1991\"]},{\"@type\":\"Person\",\"@id\":\"https:\/\/orthodoxalbania.org\/2020\/#\/schema\/person\/0c387634a7063ac612d7ed9ce71c7e86\",\"name\":\"Kisha Orthodhokse\",\"image\":{\"@type\":\"ImageObject\",\"inLanguage\":\"en-US\",\"@id\":\"https:\/\/secure.gravatar.com\/avatar\/596e7c417251e30f2fbb9c00e026fce61a695a00e51c889caded71c96cbbdde5?s=96&d=mm&r=g\",\"url\":\"https:\/\/secure.gravatar.com\/avatar\/596e7c417251e30f2fbb9c00e026fce61a695a00e51c889caded71c96cbbdde5?s=96&d=mm&r=g\",\"contentUrl\":\"https:\/\/secure.gravatar.com\/avatar\/596e7c417251e30f2fbb9c00e026fce61a695a00e51c889caded71c96cbbdde5?s=96&d=mm&r=g\",\"caption\":\"Kisha Orthodhokse\"}}]}<\/script>\n<!-- \/ Yoast SEO plugin. -->","yoast_head_json":{"title":"90-vjetori i Kongresit t\u00eb Beratit-Nj\u00eb p\u00ebrpjekje n\u00eb rrug\u00ebn e Autoqefalis\u00eb. (2012) - Kisha Orthodh\u03bfkse Autoqefale e Shqip\u00ebris\u00eb","robots":{"index":"index","follow":"follow","max-snippet":"max-snippet:-1","max-image-preview":"max-image-preview:large","max-video-preview":"max-video-preview:-1"},"canonical":"https:\/\/orthodoxalbania.org\/2020\/2013\/03\/21\/90-vjetori-i-kongresit-te-beratit-nje-perpjekje-ne-rrugen-e-autoqefalise\/","og_locale":"en_US","og_type":"article","og_title":"90-vjetori i Kongresit t\u00eb Beratit-Nj\u00eb p\u00ebrpjekje n\u00eb rrug\u00ebn e Autoqefalis\u00eb. (2012) - Kisha Orthodh\u03bfkse Autoqefale e Shqip\u00ebris\u00eb","og_description":"&nbsp;&nbsp;&nbsp; Rruga e Autoqefalis\u00eb s\u00eb Kish\u00ebs son\u00eb ka kaluar mes v\u00ebshtir\u00ebsish, por ka qen\u00eb relativisht e shpejt\u00eb. Nj\u00eb p\u00ebrpjekje e par\u00eb ishte Kongresi i Beratit, q\u00eb kremton 90-vjetorin k\u00ebt\u00eb shtator, p\u00ebr t\u2019u finalizuar me Tomosin Patriarkal q\u00eb do ta njihte Autoqefalin\u00eb 15 vjet me von\u00eb, m\u00eb 1937. Ajo e nisi rrug\u00ebtimin pas pavar\u00ebsis\u00eb, por filloi t\u00eb marr\u00eb forma konkrete pas stabilizimit t\u00eb saj, me Kongresin","og_url":"https:\/\/orthodoxalbania.org\/2020\/2013\/03\/21\/90-vjetori-i-kongresit-te-beratit-nje-perpjekje-ne-rrugen-e-autoqefalise\/","og_site_name":"Kisha Orthodh\u03bfkse Autoqefale e Shqip\u00ebris\u00eb","article_publisher":"https:\/\/www.facebook.com\/koash1991","article_published_time":"2013-03-21T12:21:59+00:00","article_modified_time":"2020-04-06T20:05:57+00:00","og_image":[{"url":"https:\/\/lh5.googleusercontent.com\/-5YwRJUneRcA\/UK9HYvVrq0I\/AAAAAAAABLE\/y2Jz4MMSUXc\/s600\/berati.jpg","type":"","width":"","height":""}],"author":"Kisha Orthodhokse","twitter_card":"summary_large_image","twitter_misc":{"Written by":"Kisha Orthodhokse","Est. reading time":"3 minutes"},"schema":{"@context":"https:\/\/schema.org","@graph":[{"@type":"Article","@id":"https:\/\/orthodoxalbania.org\/2020\/2013\/03\/21\/90-vjetori-i-kongresit-te-beratit-nje-perpjekje-ne-rrugen-e-autoqefalise\/#article","isPartOf":{"@id":"https:\/\/orthodoxalbania.org\/2020\/2013\/03\/21\/90-vjetori-i-kongresit-te-beratit-nje-perpjekje-ne-rrugen-e-autoqefalise\/"},"author":{"name":"Kisha Orthodhokse","@id":"https:\/\/orthodoxalbania.org\/2020\/#\/schema\/person\/0c387634a7063ac612d7ed9ce71c7e86"},"headline":"90-vjetori i Kongresit t\u00eb Beratit-Nj\u00eb p\u00ebrpjekje n\u00eb rrug\u00ebn e Autoqefalis\u00eb. (2012)","datePublished":"2013-03-21T12:21:59+00:00","dateModified":"2020-04-06T20:05:57+00:00","mainEntityOfPage":{"@id":"https:\/\/orthodoxalbania.org\/2020\/2013\/03\/21\/90-vjetori-i-kongresit-te-beratit-nje-perpjekje-ne-rrugen-e-autoqefalise\/"},"wordCount":543,"commentCount":0,"publisher":{"@id":"https:\/\/orthodoxalbania.org\/2020\/#organization"},"image":{"@id":"https:\/\/orthodoxalbania.org\/2020\/2013\/03\/21\/90-vjetori-i-kongresit-te-beratit-nje-perpjekje-ne-rrugen-e-autoqefalise\/#primaryimage"},"thumbnailUrl":"https:\/\/lh5.googleusercontent.com\/-5YwRJUneRcA\/UK9HYvVrq0I\/AAAAAAAABLE\/y2Jz4MMSUXc\/s600\/berati.jpg","keywords":["2012","Deklarata - Njoftime Zyrtare","Kryepiskopata Tiran\u00eb","lajme","Mitropolia Berat"],"articleSection":["Lajme"],"inLanguage":"en-US"},{"@type":"WebPage","@id":"https:\/\/orthodoxalbania.org\/2020\/2013\/03\/21\/90-vjetori-i-kongresit-te-beratit-nje-perpjekje-ne-rrugen-e-autoqefalise\/","url":"https:\/\/orthodoxalbania.org\/2020\/2013\/03\/21\/90-vjetori-i-kongresit-te-beratit-nje-perpjekje-ne-rrugen-e-autoqefalise\/","name":"90-vjetori i Kongresit t\u00eb Beratit-Nj\u00eb p\u00ebrpjekje n\u00eb rrug\u00ebn e Autoqefalis\u00eb. (2012) - Kisha Orthodh\u03bfkse Autoqefale e Shqip\u00ebris\u00eb","isPartOf":{"@id":"https:\/\/orthodoxalbania.org\/2020\/#website"},"primaryImageOfPage":{"@id":"https:\/\/orthodoxalbania.org\/2020\/2013\/03\/21\/90-vjetori-i-kongresit-te-beratit-nje-perpjekje-ne-rrugen-e-autoqefalise\/#primaryimage"},"image":{"@id":"https:\/\/orthodoxalbania.org\/2020\/2013\/03\/21\/90-vjetori-i-kongresit-te-beratit-nje-perpjekje-ne-rrugen-e-autoqefalise\/#primaryimage"},"thumbnailUrl":"https:\/\/lh5.googleusercontent.com\/-5YwRJUneRcA\/UK9HYvVrq0I\/AAAAAAAABLE\/y2Jz4MMSUXc\/s600\/berati.jpg","datePublished":"2013-03-21T12:21:59+00:00","dateModified":"2020-04-06T20:05:57+00:00","breadcrumb":{"@id":"https:\/\/orthodoxalbania.org\/2020\/2013\/03\/21\/90-vjetori-i-kongresit-te-beratit-nje-perpjekje-ne-rrugen-e-autoqefalise\/#breadcrumb"},"inLanguage":"en-US","potentialAction":[{"@type":"ReadAction","target":["https:\/\/orthodoxalbania.org\/2020\/2013\/03\/21\/90-vjetori-i-kongresit-te-beratit-nje-perpjekje-ne-rrugen-e-autoqefalise\/"]}]},{"@type":"ImageObject","inLanguage":"en-US","@id":"https:\/\/orthodoxalbania.org\/2020\/2013\/03\/21\/90-vjetori-i-kongresit-te-beratit-nje-perpjekje-ne-rrugen-e-autoqefalise\/#primaryimage","url":"https:\/\/lh5.googleusercontent.com\/-5YwRJUneRcA\/UK9HYvVrq0I\/AAAAAAAABLE\/y2Jz4MMSUXc\/s600\/berati.jpg","contentUrl":"https:\/\/lh5.googleusercontent.com\/-5YwRJUneRcA\/UK9HYvVrq0I\/AAAAAAAABLE\/y2Jz4MMSUXc\/s600\/berati.jpg"},{"@type":"BreadcrumbList","@id":"https:\/\/orthodoxalbania.org\/2020\/2013\/03\/21\/90-vjetori-i-kongresit-te-beratit-nje-perpjekje-ne-rrugen-e-autoqefalise\/#breadcrumb","itemListElement":[{"@type":"ListItem","position":1,"name":"Home","item":"https:\/\/orthodoxalbania.org\/2020\/"},{"@type":"ListItem","position":2,"name":"90-vjetori i Kongresit t\u00eb Beratit-Nj\u00eb p\u00ebrpjekje n\u00eb rrug\u00ebn e Autoqefalis\u00eb. (2012)"}]},{"@type":"WebSite","@id":"https:\/\/orthodoxalbania.org\/2020\/#website","url":"https:\/\/orthodoxalbania.org\/2020\/","name":"Kisha Orthodh\u03bfkse Autoqefale e Shqip\u00ebris\u00eb","description":"Fqja Zyrtare e Kish\u00ebs Orthodhokse Autoqefale e Shqip\u00ebris\u00eb me lajmet edhe informacionet zyrtare p\u00ebr struktur\u00ebn edhe veprimtarin e saj.","publisher":{"@id":"https:\/\/orthodoxalbania.org\/2020\/#organization"},"potentialAction":[{"@type":"SearchAction","target":{"@type":"EntryPoint","urlTemplate":"https:\/\/orthodoxalbania.org\/2020\/?s={search_term_string}"},"query-input":{"@type":"PropertyValueSpecification","valueRequired":true,"valueName":"search_term_string"}}],"inLanguage":"en-US"},{"@type":"Organization","@id":"https:\/\/orthodoxalbania.org\/2020\/#organization","name":"Kisha Orthodhokse Autoqefale e Shqip\u00ebris\u00eb","url":"https:\/\/orthodoxalbania.org\/2020\/","logo":{"@type":"ImageObject","inLanguage":"en-US","@id":"https:\/\/orthodoxalbania.org\/2020\/#\/schema\/logo\/image\/","url":"https:\/\/orthodoxalbania.org\/2020\/wp-content\/uploads\/2020\/05\/albania.jpeg","contentUrl":"https:\/\/orthodoxalbania.org\/2020\/wp-content\/uploads\/2020\/05\/albania.jpeg","width":540,"height":540,"caption":"Kisha Orthodhokse Autoqefale e Shqip\u00ebris\u00eb"},"image":{"@id":"https:\/\/orthodoxalbania.org\/2020\/#\/schema\/logo\/image\/"},"sameAs":["https:\/\/www.facebook.com\/koash1991"]},{"@type":"Person","@id":"https:\/\/orthodoxalbania.org\/2020\/#\/schema\/person\/0c387634a7063ac612d7ed9ce71c7e86","name":"Kisha Orthodhokse","image":{"@type":"ImageObject","inLanguage":"en-US","@id":"https:\/\/secure.gravatar.com\/avatar\/596e7c417251e30f2fbb9c00e026fce61a695a00e51c889caded71c96cbbdde5?s=96&d=mm&r=g","url":"https:\/\/secure.gravatar.com\/avatar\/596e7c417251e30f2fbb9c00e026fce61a695a00e51c889caded71c96cbbdde5?s=96&d=mm&r=g","contentUrl":"https:\/\/secure.gravatar.com\/avatar\/596e7c417251e30f2fbb9c00e026fce61a695a00e51c889caded71c96cbbdde5?s=96&d=mm&r=g","caption":"Kisha Orthodhokse"}}]}},"_links":{"self":[{"href":"https:\/\/orthodoxalbania.org\/2020\/wp-json\/wp\/v2\/posts\/238","targetHints":{"allow":["GET"]}}],"collection":[{"href":"https:\/\/orthodoxalbania.org\/2020\/wp-json\/wp\/v2\/posts"}],"about":[{"href":"https:\/\/orthodoxalbania.org\/2020\/wp-json\/wp\/v2\/types\/post"}],"author":[{"embeddable":true,"href":"https:\/\/orthodoxalbania.org\/2020\/wp-json\/wp\/v2\/users\/1"}],"replies":[{"embeddable":true,"href":"https:\/\/orthodoxalbania.org\/2020\/wp-json\/wp\/v2\/comments?post=238"}],"version-history":[{"count":1,"href":"https:\/\/orthodoxalbania.org\/2020\/wp-json\/wp\/v2\/posts\/238\/revisions"}],"predecessor-version":[{"id":15291,"href":"https:\/\/orthodoxalbania.org\/2020\/wp-json\/wp\/v2\/posts\/238\/revisions\/15291"}],"wp:attachment":[{"href":"https:\/\/orthodoxalbania.org\/2020\/wp-json\/wp\/v2\/media?parent=238"}],"wp:term":[{"taxonomy":"category","embeddable":true,"href":"https:\/\/orthodoxalbania.org\/2020\/wp-json\/wp\/v2\/categories?post=238"},{"taxonomy":"post_tag","embeddable":true,"href":"https:\/\/orthodoxalbania.org\/2020\/wp-json\/wp\/v2\/tags?post=238"}],"curies":[{"name":"wp","href":"https:\/\/api.w.org\/{rel}","templated":true}]}}