{"id":235,"date":"2007-02-26T00:00:00","date_gmt":"2007-02-26T00:00:00","guid":{"rendered":""},"modified":"2020-04-06T22:35:48","modified_gmt":"2020-04-06T20:35:48","slug":"5-vjet-miqesi-mes-te-rinjve-orthodhokse-dhe-personave-me-aftesi-te-kufizuara-maj-2007","status":"publish","type":"post","link":"https:\/\/orthodoxalbania.org\/2020\/2007\/02\/26\/5-vjet-miqesi-mes-te-rinjve-orthodhokse-dhe-personave-me-aftesi-te-kufizuara-maj-2007\/","title":{"rendered":"5 vjet miq\u00ebsi mes t\u00eb rinjve orthodhoks\u00eb dhe personave me aft\u00ebsi t\u00eb kufizuara. (Maj 2007)"},"content":{"rendered":"<div style=\"text-align: center;\"><span style=\"color: #b22222; font-family: helvetica; font-size: 12pt;\"><strong>Ata kan\u00eb optimiz\u00ebm dhe shpres\u00eb dhe jan\u00eb n\u00eb k\u00ebrkim t\u00eb Per\u00ebndis\u00eb<\/strong><\/span><\/div>\n<div style=\"text-align: justify;\"><span style=\"font-family: helvetica; font-size: 12pt;\"><\/span><\/div>\n<table id=\"AutoNumber3\" style=\"width: 795px; height: 1565px; margin-right: auto; margin-left: auto;\">\n<tbody>\n<tr>\n<td>\n<div style=\"text-align: justify;\"><span style=\"font-family: helvetica; font-size: 12pt;\"><\/span><\/div>\n<p><span style=\"color: #000000; font-family: helvetica; font-size: 12pt;\"><img decoding=\"async\" class=\"lazyload HAa Eha\" style=\"border-width: 1px; border-style: solid; margin: 10px auto; display: block;\" alt=\"\" src=\"data:image\/gif;base64,R0lGODlhAQABAAAAACH5BAEKAAEALAAAAAABAAEAAAICTAEAOw==\" data-orig-src=\"https:\/\/lh4.googleusercontent.com\/-rCicQO1oBg0\/VIlv3WrwMZI\/AAAAAAAAGW4\/CAKjzc4a9xg\/w400-h280-no\/1%2B-%2Bmajtas.jpg\" \/><\/span><\/p>\n<\/td>\n<td>\n<div style=\"text-align: justify;\"><span style=\"color: #000000; font-family: helvetica; font-size: 12pt;\">&nbsp;&nbsp;&nbsp; Rreth 40 persona me aft\u00ebsi t\u00eb kufizuara mor\u00ebn pjes\u00eb n\u00eb datat 25-27 maj n\u00eb veprimtarin\u00eb \u201cFundjava e miq\u00ebsis\u00eb\u201d n\u00eb qytetin e Durr\u00ebsit. Prej pes\u00eb vjet\u00ebsh Zyra Komb\u00ebtare e Rinis\u00eb Orthodhokse n\u00eb kalendarin e veprimtarive t\u00eb shumta t\u00eb saj po organizon me shpenzimet e Kish\u00ebs, nj\u00eb aktivitet t\u00eb shum\u00ebpritur nga kjo kategori sociale, q\u00eb p\u00ebr hir t\u00eb s\u00eb v\u00ebrtet\u00ebs meriton v\u00ebmendje t\u00eb ve\u00e7ant\u00eb nga shoq\u00ebria.<\/span><\/div>\n<\/td>\n<\/tr>\n<tr>\n<td>\n<div style=\"text-align: justify;\"><span style=\"color: #000000; font-family: helvetica; font-size: 12pt;\">&nbsp;&nbsp;&nbsp; &nbsp;<\/span><\/div>\n<div style=\"text-align: justify;\"><span style=\"color: #000000; font-family: helvetica; font-size: 12pt;\">&nbsp;&nbsp;&nbsp; P\u00ebrvoja e fituar nga vitet e kaluara tregoi se miq\u00ebsia mes t\u00eb rinjve orthodhoks\u00eb dhe personave me aft\u00ebsi t\u00eb kufizuara \u00ebsht\u00eb rritur dhe forcuar nga viti n\u00eb vit. K\u00ebt\u00eb vit kishte m\u00eb shum\u00eb t\u00eb rinj me aft\u00ebsi t\u00eb kufizuara, nd\u00ebrsa ata m\u00eb t\u00eb vjetrit zinin vendin e nderit, duke sjell\u00eb eksperienc\u00ebn dhe entuziazmin e tyre. Tre dit\u00ebt e aktivitetit mor\u00ebn p\u00ebrmasat e nj\u00eb feste t\u00eb ve\u00e7ant\u00eb me loj\u00ebra e arg\u00ebtime, me biseda n\u00eb grupe, konkurse dijesh dhe vall\u00ebzimi.<\/span><\/div>\n<div style=\"text-align: justify;\"><span style=\"font-family: helvetica; font-size: 12pt;\"><\/span><\/div>\n<\/td>\n<td>\n<div style=\"text-align: justify;\"><span style=\"font-family: helvetica; font-size: 12pt;\"><\/span><\/div>\n<p><span style=\"color: #000000; font-family: helvetica; font-size: 12pt;\"><img decoding=\"async\" class=\"lazyload HAa Eha\" style=\"border-width: 1px; border-style: solid; margin: 10px auto; display: block;\" alt=\"\" src=\"data:image\/gif;base64,R0lGODlhAQABAAAAACH5BAEKAAEALAAAAAABAAEAAAICTAEAOw==\" data-orig-src=\"https:\/\/lh4.googleusercontent.com\/-YwtOnkXcV1o\/VIlv3ltWYhI\/AAAAAAAAGWs\/37SVd_c5xBk\/w400-h300-no\/2%2B-%2Bdjathtas.jpg\" \/><\/span><\/p>\n<\/td>\n<\/tr>\n<tr>\n<td>\n<div><span style=\"color: #000000; font-family: helvetica; font-size: 12pt;\"><img decoding=\"async\" class=\"lazyload HAa Eha\" style=\"border-width: 1px; border-style: solid; margin: 10px auto; display: block;\" alt=\"\" src=\"data:image\/gif;base64,R0lGODlhAQABAAAAACH5BAEKAAEALAAAAAABAAEAAAICTAEAOw==\" data-orig-src=\"https:\/\/lh6.googleusercontent.com\/-oCxdnexv_hU\/VIlv3cLVTQI\/AAAAAAAAGW0\/_JC3eqBQqUY\/w400-h300-no\/3%2B-%2Bmajtas.jpg\" \/><\/span><\/div>\n<p style=\"text-align: justify;\"><span style=\"font-family: helvetica; font-size: 12pt;\"><\/span><\/p>\n<\/td>\n<td>\n<div style=\"text-align: justify;\"><span style=\"color: #000000; font-family: helvetica; font-size: 12pt;\">&nbsp;&nbsp;&nbsp; Nuk \u00ebsht\u00eb e \u00e7uditshme t\u00eb shikosh se sa bukur din\u00eb t\u00eb k\u00ebrcejn\u00eb edhe k\u00ebta individ\u00eb, t\u00eb cil\u00ebt edhe pse ndodhen n\u00eb karrige me rrota ose n\u00eb paterica, jan\u00eb t\u00eb aft\u00eb t\u00eb p\u00ebrshtaten edhe n\u00eb k\u00ebt\u00eb drejtim. Madje aft\u00ebsit\u00eb e tyre krijuese i kap\u00ebrcejn\u00eb hamendjet. K\u00ebt\u00eb vit u promovuan tre libra t\u00eb rinj nga pjes\u00ebmarr\u00ebsit e k\u00ebtij aktiviteti. Pothuajse n\u00eb \u00e7do veprimtari, ata promovojn\u00eb librat e tyre t\u00eb rinj, duke shfaqur talentin dhe inteligjenc\u00ebn e tyre, por mbi t\u00eb gjitha bot\u00ebn e pasur shpirt\u00ebrore.<\/span><\/div>\n<\/td>\n<\/tr>\n<tr>\n<td>\n<div style=\"text-align: justify;\"><span style=\"color: #000000; font-family: helvetica; font-size: 12pt;\">&nbsp;&nbsp;&nbsp; N\u00eb nj\u00eb nga dit\u00ebt e aktivitetit ishte i ftuar t\u00eb referonte kleriku i Kish\u00ebs Orthodhokse Autoqefale t\u00eb Shqip\u00ebris\u00eb, dhjakon Spiro Kostoli, i cili iu p\u00ebrgjigj interesimit t\u00eb t\u00eb pranishm\u00ebve p\u00ebr disa \u00e7\u00ebshtje fetare. \u201cM\u00eb t\u00ebrhoqi fryma e k\u00ebtyre njer\u00ebzve, pavar\u00ebsisht problemeve q\u00eb kan\u00eb. Ata kan\u00eb optimiz\u00ebm dhe shpres\u00eb dhe jan\u00eb n\u00eb k\u00ebrkim t\u00eb Per\u00ebndis\u00eb. Kisha jep ngush\u00ebllim dhe ngush\u00ebllimi q\u00ebndron n\u00eb bashkimin e njeriut me Per\u00ebndin\u00eb. Mesazhi q\u00eb jep Kisha \u00ebsht\u00eb q\u00eb njeriu sa her\u00eb bie duhet t\u00eb ngrihet. Shpresa jon\u00eb tek dashuria e Per\u00ebndis\u00eb na jep jet\u00eb\u201d \u2013 tha dhjakon Spiro.<\/span><\/div>\n<\/td>\n<td>\n<div><span style=\"color: #000000; font-family: helvetica; font-size: 12pt;\"><img decoding=\"async\" class=\"lazyload HAa Eha\" style=\"border-width: 1px; border-style: solid; margin: 10px auto; display: block;\" alt=\"\" src=\"data:image\/gif;base64,R0lGODlhAQABAAAAACH5BAEKAAEALAAAAAABAAEAAAICTAEAOw==\" data-orig-src=\"https:\/\/lh5.googleusercontent.com\/-Fw0cUBTgE7Q\/VIlv4D57sEI\/AAAAAAAAGWw\/gkhHGzxHnDk\/w300-h400-no\/4%2B-%2Bdjathtas.jpg\" \/><\/span><\/div>\n<p style=\"text-align: justify;\"><span style=\"font-family: helvetica; font-size: 12pt;\"><\/span><\/p>\n<\/td>\n<\/tr>\n<tr>\n<td colspan=\"2\">\n<div style=\"text-align: justify;\"><span style=\"color: #000000; font-family: helvetica; font-size: 12pt;\">&nbsp;&nbsp;&nbsp;&nbsp;<br \/> &nbsp;&nbsp;&nbsp; T\u00eb gjith\u00eb pjes\u00ebmarr\u00ebsit e vler\u00ebsuan k\u00ebt\u00eb veprimtari dhe sugjeruan t\u00eb marr\u00eb p\u00ebrmasa m\u00eb t\u00eb gjera, sepse personat me aft\u00ebsi t\u00eb kufizuara jan\u00eb t\u00eb shumt\u00eb dhe kan\u00eb nevoj\u00eb p\u00ebr t\u00eb qen\u00eb aktiv\u00eb ne jet\u00ebn e p\u00ebrditshme, p\u00ebr t\u00eb patur miq\u00ebsi t\u00eb reja dhe p\u00ebr t\u00eb ofruar p\u00ebrvoj\u00ebn e tyre. Kisha \u00ebsht\u00eb gjithmon\u00eb pran\u00eb njer\u00ebzve n\u00eb nevoj\u00eb me ndihma dhe veprimtari t\u00eb ndryshme kulturore, edukative dhe arg\u00ebtuese. T\u00eb gjith\u00eb pjes\u00ebmarr\u00ebsit u larguan nga ky aktivitet me dashuri dhe fal\u00ebnderim, duke marr\u00eb me vete kujtimet m\u00eb t\u00eb bukura, p\u00ebr t\u2019i treguar ato vitin tjet\u00ebr, n\u00eb fundjav\u00ebn e shum\u00ebpritur t\u00eb miq\u00ebsis\u00eb.<\/span><\/div>\n<\/td>\n<\/tr>\n<tr>\n<td colspan=\"2\">\n<div style=\"text-align: justify;\"><span style=\"font-family: helvetica; font-size: 12pt;\"><\/span><\/div>\n<div style=\"text-align: justify;\"><span style=\"font-family: helvetica; font-size: 12pt;\"><\/span><\/div>\n<div style=\"text-align: justify;\"><span style=\"color: #000000; font-family: helvetica; font-size: 12pt;\"><strong>Isidor Koti<\/strong><\/span><\/div>\n<\/td>\n<\/tr>\n<\/tbody>\n<\/table>\n<p>&nbsp;<\/p>\n","protected":false},"excerpt":{"rendered":"<p>Ata kan\u00eb optimiz\u00ebm dhe shpres\u00eb dhe jan\u00eb n\u00eb k\u00ebrkim t\u00eb Per\u00ebndis\u00eb &nbsp;&nbsp;&nbsp; Rreth 40 persona me aft\u00ebsi t\u00eb kufizuara mor\u00ebn pjes\u00eb n\u00eb datat 25-27 maj n\u00eb veprimtarin\u00eb \u201cFundjava e miq\u00ebsis\u00eb\u201d n\u00eb qytetin e Durr\u00ebsit. Prej pes\u00eb vjet\u00ebsh Zyra Komb\u00ebtare e Rinis\u00eb Orthodhokse n\u00eb kalendarin e veprimtarive t\u00eb shumta t\u00eb saj po organizon me shpenzimet e Kish\u00ebs, nj\u00eb aktivitet t\u00eb shum\u00ebpritur nga kjo kategori sociale, q\u00eb<\/p>\n","protected":false},"author":1,"featured_media":0,"comment_status":"open","ping_status":"open","sticky":false,"template":"","format":"standard","meta":{"_acf_changed":false,"pagelayer_contact_templates":[],"_pagelayer_content":"","inline_featured_image":false,"fifu_image_url":"","fifu_image_alt":"","footnotes":""},"categories":[108],"tags":[147,154,196,212],"class_list":["post-235","post","type-post","status-publish","format-standard","hentry","category-lajme","tag-147","tag-aktivitete","tag-tirane","tag-lajme-d27"],"acf":[],"yoast_head":"<!-- This site is optimized with the Yoast SEO plugin v27.2 - https:\/\/yoast.com\/product\/yoast-seo-wordpress\/ -->\n<title>5 vjet miq\u00ebsi mes t\u00eb rinjve orthodhoks\u00eb dhe personave me aft\u00ebsi t\u00eb kufizuara. (Maj 2007) - Kisha Orthodh\u03bfkse Autoqefale e Shqip\u00ebris\u00eb<\/title>\n<meta name=\"robots\" content=\"index, follow, max-snippet:-1, max-image-preview:large, max-video-preview:-1\" \/>\n<link rel=\"canonical\" href=\"https:\/\/orthodoxalbania.org\/2020\/2007\/02\/26\/5-vjet-miqesi-mes-te-rinjve-orthodhokse-dhe-personave-me-aftesi-te-kufizuara-maj-2007\/\" \/>\n<meta property=\"og:locale\" content=\"en_US\" \/>\n<meta property=\"og:type\" content=\"article\" \/>\n<meta property=\"og:title\" content=\"5 vjet miq\u00ebsi mes t\u00eb rinjve orthodhoks\u00eb dhe personave me aft\u00ebsi t\u00eb kufizuara. (Maj 2007) - Kisha Orthodh\u03bfkse Autoqefale e Shqip\u00ebris\u00eb\" \/>\n<meta property=\"og:description\" content=\"Ata kan\u00eb optimiz\u00ebm dhe shpres\u00eb dhe jan\u00eb n\u00eb k\u00ebrkim t\u00eb Per\u00ebndis\u00eb &nbsp;&nbsp;&nbsp; Rreth 40 persona me aft\u00ebsi t\u00eb kufizuara mor\u00ebn pjes\u00eb n\u00eb datat 25-27 maj n\u00eb veprimtarin\u00eb \u201cFundjava e miq\u00ebsis\u00eb\u201d n\u00eb qytetin e Durr\u00ebsit. Prej pes\u00eb vjet\u00ebsh Zyra Komb\u00ebtare e Rinis\u00eb Orthodhokse n\u00eb kalendarin e veprimtarive t\u00eb shumta t\u00eb saj po organizon me shpenzimet e Kish\u00ebs, nj\u00eb aktivitet t\u00eb shum\u00ebpritur nga kjo kategori sociale, q\u00eb\" \/>\n<meta property=\"og:url\" content=\"https:\/\/orthodoxalbania.org\/2020\/2007\/02\/26\/5-vjet-miqesi-mes-te-rinjve-orthodhokse-dhe-personave-me-aftesi-te-kufizuara-maj-2007\/\" \/>\n<meta property=\"og:site_name\" content=\"Kisha Orthodh\u03bfkse Autoqefale e Shqip\u00ebris\u00eb\" \/>\n<meta property=\"article:publisher\" content=\"https:\/\/www.facebook.com\/koash1991\" \/>\n<meta property=\"article:published_time\" content=\"2007-02-26T00:00:00+00:00\" \/>\n<meta property=\"article:modified_time\" content=\"2020-04-06T20:35:48+00:00\" \/>\n<meta property=\"og:image\" content=\"https:\/\/lh4.googleusercontent.com\/-rCicQO1oBg0\/VIlv3WrwMZI\/AAAAAAAAGW4\/CAKjzc4a9xg\/w400-h280-no\/1%2B-%2Bmajtas.jpg\" \/>\n<meta name=\"author\" content=\"Kisha Orthodhokse\" \/>\n<meta name=\"twitter:card\" content=\"summary_large_image\" \/>\n<meta name=\"twitter:label1\" content=\"Written by\" \/>\n\t<meta name=\"twitter:data1\" content=\"Kisha Orthodhokse\" \/>\n\t<meta name=\"twitter:label2\" content=\"Est. reading time\" \/>\n\t<meta name=\"twitter:data2\" content=\"3 minutes\" \/>\n<script type=\"application\/ld+json\" class=\"yoast-schema-graph\">{\"@context\":\"https:\/\/schema.org\",\"@graph\":[{\"@type\":\"Article\",\"@id\":\"https:\/\/orthodoxalbania.org\/2020\/2007\/02\/26\/5-vjet-miqesi-mes-te-rinjve-orthodhokse-dhe-personave-me-aftesi-te-kufizuara-maj-2007\/#article\",\"isPartOf\":{\"@id\":\"https:\/\/orthodoxalbania.org\/2020\/2007\/02\/26\/5-vjet-miqesi-mes-te-rinjve-orthodhokse-dhe-personave-me-aftesi-te-kufizuara-maj-2007\/\"},\"author\":{\"name\":\"Kisha Orthodhokse\",\"@id\":\"https:\/\/orthodoxalbania.org\/2020\/#\/schema\/person\/0c387634a7063ac612d7ed9ce71c7e86\"},\"headline\":\"5 vjet miq\u00ebsi mes t\u00eb rinjve orthodhoks\u00eb dhe personave me aft\u00ebsi t\u00eb kufizuara. (Maj 2007)\",\"datePublished\":\"2007-02-26T00:00:00+00:00\",\"dateModified\":\"2020-04-06T20:35:48+00:00\",\"mainEntityOfPage\":{\"@id\":\"https:\/\/orthodoxalbania.org\/2020\/2007\/02\/26\/5-vjet-miqesi-mes-te-rinjve-orthodhokse-dhe-personave-me-aftesi-te-kufizuara-maj-2007\/\"},\"wordCount\":552,\"commentCount\":0,\"publisher\":{\"@id\":\"https:\/\/orthodoxalbania.org\/2020\/#organization\"},\"image\":{\"@id\":\"https:\/\/orthodoxalbania.org\/2020\/2007\/02\/26\/5-vjet-miqesi-mes-te-rinjve-orthodhokse-dhe-personave-me-aftesi-te-kufizuara-maj-2007\/#primaryimage\"},\"thumbnailUrl\":\"https:\/\/lh4.googleusercontent.com\/-rCicQO1oBg0\/VIlv3WrwMZI\/AAAAAAAAGW4\/CAKjzc4a9xg\/w400-h280-no\/1%2B-%2Bmajtas.jpg\",\"keywords\":[\"2007\",\"Aktivitete\",\"Kryepiskopata Tiran\u00eb\",\"lajme\"],\"articleSection\":[\"Lajme\"],\"inLanguage\":\"en-US\"},{\"@type\":\"WebPage\",\"@id\":\"https:\/\/orthodoxalbania.org\/2020\/2007\/02\/26\/5-vjet-miqesi-mes-te-rinjve-orthodhokse-dhe-personave-me-aftesi-te-kufizuara-maj-2007\/\",\"url\":\"https:\/\/orthodoxalbania.org\/2020\/2007\/02\/26\/5-vjet-miqesi-mes-te-rinjve-orthodhokse-dhe-personave-me-aftesi-te-kufizuara-maj-2007\/\",\"name\":\"5 vjet miq\u00ebsi mes t\u00eb rinjve orthodhoks\u00eb dhe personave me aft\u00ebsi t\u00eb kufizuara. (Maj 2007) - Kisha Orthodh\u03bfkse Autoqefale e Shqip\u00ebris\u00eb\",\"isPartOf\":{\"@id\":\"https:\/\/orthodoxalbania.org\/2020\/#website\"},\"primaryImageOfPage\":{\"@id\":\"https:\/\/orthodoxalbania.org\/2020\/2007\/02\/26\/5-vjet-miqesi-mes-te-rinjve-orthodhokse-dhe-personave-me-aftesi-te-kufizuara-maj-2007\/#primaryimage\"},\"image\":{\"@id\":\"https:\/\/orthodoxalbania.org\/2020\/2007\/02\/26\/5-vjet-miqesi-mes-te-rinjve-orthodhokse-dhe-personave-me-aftesi-te-kufizuara-maj-2007\/#primaryimage\"},\"thumbnailUrl\":\"https:\/\/lh4.googleusercontent.com\/-rCicQO1oBg0\/VIlv3WrwMZI\/AAAAAAAAGW4\/CAKjzc4a9xg\/w400-h280-no\/1%2B-%2Bmajtas.jpg\",\"datePublished\":\"2007-02-26T00:00:00+00:00\",\"dateModified\":\"2020-04-06T20:35:48+00:00\",\"breadcrumb\":{\"@id\":\"https:\/\/orthodoxalbania.org\/2020\/2007\/02\/26\/5-vjet-miqesi-mes-te-rinjve-orthodhokse-dhe-personave-me-aftesi-te-kufizuara-maj-2007\/#breadcrumb\"},\"inLanguage\":\"en-US\",\"potentialAction\":[{\"@type\":\"ReadAction\",\"target\":[\"https:\/\/orthodoxalbania.org\/2020\/2007\/02\/26\/5-vjet-miqesi-mes-te-rinjve-orthodhokse-dhe-personave-me-aftesi-te-kufizuara-maj-2007\/\"]}]},{\"@type\":\"ImageObject\",\"inLanguage\":\"en-US\",\"@id\":\"https:\/\/orthodoxalbania.org\/2020\/2007\/02\/26\/5-vjet-miqesi-mes-te-rinjve-orthodhokse-dhe-personave-me-aftesi-te-kufizuara-maj-2007\/#primaryimage\",\"url\":\"https:\/\/lh4.googleusercontent.com\/-rCicQO1oBg0\/VIlv3WrwMZI\/AAAAAAAAGW4\/CAKjzc4a9xg\/w400-h280-no\/1%2B-%2Bmajtas.jpg\",\"contentUrl\":\"https:\/\/lh4.googleusercontent.com\/-rCicQO1oBg0\/VIlv3WrwMZI\/AAAAAAAAGW4\/CAKjzc4a9xg\/w400-h280-no\/1%2B-%2Bmajtas.jpg\"},{\"@type\":\"BreadcrumbList\",\"@id\":\"https:\/\/orthodoxalbania.org\/2020\/2007\/02\/26\/5-vjet-miqesi-mes-te-rinjve-orthodhokse-dhe-personave-me-aftesi-te-kufizuara-maj-2007\/#breadcrumb\",\"itemListElement\":[{\"@type\":\"ListItem\",\"position\":1,\"name\":\"Home\",\"item\":\"https:\/\/orthodoxalbania.org\/2020\/\"},{\"@type\":\"ListItem\",\"position\":2,\"name\":\"5 vjet miq\u00ebsi mes t\u00eb rinjve orthodhoks\u00eb dhe personave me aft\u00ebsi t\u00eb kufizuara. (Maj 2007)\"}]},{\"@type\":\"WebSite\",\"@id\":\"https:\/\/orthodoxalbania.org\/2020\/#website\",\"url\":\"https:\/\/orthodoxalbania.org\/2020\/\",\"name\":\"Kisha Orthodh\u03bfkse Autoqefale e Shqip\u00ebris\u00eb\",\"description\":\"Fqja Zyrtare e Kish\u00ebs Orthodhokse Autoqefale e Shqip\u00ebris\u00eb me lajmet edhe informacionet zyrtare p\u00ebr struktur\u00ebn edhe veprimtarin e saj.\",\"publisher\":{\"@id\":\"https:\/\/orthodoxalbania.org\/2020\/#organization\"},\"potentialAction\":[{\"@type\":\"SearchAction\",\"target\":{\"@type\":\"EntryPoint\",\"urlTemplate\":\"https:\/\/orthodoxalbania.org\/2020\/?s={search_term_string}\"},\"query-input\":{\"@type\":\"PropertyValueSpecification\",\"valueRequired\":true,\"valueName\":\"search_term_string\"}}],\"inLanguage\":\"en-US\"},{\"@type\":\"Organization\",\"@id\":\"https:\/\/orthodoxalbania.org\/2020\/#organization\",\"name\":\"Kisha Orthodhokse Autoqefale e Shqip\u00ebris\u00eb\",\"url\":\"https:\/\/orthodoxalbania.org\/2020\/\",\"logo\":{\"@type\":\"ImageObject\",\"inLanguage\":\"en-US\",\"@id\":\"https:\/\/orthodoxalbania.org\/2020\/#\/schema\/logo\/image\/\",\"url\":\"https:\/\/orthodoxalbania.org\/2020\/wp-content\/uploads\/2020\/05\/albania.jpeg\",\"contentUrl\":\"https:\/\/orthodoxalbania.org\/2020\/wp-content\/uploads\/2020\/05\/albania.jpeg\",\"width\":540,\"height\":540,\"caption\":\"Kisha Orthodhokse Autoqefale e Shqip\u00ebris\u00eb\"},\"image\":{\"@id\":\"https:\/\/orthodoxalbania.org\/2020\/#\/schema\/logo\/image\/\"},\"sameAs\":[\"https:\/\/www.facebook.com\/koash1991\"]},{\"@type\":\"Person\",\"@id\":\"https:\/\/orthodoxalbania.org\/2020\/#\/schema\/person\/0c387634a7063ac612d7ed9ce71c7e86\",\"name\":\"Kisha Orthodhokse\",\"image\":{\"@type\":\"ImageObject\",\"inLanguage\":\"en-US\",\"@id\":\"https:\/\/secure.gravatar.com\/avatar\/596e7c417251e30f2fbb9c00e026fce61a695a00e51c889caded71c96cbbdde5?s=96&d=mm&r=g\",\"url\":\"https:\/\/secure.gravatar.com\/avatar\/596e7c417251e30f2fbb9c00e026fce61a695a00e51c889caded71c96cbbdde5?s=96&d=mm&r=g\",\"contentUrl\":\"https:\/\/secure.gravatar.com\/avatar\/596e7c417251e30f2fbb9c00e026fce61a695a00e51c889caded71c96cbbdde5?s=96&d=mm&r=g\",\"caption\":\"Kisha Orthodhokse\"}}]}<\/script>\n<!-- \/ Yoast SEO plugin. -->","yoast_head_json":{"title":"5 vjet miq\u00ebsi mes t\u00eb rinjve orthodhoks\u00eb dhe personave me aft\u00ebsi t\u00eb kufizuara. (Maj 2007) - Kisha Orthodh\u03bfkse Autoqefale e Shqip\u00ebris\u00eb","robots":{"index":"index","follow":"follow","max-snippet":"max-snippet:-1","max-image-preview":"max-image-preview:large","max-video-preview":"max-video-preview:-1"},"canonical":"https:\/\/orthodoxalbania.org\/2020\/2007\/02\/26\/5-vjet-miqesi-mes-te-rinjve-orthodhokse-dhe-personave-me-aftesi-te-kufizuara-maj-2007\/","og_locale":"en_US","og_type":"article","og_title":"5 vjet miq\u00ebsi mes t\u00eb rinjve orthodhoks\u00eb dhe personave me aft\u00ebsi t\u00eb kufizuara. (Maj 2007) - Kisha Orthodh\u03bfkse Autoqefale e Shqip\u00ebris\u00eb","og_description":"Ata kan\u00eb optimiz\u00ebm dhe shpres\u00eb dhe jan\u00eb n\u00eb k\u00ebrkim t\u00eb Per\u00ebndis\u00eb &nbsp;&nbsp;&nbsp; Rreth 40 persona me aft\u00ebsi t\u00eb kufizuara mor\u00ebn pjes\u00eb n\u00eb datat 25-27 maj n\u00eb veprimtarin\u00eb \u201cFundjava e miq\u00ebsis\u00eb\u201d n\u00eb qytetin e Durr\u00ebsit. Prej pes\u00eb vjet\u00ebsh Zyra Komb\u00ebtare e Rinis\u00eb Orthodhokse n\u00eb kalendarin e veprimtarive t\u00eb shumta t\u00eb saj po organizon me shpenzimet e Kish\u00ebs, nj\u00eb aktivitet t\u00eb shum\u00ebpritur nga kjo kategori sociale, q\u00eb","og_url":"https:\/\/orthodoxalbania.org\/2020\/2007\/02\/26\/5-vjet-miqesi-mes-te-rinjve-orthodhokse-dhe-personave-me-aftesi-te-kufizuara-maj-2007\/","og_site_name":"Kisha Orthodh\u03bfkse Autoqefale e Shqip\u00ebris\u00eb","article_publisher":"https:\/\/www.facebook.com\/koash1991","article_published_time":"2007-02-26T00:00:00+00:00","article_modified_time":"2020-04-06T20:35:48+00:00","og_image":[{"url":"https:\/\/lh4.googleusercontent.com\/-rCicQO1oBg0\/VIlv3WrwMZI\/AAAAAAAAGW4\/CAKjzc4a9xg\/w400-h280-no\/1%2B-%2Bmajtas.jpg","type":"","width":"","height":""}],"author":"Kisha Orthodhokse","twitter_card":"summary_large_image","twitter_misc":{"Written by":"Kisha Orthodhokse","Est. reading time":"3 minutes"},"schema":{"@context":"https:\/\/schema.org","@graph":[{"@type":"Article","@id":"https:\/\/orthodoxalbania.org\/2020\/2007\/02\/26\/5-vjet-miqesi-mes-te-rinjve-orthodhokse-dhe-personave-me-aftesi-te-kufizuara-maj-2007\/#article","isPartOf":{"@id":"https:\/\/orthodoxalbania.org\/2020\/2007\/02\/26\/5-vjet-miqesi-mes-te-rinjve-orthodhokse-dhe-personave-me-aftesi-te-kufizuara-maj-2007\/"},"author":{"name":"Kisha Orthodhokse","@id":"https:\/\/orthodoxalbania.org\/2020\/#\/schema\/person\/0c387634a7063ac612d7ed9ce71c7e86"},"headline":"5 vjet miq\u00ebsi mes t\u00eb rinjve orthodhoks\u00eb dhe personave me aft\u00ebsi t\u00eb kufizuara. (Maj 2007)","datePublished":"2007-02-26T00:00:00+00:00","dateModified":"2020-04-06T20:35:48+00:00","mainEntityOfPage":{"@id":"https:\/\/orthodoxalbania.org\/2020\/2007\/02\/26\/5-vjet-miqesi-mes-te-rinjve-orthodhokse-dhe-personave-me-aftesi-te-kufizuara-maj-2007\/"},"wordCount":552,"commentCount":0,"publisher":{"@id":"https:\/\/orthodoxalbania.org\/2020\/#organization"},"image":{"@id":"https:\/\/orthodoxalbania.org\/2020\/2007\/02\/26\/5-vjet-miqesi-mes-te-rinjve-orthodhokse-dhe-personave-me-aftesi-te-kufizuara-maj-2007\/#primaryimage"},"thumbnailUrl":"https:\/\/lh4.googleusercontent.com\/-rCicQO1oBg0\/VIlv3WrwMZI\/AAAAAAAAGW4\/CAKjzc4a9xg\/w400-h280-no\/1%2B-%2Bmajtas.jpg","keywords":["2007","Aktivitete","Kryepiskopata Tiran\u00eb","lajme"],"articleSection":["Lajme"],"inLanguage":"en-US"},{"@type":"WebPage","@id":"https:\/\/orthodoxalbania.org\/2020\/2007\/02\/26\/5-vjet-miqesi-mes-te-rinjve-orthodhokse-dhe-personave-me-aftesi-te-kufizuara-maj-2007\/","url":"https:\/\/orthodoxalbania.org\/2020\/2007\/02\/26\/5-vjet-miqesi-mes-te-rinjve-orthodhokse-dhe-personave-me-aftesi-te-kufizuara-maj-2007\/","name":"5 vjet miq\u00ebsi mes t\u00eb rinjve orthodhoks\u00eb dhe personave me aft\u00ebsi t\u00eb kufizuara. (Maj 2007) - Kisha Orthodh\u03bfkse Autoqefale e Shqip\u00ebris\u00eb","isPartOf":{"@id":"https:\/\/orthodoxalbania.org\/2020\/#website"},"primaryImageOfPage":{"@id":"https:\/\/orthodoxalbania.org\/2020\/2007\/02\/26\/5-vjet-miqesi-mes-te-rinjve-orthodhokse-dhe-personave-me-aftesi-te-kufizuara-maj-2007\/#primaryimage"},"image":{"@id":"https:\/\/orthodoxalbania.org\/2020\/2007\/02\/26\/5-vjet-miqesi-mes-te-rinjve-orthodhokse-dhe-personave-me-aftesi-te-kufizuara-maj-2007\/#primaryimage"},"thumbnailUrl":"https:\/\/lh4.googleusercontent.com\/-rCicQO1oBg0\/VIlv3WrwMZI\/AAAAAAAAGW4\/CAKjzc4a9xg\/w400-h280-no\/1%2B-%2Bmajtas.jpg","datePublished":"2007-02-26T00:00:00+00:00","dateModified":"2020-04-06T20:35:48+00:00","breadcrumb":{"@id":"https:\/\/orthodoxalbania.org\/2020\/2007\/02\/26\/5-vjet-miqesi-mes-te-rinjve-orthodhokse-dhe-personave-me-aftesi-te-kufizuara-maj-2007\/#breadcrumb"},"inLanguage":"en-US","potentialAction":[{"@type":"ReadAction","target":["https:\/\/orthodoxalbania.org\/2020\/2007\/02\/26\/5-vjet-miqesi-mes-te-rinjve-orthodhokse-dhe-personave-me-aftesi-te-kufizuara-maj-2007\/"]}]},{"@type":"ImageObject","inLanguage":"en-US","@id":"https:\/\/orthodoxalbania.org\/2020\/2007\/02\/26\/5-vjet-miqesi-mes-te-rinjve-orthodhokse-dhe-personave-me-aftesi-te-kufizuara-maj-2007\/#primaryimage","url":"https:\/\/lh4.googleusercontent.com\/-rCicQO1oBg0\/VIlv3WrwMZI\/AAAAAAAAGW4\/CAKjzc4a9xg\/w400-h280-no\/1%2B-%2Bmajtas.jpg","contentUrl":"https:\/\/lh4.googleusercontent.com\/-rCicQO1oBg0\/VIlv3WrwMZI\/AAAAAAAAGW4\/CAKjzc4a9xg\/w400-h280-no\/1%2B-%2Bmajtas.jpg"},{"@type":"BreadcrumbList","@id":"https:\/\/orthodoxalbania.org\/2020\/2007\/02\/26\/5-vjet-miqesi-mes-te-rinjve-orthodhokse-dhe-personave-me-aftesi-te-kufizuara-maj-2007\/#breadcrumb","itemListElement":[{"@type":"ListItem","position":1,"name":"Home","item":"https:\/\/orthodoxalbania.org\/2020\/"},{"@type":"ListItem","position":2,"name":"5 vjet miq\u00ebsi mes t\u00eb rinjve orthodhoks\u00eb dhe personave me aft\u00ebsi t\u00eb kufizuara. (Maj 2007)"}]},{"@type":"WebSite","@id":"https:\/\/orthodoxalbania.org\/2020\/#website","url":"https:\/\/orthodoxalbania.org\/2020\/","name":"Kisha Orthodh\u03bfkse Autoqefale e Shqip\u00ebris\u00eb","description":"Fqja Zyrtare e Kish\u00ebs Orthodhokse Autoqefale e Shqip\u00ebris\u00eb me lajmet edhe informacionet zyrtare p\u00ebr struktur\u00ebn edhe veprimtarin e saj.","publisher":{"@id":"https:\/\/orthodoxalbania.org\/2020\/#organization"},"potentialAction":[{"@type":"SearchAction","target":{"@type":"EntryPoint","urlTemplate":"https:\/\/orthodoxalbania.org\/2020\/?s={search_term_string}"},"query-input":{"@type":"PropertyValueSpecification","valueRequired":true,"valueName":"search_term_string"}}],"inLanguage":"en-US"},{"@type":"Organization","@id":"https:\/\/orthodoxalbania.org\/2020\/#organization","name":"Kisha Orthodhokse Autoqefale e Shqip\u00ebris\u00eb","url":"https:\/\/orthodoxalbania.org\/2020\/","logo":{"@type":"ImageObject","inLanguage":"en-US","@id":"https:\/\/orthodoxalbania.org\/2020\/#\/schema\/logo\/image\/","url":"https:\/\/orthodoxalbania.org\/2020\/wp-content\/uploads\/2020\/05\/albania.jpeg","contentUrl":"https:\/\/orthodoxalbania.org\/2020\/wp-content\/uploads\/2020\/05\/albania.jpeg","width":540,"height":540,"caption":"Kisha Orthodhokse Autoqefale e Shqip\u00ebris\u00eb"},"image":{"@id":"https:\/\/orthodoxalbania.org\/2020\/#\/schema\/logo\/image\/"},"sameAs":["https:\/\/www.facebook.com\/koash1991"]},{"@type":"Person","@id":"https:\/\/orthodoxalbania.org\/2020\/#\/schema\/person\/0c387634a7063ac612d7ed9ce71c7e86","name":"Kisha Orthodhokse","image":{"@type":"ImageObject","inLanguage":"en-US","@id":"https:\/\/secure.gravatar.com\/avatar\/596e7c417251e30f2fbb9c00e026fce61a695a00e51c889caded71c96cbbdde5?s=96&d=mm&r=g","url":"https:\/\/secure.gravatar.com\/avatar\/596e7c417251e30f2fbb9c00e026fce61a695a00e51c889caded71c96cbbdde5?s=96&d=mm&r=g","contentUrl":"https:\/\/secure.gravatar.com\/avatar\/596e7c417251e30f2fbb9c00e026fce61a695a00e51c889caded71c96cbbdde5?s=96&d=mm&r=g","caption":"Kisha Orthodhokse"}}]}},"_links":{"self":[{"href":"https:\/\/orthodoxalbania.org\/2020\/wp-json\/wp\/v2\/posts\/235","targetHints":{"allow":["GET"]}}],"collection":[{"href":"https:\/\/orthodoxalbania.org\/2020\/wp-json\/wp\/v2\/posts"}],"about":[{"href":"https:\/\/orthodoxalbania.org\/2020\/wp-json\/wp\/v2\/types\/post"}],"author":[{"embeddable":true,"href":"https:\/\/orthodoxalbania.org\/2020\/wp-json\/wp\/v2\/users\/1"}],"replies":[{"embeddable":true,"href":"https:\/\/orthodoxalbania.org\/2020\/wp-json\/wp\/v2\/comments?post=235"}],"version-history":[{"count":1,"href":"https:\/\/orthodoxalbania.org\/2020\/wp-json\/wp\/v2\/posts\/235\/revisions"}],"predecessor-version":[{"id":15769,"href":"https:\/\/orthodoxalbania.org\/2020\/wp-json\/wp\/v2\/posts\/235\/revisions\/15769"}],"wp:attachment":[{"href":"https:\/\/orthodoxalbania.org\/2020\/wp-json\/wp\/v2\/media?parent=235"}],"wp:term":[{"taxonomy":"category","embeddable":true,"href":"https:\/\/orthodoxalbania.org\/2020\/wp-json\/wp\/v2\/categories?post=235"},{"taxonomy":"post_tag","embeddable":true,"href":"https:\/\/orthodoxalbania.org\/2020\/wp-json\/wp\/v2\/tags?post=235"}],"curies":[{"name":"wp","href":"https:\/\/api.w.org\/{rel}","templated":true}]}}