{"id":233,"date":"2013-03-21T10:28:28","date_gmt":"2013-03-21T10:28:28","guid":{"rendered":""},"modified":"2020-04-06T22:31:54","modified_gmt":"2020-04-06T20:31:54","slug":"20-vjet-nga-ringritja-e-arsimit-kishtar-u-festua-pervjetori-i-hapjes-se-seminarit-orthodhoks-me-7-shkurt-1992-filloi-mesimin-kursi-i-pare-per-klerike","status":"publish","type":"post","link":"https:\/\/orthodoxalbania.org\/2020\/2013\/03\/21\/20-vjet-nga-ringritja-e-arsimit-kishtar-u-festua-pervjetori-i-hapjes-se-seminarit-orthodhoks-me-7-shkurt-1992-filloi-mesimin-kursi-i-pare-per-klerike\/","title":{"rendered":"20 vjet nga ringritja e arsimit kishtar U festua p\u00ebrvjetori i hapjes s\u00eb Seminarit Orthodhoks  (Shkurt 2012)"},"content":{"rendered":"<div style=\"text-align: center;\"><span style=\"font-family: helvetica; font-size: 12pt;\"><strong><span style=\"color: #b22222;\">&#8211; M\u00eb 7 shkurt 1992 filloi m\u00ebsimin kursi i par\u00eb p\u00ebr klerik\u00eb &#8211;<\/span><\/strong><\/span><\/div>\n<div style=\"text-align: justify;\"><span style=\"font-family: helvetica; font-size: 12pt;\"><\/span><\/div>\n<div style=\"text-align: justify;\">\n<div style=\"text-align: justify;\"><span style=\"color: #000000; font-family: helvetica; font-size: 12pt;\"><img decoding=\"async\" class=\"lazyload HAa Eha\" style=\"height: 225px; width: 300px; border-width: 1px; border-style: solid; margin: 10px; float: left;\" alt=\"\" src=\"data:image\/gif;base64,R0lGODlhAQABAAAAACH5BAEKAAEALAAAAAABAAEAAAICTAEAOw==\" data-orig-src=\"https:\/\/lh6.googleusercontent.com\/-mDPksdNvL8E\/VARdNtd7rmI\/AAAAAAAACv4\/e5QJjDTP8fA\/w958-h719-no\/424911_236275709791153_108930609192331_508556_538944103_n.jpg\" \/><\/span><\/div>\n<p><span style=\"color: #000000; font-family: helvetica; font-size: 12pt;\">&nbsp; &nbsp; N\u00eb k\u00ebto dy dekada nuk jan\u00eb t\u00eb shumta jan\u00eb ngjarjet q\u00eb arrijn\u00eb t\u00eb p\u00ebrmbledhin n\u00eb vetvete mrekullin\u00eb e ringritjes s\u00eb Kish\u00ebs son\u00eb pas dimrit ateist dhe nj\u00ebkoh\u00ebsisht t\u00eb d\u00ebshmojn\u00eb largpam\u00ebsin\u00eb vizionare t\u00eb Kryepiskopit Anastas, sa hapja e k\u00ebsaj shkolle. Kur u mbyll\u00ebn kishat, me gjith\u00eb kufizimet e p\u00ebrndjekjet, Kisha jon\u00eb kishte ende rreth 400 prifterinj q\u00eb sh\u00ebrbenin n\u00eb gjith\u00eb vendin. N\u00eb vitin 1991 kishin mbetur vet\u00ebm 20, n\u00eb mosh\u00eb t\u00eb shtyr\u00eb, nj\u00eb pjes\u00eb t\u00eb pamundur p\u00ebr t\u00eb sh\u00ebrbyer e t\u00eb tjer\u00ebt t\u00eb s\u00ebmur\u00eb, n\u00eb fund t\u00eb rrug\u00ebtimit t\u00eb tyre tok\u00ebsor (sot kane mbetur gjall\u00eb vet\u00ebm 2 nga ata).&nbsp;<\/span><\/div>\n<div style=\"text-align: justify;\"><span style=\"color: #000000; font-family: helvetica; font-size: 12pt;\"> &nbsp;&nbsp;&nbsp; N\u00eb \u00e7astin e ardhjes n\u00eb Shqip\u00ebri, Eksarku Patriarkal, Anastasi, kishte gjetur vet\u00ebm rr\u00ebnojat e kishave t\u00eb shkat\u00ebrruara, por rr\u00ebnojat shpirt\u00ebrore ishin edhe m\u00eb t\u00eb m\u00ebdha. Ndaj, krahas ringritjes s\u00eb tempujve duhej ringritur edhe kisha n\u00eb shpirtin e besimtar\u00ebve, por kjo nuk mund t\u00eb b\u00ebhej pa barinj, pa klerik\u00eb, q\u00eb do kryenin sh\u00ebrbesat e do drejtonin njer\u00ebzit n\u00eb besim. Disa t\u00eb &nbsp;rinj entuziast\u00eb ishin drejtuar jasht\u00eb kufijve, p\u00ebr t\u00eb marr\u00eb m\u00ebsime fetare, por Fortlumturia e Tij ishte i bindur se nuk mund t\u00eb ecej p\u00ebrpara pa krijuar kushtet q\u00eb ata q\u00eb d\u00ebshironin t\u2019i hynin k\u00ebsaj rruge t\u00eb v\u00ebshtir\u00eb, por t\u00eb bekuar, t\u00eb kishin mund\u00ebsi t\u00eb shkolloheshin k\u00ebtu, n\u00eb vend. Ndaj e p\u00ebrcaktoi si p\u00ebrpar\u00ebsi hapjen e Seminarit Orthodhoks. <\/span><\/div>\n<div style=\"text-align: justify;\"><span style=\"color: #000000; font-family: helvetica; font-size: 12pt;\"> <img decoding=\"async\" class=\"lazyload HAa Eha\" style=\"height: 169px; width: 300px; border-width: 1px; border-style: solid; margin: 10px; float: right;\" alt=\"\" src=\"data:image\/gif;base64,R0lGODlhAQABAAAAACH5BAEKAAEALAAAAAABAAEAAAICTAEAOw==\" data-orig-src=\"https:\/\/lh4.googleusercontent.com\/-HnQh0EqrjJI\/VARc_rgZowI\/AAAAAAAACvU\/Wa2-vZv5pFw\/w600-h337-no\/IMG_4016_600x337.JPG\" \/>&nbsp; &nbsp; M\u00eb 7 shkurt 1992, n\u00eb mjediset e mara me qira n\u00eb kampin e pun\u00ebtor\u00ebve n\u00eb Durr\u00ebs, u mblodh\u00ebn 45 nx\u00ebn\u00ebsit e par\u00eb, t\u00eb moshave t\u00eb ndryshme, t\u00eb cil\u00ebt, me gjith\u00eb kushtet mjaft t\u00eb v\u00ebshtira, ishin entuaziast\u00eb p\u00ebr t\u2019i sh\u00ebrbyer Kish\u00ebs q\u00eb po rilindte. M\u00ebsuesit e par\u00eb ishin vet\u00eb Kryepiskopi, at\u00eb Ilia Katre nga SHBA (q\u00eb ishte edhe drejtori i par\u00eb), teologu Dhimit\u00ebr Beduli, q\u00eb kishte drejtuar Seminarin Teologjik t\u00eb mbyllur n\u00eb vitin 1945, teologu Teodor Papapavli etj., por edhe murgj e teolog\u00eb t\u00eb ardhur nga jasht\u00eb me d\u00ebshir\u00ebn p\u00ebr t\u00eb kontribuar n\u00eb k\u00ebt\u00eb vep\u00ebr titanike.<\/span><\/div>\n<div style=\"text-align: justify;\"><span style=\"color: #000000; font-family: helvetica; font-size: 12pt;\"> &nbsp;&nbsp;&nbsp; Mjediset ishin t\u00eb pap\u00ebrshtatshme p\u00ebr t\u2019u realizuar si duhej gjith\u00eb procesi m\u00ebsimor. N\u00eb munges\u00eb t\u00eb nj\u00eb trualli, q\u00eb nuk u dha kurr\u00eb, Kryepiskopi Anastas siguroi fondet p\u00ebr t\u00eb ribler\u00eb tok\u00ebn e Manastirit n\u00eb Sh\u00ebn Vlash, Durr\u00ebs, ku n\u00eb nj\u00eb pjes\u00eb t\u00eb saj nisi nd\u00ebrtimi i nj\u00eb Akademie Teologjike moderne, e cila priti nx\u00ebn\u00ebsit e par\u00eb n\u00eb vitin 1996. Nga bankat e saj kan\u00eb dal\u00eb gati t\u00eb gjith\u00eb klerik\u00ebt q\u00eb sh\u00ebrbejn\u00eb n\u00eb t\u00eb gjith\u00eb vendin dhe dhjet\u00ebra katekist\u00eb &nbsp;e kuadro t\u00eb rinj t\u00eb Kish\u00ebs son\u00eb. N\u00eb mb\u00ebshtetje t\u00eb Akademis\u00eb funksionojn\u00eb edhe dy lice kishtar\u00eb \u201cKryqi i Nderuar\u201d, n\u00eb Gjirokast\u00ebr dhe n\u00eb Sukth, Durr\u00ebs.<\/span><\/div>\n<div style=\"text-align: justify;\"><span style=\"color: #000000; font-family: helvetica; font-size: 12pt;\"> &nbsp; &nbsp; Me rastin e k\u00ebtij p\u00ebrvjetori, n\u00eb Manastirin e ri t\u00eb Sh\u00ebn Vlashit dhe n\u00eb mjediset e Akademis\u00eb Theologjke \u201cNgjallja e Krishtit\u201d u organizuan disa veprimtari. Ato nis\u00ebn me Liturgjin\u00eb Hyjnore n\u00eb kish\u00ebn e Manastirit, p\u00ebr t\u00eb vazhduar me aktivitetin e titulluar \u201cT\u00eb gjitha jan\u00eb t\u00eb mundura p\u00ebr Per\u00ebndin\u00eb\u201d. Nderuan me pjes\u00ebmarrjen e tyre Krypiskopi i Tiran\u00ebs, Durr\u00ebsit dhe i gjith\u00eb Shqip\u00ebris\u00eb, Anastasi, Mitropoliti i Kor\u00e7\u00ebs, Joani, Episkopi i Kruj\u00ebs Andoni, Episkopi i Apollonis\u00eb Nikolla dhe dy an\u00ebtar\u00ebt m\u00eb t\u00eb rinj t\u00eb Sinodit t\u00eb Shenjt\u00eb, Episkopi i Amantias Nathanaili dhe Episkopi i Bylisit Asti. Mor\u00ebn pjes\u00eb edhe klerik\u00eb ish-nx\u00ebn\u00ebs n\u00eb kursin e par\u00eb t\u00eb shkoll\u00ebs, n\u00eb vitin 1992, student\u00eb t\u00eb Akademis\u00eb etj.<\/span><\/div>\n<div style=\"text-align: justify;\"><span style=\"color: #000000; font-family: helvetica; font-size: 12pt;\"> <img decoding=\"async\" class=\"lazyload HAa Eha\" style=\"height: 260px; width: 146px; border-width: 1px; border-style: solid; margin: 10px; float: left;\" alt=\"\" src=\"data:image\/gif;base64,R0lGODlhAQABAAAAACH5BAEKAAEALAAAAAABAAEAAAICTAEAOw==\" data-orig-src=\"https:\/\/lh4.googleusercontent.com\/-nL_A8iAFX5Y\/VARc_d8E-_I\/AAAAAAAACvs\/MvHGGd2Iams\/w337-h600-no\/IMG_4003_337x600.JPG\" \/>&nbsp; &nbsp; P\u00ebr p\u00ebrvjetorin e shkoll\u00ebs foli Episkopi i Apollonis\u00eb, Hir\u00ebsi Nikolla, drejtor i komanduar i Akademis\u00eb Teologjike, dhe m\u00eb pas u shfaq nj\u00eb montazh<img decoding=\"async\" class=\"lazyload HAa Eha\" style=\"height: 107px; width: 190px; border-width: 1px; border-style: solid; margin: 10px; float: right;\" alt=\"\" src=\"data:image\/gif;base64,R0lGODlhAQABAAAAACH5BAEKAAEALAAAAAABAAEAAAICTAEAOw==\" data-orig-src=\"https:\/\/lh4.googleusercontent.com\/-DSiE-PPcDd0\/VARdANTnY4I\/AAAAAAAACvc\/XG_81rPjgMg\/w600-h337-no\/IMG_4025_600x337.JPG\" \/> fotografik p\u00ebr rrug\u00ebn e shkoll\u00ebs n\u00eb k\u00ebto dy dekada. M\u00eb pas u mbajt\u00ebn referate nga dy pedagog\u00eb, nga znj. Violeta Plepi &#8220;Student\u00ebt e Akademis\u00eb n\u00eb sh\u00ebrbim t\u00eb Kish\u00ebs s\u00eb Krishtit&#8221; &nbsp;dhe nga z. Nathan Hope &#8220;Themeli apostolik p\u00ebr nj\u00eb thirrje apostolike&#8221;. Pastaj u lexuan p\u00ebrsh\u00ebndetjet nga drejtori i par\u00eb, Hir\u00ebsi Ilia dhe ish-pedagogu at\u00eb Luka Veroni, si dhe foli Protopresviter Jani Trebicka, nj\u00eb nga nx\u00ebn\u00ebsit e kursit t\u00eb par\u00eb, sot Kryesekretar i Sinodit t\u00eb Shenjt\u00eb. N\u00eb fund t\u00eb pranishmit i p\u00ebrsh\u00ebndeti Kryepiskopi Anastas, i cili u ndal n\u00eb rrug\u00ebn e b\u00ebr\u00eb, por edhe n\u00eb detyrat e synimet p\u00ebr t\u00eb ardhmen. Pastaj Fortlumturia e Tij mbajti nj\u00eb referat mbi m\u00ebnyr\u00ebn si duhet kuptuar teologjia n\u00eb dit\u00ebt e sotme.<\/span><\/div>\n<div style=\"text-align: justify;\"><span style=\"color: #000000; font-family: helvetica; font-size: 12pt;\"> &nbsp; &nbsp; E gjith\u00eb ceremonia u shoq\u00ebrua me k\u00ebng\u00eb e himne t\u00eb p\u00ebrgatitura nga kori i Akademis\u00eb.<\/span><\/div>\n<div style=\"text-align: justify;\"><span style=\"font-family: helvetica; font-size: 12pt;\"><\/span><\/div>\n<div style=\"text-align: right;\"><span style=\"font-family: helvetica; font-size: 12pt;\">&nbsp;<span style=\"color: #000000;\"><strong>Thoma Dhima<\/strong><\/span><\/span><\/div>\n<div style=\"text-align: right;\"><span style=\"font-family: helvetica; font-size: 12pt;\"><\/span><\/div>\n<p><span style=\"font-family: helvetica; font-size: 12pt;\"><img decoding=\"async\" class=\"lazyload HAa Eha\" style=\"height: 169px; width: 300px; border-width: 1px; border-style: solid; margin: 10px;\" alt=\"\" src=\"data:image\/gif;base64,R0lGODlhAQABAAAAACH5BAEKAAEALAAAAAABAAEAAAICTAEAOw==\" data-orig-src=\"https:\/\/lh3.googleusercontent.com\/-tl81Tz8JH0c\/VARc_V_5IfI\/AAAAAAAACvg\/6G-im7554bc\/w600-h337-no\/IMG_4018_600x337.JPG\" \/><img decoding=\"async\" class=\"lazyload HAa Eha\" style=\"height: 169px; width: 300px; border-width: 1px; border-style: solid; margin: 10px;\" alt=\"\" src=\"data:image\/gif;base64,R0lGODlhAQABAAAAACH5BAEKAAEALAAAAAABAAEAAAICTAEAOw==\" data-orig-src=\"https:\/\/lh4.googleusercontent.com\/-n6sniSSb8jE\/VARdASM6hKI\/AAAAAAAACvk\/VjHiyGqKk6g\/w600-h337-no\/IMG_4038_600x337.JPG\" \/><\/span><\/p>\n<div style=\"text-align: right;\"><span style=\"font-family: helvetica; font-size: 12pt;\"><\/span><\/div>\n<p><span style=\"font-family: helvetica; font-size: 12pt;\"><\/span><\/p>\n","protected":false},"excerpt":{"rendered":"<p>&#8211; M\u00eb 7 shkurt 1992 filloi m\u00ebsimin kursi i par\u00eb p\u00ebr klerik\u00eb &#8211; &nbsp; &nbsp; N\u00eb k\u00ebto dy dekada nuk jan\u00eb t\u00eb shumta jan\u00eb ngjarjet q\u00eb arrijn\u00eb t\u00eb p\u00ebrmbledhin n\u00eb vetvete mrekullin\u00eb e ringritjes s\u00eb Kish\u00ebs son\u00eb pas dimrit ateist dhe nj\u00ebkoh\u00ebsisht t\u00eb d\u00ebshmojn\u00eb largpam\u00ebsin\u00eb vizionare t\u00eb Kryepiskopit Anastas, sa hapja e k\u00ebsaj shkolle. Kur u mbyll\u00ebn kishat, me gjith\u00eb kufizimet e p\u00ebrndjekjet, Kisha jon\u00eb<\/p>\n","protected":false},"author":1,"featured_media":0,"comment_status":"open","ping_status":"open","sticky":false,"template":"","format":"standard","meta":{"_acf_changed":false,"pagelayer_contact_templates":[],"_pagelayer_content":"","inline_featured_image":false,"fifu_image_url":"","fifu_image_alt":"","footnotes":""},"categories":[108],"tags":[142,169,196,201,212],"class_list":["post-233","post","type-post","status-publish","format-standard","hentry","category-lajme","tag-142","tag-akademia-teologjike","tag-tirane","tag-kryepiskopi-anastas","tag-lajme-d27"],"acf":[],"yoast_head":"<!-- This site is optimized with the Yoast SEO plugin v27.2 - https:\/\/yoast.com\/product\/yoast-seo-wordpress\/ -->\n<title>20 vjet nga ringritja e arsimit kishtar U festua p\u00ebrvjetori i hapjes s\u00eb Seminarit Orthodhoks (Shkurt 2012) - Kisha Orthodh\u03bfkse Autoqefale e Shqip\u00ebris\u00eb<\/title>\n<meta name=\"robots\" content=\"index, follow, max-snippet:-1, max-image-preview:large, max-video-preview:-1\" \/>\n<link rel=\"canonical\" href=\"https:\/\/orthodoxalbania.org\/2020\/2013\/03\/21\/20-vjet-nga-ringritja-e-arsimit-kishtar-u-festua-pervjetori-i-hapjes-se-seminarit-orthodhoks-me-7-shkurt-1992-filloi-mesimin-kursi-i-pare-per-klerike\/\" \/>\n<meta property=\"og:locale\" content=\"en_US\" \/>\n<meta property=\"og:type\" content=\"article\" \/>\n<meta property=\"og:title\" content=\"20 vjet nga ringritja e arsimit kishtar U festua p\u00ebrvjetori i hapjes s\u00eb Seminarit Orthodhoks (Shkurt 2012) - Kisha Orthodh\u03bfkse Autoqefale e Shqip\u00ebris\u00eb\" \/>\n<meta property=\"og:description\" content=\"&#8211; M\u00eb 7 shkurt 1992 filloi m\u00ebsimin kursi i par\u00eb p\u00ebr klerik\u00eb &#8211; &nbsp; &nbsp; N\u00eb k\u00ebto dy dekada nuk jan\u00eb t\u00eb shumta jan\u00eb ngjarjet q\u00eb arrijn\u00eb t\u00eb p\u00ebrmbledhin n\u00eb vetvete mrekullin\u00eb e ringritjes s\u00eb Kish\u00ebs son\u00eb pas dimrit ateist dhe nj\u00ebkoh\u00ebsisht t\u00eb d\u00ebshmojn\u00eb largpam\u00ebsin\u00eb vizionare t\u00eb Kryepiskopit Anastas, sa hapja e k\u00ebsaj shkolle. Kur u mbyll\u00ebn kishat, me gjith\u00eb kufizimet e p\u00ebrndjekjet, Kisha jon\u00eb\" \/>\n<meta property=\"og:url\" content=\"https:\/\/orthodoxalbania.org\/2020\/2013\/03\/21\/20-vjet-nga-ringritja-e-arsimit-kishtar-u-festua-pervjetori-i-hapjes-se-seminarit-orthodhoks-me-7-shkurt-1992-filloi-mesimin-kursi-i-pare-per-klerike\/\" \/>\n<meta property=\"og:site_name\" content=\"Kisha Orthodh\u03bfkse Autoqefale e Shqip\u00ebris\u00eb\" \/>\n<meta property=\"article:publisher\" content=\"https:\/\/www.facebook.com\/koash1991\" \/>\n<meta property=\"article:published_time\" content=\"2013-03-21T10:28:28+00:00\" \/>\n<meta property=\"article:modified_time\" content=\"2020-04-06T20:31:54+00:00\" \/>\n<meta property=\"og:image\" content=\"https:\/\/lh6.googleusercontent.com\/-mDPksdNvL8E\/VARdNtd7rmI\/AAAAAAAACv4\/e5QJjDTP8fA\/w958-h719-no\/424911_236275709791153_108930609192331_508556_538944103_n.jpg\" \/>\n<meta name=\"author\" content=\"Kisha Orthodhokse\" \/>\n<meta name=\"twitter:card\" content=\"summary_large_image\" \/>\n<meta name=\"twitter:label1\" content=\"Written by\" \/>\n\t<meta name=\"twitter:data1\" content=\"Kisha Orthodhokse\" \/>\n\t<meta name=\"twitter:label2\" content=\"Est. reading time\" \/>\n\t<meta name=\"twitter:data2\" content=\"4 minutes\" \/>\n<script type=\"application\/ld+json\" class=\"yoast-schema-graph\">{\"@context\":\"https:\/\/schema.org\",\"@graph\":[{\"@type\":\"Article\",\"@id\":\"https:\/\/orthodoxalbania.org\/2020\/2013\/03\/21\/20-vjet-nga-ringritja-e-arsimit-kishtar-u-festua-pervjetori-i-hapjes-se-seminarit-orthodhoks-me-7-shkurt-1992-filloi-mesimin-kursi-i-pare-per-klerike\/#article\",\"isPartOf\":{\"@id\":\"https:\/\/orthodoxalbania.org\/2020\/2013\/03\/21\/20-vjet-nga-ringritja-e-arsimit-kishtar-u-festua-pervjetori-i-hapjes-se-seminarit-orthodhoks-me-7-shkurt-1992-filloi-mesimin-kursi-i-pare-per-klerike\/\"},\"author\":{\"name\":\"Kisha Orthodhokse\",\"@id\":\"https:\/\/orthodoxalbania.org\/2020\/#\/schema\/person\/0c387634a7063ac612d7ed9ce71c7e86\"},\"headline\":\"20 vjet nga ringritja e arsimit kishtar U festua p\u00ebrvjetori i hapjes s\u00eb Seminarit Orthodhoks (Shkurt 2012)\",\"datePublished\":\"2013-03-21T10:28:28+00:00\",\"dateModified\":\"2020-04-06T20:31:54+00:00\",\"mainEntityOfPage\":{\"@id\":\"https:\/\/orthodoxalbania.org\/2020\/2013\/03\/21\/20-vjet-nga-ringritja-e-arsimit-kishtar-u-festua-pervjetori-i-hapjes-se-seminarit-orthodhoks-me-7-shkurt-1992-filloi-mesimin-kursi-i-pare-per-klerike\/\"},\"wordCount\":848,\"commentCount\":0,\"publisher\":{\"@id\":\"https:\/\/orthodoxalbania.org\/2020\/#organization\"},\"image\":{\"@id\":\"https:\/\/orthodoxalbania.org\/2020\/2013\/03\/21\/20-vjet-nga-ringritja-e-arsimit-kishtar-u-festua-pervjetori-i-hapjes-se-seminarit-orthodhoks-me-7-shkurt-1992-filloi-mesimin-kursi-i-pare-per-klerike\/#primaryimage\"},\"thumbnailUrl\":\"https:\/\/lh6.googleusercontent.com\/-mDPksdNvL8E\/VARdNtd7rmI\/AAAAAAAACv4\/e5QJjDTP8fA\/w958-h719-no\/424911_236275709791153_108930609192331_508556_538944103_n.jpg\",\"keywords\":[\"2012\",\"Akademia Teologjike\",\"Kryepiskopata Tiran\u00eb\",\"Kryepiskopi Anastas\",\"lajme\"],\"articleSection\":[\"Lajme\"],\"inLanguage\":\"en-US\"},{\"@type\":\"WebPage\",\"@id\":\"https:\/\/orthodoxalbania.org\/2020\/2013\/03\/21\/20-vjet-nga-ringritja-e-arsimit-kishtar-u-festua-pervjetori-i-hapjes-se-seminarit-orthodhoks-me-7-shkurt-1992-filloi-mesimin-kursi-i-pare-per-klerike\/\",\"url\":\"https:\/\/orthodoxalbania.org\/2020\/2013\/03\/21\/20-vjet-nga-ringritja-e-arsimit-kishtar-u-festua-pervjetori-i-hapjes-se-seminarit-orthodhoks-me-7-shkurt-1992-filloi-mesimin-kursi-i-pare-per-klerike\/\",\"name\":\"20 vjet nga ringritja e arsimit kishtar U festua p\u00ebrvjetori i hapjes s\u00eb Seminarit Orthodhoks (Shkurt 2012) - Kisha Orthodh\u03bfkse Autoqefale e Shqip\u00ebris\u00eb\",\"isPartOf\":{\"@id\":\"https:\/\/orthodoxalbania.org\/2020\/#website\"},\"primaryImageOfPage\":{\"@id\":\"https:\/\/orthodoxalbania.org\/2020\/2013\/03\/21\/20-vjet-nga-ringritja-e-arsimit-kishtar-u-festua-pervjetori-i-hapjes-se-seminarit-orthodhoks-me-7-shkurt-1992-filloi-mesimin-kursi-i-pare-per-klerike\/#primaryimage\"},\"image\":{\"@id\":\"https:\/\/orthodoxalbania.org\/2020\/2013\/03\/21\/20-vjet-nga-ringritja-e-arsimit-kishtar-u-festua-pervjetori-i-hapjes-se-seminarit-orthodhoks-me-7-shkurt-1992-filloi-mesimin-kursi-i-pare-per-klerike\/#primaryimage\"},\"thumbnailUrl\":\"https:\/\/lh6.googleusercontent.com\/-mDPksdNvL8E\/VARdNtd7rmI\/AAAAAAAACv4\/e5QJjDTP8fA\/w958-h719-no\/424911_236275709791153_108930609192331_508556_538944103_n.jpg\",\"datePublished\":\"2013-03-21T10:28:28+00:00\",\"dateModified\":\"2020-04-06T20:31:54+00:00\",\"breadcrumb\":{\"@id\":\"https:\/\/orthodoxalbania.org\/2020\/2013\/03\/21\/20-vjet-nga-ringritja-e-arsimit-kishtar-u-festua-pervjetori-i-hapjes-se-seminarit-orthodhoks-me-7-shkurt-1992-filloi-mesimin-kursi-i-pare-per-klerike\/#breadcrumb\"},\"inLanguage\":\"en-US\",\"potentialAction\":[{\"@type\":\"ReadAction\",\"target\":[\"https:\/\/orthodoxalbania.org\/2020\/2013\/03\/21\/20-vjet-nga-ringritja-e-arsimit-kishtar-u-festua-pervjetori-i-hapjes-se-seminarit-orthodhoks-me-7-shkurt-1992-filloi-mesimin-kursi-i-pare-per-klerike\/\"]}]},{\"@type\":\"ImageObject\",\"inLanguage\":\"en-US\",\"@id\":\"https:\/\/orthodoxalbania.org\/2020\/2013\/03\/21\/20-vjet-nga-ringritja-e-arsimit-kishtar-u-festua-pervjetori-i-hapjes-se-seminarit-orthodhoks-me-7-shkurt-1992-filloi-mesimin-kursi-i-pare-per-klerike\/#primaryimage\",\"url\":\"https:\/\/lh6.googleusercontent.com\/-mDPksdNvL8E\/VARdNtd7rmI\/AAAAAAAACv4\/e5QJjDTP8fA\/w958-h719-no\/424911_236275709791153_108930609192331_508556_538944103_n.jpg\",\"contentUrl\":\"https:\/\/lh6.googleusercontent.com\/-mDPksdNvL8E\/VARdNtd7rmI\/AAAAAAAACv4\/e5QJjDTP8fA\/w958-h719-no\/424911_236275709791153_108930609192331_508556_538944103_n.jpg\"},{\"@type\":\"BreadcrumbList\",\"@id\":\"https:\/\/orthodoxalbania.org\/2020\/2013\/03\/21\/20-vjet-nga-ringritja-e-arsimit-kishtar-u-festua-pervjetori-i-hapjes-se-seminarit-orthodhoks-me-7-shkurt-1992-filloi-mesimin-kursi-i-pare-per-klerike\/#breadcrumb\",\"itemListElement\":[{\"@type\":\"ListItem\",\"position\":1,\"name\":\"Home\",\"item\":\"https:\/\/orthodoxalbania.org\/2020\/\"},{\"@type\":\"ListItem\",\"position\":2,\"name\":\"20 vjet nga ringritja e arsimit kishtar U festua p\u00ebrvjetori i hapjes s\u00eb Seminarit Orthodhoks (Shkurt 2012)\"}]},{\"@type\":\"WebSite\",\"@id\":\"https:\/\/orthodoxalbania.org\/2020\/#website\",\"url\":\"https:\/\/orthodoxalbania.org\/2020\/\",\"name\":\"Kisha Orthodh\u03bfkse Autoqefale e Shqip\u00ebris\u00eb\",\"description\":\"Fqja Zyrtare e Kish\u00ebs Orthodhokse Autoqefale e Shqip\u00ebris\u00eb me lajmet edhe informacionet zyrtare p\u00ebr struktur\u00ebn edhe veprimtarin e saj.\",\"publisher\":{\"@id\":\"https:\/\/orthodoxalbania.org\/2020\/#organization\"},\"potentialAction\":[{\"@type\":\"SearchAction\",\"target\":{\"@type\":\"EntryPoint\",\"urlTemplate\":\"https:\/\/orthodoxalbania.org\/2020\/?s={search_term_string}\"},\"query-input\":{\"@type\":\"PropertyValueSpecification\",\"valueRequired\":true,\"valueName\":\"search_term_string\"}}],\"inLanguage\":\"en-US\"},{\"@type\":\"Organization\",\"@id\":\"https:\/\/orthodoxalbania.org\/2020\/#organization\",\"name\":\"Kisha Orthodhokse Autoqefale e Shqip\u00ebris\u00eb\",\"url\":\"https:\/\/orthodoxalbania.org\/2020\/\",\"logo\":{\"@type\":\"ImageObject\",\"inLanguage\":\"en-US\",\"@id\":\"https:\/\/orthodoxalbania.org\/2020\/#\/schema\/logo\/image\/\",\"url\":\"https:\/\/orthodoxalbania.org\/2020\/wp-content\/uploads\/2020\/05\/albania.jpeg\",\"contentUrl\":\"https:\/\/orthodoxalbania.org\/2020\/wp-content\/uploads\/2020\/05\/albania.jpeg\",\"width\":540,\"height\":540,\"caption\":\"Kisha Orthodhokse Autoqefale e Shqip\u00ebris\u00eb\"},\"image\":{\"@id\":\"https:\/\/orthodoxalbania.org\/2020\/#\/schema\/logo\/image\/\"},\"sameAs\":[\"https:\/\/www.facebook.com\/koash1991\"]},{\"@type\":\"Person\",\"@id\":\"https:\/\/orthodoxalbania.org\/2020\/#\/schema\/person\/0c387634a7063ac612d7ed9ce71c7e86\",\"name\":\"Kisha Orthodhokse\",\"image\":{\"@type\":\"ImageObject\",\"inLanguage\":\"en-US\",\"@id\":\"https:\/\/secure.gravatar.com\/avatar\/596e7c417251e30f2fbb9c00e026fce61a695a00e51c889caded71c96cbbdde5?s=96&d=mm&r=g\",\"url\":\"https:\/\/secure.gravatar.com\/avatar\/596e7c417251e30f2fbb9c00e026fce61a695a00e51c889caded71c96cbbdde5?s=96&d=mm&r=g\",\"contentUrl\":\"https:\/\/secure.gravatar.com\/avatar\/596e7c417251e30f2fbb9c00e026fce61a695a00e51c889caded71c96cbbdde5?s=96&d=mm&r=g\",\"caption\":\"Kisha Orthodhokse\"}}]}<\/script>\n<!-- \/ Yoast SEO plugin. -->","yoast_head_json":{"title":"20 vjet nga ringritja e arsimit kishtar U festua p\u00ebrvjetori i hapjes s\u00eb Seminarit Orthodhoks (Shkurt 2012) - Kisha Orthodh\u03bfkse Autoqefale e Shqip\u00ebris\u00eb","robots":{"index":"index","follow":"follow","max-snippet":"max-snippet:-1","max-image-preview":"max-image-preview:large","max-video-preview":"max-video-preview:-1"},"canonical":"https:\/\/orthodoxalbania.org\/2020\/2013\/03\/21\/20-vjet-nga-ringritja-e-arsimit-kishtar-u-festua-pervjetori-i-hapjes-se-seminarit-orthodhoks-me-7-shkurt-1992-filloi-mesimin-kursi-i-pare-per-klerike\/","og_locale":"en_US","og_type":"article","og_title":"20 vjet nga ringritja e arsimit kishtar U festua p\u00ebrvjetori i hapjes s\u00eb Seminarit Orthodhoks (Shkurt 2012) - Kisha Orthodh\u03bfkse Autoqefale e Shqip\u00ebris\u00eb","og_description":"&#8211; M\u00eb 7 shkurt 1992 filloi m\u00ebsimin kursi i par\u00eb p\u00ebr klerik\u00eb &#8211; &nbsp; &nbsp; N\u00eb k\u00ebto dy dekada nuk jan\u00eb t\u00eb shumta jan\u00eb ngjarjet q\u00eb arrijn\u00eb t\u00eb p\u00ebrmbledhin n\u00eb vetvete mrekullin\u00eb e ringritjes s\u00eb Kish\u00ebs son\u00eb pas dimrit ateist dhe nj\u00ebkoh\u00ebsisht t\u00eb d\u00ebshmojn\u00eb largpam\u00ebsin\u00eb vizionare t\u00eb Kryepiskopit Anastas, sa hapja e k\u00ebsaj shkolle. Kur u mbyll\u00ebn kishat, me gjith\u00eb kufizimet e p\u00ebrndjekjet, Kisha jon\u00eb","og_url":"https:\/\/orthodoxalbania.org\/2020\/2013\/03\/21\/20-vjet-nga-ringritja-e-arsimit-kishtar-u-festua-pervjetori-i-hapjes-se-seminarit-orthodhoks-me-7-shkurt-1992-filloi-mesimin-kursi-i-pare-per-klerike\/","og_site_name":"Kisha Orthodh\u03bfkse Autoqefale e Shqip\u00ebris\u00eb","article_publisher":"https:\/\/www.facebook.com\/koash1991","article_published_time":"2013-03-21T10:28:28+00:00","article_modified_time":"2020-04-06T20:31:54+00:00","og_image":[{"url":"https:\/\/lh6.googleusercontent.com\/-mDPksdNvL8E\/VARdNtd7rmI\/AAAAAAAACv4\/e5QJjDTP8fA\/w958-h719-no\/424911_236275709791153_108930609192331_508556_538944103_n.jpg","type":"","width":"","height":""}],"author":"Kisha Orthodhokse","twitter_card":"summary_large_image","twitter_misc":{"Written by":"Kisha Orthodhokse","Est. reading time":"4 minutes"},"schema":{"@context":"https:\/\/schema.org","@graph":[{"@type":"Article","@id":"https:\/\/orthodoxalbania.org\/2020\/2013\/03\/21\/20-vjet-nga-ringritja-e-arsimit-kishtar-u-festua-pervjetori-i-hapjes-se-seminarit-orthodhoks-me-7-shkurt-1992-filloi-mesimin-kursi-i-pare-per-klerike\/#article","isPartOf":{"@id":"https:\/\/orthodoxalbania.org\/2020\/2013\/03\/21\/20-vjet-nga-ringritja-e-arsimit-kishtar-u-festua-pervjetori-i-hapjes-se-seminarit-orthodhoks-me-7-shkurt-1992-filloi-mesimin-kursi-i-pare-per-klerike\/"},"author":{"name":"Kisha Orthodhokse","@id":"https:\/\/orthodoxalbania.org\/2020\/#\/schema\/person\/0c387634a7063ac612d7ed9ce71c7e86"},"headline":"20 vjet nga ringritja e arsimit kishtar U festua p\u00ebrvjetori i hapjes s\u00eb Seminarit Orthodhoks (Shkurt 2012)","datePublished":"2013-03-21T10:28:28+00:00","dateModified":"2020-04-06T20:31:54+00:00","mainEntityOfPage":{"@id":"https:\/\/orthodoxalbania.org\/2020\/2013\/03\/21\/20-vjet-nga-ringritja-e-arsimit-kishtar-u-festua-pervjetori-i-hapjes-se-seminarit-orthodhoks-me-7-shkurt-1992-filloi-mesimin-kursi-i-pare-per-klerike\/"},"wordCount":848,"commentCount":0,"publisher":{"@id":"https:\/\/orthodoxalbania.org\/2020\/#organization"},"image":{"@id":"https:\/\/orthodoxalbania.org\/2020\/2013\/03\/21\/20-vjet-nga-ringritja-e-arsimit-kishtar-u-festua-pervjetori-i-hapjes-se-seminarit-orthodhoks-me-7-shkurt-1992-filloi-mesimin-kursi-i-pare-per-klerike\/#primaryimage"},"thumbnailUrl":"https:\/\/lh6.googleusercontent.com\/-mDPksdNvL8E\/VARdNtd7rmI\/AAAAAAAACv4\/e5QJjDTP8fA\/w958-h719-no\/424911_236275709791153_108930609192331_508556_538944103_n.jpg","keywords":["2012","Akademia Teologjike","Kryepiskopata Tiran\u00eb","Kryepiskopi Anastas","lajme"],"articleSection":["Lajme"],"inLanguage":"en-US"},{"@type":"WebPage","@id":"https:\/\/orthodoxalbania.org\/2020\/2013\/03\/21\/20-vjet-nga-ringritja-e-arsimit-kishtar-u-festua-pervjetori-i-hapjes-se-seminarit-orthodhoks-me-7-shkurt-1992-filloi-mesimin-kursi-i-pare-per-klerike\/","url":"https:\/\/orthodoxalbania.org\/2020\/2013\/03\/21\/20-vjet-nga-ringritja-e-arsimit-kishtar-u-festua-pervjetori-i-hapjes-se-seminarit-orthodhoks-me-7-shkurt-1992-filloi-mesimin-kursi-i-pare-per-klerike\/","name":"20 vjet nga ringritja e arsimit kishtar U festua p\u00ebrvjetori i hapjes s\u00eb Seminarit Orthodhoks (Shkurt 2012) - Kisha Orthodh\u03bfkse Autoqefale e Shqip\u00ebris\u00eb","isPartOf":{"@id":"https:\/\/orthodoxalbania.org\/2020\/#website"},"primaryImageOfPage":{"@id":"https:\/\/orthodoxalbania.org\/2020\/2013\/03\/21\/20-vjet-nga-ringritja-e-arsimit-kishtar-u-festua-pervjetori-i-hapjes-se-seminarit-orthodhoks-me-7-shkurt-1992-filloi-mesimin-kursi-i-pare-per-klerike\/#primaryimage"},"image":{"@id":"https:\/\/orthodoxalbania.org\/2020\/2013\/03\/21\/20-vjet-nga-ringritja-e-arsimit-kishtar-u-festua-pervjetori-i-hapjes-se-seminarit-orthodhoks-me-7-shkurt-1992-filloi-mesimin-kursi-i-pare-per-klerike\/#primaryimage"},"thumbnailUrl":"https:\/\/lh6.googleusercontent.com\/-mDPksdNvL8E\/VARdNtd7rmI\/AAAAAAAACv4\/e5QJjDTP8fA\/w958-h719-no\/424911_236275709791153_108930609192331_508556_538944103_n.jpg","datePublished":"2013-03-21T10:28:28+00:00","dateModified":"2020-04-06T20:31:54+00:00","breadcrumb":{"@id":"https:\/\/orthodoxalbania.org\/2020\/2013\/03\/21\/20-vjet-nga-ringritja-e-arsimit-kishtar-u-festua-pervjetori-i-hapjes-se-seminarit-orthodhoks-me-7-shkurt-1992-filloi-mesimin-kursi-i-pare-per-klerike\/#breadcrumb"},"inLanguage":"en-US","potentialAction":[{"@type":"ReadAction","target":["https:\/\/orthodoxalbania.org\/2020\/2013\/03\/21\/20-vjet-nga-ringritja-e-arsimit-kishtar-u-festua-pervjetori-i-hapjes-se-seminarit-orthodhoks-me-7-shkurt-1992-filloi-mesimin-kursi-i-pare-per-klerike\/"]}]},{"@type":"ImageObject","inLanguage":"en-US","@id":"https:\/\/orthodoxalbania.org\/2020\/2013\/03\/21\/20-vjet-nga-ringritja-e-arsimit-kishtar-u-festua-pervjetori-i-hapjes-se-seminarit-orthodhoks-me-7-shkurt-1992-filloi-mesimin-kursi-i-pare-per-klerike\/#primaryimage","url":"https:\/\/lh6.googleusercontent.com\/-mDPksdNvL8E\/VARdNtd7rmI\/AAAAAAAACv4\/e5QJjDTP8fA\/w958-h719-no\/424911_236275709791153_108930609192331_508556_538944103_n.jpg","contentUrl":"https:\/\/lh6.googleusercontent.com\/-mDPksdNvL8E\/VARdNtd7rmI\/AAAAAAAACv4\/e5QJjDTP8fA\/w958-h719-no\/424911_236275709791153_108930609192331_508556_538944103_n.jpg"},{"@type":"BreadcrumbList","@id":"https:\/\/orthodoxalbania.org\/2020\/2013\/03\/21\/20-vjet-nga-ringritja-e-arsimit-kishtar-u-festua-pervjetori-i-hapjes-se-seminarit-orthodhoks-me-7-shkurt-1992-filloi-mesimin-kursi-i-pare-per-klerike\/#breadcrumb","itemListElement":[{"@type":"ListItem","position":1,"name":"Home","item":"https:\/\/orthodoxalbania.org\/2020\/"},{"@type":"ListItem","position":2,"name":"20 vjet nga ringritja e arsimit kishtar U festua p\u00ebrvjetori i hapjes s\u00eb Seminarit Orthodhoks (Shkurt 2012)"}]},{"@type":"WebSite","@id":"https:\/\/orthodoxalbania.org\/2020\/#website","url":"https:\/\/orthodoxalbania.org\/2020\/","name":"Kisha Orthodh\u03bfkse Autoqefale e Shqip\u00ebris\u00eb","description":"Fqja Zyrtare e Kish\u00ebs Orthodhokse Autoqefale e Shqip\u00ebris\u00eb me lajmet edhe informacionet zyrtare p\u00ebr struktur\u00ebn edhe veprimtarin e saj.","publisher":{"@id":"https:\/\/orthodoxalbania.org\/2020\/#organization"},"potentialAction":[{"@type":"SearchAction","target":{"@type":"EntryPoint","urlTemplate":"https:\/\/orthodoxalbania.org\/2020\/?s={search_term_string}"},"query-input":{"@type":"PropertyValueSpecification","valueRequired":true,"valueName":"search_term_string"}}],"inLanguage":"en-US"},{"@type":"Organization","@id":"https:\/\/orthodoxalbania.org\/2020\/#organization","name":"Kisha Orthodhokse Autoqefale e Shqip\u00ebris\u00eb","url":"https:\/\/orthodoxalbania.org\/2020\/","logo":{"@type":"ImageObject","inLanguage":"en-US","@id":"https:\/\/orthodoxalbania.org\/2020\/#\/schema\/logo\/image\/","url":"https:\/\/orthodoxalbania.org\/2020\/wp-content\/uploads\/2020\/05\/albania.jpeg","contentUrl":"https:\/\/orthodoxalbania.org\/2020\/wp-content\/uploads\/2020\/05\/albania.jpeg","width":540,"height":540,"caption":"Kisha Orthodhokse Autoqefale e Shqip\u00ebris\u00eb"},"image":{"@id":"https:\/\/orthodoxalbania.org\/2020\/#\/schema\/logo\/image\/"},"sameAs":["https:\/\/www.facebook.com\/koash1991"]},{"@type":"Person","@id":"https:\/\/orthodoxalbania.org\/2020\/#\/schema\/person\/0c387634a7063ac612d7ed9ce71c7e86","name":"Kisha Orthodhokse","image":{"@type":"ImageObject","inLanguage":"en-US","@id":"https:\/\/secure.gravatar.com\/avatar\/596e7c417251e30f2fbb9c00e026fce61a695a00e51c889caded71c96cbbdde5?s=96&d=mm&r=g","url":"https:\/\/secure.gravatar.com\/avatar\/596e7c417251e30f2fbb9c00e026fce61a695a00e51c889caded71c96cbbdde5?s=96&d=mm&r=g","contentUrl":"https:\/\/secure.gravatar.com\/avatar\/596e7c417251e30f2fbb9c00e026fce61a695a00e51c889caded71c96cbbdde5?s=96&d=mm&r=g","caption":"Kisha Orthodhokse"}}]}},"_links":{"self":[{"href":"https:\/\/orthodoxalbania.org\/2020\/wp-json\/wp\/v2\/posts\/233","targetHints":{"allow":["GET"]}}],"collection":[{"href":"https:\/\/orthodoxalbania.org\/2020\/wp-json\/wp\/v2\/posts"}],"about":[{"href":"https:\/\/orthodoxalbania.org\/2020\/wp-json\/wp\/v2\/types\/post"}],"author":[{"embeddable":true,"href":"https:\/\/orthodoxalbania.org\/2020\/wp-json\/wp\/v2\/users\/1"}],"replies":[{"embeddable":true,"href":"https:\/\/orthodoxalbania.org\/2020\/wp-json\/wp\/v2\/comments?post=233"}],"version-history":[{"count":1,"href":"https:\/\/orthodoxalbania.org\/2020\/wp-json\/wp\/v2\/posts\/233\/revisions"}],"predecessor-version":[{"id":15343,"href":"https:\/\/orthodoxalbania.org\/2020\/wp-json\/wp\/v2\/posts\/233\/revisions\/15343"}],"wp:attachment":[{"href":"https:\/\/orthodoxalbania.org\/2020\/wp-json\/wp\/v2\/media?parent=233"}],"wp:term":[{"taxonomy":"category","embeddable":true,"href":"https:\/\/orthodoxalbania.org\/2020\/wp-json\/wp\/v2\/categories?post=233"},{"taxonomy":"post_tag","embeddable":true,"href":"https:\/\/orthodoxalbania.org\/2020\/wp-json\/wp\/v2\/tags?post=233"}],"curies":[{"name":"wp","href":"https:\/\/api.w.org\/{rel}","templated":true}]}}