{"id":232,"date":"2013-03-21T12:24:31","date_gmt":"2013-03-21T12:24:31","guid":{"rendered":""},"modified":"2020-04-06T22:05:56","modified_gmt":"2020-04-06T20:05:56","slug":"20-vjet-nga-numri-i-pare-i-ngjallja","status":"publish","type":"post","link":"https:\/\/orthodoxalbania.org\/2020\/2013\/03\/21\/20-vjet-nga-numri-i-pare-i-ngjallja\/","title":{"rendered":"20 vjet nga numri i par\u00eb i \u201cNGJALLJA\u201d. (Tetor 2012)"},"content":{"rendered":"<div style=\"text-align: center;\"><span style=\"color: #000000; font-family: helvetica;\"><span style=\"font-size: 12px;\"><img class=\"lazyload\" decoding=\"async\" style=\"width: 300px; height: 210px; border-width: 1px; border-style: solid; margin: 10px; float: left;\" alt=\"\" src=\"data:image\/gif;base64,R0lGODlhAQABAAAAACH5BAEKAAEALAAAAAABAAEAAAICTAEAOw==\" data-orig-src=\"https:\/\/lh5.googleusercontent.com\/-Zkair4abLoE\/UK9Hbceo0MI\/AAAAAAAABLo\/T8Q3g5IsnFM\/s640\/faqja 1.jpg\" \/><span style=\"font-size: 12pt;\"><strong>Gjithmon\u00eb duke p\u00ebrcjell\u00eb mesazhin orthodhoks<\/strong><\/span><\/span><\/span><\/div>\n<div style=\"text-align: justify;\"><span style=\"color: #000000; font-family: helvetica; font-size: 12pt;\"> &nbsp;&nbsp;&nbsp; \u00c7do num\u00ebr i ri i gazet\u00ebs \u201cNgjallja\u201d sh\u00ebnon nj\u00eb etap\u00eb n\u00eb plot\u00ebsimin e misionit q\u00eb ka marr\u00eb p\u00ebrsip\u00ebr q\u00eb nga numri i par\u00eb. Por, p\u00ebrvjetor\u00ebt ngjallin emocione t\u00eb ve\u00e7anta dhe t\u00eb paharrueshme. Numri i tetorit 2012, numri i 237 i gazet\u00ebs \u201cNgjallja\u201d,&nbsp; p\u00ebr-kon me 20-vjetorin e daljes s\u00eb saj.<\/span><\/div>\n<div style=\"text-align: justify;\"><span style=\"color: #000000; font-family: helvetica; font-size: 12pt;\"> &nbsp;&nbsp;&nbsp; Kryepiskopi Anastas nism\u00ebtari, projektuesi dhe realizuesi i saj, e quante par\u00ebsore daljen e \u201cNgjallja\u201d dhe n\u00eb fjalimin e Fron\u00ebzimit e kishte quajtur daljen e nj\u00eb gazete t\u00eb Kish\u00ebs si \u201cnevoj\u00eb urgjente\u201d. Kryere-daktori i par\u00eb ishte dr. Thoma Qendro dhe k\u00ebshilltari, korrespondenti, bashk\u00ebpun\u00ebtori m\u00eb i vyer dhe gjithmon\u00eb i gatsh\u00ebm p\u00ebr t\u00eb shkruar ishte z. Dhimit\u00ebr Beduli. Gjithashtu t\u00eb gjith\u00eb ata q\u00eb punonin e kontribuonin p\u00ebr Kish\u00ebn e shihnin si detyr\u00eb dhe k\u00ebnaq\u00ebsi t\u00eb shkruanin artikuj.<\/span><\/div>\n<div style=\"text-align: justify;\"><span style=\"color: #000000; font-family: helvetica; font-size: 12pt;\"> &nbsp;&nbsp;&nbsp; Mjedise nuk kishte. Me nj\u00eb kompjuter t\u00eb dhuruar, u fillua puna n\u00eb nj\u00eb dhom\u00eb t\u00eb vog\u00ebl private t\u00eb marr\u00eb me qira, p\u00ebr t\u00eb kaluar m\u00eb von\u00eb n\u00eb nj\u00eb mjedis m\u00eb t\u00eb madh, por prap\u00eb privat. Ishte koha kur edhe Kryepiskopi e kishte zyr\u00ebn n\u00eb apartamentin ku banonte. M\u00eb pas u kalua n\u00eb mjediset e reja q\u00eb iu shtuan kish\u00ebs s\u00eb Ungjill\u00ebzimit, derisa, m\u00eb 1995, u fut\u00ebm bashk\u00eb me zyrat e tjera n\u00eb godin\u00ebn e Kryepiskopat\u00ebs, t\u00eb bler\u00eb dhe t\u00eb rikonstruktuar thell\u00ebsisht me fondet e siguruara nga Fortlumturia e Tij. Dhe n\u00eb k\u00ebt\u00eb 20-vjetor, si zyrat e tjera, gazeta do kaloj\u00eb n\u00eb mjediset e mrekullueshme dhe bashk\u00ebkohore t\u00eb godin\u00ebs s\u00eb Sinodit t\u00eb Shenjt\u00eb, mbrapa Katedrales madh\u00ebshtore \u201cNgjallja e Krishtit\u201d, nj\u00eb dhurat\u00eb p\u00ebr kryeqytetin e Kryepiskopit Anastas n\u00eb 20-vjetorin e zgjedhjes s\u00eb tij.<\/span><\/div>\n<div style=\"text-align: justify;\"><span style=\"color: #000000; font-family: helvetica; font-size: 12pt;\"> &nbsp;&nbsp;&nbsp; N\u00eb vitin 1994 Kryepiskopi Anastas siguroi nj\u00eb shtypshkronj\u00eb ku nisi t\u00eb botohej gazeta, kalendari dhe libra t\u00eb ndrysh\u00ebm. Ajo sot \u00ebsht\u00eb kthyer n\u00eb tipografi moderne, vendosur n\u00eb kompleksin e punishteve \u201cNazaret\u201d. N\u00eb faqet e \u201cNgjallja\u201d kan\u00eb z\u00ebn\u00eb vend t\u00eb ve\u00e7ant\u00eb vit pas viti betejat p\u00ebr t\u00eb mbrojtur Kish\u00ebn ton\u00eb nga sulmet q\u00eb synonin m\u00eb kot t\u00eb ndalnin ecjen e saj. Kan\u00eb z\u00ebn\u00eb vend data historike t\u00eb k\u00ebtyre dy dekadave ringritjeje t\u00eb mrekullue-shme nga g\u00ebrmadhat, ku do t\u00eb ve\u00e7onim zgjedhjen e Kryepiskopit Anastas, q\u00eb sh\u00ebnoi Ringritjen Kanonike t\u00eb Kish\u00ebs son\u00eb, krijimin e Sinodit t\u00eb Shenjt\u00eb dhe hirotonit\u00eb e episkop\u00ebve t\u00eb rinj e deri te Statuti i ri apo marr\u00ebveshja dhe njohja zyrtare nga Shteti sipas Kushtetut\u00ebs.<\/span><\/div>\n<div style=\"text-align: justify;\"><span style=\"color: #000000; font-family: helvetica; font-size: 12pt;\"> &nbsp;&nbsp;&nbsp; N\u00eb \u201cNgjallja\u201d ka z\u00ebn\u00eb vend mendimi i klerik\u00ebve, teolog\u00ebve, por edhe i besimtar\u00ebve.<\/span><\/div>\n<div style=\"text-align: justify;\"><span style=\"color: #000000; font-family: helvetica; font-size: 12pt;\"> &nbsp;&nbsp;&nbsp; Ka z\u00ebn\u00eb vend vepra e shquar sociale p\u00ebr shtresat m\u00eb n\u00eb nevoj\u00eb dhe kontributi i ve\u00e7ant\u00eb n\u00eb raste krizash dhe \u00e7astet e v\u00ebshtira q\u00eb ka kaluar vendi. Ka z\u00ebn\u00eb vend roli gjithmon\u00eb n\u00eb rritje i Kish\u00ebs dhe Fortlumturis\u00eb s\u00eb Tij mes Kishave Orthodhokse dhe atyre t\u00eb Krishtera n\u00eb p\u00ebrgjith\u00ebsi, por edhe n\u00eb dialogun nd\u00ebrfetar, si dhe vizitat dhe veprimtarit\u00eb e r\u00ebnd\u00ebsishme nd\u00ebrkomb\u00ebtare.<\/span><\/div>\n<div style=\"text-align: justify;\"><span style=\"color: #000000; font-family: helvetica; font-size: 12pt;\"> &nbsp;&nbsp;&nbsp; N\u00eb \u201cNgjallja\u201d ka z\u00ebn\u00eb vend t\u00eb ve\u00e7ant\u00eb Besi-mi Orthodhoks, shenjtor\u00ebt dhe shpjegimi i besimit ton\u00eb. Ka z\u00ebn\u00eb vend historia e Kish\u00ebs son\u00eb, e klerik\u00ebve dhe e figurave t\u00eb shquara q\u00eb kontribuuan n\u00eb vite. Kan\u00eb z\u00ebn\u00eb vend lajmet e ndryshme nga bota e krishter\u00eb.<\/span><\/div>\n<div style=\"text-align: justify;\"><span style=\"color: #000000; font-family: helvetica; font-size: 12pt;\"> &nbsp;&nbsp;&nbsp; E gjith\u00eb kjo ka ardhur n\u00ebp\u00ebrmjet firmave t\u00ebpersonaliteteve t\u00eb Kish\u00ebs dhe shoq\u00ebris\u00eb son\u00eb, ku dallohet kontributi i Kryepiskopit Anastas, por edhe atyre q\u00eb kan\u00eb qen\u00eb tep\u00ebr t\u00eb r\u00ebnd\u00ebsi-sh\u00ebm p\u00ebr ecjen e gazet\u00ebs.<\/span><\/div>\n<div style=\"text-align: justify;\"><span style=\"color: #000000; font-family: helvetica; font-size: 12pt;\"> &nbsp; &nbsp;&nbsp; Nj\u00eb fal\u00ebnderim i ve\u00e7ant\u00eb u shkon t\u00eb gjith\u00eb bashk\u00ebpun\u00ebtor\u00ebve tan\u00eb n\u00eb vite, t\u00eb vjet\u00ebr e t\u00eb rinj, t\u00eb cil\u00ebt kan\u00eb qen\u00eb t\u00eb paz\u00ebvend\u00ebsuesh\u00ebm p\u00ebr suksesin dhe daljen e gazet\u00ebs.<\/span><\/div>\n<div style=\"text-align: justify;\"><span style=\"color: #000000; font-family: helvetica; font-size: 12pt;\"> &nbsp;&nbsp;&nbsp; Gazeta \u201cNgjallja\u201d iu drejtohet pjes\u00ebtar\u00ebve t\u00eb Kish\u00ebs son\u00eb, por edhe jeton n\u00eb saje t\u00eb shkri-meve dhe ndihm\u00ebs s\u00eb tyre t\u00eb pakursyer, ndaj mir\u00ebpresim kontributin n\u00eb t\u00eb t\u00eb sa m\u00eb shum\u00eb prej tyre, me shkrime, por edhe me sugjerime e v\u00ebrejtje, n\u00eb m\u00ebnyr\u00eb q\u00eb \u201cNgjallja\u201d jo vet\u00ebm t\u00eb vazhdoj\u00eb misionin e saj, por edhe t\u00eb rris\u00eb nivelin dhe kontributin p\u00ebr ecjen p\u00ebrpara t\u00eb Orthodhoksis\u00eb n\u00eb vendin ton\u00eb.<\/span><br \/><span style=\"font-family: helvetica; font-size: 12pt;\"> &nbsp;<\/span><\/div>\n","protected":false},"excerpt":{"rendered":"<p>Gjithmon\u00eb duke p\u00ebrcjell\u00eb mesazhin orthodhoks &nbsp;&nbsp;&nbsp; \u00c7do num\u00ebr i ri i gazet\u00ebs \u201cNgjallja\u201d sh\u00ebnon nj\u00eb etap\u00eb n\u00eb plot\u00ebsimin e misionit q\u00eb ka marr\u00eb p\u00ebrsip\u00ebr q\u00eb nga numri i par\u00eb. Por, p\u00ebrvjetor\u00ebt ngjallin emocione t\u00eb ve\u00e7anta dhe t\u00eb paharrueshme. Numri i tetorit 2012, numri i 237 i gazet\u00ebs \u201cNgjallja\u201d,&nbsp; p\u00ebr-kon me 20-vjetorin e daljes s\u00eb saj. &nbsp;&nbsp;&nbsp; Kryepiskopi Anastas nism\u00ebtari, projektuesi dhe realizuesi i saj, e<\/p>\n","protected":false},"author":1,"featured_media":0,"comment_status":"open","ping_status":"open","sticky":false,"template":"","format":"standard","meta":{"_acf_changed":false,"pagelayer_contact_templates":[],"_pagelayer_content":"","inline_featured_image":false,"fifu_image_url":"","fifu_image_alt":"","footnotes":""},"categories":[108],"tags":[142,161,196,212],"class_list":["post-232","post","type-post","status-publish","format-standard","hentry","category-lajme","tag-142","tag-gazeta-ngjallja","tag-tirane","tag-lajme-d27"],"acf":[],"yoast_head":"<!-- This site is optimized with the Yoast SEO plugin v27.2 - https:\/\/yoast.com\/product\/yoast-seo-wordpress\/ -->\n<title>20 vjet nga numri i par\u00eb i \u201cNGJALLJA\u201d. (Tetor 2012) - Kisha Orthodh\u03bfkse Autoqefale e Shqip\u00ebris\u00eb<\/title>\n<meta name=\"robots\" content=\"index, follow, max-snippet:-1, max-image-preview:large, max-video-preview:-1\" \/>\n<link rel=\"canonical\" href=\"https:\/\/orthodoxalbania.org\/2020\/2013\/03\/21\/20-vjet-nga-numri-i-pare-i-ngjallja\/\" \/>\n<meta property=\"og:locale\" content=\"en_US\" \/>\n<meta property=\"og:type\" content=\"article\" \/>\n<meta property=\"og:title\" content=\"20 vjet nga numri i par\u00eb i \u201cNGJALLJA\u201d. (Tetor 2012) - Kisha Orthodh\u03bfkse Autoqefale e Shqip\u00ebris\u00eb\" \/>\n<meta property=\"og:description\" content=\"Gjithmon\u00eb duke p\u00ebrcjell\u00eb mesazhin orthodhoks &nbsp;&nbsp;&nbsp; \u00c7do num\u00ebr i ri i gazet\u00ebs \u201cNgjallja\u201d sh\u00ebnon nj\u00eb etap\u00eb n\u00eb plot\u00ebsimin e misionit q\u00eb ka marr\u00eb p\u00ebrsip\u00ebr q\u00eb nga numri i par\u00eb. Por, p\u00ebrvjetor\u00ebt ngjallin emocione t\u00eb ve\u00e7anta dhe t\u00eb paharrueshme. Numri i tetorit 2012, numri i 237 i gazet\u00ebs \u201cNgjallja\u201d,&nbsp; p\u00ebr-kon me 20-vjetorin e daljes s\u00eb saj. &nbsp;&nbsp;&nbsp; Kryepiskopi Anastas nism\u00ebtari, projektuesi dhe realizuesi i saj, e\" \/>\n<meta property=\"og:url\" content=\"https:\/\/orthodoxalbania.org\/2020\/2013\/03\/21\/20-vjet-nga-numri-i-pare-i-ngjallja\/\" \/>\n<meta property=\"og:site_name\" content=\"Kisha Orthodh\u03bfkse Autoqefale e Shqip\u00ebris\u00eb\" \/>\n<meta property=\"article:publisher\" content=\"https:\/\/www.facebook.com\/koash1991\" \/>\n<meta property=\"article:published_time\" content=\"2013-03-21T12:24:31+00:00\" \/>\n<meta property=\"article:modified_time\" content=\"2020-04-06T20:05:56+00:00\" \/>\n<meta property=\"og:image\" content=\"https:\/\/lh5.googleusercontent.com\/-Zkair4abLoE\/UK9Hbceo0MI\/AAAAAAAABLo\/T8Q3g5IsnFM\/s640\/faqja%201.jpg\" \/>\n<meta name=\"author\" content=\"Kisha Orthodhokse\" \/>\n<meta name=\"twitter:card\" content=\"summary_large_image\" \/>\n<meta name=\"twitter:label1\" content=\"Written by\" \/>\n\t<meta name=\"twitter:data1\" content=\"Kisha Orthodhokse\" \/>\n\t<meta name=\"twitter:label2\" content=\"Est. reading time\" \/>\n\t<meta name=\"twitter:data2\" content=\"4 minutes\" \/>\n<script type=\"application\/ld+json\" class=\"yoast-schema-graph\">{\"@context\":\"https:\/\/schema.org\",\"@graph\":[{\"@type\":\"Article\",\"@id\":\"https:\/\/orthodoxalbania.org\/2020\/2013\/03\/21\/20-vjet-nga-numri-i-pare-i-ngjallja\/#article\",\"isPartOf\":{\"@id\":\"https:\/\/orthodoxalbania.org\/2020\/2013\/03\/21\/20-vjet-nga-numri-i-pare-i-ngjallja\/\"},\"author\":{\"name\":\"Kisha Orthodhokse\",\"@id\":\"https:\/\/orthodoxalbania.org\/2020\/#\/schema\/person\/0c387634a7063ac612d7ed9ce71c7e86\"},\"headline\":\"20 vjet nga numri i par\u00eb i \u201cNGJALLJA\u201d. (Tetor 2012)\",\"datePublished\":\"2013-03-21T12:24:31+00:00\",\"dateModified\":\"2020-04-06T20:05:56+00:00\",\"mainEntityOfPage\":{\"@id\":\"https:\/\/orthodoxalbania.org\/2020\/2013\/03\/21\/20-vjet-nga-numri-i-pare-i-ngjallja\/\"},\"wordCount\":767,\"commentCount\":0,\"publisher\":{\"@id\":\"https:\/\/orthodoxalbania.org\/2020\/#organization\"},\"keywords\":[\"2012\",\"Gazeta \\\"Ngjallja\\\"\",\"Kryepiskopata Tiran\u00eb\",\"lajme\"],\"articleSection\":[\"Lajme\"],\"inLanguage\":\"en-US\"},{\"@type\":\"WebPage\",\"@id\":\"https:\/\/orthodoxalbania.org\/2020\/2013\/03\/21\/20-vjet-nga-numri-i-pare-i-ngjallja\/\",\"url\":\"https:\/\/orthodoxalbania.org\/2020\/2013\/03\/21\/20-vjet-nga-numri-i-pare-i-ngjallja\/\",\"name\":\"20 vjet nga numri i par\u00eb i \u201cNGJALLJA\u201d. (Tetor 2012) - Kisha Orthodh\u03bfkse Autoqefale e Shqip\u00ebris\u00eb\",\"isPartOf\":{\"@id\":\"https:\/\/orthodoxalbania.org\/2020\/#website\"},\"datePublished\":\"2013-03-21T12:24:31+00:00\",\"dateModified\":\"2020-04-06T20:05:56+00:00\",\"breadcrumb\":{\"@id\":\"https:\/\/orthodoxalbania.org\/2020\/2013\/03\/21\/20-vjet-nga-numri-i-pare-i-ngjallja\/#breadcrumb\"},\"inLanguage\":\"en-US\",\"potentialAction\":[{\"@type\":\"ReadAction\",\"target\":[\"https:\/\/orthodoxalbania.org\/2020\/2013\/03\/21\/20-vjet-nga-numri-i-pare-i-ngjallja\/\"]}]},{\"@type\":\"BreadcrumbList\",\"@id\":\"https:\/\/orthodoxalbania.org\/2020\/2013\/03\/21\/20-vjet-nga-numri-i-pare-i-ngjallja\/#breadcrumb\",\"itemListElement\":[{\"@type\":\"ListItem\",\"position\":1,\"name\":\"Home\",\"item\":\"https:\/\/orthodoxalbania.org\/2020\/\"},{\"@type\":\"ListItem\",\"position\":2,\"name\":\"20 vjet nga numri i par\u00eb i \u201cNGJALLJA\u201d. (Tetor 2012)\"}]},{\"@type\":\"WebSite\",\"@id\":\"https:\/\/orthodoxalbania.org\/2020\/#website\",\"url\":\"https:\/\/orthodoxalbania.org\/2020\/\",\"name\":\"Kisha Orthodh\u03bfkse Autoqefale e Shqip\u00ebris\u00eb\",\"description\":\"Fqja Zyrtare e Kish\u00ebs Orthodhokse Autoqefale e Shqip\u00ebris\u00eb me lajmet edhe informacionet zyrtare p\u00ebr struktur\u00ebn edhe veprimtarin e saj.\",\"publisher\":{\"@id\":\"https:\/\/orthodoxalbania.org\/2020\/#organization\"},\"potentialAction\":[{\"@type\":\"SearchAction\",\"target\":{\"@type\":\"EntryPoint\",\"urlTemplate\":\"https:\/\/orthodoxalbania.org\/2020\/?s={search_term_string}\"},\"query-input\":{\"@type\":\"PropertyValueSpecification\",\"valueRequired\":true,\"valueName\":\"search_term_string\"}}],\"inLanguage\":\"en-US\"},{\"@type\":\"Organization\",\"@id\":\"https:\/\/orthodoxalbania.org\/2020\/#organization\",\"name\":\"Kisha Orthodhokse Autoqefale e Shqip\u00ebris\u00eb\",\"url\":\"https:\/\/orthodoxalbania.org\/2020\/\",\"logo\":{\"@type\":\"ImageObject\",\"inLanguage\":\"en-US\",\"@id\":\"https:\/\/orthodoxalbania.org\/2020\/#\/schema\/logo\/image\/\",\"url\":\"https:\/\/orthodoxalbania.org\/2020\/wp-content\/uploads\/2020\/05\/albania.jpeg\",\"contentUrl\":\"https:\/\/orthodoxalbania.org\/2020\/wp-content\/uploads\/2020\/05\/albania.jpeg\",\"width\":540,\"height\":540,\"caption\":\"Kisha Orthodhokse Autoqefale e Shqip\u00ebris\u00eb\"},\"image\":{\"@id\":\"https:\/\/orthodoxalbania.org\/2020\/#\/schema\/logo\/image\/\"},\"sameAs\":[\"https:\/\/www.facebook.com\/koash1991\"]},{\"@type\":\"Person\",\"@id\":\"https:\/\/orthodoxalbania.org\/2020\/#\/schema\/person\/0c387634a7063ac612d7ed9ce71c7e86\",\"name\":\"Kisha Orthodhokse\",\"image\":{\"@type\":\"ImageObject\",\"inLanguage\":\"en-US\",\"@id\":\"https:\/\/secure.gravatar.com\/avatar\/596e7c417251e30f2fbb9c00e026fce61a695a00e51c889caded71c96cbbdde5?s=96&d=mm&r=g\",\"url\":\"https:\/\/secure.gravatar.com\/avatar\/596e7c417251e30f2fbb9c00e026fce61a695a00e51c889caded71c96cbbdde5?s=96&d=mm&r=g\",\"contentUrl\":\"https:\/\/secure.gravatar.com\/avatar\/596e7c417251e30f2fbb9c00e026fce61a695a00e51c889caded71c96cbbdde5?s=96&d=mm&r=g\",\"caption\":\"Kisha Orthodhokse\"}}]}<\/script>\n<!-- \/ Yoast SEO plugin. -->","yoast_head_json":{"title":"20 vjet nga numri i par\u00eb i \u201cNGJALLJA\u201d. (Tetor 2012) - Kisha Orthodh\u03bfkse Autoqefale e Shqip\u00ebris\u00eb","robots":{"index":"index","follow":"follow","max-snippet":"max-snippet:-1","max-image-preview":"max-image-preview:large","max-video-preview":"max-video-preview:-1"},"canonical":"https:\/\/orthodoxalbania.org\/2020\/2013\/03\/21\/20-vjet-nga-numri-i-pare-i-ngjallja\/","og_locale":"en_US","og_type":"article","og_title":"20 vjet nga numri i par\u00eb i \u201cNGJALLJA\u201d. (Tetor 2012) - Kisha Orthodh\u03bfkse Autoqefale e Shqip\u00ebris\u00eb","og_description":"Gjithmon\u00eb duke p\u00ebrcjell\u00eb mesazhin orthodhoks &nbsp;&nbsp;&nbsp; \u00c7do num\u00ebr i ri i gazet\u00ebs \u201cNgjallja\u201d sh\u00ebnon nj\u00eb etap\u00eb n\u00eb plot\u00ebsimin e misionit q\u00eb ka marr\u00eb p\u00ebrsip\u00ebr q\u00eb nga numri i par\u00eb. Por, p\u00ebrvjetor\u00ebt ngjallin emocione t\u00eb ve\u00e7anta dhe t\u00eb paharrueshme. Numri i tetorit 2012, numri i 237 i gazet\u00ebs \u201cNgjallja\u201d,&nbsp; p\u00ebr-kon me 20-vjetorin e daljes s\u00eb saj. &nbsp;&nbsp;&nbsp; Kryepiskopi Anastas nism\u00ebtari, projektuesi dhe realizuesi i saj, e","og_url":"https:\/\/orthodoxalbania.org\/2020\/2013\/03\/21\/20-vjet-nga-numri-i-pare-i-ngjallja\/","og_site_name":"Kisha Orthodh\u03bfkse Autoqefale e Shqip\u00ebris\u00eb","article_publisher":"https:\/\/www.facebook.com\/koash1991","article_published_time":"2013-03-21T12:24:31+00:00","article_modified_time":"2020-04-06T20:05:56+00:00","og_image":[{"url":"https:\/\/lh5.googleusercontent.com\/-Zkair4abLoE\/UK9Hbceo0MI\/AAAAAAAABLo\/T8Q3g5IsnFM\/s640\/faqja 1.jpg","type":"","width":"","height":""}],"author":"Kisha Orthodhokse","twitter_card":"summary_large_image","twitter_misc":{"Written by":"Kisha Orthodhokse","Est. reading time":"4 minutes"},"schema":{"@context":"https:\/\/schema.org","@graph":[{"@type":"Article","@id":"https:\/\/orthodoxalbania.org\/2020\/2013\/03\/21\/20-vjet-nga-numri-i-pare-i-ngjallja\/#article","isPartOf":{"@id":"https:\/\/orthodoxalbania.org\/2020\/2013\/03\/21\/20-vjet-nga-numri-i-pare-i-ngjallja\/"},"author":{"name":"Kisha Orthodhokse","@id":"https:\/\/orthodoxalbania.org\/2020\/#\/schema\/person\/0c387634a7063ac612d7ed9ce71c7e86"},"headline":"20 vjet nga numri i par\u00eb i \u201cNGJALLJA\u201d. (Tetor 2012)","datePublished":"2013-03-21T12:24:31+00:00","dateModified":"2020-04-06T20:05:56+00:00","mainEntityOfPage":{"@id":"https:\/\/orthodoxalbania.org\/2020\/2013\/03\/21\/20-vjet-nga-numri-i-pare-i-ngjallja\/"},"wordCount":767,"commentCount":0,"publisher":{"@id":"https:\/\/orthodoxalbania.org\/2020\/#organization"},"keywords":["2012","Gazeta \"Ngjallja\"","Kryepiskopata Tiran\u00eb","lajme"],"articleSection":["Lajme"],"inLanguage":"en-US"},{"@type":"WebPage","@id":"https:\/\/orthodoxalbania.org\/2020\/2013\/03\/21\/20-vjet-nga-numri-i-pare-i-ngjallja\/","url":"https:\/\/orthodoxalbania.org\/2020\/2013\/03\/21\/20-vjet-nga-numri-i-pare-i-ngjallja\/","name":"20 vjet nga numri i par\u00eb i \u201cNGJALLJA\u201d. (Tetor 2012) - Kisha Orthodh\u03bfkse Autoqefale e Shqip\u00ebris\u00eb","isPartOf":{"@id":"https:\/\/orthodoxalbania.org\/2020\/#website"},"datePublished":"2013-03-21T12:24:31+00:00","dateModified":"2020-04-06T20:05:56+00:00","breadcrumb":{"@id":"https:\/\/orthodoxalbania.org\/2020\/2013\/03\/21\/20-vjet-nga-numri-i-pare-i-ngjallja\/#breadcrumb"},"inLanguage":"en-US","potentialAction":[{"@type":"ReadAction","target":["https:\/\/orthodoxalbania.org\/2020\/2013\/03\/21\/20-vjet-nga-numri-i-pare-i-ngjallja\/"]}]},{"@type":"BreadcrumbList","@id":"https:\/\/orthodoxalbania.org\/2020\/2013\/03\/21\/20-vjet-nga-numri-i-pare-i-ngjallja\/#breadcrumb","itemListElement":[{"@type":"ListItem","position":1,"name":"Home","item":"https:\/\/orthodoxalbania.org\/2020\/"},{"@type":"ListItem","position":2,"name":"20 vjet nga numri i par\u00eb i \u201cNGJALLJA\u201d. (Tetor 2012)"}]},{"@type":"WebSite","@id":"https:\/\/orthodoxalbania.org\/2020\/#website","url":"https:\/\/orthodoxalbania.org\/2020\/","name":"Kisha Orthodh\u03bfkse Autoqefale e Shqip\u00ebris\u00eb","description":"Fqja Zyrtare e Kish\u00ebs Orthodhokse Autoqefale e Shqip\u00ebris\u00eb me lajmet edhe informacionet zyrtare p\u00ebr struktur\u00ebn edhe veprimtarin e saj.","publisher":{"@id":"https:\/\/orthodoxalbania.org\/2020\/#organization"},"potentialAction":[{"@type":"SearchAction","target":{"@type":"EntryPoint","urlTemplate":"https:\/\/orthodoxalbania.org\/2020\/?s={search_term_string}"},"query-input":{"@type":"PropertyValueSpecification","valueRequired":true,"valueName":"search_term_string"}}],"inLanguage":"en-US"},{"@type":"Organization","@id":"https:\/\/orthodoxalbania.org\/2020\/#organization","name":"Kisha Orthodhokse Autoqefale e Shqip\u00ebris\u00eb","url":"https:\/\/orthodoxalbania.org\/2020\/","logo":{"@type":"ImageObject","inLanguage":"en-US","@id":"https:\/\/orthodoxalbania.org\/2020\/#\/schema\/logo\/image\/","url":"https:\/\/orthodoxalbania.org\/2020\/wp-content\/uploads\/2020\/05\/albania.jpeg","contentUrl":"https:\/\/orthodoxalbania.org\/2020\/wp-content\/uploads\/2020\/05\/albania.jpeg","width":540,"height":540,"caption":"Kisha Orthodhokse Autoqefale e Shqip\u00ebris\u00eb"},"image":{"@id":"https:\/\/orthodoxalbania.org\/2020\/#\/schema\/logo\/image\/"},"sameAs":["https:\/\/www.facebook.com\/koash1991"]},{"@type":"Person","@id":"https:\/\/orthodoxalbania.org\/2020\/#\/schema\/person\/0c387634a7063ac612d7ed9ce71c7e86","name":"Kisha Orthodhokse","image":{"@type":"ImageObject","inLanguage":"en-US","@id":"https:\/\/secure.gravatar.com\/avatar\/596e7c417251e30f2fbb9c00e026fce61a695a00e51c889caded71c96cbbdde5?s=96&d=mm&r=g","url":"https:\/\/secure.gravatar.com\/avatar\/596e7c417251e30f2fbb9c00e026fce61a695a00e51c889caded71c96cbbdde5?s=96&d=mm&r=g","contentUrl":"https:\/\/secure.gravatar.com\/avatar\/596e7c417251e30f2fbb9c00e026fce61a695a00e51c889caded71c96cbbdde5?s=96&d=mm&r=g","caption":"Kisha Orthodhokse"}}]}},"_links":{"self":[{"href":"https:\/\/orthodoxalbania.org\/2020\/wp-json\/wp\/v2\/posts\/232","targetHints":{"allow":["GET"]}}],"collection":[{"href":"https:\/\/orthodoxalbania.org\/2020\/wp-json\/wp\/v2\/posts"}],"about":[{"href":"https:\/\/orthodoxalbania.org\/2020\/wp-json\/wp\/v2\/types\/post"}],"author":[{"embeddable":true,"href":"https:\/\/orthodoxalbania.org\/2020\/wp-json\/wp\/v2\/users\/1"}],"replies":[{"embeddable":true,"href":"https:\/\/orthodoxalbania.org\/2020\/wp-json\/wp\/v2\/comments?post=232"}],"version-history":[{"count":1,"href":"https:\/\/orthodoxalbania.org\/2020\/wp-json\/wp\/v2\/posts\/232\/revisions"}],"predecessor-version":[{"id":15287,"href":"https:\/\/orthodoxalbania.org\/2020\/wp-json\/wp\/v2\/posts\/232\/revisions\/15287"}],"wp:attachment":[{"href":"https:\/\/orthodoxalbania.org\/2020\/wp-json\/wp\/v2\/media?parent=232"}],"wp:term":[{"taxonomy":"category","embeddable":true,"href":"https:\/\/orthodoxalbania.org\/2020\/wp-json\/wp\/v2\/categories?post=232"},{"taxonomy":"post_tag","embeddable":true,"href":"https:\/\/orthodoxalbania.org\/2020\/wp-json\/wp\/v2\/tags?post=232"}],"curies":[{"name":"wp","href":"https:\/\/api.w.org\/{rel}","templated":true}]}}