{"id":231,"date":"2009-03-19T00:00:00","date_gmt":"2009-03-19T00:00:00","guid":{"rendered":""},"modified":"2020-04-06T22:32:39","modified_gmt":"2020-04-06T20:32:39","slug":"2-shkurt-23-mars-rregjistrimet-per-provimin-e-gjuhes-greke-ne-institutin-e-formimit-profesional-fryme-dashurie-2009","status":"publish","type":"post","link":"https:\/\/orthodoxalbania.org\/2020\/2009\/03\/19\/2-shkurt-23-mars-rregjistrimet-per-provimin-e-gjuhes-greke-ne-institutin-e-formimit-profesional-fryme-dashurie-2009\/","title":{"rendered":"2 shkurt &#8211; 23 Mars rregjistrimet p\u00ebr provimin e gjuh\u00ebs greke n\u00eb Institutin e Formimit Profesional &#8220;Fryme Dashurie&#8221;. (2009)"},"content":{"rendered":"<p><span style=\"color: #000000; font-family: helvetica;\"><img decoding=\"async\" class=\"lazyload HAa Eha\" style=\"border-width: 1px; border-style: solid; margin: 10px auto; display: block;\" alt=\"\" src=\"data:image\/gif;base64,R0lGODlhAQABAAAAACH5BAEKAAEALAAAAAABAAEAAAICTAEAOw==\" data-orig-src=\"https:\/\/lh4.googleusercontent.com\/-ftjhXO_8-zM\/VJLNsfAoTNI\/AAAAAAAAIsM\/28b47hTb5XA\/w97-h108-no\/GjuhaGrekeIFP_clip_image002.jpg\" \/><\/span><\/p>\n<div style=\"text-align: justify;\"><span style=\"font-family: helvetica; font-size: 12pt;\"><span style=\"color: #000000;\">&nbsp;<img decoding=\"async\" class=\"lazyload HAa Eha\" style=\"border-width: 1px; border-style: solid; margin: 10px; float: left;\" alt=\"\" src=\"data:image\/gif;base64,R0lGODlhAQABAAAAACH5BAEKAAEALAAAAAABAAEAAAICTAEAOw==\" data-orig-src=\"https:\/\/lh5.googleusercontent.com\/-z1uDOMILyDY\/VJLNsD5_v8I\/AAAAAAAAIsU\/KIpmvfIoRnc\/w300-h139-no\/3..jpg\" \/>&nbsp; <\/span><span class=\"Tekst\"><span class=\"Tekst\"><span class=\"Tekst\"><span style=\"color: #000000;\"> Q\u00eb prej vitit 2001 n\u00eb Qendr\u00ebn e Gjuh\u00ebs Greke n\u00eb Tiran\u00eb zhvillohet provimi p\u00ebr certifikimin e gjuh\u00ebs greke. Kjo certifikat\u00eb jepet nga Qendra e Gjuh\u00ebs Greke dhe \u00ebsht\u00eb e njohur zyrtarisht nga Ministria e Arsimit t\u00eb Greqis\u00eb dhe njihet n\u00eb t\u00eb gjith\u00eb bot\u00ebn.<\/p>\n<p> &nbsp;&nbsp;&nbsp; Provimet jepen p\u00ebr kat\u00ebr nivele t\u00eb ndryshme<strong> A<\/strong> <strong>B<\/strong> <strong>C<\/strong> <strong>D<\/strong>, t\u00eb cilat p\u00ebrdoren n\u00eb drejtime t\u00eb ndryshme. P.sh me certifikat\u00ebn e nivelit t\u00eb tret\u00eb (<strong>C<\/strong>) kushdo mund t\u00eb regjistrohesh n\u00eb Universitet n\u00eb Greqi, duke mos patur nevoj\u00eb p\u00ebr t\u00eb kryer nj\u00eb vit studime p\u00ebr gjuh\u00ebn greke. <\/span><\/span><\/span><\/span><\/span><\/div>\n<div style=\"text-align: justify;\"><span style=\"font-family: helvetica; font-size: 12pt;\"><\/span><\/div>\n<div class=\"Tekst\" style=\"text-align: justify;\"><span style=\"color: #000000; font-family: helvetica; font-size: 12pt;\"><span class=\"Tekst\"><span class=\"Tekst\"><span class=\"Tekst\">&nbsp;&nbsp;&nbsp; <img decoding=\"async\" class=\"lazyload HAa Eha\" style=\"border-width: 1px; border-style: solid; margin: 10px; float: right;\" alt=\"\" src=\"data:image\/gif;base64,R0lGODlhAQABAAAAACH5BAEKAAEALAAAAAABAAEAAAICTAEAOw==\" data-orig-src=\"https:\/\/lh3.googleusercontent.com\/-3cffL0PPMjc\/VJLNsOr1iTI\/AAAAAAAAIsE\/UvtUd0nInE8\/w284-h196-no\/4..jpg\" \/>Regjistrimet p\u00ebr provimin jan\u00eb n\u00eb periudh\u00ebn <strong>2 shkurt &#8211; 23 mars 2009<\/strong>.<\/span><\/span><\/span><\/span><\/div>\n<div class=\"Tekst\" style=\"text-align: justify;\"><span style=\"color: #000000; font-family: helvetica; font-size: 12pt;\"> <span class=\"Tekst\"><span class=\"Tekst\"><span class=\"Tekst\">&nbsp;&nbsp;&nbsp; Provimet zhvillohen n\u00eb muajin <strong>maj 2009.<\/strong><\/span><\/span><\/span><\/span><\/div>\n<div class=\"Tekst\" style=\"text-align: justify;\"><span style=\"font-family: helvetica; font-size: 12pt;\"><\/span><\/div>\n<div class=\"Tekst\" style=\"text-align: justify;\"><span style=\"color: #000000; font-family: helvetica; font-size: 12pt;\"><span class=\"Tekst\"><span class=\"Tekst\"><span class=\"Tekst\">&nbsp;&nbsp;&nbsp; Pran\u00eb Qendr\u00ebs s\u00eb Gjuh\u00ebs Greke n\u00eb Tiran\u00eb do t\u00eb zhvillohen kurse parap\u00ebrgatitore sipas niveleve nga pedagog\u00eb me eksperienc\u00eb shum\u00ebvje\u00e7are n\u00eb m\u00ebsimdh\u00ebnie si edhe me kualifikime n\u00eb fush\u00ebn e gjuh\u00ebs greke.<\/p>\n<p> &nbsp;&nbsp;&nbsp; P\u00ebr t\u2019u ardhur n\u00eb ndihm\u00eb edhe personave t\u00eb tjer\u00eb, t\u00eb cil\u00ebt duan t\u00eb m\u00ebsojn\u00eb gjuh\u00ebn greke apo t\u00eb p\u00ebrmir\u00ebsojn\u00eb njohurit\u00eb e tyre n\u00eb k\u00ebt\u00eb fush\u00eb, njoftojm\u00eb se pran\u00eb Qendr\u00ebs s\u00eb Gjuh\u00ebs Greke n\u00eb Tiran\u00eb do t\u00eb zhvillohen edhe kurse me metoda bashk\u00ebkohore t\u00eb ardhura nga Greqia, nga pedagog\u00eb me eksperienc\u00eb shum\u00ebvje\u00e7are n\u00eb m\u00ebsimdh\u00ebnie si edhe me kualifikime t\u00eb shumta n\u00eb fush\u00ebn e gjuh\u00ebs greke. K\u00ebto kurse do t\u00eb finalizohen me d\u00ebshmi zyrtare dhe t\u00eb njohur.<\/p>\n<p> &nbsp;&nbsp;&nbsp; Natyrisht q\u00eb personat, t\u00eb cil\u00ebt do t\u00eb ndjekin k\u00ebto kurse do t\u00eb jet\u00eb t\u00eb aft\u00eb p\u00ebr t\u00eb dh\u00ebn\u00eb edhe provimin e certifikimit t\u00eb gjuh\u00ebs, n\u00eb baz\u00eb t\u00eb niveleve q\u00eb ata vet\u00eb kan\u00eb interes.<\/span><\/span><\/span><\/span><\/div>\n<div class=\"Tekst\" style=\"text-align: justify;\"><span style=\"font-family: helvetica; font-size: 12pt;\"><\/span><\/div>\n<div class=\"Tekst\" style=\"text-align: justify;\"><span style=\"color: #000000; font-family: helvetica; font-size: 12pt;\"><span class=\"Tekst\"><span class=\"Tekst\"><span class=\"Tekst\">&nbsp;&nbsp;&nbsp;&nbsp; P\u00ebr informacione m\u00eb t\u00eb detajuara interesohuni pran\u00eb Institutit t\u00eb Formimit Profesional \u201cFrym\u00eb Dashurie\u201d me adres\u00eb:<\/span><\/span><\/span><\/span><\/div>\n<p><span style=\"font-family: helvetica; font-size: 12pt;\"><\/span><\/p>\n<p><span style=\"color: #000000; font-family: helvetica; font-size: 12pt;\"><span class=\"Ngj\"><strong><img decoding=\"async\" class=\"lazyload HAa Eha\" style=\"border-width: 1px; border-style: solid; margin: 10px auto; display: block;\" alt=\"\" src=\"data:image\/gif;base64,R0lGODlhAQABAAAAACH5BAEKAAEALAAAAAABAAEAAAICTAEAOw==\" data-orig-src=\"https:\/\/lh3.googleusercontent.com\/-VbKGvZK4hTQ\/VJLNr0nP_8I\/AAAAAAAAIsI\/kVvRisyIRLs\/w350-h236-no\/1..jpg\" \/><\/strong><\/span><\/span><\/p>\n<p style=\"text-align: center;\"><span style=\"font-family: helvetica; font-size: 12pt;\"><span style=\"color: #a52a2a;\"><span class=\"Ngj\"><strong>Instituti i Formimit Profesional \u201cFrym\u00eb Dashurie\u201d<\/strong><br \/> <strong>Rruga e Durr\u00ebsit, Pallatet Komfort <\/strong><br \/> <strong>(P\u00ebrball\u00eb Pallatit t\u00eb Sportit \u201cAsllan Rusi\u201d)<\/strong><br \/> <strong>Tel: 04 22 55 207 &nbsp;Cel 069 20 95 010<\/strong><br \/> <strong>E-mail:<\/strong><\/span><\/span> <a href=\"mailto&#58;&#105;&#102;&#112;&#95;&#102;&#100;&#x40;&#x61;&#x74;&#x6e;&#x65;&#x74;&#x2e;&#x63;&#x6f;&#x6d;&#x2e;&#x61;l\"><span style=\"color: #2f4f4f;\">i<\/span><span style=\"color: #006400;\">f&#112;&#x5f;&#x66;d&#64;&#97;&#x74;&#x6e;e&#116;&#46;&#x63;&#x6f;m&#46;&#x61;&#x6c;<\/span><\/a><span style=\"color: #006400;\"> dhe <\/span><a href=\"&#x6d;&#97;&#x69;&#108;t&#x6f;&#58;i&#x66;&#112;&#x5f;&#x66;d&#x40;&#104;o&#x74;&#109;&#x61;&#x69;l&#x2e;&#99;o&#x6d;\"><span style=\"color: #006400;\">ifp_fd@hotmai<\/span><\/a><\/span><\/p>\n","protected":false},"excerpt":{"rendered":"<p>&nbsp;&nbsp; Q\u00eb prej vitit 2001 n\u00eb Qendr\u00ebn e Gjuh\u00ebs Greke n\u00eb Tiran\u00eb zhvillohet provimi p\u00ebr certifikimin e gjuh\u00ebs greke. Kjo certifikat\u00eb jepet nga Qendra e Gjuh\u00ebs Greke dhe \u00ebsht\u00eb e njohur zyrtarisht nga Ministria e Arsimit t\u00eb Greqis\u00eb dhe njihet n\u00eb t\u00eb gjith\u00eb bot\u00ebn. &nbsp;&nbsp;&nbsp; Provimet jepen p\u00ebr kat\u00ebr nivele t\u00eb ndryshme A B C D, t\u00eb cilat p\u00ebrdoren n\u00eb drejtime t\u00eb ndryshme. P.sh me<\/p>\n","protected":false},"author":1,"featured_media":0,"comment_status":"open","ping_status":"open","sticky":false,"template":"","format":"standard","meta":{"_acf_changed":false,"pagelayer_contact_templates":[],"_pagelayer_content":"","inline_featured_image":false,"fifu_image_url":"","fifu_image_alt":"","footnotes":""},"categories":[108],"tags":[145,196,212,195],"class_list":["post-231","post","type-post","status-publish","format-standard","hentry","category-lajme","tag-145","tag-tirane","tag-lajme-d27","tag-universiteti-logos"],"acf":[],"yoast_head":"<!-- This site is optimized with the Yoast SEO plugin v27.2 - https:\/\/yoast.com\/product\/yoast-seo-wordpress\/ -->\n<title>2 shkurt - 23 Mars rregjistrimet p\u00ebr provimin e gjuh\u00ebs greke n\u00eb Institutin e Formimit Profesional &quot;Fryme Dashurie&quot;. (2009) - Kisha Orthodh\u03bfkse Autoqefale e Shqip\u00ebris\u00eb<\/title>\n<meta name=\"robots\" content=\"index, follow, max-snippet:-1, max-image-preview:large, max-video-preview:-1\" \/>\n<link rel=\"canonical\" href=\"https:\/\/orthodoxalbania.org\/2020\/2009\/03\/19\/2-shkurt-23-mars-rregjistrimet-per-provimin-e-gjuhes-greke-ne-institutin-e-formimit-profesional-fryme-dashurie-2009\/\" \/>\n<meta property=\"og:locale\" content=\"en_US\" \/>\n<meta property=\"og:type\" content=\"article\" \/>\n<meta property=\"og:title\" content=\"2 shkurt - 23 Mars rregjistrimet p\u00ebr provimin e gjuh\u00ebs greke n\u00eb Institutin e Formimit Profesional &quot;Fryme Dashurie&quot;. (2009) - Kisha Orthodh\u03bfkse Autoqefale e Shqip\u00ebris\u00eb\" \/>\n<meta property=\"og:description\" content=\"&nbsp;&nbsp; Q\u00eb prej vitit 2001 n\u00eb Qendr\u00ebn e Gjuh\u00ebs Greke n\u00eb Tiran\u00eb zhvillohet provimi p\u00ebr certifikimin e gjuh\u00ebs greke. Kjo certifikat\u00eb jepet nga Qendra e Gjuh\u00ebs Greke dhe \u00ebsht\u00eb e njohur zyrtarisht nga Ministria e Arsimit t\u00eb Greqis\u00eb dhe njihet n\u00eb t\u00eb gjith\u00eb bot\u00ebn. &nbsp;&nbsp;&nbsp; Provimet jepen p\u00ebr kat\u00ebr nivele t\u00eb ndryshme A B C D, t\u00eb cilat p\u00ebrdoren n\u00eb drejtime t\u00eb ndryshme. P.sh me\" \/>\n<meta property=\"og:url\" content=\"https:\/\/orthodoxalbania.org\/2020\/2009\/03\/19\/2-shkurt-23-mars-rregjistrimet-per-provimin-e-gjuhes-greke-ne-institutin-e-formimit-profesional-fryme-dashurie-2009\/\" \/>\n<meta property=\"og:site_name\" content=\"Kisha Orthodh\u03bfkse Autoqefale e Shqip\u00ebris\u00eb\" \/>\n<meta property=\"article:publisher\" content=\"https:\/\/www.facebook.com\/koash1991\" \/>\n<meta property=\"article:published_time\" content=\"2009-03-19T00:00:00+00:00\" \/>\n<meta property=\"article:modified_time\" content=\"2020-04-06T20:32:39+00:00\" \/>\n<meta property=\"og:image\" content=\"https:\/\/lh4.googleusercontent.com\/-ftjhXO_8-zM\/VJLNsfAoTNI\/AAAAAAAAIsM\/28b47hTb5XA\/w97-h108-no\/GjuhaGrekeIFP_clip_image002.jpg\" \/>\n<meta name=\"author\" content=\"Kisha Orthodhokse\" \/>\n<meta name=\"twitter:card\" content=\"summary_large_image\" \/>\n<meta name=\"twitter:label1\" content=\"Written by\" \/>\n\t<meta name=\"twitter:data1\" content=\"Kisha Orthodhokse\" \/>\n\t<meta name=\"twitter:label2\" content=\"Est. reading time\" \/>\n\t<meta name=\"twitter:data2\" content=\"2 minutes\" \/>\n<script type=\"application\/ld+json\" class=\"yoast-schema-graph\">{\"@context\":\"https:\/\/schema.org\",\"@graph\":[{\"@type\":\"Article\",\"@id\":\"https:\/\/orthodoxalbania.org\/2020\/2009\/03\/19\/2-shkurt-23-mars-rregjistrimet-per-provimin-e-gjuhes-greke-ne-institutin-e-formimit-profesional-fryme-dashurie-2009\/#article\",\"isPartOf\":{\"@id\":\"https:\/\/orthodoxalbania.org\/2020\/2009\/03\/19\/2-shkurt-23-mars-rregjistrimet-per-provimin-e-gjuhes-greke-ne-institutin-e-formimit-profesional-fryme-dashurie-2009\/\"},\"author\":{\"name\":\"Kisha Orthodhokse\",\"@id\":\"https:\/\/orthodoxalbania.org\/2020\/#\/schema\/person\/0c387634a7063ac612d7ed9ce71c7e86\"},\"headline\":\"2 shkurt &#8211; 23 Mars rregjistrimet p\u00ebr provimin e gjuh\u00ebs greke n\u00eb Institutin e Formimit Profesional &#8220;Fryme Dashurie&#8221;. (2009)\",\"datePublished\":\"2009-03-19T00:00:00+00:00\",\"dateModified\":\"2020-04-06T20:32:39+00:00\",\"mainEntityOfPage\":{\"@id\":\"https:\/\/orthodoxalbania.org\/2020\/2009\/03\/19\/2-shkurt-23-mars-rregjistrimet-per-provimin-e-gjuhes-greke-ne-institutin-e-formimit-profesional-fryme-dashurie-2009\/\"},\"wordCount\":381,\"commentCount\":0,\"publisher\":{\"@id\":\"https:\/\/orthodoxalbania.org\/2020\/#organization\"},\"image\":{\"@id\":\"https:\/\/orthodoxalbania.org\/2020\/2009\/03\/19\/2-shkurt-23-mars-rregjistrimet-per-provimin-e-gjuhes-greke-ne-institutin-e-formimit-profesional-fryme-dashurie-2009\/#primaryimage\"},\"thumbnailUrl\":\"https:\/\/lh4.googleusercontent.com\/-ftjhXO_8-zM\/VJLNsfAoTNI\/AAAAAAAAIsM\/28b47hTb5XA\/w97-h108-no\/GjuhaGrekeIFP_clip_image002.jpg\",\"keywords\":[\"2009\",\"Kryepiskopata Tiran\u00eb\",\"lajme\",\"Universiteti \\\"Logos\\\"\"],\"articleSection\":[\"Lajme\"],\"inLanguage\":\"en-US\"},{\"@type\":\"WebPage\",\"@id\":\"https:\/\/orthodoxalbania.org\/2020\/2009\/03\/19\/2-shkurt-23-mars-rregjistrimet-per-provimin-e-gjuhes-greke-ne-institutin-e-formimit-profesional-fryme-dashurie-2009\/\",\"url\":\"https:\/\/orthodoxalbania.org\/2020\/2009\/03\/19\/2-shkurt-23-mars-rregjistrimet-per-provimin-e-gjuhes-greke-ne-institutin-e-formimit-profesional-fryme-dashurie-2009\/\",\"name\":\"2 shkurt - 23 Mars rregjistrimet p\u00ebr provimin e gjuh\u00ebs greke n\u00eb Institutin e Formimit Profesional \\\"Fryme Dashurie\\\". (2009) - Kisha Orthodh\u03bfkse Autoqefale e Shqip\u00ebris\u00eb\",\"isPartOf\":{\"@id\":\"https:\/\/orthodoxalbania.org\/2020\/#website\"},\"primaryImageOfPage\":{\"@id\":\"https:\/\/orthodoxalbania.org\/2020\/2009\/03\/19\/2-shkurt-23-mars-rregjistrimet-per-provimin-e-gjuhes-greke-ne-institutin-e-formimit-profesional-fryme-dashurie-2009\/#primaryimage\"},\"image\":{\"@id\":\"https:\/\/orthodoxalbania.org\/2020\/2009\/03\/19\/2-shkurt-23-mars-rregjistrimet-per-provimin-e-gjuhes-greke-ne-institutin-e-formimit-profesional-fryme-dashurie-2009\/#primaryimage\"},\"thumbnailUrl\":\"https:\/\/lh4.googleusercontent.com\/-ftjhXO_8-zM\/VJLNsfAoTNI\/AAAAAAAAIsM\/28b47hTb5XA\/w97-h108-no\/GjuhaGrekeIFP_clip_image002.jpg\",\"datePublished\":\"2009-03-19T00:00:00+00:00\",\"dateModified\":\"2020-04-06T20:32:39+00:00\",\"breadcrumb\":{\"@id\":\"https:\/\/orthodoxalbania.org\/2020\/2009\/03\/19\/2-shkurt-23-mars-rregjistrimet-per-provimin-e-gjuhes-greke-ne-institutin-e-formimit-profesional-fryme-dashurie-2009\/#breadcrumb\"},\"inLanguage\":\"en-US\",\"potentialAction\":[{\"@type\":\"ReadAction\",\"target\":[\"https:\/\/orthodoxalbania.org\/2020\/2009\/03\/19\/2-shkurt-23-mars-rregjistrimet-per-provimin-e-gjuhes-greke-ne-institutin-e-formimit-profesional-fryme-dashurie-2009\/\"]}]},{\"@type\":\"ImageObject\",\"inLanguage\":\"en-US\",\"@id\":\"https:\/\/orthodoxalbania.org\/2020\/2009\/03\/19\/2-shkurt-23-mars-rregjistrimet-per-provimin-e-gjuhes-greke-ne-institutin-e-formimit-profesional-fryme-dashurie-2009\/#primaryimage\",\"url\":\"https:\/\/lh4.googleusercontent.com\/-ftjhXO_8-zM\/VJLNsfAoTNI\/AAAAAAAAIsM\/28b47hTb5XA\/w97-h108-no\/GjuhaGrekeIFP_clip_image002.jpg\",\"contentUrl\":\"https:\/\/lh4.googleusercontent.com\/-ftjhXO_8-zM\/VJLNsfAoTNI\/AAAAAAAAIsM\/28b47hTb5XA\/w97-h108-no\/GjuhaGrekeIFP_clip_image002.jpg\"},{\"@type\":\"BreadcrumbList\",\"@id\":\"https:\/\/orthodoxalbania.org\/2020\/2009\/03\/19\/2-shkurt-23-mars-rregjistrimet-per-provimin-e-gjuhes-greke-ne-institutin-e-formimit-profesional-fryme-dashurie-2009\/#breadcrumb\",\"itemListElement\":[{\"@type\":\"ListItem\",\"position\":1,\"name\":\"Home\",\"item\":\"https:\/\/orthodoxalbania.org\/2020\/\"},{\"@type\":\"ListItem\",\"position\":2,\"name\":\"2 shkurt &#8211; 23 Mars rregjistrimet p\u00ebr provimin e gjuh\u00ebs greke n\u00eb Institutin e Formimit Profesional &#8220;Fryme Dashurie&#8221;. (2009)\"}]},{\"@type\":\"WebSite\",\"@id\":\"https:\/\/orthodoxalbania.org\/2020\/#website\",\"url\":\"https:\/\/orthodoxalbania.org\/2020\/\",\"name\":\"Kisha Orthodh\u03bfkse Autoqefale e Shqip\u00ebris\u00eb\",\"description\":\"Fqja Zyrtare e Kish\u00ebs Orthodhokse Autoqefale e Shqip\u00ebris\u00eb me lajmet edhe informacionet zyrtare p\u00ebr struktur\u00ebn edhe veprimtarin e saj.\",\"publisher\":{\"@id\":\"https:\/\/orthodoxalbania.org\/2020\/#organization\"},\"potentialAction\":[{\"@type\":\"SearchAction\",\"target\":{\"@type\":\"EntryPoint\",\"urlTemplate\":\"https:\/\/orthodoxalbania.org\/2020\/?s={search_term_string}\"},\"query-input\":{\"@type\":\"PropertyValueSpecification\",\"valueRequired\":true,\"valueName\":\"search_term_string\"}}],\"inLanguage\":\"en-US\"},{\"@type\":\"Organization\",\"@id\":\"https:\/\/orthodoxalbania.org\/2020\/#organization\",\"name\":\"Kisha Orthodhokse Autoqefale e Shqip\u00ebris\u00eb\",\"url\":\"https:\/\/orthodoxalbania.org\/2020\/\",\"logo\":{\"@type\":\"ImageObject\",\"inLanguage\":\"en-US\",\"@id\":\"https:\/\/orthodoxalbania.org\/2020\/#\/schema\/logo\/image\/\",\"url\":\"https:\/\/orthodoxalbania.org\/2020\/wp-content\/uploads\/2020\/05\/albania.jpeg\",\"contentUrl\":\"https:\/\/orthodoxalbania.org\/2020\/wp-content\/uploads\/2020\/05\/albania.jpeg\",\"width\":540,\"height\":540,\"caption\":\"Kisha Orthodhokse Autoqefale e Shqip\u00ebris\u00eb\"},\"image\":{\"@id\":\"https:\/\/orthodoxalbania.org\/2020\/#\/schema\/logo\/image\/\"},\"sameAs\":[\"https:\/\/www.facebook.com\/koash1991\"]},{\"@type\":\"Person\",\"@id\":\"https:\/\/orthodoxalbania.org\/2020\/#\/schema\/person\/0c387634a7063ac612d7ed9ce71c7e86\",\"name\":\"Kisha Orthodhokse\",\"image\":{\"@type\":\"ImageObject\",\"inLanguage\":\"en-US\",\"@id\":\"https:\/\/secure.gravatar.com\/avatar\/596e7c417251e30f2fbb9c00e026fce61a695a00e51c889caded71c96cbbdde5?s=96&d=mm&r=g\",\"url\":\"https:\/\/secure.gravatar.com\/avatar\/596e7c417251e30f2fbb9c00e026fce61a695a00e51c889caded71c96cbbdde5?s=96&d=mm&r=g\",\"contentUrl\":\"https:\/\/secure.gravatar.com\/avatar\/596e7c417251e30f2fbb9c00e026fce61a695a00e51c889caded71c96cbbdde5?s=96&d=mm&r=g\",\"caption\":\"Kisha Orthodhokse\"}}]}<\/script>\n<!-- \/ Yoast SEO plugin. -->","yoast_head_json":{"title":"2 shkurt - 23 Mars rregjistrimet p\u00ebr provimin e gjuh\u00ebs greke n\u00eb Institutin e Formimit Profesional \"Fryme Dashurie\". (2009) - Kisha Orthodh\u03bfkse Autoqefale e Shqip\u00ebris\u00eb","robots":{"index":"index","follow":"follow","max-snippet":"max-snippet:-1","max-image-preview":"max-image-preview:large","max-video-preview":"max-video-preview:-1"},"canonical":"https:\/\/orthodoxalbania.org\/2020\/2009\/03\/19\/2-shkurt-23-mars-rregjistrimet-per-provimin-e-gjuhes-greke-ne-institutin-e-formimit-profesional-fryme-dashurie-2009\/","og_locale":"en_US","og_type":"article","og_title":"2 shkurt - 23 Mars rregjistrimet p\u00ebr provimin e gjuh\u00ebs greke n\u00eb Institutin e Formimit Profesional \"Fryme Dashurie\". (2009) - Kisha Orthodh\u03bfkse Autoqefale e Shqip\u00ebris\u00eb","og_description":"&nbsp;&nbsp; Q\u00eb prej vitit 2001 n\u00eb Qendr\u00ebn e Gjuh\u00ebs Greke n\u00eb Tiran\u00eb zhvillohet provimi p\u00ebr certifikimin e gjuh\u00ebs greke. Kjo certifikat\u00eb jepet nga Qendra e Gjuh\u00ebs Greke dhe \u00ebsht\u00eb e njohur zyrtarisht nga Ministria e Arsimit t\u00eb Greqis\u00eb dhe njihet n\u00eb t\u00eb gjith\u00eb bot\u00ebn. &nbsp;&nbsp;&nbsp; Provimet jepen p\u00ebr kat\u00ebr nivele t\u00eb ndryshme A B C D, t\u00eb cilat p\u00ebrdoren n\u00eb drejtime t\u00eb ndryshme. P.sh me","og_url":"https:\/\/orthodoxalbania.org\/2020\/2009\/03\/19\/2-shkurt-23-mars-rregjistrimet-per-provimin-e-gjuhes-greke-ne-institutin-e-formimit-profesional-fryme-dashurie-2009\/","og_site_name":"Kisha Orthodh\u03bfkse Autoqefale e Shqip\u00ebris\u00eb","article_publisher":"https:\/\/www.facebook.com\/koash1991","article_published_time":"2009-03-19T00:00:00+00:00","article_modified_time":"2020-04-06T20:32:39+00:00","og_image":[{"url":"https:\/\/lh4.googleusercontent.com\/-ftjhXO_8-zM\/VJLNsfAoTNI\/AAAAAAAAIsM\/28b47hTb5XA\/w97-h108-no\/GjuhaGrekeIFP_clip_image002.jpg","type":"","width":"","height":""}],"author":"Kisha Orthodhokse","twitter_card":"summary_large_image","twitter_misc":{"Written by":"Kisha Orthodhokse","Est. reading time":"2 minutes"},"schema":{"@context":"https:\/\/schema.org","@graph":[{"@type":"Article","@id":"https:\/\/orthodoxalbania.org\/2020\/2009\/03\/19\/2-shkurt-23-mars-rregjistrimet-per-provimin-e-gjuhes-greke-ne-institutin-e-formimit-profesional-fryme-dashurie-2009\/#article","isPartOf":{"@id":"https:\/\/orthodoxalbania.org\/2020\/2009\/03\/19\/2-shkurt-23-mars-rregjistrimet-per-provimin-e-gjuhes-greke-ne-institutin-e-formimit-profesional-fryme-dashurie-2009\/"},"author":{"name":"Kisha Orthodhokse","@id":"https:\/\/orthodoxalbania.org\/2020\/#\/schema\/person\/0c387634a7063ac612d7ed9ce71c7e86"},"headline":"2 shkurt &#8211; 23 Mars rregjistrimet p\u00ebr provimin e gjuh\u00ebs greke n\u00eb Institutin e Formimit Profesional &#8220;Fryme Dashurie&#8221;. (2009)","datePublished":"2009-03-19T00:00:00+00:00","dateModified":"2020-04-06T20:32:39+00:00","mainEntityOfPage":{"@id":"https:\/\/orthodoxalbania.org\/2020\/2009\/03\/19\/2-shkurt-23-mars-rregjistrimet-per-provimin-e-gjuhes-greke-ne-institutin-e-formimit-profesional-fryme-dashurie-2009\/"},"wordCount":381,"commentCount":0,"publisher":{"@id":"https:\/\/orthodoxalbania.org\/2020\/#organization"},"image":{"@id":"https:\/\/orthodoxalbania.org\/2020\/2009\/03\/19\/2-shkurt-23-mars-rregjistrimet-per-provimin-e-gjuhes-greke-ne-institutin-e-formimit-profesional-fryme-dashurie-2009\/#primaryimage"},"thumbnailUrl":"https:\/\/lh4.googleusercontent.com\/-ftjhXO_8-zM\/VJLNsfAoTNI\/AAAAAAAAIsM\/28b47hTb5XA\/w97-h108-no\/GjuhaGrekeIFP_clip_image002.jpg","keywords":["2009","Kryepiskopata Tiran\u00eb","lajme","Universiteti \"Logos\""],"articleSection":["Lajme"],"inLanguage":"en-US"},{"@type":"WebPage","@id":"https:\/\/orthodoxalbania.org\/2020\/2009\/03\/19\/2-shkurt-23-mars-rregjistrimet-per-provimin-e-gjuhes-greke-ne-institutin-e-formimit-profesional-fryme-dashurie-2009\/","url":"https:\/\/orthodoxalbania.org\/2020\/2009\/03\/19\/2-shkurt-23-mars-rregjistrimet-per-provimin-e-gjuhes-greke-ne-institutin-e-formimit-profesional-fryme-dashurie-2009\/","name":"2 shkurt - 23 Mars rregjistrimet p\u00ebr provimin e gjuh\u00ebs greke n\u00eb Institutin e Formimit Profesional \"Fryme Dashurie\". (2009) - Kisha Orthodh\u03bfkse Autoqefale e Shqip\u00ebris\u00eb","isPartOf":{"@id":"https:\/\/orthodoxalbania.org\/2020\/#website"},"primaryImageOfPage":{"@id":"https:\/\/orthodoxalbania.org\/2020\/2009\/03\/19\/2-shkurt-23-mars-rregjistrimet-per-provimin-e-gjuhes-greke-ne-institutin-e-formimit-profesional-fryme-dashurie-2009\/#primaryimage"},"image":{"@id":"https:\/\/orthodoxalbania.org\/2020\/2009\/03\/19\/2-shkurt-23-mars-rregjistrimet-per-provimin-e-gjuhes-greke-ne-institutin-e-formimit-profesional-fryme-dashurie-2009\/#primaryimage"},"thumbnailUrl":"https:\/\/lh4.googleusercontent.com\/-ftjhXO_8-zM\/VJLNsfAoTNI\/AAAAAAAAIsM\/28b47hTb5XA\/w97-h108-no\/GjuhaGrekeIFP_clip_image002.jpg","datePublished":"2009-03-19T00:00:00+00:00","dateModified":"2020-04-06T20:32:39+00:00","breadcrumb":{"@id":"https:\/\/orthodoxalbania.org\/2020\/2009\/03\/19\/2-shkurt-23-mars-rregjistrimet-per-provimin-e-gjuhes-greke-ne-institutin-e-formimit-profesional-fryme-dashurie-2009\/#breadcrumb"},"inLanguage":"en-US","potentialAction":[{"@type":"ReadAction","target":["https:\/\/orthodoxalbania.org\/2020\/2009\/03\/19\/2-shkurt-23-mars-rregjistrimet-per-provimin-e-gjuhes-greke-ne-institutin-e-formimit-profesional-fryme-dashurie-2009\/"]}]},{"@type":"ImageObject","inLanguage":"en-US","@id":"https:\/\/orthodoxalbania.org\/2020\/2009\/03\/19\/2-shkurt-23-mars-rregjistrimet-per-provimin-e-gjuhes-greke-ne-institutin-e-formimit-profesional-fryme-dashurie-2009\/#primaryimage","url":"https:\/\/lh4.googleusercontent.com\/-ftjhXO_8-zM\/VJLNsfAoTNI\/AAAAAAAAIsM\/28b47hTb5XA\/w97-h108-no\/GjuhaGrekeIFP_clip_image002.jpg","contentUrl":"https:\/\/lh4.googleusercontent.com\/-ftjhXO_8-zM\/VJLNsfAoTNI\/AAAAAAAAIsM\/28b47hTb5XA\/w97-h108-no\/GjuhaGrekeIFP_clip_image002.jpg"},{"@type":"BreadcrumbList","@id":"https:\/\/orthodoxalbania.org\/2020\/2009\/03\/19\/2-shkurt-23-mars-rregjistrimet-per-provimin-e-gjuhes-greke-ne-institutin-e-formimit-profesional-fryme-dashurie-2009\/#breadcrumb","itemListElement":[{"@type":"ListItem","position":1,"name":"Home","item":"https:\/\/orthodoxalbania.org\/2020\/"},{"@type":"ListItem","position":2,"name":"2 shkurt &#8211; 23 Mars rregjistrimet p\u00ebr provimin e gjuh\u00ebs greke n\u00eb Institutin e Formimit Profesional &#8220;Fryme Dashurie&#8221;. (2009)"}]},{"@type":"WebSite","@id":"https:\/\/orthodoxalbania.org\/2020\/#website","url":"https:\/\/orthodoxalbania.org\/2020\/","name":"Kisha Orthodh\u03bfkse Autoqefale e Shqip\u00ebris\u00eb","description":"Fqja Zyrtare e Kish\u00ebs Orthodhokse Autoqefale e Shqip\u00ebris\u00eb me lajmet edhe informacionet zyrtare p\u00ebr struktur\u00ebn edhe veprimtarin e saj.","publisher":{"@id":"https:\/\/orthodoxalbania.org\/2020\/#organization"},"potentialAction":[{"@type":"SearchAction","target":{"@type":"EntryPoint","urlTemplate":"https:\/\/orthodoxalbania.org\/2020\/?s={search_term_string}"},"query-input":{"@type":"PropertyValueSpecification","valueRequired":true,"valueName":"search_term_string"}}],"inLanguage":"en-US"},{"@type":"Organization","@id":"https:\/\/orthodoxalbania.org\/2020\/#organization","name":"Kisha Orthodhokse Autoqefale e Shqip\u00ebris\u00eb","url":"https:\/\/orthodoxalbania.org\/2020\/","logo":{"@type":"ImageObject","inLanguage":"en-US","@id":"https:\/\/orthodoxalbania.org\/2020\/#\/schema\/logo\/image\/","url":"https:\/\/orthodoxalbania.org\/2020\/wp-content\/uploads\/2020\/05\/albania.jpeg","contentUrl":"https:\/\/orthodoxalbania.org\/2020\/wp-content\/uploads\/2020\/05\/albania.jpeg","width":540,"height":540,"caption":"Kisha Orthodhokse Autoqefale e Shqip\u00ebris\u00eb"},"image":{"@id":"https:\/\/orthodoxalbania.org\/2020\/#\/schema\/logo\/image\/"},"sameAs":["https:\/\/www.facebook.com\/koash1991"]},{"@type":"Person","@id":"https:\/\/orthodoxalbania.org\/2020\/#\/schema\/person\/0c387634a7063ac612d7ed9ce71c7e86","name":"Kisha Orthodhokse","image":{"@type":"ImageObject","inLanguage":"en-US","@id":"https:\/\/secure.gravatar.com\/avatar\/596e7c417251e30f2fbb9c00e026fce61a695a00e51c889caded71c96cbbdde5?s=96&d=mm&r=g","url":"https:\/\/secure.gravatar.com\/avatar\/596e7c417251e30f2fbb9c00e026fce61a695a00e51c889caded71c96cbbdde5?s=96&d=mm&r=g","contentUrl":"https:\/\/secure.gravatar.com\/avatar\/596e7c417251e30f2fbb9c00e026fce61a695a00e51c889caded71c96cbbdde5?s=96&d=mm&r=g","caption":"Kisha Orthodhokse"}}]}},"_links":{"self":[{"href":"https:\/\/orthodoxalbania.org\/2020\/wp-json\/wp\/v2\/posts\/231","targetHints":{"allow":["GET"]}}],"collection":[{"href":"https:\/\/orthodoxalbania.org\/2020\/wp-json\/wp\/v2\/posts"}],"about":[{"href":"https:\/\/orthodoxalbania.org\/2020\/wp-json\/wp\/v2\/types\/post"}],"author":[{"embeddable":true,"href":"https:\/\/orthodoxalbania.org\/2020\/wp-json\/wp\/v2\/users\/1"}],"replies":[{"embeddable":true,"href":"https:\/\/orthodoxalbania.org\/2020\/wp-json\/wp\/v2\/comments?post=231"}],"version-history":[{"count":1,"href":"https:\/\/orthodoxalbania.org\/2020\/wp-json\/wp\/v2\/posts\/231\/revisions"}],"predecessor-version":[{"id":15563,"href":"https:\/\/orthodoxalbania.org\/2020\/wp-json\/wp\/v2\/posts\/231\/revisions\/15563"}],"wp:attachment":[{"href":"https:\/\/orthodoxalbania.org\/2020\/wp-json\/wp\/v2\/media?parent=231"}],"wp:term":[{"taxonomy":"category","embeddable":true,"href":"https:\/\/orthodoxalbania.org\/2020\/wp-json\/wp\/v2\/categories?post=231"},{"taxonomy":"post_tag","embeddable":true,"href":"https:\/\/orthodoxalbania.org\/2020\/wp-json\/wp\/v2\/tags?post=231"}],"curies":[{"name":"wp","href":"https:\/\/api.w.org\/{rel}","templated":true}]}}