{"id":230,"date":"2007-02-26T00:00:00","date_gmt":"2007-02-26T00:00:00","guid":{"rendered":""},"modified":"2020-04-06T22:35:41","modified_gmt":"2020-04-06T20:35:41","slug":"1992-2007-kremtohet-15-vjetori-i-ringritjes-kanonike-te-kishes-orthodhokse-autoqefale-te-shqiperise","status":"publish","type":"post","link":"https:\/\/orthodoxalbania.org\/2020\/2007\/02\/26\/1992-2007-kremtohet-15-vjetori-i-ringritjes-kanonike-te-kishes-orthodhokse-autoqefale-te-shqiperise\/","title":{"rendered":"1992-2007: Kremtohet 15-vjetori i ringritjes kanonike t\u00eb Kish\u00ebs Orthodhokse Autoqefale t\u00eb Shqip\u00ebris\u00eb. (2007)"},"content":{"rendered":"<table style=\"width: 844px; height: 3386px;\" border=\"1\">\n<tbody>\n<tr>\n<td style=\"width: 494px; text-align: justify;\">\n<div style=\"text-align: center;\"><span style=\"font-family: helvetica;\"><span style=\"font-size: 12px;\"><span style=\"color: #000000;\"><img decoding=\"async\" class=\"lazyload HAa Eha\" style=\"border-width: 1px; border-style: solid; margin: 10px;\" alt=\"\" src=\"data:image\/gif;base64,R0lGODlhAQABAAAAACH5BAEKAAEALAAAAAABAAEAAAICTAEAOw==\" data-orig-src=\"https:\/\/lh3.googleusercontent.com\/-kbrrQLHxRjI\/VImQnyFatAI\/AAAAAAAAGjw\/G7jUHHUAimg\/w400-h225-no\/pic1.jpg\" \/><\/span><\/span><\/span><\/div>\n<\/td>\n<td style=\"width: 494px; text-align: justify;\">\n<div><span style=\"font-family: helvetica; font-size: 12pt;\"><span style=\"color: #000000;\">&nbsp;&nbsp;&nbsp; 24 qershori 1992, me zgjedhjen e Kryepiskopit Anastas n\u00eb krye t\u00eb Kish\u00ebs Orthodhokse Autoqefale t\u00eb Shqip\u00ebris\u00eb dhe 2 gushti, me Fron\u00ebzimin e Tij, sh\u00ebnuan rikthimin e Autoqefalis\u00eb t\u00eb Kish\u00ebs son\u00eb. K\u00ebto ngjarje historike shpall\u00ebn, brenda dhe jasht\u00eb vendit, lajmin e mir\u00eb se: Kisha Orthodhokse Autoqefale e Shqip\u00ebris\u00eb jetonte dhe askush nuk do t\u00eb mundte m\u00eb t\u2019i ndalonte vepr\u00ebn shpirt\u00ebrore t\u00eb ndri\u00e7uar nga Per\u00ebndia n\u00eb dobi t\u00eb gjith\u00eb shoq\u00ebris\u00eb shqiptare.<\/span><\/span><\/div>\n<\/td>\n<\/tr>\n<tr>\n<td style=\"text-align: center; width: 494px;\">\n<div style=\"text-align: justify;\"><span style=\"font-family: helvetica; font-size: 12pt;\"><span style=\"color: #000000;\">&nbsp;&nbsp;&nbsp; Kisha kishte p\u00ebrs\u00ebri nj\u00eb kryebari t\u00eb shquar n\u00eb krye t\u00eb saj, i cili jo vet\u00ebm do ta rilindte, por edhe do ta b\u00ebnte t\u00eb barabart\u00eb dhe t\u00eb pranuar nga t\u00eb gjitha Kishat simotra.&nbsp; Q\u00eb kur erdhi si Eksark Patriarkal, n\u00eb ver\u00ebn e vitit 1991, Episkopit&nbsp; (i hirotonisur si i till\u00eb m\u00eb 1972), Mitropolitit t\u00eb Andrus\u00ebs Anastasit, i ishte shfaqur p\u00ebrpara nj\u00eb imazh apokaliptik i besimit: Pa kisha, pa objekte administrative, pa klerik\u00eb dhe sidomos, me disa breza njer\u00ebzish t\u00eb mbajtur me dhun\u00eb larg besimit dhe t\u00eb edukuar q\u00eb t\u00eb mohonin Per\u00ebndin\u00eb.<\/span><\/span><\/div>\n<\/td>\n<td style=\"text-align: center; width: 494px;\">\n<div><span style=\"font-family: helvetica; font-size: 12pt;\"><span style=\"color: #000000;\"><img decoding=\"async\" class=\"lazyload HAa Eha\" style=\"border-width: 1px; border-style: solid; margin: 10px;\" alt=\"\" src=\"data:image\/gif;base64,R0lGODlhAQABAAAAACH5BAEKAAEALAAAAAABAAEAAAICTAEAOw==\" data-orig-src=\"https:\/\/lh4.googleusercontent.com\/-Xne4AnywOZw\/VImQoTmvoGI\/AAAAAAAAGi4\/bjbofr8khG0\/w400-h296-no\/pic2.jpg\" \/><\/span><\/span><\/div>\n<div><span style=\"font-family: helvetica; font-size: 12pt;\"><span style=\"color: #000000;\"><strong>Viti 1992<\/strong><\/span><\/span><\/div>\n<\/td>\n<\/tr>\n<tr>\n<td style=\"width: 494px; text-align: justify;\">\n<div style=\"text-align: center;\"><span style=\"font-family: helvetica; font-size: 12pt;\"><span style=\"color: #000000;\"><img decoding=\"async\" class=\"lazyload HAa Eha\" style=\"border-width: 1px; border-style: solid; margin: 10px;\" alt=\"\" src=\"data:image\/gif;base64,R0lGODlhAQABAAAAACH5BAEKAAEALAAAAAABAAEAAAICTAEAOw==\" data-orig-src=\"https:\/\/lh4.googleusercontent.com\/-suu8_6H18dg\/VImQovDBo4I\/AAAAAAAAGjs\/O6GaXWZWXHo\/w400-h268-no\/pic3.jpg\" \/><\/span><\/span><\/div>\n<div style=\"text-align: center;\"><span style=\"font-family: helvetica; font-size: 12pt;\"><strong><span style=\"color: #000000;\">Viti 1992<\/span><\/strong><\/span><\/div>\n<\/td>\n<td style=\"width: 494px; text-align: justify;\">\n<div><span style=\"font-family: helvetica; font-size: 12pt;\"><span style=\"color: #000000;\">&nbsp;&nbsp;&nbsp; Shum\u00ebkush do t\u00eb ishte dekurajuar, por jo veprimtari i dalluar apostullor i dit\u00ebve tona, q\u00eb kishte kaluar m\u00eb p\u00ebrpara me v\u00ebshtir\u00ebsit\u00eb e Afrik\u00ebs dhe t\u00eb L\u00ebvizjes Ekumenike bot\u00ebrore. Ai e nisi pun\u00ebn pik\u00ebrisht atje ku kishte ndalur, tek formimi i klerit dhe ringritja e tempujve, p\u00ebr ta shtrir\u00eb gjithmon\u00eb e m\u00eb tep\u00ebr edhe n\u00eb fushat e tjera dhe sidomos n\u00eb at\u00eb t\u00eb ndihm\u00ebs sociale. <\/span><\/span><\/div>\n<\/td>\n<\/tr>\n<tr>\n<td style=\"text-align: center; width: 494px;\">\n<div style=\"text-align: justify;\"><span style=\"font-family: helvetica; font-size: 12pt;\"><span style=\"color: #000000;\">&nbsp;&nbsp;&nbsp; Ishte pik\u00ebrisht kjo k\u00ebmb\u00ebngulje, p\u00ebrkushtim dhe aft\u00ebsi e rrall\u00eb, e cila b\u00ebri q\u00eb besimtar\u00ebt orthodhoks\u00eb t\u00eb vler\u00ebsonin se ai ishte personi i p\u00ebrshtatsh\u00ebm p\u00ebr ta vazhduar vepr\u00ebn&nbsp; e saponisur. Ky vler\u00ebsim iu shpreh Patriarkan\u00ebs Ekumenike n\u00eb mars 1992, nga nj\u00eb delegacion i gjer\u00eb zyrtar kleriko-laik i Kish\u00ebs son\u00eb, q\u00eb b\u00ebri nj\u00eb vizit\u00eb pran\u00eb saj.<\/span><\/span><\/div>\n<\/td>\n<td style=\"width: 494px; text-align: justify;\">\n<div style=\"text-align: center;\"><span style=\"font-family: helvetica; font-size: 12pt;\"><span style=\"color: #000000;\"><img decoding=\"async\" class=\"lazyload HAa Eha\" style=\"border-width: 1px; border-style: solid; margin: 10px;\" alt=\"\" src=\"data:image\/gif;base64,R0lGODlhAQABAAAAACH5BAEKAAEALAAAAAABAAEAAAICTAEAOw==\" data-orig-src=\"https:\/\/lh5.googleusercontent.com\/-C4DEa0mY21Q\/VImQo7_lJ2I\/AAAAAAAAGjY\/Vs0spEyosic\/w400-h305-no\/pic4.jpg\" \/><\/span><\/span><\/div>\n<div style=\"text-align: center;\"><span style=\"font-family: helvetica; font-size: 12pt;\"><strong><span style=\"color: #000000;\">Viti 1992<\/span><\/strong><\/span><\/div>\n<\/td>\n<\/tr>\n<tr>\n<td style=\"width: 494px; text-align: justify;\">\n<div style=\"text-align: center;\"><span style=\"font-family: helvetica; font-size: 12pt;\"><span style=\"color: #000000;\"><img decoding=\"async\" class=\"lazyload HAa Eha\" style=\"border-width: 1px; border-style: solid; margin: 10px;\" alt=\"\" src=\"data:image\/gif;base64,R0lGODlhAQABAAAAACH5BAEKAAEALAAAAAABAAEAAAICTAEAOw==\" data-orig-src=\"https:\/\/lh4.googleusercontent.com\/-1QfyzbsDHtk\/VImQpDsAzPI\/AAAAAAAAGjA\/SmCl4Ih_CYE\/w400-h300-no\/pic5.jpg\" \/><\/span><\/span><\/div>\n<\/td>\n<td style=\"text-align: center; width: 494px;\">\n<div style=\"text-align: justify;\"><span style=\"font-family: helvetica; font-size: 12pt;\"><span style=\"color: #000000;\">&nbsp;&nbsp;&nbsp; M\u00eb pas, m\u00eb 30 maj 1992, K\u00ebshilli i P\u00ebrgjithsh\u00ebm i Ki&shy;sh\u00ebs Orthodhokse Autoqefale t\u00eb Shqip\u00ebris\u00eb i drejtohej me nj\u00eb k\u00ebrkes\u00eb zyrtare n\u00eb em\u00ebr t\u00eb besimtar\u00ebve orthodhoks\u00eb t\u00eb Shqip\u00ebris\u00eb, T\u00ebr\u00ebshenjt\u00ebris\u00eb s\u00eb Tij, Patriarkut Ekumenik Vartholomeut I.<\/span><\/span><\/div>\n<\/td>\n<\/tr>\n<tr>\n<td style=\"text-align: center; width: 494px;\">\n<div style=\"text-align: justify;\"><span style=\"font-family: helvetica; font-size: 12pt;\"><span style=\"color: #000000;\">&nbsp;&nbsp;&nbsp; N\u00eb t\u00eb, pasi lavd\u00ebrohej e vler\u00ebsohej lart puna e jasht\u00ebzakonshme e Eksarkut, theksohej, se, q\u00eb Kisha t\u2019u p\u00ebrgjigjej nevojave t\u00eb shumta, q\u00eb t\u00eb shpejtohej riorganizimi i saj mbi baza kanonike, q\u00eb t\u00eb rikthehej e barabart\u00eb n\u00eb gjirin e Kishave motra, ishte nevoja q\u00eb t\u00eb ngrihej sa m\u00eb shpejt nj\u00eb hierarki e aft\u00eb p\u00ebr t\u00eb p\u00ebrballuar k\u00ebto detyra.<\/span><\/span><\/div>\n<\/td>\n<td style=\"width: 494px; text-align: justify;\">\n<div style=\"text-align: center;\"><span style=\"font-family: helvetica; font-size: 12pt;\"><span style=\"color: #000000;\"><img decoding=\"async\" class=\"lazyload HAa Eha\" style=\"border-width: 1px; border-style: solid; margin: 10px;\" alt=\"\" src=\"data:image\/gif;base64,R0lGODlhAQABAAAAACH5BAEKAAEALAAAAAABAAEAAAICTAEAOw==\" data-orig-src=\"https:\/\/lh6.googleusercontent.com\/-Am5KzkbByQo\/VImQpbUepbI\/AAAAAAAAGjE\/7mna6NkFHgM\/w400-h244-no\/pic6.jpg\" \/><\/span><\/span><\/div>\n<\/td>\n<\/tr>\n<tr>\n<td style=\"width: 494px; text-align: justify;\">\n<div style=\"text-align: center;\"><span style=\"font-family: helvetica; font-size: 12pt;\"><span style=\"color: #000000;\"><img decoding=\"async\" class=\"lazyload HAa Eha\" style=\"border-width: 1px; border-style: solid; margin: 10px;\" alt=\"\" src=\"data:image\/gif;base64,R0lGODlhAQABAAAAACH5BAEKAAEALAAAAAABAAEAAAICTAEAOw==\" data-orig-src=\"https:\/\/lh6.googleusercontent.com\/-5kcYbJrEXK0\/VImQp2vE6DI\/AAAAAAAAGjQ\/nrjXZ8O-0zU\/w400-h255-no\/pic7.jpg\" \/><\/span><\/span><\/div>\n<\/td>\n<td style=\"text-align: center; width: 494px;\">\n<div style=\"text-align: justify;\"><span style=\"font-family: helvetica; font-size: 12pt;\"><span style=\"color: #000000;\">&nbsp;&nbsp;&nbsp; Ndaj, si Kisha m\u00ebm\u00eb, q\u00eb kishte dh\u00ebn\u00eb autoqefalin\u00eb, i takonte Patriarkan\u00ebs Ekumenike t\u00eb p\u00ebrdorte t\u00eb drejtat e detyrat e saj p\u00ebr plot\u00ebsimin kanonik t\u00eb strukturave t\u00eb Kish\u00ebs son\u00eb, duke nisur nga Kryepiskopi, ku vler\u00ebsohej se Prof. Dr. Anastasi ishte personi m\u00eb i p\u00ebrshtatsh\u00ebm p\u00ebr t\u00eb marr\u00eb k\u00ebt\u00eb detyr\u00eb.<\/span><\/span><\/div>\n<\/td>\n<\/tr>\n<tr>\n<td style=\"text-align: center; width: 494px;\">\n<div style=\"text-align: justify;\"><span style=\"font-family: helvetica; font-size: 12pt;\"><span style=\"color: #000000;\">&nbsp;&nbsp;&nbsp; Sinodi i Shenjt\u00eb i Patriarkan\u00ebs Ekumenike, pasi shqyrtoi k\u00ebt\u00eb k\u00ebrkes\u00eb, duke pasur parasysh se nuk kishte mbetur i gjall\u00eb asnj\u00eb episkop me origjin\u00eb shqiptare, dhe duke ma&shy;rr\u00eb n\u00eb konsiderat\u00eb pun\u00ebn e shk\u00eblqyer t\u00eb Imzot Anastasit, vendosi m\u00eb 24 qershor zgjedhjen e Tij Kryepiskop i Kish\u00ebs Orthodhokse Autoqefale t\u00eb Shqip\u00ebris\u00eb. Nd\u00ebrsa m\u00eb 2 gusht u b\u00eb ceremonia e Fron\u00ebzimit, n\u00eb kish\u00ebn \u201cUngjill\u00ebzimi i Hyjlind\u00ebses Mari\u201d, n\u00eb Tiran\u00eb.<\/span><\/span><\/div>\n<\/td>\n<td style=\"width: 494px; text-align: justify;\">\n<div style=\"text-align: center;\"><span style=\"font-family: helvetica; font-size: 12pt;\"><span style=\"color: #000000;\"><img decoding=\"async\" class=\"lazyload HAa Eha\" style=\"border-width: 1px; border-style: solid; margin: 10px;\" alt=\"\" src=\"data:image\/gif;base64,R0lGODlhAQABAAAAACH5BAEKAAEALAAAAAABAAEAAAICTAEAOw==\" data-orig-src=\"https:\/\/lh6.googleusercontent.com\/-qq3wATYkUZw\/VImQq_go1kI\/AAAAAAAAGjo\/LRujcRPcRDg\/w400-h336-no\/pic8.jpg\" \/><\/span><\/span><\/div>\n<\/td>\n<\/tr>\n<tr>\n<td style=\"width: 494px; text-align: justify;\">\n<div style=\"text-align: center;\"><span style=\"font-family: helvetica; font-size: 12pt;\"><span style=\"color: #000000;\"><img decoding=\"async\" class=\"lazyload HAa Eha\" style=\"border-width: 1px; border-style: solid; margin: 10px;\" alt=\"\" src=\"data:image\/gif;base64,R0lGODlhAQABAAAAACH5BAEKAAEALAAAAAABAAEAAAICTAEAOw==\" data-orig-src=\"https:\/\/lh5.googleusercontent.com\/-Cw9dPwiON2Q\/VImQrMtrgLI\/AAAAAAAAGjc\/9ydQgWzvmvw\/w400-h225-no\/pic9.jpg\" \/><\/span><\/span><\/div>\n<\/td>\n<td style=\"text-align: center; width: 494px;\">\n<div style=\"text-align: justify;\"><span style=\"font-family: helvetica; font-size: 12pt;\"><span style=\"color: #000000;\">&nbsp;&nbsp;&nbsp; Me k\u00ebt\u00eb rast, m\u00eb 24 Qershor 2007 dhe m\u00eb 2 Gusht 2007, u kremtua 15-vjetori i Zgjedhjes dhe i Fron\u00ebzimit t\u00eb Fortlumturis\u00eb s\u00eb Tij, Kryepiskopit t\u00eb Tiran\u00ebs, Durr\u00ebsit dhe t\u00eb gjith\u00eb Shqip\u00ebris\u00eb Anastasit, n\u00eb krye t\u00eb Kish\u00ebs Orthodhokse Autoqefale t\u00eb Shqip\u00ebris\u00eb. Liturgjit\u00eb Hyjnore festive u kryen n\u00eb Kish\u00ebn \u201cUngjill\u00ebzimi i Hyjlind\u00ebses\u201d, n\u00eb Tiran\u00eb, me pjes\u00ebmarrjen e gjith\u00eb Sinodit t\u00eb Shenjt\u00eb t\u00eb Kish\u00ebs.<\/span><\/span><\/div>\n<\/td>\n<\/tr>\n<tr>\n<td style=\"text-align: center; width: 494px;\">\n<div style=\"text-align: justify;\"><span style=\"font-family: helvetica; font-size: 12pt;\"><span style=\"color: #000000;\">&nbsp;&nbsp;&nbsp; Mes telegrameve dhe urimeve t\u00eb rastit, ve\u00e7ojm\u00eb letr\u00ebn q\u00eb Presidenti i porsazgjedhur i Republik\u00ebs, z. Bamir Topi, i d\u00ebrgoi me k\u00ebt\u00eb rast Kryepiskopit t\u00eb Kish\u00ebs Orthodhokse Autoqefale t\u00eb Shqip\u00ebris\u00eb, e cila u lexua n\u00eb fund t\u00eb Liturgjis\u00eb s\u00eb dt. 2 Gusht. Nd\u00ebr t\u00eb tjera, me fjal\u00eb t\u00eb ngrohta dhe mir\u00ebnjohjeje, Presidenti shkruan: \u201cM\u00eb lejoni, q\u00eb me rastin e 15-vjetorit t\u00eb Fron\u00ebzimit Tuaj n\u00eb krye t\u00eb KOASH, t\u2019Ju uroj nga zemra.<\/span><\/span><\/div>\n<\/td>\n<td style=\"width: 494px; text-align: justify;\">\n<div style=\"text-align: center;\"><span style=\"font-family: helvetica; font-size: 12pt;\"><span style=\"color: #000000;\"><img decoding=\"async\" class=\"lazyload HAa Eha\" style=\"border-width: 1px; border-style: solid; margin: 10px;\" alt=\"\" src=\"data:image\/gif;base64,R0lGODlhAQABAAAAACH5BAEKAAEALAAAAAABAAEAAAICTAEAOw==\" data-orig-src=\"https:\/\/lh4.googleusercontent.com\/-vhoeHt8WWgo\/VImQn79WD1I\/AAAAAAAAGj0\/O3KcHA79y7I\/w400-h224-no\/pic10.jpg\" \/><\/span><\/span><\/div>\n<\/td>\n<\/tr>\n<tr>\n<td style=\"width: 494px; text-align: justify;\">\n<div style=\"text-align: center;\"><span style=\"font-family: helvetica; font-size: 12pt;\"><span style=\"color: #000000;\"><img decoding=\"async\" class=\"lazyload HAa Eha\" style=\"border-width: 1px; border-style: solid; margin: 10px;\" alt=\"\" src=\"data:image\/gif;base64,R0lGODlhAQABAAAAACH5BAEKAAEALAAAAAABAAEAAAICTAEAOw==\" data-orig-src=\"https:\/\/lh3.googleusercontent.com\/-D_gaaZhpHhg\/VImQn0wCTKI\/AAAAAAAAGiw\/-YMZ5GGY-2g\/w400-h225-no\/pic11.jpg\" \/><\/span><\/span><\/div>\n<\/td>\n<td style=\"text-align: center; width: 494px;\">\n<div style=\"text-align: justify;\"><span style=\"font-family: helvetica; font-size: 12pt;\"><span style=\"color: #000000;\">&nbsp;&nbsp;&nbsp; Shpresoj q\u00eb edhe n\u00eb t\u00eb ardhmen misioni Juaj t\u00eb jet\u00eb nj\u00eb forc\u00eb e madhe paqeje, nj\u00eb kontribut i shquar qytetar, nj\u00eb shembull i jasht\u00ebzakonsh\u00ebm bashk\u00ebjetese sikund\u00ebr deri m\u00eb sot\u2026 M\u00eb lejoni gjithashtu t\u2019Ju shpreh bindjen time se edhe bashk\u00eb do t\u00eb punojm\u00eb q\u00eb gjat\u00eb viteve n\u00eb vijim do t\u00eb kemi marr\u00ebdh\u00ebnie t\u00eb shk\u00eblqyera\u2026\u201d<\/span><\/span><\/div>\n<div style=\"text-align: justify;\"><span style=\"font-family: helvetica; font-size: 12pt;\"><\/span><\/div>\n<\/td>\n<\/tr>\n<tr>\n<td style=\"text-align: center; width: 494px;\">\n<div style=\"text-align: justify;\"><span style=\"font-family: helvetica; font-size: 12pt;\"><span style=\"color: #000000;\">&nbsp;&nbsp; Programi i veprimtarive p\u00ebr kremtimin e k\u00ebsaj ngjarjeje historike p\u00ebr Kish\u00ebn Orthodhokse Autoqefale t\u00eb Shqip\u00ebris\u00eb u shkurtua p\u00ebr shkak se Kryepiskopi Anastas u largua p\u00ebr n\u00eb Bukuresht, n\u00eb krye t\u00eb nj\u00eb p\u00ebrfaq\u00ebsie t\u00eb Kish\u00ebs son\u00eb, p\u00ebr t\u00eb marr\u00eb pjes\u00eb n\u00eb ceremonin\u00eb e varrimit t\u00eb Fortlumturis\u00eb s\u00eb Tij, Patriarkut t\u00eb Bukureshtit dhe t\u00eb gjith\u00eb Rumanis\u00eb Theoktist, q\u00eb fjeti m\u00eb Zotin para pak kohe.<\/span><\/span><\/div>\n<div style=\"text-align: justify;\"><span style=\"font-family: helvetica; font-size: 12pt;\"><\/span><\/div>\n<div style=\"text-align: justify;\"><span style=\"font-family: helvetica; font-size: 12pt;\"><span style=\"color: #000000;\">&nbsp;&nbsp;&nbsp; N\u00eb k\u00ebt\u00eb ceremoni Kryepiskopi Anastas p\u00ebrfaq\u00ebsonte gjithashtu edhe K\u00ebshillin Bot\u00ebror t\u00eb Kishave, si President i k\u00ebtij organizmi.<\/span><\/span><\/div>\n<\/td>\n<td style=\"width: 494px; text-align: justify;\">\n<div><span style=\"font-family: helvetica; font-size: 12pt;\"><\/span><\/div>\n<\/td>\n<\/tr>\n<\/tbody>\n<\/table>\n<p>&nbsp;<\/p>\n","protected":false},"excerpt":{"rendered":"<p>&nbsp;&nbsp;&nbsp; 24 qershori 1992, me zgjedhjen e Kryepiskopit Anastas n\u00eb krye t\u00eb Kish\u00ebs Orthodhokse Autoqefale t\u00eb Shqip\u00ebris\u00eb dhe 2 gushti, me Fron\u00ebzimin e Tij, sh\u00ebnuan rikthimin e Autoqefalis\u00eb t\u00eb Kish\u00ebs son\u00eb. K\u00ebto ngjarje historike shpall\u00ebn, brenda dhe jasht\u00eb vendit, lajmin e mir\u00eb se: Kisha Orthodhokse Autoqefale e Shqip\u00ebris\u00eb jetonte dhe askush nuk do t\u00eb mundte m\u00eb t\u2019i ndalonte vepr\u00ebn shpirt\u00ebrore t\u00eb ndri\u00e7uar nga Per\u00ebndia n\u00eb<\/p>\n","protected":false},"author":1,"featured_media":0,"comment_status":"open","ping_status":"open","sticky":false,"template":"","format":"standard","meta":{"_acf_changed":false,"pagelayer_contact_templates":[],"_pagelayer_content":"","inline_featured_image":false,"fifu_image_url":"","fifu_image_alt":"","footnotes":""},"categories":[108],"tags":[147,153,157,196,201,212],"class_list":["post-230","post","type-post","status-publish","format-standard","hentry","category-lajme","tag-147","tag-deklarata-njoftime-zyrtare-d75","tag-kremtime","tag-tirane","tag-kryepiskopi-anastas","tag-lajme-d27"],"acf":[],"yoast_head":"<!-- This site is optimized with the Yoast SEO plugin v27.2 - https:\/\/yoast.com\/product\/yoast-seo-wordpress\/ -->\n<title>1992-2007: Kremtohet 15-vjetori i ringritjes kanonike t\u00eb Kish\u00ebs Orthodhokse Autoqefale t\u00eb Shqip\u00ebris\u00eb. (2007) - Kisha Orthodh\u03bfkse Autoqefale e Shqip\u00ebris\u00eb<\/title>\n<meta name=\"robots\" content=\"index, follow, max-snippet:-1, max-image-preview:large, max-video-preview:-1\" \/>\n<link rel=\"canonical\" href=\"https:\/\/orthodoxalbania.org\/2020\/2007\/02\/26\/1992-2007-kremtohet-15-vjetori-i-ringritjes-kanonike-te-kishes-orthodhokse-autoqefale-te-shqiperise\/\" \/>\n<meta property=\"og:locale\" content=\"en_US\" \/>\n<meta property=\"og:type\" content=\"article\" \/>\n<meta property=\"og:title\" content=\"1992-2007: Kremtohet 15-vjetori i ringritjes kanonike t\u00eb Kish\u00ebs Orthodhokse Autoqefale t\u00eb Shqip\u00ebris\u00eb. (2007) - Kisha Orthodh\u03bfkse Autoqefale e Shqip\u00ebris\u00eb\" \/>\n<meta property=\"og:description\" content=\"&nbsp;&nbsp;&nbsp; 24 qershori 1992, me zgjedhjen e Kryepiskopit Anastas n\u00eb krye t\u00eb Kish\u00ebs Orthodhokse Autoqefale t\u00eb Shqip\u00ebris\u00eb dhe 2 gushti, me Fron\u00ebzimin e Tij, sh\u00ebnuan rikthimin e Autoqefalis\u00eb t\u00eb Kish\u00ebs son\u00eb. K\u00ebto ngjarje historike shpall\u00ebn, brenda dhe jasht\u00eb vendit, lajmin e mir\u00eb se: Kisha Orthodhokse Autoqefale e Shqip\u00ebris\u00eb jetonte dhe askush nuk do t\u00eb mundte m\u00eb t\u2019i ndalonte vepr\u00ebn shpirt\u00ebrore t\u00eb ndri\u00e7uar nga Per\u00ebndia n\u00eb\" \/>\n<meta property=\"og:url\" content=\"https:\/\/orthodoxalbania.org\/2020\/2007\/02\/26\/1992-2007-kremtohet-15-vjetori-i-ringritjes-kanonike-te-kishes-orthodhokse-autoqefale-te-shqiperise\/\" \/>\n<meta property=\"og:site_name\" content=\"Kisha Orthodh\u03bfkse Autoqefale e Shqip\u00ebris\u00eb\" \/>\n<meta property=\"article:publisher\" content=\"https:\/\/www.facebook.com\/koash1991\" \/>\n<meta property=\"article:published_time\" content=\"2007-02-26T00:00:00+00:00\" \/>\n<meta property=\"article:modified_time\" content=\"2020-04-06T20:35:41+00:00\" \/>\n<meta property=\"og:image\" content=\"https:\/\/lh3.googleusercontent.com\/-kbrrQLHxRjI\/VImQnyFatAI\/AAAAAAAAGjw\/G7jUHHUAimg\/w400-h225-no\/pic1.jpg\" \/>\n<meta name=\"author\" content=\"Kisha Orthodhokse\" \/>\n<meta name=\"twitter:card\" content=\"summary_large_image\" \/>\n<meta name=\"twitter:label1\" content=\"Written by\" \/>\n\t<meta name=\"twitter:data1\" content=\"Kisha Orthodhokse\" \/>\n\t<meta name=\"twitter:label2\" content=\"Est. reading time\" \/>\n\t<meta name=\"twitter:data2\" content=\"5 minutes\" \/>\n<script type=\"application\/ld+json\" class=\"yoast-schema-graph\">{\"@context\":\"https:\/\/schema.org\",\"@graph\":[{\"@type\":\"Article\",\"@id\":\"https:\/\/orthodoxalbania.org\/2020\/2007\/02\/26\/1992-2007-kremtohet-15-vjetori-i-ringritjes-kanonike-te-kishes-orthodhokse-autoqefale-te-shqiperise\/#article\",\"isPartOf\":{\"@id\":\"https:\/\/orthodoxalbania.org\/2020\/2007\/02\/26\/1992-2007-kremtohet-15-vjetori-i-ringritjes-kanonike-te-kishes-orthodhokse-autoqefale-te-shqiperise\/\"},\"author\":{\"name\":\"Kisha Orthodhokse\",\"@id\":\"https:\/\/orthodoxalbania.org\/2020\/#\/schema\/person\/0c387634a7063ac612d7ed9ce71c7e86\"},\"headline\":\"1992-2007: Kremtohet 15-vjetori i ringritjes kanonike t\u00eb Kish\u00ebs Orthodhokse Autoqefale t\u00eb Shqip\u00ebris\u00eb. (2007)\",\"datePublished\":\"2007-02-26T00:00:00+00:00\",\"dateModified\":\"2020-04-06T20:35:41+00:00\",\"mainEntityOfPage\":{\"@id\":\"https:\/\/orthodoxalbania.org\/2020\/2007\/02\/26\/1992-2007-kremtohet-15-vjetori-i-ringritjes-kanonike-te-kishes-orthodhokse-autoqefale-te-shqiperise\/\"},\"wordCount\":940,\"commentCount\":0,\"publisher\":{\"@id\":\"https:\/\/orthodoxalbania.org\/2020\/#organization\"},\"image\":{\"@id\":\"https:\/\/orthodoxalbania.org\/2020\/2007\/02\/26\/1992-2007-kremtohet-15-vjetori-i-ringritjes-kanonike-te-kishes-orthodhokse-autoqefale-te-shqiperise\/#primaryimage\"},\"thumbnailUrl\":\"https:\/\/lh3.googleusercontent.com\/-kbrrQLHxRjI\/VImQnyFatAI\/AAAAAAAAGjw\/G7jUHHUAimg\/w400-h225-no\/pic1.jpg\",\"keywords\":[\"2007\",\"Deklarata - Njoftime Zyrtare\",\"Kremtime\",\"Kryepiskopata Tiran\u00eb\",\"Kryepiskopi Anastas\",\"lajme\"],\"articleSection\":[\"Lajme\"],\"inLanguage\":\"en-US\"},{\"@type\":\"WebPage\",\"@id\":\"https:\/\/orthodoxalbania.org\/2020\/2007\/02\/26\/1992-2007-kremtohet-15-vjetori-i-ringritjes-kanonike-te-kishes-orthodhokse-autoqefale-te-shqiperise\/\",\"url\":\"https:\/\/orthodoxalbania.org\/2020\/2007\/02\/26\/1992-2007-kremtohet-15-vjetori-i-ringritjes-kanonike-te-kishes-orthodhokse-autoqefale-te-shqiperise\/\",\"name\":\"1992-2007: Kremtohet 15-vjetori i ringritjes kanonike t\u00eb Kish\u00ebs Orthodhokse Autoqefale t\u00eb Shqip\u00ebris\u00eb. (2007) - Kisha Orthodh\u03bfkse Autoqefale e Shqip\u00ebris\u00eb\",\"isPartOf\":{\"@id\":\"https:\/\/orthodoxalbania.org\/2020\/#website\"},\"primaryImageOfPage\":{\"@id\":\"https:\/\/orthodoxalbania.org\/2020\/2007\/02\/26\/1992-2007-kremtohet-15-vjetori-i-ringritjes-kanonike-te-kishes-orthodhokse-autoqefale-te-shqiperise\/#primaryimage\"},\"image\":{\"@id\":\"https:\/\/orthodoxalbania.org\/2020\/2007\/02\/26\/1992-2007-kremtohet-15-vjetori-i-ringritjes-kanonike-te-kishes-orthodhokse-autoqefale-te-shqiperise\/#primaryimage\"},\"thumbnailUrl\":\"https:\/\/lh3.googleusercontent.com\/-kbrrQLHxRjI\/VImQnyFatAI\/AAAAAAAAGjw\/G7jUHHUAimg\/w400-h225-no\/pic1.jpg\",\"datePublished\":\"2007-02-26T00:00:00+00:00\",\"dateModified\":\"2020-04-06T20:35:41+00:00\",\"breadcrumb\":{\"@id\":\"https:\/\/orthodoxalbania.org\/2020\/2007\/02\/26\/1992-2007-kremtohet-15-vjetori-i-ringritjes-kanonike-te-kishes-orthodhokse-autoqefale-te-shqiperise\/#breadcrumb\"},\"inLanguage\":\"en-US\",\"potentialAction\":[{\"@type\":\"ReadAction\",\"target\":[\"https:\/\/orthodoxalbania.org\/2020\/2007\/02\/26\/1992-2007-kremtohet-15-vjetori-i-ringritjes-kanonike-te-kishes-orthodhokse-autoqefale-te-shqiperise\/\"]}]},{\"@type\":\"ImageObject\",\"inLanguage\":\"en-US\",\"@id\":\"https:\/\/orthodoxalbania.org\/2020\/2007\/02\/26\/1992-2007-kremtohet-15-vjetori-i-ringritjes-kanonike-te-kishes-orthodhokse-autoqefale-te-shqiperise\/#primaryimage\",\"url\":\"https:\/\/lh3.googleusercontent.com\/-kbrrQLHxRjI\/VImQnyFatAI\/AAAAAAAAGjw\/G7jUHHUAimg\/w400-h225-no\/pic1.jpg\",\"contentUrl\":\"https:\/\/lh3.googleusercontent.com\/-kbrrQLHxRjI\/VImQnyFatAI\/AAAAAAAAGjw\/G7jUHHUAimg\/w400-h225-no\/pic1.jpg\"},{\"@type\":\"BreadcrumbList\",\"@id\":\"https:\/\/orthodoxalbania.org\/2020\/2007\/02\/26\/1992-2007-kremtohet-15-vjetori-i-ringritjes-kanonike-te-kishes-orthodhokse-autoqefale-te-shqiperise\/#breadcrumb\",\"itemListElement\":[{\"@type\":\"ListItem\",\"position\":1,\"name\":\"Home\",\"item\":\"https:\/\/orthodoxalbania.org\/2020\/\"},{\"@type\":\"ListItem\",\"position\":2,\"name\":\"1992-2007: Kremtohet 15-vjetori i ringritjes kanonike t\u00eb Kish\u00ebs Orthodhokse Autoqefale t\u00eb Shqip\u00ebris\u00eb. (2007)\"}]},{\"@type\":\"WebSite\",\"@id\":\"https:\/\/orthodoxalbania.org\/2020\/#website\",\"url\":\"https:\/\/orthodoxalbania.org\/2020\/\",\"name\":\"Kisha Orthodh\u03bfkse Autoqefale e Shqip\u00ebris\u00eb\",\"description\":\"Fqja Zyrtare e Kish\u00ebs Orthodhokse Autoqefale e Shqip\u00ebris\u00eb me lajmet edhe informacionet zyrtare p\u00ebr struktur\u00ebn edhe veprimtarin e saj.\",\"publisher\":{\"@id\":\"https:\/\/orthodoxalbania.org\/2020\/#organization\"},\"potentialAction\":[{\"@type\":\"SearchAction\",\"target\":{\"@type\":\"EntryPoint\",\"urlTemplate\":\"https:\/\/orthodoxalbania.org\/2020\/?s={search_term_string}\"},\"query-input\":{\"@type\":\"PropertyValueSpecification\",\"valueRequired\":true,\"valueName\":\"search_term_string\"}}],\"inLanguage\":\"en-US\"},{\"@type\":\"Organization\",\"@id\":\"https:\/\/orthodoxalbania.org\/2020\/#organization\",\"name\":\"Kisha Orthodhokse Autoqefale e Shqip\u00ebris\u00eb\",\"url\":\"https:\/\/orthodoxalbania.org\/2020\/\",\"logo\":{\"@type\":\"ImageObject\",\"inLanguage\":\"en-US\",\"@id\":\"https:\/\/orthodoxalbania.org\/2020\/#\/schema\/logo\/image\/\",\"url\":\"https:\/\/orthodoxalbania.org\/2020\/wp-content\/uploads\/2020\/05\/albania.jpeg\",\"contentUrl\":\"https:\/\/orthodoxalbania.org\/2020\/wp-content\/uploads\/2020\/05\/albania.jpeg\",\"width\":540,\"height\":540,\"caption\":\"Kisha Orthodhokse Autoqefale e Shqip\u00ebris\u00eb\"},\"image\":{\"@id\":\"https:\/\/orthodoxalbania.org\/2020\/#\/schema\/logo\/image\/\"},\"sameAs\":[\"https:\/\/www.facebook.com\/koash1991\"]},{\"@type\":\"Person\",\"@id\":\"https:\/\/orthodoxalbania.org\/2020\/#\/schema\/person\/0c387634a7063ac612d7ed9ce71c7e86\",\"name\":\"Kisha Orthodhokse\",\"image\":{\"@type\":\"ImageObject\",\"inLanguage\":\"en-US\",\"@id\":\"https:\/\/secure.gravatar.com\/avatar\/596e7c417251e30f2fbb9c00e026fce61a695a00e51c889caded71c96cbbdde5?s=96&d=mm&r=g\",\"url\":\"https:\/\/secure.gravatar.com\/avatar\/596e7c417251e30f2fbb9c00e026fce61a695a00e51c889caded71c96cbbdde5?s=96&d=mm&r=g\",\"contentUrl\":\"https:\/\/secure.gravatar.com\/avatar\/596e7c417251e30f2fbb9c00e026fce61a695a00e51c889caded71c96cbbdde5?s=96&d=mm&r=g\",\"caption\":\"Kisha Orthodhokse\"}}]}<\/script>\n<!-- \/ Yoast SEO plugin. -->","yoast_head_json":{"title":"1992-2007: Kremtohet 15-vjetori i ringritjes kanonike t\u00eb Kish\u00ebs Orthodhokse Autoqefale t\u00eb Shqip\u00ebris\u00eb. (2007) - Kisha Orthodh\u03bfkse Autoqefale e Shqip\u00ebris\u00eb","robots":{"index":"index","follow":"follow","max-snippet":"max-snippet:-1","max-image-preview":"max-image-preview:large","max-video-preview":"max-video-preview:-1"},"canonical":"https:\/\/orthodoxalbania.org\/2020\/2007\/02\/26\/1992-2007-kremtohet-15-vjetori-i-ringritjes-kanonike-te-kishes-orthodhokse-autoqefale-te-shqiperise\/","og_locale":"en_US","og_type":"article","og_title":"1992-2007: Kremtohet 15-vjetori i ringritjes kanonike t\u00eb Kish\u00ebs Orthodhokse Autoqefale t\u00eb Shqip\u00ebris\u00eb. (2007) - Kisha Orthodh\u03bfkse Autoqefale e Shqip\u00ebris\u00eb","og_description":"&nbsp;&nbsp;&nbsp; 24 qershori 1992, me zgjedhjen e Kryepiskopit Anastas n\u00eb krye t\u00eb Kish\u00ebs Orthodhokse Autoqefale t\u00eb Shqip\u00ebris\u00eb dhe 2 gushti, me Fron\u00ebzimin e Tij, sh\u00ebnuan rikthimin e Autoqefalis\u00eb t\u00eb Kish\u00ebs son\u00eb. K\u00ebto ngjarje historike shpall\u00ebn, brenda dhe jasht\u00eb vendit, lajmin e mir\u00eb se: Kisha Orthodhokse Autoqefale e Shqip\u00ebris\u00eb jetonte dhe askush nuk do t\u00eb mundte m\u00eb t\u2019i ndalonte vepr\u00ebn shpirt\u00ebrore t\u00eb ndri\u00e7uar nga Per\u00ebndia n\u00eb","og_url":"https:\/\/orthodoxalbania.org\/2020\/2007\/02\/26\/1992-2007-kremtohet-15-vjetori-i-ringritjes-kanonike-te-kishes-orthodhokse-autoqefale-te-shqiperise\/","og_site_name":"Kisha Orthodh\u03bfkse Autoqefale e Shqip\u00ebris\u00eb","article_publisher":"https:\/\/www.facebook.com\/koash1991","article_published_time":"2007-02-26T00:00:00+00:00","article_modified_time":"2020-04-06T20:35:41+00:00","og_image":[{"url":"https:\/\/lh3.googleusercontent.com\/-kbrrQLHxRjI\/VImQnyFatAI\/AAAAAAAAGjw\/G7jUHHUAimg\/w400-h225-no\/pic1.jpg","type":"","width":"","height":""}],"author":"Kisha Orthodhokse","twitter_card":"summary_large_image","twitter_misc":{"Written by":"Kisha Orthodhokse","Est. reading time":"5 minutes"},"schema":{"@context":"https:\/\/schema.org","@graph":[{"@type":"Article","@id":"https:\/\/orthodoxalbania.org\/2020\/2007\/02\/26\/1992-2007-kremtohet-15-vjetori-i-ringritjes-kanonike-te-kishes-orthodhokse-autoqefale-te-shqiperise\/#article","isPartOf":{"@id":"https:\/\/orthodoxalbania.org\/2020\/2007\/02\/26\/1992-2007-kremtohet-15-vjetori-i-ringritjes-kanonike-te-kishes-orthodhokse-autoqefale-te-shqiperise\/"},"author":{"name":"Kisha Orthodhokse","@id":"https:\/\/orthodoxalbania.org\/2020\/#\/schema\/person\/0c387634a7063ac612d7ed9ce71c7e86"},"headline":"1992-2007: Kremtohet 15-vjetori i ringritjes kanonike t\u00eb Kish\u00ebs Orthodhokse Autoqefale t\u00eb Shqip\u00ebris\u00eb. (2007)","datePublished":"2007-02-26T00:00:00+00:00","dateModified":"2020-04-06T20:35:41+00:00","mainEntityOfPage":{"@id":"https:\/\/orthodoxalbania.org\/2020\/2007\/02\/26\/1992-2007-kremtohet-15-vjetori-i-ringritjes-kanonike-te-kishes-orthodhokse-autoqefale-te-shqiperise\/"},"wordCount":940,"commentCount":0,"publisher":{"@id":"https:\/\/orthodoxalbania.org\/2020\/#organization"},"image":{"@id":"https:\/\/orthodoxalbania.org\/2020\/2007\/02\/26\/1992-2007-kremtohet-15-vjetori-i-ringritjes-kanonike-te-kishes-orthodhokse-autoqefale-te-shqiperise\/#primaryimage"},"thumbnailUrl":"https:\/\/lh3.googleusercontent.com\/-kbrrQLHxRjI\/VImQnyFatAI\/AAAAAAAAGjw\/G7jUHHUAimg\/w400-h225-no\/pic1.jpg","keywords":["2007","Deklarata - Njoftime Zyrtare","Kremtime","Kryepiskopata Tiran\u00eb","Kryepiskopi Anastas","lajme"],"articleSection":["Lajme"],"inLanguage":"en-US"},{"@type":"WebPage","@id":"https:\/\/orthodoxalbania.org\/2020\/2007\/02\/26\/1992-2007-kremtohet-15-vjetori-i-ringritjes-kanonike-te-kishes-orthodhokse-autoqefale-te-shqiperise\/","url":"https:\/\/orthodoxalbania.org\/2020\/2007\/02\/26\/1992-2007-kremtohet-15-vjetori-i-ringritjes-kanonike-te-kishes-orthodhokse-autoqefale-te-shqiperise\/","name":"1992-2007: Kremtohet 15-vjetori i ringritjes kanonike t\u00eb Kish\u00ebs Orthodhokse Autoqefale t\u00eb Shqip\u00ebris\u00eb. (2007) - Kisha Orthodh\u03bfkse Autoqefale e Shqip\u00ebris\u00eb","isPartOf":{"@id":"https:\/\/orthodoxalbania.org\/2020\/#website"},"primaryImageOfPage":{"@id":"https:\/\/orthodoxalbania.org\/2020\/2007\/02\/26\/1992-2007-kremtohet-15-vjetori-i-ringritjes-kanonike-te-kishes-orthodhokse-autoqefale-te-shqiperise\/#primaryimage"},"image":{"@id":"https:\/\/orthodoxalbania.org\/2020\/2007\/02\/26\/1992-2007-kremtohet-15-vjetori-i-ringritjes-kanonike-te-kishes-orthodhokse-autoqefale-te-shqiperise\/#primaryimage"},"thumbnailUrl":"https:\/\/lh3.googleusercontent.com\/-kbrrQLHxRjI\/VImQnyFatAI\/AAAAAAAAGjw\/G7jUHHUAimg\/w400-h225-no\/pic1.jpg","datePublished":"2007-02-26T00:00:00+00:00","dateModified":"2020-04-06T20:35:41+00:00","breadcrumb":{"@id":"https:\/\/orthodoxalbania.org\/2020\/2007\/02\/26\/1992-2007-kremtohet-15-vjetori-i-ringritjes-kanonike-te-kishes-orthodhokse-autoqefale-te-shqiperise\/#breadcrumb"},"inLanguage":"en-US","potentialAction":[{"@type":"ReadAction","target":["https:\/\/orthodoxalbania.org\/2020\/2007\/02\/26\/1992-2007-kremtohet-15-vjetori-i-ringritjes-kanonike-te-kishes-orthodhokse-autoqefale-te-shqiperise\/"]}]},{"@type":"ImageObject","inLanguage":"en-US","@id":"https:\/\/orthodoxalbania.org\/2020\/2007\/02\/26\/1992-2007-kremtohet-15-vjetori-i-ringritjes-kanonike-te-kishes-orthodhokse-autoqefale-te-shqiperise\/#primaryimage","url":"https:\/\/lh3.googleusercontent.com\/-kbrrQLHxRjI\/VImQnyFatAI\/AAAAAAAAGjw\/G7jUHHUAimg\/w400-h225-no\/pic1.jpg","contentUrl":"https:\/\/lh3.googleusercontent.com\/-kbrrQLHxRjI\/VImQnyFatAI\/AAAAAAAAGjw\/G7jUHHUAimg\/w400-h225-no\/pic1.jpg"},{"@type":"BreadcrumbList","@id":"https:\/\/orthodoxalbania.org\/2020\/2007\/02\/26\/1992-2007-kremtohet-15-vjetori-i-ringritjes-kanonike-te-kishes-orthodhokse-autoqefale-te-shqiperise\/#breadcrumb","itemListElement":[{"@type":"ListItem","position":1,"name":"Home","item":"https:\/\/orthodoxalbania.org\/2020\/"},{"@type":"ListItem","position":2,"name":"1992-2007: Kremtohet 15-vjetori i ringritjes kanonike t\u00eb Kish\u00ebs Orthodhokse Autoqefale t\u00eb Shqip\u00ebris\u00eb. (2007)"}]},{"@type":"WebSite","@id":"https:\/\/orthodoxalbania.org\/2020\/#website","url":"https:\/\/orthodoxalbania.org\/2020\/","name":"Kisha Orthodh\u03bfkse Autoqefale e Shqip\u00ebris\u00eb","description":"Fqja Zyrtare e Kish\u00ebs Orthodhokse Autoqefale e Shqip\u00ebris\u00eb me lajmet edhe informacionet zyrtare p\u00ebr struktur\u00ebn edhe veprimtarin e saj.","publisher":{"@id":"https:\/\/orthodoxalbania.org\/2020\/#organization"},"potentialAction":[{"@type":"SearchAction","target":{"@type":"EntryPoint","urlTemplate":"https:\/\/orthodoxalbania.org\/2020\/?s={search_term_string}"},"query-input":{"@type":"PropertyValueSpecification","valueRequired":true,"valueName":"search_term_string"}}],"inLanguage":"en-US"},{"@type":"Organization","@id":"https:\/\/orthodoxalbania.org\/2020\/#organization","name":"Kisha Orthodhokse Autoqefale e Shqip\u00ebris\u00eb","url":"https:\/\/orthodoxalbania.org\/2020\/","logo":{"@type":"ImageObject","inLanguage":"en-US","@id":"https:\/\/orthodoxalbania.org\/2020\/#\/schema\/logo\/image\/","url":"https:\/\/orthodoxalbania.org\/2020\/wp-content\/uploads\/2020\/05\/albania.jpeg","contentUrl":"https:\/\/orthodoxalbania.org\/2020\/wp-content\/uploads\/2020\/05\/albania.jpeg","width":540,"height":540,"caption":"Kisha Orthodhokse Autoqefale e Shqip\u00ebris\u00eb"},"image":{"@id":"https:\/\/orthodoxalbania.org\/2020\/#\/schema\/logo\/image\/"},"sameAs":["https:\/\/www.facebook.com\/koash1991"]},{"@type":"Person","@id":"https:\/\/orthodoxalbania.org\/2020\/#\/schema\/person\/0c387634a7063ac612d7ed9ce71c7e86","name":"Kisha Orthodhokse","image":{"@type":"ImageObject","inLanguage":"en-US","@id":"https:\/\/secure.gravatar.com\/avatar\/596e7c417251e30f2fbb9c00e026fce61a695a00e51c889caded71c96cbbdde5?s=96&d=mm&r=g","url":"https:\/\/secure.gravatar.com\/avatar\/596e7c417251e30f2fbb9c00e026fce61a695a00e51c889caded71c96cbbdde5?s=96&d=mm&r=g","contentUrl":"https:\/\/secure.gravatar.com\/avatar\/596e7c417251e30f2fbb9c00e026fce61a695a00e51c889caded71c96cbbdde5?s=96&d=mm&r=g","caption":"Kisha Orthodhokse"}}]}},"_links":{"self":[{"href":"https:\/\/orthodoxalbania.org\/2020\/wp-json\/wp\/v2\/posts\/230","targetHints":{"allow":["GET"]}}],"collection":[{"href":"https:\/\/orthodoxalbania.org\/2020\/wp-json\/wp\/v2\/posts"}],"about":[{"href":"https:\/\/orthodoxalbania.org\/2020\/wp-json\/wp\/v2\/types\/post"}],"author":[{"embeddable":true,"href":"https:\/\/orthodoxalbania.org\/2020\/wp-json\/wp\/v2\/users\/1"}],"replies":[{"embeddable":true,"href":"https:\/\/orthodoxalbania.org\/2020\/wp-json\/wp\/v2\/comments?post=230"}],"version-history":[{"count":1,"href":"https:\/\/orthodoxalbania.org\/2020\/wp-json\/wp\/v2\/posts\/230\/revisions"}],"predecessor-version":[{"id":15739,"href":"https:\/\/orthodoxalbania.org\/2020\/wp-json\/wp\/v2\/posts\/230\/revisions\/15739"}],"wp:attachment":[{"href":"https:\/\/orthodoxalbania.org\/2020\/wp-json\/wp\/v2\/media?parent=230"}],"wp:term":[{"taxonomy":"category","embeddable":true,"href":"https:\/\/orthodoxalbania.org\/2020\/wp-json\/wp\/v2\/categories?post=230"},{"taxonomy":"post_tag","embeddable":true,"href":"https:\/\/orthodoxalbania.org\/2020\/wp-json\/wp\/v2\/tags?post=230"}],"curies":[{"name":"wp","href":"https:\/\/api.w.org\/{rel}","templated":true}]}}