{"id":229,"date":"2008-02-26T00:00:00","date_gmt":"2008-02-26T00:00:00","guid":{"rendered":""},"modified":"2020-04-06T22:35:19","modified_gmt":"2020-04-06T20:35:19","slug":"1800-femije-kosovare-marrin-pjese-ne-kampet-e-kishes-orthodhokse-autoqefale-te-shqiperise-ne-kosove-2008","status":"publish","type":"post","link":"https:\/\/orthodoxalbania.org\/2020\/2008\/02\/26\/1800-femije-kosovare-marrin-pjese-ne-kampet-e-kishes-orthodhokse-autoqefale-te-shqiperise-ne-kosove-2008\/","title":{"rendered":"1800 f\u00ebmij\u00eb kosovar\u00eb marrin pjes\u00eb n\u00eb kampet e Kish\u00ebs Orthodhokse Autoqefale t\u00eb Shqip\u00ebris\u00eb n\u00eb Kosov\u00eb. (2008)"},"content":{"rendered":"<table border=\"0\">\n<tbody>\n<tr>\n<td style=\"text-align: center;\">\n<div><span style=\"color: #000000; font-family: helvetica;\"><span style=\"font-size: 12px;\"><img decoding=\"async\" class=\"lazyload HAa Eha\" style=\"border-width: 1px; border-style: solid; margin: 10px;\" alt=\"\" src=\"data:image\/gif;base64,R0lGODlhAQABAAAAACH5BAEKAAEALAAAAAABAAEAAAICTAEAOw==\" data-orig-src=\"https:\/\/lh6.googleusercontent.com\/-mLkQIoWVaN0\/VJFvDgAm9EI\/AAAAAAAAIJE\/9EyZdMfnEBM\/w448-h298-no\/1.JPG\" \/><\/span><\/span><\/div>\n<\/td>\n<td>\n<div><span style=\"color: #000000; font-family: helvetica; font-size: 12pt;\">&nbsp;&nbsp;&nbsp;<\/span><\/div>\n<div style=\"text-align: justify;\"><span style=\"color: #000000; font-family: helvetica; font-size: 12pt;\">&nbsp;&nbsp;&nbsp; Bashk\u00ebpunimi i krijuar midis t\u00eb rinjve shqiptar\u00eb dhe atyre kosovar\u00eb t\u00eb cil\u00ebt erdh\u00ebn n\u00eb Shqip\u00ebri gjat\u00eb 1999 ka ndjekur nj\u00eb tradit\u00eb t\u00eb ve\u00e7ant\u00eb p\u00ebrgjat\u00eb k\u00ebtyre viteve. P\u00ebrmes kampeve me natyr\u00eb edukative dhe arg\u00ebtuese me f\u00ebmij\u00ebt e familjeve kosovare \u00ebsht\u00eb realizuar nj\u00eb bashk\u00ebpunim i ngusht\u00eb n\u00eb shk\u00ebmbimin e eksperiencave dhe thellimin e miq\u00ebsis\u00eb, e cila nisi gjat\u00eb koh\u00ebs s\u00eb luft\u00ebs dhe vijon t\u00eb rritet \u00e7do vit.<\/span><\/div>\n<\/td>\n<\/tr>\n<tr>\n<td>\n<div><span style=\"color: #000000; font-family: helvetica; font-size: 12pt;\">&nbsp;&nbsp;&nbsp;&nbsp;<\/span><\/div>\n<div style=\"text-align: justify;\"><span style=\"color: #000000; font-family: helvetica; font-size: 12pt;\">&nbsp;&nbsp;&nbsp; Pes\u00eb kampe me rreth 1800 f\u00ebmij\u00eb t\u00eb shkollave kosovare u organizuan gjat\u00eb muajit gusht dhe shtator t\u00eb k\u00ebtij viti nga Kisha Orthodhokse Autoqefale e Shqip\u00ebris\u00eb n\u00eb komun\u00ebn e Malishev\u00ebs. Shkollat \u201cImer Krasniqi\u201d dhe \u201cIlmi Hoti\u201d n\u00eb Caralluk\u00eb, \u201cNaim Frash\u00ebri\u201d n\u00eb Banja, \u201cIbrahim Mazreku\u201d n\u00eb Malishev\u00eb, \u201cNaim Frash\u00ebri\u201d n\u00eb Begaj prit\u00ebn nj\u00eb grup prej 24 t\u00eb rinjsh orthodhoks\u00eb, vullnetar\u00eb nga Kisha Orthodhokse p\u00ebr t\u00eb shtatin vit radhazi.<\/span><\/div>\n<\/td>\n<td style=\"text-align: center;\">\n<div><span style=\"color: #000000; font-family: helvetica; font-size: 12pt;\"><img decoding=\"async\" class=\"lazyload HAa Eha\" style=\"border-width: 1px; border-style: solid; margin: 10px;\" alt=\"\" src=\"data:image\/gif;base64,R0lGODlhAQABAAAAACH5BAEKAAEALAAAAAABAAEAAAICTAEAOw==\" data-orig-src=\"https:\/\/lh3.googleusercontent.com\/-bHS8k4lEPAg\/VJFvDgdLc-I\/AAAAAAAAIIg\/mOgH072BsdA\/w448-h298-no\/2.JPG\" \/><\/span><\/div>\n<\/td>\n<\/tr>\n<tr>\n<td style=\"text-align: center;\">\n<div><span style=\"color: #000000; font-family: helvetica; font-size: 12pt;\"><img decoding=\"async\" class=\"lazyload HAa Eha\" style=\"border-width: 1px; border-style: solid; margin: 10px;\" alt=\"\" src=\"data:image\/gif;base64,R0lGODlhAQABAAAAACH5BAEKAAEALAAAAAABAAEAAAICTAEAOw==\" data-orig-src=\"https:\/\/lh5.googleusercontent.com\/-dssEfycOHPo\/VJFvDr4ZKPI\/AAAAAAAAIJM\/D_MeJem8G_E\/w448-h298-no\/3.JPG\" \/><\/span><\/div>\n<\/td>\n<td>\n<div><span style=\"color: #000000; font-family: helvetica; font-size: 12pt;\">&nbsp;&nbsp;&nbsp;<\/span><\/div>\n<div style=\"text-align: justify;\"><span style=\"color: #000000; font-family: helvetica; font-size: 12pt;\">&nbsp;&nbsp;&nbsp; \u201cKemi bashk\u00ebpunuar me bindjen q\u00eb jan\u00eb aktivitete t\u00eb frytsh\u00ebm dhe me interes p\u00ebr nx\u00ebn\u00ebsit dhe e pash\u00eb nga af\u00ebr n\u00eb Caralluk\u00eb q\u00eb t\u00eb gjith\u00eb f\u00ebmij\u00ebt ishin t\u00eb k\u00ebnaqur e t\u00eb lumtur p\u00ebr pun\u00ebn. Ishte befasi e k\u00ebndshme p\u00ebr t\u00eb gjith\u00eb ne.\u201d &#8211; tha Isuf Morina, drejtor i Drejtoris\u00eb Arsimore n\u00eb Komun\u00ebn e Malishev\u00ebs. Aktivitetet ndihmojn\u00eb shum\u00eb n\u00eb zhvillimin dhe mentalitetin e f\u00ebmij\u00ebve. Ata marrin njohuri n\u00eb sjellje, disiplin\u00eb, edukat\u00eb dhe m\u00ebsime, duke i p\u00ebrcjell\u00eb k\u00ebto dije gjat\u00eb vitit shkollor.<\/span><\/div>\n<\/td>\n<\/tr>\n<tr>\n<td>\n<div style=\"text-align: justify;\"><span style=\"color: #000000; font-family: helvetica; font-size: 12pt;\">&nbsp;&nbsp;&nbsp;<\/span><\/div>\n<div style=\"text-align: justify;\"><span style=\"color: #000000; font-family: helvetica; font-size: 12pt;\">&nbsp;&nbsp;&nbsp; Bedri Krasniqi ka qen\u00eb nj\u00eb prej bashk\u00ebpun\u00ebtor\u00ebve t\u00eb par\u00eb me stafin e rinis\u00eb orthodhokse q\u00eb n\u00eb kampin e par\u00eb dhe tregon se kjo miq\u00ebsi sipas tij ka qen\u00eb plot\u00ebsisht e sinqert\u00eb. \u201cPas lufte kemi qen\u00eb n\u00eb kontakt t\u00eb her\u00eb pas hersh\u00ebm, pasi Kisha, p\u00ebrve\u00e7 aktiviteteve na ka ndihmuar me bibliotek\u00ebn e shkoll\u00ebs q\u00eb t\u00eb krijojm\u00eb nj\u00eb ambient sa m\u00eb t\u00eb mir\u00eb dhe me tituj librash t\u00eb sht\u00ebpive botuese atje, tituj t\u00eb dublikuar dhe libra p\u00ebr t\u00eb rinjt\u00eb e Malishev\u00ebs\u201d- thekson m\u00ebsuesi i fshatit Caralluk\u00eb. Bedriu kujton se f\u00ebmij\u00eb e burra t\u00eb traumatizuar pas luft\u00ebs s\u00eb vitit 1999 kishin nevoj\u00eb p\u00ebr \u00e7lodhje dhe q\u00ebllimi ishte q\u00eb f\u00ebmij\u00ebt t\u00eb arg\u00ebtoheshin me loj\u00ebra t\u00eb mrekullueshme p\u00ebr t\u00eb harruar mundimet e luft\u00ebs. \u201cAktivitetet kan\u00eb sjell\u00eb relaksim, kan\u00eb ndihmuar q\u00eb un\u00eb si arsimtar ta organizoj m\u00ebsimin n\u00eb nj\u00eb nivel shum\u00eb m\u00eb t\u00eb lart\u00eb e cil\u00ebsor.<\/span><\/div>\n<\/td>\n<td>\n<div><span style=\"color: #000000; font-family: helvetica; font-size: 12pt;\"><img decoding=\"async\" class=\"lazyload HAa Eha\" style=\"border-width: 1px; border-style: solid; margin: 10px auto; display: block;\" alt=\"\" src=\"data:image\/gif;base64,R0lGODlhAQABAAAAACH5BAEKAAEALAAAAAABAAEAAAICTAEAOw==\" data-orig-src=\"https:\/\/lh3.googleusercontent.com\/-PFVcX9zlkrI\/VJFvD97oRiI\/AAAAAAAAIJQ\/tZRR0uur4-0\/w298-h448-no\/4.JPG\" \/><\/span><\/div>\n<\/td>\n<\/tr>\n<tr>\n<td>\n<div style=\"text-align: center;\"><span style=\"color: #000000; font-family: helvetica; font-size: 12pt;\"><img decoding=\"async\" class=\"lazyload HAa Eha\" style=\"border-width: 1px; border-style: solid; margin: 10px;\" alt=\"\" src=\"data:image\/gif;base64,R0lGODlhAQABAAAAACH5BAEKAAEALAAAAAABAAEAAAICTAEAOw==\" data-orig-src=\"https:\/\/lh3.googleusercontent.com\/-BfjKFGZKxTs\/VJFvEMfL6rI\/AAAAAAAAIIs\/4kvhFP1n2sg\/w448-h298-no\/5.JPG\" \/><\/span><\/div>\n<\/td>\n<td>\n<div style=\"text-align: justify;\"><span style=\"color: #000000; font-family: helvetica; font-size: 12pt;\">&nbsp;&nbsp;&nbsp; Disa nga element\u00ebt q\u00eb na kan\u00eb ndihmuar gjat\u00eb procesit m\u00ebsimor nga Kisha Orthodhokse Autoqefale e Shqip\u00ebris\u00eb jan\u00eb: metoda bashk\u00ebkohore e pun\u00ebs me f\u00ebmij\u00ebt si dhe puna n\u00eb grupe. Duke qen\u00eb n\u00ebnshkrues t\u00eb Kart\u00ebs s\u00eb Bolonj\u00ebs duhej q\u00eb puna e procesit m\u00ebsimor t\u00eb b\u00ebhej n\u00eb grupe dhe kjo pun\u00eb n\u00eb shkoll\u00ebn ton\u00eb nisi me ndihm\u00ebn e Kish\u00ebs, para se t\u00eb fillonte kjo reform\u00eb. Ne si staf i shkoll\u00ebs s\u00eb Caralluk\u00ebs e kemi pasur m\u00eb t\u00eb leht\u00eb t\u00eb punojm\u00eb me nx\u00ebn\u00ebsit n\u00eb k\u00ebt\u00eb form\u00eb\u201d.<\/span><\/div>\n<\/td>\n<\/tr>\n<tr>\n<td>\n<div style=\"text-align: justify;\"><span style=\"color: #000000; font-family: helvetica; font-size: 12pt;\">&nbsp;&nbsp;&nbsp; Programi i sivjet\u00ebm i k\u00ebtyre kampeve p\u00ebrmbante loj\u00ebra n\u00eb grup t\u00eb vog\u00ebl, k\u00ebng\u00eb me l\u00ebvizje, diskutime mbi aspekte t\u00eb ndryshme t\u00eb liris\u00eb, e cila ishte edhe tema qendrore e veprimtaris\u00eb. Kjo tem\u00eb u fokusua n\u00eb \u00e7\u00ebshtje t\u00eb tilla si: respekti, vet\u00ebkontrolli dhe p\u00ebrgjegj\u00ebsia. Drejtuesi i k\u00ebsaj veprimtarie tashm\u00eb tradicionale, z. Nathan Hoppe tha para nx\u00ebn\u00ebsve kosovar\u00eb: \u201cLiria \u00ebsht\u00eb nj\u00eb nga vlerat m\u00eb t\u00eb \u00e7muara njer\u00ebzore, dhurat\u00eb q\u00eb Zoti na ka dh\u00ebn\u00eb t\u00eb gjith\u00ebve. Shpesh n\u00eb histori liria ka mbetur si koncept i lidhur me politik\u00ebn sesa me jet\u00ebn e p\u00ebrditshme t\u00eb njer\u00ebzve.<\/span><\/div>\n<\/td>\n<td style=\"text-align: center;\">\n<div><span style=\"color: #000000; font-family: helvetica; font-size: 12pt;\"><img decoding=\"async\" class=\"lazyload HAa Eha\" style=\"border-width: 1px; border-style: solid; margin: 10px;\" alt=\"\" src=\"data:image\/gif;base64,R0lGODlhAQABAAAAACH5BAEKAAEALAAAAAABAAEAAAICTAEAOw==\" data-orig-src=\"https:\/\/lh4.googleusercontent.com\/-UQDqzGoZusg\/VJFvES57JdI\/AAAAAAAAII4\/B0dny6Rv_5k\/w448-h298-no\/6.JPG\" \/><\/span><\/div>\n<\/td>\n<\/tr>\n<tr>\n<td>\n<div style=\"text-align: center;\"><span style=\"color: #000000; font-family: helvetica; font-size: 12pt;\"><img decoding=\"async\" class=\"lazyload HAa Eha\" style=\"border-width: 1px; border-style: solid; margin: 10px;\" alt=\"\" src=\"data:image\/gif;base64,R0lGODlhAQABAAAAACH5BAEKAAEALAAAAAABAAEAAAICTAEAOw==\" data-orig-src=\"https:\/\/lh3.googleusercontent.com\/-2xWLPidjWJY\/VJFvE00yXVI\/AAAAAAAAII8\/uFiQXAvoRHU\/w448-h298-no\/7.JPG\" \/><\/span><\/div>\n<\/td>\n<td>\n<div style=\"text-align: justify;\"><span style=\"color: #000000; font-family: helvetica; font-size: 12pt;\">&nbsp;&nbsp;&nbsp; Shpresojm\u00eb q\u00eb me k\u00ebto vlera do t\u00eb g\u00ebzoni dhe p\u00ebrjetoni nj\u00eb liri personale dhe Kosova do t\u00eb shkoj\u00eb p\u00ebrpara e do t\u00eb ket\u00eb nj\u00eb shoq\u00ebri me t\u00eb v\u00ebrtet\u00eb t\u00eb lir\u00eb ku \u00e7do person do t\u00eb g\u00ebzoj\u00eb lirin\u00eb e tij.\u201d<br \/> &nbsp;<\/span><\/div>\n<div style=\"text-align: justify;\"><span style=\"color: #000000; font-family: helvetica; font-size: 12pt;\">&nbsp;&nbsp;&nbsp; Veprimtaria vazhdonte edhe me loj\u00ebra n\u00eb grup t\u00eb madh, pun\u00ebdore, kokteil, loj\u00ebra olimpike dhe festivali mbyll\u00ebs i kampit, nd\u00ebrsa n\u00eb fund shtrohej nj\u00eb dark\u00eb p\u00ebr nder t\u00eb arsimtar\u00ebve t\u00eb k\u00ebtyre shkollave.<\/span><\/div>\n<\/td>\n<\/tr>\n<tr>\n<td>\n<div style=\"text-align: justify;\"><span style=\"color: #000000; font-family: helvetica; font-size: 12pt;\">&nbsp;&nbsp;&nbsp; Drejtori i nj\u00eb prej shkollave. Z. Mifail Krasniqi tha: \u201cF\u00ebmij\u00ebt m\u00eb shum\u00eb se kushdo tjet\u00ebr kan\u00eb nevoj\u00eb p\u00ebr aktivitete t\u00eb tjera, edhe luajn\u00eb, edhe g\u00ebzohen, edhe k\u00ebnaqen edhe m\u00ebsojn\u00eb dhe kan\u00eb v\u00ebrtet\u00eb nevoj\u00eb p\u00ebr aktivitete t\u00eb k\u00ebtij lloji. Ky \u00ebsht\u00eb nj\u00eb bashk\u00ebpunim i frytsh\u00ebm dhe jemi jasht\u00ebzakonisht t\u00eb k\u00ebnaqur. Edhe m\u00ebsuesit e prind\u00ebrit jan\u00eb t\u00eb k\u00ebnaqur me lumturin\u00eb q\u00eb ndjen\u00eb f\u00ebmij\u00ebt e tyre\u201d.<\/span><\/div>\n<\/td>\n<td style=\"text-align: center;\">\n<div><span style=\"color: #000000; font-family: helvetica; font-size: 12pt;\"><img decoding=\"async\" class=\"lazyload HAa Eha\" style=\"border-width: 1px; border-style: solid; margin: 10px;\" alt=\"\" src=\"data:image\/gif;base64,R0lGODlhAQABAAAAACH5BAEKAAEALAAAAAABAAEAAAICTAEAOw==\" data-orig-src=\"https:\/\/lh3.googleusercontent.com\/-BTDkAR_njTA\/VJFvFF-RtOI\/AAAAAAAAIJA\/4ifVZHw3PUI\/w448-h298-no\/8.JPG\" \/><\/span><\/div>\n<\/td>\n<\/tr>\n<\/tbody>\n<\/table>\n<div style=\"text-align: justify;\"><span style=\"color: #000000; font-family: helvetica; font-size: 12pt;\">&nbsp;&nbsp;&nbsp; Nj\u00eb prej f\u00ebmij\u00ebve nga Malisheva, Edona, tregoi se kishte m\u00ebsuar shum\u00eb p\u00ebr lirin\u00eb dhe ka d\u00ebshir\u00eb q\u00eb t\u00eb marr\u00eb pjes\u00eb edhe n\u00eb kampet e ardhshme. \u201cGjithmon\u00eb stafi i t\u00eb rinjve orthodhoks\u00eb sjell risi, di\u00e7ka relaksuese, arg\u00ebtuese, por mbi t\u00eb gjitha ata kan\u00eb sjell\u00eb di\u00e7ka q\u00eb na kan\u00eb rr\u00ebnjosur n\u00eb zemrat tona vullnetin p\u00ebr t\u00eb qen\u00eb njer\u00ebz t\u00eb s\u00eb ardhmes\u201d &#8211; p\u00ebrfundon m\u00ebsuesi Bedri Krasniqi.<br \/> <\/span><\/div>\n<div style=\"text-align: justify;\"><span style=\"font-family: helvetica; font-size: 12pt;\"><\/span><\/div>\n<div style=\"text-align: justify;\"><span style=\"color: #000000; font-family: helvetica; font-size: 12pt;\">&nbsp;&nbsp;&nbsp; T\u00eb nxitur nga ky aktivitet edhe disa shkolla t\u00eb tjera kan\u00eb b\u00ebr\u00eb k\u00ebrkes\u00ebn q\u00eb n\u00eb t\u00eb ardhmen ky aktivitet t\u00eb zhvillohet edhe n\u00eb shkollat e tyre.<\/span><\/div>\n<div><span style=\"font-family: helvetica; font-size: 12pt;\"><\/span><\/div>\n<div style=\"text-align: right;\"><span style=\"color: #000000; font-family: helvetica; font-size: 12pt;\"><strong>Isidor Koti <\/strong>&amp;<strong> Gabriela Hoppe<\/strong><\/span><\/div>\n","protected":false},"excerpt":{"rendered":"<p>&nbsp;&nbsp;&nbsp; &nbsp;&nbsp;&nbsp; Bashk\u00ebpunimi i krijuar midis t\u00eb rinjve shqiptar\u00eb dhe atyre kosovar\u00eb t\u00eb cil\u00ebt erdh\u00ebn n\u00eb Shqip\u00ebri gjat\u00eb 1999 ka ndjekur nj\u00eb tradit\u00eb t\u00eb ve\u00e7ant\u00eb p\u00ebrgjat\u00eb k\u00ebtyre viteve. P\u00ebrmes kampeve me natyr\u00eb edukative dhe arg\u00ebtuese me f\u00ebmij\u00ebt e familjeve kosovare \u00ebsht\u00eb realizuar nj\u00eb bashk\u00ebpunim i ngusht\u00eb n\u00eb shk\u00ebmbimin e eksperiencave dhe thellimin e miq\u00ebsis\u00eb, e cila nisi gjat\u00eb koh\u00ebs s\u00eb luft\u00ebs dhe vijon t\u00eb rritet<\/p>\n","protected":false},"author":1,"featured_media":0,"comment_status":"open","ping_status":"open","sticky":false,"template":"","format":"standard","meta":{"_acf_changed":false,"pagelayer_contact_templates":[],"_pagelayer_content":"","inline_featured_image":false,"fifu_image_url":"","fifu_image_alt":"","footnotes":""},"categories":[108],"tags":[146,200,196,212,156],"class_list":["post-229","post","type-post","status-publish","format-standard","hentry","category-lajme","tag-146","tag-kampe-verore","tag-tirane","tag-lajme-d27","tag-femijet"],"acf":[],"yoast_head":"<!-- This site is optimized with the Yoast SEO plugin v27.2 - https:\/\/yoast.com\/product\/yoast-seo-wordpress\/ -->\n<title>1800 f\u00ebmij\u00eb kosovar\u00eb marrin pjes\u00eb n\u00eb kampet e Kish\u00ebs Orthodhokse Autoqefale t\u00eb Shqip\u00ebris\u00eb n\u00eb Kosov\u00eb. (2008) - Kisha Orthodh\u03bfkse Autoqefale e Shqip\u00ebris\u00eb<\/title>\n<meta name=\"robots\" content=\"index, follow, max-snippet:-1, max-image-preview:large, max-video-preview:-1\" \/>\n<link rel=\"canonical\" href=\"https:\/\/orthodoxalbania.org\/2020\/2008\/02\/26\/1800-femije-kosovare-marrin-pjese-ne-kampet-e-kishes-orthodhokse-autoqefale-te-shqiperise-ne-kosove-2008\/\" \/>\n<meta property=\"og:locale\" content=\"en_US\" \/>\n<meta property=\"og:type\" content=\"article\" \/>\n<meta property=\"og:title\" content=\"1800 f\u00ebmij\u00eb kosovar\u00eb marrin pjes\u00eb n\u00eb kampet e Kish\u00ebs Orthodhokse Autoqefale t\u00eb Shqip\u00ebris\u00eb n\u00eb Kosov\u00eb. (2008) - Kisha Orthodh\u03bfkse Autoqefale e Shqip\u00ebris\u00eb\" \/>\n<meta property=\"og:description\" content=\"&nbsp;&nbsp;&nbsp; &nbsp;&nbsp;&nbsp; Bashk\u00ebpunimi i krijuar midis t\u00eb rinjve shqiptar\u00eb dhe atyre kosovar\u00eb t\u00eb cil\u00ebt erdh\u00ebn n\u00eb Shqip\u00ebri gjat\u00eb 1999 ka ndjekur nj\u00eb tradit\u00eb t\u00eb ve\u00e7ant\u00eb p\u00ebrgjat\u00eb k\u00ebtyre viteve. P\u00ebrmes kampeve me natyr\u00eb edukative dhe arg\u00ebtuese me f\u00ebmij\u00ebt e familjeve kosovare \u00ebsht\u00eb realizuar nj\u00eb bashk\u00ebpunim i ngusht\u00eb n\u00eb shk\u00ebmbimin e eksperiencave dhe thellimin e miq\u00ebsis\u00eb, e cila nisi gjat\u00eb koh\u00ebs s\u00eb luft\u00ebs dhe vijon t\u00eb rritet\" \/>\n<meta property=\"og:url\" content=\"https:\/\/orthodoxalbania.org\/2020\/2008\/02\/26\/1800-femije-kosovare-marrin-pjese-ne-kampet-e-kishes-orthodhokse-autoqefale-te-shqiperise-ne-kosove-2008\/\" \/>\n<meta property=\"og:site_name\" content=\"Kisha Orthodh\u03bfkse Autoqefale e Shqip\u00ebris\u00eb\" \/>\n<meta property=\"article:publisher\" content=\"https:\/\/www.facebook.com\/koash1991\" \/>\n<meta property=\"article:published_time\" content=\"2008-02-26T00:00:00+00:00\" \/>\n<meta property=\"article:modified_time\" content=\"2020-04-06T20:35:19+00:00\" \/>\n<meta property=\"og:image\" content=\"https:\/\/lh6.googleusercontent.com\/-mLkQIoWVaN0\/VJFvDgAm9EI\/AAAAAAAAIJE\/9EyZdMfnEBM\/w448-h298-no\/1.JPG\" \/>\n<meta name=\"author\" content=\"Kisha Orthodhokse\" \/>\n<meta name=\"twitter:card\" content=\"summary_large_image\" \/>\n<meta name=\"twitter:label1\" content=\"Written by\" \/>\n\t<meta name=\"twitter:data1\" content=\"Kisha Orthodhokse\" \/>\n\t<meta name=\"twitter:label2\" content=\"Est. reading time\" \/>\n\t<meta name=\"twitter:data2\" content=\"5 minutes\" \/>\n<script type=\"application\/ld+json\" class=\"yoast-schema-graph\">{\"@context\":\"https:\/\/schema.org\",\"@graph\":[{\"@type\":\"Article\",\"@id\":\"https:\/\/orthodoxalbania.org\/2020\/2008\/02\/26\/1800-femije-kosovare-marrin-pjese-ne-kampet-e-kishes-orthodhokse-autoqefale-te-shqiperise-ne-kosove-2008\/#article\",\"isPartOf\":{\"@id\":\"https:\/\/orthodoxalbania.org\/2020\/2008\/02\/26\/1800-femije-kosovare-marrin-pjese-ne-kampet-e-kishes-orthodhokse-autoqefale-te-shqiperise-ne-kosove-2008\/\"},\"author\":{\"name\":\"Kisha Orthodhokse\",\"@id\":\"https:\/\/orthodoxalbania.org\/2020\/#\/schema\/person\/0c387634a7063ac612d7ed9ce71c7e86\"},\"headline\":\"1800 f\u00ebmij\u00eb kosovar\u00eb marrin pjes\u00eb n\u00eb kampet e Kish\u00ebs Orthodhokse Autoqefale t\u00eb Shqip\u00ebris\u00eb n\u00eb Kosov\u00eb. (2008)\",\"datePublished\":\"2008-02-26T00:00:00+00:00\",\"dateModified\":\"2020-04-06T20:35:19+00:00\",\"mainEntityOfPage\":{\"@id\":\"https:\/\/orthodoxalbania.org\/2020\/2008\/02\/26\/1800-femije-kosovare-marrin-pjese-ne-kampet-e-kishes-orthodhokse-autoqefale-te-shqiperise-ne-kosove-2008\/\"},\"wordCount\":973,\"commentCount\":0,\"publisher\":{\"@id\":\"https:\/\/orthodoxalbania.org\/2020\/#organization\"},\"image\":{\"@id\":\"https:\/\/orthodoxalbania.org\/2020\/2008\/02\/26\/1800-femije-kosovare-marrin-pjese-ne-kampet-e-kishes-orthodhokse-autoqefale-te-shqiperise-ne-kosove-2008\/#primaryimage\"},\"thumbnailUrl\":\"https:\/\/lh6.googleusercontent.com\/-mLkQIoWVaN0\/VJFvDgAm9EI\/AAAAAAAAIJE\/9EyZdMfnEBM\/w448-h298-no\/1.JPG\",\"keywords\":[\"2008\",\"Kampe verore\",\"Kryepiskopata Tiran\u00eb\",\"lajme\",\"Zyra e F\u00ebmij\u00ebve\"],\"articleSection\":[\"Lajme\"],\"inLanguage\":\"en-US\"},{\"@type\":\"WebPage\",\"@id\":\"https:\/\/orthodoxalbania.org\/2020\/2008\/02\/26\/1800-femije-kosovare-marrin-pjese-ne-kampet-e-kishes-orthodhokse-autoqefale-te-shqiperise-ne-kosove-2008\/\",\"url\":\"https:\/\/orthodoxalbania.org\/2020\/2008\/02\/26\/1800-femije-kosovare-marrin-pjese-ne-kampet-e-kishes-orthodhokse-autoqefale-te-shqiperise-ne-kosove-2008\/\",\"name\":\"1800 f\u00ebmij\u00eb kosovar\u00eb marrin pjes\u00eb n\u00eb kampet e Kish\u00ebs Orthodhokse Autoqefale t\u00eb Shqip\u00ebris\u00eb n\u00eb Kosov\u00eb. (2008) - Kisha Orthodh\u03bfkse Autoqefale e Shqip\u00ebris\u00eb\",\"isPartOf\":{\"@id\":\"https:\/\/orthodoxalbania.org\/2020\/#website\"},\"primaryImageOfPage\":{\"@id\":\"https:\/\/orthodoxalbania.org\/2020\/2008\/02\/26\/1800-femije-kosovare-marrin-pjese-ne-kampet-e-kishes-orthodhokse-autoqefale-te-shqiperise-ne-kosove-2008\/#primaryimage\"},\"image\":{\"@id\":\"https:\/\/orthodoxalbania.org\/2020\/2008\/02\/26\/1800-femije-kosovare-marrin-pjese-ne-kampet-e-kishes-orthodhokse-autoqefale-te-shqiperise-ne-kosove-2008\/#primaryimage\"},\"thumbnailUrl\":\"https:\/\/lh6.googleusercontent.com\/-mLkQIoWVaN0\/VJFvDgAm9EI\/AAAAAAAAIJE\/9EyZdMfnEBM\/w448-h298-no\/1.JPG\",\"datePublished\":\"2008-02-26T00:00:00+00:00\",\"dateModified\":\"2020-04-06T20:35:19+00:00\",\"breadcrumb\":{\"@id\":\"https:\/\/orthodoxalbania.org\/2020\/2008\/02\/26\/1800-femije-kosovare-marrin-pjese-ne-kampet-e-kishes-orthodhokse-autoqefale-te-shqiperise-ne-kosove-2008\/#breadcrumb\"},\"inLanguage\":\"en-US\",\"potentialAction\":[{\"@type\":\"ReadAction\",\"target\":[\"https:\/\/orthodoxalbania.org\/2020\/2008\/02\/26\/1800-femije-kosovare-marrin-pjese-ne-kampet-e-kishes-orthodhokse-autoqefale-te-shqiperise-ne-kosove-2008\/\"]}]},{\"@type\":\"ImageObject\",\"inLanguage\":\"en-US\",\"@id\":\"https:\/\/orthodoxalbania.org\/2020\/2008\/02\/26\/1800-femije-kosovare-marrin-pjese-ne-kampet-e-kishes-orthodhokse-autoqefale-te-shqiperise-ne-kosove-2008\/#primaryimage\",\"url\":\"https:\/\/lh6.googleusercontent.com\/-mLkQIoWVaN0\/VJFvDgAm9EI\/AAAAAAAAIJE\/9EyZdMfnEBM\/w448-h298-no\/1.JPG\",\"contentUrl\":\"https:\/\/lh6.googleusercontent.com\/-mLkQIoWVaN0\/VJFvDgAm9EI\/AAAAAAAAIJE\/9EyZdMfnEBM\/w448-h298-no\/1.JPG\"},{\"@type\":\"BreadcrumbList\",\"@id\":\"https:\/\/orthodoxalbania.org\/2020\/2008\/02\/26\/1800-femije-kosovare-marrin-pjese-ne-kampet-e-kishes-orthodhokse-autoqefale-te-shqiperise-ne-kosove-2008\/#breadcrumb\",\"itemListElement\":[{\"@type\":\"ListItem\",\"position\":1,\"name\":\"Home\",\"item\":\"https:\/\/orthodoxalbania.org\/2020\/\"},{\"@type\":\"ListItem\",\"position\":2,\"name\":\"1800 f\u00ebmij\u00eb kosovar\u00eb marrin pjes\u00eb n\u00eb kampet e Kish\u00ebs Orthodhokse Autoqefale t\u00eb Shqip\u00ebris\u00eb n\u00eb Kosov\u00eb. (2008)\"}]},{\"@type\":\"WebSite\",\"@id\":\"https:\/\/orthodoxalbania.org\/2020\/#website\",\"url\":\"https:\/\/orthodoxalbania.org\/2020\/\",\"name\":\"Kisha Orthodh\u03bfkse Autoqefale e Shqip\u00ebris\u00eb\",\"description\":\"Fqja Zyrtare e Kish\u00ebs Orthodhokse Autoqefale e Shqip\u00ebris\u00eb me lajmet edhe informacionet zyrtare p\u00ebr struktur\u00ebn edhe veprimtarin e saj.\",\"publisher\":{\"@id\":\"https:\/\/orthodoxalbania.org\/2020\/#organization\"},\"potentialAction\":[{\"@type\":\"SearchAction\",\"target\":{\"@type\":\"EntryPoint\",\"urlTemplate\":\"https:\/\/orthodoxalbania.org\/2020\/?s={search_term_string}\"},\"query-input\":{\"@type\":\"PropertyValueSpecification\",\"valueRequired\":true,\"valueName\":\"search_term_string\"}}],\"inLanguage\":\"en-US\"},{\"@type\":\"Organization\",\"@id\":\"https:\/\/orthodoxalbania.org\/2020\/#organization\",\"name\":\"Kisha Orthodhokse Autoqefale e Shqip\u00ebris\u00eb\",\"url\":\"https:\/\/orthodoxalbania.org\/2020\/\",\"logo\":{\"@type\":\"ImageObject\",\"inLanguage\":\"en-US\",\"@id\":\"https:\/\/orthodoxalbania.org\/2020\/#\/schema\/logo\/image\/\",\"url\":\"https:\/\/orthodoxalbania.org\/2020\/wp-content\/uploads\/2020\/05\/albania.jpeg\",\"contentUrl\":\"https:\/\/orthodoxalbania.org\/2020\/wp-content\/uploads\/2020\/05\/albania.jpeg\",\"width\":540,\"height\":540,\"caption\":\"Kisha Orthodhokse Autoqefale e Shqip\u00ebris\u00eb\"},\"image\":{\"@id\":\"https:\/\/orthodoxalbania.org\/2020\/#\/schema\/logo\/image\/\"},\"sameAs\":[\"https:\/\/www.facebook.com\/koash1991\"]},{\"@type\":\"Person\",\"@id\":\"https:\/\/orthodoxalbania.org\/2020\/#\/schema\/person\/0c387634a7063ac612d7ed9ce71c7e86\",\"name\":\"Kisha Orthodhokse\",\"image\":{\"@type\":\"ImageObject\",\"inLanguage\":\"en-US\",\"@id\":\"https:\/\/secure.gravatar.com\/avatar\/596e7c417251e30f2fbb9c00e026fce61a695a00e51c889caded71c96cbbdde5?s=96&d=mm&r=g\",\"url\":\"https:\/\/secure.gravatar.com\/avatar\/596e7c417251e30f2fbb9c00e026fce61a695a00e51c889caded71c96cbbdde5?s=96&d=mm&r=g\",\"contentUrl\":\"https:\/\/secure.gravatar.com\/avatar\/596e7c417251e30f2fbb9c00e026fce61a695a00e51c889caded71c96cbbdde5?s=96&d=mm&r=g\",\"caption\":\"Kisha Orthodhokse\"}}]}<\/script>\n<!-- \/ Yoast SEO plugin. -->","yoast_head_json":{"title":"1800 f\u00ebmij\u00eb kosovar\u00eb marrin pjes\u00eb n\u00eb kampet e Kish\u00ebs Orthodhokse Autoqefale t\u00eb Shqip\u00ebris\u00eb n\u00eb Kosov\u00eb. (2008) - Kisha Orthodh\u03bfkse Autoqefale e Shqip\u00ebris\u00eb","robots":{"index":"index","follow":"follow","max-snippet":"max-snippet:-1","max-image-preview":"max-image-preview:large","max-video-preview":"max-video-preview:-1"},"canonical":"https:\/\/orthodoxalbania.org\/2020\/2008\/02\/26\/1800-femije-kosovare-marrin-pjese-ne-kampet-e-kishes-orthodhokse-autoqefale-te-shqiperise-ne-kosove-2008\/","og_locale":"en_US","og_type":"article","og_title":"1800 f\u00ebmij\u00eb kosovar\u00eb marrin pjes\u00eb n\u00eb kampet e Kish\u00ebs Orthodhokse Autoqefale t\u00eb Shqip\u00ebris\u00eb n\u00eb Kosov\u00eb. (2008) - Kisha Orthodh\u03bfkse Autoqefale e Shqip\u00ebris\u00eb","og_description":"&nbsp;&nbsp;&nbsp; &nbsp;&nbsp;&nbsp; Bashk\u00ebpunimi i krijuar midis t\u00eb rinjve shqiptar\u00eb dhe atyre kosovar\u00eb t\u00eb cil\u00ebt erdh\u00ebn n\u00eb Shqip\u00ebri gjat\u00eb 1999 ka ndjekur nj\u00eb tradit\u00eb t\u00eb ve\u00e7ant\u00eb p\u00ebrgjat\u00eb k\u00ebtyre viteve. P\u00ebrmes kampeve me natyr\u00eb edukative dhe arg\u00ebtuese me f\u00ebmij\u00ebt e familjeve kosovare \u00ebsht\u00eb realizuar nj\u00eb bashk\u00ebpunim i ngusht\u00eb n\u00eb shk\u00ebmbimin e eksperiencave dhe thellimin e miq\u00ebsis\u00eb, e cila nisi gjat\u00eb koh\u00ebs s\u00eb luft\u00ebs dhe vijon t\u00eb rritet","og_url":"https:\/\/orthodoxalbania.org\/2020\/2008\/02\/26\/1800-femije-kosovare-marrin-pjese-ne-kampet-e-kishes-orthodhokse-autoqefale-te-shqiperise-ne-kosove-2008\/","og_site_name":"Kisha Orthodh\u03bfkse Autoqefale e Shqip\u00ebris\u00eb","article_publisher":"https:\/\/www.facebook.com\/koash1991","article_published_time":"2008-02-26T00:00:00+00:00","article_modified_time":"2020-04-06T20:35:19+00:00","og_image":[{"url":"https:\/\/lh6.googleusercontent.com\/-mLkQIoWVaN0\/VJFvDgAm9EI\/AAAAAAAAIJE\/9EyZdMfnEBM\/w448-h298-no\/1.JPG","type":"","width":"","height":""}],"author":"Kisha Orthodhokse","twitter_card":"summary_large_image","twitter_misc":{"Written by":"Kisha Orthodhokse","Est. reading time":"5 minutes"},"schema":{"@context":"https:\/\/schema.org","@graph":[{"@type":"Article","@id":"https:\/\/orthodoxalbania.org\/2020\/2008\/02\/26\/1800-femije-kosovare-marrin-pjese-ne-kampet-e-kishes-orthodhokse-autoqefale-te-shqiperise-ne-kosove-2008\/#article","isPartOf":{"@id":"https:\/\/orthodoxalbania.org\/2020\/2008\/02\/26\/1800-femije-kosovare-marrin-pjese-ne-kampet-e-kishes-orthodhokse-autoqefale-te-shqiperise-ne-kosove-2008\/"},"author":{"name":"Kisha Orthodhokse","@id":"https:\/\/orthodoxalbania.org\/2020\/#\/schema\/person\/0c387634a7063ac612d7ed9ce71c7e86"},"headline":"1800 f\u00ebmij\u00eb kosovar\u00eb marrin pjes\u00eb n\u00eb kampet e Kish\u00ebs Orthodhokse Autoqefale t\u00eb Shqip\u00ebris\u00eb n\u00eb Kosov\u00eb. (2008)","datePublished":"2008-02-26T00:00:00+00:00","dateModified":"2020-04-06T20:35:19+00:00","mainEntityOfPage":{"@id":"https:\/\/orthodoxalbania.org\/2020\/2008\/02\/26\/1800-femije-kosovare-marrin-pjese-ne-kampet-e-kishes-orthodhokse-autoqefale-te-shqiperise-ne-kosove-2008\/"},"wordCount":973,"commentCount":0,"publisher":{"@id":"https:\/\/orthodoxalbania.org\/2020\/#organization"},"image":{"@id":"https:\/\/orthodoxalbania.org\/2020\/2008\/02\/26\/1800-femije-kosovare-marrin-pjese-ne-kampet-e-kishes-orthodhokse-autoqefale-te-shqiperise-ne-kosove-2008\/#primaryimage"},"thumbnailUrl":"https:\/\/lh6.googleusercontent.com\/-mLkQIoWVaN0\/VJFvDgAm9EI\/AAAAAAAAIJE\/9EyZdMfnEBM\/w448-h298-no\/1.JPG","keywords":["2008","Kampe verore","Kryepiskopata Tiran\u00eb","lajme","Zyra e F\u00ebmij\u00ebve"],"articleSection":["Lajme"],"inLanguage":"en-US"},{"@type":"WebPage","@id":"https:\/\/orthodoxalbania.org\/2020\/2008\/02\/26\/1800-femije-kosovare-marrin-pjese-ne-kampet-e-kishes-orthodhokse-autoqefale-te-shqiperise-ne-kosove-2008\/","url":"https:\/\/orthodoxalbania.org\/2020\/2008\/02\/26\/1800-femije-kosovare-marrin-pjese-ne-kampet-e-kishes-orthodhokse-autoqefale-te-shqiperise-ne-kosove-2008\/","name":"1800 f\u00ebmij\u00eb kosovar\u00eb marrin pjes\u00eb n\u00eb kampet e Kish\u00ebs Orthodhokse Autoqefale t\u00eb Shqip\u00ebris\u00eb n\u00eb Kosov\u00eb. (2008) - Kisha Orthodh\u03bfkse Autoqefale e Shqip\u00ebris\u00eb","isPartOf":{"@id":"https:\/\/orthodoxalbania.org\/2020\/#website"},"primaryImageOfPage":{"@id":"https:\/\/orthodoxalbania.org\/2020\/2008\/02\/26\/1800-femije-kosovare-marrin-pjese-ne-kampet-e-kishes-orthodhokse-autoqefale-te-shqiperise-ne-kosove-2008\/#primaryimage"},"image":{"@id":"https:\/\/orthodoxalbania.org\/2020\/2008\/02\/26\/1800-femije-kosovare-marrin-pjese-ne-kampet-e-kishes-orthodhokse-autoqefale-te-shqiperise-ne-kosove-2008\/#primaryimage"},"thumbnailUrl":"https:\/\/lh6.googleusercontent.com\/-mLkQIoWVaN0\/VJFvDgAm9EI\/AAAAAAAAIJE\/9EyZdMfnEBM\/w448-h298-no\/1.JPG","datePublished":"2008-02-26T00:00:00+00:00","dateModified":"2020-04-06T20:35:19+00:00","breadcrumb":{"@id":"https:\/\/orthodoxalbania.org\/2020\/2008\/02\/26\/1800-femije-kosovare-marrin-pjese-ne-kampet-e-kishes-orthodhokse-autoqefale-te-shqiperise-ne-kosove-2008\/#breadcrumb"},"inLanguage":"en-US","potentialAction":[{"@type":"ReadAction","target":["https:\/\/orthodoxalbania.org\/2020\/2008\/02\/26\/1800-femije-kosovare-marrin-pjese-ne-kampet-e-kishes-orthodhokse-autoqefale-te-shqiperise-ne-kosove-2008\/"]}]},{"@type":"ImageObject","inLanguage":"en-US","@id":"https:\/\/orthodoxalbania.org\/2020\/2008\/02\/26\/1800-femije-kosovare-marrin-pjese-ne-kampet-e-kishes-orthodhokse-autoqefale-te-shqiperise-ne-kosove-2008\/#primaryimage","url":"https:\/\/lh6.googleusercontent.com\/-mLkQIoWVaN0\/VJFvDgAm9EI\/AAAAAAAAIJE\/9EyZdMfnEBM\/w448-h298-no\/1.JPG","contentUrl":"https:\/\/lh6.googleusercontent.com\/-mLkQIoWVaN0\/VJFvDgAm9EI\/AAAAAAAAIJE\/9EyZdMfnEBM\/w448-h298-no\/1.JPG"},{"@type":"BreadcrumbList","@id":"https:\/\/orthodoxalbania.org\/2020\/2008\/02\/26\/1800-femije-kosovare-marrin-pjese-ne-kampet-e-kishes-orthodhokse-autoqefale-te-shqiperise-ne-kosove-2008\/#breadcrumb","itemListElement":[{"@type":"ListItem","position":1,"name":"Home","item":"https:\/\/orthodoxalbania.org\/2020\/"},{"@type":"ListItem","position":2,"name":"1800 f\u00ebmij\u00eb kosovar\u00eb marrin pjes\u00eb n\u00eb kampet e Kish\u00ebs Orthodhokse Autoqefale t\u00eb Shqip\u00ebris\u00eb n\u00eb Kosov\u00eb. (2008)"}]},{"@type":"WebSite","@id":"https:\/\/orthodoxalbania.org\/2020\/#website","url":"https:\/\/orthodoxalbania.org\/2020\/","name":"Kisha Orthodh\u03bfkse Autoqefale e Shqip\u00ebris\u00eb","description":"Fqja Zyrtare e Kish\u00ebs Orthodhokse Autoqefale e Shqip\u00ebris\u00eb me lajmet edhe informacionet zyrtare p\u00ebr struktur\u00ebn edhe veprimtarin e saj.","publisher":{"@id":"https:\/\/orthodoxalbania.org\/2020\/#organization"},"potentialAction":[{"@type":"SearchAction","target":{"@type":"EntryPoint","urlTemplate":"https:\/\/orthodoxalbania.org\/2020\/?s={search_term_string}"},"query-input":{"@type":"PropertyValueSpecification","valueRequired":true,"valueName":"search_term_string"}}],"inLanguage":"en-US"},{"@type":"Organization","@id":"https:\/\/orthodoxalbania.org\/2020\/#organization","name":"Kisha Orthodhokse Autoqefale e Shqip\u00ebris\u00eb","url":"https:\/\/orthodoxalbania.org\/2020\/","logo":{"@type":"ImageObject","inLanguage":"en-US","@id":"https:\/\/orthodoxalbania.org\/2020\/#\/schema\/logo\/image\/","url":"https:\/\/orthodoxalbania.org\/2020\/wp-content\/uploads\/2020\/05\/albania.jpeg","contentUrl":"https:\/\/orthodoxalbania.org\/2020\/wp-content\/uploads\/2020\/05\/albania.jpeg","width":540,"height":540,"caption":"Kisha Orthodhokse Autoqefale e Shqip\u00ebris\u00eb"},"image":{"@id":"https:\/\/orthodoxalbania.org\/2020\/#\/schema\/logo\/image\/"},"sameAs":["https:\/\/www.facebook.com\/koash1991"]},{"@type":"Person","@id":"https:\/\/orthodoxalbania.org\/2020\/#\/schema\/person\/0c387634a7063ac612d7ed9ce71c7e86","name":"Kisha Orthodhokse","image":{"@type":"ImageObject","inLanguage":"en-US","@id":"https:\/\/secure.gravatar.com\/avatar\/596e7c417251e30f2fbb9c00e026fce61a695a00e51c889caded71c96cbbdde5?s=96&d=mm&r=g","url":"https:\/\/secure.gravatar.com\/avatar\/596e7c417251e30f2fbb9c00e026fce61a695a00e51c889caded71c96cbbdde5?s=96&d=mm&r=g","contentUrl":"https:\/\/secure.gravatar.com\/avatar\/596e7c417251e30f2fbb9c00e026fce61a695a00e51c889caded71c96cbbdde5?s=96&d=mm&r=g","caption":"Kisha Orthodhokse"}}]}},"_links":{"self":[{"href":"https:\/\/orthodoxalbania.org\/2020\/wp-json\/wp\/v2\/posts\/229","targetHints":{"allow":["GET"]}}],"collection":[{"href":"https:\/\/orthodoxalbania.org\/2020\/wp-json\/wp\/v2\/posts"}],"about":[{"href":"https:\/\/orthodoxalbania.org\/2020\/wp-json\/wp\/v2\/types\/post"}],"author":[{"embeddable":true,"href":"https:\/\/orthodoxalbania.org\/2020\/wp-json\/wp\/v2\/users\/1"}],"replies":[{"embeddable":true,"href":"https:\/\/orthodoxalbania.org\/2020\/wp-json\/wp\/v2\/comments?post=229"}],"version-history":[{"count":1,"href":"https:\/\/orthodoxalbania.org\/2020\/wp-json\/wp\/v2\/posts\/229\/revisions"}],"predecessor-version":[{"id":15649,"href":"https:\/\/orthodoxalbania.org\/2020\/wp-json\/wp\/v2\/posts\/229\/revisions\/15649"}],"wp:attachment":[{"href":"https:\/\/orthodoxalbania.org\/2020\/wp-json\/wp\/v2\/media?parent=229"}],"wp:term":[{"taxonomy":"category","embeddable":true,"href":"https:\/\/orthodoxalbania.org\/2020\/wp-json\/wp\/v2\/categories?post=229"},{"taxonomy":"post_tag","embeddable":true,"href":"https:\/\/orthodoxalbania.org\/2020\/wp-json\/wp\/v2\/tags?post=229"}],"curies":[{"name":"wp","href":"https:\/\/api.w.org\/{rel}","templated":true}]}}