{"id":228,"date":"2008-02-26T00:00:21","date_gmt":"2008-02-26T00:00:21","guid":{"rendered":""},"modified":"2020-04-13T00:31:21","modified_gmt":"2020-04-12T22:31:21","slug":"1800-children-in-kosovo-participated-in-the-camps-of-the-orthodox-autocephalous-church-of-albania-2008","status":"publish","type":"post","link":"https:\/\/orthodoxalbania.org\/2020\/en\/2008\/02\/26\/1800-children-in-kosovo-participated-in-the-camps-of-the-orthodox-autocephalous-church-of-albania-2008\/","title":{"rendered":"1800 children in Kosovo participated in the camps of the Orthodox Autocephalous Church of Albania. (August 2008)"},"content":{"rendered":"<table style=\"width: 673px; height: 2053px;\" border=\"0\">\n<tbody>\n<tr>\n<td style=\"text-align: center;\">\n<div><span style=\"color: #000000;\"><span style=\"font-family: tahoma,geneva,sans-serif;\"><span style=\"font-size: 12px;\"><img decoding=\"async\" class=\"lazyload HAa Eha\" style=\"margin: 10px auto; display: block; border: 1px solid;\" alt=\"\" src=\"data:image\/svg+xml,%3Csvg%20xmlns%3D%27http%3A%2F%2Fwww.w3.org%2F2000%2Fsvg%27%20width%3D%27300%27%20height%3D%27200%27%20viewBox%3D%270%200%20300%20200%27%3E%3Crect%20width%3D%27300%27%20height%3D%27200%27%20fill-opacity%3D%220%22%2F%3E%3C%2Fsvg%3E\" data-orig-src=\"https:\/\/lh6.googleusercontent.com\/-mLkQIoWVaN0\/VJFvDgAm9EI\/AAAAAAAAIJE\/9EyZdMfnEBM\/w448-h298-no\/1.JPG\" height=\"200\" width=\"300\" \/><\/span><\/span><\/span><\/div>\n<\/td>\n<td>\n<div style=\"text-align: justify;\"><span style=\"color: #000000;\"><span style=\"font-family: tahoma,geneva,sans-serif;\"><span style=\"font-size: 12px;\">&nbsp;&nbsp;&nbsp;<\/span><\/span><\/span><\/div>\n<div style=\"text-align: justify;\"><span style=\"color: #000000;\"><span style=\"font-family: tahoma,geneva,sans-serif;\"><span style=\"font-size: 12px;\">&nbsp;&nbsp;&nbsp; The collaboration among the Albanian and Kosovar youth that came to Albania during 1999 has continued with a special tradition over these years. Through these camps, which have an educative and entertaining nature for the children, a close collaboration with an exchange of experiences and a deepening of friendships is attained, which started during the period of war and continues to grow every year.<\/span><\/span><\/span><\/div>\n<\/td>\n<\/tr>\n<tr>\n<td>\n<div style=\"text-align: justify;\"><span style=\"color: #000000;\"><span style=\"font-family: tahoma,geneva,sans-serif;\"><span style=\"font-size: 12px;\">&nbsp;&nbsp;&nbsp;&nbsp;<\/span><\/span><\/span><\/div>\n<div style=\"text-align: justify;\"><span style=\"color: #000000;\"><span style=\"font-family: tahoma,geneva,sans-serif;\"><span style=\"font-size: 12px;\">&nbsp;&nbsp;&nbsp; At the end of August and beginning of September the Orthodox Autocephalous Church of Albania organized camps with the participation of 1800 children in the community of Malisheva, Kosovo. For seven years now the Imer Krasniqi and Ilmi Hoti\u2019s schools in Caralluke, Naim Frasheri\u2019schools in Banja and Begaj and Ibrahim Mazreku\u2019s school in Malisheva hosted a group of 24 young volunteers from the Orthodox Church.<\/span><\/span><\/span><\/div>\n<\/td>\n<td style=\"text-align: center;\">\n<div><span style=\"color: #000000;\"><span style=\"font-family: tahoma,geneva,sans-serif;\"><span style=\"font-size: 12px;\"><img decoding=\"async\" class=\"lazyload HAa Eha\" style=\"margin: 10px auto; display: block; border: 1px solid;\" alt=\"\" src=\"data:image\/svg+xml,%3Csvg%20xmlns%3D%27http%3A%2F%2Fwww.w3.org%2F2000%2Fsvg%27%20width%3D%27300%27%20height%3D%27200%27%20viewBox%3D%270%200%20300%20200%27%3E%3Crect%20width%3D%27300%27%20height%3D%27200%27%20fill-opacity%3D%220%22%2F%3E%3C%2Fsvg%3E\" data-orig-src=\"https:\/\/lh3.googleusercontent.com\/-bHS8k4lEPAg\/VJFvDgdLc-I\/AAAAAAAAIIg\/mOgH072BsdA\/w448-h298-no\/2.JPG\" height=\"200\" width=\"300\" \/><\/span><\/span><\/span><\/div>\n<\/td>\n<\/tr>\n<tr>\n<td style=\"text-align: center;\">\n<div><span style=\"color: #000000;\"><span style=\"font-family: tahoma,geneva,sans-serif;\"><span style=\"font-size: 12px;\"><img decoding=\"async\" class=\"lazyload HAa Eha\" style=\"margin: 10px auto; display: block; border: 1px solid;\" alt=\"\" src=\"data:image\/svg+xml,%3Csvg%20xmlns%3D%27http%3A%2F%2Fwww.w3.org%2F2000%2Fsvg%27%20width%3D%27300%27%20height%3D%27200%27%20viewBox%3D%270%200%20300%20200%27%3E%3Crect%20width%3D%27300%27%20height%3D%27200%27%20fill-opacity%3D%220%22%2F%3E%3C%2Fsvg%3E\" data-orig-src=\"https:\/\/lh5.googleusercontent.com\/-dssEfycOHPo\/VJFvDr4ZKPI\/AAAAAAAAIJM\/D_MeJem8G_E\/w448-h298-no\/3.JPG\" height=\"200\" width=\"300\" \/><\/span><\/span><\/span><\/div>\n<\/td>\n<td>\n<div style=\"text-align: justify;\"><span style=\"color: #000000;\"><span style=\"font-family: tahoma,geneva,sans-serif;\"><span style=\"font-size: 12px;\">&nbsp;&nbsp;&nbsp;<\/span><\/span><\/span><\/div>\n<div style=\"text-align: justify;\"><span style=\"color: #000000;\"><span style=\"font-family: tahoma,geneva,sans-serif;\"><span style=\"font-size: 12px;\">&nbsp;&nbsp;&nbsp; \u201cWe have collaborated with the conviction that these activities are fruitful ones and of great value for the students which I also saw myself in Caralluke where all the children were satisfied and happy for the work done there. It was a pleasant surprise for all of us\u201d \u2013 said Isuf Morina, the director of the Education in the Commune of Malisheva. The activities help in the development and in the mentality of the children. They learn good behavior, self-discipline, and other lessons which they practice during the school year.<\/span><\/span><\/span><\/div>\n<\/td>\n<\/tr>\n<tr>\n<td>\n<div style=\"text-align: justify;\"><span style=\"color: #000000;\"><span style=\"font-family: tahoma,geneva,sans-serif;\"><span style=\"font-size: 12px;\">&nbsp;&nbsp;&nbsp;&nbsp;&nbsp;&nbsp;<\/span><\/span><\/span><\/div>\n<div style=\"text-align: justify;\"><span style=\"color: #000000;\"><span style=\"font-family: tahoma,geneva,sans-serif;\"><span style=\"font-size: 12px;\">&nbsp;&nbsp; Bedri Krasniqi has been one of the first collaborators with the staff of the orthodox youth since the first camp and he says that this friendship has been completely sincere. \u201cAfter the war we have been in frequent contact, since the Church in addition to activities has helped us with the school library to provide a better environment also equipping us with new books published by publishing houses there, multiple copies and also books for the youth in Malisheva\u201d &#8211; emphasizes the teacher of the village of Caralluka.<\/span><\/span><\/span><\/div>\n<div style=\"text-align: justify;\"> <span style=\"color: #000000;\"><span style=\"font-family: tahoma,geneva,sans-serif;\"><span style=\"font-size: 12px;\">&nbsp;&nbsp;&nbsp; Bedriu remembers that all the people, traumatized by the war of 1999, needed relaxation and the goal was the entertainment of the children through wonderful games so that they may forget the pain of the war. \u201cThe activities have brought relaxation; they have helped me as a teacher to organize the lesson in a better and more effective way.<\/span><\/span><\/span><\/div>\n<\/td>\n<td>\n<div><span style=\"color: #000000;\"><span style=\"font-family: tahoma,geneva,sans-serif;\"><span style=\"font-size: 12px;\"><img decoding=\"async\" class=\"lazyload HAa Eha\" style=\"margin: 10px auto; display: block; border: 1px solid;\" alt=\"\" src=\"data:image\/svg+xml,%3Csvg%20xmlns%3D%27http%3A%2F%2Fwww.w3.org%2F2000%2Fsvg%27%20width%3D%27300%27%20height%3D%27451%27%20viewBox%3D%270%200%20300%20451%27%3E%3Crect%20width%3D%27300%27%20height%3D%27451%27%20fill-opacity%3D%220%22%2F%3E%3C%2Fsvg%3E\" data-orig-src=\"https:\/\/lh3.googleusercontent.com\/-PFVcX9zlkrI\/VJFvD97oRiI\/AAAAAAAAIJQ\/tZRR0uur4-0\/w298-h448-no\/4.JPG\" height=\"451\" width=\"300\" \/><\/span><\/span><\/span><\/div>\n<\/td>\n<\/tr>\n<tr>\n<td>\n<div style=\"text-align: center;\"><span style=\"color: #000000;\"><span style=\"font-family: tahoma,geneva,sans-serif;\"><span style=\"font-size: 12px;\"><img decoding=\"async\" class=\"lazyload HAa Eha\" style=\"margin: 10px auto; display: block; border: 1px solid;\" alt=\"\" src=\"data:image\/svg+xml,%3Csvg%20xmlns%3D%27http%3A%2F%2Fwww.w3.org%2F2000%2Fsvg%27%20width%3D%27300%27%20height%3D%27200%27%20viewBox%3D%270%200%20300%20200%27%3E%3Crect%20width%3D%27300%27%20height%3D%27200%27%20fill-opacity%3D%220%22%2F%3E%3C%2Fsvg%3E\" data-orig-src=\"https:\/\/lh3.googleusercontent.com\/-BfjKFGZKxTs\/VJFvEMfL6rI\/AAAAAAAAIIs\/4kvhFP1n2sg\/w448-h298-no\/5.JPG\" height=\"200\" width=\"300\" \/><\/span><\/span><\/span><\/div>\n<\/td>\n<td>\n<div style=\"text-align: justify;\"><span style=\"color: #000000;\"><span style=\"font-family: tahoma,geneva,sans-serif;\"><span style=\"font-size: 12px;\">&nbsp;&nbsp;&nbsp; Some of the teaching elements that the Orthodox Autocephalous Church of Albania has helped us are: contemporary working methods with children and the work in groups as well. Having adopted the Bologna system we needed to do the teaching work in groups and this work in our school started before this reformed due to the Church. We, the staff of the Caralluka\u2019s school had it easier to work with students with this method.<\/span><\/span><\/span><\/div>\n<\/td>\n<\/tr>\n<tr>\n<td>\n<div style=\"text-align: justify;\"><span style=\"color: #000000;\"><span style=\"font-family: tahoma,geneva,sans-serif;\"><span style=\"font-size: 12px;\">&nbsp;&nbsp; The camp program this year included games in small groups, songs with movements, discussion sessions about different aspects of freedom, which was also the theme of the camp. Through this theme were emphasized more three aspects of freedom: respect, self-control and responsibility. The leader and the initiator of this activity that now has become traditional is Mr. Nathan Hoppe that said in front of the students in Kosovo that: \u201cFreedom is one of the most valued values in life, the gift that God has given to each one of us. Often in history, freedom has been seen only as a concept linked with the politics rather than the everyday life.<\/span><\/span><\/span><\/div>\n<\/td>\n<td style=\"text-align: center;\">\n<div><span style=\"color: #000000;\"><span style=\"font-family: tahoma,geneva,sans-serif;\"><span style=\"font-size: 12px;\"><img decoding=\"async\" class=\"lazyload HAa Eha\" style=\"margin: 10px auto; display: block; border: 1px solid;\" alt=\"\" src=\"data:image\/svg+xml,%3Csvg%20xmlns%3D%27http%3A%2F%2Fwww.w3.org%2F2000%2Fsvg%27%20width%3D%27300%27%20height%3D%27200%27%20viewBox%3D%270%200%20300%20200%27%3E%3Crect%20width%3D%27300%27%20height%3D%27200%27%20fill-opacity%3D%220%22%2F%3E%3C%2Fsvg%3E\" data-orig-src=\"https:\/\/lh4.googleusercontent.com\/-UQDqzGoZusg\/VJFvES57JdI\/AAAAAAAAII4\/B0dny6Rv_5k\/w448-h298-no\/6.JPG\" height=\"200\" width=\"300\" \/><\/span><\/span><\/span><\/div>\n<\/td>\n<\/tr>\n<tr>\n<td>\n<div style=\"text-align: center;\"><span style=\"color: #000000;\"><span style=\"font-family: tahoma,geneva,sans-serif;\"><span style=\"font-size: 12px;\"><img decoding=\"async\" class=\"lazyload HAa Eha\" style=\"margin: 10px auto; display: block; border: 1px solid;\" alt=\"\" src=\"data:image\/svg+xml,%3Csvg%20xmlns%3D%27http%3A%2F%2Fwww.w3.org%2F2000%2Fsvg%27%20width%3D%27300%27%20height%3D%27200%27%20viewBox%3D%270%200%20300%20200%27%3E%3Crect%20width%3D%27300%27%20height%3D%27200%27%20fill-opacity%3D%220%22%2F%3E%3C%2Fsvg%3E\" data-orig-src=\"https:\/\/lh3.googleusercontent.com\/-2xWLPidjWJY\/VJFvE00yXVI\/AAAAAAAAII8\/uFiQXAvoRHU\/w448-h298-no\/7.JPG\" height=\"200\" width=\"300\" \/><\/span><\/span><\/span><\/div>\n<\/td>\n<td>\n<div style=\"text-align: justify;\"><span style=\"color: #000000;\"><span style=\"font-family: tahoma,geneva,sans-serif;\"><span style=\"font-size: 12px;\">&nbsp;&nbsp;&nbsp; We hope that with these values you will enjoy a life in personal freedom and that Kosovo will go ahead and will have a truly free society where every person will enjoy his freedom. He also reminded the campers to be grateful to the staff which volunteered their time to work with them and the donators that have supported the activity especially Archbishop Anastasios who has always encouraged and supported these activities. \u201dThe program contained also games in large group, art and craft project, snack, Olympic Games and a festival at the end of the camp. A dinner was offered in honor of the teachers of these schools.<\/span><\/span><\/span><\/div>\n<\/td>\n<\/tr>\n<tr>\n<td>\n<div style=\"text-align: justify;\"><span style=\"color: #000000;\"><span style=\"font-family: tahoma,geneva,sans-serif;\"><span style=\"font-size: 12px;\">&nbsp;&nbsp;&nbsp; The director of one of these schools, Mr. Mifail Krasniqi said: \u201cThe children more than anybody else need more activities; they play and enjoy, be entertained and learn. They really need such activities. This is a fruitful collaboration from which we are really pleased. Both the teachers and parents are happy to see the joy that their children experience.\u201d<\/span><\/span><\/span><\/div>\n<div style=\"text-align: justify;\"> <span style=\"color: #000000;\"><span style=\"font-family: tahoma,geneva,sans-serif;\"><span style=\"font-size: 12px;\">&nbsp;&nbsp;&nbsp; Edona, one of the children in Malisheva, said that she had learned a lot about freedom and that she wants to participate in the next camps.<\/span><\/span><\/span><\/div>\n<\/td>\n<td style=\"text-align: center;\">\n<div><span style=\"color: #000000;\"><span style=\"font-family: tahoma,geneva,sans-serif;\"><span style=\"font-size: 12px;\"><img decoding=\"async\" class=\"lazyload HAa Eha\" style=\"margin: 10px auto; display: block; border: 1px solid;\" alt=\"\" src=\"data:image\/svg+xml,%3Csvg%20xmlns%3D%27http%3A%2F%2Fwww.w3.org%2F2000%2Fsvg%27%20width%3D%27300%27%20height%3D%27200%27%20viewBox%3D%270%200%20300%20200%27%3E%3Crect%20width%3D%27300%27%20height%3D%27200%27%20fill-opacity%3D%220%22%2F%3E%3C%2Fsvg%3E\" data-orig-src=\"https:\/\/lh3.googleusercontent.com\/-BTDkAR_njTA\/VJFvFF-RtOI\/AAAAAAAAIJA\/4ifVZHw3PUI\/w448-h298-no\/8.JPG\" height=\"200\" width=\"300\" \/><\/span><\/span><\/span><\/div>\n<\/td>\n<\/tr>\n<\/tbody>\n<\/table>\n<table style=\"width: 672px; height: 77px;\" border=\"0\">\n<tbody>\n<tr>\n<td>\n<div><span style=\"color: #000000;\"><span style=\"font-family: tahoma,geneva,sans-serif;\"><span style=\"font-size: 12px;\">&nbsp; &nbsp; \u201cThe staff of the orthodox youth brings new ideas, relaxation and entertainment but above all they have raised in our hearts the desire to become people of the future\u201d \u2013 ends Bedri Krasniqi.<\/span><\/span><\/span><\/div>\n<div> <span style=\"color: #000000;\"><span style=\"font-family: tahoma,geneva,sans-serif;\"><span style=\"font-size: 12px;\">&nbsp;&nbsp;&nbsp; Inspired by this activity, other schools have requested that in the future their schools may be included as well.<\/span><\/span><\/span><\/div>\n<div> <span style=\"color: #000000;\"><span style=\"font-family: tahoma,geneva,sans-serif;\"><span style=\"font-size: 12px;\">&nbsp;&nbsp;&nbsp; The staff of the camp also visited the monastery of Decani in Kosovo during the time they were there.<\/span><\/span><\/span><\/div>\n<\/td>\n<\/tr>\n<\/tbody>\n<\/table>\n<div style=\"text-align: right;\"><span style=\"color: #000000;\"><span style=\"font-family: tahoma,geneva,sans-serif;\"><span style=\"font-size: 12px;\"><strong>Isidor Koti <\/strong>&amp;<strong> Gabriela Hoppe<\/strong><br \/> Translated and edited by<strong> Gabriela Hoppe<\/strong><\/span><\/span><\/span><\/div>\n","protected":false},"excerpt":{"rendered":"<p>&nbsp;&nbsp;&nbsp; &nbsp;&nbsp;&nbsp; The collaboration among the Albanian and Kosovar youth that came to Albania during 1999 has continued with a special tradition over these years. Through these camps, which have an educative and entertaining nature for the children, a close collaboration with an exchange of experiences and a deepening of friendships is attained, which started during the period of war and continues to grow every<\/p>\n","protected":false},"author":7,"featured_media":0,"comment_status":"open","ping_status":"open","sticky":false,"template":"","format":"standard","meta":{"_acf_changed":false,"pagelayer_contact_templates":[],"_pagelayer_content":"","inline_featured_image":false,"fifu_image_url":"","fifu_image_alt":"","footnotes":""},"categories":[1455,311],"tags":[1121,1788],"class_list":["post-228","post","type-post","status-publish","format-standard","hentry","category-news-en","category-news-d25","tag-2008-en","tag-kampe-verore-en"],"acf":[],"yoast_head":"<!-- This site is optimized with the Yoast SEO plugin v27.2 - https:\/\/yoast.com\/product\/yoast-seo-wordpress\/ -->\n<title>1800 children in Kosovo participated in the camps of the Orthodox Autocephalous Church of Albania. (August 2008) - Kisha Orthodh\u03bfkse Autoqefale e Shqip\u00ebris\u00eb<\/title>\n<meta name=\"robots\" content=\"index, follow, max-snippet:-1, max-image-preview:large, max-video-preview:-1\" \/>\n<link rel=\"canonical\" href=\"https:\/\/orthodoxalbania.org\/2020\/en\/2008\/02\/26\/1800-children-in-kosovo-participated-in-the-camps-of-the-orthodox-autocephalous-church-of-albania-2008\/\" \/>\n<meta property=\"og:locale\" content=\"en_US\" \/>\n<meta property=\"og:type\" content=\"article\" \/>\n<meta property=\"og:title\" content=\"1800 children in Kosovo participated in the camps of the Orthodox Autocephalous Church of Albania. (August 2008) - Kisha Orthodh\u03bfkse Autoqefale e Shqip\u00ebris\u00eb\" \/>\n<meta property=\"og:description\" content=\"&nbsp;&nbsp;&nbsp; &nbsp;&nbsp;&nbsp; The collaboration among the Albanian and Kosovar youth that came to Albania during 1999 has continued with a special tradition over these years. Through these camps, which have an educative and entertaining nature for the children, a close collaboration with an exchange of experiences and a deepening of friendships is attained, which started during the period of war and continues to grow every\" \/>\n<meta property=\"og:url\" content=\"https:\/\/orthodoxalbania.org\/2020\/en\/2008\/02\/26\/1800-children-in-kosovo-participated-in-the-camps-of-the-orthodox-autocephalous-church-of-albania-2008\/\" \/>\n<meta property=\"og:site_name\" content=\"Kisha Orthodh\u03bfkse Autoqefale e Shqip\u00ebris\u00eb\" \/>\n<meta property=\"article:publisher\" content=\"https:\/\/www.facebook.com\/koash1991\" \/>\n<meta property=\"article:published_time\" content=\"2008-02-26T00:00:21+00:00\" \/>\n<meta property=\"article:modified_time\" content=\"2020-04-12T22:31:21+00:00\" \/>\n<meta property=\"og:image\" content=\"https:\/\/lh6.googleusercontent.com\/-mLkQIoWVaN0\/VJFvDgAm9EI\/AAAAAAAAIJE\/9EyZdMfnEBM\/w448-h298-no\/1.JPG\" \/>\n<meta name=\"author\" content=\"Kisha Orthodhokse\" \/>\n<meta name=\"twitter:card\" content=\"summary_large_image\" \/>\n<meta name=\"twitter:label1\" content=\"Written by\" \/>\n\t<meta name=\"twitter:data1\" content=\"Kisha Orthodhokse\" \/>\n\t<meta name=\"twitter:label2\" content=\"Est. reading time\" \/>\n\t<meta name=\"twitter:data2\" content=\"4 minutes\" \/>\n<script type=\"application\/ld+json\" class=\"yoast-schema-graph\">{\"@context\":\"https:\/\/schema.org\",\"@graph\":[{\"@type\":\"Article\",\"@id\":\"https:\/\/orthodoxalbania.org\/2020\/en\/2008\/02\/26\/1800-children-in-kosovo-participated-in-the-camps-of-the-orthodox-autocephalous-church-of-albania-2008\/#article\",\"isPartOf\":{\"@id\":\"https:\/\/orthodoxalbania.org\/2020\/en\/2008\/02\/26\/1800-children-in-kosovo-participated-in-the-camps-of-the-orthodox-autocephalous-church-of-albania-2008\/\"},\"author\":{\"name\":\"Kisha Orthodhokse\",\"@id\":\"https:\/\/orthodoxalbania.org\/2020\/#\/schema\/person\/df745f942b70e045b3dc05a30211f0de\"},\"headline\":\"1800 children in Kosovo participated in the camps of the Orthodox Autocephalous Church of Albania. (August 2008)\",\"datePublished\":\"2008-02-26T00:00:21+00:00\",\"dateModified\":\"2020-04-12T22:31:21+00:00\",\"mainEntityOfPage\":{\"@id\":\"https:\/\/orthodoxalbania.org\/2020\/en\/2008\/02\/26\/1800-children-in-kosovo-participated-in-the-camps-of-the-orthodox-autocephalous-church-of-albania-2008\/\"},\"wordCount\":889,\"commentCount\":0,\"publisher\":{\"@id\":\"https:\/\/orthodoxalbania.org\/2020\/#organization\"},\"image\":{\"@id\":\"https:\/\/orthodoxalbania.org\/2020\/en\/2008\/02\/26\/1800-children-in-kosovo-participated-in-the-camps-of-the-orthodox-autocephalous-church-of-albania-2008\/#primaryimage\"},\"thumbnailUrl\":\"https:\/\/lh6.googleusercontent.com\/-mLkQIoWVaN0\/VJFvDgAm9EI\/AAAAAAAAIJE\/9EyZdMfnEBM\/w448-h298-no\/1.JPG\",\"keywords\":[\"2008\",\"Kampe verore\"],\"articleSection\":[\"News - \u0395\u039d\",\"News old page\"],\"inLanguage\":\"en-US\"},{\"@type\":\"WebPage\",\"@id\":\"https:\/\/orthodoxalbania.org\/2020\/en\/2008\/02\/26\/1800-children-in-kosovo-participated-in-the-camps-of-the-orthodox-autocephalous-church-of-albania-2008\/\",\"url\":\"https:\/\/orthodoxalbania.org\/2020\/en\/2008\/02\/26\/1800-children-in-kosovo-participated-in-the-camps-of-the-orthodox-autocephalous-church-of-albania-2008\/\",\"name\":\"1800 children in Kosovo participated in the camps of the Orthodox Autocephalous Church of Albania. (August 2008) - Kisha Orthodh\u03bfkse Autoqefale e Shqip\u00ebris\u00eb\",\"isPartOf\":{\"@id\":\"https:\/\/orthodoxalbania.org\/2020\/#website\"},\"primaryImageOfPage\":{\"@id\":\"https:\/\/orthodoxalbania.org\/2020\/en\/2008\/02\/26\/1800-children-in-kosovo-participated-in-the-camps-of-the-orthodox-autocephalous-church-of-albania-2008\/#primaryimage\"},\"image\":{\"@id\":\"https:\/\/orthodoxalbania.org\/2020\/en\/2008\/02\/26\/1800-children-in-kosovo-participated-in-the-camps-of-the-orthodox-autocephalous-church-of-albania-2008\/#primaryimage\"},\"thumbnailUrl\":\"https:\/\/lh6.googleusercontent.com\/-mLkQIoWVaN0\/VJFvDgAm9EI\/AAAAAAAAIJE\/9EyZdMfnEBM\/w448-h298-no\/1.JPG\",\"datePublished\":\"2008-02-26T00:00:21+00:00\",\"dateModified\":\"2020-04-12T22:31:21+00:00\",\"breadcrumb\":{\"@id\":\"https:\/\/orthodoxalbania.org\/2020\/en\/2008\/02\/26\/1800-children-in-kosovo-participated-in-the-camps-of-the-orthodox-autocephalous-church-of-albania-2008\/#breadcrumb\"},\"inLanguage\":\"en-US\",\"potentialAction\":[{\"@type\":\"ReadAction\",\"target\":[\"https:\/\/orthodoxalbania.org\/2020\/en\/2008\/02\/26\/1800-children-in-kosovo-participated-in-the-camps-of-the-orthodox-autocephalous-church-of-albania-2008\/\"]}]},{\"@type\":\"ImageObject\",\"inLanguage\":\"en-US\",\"@id\":\"https:\/\/orthodoxalbania.org\/2020\/en\/2008\/02\/26\/1800-children-in-kosovo-participated-in-the-camps-of-the-orthodox-autocephalous-church-of-albania-2008\/#primaryimage\",\"url\":\"https:\/\/lh6.googleusercontent.com\/-mLkQIoWVaN0\/VJFvDgAm9EI\/AAAAAAAAIJE\/9EyZdMfnEBM\/w448-h298-no\/1.JPG\",\"contentUrl\":\"https:\/\/lh6.googleusercontent.com\/-mLkQIoWVaN0\/VJFvDgAm9EI\/AAAAAAAAIJE\/9EyZdMfnEBM\/w448-h298-no\/1.JPG\"},{\"@type\":\"BreadcrumbList\",\"@id\":\"https:\/\/orthodoxalbania.org\/2020\/en\/2008\/02\/26\/1800-children-in-kosovo-participated-in-the-camps-of-the-orthodox-autocephalous-church-of-albania-2008\/#breadcrumb\",\"itemListElement\":[{\"@type\":\"ListItem\",\"position\":1,\"name\":\"Home\",\"item\":\"https:\/\/orthodoxalbania.org\/2020\/\"},{\"@type\":\"ListItem\",\"position\":2,\"name\":\"1800 children in Kosovo participated in the camps of the Orthodox Autocephalous Church of Albania. (August 2008)\"}]},{\"@type\":\"WebSite\",\"@id\":\"https:\/\/orthodoxalbania.org\/2020\/#website\",\"url\":\"https:\/\/orthodoxalbania.org\/2020\/\",\"name\":\"Kisha Orthodh\u03bfkse Autoqefale e Shqip\u00ebris\u00eb\",\"description\":\"Fqja Zyrtare e Kish\u00ebs Orthodhokse Autoqefale e Shqip\u00ebris\u00eb me lajmet edhe informacionet zyrtare p\u00ebr struktur\u00ebn edhe veprimtarin e saj.\",\"publisher\":{\"@id\":\"https:\/\/orthodoxalbania.org\/2020\/#organization\"},\"potentialAction\":[{\"@type\":\"SearchAction\",\"target\":{\"@type\":\"EntryPoint\",\"urlTemplate\":\"https:\/\/orthodoxalbania.org\/2020\/?s={search_term_string}\"},\"query-input\":{\"@type\":\"PropertyValueSpecification\",\"valueRequired\":true,\"valueName\":\"search_term_string\"}}],\"inLanguage\":\"en-US\"},{\"@type\":\"Organization\",\"@id\":\"https:\/\/orthodoxalbania.org\/2020\/#organization\",\"name\":\"Kisha Orthodhokse Autoqefale e Shqip\u00ebris\u00eb\",\"url\":\"https:\/\/orthodoxalbania.org\/2020\/\",\"logo\":{\"@type\":\"ImageObject\",\"inLanguage\":\"en-US\",\"@id\":\"https:\/\/orthodoxalbania.org\/2020\/#\/schema\/logo\/image\/\",\"url\":\"https:\/\/orthodoxalbania.org\/2020\/wp-content\/uploads\/2020\/05\/albania.jpeg\",\"contentUrl\":\"https:\/\/orthodoxalbania.org\/2020\/wp-content\/uploads\/2020\/05\/albania.jpeg\",\"width\":540,\"height\":540,\"caption\":\"Kisha Orthodhokse Autoqefale e Shqip\u00ebris\u00eb\"},\"image\":{\"@id\":\"https:\/\/orthodoxalbania.org\/2020\/#\/schema\/logo\/image\/\"},\"sameAs\":[\"https:\/\/www.facebook.com\/koash1991\"]},{\"@type\":\"Person\",\"@id\":\"https:\/\/orthodoxalbania.org\/2020\/#\/schema\/person\/df745f942b70e045b3dc05a30211f0de\",\"name\":\"Kisha Orthodhokse\",\"image\":{\"@type\":\"ImageObject\",\"inLanguage\":\"en-US\",\"@id\":\"https:\/\/secure.gravatar.com\/avatar\/2676eb8d97178435c9f691a7871595a1da6c33542dec218bce40885573150e28?s=96&d=mm&r=g\",\"url\":\"https:\/\/secure.gravatar.com\/avatar\/2676eb8d97178435c9f691a7871595a1da6c33542dec218bce40885573150e28?s=96&d=mm&r=g\",\"contentUrl\":\"https:\/\/secure.gravatar.com\/avatar\/2676eb8d97178435c9f691a7871595a1da6c33542dec218bce40885573150e28?s=96&d=mm&r=g\",\"caption\":\"Kisha Orthodhokse\"}}]}<\/script>\n<!-- \/ Yoast SEO plugin. -->","yoast_head_json":{"title":"1800 children in Kosovo participated in the camps of the Orthodox Autocephalous Church of Albania. (August 2008) - Kisha Orthodh\u03bfkse Autoqefale e Shqip\u00ebris\u00eb","robots":{"index":"index","follow":"follow","max-snippet":"max-snippet:-1","max-image-preview":"max-image-preview:large","max-video-preview":"max-video-preview:-1"},"canonical":"https:\/\/orthodoxalbania.org\/2020\/en\/2008\/02\/26\/1800-children-in-kosovo-participated-in-the-camps-of-the-orthodox-autocephalous-church-of-albania-2008\/","og_locale":"en_US","og_type":"article","og_title":"1800 children in Kosovo participated in the camps of the Orthodox Autocephalous Church of Albania. (August 2008) - Kisha Orthodh\u03bfkse Autoqefale e Shqip\u00ebris\u00eb","og_description":"&nbsp;&nbsp;&nbsp; &nbsp;&nbsp;&nbsp; The collaboration among the Albanian and Kosovar youth that came to Albania during 1999 has continued with a special tradition over these years. Through these camps, which have an educative and entertaining nature for the children, a close collaboration with an exchange of experiences and a deepening of friendships is attained, which started during the period of war and continues to grow every","og_url":"https:\/\/orthodoxalbania.org\/2020\/en\/2008\/02\/26\/1800-children-in-kosovo-participated-in-the-camps-of-the-orthodox-autocephalous-church-of-albania-2008\/","og_site_name":"Kisha Orthodh\u03bfkse Autoqefale e Shqip\u00ebris\u00eb","article_publisher":"https:\/\/www.facebook.com\/koash1991","article_published_time":"2008-02-26T00:00:21+00:00","article_modified_time":"2020-04-12T22:31:21+00:00","og_image":[{"url":"https:\/\/lh6.googleusercontent.com\/-mLkQIoWVaN0\/VJFvDgAm9EI\/AAAAAAAAIJE\/9EyZdMfnEBM\/w448-h298-no\/1.JPG","type":"","width":"","height":""}],"author":"Kisha Orthodhokse","twitter_card":"summary_large_image","twitter_misc":{"Written by":"Kisha Orthodhokse","Est. reading time":"4 minutes"},"schema":{"@context":"https:\/\/schema.org","@graph":[{"@type":"Article","@id":"https:\/\/orthodoxalbania.org\/2020\/en\/2008\/02\/26\/1800-children-in-kosovo-participated-in-the-camps-of-the-orthodox-autocephalous-church-of-albania-2008\/#article","isPartOf":{"@id":"https:\/\/orthodoxalbania.org\/2020\/en\/2008\/02\/26\/1800-children-in-kosovo-participated-in-the-camps-of-the-orthodox-autocephalous-church-of-albania-2008\/"},"author":{"name":"Kisha Orthodhokse","@id":"https:\/\/orthodoxalbania.org\/2020\/#\/schema\/person\/df745f942b70e045b3dc05a30211f0de"},"headline":"1800 children in Kosovo participated in the camps of the Orthodox Autocephalous Church of Albania. (August 2008)","datePublished":"2008-02-26T00:00:21+00:00","dateModified":"2020-04-12T22:31:21+00:00","mainEntityOfPage":{"@id":"https:\/\/orthodoxalbania.org\/2020\/en\/2008\/02\/26\/1800-children-in-kosovo-participated-in-the-camps-of-the-orthodox-autocephalous-church-of-albania-2008\/"},"wordCount":889,"commentCount":0,"publisher":{"@id":"https:\/\/orthodoxalbania.org\/2020\/#organization"},"image":{"@id":"https:\/\/orthodoxalbania.org\/2020\/en\/2008\/02\/26\/1800-children-in-kosovo-participated-in-the-camps-of-the-orthodox-autocephalous-church-of-albania-2008\/#primaryimage"},"thumbnailUrl":"https:\/\/lh6.googleusercontent.com\/-mLkQIoWVaN0\/VJFvDgAm9EI\/AAAAAAAAIJE\/9EyZdMfnEBM\/w448-h298-no\/1.JPG","keywords":["2008","Kampe verore"],"articleSection":["News - \u0395\u039d","News old page"],"inLanguage":"en-US"},{"@type":"WebPage","@id":"https:\/\/orthodoxalbania.org\/2020\/en\/2008\/02\/26\/1800-children-in-kosovo-participated-in-the-camps-of-the-orthodox-autocephalous-church-of-albania-2008\/","url":"https:\/\/orthodoxalbania.org\/2020\/en\/2008\/02\/26\/1800-children-in-kosovo-participated-in-the-camps-of-the-orthodox-autocephalous-church-of-albania-2008\/","name":"1800 children in Kosovo participated in the camps of the Orthodox Autocephalous Church of Albania. (August 2008) - Kisha Orthodh\u03bfkse Autoqefale e Shqip\u00ebris\u00eb","isPartOf":{"@id":"https:\/\/orthodoxalbania.org\/2020\/#website"},"primaryImageOfPage":{"@id":"https:\/\/orthodoxalbania.org\/2020\/en\/2008\/02\/26\/1800-children-in-kosovo-participated-in-the-camps-of-the-orthodox-autocephalous-church-of-albania-2008\/#primaryimage"},"image":{"@id":"https:\/\/orthodoxalbania.org\/2020\/en\/2008\/02\/26\/1800-children-in-kosovo-participated-in-the-camps-of-the-orthodox-autocephalous-church-of-albania-2008\/#primaryimage"},"thumbnailUrl":"https:\/\/lh6.googleusercontent.com\/-mLkQIoWVaN0\/VJFvDgAm9EI\/AAAAAAAAIJE\/9EyZdMfnEBM\/w448-h298-no\/1.JPG","datePublished":"2008-02-26T00:00:21+00:00","dateModified":"2020-04-12T22:31:21+00:00","breadcrumb":{"@id":"https:\/\/orthodoxalbania.org\/2020\/en\/2008\/02\/26\/1800-children-in-kosovo-participated-in-the-camps-of-the-orthodox-autocephalous-church-of-albania-2008\/#breadcrumb"},"inLanguage":"en-US","potentialAction":[{"@type":"ReadAction","target":["https:\/\/orthodoxalbania.org\/2020\/en\/2008\/02\/26\/1800-children-in-kosovo-participated-in-the-camps-of-the-orthodox-autocephalous-church-of-albania-2008\/"]}]},{"@type":"ImageObject","inLanguage":"en-US","@id":"https:\/\/orthodoxalbania.org\/2020\/en\/2008\/02\/26\/1800-children-in-kosovo-participated-in-the-camps-of-the-orthodox-autocephalous-church-of-albania-2008\/#primaryimage","url":"https:\/\/lh6.googleusercontent.com\/-mLkQIoWVaN0\/VJFvDgAm9EI\/AAAAAAAAIJE\/9EyZdMfnEBM\/w448-h298-no\/1.JPG","contentUrl":"https:\/\/lh6.googleusercontent.com\/-mLkQIoWVaN0\/VJFvDgAm9EI\/AAAAAAAAIJE\/9EyZdMfnEBM\/w448-h298-no\/1.JPG"},{"@type":"BreadcrumbList","@id":"https:\/\/orthodoxalbania.org\/2020\/en\/2008\/02\/26\/1800-children-in-kosovo-participated-in-the-camps-of-the-orthodox-autocephalous-church-of-albania-2008\/#breadcrumb","itemListElement":[{"@type":"ListItem","position":1,"name":"Home","item":"https:\/\/orthodoxalbania.org\/2020\/"},{"@type":"ListItem","position":2,"name":"1800 children in Kosovo participated in the camps of the Orthodox Autocephalous Church of Albania. (August 2008)"}]},{"@type":"WebSite","@id":"https:\/\/orthodoxalbania.org\/2020\/#website","url":"https:\/\/orthodoxalbania.org\/2020\/","name":"Kisha Orthodh\u03bfkse Autoqefale e Shqip\u00ebris\u00eb","description":"Fqja Zyrtare e Kish\u00ebs Orthodhokse Autoqefale e Shqip\u00ebris\u00eb me lajmet edhe informacionet zyrtare p\u00ebr struktur\u00ebn edhe veprimtarin e saj.","publisher":{"@id":"https:\/\/orthodoxalbania.org\/2020\/#organization"},"potentialAction":[{"@type":"SearchAction","target":{"@type":"EntryPoint","urlTemplate":"https:\/\/orthodoxalbania.org\/2020\/?s={search_term_string}"},"query-input":{"@type":"PropertyValueSpecification","valueRequired":true,"valueName":"search_term_string"}}],"inLanguage":"en-US"},{"@type":"Organization","@id":"https:\/\/orthodoxalbania.org\/2020\/#organization","name":"Kisha Orthodhokse Autoqefale e Shqip\u00ebris\u00eb","url":"https:\/\/orthodoxalbania.org\/2020\/","logo":{"@type":"ImageObject","inLanguage":"en-US","@id":"https:\/\/orthodoxalbania.org\/2020\/#\/schema\/logo\/image\/","url":"https:\/\/orthodoxalbania.org\/2020\/wp-content\/uploads\/2020\/05\/albania.jpeg","contentUrl":"https:\/\/orthodoxalbania.org\/2020\/wp-content\/uploads\/2020\/05\/albania.jpeg","width":540,"height":540,"caption":"Kisha Orthodhokse Autoqefale e Shqip\u00ebris\u00eb"},"image":{"@id":"https:\/\/orthodoxalbania.org\/2020\/#\/schema\/logo\/image\/"},"sameAs":["https:\/\/www.facebook.com\/koash1991"]},{"@type":"Person","@id":"https:\/\/orthodoxalbania.org\/2020\/#\/schema\/person\/df745f942b70e045b3dc05a30211f0de","name":"Kisha Orthodhokse","image":{"@type":"ImageObject","inLanguage":"en-US","@id":"https:\/\/secure.gravatar.com\/avatar\/2676eb8d97178435c9f691a7871595a1da6c33542dec218bce40885573150e28?s=96&d=mm&r=g","url":"https:\/\/secure.gravatar.com\/avatar\/2676eb8d97178435c9f691a7871595a1da6c33542dec218bce40885573150e28?s=96&d=mm&r=g","contentUrl":"https:\/\/secure.gravatar.com\/avatar\/2676eb8d97178435c9f691a7871595a1da6c33542dec218bce40885573150e28?s=96&d=mm&r=g","caption":"Kisha Orthodhokse"}}]}},"_links":{"self":[{"href":"https:\/\/orthodoxalbania.org\/2020\/wp-json\/wp\/v2\/posts\/228","targetHints":{"allow":["GET"]}}],"collection":[{"href":"https:\/\/orthodoxalbania.org\/2020\/wp-json\/wp\/v2\/posts"}],"about":[{"href":"https:\/\/orthodoxalbania.org\/2020\/wp-json\/wp\/v2\/types\/post"}],"author":[{"embeddable":true,"href":"https:\/\/orthodoxalbania.org\/2020\/wp-json\/wp\/v2\/users\/7"}],"replies":[{"embeddable":true,"href":"https:\/\/orthodoxalbania.org\/2020\/wp-json\/wp\/v2\/comments?post=228"}],"version-history":[{"count":1,"href":"https:\/\/orthodoxalbania.org\/2020\/wp-json\/wp\/v2\/posts\/228\/revisions"}],"predecessor-version":[{"id":17993,"href":"https:\/\/orthodoxalbania.org\/2020\/wp-json\/wp\/v2\/posts\/228\/revisions\/17993"}],"wp:attachment":[{"href":"https:\/\/orthodoxalbania.org\/2020\/wp-json\/wp\/v2\/media?parent=228"}],"wp:term":[{"taxonomy":"category","embeddable":true,"href":"https:\/\/orthodoxalbania.org\/2020\/wp-json\/wp\/v2\/categories?post=228"},{"taxonomy":"post_tag","embeddable":true,"href":"https:\/\/orthodoxalbania.org\/2020\/wp-json\/wp\/v2\/tags?post=228"}],"curies":[{"name":"wp","href":"https:\/\/api.w.org\/{rel}","templated":true}]}}