{"id":223,"date":"2009-03-19T00:00:00","date_gmt":"2009-03-19T00:00:00","guid":{"rendered":""},"modified":"2020-04-06T22:32:36","modified_gmt":"2020-04-06T20:32:36","slug":"15-vjet-nga-pranimi-i-kishes-orthodhokse-autoqefale-te-shqiperise-ne-keshillit-boteror-te-kishave-wcc-2009","status":"publish","type":"post","link":"https:\/\/orthodoxalbania.org\/2020\/2009\/03\/19\/15-vjet-nga-pranimi-i-kishes-orthodhokse-autoqefale-te-shqiperise-ne-keshillit-boteror-te-kishave-wcc-2009\/","title":{"rendered":"15 vjet nga pranimi i Kish\u00ebs Orthodhokse Autoqefale t\u00eb Shqip\u00ebris\u00eb n\u00eb K\u00ebshillit Bot\u00ebror t\u00eb Kishave (WCC). (2009)"},"content":{"rendered":"<div style=\"text-align: justify;\"><span style=\"color: #000000; font-family: helvetica; font-size: 12pt;\"><span class=\"a\">&nbsp;&nbsp;&nbsp; N\u00eb 20 janar 1994 Komiteti Drejtues i K\u00ebshillit Bot\u00ebror t\u00eb Kishave, n\u00eb seanc\u00ebn plenare t\u00eb dit\u00ebs s\u00eb par\u00eb, votoi unanimisht p\u00ebr pranimin e Kish\u00ebs Orthodhokse Autoqefale t\u00eb Shqip\u00ebris\u00eb n\u00eb KBK (WCC).<\/p>\n<p> &nbsp; &nbsp; \u201cKisha Orthodhokse Autoqefale e Shqip\u00ebris\u00eb, theksoi n\u00eb p\u00ebrsh\u00ebndetjen e tij Kryepiskopi i Tiran\u00ebs dhe i gjith\u00eb Shqip\u00ebris\u00eb, Anastasi, ka qen\u00eb e angazhuar n\u00eb L\u00ebvizjen Ekumenike q\u00eb p\u00ebrpara Luft\u00ebs II Bot\u00ebrore dhe po t\u00eb mos e kishte nd\u00ebrprer\u00eb k\u00ebt\u00eb lidhje persekutimi ateist komunist, me siguri ajo do t\u00eb kishte qen\u00eb nd\u00ebr themeluesit e K\u00ebshillit Bot\u00ebror t\u00eb Kishave m\u00eb 1948.\u201d<\/p>\n<p> &nbsp;&nbsp;&nbsp; Pasi foli p\u00ebr gjendjen e Kish\u00ebs Orthodhokse Autoqefale t\u00eb Shqip\u00ebris\u00eb, Kryepiskopi Anastas theksoi, gjithashtu, faktin se, pavar\u00ebsisht se \u00ebsht\u00eb nj\u00eb nd\u00ebr kishat m\u00eb t\u00eb varfra t\u00eb K\u00ebshillit Bot\u00ebror t\u00eb Kishave, KOASH \u00ebsht\u00eb me t\u00eb v\u00ebrtet\u00eb Kisha e Ngjalljes, q\u00eb p\u00ebrb\u00ebn nj\u00eb faktor t\u00eb p\u00ebrhersh\u00ebm bashk\u00ebpunimi harmonik, pajtimi dhe paqeje, me pjes\u00ebmarrje t\u00eb gjall\u00eb n\u00eb shqet\u00ebsimet sociale, p\u00ebr nd\u00ebrtimin n\u00eb Shqip\u00ebri t\u00eb nj\u00eb shoq\u00ebrie t\u00eb drejt\u00ebsis\u00eb, t\u00eb liris\u00eb dhe dashuris\u00eb. Kisha Orthodhokse Autoqefale e Shqip\u00ebris\u00eb po b\u00ebn t\u00eb gjitha p\u00ebrpjekjet e mundshme t\u00eb bashkekzistenc\u00ebs paq\u00ebsore t\u00eb komuniteteve fetare n\u00eb rajonin e trazuar t\u00eb Ballkanit dhe merr pjes\u00eb gjall\u00ebrisht n\u00eb dialogun nd\u00ebrfetar bot\u00ebror.<\/span><\/span><br \/><span style=\"font-family: helvetica; font-size: 12pt;\"> &nbsp;<\/span><\/div>\n<div style=\"text-align: justify;\"><span style=\"color: #000000; font-family: helvetica; font-size: 12pt;\"><span class=\"a\"><em>&nbsp;&nbsp;&nbsp; &#8211; Komiteti Drejtues i KBK i zhvilloi punimet nga 20-28 janar 1994 n\u00eb Qendr\u00ebn Konferenciale \u201cEskom\u201d midis qyteteve Johanesburg dhe Pretoria.<\/em><\/span><\/span><\/div>\n<div style=\"text-align: justify;\"><span style=\"font-family: helvetica; font-size: 12pt;\"><\/span><\/div>\n<div class=\"a\" style=\"text-align: center;\"><span style=\"color: #b22222; font-family: helvetica; font-size: 12pt;\"><span class=\"a\"><span class=\"yli\"><strong>&nbsp;&nbsp;&nbsp;&nbsp;&nbsp;&nbsp;&nbsp;&nbsp;&nbsp;&nbsp;&nbsp;&nbsp;&nbsp;&nbsp;&nbsp;&nbsp;&nbsp;&nbsp;&nbsp;&nbsp;&nbsp;&nbsp;&nbsp;&nbsp;&nbsp;&nbsp;&nbsp;&nbsp;&nbsp;&nbsp;&nbsp;&nbsp;&nbsp;&nbsp;&nbsp;&nbsp;&nbsp;&nbsp;&nbsp;&nbsp;&nbsp;&nbsp;&nbsp;&nbsp;&nbsp;&nbsp;&nbsp;&nbsp;&nbsp;&nbsp;&nbsp;&nbsp;&nbsp;&nbsp;&nbsp;&nbsp;&nbsp;&nbsp;&nbsp;&nbsp;&nbsp;&nbsp;&nbsp;&nbsp;&nbsp;&nbsp;&nbsp;&nbsp;&nbsp;&nbsp;&nbsp;&nbsp;&nbsp;&nbsp;&nbsp;&nbsp;&nbsp;&nbsp;&nbsp;&nbsp;&nbsp;&nbsp;&nbsp;&nbsp; *&nbsp;&nbsp; *&nbsp;&nbsp; *<\/strong><\/span>&nbsp;&nbsp;&nbsp;&nbsp;&nbsp;&nbsp;&nbsp;&nbsp;&nbsp;&nbsp;&nbsp;&nbsp;&nbsp;&nbsp;&nbsp;&nbsp;&nbsp;&nbsp;&nbsp;&nbsp;&nbsp;&nbsp;&nbsp;&nbsp;&nbsp;&nbsp;&nbsp;&nbsp;&nbsp;&nbsp;&nbsp;&nbsp;&nbsp;&nbsp;&nbsp;&nbsp;&nbsp;&nbsp;&nbsp;&nbsp;&nbsp;&nbsp;&nbsp;&nbsp;&nbsp;&nbsp;&nbsp;&nbsp;&nbsp;&nbsp;&nbsp;&nbsp;&nbsp;&nbsp;&nbsp;&nbsp;&nbsp;&nbsp;&nbsp;&nbsp;&nbsp;&nbsp;&nbsp;&nbsp;&nbsp;&nbsp;&nbsp;&nbsp;&nbsp;&nbsp;&nbsp;&nbsp;&nbsp;&nbsp;&nbsp;&nbsp;&nbsp;&nbsp;&nbsp;&nbsp;&nbsp;&nbsp;&nbsp;&nbsp;&nbsp; &nbsp; &nbsp; &nbsp; &nbsp; <\/span><\/span><\/div>\n<div class=\"a\" style=\"text-align: justify;\"><span style=\"color: #000000; font-family: helvetica; font-size: 12pt;\"> <span class=\"a\"><em>&nbsp;&nbsp;&nbsp; Rev. Dr. Konrad Raiser ish-Sekretar i P\u00ebrgjithsh\u00ebm, i K\u00ebshillit Bot\u00ebror t\u00eb Kishave, i zgjedhur n\u00eb k\u00ebt\u00eb post n\u00eb gusht 1992, gjat\u00eb punimeve t\u00eb Komitetit Drejtues t\u00eb KBK (WCC) n\u00eb Johanesburg, dha nj\u00eb intervist\u00eb, ku nd\u00ebr t\u00eb tjera tha: <\/em><br \/> &nbsp; &nbsp;<\/span><\/span><\/div>\n<div class=\"a\" style=\"text-align: justify;\"><span style=\"color: #000000; font-family: helvetica; font-size: 12pt;\"><span class=\"a\">&nbsp;&nbsp;&nbsp; \u201c\u00c7far\u00eb \u00ebsht\u00eb p\u00ebr familjen e madhe Ekumenike an\u00ebtar\u00ebsimi n\u00eb t\u00eb i Kish\u00ebs Orthodhokse Autoqefale t\u00eb Shqip\u00ebris\u00eb?<\/p>\n<p> &nbsp;&nbsp;&nbsp; &#8211; Para s\u00eb gjithash, ky an\u00ebtar\u00ebsim \u00ebsht\u00eb p\u00ebr ne nj\u00eb rast g\u00ebzimi dhe fal\u00ebnderimi, sepse, ashtu si\u00e7 tha Kryepiskopi Anastas n\u00eb p\u00ebrsh\u00ebndetjen pas vendimit, Kisha Orthodhokse Autoqefale e Shqip\u00ebris\u00eb do t\u00eb kishte qen\u00eb an\u00ebtare e K\u00ebshillit Bot\u00ebror t\u00eb Kishave po t\u00eb mos ish penguar nga situatat politike. Kisha Orthodhokse Autoqefale e Shqip\u00ebris\u00eb qe e angazhuar n\u00eb punimet e l\u00ebvizjes \u201cBesim dhe Rend\u201d para themelimit t\u00eb K\u00ebshillit Bot\u00ebror t\u00eb Kishave. Fakti se nj\u00eb Kish\u00eb e cila kishte rr\u00ebnj\u00eb dhe lidhje kaq t\u00eb hershme me L\u00ebvizjen Ekumenike mund t\u00eb an\u00ebtar\u00ebsohet me t\u00eb drejta t\u00eb plota, \u00ebsht\u00eb p\u00ebr ne nj\u00eb shenj\u00eb, nj\u00eb burim g\u00ebzimi dhe fal\u00ebnderimi.<\/p>\n<p> <span class=\"a\">&nbsp;&nbsp;&nbsp; Ky an\u00ebtar\u00ebsim do t\u00eb thot\u00eb se tashm\u00eb Kisha juaj mund t\u00eb marr\u00eb pjes\u00eb plot\u00ebsisht dhe mund t\u00eb hyj\u00eb n\u00eb mb\u00ebshtetjen e nd\u00ebrsjell\u00eb dhe ndarjen e burimeve q\u00eb karakterizon pun\u00ebn e K\u00ebshillit Bot\u00ebror t\u00eb Kishave. Mendoj se nuk do t\u00eb ndryshojn\u00eb ndjesh\u00ebm marr\u00ebdh\u00ebniet q\u00eb kemi me ju n\u00eb m\u00ebnyra t\u00eb ndryshme, sepse edhe p\u00ebrpara k\u00ebtij vendimi marr\u00ebdh\u00ebniet e K\u00ebshillit Bot\u00ebror t\u00eb Kishave me Kish\u00ebn Orthodhokse Autoqefale t\u00eb Shqip\u00ebris\u00eb kan\u00eb qen\u00eb nj\u00ebsoj sikur qe an\u00ebtare e rregullt.\u201d<\/span><\/span><\/span><\/div>\n","protected":false},"excerpt":{"rendered":"<p>&nbsp;&nbsp;&nbsp; N\u00eb 20 janar 1994 Komiteti Drejtues i K\u00ebshillit Bot\u00ebror t\u00eb Kishave, n\u00eb seanc\u00ebn plenare t\u00eb dit\u00ebs s\u00eb par\u00eb, votoi unanimisht p\u00ebr pranimin e Kish\u00ebs Orthodhokse Autoqefale t\u00eb Shqip\u00ebris\u00eb n\u00eb KBK (WCC). &nbsp; &nbsp; \u201cKisha Orthodhokse Autoqefale e Shqip\u00ebris\u00eb, theksoi n\u00eb p\u00ebrsh\u00ebndetjen e tij Kryepiskopi i Tiran\u00ebs dhe i gjith\u00eb Shqip\u00ebris\u00eb, Anastasi, ka qen\u00eb e angazhuar n\u00eb L\u00ebvizjen Ekumenike q\u00eb p\u00ebrpara Luft\u00ebs II Bot\u00ebrore dhe<\/p>\n","protected":false},"author":1,"featured_media":0,"comment_status":"open","ping_status":"open","sticky":false,"template":"","format":"standard","meta":{"_acf_changed":false,"pagelayer_contact_templates":[],"_pagelayer_content":"","inline_featured_image":false,"fifu_image_url":"","fifu_image_alt":"","footnotes":""},"categories":[108],"tags":[145,153,196,212],"class_list":["post-223","post","type-post","status-publish","format-standard","hentry","category-lajme","tag-145","tag-deklarata-njoftime-zyrtare-d75","tag-tirane","tag-lajme-d27"],"acf":[],"yoast_head":"<!-- This site is optimized with the Yoast SEO plugin v27.2 - https:\/\/yoast.com\/product\/yoast-seo-wordpress\/ -->\n<title>15 vjet nga pranimi i Kish\u00ebs Orthodhokse Autoqefale t\u00eb Shqip\u00ebris\u00eb n\u00eb K\u00ebshillit Bot\u00ebror t\u00eb Kishave (WCC). (2009) - Kisha Orthodh\u03bfkse Autoqefale e Shqip\u00ebris\u00eb<\/title>\n<meta name=\"robots\" content=\"index, follow, max-snippet:-1, max-image-preview:large, max-video-preview:-1\" \/>\n<link rel=\"canonical\" href=\"https:\/\/orthodoxalbania.org\/2020\/2009\/03\/19\/15-vjet-nga-pranimi-i-kishes-orthodhokse-autoqefale-te-shqiperise-ne-keshillit-boteror-te-kishave-wcc-2009\/\" \/>\n<meta property=\"og:locale\" content=\"en_US\" \/>\n<meta property=\"og:type\" content=\"article\" \/>\n<meta property=\"og:title\" content=\"15 vjet nga pranimi i Kish\u00ebs Orthodhokse Autoqefale t\u00eb Shqip\u00ebris\u00eb n\u00eb K\u00ebshillit Bot\u00ebror t\u00eb Kishave (WCC). (2009) - Kisha Orthodh\u03bfkse Autoqefale e Shqip\u00ebris\u00eb\" \/>\n<meta property=\"og:description\" content=\"&nbsp;&nbsp;&nbsp; N\u00eb 20 janar 1994 Komiteti Drejtues i K\u00ebshillit Bot\u00ebror t\u00eb Kishave, n\u00eb seanc\u00ebn plenare t\u00eb dit\u00ebs s\u00eb par\u00eb, votoi unanimisht p\u00ebr pranimin e Kish\u00ebs Orthodhokse Autoqefale t\u00eb Shqip\u00ebris\u00eb n\u00eb KBK (WCC). &nbsp; &nbsp; \u201cKisha Orthodhokse Autoqefale e Shqip\u00ebris\u00eb, theksoi n\u00eb p\u00ebrsh\u00ebndetjen e tij Kryepiskopi i Tiran\u00ebs dhe i gjith\u00eb Shqip\u00ebris\u00eb, Anastasi, ka qen\u00eb e angazhuar n\u00eb L\u00ebvizjen Ekumenike q\u00eb p\u00ebrpara Luft\u00ebs II Bot\u00ebrore dhe\" \/>\n<meta property=\"og:url\" content=\"https:\/\/orthodoxalbania.org\/2020\/2009\/03\/19\/15-vjet-nga-pranimi-i-kishes-orthodhokse-autoqefale-te-shqiperise-ne-keshillit-boteror-te-kishave-wcc-2009\/\" \/>\n<meta property=\"og:site_name\" content=\"Kisha Orthodh\u03bfkse Autoqefale e Shqip\u00ebris\u00eb\" \/>\n<meta property=\"article:publisher\" content=\"https:\/\/www.facebook.com\/koash1991\" \/>\n<meta property=\"article:published_time\" content=\"2009-03-19T00:00:00+00:00\" \/>\n<meta property=\"article:modified_time\" content=\"2020-04-06T20:32:36+00:00\" \/>\n<meta property=\"og:image\" content=\"https:\/\/orthodoxalbania.org\/2020\/wp-content\/uploads\/2021\/02\/LogoLastALb-200.png\" \/>\n\t<meta property=\"og:image:width\" content=\"200\" \/>\n\t<meta property=\"og:image:height\" content=\"172\" \/>\n\t<meta property=\"og:image:type\" content=\"image\/png\" \/>\n<meta name=\"author\" content=\"Kisha Orthodhokse\" \/>\n<meta name=\"twitter:card\" content=\"summary_large_image\" \/>\n<meta name=\"twitter:label1\" content=\"Written by\" \/>\n\t<meta name=\"twitter:data1\" content=\"Kisha Orthodhokse\" \/>\n\t<meta name=\"twitter:label2\" content=\"Est. reading time\" \/>\n\t<meta name=\"twitter:data2\" content=\"4 minutes\" \/>\n<script type=\"application\/ld+json\" class=\"yoast-schema-graph\">{\"@context\":\"https:\/\/schema.org\",\"@graph\":[{\"@type\":\"Article\",\"@id\":\"https:\/\/orthodoxalbania.org\/2020\/2009\/03\/19\/15-vjet-nga-pranimi-i-kishes-orthodhokse-autoqefale-te-shqiperise-ne-keshillit-boteror-te-kishave-wcc-2009\/#article\",\"isPartOf\":{\"@id\":\"https:\/\/orthodoxalbania.org\/2020\/2009\/03\/19\/15-vjet-nga-pranimi-i-kishes-orthodhokse-autoqefale-te-shqiperise-ne-keshillit-boteror-te-kishave-wcc-2009\/\"},\"author\":{\"name\":\"Kisha Orthodhokse\",\"@id\":\"https:\/\/orthodoxalbania.org\/2020\/#\/schema\/person\/0c387634a7063ac612d7ed9ce71c7e86\"},\"headline\":\"15 vjet nga pranimi i Kish\u00ebs Orthodhokse Autoqefale t\u00eb Shqip\u00ebris\u00eb n\u00eb K\u00ebshillit Bot\u00ebror t\u00eb Kishave (WCC). (2009)\",\"datePublished\":\"2009-03-19T00:00:00+00:00\",\"dateModified\":\"2020-04-06T20:32:36+00:00\",\"mainEntityOfPage\":{\"@id\":\"https:\/\/orthodoxalbania.org\/2020\/2009\/03\/19\/15-vjet-nga-pranimi-i-kishes-orthodhokse-autoqefale-te-shqiperise-ne-keshillit-boteror-te-kishave-wcc-2009\/\"},\"wordCount\":765,\"commentCount\":0,\"publisher\":{\"@id\":\"https:\/\/orthodoxalbania.org\/2020\/#organization\"},\"keywords\":[\"2009\",\"Deklarata - Njoftime Zyrtare\",\"Kryepiskopata Tiran\u00eb\",\"lajme\"],\"articleSection\":[\"Lajme\"],\"inLanguage\":\"en-US\"},{\"@type\":\"WebPage\",\"@id\":\"https:\/\/orthodoxalbania.org\/2020\/2009\/03\/19\/15-vjet-nga-pranimi-i-kishes-orthodhokse-autoqefale-te-shqiperise-ne-keshillit-boteror-te-kishave-wcc-2009\/\",\"url\":\"https:\/\/orthodoxalbania.org\/2020\/2009\/03\/19\/15-vjet-nga-pranimi-i-kishes-orthodhokse-autoqefale-te-shqiperise-ne-keshillit-boteror-te-kishave-wcc-2009\/\",\"name\":\"15 vjet nga pranimi i Kish\u00ebs Orthodhokse Autoqefale t\u00eb Shqip\u00ebris\u00eb n\u00eb K\u00ebshillit Bot\u00ebror t\u00eb Kishave (WCC). (2009) - Kisha Orthodh\u03bfkse Autoqefale e Shqip\u00ebris\u00eb\",\"isPartOf\":{\"@id\":\"https:\/\/orthodoxalbania.org\/2020\/#website\"},\"datePublished\":\"2009-03-19T00:00:00+00:00\",\"dateModified\":\"2020-04-06T20:32:36+00:00\",\"breadcrumb\":{\"@id\":\"https:\/\/orthodoxalbania.org\/2020\/2009\/03\/19\/15-vjet-nga-pranimi-i-kishes-orthodhokse-autoqefale-te-shqiperise-ne-keshillit-boteror-te-kishave-wcc-2009\/#breadcrumb\"},\"inLanguage\":\"en-US\",\"potentialAction\":[{\"@type\":\"ReadAction\",\"target\":[\"https:\/\/orthodoxalbania.org\/2020\/2009\/03\/19\/15-vjet-nga-pranimi-i-kishes-orthodhokse-autoqefale-te-shqiperise-ne-keshillit-boteror-te-kishave-wcc-2009\/\"]}]},{\"@type\":\"BreadcrumbList\",\"@id\":\"https:\/\/orthodoxalbania.org\/2020\/2009\/03\/19\/15-vjet-nga-pranimi-i-kishes-orthodhokse-autoqefale-te-shqiperise-ne-keshillit-boteror-te-kishave-wcc-2009\/#breadcrumb\",\"itemListElement\":[{\"@type\":\"ListItem\",\"position\":1,\"name\":\"Home\",\"item\":\"https:\/\/orthodoxalbania.org\/2020\/\"},{\"@type\":\"ListItem\",\"position\":2,\"name\":\"15 vjet nga pranimi i Kish\u00ebs Orthodhokse Autoqefale t\u00eb Shqip\u00ebris\u00eb n\u00eb K\u00ebshillit Bot\u00ebror t\u00eb Kishave (WCC). (2009)\"}]},{\"@type\":\"WebSite\",\"@id\":\"https:\/\/orthodoxalbania.org\/2020\/#website\",\"url\":\"https:\/\/orthodoxalbania.org\/2020\/\",\"name\":\"Kisha Orthodh\u03bfkse Autoqefale e Shqip\u00ebris\u00eb\",\"description\":\"Fqja Zyrtare e Kish\u00ebs Orthodhokse Autoqefale e Shqip\u00ebris\u00eb me lajmet edhe informacionet zyrtare p\u00ebr struktur\u00ebn edhe veprimtarin e saj.\",\"publisher\":{\"@id\":\"https:\/\/orthodoxalbania.org\/2020\/#organization\"},\"potentialAction\":[{\"@type\":\"SearchAction\",\"target\":{\"@type\":\"EntryPoint\",\"urlTemplate\":\"https:\/\/orthodoxalbania.org\/2020\/?s={search_term_string}\"},\"query-input\":{\"@type\":\"PropertyValueSpecification\",\"valueRequired\":true,\"valueName\":\"search_term_string\"}}],\"inLanguage\":\"en-US\"},{\"@type\":\"Organization\",\"@id\":\"https:\/\/orthodoxalbania.org\/2020\/#organization\",\"name\":\"Kisha Orthodhokse Autoqefale e Shqip\u00ebris\u00eb\",\"url\":\"https:\/\/orthodoxalbania.org\/2020\/\",\"logo\":{\"@type\":\"ImageObject\",\"inLanguage\":\"en-US\",\"@id\":\"https:\/\/orthodoxalbania.org\/2020\/#\/schema\/logo\/image\/\",\"url\":\"https:\/\/orthodoxalbania.org\/2020\/wp-content\/uploads\/2020\/05\/albania.jpeg\",\"contentUrl\":\"https:\/\/orthodoxalbania.org\/2020\/wp-content\/uploads\/2020\/05\/albania.jpeg\",\"width\":540,\"height\":540,\"caption\":\"Kisha Orthodhokse Autoqefale e Shqip\u00ebris\u00eb\"},\"image\":{\"@id\":\"https:\/\/orthodoxalbania.org\/2020\/#\/schema\/logo\/image\/\"},\"sameAs\":[\"https:\/\/www.facebook.com\/koash1991\"]},{\"@type\":\"Person\",\"@id\":\"https:\/\/orthodoxalbania.org\/2020\/#\/schema\/person\/0c387634a7063ac612d7ed9ce71c7e86\",\"name\":\"Kisha Orthodhokse\",\"image\":{\"@type\":\"ImageObject\",\"inLanguage\":\"en-US\",\"@id\":\"https:\/\/secure.gravatar.com\/avatar\/596e7c417251e30f2fbb9c00e026fce61a695a00e51c889caded71c96cbbdde5?s=96&d=mm&r=g\",\"url\":\"https:\/\/secure.gravatar.com\/avatar\/596e7c417251e30f2fbb9c00e026fce61a695a00e51c889caded71c96cbbdde5?s=96&d=mm&r=g\",\"contentUrl\":\"https:\/\/secure.gravatar.com\/avatar\/596e7c417251e30f2fbb9c00e026fce61a695a00e51c889caded71c96cbbdde5?s=96&d=mm&r=g\",\"caption\":\"Kisha Orthodhokse\"}}]}<\/script>\n<!-- \/ Yoast SEO plugin. -->","yoast_head_json":{"title":"15 vjet nga pranimi i Kish\u00ebs Orthodhokse Autoqefale t\u00eb Shqip\u00ebris\u00eb n\u00eb K\u00ebshillit Bot\u00ebror t\u00eb Kishave (WCC). (2009) - Kisha Orthodh\u03bfkse Autoqefale e Shqip\u00ebris\u00eb","robots":{"index":"index","follow":"follow","max-snippet":"max-snippet:-1","max-image-preview":"max-image-preview:large","max-video-preview":"max-video-preview:-1"},"canonical":"https:\/\/orthodoxalbania.org\/2020\/2009\/03\/19\/15-vjet-nga-pranimi-i-kishes-orthodhokse-autoqefale-te-shqiperise-ne-keshillit-boteror-te-kishave-wcc-2009\/","og_locale":"en_US","og_type":"article","og_title":"15 vjet nga pranimi i Kish\u00ebs Orthodhokse Autoqefale t\u00eb Shqip\u00ebris\u00eb n\u00eb K\u00ebshillit Bot\u00ebror t\u00eb Kishave (WCC). (2009) - Kisha Orthodh\u03bfkse Autoqefale e Shqip\u00ebris\u00eb","og_description":"&nbsp;&nbsp;&nbsp; N\u00eb 20 janar 1994 Komiteti Drejtues i K\u00ebshillit Bot\u00ebror t\u00eb Kishave, n\u00eb seanc\u00ebn plenare t\u00eb dit\u00ebs s\u00eb par\u00eb, votoi unanimisht p\u00ebr pranimin e Kish\u00ebs Orthodhokse Autoqefale t\u00eb Shqip\u00ebris\u00eb n\u00eb KBK (WCC). &nbsp; &nbsp; \u201cKisha Orthodhokse Autoqefale e Shqip\u00ebris\u00eb, theksoi n\u00eb p\u00ebrsh\u00ebndetjen e tij Kryepiskopi i Tiran\u00ebs dhe i gjith\u00eb Shqip\u00ebris\u00eb, Anastasi, ka qen\u00eb e angazhuar n\u00eb L\u00ebvizjen Ekumenike q\u00eb p\u00ebrpara Luft\u00ebs II Bot\u00ebrore dhe","og_url":"https:\/\/orthodoxalbania.org\/2020\/2009\/03\/19\/15-vjet-nga-pranimi-i-kishes-orthodhokse-autoqefale-te-shqiperise-ne-keshillit-boteror-te-kishave-wcc-2009\/","og_site_name":"Kisha Orthodh\u03bfkse Autoqefale e Shqip\u00ebris\u00eb","article_publisher":"https:\/\/www.facebook.com\/koash1991","article_published_time":"2009-03-19T00:00:00+00:00","article_modified_time":"2020-04-06T20:32:36+00:00","og_image":[{"width":200,"height":172,"url":"https:\/\/orthodoxalbania.org\/2020\/wp-content\/uploads\/2021\/02\/LogoLastALb-200.png","type":"image\/png"}],"author":"Kisha Orthodhokse","twitter_card":"summary_large_image","twitter_misc":{"Written by":"Kisha Orthodhokse","Est. reading time":"4 minutes"},"schema":{"@context":"https:\/\/schema.org","@graph":[{"@type":"Article","@id":"https:\/\/orthodoxalbania.org\/2020\/2009\/03\/19\/15-vjet-nga-pranimi-i-kishes-orthodhokse-autoqefale-te-shqiperise-ne-keshillit-boteror-te-kishave-wcc-2009\/#article","isPartOf":{"@id":"https:\/\/orthodoxalbania.org\/2020\/2009\/03\/19\/15-vjet-nga-pranimi-i-kishes-orthodhokse-autoqefale-te-shqiperise-ne-keshillit-boteror-te-kishave-wcc-2009\/"},"author":{"name":"Kisha Orthodhokse","@id":"https:\/\/orthodoxalbania.org\/2020\/#\/schema\/person\/0c387634a7063ac612d7ed9ce71c7e86"},"headline":"15 vjet nga pranimi i Kish\u00ebs Orthodhokse Autoqefale t\u00eb Shqip\u00ebris\u00eb n\u00eb K\u00ebshillit Bot\u00ebror t\u00eb Kishave (WCC). (2009)","datePublished":"2009-03-19T00:00:00+00:00","dateModified":"2020-04-06T20:32:36+00:00","mainEntityOfPage":{"@id":"https:\/\/orthodoxalbania.org\/2020\/2009\/03\/19\/15-vjet-nga-pranimi-i-kishes-orthodhokse-autoqefale-te-shqiperise-ne-keshillit-boteror-te-kishave-wcc-2009\/"},"wordCount":765,"commentCount":0,"publisher":{"@id":"https:\/\/orthodoxalbania.org\/2020\/#organization"},"keywords":["2009","Deklarata - Njoftime Zyrtare","Kryepiskopata Tiran\u00eb","lajme"],"articleSection":["Lajme"],"inLanguage":"en-US"},{"@type":"WebPage","@id":"https:\/\/orthodoxalbania.org\/2020\/2009\/03\/19\/15-vjet-nga-pranimi-i-kishes-orthodhokse-autoqefale-te-shqiperise-ne-keshillit-boteror-te-kishave-wcc-2009\/","url":"https:\/\/orthodoxalbania.org\/2020\/2009\/03\/19\/15-vjet-nga-pranimi-i-kishes-orthodhokse-autoqefale-te-shqiperise-ne-keshillit-boteror-te-kishave-wcc-2009\/","name":"15 vjet nga pranimi i Kish\u00ebs Orthodhokse Autoqefale t\u00eb Shqip\u00ebris\u00eb n\u00eb K\u00ebshillit Bot\u00ebror t\u00eb Kishave (WCC). (2009) - Kisha Orthodh\u03bfkse Autoqefale e Shqip\u00ebris\u00eb","isPartOf":{"@id":"https:\/\/orthodoxalbania.org\/2020\/#website"},"datePublished":"2009-03-19T00:00:00+00:00","dateModified":"2020-04-06T20:32:36+00:00","breadcrumb":{"@id":"https:\/\/orthodoxalbania.org\/2020\/2009\/03\/19\/15-vjet-nga-pranimi-i-kishes-orthodhokse-autoqefale-te-shqiperise-ne-keshillit-boteror-te-kishave-wcc-2009\/#breadcrumb"},"inLanguage":"en-US","potentialAction":[{"@type":"ReadAction","target":["https:\/\/orthodoxalbania.org\/2020\/2009\/03\/19\/15-vjet-nga-pranimi-i-kishes-orthodhokse-autoqefale-te-shqiperise-ne-keshillit-boteror-te-kishave-wcc-2009\/"]}]},{"@type":"BreadcrumbList","@id":"https:\/\/orthodoxalbania.org\/2020\/2009\/03\/19\/15-vjet-nga-pranimi-i-kishes-orthodhokse-autoqefale-te-shqiperise-ne-keshillit-boteror-te-kishave-wcc-2009\/#breadcrumb","itemListElement":[{"@type":"ListItem","position":1,"name":"Home","item":"https:\/\/orthodoxalbania.org\/2020\/"},{"@type":"ListItem","position":2,"name":"15 vjet nga pranimi i Kish\u00ebs Orthodhokse Autoqefale t\u00eb Shqip\u00ebris\u00eb n\u00eb K\u00ebshillit Bot\u00ebror t\u00eb Kishave (WCC). (2009)"}]},{"@type":"WebSite","@id":"https:\/\/orthodoxalbania.org\/2020\/#website","url":"https:\/\/orthodoxalbania.org\/2020\/","name":"Kisha Orthodh\u03bfkse Autoqefale e Shqip\u00ebris\u00eb","description":"Fqja Zyrtare e Kish\u00ebs Orthodhokse Autoqefale e Shqip\u00ebris\u00eb me lajmet edhe informacionet zyrtare p\u00ebr struktur\u00ebn edhe veprimtarin e saj.","publisher":{"@id":"https:\/\/orthodoxalbania.org\/2020\/#organization"},"potentialAction":[{"@type":"SearchAction","target":{"@type":"EntryPoint","urlTemplate":"https:\/\/orthodoxalbania.org\/2020\/?s={search_term_string}"},"query-input":{"@type":"PropertyValueSpecification","valueRequired":true,"valueName":"search_term_string"}}],"inLanguage":"en-US"},{"@type":"Organization","@id":"https:\/\/orthodoxalbania.org\/2020\/#organization","name":"Kisha Orthodhokse Autoqefale e Shqip\u00ebris\u00eb","url":"https:\/\/orthodoxalbania.org\/2020\/","logo":{"@type":"ImageObject","inLanguage":"en-US","@id":"https:\/\/orthodoxalbania.org\/2020\/#\/schema\/logo\/image\/","url":"https:\/\/orthodoxalbania.org\/2020\/wp-content\/uploads\/2020\/05\/albania.jpeg","contentUrl":"https:\/\/orthodoxalbania.org\/2020\/wp-content\/uploads\/2020\/05\/albania.jpeg","width":540,"height":540,"caption":"Kisha Orthodhokse Autoqefale e Shqip\u00ebris\u00eb"},"image":{"@id":"https:\/\/orthodoxalbania.org\/2020\/#\/schema\/logo\/image\/"},"sameAs":["https:\/\/www.facebook.com\/koash1991"]},{"@type":"Person","@id":"https:\/\/orthodoxalbania.org\/2020\/#\/schema\/person\/0c387634a7063ac612d7ed9ce71c7e86","name":"Kisha Orthodhokse","image":{"@type":"ImageObject","inLanguage":"en-US","@id":"https:\/\/secure.gravatar.com\/avatar\/596e7c417251e30f2fbb9c00e026fce61a695a00e51c889caded71c96cbbdde5?s=96&d=mm&r=g","url":"https:\/\/secure.gravatar.com\/avatar\/596e7c417251e30f2fbb9c00e026fce61a695a00e51c889caded71c96cbbdde5?s=96&d=mm&r=g","contentUrl":"https:\/\/secure.gravatar.com\/avatar\/596e7c417251e30f2fbb9c00e026fce61a695a00e51c889caded71c96cbbdde5?s=96&d=mm&r=g","caption":"Kisha Orthodhokse"}}]}},"_links":{"self":[{"href":"https:\/\/orthodoxalbania.org\/2020\/wp-json\/wp\/v2\/posts\/223","targetHints":{"allow":["GET"]}}],"collection":[{"href":"https:\/\/orthodoxalbania.org\/2020\/wp-json\/wp\/v2\/posts"}],"about":[{"href":"https:\/\/orthodoxalbania.org\/2020\/wp-json\/wp\/v2\/types\/post"}],"author":[{"embeddable":true,"href":"https:\/\/orthodoxalbania.org\/2020\/wp-json\/wp\/v2\/users\/1"}],"replies":[{"embeddable":true,"href":"https:\/\/orthodoxalbania.org\/2020\/wp-json\/wp\/v2\/comments?post=223"}],"version-history":[{"count":1,"href":"https:\/\/orthodoxalbania.org\/2020\/wp-json\/wp\/v2\/posts\/223\/revisions"}],"predecessor-version":[{"id":15550,"href":"https:\/\/orthodoxalbania.org\/2020\/wp-json\/wp\/v2\/posts\/223\/revisions\/15550"}],"wp:attachment":[{"href":"https:\/\/orthodoxalbania.org\/2020\/wp-json\/wp\/v2\/media?parent=223"}],"wp:term":[{"taxonomy":"category","embeddable":true,"href":"https:\/\/orthodoxalbania.org\/2020\/wp-json\/wp\/v2\/categories?post=223"},{"taxonomy":"post_tag","embeddable":true,"href":"https:\/\/orthodoxalbania.org\/2020\/wp-json\/wp\/v2\/tags?post=223"}],"curies":[{"name":"wp","href":"https:\/\/api.w.org\/{rel}","templated":true}]}}