{"id":220,"date":"2006-02-26T00:00:12","date_gmt":"2006-02-26T00:00:12","guid":{"rendered":""},"modified":"2020-04-13T00:31:31","modified_gmt":"2020-04-12T22:31:31","slug":"13-american-orthodox-faithful-took-part-in-one-of-the-day-camps-run-by-our-church-august-2006","status":"publish","type":"post","link":"https:\/\/orthodoxalbania.org\/2020\/en\/2006\/02\/26\/13-american-orthodox-faithful-took-part-in-one-of-the-day-camps-run-by-our-church-august-2006\/","title":{"rendered":"13 American Orthodox faithful took part in one of the day camps run by our Church. (August 2006)"},"content":{"rendered":"<table id=\"AutoNumber1\" style=\"width: 735px; height: 1510px;\" border=\"0\">\n<tbody>\n<tr>\n<td>\n<div>&nbsp;<\/div>\n<\/td>\n<td>\n<table id=\"AutoNumber3\" border=\"0\">\n<tbody>\n<tr>\n<td rowspan=\"5\">\n<table id=\"AutoNumber4\" border=\"0\">\n<tbody>\n<tr>\n<td>\n<div><span style=\"color: #000000;\"><span style=\"font-family: tahoma,geneva,sans-serif;\"><span style=\"font-size: 12px;\"><img decoding=\"async\" class=\"lazyload HAa Eha\" style=\"border-width: 1px; border-style: solid; margin: 10px auto; display: block;\" alt=\"\" src=\"data:image\/svg+xml,%3Csvg%20xmlns%3D%27http%3A%2F%2Fwww.w3.org%2F2000%2Fsvg%27%20width%3D%27293%27%20height%3D%27219%27%20viewBox%3D%270%200%20293%20219%27%3E%3Crect%20width%3D%27293%27%20height%3D%27219%27%20fill-opacity%3D%220%22%2F%3E%3C%2Fsvg%3E\" data-orig-src=\"https:\/\/lh5.googleusercontent.com\/-s0TXw0Hv50Q\/VIgIAjUf58I\/AAAAAAAAFuA\/5ldZIx2Xu9Y\/w370-h277-no\/untitled1.jpg\" height=\"219\" width=\"293\" \/><\/span><\/span><\/span><\/div>\n<\/td>\n<td>\n<div style=\"text-align: justify;\"><span style=\"color: #000000;\"><span style=\"font-family: tahoma,geneva,sans-serif;\"><span style=\"font-size: 12px;\">&nbsp;&nbsp;&nbsp; Though they may not be missionaries, 13 American Orthodox faithful, who had come from different states of the USA joined together in Albania for a special mission. For two consecutive weeks they stayed in our country to lead a children\u2019s camp in the Albanian-American school \u201cProtagonists\u201d in Tirana.<\/span><\/span><\/span><\/div>\n<\/td>\n<\/tr>\n<tr>\n<td>\n<div style=\"text-align: justify;\"><span style=\"color: #000000;\"><span style=\"font-family: tahoma,geneva,sans-serif;\"><span style=\"font-size: 12px;\">&nbsp;&nbsp;&nbsp; They were of all ages and professions, from 15 \u2013 80 years, a combination of generations in a common mission. It was certainly a precious experience for many children of the capital city, who gained not only the main lessons about the Orthodox faith, but also a chance to practice advanced communication in the English language.<\/span><\/span><\/span><\/div>\n<\/td>\n<td>\n<div><span style=\"color: #000000;\"><span style=\"font-family: tahoma,geneva,sans-serif;\"><span style=\"font-size: 12px;\"><img decoding=\"async\" class=\"lazyload HAa Eha\" style=\"border-width: 1px; border-style: solid; margin: 10px auto; display: block;\" alt=\"\" src=\"data:image\/svg+xml,%3Csvg%20xmlns%3D%27http%3A%2F%2Fwww.w3.org%2F2000%2Fsvg%27%20width%3D%27274%27%20height%3D%27205%27%20viewBox%3D%270%200%20274%20205%27%3E%3Crect%20width%3D%27274%27%20height%3D%27205%27%20fill-opacity%3D%220%22%2F%3E%3C%2Fsvg%3E\" data-orig-src=\"https:\/\/lh4.googleusercontent.com\/-LKcRsPgxLGw\/VIgIA9krmOI\/AAAAAAAAFt8\/cLYLBW6N1Lg\/w370-h277-no\/untitled2.jpg\" height=\"205\" width=\"274\" \/><\/span><\/span><\/span><\/div>\n<\/td>\n<\/tr>\n<tr>\n<td>\n<div><span style=\"color: #000000;\"><span style=\"font-family: tahoma,geneva,sans-serif;\"><span style=\"font-size: 12px;\"><img decoding=\"async\" class=\"lazyload HAa Eha\" style=\"border-width: 1px; border-style: solid; margin: 10px auto; display: block;\" alt=\"\" src=\"data:image\/svg+xml,%3Csvg%20xmlns%3D%27http%3A%2F%2Fwww.w3.org%2F2000%2Fsvg%27%20width%3D%27270%27%20height%3D%27202%27%20viewBox%3D%270%200%20270%20202%27%3E%3Crect%20width%3D%27270%27%20height%3D%27202%27%20fill-opacity%3D%220%22%2F%3E%3C%2Fsvg%3E\" data-orig-src=\"https:\/\/lh6.googleusercontent.com\/-22pEpNXeuGY\/VIgIA7RfEcI\/AAAAAAAAFt4\/9STo5ndix1g\/w370-h277-no\/untitled3.jpg\" height=\"202\" width=\"270\" \/><\/span><\/span><\/span><\/div>\n<\/td>\n<td>\n<div style=\"text-align: justify;\"><span style=\"color: #000000;\"><span style=\"font-family: tahoma,geneva,sans-serif;\"><span style=\"font-size: 12px;\">&nbsp;&nbsp;&nbsp; Every day in the first two weeks of August, the American friends spent 4 enjoyable hours with Albanian children. The program included everything; educational, cultural and recreational activities, and walks around the hills near the artificial lake. The beautiful nature around Protagonists school made the time at this day camp even more enjoyable.<\/span><\/span><\/span><\/div>\n<\/td>\n<\/tr>\n<tr>\n<td>\n<div style=\"text-align: justify;\"><span style=\"color: #000000;\"><span style=\"font-family: tahoma,geneva,sans-serif;\"><span style=\"font-size: 12px;\">&nbsp;&nbsp;&nbsp; The last day was reserved for a special festival from the staff in cooperation with the 40 children from this camp. For more than an hour they performed in the schoolyard at Protagonists for the parents. The show included songs, drama and more in Albanian and English. The 13 American Orthodox also focused their attentions on the children\u2019s \u201cHome of Hope\u201d in Shen Vlash near Durres.<\/span><\/span><\/span><\/div>\n<\/td>\n<td>\n<div><span style=\"color: #000000;\"><span style=\"font-family: tahoma,geneva,sans-serif;\"><span style=\"font-size: 12px;\"><img decoding=\"async\" class=\"lazyload HAa Eha\" style=\"border-width: 1px; border-style: solid; margin: 10px auto; display: block;\" alt=\"\" src=\"data:image\/svg+xml,%3Csvg%20xmlns%3D%27http%3A%2F%2Fwww.w3.org%2F2000%2Fsvg%27%20width%3D%27293%27%20height%3D%27219%27%20viewBox%3D%270%200%20293%20219%27%3E%3Crect%20width%3D%27293%27%20height%3D%27219%27%20fill-opacity%3D%220%22%2F%3E%3C%2Fsvg%3E\" data-orig-src=\"https:\/\/lh4.googleusercontent.com\/-ZF0sJqo-AmU\/VIgIBNmc_oI\/AAAAAAAAFtw\/YlBG0eeLyOE\/w370-h277-no\/untitled4.jpg\" height=\"219\" width=\"293\" \/><\/span><\/span><\/span><\/div>\n<\/td>\n<\/tr>\n<tr>\n<td>\n<div><span style=\"color: #000000;\"><span style=\"font-family: tahoma,geneva,sans-serif;\"><span style=\"font-size: 12px;\"><img decoding=\"async\" class=\"lazyload HAa Eha\" style=\"border-width: 1px; border-style: solid; margin: 10px auto; display: block;\" alt=\"\" src=\"data:image\/svg+xml,%3Csvg%20xmlns%3D%27http%3A%2F%2Fwww.w3.org%2F2000%2Fsvg%27%20width%3D%27294%27%20height%3D%27220%27%20viewBox%3D%270%200%20294%20220%27%3E%3Crect%20width%3D%27294%27%20height%3D%27220%27%20fill-opacity%3D%220%22%2F%3E%3C%2Fsvg%3E\" data-orig-src=\"https:\/\/lh6.googleusercontent.com\/-xLiXeaiFXto\/VIgIBde14gI\/AAAAAAAAFts\/LYdAqDLU4LY\/w370-h277-no\/untitled5.jpg\" height=\"220\" width=\"294\" \/><\/span><\/span><\/span><\/div>\n<\/td>\n<td>\n<div style=\"text-align: justify;\"><span style=\"color: #000000;\"><span style=\"font-family: tahoma,geneva,sans-serif;\"><span style=\"font-size: 12px;\">&nbsp;&nbsp;&nbsp; In this warm family atmosphere, the children of this house experienced some unforgettable moments. The Orthodox youth of the capital city also enjoyed a special time when they hosted a dinner in the \u201cBethlehem\u201d youth home where they discussed the various activities organized by the Church in Albania and America. They also sang and danced together.<\/span><\/span><\/span><\/div>\n<\/td>\n<\/tr>\n<tr>\n<td>\n<div style=\"text-align: justify;\"><span style=\"color: #000000;\"><span style=\"font-family: tahoma,geneva,sans-serif;\"><span style=\"font-size: 12px;\">&nbsp;&nbsp;&nbsp; Those who came from America also greatly valued their time in Albania, and they thanked the organizers and the Albanian hosts. Among these was Archbishop Anastasios who attended to the welfare of this camp, as well as to the accommodations and care for the 13 co-workers who had come especially to help in this camp organized by our Church.<\/span><\/span><\/span><\/div>\n<\/td>\n<td>\n<div><span style=\"color: #000000;\"><span style=\"font-family: tahoma,geneva,sans-serif;\"><span style=\"font-size: 12px;\"><img decoding=\"async\" class=\"lazyload HAa Eha\" style=\"border-width: 1px; border-style: solid; margin: 10px auto; display: block;\" alt=\"\" src=\"data:image\/svg+xml,%3Csvg%20xmlns%3D%27http%3A%2F%2Fwww.w3.org%2F2000%2Fsvg%27%20width%3D%27306%27%20height%3D%27229%27%20viewBox%3D%270%200%20306%20229%27%3E%3Crect%20width%3D%27306%27%20height%3D%27229%27%20fill-opacity%3D%220%22%2F%3E%3C%2Fsvg%3E\" data-orig-src=\"https:\/\/lh6.googleusercontent.com\/-4k9oteyaweI\/VIgIBv6C4EI\/AAAAAAAAFt0\/pTNuHrRrYrE\/w370-h277-no\/untitled6.jpg\" height=\"229\" width=\"306\" \/><\/span><\/span><\/span><\/div>\n<\/td>\n<\/tr>\n<tr>\n<td>\n<div>&nbsp;<\/div>\n<\/td>\n<td>\n<div>&nbsp;<\/div>\n<\/td>\n<\/tr>\n<\/tbody>\n<\/table>\n<div style=\"margin-left: 4.5in;\"><span style=\"color: #000000;\"><span style=\"font-family: tahoma,geneva,sans-serif;\"><span style=\"font-size: 12px;\">&nbsp;&nbsp;&nbsp;&nbsp;&nbsp;&nbsp;&nbsp;&nbsp;&nbsp;&nbsp;&nbsp;&nbsp;&nbsp;&nbsp;&nbsp;&nbsp;&nbsp;&nbsp;&nbsp;&nbsp;&nbsp;&nbsp;&nbsp;&nbsp;&nbsp;&nbsp;&nbsp;&nbsp;&nbsp;&nbsp;&nbsp;&nbsp;&nbsp;&nbsp;&nbsp;&nbsp;&nbsp;&nbsp;&nbsp;&nbsp;&nbsp;&nbsp;&nbsp;&nbsp;&nbsp;&nbsp;&nbsp;&nbsp;&nbsp;&nbsp;&nbsp;&nbsp;&nbsp;&nbsp;&nbsp;&nbsp;&nbsp;&nbsp;&nbsp;&nbsp;&nbsp;&nbsp;&nbsp;&nbsp;&nbsp;&nbsp;&nbsp;&nbsp;&nbsp;&nbsp;&nbsp;&nbsp;&nbsp;&nbsp;&nbsp;&nbsp;&nbsp;&nbsp;&nbsp;&nbsp;&nbsp;&nbsp;&nbsp;&nbsp;&nbsp;&nbsp; &nbsp;&nbsp;&nbsp;&nbsp;<\/span><\/span><\/span><\/div>\n<div><span style=\"color: #000000;\"><span style=\"font-family: tahoma,geneva,sans-serif;\"><span style=\"font-size: 12px;\"><strong>I. Koti<\/strong><\/span><\/span><\/span><\/div>\n<div><span style=\"color: #000000;\"><span style=\"font-family: tahoma,geneva,sans-serif;\"><span style=\"font-size: 12px;\"><strong>Translated by Kristiana Mu\u00e7a and Georgia Gilman<\/strong><\/span><\/span><\/span><\/div>\n<\/td>\n<\/tr>\n<\/tbody>\n<\/table>\n<\/td>\n<\/tr>\n<\/tbody>\n<\/table>\n","protected":false},"excerpt":{"rendered":"<p>&nbsp; &nbsp;&nbsp;&nbsp; Though they may not be missionaries, 13 American Orthodox faithful, who had come from different states of the USA joined together in Albania for a special mission. For two consecutive weeks they stayed in our country to lead a children\u2019s camp in the Albanian-American school \u201cProtagonists\u201d in Tirana. &nbsp;&nbsp;&nbsp; They were of all ages and professions, from 15 \u2013 80 years, a combination<\/p>\n","protected":false},"author":7,"featured_media":0,"comment_status":"open","ping_status":"open","sticky":false,"template":"","format":"standard","meta":{"_acf_changed":false,"pagelayer_contact_templates":[],"_pagelayer_content":"","inline_featured_image":false,"fifu_image_url":"","fifu_image_alt":"","footnotes":""},"categories":[1455,311],"tags":[1113,1788],"class_list":["post-220","post","type-post","status-publish","format-standard","hentry","category-news-en","category-news-d25","tag-2006-en","tag-kampe-verore-en"],"acf":[],"yoast_head":"<!-- This site is optimized with the Yoast SEO plugin v27.2 - https:\/\/yoast.com\/product\/yoast-seo-wordpress\/ -->\n<title>13 American Orthodox faithful took part in one of the day camps run by our Church. (August 2006) - Kisha Orthodh\u03bfkse Autoqefale e Shqip\u00ebris\u00eb<\/title>\n<meta name=\"robots\" content=\"index, follow, max-snippet:-1, max-image-preview:large, max-video-preview:-1\" \/>\n<link rel=\"canonical\" href=\"https:\/\/orthodoxalbania.org\/2020\/en\/2006\/02\/26\/13-american-orthodox-faithful-took-part-in-one-of-the-day-camps-run-by-our-church-august-2006\/\" \/>\n<meta property=\"og:locale\" content=\"en_US\" \/>\n<meta property=\"og:type\" content=\"article\" \/>\n<meta property=\"og:title\" content=\"13 American Orthodox faithful took part in one of the day camps run by our Church. (August 2006) - Kisha Orthodh\u03bfkse Autoqefale e Shqip\u00ebris\u00eb\" \/>\n<meta property=\"og:description\" content=\"&nbsp; &nbsp;&nbsp;&nbsp; Though they may not be missionaries, 13 American Orthodox faithful, who had come from different states of the USA joined together in Albania for a special mission. For two consecutive weeks they stayed in our country to lead a children\u2019s camp in the Albanian-American school \u201cProtagonists\u201d in Tirana. &nbsp;&nbsp;&nbsp; They were of all ages and professions, from 15 \u2013 80 years, a combination\" \/>\n<meta property=\"og:url\" content=\"https:\/\/orthodoxalbania.org\/2020\/en\/2006\/02\/26\/13-american-orthodox-faithful-took-part-in-one-of-the-day-camps-run-by-our-church-august-2006\/\" \/>\n<meta property=\"og:site_name\" content=\"Kisha Orthodh\u03bfkse Autoqefale e Shqip\u00ebris\u00eb\" \/>\n<meta property=\"article:publisher\" content=\"https:\/\/www.facebook.com\/koash1991\" \/>\n<meta property=\"article:published_time\" content=\"2006-02-26T00:00:12+00:00\" \/>\n<meta property=\"article:modified_time\" content=\"2020-04-12T22:31:31+00:00\" \/>\n<meta property=\"og:image\" content=\"https:\/\/lh5.googleusercontent.com\/-s0TXw0Hv50Q\/VIgIAjUf58I\/AAAAAAAAFuA\/5ldZIx2Xu9Y\/w370-h277-no\/untitled1.jpg\" \/>\n<meta name=\"author\" content=\"Kisha Orthodhokse\" \/>\n<meta name=\"twitter:card\" content=\"summary_large_image\" \/>\n<meta name=\"twitter:label1\" content=\"Written by\" \/>\n\t<meta name=\"twitter:data1\" content=\"Kisha Orthodhokse\" \/>\n\t<meta name=\"twitter:label2\" content=\"Est. reading time\" \/>\n\t<meta name=\"twitter:data2\" content=\"2 minutes\" \/>\n<script type=\"application\/ld+json\" class=\"yoast-schema-graph\">{\"@context\":\"https:\/\/schema.org\",\"@graph\":[{\"@type\":\"Article\",\"@id\":\"https:\/\/orthodoxalbania.org\/2020\/en\/2006\/02\/26\/13-american-orthodox-faithful-took-part-in-one-of-the-day-camps-run-by-our-church-august-2006\/#article\",\"isPartOf\":{\"@id\":\"https:\/\/orthodoxalbania.org\/2020\/en\/2006\/02\/26\/13-american-orthodox-faithful-took-part-in-one-of-the-day-camps-run-by-our-church-august-2006\/\"},\"author\":{\"name\":\"Kisha Orthodhokse\",\"@id\":\"https:\/\/orthodoxalbania.org\/2020\/#\/schema\/person\/df745f942b70e045b3dc05a30211f0de\"},\"headline\":\"13 American Orthodox faithful took part in one of the day camps run by our Church. (August 2006)\",\"datePublished\":\"2006-02-26T00:00:12+00:00\",\"dateModified\":\"2020-04-12T22:31:31+00:00\",\"mainEntityOfPage\":{\"@id\":\"https:\/\/orthodoxalbania.org\/2020\/en\/2006\/02\/26\/13-american-orthodox-faithful-took-part-in-one-of-the-day-camps-run-by-our-church-august-2006\/\"},\"wordCount\":469,\"commentCount\":0,\"publisher\":{\"@id\":\"https:\/\/orthodoxalbania.org\/2020\/#organization\"},\"image\":{\"@id\":\"https:\/\/orthodoxalbania.org\/2020\/en\/2006\/02\/26\/13-american-orthodox-faithful-took-part-in-one-of-the-day-camps-run-by-our-church-august-2006\/#primaryimage\"},\"thumbnailUrl\":\"https:\/\/lh5.googleusercontent.com\/-s0TXw0Hv50Q\/VIgIAjUf58I\/AAAAAAAAFuA\/5ldZIx2Xu9Y\/w370-h277-no\/untitled1.jpg\",\"keywords\":[\"2006\",\"Kampe verore\"],\"articleSection\":[\"News - \u0395\u039d\",\"News old page\"],\"inLanguage\":\"en-US\"},{\"@type\":\"WebPage\",\"@id\":\"https:\/\/orthodoxalbania.org\/2020\/en\/2006\/02\/26\/13-american-orthodox-faithful-took-part-in-one-of-the-day-camps-run-by-our-church-august-2006\/\",\"url\":\"https:\/\/orthodoxalbania.org\/2020\/en\/2006\/02\/26\/13-american-orthodox-faithful-took-part-in-one-of-the-day-camps-run-by-our-church-august-2006\/\",\"name\":\"13 American Orthodox faithful took part in one of the day camps run by our Church. (August 2006) - Kisha Orthodh\u03bfkse Autoqefale e Shqip\u00ebris\u00eb\",\"isPartOf\":{\"@id\":\"https:\/\/orthodoxalbania.org\/2020\/#website\"},\"primaryImageOfPage\":{\"@id\":\"https:\/\/orthodoxalbania.org\/2020\/en\/2006\/02\/26\/13-american-orthodox-faithful-took-part-in-one-of-the-day-camps-run-by-our-church-august-2006\/#primaryimage\"},\"image\":{\"@id\":\"https:\/\/orthodoxalbania.org\/2020\/en\/2006\/02\/26\/13-american-orthodox-faithful-took-part-in-one-of-the-day-camps-run-by-our-church-august-2006\/#primaryimage\"},\"thumbnailUrl\":\"https:\/\/lh5.googleusercontent.com\/-s0TXw0Hv50Q\/VIgIAjUf58I\/AAAAAAAAFuA\/5ldZIx2Xu9Y\/w370-h277-no\/untitled1.jpg\",\"datePublished\":\"2006-02-26T00:00:12+00:00\",\"dateModified\":\"2020-04-12T22:31:31+00:00\",\"breadcrumb\":{\"@id\":\"https:\/\/orthodoxalbania.org\/2020\/en\/2006\/02\/26\/13-american-orthodox-faithful-took-part-in-one-of-the-day-camps-run-by-our-church-august-2006\/#breadcrumb\"},\"inLanguage\":\"en-US\",\"potentialAction\":[{\"@type\":\"ReadAction\",\"target\":[\"https:\/\/orthodoxalbania.org\/2020\/en\/2006\/02\/26\/13-american-orthodox-faithful-took-part-in-one-of-the-day-camps-run-by-our-church-august-2006\/\"]}]},{\"@type\":\"ImageObject\",\"inLanguage\":\"en-US\",\"@id\":\"https:\/\/orthodoxalbania.org\/2020\/en\/2006\/02\/26\/13-american-orthodox-faithful-took-part-in-one-of-the-day-camps-run-by-our-church-august-2006\/#primaryimage\",\"url\":\"https:\/\/lh5.googleusercontent.com\/-s0TXw0Hv50Q\/VIgIAjUf58I\/AAAAAAAAFuA\/5ldZIx2Xu9Y\/w370-h277-no\/untitled1.jpg\",\"contentUrl\":\"https:\/\/lh5.googleusercontent.com\/-s0TXw0Hv50Q\/VIgIAjUf58I\/AAAAAAAAFuA\/5ldZIx2Xu9Y\/w370-h277-no\/untitled1.jpg\"},{\"@type\":\"BreadcrumbList\",\"@id\":\"https:\/\/orthodoxalbania.org\/2020\/en\/2006\/02\/26\/13-american-orthodox-faithful-took-part-in-one-of-the-day-camps-run-by-our-church-august-2006\/#breadcrumb\",\"itemListElement\":[{\"@type\":\"ListItem\",\"position\":1,\"name\":\"Home\",\"item\":\"https:\/\/orthodoxalbania.org\/2020\/\"},{\"@type\":\"ListItem\",\"position\":2,\"name\":\"13 American Orthodox faithful took part in one of the day camps run by our Church. (August 2006)\"}]},{\"@type\":\"WebSite\",\"@id\":\"https:\/\/orthodoxalbania.org\/2020\/#website\",\"url\":\"https:\/\/orthodoxalbania.org\/2020\/\",\"name\":\"Kisha Orthodh\u03bfkse Autoqefale e Shqip\u00ebris\u00eb\",\"description\":\"Fqja Zyrtare e Kish\u00ebs Orthodhokse Autoqefale e Shqip\u00ebris\u00eb me lajmet edhe informacionet zyrtare p\u00ebr struktur\u00ebn edhe veprimtarin e saj.\",\"publisher\":{\"@id\":\"https:\/\/orthodoxalbania.org\/2020\/#organization\"},\"potentialAction\":[{\"@type\":\"SearchAction\",\"target\":{\"@type\":\"EntryPoint\",\"urlTemplate\":\"https:\/\/orthodoxalbania.org\/2020\/?s={search_term_string}\"},\"query-input\":{\"@type\":\"PropertyValueSpecification\",\"valueRequired\":true,\"valueName\":\"search_term_string\"}}],\"inLanguage\":\"en-US\"},{\"@type\":\"Organization\",\"@id\":\"https:\/\/orthodoxalbania.org\/2020\/#organization\",\"name\":\"Kisha Orthodhokse Autoqefale e Shqip\u00ebris\u00eb\",\"url\":\"https:\/\/orthodoxalbania.org\/2020\/\",\"logo\":{\"@type\":\"ImageObject\",\"inLanguage\":\"en-US\",\"@id\":\"https:\/\/orthodoxalbania.org\/2020\/#\/schema\/logo\/image\/\",\"url\":\"https:\/\/orthodoxalbania.org\/2020\/wp-content\/uploads\/2020\/05\/albania.jpeg\",\"contentUrl\":\"https:\/\/orthodoxalbania.org\/2020\/wp-content\/uploads\/2020\/05\/albania.jpeg\",\"width\":540,\"height\":540,\"caption\":\"Kisha Orthodhokse Autoqefale e Shqip\u00ebris\u00eb\"},\"image\":{\"@id\":\"https:\/\/orthodoxalbania.org\/2020\/#\/schema\/logo\/image\/\"},\"sameAs\":[\"https:\/\/www.facebook.com\/koash1991\"]},{\"@type\":\"Person\",\"@id\":\"https:\/\/orthodoxalbania.org\/2020\/#\/schema\/person\/df745f942b70e045b3dc05a30211f0de\",\"name\":\"Kisha Orthodhokse\",\"image\":{\"@type\":\"ImageObject\",\"inLanguage\":\"en-US\",\"@id\":\"https:\/\/secure.gravatar.com\/avatar\/2676eb8d97178435c9f691a7871595a1da6c33542dec218bce40885573150e28?s=96&d=mm&r=g\",\"url\":\"https:\/\/secure.gravatar.com\/avatar\/2676eb8d97178435c9f691a7871595a1da6c33542dec218bce40885573150e28?s=96&d=mm&r=g\",\"contentUrl\":\"https:\/\/secure.gravatar.com\/avatar\/2676eb8d97178435c9f691a7871595a1da6c33542dec218bce40885573150e28?s=96&d=mm&r=g\",\"caption\":\"Kisha Orthodhokse\"}}]}<\/script>\n<!-- \/ Yoast SEO plugin. -->","yoast_head_json":{"title":"13 American Orthodox faithful took part in one of the day camps run by our Church. (August 2006) - Kisha Orthodh\u03bfkse Autoqefale e Shqip\u00ebris\u00eb","robots":{"index":"index","follow":"follow","max-snippet":"max-snippet:-1","max-image-preview":"max-image-preview:large","max-video-preview":"max-video-preview:-1"},"canonical":"https:\/\/orthodoxalbania.org\/2020\/en\/2006\/02\/26\/13-american-orthodox-faithful-took-part-in-one-of-the-day-camps-run-by-our-church-august-2006\/","og_locale":"en_US","og_type":"article","og_title":"13 American Orthodox faithful took part in one of the day camps run by our Church. (August 2006) - Kisha Orthodh\u03bfkse Autoqefale e Shqip\u00ebris\u00eb","og_description":"&nbsp; &nbsp;&nbsp;&nbsp; Though they may not be missionaries, 13 American Orthodox faithful, who had come from different states of the USA joined together in Albania for a special mission. For two consecutive weeks they stayed in our country to lead a children\u2019s camp in the Albanian-American school \u201cProtagonists\u201d in Tirana. &nbsp;&nbsp;&nbsp; They were of all ages and professions, from 15 \u2013 80 years, a combination","og_url":"https:\/\/orthodoxalbania.org\/2020\/en\/2006\/02\/26\/13-american-orthodox-faithful-took-part-in-one-of-the-day-camps-run-by-our-church-august-2006\/","og_site_name":"Kisha Orthodh\u03bfkse Autoqefale e Shqip\u00ebris\u00eb","article_publisher":"https:\/\/www.facebook.com\/koash1991","article_published_time":"2006-02-26T00:00:12+00:00","article_modified_time":"2020-04-12T22:31:31+00:00","og_image":[{"url":"https:\/\/lh5.googleusercontent.com\/-s0TXw0Hv50Q\/VIgIAjUf58I\/AAAAAAAAFuA\/5ldZIx2Xu9Y\/w370-h277-no\/untitled1.jpg","type":"","width":"","height":""}],"author":"Kisha Orthodhokse","twitter_card":"summary_large_image","twitter_misc":{"Written by":"Kisha Orthodhokse","Est. reading time":"2 minutes"},"schema":{"@context":"https:\/\/schema.org","@graph":[{"@type":"Article","@id":"https:\/\/orthodoxalbania.org\/2020\/en\/2006\/02\/26\/13-american-orthodox-faithful-took-part-in-one-of-the-day-camps-run-by-our-church-august-2006\/#article","isPartOf":{"@id":"https:\/\/orthodoxalbania.org\/2020\/en\/2006\/02\/26\/13-american-orthodox-faithful-took-part-in-one-of-the-day-camps-run-by-our-church-august-2006\/"},"author":{"name":"Kisha Orthodhokse","@id":"https:\/\/orthodoxalbania.org\/2020\/#\/schema\/person\/df745f942b70e045b3dc05a30211f0de"},"headline":"13 American Orthodox faithful took part in one of the day camps run by our Church. (August 2006)","datePublished":"2006-02-26T00:00:12+00:00","dateModified":"2020-04-12T22:31:31+00:00","mainEntityOfPage":{"@id":"https:\/\/orthodoxalbania.org\/2020\/en\/2006\/02\/26\/13-american-orthodox-faithful-took-part-in-one-of-the-day-camps-run-by-our-church-august-2006\/"},"wordCount":469,"commentCount":0,"publisher":{"@id":"https:\/\/orthodoxalbania.org\/2020\/#organization"},"image":{"@id":"https:\/\/orthodoxalbania.org\/2020\/en\/2006\/02\/26\/13-american-orthodox-faithful-took-part-in-one-of-the-day-camps-run-by-our-church-august-2006\/#primaryimage"},"thumbnailUrl":"https:\/\/lh5.googleusercontent.com\/-s0TXw0Hv50Q\/VIgIAjUf58I\/AAAAAAAAFuA\/5ldZIx2Xu9Y\/w370-h277-no\/untitled1.jpg","keywords":["2006","Kampe verore"],"articleSection":["News - \u0395\u039d","News old page"],"inLanguage":"en-US"},{"@type":"WebPage","@id":"https:\/\/orthodoxalbania.org\/2020\/en\/2006\/02\/26\/13-american-orthodox-faithful-took-part-in-one-of-the-day-camps-run-by-our-church-august-2006\/","url":"https:\/\/orthodoxalbania.org\/2020\/en\/2006\/02\/26\/13-american-orthodox-faithful-took-part-in-one-of-the-day-camps-run-by-our-church-august-2006\/","name":"13 American Orthodox faithful took part in one of the day camps run by our Church. (August 2006) - Kisha Orthodh\u03bfkse Autoqefale e Shqip\u00ebris\u00eb","isPartOf":{"@id":"https:\/\/orthodoxalbania.org\/2020\/#website"},"primaryImageOfPage":{"@id":"https:\/\/orthodoxalbania.org\/2020\/en\/2006\/02\/26\/13-american-orthodox-faithful-took-part-in-one-of-the-day-camps-run-by-our-church-august-2006\/#primaryimage"},"image":{"@id":"https:\/\/orthodoxalbania.org\/2020\/en\/2006\/02\/26\/13-american-orthodox-faithful-took-part-in-one-of-the-day-camps-run-by-our-church-august-2006\/#primaryimage"},"thumbnailUrl":"https:\/\/lh5.googleusercontent.com\/-s0TXw0Hv50Q\/VIgIAjUf58I\/AAAAAAAAFuA\/5ldZIx2Xu9Y\/w370-h277-no\/untitled1.jpg","datePublished":"2006-02-26T00:00:12+00:00","dateModified":"2020-04-12T22:31:31+00:00","breadcrumb":{"@id":"https:\/\/orthodoxalbania.org\/2020\/en\/2006\/02\/26\/13-american-orthodox-faithful-took-part-in-one-of-the-day-camps-run-by-our-church-august-2006\/#breadcrumb"},"inLanguage":"en-US","potentialAction":[{"@type":"ReadAction","target":["https:\/\/orthodoxalbania.org\/2020\/en\/2006\/02\/26\/13-american-orthodox-faithful-took-part-in-one-of-the-day-camps-run-by-our-church-august-2006\/"]}]},{"@type":"ImageObject","inLanguage":"en-US","@id":"https:\/\/orthodoxalbania.org\/2020\/en\/2006\/02\/26\/13-american-orthodox-faithful-took-part-in-one-of-the-day-camps-run-by-our-church-august-2006\/#primaryimage","url":"https:\/\/lh5.googleusercontent.com\/-s0TXw0Hv50Q\/VIgIAjUf58I\/AAAAAAAAFuA\/5ldZIx2Xu9Y\/w370-h277-no\/untitled1.jpg","contentUrl":"https:\/\/lh5.googleusercontent.com\/-s0TXw0Hv50Q\/VIgIAjUf58I\/AAAAAAAAFuA\/5ldZIx2Xu9Y\/w370-h277-no\/untitled1.jpg"},{"@type":"BreadcrumbList","@id":"https:\/\/orthodoxalbania.org\/2020\/en\/2006\/02\/26\/13-american-orthodox-faithful-took-part-in-one-of-the-day-camps-run-by-our-church-august-2006\/#breadcrumb","itemListElement":[{"@type":"ListItem","position":1,"name":"Home","item":"https:\/\/orthodoxalbania.org\/2020\/"},{"@type":"ListItem","position":2,"name":"13 American Orthodox faithful took part in one of the day camps run by our Church. (August 2006)"}]},{"@type":"WebSite","@id":"https:\/\/orthodoxalbania.org\/2020\/#website","url":"https:\/\/orthodoxalbania.org\/2020\/","name":"Kisha Orthodh\u03bfkse Autoqefale e Shqip\u00ebris\u00eb","description":"Fqja Zyrtare e Kish\u00ebs Orthodhokse Autoqefale e Shqip\u00ebris\u00eb me lajmet edhe informacionet zyrtare p\u00ebr struktur\u00ebn edhe veprimtarin e saj.","publisher":{"@id":"https:\/\/orthodoxalbania.org\/2020\/#organization"},"potentialAction":[{"@type":"SearchAction","target":{"@type":"EntryPoint","urlTemplate":"https:\/\/orthodoxalbania.org\/2020\/?s={search_term_string}"},"query-input":{"@type":"PropertyValueSpecification","valueRequired":true,"valueName":"search_term_string"}}],"inLanguage":"en-US"},{"@type":"Organization","@id":"https:\/\/orthodoxalbania.org\/2020\/#organization","name":"Kisha Orthodhokse Autoqefale e Shqip\u00ebris\u00eb","url":"https:\/\/orthodoxalbania.org\/2020\/","logo":{"@type":"ImageObject","inLanguage":"en-US","@id":"https:\/\/orthodoxalbania.org\/2020\/#\/schema\/logo\/image\/","url":"https:\/\/orthodoxalbania.org\/2020\/wp-content\/uploads\/2020\/05\/albania.jpeg","contentUrl":"https:\/\/orthodoxalbania.org\/2020\/wp-content\/uploads\/2020\/05\/albania.jpeg","width":540,"height":540,"caption":"Kisha Orthodhokse Autoqefale e Shqip\u00ebris\u00eb"},"image":{"@id":"https:\/\/orthodoxalbania.org\/2020\/#\/schema\/logo\/image\/"},"sameAs":["https:\/\/www.facebook.com\/koash1991"]},{"@type":"Person","@id":"https:\/\/orthodoxalbania.org\/2020\/#\/schema\/person\/df745f942b70e045b3dc05a30211f0de","name":"Kisha Orthodhokse","image":{"@type":"ImageObject","inLanguage":"en-US","@id":"https:\/\/secure.gravatar.com\/avatar\/2676eb8d97178435c9f691a7871595a1da6c33542dec218bce40885573150e28?s=96&d=mm&r=g","url":"https:\/\/secure.gravatar.com\/avatar\/2676eb8d97178435c9f691a7871595a1da6c33542dec218bce40885573150e28?s=96&d=mm&r=g","contentUrl":"https:\/\/secure.gravatar.com\/avatar\/2676eb8d97178435c9f691a7871595a1da6c33542dec218bce40885573150e28?s=96&d=mm&r=g","caption":"Kisha Orthodhokse"}}]}},"_links":{"self":[{"href":"https:\/\/orthodoxalbania.org\/2020\/wp-json\/wp\/v2\/posts\/220","targetHints":{"allow":["GET"]}}],"collection":[{"href":"https:\/\/orthodoxalbania.org\/2020\/wp-json\/wp\/v2\/posts"}],"about":[{"href":"https:\/\/orthodoxalbania.org\/2020\/wp-json\/wp\/v2\/types\/post"}],"author":[{"embeddable":true,"href":"https:\/\/orthodoxalbania.org\/2020\/wp-json\/wp\/v2\/users\/7"}],"replies":[{"embeddable":true,"href":"https:\/\/orthodoxalbania.org\/2020\/wp-json\/wp\/v2\/comments?post=220"}],"version-history":[{"count":1,"href":"https:\/\/orthodoxalbania.org\/2020\/wp-json\/wp\/v2\/posts\/220\/revisions"}],"predecessor-version":[{"id":18070,"href":"https:\/\/orthodoxalbania.org\/2020\/wp-json\/wp\/v2\/posts\/220\/revisions\/18070"}],"wp:attachment":[{"href":"https:\/\/orthodoxalbania.org\/2020\/wp-json\/wp\/v2\/media?parent=220"}],"wp:term":[{"taxonomy":"category","embeddable":true,"href":"https:\/\/orthodoxalbania.org\/2020\/wp-json\/wp\/v2\/categories?post=220"},{"taxonomy":"post_tag","embeddable":true,"href":"https:\/\/orthodoxalbania.org\/2020\/wp-json\/wp\/v2\/tags?post=220"}],"curies":[{"name":"wp","href":"https:\/\/api.w.org\/{rel}","templated":true}]}}