{"id":218,"date":"2008-02-26T00:00:00","date_gmt":"2008-02-26T00:00:00","guid":{"rendered":""},"modified":"2020-04-06T22:35:33","modified_gmt":"2020-04-06T20:35:33","slug":"10-vjet-me-festivalin-e-rinise-orthodhokse-dhjetor-2008","status":"publish","type":"post","link":"https:\/\/orthodoxalbania.org\/2020\/2008\/02\/26\/10-vjet-me-festivalin-e-rinise-orthodhokse-dhjetor-2008\/","title":{"rendered":"10 vjet me Festivalin e Rinis\u00eb Orthodhokse. (Dhjetor 2008)"},"content":{"rendered":"<table id=\"AutoNumber4\" style=\"width: 824px; height: 4160px;\" border=\"0\">\n<tbody>\n<tr>\n<td>\n<p style=\"text-align: justify;\"><span style=\"color: #000000; font-family: helvetica; font-size: 12pt;\">&nbsp;&nbsp;&nbsp; Festat e fundvitit i bashkuan t\u00eb rinjt\u00eb orthodhoks\u00eb n\u00eb Festivalin tradicional, q\u00eb u zhvillua p\u00ebr t\u00eb dhjetin vit radhazi. Shfaqja u dha m\u00eb 27 dhjetor, n\u00eb sall\u00ebn e Muzeut Historik Komb\u00ebtar, n\u00eb kryeqytet.<\/span><\/p>\n<\/td>\n<td>\n<p><span style=\"color: #000000; font-family: helvetica; font-size: 12pt;\"><img decoding=\"async\" class=\"lazyload HAa Eha\" style=\"border-width: 1px; border-style: solid; margin: 10px auto; display: block;\" alt=\"\" src=\"data:image\/gif;base64,R0lGODlhAQABAAAAACH5BAEKAAEALAAAAAABAAEAAAICTAEAOw==\" data-orig-src=\"https:\/\/lh5.googleusercontent.com\/-gRMyoKHWZBM\/VIv1wRdMlaI\/AAAAAAAAHVY\/bu-QHTqQ0qU\/w400-h225-no\/1p.jpg\" \/><\/span><\/p>\n<\/td>\n<\/tr>\n<tr>\n<td>\n<p><span style=\"color: #000000; font-family: helvetica; font-size: 12pt;\"><img decoding=\"async\" class=\"lazyload HAa Eha\" style=\"border-width: 1px; border-style: solid; margin: 10px auto; display: block;\" alt=\"\" src=\"data:image\/gif;base64,R0lGODlhAQABAAAAACH5BAEKAAEALAAAAAABAAEAAAICTAEAOw==\" data-orig-src=\"https:\/\/lh4.googleusercontent.com\/-EN7ljd-drXU\/VIv1x2EtUMI\/AAAAAAAAHXY\/5Vm_EK579jU\/w400-h225-no\/2tx.jpg\" \/><\/span><\/p>\n<\/td>\n<td>\n<p style=\"text-align: justify;\"><span style=\"color: #000000; font-family: helvetica; font-size: 12pt;\">&nbsp;&nbsp;&nbsp; \u201c&#8230;Shum\u00ebkush mban mend her\u00ebn e par\u00eb dhe sot kujton me mall at\u00eb dit\u00eb kur p\u00ebr her\u00eb t\u00eb par\u00eb u hap festivali yn\u00eb, q\u00eb tashm\u00eb \u00ebsht\u00eb b\u00ebr\u00eb nj\u00eb eveniment i shum\u00ebpritur nga ne t\u00eb rinjt\u00eb, por edhe brezat e tjer\u00eb q\u00eb ndodhen gjithmon\u00eb pran\u00eb nesh\u201d, \u2013 than\u00eb n\u00eb fillim t\u00eb k\u00ebtij evenimenti dy prezantuesit, Maria Ta\u00e7i dhe Anesti Kepi.<\/span><\/p>\n<\/td>\n<\/tr>\n<tr>\n<td>\n<p style=\"text-align: justify;\"><span style=\"color: #000000; font-family: helvetica; font-size: 12pt;\">&nbsp;&nbsp;&nbsp; Ata p\u00ebrcoll\u00ebn fal\u00ebnderimedhe mir\u00ebnjohje p\u00ebr t\u00eb gjith\u00eb ata q\u00eb kan\u00eb kontribuar n\u00eb organizimin e tij n\u00eb vite.<\/span><\/p>\n<\/td>\n<td>\n<p><span style=\"color: #000000; font-family: helvetica; font-size: 12pt;\"><img decoding=\"async\" class=\"lazyload HAa Eha\" style=\"border-width: 1px; border-style: solid; margin: 10px auto; display: block;\" alt=\"\" src=\"data:image\/gif;base64,R0lGODlhAQABAAAAACH5BAEKAAEALAAAAAABAAEAAAICTAEAOw==\" data-orig-src=\"https:\/\/lh4.googleusercontent.com\/-k8nvljgimnc\/VIv1yIf4uRI\/AAAAAAAAHXI\/SdUAWpkhOXQ\/w400-h225-no\/3tx.jpg\" \/><\/span><\/p>\n<\/td>\n<\/tr>\n<tr>\n<td>\n<p><span style=\"color: #000000; font-family: helvetica; font-size: 12pt;\"><img decoding=\"async\" class=\"lazyload HAa Eha\" style=\"border-width: 1px; border-style: solid; margin: 10px auto; display: block;\" alt=\"\" src=\"data:image\/gif;base64,R0lGODlhAQABAAAAACH5BAEKAAEALAAAAAABAAEAAAICTAEAOw==\" data-orig-src=\"https:\/\/lh3.googleusercontent.com\/-HkchLPFIeQs\/VIv1yyKVDJI\/AAAAAAAAHXE\/4uINaecHZyI\/w400-h237-no\/4tx.jpg\" \/><\/span><\/p>\n<\/td>\n<td>\n<p style=\"text-align: justify;\"><span style=\"color: #000000; font-family: helvetica; font-size: 12pt;\">&nbsp;&nbsp;&nbsp; Emrat jan\u00eb t\u00eb shumt\u00eb, por midis tyre ve\u00e7ohet ideatori dhe mb\u00ebshtet\u00ebsi kryesor, Kryepiskopi Anastas, i cili ka dh\u00ebn\u00eb gjith\u00eb energjit\u00eb e tij p\u00ebr t\u00eb nd\u00ebrtuar, jo vet\u00ebm Kish\u00ebn si objekt, por edhe Kish\u00ebn n\u00eb zemrat e t\u00eb rinjve. Merrnin pjes\u00eb t\u00eb rinj e t\u00eb reja orthodhoks\u00eb, prind\u00ebr dhe klerik\u00eb.<\/span><\/p>\n<\/td>\n<\/tr>\n<tr>\n<td>\n<p style=\"text-align: justify;\"><span style=\"color: #000000; font-family: helvetica; font-size: 12pt;\">&nbsp;&nbsp;&nbsp; Festivali i rinis\u00eb \u00ebsht\u00eb pun\u00eb e p\u00ebrbashk\u00ebt e t\u00eb rinjve, q\u00eb krijon atmosfer\u00eb bashk\u00ebpunimi dhe v\u00ebllaz\u00ebrimi, e shprehur n\u00eb harmonizimin e prezantimit t\u00eb vlerave t\u00eb krishtera dhe atyre popullore.<\/span><\/p>\n<\/td>\n<td>\n<p><span style=\"color: #000000; font-family: helvetica; font-size: 12pt;\"><img decoding=\"async\" class=\"lazyload HAa Eha\" style=\"border-width: 1px; border-style: solid; margin: 10px auto; display: block;\" alt=\"\" src=\"data:image\/gif;base64,R0lGODlhAQABAAAAACH5BAEKAAEALAAAAAABAAEAAAICTAEAOw==\" data-orig-src=\"https:\/\/lh6.googleusercontent.com\/-HKSYdsQYyF0\/VIv1zYK5K4I\/AAAAAAAAHWA\/mCMctI1b7EI\/w400-h225-no\/5tx.jpg\" \/><\/span><\/p>\n<\/td>\n<\/tr>\n<tr>\n<td>\n<p><span style=\"color: #000000; font-family: helvetica; font-size: 12pt;\"><img decoding=\"async\" class=\"lazyload HAa Eha\" style=\"border-width: 1px; border-style: solid; margin: 10px auto; display: block;\" alt=\"\" src=\"data:image\/gif;base64,R0lGODlhAQABAAAAACH5BAEKAAEALAAAAAABAAEAAAICTAEAOw==\" data-orig-src=\"https:\/\/lh6.googleusercontent.com\/-4HBY_XRqWUs\/VIv10U6lZEI\/AAAAAAAAHXA\/DYnMImaX0O8\/w400-h225-no\/6tx.jpg\" \/><\/span><\/p>\n<\/td>\n<td>\n<p style=\"text-align: justify;\"><span style=\"color: #000000; font-family: helvetica; font-size: 12pt;\">&nbsp;&nbsp;&nbsp; 12 gruperinore (pas seleksionimit n\u00eb festivalet e dioqezave t\u00eb tyre), k\u00ebnduan k\u00ebng\u00eb t\u00eb krishtera si dhe k\u00ebng\u00eb dhe valle tradicionale t\u00eb trevave q\u00eb p\u00ebrfaq\u00ebsonin.&nbsp; E ve\u00e7anta e k\u00ebtij festivali ishte pjes\u00ebmarrja e grupeve t\u00eb reja rinore, nj\u00eb pjes\u00eb e t\u00eb cilave vinin p\u00ebr her\u00eb t\u00eb par\u00eb.<\/span><\/p>\n<\/td>\n<\/tr>\n<tr>\n<td>\n<p style=\"text-align: justify;\"><span style=\"color: #000000; font-family: helvetica; font-size: 12pt;\">&nbsp;&nbsp;&nbsp;&nbsp; Festivalin e p\u00ebrsh\u00ebndet\u00ebn me k\u00ebng\u00ebt dhe valle festive edhe disa grupe t\u00eb tjera rinore dhe f\u00ebmij\u00ebsh orthodhoks\u00eb. Pas paraqitjes para publikut t\u00eb t\u00eb gjith\u00eb grupeve ishte rezervuar nj\u00eb surpriz\u00eb. Prind\u00ebrit e klerikut, Arkimandrit Kozma Priftit, k\u00ebnduan dy k\u00ebng\u00eb kushtuar Kryepiskopit Anastas, duke p\u00ebrcjell\u00eb shum\u00eb emocione tek t\u00eb pranishmit.&nbsp; N\u00eb fund t\u00eb festivalit e mori fjal\u00ebn Fortlumturia e Tij Anastasi, i cili nd\u00ebr t\u00eb tjera tha se n\u00eb k\u00ebt\u00eb festival nuk kishte vet\u00ebm spektator\u00eb, por t\u00eb gjith\u00eb ishin pjes\u00ebmarr\u00ebs.<\/span><\/p>\n<\/td>\n<td>\n<p><span style=\"color: #000000; font-family: helvetica; font-size: 12pt;\"><img decoding=\"async\" class=\"lazyload HAa Eha\" style=\"border-width: 1px; border-style: solid; margin: 10px auto; display: block;\" alt=\"\" src=\"data:image\/gif;base64,R0lGODlhAQABAAAAACH5BAEKAAEALAAAAAABAAEAAAICTAEAOw==\" data-orig-src=\"https:\/\/lh6.googleusercontent.com\/-XOdWHZyBv3w\/VIv11BuODXI\/AAAAAAAAHWk\/lr7ViTUgbkc\/w400-h225-no\/7tx.jpg\" \/><\/span><\/p>\n<\/td>\n<\/tr>\n<tr>\n<td>\n<p><span style=\"color: #000000; font-family: helvetica; font-size: 12pt;\"><img decoding=\"async\" class=\"lazyload HAa Eha\" style=\"border-width: 1px; border-style: solid; margin: 10px auto; display: block;\" alt=\"\" src=\"data:image\/gif;base64,R0lGODlhAQABAAAAACH5BAEKAAEALAAAAAABAAEAAAICTAEAOw==\" data-orig-src=\"https:\/\/lh3.googleusercontent.com\/-z4e-WvFS7ac\/VIv1163wY7I\/AAAAAAAAHW8\/dAO0LaIV_HI\/w400-h225-no\/8tx.jpg\" \/><\/span><\/p>\n<\/td>\n<td>\n<p style=\"text-align: justify;\"><span style=\"color: #000000; font-family: helvetica; font-size: 12pt;\">&nbsp;&nbsp;&nbsp; \u201c<em>E nj\u00ebjta gj\u00eb ndodh edhe n\u00eb jet\u00ebn e Kish\u00ebs. Kur lexojm\u00eb Ungjillin, shikojm\u00eb me \u00e7far\u00eb realizmi jan\u00eb p\u00ebrshkruar v\u00ebshtir\u00ebsit\u00eb q\u00eb kaloi Zoti Krisht. Ai \u00ebsht\u00eb mbreti i paqes, por u ballafaqua me m\u00ebri dhe armiq\u00ebsi. Ishin shum\u00eb ata q\u00eb e pan\u00eb si t\u00eb huaj dhe t\u00eb rreziksh\u00ebm. Ai p\u00ebrjetoi urrejtje edhe pse nuk e meritonte. Ky \u00ebsht\u00eb paralajm\u00ebrim p\u00ebr ne, prandaj duhet t\u00eb p\u00ebrgatitemi p\u00ebr v\u00ebshtir\u00ebsit\u00eb q\u00eb na presin. Ju jeni n\u00eb nj\u00eb mosh\u00eb t\u00eb r\u00ebnd\u00ebsishme dhe realiteti \u00ebsht\u00eb i komplikuar. Kisha nuk jep thjesht nj\u00eb mesazh t\u00eb bukur, por \u00ebsht\u00eb Krishti q\u00eb erdhi p\u00ebr ne. P\u00ebr k\u00ebt\u00eb arsye qet\u00ebsohuni n\u00eb k\u00ebt\u00eb atmosfer\u00eb. <\/em><\/span><\/p>\n<\/td>\n<\/tr>\n<tr>\n<td>\n<p style=\"text-align: justify;\"><span style=\"color: #000000; font-family: helvetica; font-size: 12pt;\">&nbsp;&nbsp;&nbsp; <em>G\u00ebzimi dhe shpresa jon\u00eb nuk jan\u00eb t\u00eb pap\u00ebrcaktuara. Nuk jemi indiferent\u00eb ndaj realitetit. G\u00ebzimi yn\u00eb mbizot\u00ebron n\u00eb v\u00ebshtir\u00ebsit\u00eb e p\u00ebrditshme. Dashuria jon\u00eb mb\u00ebshtetet n\u00eb At\u00eb q\u00eb \u00ebsht\u00eb dashuria. Dua t\u2019ju uroj q\u00eb k\u00ebt\u00eb g\u00ebzim ta keni brenda vetes k\u00ebt\u00eb vit q\u00eb afron. Ky g\u00ebzim e shikon jet\u00ebn n\u00eb sy dhe ka fuqin\u00eb p\u00ebr ta transformuar at\u00eb. Roli yn\u00eb \u00ebsht\u00eb q\u00eb ta transformojm\u00eb k\u00ebt\u00eb jet\u00eb, nga nj\u00eb shoq\u00ebri indiferente dhe e ftoht\u00eb n\u00eb nj\u00eb shoq\u00ebri g\u00ebzimi. Ju uroj frytin e Shpirtit t\u00eb Shenjt\u00eb: dashuri, g\u00ebzim, paqe, zem\u00ebrgjer\u00ebsi, \u00ebmb\u00eblsi, mir\u00ebsi, besim, but\u00ebsi dhe vet\u00ebp\u00ebrmbajtje<\/em>.\u201d<\/span><\/p>\n<\/td>\n<td>\n<p><span style=\"color: #000000; font-family: helvetica; font-size: 12pt;\"><img decoding=\"async\" class=\"lazyload HAa Eha\" style=\"border-width: 1px; border-style: solid; margin: 10px auto; display: block;\" alt=\"\" src=\"data:image\/gif;base64,R0lGODlhAQABAAAAACH5BAEKAAEALAAAAAABAAEAAAICTAEAOw==\" data-orig-src=\"https:\/\/lh4.googleusercontent.com\/-vsQqzwzqXgc\/VIv12kCm7mI\/AAAAAAAAHW4\/NACgxfdub4o\/w400-h229-no\/9tx.jpg\" \/><\/span><\/p>\n<\/td>\n<\/tr>\n<tr>\n<td>\n<p><span style=\"color: #000000; font-family: helvetica; font-size: 12pt;\"><img decoding=\"async\" class=\"lazyload HAa Eha\" style=\"border-width: 1px; border-style: solid; margin: 10px auto; display: block;\" alt=\"\" src=\"data:image\/gif;base64,R0lGODlhAQABAAAAACH5BAEKAAEALAAAAAABAAEAAAICTAEAOw==\" data-orig-src=\"https:\/\/lh5.googleusercontent.com\/-FD8Jnv02F1o\/VIv1vwXuhmI\/AAAAAAAAHXM\/RUD_3-iINd4\/w400-h225-no\/10tx.jpg\" \/><\/span><\/p>\n<\/td>\n<td>\n<p><span style=\"color: #000000; font-family: helvetica; font-size: 12pt;\">&nbsp;&nbsp;&nbsp;&nbsp;<\/span><\/p>\n<p style=\"text-align: justify;\"><span style=\"color: #000000; font-family: helvetica; font-size: 12pt;\">&nbsp;&nbsp;&nbsp; N\u00eb fund, juria e festivalit ndau \u00e7mimet p\u00ebr grupet fituese. Sivjet u ndan\u00eb tri \u00e7mime p\u00ebr k\u00ebng\u00ebt, tri p\u00ebr vallet dhe nj\u00eb \u00e7mim inkurajues. Lushnja dhe Prespa u nderuan me \u00e7mime t\u00eb para respektivisht p\u00ebr k\u00ebng\u00ebt dhe vallet, nd\u00ebrsa \u00e7mimi inkurajues iu dha korit t\u00eb Liceut t\u00eb ri kishtar \u201cKryqi i Nderuar\u201d, Sukth, Durr\u00ebs.<\/span><\/p>\n<p><span style=\"font-family: helvetica; font-size: 12pt;\"><\/span><\/p>\n<\/td>\n<\/tr>\n<tr>\n<td>\n<p><span style=\"color: #000000; font-family: helvetica; font-size: 12pt;\"><img decoding=\"async\" class=\"lazyload HAa Eha\" style=\"border-width: 1px; border-style: solid; margin: 10px auto; display: block;\" alt=\"\" src=\"data:image\/gif;base64,R0lGODlhAQABAAAAACH5BAEKAAEALAAAAAABAAEAAAICTAEAOw==\" data-orig-src=\"https:\/\/lh5.googleusercontent.com\/-gRMyoKHWZBM\/VIv1wRdMlaI\/AAAAAAAAHVY\/bu-QHTqQ0qU\/w400-h225-no\/1p.jpg\" \/><\/span><\/p>\n<\/td>\n<td>\n<p><span style=\"color: #000000; font-family: helvetica; font-size: 12pt;\"><img decoding=\"async\" class=\"lazyload HAa Eha\" style=\"border-width: 1px; border-style: solid; margin: 10px auto; display: block;\" alt=\"\" src=\"data:image\/gif;base64,R0lGODlhAQABAAAAACH5BAEKAAEALAAAAAABAAEAAAICTAEAOw==\" data-orig-src=\"https:\/\/lh4.googleusercontent.com\/-drg9hz_m6ds\/VIv1xMFNiLI\/AAAAAAAAHXU\/QxEh1c3DbHw\/w400-h228-no\/2p.jpg\" \/><\/span><\/p>\n<\/td>\n<\/tr>\n<tr>\n<td>\n<p><span style=\"color: #000000; font-family: helvetica; font-size: 12pt;\"><img decoding=\"async\" class=\"lazyload HAa Eha\" style=\"border-width: 1px; border-style: solid; margin: 10px auto; display: block;\" alt=\"\" src=\"data:image\/gif;base64,R0lGODlhAQABAAAAACH5BAEKAAEALAAAAAABAAEAAAICTAEAOw==\" data-orig-src=\"https:\/\/lh3.googleusercontent.com\/-Fnxl93T1cfI\/VIv1yHhXP-I\/AAAAAAAAHVw\/ik_zxDWrYQw\/w400-h225-no\/4p.jpg\" \/><\/span><\/p>\n<\/td>\n<td>\n<p><span style=\"color: #000000; font-family: helvetica; font-size: 12pt;\"><img decoding=\"async\" class=\"lazyload HAa Eha\" style=\"border-width: 1px; border-style: solid; margin: 10px auto; display: block;\" alt=\"\" src=\"data:image\/gif;base64,R0lGODlhAQABAAAAACH5BAEKAAEALAAAAAABAAEAAAICTAEAOw==\" data-orig-src=\"https:\/\/lh5.googleusercontent.com\/-eatO9WHeCcY\/VIv11otBpnI\/AAAAAAAAHWo\/hzCt2-04LgM\/w400-h223-no\/8p.jpg\" \/><\/span><\/p>\n<\/td>\n<\/tr>\n<tr>\n<td>\n<p><span style=\"color: #000000; font-family: helvetica; font-size: 12pt;\"><img decoding=\"async\" class=\"lazyload HAa Eha\" style=\"border-width: 1px; border-style: solid; margin: 10px auto; display: block;\" alt=\"\" src=\"data:image\/gif;base64,R0lGODlhAQABAAAAACH5BAEKAAEALAAAAAABAAEAAAICTAEAOw==\" data-orig-src=\"https:\/\/lh4.googleusercontent.com\/-J_KMf6kdHN4\/VIv1zEqYEwI\/AAAAAAAAHWE\/h3NW6RtG6Ds\/w400-h225-no\/5p.jpg\" \/><\/span><\/p>\n<\/td>\n<td>\n<p><span style=\"color: #000000; font-family: helvetica; font-size: 12pt;\"><img decoding=\"async\" class=\"lazyload HAa Eha\" style=\"border-width: 1px; border-style: solid; margin: 10px auto; display: block;\" alt=\"\" src=\"data:image\/gif;base64,R0lGODlhAQABAAAAACH5BAEKAAEALAAAAAABAAEAAAICTAEAOw==\" data-orig-src=\"https:\/\/lh5.googleusercontent.com\/-WJD427M3CGo\/VIv1z4QK66I\/AAAAAAAAHWM\/GLXD76p6020\/w400-h225-no\/6p.jpg\" \/><\/span><\/p>\n<\/td>\n<\/tr>\n<tr>\n<td>\n<p><span style=\"color: #000000; font-family: helvetica; font-size: 12pt;\"><img decoding=\"async\" class=\"lazyload HAa Eha\" style=\"border-width: 1px; border-style: solid; margin: 10px auto; display: block;\" alt=\"\" src=\"data:image\/gif;base64,R0lGODlhAQABAAAAACH5BAEKAAEALAAAAAABAAEAAAICTAEAOw==\" data-orig-src=\"https:\/\/lh3.googleusercontent.com\/-SBmVxH625wY\/VIv10YaoYfI\/AAAAAAAAHWc\/bhQFv3daXDQ\/w398-h225-no\/7p.jpg\" \/><\/span><\/p>\n<\/td>\n<td>\n<p><span style=\"color: #000000; font-family: helvetica; font-size: 12pt;\"><img decoding=\"async\" class=\"lazyload HAa Eha\" style=\"border-width: 1px; border-style: solid; margin: 10px auto; display: block;\" alt=\"\" src=\"data:image\/gif;base64,R0lGODlhAQABAAAAACH5BAEKAAEALAAAAAABAAEAAAICTAEAOw==\" data-orig-src=\"https:\/\/lh6.googleusercontent.com\/-LjVnLgFP348\/VIv1vvVul_I\/AAAAAAAAHVI\/s1ovgl7KDt8\/w400-h225-no\/10p.jpg\" \/><\/span><\/p>\n<\/td>\n<\/tr>\n<tr>\n<td>\n<p><span style=\"color: #000000; font-family: helvetica; font-size: 12pt;\"><img decoding=\"async\" class=\"lazyload HAa Eha\" style=\"border-width: 1px; border-style: solid; margin: 10px auto; display: block;\" alt=\"\" src=\"data:image\/gif;base64,R0lGODlhAQABAAAAACH5BAEKAAEALAAAAAABAAEAAAICTAEAOw==\" data-orig-src=\"https:\/\/lh5.googleusercontent.com\/-xHnooVEGYS4\/VIv11-vuYII\/AAAAAAAAHWw\/LRUY_UiDzeo\/w400-h225-no\/9p.jpg\" \/><\/span><\/p>\n<\/td>\n<td>\n<p><span style=\"color: #000000; font-family: helvetica; font-size: 12pt;\"><img decoding=\"async\" class=\"lazyload HAa Eha\" style=\"border-width: 1px; border-style: solid; margin: 10px auto; display: block;\" alt=\"\" src=\"data:image\/gif;base64,R0lGODlhAQABAAAAACH5BAEKAAEALAAAAAABAAEAAAICTAEAOw==\" data-orig-src=\"https:\/\/lh5.googleusercontent.com\/-842AI7x1OQ0\/VIv1wE9R5CI\/AAAAAAAAHVE\/p0ts6RZbeWk\/w400-h225-no\/12p.jpg\" \/><\/span><\/p>\n<\/td>\n<\/tr>\n<tr>\n<td>\n<p><span style=\"color: #000000; font-family: helvetica; font-size: 12pt;\"><img decoding=\"async\" class=\"lazyload HAa Eha\" style=\"border-width: 1px; border-style: solid; margin: 10px auto; display: block;\" alt=\"\" src=\"data:image\/gif;base64,R0lGODlhAQABAAAAACH5BAEKAAEALAAAAAABAAEAAAICTAEAOw==\" data-orig-src=\"https:\/\/lh5.googleusercontent.com\/-6ybZuj8RVrs\/VIv1v9eMvVI\/AAAAAAAAHVc\/_dgPr3NJnys\/w400-h225-no\/11p.jpg\" \/><\/span><\/p>\n<\/td>\n<td>\n<p><span style=\"font-family: helvetica; font-size: 12pt;\"><\/span><\/p>\n<\/td>\n<\/tr>\n<tr>\n<td><span style=\"font-family: helvetica; font-size: 12pt;\"><\/span><\/td>\n<td><span style=\"font-family: helvetica; font-size: 12pt;\"><\/span><\/td>\n<\/tr>\n<tr>\n<td><span style=\"font-family: helvetica; font-size: 12pt;\"><\/span><\/td>\n<td><span style=\"font-family: helvetica; font-size: 12pt;\"><\/span><\/td>\n<\/tr>\n<tr>\n<td colspan=\"2\">\n<p><span style=\"color: #000000; font-family: helvetica; font-size: 12pt;\">&nbsp;&nbsp;&nbsp;&nbsp;<\/span><\/p>\n<p style=\"text-align: right;\"><span style=\"color: #000000; font-family: helvetica; font-size: 12pt;\"><strong>Isidor Koti<\/strong><\/span><\/p>\n<\/td>\n<\/tr>\n<\/tbody>\n<\/table>\n<p>&nbsp;<\/p>\n","protected":false},"excerpt":{"rendered":"<p>&nbsp;&nbsp;&nbsp; Festat e fundvitit i bashkuan t\u00eb rinjt\u00eb orthodhoks\u00eb n\u00eb Festivalin tradicional, q\u00eb u zhvillua p\u00ebr t\u00eb dhjetin vit radhazi. Shfaqja u dha m\u00eb 27 dhjetor, n\u00eb sall\u00ebn e Muzeut Historik Komb\u00ebtar, n\u00eb kryeqytet. &nbsp;&nbsp;&nbsp; \u201c&#8230;Shum\u00ebkush mban mend her\u00ebn e par\u00eb dhe sot kujton me mall at\u00eb dit\u00eb kur p\u00ebr her\u00eb t\u00eb par\u00eb u hap festivali yn\u00eb, q\u00eb tashm\u00eb \u00ebsht\u00eb b\u00ebr\u00eb nj\u00eb eveniment i shum\u00ebpritur<\/p>\n","protected":false},"author":1,"featured_media":0,"comment_status":"open","ping_status":"open","sticky":false,"template":"","format":"standard","meta":{"_acf_changed":false,"pagelayer_contact_templates":[],"_pagelayer_content":"","inline_featured_image":false,"fifu_image_url":"","fifu_image_alt":"","footnotes":""},"categories":[108],"tags":[146,196,201,212,176],"class_list":["post-218","post","type-post","status-publish","format-standard","hentry","category-lajme","tag-146","tag-tirane","tag-kryepiskopi-anastas","tag-lajme-d27","tag-rinia-orthodhokse"],"acf":[],"yoast_head":"<!-- This site is optimized with the Yoast SEO plugin v27.2 - https:\/\/yoast.com\/product\/yoast-seo-wordpress\/ -->\n<title>10 vjet me Festivalin e Rinis\u00eb Orthodhokse. (Dhjetor 2008) - Kisha Orthodh\u03bfkse Autoqefale e Shqip\u00ebris\u00eb<\/title>\n<meta name=\"robots\" content=\"index, follow, max-snippet:-1, max-image-preview:large, max-video-preview:-1\" \/>\n<link rel=\"canonical\" href=\"https:\/\/orthodoxalbania.org\/2020\/2008\/02\/26\/10-vjet-me-festivalin-e-rinise-orthodhokse-dhjetor-2008\/\" \/>\n<meta property=\"og:locale\" content=\"en_US\" \/>\n<meta property=\"og:type\" content=\"article\" \/>\n<meta property=\"og:title\" content=\"10 vjet me Festivalin e Rinis\u00eb Orthodhokse. (Dhjetor 2008) - Kisha Orthodh\u03bfkse Autoqefale e Shqip\u00ebris\u00eb\" \/>\n<meta property=\"og:description\" content=\"&nbsp;&nbsp;&nbsp; Festat e fundvitit i bashkuan t\u00eb rinjt\u00eb orthodhoks\u00eb n\u00eb Festivalin tradicional, q\u00eb u zhvillua p\u00ebr t\u00eb dhjetin vit radhazi. Shfaqja u dha m\u00eb 27 dhjetor, n\u00eb sall\u00ebn e Muzeut Historik Komb\u00ebtar, n\u00eb kryeqytet. &nbsp;&nbsp;&nbsp; \u201c&#8230;Shum\u00ebkush mban mend her\u00ebn e par\u00eb dhe sot kujton me mall at\u00eb dit\u00eb kur p\u00ebr her\u00eb t\u00eb par\u00eb u hap festivali yn\u00eb, q\u00eb tashm\u00eb \u00ebsht\u00eb b\u00ebr\u00eb nj\u00eb eveniment i shum\u00ebpritur\" \/>\n<meta property=\"og:url\" content=\"https:\/\/orthodoxalbania.org\/2020\/2008\/02\/26\/10-vjet-me-festivalin-e-rinise-orthodhokse-dhjetor-2008\/\" \/>\n<meta property=\"og:site_name\" content=\"Kisha Orthodh\u03bfkse Autoqefale e Shqip\u00ebris\u00eb\" \/>\n<meta property=\"article:publisher\" content=\"https:\/\/www.facebook.com\/koash1991\" \/>\n<meta property=\"article:published_time\" content=\"2008-02-26T00:00:00+00:00\" \/>\n<meta property=\"article:modified_time\" content=\"2020-04-06T20:35:33+00:00\" \/>\n<meta property=\"og:image\" content=\"https:\/\/lh5.googleusercontent.com\/-gRMyoKHWZBM\/VIv1wRdMlaI\/AAAAAAAAHVY\/bu-QHTqQ0qU\/w400-h225-no\/1p.jpg\" \/>\n<meta name=\"author\" content=\"Kisha Orthodhokse\" \/>\n<meta name=\"twitter:card\" content=\"summary_large_image\" \/>\n<meta name=\"twitter:label1\" content=\"Written by\" \/>\n\t<meta name=\"twitter:data1\" content=\"Kisha Orthodhokse\" \/>\n\t<meta name=\"twitter:label2\" content=\"Est. reading time\" \/>\n\t<meta name=\"twitter:data2\" content=\"4 minutes\" \/>\n<script type=\"application\/ld+json\" class=\"yoast-schema-graph\">{\"@context\":\"https:\/\/schema.org\",\"@graph\":[{\"@type\":\"Article\",\"@id\":\"https:\/\/orthodoxalbania.org\/2020\/2008\/02\/26\/10-vjet-me-festivalin-e-rinise-orthodhokse-dhjetor-2008\/#article\",\"isPartOf\":{\"@id\":\"https:\/\/orthodoxalbania.org\/2020\/2008\/02\/26\/10-vjet-me-festivalin-e-rinise-orthodhokse-dhjetor-2008\/\"},\"author\":{\"name\":\"Kisha Orthodhokse\",\"@id\":\"https:\/\/orthodoxalbania.org\/2020\/#\/schema\/person\/0c387634a7063ac612d7ed9ce71c7e86\"},\"headline\":\"10 vjet me Festivalin e Rinis\u00eb Orthodhokse. (Dhjetor 2008)\",\"datePublished\":\"2008-02-26T00:00:00+00:00\",\"dateModified\":\"2020-04-06T20:35:33+00:00\",\"mainEntityOfPage\":{\"@id\":\"https:\/\/orthodoxalbania.org\/2020\/2008\/02\/26\/10-vjet-me-festivalin-e-rinise-orthodhokse-dhjetor-2008\/\"},\"wordCount\":723,\"commentCount\":0,\"publisher\":{\"@id\":\"https:\/\/orthodoxalbania.org\/2020\/#organization\"},\"image\":{\"@id\":\"https:\/\/orthodoxalbania.org\/2020\/2008\/02\/26\/10-vjet-me-festivalin-e-rinise-orthodhokse-dhjetor-2008\/#primaryimage\"},\"thumbnailUrl\":\"https:\/\/lh5.googleusercontent.com\/-gRMyoKHWZBM\/VIv1wRdMlaI\/AAAAAAAAHVY\/bu-QHTqQ0qU\/w400-h225-no\/1p.jpg\",\"keywords\":[\"2008\",\"Kryepiskopata Tiran\u00eb\",\"Kryepiskopi Anastas\",\"lajme\",\"Rinia Orthodhokse\"],\"articleSection\":[\"Lajme\"],\"inLanguage\":\"en-US\"},{\"@type\":\"WebPage\",\"@id\":\"https:\/\/orthodoxalbania.org\/2020\/2008\/02\/26\/10-vjet-me-festivalin-e-rinise-orthodhokse-dhjetor-2008\/\",\"url\":\"https:\/\/orthodoxalbania.org\/2020\/2008\/02\/26\/10-vjet-me-festivalin-e-rinise-orthodhokse-dhjetor-2008\/\",\"name\":\"10 vjet me Festivalin e Rinis\u00eb Orthodhokse. (Dhjetor 2008) - Kisha Orthodh\u03bfkse Autoqefale e Shqip\u00ebris\u00eb\",\"isPartOf\":{\"@id\":\"https:\/\/orthodoxalbania.org\/2020\/#website\"},\"primaryImageOfPage\":{\"@id\":\"https:\/\/orthodoxalbania.org\/2020\/2008\/02\/26\/10-vjet-me-festivalin-e-rinise-orthodhokse-dhjetor-2008\/#primaryimage\"},\"image\":{\"@id\":\"https:\/\/orthodoxalbania.org\/2020\/2008\/02\/26\/10-vjet-me-festivalin-e-rinise-orthodhokse-dhjetor-2008\/#primaryimage\"},\"thumbnailUrl\":\"https:\/\/lh5.googleusercontent.com\/-gRMyoKHWZBM\/VIv1wRdMlaI\/AAAAAAAAHVY\/bu-QHTqQ0qU\/w400-h225-no\/1p.jpg\",\"datePublished\":\"2008-02-26T00:00:00+00:00\",\"dateModified\":\"2020-04-06T20:35:33+00:00\",\"breadcrumb\":{\"@id\":\"https:\/\/orthodoxalbania.org\/2020\/2008\/02\/26\/10-vjet-me-festivalin-e-rinise-orthodhokse-dhjetor-2008\/#breadcrumb\"},\"inLanguage\":\"en-US\",\"potentialAction\":[{\"@type\":\"ReadAction\",\"target\":[\"https:\/\/orthodoxalbania.org\/2020\/2008\/02\/26\/10-vjet-me-festivalin-e-rinise-orthodhokse-dhjetor-2008\/\"]}]},{\"@type\":\"ImageObject\",\"inLanguage\":\"en-US\",\"@id\":\"https:\/\/orthodoxalbania.org\/2020\/2008\/02\/26\/10-vjet-me-festivalin-e-rinise-orthodhokse-dhjetor-2008\/#primaryimage\",\"url\":\"https:\/\/lh5.googleusercontent.com\/-gRMyoKHWZBM\/VIv1wRdMlaI\/AAAAAAAAHVY\/bu-QHTqQ0qU\/w400-h225-no\/1p.jpg\",\"contentUrl\":\"https:\/\/lh5.googleusercontent.com\/-gRMyoKHWZBM\/VIv1wRdMlaI\/AAAAAAAAHVY\/bu-QHTqQ0qU\/w400-h225-no\/1p.jpg\"},{\"@type\":\"BreadcrumbList\",\"@id\":\"https:\/\/orthodoxalbania.org\/2020\/2008\/02\/26\/10-vjet-me-festivalin-e-rinise-orthodhokse-dhjetor-2008\/#breadcrumb\",\"itemListElement\":[{\"@type\":\"ListItem\",\"position\":1,\"name\":\"Home\",\"item\":\"https:\/\/orthodoxalbania.org\/2020\/\"},{\"@type\":\"ListItem\",\"position\":2,\"name\":\"10 vjet me Festivalin e Rinis\u00eb Orthodhokse. (Dhjetor 2008)\"}]},{\"@type\":\"WebSite\",\"@id\":\"https:\/\/orthodoxalbania.org\/2020\/#website\",\"url\":\"https:\/\/orthodoxalbania.org\/2020\/\",\"name\":\"Kisha Orthodh\u03bfkse Autoqefale e Shqip\u00ebris\u00eb\",\"description\":\"Fqja Zyrtare e Kish\u00ebs Orthodhokse Autoqefale e Shqip\u00ebris\u00eb me lajmet edhe informacionet zyrtare p\u00ebr struktur\u00ebn edhe veprimtarin e saj.\",\"publisher\":{\"@id\":\"https:\/\/orthodoxalbania.org\/2020\/#organization\"},\"potentialAction\":[{\"@type\":\"SearchAction\",\"target\":{\"@type\":\"EntryPoint\",\"urlTemplate\":\"https:\/\/orthodoxalbania.org\/2020\/?s={search_term_string}\"},\"query-input\":{\"@type\":\"PropertyValueSpecification\",\"valueRequired\":true,\"valueName\":\"search_term_string\"}}],\"inLanguage\":\"en-US\"},{\"@type\":\"Organization\",\"@id\":\"https:\/\/orthodoxalbania.org\/2020\/#organization\",\"name\":\"Kisha Orthodhokse Autoqefale e Shqip\u00ebris\u00eb\",\"url\":\"https:\/\/orthodoxalbania.org\/2020\/\",\"logo\":{\"@type\":\"ImageObject\",\"inLanguage\":\"en-US\",\"@id\":\"https:\/\/orthodoxalbania.org\/2020\/#\/schema\/logo\/image\/\",\"url\":\"https:\/\/orthodoxalbania.org\/2020\/wp-content\/uploads\/2020\/05\/albania.jpeg\",\"contentUrl\":\"https:\/\/orthodoxalbania.org\/2020\/wp-content\/uploads\/2020\/05\/albania.jpeg\",\"width\":540,\"height\":540,\"caption\":\"Kisha Orthodhokse Autoqefale e Shqip\u00ebris\u00eb\"},\"image\":{\"@id\":\"https:\/\/orthodoxalbania.org\/2020\/#\/schema\/logo\/image\/\"},\"sameAs\":[\"https:\/\/www.facebook.com\/koash1991\"]},{\"@type\":\"Person\",\"@id\":\"https:\/\/orthodoxalbania.org\/2020\/#\/schema\/person\/0c387634a7063ac612d7ed9ce71c7e86\",\"name\":\"Kisha Orthodhokse\",\"image\":{\"@type\":\"ImageObject\",\"inLanguage\":\"en-US\",\"@id\":\"https:\/\/secure.gravatar.com\/avatar\/596e7c417251e30f2fbb9c00e026fce61a695a00e51c889caded71c96cbbdde5?s=96&d=mm&r=g\",\"url\":\"https:\/\/secure.gravatar.com\/avatar\/596e7c417251e30f2fbb9c00e026fce61a695a00e51c889caded71c96cbbdde5?s=96&d=mm&r=g\",\"contentUrl\":\"https:\/\/secure.gravatar.com\/avatar\/596e7c417251e30f2fbb9c00e026fce61a695a00e51c889caded71c96cbbdde5?s=96&d=mm&r=g\",\"caption\":\"Kisha Orthodhokse\"}}]}<\/script>\n<!-- \/ Yoast SEO plugin. -->","yoast_head_json":{"title":"10 vjet me Festivalin e Rinis\u00eb Orthodhokse. (Dhjetor 2008) - Kisha Orthodh\u03bfkse Autoqefale e Shqip\u00ebris\u00eb","robots":{"index":"index","follow":"follow","max-snippet":"max-snippet:-1","max-image-preview":"max-image-preview:large","max-video-preview":"max-video-preview:-1"},"canonical":"https:\/\/orthodoxalbania.org\/2020\/2008\/02\/26\/10-vjet-me-festivalin-e-rinise-orthodhokse-dhjetor-2008\/","og_locale":"en_US","og_type":"article","og_title":"10 vjet me Festivalin e Rinis\u00eb Orthodhokse. (Dhjetor 2008) - Kisha Orthodh\u03bfkse Autoqefale e Shqip\u00ebris\u00eb","og_description":"&nbsp;&nbsp;&nbsp; Festat e fundvitit i bashkuan t\u00eb rinjt\u00eb orthodhoks\u00eb n\u00eb Festivalin tradicional, q\u00eb u zhvillua p\u00ebr t\u00eb dhjetin vit radhazi. Shfaqja u dha m\u00eb 27 dhjetor, n\u00eb sall\u00ebn e Muzeut Historik Komb\u00ebtar, n\u00eb kryeqytet. &nbsp;&nbsp;&nbsp; \u201c&#8230;Shum\u00ebkush mban mend her\u00ebn e par\u00eb dhe sot kujton me mall at\u00eb dit\u00eb kur p\u00ebr her\u00eb t\u00eb par\u00eb u hap festivali yn\u00eb, q\u00eb tashm\u00eb \u00ebsht\u00eb b\u00ebr\u00eb nj\u00eb eveniment i shum\u00ebpritur","og_url":"https:\/\/orthodoxalbania.org\/2020\/2008\/02\/26\/10-vjet-me-festivalin-e-rinise-orthodhokse-dhjetor-2008\/","og_site_name":"Kisha Orthodh\u03bfkse Autoqefale e Shqip\u00ebris\u00eb","article_publisher":"https:\/\/www.facebook.com\/koash1991","article_published_time":"2008-02-26T00:00:00+00:00","article_modified_time":"2020-04-06T20:35:33+00:00","og_image":[{"url":"https:\/\/lh5.googleusercontent.com\/-gRMyoKHWZBM\/VIv1wRdMlaI\/AAAAAAAAHVY\/bu-QHTqQ0qU\/w400-h225-no\/1p.jpg","type":"","width":"","height":""}],"author":"Kisha Orthodhokse","twitter_card":"summary_large_image","twitter_misc":{"Written by":"Kisha Orthodhokse","Est. reading time":"4 minutes"},"schema":{"@context":"https:\/\/schema.org","@graph":[{"@type":"Article","@id":"https:\/\/orthodoxalbania.org\/2020\/2008\/02\/26\/10-vjet-me-festivalin-e-rinise-orthodhokse-dhjetor-2008\/#article","isPartOf":{"@id":"https:\/\/orthodoxalbania.org\/2020\/2008\/02\/26\/10-vjet-me-festivalin-e-rinise-orthodhokse-dhjetor-2008\/"},"author":{"name":"Kisha Orthodhokse","@id":"https:\/\/orthodoxalbania.org\/2020\/#\/schema\/person\/0c387634a7063ac612d7ed9ce71c7e86"},"headline":"10 vjet me Festivalin e Rinis\u00eb Orthodhokse. (Dhjetor 2008)","datePublished":"2008-02-26T00:00:00+00:00","dateModified":"2020-04-06T20:35:33+00:00","mainEntityOfPage":{"@id":"https:\/\/orthodoxalbania.org\/2020\/2008\/02\/26\/10-vjet-me-festivalin-e-rinise-orthodhokse-dhjetor-2008\/"},"wordCount":723,"commentCount":0,"publisher":{"@id":"https:\/\/orthodoxalbania.org\/2020\/#organization"},"image":{"@id":"https:\/\/orthodoxalbania.org\/2020\/2008\/02\/26\/10-vjet-me-festivalin-e-rinise-orthodhokse-dhjetor-2008\/#primaryimage"},"thumbnailUrl":"https:\/\/lh5.googleusercontent.com\/-gRMyoKHWZBM\/VIv1wRdMlaI\/AAAAAAAAHVY\/bu-QHTqQ0qU\/w400-h225-no\/1p.jpg","keywords":["2008","Kryepiskopata Tiran\u00eb","Kryepiskopi Anastas","lajme","Rinia Orthodhokse"],"articleSection":["Lajme"],"inLanguage":"en-US"},{"@type":"WebPage","@id":"https:\/\/orthodoxalbania.org\/2020\/2008\/02\/26\/10-vjet-me-festivalin-e-rinise-orthodhokse-dhjetor-2008\/","url":"https:\/\/orthodoxalbania.org\/2020\/2008\/02\/26\/10-vjet-me-festivalin-e-rinise-orthodhokse-dhjetor-2008\/","name":"10 vjet me Festivalin e Rinis\u00eb Orthodhokse. (Dhjetor 2008) - Kisha Orthodh\u03bfkse Autoqefale e Shqip\u00ebris\u00eb","isPartOf":{"@id":"https:\/\/orthodoxalbania.org\/2020\/#website"},"primaryImageOfPage":{"@id":"https:\/\/orthodoxalbania.org\/2020\/2008\/02\/26\/10-vjet-me-festivalin-e-rinise-orthodhokse-dhjetor-2008\/#primaryimage"},"image":{"@id":"https:\/\/orthodoxalbania.org\/2020\/2008\/02\/26\/10-vjet-me-festivalin-e-rinise-orthodhokse-dhjetor-2008\/#primaryimage"},"thumbnailUrl":"https:\/\/lh5.googleusercontent.com\/-gRMyoKHWZBM\/VIv1wRdMlaI\/AAAAAAAAHVY\/bu-QHTqQ0qU\/w400-h225-no\/1p.jpg","datePublished":"2008-02-26T00:00:00+00:00","dateModified":"2020-04-06T20:35:33+00:00","breadcrumb":{"@id":"https:\/\/orthodoxalbania.org\/2020\/2008\/02\/26\/10-vjet-me-festivalin-e-rinise-orthodhokse-dhjetor-2008\/#breadcrumb"},"inLanguage":"en-US","potentialAction":[{"@type":"ReadAction","target":["https:\/\/orthodoxalbania.org\/2020\/2008\/02\/26\/10-vjet-me-festivalin-e-rinise-orthodhokse-dhjetor-2008\/"]}]},{"@type":"ImageObject","inLanguage":"en-US","@id":"https:\/\/orthodoxalbania.org\/2020\/2008\/02\/26\/10-vjet-me-festivalin-e-rinise-orthodhokse-dhjetor-2008\/#primaryimage","url":"https:\/\/lh5.googleusercontent.com\/-gRMyoKHWZBM\/VIv1wRdMlaI\/AAAAAAAAHVY\/bu-QHTqQ0qU\/w400-h225-no\/1p.jpg","contentUrl":"https:\/\/lh5.googleusercontent.com\/-gRMyoKHWZBM\/VIv1wRdMlaI\/AAAAAAAAHVY\/bu-QHTqQ0qU\/w400-h225-no\/1p.jpg"},{"@type":"BreadcrumbList","@id":"https:\/\/orthodoxalbania.org\/2020\/2008\/02\/26\/10-vjet-me-festivalin-e-rinise-orthodhokse-dhjetor-2008\/#breadcrumb","itemListElement":[{"@type":"ListItem","position":1,"name":"Home","item":"https:\/\/orthodoxalbania.org\/2020\/"},{"@type":"ListItem","position":2,"name":"10 vjet me Festivalin e Rinis\u00eb Orthodhokse. (Dhjetor 2008)"}]},{"@type":"WebSite","@id":"https:\/\/orthodoxalbania.org\/2020\/#website","url":"https:\/\/orthodoxalbania.org\/2020\/","name":"Kisha Orthodh\u03bfkse Autoqefale e Shqip\u00ebris\u00eb","description":"Fqja Zyrtare e Kish\u00ebs Orthodhokse Autoqefale e Shqip\u00ebris\u00eb me lajmet edhe informacionet zyrtare p\u00ebr struktur\u00ebn edhe veprimtarin e saj.","publisher":{"@id":"https:\/\/orthodoxalbania.org\/2020\/#organization"},"potentialAction":[{"@type":"SearchAction","target":{"@type":"EntryPoint","urlTemplate":"https:\/\/orthodoxalbania.org\/2020\/?s={search_term_string}"},"query-input":{"@type":"PropertyValueSpecification","valueRequired":true,"valueName":"search_term_string"}}],"inLanguage":"en-US"},{"@type":"Organization","@id":"https:\/\/orthodoxalbania.org\/2020\/#organization","name":"Kisha Orthodhokse Autoqefale e Shqip\u00ebris\u00eb","url":"https:\/\/orthodoxalbania.org\/2020\/","logo":{"@type":"ImageObject","inLanguage":"en-US","@id":"https:\/\/orthodoxalbania.org\/2020\/#\/schema\/logo\/image\/","url":"https:\/\/orthodoxalbania.org\/2020\/wp-content\/uploads\/2020\/05\/albania.jpeg","contentUrl":"https:\/\/orthodoxalbania.org\/2020\/wp-content\/uploads\/2020\/05\/albania.jpeg","width":540,"height":540,"caption":"Kisha Orthodhokse Autoqefale e Shqip\u00ebris\u00eb"},"image":{"@id":"https:\/\/orthodoxalbania.org\/2020\/#\/schema\/logo\/image\/"},"sameAs":["https:\/\/www.facebook.com\/koash1991"]},{"@type":"Person","@id":"https:\/\/orthodoxalbania.org\/2020\/#\/schema\/person\/0c387634a7063ac612d7ed9ce71c7e86","name":"Kisha Orthodhokse","image":{"@type":"ImageObject","inLanguage":"en-US","@id":"https:\/\/secure.gravatar.com\/avatar\/596e7c417251e30f2fbb9c00e026fce61a695a00e51c889caded71c96cbbdde5?s=96&d=mm&r=g","url":"https:\/\/secure.gravatar.com\/avatar\/596e7c417251e30f2fbb9c00e026fce61a695a00e51c889caded71c96cbbdde5?s=96&d=mm&r=g","contentUrl":"https:\/\/secure.gravatar.com\/avatar\/596e7c417251e30f2fbb9c00e026fce61a695a00e51c889caded71c96cbbdde5?s=96&d=mm&r=g","caption":"Kisha Orthodhokse"}}]}},"_links":{"self":[{"href":"https:\/\/orthodoxalbania.org\/2020\/wp-json\/wp\/v2\/posts\/218","targetHints":{"allow":["GET"]}}],"collection":[{"href":"https:\/\/orthodoxalbania.org\/2020\/wp-json\/wp\/v2\/posts"}],"about":[{"href":"https:\/\/orthodoxalbania.org\/2020\/wp-json\/wp\/v2\/types\/post"}],"author":[{"embeddable":true,"href":"https:\/\/orthodoxalbania.org\/2020\/wp-json\/wp\/v2\/users\/1"}],"replies":[{"embeddable":true,"href":"https:\/\/orthodoxalbania.org\/2020\/wp-json\/wp\/v2\/comments?post=218"}],"version-history":[{"count":1,"href":"https:\/\/orthodoxalbania.org\/2020\/wp-json\/wp\/v2\/posts\/218\/revisions"}],"predecessor-version":[{"id":15708,"href":"https:\/\/orthodoxalbania.org\/2020\/wp-json\/wp\/v2\/posts\/218\/revisions\/15708"}],"wp:attachment":[{"href":"https:\/\/orthodoxalbania.org\/2020\/wp-json\/wp\/v2\/media?parent=218"}],"wp:term":[{"taxonomy":"category","embeddable":true,"href":"https:\/\/orthodoxalbania.org\/2020\/wp-json\/wp\/v2\/categories?post=218"},{"taxonomy":"post_tag","embeddable":true,"href":"https:\/\/orthodoxalbania.org\/2020\/wp-json\/wp\/v2\/tags?post=218"}],"curies":[{"name":"wp","href":"https:\/\/api.w.org\/{rel}","templated":true}]}}