{"id":217,"date":"2013-03-21T10:04:23","date_gmt":"2013-03-21T10:04:23","guid":{"rendered":""},"modified":"2020-04-13T00:31:04","modified_gmt":"2020-04-12T22:31:04","slug":"10-years-of-summer-camps-in-kosovo-organized-by-our-church-september-2011","status":"publish","type":"post","link":"https:\/\/orthodoxalbania.org\/2020\/en\/2013\/03\/21\/10-years-of-summer-camps-in-kosovo-organized-by-our-church-september-2011\/","title":{"rendered":"10 &#8211; Years of Summer Camps in Kosovo organized by our Church. (September 2011)"},"content":{"rendered":"<div class=\"style10\" style=\"text-align: justify;\"><span style=\"color: #000000;\"><span style=\"font-family: tahoma,geneva,sans-serif;\"><span style=\"font-size: 12px;\"><img decoding=\"async\" class=\"lazyload HAa Eha\" style=\"border-width: 1px; border-style: solid; margin: 10px; float: left;\" alt=\"\" src=\"data:image\/svg+xml,%3Csvg%20xmlns%3D%27http%3A%2F%2Fwww.w3.org%2F2000%2Fsvg%27%20width%3D%27226%27%20height%3D%27151%27%20viewBox%3D%270%200%20226%20151%27%3E%3Crect%20width%3D%27226%27%20height%3D%27151%27%20fill-opacity%3D%220%22%2F%3E%3C%2Fsvg%3E\" data-orig-src=\"https:\/\/lh3.googleusercontent.com\/-7BhXzbVyjCc\/VAQ7GrcqJuI\/AAAAAAAAChs\/nBIV2xwJaDM\/w600-h399-no\/3_600x399.JPG\" height=\"151\" width=\"226\" \/><span style=\"font-family: tahoma,geneva,sans-serif;\"><span style=\"font-size: 12px;\"><span><img decoding=\"async\" class=\"lazyload HAa Eha\" style=\"height: 167px; width: 111px; border-width: 1px; border-style: solid; margin: 10px; float: right;\" alt=\"\" src=\"data:image\/gif;base64,R0lGODlhAQABAAAAACH5BAEKAAEALAAAAAABAAEAAAICTAEAOw==\" data-orig-src=\"https:\/\/lh3.googleusercontent.com\/-4m3J5Koy6rk\/VAQ7Fqo4T-I\/AAAAAAAAChM\/4SOlhG6AL08\/w399-h600-no\/1_600x399.JPG\" \/><\/span><\/span><\/span>&nbsp;&nbsp;&nbsp; <span>Every year with the arrival of summer, children in Kosovo eagerly anticipate the beginning of summer camps held at their school. For the tenth consecutive year, the autocephalous Orthodox Church of Albania, through its Central Children\u2019s Office and many volunteers, held four summer camps for children in Malisheva, Kosovo. The camps, which lasted four days each, were held from August 14 to 31, 2011, in four villages (Begaj August 14-17, Drenoc August 18-21, <\/span>Banj\u00eb<span> August 23-26, and in Lower Caralluk\u00ebn 28-31 August). Twelve hundred children, ages 5-13, attended the camps.<\/span><\/span><\/span><\/span><\/div>\n<div class=\"style10\" style=\"text-align: justify;\"> <span style=\"color: #000000;\"><span style=\"font-family: tahoma,geneva,sans-serif;\"><span style=\"font-size: 12px;\"><span>&nbsp;&nbsp;&nbsp; The camp program was comprised of diverse activities such as songs, games, drama, and discussion groups. Each year a theme is chosen for the camp. This year\u2019s theme was \u201cHappiness,\u201d hence the camp was named Camp Happiness. In addition to discussing various aspects of happiness and where it comes from, the camp leaders began each day with a short drama.&nbsp; The children learned songs that highlighted the theme.&nbsp; <\/span>The children also enjoyed small group and large group games as well as crafts based on their ages. The joy-filled days of camp culminated in a concert celebration of poetry, song, and dance which parents attended and enjoyed.<\/span><\/span><\/span><\/div>\n<div class=\"style10\" style=\"text-align: justify;\"> <span style=\"color: #000000;\"><span style=\"font-family: tahoma,geneva,sans-serif;\"><span style=\"font-size: 12px;\"><img decoding=\"async\" class=\"lazyload HAa Eha\" style=\"border-width: 1px; border-style: solid; margin: 10px; float: left;\" alt=\"\" src=\"data:image\/svg+xml,%3Csvg%20xmlns%3D%27http%3A%2F%2Fwww.w3.org%2F2000%2Fsvg%27%20width%3D%27250%27%20height%3D%27154%27%20viewBox%3D%270%200%20250%20154%27%3E%3Crect%20width%3D%27250%27%20height%3D%27154%27%20fill-opacity%3D%220%22%2F%3E%3C%2Fsvg%3E\" data-orig-src=\"https:\/\/lh5.googleusercontent.com\/-sI4MCTppgZo\/VAQ7JxpTOtI\/AAAAAAAACiA\/dwhOjlnoao8\/w600-h399-no\/8_600x399.JPG\" height=\"154\" width=\"250\" \/><\/span><\/span><\/span><\/div>\n<div class=\"style10\" style=\"text-align: justify;\"><span style=\"color: #000000;\"><span style=\"font-family: tahoma,geneva,sans-serif;\"><span style=\"font-size: 12px;\">&nbsp;&nbsp;&nbsp; The camps, as in previous years, were a huge success. Children enjoyed learning new things about happiness and were immensely entertained in the company of each other and their teachers. \u201cEvery year, children look forward to our arrival and treat us very warmly and with gratitude and with hope that we will meet again next year.&nbsp; But this year, we were especially greeted with warmth by the children in the village Drenoc because it was our first year of summer camps there.&nbsp; We received thanks from teachers, parents and relatives of the children. The camp staff was well prepared for their work having received a special training in teaching, recreation and child development\u2014all to encourage children to achieve their full potential.\u201d \u2013 commented one of the main coordinators&nbsp; of the camp, Gabriela Hoppe.<\/span><\/span><\/span><\/div>\n<div class=\"style10\" style=\"text-align: justify;\">&nbsp;<\/div>\n<div class=\"style10\" style=\"text-align: justify;\">&nbsp;<\/div>\n<div class=\"style10\" style=\"text-align: justify;\">&nbsp;<\/div>\n<div class=\"style10\" style=\"text-align: justify;\">\n<div><span style=\"color: #000000;\"><span style=\"font-family: tahoma,geneva,sans-serif;\"><span style=\"font-size: 12px;\"><img decoding=\"async\" class=\"lazyload HAa Eha\" style=\"height: 225px; width: 338px; border-width: 1px; border-style: solid; margin: 10px auto; display: block;\" alt=\"\" src=\"data:image\/gif;base64,R0lGODlhAQABAAAAACH5BAEKAAEALAAAAAABAAEAAAICTAEAOw==\" data-orig-src=\"https:\/\/lh5.googleusercontent.com\/-MxEeaR_QU6c\/VAQ7GBQOKlI\/AAAAAAAAChU\/yMuGy-_bErk\/w600-h399-no\/2_600x399.JPG\" \/><\/span><\/span><\/span><\/div>\n<div><span style=\"color: #000000;\"><span style=\"font-family: tahoma,geneva,sans-serif;\"><span style=\"font-size: 12px;\"><img decoding=\"async\" class=\"lazyload HAa Eha\" style=\"height: 225px; width: 338px; border-width: 1px; border-style: solid; margin: 10px auto; display: block;\" alt=\"\" src=\"data:image\/gif;base64,R0lGODlhAQABAAAAACH5BAEKAAEALAAAAAABAAEAAAICTAEAOw==\" data-orig-src=\"https:\/\/lh6.googleusercontent.com\/-JgVXhiAiDRk\/VAQ7G92ubuI\/AAAAAAAAChY\/Wf75ODysVDM\/w600-h399-no\/4_600x399.JPG\" \/><\/span><\/span><\/span><\/div>\n<div><span style=\"color: #000000;\"><span style=\"font-family: tahoma,geneva,sans-serif;\"><span style=\"font-size: 12px;\"><img decoding=\"async\" class=\"lazyload HAa Eha\" style=\"height: 225px; width: 338px; border-width: 1px; border-style: solid; margin: 10px auto; display: block;\" alt=\"\" src=\"data:image\/gif;base64,R0lGODlhAQABAAAAACH5BAEKAAEALAAAAAABAAEAAAICTAEAOw==\" data-orig-src=\"https:\/\/lh6.googleusercontent.com\/-dc9vJ848cEg\/VAQ7HzoCvdI\/AAAAAAAAChk\/nRRmzjdcOrE\/w600-h399-no\/5_600x399.JPG\" \/><\/span><\/span><\/span><\/div>\n<div><span style=\"color: #000000;\"><span style=\"font-family: tahoma,geneva,sans-serif;\"><span style=\"font-size: 12px;\"><img decoding=\"async\" class=\"lazyload HAa Eha\" style=\"height: 225px; width: 338px; border-width: 1px; border-style: solid; margin: 10px auto; display: block;\" alt=\"\" src=\"data:image\/gif;base64,R0lGODlhAQABAAAAACH5BAEKAAEALAAAAAABAAEAAAICTAEAOw==\" data-orig-src=\"https:\/\/lh4.googleusercontent.com\/-WEN6zlDb9O8\/VAQ7I6CYQFI\/AAAAAAAACh8\/bzXKPM_AaiM\/w600-h399-no\/6_600x399.JPG\" \/><\/span><\/span><\/span><\/div>\n<div><span style=\"color: #000000;\"><span style=\"font-family: tahoma,geneva,sans-serif;\"><span style=\"font-size: 12px;\"><img decoding=\"async\" class=\"lazyload HAa Eha\" style=\"height: 225px; width: 338px; border-width: 1px; border-style: solid; margin: 10px auto; display: block;\" alt=\"\" src=\"data:image\/gif;base64,R0lGODlhAQABAAAAACH5BAEKAAEALAAAAAABAAEAAAICTAEAOw==\" data-orig-src=\"https:\/\/lh3.googleusercontent.com\/-JaTnJEnVets\/VAQ7Kdh_nuI\/AAAAAAAACiE\/j4rdaT35Myo\/w600-h399-no\/9_600x399.JPG\" \/><\/span><\/span><\/span><\/div>\n<div><span style=\"color: #000000;\"><span style=\"font-family: tahoma,geneva,sans-serif;\"><span style=\"font-size: 12px;\"><img decoding=\"async\" class=\"lazyload HAa Eha\" style=\"height: 225px; width: 338px; border-width: 1px; border-style: solid; margin: 10px auto; display: block;\" alt=\"\" src=\"data:image\/gif;base64,R0lGODlhAQABAAAAACH5BAEKAAEALAAAAAABAAEAAAICTAEAOw==\" data-orig-src=\"https:\/\/lh4.googleusercontent.com\/-h4Rh2gZ-d5c\/VAQ7FdzKsmI\/AAAAAAAAChI\/zhNvEbMEsP0\/w600-h399-no\/10_600x399.JPG\" \/><\/span><\/span><\/span><\/div>\n<div><span style=\"color: #000000;\"><span style=\"font-family: tahoma,geneva,sans-serif;\"><span style=\"font-size: 12px;\"><img decoding=\"async\" class=\"lazyload HAa Eha\" style=\"height: 225px; width: 338px; border-width: 1px; border-style: solid; margin: 10px auto; display: block;\" alt=\"\" src=\"data:image\/gif;base64,R0lGODlhAQABAAAAACH5BAEKAAEALAAAAAABAAEAAAICTAEAOw==\" data-orig-src=\"https:\/\/lh5.googleusercontent.com\/-8xTHrMGTgeg\/VAQ7FquCgxI\/AAAAAAAACiQ\/2OyJFNsOz-Y\/w600-h399-no\/11_600x399.JPG\" \/><\/span><\/span><\/span><\/div>\n<div><span style=\"color: #000000;\"><span style=\"font-family: tahoma,geneva,sans-serif;\"><span style=\"font-size: 12px;\"><img decoding=\"async\" class=\"lazyload HAa Eha\" style=\"border-width: 1px; border-style: solid; margin: 10px auto; display: block;\" alt=\"\" src=\"data:image\/svg+xml,%3Csvg%20xmlns%3D%27http%3A%2F%2Fwww.w3.org%2F2000%2Fsvg%27%20width%3D%27343%27%20height%3D%27220%27%20viewBox%3D%270%200%20343%20220%27%3E%3Crect%20width%3D%27343%27%20height%3D%27220%27%20fill-opacity%3D%220%22%2F%3E%3C%2Fsvg%3E\" data-orig-src=\"https:\/\/lh6.googleusercontent.com\/-JEDF9eBo0Hk\/VAQ7JNHls-I\/AAAAAAAACiI\/uvsMCQFqb_E\/w399-h600-no\/7_399x600.JPG\" height=\"220\" width=\"343\" \/><\/span><\/span><\/span><\/div>\n<\/div>\n<div style=\"text-align: right;\">&nbsp;<\/div>\n<div style=\"text-align: right;\"><span style=\"color: #000000;\"><span style=\"font-family: tahoma,geneva,sans-serif;\"><span style=\"font-size: 12px;\"><strong>The Children\u2019s Office<\/strong><\/span><\/span><\/span><\/div>\n<div style=\"text-align: right;\">&nbsp;<\/div>\n<div style=\"text-align: right;\"><span style=\"color: #000000;\"><span style=\"font-family: tahoma,geneva,sans-serif;\"><span style=\"font-size: 12px;\">Translated by <strong>Kristiana Panariti<\/strong><\/span><\/span><\/span><\/div>\n","protected":false},"excerpt":{"rendered":"<p>&nbsp;&nbsp;&nbsp; Every year with the arrival of summer, children in Kosovo eagerly anticipate the beginning of summer camps held at their school. For the tenth consecutive year, the autocephalous Orthodox Church of Albania, through its Central Children\u2019s Office and many volunteers, held four summer camps for children in Malisheva, Kosovo. The camps, which lasted four days each, were held from August 14 to 31, 2011,<\/p>\n","protected":false},"author":7,"featured_media":0,"comment_status":"open","ping_status":"open","sticky":false,"template":"","format":"standard","meta":{"_acf_changed":false,"pagelayer_contact_templates":[],"_pagelayer_content":"","inline_featured_image":false,"fifu_image_url":"","fifu_image_alt":"","footnotes":""},"categories":[1455,311],"tags":[1133,1788,1794],"class_list":["post-217","post","type-post","status-publish","format-standard","hentry","category-news-en","category-news-d25","tag-2011-en","tag-kampe-verore-en","tag-rinia-orthodhokse-en"],"acf":[],"yoast_head":"<!-- This site is optimized with the Yoast SEO plugin v27.2 - https:\/\/yoast.com\/product\/yoast-seo-wordpress\/ -->\n<title>10 - Years of Summer Camps in Kosovo organized by our Church. (September 2011) - Kisha Orthodh\u03bfkse Autoqefale e Shqip\u00ebris\u00eb<\/title>\n<meta name=\"robots\" content=\"index, follow, max-snippet:-1, max-image-preview:large, max-video-preview:-1\" \/>\n<link rel=\"canonical\" href=\"https:\/\/orthodoxalbania.org\/2020\/en\/2013\/03\/21\/10-years-of-summer-camps-in-kosovo-organized-by-our-church-september-2011\/\" \/>\n<meta property=\"og:locale\" content=\"en_US\" \/>\n<meta property=\"og:type\" content=\"article\" \/>\n<meta property=\"og:title\" content=\"10 - Years of Summer Camps in Kosovo organized by our Church. (September 2011) - Kisha Orthodh\u03bfkse Autoqefale e Shqip\u00ebris\u00eb\" \/>\n<meta property=\"og:description\" content=\"&nbsp;&nbsp;&nbsp; Every year with the arrival of summer, children in Kosovo eagerly anticipate the beginning of summer camps held at their school. For the tenth consecutive year, the autocephalous Orthodox Church of Albania, through its Central Children\u2019s Office and many volunteers, held four summer camps for children in Malisheva, Kosovo. The camps, which lasted four days each, were held from August 14 to 31, 2011,\" \/>\n<meta property=\"og:url\" content=\"https:\/\/orthodoxalbania.org\/2020\/en\/2013\/03\/21\/10-years-of-summer-camps-in-kosovo-organized-by-our-church-september-2011\/\" \/>\n<meta property=\"og:site_name\" content=\"Kisha Orthodh\u03bfkse Autoqefale e Shqip\u00ebris\u00eb\" \/>\n<meta property=\"article:publisher\" content=\"https:\/\/www.facebook.com\/koash1991\" \/>\n<meta property=\"article:published_time\" content=\"2013-03-21T10:04:23+00:00\" \/>\n<meta property=\"article:modified_time\" content=\"2020-04-12T22:31:04+00:00\" \/>\n<meta property=\"og:image\" content=\"https:\/\/lh3.googleusercontent.com\/-7BhXzbVyjCc\/VAQ7GrcqJuI\/AAAAAAAAChs\/nBIV2xwJaDM\/w600-h399-no\/3_600x399.JPG\" \/>\n<meta name=\"author\" content=\"Kisha Orthodhokse\" \/>\n<meta name=\"twitter:card\" content=\"summary_large_image\" \/>\n<meta name=\"twitter:label1\" content=\"Written by\" \/>\n\t<meta name=\"twitter:data1\" content=\"Kisha Orthodhokse\" \/>\n\t<meta name=\"twitter:label2\" content=\"Est. reading time\" \/>\n\t<meta name=\"twitter:data2\" content=\"2 minutes\" \/>\n<script type=\"application\/ld+json\" class=\"yoast-schema-graph\">{\"@context\":\"https:\/\/schema.org\",\"@graph\":[{\"@type\":\"Article\",\"@id\":\"https:\/\/orthodoxalbania.org\/2020\/en\/2013\/03\/21\/10-years-of-summer-camps-in-kosovo-organized-by-our-church-september-2011\/#article\",\"isPartOf\":{\"@id\":\"https:\/\/orthodoxalbania.org\/2020\/en\/2013\/03\/21\/10-years-of-summer-camps-in-kosovo-organized-by-our-church-september-2011\/\"},\"author\":{\"name\":\"Kisha Orthodhokse\",\"@id\":\"https:\/\/orthodoxalbania.org\/2020\/#\/schema\/person\/df745f942b70e045b3dc05a30211f0de\"},\"headline\":\"10 &#8211; Years of Summer Camps in Kosovo organized by our Church. (September 2011)\",\"datePublished\":\"2013-03-21T10:04:23+00:00\",\"dateModified\":\"2020-04-12T22:31:04+00:00\",\"mainEntityOfPage\":{\"@id\":\"https:\/\/orthodoxalbania.org\/2020\/en\/2013\/03\/21\/10-years-of-summer-camps-in-kosovo-organized-by-our-church-september-2011\/\"},\"wordCount\":368,\"commentCount\":0,\"publisher\":{\"@id\":\"https:\/\/orthodoxalbania.org\/2020\/#organization\"},\"image\":{\"@id\":\"https:\/\/orthodoxalbania.org\/2020\/en\/2013\/03\/21\/10-years-of-summer-camps-in-kosovo-organized-by-our-church-september-2011\/#primaryimage\"},\"thumbnailUrl\":\"https:\/\/lh3.googleusercontent.com\/-7BhXzbVyjCc\/VAQ7GrcqJuI\/AAAAAAAAChs\/nBIV2xwJaDM\/w600-h399-no\/3_600x399.JPG\",\"keywords\":[\"2011\",\"Kampe verore\",\"Rinia Orthodhokse\"],\"articleSection\":[\"News - \u0395\u039d\",\"News old page\"],\"inLanguage\":\"en-US\"},{\"@type\":\"WebPage\",\"@id\":\"https:\/\/orthodoxalbania.org\/2020\/en\/2013\/03\/21\/10-years-of-summer-camps-in-kosovo-organized-by-our-church-september-2011\/\",\"url\":\"https:\/\/orthodoxalbania.org\/2020\/en\/2013\/03\/21\/10-years-of-summer-camps-in-kosovo-organized-by-our-church-september-2011\/\",\"name\":\"10 - Years of Summer Camps in Kosovo organized by our Church. (September 2011) - Kisha Orthodh\u03bfkse Autoqefale e Shqip\u00ebris\u00eb\",\"isPartOf\":{\"@id\":\"https:\/\/orthodoxalbania.org\/2020\/#website\"},\"primaryImageOfPage\":{\"@id\":\"https:\/\/orthodoxalbania.org\/2020\/en\/2013\/03\/21\/10-years-of-summer-camps-in-kosovo-organized-by-our-church-september-2011\/#primaryimage\"},\"image\":{\"@id\":\"https:\/\/orthodoxalbania.org\/2020\/en\/2013\/03\/21\/10-years-of-summer-camps-in-kosovo-organized-by-our-church-september-2011\/#primaryimage\"},\"thumbnailUrl\":\"https:\/\/lh3.googleusercontent.com\/-7BhXzbVyjCc\/VAQ7GrcqJuI\/AAAAAAAAChs\/nBIV2xwJaDM\/w600-h399-no\/3_600x399.JPG\",\"datePublished\":\"2013-03-21T10:04:23+00:00\",\"dateModified\":\"2020-04-12T22:31:04+00:00\",\"breadcrumb\":{\"@id\":\"https:\/\/orthodoxalbania.org\/2020\/en\/2013\/03\/21\/10-years-of-summer-camps-in-kosovo-organized-by-our-church-september-2011\/#breadcrumb\"},\"inLanguage\":\"en-US\",\"potentialAction\":[{\"@type\":\"ReadAction\",\"target\":[\"https:\/\/orthodoxalbania.org\/2020\/en\/2013\/03\/21\/10-years-of-summer-camps-in-kosovo-organized-by-our-church-september-2011\/\"]}]},{\"@type\":\"ImageObject\",\"inLanguage\":\"en-US\",\"@id\":\"https:\/\/orthodoxalbania.org\/2020\/en\/2013\/03\/21\/10-years-of-summer-camps-in-kosovo-organized-by-our-church-september-2011\/#primaryimage\",\"url\":\"https:\/\/lh3.googleusercontent.com\/-7BhXzbVyjCc\/VAQ7GrcqJuI\/AAAAAAAAChs\/nBIV2xwJaDM\/w600-h399-no\/3_600x399.JPG\",\"contentUrl\":\"https:\/\/lh3.googleusercontent.com\/-7BhXzbVyjCc\/VAQ7GrcqJuI\/AAAAAAAAChs\/nBIV2xwJaDM\/w600-h399-no\/3_600x399.JPG\"},{\"@type\":\"BreadcrumbList\",\"@id\":\"https:\/\/orthodoxalbania.org\/2020\/en\/2013\/03\/21\/10-years-of-summer-camps-in-kosovo-organized-by-our-church-september-2011\/#breadcrumb\",\"itemListElement\":[{\"@type\":\"ListItem\",\"position\":1,\"name\":\"Home\",\"item\":\"https:\/\/orthodoxalbania.org\/2020\/\"},{\"@type\":\"ListItem\",\"position\":2,\"name\":\"10 &#8211; Years of Summer Camps in Kosovo organized by our Church. (September 2011)\"}]},{\"@type\":\"WebSite\",\"@id\":\"https:\/\/orthodoxalbania.org\/2020\/#website\",\"url\":\"https:\/\/orthodoxalbania.org\/2020\/\",\"name\":\"Kisha Orthodh\u03bfkse Autoqefale e Shqip\u00ebris\u00eb\",\"description\":\"Fqja Zyrtare e Kish\u00ebs Orthodhokse Autoqefale e Shqip\u00ebris\u00eb me lajmet edhe informacionet zyrtare p\u00ebr struktur\u00ebn edhe veprimtarin e saj.\",\"publisher\":{\"@id\":\"https:\/\/orthodoxalbania.org\/2020\/#organization\"},\"potentialAction\":[{\"@type\":\"SearchAction\",\"target\":{\"@type\":\"EntryPoint\",\"urlTemplate\":\"https:\/\/orthodoxalbania.org\/2020\/?s={search_term_string}\"},\"query-input\":{\"@type\":\"PropertyValueSpecification\",\"valueRequired\":true,\"valueName\":\"search_term_string\"}}],\"inLanguage\":\"en-US\"},{\"@type\":\"Organization\",\"@id\":\"https:\/\/orthodoxalbania.org\/2020\/#organization\",\"name\":\"Kisha Orthodhokse Autoqefale e Shqip\u00ebris\u00eb\",\"url\":\"https:\/\/orthodoxalbania.org\/2020\/\",\"logo\":{\"@type\":\"ImageObject\",\"inLanguage\":\"en-US\",\"@id\":\"https:\/\/orthodoxalbania.org\/2020\/#\/schema\/logo\/image\/\",\"url\":\"https:\/\/orthodoxalbania.org\/2020\/wp-content\/uploads\/2020\/05\/albania.jpeg\",\"contentUrl\":\"https:\/\/orthodoxalbania.org\/2020\/wp-content\/uploads\/2020\/05\/albania.jpeg\",\"width\":540,\"height\":540,\"caption\":\"Kisha Orthodhokse Autoqefale e Shqip\u00ebris\u00eb\"},\"image\":{\"@id\":\"https:\/\/orthodoxalbania.org\/2020\/#\/schema\/logo\/image\/\"},\"sameAs\":[\"https:\/\/www.facebook.com\/koash1991\"]},{\"@type\":\"Person\",\"@id\":\"https:\/\/orthodoxalbania.org\/2020\/#\/schema\/person\/df745f942b70e045b3dc05a30211f0de\",\"name\":\"Kisha Orthodhokse\",\"image\":{\"@type\":\"ImageObject\",\"inLanguage\":\"en-US\",\"@id\":\"https:\/\/secure.gravatar.com\/avatar\/2676eb8d97178435c9f691a7871595a1da6c33542dec218bce40885573150e28?s=96&d=mm&r=g\",\"url\":\"https:\/\/secure.gravatar.com\/avatar\/2676eb8d97178435c9f691a7871595a1da6c33542dec218bce40885573150e28?s=96&d=mm&r=g\",\"contentUrl\":\"https:\/\/secure.gravatar.com\/avatar\/2676eb8d97178435c9f691a7871595a1da6c33542dec218bce40885573150e28?s=96&d=mm&r=g\",\"caption\":\"Kisha Orthodhokse\"}}]}<\/script>\n<!-- \/ Yoast SEO plugin. -->","yoast_head_json":{"title":"10 - Years of Summer Camps in Kosovo organized by our Church. (September 2011) - Kisha Orthodh\u03bfkse Autoqefale e Shqip\u00ebris\u00eb","robots":{"index":"index","follow":"follow","max-snippet":"max-snippet:-1","max-image-preview":"max-image-preview:large","max-video-preview":"max-video-preview:-1"},"canonical":"https:\/\/orthodoxalbania.org\/2020\/en\/2013\/03\/21\/10-years-of-summer-camps-in-kosovo-organized-by-our-church-september-2011\/","og_locale":"en_US","og_type":"article","og_title":"10 - Years of Summer Camps in Kosovo organized by our Church. (September 2011) - Kisha Orthodh\u03bfkse Autoqefale e Shqip\u00ebris\u00eb","og_description":"&nbsp;&nbsp;&nbsp; Every year with the arrival of summer, children in Kosovo eagerly anticipate the beginning of summer camps held at their school. For the tenth consecutive year, the autocephalous Orthodox Church of Albania, through its Central Children\u2019s Office and many volunteers, held four summer camps for children in Malisheva, Kosovo. The camps, which lasted four days each, were held from August 14 to 31, 2011,","og_url":"https:\/\/orthodoxalbania.org\/2020\/en\/2013\/03\/21\/10-years-of-summer-camps-in-kosovo-organized-by-our-church-september-2011\/","og_site_name":"Kisha Orthodh\u03bfkse Autoqefale e Shqip\u00ebris\u00eb","article_publisher":"https:\/\/www.facebook.com\/koash1991","article_published_time":"2013-03-21T10:04:23+00:00","article_modified_time":"2020-04-12T22:31:04+00:00","og_image":[{"url":"https:\/\/lh3.googleusercontent.com\/-7BhXzbVyjCc\/VAQ7GrcqJuI\/AAAAAAAAChs\/nBIV2xwJaDM\/w600-h399-no\/3_600x399.JPG","type":"","width":"","height":""}],"author":"Kisha Orthodhokse","twitter_card":"summary_large_image","twitter_misc":{"Written by":"Kisha Orthodhokse","Est. reading time":"2 minutes"},"schema":{"@context":"https:\/\/schema.org","@graph":[{"@type":"Article","@id":"https:\/\/orthodoxalbania.org\/2020\/en\/2013\/03\/21\/10-years-of-summer-camps-in-kosovo-organized-by-our-church-september-2011\/#article","isPartOf":{"@id":"https:\/\/orthodoxalbania.org\/2020\/en\/2013\/03\/21\/10-years-of-summer-camps-in-kosovo-organized-by-our-church-september-2011\/"},"author":{"name":"Kisha Orthodhokse","@id":"https:\/\/orthodoxalbania.org\/2020\/#\/schema\/person\/df745f942b70e045b3dc05a30211f0de"},"headline":"10 &#8211; Years of Summer Camps in Kosovo organized by our Church. (September 2011)","datePublished":"2013-03-21T10:04:23+00:00","dateModified":"2020-04-12T22:31:04+00:00","mainEntityOfPage":{"@id":"https:\/\/orthodoxalbania.org\/2020\/en\/2013\/03\/21\/10-years-of-summer-camps-in-kosovo-organized-by-our-church-september-2011\/"},"wordCount":368,"commentCount":0,"publisher":{"@id":"https:\/\/orthodoxalbania.org\/2020\/#organization"},"image":{"@id":"https:\/\/orthodoxalbania.org\/2020\/en\/2013\/03\/21\/10-years-of-summer-camps-in-kosovo-organized-by-our-church-september-2011\/#primaryimage"},"thumbnailUrl":"https:\/\/lh3.googleusercontent.com\/-7BhXzbVyjCc\/VAQ7GrcqJuI\/AAAAAAAAChs\/nBIV2xwJaDM\/w600-h399-no\/3_600x399.JPG","keywords":["2011","Kampe verore","Rinia Orthodhokse"],"articleSection":["News - \u0395\u039d","News old page"],"inLanguage":"en-US"},{"@type":"WebPage","@id":"https:\/\/orthodoxalbania.org\/2020\/en\/2013\/03\/21\/10-years-of-summer-camps-in-kosovo-organized-by-our-church-september-2011\/","url":"https:\/\/orthodoxalbania.org\/2020\/en\/2013\/03\/21\/10-years-of-summer-camps-in-kosovo-organized-by-our-church-september-2011\/","name":"10 - Years of Summer Camps in Kosovo organized by our Church. (September 2011) - Kisha Orthodh\u03bfkse Autoqefale e Shqip\u00ebris\u00eb","isPartOf":{"@id":"https:\/\/orthodoxalbania.org\/2020\/#website"},"primaryImageOfPage":{"@id":"https:\/\/orthodoxalbania.org\/2020\/en\/2013\/03\/21\/10-years-of-summer-camps-in-kosovo-organized-by-our-church-september-2011\/#primaryimage"},"image":{"@id":"https:\/\/orthodoxalbania.org\/2020\/en\/2013\/03\/21\/10-years-of-summer-camps-in-kosovo-organized-by-our-church-september-2011\/#primaryimage"},"thumbnailUrl":"https:\/\/lh3.googleusercontent.com\/-7BhXzbVyjCc\/VAQ7GrcqJuI\/AAAAAAAAChs\/nBIV2xwJaDM\/w600-h399-no\/3_600x399.JPG","datePublished":"2013-03-21T10:04:23+00:00","dateModified":"2020-04-12T22:31:04+00:00","breadcrumb":{"@id":"https:\/\/orthodoxalbania.org\/2020\/en\/2013\/03\/21\/10-years-of-summer-camps-in-kosovo-organized-by-our-church-september-2011\/#breadcrumb"},"inLanguage":"en-US","potentialAction":[{"@type":"ReadAction","target":["https:\/\/orthodoxalbania.org\/2020\/en\/2013\/03\/21\/10-years-of-summer-camps-in-kosovo-organized-by-our-church-september-2011\/"]}]},{"@type":"ImageObject","inLanguage":"en-US","@id":"https:\/\/orthodoxalbania.org\/2020\/en\/2013\/03\/21\/10-years-of-summer-camps-in-kosovo-organized-by-our-church-september-2011\/#primaryimage","url":"https:\/\/lh3.googleusercontent.com\/-7BhXzbVyjCc\/VAQ7GrcqJuI\/AAAAAAAAChs\/nBIV2xwJaDM\/w600-h399-no\/3_600x399.JPG","contentUrl":"https:\/\/lh3.googleusercontent.com\/-7BhXzbVyjCc\/VAQ7GrcqJuI\/AAAAAAAAChs\/nBIV2xwJaDM\/w600-h399-no\/3_600x399.JPG"},{"@type":"BreadcrumbList","@id":"https:\/\/orthodoxalbania.org\/2020\/en\/2013\/03\/21\/10-years-of-summer-camps-in-kosovo-organized-by-our-church-september-2011\/#breadcrumb","itemListElement":[{"@type":"ListItem","position":1,"name":"Home","item":"https:\/\/orthodoxalbania.org\/2020\/"},{"@type":"ListItem","position":2,"name":"10 &#8211; Years of Summer Camps in Kosovo organized by our Church. (September 2011)"}]},{"@type":"WebSite","@id":"https:\/\/orthodoxalbania.org\/2020\/#website","url":"https:\/\/orthodoxalbania.org\/2020\/","name":"Kisha Orthodh\u03bfkse Autoqefale e Shqip\u00ebris\u00eb","description":"Fqja Zyrtare e Kish\u00ebs Orthodhokse Autoqefale e Shqip\u00ebris\u00eb me lajmet edhe informacionet zyrtare p\u00ebr struktur\u00ebn edhe veprimtarin e saj.","publisher":{"@id":"https:\/\/orthodoxalbania.org\/2020\/#organization"},"potentialAction":[{"@type":"SearchAction","target":{"@type":"EntryPoint","urlTemplate":"https:\/\/orthodoxalbania.org\/2020\/?s={search_term_string}"},"query-input":{"@type":"PropertyValueSpecification","valueRequired":true,"valueName":"search_term_string"}}],"inLanguage":"en-US"},{"@type":"Organization","@id":"https:\/\/orthodoxalbania.org\/2020\/#organization","name":"Kisha Orthodhokse Autoqefale e Shqip\u00ebris\u00eb","url":"https:\/\/orthodoxalbania.org\/2020\/","logo":{"@type":"ImageObject","inLanguage":"en-US","@id":"https:\/\/orthodoxalbania.org\/2020\/#\/schema\/logo\/image\/","url":"https:\/\/orthodoxalbania.org\/2020\/wp-content\/uploads\/2020\/05\/albania.jpeg","contentUrl":"https:\/\/orthodoxalbania.org\/2020\/wp-content\/uploads\/2020\/05\/albania.jpeg","width":540,"height":540,"caption":"Kisha Orthodhokse Autoqefale e Shqip\u00ebris\u00eb"},"image":{"@id":"https:\/\/orthodoxalbania.org\/2020\/#\/schema\/logo\/image\/"},"sameAs":["https:\/\/www.facebook.com\/koash1991"]},{"@type":"Person","@id":"https:\/\/orthodoxalbania.org\/2020\/#\/schema\/person\/df745f942b70e045b3dc05a30211f0de","name":"Kisha Orthodhokse","image":{"@type":"ImageObject","inLanguage":"en-US","@id":"https:\/\/secure.gravatar.com\/avatar\/2676eb8d97178435c9f691a7871595a1da6c33542dec218bce40885573150e28?s=96&d=mm&r=g","url":"https:\/\/secure.gravatar.com\/avatar\/2676eb8d97178435c9f691a7871595a1da6c33542dec218bce40885573150e28?s=96&d=mm&r=g","contentUrl":"https:\/\/secure.gravatar.com\/avatar\/2676eb8d97178435c9f691a7871595a1da6c33542dec218bce40885573150e28?s=96&d=mm&r=g","caption":"Kisha Orthodhokse"}}]}},"_links":{"self":[{"href":"https:\/\/orthodoxalbania.org\/2020\/wp-json\/wp\/v2\/posts\/217","targetHints":{"allow":["GET"]}}],"collection":[{"href":"https:\/\/orthodoxalbania.org\/2020\/wp-json\/wp\/v2\/posts"}],"about":[{"href":"https:\/\/orthodoxalbania.org\/2020\/wp-json\/wp\/v2\/types\/post"}],"author":[{"embeddable":true,"href":"https:\/\/orthodoxalbania.org\/2020\/wp-json\/wp\/v2\/users\/7"}],"replies":[{"embeddable":true,"href":"https:\/\/orthodoxalbania.org\/2020\/wp-json\/wp\/v2\/comments?post=217"}],"version-history":[{"count":1,"href":"https:\/\/orthodoxalbania.org\/2020\/wp-json\/wp\/v2\/posts\/217\/revisions"}],"predecessor-version":[{"id":17775,"href":"https:\/\/orthodoxalbania.org\/2020\/wp-json\/wp\/v2\/posts\/217\/revisions\/17775"}],"wp:attachment":[{"href":"https:\/\/orthodoxalbania.org\/2020\/wp-json\/wp\/v2\/media?parent=217"}],"wp:term":[{"taxonomy":"category","embeddable":true,"href":"https:\/\/orthodoxalbania.org\/2020\/wp-json\/wp\/v2\/categories?post=217"},{"taxonomy":"post_tag","embeddable":true,"href":"https:\/\/orthodoxalbania.org\/2020\/wp-json\/wp\/v2\/tags?post=217"}],"curies":[{"name":"wp","href":"https:\/\/api.w.org\/{rel}","templated":true}]}}