{"id":2154,"date":"2020-08-21T00:00:20","date_gmt":"2020-08-20T22:00:20","guid":{"rendered":"https:\/\/orthodoxalbania.org\/2020\/2020\/08\/21\/apostull-tadeu\/"},"modified":"2020-08-20T18:42:54","modified_gmt":"2020-08-20T16:42:54","slug":"apostull-tadeu","status":"publish","type":"post","link":"https:\/\/orthodoxalbania.org\/2020\/2020\/08\/21\/apostull-tadeu\/","title":{"rendered":"Apostull Tadeu. D\u00ebshmore Vasa me f\u00ebmij\u00ebt e saj: Theogni, Agapiu, Pisti."},"content":{"rendered":"<div id=\"js_2\" class=\"_5pbx userContent _3576\" data-testid=\"post_message\" data-ft=\"{&quot;tn&quot;:&quot;K&quot;}\">\n<h4><\/h4>\n<h4 style=\"text-align: center;\"><strong>Apostull Tadeu\u00a0<\/strong><\/h4>\n<p style=\"text-align: justify;\">Vinte nga qyteti i Edes\u00ebs n\u00eb Siri, nga nj\u00eb familje hebre, nga e cila kishte marr\u00eb nj\u00eb njohje t\u00eb shk\u00eblqyer t\u00eb Shkrimeve. Shkoi n\u00eb Jerusalem p\u00ebr nj\u00eb pelegrinazh dhe, kur d\u00ebgjoi sh\u00ebn Joan Pag\u00ebzorin t\u00eb fliste p\u00ebr pendimin, plot entuziaz\u00ebm u pag\u00ebzua prej tij. Pak koh\u00eb m\u00eb von\u00eb takoi edhe vet\u00eb Zotin Krisht. Mrekullit\u00eb e shumta q\u00eb Jisui kryente dhe jeta e tij e panjoll\u00eb e bindi Tadeun se ai ishte Zoti dhe k\u00ebshtu u bashkua me grupin e dishepujve t\u00eb Krishtit dhe e ndoqi at\u00eb.<\/p>\n<p style=\"text-align: justify;\">Sipas premtimit q\u00eb Zoti i kishte b\u00ebr\u00eb mbretit Abgar, i cili e kishte ftuar t\u00eb vinte e ta sh\u00ebronte, pas Ngjitjes s\u00eb Zotit n\u00eb qiell, ai e d\u00ebrgoi Tadeun n\u00eb Edes\u00eb p\u00ebr ta pag\u00ebzuar dhe p\u00ebr ta sh\u00ebruar t\u00ebr\u00ebsisht nga lebra. Apostulli i zjarrt\u00eb e pag\u00ebzoi at\u00eb dhe shum\u00eb banor\u00eb t\u00eb mbret\u00ebris\u00eb e cila ishte e para q\u00eb shpalli se ishte e krishter\u00eb.<\/p>\n<p style=\"text-align: justify;\">Atje apostulli nd\u00ebrtoi shum\u00eb kisha dhe m\u00eb pas filloi t\u00eb predikonte Ungjillin e Krishtit n\u00eb qytete t\u00eb tjera t\u00eb Siris\u00eb, sipas disa t\u00eb tjer\u00ebve n\u00eb Mesopotami. Kur arriti n\u00eb Berite (Bejrut), n\u00eb Feniki, pag\u00ebzoi nj\u00eb num\u00ebr t\u00eb madh pagan\u00ebsh, atje dha dhe frym\u00ebn e tij. Lipsani i apostull Tadeut u transferua n\u00eb Konstandinopoj\u00eb bashk\u00eb me lipsanin e sh\u00ebn Andreas, nga sh\u00ebn Artemi n\u00eb vitin 337.<\/p>\n<p style=\"text-align: justify;\">\n<p style=\"text-align: center;\"><strong>* * * *<\/strong><\/p>\n<p style=\"text-align: center;\"><img decoding=\"async\" class=\"lazyload alignnone size-full wp-image-24961\" src=\"https:\/\/orthodoxalbania.org\/2020\/wp-content\/uploads\/2013\/08\/DESH-VASA-AGAPIO-PISO-THEOGJEN.jpg\" data-orig-src=\"https:\/\/orthodoxalbania.org\/2020\/wp-content\/uploads\/2013\/08\/DESH-VASA-AGAPIO-PISO-THEOGJEN.jpg\" alt=\"\" width=\"662\" height=\"960\" srcset=\"data:image\/svg+xml,%3Csvg%20xmlns%3D%27http%3A%2F%2Fwww.w3.org%2F2000%2Fsvg%27%20width%3D%27662%27%20height%3D%27960%27%20viewBox%3D%270%200%20662%20960%27%3E%3Crect%20width%3D%27662%27%20height%3D%27960%27%20fill-opacity%3D%220%22%2F%3E%3C%2Fsvg%3E\" data-srcset=\"https:\/\/orthodoxalbania.org\/2020\/wp-content\/uploads\/2013\/08\/DESH-VASA-AGAPIO-PISO-THEOGJEN-200x290.jpg 200w, https:\/\/orthodoxalbania.org\/2020\/wp-content\/uploads\/2013\/08\/DESH-VASA-AGAPIO-PISO-THEOGJEN-207x300.jpg 207w, https:\/\/orthodoxalbania.org\/2020\/wp-content\/uploads\/2013\/08\/DESH-VASA-AGAPIO-PISO-THEOGJEN-400x580.jpg 400w, https:\/\/orthodoxalbania.org\/2020\/wp-content\/uploads\/2013\/08\/DESH-VASA-AGAPIO-PISO-THEOGJEN-600x870.jpg 600w, https:\/\/orthodoxalbania.org\/2020\/wp-content\/uploads\/2013\/08\/DESH-VASA-AGAPIO-PISO-THEOGJEN.jpg 662w\" data-sizes=\"auto\" data-orig-sizes=\"(max-width: 662px) 100vw, 662px\" \/><\/p>\n<h4><\/h4>\n<h4 style=\"text-align: center;\"><strong>D\u00ebshmore Vasa me f\u00ebmij\u00ebt e saj: Theogni, Agapiu, Pisti.<\/strong><\/h4>\n<p>&nbsp;<\/p>\n<p style=\"text-align: justify;\">Kur perandori Maksimian publikoi nj\u00eb dekret, ku urdh\u00ebronte n\u00ebnshtetasit t\u2019u ofronin sakrifica per\u00ebndive pagane. Ai d\u00ebrgoi lajm\u00ebtar\u00eb n\u00eb mbar\u00eb perandorin\u00eb. Kur ky lajm mb\u00ebrriti edhe n\u00eb Edes\u00eb, Pamfili, prokonsulli i Heladh\u00ebs dhe Vincentinusi, prokonsulli dhe vikari i Maqedonis\u00eb e i Thesalis\u00eb urdh\u00ebruan zbatimin e menj\u00ebhersh\u00ebm t\u00eb tij. Shum\u00eb t\u00eb krishter\u00eb t\u00eb frik\u00ebsuar iu bind\u00ebn, por ata q\u00eb ishin t\u00eb themelosur fort n\u00eb besim, b\u00ebn\u00eb rezistenc\u00eb heroike.<\/p>\n<p style=\"text-align: justify;\">Mes t\u00eb tyre ishte edhe sh\u00ebn Vasa e bijt\u00eb e saj. Ajo ishte e krishter\u00eb e rangut senatorial. Ishte martuar me nj\u00eb far\u00eb Valeriani, prift idhujtar dhe nj\u00eb prej fisnik\u00ebve m\u00eb t\u00eb njohur t\u00eb qytetit, i cili i ofroi i pari sakrificat. At\u00ebher\u00eb Vasa mori tre bijt\u00eb e saj: Theognin, Agapin dhe Piston, e u tha se n\u00ebse i ati i ishte dor\u00ebzuar pushtetit t\u00eb demon\u00ebve, nuk duhet ta imitonin edhe ata n\u00eb k\u00ebt\u00eb akt t\u00eb d\u00ebnuesh\u00ebm, edhe pse ai mund t\u00eb p\u00ebrdorte autoritetin e tij at\u00ebror. \u201cSillni n\u00eb mendje dhimbjet e mia kur u linda n\u00eb k\u00ebt\u00eb bot\u00eb dhe vraponi drejt Krishtit, sepse duke braktisur gj\u00ebrat e p\u00ebrkohshme, do t\u00eb fitoni t\u00eb mirat e p\u00ebrjetshme\u201d.<\/p>\n<p style=\"text-align: justify;\">Fjal\u00ebt e saj pat\u00ebn nj\u00eb ndikim aq t\u00eb madh, saq\u00eb kur Valeriani urdh\u00ebroi f\u00ebmij\u00ebt t\u00eb ofronin blatime, ata iu p\u00ebrgjigj\u00ebn me nj\u00eb z\u00eb t\u00eb vet\u00ebm se e refuzonin k\u00ebt\u00eb urdh\u00ebr. Valeriani, mizor dhe i eg\u00ebr, i dor\u00ebzoi n\u00eb gjykat\u00eb, ku ndodheshin Pamfili dhe Vincentini. F\u00ebmij\u00ebt iu p\u00ebrgjigj\u00ebn magjistrat\u00ebve, se i pranonin urdh\u00ebresat e perandoris\u00eb sa u takonte pronave dhe ligjeve t\u00eb jet\u00ebs publike, por p\u00ebr \u00e7\u00ebshtjet e besimit ata ndiqnin shembullin e besimit s\u00eb mir\u00eb s\u00eb n\u00ebn\u00ebs s\u00eb tyre, duke zbatuar porosit\u00eb e Krishtit.<\/p>\n<p style=\"text-align: justify;\">Magjistrat\u00ebt e t\u00ebrbuar torturuan s\u00eb pari m\u00eb t\u00eb madhin, Theognin, n\u00eb pranin\u00eb e n\u00ebn\u00ebs dhe t\u00eb v\u00ebllez\u00ebrve. N\u00eb mes t\u00eb torturave, shenjtori tallej me pafuqin\u00eb e pagan\u00ebve dhe shpalli se fal\u00eb tyre do t\u00eb arrinte nj\u00eb fitore akoma m\u00eb t\u00eb shk\u00eblqyer. E \u00ebma e nxiste q\u00eb t\u00eb mos kishte asgj\u00eb frik\u00eb, sepse kishte t\u00ebr\u00eb armatimin e Krishtit. Atleti i Krishit mori fuqi nga k\u00ebto fjal\u00eb dhe nuk u l\u00ebkund derisa fitoi kuror\u00ebn e martirizmit.<\/p>\n<p style=\"text-align: justify;\">Pastaj soll\u00ebn v\u00ebllain e dyt\u00eb. Kur gjykat\u00ebsi i k\u00ebrkoi emrin, ai i tha: \u201cN\u00ebna ime, kjo sh\u00ebrb\u00ebtore e v\u00ebrtet\u00eb e Krishtit, m\u00eb ka quajtur Agapio dhe do t\u00eb p\u00ebrpiqem t\u00eb tregohem i denj\u00eb p\u00ebr k\u00ebt\u00eb em\u00ebr, duke i q\u00ebndruar besnik dashuris\u00eb s\u00eb Krishtit (agapi- dashuri). \u201cUn\u00eb dua t\u00eb eci n\u00eb gjurm\u00ebt e tim v\u00ebllai. Meq\u00eb pash\u00eb me syt\u00eb e mi durimin e tij n\u00eb tortura, e quaj si asgj\u00eb k\u00ebt\u00eb jet\u00eb dhe d\u00ebshiroj q\u00eb shpirti im t\u00eb ket\u00eb jet\u00ebn e p\u00ebrjetshme pran\u00eb Per\u00ebndis\u00eb\u201d. Ai po fliste ende, kur tirani i shkuli l\u00ebkur\u00ebn deri n\u00eb gjoks. N\u00eb k\u00ebt\u00eb \u00e7ast martiri thirri: \u201cAsgj\u00eb nuk \u00ebsht\u00eb m\u00eb e \u00ebmb\u00ebl se sa t\u00eb vuash p\u00ebr hir t\u00eb dashuris\u00eb p\u00ebr Krishtin\u201d. E k\u00ebshtu dha shpirt.<\/p>\n<p style=\"text-align: justify;\">I erdhi radha v\u00ebllait t\u00eb tret\u00eb, Pistos. Edhe ai pohoi me kuraj\u00eb besimin e tij n\u00eb Krishtin, duke u siguruar q\u00eb t\u00eb tregohej i denj\u00eb p\u00ebr emrin e tij (pisti &#8211; besim). E t\u00ebrhoq\u00ebn nga koka dhe k\u00ebmb\u00ebt p\u00ebr t\u2019i k\u00ebputur ky\u00e7et, pastaj i pren\u00eb kok\u00ebn. Para se ta ekzekutonin iu lut edhe nj\u00eb her\u00eb t\u00eb fundit mbi k\u00ebt\u00eb tok\u00eb Per\u00ebndis\u00eb, duke e fal\u00ebnderuar. Nj\u00eb z\u00eb gj\u00ebmoi prej qiellit, q\u00eb tha se tre martir\u00ebt ishin t\u00eb mir\u00ebpritur n\u00eb qiell.<\/p>\n<p style=\"text-align: justify;\">N\u00ebna e tyre, Vasa, u \u00e7ua n\u00eb burg nga rojet. Atje shkuan disa pagan\u00eb, p\u00ebr t\u2019i dh\u00ebn\u00eb ushqim dhe p\u00ebr t\u2019u p\u00ebrpjekur ta bindnin t\u2019u n\u00ebnshtrohej urdhrave t\u00eb perandorit. Por ajo nuk u p\u00ebrgjigj fare dhe refuzoi t\u00eb hante ushqimet e tyre. Meq\u00eb Vincentini duhej t\u00eb kthehej n\u00eb qytetin e selis\u00eb s\u00eb tij, e mori Vas\u00ebn me vete. Kur mb\u00ebrrit\u00ebn n\u00eb qytet, u p\u00ebrpoq p\u00ebrs\u00ebri ta detyronte t\u2019u sakrifikonte idhujve. \u201c O njeri i pafe dhe i urryer, ti mendon se mund t\u00eb m\u00eb kthesh mendjen nga besimi i f\u00ebmij\u00ebve t\u00eb mi, t\u00eb cil\u00ebt kan\u00eb fituar tashm\u00eb trofet\u00eb e fitores? At\u00ebher\u00eb e fut\u00ebn n\u00eb nj\u00eb rr\u00ebke uji, n\u00eb fund t\u00eb t\u00eb cil\u00ebs ndodheshin shum\u00eb objekte t\u00eb mprehta, por nj\u00eb engj\u00ebll e ndihmoi dhe ajo doli e pacenuar. Nj\u00ebsoj shp\u00ebtoi edhe kur e hodh\u00ebn n\u00eb nj\u00eb kazan me zift t\u00eb p\u00ebrv\u00ebluar dhe kur e godit\u00ebn me gur\u00eb p\u00ebr ta vrar\u00eb. N\u00eb fund, ajo i k\u00ebrkoi Vincentinit ta lejonte t\u00eb q\u00ebndronte p\u00ebr pak n\u00eb tempull, q\u00eb t\u2019i tregonte kot\u00ebsin\u00eb e idhujve. Sapo hyri n\u00eb tempullin e Zeusit, me lutje e rr\u00ebzoi p\u00ebrtok\u00eb statuj\u00ebn e tij, q\u00eb u thye n\u00eb mij\u00ebra copa. Prokonsulli u inatos shum\u00eb dhe pas shum\u00eb torturash, urdh\u00ebroi t\u2019i presin kok\u00ebn, duke i siguruar k\u00ebshtu kuror\u00ebn e martirizimit.<\/p>\n<\/div>\n<div class=\"_3x-2\" data-ft=\"{&quot;tn&quot;:&quot;H&quot;}\"><\/div>\n","protected":false},"excerpt":{"rendered":"<p>Apostull Tadeu\u00a0 Vinte nga qyteti i Edes\u00ebs n\u00eb Siri, nga nj\u00eb familje hebre, nga e cila kishte marr\u00eb nj\u00eb njohje t\u00eb shk\u00eblqyer t\u00eb Shkrimeve. Shkoi n\u00eb Jerusalem p\u00ebr nj\u00eb pelegrinazh dhe, kur d\u00ebgjoi sh\u00ebn Joan Pag\u00ebzorin t\u00eb fliste p\u00ebr pendimin, plot entuziaz\u00ebm u pag\u00ebzua prej tij. Pak koh\u00eb m\u00eb von\u00eb takoi edhe vet\u00eb Zotin Krisht. Mrekullit\u00eb e shumta q\u00eb Jisui kryente dhe jeta e tij<\/p>\n","protected":false},"author":7,"featured_media":24962,"comment_status":"closed","ping_status":"closed","sticky":false,"template":"","format":"standard","meta":{"_acf_changed":false,"pagelayer_contact_templates":[],"_pagelayer_content":"","inline_featured_image":false,"fifu_image_url":"","fifu_image_alt":"","footnotes":""},"categories":[372],"tags":[2103,2101],"class_list":["post-2154","post","type-post","status-publish","format-standard","has-post-thumbnail","hentry","category-shenjtoret-e-dites","tag-leximet-e-dites","tag-shenjtori-i-dites"],"acf":[],"yoast_head":"<!-- This site is optimized with the Yoast SEO plugin v27.2 - https:\/\/yoast.com\/product\/yoast-seo-wordpress\/ -->\n<title>Apostull Tadeu. D\u00ebshmore Vasa me f\u00ebmij\u00ebt e saj: Theogni, Agapiu, Pisti. - Kisha Orthodh\u03bfkse Autoqefale e Shqip\u00ebris\u00eb<\/title>\n<meta name=\"robots\" content=\"index, follow, max-snippet:-1, max-image-preview:large, max-video-preview:-1\" \/>\n<link rel=\"canonical\" href=\"https:\/\/orthodoxalbania.org\/2020\/2020\/08\/21\/apostull-tadeu\/\" \/>\n<meta property=\"og:locale\" content=\"en_US\" \/>\n<meta property=\"og:type\" content=\"article\" \/>\n<meta property=\"og:title\" content=\"Apostull Tadeu. D\u00ebshmore Vasa me f\u00ebmij\u00ebt e saj: Theogni, Agapiu, Pisti. - Kisha Orthodh\u03bfkse Autoqefale e Shqip\u00ebris\u00eb\" \/>\n<meta property=\"og:description\" content=\"Apostull Tadeu\u00a0 Vinte nga qyteti i Edes\u00ebs n\u00eb Siri, nga nj\u00eb familje hebre, nga e cila kishte marr\u00eb nj\u00eb njohje t\u00eb shk\u00eblqyer t\u00eb Shkrimeve. Shkoi n\u00eb Jerusalem p\u00ebr nj\u00eb pelegrinazh dhe, kur d\u00ebgjoi sh\u00ebn Joan Pag\u00ebzorin t\u00eb fliste p\u00ebr pendimin, plot entuziaz\u00ebm u pag\u00ebzua prej tij. Pak koh\u00eb m\u00eb von\u00eb takoi edhe vet\u00eb Zotin Krisht. Mrekullit\u00eb e shumta q\u00eb Jisui kryente dhe jeta e tij\" \/>\n<meta property=\"og:url\" content=\"https:\/\/orthodoxalbania.org\/2020\/2020\/08\/21\/apostull-tadeu\/\" \/>\n<meta property=\"og:site_name\" content=\"Kisha Orthodh\u03bfkse Autoqefale e Shqip\u00ebris\u00eb\" \/>\n<meta property=\"article:publisher\" content=\"https:\/\/www.facebook.com\/koash1991\" \/>\n<meta property=\"article:published_time\" content=\"2020-08-20T22:00:20+00:00\" \/>\n<meta property=\"og:image\" content=\"https:\/\/orthodoxalbania.org\/2020\/wp-content\/uploads\/2013\/08\/APOSTULL-TADEU.jpg\" \/>\n\t<meta property=\"og:image:width\" content=\"574\" \/>\n\t<meta property=\"og:image:height\" content=\"832\" \/>\n\t<meta property=\"og:image:type\" content=\"image\/jpeg\" \/>\n<meta name=\"author\" content=\"Kisha Orthodhokse\" \/>\n<meta name=\"twitter:card\" content=\"summary_large_image\" \/>\n<meta name=\"twitter:label1\" content=\"Written by\" \/>\n\t<meta name=\"twitter:data1\" content=\"Kisha Orthodhokse\" \/>\n\t<meta name=\"twitter:label2\" content=\"Est. reading time\" \/>\n\t<meta name=\"twitter:data2\" content=\"6 minutes\" \/>\n<script type=\"application\/ld+json\" class=\"yoast-schema-graph\">{\"@context\":\"https:\/\/schema.org\",\"@graph\":[{\"@type\":\"Article\",\"@id\":\"https:\/\/orthodoxalbania.org\/2020\/2020\/08\/21\/apostull-tadeu\/#article\",\"isPartOf\":{\"@id\":\"https:\/\/orthodoxalbania.org\/2020\/2020\/08\/21\/apostull-tadeu\/\"},\"author\":{\"name\":\"Kisha Orthodhokse\",\"@id\":\"https:\/\/orthodoxalbania.org\/2020\/#\/schema\/person\/df745f942b70e045b3dc05a30211f0de\"},\"headline\":\"Apostull Tadeu. D\u00ebshmore Vasa me f\u00ebmij\u00ebt e saj: Theogni, Agapiu, Pisti.\",\"datePublished\":\"2020-08-20T22:00:20+00:00\",\"mainEntityOfPage\":{\"@id\":\"https:\/\/orthodoxalbania.org\/2020\/2020\/08\/21\/apostull-tadeu\/\"},\"wordCount\":1170,\"publisher\":{\"@id\":\"https:\/\/orthodoxalbania.org\/2020\/#organization\"},\"image\":{\"@id\":\"https:\/\/orthodoxalbania.org\/2020\/2020\/08\/21\/apostull-tadeu\/#primaryimage\"},\"thumbnailUrl\":\"https:\/\/orthodoxalbania.org\/2020\/wp-content\/uploads\/2013\/08\/APOSTULL-TADEU.jpg\",\"keywords\":[\"leximet e dites\",\"shenjtori i dites\"],\"articleSection\":[\"Shenjtor\u00ebt e dit\u00ebs\"],\"inLanguage\":\"en-US\"},{\"@type\":\"WebPage\",\"@id\":\"https:\/\/orthodoxalbania.org\/2020\/2020\/08\/21\/apostull-tadeu\/\",\"url\":\"https:\/\/orthodoxalbania.org\/2020\/2020\/08\/21\/apostull-tadeu\/\",\"name\":\"Apostull Tadeu. D\u00ebshmore Vasa me f\u00ebmij\u00ebt e saj: Theogni, Agapiu, Pisti. - Kisha Orthodh\u03bfkse Autoqefale e Shqip\u00ebris\u00eb\",\"isPartOf\":{\"@id\":\"https:\/\/orthodoxalbania.org\/2020\/#website\"},\"primaryImageOfPage\":{\"@id\":\"https:\/\/orthodoxalbania.org\/2020\/2020\/08\/21\/apostull-tadeu\/#primaryimage\"},\"image\":{\"@id\":\"https:\/\/orthodoxalbania.org\/2020\/2020\/08\/21\/apostull-tadeu\/#primaryimage\"},\"thumbnailUrl\":\"https:\/\/orthodoxalbania.org\/2020\/wp-content\/uploads\/2013\/08\/APOSTULL-TADEU.jpg\",\"datePublished\":\"2020-08-20T22:00:20+00:00\",\"breadcrumb\":{\"@id\":\"https:\/\/orthodoxalbania.org\/2020\/2020\/08\/21\/apostull-tadeu\/#breadcrumb\"},\"inLanguage\":\"en-US\",\"potentialAction\":[{\"@type\":\"ReadAction\",\"target\":[\"https:\/\/orthodoxalbania.org\/2020\/2020\/08\/21\/apostull-tadeu\/\"]}]},{\"@type\":\"ImageObject\",\"inLanguage\":\"en-US\",\"@id\":\"https:\/\/orthodoxalbania.org\/2020\/2020\/08\/21\/apostull-tadeu\/#primaryimage\",\"url\":\"https:\/\/orthodoxalbania.org\/2020\/wp-content\/uploads\/2013\/08\/APOSTULL-TADEU.jpg\",\"contentUrl\":\"https:\/\/orthodoxalbania.org\/2020\/wp-content\/uploads\/2013\/08\/APOSTULL-TADEU.jpg\",\"width\":574,\"height\":832},{\"@type\":\"BreadcrumbList\",\"@id\":\"https:\/\/orthodoxalbania.org\/2020\/2020\/08\/21\/apostull-tadeu\/#breadcrumb\",\"itemListElement\":[{\"@type\":\"ListItem\",\"position\":1,\"name\":\"Home\",\"item\":\"https:\/\/orthodoxalbania.org\/2020\/\"},{\"@type\":\"ListItem\",\"position\":2,\"name\":\"Apostull Tadeu. D\u00ebshmore Vasa me f\u00ebmij\u00ebt e saj: Theogni, Agapiu, Pisti.\"}]},{\"@type\":\"WebSite\",\"@id\":\"https:\/\/orthodoxalbania.org\/2020\/#website\",\"url\":\"https:\/\/orthodoxalbania.org\/2020\/\",\"name\":\"Kisha Orthodh\u03bfkse Autoqefale e Shqip\u00ebris\u00eb\",\"description\":\"Fqja Zyrtare e Kish\u00ebs Orthodhokse Autoqefale e Shqip\u00ebris\u00eb me lajmet edhe informacionet zyrtare p\u00ebr struktur\u00ebn edhe veprimtarin e saj.\",\"publisher\":{\"@id\":\"https:\/\/orthodoxalbania.org\/2020\/#organization\"},\"potentialAction\":[{\"@type\":\"SearchAction\",\"target\":{\"@type\":\"EntryPoint\",\"urlTemplate\":\"https:\/\/orthodoxalbania.org\/2020\/?s={search_term_string}\"},\"query-input\":{\"@type\":\"PropertyValueSpecification\",\"valueRequired\":true,\"valueName\":\"search_term_string\"}}],\"inLanguage\":\"en-US\"},{\"@type\":\"Organization\",\"@id\":\"https:\/\/orthodoxalbania.org\/2020\/#organization\",\"name\":\"Kisha Orthodhokse Autoqefale e Shqip\u00ebris\u00eb\",\"url\":\"https:\/\/orthodoxalbania.org\/2020\/\",\"logo\":{\"@type\":\"ImageObject\",\"inLanguage\":\"en-US\",\"@id\":\"https:\/\/orthodoxalbania.org\/2020\/#\/schema\/logo\/image\/\",\"url\":\"https:\/\/orthodoxalbania.org\/2020\/wp-content\/uploads\/2020\/05\/albania.jpeg\",\"contentUrl\":\"https:\/\/orthodoxalbania.org\/2020\/wp-content\/uploads\/2020\/05\/albania.jpeg\",\"width\":540,\"height\":540,\"caption\":\"Kisha Orthodhokse Autoqefale e Shqip\u00ebris\u00eb\"},\"image\":{\"@id\":\"https:\/\/orthodoxalbania.org\/2020\/#\/schema\/logo\/image\/\"},\"sameAs\":[\"https:\/\/www.facebook.com\/koash1991\"]},{\"@type\":\"Person\",\"@id\":\"https:\/\/orthodoxalbania.org\/2020\/#\/schema\/person\/df745f942b70e045b3dc05a30211f0de\",\"name\":\"Kisha Orthodhokse\",\"image\":{\"@type\":\"ImageObject\",\"inLanguage\":\"en-US\",\"@id\":\"https:\/\/secure.gravatar.com\/avatar\/2676eb8d97178435c9f691a7871595a1da6c33542dec218bce40885573150e28?s=96&d=mm&r=g\",\"url\":\"https:\/\/secure.gravatar.com\/avatar\/2676eb8d97178435c9f691a7871595a1da6c33542dec218bce40885573150e28?s=96&d=mm&r=g\",\"contentUrl\":\"https:\/\/secure.gravatar.com\/avatar\/2676eb8d97178435c9f691a7871595a1da6c33542dec218bce40885573150e28?s=96&d=mm&r=g\",\"caption\":\"Kisha Orthodhokse\"}}]}<\/script>\n<!-- \/ Yoast SEO plugin. -->","yoast_head_json":{"title":"Apostull Tadeu. D\u00ebshmore Vasa me f\u00ebmij\u00ebt e saj: Theogni, Agapiu, Pisti. - Kisha Orthodh\u03bfkse Autoqefale e Shqip\u00ebris\u00eb","robots":{"index":"index","follow":"follow","max-snippet":"max-snippet:-1","max-image-preview":"max-image-preview:large","max-video-preview":"max-video-preview:-1"},"canonical":"https:\/\/orthodoxalbania.org\/2020\/2020\/08\/21\/apostull-tadeu\/","og_locale":"en_US","og_type":"article","og_title":"Apostull Tadeu. D\u00ebshmore Vasa me f\u00ebmij\u00ebt e saj: Theogni, Agapiu, Pisti. - Kisha Orthodh\u03bfkse Autoqefale e Shqip\u00ebris\u00eb","og_description":"Apostull Tadeu\u00a0 Vinte nga qyteti i Edes\u00ebs n\u00eb Siri, nga nj\u00eb familje hebre, nga e cila kishte marr\u00eb nj\u00eb njohje t\u00eb shk\u00eblqyer t\u00eb Shkrimeve. Shkoi n\u00eb Jerusalem p\u00ebr nj\u00eb pelegrinazh dhe, kur d\u00ebgjoi sh\u00ebn Joan Pag\u00ebzorin t\u00eb fliste p\u00ebr pendimin, plot entuziaz\u00ebm u pag\u00ebzua prej tij. Pak koh\u00eb m\u00eb von\u00eb takoi edhe vet\u00eb Zotin Krisht. Mrekullit\u00eb e shumta q\u00eb Jisui kryente dhe jeta e tij","og_url":"https:\/\/orthodoxalbania.org\/2020\/2020\/08\/21\/apostull-tadeu\/","og_site_name":"Kisha Orthodh\u03bfkse Autoqefale e Shqip\u00ebris\u00eb","article_publisher":"https:\/\/www.facebook.com\/koash1991","article_published_time":"2020-08-20T22:00:20+00:00","og_image":[{"width":574,"height":832,"url":"https:\/\/orthodoxalbania.org\/2020\/wp-content\/uploads\/2013\/08\/APOSTULL-TADEU.jpg","type":"image\/jpeg"}],"author":"Kisha Orthodhokse","twitter_card":"summary_large_image","twitter_misc":{"Written by":"Kisha Orthodhokse","Est. reading time":"6 minutes"},"schema":{"@context":"https:\/\/schema.org","@graph":[{"@type":"Article","@id":"https:\/\/orthodoxalbania.org\/2020\/2020\/08\/21\/apostull-tadeu\/#article","isPartOf":{"@id":"https:\/\/orthodoxalbania.org\/2020\/2020\/08\/21\/apostull-tadeu\/"},"author":{"name":"Kisha Orthodhokse","@id":"https:\/\/orthodoxalbania.org\/2020\/#\/schema\/person\/df745f942b70e045b3dc05a30211f0de"},"headline":"Apostull Tadeu. D\u00ebshmore Vasa me f\u00ebmij\u00ebt e saj: Theogni, Agapiu, Pisti.","datePublished":"2020-08-20T22:00:20+00:00","mainEntityOfPage":{"@id":"https:\/\/orthodoxalbania.org\/2020\/2020\/08\/21\/apostull-tadeu\/"},"wordCount":1170,"publisher":{"@id":"https:\/\/orthodoxalbania.org\/2020\/#organization"},"image":{"@id":"https:\/\/orthodoxalbania.org\/2020\/2020\/08\/21\/apostull-tadeu\/#primaryimage"},"thumbnailUrl":"https:\/\/orthodoxalbania.org\/2020\/wp-content\/uploads\/2013\/08\/APOSTULL-TADEU.jpg","keywords":["leximet e dites","shenjtori i dites"],"articleSection":["Shenjtor\u00ebt e dit\u00ebs"],"inLanguage":"en-US"},{"@type":"WebPage","@id":"https:\/\/orthodoxalbania.org\/2020\/2020\/08\/21\/apostull-tadeu\/","url":"https:\/\/orthodoxalbania.org\/2020\/2020\/08\/21\/apostull-tadeu\/","name":"Apostull Tadeu. D\u00ebshmore Vasa me f\u00ebmij\u00ebt e saj: Theogni, Agapiu, Pisti. - Kisha Orthodh\u03bfkse Autoqefale e Shqip\u00ebris\u00eb","isPartOf":{"@id":"https:\/\/orthodoxalbania.org\/2020\/#website"},"primaryImageOfPage":{"@id":"https:\/\/orthodoxalbania.org\/2020\/2020\/08\/21\/apostull-tadeu\/#primaryimage"},"image":{"@id":"https:\/\/orthodoxalbania.org\/2020\/2020\/08\/21\/apostull-tadeu\/#primaryimage"},"thumbnailUrl":"https:\/\/orthodoxalbania.org\/2020\/wp-content\/uploads\/2013\/08\/APOSTULL-TADEU.jpg","datePublished":"2020-08-20T22:00:20+00:00","breadcrumb":{"@id":"https:\/\/orthodoxalbania.org\/2020\/2020\/08\/21\/apostull-tadeu\/#breadcrumb"},"inLanguage":"en-US","potentialAction":[{"@type":"ReadAction","target":["https:\/\/orthodoxalbania.org\/2020\/2020\/08\/21\/apostull-tadeu\/"]}]},{"@type":"ImageObject","inLanguage":"en-US","@id":"https:\/\/orthodoxalbania.org\/2020\/2020\/08\/21\/apostull-tadeu\/#primaryimage","url":"https:\/\/orthodoxalbania.org\/2020\/wp-content\/uploads\/2013\/08\/APOSTULL-TADEU.jpg","contentUrl":"https:\/\/orthodoxalbania.org\/2020\/wp-content\/uploads\/2013\/08\/APOSTULL-TADEU.jpg","width":574,"height":832},{"@type":"BreadcrumbList","@id":"https:\/\/orthodoxalbania.org\/2020\/2020\/08\/21\/apostull-tadeu\/#breadcrumb","itemListElement":[{"@type":"ListItem","position":1,"name":"Home","item":"https:\/\/orthodoxalbania.org\/2020\/"},{"@type":"ListItem","position":2,"name":"Apostull Tadeu. D\u00ebshmore Vasa me f\u00ebmij\u00ebt e saj: Theogni, Agapiu, Pisti."}]},{"@type":"WebSite","@id":"https:\/\/orthodoxalbania.org\/2020\/#website","url":"https:\/\/orthodoxalbania.org\/2020\/","name":"Kisha Orthodh\u03bfkse Autoqefale e Shqip\u00ebris\u00eb","description":"Fqja Zyrtare e Kish\u00ebs Orthodhokse Autoqefale e Shqip\u00ebris\u00eb me lajmet edhe informacionet zyrtare p\u00ebr struktur\u00ebn edhe veprimtarin e saj.","publisher":{"@id":"https:\/\/orthodoxalbania.org\/2020\/#organization"},"potentialAction":[{"@type":"SearchAction","target":{"@type":"EntryPoint","urlTemplate":"https:\/\/orthodoxalbania.org\/2020\/?s={search_term_string}"},"query-input":{"@type":"PropertyValueSpecification","valueRequired":true,"valueName":"search_term_string"}}],"inLanguage":"en-US"},{"@type":"Organization","@id":"https:\/\/orthodoxalbania.org\/2020\/#organization","name":"Kisha Orthodhokse Autoqefale e Shqip\u00ebris\u00eb","url":"https:\/\/orthodoxalbania.org\/2020\/","logo":{"@type":"ImageObject","inLanguage":"en-US","@id":"https:\/\/orthodoxalbania.org\/2020\/#\/schema\/logo\/image\/","url":"https:\/\/orthodoxalbania.org\/2020\/wp-content\/uploads\/2020\/05\/albania.jpeg","contentUrl":"https:\/\/orthodoxalbania.org\/2020\/wp-content\/uploads\/2020\/05\/albania.jpeg","width":540,"height":540,"caption":"Kisha Orthodhokse Autoqefale e Shqip\u00ebris\u00eb"},"image":{"@id":"https:\/\/orthodoxalbania.org\/2020\/#\/schema\/logo\/image\/"},"sameAs":["https:\/\/www.facebook.com\/koash1991"]},{"@type":"Person","@id":"https:\/\/orthodoxalbania.org\/2020\/#\/schema\/person\/df745f942b70e045b3dc05a30211f0de","name":"Kisha Orthodhokse","image":{"@type":"ImageObject","inLanguage":"en-US","@id":"https:\/\/secure.gravatar.com\/avatar\/2676eb8d97178435c9f691a7871595a1da6c33542dec218bce40885573150e28?s=96&d=mm&r=g","url":"https:\/\/secure.gravatar.com\/avatar\/2676eb8d97178435c9f691a7871595a1da6c33542dec218bce40885573150e28?s=96&d=mm&r=g","contentUrl":"https:\/\/secure.gravatar.com\/avatar\/2676eb8d97178435c9f691a7871595a1da6c33542dec218bce40885573150e28?s=96&d=mm&r=g","caption":"Kisha Orthodhokse"}}]}},"_links":{"self":[{"href":"https:\/\/orthodoxalbania.org\/2020\/wp-json\/wp\/v2\/posts\/2154","targetHints":{"allow":["GET"]}}],"collection":[{"href":"https:\/\/orthodoxalbania.org\/2020\/wp-json\/wp\/v2\/posts"}],"about":[{"href":"https:\/\/orthodoxalbania.org\/2020\/wp-json\/wp\/v2\/types\/post"}],"author":[{"embeddable":true,"href":"https:\/\/orthodoxalbania.org\/2020\/wp-json\/wp\/v2\/users\/7"}],"replies":[{"embeddable":true,"href":"https:\/\/orthodoxalbania.org\/2020\/wp-json\/wp\/v2\/comments?post=2154"}],"version-history":[{"count":3,"href":"https:\/\/orthodoxalbania.org\/2020\/wp-json\/wp\/v2\/posts\/2154\/revisions"}],"predecessor-version":[{"id":24963,"href":"https:\/\/orthodoxalbania.org\/2020\/wp-json\/wp\/v2\/posts\/2154\/revisions\/24963"}],"wp:featuredmedia":[{"embeddable":true,"href":"https:\/\/orthodoxalbania.org\/2020\/wp-json\/wp\/v2\/media\/24962"}],"wp:attachment":[{"href":"https:\/\/orthodoxalbania.org\/2020\/wp-json\/wp\/v2\/media?parent=2154"}],"wp:term":[{"taxonomy":"category","embeddable":true,"href":"https:\/\/orthodoxalbania.org\/2020\/wp-json\/wp\/v2\/categories?post=2154"},{"taxonomy":"post_tag","embeddable":true,"href":"https:\/\/orthodoxalbania.org\/2020\/wp-json\/wp\/v2\/tags?post=2154"}],"curies":[{"name":"wp","href":"https:\/\/api.w.org\/{rel}","templated":true}]}}