{"id":212,"date":"2013-03-21T09:26:29","date_gmt":"2013-03-21T09:26:29","guid":{"rendered":""},"modified":"2020-04-06T22:32:07","modified_gmt":"2020-04-06T20:32:07","slug":"java-e-madhe-ne-berat","status":"publish","type":"post","link":"https:\/\/orthodoxalbania.org\/2020\/2013\/03\/21\/java-e-madhe-ne-berat\/","title":{"rendered":"&#8211; Java e Madhe n\u00eb Berat &#8211; 2011"},"content":{"rendered":"<div class=\"style10\" style=\"text-align: justify;\"><span style=\"color: #000000; font-family: helvetica;\"><span style=\"font-size: 12px;\"><img decoding=\"async\" class=\"lazyload HAa Eha\" style=\"height: 225px; width: 300px; border-width: 1px; border-style: solid; margin: 10px; float: left;\" alt=\"\" src=\"data:image\/gif;base64,R0lGODlhAQABAAAAACH5BAEKAAEALAAAAAABAAEAAAICTAEAOw==\" data-orig-src=\"https:\/\/lh4.googleusercontent.com\/-lvH9HYvki1w\/VABxCLJe1iI\/AAAAAAAACKw\/6lMJTYmMCJk\/w800-h600-no\/100_9761.JPG\" \/><span style=\"font-size: 12pt;\"> &nbsp; &nbsp; Me madh\u00ebshti&nbsp; filloi kremtimi i sivjetsh\u00ebm i \u201cJav\u00ebs s\u00eb Madhe dhe t\u00eb Shenjt\u00eb\u201d, n\u00eb qytetin e Beratit. T\u00eb gjitha sh\u00ebrbesat e Jav\u00ebs s\u00eb madhe kryhen n\u00eb dy kishat kryesore t\u00eb qytetit n\u00eb Katedralen e re t\u00eb \u201cSh\u00ebn Dhimitrit\u201d n\u00eb qend\u00ebr t\u00eb qytetit, si dhe n\u00eb kish\u00ebn e Sh\u00ebn Spiridhonit n\u00eb lagjen Goric\u00eb.<\/span><\/span><\/span><\/div>\n<div class=\"style10\" style=\"text-align: justify;\"><span style=\"color: #000000; font-family: helvetica; font-size: 12pt;\"> &nbsp; &nbsp; Me qindra e qindra besimtar\u00eb erdh\u00ebn t\u00eb \u201cDiel\u00ebn e Dafinave\u201d p\u00ebr tu falur n\u00eb katedralen e \u201cSh\u00ebn Dhimitrit\u201d dhe mor\u00ebn pjes\u00eb n\u00eb Liturgjin\u00eb Hyjnore e cila u drejtua nga Mitropoliti i Beratit, Vlor\u00ebs, Kanin\u00ebs dhe gjith\u00eb Myzeqes\u00eb, Imzot Ignati.<\/span><\/div>\n<div class=\"style10\" style=\"text-align: justify;\"><span style=\"color: #000000; font-family: helvetica; font-size: 12pt;\"> &nbsp;&nbsp;&nbsp; T\u00eb ve\u00e7ant\u00eb k\u00ebt\u00eb dit\u00eb e b\u00ebri &nbsp;dor\u00ebzimi ne Prift i dhjakonit Niko Lushi i cili prej 10 vitesh sh\u00ebrben si katekist duke u kujdesur p\u00ebr brezat e rinj t\u00eb kish\u00ebs orthodhokse. Ate Niko prej. 6 vitesh \u00ebsht\u00eb koordinator i katekizmit dhe i rinis\u00eb p\u00ebr Mitropolin\u00eb e Beratit dh\u00eb n\u00eb 4 vitet e fundit ka sh\u00ebrbyer si dhjakon pran\u00eb Imzot Ignatit.<\/span><\/div>\n<div class=\"style10\" style=\"text-align: justify;\"><span style=\"color: #000000; font-family: helvetica; font-size: 12pt;\"> &nbsp;&nbsp;&nbsp; Gjithashtu e zbukuroi edhe m\u00eb tep\u00ebr k\u00ebt\u00eb t\u00eb kremte te madhe dh\u00ebnia e titullit anagnost p\u00ebr tre psalt\u00ebt e moshuar zot\u00ebrinjt\u00eb Kosta Bumli, Kozma Shyti dhe Pavli Vishnja te cil\u00ebt me devotshm\u00ebri dhe shprestari p\u00ebr vite t\u00eb t\u00ebra psalin n\u00eb kishat e Beratit.<br \/> N\u00eb mesazhin e Imzot Ignatit t\u00eb p\u00ebrcjell\u00eb p\u00ebr besimtar\u00ebt u theksua:<\/span><\/div>\n<div class=\"style10\" style=\"text-align: justify;\"><span style=\"color: #000000; font-family: helvetica; font-size: 12pt;\"><img decoding=\"async\" class=\"lazyload HAa Eha\" style=\"height: 263px; width: 350px; border-width: 1px; border-style: solid; margin: 10px; float: right;\" alt=\"\" src=\"data:image\/gif;base64,R0lGODlhAQABAAAAACH5BAEKAAEALAAAAAABAAEAAAICTAEAOw==\" data-orig-src=\"https:\/\/lh5.googleusercontent.com\/-Gu8vSU2SAxw\/VABxCIizg6I\/AAAAAAAACJw\/9fd9bjniJD4\/w800-h600-no\/100_9781.JPG\" \/><br \/> &nbsp;&nbsp;&nbsp; <em>\u201dAtmosfera q\u00eb mbizot\u00ebronte n\u00eb qytetin e hirsh\u00ebm t\u00eb Jerusalemit \u00ebsht\u00eb festive, e g\u00ebzueshme dhe entuziazmuese. Zoti i lavdis\u00eb, i shoq\u00ebruar nga peshkatar\u00ebt e Galiles\u00eb, hyn n\u00eb Jerusalem. Vjen, p\u00ebrul\u00ebsisht, thjesht\u00eb, me nj\u00eb modesti t\u00eb ve\u00e7ant\u00eb, i ulur jo mbi nj\u00eb kal\u00eb luft\u00ebdash\u00ebs, as mbi karro q\u00eb t\u00ebrhiqet nga elefant\u00eb apo luan\u00eb, si\u00e7 e kishin zakon dhe b\u00ebnin n\u00eb triumfet e tyre perandor\u00ebt dhe gjeneral\u00ebt romak\u00eb.<\/em><\/span><\/div>\n<div class=\"style10\" style=\"text-align: justify;\"><span style=\"color: #000000; font-family: helvetica; font-size: 12pt;\"> &nbsp; &nbsp; <em>Populli, duke shikuar n\u00eb personin e Krishtit, Mesian e Izraelit, q\u00eb do t\u00eb&nbsp; ringjall\u00eb gjinin\u00eb dhe do t\u00eb rim\u00ebk\u00ebmb\u00eb mbret\u00ebrin\u00eb e Davidit, e pret \u201cme dafina dhe palma\u201d. Shtron rrobat m\u00eb t\u00eb mira, merr n\u00eb duar, me entuziaz\u00ebm, deg\u00ebt e dafinave dhe th\u00ebrret: \u201cHosanna, i bekuar \u00ebsht\u00eb ai q\u00eb vjen n\u00eb emrin e Zotit, mbreti i Izraelit\u201d. Lajmi p\u00ebr ngjalljen e Llazarit ndezi shpresat e tyre<\/em>.<\/span><\/div>\n<div class=\"style10\" style=\"text-align: justify;\"><span style=\"color: #000000; font-family: helvetica; font-size: 12pt;\"> &nbsp;&nbsp;&nbsp; <em>K\u00ebshtu e donin Mesian, t\u00eb fort\u00eb, \u00e7udib\u00ebr\u00ebs, sundues, t\u00eb aft\u00eb p\u00ebr t\u00eb d\u00ebrrmuar tiranin\u00eb Romake. Prandaj, kur pa se Krishti nuk ishte ai q\u00eb mendonte, nuk nguroi ta shnd\u00ebrronte entuziazmin e tij n\u00eb urrejtje dhe zem\u00ebrim. \u201cMe deg\u00eb e himnuan s\u00eb pari, dhe me shkopinj e zun\u00eb m\u00eb pas, mosmir\u00ebnjoh\u00ebsit Krishtin<\/em><\/span><\/div>\n<div class=\"style10\" style=\"text-align: justify;\"><span style=\"color: #000000; font-family: helvetica; font-size: 12pt;\"> &nbsp;&nbsp;&nbsp; <em>Vjen edhe sot Krishti. Le t\u00eb dalim nga vetmia e vetes son\u00eb, le t\u00eb hedhim posht\u00eb mbulesat e vjetra t\u00eb m\u00ebkatit. Le t\u00eb shtrojm\u00eb vellon e veprave tona Hyjnore. Le t\u00eb marrim n\u00eb duar, n\u00eb vend t\u00eb deg\u00ebve t\u00eb dafinave, virtytet tona. Dhe k\u00ebshtu shpirt\u00ebrisht le t\u00eb presim At\u00eb q\u00eb vjen, Mbretin e paqes.\u201d<\/em><\/span><\/div>\n<div class=\"style10\" style=\"text-align: justify;\"><span style=\"color: #000000; font-family: helvetica; font-size: 12pt;\"> <img decoding=\"async\" class=\"lazyload HAa Eha\" style=\"height: 244px; width: 326px; border-width: 1px; border-style: solid; margin: 10px; float: left;\" alt=\"\" src=\"data:image\/gif;base64,R0lGODlhAQABAAAAACH5BAEKAAEALAAAAAABAAEAAAICTAEAOw==\" data-orig-src=\"https:\/\/lh6.googleusercontent.com\/-2Cv5O1jCVb0\/VABxB4ZFdoI\/AAAAAAAACK4\/u_2V2zNdUlU\/w800-h600-no\/100_9793.JPG\" \/> &nbsp; &nbsp; Besimtar\u00ebt Orthodhoks\u00eb mor\u00ebn si bekim nga dora e Imzot Ignatit dhe simbolin e fest\u00ebs, gjethet e dafinave.<\/span><\/div>\n<div class=\"style10\" style=\"text-align: justify;\"><span style=\"color: #000000; font-family: helvetica; font-size: 12pt;\"> &nbsp;&nbsp;&nbsp; Besimtar\u00eb t\u00eb shumt\u00eb vazhduan dhe vazhdojn\u00eb t\u00eb ndjekin sh\u00ebrbesat q\u00eb vijojn\u00eb n\u00eb k\u00ebt\u00eb jav\u00eb t\u00eb madhe dhe t\u00eb shenjt\u00eb. U celebruan n\u00ebn drejtimin i Hir\u00ebsi Ignatit edhe tre sh\u00ebrbesat e Dh\u00ebndrit, t\u00eb H\u00ebn\u00ebn e Madhe dhe t\u00eb shenjt\u00eb n\u00eb t\u00eb cil\u00ebn p\u00ebrkujtuam Josifin e lumur t\u00eb Fortmir\u00eb dhe fikun q\u00eb u mallkua dhe u tha prej Zotit, T\u00eb Mart\u00ebn e Madhe dhe t\u00eb shenjt\u00eb ku p\u00ebrkujtuam paravolin\u00eb e&nbsp; dhjet\u00eb Virgj\u00ebreshave prej Ungjillit t\u00eb Shenjt\u00eb, si dhe t\u00eb M\u00ebrkur\u00ebn e Madhe dhe t\u00eb shenjt\u00eb n\u00eb t\u00eb cil\u00ebn p\u00ebrkujtuam gruan m\u00ebkatare q\u00eb leu Zotin me miro.<\/span><\/div>\n<div class=\"style10\" style=\"text-align: justify;\"><span style=\"color: #000000; font-family: helvetica; font-size: 12pt;\"> &nbsp;&nbsp;&nbsp; U kryhen gjithashtu dhe Liturgjit\u00eb e Parashenjt\u00ebruara t\u00eb h\u00ebn\u00ebn, t\u00eb mart\u00ebn dhe t\u00eb m\u00ebrkur\u00ebn ne m\u00ebngjes.<\/span><\/div>\n<div class=\"style10\" style=\"text-align: justify;\"><span style=\"color: #000000; font-family: helvetica; font-size: 12pt;\"> &nbsp;&nbsp; N\u00ebn madh\u00ebshtin\u00eb e tropareve mbres\u00ebl\u00ebn\u00ebse kryhen sh\u00ebrbesat e Shenjta t\u00eb p\u00ebsimeve t\u00eb Zotit ton\u00eb Jisu Krisht. T\u00eb gjith\u00eb ne p\u00ebrjetojm\u00eb m\u00eb s\u00eb miri ngjarjen q\u00eb ndryshoi bot\u00ebn, sepse Kisha jon\u00eb k\u00ebt\u00eb ngjarje e cila p\u00ebrb\u00ebn epiqendr\u00ebn e gjith\u00eb vitit liturgjik e ka thurur aq bukur me nj\u00eb mjesht\u00ebri psalmike hyjnore.<\/span><\/div>\n<div class=\"style10\" style=\"text-align: justify;\"><span style=\"font-family: helvetica; font-size: 12pt;\"><\/span><\/div>\n<div style=\"text-align: justify;\"><span style=\"color: #000000; font-family: helvetica; font-size: 12pt;\"><span class=\"style10\"><strong>&nbsp;&nbsp; J<\/strong>av\u2019 e madhe e shenjt\u00eb nis me shk\u00eblqim, me p\u00ebsimet e Krishtit plot me vajtim; eni pra dhe priteni, dhe kremtojeni bes\u00ebrisht. Krijetari ja ku vjen t\u00eb vuaj\u00eb kryq p\u00ebr ne, me hetime dhe kamzhik, p\u00ebrpara gjykat\u00ebsit; pret p\u00ebr ne shuplaka, dhe p\u00ebrqeshje prej rob\u00ebrish, t\u00eb gjitha po i pranon, p\u00ebr shp\u00ebtimin e njer\u00ebzve. Le t\u2019i; th\u00ebrresim pra: o Krisht Per\u00ebndi dhe Zot, ti dhurona ndjes\u00ebn e m\u00ebkateve, q\u00eb t\u2019u falemi me bes\u00eb, p\u00ebsimeve t\u00eb hidhura. <\/span><\/span><\/div>\n<div style=\"text-align: justify;\"><span style=\"font-family: helvetica; font-size: 12pt;\"><\/span><\/div>\n<table style=\"width: 877px; height: 1521px; margin-right: auto; margin-left: auto;\">\n<tbody>\n<tr>\n<td>\n<div><span style=\"color: #000000; font-family: helvetica; font-size: 12pt;\"><img decoding=\"async\" class=\"lazyload HAa Eha\" style=\"height: 400px; width: 300px; margin: 10px auto; border-width: 1px; border-style: solid; display: block;\" alt=\"\" src=\"data:image\/gif;base64,R0lGODlhAQABAAAAACH5BAEKAAEALAAAAAABAAEAAAICTAEAOw==\" data-orig-src=\"https:\/\/lh6.googleusercontent.com\/-aldlJAxmCqc\/VABxDMu45HI\/AAAAAAAACKs\/DGZ2vYh3RmY\/w600-h800-no\/100_9801.JPG\" \/><\/span><\/div>\n<\/td>\n<td>\n<div><span style=\"color: #000000; font-family: helvetica; font-size: 12pt;\"><img decoding=\"async\" class=\"lazyload HAa Eha\" style=\"height: 400px; width: 300px; margin: 10px auto; border-width: 1px; border-style: solid; display: block;\" alt=\"\" src=\"data:image\/gif;base64,R0lGODlhAQABAAAAACH5BAEKAAEALAAAAAABAAEAAAICTAEAOw==\" data-orig-src=\"https:\/\/lh4.googleusercontent.com\/-QX3emMrbDJM\/VABxDjpYmBI\/AAAAAAAACKA\/ldyrnIU4_RY\/w600-h800-no\/100_9828.JPG\" \/><\/span><\/div>\n<\/td>\n<\/tr>\n<tr>\n<td style=\"text-align: justify;\">\n<div><span style=\"color: #000000; font-family: helvetica; font-size: 12pt;\"><img decoding=\"async\" class=\"lazyload HAa Eha\" style=\"height: 300px; width: 400px; margin: 10px auto; border-width: 1px; border-style: solid; display: block;\" alt=\"\" src=\"data:image\/gif;base64,R0lGODlhAQABAAAAACH5BAEKAAEALAAAAAABAAEAAAICTAEAOw==\" data-orig-src=\"https:\/\/lh3.googleusercontent.com\/-oWtObwOh2_s\/VABxDpUbSzI\/AAAAAAAACKI\/oqqMpXeribw\/w800-h600-no\/100_9826.JPG\" \/><\/span><\/div>\n<\/td>\n<td style=\"text-align: justify;\">\n<div><span style=\"color: #000000; font-family: helvetica; font-size: 12pt;\"><img decoding=\"async\" class=\"lazyload HAa Eha\" style=\"height: 300px; width: 400px; border-width: 1px; border-style: solid; margin: 10px auto; display: block;\" alt=\"\" src=\"data:image\/gif;base64,R0lGODlhAQABAAAAACH5BAEKAAEALAAAAAABAAEAAAICTAEAOw==\" data-orig-src=\"https:\/\/lh4.googleusercontent.com\/-3ja3FOhdTZw\/VABxESHJUFI\/AAAAAAAACKQ\/KppHUOxNJxU\/w800-h600-no\/100_9858.JPG\" \/><\/span><\/div>\n<\/td>\n<\/tr>\n<tr>\n<td>\n<div style=\"text-align: justify;\"><span style=\"font-family: helvetica; font-size: 12pt;\"><\/span><\/div>\n<div><span style=\"color: #000000; font-family: helvetica; font-size: 12pt;\"><img decoding=\"async\" class=\"lazyload HAa Eha\" style=\"height: 400px; width: 300px; border-width: 1px; border-style: solid; margin: 10px auto; display: block;\" alt=\"\" src=\"data:image\/gif;base64,R0lGODlhAQABAAAAACH5BAEKAAEALAAAAAABAAEAAAICTAEAOw==\" data-orig-src=\"https:\/\/lh6.googleusercontent.com\/-CwKqB7WoT04\/VABxEm6GyCI\/AAAAAAAACKc\/N37wPRMnbP8\/w600-h800-no\/100_9864.JPG\" \/><\/span><\/div>\n<\/td>\n<td>\n<div><span style=\"color: #000000; font-family: helvetica; font-size: 12pt;\"><img decoding=\"async\" class=\"lazyload HAa Eha\" style=\"height: 400px; width: 300px; border-width: 1px; border-style: solid; margin: 10px auto; display: block;\" alt=\"\" src=\"data:image\/gif;base64,R0lGODlhAQABAAAAACH5BAEKAAEALAAAAAABAAEAAAICTAEAOw==\" data-orig-src=\"https:\/\/lh3.googleusercontent.com\/-CKbcod134fA\/VABxE0-SqbI\/AAAAAAAACKg\/EKI1VmJ4Q10\/w600-h800-no\/100_9865.JPG\" \/><\/span><\/div>\n<\/td>\n<\/tr>\n<tr>\n<td style=\"text-align: justify;\">\n<div><span style=\"color: #000000; font-family: helvetica; font-size: 12pt;\"><img decoding=\"async\" class=\"lazyload HAa Eha\" style=\"height: 300px; width: 400px; border-width: 1px; border-style: solid; margin: 10px auto; display: block;\" alt=\"\" src=\"data:image\/gif;base64,R0lGODlhAQABAAAAACH5BAEKAAEALAAAAAABAAEAAAICTAEAOw==\" data-orig-src=\"https:\/\/lh5.googleusercontent.com\/-ER6xkdmA3gU\/VABxFReuAOI\/AAAAAAAACK0\/VdGeVtFPXuk\/w800-h600-no\/100_9867.JPG\" \/><\/span><\/div>\n<\/td>\n<td style=\"text-align: justify;\">\n<div><span style=\"color: #000000; font-family: helvetica; font-size: 12pt;\"><img decoding=\"async\" class=\"lazyload HAa Eha\" style=\"width: 400px; margin: 10px auto; height: 300px; border-width: 1px; border-style: solid; display: block;\" alt=\"\" src=\"data:image\/gif;base64,R0lGODlhAQABAAAAACH5BAEKAAEALAAAAAABAAEAAAICTAEAOw==\" data-orig-src=\"https:\/\/lh3.googleusercontent.com\/-wRt23ECkRYk\/VABxF4CS3kI\/AAAAAAAACKk\/cDmyJO93C-Q\/w800-h600-no\/100_9918.JPG\" \/><\/span><\/div>\n<\/td>\n<\/tr>\n<\/tbody>\n<\/table>\n<p>&nbsp;<\/p>\n","protected":false},"excerpt":{"rendered":"<p>&nbsp; &nbsp; Me madh\u00ebshti&nbsp; filloi kremtimi i sivjetsh\u00ebm i \u201cJav\u00ebs s\u00eb Madhe dhe t\u00eb Shenjt\u00eb\u201d, n\u00eb qytetin e Beratit. T\u00eb gjitha sh\u00ebrbesat e Jav\u00ebs s\u00eb madhe kryhen n\u00eb dy kishat kryesore t\u00eb qytetit n\u00eb Katedralen e re t\u00eb \u201cSh\u00ebn Dhimitrit\u201d n\u00eb qend\u00ebr t\u00eb qytetit, si dhe n\u00eb kish\u00ebn e Sh\u00ebn Spiridhonit n\u00eb lagjen Goric\u00eb. &nbsp; &nbsp; Me qindra e qindra besimtar\u00eb erdh\u00ebn t\u00eb \u201cDiel\u00ebn e<\/p>\n","protected":false},"author":1,"featured_media":0,"comment_status":"open","ping_status":"open","sticky":false,"template":"","format":"standard","meta":{"_acf_changed":false,"pagelayer_contact_templates":[],"_pagelayer_content":"","inline_featured_image":false,"fifu_image_url":"","fifu_image_alt":"","footnotes":""},"categories":[108],"tags":[143,212,197,189],"class_list":["post-212","post","type-post","status-publish","format-standard","hentry","category-lajme","tag-143","tag-lajme-d27","tag-berat","tag-pashke-2014"],"acf":[],"yoast_head":"<!-- This site is optimized with the Yoast SEO plugin v27.2 - https:\/\/yoast.com\/product\/yoast-seo-wordpress\/ -->\n<title>- Java e Madhe n\u00eb Berat - 2011 - Kisha Orthodh\u03bfkse Autoqefale e Shqip\u00ebris\u00eb<\/title>\n<meta name=\"robots\" content=\"index, follow, max-snippet:-1, max-image-preview:large, max-video-preview:-1\" \/>\n<link rel=\"canonical\" href=\"https:\/\/orthodoxalbania.org\/2020\/2013\/03\/21\/java-e-madhe-ne-berat\/\" \/>\n<meta property=\"og:locale\" content=\"en_US\" \/>\n<meta property=\"og:type\" content=\"article\" \/>\n<meta property=\"og:title\" content=\"- Java e Madhe n\u00eb Berat - 2011 - Kisha Orthodh\u03bfkse Autoqefale e Shqip\u00ebris\u00eb\" \/>\n<meta property=\"og:description\" content=\"&nbsp; &nbsp; Me madh\u00ebshti&nbsp; filloi kremtimi i sivjetsh\u00ebm i \u201cJav\u00ebs s\u00eb Madhe dhe t\u00eb Shenjt\u00eb\u201d, n\u00eb qytetin e Beratit. T\u00eb gjitha sh\u00ebrbesat e Jav\u00ebs s\u00eb madhe kryhen n\u00eb dy kishat kryesore t\u00eb qytetit n\u00eb Katedralen e re t\u00eb \u201cSh\u00ebn Dhimitrit\u201d n\u00eb qend\u00ebr t\u00eb qytetit, si dhe n\u00eb kish\u00ebn e Sh\u00ebn Spiridhonit n\u00eb lagjen Goric\u00eb. &nbsp; &nbsp; Me qindra e qindra besimtar\u00eb erdh\u00ebn t\u00eb \u201cDiel\u00ebn e\" \/>\n<meta property=\"og:url\" content=\"https:\/\/orthodoxalbania.org\/2020\/2013\/03\/21\/java-e-madhe-ne-berat\/\" \/>\n<meta property=\"og:site_name\" content=\"Kisha Orthodh\u03bfkse Autoqefale e Shqip\u00ebris\u00eb\" \/>\n<meta property=\"article:publisher\" content=\"https:\/\/www.facebook.com\/koash1991\" \/>\n<meta property=\"article:published_time\" content=\"2013-03-21T09:26:29+00:00\" \/>\n<meta property=\"article:modified_time\" content=\"2020-04-06T20:32:07+00:00\" \/>\n<meta property=\"og:image\" content=\"https:\/\/lh4.googleusercontent.com\/-lvH9HYvki1w\/VABxCLJe1iI\/AAAAAAAACKw\/6lMJTYmMCJk\/w800-h600-no\/100_9761.JPG\" \/>\n<meta name=\"author\" content=\"Kisha Orthodhokse\" \/>\n<meta name=\"twitter:card\" content=\"summary_large_image\" \/>\n<meta name=\"twitter:label1\" content=\"Written by\" \/>\n\t<meta name=\"twitter:data1\" content=\"Kisha Orthodhokse\" \/>\n\t<meta name=\"twitter:label2\" content=\"Est. reading time\" \/>\n\t<meta name=\"twitter:data2\" content=\"4 minutes\" \/>\n<script type=\"application\/ld+json\" class=\"yoast-schema-graph\">{\"@context\":\"https:\/\/schema.org\",\"@graph\":[{\"@type\":\"Article\",\"@id\":\"https:\/\/orthodoxalbania.org\/2020\/2013\/03\/21\/java-e-madhe-ne-berat\/#article\",\"isPartOf\":{\"@id\":\"https:\/\/orthodoxalbania.org\/2020\/2013\/03\/21\/java-e-madhe-ne-berat\/\"},\"author\":{\"name\":\"Kisha Orthodhokse\",\"@id\":\"https:\/\/orthodoxalbania.org\/2020\/#\/schema\/person\/0c387634a7063ac612d7ed9ce71c7e86\"},\"headline\":\"&#8211; Java e Madhe n\u00eb Berat &#8211; 2011\",\"datePublished\":\"2013-03-21T09:26:29+00:00\",\"dateModified\":\"2020-04-06T20:32:07+00:00\",\"mainEntityOfPage\":{\"@id\":\"https:\/\/orthodoxalbania.org\/2020\/2013\/03\/21\/java-e-madhe-ne-berat\/\"},\"wordCount\":868,\"commentCount\":0,\"publisher\":{\"@id\":\"https:\/\/orthodoxalbania.org\/2020\/#organization\"},\"image\":{\"@id\":\"https:\/\/orthodoxalbania.org\/2020\/2013\/03\/21\/java-e-madhe-ne-berat\/#primaryimage\"},\"thumbnailUrl\":\"https:\/\/lh4.googleusercontent.com\/-lvH9HYvki1w\/VABxCLJe1iI\/AAAAAAAACKw\/6lMJTYmMCJk\/w800-h600-no\/100_9761.JPG\",\"keywords\":[\"2011\",\"lajme\",\"Mitropolia Berat\",\"Pashk\u00eb\"],\"articleSection\":[\"Lajme\"],\"inLanguage\":\"en-US\"},{\"@type\":\"WebPage\",\"@id\":\"https:\/\/orthodoxalbania.org\/2020\/2013\/03\/21\/java-e-madhe-ne-berat\/\",\"url\":\"https:\/\/orthodoxalbania.org\/2020\/2013\/03\/21\/java-e-madhe-ne-berat\/\",\"name\":\"- Java e Madhe n\u00eb Berat - 2011 - Kisha Orthodh\u03bfkse Autoqefale e Shqip\u00ebris\u00eb\",\"isPartOf\":{\"@id\":\"https:\/\/orthodoxalbania.org\/2020\/#website\"},\"primaryImageOfPage\":{\"@id\":\"https:\/\/orthodoxalbania.org\/2020\/2013\/03\/21\/java-e-madhe-ne-berat\/#primaryimage\"},\"image\":{\"@id\":\"https:\/\/orthodoxalbania.org\/2020\/2013\/03\/21\/java-e-madhe-ne-berat\/#primaryimage\"},\"thumbnailUrl\":\"https:\/\/lh4.googleusercontent.com\/-lvH9HYvki1w\/VABxCLJe1iI\/AAAAAAAACKw\/6lMJTYmMCJk\/w800-h600-no\/100_9761.JPG\",\"datePublished\":\"2013-03-21T09:26:29+00:00\",\"dateModified\":\"2020-04-06T20:32:07+00:00\",\"breadcrumb\":{\"@id\":\"https:\/\/orthodoxalbania.org\/2020\/2013\/03\/21\/java-e-madhe-ne-berat\/#breadcrumb\"},\"inLanguage\":\"en-US\",\"potentialAction\":[{\"@type\":\"ReadAction\",\"target\":[\"https:\/\/orthodoxalbania.org\/2020\/2013\/03\/21\/java-e-madhe-ne-berat\/\"]}]},{\"@type\":\"ImageObject\",\"inLanguage\":\"en-US\",\"@id\":\"https:\/\/orthodoxalbania.org\/2020\/2013\/03\/21\/java-e-madhe-ne-berat\/#primaryimage\",\"url\":\"https:\/\/lh4.googleusercontent.com\/-lvH9HYvki1w\/VABxCLJe1iI\/AAAAAAAACKw\/6lMJTYmMCJk\/w800-h600-no\/100_9761.JPG\",\"contentUrl\":\"https:\/\/lh4.googleusercontent.com\/-lvH9HYvki1w\/VABxCLJe1iI\/AAAAAAAACKw\/6lMJTYmMCJk\/w800-h600-no\/100_9761.JPG\"},{\"@type\":\"BreadcrumbList\",\"@id\":\"https:\/\/orthodoxalbania.org\/2020\/2013\/03\/21\/java-e-madhe-ne-berat\/#breadcrumb\",\"itemListElement\":[{\"@type\":\"ListItem\",\"position\":1,\"name\":\"Home\",\"item\":\"https:\/\/orthodoxalbania.org\/2020\/\"},{\"@type\":\"ListItem\",\"position\":2,\"name\":\"&#8211; Java e Madhe n\u00eb Berat &#8211; 2011\"}]},{\"@type\":\"WebSite\",\"@id\":\"https:\/\/orthodoxalbania.org\/2020\/#website\",\"url\":\"https:\/\/orthodoxalbania.org\/2020\/\",\"name\":\"Kisha Orthodh\u03bfkse Autoqefale e Shqip\u00ebris\u00eb\",\"description\":\"Fqja Zyrtare e Kish\u00ebs Orthodhokse Autoqefale e Shqip\u00ebris\u00eb me lajmet edhe informacionet zyrtare p\u00ebr struktur\u00ebn edhe veprimtarin e saj.\",\"publisher\":{\"@id\":\"https:\/\/orthodoxalbania.org\/2020\/#organization\"},\"potentialAction\":[{\"@type\":\"SearchAction\",\"target\":{\"@type\":\"EntryPoint\",\"urlTemplate\":\"https:\/\/orthodoxalbania.org\/2020\/?s={search_term_string}\"},\"query-input\":{\"@type\":\"PropertyValueSpecification\",\"valueRequired\":true,\"valueName\":\"search_term_string\"}}],\"inLanguage\":\"en-US\"},{\"@type\":\"Organization\",\"@id\":\"https:\/\/orthodoxalbania.org\/2020\/#organization\",\"name\":\"Kisha Orthodhokse Autoqefale e Shqip\u00ebris\u00eb\",\"url\":\"https:\/\/orthodoxalbania.org\/2020\/\",\"logo\":{\"@type\":\"ImageObject\",\"inLanguage\":\"en-US\",\"@id\":\"https:\/\/orthodoxalbania.org\/2020\/#\/schema\/logo\/image\/\",\"url\":\"https:\/\/orthodoxalbania.org\/2020\/wp-content\/uploads\/2020\/05\/albania.jpeg\",\"contentUrl\":\"https:\/\/orthodoxalbania.org\/2020\/wp-content\/uploads\/2020\/05\/albania.jpeg\",\"width\":540,\"height\":540,\"caption\":\"Kisha Orthodhokse Autoqefale e Shqip\u00ebris\u00eb\"},\"image\":{\"@id\":\"https:\/\/orthodoxalbania.org\/2020\/#\/schema\/logo\/image\/\"},\"sameAs\":[\"https:\/\/www.facebook.com\/koash1991\"]},{\"@type\":\"Person\",\"@id\":\"https:\/\/orthodoxalbania.org\/2020\/#\/schema\/person\/0c387634a7063ac612d7ed9ce71c7e86\",\"name\":\"Kisha Orthodhokse\",\"image\":{\"@type\":\"ImageObject\",\"inLanguage\":\"en-US\",\"@id\":\"https:\/\/secure.gravatar.com\/avatar\/596e7c417251e30f2fbb9c00e026fce61a695a00e51c889caded71c96cbbdde5?s=96&d=mm&r=g\",\"url\":\"https:\/\/secure.gravatar.com\/avatar\/596e7c417251e30f2fbb9c00e026fce61a695a00e51c889caded71c96cbbdde5?s=96&d=mm&r=g\",\"contentUrl\":\"https:\/\/secure.gravatar.com\/avatar\/596e7c417251e30f2fbb9c00e026fce61a695a00e51c889caded71c96cbbdde5?s=96&d=mm&r=g\",\"caption\":\"Kisha Orthodhokse\"}}]}<\/script>\n<!-- \/ Yoast SEO plugin. -->","yoast_head_json":{"title":"- Java e Madhe n\u00eb Berat - 2011 - Kisha Orthodh\u03bfkse Autoqefale e Shqip\u00ebris\u00eb","robots":{"index":"index","follow":"follow","max-snippet":"max-snippet:-1","max-image-preview":"max-image-preview:large","max-video-preview":"max-video-preview:-1"},"canonical":"https:\/\/orthodoxalbania.org\/2020\/2013\/03\/21\/java-e-madhe-ne-berat\/","og_locale":"en_US","og_type":"article","og_title":"- Java e Madhe n\u00eb Berat - 2011 - Kisha Orthodh\u03bfkse Autoqefale e Shqip\u00ebris\u00eb","og_description":"&nbsp; &nbsp; Me madh\u00ebshti&nbsp; filloi kremtimi i sivjetsh\u00ebm i \u201cJav\u00ebs s\u00eb Madhe dhe t\u00eb Shenjt\u00eb\u201d, n\u00eb qytetin e Beratit. T\u00eb gjitha sh\u00ebrbesat e Jav\u00ebs s\u00eb madhe kryhen n\u00eb dy kishat kryesore t\u00eb qytetit n\u00eb Katedralen e re t\u00eb \u201cSh\u00ebn Dhimitrit\u201d n\u00eb qend\u00ebr t\u00eb qytetit, si dhe n\u00eb kish\u00ebn e Sh\u00ebn Spiridhonit n\u00eb lagjen Goric\u00eb. &nbsp; &nbsp; Me qindra e qindra besimtar\u00eb erdh\u00ebn t\u00eb \u201cDiel\u00ebn e","og_url":"https:\/\/orthodoxalbania.org\/2020\/2013\/03\/21\/java-e-madhe-ne-berat\/","og_site_name":"Kisha Orthodh\u03bfkse Autoqefale e Shqip\u00ebris\u00eb","article_publisher":"https:\/\/www.facebook.com\/koash1991","article_published_time":"2013-03-21T09:26:29+00:00","article_modified_time":"2020-04-06T20:32:07+00:00","og_image":[{"url":"https:\/\/lh4.googleusercontent.com\/-lvH9HYvki1w\/VABxCLJe1iI\/AAAAAAAACKw\/6lMJTYmMCJk\/w800-h600-no\/100_9761.JPG","type":"","width":"","height":""}],"author":"Kisha Orthodhokse","twitter_card":"summary_large_image","twitter_misc":{"Written by":"Kisha Orthodhokse","Est. reading time":"4 minutes"},"schema":{"@context":"https:\/\/schema.org","@graph":[{"@type":"Article","@id":"https:\/\/orthodoxalbania.org\/2020\/2013\/03\/21\/java-e-madhe-ne-berat\/#article","isPartOf":{"@id":"https:\/\/orthodoxalbania.org\/2020\/2013\/03\/21\/java-e-madhe-ne-berat\/"},"author":{"name":"Kisha Orthodhokse","@id":"https:\/\/orthodoxalbania.org\/2020\/#\/schema\/person\/0c387634a7063ac612d7ed9ce71c7e86"},"headline":"&#8211; Java e Madhe n\u00eb Berat &#8211; 2011","datePublished":"2013-03-21T09:26:29+00:00","dateModified":"2020-04-06T20:32:07+00:00","mainEntityOfPage":{"@id":"https:\/\/orthodoxalbania.org\/2020\/2013\/03\/21\/java-e-madhe-ne-berat\/"},"wordCount":868,"commentCount":0,"publisher":{"@id":"https:\/\/orthodoxalbania.org\/2020\/#organization"},"image":{"@id":"https:\/\/orthodoxalbania.org\/2020\/2013\/03\/21\/java-e-madhe-ne-berat\/#primaryimage"},"thumbnailUrl":"https:\/\/lh4.googleusercontent.com\/-lvH9HYvki1w\/VABxCLJe1iI\/AAAAAAAACKw\/6lMJTYmMCJk\/w800-h600-no\/100_9761.JPG","keywords":["2011","lajme","Mitropolia Berat","Pashk\u00eb"],"articleSection":["Lajme"],"inLanguage":"en-US"},{"@type":"WebPage","@id":"https:\/\/orthodoxalbania.org\/2020\/2013\/03\/21\/java-e-madhe-ne-berat\/","url":"https:\/\/orthodoxalbania.org\/2020\/2013\/03\/21\/java-e-madhe-ne-berat\/","name":"- Java e Madhe n\u00eb Berat - 2011 - Kisha Orthodh\u03bfkse Autoqefale e Shqip\u00ebris\u00eb","isPartOf":{"@id":"https:\/\/orthodoxalbania.org\/2020\/#website"},"primaryImageOfPage":{"@id":"https:\/\/orthodoxalbania.org\/2020\/2013\/03\/21\/java-e-madhe-ne-berat\/#primaryimage"},"image":{"@id":"https:\/\/orthodoxalbania.org\/2020\/2013\/03\/21\/java-e-madhe-ne-berat\/#primaryimage"},"thumbnailUrl":"https:\/\/lh4.googleusercontent.com\/-lvH9HYvki1w\/VABxCLJe1iI\/AAAAAAAACKw\/6lMJTYmMCJk\/w800-h600-no\/100_9761.JPG","datePublished":"2013-03-21T09:26:29+00:00","dateModified":"2020-04-06T20:32:07+00:00","breadcrumb":{"@id":"https:\/\/orthodoxalbania.org\/2020\/2013\/03\/21\/java-e-madhe-ne-berat\/#breadcrumb"},"inLanguage":"en-US","potentialAction":[{"@type":"ReadAction","target":["https:\/\/orthodoxalbania.org\/2020\/2013\/03\/21\/java-e-madhe-ne-berat\/"]}]},{"@type":"ImageObject","inLanguage":"en-US","@id":"https:\/\/orthodoxalbania.org\/2020\/2013\/03\/21\/java-e-madhe-ne-berat\/#primaryimage","url":"https:\/\/lh4.googleusercontent.com\/-lvH9HYvki1w\/VABxCLJe1iI\/AAAAAAAACKw\/6lMJTYmMCJk\/w800-h600-no\/100_9761.JPG","contentUrl":"https:\/\/lh4.googleusercontent.com\/-lvH9HYvki1w\/VABxCLJe1iI\/AAAAAAAACKw\/6lMJTYmMCJk\/w800-h600-no\/100_9761.JPG"},{"@type":"BreadcrumbList","@id":"https:\/\/orthodoxalbania.org\/2020\/2013\/03\/21\/java-e-madhe-ne-berat\/#breadcrumb","itemListElement":[{"@type":"ListItem","position":1,"name":"Home","item":"https:\/\/orthodoxalbania.org\/2020\/"},{"@type":"ListItem","position":2,"name":"&#8211; Java e Madhe n\u00eb Berat &#8211; 2011"}]},{"@type":"WebSite","@id":"https:\/\/orthodoxalbania.org\/2020\/#website","url":"https:\/\/orthodoxalbania.org\/2020\/","name":"Kisha Orthodh\u03bfkse Autoqefale e Shqip\u00ebris\u00eb","description":"Fqja Zyrtare e Kish\u00ebs Orthodhokse Autoqefale e Shqip\u00ebris\u00eb me lajmet edhe informacionet zyrtare p\u00ebr struktur\u00ebn edhe veprimtarin e saj.","publisher":{"@id":"https:\/\/orthodoxalbania.org\/2020\/#organization"},"potentialAction":[{"@type":"SearchAction","target":{"@type":"EntryPoint","urlTemplate":"https:\/\/orthodoxalbania.org\/2020\/?s={search_term_string}"},"query-input":{"@type":"PropertyValueSpecification","valueRequired":true,"valueName":"search_term_string"}}],"inLanguage":"en-US"},{"@type":"Organization","@id":"https:\/\/orthodoxalbania.org\/2020\/#organization","name":"Kisha Orthodhokse Autoqefale e Shqip\u00ebris\u00eb","url":"https:\/\/orthodoxalbania.org\/2020\/","logo":{"@type":"ImageObject","inLanguage":"en-US","@id":"https:\/\/orthodoxalbania.org\/2020\/#\/schema\/logo\/image\/","url":"https:\/\/orthodoxalbania.org\/2020\/wp-content\/uploads\/2020\/05\/albania.jpeg","contentUrl":"https:\/\/orthodoxalbania.org\/2020\/wp-content\/uploads\/2020\/05\/albania.jpeg","width":540,"height":540,"caption":"Kisha Orthodhokse Autoqefale e Shqip\u00ebris\u00eb"},"image":{"@id":"https:\/\/orthodoxalbania.org\/2020\/#\/schema\/logo\/image\/"},"sameAs":["https:\/\/www.facebook.com\/koash1991"]},{"@type":"Person","@id":"https:\/\/orthodoxalbania.org\/2020\/#\/schema\/person\/0c387634a7063ac612d7ed9ce71c7e86","name":"Kisha Orthodhokse","image":{"@type":"ImageObject","inLanguage":"en-US","@id":"https:\/\/secure.gravatar.com\/avatar\/596e7c417251e30f2fbb9c00e026fce61a695a00e51c889caded71c96cbbdde5?s=96&d=mm&r=g","url":"https:\/\/secure.gravatar.com\/avatar\/596e7c417251e30f2fbb9c00e026fce61a695a00e51c889caded71c96cbbdde5?s=96&d=mm&r=g","contentUrl":"https:\/\/secure.gravatar.com\/avatar\/596e7c417251e30f2fbb9c00e026fce61a695a00e51c889caded71c96cbbdde5?s=96&d=mm&r=g","caption":"Kisha Orthodhokse"}}]}},"_links":{"self":[{"href":"https:\/\/orthodoxalbania.org\/2020\/wp-json\/wp\/v2\/posts\/212","targetHints":{"allow":["GET"]}}],"collection":[{"href":"https:\/\/orthodoxalbania.org\/2020\/wp-json\/wp\/v2\/posts"}],"about":[{"href":"https:\/\/orthodoxalbania.org\/2020\/wp-json\/wp\/v2\/types\/post"}],"author":[{"embeddable":true,"href":"https:\/\/orthodoxalbania.org\/2020\/wp-json\/wp\/v2\/users\/1"}],"replies":[{"embeddable":true,"href":"https:\/\/orthodoxalbania.org\/2020\/wp-json\/wp\/v2\/comments?post=212"}],"version-history":[{"count":1,"href":"https:\/\/orthodoxalbania.org\/2020\/wp-json\/wp\/v2\/posts\/212\/revisions"}],"predecessor-version":[{"id":15402,"href":"https:\/\/orthodoxalbania.org\/2020\/wp-json\/wp\/v2\/posts\/212\/revisions\/15402"}],"wp:attachment":[{"href":"https:\/\/orthodoxalbania.org\/2020\/wp-json\/wp\/v2\/media?parent=212"}],"wp:term":[{"taxonomy":"category","embeddable":true,"href":"https:\/\/orthodoxalbania.org\/2020\/wp-json\/wp\/v2\/categories?post=212"},{"taxonomy":"post_tag","embeddable":true,"href":"https:\/\/orthodoxalbania.org\/2020\/wp-json\/wp\/v2\/tags?post=212"}],"curies":[{"name":"wp","href":"https:\/\/api.w.org\/{rel}","templated":true}]}}