{"id":210,"date":"2013-03-21T09:12:02","date_gmt":"2013-03-21T09:12:02","guid":{"rendered":""},"modified":"2020-04-12T17:40:48","modified_gmt":"2020-04-12T15:40:48","slug":"declaration-23-january-2011","status":"publish","type":"post","link":"https:\/\/orthodoxalbania.org\/2020\/2013\/03\/21\/declaration-23-january-2011\/","title":{"rendered":"&#8211; DECLARATION &#8211; (23 January 2011)"},"content":{"rendered":"<div class=\"style12\">\n\t<span style=\"color: #000000;\"><img decoding=\"async\" alt=\"\" class=\"lazyload HAa Eha\" src=\"data:image\/gif;base64,R0lGODlhAQABAAAAACH5BAEKAAEALAAAAAABAAEAAAICTAEAOw==\" data-orig-src=\"https:\/\/lh3.googleusercontent.com\/-0XaSr7tg_9w\/U_NB8PwotlI\/AAAAAAAAA2g\/QXaauIV8bCc\/s577-no\/logo.png\" style=\"height: 51px; width: 51px; display: block; margin-left: auto; margin-right: auto;\" \/><\/span><\/div>\n<div class=\"style12\" style=\"text-align: center;\">\n\t&nbsp;<\/div>\n<div class=\"style12\" style=\"text-align: center;\">\n\t<span style=\"color: #000000;\"><span style=\"font-family: tahoma,geneva,sans-serif;\"><span style=\"font-size: 12px;\">THE ORTHODOX AUTOCEPHALOUS CHURCH OF ALBANIA<\/span><\/span><\/span><\/div>\n<div class=\"style12\" style=\"text-align: center;\">\n\t<br \/>\n\t<span style=\"color: #000000;\"><span style=\"font-family: tahoma,geneva,sans-serif;\"><span style=\"font-size: 12px;\"><strong>DECLARATION<\/strong><\/span><\/span><\/span><\/div>\n<div class=\"style8\" style=\"text-align: justify;\">\n\t<span style=\"color: #000000;\"><span style=\"font-family: tahoma,geneva,sans-serif;\"><span style=\"font-size: 12px;\">&nbsp;&nbsp;&nbsp;<\/span><\/span><\/span><\/div>\n<div class=\"style8\" style=\"text-align: justify;\">\n\t<span style=\"color: #000000;\"><span style=\"font-family: tahoma,geneva,sans-serif;\"><span style=\"font-size: 12px;\">&nbsp;&nbsp;&nbsp; With deep sorrow and pain in the spirit, we followed the dramatic events that took place a few days ago in the center of Tirana.&nbsp; We offer heartfelt condolences to the families of those persons that lost their lives or were seriously injured.&nbsp; In these critical days, we are obligated to stress once again, in all directions, that violence breeds hatred and hatred darkens the heart, directing us towards a closed circle of chaos and paths that lead nowhere. In order for peace and constant progress to prevail, we must abandon every manner of misinformation and every form of violence.<\/span><\/span><\/span><\/div>\n<div class=\"style8\" style=\"text-align: justify;\">\n\t<br \/>\n\t<span style=\"color: #000000;\"><span style=\"font-family: tahoma,geneva,sans-serif;\"><span style=\"font-size: 12px;\">&nbsp;&nbsp;&nbsp; We pray with all our soul for there to be more self-control and a predisposition for dialogue and reconciliation on all sides. No more blood! No more conflict! May the God of love, righteousness and forgiveness enlighten all responsible persons to seek peace and collaboration. Only with self-control, truth and the spirit of understanding can the crucial reconciliation be assured and the country lead towards a future that has hope.<\/span><\/span><\/span><\/div>\n<div class=\"style8\" style=\"text-align: justify;\">\n\t&nbsp;<\/div>\n<div class=\"style8\" style=\"text-align: justify;\">\n\t&nbsp;<\/div>\n<div style=\"text-align: right;\">\n\t<span style=\"color: #000000;\"><strong><span style=\"font-family: tahoma,geneva,sans-serif;\"><span style=\"font-size: 12px;\"><span class=\"style8\">23 January 2011, Tirana<\/span><\/span><\/span><\/strong><\/span><\/div>\n","protected":false},"excerpt":{"rendered":"<p>&nbsp; THE ORTHODOX AUTOCEPHALOUS CHURCH OF ALBANIA DECLARATION &nbsp;&nbsp;&nbsp; &nbsp;&nbsp;&nbsp; With deep sorrow and pain in the spirit, we followed the dramatic events that took place a few days ago in the center of Tirana.&nbsp; We offer heartfelt condolences to the families of those persons that lost their lives or were seriously injured.&nbsp; In these critical days, we are obligated to stress once again, in<\/p>\n","protected":false},"author":7,"featured_media":0,"comment_status":"open","ping_status":"open","sticky":false,"template":"","format":"standard","meta":{"_acf_changed":false,"pagelayer_contact_templates":[],"_pagelayer_content":"","inline_featured_image":false,"fifu_image_url":"","fifu_image_alt":"","footnotes":""},"categories":[1935],"tags":[143,153,196],"class_list":["post-210","post","type-post","status-publish","format-standard","hentry","category-news-sq","tag-143","tag-deklarata-njoftime-zyrtare-d75","tag-tirane"],"acf":[],"yoast_head":"<!-- This site is optimized with the Yoast SEO plugin v27.2 - https:\/\/yoast.com\/product\/yoast-seo-wordpress\/ -->\n<title>- DECLARATION - (23 January 2011) - Kisha Orthodh\u03bfkse Autoqefale e Shqip\u00ebris\u00eb<\/title>\n<meta name=\"robots\" content=\"index, follow, max-snippet:-1, max-image-preview:large, max-video-preview:-1\" \/>\n<link rel=\"canonical\" href=\"https:\/\/orthodoxalbania.org\/2020\/2013\/03\/21\/declaration-23-january-2011\/\" \/>\n<meta property=\"og:locale\" content=\"en_US\" \/>\n<meta property=\"og:type\" content=\"article\" \/>\n<meta property=\"og:title\" content=\"- DECLARATION - (23 January 2011) - Kisha Orthodh\u03bfkse Autoqefale e Shqip\u00ebris\u00eb\" \/>\n<meta property=\"og:description\" content=\"&nbsp; THE ORTHODOX AUTOCEPHALOUS CHURCH OF ALBANIA DECLARATION &nbsp;&nbsp;&nbsp; &nbsp;&nbsp;&nbsp; With deep sorrow and pain in the spirit, we followed the dramatic events that took place a few days ago in the center of Tirana.&nbsp; We offer heartfelt condolences to the families of those persons that lost their lives or were seriously injured.&nbsp; In these critical days, we are obligated to stress once again, in\" \/>\n<meta property=\"og:url\" content=\"https:\/\/orthodoxalbania.org\/2020\/2013\/03\/21\/declaration-23-january-2011\/\" \/>\n<meta property=\"og:site_name\" content=\"Kisha Orthodh\u03bfkse Autoqefale e Shqip\u00ebris\u00eb\" \/>\n<meta property=\"article:publisher\" content=\"https:\/\/www.facebook.com\/koash1991\" \/>\n<meta property=\"article:published_time\" content=\"2013-03-21T09:12:02+00:00\" \/>\n<meta property=\"article:modified_time\" content=\"2020-04-12T15:40:48+00:00\" \/>\n<meta property=\"og:image\" content=\"https:\/\/lh3.googleusercontent.com\/-0XaSr7tg_9w\/U_NB8PwotlI\/AAAAAAAAA2g\/QXaauIV8bCc\/s577-no\/logo.png\" \/>\n<meta name=\"author\" content=\"Kisha Orthodhokse\" \/>\n<meta name=\"twitter:card\" content=\"summary_large_image\" \/>\n<meta name=\"twitter:label1\" content=\"Written by\" \/>\n\t<meta name=\"twitter:data1\" content=\"Kisha Orthodhokse\" \/>\n\t<meta name=\"twitter:label2\" content=\"Est. reading time\" \/>\n\t<meta name=\"twitter:data2\" content=\"1 minute\" \/>\n<script type=\"application\/ld+json\" class=\"yoast-schema-graph\">{\"@context\":\"https:\/\/schema.org\",\"@graph\":[{\"@type\":\"Article\",\"@id\":\"https:\/\/orthodoxalbania.org\/2020\/2013\/03\/21\/declaration-23-january-2011\/#article\",\"isPartOf\":{\"@id\":\"https:\/\/orthodoxalbania.org\/2020\/2013\/03\/21\/declaration-23-january-2011\/\"},\"author\":{\"name\":\"Kisha Orthodhokse\",\"@id\":\"https:\/\/orthodoxalbania.org\/2020\/#\/schema\/person\/df745f942b70e045b3dc05a30211f0de\"},\"headline\":\"&#8211; DECLARATION &#8211; (23 January 2011)\",\"datePublished\":\"2013-03-21T09:12:02+00:00\",\"dateModified\":\"2020-04-12T15:40:48+00:00\",\"mainEntityOfPage\":{\"@id\":\"https:\/\/orthodoxalbania.org\/2020\/2013\/03\/21\/declaration-23-january-2011\/\"},\"wordCount\":196,\"commentCount\":0,\"publisher\":{\"@id\":\"https:\/\/orthodoxalbania.org\/2020\/#organization\"},\"image\":{\"@id\":\"https:\/\/orthodoxalbania.org\/2020\/2013\/03\/21\/declaration-23-january-2011\/#primaryimage\"},\"thumbnailUrl\":\"https:\/\/lh3.googleusercontent.com\/-0XaSr7tg_9w\/U_NB8PwotlI\/AAAAAAAAA2g\/QXaauIV8bCc\/s577-no\/logo.png\",\"keywords\":[\"2011\",\"Deklarata - Njoftime Zyrtare\",\"Kryepiskopata Tiran\u00eb\"],\"articleSection\":[\"Lajme AL\"],\"inLanguage\":\"en-US\"},{\"@type\":\"WebPage\",\"@id\":\"https:\/\/orthodoxalbania.org\/2020\/2013\/03\/21\/declaration-23-january-2011\/\",\"url\":\"https:\/\/orthodoxalbania.org\/2020\/2013\/03\/21\/declaration-23-january-2011\/\",\"name\":\"- DECLARATION - (23 January 2011) - Kisha Orthodh\u03bfkse Autoqefale e Shqip\u00ebris\u00eb\",\"isPartOf\":{\"@id\":\"https:\/\/orthodoxalbania.org\/2020\/#website\"},\"primaryImageOfPage\":{\"@id\":\"https:\/\/orthodoxalbania.org\/2020\/2013\/03\/21\/declaration-23-january-2011\/#primaryimage\"},\"image\":{\"@id\":\"https:\/\/orthodoxalbania.org\/2020\/2013\/03\/21\/declaration-23-january-2011\/#primaryimage\"},\"thumbnailUrl\":\"https:\/\/lh3.googleusercontent.com\/-0XaSr7tg_9w\/U_NB8PwotlI\/AAAAAAAAA2g\/QXaauIV8bCc\/s577-no\/logo.png\",\"datePublished\":\"2013-03-21T09:12:02+00:00\",\"dateModified\":\"2020-04-12T15:40:48+00:00\",\"breadcrumb\":{\"@id\":\"https:\/\/orthodoxalbania.org\/2020\/2013\/03\/21\/declaration-23-january-2011\/#breadcrumb\"},\"inLanguage\":\"en-US\",\"potentialAction\":[{\"@type\":\"ReadAction\",\"target\":[\"https:\/\/orthodoxalbania.org\/2020\/2013\/03\/21\/declaration-23-january-2011\/\"]}]},{\"@type\":\"ImageObject\",\"inLanguage\":\"en-US\",\"@id\":\"https:\/\/orthodoxalbania.org\/2020\/2013\/03\/21\/declaration-23-january-2011\/#primaryimage\",\"url\":\"https:\/\/lh3.googleusercontent.com\/-0XaSr7tg_9w\/U_NB8PwotlI\/AAAAAAAAA2g\/QXaauIV8bCc\/s577-no\/logo.png\",\"contentUrl\":\"https:\/\/lh3.googleusercontent.com\/-0XaSr7tg_9w\/U_NB8PwotlI\/AAAAAAAAA2g\/QXaauIV8bCc\/s577-no\/logo.png\"},{\"@type\":\"BreadcrumbList\",\"@id\":\"https:\/\/orthodoxalbania.org\/2020\/2013\/03\/21\/declaration-23-january-2011\/#breadcrumb\",\"itemListElement\":[{\"@type\":\"ListItem\",\"position\":1,\"name\":\"Home\",\"item\":\"https:\/\/orthodoxalbania.org\/2020\/\"},{\"@type\":\"ListItem\",\"position\":2,\"name\":\"&#8211; DECLARATION &#8211; (23 January 2011)\"}]},{\"@type\":\"WebSite\",\"@id\":\"https:\/\/orthodoxalbania.org\/2020\/#website\",\"url\":\"https:\/\/orthodoxalbania.org\/2020\/\",\"name\":\"Kisha Orthodh\u03bfkse Autoqefale e Shqip\u00ebris\u00eb\",\"description\":\"Fqja Zyrtare e Kish\u00ebs Orthodhokse Autoqefale e Shqip\u00ebris\u00eb me lajmet edhe informacionet zyrtare p\u00ebr struktur\u00ebn edhe veprimtarin e saj.\",\"publisher\":{\"@id\":\"https:\/\/orthodoxalbania.org\/2020\/#organization\"},\"potentialAction\":[{\"@type\":\"SearchAction\",\"target\":{\"@type\":\"EntryPoint\",\"urlTemplate\":\"https:\/\/orthodoxalbania.org\/2020\/?s={search_term_string}\"},\"query-input\":{\"@type\":\"PropertyValueSpecification\",\"valueRequired\":true,\"valueName\":\"search_term_string\"}}],\"inLanguage\":\"en-US\"},{\"@type\":\"Organization\",\"@id\":\"https:\/\/orthodoxalbania.org\/2020\/#organization\",\"name\":\"Kisha Orthodhokse Autoqefale e Shqip\u00ebris\u00eb\",\"url\":\"https:\/\/orthodoxalbania.org\/2020\/\",\"logo\":{\"@type\":\"ImageObject\",\"inLanguage\":\"en-US\",\"@id\":\"https:\/\/orthodoxalbania.org\/2020\/#\/schema\/logo\/image\/\",\"url\":\"https:\/\/orthodoxalbania.org\/2020\/wp-content\/uploads\/2020\/05\/albania.jpeg\",\"contentUrl\":\"https:\/\/orthodoxalbania.org\/2020\/wp-content\/uploads\/2020\/05\/albania.jpeg\",\"width\":540,\"height\":540,\"caption\":\"Kisha Orthodhokse Autoqefale e Shqip\u00ebris\u00eb\"},\"image\":{\"@id\":\"https:\/\/orthodoxalbania.org\/2020\/#\/schema\/logo\/image\/\"},\"sameAs\":[\"https:\/\/www.facebook.com\/koash1991\"]},{\"@type\":\"Person\",\"@id\":\"https:\/\/orthodoxalbania.org\/2020\/#\/schema\/person\/df745f942b70e045b3dc05a30211f0de\",\"name\":\"Kisha Orthodhokse\",\"image\":{\"@type\":\"ImageObject\",\"inLanguage\":\"en-US\",\"@id\":\"https:\/\/secure.gravatar.com\/avatar\/2676eb8d97178435c9f691a7871595a1da6c33542dec218bce40885573150e28?s=96&d=mm&r=g\",\"url\":\"https:\/\/secure.gravatar.com\/avatar\/2676eb8d97178435c9f691a7871595a1da6c33542dec218bce40885573150e28?s=96&d=mm&r=g\",\"contentUrl\":\"https:\/\/secure.gravatar.com\/avatar\/2676eb8d97178435c9f691a7871595a1da6c33542dec218bce40885573150e28?s=96&d=mm&r=g\",\"caption\":\"Kisha Orthodhokse\"}}]}<\/script>\n<!-- \/ Yoast SEO plugin. -->","yoast_head_json":{"title":"- DECLARATION - (23 January 2011) - Kisha Orthodh\u03bfkse Autoqefale e Shqip\u00ebris\u00eb","robots":{"index":"index","follow":"follow","max-snippet":"max-snippet:-1","max-image-preview":"max-image-preview:large","max-video-preview":"max-video-preview:-1"},"canonical":"https:\/\/orthodoxalbania.org\/2020\/2013\/03\/21\/declaration-23-january-2011\/","og_locale":"en_US","og_type":"article","og_title":"- DECLARATION - (23 January 2011) - Kisha Orthodh\u03bfkse Autoqefale e Shqip\u00ebris\u00eb","og_description":"&nbsp; THE ORTHODOX AUTOCEPHALOUS CHURCH OF ALBANIA DECLARATION &nbsp;&nbsp;&nbsp; &nbsp;&nbsp;&nbsp; With deep sorrow and pain in the spirit, we followed the dramatic events that took place a few days ago in the center of Tirana.&nbsp; We offer heartfelt condolences to the families of those persons that lost their lives or were seriously injured.&nbsp; In these critical days, we are obligated to stress once again, in","og_url":"https:\/\/orthodoxalbania.org\/2020\/2013\/03\/21\/declaration-23-january-2011\/","og_site_name":"Kisha Orthodh\u03bfkse Autoqefale e Shqip\u00ebris\u00eb","article_publisher":"https:\/\/www.facebook.com\/koash1991","article_published_time":"2013-03-21T09:12:02+00:00","article_modified_time":"2020-04-12T15:40:48+00:00","og_image":[{"url":"https:\/\/lh3.googleusercontent.com\/-0XaSr7tg_9w\/U_NB8PwotlI\/AAAAAAAAA2g\/QXaauIV8bCc\/s577-no\/logo.png","type":"","width":"","height":""}],"author":"Kisha Orthodhokse","twitter_card":"summary_large_image","twitter_misc":{"Written by":"Kisha Orthodhokse","Est. reading time":"1 minute"},"schema":{"@context":"https:\/\/schema.org","@graph":[{"@type":"Article","@id":"https:\/\/orthodoxalbania.org\/2020\/2013\/03\/21\/declaration-23-january-2011\/#article","isPartOf":{"@id":"https:\/\/orthodoxalbania.org\/2020\/2013\/03\/21\/declaration-23-january-2011\/"},"author":{"name":"Kisha Orthodhokse","@id":"https:\/\/orthodoxalbania.org\/2020\/#\/schema\/person\/df745f942b70e045b3dc05a30211f0de"},"headline":"&#8211; DECLARATION &#8211; (23 January 2011)","datePublished":"2013-03-21T09:12:02+00:00","dateModified":"2020-04-12T15:40:48+00:00","mainEntityOfPage":{"@id":"https:\/\/orthodoxalbania.org\/2020\/2013\/03\/21\/declaration-23-january-2011\/"},"wordCount":196,"commentCount":0,"publisher":{"@id":"https:\/\/orthodoxalbania.org\/2020\/#organization"},"image":{"@id":"https:\/\/orthodoxalbania.org\/2020\/2013\/03\/21\/declaration-23-january-2011\/#primaryimage"},"thumbnailUrl":"https:\/\/lh3.googleusercontent.com\/-0XaSr7tg_9w\/U_NB8PwotlI\/AAAAAAAAA2g\/QXaauIV8bCc\/s577-no\/logo.png","keywords":["2011","Deklarata - Njoftime Zyrtare","Kryepiskopata Tiran\u00eb"],"articleSection":["Lajme AL"],"inLanguage":"en-US"},{"@type":"WebPage","@id":"https:\/\/orthodoxalbania.org\/2020\/2013\/03\/21\/declaration-23-january-2011\/","url":"https:\/\/orthodoxalbania.org\/2020\/2013\/03\/21\/declaration-23-january-2011\/","name":"- DECLARATION - (23 January 2011) - Kisha Orthodh\u03bfkse Autoqefale e Shqip\u00ebris\u00eb","isPartOf":{"@id":"https:\/\/orthodoxalbania.org\/2020\/#website"},"primaryImageOfPage":{"@id":"https:\/\/orthodoxalbania.org\/2020\/2013\/03\/21\/declaration-23-january-2011\/#primaryimage"},"image":{"@id":"https:\/\/orthodoxalbania.org\/2020\/2013\/03\/21\/declaration-23-january-2011\/#primaryimage"},"thumbnailUrl":"https:\/\/lh3.googleusercontent.com\/-0XaSr7tg_9w\/U_NB8PwotlI\/AAAAAAAAA2g\/QXaauIV8bCc\/s577-no\/logo.png","datePublished":"2013-03-21T09:12:02+00:00","dateModified":"2020-04-12T15:40:48+00:00","breadcrumb":{"@id":"https:\/\/orthodoxalbania.org\/2020\/2013\/03\/21\/declaration-23-january-2011\/#breadcrumb"},"inLanguage":"en-US","potentialAction":[{"@type":"ReadAction","target":["https:\/\/orthodoxalbania.org\/2020\/2013\/03\/21\/declaration-23-january-2011\/"]}]},{"@type":"ImageObject","inLanguage":"en-US","@id":"https:\/\/orthodoxalbania.org\/2020\/2013\/03\/21\/declaration-23-january-2011\/#primaryimage","url":"https:\/\/lh3.googleusercontent.com\/-0XaSr7tg_9w\/U_NB8PwotlI\/AAAAAAAAA2g\/QXaauIV8bCc\/s577-no\/logo.png","contentUrl":"https:\/\/lh3.googleusercontent.com\/-0XaSr7tg_9w\/U_NB8PwotlI\/AAAAAAAAA2g\/QXaauIV8bCc\/s577-no\/logo.png"},{"@type":"BreadcrumbList","@id":"https:\/\/orthodoxalbania.org\/2020\/2013\/03\/21\/declaration-23-january-2011\/#breadcrumb","itemListElement":[{"@type":"ListItem","position":1,"name":"Home","item":"https:\/\/orthodoxalbania.org\/2020\/"},{"@type":"ListItem","position":2,"name":"&#8211; DECLARATION &#8211; (23 January 2011)"}]},{"@type":"WebSite","@id":"https:\/\/orthodoxalbania.org\/2020\/#website","url":"https:\/\/orthodoxalbania.org\/2020\/","name":"Kisha Orthodh\u03bfkse Autoqefale e Shqip\u00ebris\u00eb","description":"Fqja Zyrtare e Kish\u00ebs Orthodhokse Autoqefale e Shqip\u00ebris\u00eb me lajmet edhe informacionet zyrtare p\u00ebr struktur\u00ebn edhe veprimtarin e saj.","publisher":{"@id":"https:\/\/orthodoxalbania.org\/2020\/#organization"},"potentialAction":[{"@type":"SearchAction","target":{"@type":"EntryPoint","urlTemplate":"https:\/\/orthodoxalbania.org\/2020\/?s={search_term_string}"},"query-input":{"@type":"PropertyValueSpecification","valueRequired":true,"valueName":"search_term_string"}}],"inLanguage":"en-US"},{"@type":"Organization","@id":"https:\/\/orthodoxalbania.org\/2020\/#organization","name":"Kisha Orthodhokse Autoqefale e Shqip\u00ebris\u00eb","url":"https:\/\/orthodoxalbania.org\/2020\/","logo":{"@type":"ImageObject","inLanguage":"en-US","@id":"https:\/\/orthodoxalbania.org\/2020\/#\/schema\/logo\/image\/","url":"https:\/\/orthodoxalbania.org\/2020\/wp-content\/uploads\/2020\/05\/albania.jpeg","contentUrl":"https:\/\/orthodoxalbania.org\/2020\/wp-content\/uploads\/2020\/05\/albania.jpeg","width":540,"height":540,"caption":"Kisha Orthodhokse Autoqefale e Shqip\u00ebris\u00eb"},"image":{"@id":"https:\/\/orthodoxalbania.org\/2020\/#\/schema\/logo\/image\/"},"sameAs":["https:\/\/www.facebook.com\/koash1991"]},{"@type":"Person","@id":"https:\/\/orthodoxalbania.org\/2020\/#\/schema\/person\/df745f942b70e045b3dc05a30211f0de","name":"Kisha Orthodhokse","image":{"@type":"ImageObject","inLanguage":"en-US","@id":"https:\/\/secure.gravatar.com\/avatar\/2676eb8d97178435c9f691a7871595a1da6c33542dec218bce40885573150e28?s=96&d=mm&r=g","url":"https:\/\/secure.gravatar.com\/avatar\/2676eb8d97178435c9f691a7871595a1da6c33542dec218bce40885573150e28?s=96&d=mm&r=g","contentUrl":"https:\/\/secure.gravatar.com\/avatar\/2676eb8d97178435c9f691a7871595a1da6c33542dec218bce40885573150e28?s=96&d=mm&r=g","caption":"Kisha Orthodhokse"}}]}},"_links":{"self":[{"href":"https:\/\/orthodoxalbania.org\/2020\/wp-json\/wp\/v2\/posts\/210","targetHints":{"allow":["GET"]}}],"collection":[{"href":"https:\/\/orthodoxalbania.org\/2020\/wp-json\/wp\/v2\/posts"}],"about":[{"href":"https:\/\/orthodoxalbania.org\/2020\/wp-json\/wp\/v2\/types\/post"}],"author":[{"embeddable":true,"href":"https:\/\/orthodoxalbania.org\/2020\/wp-json\/wp\/v2\/users\/7"}],"replies":[{"embeddable":true,"href":"https:\/\/orthodoxalbania.org\/2020\/wp-json\/wp\/v2\/comments?post=210"}],"version-history":[{"count":1,"href":"https:\/\/orthodoxalbania.org\/2020\/wp-json\/wp\/v2\/posts\/210\/revisions"}],"predecessor-version":[{"id":18117,"href":"https:\/\/orthodoxalbania.org\/2020\/wp-json\/wp\/v2\/posts\/210\/revisions\/18117"}],"wp:attachment":[{"href":"https:\/\/orthodoxalbania.org\/2020\/wp-json\/wp\/v2\/media?parent=210"}],"wp:term":[{"taxonomy":"category","embeddable":true,"href":"https:\/\/orthodoxalbania.org\/2020\/wp-json\/wp\/v2\/categories?post=210"},{"taxonomy":"post_tag","embeddable":true,"href":"https:\/\/orthodoxalbania.org\/2020\/wp-json\/wp\/v2\/tags?post=210"}],"curies":[{"name":"wp","href":"https:\/\/api.w.org\/{rel}","templated":true}]}}