{"id":207,"date":"2014-08-28T10:47:11","date_gmt":"2014-08-28T10:47:11","guid":{"rendered":""},"modified":"2020-04-06T22:02:23","modified_gmt":"2020-04-06T20:02:23","slug":"po-perbaltin-shenjtoret-te-cilet-populli-i-kremton-me-shprestari","status":"publish","type":"post","link":"https:\/\/orthodoxalbania.org\/2020\/2014\/08\/28\/po-perbaltin-shenjtoret-te-cilet-populli-i-kremton-me-shprestari\/","title":{"rendered":"&#8220;Po p\u00ebrbaltin shenjtor\u00ebt t\u00eb cil\u00ebt populli i kremton me shprestari&#8221;"},"content":{"rendered":"<p style=\"text-align: center;\">\n\t<span style=\"color: #b22222; font-size: 12pt; font-family: helvetica;\"><strong>&#8211; P\u00ebrgjigje e disa klerik\u00ebve dhe besimtar\u00ebve beratas ndaj shkrimeve t\u00eb botuara n\u00eb media, ku hidhet balt\u00eb mbi shenjtor\u00ebt dhe drejtuesit e Kish\u00ebs &#8211;<\/strong><\/span><\/p>\n<p style=\"text-align: justify;\">\n\t&nbsp;<\/p>\n<p style=\"text-align: justify;\">\n\t<span style=\"font-size: 12pt; font-family: helvetica;\">&nbsp;<span style=\"color: #000000;\">&nbsp;&nbsp; \u00cbsht\u00eb p\u00ebr t\u00eb ardhur keq q\u00eb n\u00eb prag t\u00eb festave t\u00eb m\u00ebdha t\u00eb Kish\u00ebs Orthodhokse Autoqefale t\u00eb Shqip\u00ebris\u00eb, disa autor\u00eb t\u00eb mediave si dhe disa p\u00ebrfaq\u00ebsues t\u00eb \u201cshoqatave\u201d t\u00eb ndryshme hedhin balt\u00eb mbi shenjtor\u00ebt dhe drejtuesit e Kish\u00ebs.<\/span><\/span><\/p>\n<p style=\"text-align: justify;\">\n\t<span style=\"color: #000000; font-size: 12pt; font-family: helvetica;\">&nbsp;&nbsp;&nbsp; K\u00ebshtu po ndodh edhe k\u00ebto dit\u00eb kur pritet t\u00eb festohet e kremtja e martirizimit t\u00eb sh\u00ebn Kozmait n\u00eb Kolkondas t\u00eb Fierit. U referohemi kryesisht shkrimeve t\u00eb botuara rishtazi n\u00eb media, t\u00eb cilat, konkretisht p\u00ebr sh\u00ebn Kozmain shprehen negativisht dhe me fjal\u00ebt m\u00eb ofenduese.<\/span><\/p>\n<p style=\"text-align: justify;\">\n\t<span style=\"color: #000000; font-size: 12pt; font-family: helvetica;\">&nbsp;&nbsp;&nbsp; 1.&nbsp; Kemi v\u00ebn\u00eb re q\u00eb t\u00eb gjith\u00eb keqdash\u00ebsit p\u00ebrdorin p\u00ebr sh\u00ebn Kozmain epitetin <em>shenjtor grek apo i p\u00ebrket kish\u00ebs greke dhe jo asaj shqiptare<\/em>.<\/span><\/p>\n<p style=\"text-align: justify;\">\n\t<span style=\"color: #000000; font-size: 12pt; font-family: helvetica;\">&nbsp;&nbsp;&nbsp; Shenjtor\u00ebt kan\u00eb dimension universal. Ashtu si n\u00eb vendin ton\u00eb kremtohen me madh\u00ebshti sh\u00ebn Joan Pag\u00ebzori, sh\u00ebn Joan Vladimiri, sh\u00ebn Nikolla, sh\u00ebn Gjergji, sh\u00ebn Naumi etj, t\u00eb cil\u00ebt nuk jan\u00eb shenjtor vendas, por kremtohen gjer\u00ebsisht mes nesh, k\u00ebshtu edhe sh\u00ebn Joan Kukuzeli nga Durr\u00ebsi, nj\u00eb nga themeluesit e muzik\u00ebs bizantine (kishtare), sh\u00ebn Nikodhimi i Beratit, sh\u00ebn Asti i Durr\u00ebsit, sh\u00ebn Lefteri i Vlor\u00ebs, etj. kremtohen gjer\u00ebsisht n\u00eb gjith\u00eb Kishat Orthodhokse n\u00eb mbar\u00eb bot\u00ebn. Sh\u00ebn Kozmai, si nj\u00eb prej tyre, shkruan me dor\u00ebn e tij: \u201c<em>Vendlindja ime e rreme tok\u00ebsore dhe e kot\u00eb \u00ebsht\u00eb nga rrethi i Apokurit\u201d<\/em>, pjes\u00eb e krahin\u00ebs s\u00eb Etolis\u00eb, n\u00eb t\u00eb cilin ai u lind. K\u00ebshtu, t\u00eb gjith\u00eb shenjtor\u00ebt kan\u00eb nj\u00eb gj\u00eb t\u00eb p\u00ebrbashk\u00ebt q\u00eb i b\u00ebn ata universal, t\u00eb p\u00ebrbashk\u00ebt kan\u00eb atdheun e tyre t\u00eb v\u00ebrtet\u00eb, Mbret\u00ebrin\u00eb e Qiejve.<\/span><\/p>\n<p style=\"text-align: justify;\">\n\t<span style=\"color: #000000; font-size: 12pt; font-family: helvetica;\"><em>&nbsp;&nbsp;&nbsp; 2.&nbsp; <\/em>Gjithashtu k\u00ebto dit\u00eb kemi lexuar shpifje t\u00eb ndryshme si ajo e studiuesit Moikom Zeqo: <em>\u201cN\u00eb t\u00ebr\u00eb dokumentet e Kish\u00ebs Orthodhokse Autoqefale t\u00eb Shqip\u00ebris\u00eb nuk ekziston ndonj\u00eb fakt apo d\u00ebshmi q\u00eb Kozmai t\u00eb jet\u00eb kanonizuar edhe si nj\u00eb shenjtor shqiptar. Kozmai nuk ka qen\u00eb i dalluar ve\u00e7mas dhe Kisha Orthodhokse Autoqefale e Shqip\u00ebris\u00eb, q\u00eb nga ftill\u00ebzimi i saj institucional, nuk e ka theksuar asnj\u00ebher\u00eb Kozmain si nj\u00eb njeri q\u00eb i ka sh\u00ebrbyer edhe interesave komb\u00ebtare, por edhe fetare t\u00eb Shqip\u00ebris\u00eb.\u201d<\/em><\/span><\/p>\n<p style=\"text-align: justify;\">\n\t<span style=\"color: #000000; font-size: 12pt; font-family: helvetica;\">&nbsp;&nbsp;&nbsp; Sh\u00ebn Kozmai \u00ebsht\u00eb nderuar si shenjtor n\u00eb Shqip\u00ebri, fill pas martirizimit t\u00eb tij. E meqen\u00ebse z. Zeqo k\u00ebrkon fakte, Kryepiskopi i par\u00eb kanonik i Kish\u00ebs Orthodhokse Autoqefale t\u00eb Shqip\u00ebris\u00eb, Imzot Kristofor Kisi, n\u00eb vitin 1931 thekson qart\u00eb rolin dhe kontributin e sh\u00ebn Kozmait p\u00ebr Shqip\u00ebrin\u00eb: <em>\u201cN\u00eb mbarimin e shekullit t\u00eb tet\u00ebmb\u00ebdhjet\u00eb krishterimi i Shqip\u00ebris\u00eb kishte arritur n\u00eb nj\u00eb rrezik shum\u00eb t\u00eb madh. Nga padija e thell\u00eb e popullit, nga shtypjet e qeveritar\u00ebve t\u00eb asaj kohe, nga tmerri q\u00eb mbret\u00ebronte n\u00ebp\u00ebr t\u00eb krishter\u00ebt, jeta dhe pasuria e t\u00eb cil\u00ebve varesh prej m\u00ebshir\u00ebs s\u00eb m\u00eb t\u00eb fort\u00ebve, renegacionet, mohimet e bes\u00ebs, ishin gj\u00ebra t\u00eb shpeshta dhe t\u00eb zakonshme. Shum\u00eb her\u00eb ndodhte q\u00eb vise t\u00eb t\u00ebra nd\u00ebrronin fe p\u00ebr shkaqe pa r\u00ebnd\u00ebsi.<\/em><\/span><\/p>\n<p style=\"text-align: justify;\">\n\t<span style=\"color: #000000; font-size: 12pt; font-family: helvetica;\"><em>&nbsp;&nbsp;&nbsp; N\u00eb k\u00ebt\u00eb gjendje ardhja e sh\u00ebn Kozmait sh\u00ebnoi nj\u00eb stacion tep\u00ebr t\u00eb r\u00ebnd\u00ebsish\u00ebm p\u00ebr fatin e krishterimit n\u00eb Shqip\u00ebri.<\/em><\/span><\/p>\n<p style=\"text-align: justify;\">\n\t<span style=\"color: #000000; font-size: 12pt; font-family: helvetica;\"><em>&nbsp;&nbsp;&nbsp; Po si nj\u00eb apostull i ri, i mbushur me entuziazmin e Frym\u00ebs s\u00eb Shenjt\u00eb dhe me zem\u00ebrnxeht\u00ebsin\u00eb e profet\u00ebve, ky orator i shk\u00eblqyer i Ungjillit, u p\u00ebrpoq me fjalimet e tij t\u00eb larta dhe t\u00eb \u00ebmbla, t\u2019u jap\u00eb zem\u00ebr dhe kuraj\u00eb t\u00eb krishter\u00ebve t\u00eb terrorizuar t\u00eb at\u00ebhersh\u00ebm dhe t\u2019i p\u00ebrmbante n\u00eb traditat fetare atnore. Mund t\u00eb themi sigurisht se, edhe ato teproja t\u00eb pakta t\u00eb krishterimit q\u00eb mbeten sot n\u00eb Shqip\u00ebrin\u00eb e jugut, u detyrohen k\u00ebtyre veprimeve.<\/em><\/span><\/p>\n<p style=\"text-align: justify;\">\n\t<span style=\"color: #000000; font-size: 12pt; font-family: helvetica;\"><em>&nbsp;&nbsp;&nbsp; Merita m\u00eb e madhe e Shenjtit dhe lart\u00ebsia e tij tregohen nga kujdesia e ve\u00e7ant\u00eb q\u00eb shfaqte p\u00ebr kultur\u00ebn e popullit. Kur vizitonte nj\u00eb katund apo qytet p\u00ebr t\u00eb predikuar, mendimi i par\u00eb i tij ishte t\u00eb hapte shkolla, n\u00eb t\u00eb cilat, djemt\u00eb e t\u00eb krishter\u00ebve merrnin edukat\u00ebn darovisht\u201d. (Jet\u00ebshkrimi dhe Akoluthia e D\u00ebshmoit t\u00eb Ri dhe Isapostollit Sh\u00ebn Kozma, Kristofor Kisi, Korc\u00eb 1931, fq. 3).<\/em><\/span><\/p>\n<p style=\"text-align: justify;\">\n\t<span style=\"color: #000000; font-size: 12pt; font-family: helvetica;\">&nbsp;&nbsp;&nbsp; Pas Imzot Kristofor Kisit, \u00ebsht\u00eb Imzot Theofan Noli q\u00eb b\u00ebn n\u00eb vitin 1947 nj\u00eb p\u00ebrmbledhje t\u00eb sh\u00ebrbes\u00ebs t\u00eb p\u00ebrkthyer nga Kristofor Kisi. Ai shkruan: <em>\u201cLe ta nderojm\u00eb o besnik, dhe le ta kuror\u00ebzojm\u00eb me lule sh\u00ebn Kozman\u00eb, bukurin\u00eb e D\u00ebshmor\u00ebve, mburrjen e murgj\u00ebrve, predikonj\u00ebsin e bes\u00ebs, shembullin e prift\u00ebrinjve, imituesin e mbaruar t\u00eb Apostujve, se b\u00ebn \u00e7udira, dhe na dhuron sh\u00ebrime. Le ta p\u00ebrsh\u00ebndoshim pra, dhe le t\u2019i th\u00ebrresim: G\u00ebzohu o ligj\u00ebronj\u00ebs i bes\u00ebs, o kollon\u00eb e patronditur e Kish\u00ebs. Ruaje Kish\u00ebn n\u00eb paqe me nd\u00ebrmjetime, se ke kuraj\u00eb p\u00ebrpara Shp\u00ebtimtarit, se derdhe gjakun si nj\u00eb Apostull i tij.\u201d (Kremtore e Kish\u00ebs Orthodhokse, p\u00ebrkthyer nga F. S. Noli, Boston 1947).<\/em><\/span><\/p>\n<p style=\"text-align: justify;\">\n\t<span style=\"color: #000000; font-size: 12pt; font-family: helvetica;\">&nbsp;&nbsp;&nbsp; Ashtu si imzot Kristofor Kisi, edhe Imzot Theofan Noli, e konsideron sh\u00ebn Kozmain nj\u00eb shenjtor t\u00eb madh me shum\u00eb vlera dhe virtyte n\u00eb misionin e tij t\u00eb shenjt\u00eb. N\u00ebse p\u00ebr k\u00ebta dy klerik\u00eb, intelektual dhe atdhetar, sh\u00ebn Kozmai \u00ebsht\u00eb nj\u00eb shenjtor q\u00eb i ka sh\u00ebrbyer dhe ka dh\u00ebn\u00eb nj\u00eb kontribut t\u00eb pa\u00e7muar p\u00ebr t\u00eb krishter\u00ebt e Shqip\u00ebris\u00eb, at\u00ebher\u00eb&nbsp; p\u00ebrse k\u00ebto gjoja \u201cshoqata atdhetare p\u00ebr identitet e bashkim komb\u00ebtar\u201d q\u00eb kan\u00eb si shembull k\u00ebta atdhetar\u00eb t\u00eb shquar, keqinterpretojn\u00eb bindjet e tyre? P\u00ebrse k\u00ebta intelektual jo t\u00eb krishter\u00eb p\u00ebrzihen n\u00eb \u00e7\u00ebshtjet e besimit t\u00eb krishter\u00eb orthodhoks duke mos pasur fare njohuri, p\u00ebrbaltin shenjtor\u00ebt t\u00eb cil\u00ebt populli, p\u00ebr shekuj me radh\u00eb, i kremton me shprestari?<\/span><\/p>\n<p style=\"text-align: justify;\">\n\t<span style=\"color: #000000; font-size: 12pt; font-family: helvetica;\">&nbsp;&nbsp;&nbsp; Sh\u00ebn Kozmai nuk i p\u00ebrket nj\u00eb kishe vendore. Ai \u00ebsht\u00eb nj\u00eb shenjtor ekumenik dhe kremtohet n\u00eb mbar\u00eb dhen\u00eb. Shum\u00eb kemi par\u00eb e d\u00ebgjuar k\u00ebto dit\u00eb. Ata q\u00eb e martirizuan 235 vite m\u00eb par\u00eb vazhdojn\u00eb edhe sot t\u00eb t\u00ebrheqin litarin n\u00eb gryk\u00ebn e tij. \u201cFali o Zot se nuk din\u00eb se \u00e7\u2019b\u00ebjn\u00eb&#8230;\u201d!<\/span><\/p>\n<p style=\"text-align: justify;\">\n\t&nbsp;<\/p>\n<p style=\"text-align: right;\">\n\t<span style=\"font-size: 12pt; font-family: helvetica;\"><strong><span style=\"color: #000000;\"><em>Sh\u00ebnim: Ky artikull ju d\u00ebrgua si p\u00ebrgjigje gazet\u00ebs &#8220;Dita&#8221;, por ende nuk \u00ebsht\u00eb botuar&#8230;<\/em><\/span><\/strong><\/span><\/p>\n<p style=\"text-align: justify;\">\n\t&nbsp;<\/p>\n<div>\n\t&nbsp;<\/div>\n<table style=\"width: 500px; float: left;\">\n<tbody>\n<tr>\n<td style=\"width: 237px;\">\n<div>\n\t\t\t\t\t<span style=\"color: #000000; font-size: 12pt; font-family: helvetica;\"><strong>At\u00eb Petraq Simsia<\/strong><\/span><\/div>\n<\/td>\n<td style=\"width: 240px;\">\n<div>\n\t\t\t\t\t<span style=\"color: #000000; font-size: 12pt; font-family: helvetica;\"><strong>z. Ilia Zaka<\/strong><\/span><\/div>\n<\/td>\n<\/tr>\n<tr>\n<td style=\"width: 237px;\">\n<div>\n\t\t\t\t\t<span style=\"color: #000000; font-size: 12pt; font-family: helvetica;\"><strong>At\u00eb Kristaq Subashi<\/strong><\/span><\/div>\n<\/td>\n<td style=\"width: 240px;\">\n<div>\n\t\t\t\t\t<span style=\"color: #000000; font-size: 12pt; font-family: helvetica;\"><strong>znj. Stela Qako<\/strong><\/span><\/div>\n<\/td>\n<\/tr>\n<tr>\n<td style=\"width: 237px;\">\n<div>\n\t\t\t\t\t<span style=\"color: #000000; font-size: 12pt; font-family: helvetica;\"><strong>At\u00eb Niko Lushi<\/strong><\/span><\/div>\n<\/td>\n<td style=\"width: 240px;\">\n<div>\n\t\t\t\t\t<span style=\"color: #000000; font-size: 12pt; font-family: helvetica;\"><strong>z. Theoktist Postolli<\/strong><\/span><\/div>\n<\/td>\n<\/tr>\n<tr>\n<td style=\"width: 237px;\">\n<div>\n\t\t\t\t\t<span style=\"color: #000000; font-size: 12pt; font-family: helvetica;\"><strong>Dhiakon Anastas Vrapi<\/strong><\/span><\/div>\n<\/td>\n<td style=\"width: 240px;\">\n<div>\n\t\t\t\t\t<span style=\"color: #000000; font-size: 12pt; font-family: helvetica;\"><strong>znj. Eli Filipi<\/strong><\/span><\/div>\n<\/td>\n<\/tr>\n<tr>\n<td style=\"width: 237px;\">\n<div>\n\t\t\t\t\t<span style=\"color: #000000; font-size: 12pt; font-family: helvetica;\"><strong>Dhiakon Joan Qako<\/strong><\/span><\/div>\n<\/td>\n<td style=\"width: 240px;\">\n<div>\n\t\t\t\t\t<span style=\"color: #000000; font-size: 12pt; font-family: helvetica;\"><strong>z. Ilia Ko\u00e7i<\/strong><\/span><\/div>\n<\/td>\n<\/tr>\n<\/tbody>\n<\/table>\n<p>\n\t&nbsp;<\/p>\n<p style=\"text-align: justify;\">\n\t&nbsp;<\/p>\n","protected":false},"excerpt":{"rendered":"<p>&#8211; P\u00ebrgjigje e disa klerik\u00ebve dhe besimtar\u00ebve beratas ndaj shkrimeve t\u00eb botuara n\u00eb media, ku hidhet balt\u00eb mbi shenjtor\u00ebt dhe drejtuesit e Kish\u00ebs &#8211; &nbsp; &nbsp;&nbsp;&nbsp; \u00cbsht\u00eb p\u00ebr t\u00eb ardhur keq q\u00eb n\u00eb prag t\u00eb festave t\u00eb m\u00ebdha t\u00eb Kish\u00ebs Orthodhokse Autoqefale t\u00eb Shqip\u00ebris\u00eb, disa autor\u00eb t\u00eb mediave si dhe disa p\u00ebrfaq\u00ebsues t\u00eb \u201cshoqatave\u201d t\u00eb ndryshme hedhin balt\u00eb mbi shenjtor\u00ebt dhe drejtuesit e Kish\u00ebs. &nbsp;&nbsp;&nbsp;<\/p>\n","protected":false},"author":1,"featured_media":0,"comment_status":"open","ping_status":"open","sticky":false,"template":"","format":"standard","meta":{"_acf_changed":false,"pagelayer_contact_templates":[],"_pagelayer_content":"","inline_featured_image":false,"fifu_image_url":"","fifu_image_alt":"","footnotes":""},"categories":[108],"tags":[140,153,212,203],"class_list":["post-207","post","type-post","status-publish","format-standard","hentry","category-lajme","tag-140","tag-deklarata-njoftime-zyrtare-d75","tag-lajme-d27","tag-pergjigje-ndaj-akuzave"],"acf":[],"yoast_head":"<!-- This site is optimized with the Yoast SEO plugin v27.2 - https:\/\/yoast.com\/product\/yoast-seo-wordpress\/ -->\n<title>&quot;Po p\u00ebrbaltin shenjtor\u00ebt t\u00eb cil\u00ebt populli i kremton me shprestari&quot; - Kisha Orthodh\u03bfkse Autoqefale e Shqip\u00ebris\u00eb<\/title>\n<meta name=\"robots\" content=\"index, follow, max-snippet:-1, max-image-preview:large, max-video-preview:-1\" \/>\n<link rel=\"canonical\" href=\"https:\/\/orthodoxalbania.org\/2020\/2014\/08\/28\/po-perbaltin-shenjtoret-te-cilet-populli-i-kremton-me-shprestari\/\" \/>\n<meta property=\"og:locale\" content=\"en_US\" \/>\n<meta property=\"og:type\" content=\"article\" \/>\n<meta property=\"og:title\" content=\"&quot;Po p\u00ebrbaltin shenjtor\u00ebt t\u00eb cil\u00ebt populli i kremton me shprestari&quot; - Kisha Orthodh\u03bfkse Autoqefale e Shqip\u00ebris\u00eb\" \/>\n<meta property=\"og:description\" content=\"&#8211; P\u00ebrgjigje e disa klerik\u00ebve dhe besimtar\u00ebve beratas ndaj shkrimeve t\u00eb botuara n\u00eb media, ku hidhet balt\u00eb mbi shenjtor\u00ebt dhe drejtuesit e Kish\u00ebs &#8211; &nbsp; &nbsp;&nbsp;&nbsp; \u00cbsht\u00eb p\u00ebr t\u00eb ardhur keq q\u00eb n\u00eb prag t\u00eb festave t\u00eb m\u00ebdha t\u00eb Kish\u00ebs Orthodhokse Autoqefale t\u00eb Shqip\u00ebris\u00eb, disa autor\u00eb t\u00eb mediave si dhe disa p\u00ebrfaq\u00ebsues t\u00eb \u201cshoqatave\u201d t\u00eb ndryshme hedhin balt\u00eb mbi shenjtor\u00ebt dhe drejtuesit e Kish\u00ebs. &nbsp;&nbsp;&nbsp;\" \/>\n<meta property=\"og:url\" content=\"https:\/\/orthodoxalbania.org\/2020\/2014\/08\/28\/po-perbaltin-shenjtoret-te-cilet-populli-i-kremton-me-shprestari\/\" \/>\n<meta property=\"og:site_name\" content=\"Kisha Orthodh\u03bfkse Autoqefale e Shqip\u00ebris\u00eb\" \/>\n<meta property=\"article:publisher\" content=\"https:\/\/www.facebook.com\/koash1991\" \/>\n<meta property=\"article:published_time\" content=\"2014-08-28T10:47:11+00:00\" \/>\n<meta property=\"article:modified_time\" content=\"2020-04-06T20:02:23+00:00\" \/>\n<meta property=\"og:image\" content=\"https:\/\/orthodoxalbania.org\/2020\/wp-content\/uploads\/2021\/02\/LogoLastALb-200.png\" \/>\n\t<meta property=\"og:image:width\" content=\"200\" \/>\n\t<meta property=\"og:image:height\" content=\"172\" \/>\n\t<meta property=\"og:image:type\" content=\"image\/png\" \/>\n<meta name=\"author\" content=\"Kisha Orthodhokse\" \/>\n<meta name=\"twitter:card\" content=\"summary_large_image\" \/>\n<meta name=\"twitter:label1\" content=\"Written by\" \/>\n\t<meta name=\"twitter:data1\" content=\"Kisha Orthodhokse\" \/>\n\t<meta name=\"twitter:label2\" content=\"Est. reading time\" \/>\n\t<meta name=\"twitter:data2\" content=\"6 minutes\" \/>\n<script type=\"application\/ld+json\" class=\"yoast-schema-graph\">{\"@context\":\"https:\/\/schema.org\",\"@graph\":[{\"@type\":\"Article\",\"@id\":\"https:\/\/orthodoxalbania.org\/2020\/2014\/08\/28\/po-perbaltin-shenjtoret-te-cilet-populli-i-kremton-me-shprestari\/#article\",\"isPartOf\":{\"@id\":\"https:\/\/orthodoxalbania.org\/2020\/2014\/08\/28\/po-perbaltin-shenjtoret-te-cilet-populli-i-kremton-me-shprestari\/\"},\"author\":{\"name\":\"Kisha Orthodhokse\",\"@id\":\"https:\/\/orthodoxalbania.org\/2020\/#\/schema\/person\/0c387634a7063ac612d7ed9ce71c7e86\"},\"headline\":\"&#8220;Po p\u00ebrbaltin shenjtor\u00ebt t\u00eb cil\u00ebt populli i kremton me shprestari&#8221;\",\"datePublished\":\"2014-08-28T10:47:11+00:00\",\"dateModified\":\"2020-04-06T20:02:23+00:00\",\"mainEntityOfPage\":{\"@id\":\"https:\/\/orthodoxalbania.org\/2020\/2014\/08\/28\/po-perbaltin-shenjtoret-te-cilet-populli-i-kremton-me-shprestari\/\"},\"wordCount\":1189,\"commentCount\":0,\"publisher\":{\"@id\":\"https:\/\/orthodoxalbania.org\/2020\/#organization\"},\"keywords\":[\"2014\",\"Deklarata - Njoftime Zyrtare\",\"lajme\",\"P\u00ebrgjigje ndaj akuzave\"],\"articleSection\":[\"Lajme\"],\"inLanguage\":\"en-US\"},{\"@type\":\"WebPage\",\"@id\":\"https:\/\/orthodoxalbania.org\/2020\/2014\/08\/28\/po-perbaltin-shenjtoret-te-cilet-populli-i-kremton-me-shprestari\/\",\"url\":\"https:\/\/orthodoxalbania.org\/2020\/2014\/08\/28\/po-perbaltin-shenjtoret-te-cilet-populli-i-kremton-me-shprestari\/\",\"name\":\"\\\"Po p\u00ebrbaltin shenjtor\u00ebt t\u00eb cil\u00ebt populli i kremton me shprestari\\\" - Kisha Orthodh\u03bfkse Autoqefale e Shqip\u00ebris\u00eb\",\"isPartOf\":{\"@id\":\"https:\/\/orthodoxalbania.org\/2020\/#website\"},\"datePublished\":\"2014-08-28T10:47:11+00:00\",\"dateModified\":\"2020-04-06T20:02:23+00:00\",\"breadcrumb\":{\"@id\":\"https:\/\/orthodoxalbania.org\/2020\/2014\/08\/28\/po-perbaltin-shenjtoret-te-cilet-populli-i-kremton-me-shprestari\/#breadcrumb\"},\"inLanguage\":\"en-US\",\"potentialAction\":[{\"@type\":\"ReadAction\",\"target\":[\"https:\/\/orthodoxalbania.org\/2020\/2014\/08\/28\/po-perbaltin-shenjtoret-te-cilet-populli-i-kremton-me-shprestari\/\"]}]},{\"@type\":\"BreadcrumbList\",\"@id\":\"https:\/\/orthodoxalbania.org\/2020\/2014\/08\/28\/po-perbaltin-shenjtoret-te-cilet-populli-i-kremton-me-shprestari\/#breadcrumb\",\"itemListElement\":[{\"@type\":\"ListItem\",\"position\":1,\"name\":\"Home\",\"item\":\"https:\/\/orthodoxalbania.org\/2020\/\"},{\"@type\":\"ListItem\",\"position\":2,\"name\":\"&#8220;Po p\u00ebrbaltin shenjtor\u00ebt t\u00eb cil\u00ebt populli i kremton me shprestari&#8221;\"}]},{\"@type\":\"WebSite\",\"@id\":\"https:\/\/orthodoxalbania.org\/2020\/#website\",\"url\":\"https:\/\/orthodoxalbania.org\/2020\/\",\"name\":\"Kisha Orthodh\u03bfkse Autoqefale e Shqip\u00ebris\u00eb\",\"description\":\"Fqja Zyrtare e Kish\u00ebs Orthodhokse Autoqefale e Shqip\u00ebris\u00eb me lajmet edhe informacionet zyrtare p\u00ebr struktur\u00ebn edhe veprimtarin e saj.\",\"publisher\":{\"@id\":\"https:\/\/orthodoxalbania.org\/2020\/#organization\"},\"potentialAction\":[{\"@type\":\"SearchAction\",\"target\":{\"@type\":\"EntryPoint\",\"urlTemplate\":\"https:\/\/orthodoxalbania.org\/2020\/?s={search_term_string}\"},\"query-input\":{\"@type\":\"PropertyValueSpecification\",\"valueRequired\":true,\"valueName\":\"search_term_string\"}}],\"inLanguage\":\"en-US\"},{\"@type\":\"Organization\",\"@id\":\"https:\/\/orthodoxalbania.org\/2020\/#organization\",\"name\":\"Kisha Orthodhokse Autoqefale e Shqip\u00ebris\u00eb\",\"url\":\"https:\/\/orthodoxalbania.org\/2020\/\",\"logo\":{\"@type\":\"ImageObject\",\"inLanguage\":\"en-US\",\"@id\":\"https:\/\/orthodoxalbania.org\/2020\/#\/schema\/logo\/image\/\",\"url\":\"https:\/\/orthodoxalbania.org\/2020\/wp-content\/uploads\/2020\/05\/albania.jpeg\",\"contentUrl\":\"https:\/\/orthodoxalbania.org\/2020\/wp-content\/uploads\/2020\/05\/albania.jpeg\",\"width\":540,\"height\":540,\"caption\":\"Kisha Orthodhokse Autoqefale e Shqip\u00ebris\u00eb\"},\"image\":{\"@id\":\"https:\/\/orthodoxalbania.org\/2020\/#\/schema\/logo\/image\/\"},\"sameAs\":[\"https:\/\/www.facebook.com\/koash1991\"]},{\"@type\":\"Person\",\"@id\":\"https:\/\/orthodoxalbania.org\/2020\/#\/schema\/person\/0c387634a7063ac612d7ed9ce71c7e86\",\"name\":\"Kisha Orthodhokse\",\"image\":{\"@type\":\"ImageObject\",\"inLanguage\":\"en-US\",\"@id\":\"https:\/\/secure.gravatar.com\/avatar\/596e7c417251e30f2fbb9c00e026fce61a695a00e51c889caded71c96cbbdde5?s=96&d=mm&r=g\",\"url\":\"https:\/\/secure.gravatar.com\/avatar\/596e7c417251e30f2fbb9c00e026fce61a695a00e51c889caded71c96cbbdde5?s=96&d=mm&r=g\",\"contentUrl\":\"https:\/\/secure.gravatar.com\/avatar\/596e7c417251e30f2fbb9c00e026fce61a695a00e51c889caded71c96cbbdde5?s=96&d=mm&r=g\",\"caption\":\"Kisha Orthodhokse\"}}]}<\/script>\n<!-- \/ Yoast SEO plugin. -->","yoast_head_json":{"title":"\"Po p\u00ebrbaltin shenjtor\u00ebt t\u00eb cil\u00ebt populli i kremton me shprestari\" - Kisha Orthodh\u03bfkse Autoqefale e Shqip\u00ebris\u00eb","robots":{"index":"index","follow":"follow","max-snippet":"max-snippet:-1","max-image-preview":"max-image-preview:large","max-video-preview":"max-video-preview:-1"},"canonical":"https:\/\/orthodoxalbania.org\/2020\/2014\/08\/28\/po-perbaltin-shenjtoret-te-cilet-populli-i-kremton-me-shprestari\/","og_locale":"en_US","og_type":"article","og_title":"\"Po p\u00ebrbaltin shenjtor\u00ebt t\u00eb cil\u00ebt populli i kremton me shprestari\" - Kisha Orthodh\u03bfkse Autoqefale e Shqip\u00ebris\u00eb","og_description":"&#8211; P\u00ebrgjigje e disa klerik\u00ebve dhe besimtar\u00ebve beratas ndaj shkrimeve t\u00eb botuara n\u00eb media, ku hidhet balt\u00eb mbi shenjtor\u00ebt dhe drejtuesit e Kish\u00ebs &#8211; &nbsp; &nbsp;&nbsp;&nbsp; \u00cbsht\u00eb p\u00ebr t\u00eb ardhur keq q\u00eb n\u00eb prag t\u00eb festave t\u00eb m\u00ebdha t\u00eb Kish\u00ebs Orthodhokse Autoqefale t\u00eb Shqip\u00ebris\u00eb, disa autor\u00eb t\u00eb mediave si dhe disa p\u00ebrfaq\u00ebsues t\u00eb \u201cshoqatave\u201d t\u00eb ndryshme hedhin balt\u00eb mbi shenjtor\u00ebt dhe drejtuesit e Kish\u00ebs. &nbsp;&nbsp;&nbsp;","og_url":"https:\/\/orthodoxalbania.org\/2020\/2014\/08\/28\/po-perbaltin-shenjtoret-te-cilet-populli-i-kremton-me-shprestari\/","og_site_name":"Kisha Orthodh\u03bfkse Autoqefale e Shqip\u00ebris\u00eb","article_publisher":"https:\/\/www.facebook.com\/koash1991","article_published_time":"2014-08-28T10:47:11+00:00","article_modified_time":"2020-04-06T20:02:23+00:00","og_image":[{"width":200,"height":172,"url":"https:\/\/orthodoxalbania.org\/2020\/wp-content\/uploads\/2021\/02\/LogoLastALb-200.png","type":"image\/png"}],"author":"Kisha Orthodhokse","twitter_card":"summary_large_image","twitter_misc":{"Written by":"Kisha Orthodhokse","Est. reading time":"6 minutes"},"schema":{"@context":"https:\/\/schema.org","@graph":[{"@type":"Article","@id":"https:\/\/orthodoxalbania.org\/2020\/2014\/08\/28\/po-perbaltin-shenjtoret-te-cilet-populli-i-kremton-me-shprestari\/#article","isPartOf":{"@id":"https:\/\/orthodoxalbania.org\/2020\/2014\/08\/28\/po-perbaltin-shenjtoret-te-cilet-populli-i-kremton-me-shprestari\/"},"author":{"name":"Kisha Orthodhokse","@id":"https:\/\/orthodoxalbania.org\/2020\/#\/schema\/person\/0c387634a7063ac612d7ed9ce71c7e86"},"headline":"&#8220;Po p\u00ebrbaltin shenjtor\u00ebt t\u00eb cil\u00ebt populli i kremton me shprestari&#8221;","datePublished":"2014-08-28T10:47:11+00:00","dateModified":"2020-04-06T20:02:23+00:00","mainEntityOfPage":{"@id":"https:\/\/orthodoxalbania.org\/2020\/2014\/08\/28\/po-perbaltin-shenjtoret-te-cilet-populli-i-kremton-me-shprestari\/"},"wordCount":1189,"commentCount":0,"publisher":{"@id":"https:\/\/orthodoxalbania.org\/2020\/#organization"},"keywords":["2014","Deklarata - Njoftime Zyrtare","lajme","P\u00ebrgjigje ndaj akuzave"],"articleSection":["Lajme"],"inLanguage":"en-US"},{"@type":"WebPage","@id":"https:\/\/orthodoxalbania.org\/2020\/2014\/08\/28\/po-perbaltin-shenjtoret-te-cilet-populli-i-kremton-me-shprestari\/","url":"https:\/\/orthodoxalbania.org\/2020\/2014\/08\/28\/po-perbaltin-shenjtoret-te-cilet-populli-i-kremton-me-shprestari\/","name":"\"Po p\u00ebrbaltin shenjtor\u00ebt t\u00eb cil\u00ebt populli i kremton me shprestari\" - Kisha Orthodh\u03bfkse Autoqefale e Shqip\u00ebris\u00eb","isPartOf":{"@id":"https:\/\/orthodoxalbania.org\/2020\/#website"},"datePublished":"2014-08-28T10:47:11+00:00","dateModified":"2020-04-06T20:02:23+00:00","breadcrumb":{"@id":"https:\/\/orthodoxalbania.org\/2020\/2014\/08\/28\/po-perbaltin-shenjtoret-te-cilet-populli-i-kremton-me-shprestari\/#breadcrumb"},"inLanguage":"en-US","potentialAction":[{"@type":"ReadAction","target":["https:\/\/orthodoxalbania.org\/2020\/2014\/08\/28\/po-perbaltin-shenjtoret-te-cilet-populli-i-kremton-me-shprestari\/"]}]},{"@type":"BreadcrumbList","@id":"https:\/\/orthodoxalbania.org\/2020\/2014\/08\/28\/po-perbaltin-shenjtoret-te-cilet-populli-i-kremton-me-shprestari\/#breadcrumb","itemListElement":[{"@type":"ListItem","position":1,"name":"Home","item":"https:\/\/orthodoxalbania.org\/2020\/"},{"@type":"ListItem","position":2,"name":"&#8220;Po p\u00ebrbaltin shenjtor\u00ebt t\u00eb cil\u00ebt populli i kremton me shprestari&#8221;"}]},{"@type":"WebSite","@id":"https:\/\/orthodoxalbania.org\/2020\/#website","url":"https:\/\/orthodoxalbania.org\/2020\/","name":"Kisha Orthodh\u03bfkse Autoqefale e Shqip\u00ebris\u00eb","description":"Fqja Zyrtare e Kish\u00ebs Orthodhokse Autoqefale e Shqip\u00ebris\u00eb me lajmet edhe informacionet zyrtare p\u00ebr struktur\u00ebn edhe veprimtarin e saj.","publisher":{"@id":"https:\/\/orthodoxalbania.org\/2020\/#organization"},"potentialAction":[{"@type":"SearchAction","target":{"@type":"EntryPoint","urlTemplate":"https:\/\/orthodoxalbania.org\/2020\/?s={search_term_string}"},"query-input":{"@type":"PropertyValueSpecification","valueRequired":true,"valueName":"search_term_string"}}],"inLanguage":"en-US"},{"@type":"Organization","@id":"https:\/\/orthodoxalbania.org\/2020\/#organization","name":"Kisha Orthodhokse Autoqefale e Shqip\u00ebris\u00eb","url":"https:\/\/orthodoxalbania.org\/2020\/","logo":{"@type":"ImageObject","inLanguage":"en-US","@id":"https:\/\/orthodoxalbania.org\/2020\/#\/schema\/logo\/image\/","url":"https:\/\/orthodoxalbania.org\/2020\/wp-content\/uploads\/2020\/05\/albania.jpeg","contentUrl":"https:\/\/orthodoxalbania.org\/2020\/wp-content\/uploads\/2020\/05\/albania.jpeg","width":540,"height":540,"caption":"Kisha Orthodhokse Autoqefale e Shqip\u00ebris\u00eb"},"image":{"@id":"https:\/\/orthodoxalbania.org\/2020\/#\/schema\/logo\/image\/"},"sameAs":["https:\/\/www.facebook.com\/koash1991"]},{"@type":"Person","@id":"https:\/\/orthodoxalbania.org\/2020\/#\/schema\/person\/0c387634a7063ac612d7ed9ce71c7e86","name":"Kisha Orthodhokse","image":{"@type":"ImageObject","inLanguage":"en-US","@id":"https:\/\/secure.gravatar.com\/avatar\/596e7c417251e30f2fbb9c00e026fce61a695a00e51c889caded71c96cbbdde5?s=96&d=mm&r=g","url":"https:\/\/secure.gravatar.com\/avatar\/596e7c417251e30f2fbb9c00e026fce61a695a00e51c889caded71c96cbbdde5?s=96&d=mm&r=g","contentUrl":"https:\/\/secure.gravatar.com\/avatar\/596e7c417251e30f2fbb9c00e026fce61a695a00e51c889caded71c96cbbdde5?s=96&d=mm&r=g","caption":"Kisha Orthodhokse"}}]}},"_links":{"self":[{"href":"https:\/\/orthodoxalbania.org\/2020\/wp-json\/wp\/v2\/posts\/207","targetHints":{"allow":["GET"]}}],"collection":[{"href":"https:\/\/orthodoxalbania.org\/2020\/wp-json\/wp\/v2\/posts"}],"about":[{"href":"https:\/\/orthodoxalbania.org\/2020\/wp-json\/wp\/v2\/types\/post"}],"author":[{"embeddable":true,"href":"https:\/\/orthodoxalbania.org\/2020\/wp-json\/wp\/v2\/users\/1"}],"replies":[{"embeddable":true,"href":"https:\/\/orthodoxalbania.org\/2020\/wp-json\/wp\/v2\/comments?post=207"}],"version-history":[{"count":1,"href":"https:\/\/orthodoxalbania.org\/2020\/wp-json\/wp\/v2\/posts\/207\/revisions"}],"predecessor-version":[{"id":15060,"href":"https:\/\/orthodoxalbania.org\/2020\/wp-json\/wp\/v2\/posts\/207\/revisions\/15060"}],"wp:attachment":[{"href":"https:\/\/orthodoxalbania.org\/2020\/wp-json\/wp\/v2\/media?parent=207"}],"wp:term":[{"taxonomy":"category","embeddable":true,"href":"https:\/\/orthodoxalbania.org\/2020\/wp-json\/wp\/v2\/categories?post=207"},{"taxonomy":"post_tag","embeddable":true,"href":"https:\/\/orthodoxalbania.org\/2020\/wp-json\/wp\/v2\/tags?post=207"}],"curies":[{"name":"wp","href":"https:\/\/api.w.org\/{rel}","templated":true}]}}