{"id":204,"date":"2007-02-26T00:00:00","date_gmt":"2007-02-26T00:00:00","guid":{"rendered":""},"modified":"2020-04-06T22:35:48","modified_gmt":"2020-04-06T20:35:48","slug":"te-rritemi-me-krishtin-ne-kampet-ditore-te-femijeve-te-organizuar-nga-kisha-orthodhokse-gusht-2007","status":"publish","type":"post","link":"https:\/\/orthodoxalbania.org\/2020\/2007\/02\/26\/te-rritemi-me-krishtin-ne-kampet-ditore-te-femijeve-te-organizuar-nga-kisha-orthodhokse-gusht-2007\/","title":{"rendered":"\u201cT\u00eb rritemi me Krishtin\u201d N\u00eb kampet ditore t\u00eb f\u00ebmij\u00ebve, t\u00eb organizuar nga Kisha Orthodhokse. (Gusht 2007)"},"content":{"rendered":"<p style=\"text-align: justify;\"><span style=\"font-family: helvetica; font-size: 12pt;\"><\/span><\/p>\n<table id=\"AutoNumber2\" style=\"width: 804px; height: 3384px;\" border=\"0\">\n<tbody>\n<tr>\n<td>\n<p><span style=\"color: #000000; font-family: helvetica; font-size: 12pt;\"><img decoding=\"async\" class=\"lazyload HAa Eha\" style=\"border-width: 1px; border-style: solid; margin: 10px auto; display: block;\" alt=\"\" src=\"data:image\/gif;base64,R0lGODlhAQABAAAAACH5BAEKAAEALAAAAAABAAEAAAICTAEAOw==\" data-orig-src=\"https:\/\/lh4.googleusercontent.com\/-tuvj6WnRmLk\/VImBMER8S9I\/AAAAAAAAGcY\/HtMl_Imploc\/w400-h300-no\/pic1.jpg\" \/><\/span><\/p>\n<\/td>\n<td>\n<p style=\"text-align: justify;\"><span style=\"color: #000000; font-family: helvetica; font-size: 12pt;\">&nbsp;&nbsp;&nbsp;&nbsp;<\/span><\/p>\n<p style=\"text-align: justify;\"><span style=\"color: #000000; font-family: helvetica; font-size: 12pt;\">&nbsp;&nbsp;&nbsp; Edhe k\u00ebt\u00eb vit, me bekimin e Fortlumturis\u00eb s\u00eb tij Kryepiskopit Anastas, n\u00eb shum\u00eb enori t\u00eb Kish\u00ebs son\u00eb u zhvilluan kampet ditore nj\u00ebjavore p\u00ebr f\u00ebmij\u00eb, me tem\u00eb qendore: <strong>\u201cT\u00eb rritemi me Krishtin\u201d<\/strong>.<\/span><\/p>\n<p style=\"text-align: justify;\"><span style=\"font-family: helvetica; font-size: 12pt;\"><\/span><\/p>\n<\/td>\n<\/tr>\n<tr>\n<td>\n<p style=\"text-align: justify;\"><span style=\"color: #000000; font-family: helvetica; font-size: 12pt;\">&nbsp;&nbsp;&nbsp; Ato u organizuan nga fundi i gushtit deri n\u00eb fillim t\u00eb shtatorit, me pjes\u00ebmarrje t\u00eb gjer\u00eb t\u00eb f\u00ebmij\u00ebve, t\u00eb drejtuar nga prift\u00ebrinjt\u00eb, katekist\u00ebt dhe shum\u00eb vullnetar\u00eb t\u00eb rinj. Programi zhvillohej nga ora 08.00 deri n\u00eb 12.00.&nbsp;<\/span><\/p>\n<\/td>\n<td>\n<p style=\"text-align: justify;\"><span style=\"font-family: helvetica; font-size: 12pt;\"><\/span><\/p>\n<p><span style=\"font-family: helvetica; font-size: 12pt;\"><img decoding=\"async\" class=\"lazyload HAa Eha\" style=\"border-width: 1px; border-style: solid; margin: 10px auto; display: block;\" alt=\"\" src=\"data:image\/gif;base64,R0lGODlhAQABAAAAACH5BAEKAAEALAAAAAABAAEAAAICTAEAOw==\" data-orig-src=\"https:\/\/lh6.googleusercontent.com\/-hAA_4Ab4rLs\/VImBMLIS7VI\/AAAAAAAAGdY\/jAKTlnzhXWE\/w400-h300-no\/pic2.jpg\" \/><\/span><\/td>\n<\/tr>\n<tr>\n<td>\n<p><span style=\"color: #000000; font-family: helvetica; font-size: 12pt;\"><img decoding=\"async\" class=\"lazyload HAa Eha\" style=\"border-width: 1px; border-style: solid; margin: 10px auto; display: block;\" alt=\"\" src=\"data:image\/gif;base64,R0lGODlhAQABAAAAACH5BAEKAAEALAAAAAABAAEAAAICTAEAOw==\" data-orig-src=\"https:\/\/lh4.googleusercontent.com\/-PzY6D89vpE8\/VImBMgIWRHI\/AAAAAAAAGcg\/8PRZvyr8jcc\/w400-h300-no\/pic3.jpg\" \/><\/span><\/p>\n<\/td>\n<td>\n<p style=\"text-align: justify;\"><span style=\"color: #000000; font-family: helvetica; font-size: 12pt;\">&nbsp;&nbsp;&nbsp; \u00c7do dit\u00eb e kampit niste me lutjen e m\u00ebngjesit dhe vazhdonte me bised\u00ebn shpirt\u00ebrore, pun\u00ebn e dor\u00ebs, k\u00ebng\u00ebt dhe mund t\u00eb p\u00ebrfundonte me drek\u00eb t\u00eb p\u00ebrbashk\u00ebt.<\/span><\/p>\n<\/td>\n<\/tr>\n<tr>\n<td dir=\"ltr\">\n<p dir=\"ltr\" style=\"text-align: justify;\"><span style=\"color: #000000; font-family: helvetica; font-size: 12pt;\">&nbsp;&nbsp;&nbsp; F\u00ebmij\u00ebt kaluan disa dit\u00eb me freski shpirt\u00ebrore dhe trupore, duke u p\u00ebrgatitur p\u00ebr fillimin e vitit t\u00eb ri arsimor. N\u00ebntemat shpirt\u00ebrore ishin: <strong><em>\u201cT\u00eb rritemi n\u00eb besim\u201d<\/em><\/strong><em>,<strong>\u201cT\u00eb rritemi n\u00eb t\u00eb v\u00ebrtet\u00ebn\u201d<\/strong>,<strong>\u201cT\u00eb rritemi n\u00eb dashuri\u201d<\/strong> dhe<strong>\u201cT\u00eb rritemi n\u00eb mendime, fjal\u00eb dhe vepra\u201d<\/strong><\/em>.<\/span><\/p>\n<\/td>\n<td dir=\"ltr\">\n<p dir=\"ltr\"><span style=\"color: #000000; font-family: helvetica; font-size: 12pt;\"><img decoding=\"async\" class=\"lazyload HAa Eha\" style=\"border-width: 1px; border-style: solid; margin: 10px auto; display: block;\" alt=\"\" src=\"data:image\/gif;base64,R0lGODlhAQABAAAAACH5BAEKAAEALAAAAAABAAEAAAICTAEAOw==\" data-orig-src=\"https:\/\/lh3.googleusercontent.com\/-iHfsWrlcTLo\/VImBM46IseI\/AAAAAAAAGdI\/ZO9aJ9PA_5I\/w400-h300-no\/pic4.jpg\" \/><\/span><\/p>\n<\/td>\n<\/tr>\n<tr>\n<td dir=\"ltr\">\n<p><span style=\"color: #000000; font-family: helvetica; font-size: 12pt;\"><img decoding=\"async\" class=\"lazyload HAa Eha\" style=\"border-width: 1px; border-style: solid; margin: 10px auto; display: block;\" alt=\"\" src=\"data:image\/gif;base64,R0lGODlhAQABAAAAACH5BAEKAAEALAAAAAABAAEAAAICTAEAOw==\" data-orig-src=\"https:\/\/lh6.googleusercontent.com\/-mgFvlI7EvcU\/VImBNI2q-lI\/AAAAAAAAGdM\/MplEIt7CzIU\/w400-h300-no\/pic5.jpg\" \/><\/span><\/p>\n<\/td>\n<td dir=\"ltr\">\n<p style=\"text-align: justify;\"><span style=\"color: #000000; font-family: helvetica; font-size: 12pt;\">&nbsp;&nbsp;&nbsp; N\u00eb Tiran\u00eb nga 20-26 gusht u organizuan kampe ditore n\u00eb dy qendra; paradite n\u00eb mjediset e p\u00ebrkujdesjes ditore \u201cUngjill\u00ebzimi\u201d dhe pasdite n\u00eb mjediset e Kish\u00ebs n\u00eb rrug\u00ebn \u201cQemal Stafa\u201d. Mor\u00ebn pjes\u00eb dhjet\u00ebra f\u00ebmij\u00eb, t\u00eb cil\u00ebt ndoq\u00ebn me interes programin e p\u00ebrgatitur nga koordinator\u00ebt e Zyr\u00ebs Qendrore t\u00eb F\u00ebmij\u00ebve, e cila ishte edhe organizatorja e k\u00ebsaj veprimtarie komb\u00ebtare.<\/span><\/p>\n<\/td>\n<\/tr>\n<tr>\n<td dir=\"ltr\">\n<p style=\"text-align: justify;\"><span style=\"color: #000000; font-family: helvetica; font-size: 12pt;\">&nbsp;&nbsp;&nbsp; N\u00eb Kavaj\u00eb kampi ditor u organizua nga 27 gusht\u20132 shtator, n\u00eb mjediset e kish\u00ebs \u201cSh\u00ebn Nikolla\u201d. Sipas mosh\u00ebs, f\u00ebmij\u00ebt u ndan\u00eb n\u00eb 3 grupe: <strong><em>\u201cDashuria\u201d, \u201cBesimi\u201d <\/em> <\/strong>dhe <strong><em>\u201cE V\u00ebrteta\u201d.<\/em><\/strong> Ky kamp ishte nj\u00eb mund\u00ebsi p\u00ebr ta, jo vet\u00ebm p\u00ebr t\u00eb m\u00ebsuar m\u00eb shum\u00eb rreth besimit, por edhe p\u00ebr t\u2019u arg\u00ebtuar, sepse zhvilloheshin edhe loj\u00ebra t\u00eb ndryshme.<\/span><\/p>\n<\/td>\n<td dir=\"ltr\">\n<p><span style=\"color: #000000; font-family: helvetica; font-size: 12pt;\"><img decoding=\"async\" class=\"lazyload HAa Eha\" style=\"border-width: 1px; border-style: solid; margin: 10px auto; display: block;\" alt=\"\" src=\"data:image\/gif;base64,R0lGODlhAQABAAAAACH5BAEKAAEALAAAAAABAAEAAAICTAEAOw==\" data-orig-src=\"https:\/\/lh4.googleusercontent.com\/-vnK9DiRps9k\/VImBN0RFqtI\/AAAAAAAAGdE\/QIn7wifXCgI\/w400-h300-no\/pic6.jpg\" \/><\/span><\/p>\n<\/td>\n<\/tr>\n<tr>\n<td dir=\"ltr\">\n<p><span style=\"color: #000000; font-family: helvetica; font-size: 12pt;\"><img decoding=\"async\" class=\"lazyload HAa Eha\" style=\"border-width: 1px; border-style: solid; margin: 10px auto; display: block;\" alt=\"\" src=\"data:image\/gif;base64,R0lGODlhAQABAAAAACH5BAEKAAEALAAAAAABAAEAAAICTAEAOw==\" data-orig-src=\"https:\/\/lh4.googleusercontent.com\/-3aXGhc7s6II\/VImBOHXse1I\/AAAAAAAAGc4\/kP5WPlC120c\/w400-h300-no\/pic7.jpg\" \/><\/span><\/p>\n<\/td>\n<td dir=\"ltr\">\n<p style=\"text-align: justify;\"><span style=\"color: #000000; font-family: helvetica; font-size: 12pt;\">&nbsp;&nbsp;&nbsp; N\u00eb Shkod\u00ebr mbi 50 f\u00ebmij\u00eb mor\u00ebn pjes\u00eb n\u00eb veprimtarit\u00eb e zhvilluara n\u00eb qytet dhe n\u00eb fshatin Vrak\u00eb.<\/span><\/p>\n<p style=\"text-align: justify;\"><span style=\"color: #000000; font-family: helvetica; font-size: 12pt;\">&nbsp;&nbsp;&nbsp; Nga 24\u201331 gusht ky kamp u zhvillua edhe n\u00eb qytetin e Gramshit, me m\u00eb shum\u00eb se 100 pjes\u00ebmarr\u00ebs. Kampi u zhvillua n\u00eb mjediset e kish\u00ebs \u201cMetamorfoza e Shp\u00ebtimtarit\u201d. Kontribuan n\u00eb mbar\u00ebvajtjen e tij klerik\u00ebt e zon\u00ebs, katekist\u00ebt e Zyr\u00ebs Qendrore t\u00eb Katekizmit, student\u00eb t\u00eb Akademis\u00eb Teologjike, si edhe t\u00eb rinj vullnetar\u00eb nga zona e Gjinarit dhe qyteti i Gramshit.<\/span><\/p>\n<p style=\"text-align: justify;\"><span style=\"font-family: helvetica; font-size: 12pt;\"><\/span><\/p>\n<\/td>\n<\/tr>\n<tr>\n<td dir=\"ltr\">\n<p style=\"text-align: justify;\"><span style=\"color: #000000; font-family: helvetica; font-size: 12pt;\">&nbsp;&nbsp;&nbsp;&nbsp;<\/span><\/p>\n<p style=\"text-align: justify;\"><span style=\"color: #000000; font-family: helvetica; font-size: 12pt;\">&nbsp;&nbsp;&nbsp; Kampi niste me sh\u00ebrbes\u00ebn e M\u00ebngjesit dhe vazhdonte me komentin e Ungjillit t\u00eb dit\u00ebs, m\u00ebsim k\u00ebnge, biseda shpirt\u00ebrore, loj\u00ebra t\u00eb ndryshme, pun\u00eb dore etj. Gjithashtu, u organizuan ekskursione n\u00eb pika t\u00eb ndryshme t\u00eb qytetit, por ai m\u00eb mbres\u00ebl\u00ebn\u00ebsi ishte n\u00eb Manastirin e hirsh\u00ebm t\u00eb sh\u00ebn Vlashit. Aty f\u00ebmij\u00ebt u prit\u00ebn nga Episkopi i Apollonis\u00eb, Hir\u00ebsia e tij, Nikolla, i cili b\u00ebri me ta nj\u00eb bised\u00eb t\u00eb ngroht\u00eb.<\/span><\/p>\n<\/td>\n<td dir=\"ltr\">\n<p><span style=\"color: #000000; font-family: helvetica; font-size: 12pt;\"><img decoding=\"async\" class=\"lazyload HAa Eha\" style=\"border-width: 1px; border-style: solid; margin: 10px auto; display: block;\" alt=\"\" src=\"data:image\/gif;base64,R0lGODlhAQABAAAAACH5BAEKAAEALAAAAAABAAEAAAICTAEAOw==\" data-orig-src=\"https:\/\/lh3.googleusercontent.com\/-P79gxG-0_V8\/VImBOboWgBI\/AAAAAAAAGc8\/KMPElDc7sBI\/w400-h300-no\/pic8.jpg\" \/><\/span><\/p>\n<\/td>\n<\/tr>\n<tr>\n<td colspan=\"2\">\n<p style=\"text-align: justify;\"><span style=\"color: #000000; font-family: helvetica; font-size: 12pt;\"> &nbsp;&nbsp;&nbsp; Nga 13-22 gusht aktiviteti u organizua n\u00eb zon\u00ebn e Gjinarit. N\u00eb k\u00ebt\u00eb kamp mor\u00ebn pjes\u00eb rreth 120 f\u00ebmij\u00eb, nga 7-14 vje\u00e7. Tema e k\u00ebtij kampi ishte: <strong>\u201cT\u00eb rritemi n\u00eb Krishtin\u201d<\/strong>. Temat u zhvilluan nga katekist\u00eb dhe student\u00eb t\u00eb Akademis\u00eb Teologjike. P\u00ebr organizimin e k\u00ebtij kampi ndihmoi dhe kleriku i kish\u00ebs at\u00eb Jani Ranxha, i cili kryente edhe sh\u00ebrbesat e ndryshme. K\u00ebta f\u00ebmij\u00eb q\u00eb jetojn\u00eb n\u00eb nj\u00eb zon\u00eb t\u00eb thell\u00eb malore, treguan sa e duan Per\u00ebndin\u00eb dhe u shpreh\u00ebn mir\u00ebnjoh\u00ebs ndaj Kish\u00ebs dhe Kryebariut t\u00eb saj, i cili u mund\u00ebsoi k\u00ebt\u00eb aktivitet.<\/span><br \/><span style=\"font-family: helvetica; font-size: 12pt;\"> &nbsp;<\/span><\/p>\n<\/td>\n<\/tr>\n<tr>\n<td>\n<p style=\"text-align: justify;\"><span style=\"color: #000000; font-family: helvetica; font-size: 12pt;\">&nbsp;&nbsp;&nbsp;&nbsp;<\/span><\/p>\n<p style=\"text-align: justify;\"><span style=\"color: #000000; font-family: helvetica; font-size: 12pt;\">&nbsp;&nbsp;&nbsp; Duke par\u00eb q\u00eb n\u00eb zonat rurale ka munges\u00eb t\u00eb theksuar aktivitetesh, Zyra Qendrore e F\u00ebmij\u00ebve e Kish\u00ebs son\u00eb organizoi nj\u00eb kamp veror edhe n\u00eb zon\u00ebn M\u00ebliz\u00eb-Shelcan, ku mor\u00ebn pjes\u00eb f\u00ebmij\u00eb t\u00eb k\u00ebtyre fshatrave. Ve\u00e7 programit t\u00eb larmish\u00ebm, u organizua gjithashtu nj\u00eb marshim n\u00eb kish\u00ebn e sh\u00ebn Nikoll\u00ebs, si edhe nj\u00eb ekskursion n\u00eb Manastirin e sh\u00ebn Vlashit, n\u00eb Durr\u00ebs.<\/span><\/p>\n<p style=\"text-align: justify;\"><span style=\"font-family: helvetica; font-size: 12pt;\"><\/span><\/p>\n<\/td>\n<td>\n<p style=\"text-align: justify;\"><span style=\"font-family: helvetica; font-size: 12pt;\"><\/span><\/p>\n<p><span style=\"font-family: helvetica; font-size: 12pt;\"><img decoding=\"async\" class=\"lazyload HAa Eha\" style=\"border-width: 1px; border-style: solid; margin: 10px auto; display: block;\" alt=\"\" src=\"data:image\/gif;base64,R0lGODlhAQABAAAAACH5BAEKAAEALAAAAAABAAEAAAICTAEAOw==\" data-orig-src=\"https:\/\/lh5.googleusercontent.com\/-NoEMHPOxd1Q\/VImBOqTX0DI\/AAAAAAAAGdA\/TsWOEmbacxg\/w400-h300-no\/pic9.jpg\" \/><\/span><\/td>\n<\/tr>\n<tr>\n<td>\n<p><span style=\"color: #000000; font-family: helvetica; font-size: 12pt;\"><img decoding=\"async\" class=\"lazyload HAa Eha\" style=\"border-width: 1px; border-style: solid; margin: 10px auto; display: block;\" alt=\"\" src=\"data:image\/gif;base64,R0lGODlhAQABAAAAACH5BAEKAAEALAAAAAABAAEAAAICTAEAOw==\" data-orig-src=\"https:\/\/lh5.googleusercontent.com\/-33deledvvyo\/VImBMHyhoqI\/AAAAAAAAGdQ\/IRHe9b_RdGk\/w400-h300-no\/pic10.jpg\" \/><\/span><\/p>\n<\/td>\n<td>\n<p style=\"text-align: justify;\"><span style=\"color: #000000; font-family: helvetica; font-size: 12pt;\">&nbsp;&nbsp;&nbsp; N\u00eb kamp mor\u00ebn pjes\u00eb rreth 65 veta, nga t\u00eb cil\u00ebt ishin 45 f\u00ebmij\u00eb nga Shelcani dhe 20 nga M\u00ebliza. Nj\u00eb veprimtari e till\u00eb u realizua edhe n\u00eb fshatin Kuqan t\u00eb komun\u00ebs Shirgjan, ku n\u00eb t\u00eb mor\u00ebn pjes\u00eb 58 f\u00ebmij\u00eb t\u00eb mosh\u00ebs nga 7-14 vje\u00e7.<\/span><\/p>\n<\/td>\n<\/tr>\n<\/tbody>\n<\/table>\n<p style=\"text-align: justify;\"><span style=\"color: #000000; font-family: helvetica; font-size: 12pt;\">&nbsp;&nbsp;&nbsp; Edhe n\u00eb Mitropolin\u00eb e Beratit k\u00ebto kampe ditore u zhvilluan n\u00eb fund t\u00eb gushtit dhe n\u00eb fillim t\u00eb shtatorit n\u00eb Poro t\u00eb Vlor\u00ebs, n\u00eb Berat, n\u00eb Lushnje, n\u00eb sh\u00ebn Pjet\u00ebr, n\u00eb Bubullim\u00eb, Krutje, Fier, Mifol dhe Karavasta. N\u00eb \u00e7do kamp merrnin pjes\u00eb 40\u201360 f\u00ebmij\u00eb. Edhe k\u00ebtu ndihmuan katekist\u00ebt dhe t\u00eb rinj orthodhoks\u00eb, si edhe prift\u00ebrinjt\u00eb e zonave. F\u00ebmij\u00ebt fal\u00ebnderuan Per\u00ebndin\u00eb dhe Kryepiskopin ton\u00eb Anastasin p\u00ebr kujdesin e madh q\u00eb tregon p\u00ebr ta.<\/span><\/p>\n<p style=\"text-align: justify;\"><span style=\"color: #000000; font-family: helvetica; font-size: 12pt;\">&nbsp;&nbsp;&nbsp; Nga 27 gushti deri n\u00eb 2 shtator, n\u00eb kish\u00ebn e Profetit Ilia n\u00eb qytetin e Kor\u00e7\u00ebs, u zhvillua kampi ditor, ku mor\u00ebn pjes\u00eb rreth 100 f\u00ebmij\u00eb. F\u00ebmij\u00ebt pat\u00ebn mund\u00ebsin\u00eb t\u00eb m\u00ebsonin si t\u00eb jetojn\u00eb besimin, t\u00eb rriten brenda frym\u00ebs s\u00eb krishter\u00eb orthodhokse n\u00eb nj\u00eb marr\u00ebdh\u00ebnie t\u00eb ngusht\u00eb shpirt\u00ebrore me Kish\u00ebn, Per\u00ebndin\u00eb dhe t\u00eb af\u00ebrmin, n\u00ebp\u00ebrmjet bisedave shpirt\u00ebrore t\u00eb p\u00ebrditshme. E ve\u00e7ant\u00eb ishte ora e pun\u00ebs s\u00eb dor\u00ebs, t\u00eb cil\u00ebn f\u00ebmij\u00ebt e prisnin me d\u00ebshir\u00eb t\u00eb madhe, sepse ajo p\u00ebrforconte mesazhin e tem\u00ebs shpirt\u00ebrore t\u00eb dit\u00ebs, por edhe se ishte nj\u00eb moment arg\u00ebtues p\u00ebr ta. N\u00eb fund u zhvillua edhe \u201cfestivali i f\u00ebmij\u00ebve\u201d, ku rreth 25\u201330 prej tyre konkurruan me vjersha, k\u00ebng\u00eb, ske\u00e7e dhe humor.<\/span><\/p>\n<p style=\"text-align: justify;\"><span style=\"color: #000000; font-family: helvetica; font-size: 12pt;\">&nbsp;&nbsp;&nbsp; E diela e 2 shtatorit ishte dhe dita e fundit e kampit, ku t\u00eb gjith\u00eb f\u00ebmij\u00ebt mor\u00ebn pjes\u00eb n\u00eb Liturgjin\u00eb Hyjnore dhe disa prej tyre n\u00eb misterin e Kungat\u00ebs s\u00eb Shenjt\u00eb.<\/span><\/p>\n<p style=\"text-align: justify;\"><span style=\"color: #000000; font-family: helvetica; font-size: 12pt;\">&nbsp;&nbsp;&nbsp; Kampet ditore u organizuan p\u00ebr her\u00eb t\u00eb par\u00eb k\u00ebt\u00eb vit n\u00eb qytetin e Librazhdit, ku mor\u00ebn pjes\u00eb rreth 45 f\u00ebmij\u00eb. N\u00eb kamp u organizuan edhe ndeshje futbolli dhe loj\u00ebra t\u00eb tjera, si edhe nj\u00eb ekskursion n\u00eb Manastirin e sh\u00ebn Vlashit, n\u00eb Durr\u00ebs.<\/span><\/p>\n<p style=\"text-align: justify;\"><span style=\"color: #000000; font-family: helvetica; font-size: 12pt;\">&nbsp;&nbsp;&nbsp; T\u00eb gjith\u00eb f\u00ebmij\u00ebt n\u00ebp\u00ebr enori t\u00eb ndryshme t\u00eb vendit mbet\u00ebn t\u00eb k\u00ebnaqur nga kampet ditore t\u00eb organizuara nga Kisha jon\u00eb, duke marr\u00eb mesazhin e kampit: <strong>\u201cT\u00eb rritemi me Krishtin\u201d<\/strong>. Me t\u00eb v\u00ebrtet\u00eb q\u00eb \u00ebsht\u00eb bukur t\u00eb punosh n\u00eb vreshtin e Zotit, por g\u00ebzimi q\u00eb f\u00ebmij\u00ebt t\u00eb japin \u00ebsht\u00eb gjithmon\u00eb i ve\u00e7ant\u00eb.<\/span><\/p>\n<p style=\"text-align: justify;\"><span style=\"font-family: helvetica; font-size: 12pt;\"><\/span><\/p>\n<p style=\"text-align: justify;\"><span style=\"color: #000000; font-family: helvetica; font-size: 12pt;\">&nbsp;&nbsp;&nbsp;&nbsp;<\/span><\/p>\n<p style=\"text-align: justify;\"><span style=\"color: #000000; font-family: helvetica; font-size: 12pt;\"><strong>&nbsp;&nbsp; Materiali u p\u00ebrgatit nga: Gabriela Bezhani, Isidor Koti,<br \/> &nbsp;&nbsp; Dhjak Niko Lushi, Dhjak Niko Petani, Petro Halili,<br \/> &nbsp;&nbsp; Robert Pelushi, Vangjel Qazimllari, Entela Kostrista.<\/strong><\/span><\/p>\n","protected":false},"excerpt":{"rendered":"<p>&nbsp;&nbsp;&nbsp;&nbsp; &nbsp;&nbsp;&nbsp; Edhe k\u00ebt\u00eb vit, me bekimin e Fortlumturis\u00eb s\u00eb tij Kryepiskopit Anastas, n\u00eb shum\u00eb enori t\u00eb Kish\u00ebs son\u00eb u zhvilluan kampet ditore nj\u00ebjavore p\u00ebr f\u00ebmij\u00eb, me tem\u00eb qendore: \u201cT\u00eb rritemi me Krishtin\u201d. &nbsp;&nbsp;&nbsp; Ato u organizuan nga fundi i gushtit deri n\u00eb fillim t\u00eb shtatorit, me pjes\u00ebmarrje t\u00eb gjer\u00eb t\u00eb f\u00ebmij\u00ebve, t\u00eb drejtuar nga prift\u00ebrinjt\u00eb, katekist\u00ebt dhe shum\u00eb vullnetar\u00eb t\u00eb rinj. Programi zhvillohej nga<\/p>\n","protected":false},"author":1,"featured_media":0,"comment_status":"open","ping_status":"open","sticky":false,"template":"","format":"standard","meta":{"_acf_changed":false,"pagelayer_contact_templates":[],"_pagelayer_content":"","inline_featured_image":false,"fifu_image_url":"","fifu_image_alt":"","footnotes":""},"categories":[108],"tags":[147,200,196,212,156],"class_list":["post-204","post","type-post","status-publish","format-standard","hentry","category-lajme","tag-147","tag-kampe-verore","tag-tirane","tag-lajme-d27","tag-femijet"],"acf":[],"yoast_head":"<!-- This site is optimized with the Yoast SEO plugin v27.2 - https:\/\/yoast.com\/product\/yoast-seo-wordpress\/ -->\n<title>\u201cT\u00eb rritemi me Krishtin\u201d N\u00eb kampet ditore t\u00eb f\u00ebmij\u00ebve, t\u00eb organizuar nga Kisha Orthodhokse. (Gusht 2007) - Kisha Orthodh\u03bfkse Autoqefale e Shqip\u00ebris\u00eb<\/title>\n<meta name=\"robots\" content=\"index, follow, max-snippet:-1, max-image-preview:large, max-video-preview:-1\" \/>\n<link rel=\"canonical\" href=\"https:\/\/orthodoxalbania.org\/2020\/2007\/02\/26\/te-rritemi-me-krishtin-ne-kampet-ditore-te-femijeve-te-organizuar-nga-kisha-orthodhokse-gusht-2007\/\" \/>\n<meta property=\"og:locale\" content=\"en_US\" \/>\n<meta property=\"og:type\" content=\"article\" \/>\n<meta property=\"og:title\" content=\"\u201cT\u00eb rritemi me Krishtin\u201d N\u00eb kampet ditore t\u00eb f\u00ebmij\u00ebve, t\u00eb organizuar nga Kisha Orthodhokse. (Gusht 2007) - Kisha Orthodh\u03bfkse Autoqefale e Shqip\u00ebris\u00eb\" \/>\n<meta property=\"og:description\" content=\"&nbsp;&nbsp;&nbsp;&nbsp; &nbsp;&nbsp;&nbsp; Edhe k\u00ebt\u00eb vit, me bekimin e Fortlumturis\u00eb s\u00eb tij Kryepiskopit Anastas, n\u00eb shum\u00eb enori t\u00eb Kish\u00ebs son\u00eb u zhvilluan kampet ditore nj\u00ebjavore p\u00ebr f\u00ebmij\u00eb, me tem\u00eb qendore: \u201cT\u00eb rritemi me Krishtin\u201d. &nbsp;&nbsp;&nbsp; Ato u organizuan nga fundi i gushtit deri n\u00eb fillim t\u00eb shtatorit, me pjes\u00ebmarrje t\u00eb gjer\u00eb t\u00eb f\u00ebmij\u00ebve, t\u00eb drejtuar nga prift\u00ebrinjt\u00eb, katekist\u00ebt dhe shum\u00eb vullnetar\u00eb t\u00eb rinj. Programi zhvillohej nga\" \/>\n<meta property=\"og:url\" content=\"https:\/\/orthodoxalbania.org\/2020\/2007\/02\/26\/te-rritemi-me-krishtin-ne-kampet-ditore-te-femijeve-te-organizuar-nga-kisha-orthodhokse-gusht-2007\/\" \/>\n<meta property=\"og:site_name\" content=\"Kisha Orthodh\u03bfkse Autoqefale e Shqip\u00ebris\u00eb\" \/>\n<meta property=\"article:publisher\" content=\"https:\/\/www.facebook.com\/koash1991\" \/>\n<meta property=\"article:published_time\" content=\"2007-02-26T00:00:00+00:00\" \/>\n<meta property=\"article:modified_time\" content=\"2020-04-06T20:35:48+00:00\" \/>\n<meta property=\"og:image\" content=\"https:\/\/lh4.googleusercontent.com\/-tuvj6WnRmLk\/VImBMER8S9I\/AAAAAAAAGcY\/HtMl_Imploc\/w400-h300-no\/pic1.jpg\" \/>\n<meta name=\"author\" content=\"Kisha Orthodhokse\" \/>\n<meta name=\"twitter:card\" content=\"summary_large_image\" \/>\n<meta name=\"twitter:label1\" content=\"Written by\" \/>\n\t<meta name=\"twitter:data1\" content=\"Kisha Orthodhokse\" \/>\n\t<meta name=\"twitter:label2\" content=\"Est. reading time\" \/>\n\t<meta name=\"twitter:data2\" content=\"6 minutes\" \/>\n<script type=\"application\/ld+json\" class=\"yoast-schema-graph\">{\"@context\":\"https:\/\/schema.org\",\"@graph\":[{\"@type\":\"Article\",\"@id\":\"https:\/\/orthodoxalbania.org\/2020\/2007\/02\/26\/te-rritemi-me-krishtin-ne-kampet-ditore-te-femijeve-te-organizuar-nga-kisha-orthodhokse-gusht-2007\/#article\",\"isPartOf\":{\"@id\":\"https:\/\/orthodoxalbania.org\/2020\/2007\/02\/26\/te-rritemi-me-krishtin-ne-kampet-ditore-te-femijeve-te-organizuar-nga-kisha-orthodhokse-gusht-2007\/\"},\"author\":{\"name\":\"Kisha Orthodhokse\",\"@id\":\"https:\/\/orthodoxalbania.org\/2020\/#\/schema\/person\/0c387634a7063ac612d7ed9ce71c7e86\"},\"headline\":\"\u201cT\u00eb rritemi me Krishtin\u201d N\u00eb kampet ditore t\u00eb f\u00ebmij\u00ebve, t\u00eb organizuar nga Kisha Orthodhokse. (Gusht 2007)\",\"datePublished\":\"2007-02-26T00:00:00+00:00\",\"dateModified\":\"2020-04-06T20:35:48+00:00\",\"mainEntityOfPage\":{\"@id\":\"https:\/\/orthodoxalbania.org\/2020\/2007\/02\/26\/te-rritemi-me-krishtin-ne-kampet-ditore-te-femijeve-te-organizuar-nga-kisha-orthodhokse-gusht-2007\/\"},\"wordCount\":1195,\"commentCount\":0,\"publisher\":{\"@id\":\"https:\/\/orthodoxalbania.org\/2020\/#organization\"},\"image\":{\"@id\":\"https:\/\/orthodoxalbania.org\/2020\/2007\/02\/26\/te-rritemi-me-krishtin-ne-kampet-ditore-te-femijeve-te-organizuar-nga-kisha-orthodhokse-gusht-2007\/#primaryimage\"},\"thumbnailUrl\":\"https:\/\/lh4.googleusercontent.com\/-tuvj6WnRmLk\/VImBMER8S9I\/AAAAAAAAGcY\/HtMl_Imploc\/w400-h300-no\/pic1.jpg\",\"keywords\":[\"2007\",\"Kampe verore\",\"Kryepiskopata Tiran\u00eb\",\"lajme\",\"Zyra e F\u00ebmij\u00ebve\"],\"articleSection\":[\"Lajme\"],\"inLanguage\":\"en-US\"},{\"@type\":\"WebPage\",\"@id\":\"https:\/\/orthodoxalbania.org\/2020\/2007\/02\/26\/te-rritemi-me-krishtin-ne-kampet-ditore-te-femijeve-te-organizuar-nga-kisha-orthodhokse-gusht-2007\/\",\"url\":\"https:\/\/orthodoxalbania.org\/2020\/2007\/02\/26\/te-rritemi-me-krishtin-ne-kampet-ditore-te-femijeve-te-organizuar-nga-kisha-orthodhokse-gusht-2007\/\",\"name\":\"\u201cT\u00eb rritemi me Krishtin\u201d N\u00eb kampet ditore t\u00eb f\u00ebmij\u00ebve, t\u00eb organizuar nga Kisha Orthodhokse. (Gusht 2007) - Kisha Orthodh\u03bfkse Autoqefale e Shqip\u00ebris\u00eb\",\"isPartOf\":{\"@id\":\"https:\/\/orthodoxalbania.org\/2020\/#website\"},\"primaryImageOfPage\":{\"@id\":\"https:\/\/orthodoxalbania.org\/2020\/2007\/02\/26\/te-rritemi-me-krishtin-ne-kampet-ditore-te-femijeve-te-organizuar-nga-kisha-orthodhokse-gusht-2007\/#primaryimage\"},\"image\":{\"@id\":\"https:\/\/orthodoxalbania.org\/2020\/2007\/02\/26\/te-rritemi-me-krishtin-ne-kampet-ditore-te-femijeve-te-organizuar-nga-kisha-orthodhokse-gusht-2007\/#primaryimage\"},\"thumbnailUrl\":\"https:\/\/lh4.googleusercontent.com\/-tuvj6WnRmLk\/VImBMER8S9I\/AAAAAAAAGcY\/HtMl_Imploc\/w400-h300-no\/pic1.jpg\",\"datePublished\":\"2007-02-26T00:00:00+00:00\",\"dateModified\":\"2020-04-06T20:35:48+00:00\",\"breadcrumb\":{\"@id\":\"https:\/\/orthodoxalbania.org\/2020\/2007\/02\/26\/te-rritemi-me-krishtin-ne-kampet-ditore-te-femijeve-te-organizuar-nga-kisha-orthodhokse-gusht-2007\/#breadcrumb\"},\"inLanguage\":\"en-US\",\"potentialAction\":[{\"@type\":\"ReadAction\",\"target\":[\"https:\/\/orthodoxalbania.org\/2020\/2007\/02\/26\/te-rritemi-me-krishtin-ne-kampet-ditore-te-femijeve-te-organizuar-nga-kisha-orthodhokse-gusht-2007\/\"]}]},{\"@type\":\"ImageObject\",\"inLanguage\":\"en-US\",\"@id\":\"https:\/\/orthodoxalbania.org\/2020\/2007\/02\/26\/te-rritemi-me-krishtin-ne-kampet-ditore-te-femijeve-te-organizuar-nga-kisha-orthodhokse-gusht-2007\/#primaryimage\",\"url\":\"https:\/\/lh4.googleusercontent.com\/-tuvj6WnRmLk\/VImBMER8S9I\/AAAAAAAAGcY\/HtMl_Imploc\/w400-h300-no\/pic1.jpg\",\"contentUrl\":\"https:\/\/lh4.googleusercontent.com\/-tuvj6WnRmLk\/VImBMER8S9I\/AAAAAAAAGcY\/HtMl_Imploc\/w400-h300-no\/pic1.jpg\"},{\"@type\":\"BreadcrumbList\",\"@id\":\"https:\/\/orthodoxalbania.org\/2020\/2007\/02\/26\/te-rritemi-me-krishtin-ne-kampet-ditore-te-femijeve-te-organizuar-nga-kisha-orthodhokse-gusht-2007\/#breadcrumb\",\"itemListElement\":[{\"@type\":\"ListItem\",\"position\":1,\"name\":\"Home\",\"item\":\"https:\/\/orthodoxalbania.org\/2020\/\"},{\"@type\":\"ListItem\",\"position\":2,\"name\":\"\u201cT\u00eb rritemi me Krishtin\u201d N\u00eb kampet ditore t\u00eb f\u00ebmij\u00ebve, t\u00eb organizuar nga Kisha Orthodhokse. (Gusht 2007)\"}]},{\"@type\":\"WebSite\",\"@id\":\"https:\/\/orthodoxalbania.org\/2020\/#website\",\"url\":\"https:\/\/orthodoxalbania.org\/2020\/\",\"name\":\"Kisha Orthodh\u03bfkse Autoqefale e Shqip\u00ebris\u00eb\",\"description\":\"Fqja Zyrtare e Kish\u00ebs Orthodhokse Autoqefale e Shqip\u00ebris\u00eb me lajmet edhe informacionet zyrtare p\u00ebr struktur\u00ebn edhe veprimtarin e saj.\",\"publisher\":{\"@id\":\"https:\/\/orthodoxalbania.org\/2020\/#organization\"},\"potentialAction\":[{\"@type\":\"SearchAction\",\"target\":{\"@type\":\"EntryPoint\",\"urlTemplate\":\"https:\/\/orthodoxalbania.org\/2020\/?s={search_term_string}\"},\"query-input\":{\"@type\":\"PropertyValueSpecification\",\"valueRequired\":true,\"valueName\":\"search_term_string\"}}],\"inLanguage\":\"en-US\"},{\"@type\":\"Organization\",\"@id\":\"https:\/\/orthodoxalbania.org\/2020\/#organization\",\"name\":\"Kisha Orthodhokse Autoqefale e Shqip\u00ebris\u00eb\",\"url\":\"https:\/\/orthodoxalbania.org\/2020\/\",\"logo\":{\"@type\":\"ImageObject\",\"inLanguage\":\"en-US\",\"@id\":\"https:\/\/orthodoxalbania.org\/2020\/#\/schema\/logo\/image\/\",\"url\":\"https:\/\/orthodoxalbania.org\/2020\/wp-content\/uploads\/2020\/05\/albania.jpeg\",\"contentUrl\":\"https:\/\/orthodoxalbania.org\/2020\/wp-content\/uploads\/2020\/05\/albania.jpeg\",\"width\":540,\"height\":540,\"caption\":\"Kisha Orthodhokse Autoqefale e Shqip\u00ebris\u00eb\"},\"image\":{\"@id\":\"https:\/\/orthodoxalbania.org\/2020\/#\/schema\/logo\/image\/\"},\"sameAs\":[\"https:\/\/www.facebook.com\/koash1991\"]},{\"@type\":\"Person\",\"@id\":\"https:\/\/orthodoxalbania.org\/2020\/#\/schema\/person\/0c387634a7063ac612d7ed9ce71c7e86\",\"name\":\"Kisha Orthodhokse\",\"image\":{\"@type\":\"ImageObject\",\"inLanguage\":\"en-US\",\"@id\":\"https:\/\/secure.gravatar.com\/avatar\/596e7c417251e30f2fbb9c00e026fce61a695a00e51c889caded71c96cbbdde5?s=96&d=mm&r=g\",\"url\":\"https:\/\/secure.gravatar.com\/avatar\/596e7c417251e30f2fbb9c00e026fce61a695a00e51c889caded71c96cbbdde5?s=96&d=mm&r=g\",\"contentUrl\":\"https:\/\/secure.gravatar.com\/avatar\/596e7c417251e30f2fbb9c00e026fce61a695a00e51c889caded71c96cbbdde5?s=96&d=mm&r=g\",\"caption\":\"Kisha Orthodhokse\"}}]}<\/script>\n<!-- \/ Yoast SEO plugin. -->","yoast_head_json":{"title":"\u201cT\u00eb rritemi me Krishtin\u201d N\u00eb kampet ditore t\u00eb f\u00ebmij\u00ebve, t\u00eb organizuar nga Kisha Orthodhokse. (Gusht 2007) - Kisha Orthodh\u03bfkse Autoqefale e Shqip\u00ebris\u00eb","robots":{"index":"index","follow":"follow","max-snippet":"max-snippet:-1","max-image-preview":"max-image-preview:large","max-video-preview":"max-video-preview:-1"},"canonical":"https:\/\/orthodoxalbania.org\/2020\/2007\/02\/26\/te-rritemi-me-krishtin-ne-kampet-ditore-te-femijeve-te-organizuar-nga-kisha-orthodhokse-gusht-2007\/","og_locale":"en_US","og_type":"article","og_title":"\u201cT\u00eb rritemi me Krishtin\u201d N\u00eb kampet ditore t\u00eb f\u00ebmij\u00ebve, t\u00eb organizuar nga Kisha Orthodhokse. (Gusht 2007) - Kisha Orthodh\u03bfkse Autoqefale e Shqip\u00ebris\u00eb","og_description":"&nbsp;&nbsp;&nbsp;&nbsp; &nbsp;&nbsp;&nbsp; Edhe k\u00ebt\u00eb vit, me bekimin e Fortlumturis\u00eb s\u00eb tij Kryepiskopit Anastas, n\u00eb shum\u00eb enori t\u00eb Kish\u00ebs son\u00eb u zhvilluan kampet ditore nj\u00ebjavore p\u00ebr f\u00ebmij\u00eb, me tem\u00eb qendore: \u201cT\u00eb rritemi me Krishtin\u201d. &nbsp;&nbsp;&nbsp; Ato u organizuan nga fundi i gushtit deri n\u00eb fillim t\u00eb shtatorit, me pjes\u00ebmarrje t\u00eb gjer\u00eb t\u00eb f\u00ebmij\u00ebve, t\u00eb drejtuar nga prift\u00ebrinjt\u00eb, katekist\u00ebt dhe shum\u00eb vullnetar\u00eb t\u00eb rinj. Programi zhvillohej nga","og_url":"https:\/\/orthodoxalbania.org\/2020\/2007\/02\/26\/te-rritemi-me-krishtin-ne-kampet-ditore-te-femijeve-te-organizuar-nga-kisha-orthodhokse-gusht-2007\/","og_site_name":"Kisha Orthodh\u03bfkse Autoqefale e Shqip\u00ebris\u00eb","article_publisher":"https:\/\/www.facebook.com\/koash1991","article_published_time":"2007-02-26T00:00:00+00:00","article_modified_time":"2020-04-06T20:35:48+00:00","og_image":[{"url":"https:\/\/lh4.googleusercontent.com\/-tuvj6WnRmLk\/VImBMER8S9I\/AAAAAAAAGcY\/HtMl_Imploc\/w400-h300-no\/pic1.jpg","type":"","width":"","height":""}],"author":"Kisha Orthodhokse","twitter_card":"summary_large_image","twitter_misc":{"Written by":"Kisha Orthodhokse","Est. reading time":"6 minutes"},"schema":{"@context":"https:\/\/schema.org","@graph":[{"@type":"Article","@id":"https:\/\/orthodoxalbania.org\/2020\/2007\/02\/26\/te-rritemi-me-krishtin-ne-kampet-ditore-te-femijeve-te-organizuar-nga-kisha-orthodhokse-gusht-2007\/#article","isPartOf":{"@id":"https:\/\/orthodoxalbania.org\/2020\/2007\/02\/26\/te-rritemi-me-krishtin-ne-kampet-ditore-te-femijeve-te-organizuar-nga-kisha-orthodhokse-gusht-2007\/"},"author":{"name":"Kisha Orthodhokse","@id":"https:\/\/orthodoxalbania.org\/2020\/#\/schema\/person\/0c387634a7063ac612d7ed9ce71c7e86"},"headline":"\u201cT\u00eb rritemi me Krishtin\u201d N\u00eb kampet ditore t\u00eb f\u00ebmij\u00ebve, t\u00eb organizuar nga Kisha Orthodhokse. (Gusht 2007)","datePublished":"2007-02-26T00:00:00+00:00","dateModified":"2020-04-06T20:35:48+00:00","mainEntityOfPage":{"@id":"https:\/\/orthodoxalbania.org\/2020\/2007\/02\/26\/te-rritemi-me-krishtin-ne-kampet-ditore-te-femijeve-te-organizuar-nga-kisha-orthodhokse-gusht-2007\/"},"wordCount":1195,"commentCount":0,"publisher":{"@id":"https:\/\/orthodoxalbania.org\/2020\/#organization"},"image":{"@id":"https:\/\/orthodoxalbania.org\/2020\/2007\/02\/26\/te-rritemi-me-krishtin-ne-kampet-ditore-te-femijeve-te-organizuar-nga-kisha-orthodhokse-gusht-2007\/#primaryimage"},"thumbnailUrl":"https:\/\/lh4.googleusercontent.com\/-tuvj6WnRmLk\/VImBMER8S9I\/AAAAAAAAGcY\/HtMl_Imploc\/w400-h300-no\/pic1.jpg","keywords":["2007","Kampe verore","Kryepiskopata Tiran\u00eb","lajme","Zyra e F\u00ebmij\u00ebve"],"articleSection":["Lajme"],"inLanguage":"en-US"},{"@type":"WebPage","@id":"https:\/\/orthodoxalbania.org\/2020\/2007\/02\/26\/te-rritemi-me-krishtin-ne-kampet-ditore-te-femijeve-te-organizuar-nga-kisha-orthodhokse-gusht-2007\/","url":"https:\/\/orthodoxalbania.org\/2020\/2007\/02\/26\/te-rritemi-me-krishtin-ne-kampet-ditore-te-femijeve-te-organizuar-nga-kisha-orthodhokse-gusht-2007\/","name":"\u201cT\u00eb rritemi me Krishtin\u201d N\u00eb kampet ditore t\u00eb f\u00ebmij\u00ebve, t\u00eb organizuar nga Kisha Orthodhokse. (Gusht 2007) - Kisha Orthodh\u03bfkse Autoqefale e Shqip\u00ebris\u00eb","isPartOf":{"@id":"https:\/\/orthodoxalbania.org\/2020\/#website"},"primaryImageOfPage":{"@id":"https:\/\/orthodoxalbania.org\/2020\/2007\/02\/26\/te-rritemi-me-krishtin-ne-kampet-ditore-te-femijeve-te-organizuar-nga-kisha-orthodhokse-gusht-2007\/#primaryimage"},"image":{"@id":"https:\/\/orthodoxalbania.org\/2020\/2007\/02\/26\/te-rritemi-me-krishtin-ne-kampet-ditore-te-femijeve-te-organizuar-nga-kisha-orthodhokse-gusht-2007\/#primaryimage"},"thumbnailUrl":"https:\/\/lh4.googleusercontent.com\/-tuvj6WnRmLk\/VImBMER8S9I\/AAAAAAAAGcY\/HtMl_Imploc\/w400-h300-no\/pic1.jpg","datePublished":"2007-02-26T00:00:00+00:00","dateModified":"2020-04-06T20:35:48+00:00","breadcrumb":{"@id":"https:\/\/orthodoxalbania.org\/2020\/2007\/02\/26\/te-rritemi-me-krishtin-ne-kampet-ditore-te-femijeve-te-organizuar-nga-kisha-orthodhokse-gusht-2007\/#breadcrumb"},"inLanguage":"en-US","potentialAction":[{"@type":"ReadAction","target":["https:\/\/orthodoxalbania.org\/2020\/2007\/02\/26\/te-rritemi-me-krishtin-ne-kampet-ditore-te-femijeve-te-organizuar-nga-kisha-orthodhokse-gusht-2007\/"]}]},{"@type":"ImageObject","inLanguage":"en-US","@id":"https:\/\/orthodoxalbania.org\/2020\/2007\/02\/26\/te-rritemi-me-krishtin-ne-kampet-ditore-te-femijeve-te-organizuar-nga-kisha-orthodhokse-gusht-2007\/#primaryimage","url":"https:\/\/lh4.googleusercontent.com\/-tuvj6WnRmLk\/VImBMER8S9I\/AAAAAAAAGcY\/HtMl_Imploc\/w400-h300-no\/pic1.jpg","contentUrl":"https:\/\/lh4.googleusercontent.com\/-tuvj6WnRmLk\/VImBMER8S9I\/AAAAAAAAGcY\/HtMl_Imploc\/w400-h300-no\/pic1.jpg"},{"@type":"BreadcrumbList","@id":"https:\/\/orthodoxalbania.org\/2020\/2007\/02\/26\/te-rritemi-me-krishtin-ne-kampet-ditore-te-femijeve-te-organizuar-nga-kisha-orthodhokse-gusht-2007\/#breadcrumb","itemListElement":[{"@type":"ListItem","position":1,"name":"Home","item":"https:\/\/orthodoxalbania.org\/2020\/"},{"@type":"ListItem","position":2,"name":"\u201cT\u00eb rritemi me Krishtin\u201d N\u00eb kampet ditore t\u00eb f\u00ebmij\u00ebve, t\u00eb organizuar nga Kisha Orthodhokse. (Gusht 2007)"}]},{"@type":"WebSite","@id":"https:\/\/orthodoxalbania.org\/2020\/#website","url":"https:\/\/orthodoxalbania.org\/2020\/","name":"Kisha Orthodh\u03bfkse Autoqefale e Shqip\u00ebris\u00eb","description":"Fqja Zyrtare e Kish\u00ebs Orthodhokse Autoqefale e Shqip\u00ebris\u00eb me lajmet edhe informacionet zyrtare p\u00ebr struktur\u00ebn edhe veprimtarin e saj.","publisher":{"@id":"https:\/\/orthodoxalbania.org\/2020\/#organization"},"potentialAction":[{"@type":"SearchAction","target":{"@type":"EntryPoint","urlTemplate":"https:\/\/orthodoxalbania.org\/2020\/?s={search_term_string}"},"query-input":{"@type":"PropertyValueSpecification","valueRequired":true,"valueName":"search_term_string"}}],"inLanguage":"en-US"},{"@type":"Organization","@id":"https:\/\/orthodoxalbania.org\/2020\/#organization","name":"Kisha Orthodhokse Autoqefale e Shqip\u00ebris\u00eb","url":"https:\/\/orthodoxalbania.org\/2020\/","logo":{"@type":"ImageObject","inLanguage":"en-US","@id":"https:\/\/orthodoxalbania.org\/2020\/#\/schema\/logo\/image\/","url":"https:\/\/orthodoxalbania.org\/2020\/wp-content\/uploads\/2020\/05\/albania.jpeg","contentUrl":"https:\/\/orthodoxalbania.org\/2020\/wp-content\/uploads\/2020\/05\/albania.jpeg","width":540,"height":540,"caption":"Kisha Orthodhokse Autoqefale e Shqip\u00ebris\u00eb"},"image":{"@id":"https:\/\/orthodoxalbania.org\/2020\/#\/schema\/logo\/image\/"},"sameAs":["https:\/\/www.facebook.com\/koash1991"]},{"@type":"Person","@id":"https:\/\/orthodoxalbania.org\/2020\/#\/schema\/person\/0c387634a7063ac612d7ed9ce71c7e86","name":"Kisha Orthodhokse","image":{"@type":"ImageObject","inLanguage":"en-US","@id":"https:\/\/secure.gravatar.com\/avatar\/596e7c417251e30f2fbb9c00e026fce61a695a00e51c889caded71c96cbbdde5?s=96&d=mm&r=g","url":"https:\/\/secure.gravatar.com\/avatar\/596e7c417251e30f2fbb9c00e026fce61a695a00e51c889caded71c96cbbdde5?s=96&d=mm&r=g","contentUrl":"https:\/\/secure.gravatar.com\/avatar\/596e7c417251e30f2fbb9c00e026fce61a695a00e51c889caded71c96cbbdde5?s=96&d=mm&r=g","caption":"Kisha Orthodhokse"}}]}},"_links":{"self":[{"href":"https:\/\/orthodoxalbania.org\/2020\/wp-json\/wp\/v2\/posts\/204","targetHints":{"allow":["GET"]}}],"collection":[{"href":"https:\/\/orthodoxalbania.org\/2020\/wp-json\/wp\/v2\/posts"}],"about":[{"href":"https:\/\/orthodoxalbania.org\/2020\/wp-json\/wp\/v2\/types\/post"}],"author":[{"embeddable":true,"href":"https:\/\/orthodoxalbania.org\/2020\/wp-json\/wp\/v2\/users\/1"}],"replies":[{"embeddable":true,"href":"https:\/\/orthodoxalbania.org\/2020\/wp-json\/wp\/v2\/comments?post=204"}],"version-history":[{"count":1,"href":"https:\/\/orthodoxalbania.org\/2020\/wp-json\/wp\/v2\/posts\/204\/revisions"}],"predecessor-version":[{"id":15768,"href":"https:\/\/orthodoxalbania.org\/2020\/wp-json\/wp\/v2\/posts\/204\/revisions\/15768"}],"wp:attachment":[{"href":"https:\/\/orthodoxalbania.org\/2020\/wp-json\/wp\/v2\/media?parent=204"}],"wp:term":[{"taxonomy":"category","embeddable":true,"href":"https:\/\/orthodoxalbania.org\/2020\/wp-json\/wp\/v2\/categories?post=204"},{"taxonomy":"post_tag","embeddable":true,"href":"https:\/\/orthodoxalbania.org\/2020\/wp-json\/wp\/v2\/tags?post=204"}],"curies":[{"name":"wp","href":"https:\/\/api.w.org\/{rel}","templated":true}]}}