{"id":203,"date":"2013-03-21T12:34:51","date_gmt":"2013-03-21T12:34:51","guid":{"rendered":""},"modified":"2020-04-06T22:05:53","modified_gmt":"2020-04-06T20:05:53","slug":"mozaiku-me-i-madh-i-ballkanit-nje-dokumentar-dinjitoz-ne-prag-te-festes-se-bukur-te-krishtlindjeve","status":"publish","type":"post","link":"https:\/\/orthodoxalbania.org\/2020\/2013\/03\/21\/mozaiku-me-i-madh-i-ballkanit-nje-dokumentar-dinjitoz-ne-prag-te-festes-se-bukur-te-krishtlindjeve\/","title":{"rendered":"\u201cMozaiku m\u00eb i madh i Ballkanit\u201d nj\u00eb dokumentar dinjitoz n\u00eb prag t\u00eb fest\u00ebs s\u00eb bukur t\u00eb Krishtlindjeve. (21 Dhjetor 2012)"},"content":{"rendered":"<p style=\"text-align: justify;\"><span style=\"color: #000000; font-family: helvetica; font-size: 12pt;\">&nbsp; &nbsp;&nbsp;<img class=\"lazyload\" decoding=\"async\" style=\"border-width: 1px; border-style: solid; margin: 10px; float: left; width: 200px; height: 133px;\" alt=\"\" src=\"data:image\/gif;base64,R0lGODlhAQABAAAAACH5BAEKAAEALAAAAAABAAEAAAICTAEAOw==\" data-orig-src=\"https:\/\/lh4.googleusercontent.com\/-EdiAdGe5E2o\/UNYJd5Me22I\/AAAAAAAABmw\/xPSeGULSuNg\/s720\/IMG_2673.JPG\" \/>T\u00eb Premten mbasdite, dt.21.12.2012, n\u00eb amfiteatrin e madh t\u00eb Qendr\u00ebs Kulturore t\u00eb Katedrales \u201cNgjallja e Krishtit\u201d n\u00eb Tiran\u00eb u shfaq dokumentari i piktor\u00ebve-mozaicist Josif dhe Liljana Droboniku, t\u00eb cil\u00ebt kan\u00eb realizuar mozaikun n\u00eb kupol\u00ebn e k\u00ebsaj katedraleje.&nbsp;<\/span><\/p>\n<div style=\"text-align: justify;\"><span style=\"color: #000000; font-family: helvetica; font-size: 12pt;\">&nbsp; &nbsp; &nbsp; &nbsp; &nbsp; &nbsp; &nbsp; &nbsp; &nbsp; &nbsp; &nbsp; &nbsp; &nbsp; &nbsp; &nbsp; &nbsp; &nbsp; &nbsp; &nbsp; &nbsp; &nbsp; &nbsp; &nbsp; &nbsp; &nbsp; &nbsp; &nbsp; &nbsp; &nbsp; &nbsp; &nbsp; &nbsp; &nbsp; &nbsp; &nbsp; &nbsp; &nbsp; * &nbsp;* &nbsp;*<\/span><\/div>\n<div style=\"text-align: justify;\"><span style=\"color: #000000; font-family: helvetica; font-size: 12pt;\"> &nbsp; &nbsp; Sapo mbaron s\u00eb projektuari n\u00eb ekran dokumentari \u201cMozaiku m\u00eb i madh i Ballkanit\u201d e ndjen se je p\u00ebrfshir\u00eb nga emocione t\u00eb mrekullueshme q\u00eb t\u2019i ka krijuar realizimi i nj\u00eb vepre dinjitoze.<\/span><\/div>\n<div style=\"text-align: justify;\"><span style=\"color: #000000; font-family: helvetica; font-size: 12pt;\"> &nbsp; &nbsp; &nbsp;Ai \u00ebsht\u00eb nj\u00eb film q\u00eb i p\u00ebrket nj\u00ebrit prej nesh, n\u00eb rrug\u00ebtimin e viteve t\u00eb brisht\u00eb t\u00eb demokracis\u00eb. N\u00eb rastin konkret \u00ebsht\u00eb historia e artistit q\u00eb p\u00ebrjetoi p\u00ebrthyerjen e madhe nga monizmi n\u00eb demokraci duke dal\u00eb fitimtar. Ajo q\u00eb kishte shfaqur dikur \u00e7ifti i artist\u00ebve Droboniku ishte vet\u00ebm ajsbergu\u2026 Pjesa m\u00eb e madhe dhe e pazbuluar do vinte m\u00eb von\u00eb, pik\u00ebrisht n\u00eb vitet e demokracis\u00eb, kur ata pa u diktuar nga askush, do t\u00eb b\u00ebnin at\u00eb gj\u00eb, q\u00eb mori vlera t\u00eb &nbsp;artit t\u00eb v\u00ebrtet\u00eb, q\u00eb do u sh\u00ebrbej\u00eb brez pas brezi njer\u00ebzve, n\u00eb plot\u00ebsimin e nevojave t\u00eb tyre shpirt\u00ebrore. Filmi dokumentar fillon me Katedralen Ortodokse n\u00eb qend\u00ebr t\u00eb Tiran\u00ebs, q\u00eb i shtohet si nj\u00eb vler\u00eb e v\u00ebrtet\u00eb arkitekturore konstruktit t\u00eb nd\u00ebrtesave n\u00eb qend\u00ebr t\u00eb kryeqytetit dhe kupola e k\u00ebsaj katedrale t\u00eb famshme mban si t\u00eb mb\u00ebrthyer n\u00eb qiell, vepr\u00ebn madhore t\u00eb piktor\u00ebve mozaicist\u00eb monumentale, Josif e Liljana Droboniku, q\u00eb na e shfaqin Zotin e plotfuqish\u00ebm, me nj\u00eb realizim dinjitoz artistik.<\/span><\/div>\n<div style=\"text-align: justify;\"><span style=\"font-family: helvetica; font-size: 12pt;\"><\/span><\/div>\n<div style=\"text-align: justify;\"><span style=\"color: #000000; font-family: helvetica; font-size: 12pt;\">&nbsp; &nbsp; Liljan\u00ebn e kam njohur q\u00eb n\u00eb kopsht nd\u00ebrsa Josifin e kam njohur kur punonim bashk\u00eb n\u00eb Kinostudion \u201cShqip\u00ebria e re\u201d. Ndjeva krenari p\u00ebr pun\u00ebn e mrekullueshme krijuese t\u00eb k\u00ebtij \u00e7ifti n\u00eb emigracion, kur kishin p\u00ebrballuar nj\u00eb pun\u00eb t\u00eb madhe voluminoze e aq bukur t\u00eb realizuar artistikisht n\u00eb pikturimin e dhjet\u00ebra kishave n\u00eb Kalabri. Spektatori e prek me dor\u00eb suksesin e madh t\u00eb k\u00ebtij \u00e7ifti artist\u00ebsh me pikturime n\u00eb teknik\u00ebn e ikon\u00ebs dhe t\u00eb afreskut bizantin me nj\u00eb talent q\u00eb sjell pran\u00eb mjesht\u00ebrin\u00eb e t\u00eb madhit piktor t\u00eb Mesjet\u00ebs, Onufri.&nbsp;<\/span><\/div>\n<div style=\"text-align: justify;\"><span style=\"font-family: helvetica; font-size: 12pt;\"><\/span><\/div>\n<div style=\"text-align: justify;\"><span style=\"color: #000000; font-family: helvetica; font-size: 12pt;\">&nbsp; &nbsp; Dokumentari sjell me emocion jet\u00ebn e tyre me Golgothan\u00eb e p\u00ebrpjekjeve t\u00eb para t\u00eb mundimshme\u2026 T\u00eb mbetet n\u00eb mendje ai fakt prek\u00ebs biografik, kur familja duke kaluar n\u00eb Itali n\u00eb mes t\u00eb dimrit t\u00eb eg\u00ebr, nuk i hapej as dhe nj\u00eb port\u00eb hoteli\u2026 Po ja, diku pran\u00eb njeriut t\u00eb mir\u00eb \u00ebsht\u00eb engj\u00eblli shp\u00ebtimtar. Nj\u00eb familje italiane n\u00eb veri i hapi der\u00ebn e sht\u00ebpis\u00eb, t\u00eb mall\u00ebngjyer ve\u00e7an\u00ebrisht nga dy vajzat e vogla q\u00eb rrinin t\u00eb tronditura mes d\u00ebbor\u00ebs\u2026 Nd\u00ebrsa n\u00eb nj\u00eb \u00e7ast tjet\u00ebr kur \u00e7ifti i lodhur e kishte vendosur p\u00ebr kthim n\u00eb atdhe, rrug\u00ebs n\u00eb tren marrin nj\u00eb adres\u00eb t\u00eb nj\u00eb prifti n\u00eb Kalabri, q\u00eb mund t\u2019i ndihmonte, duke punuar n\u00eb profesionin e tyre\u2026 K\u00ebshtu ndodhi \u00e7udia, \u00e7ifti Droboniku me artin e tyre u b\u00ebn\u00eb aq t\u00eb dobish\u00ebm n\u00eb Kalabri sa zbukuruan jet\u00ebn e besimtar\u00ebve me pikturimin e shum\u00eb kishave n\u00eb vendin e gjakut t\u00eb shprishur\u2026 At\u00ebher\u00eb fama e tyre mori dhen\u00eb dhe ra n\u00eb vesh edhe t\u00eb Fortlumturis\u00eb s\u00eb Tij, Kryepeshkopit Ortodoks t\u00eb Shqip\u00ebris\u00eb, z. Anastas Janullatosi, i cili i besoi \u00e7iftit t\u00eb artist\u00ebve shqiptar\u00eb nj\u00eb pun\u00eb t\u00eb madhe, si autor\u00eb t\u00eb mozaikut m\u00eb t\u00eb madh t\u00eb Ballkanit. Katedralja e objektit m\u00eb t\u00eb madh t\u00eb kultit p\u00ebr ortodoks\u00ebt n\u00eb Shqip\u00ebri, n\u00eb kupol\u00ebn e saj do t\u00eb mbante si pun\u00eb artistike mozaikun gjigant t\u00eb punuar nga \u00e7ifti Droboniku, q\u00eb do t\u00eb vinin nga Kalabria n\u00eb Tiran\u00eb. N\u00eb k\u00ebt\u00eb pun\u00eb do p\u00ebrfshiheshin edhe 2 vajzat q\u00eb tashm\u00eb jan\u00eb b\u00ebr\u00eb krah i prind\u00ebrve t\u00eb mir\u00eb, si dhe nj\u00eb ansamb\u00ebl i vog\u00ebl ekzekutuesish, q\u00eb do punonin plot pasion e p\u00ebrkushtim.<\/span><\/div>\n<div style=\"text-align: justify;\"><span style=\"font-family: helvetica; font-size: 12pt;\"><\/span><\/div>\n<div style=\"text-align: justify;\"><span style=\"color: #000000; font-family: helvetica; font-size: 12pt;\">&nbsp; &nbsp; Dhe ne ndjekim me interes kuad\u00ebr pas kuadri si ngrihet Katedralja e madhe e ortodoks\u00ebve me nj\u00eb p\u00ebrkujdesje t\u00eb vazhdueshme prind\u00ebrore t\u00eb Fortlumturis\u00eb s\u00eb Tij, z. Anastas Janullatos, q\u00eb mbas ngritjes s\u00eb rrjetit t\u00eb plot\u00eb t\u00eb kishave ortodokse n\u00eb t\u00eb gjith\u00eb Shqip\u00ebrin\u00eb, ku ato ishin shkat\u00ebrruar, arriti k\u00ebt\u00eb vep\u00ebr kulmore n\u00eb qend\u00ebr t\u00eb kryeqytetit shqiptar, Tiran\u00ebs. N\u00eb nj\u00eb nga intervistat e Tij n\u00eb film ai thot\u00eb mes t\u00eb tjerave se tre jan\u00eb \u00e7el\u00ebsi i suksesit t\u00eb nj\u00eb vepre t\u00eb madhe: dashuria, bukuria dhe e v\u00ebrteta!<\/span><\/div>\n<div style=\"text-align: justify;\"><span style=\"font-family: helvetica; font-size: 12pt;\"><\/span><\/div>\n<div style=\"text-align: justify;\"><span style=\"color: #000000; font-family: helvetica; font-size: 12pt;\">Grupi realizues i k\u00ebtij dokumentari me skenar t\u00eb Ylli Drishtit, dirigjohet me mjesht\u00ebri nga regjisori i njohur, Artisti i Merituar, Ylli Pepo. Operator \u00ebsht\u00eb Fatjon Gonxhi, Xhemal Re\u00e7i, montazhi Vangjush Furxhi, Gjergji Pano dhe kompozitori i talentuari Delar Turku deri tek fol\u00ebsit e ndrysh\u00ebm por sidomos tregimtari t\u00ebrheq\u00ebs Xhelil Aliu, i japin filmit t\u00eb gjith\u00eb s\u00eb bashku, firm\u00ebn e nj\u00eb vepre me vlera t\u00eb ve\u00e7anta &nbsp;emocionale. Dhe nuk \u00ebsht\u00eb e rastit q\u00eb regjisori e gjen t\u00eb arsyeshme t\u00eb b\u00ebj p\u00ebrqasje t\u00eb Katedrales madh\u00ebshtore t\u00eb Tiran\u00ebs me vepra me vlera t\u00eb rralla arkitektonike n\u00eb Europ\u00eb, si n\u00eb Venezia, Paris e Lond\u00ebr, p\u00ebr t\u2019u p\u00ebrqendruar m\u00eb shum\u00eb deri tek Katedralja e Sh\u00ebn Sofis\u00eb n\u00eb Stamboll! Kjo \u00ebsht\u00eb nj\u00eb e v\u00ebrtet\u00eb e bukur, e prekshme me kuadro t\u00eb rr\u00ebmbyera n\u00eb \u00e7aste t\u00eb ndryshme, n\u00eb qiell me re, n\u00eb muzg apo n\u00eb agim. Kambana e kish\u00ebs madh\u00ebshtore e rrethuar me drita ting\u00ebllon \u00ebmb\u00ebl duke i thirrur besimtar\u00ebt p\u00ebr lutje ndaj Zotit.&nbsp;<\/span><\/div>\n<div style=\"text-align: justify;\"><span style=\"font-family: helvetica; font-size: 12pt;\"><\/span><\/div>\n<div style=\"text-align: justify;\"><span style=\"color: #000000; font-family: helvetica; font-size: 12pt;\">&nbsp; &nbsp; Intervistat e filmit plot\u00ebsojn\u00eb bukur jo vet\u00ebm informacionin e bukur p\u00ebr jet\u00ebn e \u00e7iftit t\u00eb artist\u00ebve Dobroniku, por edhe p\u00ebr vet\u00eb historin\u00eb unikale t\u00eb nd\u00ebrtimit t\u00eb Katedrales s\u00eb shenjt\u00eb.<\/span><\/div>\n<div style=\"text-align: justify;\"><span style=\"font-family: helvetica; font-size: 12pt;\"><\/span><\/div>\n<div style=\"text-align: justify;\"><span style=\"color: #000000; font-family: helvetica; font-size: 12pt;\">&nbsp; &nbsp; Filmi sjell shum\u00eb mesazhe t\u00eb r\u00ebnd\u00ebsishme. Regjisori Ylli Pepo, duke qen\u00eb nj\u00eb erudit i gjuh\u00ebs s\u00eb filmit k\u00ebsaj radhe ka p\u00ebrdorur edhe nj\u00eb gjetje t\u00eb bukur figurative emocionale\u2026 Ne e shohim Tiran\u00ebn n\u00ebn vellon e nj\u00eb ngjyre t\u00eb kalt\u00ebr, si nj\u00eb drit\u00eb qiellore\u2026 Edhe vet\u00eb mozaiku n\u00eb kupol\u00ebn madh\u00ebshtore t\u00eb Katedrales \u00ebsht\u00eb q\u00ebndisur n\u00eb nj\u00eb sfond t\u00eb kalt\u00ebr&#8230; I PLOTFUQISHMI ZOT I QIELLIT DHE I TOKES vjen me kulminacione t\u00eb gjuh\u00ebs shpreh\u00ebse artistike!<\/span><\/div>\n<div style=\"text-align: justify;\"><span style=\"font-family: helvetica; font-size: 12pt;\"><\/span><\/div>\n<div style=\"text-align: justify;\"><span style=\"color: #000000; font-family: helvetica; font-size: 12pt;\">&nbsp; &nbsp; Filmi \u201cMozaiku m\u00eb i madh i Ballkanit\u201d \u00ebsht\u00eb nj\u00eb dhurat\u00eb e bukur n\u00eb prag t\u00eb fest\u00ebs s\u00eb madhe popullore t\u00eb Krishtlindjeve. T\u00eb festojm\u00eb t\u00eb gjith\u00eb s\u00eb bashku t\u00eb g\u00ebzuar, me respekt e dashuri p\u00ebr gjith\u00eb besimet e tjera q\u00eb jan\u00eb n\u00eb nj\u00eb unitet t\u00eb till\u00eb n\u00eb Shqip\u00ebri, si n\u00eb asnj\u00eb vend t\u00eb bot\u00ebs.<\/span><\/div>\n<div style=\"text-align: justify;\"><span style=\"font-family: helvetica; font-size: 12pt;\"><\/span><\/div>\n<div style=\"text-align: justify;\"><span style=\"color: #000000; font-family: helvetica; font-size: 12pt;\">&nbsp; &nbsp; Duke par\u00eb k\u00ebt\u00eb film e kupton m\u00eb mir\u00eb se vet\u00ebm nga dashuria p\u00ebr Zotin e p\u00ebr njeri-tjetrin, vjen bukuria e jet\u00ebs njer\u00ebzore. Gjithmon\u00eb g\u00ebzuar! &nbsp; &nbsp; &nbsp; &nbsp; &nbsp; &nbsp; &nbsp;<\/span><\/div>\n<div style=\"text-align: justify;\"><span style=\"font-family: helvetica; font-size: 12pt;\"><\/span><\/div>\n<div style=\"text-align: right;\"><span style=\"color: #000000; font-family: helvetica; font-size: 12pt;\"><em><strong>&nbsp;Angjelina Papalilo &#8211; kineaste&nbsp;<\/strong><\/em><\/span><\/div>\n<div style=\"text-align: justify;\"><span style=\"font-family: helvetica; font-size: 12pt;\"><\/span><\/div>\n<p><span style=\"font-size: 12pt; font-family: helvetica;\">&nbsp;<img class=\"lazyload\" decoding=\"async\" style=\"border-width: 1px; border-style: solid; margin: 10px;\" alt=\"\" src=\"data:image\/gif;base64,R0lGODlhAQABAAAAACH5BAEKAAEALAAAAAABAAEAAAICTAEAOw==\" data-orig-src=\"https:\/\/lh4.googleusercontent.com\/-dVmmrOsuZm0\/UNYJdBPNZ0I\/AAAAAAAABms\/h7XbLfTuXV8\/s720\/IMG_2723.JPG\" \/><\/span><\/p>\n","protected":false},"excerpt":{"rendered":"<p>&nbsp; &nbsp;&nbsp;T\u00eb Premten mbasdite, dt.21.12.2012, n\u00eb amfiteatrin e madh t\u00eb Qendr\u00ebs Kulturore t\u00eb Katedrales \u201cNgjallja e Krishtit\u201d n\u00eb Tiran\u00eb u shfaq dokumentari i piktor\u00ebve-mozaicist Josif dhe Liljana Droboniku, t\u00eb cil\u00ebt kan\u00eb realizuar mozaikun n\u00eb kupol\u00ebn e k\u00ebsaj katedraleje.&nbsp; &nbsp; &nbsp; &nbsp; &nbsp; &nbsp; &nbsp; &nbsp; &nbsp; &nbsp; &nbsp; &nbsp; &nbsp; &nbsp; &nbsp; &nbsp; &nbsp; &nbsp; &nbsp; &nbsp; &nbsp; &nbsp; &nbsp; &nbsp; &nbsp; &nbsp; &nbsp; &nbsp;<\/p>\n","protected":false},"author":1,"featured_media":0,"comment_status":"open","ping_status":"open","sticky":false,"template":"","format":"standard","meta":{"_acf_changed":false,"pagelayer_contact_templates":[],"_pagelayer_content":"","inline_featured_image":false,"fifu_image_url":"","fifu_image_alt":"","footnotes":""},"categories":[108],"tags":[142,184,196,212],"class_list":["post-203","post","type-post","status-publish","format-standard","hentry","category-lajme","tag-142","tag-katedralja-ngjallja-e-krishtit-tirane","tag-tirane","tag-lajme-d27"],"acf":[],"yoast_head":"<!-- This site is optimized with the Yoast SEO plugin v27.2 - https:\/\/yoast.com\/product\/yoast-seo-wordpress\/ -->\n<title>\u201cMozaiku m\u00eb i madh i Ballkanit\u201d nj\u00eb dokumentar dinjitoz n\u00eb prag t\u00eb fest\u00ebs s\u00eb bukur t\u00eb Krishtlindjeve. (21 Dhjetor 2012) - Kisha Orthodh\u03bfkse Autoqefale e Shqip\u00ebris\u00eb<\/title>\n<meta name=\"robots\" content=\"index, follow, max-snippet:-1, max-image-preview:large, max-video-preview:-1\" \/>\n<link rel=\"canonical\" href=\"https:\/\/orthodoxalbania.org\/2020\/2013\/03\/21\/mozaiku-me-i-madh-i-ballkanit-nje-dokumentar-dinjitoz-ne-prag-te-festes-se-bukur-te-krishtlindjeve\/\" \/>\n<meta property=\"og:locale\" content=\"en_US\" \/>\n<meta property=\"og:type\" content=\"article\" \/>\n<meta property=\"og:title\" content=\"\u201cMozaiku m\u00eb i madh i Ballkanit\u201d nj\u00eb dokumentar dinjitoz n\u00eb prag t\u00eb fest\u00ebs s\u00eb bukur t\u00eb Krishtlindjeve. (21 Dhjetor 2012) - Kisha Orthodh\u03bfkse Autoqefale e Shqip\u00ebris\u00eb\" \/>\n<meta property=\"og:description\" content=\"&nbsp; &nbsp;&nbsp;T\u00eb Premten mbasdite, dt.21.12.2012, n\u00eb amfiteatrin e madh t\u00eb Qendr\u00ebs Kulturore t\u00eb Katedrales \u201cNgjallja e Krishtit\u201d n\u00eb Tiran\u00eb u shfaq dokumentari i piktor\u00ebve-mozaicist Josif dhe Liljana Droboniku, t\u00eb cil\u00ebt kan\u00eb realizuar mozaikun n\u00eb kupol\u00ebn e k\u00ebsaj katedraleje.&nbsp; &nbsp; &nbsp; &nbsp; &nbsp; &nbsp; &nbsp; &nbsp; &nbsp; &nbsp; &nbsp; &nbsp; &nbsp; &nbsp; &nbsp; &nbsp; &nbsp; &nbsp; &nbsp; &nbsp; &nbsp; &nbsp; &nbsp; &nbsp; &nbsp; &nbsp; &nbsp; &nbsp;\" \/>\n<meta property=\"og:url\" content=\"https:\/\/orthodoxalbania.org\/2020\/2013\/03\/21\/mozaiku-me-i-madh-i-ballkanit-nje-dokumentar-dinjitoz-ne-prag-te-festes-se-bukur-te-krishtlindjeve\/\" \/>\n<meta property=\"og:site_name\" content=\"Kisha Orthodh\u03bfkse Autoqefale e Shqip\u00ebris\u00eb\" \/>\n<meta property=\"article:publisher\" content=\"https:\/\/www.facebook.com\/koash1991\" \/>\n<meta property=\"article:published_time\" content=\"2013-03-21T12:34:51+00:00\" \/>\n<meta property=\"article:modified_time\" content=\"2020-04-06T20:05:53+00:00\" \/>\n<meta property=\"og:image\" content=\"https:\/\/lh4.googleusercontent.com\/-EdiAdGe5E2o\/UNYJd5Me22I\/AAAAAAAABmw\/xPSeGULSuNg\/s720\/IMG_2673.JPG\" \/>\n<meta name=\"author\" content=\"Kisha Orthodhokse\" \/>\n<meta name=\"twitter:card\" content=\"summary_large_image\" \/>\n<meta name=\"twitter:label1\" content=\"Written by\" \/>\n\t<meta name=\"twitter:data1\" content=\"Kisha Orthodhokse\" \/>\n\t<meta name=\"twitter:label2\" content=\"Est. reading time\" \/>\n\t<meta name=\"twitter:data2\" content=\"6 minutes\" \/>\n<script type=\"application\/ld+json\" class=\"yoast-schema-graph\">{\"@context\":\"https:\/\/schema.org\",\"@graph\":[{\"@type\":\"Article\",\"@id\":\"https:\/\/orthodoxalbania.org\/2020\/2013\/03\/21\/mozaiku-me-i-madh-i-ballkanit-nje-dokumentar-dinjitoz-ne-prag-te-festes-se-bukur-te-krishtlindjeve\/#article\",\"isPartOf\":{\"@id\":\"https:\/\/orthodoxalbania.org\/2020\/2013\/03\/21\/mozaiku-me-i-madh-i-ballkanit-nje-dokumentar-dinjitoz-ne-prag-te-festes-se-bukur-te-krishtlindjeve\/\"},\"author\":{\"name\":\"Kisha Orthodhokse\",\"@id\":\"https:\/\/orthodoxalbania.org\/2020\/#\/schema\/person\/0c387634a7063ac612d7ed9ce71c7e86\"},\"headline\":\"\u201cMozaiku m\u00eb i madh i Ballkanit\u201d nj\u00eb dokumentar dinjitoz n\u00eb prag t\u00eb fest\u00ebs s\u00eb bukur t\u00eb Krishtlindjeve. (21 Dhjetor 2012)\",\"datePublished\":\"2013-03-21T12:34:51+00:00\",\"dateModified\":\"2020-04-06T20:05:53+00:00\",\"mainEntityOfPage\":{\"@id\":\"https:\/\/orthodoxalbania.org\/2020\/2013\/03\/21\/mozaiku-me-i-madh-i-ballkanit-nje-dokumentar-dinjitoz-ne-prag-te-festes-se-bukur-te-krishtlindjeve\/\"},\"wordCount\":1246,\"commentCount\":0,\"publisher\":{\"@id\":\"https:\/\/orthodoxalbania.org\/2020\/#organization\"},\"image\":{\"@id\":\"https:\/\/orthodoxalbania.org\/2020\/2013\/03\/21\/mozaiku-me-i-madh-i-ballkanit-nje-dokumentar-dinjitoz-ne-prag-te-festes-se-bukur-te-krishtlindjeve\/#primaryimage\"},\"thumbnailUrl\":\"https:\/\/lh4.googleusercontent.com\/-EdiAdGe5E2o\/UNYJd5Me22I\/AAAAAAAABmw\/xPSeGULSuNg\/s720\/IMG_2673.JPG\",\"keywords\":[\"2012\",\"Katedralja \u201cNgjallja e Krishtit\u201d Tiran\u00eb\",\"Kryepiskopata Tiran\u00eb\",\"lajme\"],\"articleSection\":[\"Lajme\"],\"inLanguage\":\"en-US\"},{\"@type\":\"WebPage\",\"@id\":\"https:\/\/orthodoxalbania.org\/2020\/2013\/03\/21\/mozaiku-me-i-madh-i-ballkanit-nje-dokumentar-dinjitoz-ne-prag-te-festes-se-bukur-te-krishtlindjeve\/\",\"url\":\"https:\/\/orthodoxalbania.org\/2020\/2013\/03\/21\/mozaiku-me-i-madh-i-ballkanit-nje-dokumentar-dinjitoz-ne-prag-te-festes-se-bukur-te-krishtlindjeve\/\",\"name\":\"\u201cMozaiku m\u00eb i madh i Ballkanit\u201d nj\u00eb dokumentar dinjitoz n\u00eb prag t\u00eb fest\u00ebs s\u00eb bukur t\u00eb Krishtlindjeve. (21 Dhjetor 2012) - Kisha Orthodh\u03bfkse Autoqefale e Shqip\u00ebris\u00eb\",\"isPartOf\":{\"@id\":\"https:\/\/orthodoxalbania.org\/2020\/#website\"},\"primaryImageOfPage\":{\"@id\":\"https:\/\/orthodoxalbania.org\/2020\/2013\/03\/21\/mozaiku-me-i-madh-i-ballkanit-nje-dokumentar-dinjitoz-ne-prag-te-festes-se-bukur-te-krishtlindjeve\/#primaryimage\"},\"image\":{\"@id\":\"https:\/\/orthodoxalbania.org\/2020\/2013\/03\/21\/mozaiku-me-i-madh-i-ballkanit-nje-dokumentar-dinjitoz-ne-prag-te-festes-se-bukur-te-krishtlindjeve\/#primaryimage\"},\"thumbnailUrl\":\"https:\/\/lh4.googleusercontent.com\/-EdiAdGe5E2o\/UNYJd5Me22I\/AAAAAAAABmw\/xPSeGULSuNg\/s720\/IMG_2673.JPG\",\"datePublished\":\"2013-03-21T12:34:51+00:00\",\"dateModified\":\"2020-04-06T20:05:53+00:00\",\"breadcrumb\":{\"@id\":\"https:\/\/orthodoxalbania.org\/2020\/2013\/03\/21\/mozaiku-me-i-madh-i-ballkanit-nje-dokumentar-dinjitoz-ne-prag-te-festes-se-bukur-te-krishtlindjeve\/#breadcrumb\"},\"inLanguage\":\"en-US\",\"potentialAction\":[{\"@type\":\"ReadAction\",\"target\":[\"https:\/\/orthodoxalbania.org\/2020\/2013\/03\/21\/mozaiku-me-i-madh-i-ballkanit-nje-dokumentar-dinjitoz-ne-prag-te-festes-se-bukur-te-krishtlindjeve\/\"]}]},{\"@type\":\"ImageObject\",\"inLanguage\":\"en-US\",\"@id\":\"https:\/\/orthodoxalbania.org\/2020\/2013\/03\/21\/mozaiku-me-i-madh-i-ballkanit-nje-dokumentar-dinjitoz-ne-prag-te-festes-se-bukur-te-krishtlindjeve\/#primaryimage\",\"url\":\"https:\/\/lh4.googleusercontent.com\/-EdiAdGe5E2o\/UNYJd5Me22I\/AAAAAAAABmw\/xPSeGULSuNg\/s720\/IMG_2673.JPG\",\"contentUrl\":\"https:\/\/lh4.googleusercontent.com\/-EdiAdGe5E2o\/UNYJd5Me22I\/AAAAAAAABmw\/xPSeGULSuNg\/s720\/IMG_2673.JPG\"},{\"@type\":\"BreadcrumbList\",\"@id\":\"https:\/\/orthodoxalbania.org\/2020\/2013\/03\/21\/mozaiku-me-i-madh-i-ballkanit-nje-dokumentar-dinjitoz-ne-prag-te-festes-se-bukur-te-krishtlindjeve\/#breadcrumb\",\"itemListElement\":[{\"@type\":\"ListItem\",\"position\":1,\"name\":\"Home\",\"item\":\"https:\/\/orthodoxalbania.org\/2020\/\"},{\"@type\":\"ListItem\",\"position\":2,\"name\":\"\u201cMozaiku m\u00eb i madh i Ballkanit\u201d nj\u00eb dokumentar dinjitoz n\u00eb prag t\u00eb fest\u00ebs s\u00eb bukur t\u00eb Krishtlindjeve. (21 Dhjetor 2012)\"}]},{\"@type\":\"WebSite\",\"@id\":\"https:\/\/orthodoxalbania.org\/2020\/#website\",\"url\":\"https:\/\/orthodoxalbania.org\/2020\/\",\"name\":\"Kisha Orthodh\u03bfkse Autoqefale e Shqip\u00ebris\u00eb\",\"description\":\"Fqja Zyrtare e Kish\u00ebs Orthodhokse Autoqefale e Shqip\u00ebris\u00eb me lajmet edhe informacionet zyrtare p\u00ebr struktur\u00ebn edhe veprimtarin e saj.\",\"publisher\":{\"@id\":\"https:\/\/orthodoxalbania.org\/2020\/#organization\"},\"potentialAction\":[{\"@type\":\"SearchAction\",\"target\":{\"@type\":\"EntryPoint\",\"urlTemplate\":\"https:\/\/orthodoxalbania.org\/2020\/?s={search_term_string}\"},\"query-input\":{\"@type\":\"PropertyValueSpecification\",\"valueRequired\":true,\"valueName\":\"search_term_string\"}}],\"inLanguage\":\"en-US\"},{\"@type\":\"Organization\",\"@id\":\"https:\/\/orthodoxalbania.org\/2020\/#organization\",\"name\":\"Kisha Orthodhokse Autoqefale e Shqip\u00ebris\u00eb\",\"url\":\"https:\/\/orthodoxalbania.org\/2020\/\",\"logo\":{\"@type\":\"ImageObject\",\"inLanguage\":\"en-US\",\"@id\":\"https:\/\/orthodoxalbania.org\/2020\/#\/schema\/logo\/image\/\",\"url\":\"https:\/\/orthodoxalbania.org\/2020\/wp-content\/uploads\/2020\/05\/albania.jpeg\",\"contentUrl\":\"https:\/\/orthodoxalbania.org\/2020\/wp-content\/uploads\/2020\/05\/albania.jpeg\",\"width\":540,\"height\":540,\"caption\":\"Kisha Orthodhokse Autoqefale e Shqip\u00ebris\u00eb\"},\"image\":{\"@id\":\"https:\/\/orthodoxalbania.org\/2020\/#\/schema\/logo\/image\/\"},\"sameAs\":[\"https:\/\/www.facebook.com\/koash1991\"]},{\"@type\":\"Person\",\"@id\":\"https:\/\/orthodoxalbania.org\/2020\/#\/schema\/person\/0c387634a7063ac612d7ed9ce71c7e86\",\"name\":\"Kisha Orthodhokse\",\"image\":{\"@type\":\"ImageObject\",\"inLanguage\":\"en-US\",\"@id\":\"https:\/\/secure.gravatar.com\/avatar\/596e7c417251e30f2fbb9c00e026fce61a695a00e51c889caded71c96cbbdde5?s=96&d=mm&r=g\",\"url\":\"https:\/\/secure.gravatar.com\/avatar\/596e7c417251e30f2fbb9c00e026fce61a695a00e51c889caded71c96cbbdde5?s=96&d=mm&r=g\",\"contentUrl\":\"https:\/\/secure.gravatar.com\/avatar\/596e7c417251e30f2fbb9c00e026fce61a695a00e51c889caded71c96cbbdde5?s=96&d=mm&r=g\",\"caption\":\"Kisha Orthodhokse\"}}]}<\/script>\n<!-- \/ Yoast SEO plugin. -->","yoast_head_json":{"title":"\u201cMozaiku m\u00eb i madh i Ballkanit\u201d nj\u00eb dokumentar dinjitoz n\u00eb prag t\u00eb fest\u00ebs s\u00eb bukur t\u00eb Krishtlindjeve. (21 Dhjetor 2012) - Kisha Orthodh\u03bfkse Autoqefale e Shqip\u00ebris\u00eb","robots":{"index":"index","follow":"follow","max-snippet":"max-snippet:-1","max-image-preview":"max-image-preview:large","max-video-preview":"max-video-preview:-1"},"canonical":"https:\/\/orthodoxalbania.org\/2020\/2013\/03\/21\/mozaiku-me-i-madh-i-ballkanit-nje-dokumentar-dinjitoz-ne-prag-te-festes-se-bukur-te-krishtlindjeve\/","og_locale":"en_US","og_type":"article","og_title":"\u201cMozaiku m\u00eb i madh i Ballkanit\u201d nj\u00eb dokumentar dinjitoz n\u00eb prag t\u00eb fest\u00ebs s\u00eb bukur t\u00eb Krishtlindjeve. (21 Dhjetor 2012) - Kisha Orthodh\u03bfkse Autoqefale e Shqip\u00ebris\u00eb","og_description":"&nbsp; &nbsp;&nbsp;T\u00eb Premten mbasdite, dt.21.12.2012, n\u00eb amfiteatrin e madh t\u00eb Qendr\u00ebs Kulturore t\u00eb Katedrales \u201cNgjallja e Krishtit\u201d n\u00eb Tiran\u00eb u shfaq dokumentari i piktor\u00ebve-mozaicist Josif dhe Liljana Droboniku, t\u00eb cil\u00ebt kan\u00eb realizuar mozaikun n\u00eb kupol\u00ebn e k\u00ebsaj katedraleje.&nbsp; &nbsp; &nbsp; &nbsp; &nbsp; &nbsp; &nbsp; &nbsp; &nbsp; &nbsp; &nbsp; &nbsp; &nbsp; &nbsp; &nbsp; &nbsp; &nbsp; &nbsp; &nbsp; &nbsp; &nbsp; &nbsp; &nbsp; &nbsp; &nbsp; &nbsp; &nbsp; &nbsp;","og_url":"https:\/\/orthodoxalbania.org\/2020\/2013\/03\/21\/mozaiku-me-i-madh-i-ballkanit-nje-dokumentar-dinjitoz-ne-prag-te-festes-se-bukur-te-krishtlindjeve\/","og_site_name":"Kisha Orthodh\u03bfkse Autoqefale e Shqip\u00ebris\u00eb","article_publisher":"https:\/\/www.facebook.com\/koash1991","article_published_time":"2013-03-21T12:34:51+00:00","article_modified_time":"2020-04-06T20:05:53+00:00","og_image":[{"url":"https:\/\/lh4.googleusercontent.com\/-EdiAdGe5E2o\/UNYJd5Me22I\/AAAAAAAABmw\/xPSeGULSuNg\/s720\/IMG_2673.JPG","type":"","width":"","height":""}],"author":"Kisha Orthodhokse","twitter_card":"summary_large_image","twitter_misc":{"Written by":"Kisha Orthodhokse","Est. reading time":"6 minutes"},"schema":{"@context":"https:\/\/schema.org","@graph":[{"@type":"Article","@id":"https:\/\/orthodoxalbania.org\/2020\/2013\/03\/21\/mozaiku-me-i-madh-i-ballkanit-nje-dokumentar-dinjitoz-ne-prag-te-festes-se-bukur-te-krishtlindjeve\/#article","isPartOf":{"@id":"https:\/\/orthodoxalbania.org\/2020\/2013\/03\/21\/mozaiku-me-i-madh-i-ballkanit-nje-dokumentar-dinjitoz-ne-prag-te-festes-se-bukur-te-krishtlindjeve\/"},"author":{"name":"Kisha Orthodhokse","@id":"https:\/\/orthodoxalbania.org\/2020\/#\/schema\/person\/0c387634a7063ac612d7ed9ce71c7e86"},"headline":"\u201cMozaiku m\u00eb i madh i Ballkanit\u201d nj\u00eb dokumentar dinjitoz n\u00eb prag t\u00eb fest\u00ebs s\u00eb bukur t\u00eb Krishtlindjeve. (21 Dhjetor 2012)","datePublished":"2013-03-21T12:34:51+00:00","dateModified":"2020-04-06T20:05:53+00:00","mainEntityOfPage":{"@id":"https:\/\/orthodoxalbania.org\/2020\/2013\/03\/21\/mozaiku-me-i-madh-i-ballkanit-nje-dokumentar-dinjitoz-ne-prag-te-festes-se-bukur-te-krishtlindjeve\/"},"wordCount":1246,"commentCount":0,"publisher":{"@id":"https:\/\/orthodoxalbania.org\/2020\/#organization"},"image":{"@id":"https:\/\/orthodoxalbania.org\/2020\/2013\/03\/21\/mozaiku-me-i-madh-i-ballkanit-nje-dokumentar-dinjitoz-ne-prag-te-festes-se-bukur-te-krishtlindjeve\/#primaryimage"},"thumbnailUrl":"https:\/\/lh4.googleusercontent.com\/-EdiAdGe5E2o\/UNYJd5Me22I\/AAAAAAAABmw\/xPSeGULSuNg\/s720\/IMG_2673.JPG","keywords":["2012","Katedralja \u201cNgjallja e Krishtit\u201d Tiran\u00eb","Kryepiskopata Tiran\u00eb","lajme"],"articleSection":["Lajme"],"inLanguage":"en-US"},{"@type":"WebPage","@id":"https:\/\/orthodoxalbania.org\/2020\/2013\/03\/21\/mozaiku-me-i-madh-i-ballkanit-nje-dokumentar-dinjitoz-ne-prag-te-festes-se-bukur-te-krishtlindjeve\/","url":"https:\/\/orthodoxalbania.org\/2020\/2013\/03\/21\/mozaiku-me-i-madh-i-ballkanit-nje-dokumentar-dinjitoz-ne-prag-te-festes-se-bukur-te-krishtlindjeve\/","name":"\u201cMozaiku m\u00eb i madh i Ballkanit\u201d nj\u00eb dokumentar dinjitoz n\u00eb prag t\u00eb fest\u00ebs s\u00eb bukur t\u00eb Krishtlindjeve. (21 Dhjetor 2012) - Kisha Orthodh\u03bfkse Autoqefale e Shqip\u00ebris\u00eb","isPartOf":{"@id":"https:\/\/orthodoxalbania.org\/2020\/#website"},"primaryImageOfPage":{"@id":"https:\/\/orthodoxalbania.org\/2020\/2013\/03\/21\/mozaiku-me-i-madh-i-ballkanit-nje-dokumentar-dinjitoz-ne-prag-te-festes-se-bukur-te-krishtlindjeve\/#primaryimage"},"image":{"@id":"https:\/\/orthodoxalbania.org\/2020\/2013\/03\/21\/mozaiku-me-i-madh-i-ballkanit-nje-dokumentar-dinjitoz-ne-prag-te-festes-se-bukur-te-krishtlindjeve\/#primaryimage"},"thumbnailUrl":"https:\/\/lh4.googleusercontent.com\/-EdiAdGe5E2o\/UNYJd5Me22I\/AAAAAAAABmw\/xPSeGULSuNg\/s720\/IMG_2673.JPG","datePublished":"2013-03-21T12:34:51+00:00","dateModified":"2020-04-06T20:05:53+00:00","breadcrumb":{"@id":"https:\/\/orthodoxalbania.org\/2020\/2013\/03\/21\/mozaiku-me-i-madh-i-ballkanit-nje-dokumentar-dinjitoz-ne-prag-te-festes-se-bukur-te-krishtlindjeve\/#breadcrumb"},"inLanguage":"en-US","potentialAction":[{"@type":"ReadAction","target":["https:\/\/orthodoxalbania.org\/2020\/2013\/03\/21\/mozaiku-me-i-madh-i-ballkanit-nje-dokumentar-dinjitoz-ne-prag-te-festes-se-bukur-te-krishtlindjeve\/"]}]},{"@type":"ImageObject","inLanguage":"en-US","@id":"https:\/\/orthodoxalbania.org\/2020\/2013\/03\/21\/mozaiku-me-i-madh-i-ballkanit-nje-dokumentar-dinjitoz-ne-prag-te-festes-se-bukur-te-krishtlindjeve\/#primaryimage","url":"https:\/\/lh4.googleusercontent.com\/-EdiAdGe5E2o\/UNYJd5Me22I\/AAAAAAAABmw\/xPSeGULSuNg\/s720\/IMG_2673.JPG","contentUrl":"https:\/\/lh4.googleusercontent.com\/-EdiAdGe5E2o\/UNYJd5Me22I\/AAAAAAAABmw\/xPSeGULSuNg\/s720\/IMG_2673.JPG"},{"@type":"BreadcrumbList","@id":"https:\/\/orthodoxalbania.org\/2020\/2013\/03\/21\/mozaiku-me-i-madh-i-ballkanit-nje-dokumentar-dinjitoz-ne-prag-te-festes-se-bukur-te-krishtlindjeve\/#breadcrumb","itemListElement":[{"@type":"ListItem","position":1,"name":"Home","item":"https:\/\/orthodoxalbania.org\/2020\/"},{"@type":"ListItem","position":2,"name":"\u201cMozaiku m\u00eb i madh i Ballkanit\u201d nj\u00eb dokumentar dinjitoz n\u00eb prag t\u00eb fest\u00ebs s\u00eb bukur t\u00eb Krishtlindjeve. (21 Dhjetor 2012)"}]},{"@type":"WebSite","@id":"https:\/\/orthodoxalbania.org\/2020\/#website","url":"https:\/\/orthodoxalbania.org\/2020\/","name":"Kisha Orthodh\u03bfkse Autoqefale e Shqip\u00ebris\u00eb","description":"Fqja Zyrtare e Kish\u00ebs Orthodhokse Autoqefale e Shqip\u00ebris\u00eb me lajmet edhe informacionet zyrtare p\u00ebr struktur\u00ebn edhe veprimtarin e saj.","publisher":{"@id":"https:\/\/orthodoxalbania.org\/2020\/#organization"},"potentialAction":[{"@type":"SearchAction","target":{"@type":"EntryPoint","urlTemplate":"https:\/\/orthodoxalbania.org\/2020\/?s={search_term_string}"},"query-input":{"@type":"PropertyValueSpecification","valueRequired":true,"valueName":"search_term_string"}}],"inLanguage":"en-US"},{"@type":"Organization","@id":"https:\/\/orthodoxalbania.org\/2020\/#organization","name":"Kisha Orthodhokse Autoqefale e Shqip\u00ebris\u00eb","url":"https:\/\/orthodoxalbania.org\/2020\/","logo":{"@type":"ImageObject","inLanguage":"en-US","@id":"https:\/\/orthodoxalbania.org\/2020\/#\/schema\/logo\/image\/","url":"https:\/\/orthodoxalbania.org\/2020\/wp-content\/uploads\/2020\/05\/albania.jpeg","contentUrl":"https:\/\/orthodoxalbania.org\/2020\/wp-content\/uploads\/2020\/05\/albania.jpeg","width":540,"height":540,"caption":"Kisha Orthodhokse Autoqefale e Shqip\u00ebris\u00eb"},"image":{"@id":"https:\/\/orthodoxalbania.org\/2020\/#\/schema\/logo\/image\/"},"sameAs":["https:\/\/www.facebook.com\/koash1991"]},{"@type":"Person","@id":"https:\/\/orthodoxalbania.org\/2020\/#\/schema\/person\/0c387634a7063ac612d7ed9ce71c7e86","name":"Kisha Orthodhokse","image":{"@type":"ImageObject","inLanguage":"en-US","@id":"https:\/\/secure.gravatar.com\/avatar\/596e7c417251e30f2fbb9c00e026fce61a695a00e51c889caded71c96cbbdde5?s=96&d=mm&r=g","url":"https:\/\/secure.gravatar.com\/avatar\/596e7c417251e30f2fbb9c00e026fce61a695a00e51c889caded71c96cbbdde5?s=96&d=mm&r=g","contentUrl":"https:\/\/secure.gravatar.com\/avatar\/596e7c417251e30f2fbb9c00e026fce61a695a00e51c889caded71c96cbbdde5?s=96&d=mm&r=g","caption":"Kisha Orthodhokse"}}]}},"_links":{"self":[{"href":"https:\/\/orthodoxalbania.org\/2020\/wp-json\/wp\/v2\/posts\/203","targetHints":{"allow":["GET"]}}],"collection":[{"href":"https:\/\/orthodoxalbania.org\/2020\/wp-json\/wp\/v2\/posts"}],"about":[{"href":"https:\/\/orthodoxalbania.org\/2020\/wp-json\/wp\/v2\/types\/post"}],"author":[{"embeddable":true,"href":"https:\/\/orthodoxalbania.org\/2020\/wp-json\/wp\/v2\/users\/1"}],"replies":[{"embeddable":true,"href":"https:\/\/orthodoxalbania.org\/2020\/wp-json\/wp\/v2\/comments?post=203"}],"version-history":[{"count":1,"href":"https:\/\/orthodoxalbania.org\/2020\/wp-json\/wp\/v2\/posts\/203\/revisions"}],"predecessor-version":[{"id":15272,"href":"https:\/\/orthodoxalbania.org\/2020\/wp-json\/wp\/v2\/posts\/203\/revisions\/15272"}],"wp:attachment":[{"href":"https:\/\/orthodoxalbania.org\/2020\/wp-json\/wp\/v2\/media?parent=203"}],"wp:term":[{"taxonomy":"category","embeddable":true,"href":"https:\/\/orthodoxalbania.org\/2020\/wp-json\/wp\/v2\/categories?post=203"},{"taxonomy":"post_tag","embeddable":true,"href":"https:\/\/orthodoxalbania.org\/2020\/wp-json\/wp\/v2\/tags?post=203"}],"curies":[{"name":"wp","href":"https:\/\/api.w.org\/{rel}","templated":true}]}}