{"id":20221,"date":"2020-04-30T09:00:26","date_gmt":"2020-04-30T07:00:26","guid":{"rendered":"https:\/\/orthodoxalbania.org\/2020\/?p=20221"},"modified":"2020-05-02T11:22:21","modified_gmt":"2020-05-02T09:22:21","slug":"veprat-e-apostujve-2","status":"publish","type":"post","link":"https:\/\/orthodoxalbania.org\/2020\/2020\/04\/30\/veprat-e-apostujve-2\/","title":{"rendered":"Veprat e Apostujve"},"content":{"rendered":"<div class=\"fusion-fullwidth fullwidth-box fusion-builder-row-1 nonhundred-percent-fullwidth non-hundred-percent-height-scrolling\" style=\"--link_hover_color: #9457e5;--link_color: #f9745e;--awb-border-color:#f9745e;--awb-border-radius-top-left:0px;--awb-border-radius-top-right:0px;--awb-border-radius-bottom-right:0px;--awb-border-radius-bottom-left:0px;--awb-padding-top:0%;--awb-padding-right:0%;--awb-padding-bottom:0%;--awb-padding-left:0%;--awb-margin-top:0%;--awb-margin-bottom:0%;--awb-background-color:#fbecc9;--awb-border-sizes-top:4px;--awb-border-sizes-bottom:4px;--awb-flex-wrap:wrap;\" ><div class=\"fusion-builder-row fusion-row\"><div class=\"fusion-layout-column fusion_builder_column fusion-builder-column-0 fusion_builder_column_2_3 2_3 fusion-two-third fusion-column-first fusion-column-no-min-height\" style=\"--awb-padding-right:5%;--awb-padding-left:5%;--awb-bg-color:#fbecc9;--awb-bg-color-hover:#fbecc9;--awb-bg-size:cover;width:66.666666666667%;width:calc(66.666666666667% - ( ( 4% ) * 0.66666666666667 ) );margin-right: 4%;\"><div class=\"fusion-column-wrapper fusion-column-has-shadow fusion-flex-column-wrapper-legacy\"><div class=\"fusion-image-element fusion-image-align-center in-legacy-container\" style=\"text-align:center;--awb-caption-title-font-family:var(--h2_typography-font-family);--awb-caption-title-font-weight:var(--h2_typography-font-weight);--awb-caption-title-font-style:var(--h2_typography-font-style);--awb-caption-title-size:var(--h2_typography-font-size);--awb-caption-title-transform:var(--h2_typography-text-transform);--awb-caption-title-line-height:var(--h2_typography-line-height);--awb-caption-title-letter-spacing:var(--h2_typography-letter-spacing);\"><div class=\"imageframe-align-center\"><span class=\" fusion-imageframe imageframe-none imageframe-1 hover-type-none\"><img decoding=\"async\" width=\"486\" height=\"284\" title=\"decro byz\" src=\"https:\/\/orthodoxalbania.org\/2020\/wp-content\/uploads\/2020\/04\/decro-byz.png\" data-orig-src=\"https:\/\/orthodoxalbania.org\/2020\/wp-content\/uploads\/2020\/04\/decro-byz.png\" alt class=\"lazyload img-responsive wp-image-22677\" srcset=\"data:image\/svg+xml,%3Csvg%20xmlns%3D%27http%3A%2F%2Fwww.w3.org%2F2000%2Fsvg%27%20width%3D%27486%27%20height%3D%27284%27%20viewBox%3D%270%200%20486%20284%27%3E%3Crect%20width%3D%27486%27%20height%3D%27284%27%20fill-opacity%3D%220%22%2F%3E%3C%2Fsvg%3E\" data-srcset=\"https:\/\/orthodoxalbania.org\/2020\/wp-content\/uploads\/2020\/04\/decro-byz-200x117.png 200w, https:\/\/orthodoxalbania.org\/2020\/wp-content\/uploads\/2020\/04\/decro-byz-400x234.png 400w, https:\/\/orthodoxalbania.org\/2020\/wp-content\/uploads\/2020\/04\/decro-byz.png 486w\" data-sizes=\"auto\" data-orig-sizes=\"(max-width: 800px) 100vw, 486px\" \/><\/span><\/div><\/div><div class=\"fusion-text fusion-text-1\"><h2 style=\"text-align: center;\">VEPRAT E APOSTUJVE<\/h2>\n<\/div><div class=\"fusion-image-element fusion-image-align-center in-legacy-container\" style=\"text-align:center;--awb-caption-title-font-family:var(--h2_typography-font-family);--awb-caption-title-font-weight:var(--h2_typography-font-weight);--awb-caption-title-font-style:var(--h2_typography-font-style);--awb-caption-title-size:var(--h2_typography-font-size);--awb-caption-title-transform:var(--h2_typography-text-transform);--awb-caption-title-line-height:var(--h2_typography-line-height);--awb-caption-title-letter-spacing:var(--h2_typography-letter-spacing);\"><div class=\"imageframe-align-center\"><span class=\" fusion-imageframe imageframe-none imageframe-2 hover-type-none\"><img decoding=\"async\" width=\"645\" height=\"85\" title=\"Decor05_vectorized\" src=\"https:\/\/orthodoxalbania.org\/2020\/wp-content\/uploads\/2020\/04\/Decor05_vectorized.png\" data-orig-src=\"https:\/\/orthodoxalbania.org\/2020\/wp-content\/uploads\/2020\/04\/Decor05_vectorized.png\" alt class=\"lazyload img-responsive wp-image-22680\" srcset=\"data:image\/svg+xml,%3Csvg%20xmlns%3D%27http%3A%2F%2Fwww.w3.org%2F2000%2Fsvg%27%20width%3D%27645%27%20height%3D%2785%27%20viewBox%3D%270%200%20645%2085%27%3E%3Crect%20width%3D%27645%27%20height%3D%2785%27%20fill-opacity%3D%220%22%2F%3E%3C%2Fsvg%3E\" data-srcset=\"https:\/\/orthodoxalbania.org\/2020\/wp-content\/uploads\/2020\/04\/Decor05_vectorized-200x26.png 200w, https:\/\/orthodoxalbania.org\/2020\/wp-content\/uploads\/2020\/04\/Decor05_vectorized-400x53.png 400w, https:\/\/orthodoxalbania.org\/2020\/wp-content\/uploads\/2020\/04\/Decor05_vectorized-600x79.png 600w, https:\/\/orthodoxalbania.org\/2020\/wp-content\/uploads\/2020\/04\/Decor05_vectorized.png 645w\" data-sizes=\"auto\" data-orig-sizes=\"(max-width: 800px) 100vw, 645px\" \/><\/span><\/div><\/div><div class=\"fusion-text fusion-text-2\"><h2 style=\"text-align: center;\"><span class=\"ez-toc-section\" id=\"-1\"><\/span><a id=\"kreu1\"><\/a>-1-<span class=\"ez-toc-section-end\"><\/span><\/h2>\n<\/div><div class=\"fusion-text fusion-text-3\"><p style=\"text-align: justify;\">1 Tregimin e par\u00eb, o Theofil, e b\u00ebra p\u00ebr gjith\u00eb sa nisi Jisui edhe t\u00eb b\u00ebj\u00eb edhe t\u00eb m\u00ebsoj\u00eb,<br \/>\n2 deri n\u00eb at\u00eb dit\u00eb q\u00eb u mor lart n\u00eb qiell, pasi u kishte dh\u00ebn\u00eb urdh\u00ebrime me an\u00eb t\u00eb Frym\u00ebs s\u00eb Shenjt\u00eb apostujve q\u00eb pati zgjedhur;<br \/>\n3 tek t\u00eb cil\u00ebt edhe e tregoi veten e tij t\u00eb gjall\u00eb me shum\u00eb shenja pas p\u00ebsimit t\u00eb tij, duke iu shfaqur atyre dyzet dit\u00eb, e duke folur p\u00ebr pun\u00ebt e mbret\u00ebris\u00eb s\u00eb Per\u00ebndis\u00eb.<br \/>\n4 Edhe duke ndenjur bashk\u00eb me ta i porositi t\u00eb mos largohen nga Jerusalemi, por t\u00eb presin premtimin e Atit \u201cq\u00eb e d\u00ebgjuat, u tha, prej meje.<br \/>\n5 sepse Joani pag\u00ebzoi me uj\u00eb, por ju do t\u00eb pag\u00ebzoheni me Frym\u00eb t\u00eb Shenjt\u00eb jo pas shum\u00eb dit\u00ebsh\u201d.<br \/>\n6 Ata pra, kur u mblodh\u00ebn bashk\u00eb me t\u00eb, e pyesnin duke th\u00ebn\u00eb: Zot, vall\u00eb, n\u00eb k\u00ebt\u00eb koh\u00eb do t\u00eb rivendos\u00ebsh mbret\u00ebrin\u00eb e Izraelit?<br \/>\n7 Edhe ai u tha atyre: Nuk \u00ebsht\u00eb p\u00ebr ju t\u00eb njihni koh\u00ebt a motet, q\u00eb Ati i ka v\u00ebn\u00eb n\u00eb pushtetin e vet.<br \/>\n8 Por do t\u00eb merrni fuqi, kur t\u00eb vij\u00eb Fryma e Shenjt\u00eb mbi ju; edhe do t\u00eb m\u00eb jeni d\u00ebshmitar\u00eb edhe n\u00eb Jerusalem, edhe n\u00eb gjith\u00eb Juden\u00eb, edhe n\u00eb Samari, edhe deri n\u00eb fund t\u00eb dheut.<br \/>\n9 Edhe si tha k\u00ebto, nd\u00ebrsa ata po shihnin u ngrit lart, dhe nj\u00eb re e mori nga syt\u00eb e tyre.<br \/>\n10 Edhe nd\u00ebrsa ata ishin duke v\u00ebshtruar n\u00eb qiell, kur po shkonte ai, ja dy burra me rrob\u00eb t\u00eb bardh\u00eb tek q\u00ebndruan pran\u00eb tyre,<br \/>\n11 t\u00eb cil\u00ebt edhe u than\u00eb: O burra Galileas, pse rrini e v\u00ebshtroni n\u00eb qiell? Ky, Jisui q\u00eb u mor prej jush lart n\u00eb qiell, do t\u00eb vij\u00eb k\u00ebshtu, si\u00e7 e pat\u00eb at\u00eb duke shkuar n\u00eb qiell.<br \/>\n12 At\u00ebher\u00eb u kthyen n\u00eb Jerusalem nga mali q\u00eb quhet Ullisht\u00eb, i cili \u00ebsht\u00eb af\u00ebr Jerusalemit, dhe mban larg sa nj\u00eb rrug\u00eb t\u00eb shtune.<br \/>\n13 Edhe kur hyn\u00eb, u ngjit\u00ebn n\u00eb dhom\u00ebn e sip\u00ebrme, ku po rrinin edhe Pjetri dhe Jakovi, dhe Joani, dhe Andrea, Filipi dhe Thomai, Bartholomeu dhe Matheu, Jakovi i biri i Alfeut dhe Simon Zeloti, edhe Juda, i v\u00ebllai i Jakovit.<br \/>\n14 K\u00ebta t\u00eb gjith\u00eb vazhdonin me ngulm me nj\u00eb mendje n\u00eb falje e n\u00eb lutje, bashk\u00eb me grat\u00eb, edhe me Marin\u00eb, t\u00eb \u00ebm\u00ebn e Jisuit, edhe bashk\u00eb me t\u00eb v\u00ebllez\u00ebrit e tij.<br \/>\n15 Edhe n\u00eb k\u00ebto dit\u00eb si u ngrit Pjetri n\u00eb mes t\u00eb nx\u00ebn\u00ebsve, &#8211; edhe turma e t\u00eb mbledhurve atje ishin rreth nj\u00ebqind e nj\u00ebzet veta, &#8211; edhe tha:<br \/>\n16 O burra v\u00ebllez\u00ebr, duhej t\u00eb p\u00ebrmbushej ky shkrim, t\u00eb cilin e paratha Fryma e Shenjt\u00eb me an\u00eb t\u00eb Davidit p\u00ebr Jud\u00ebn q\u00eb u b\u00eb udh\u00ebrr\u00ebfyes i atyre q\u00eb zun\u00eb Jisuin,<br \/>\n17 sepse qe i num\u00ebruar bashk\u00eb me ne dhe pati marr\u00eb pjes\u00ebn e k\u00ebsaj sh\u00ebrbese.<br \/>\n18 Ky pra fitoi nj\u00eb ar\u00eb nga paga e paudh\u00ebsis\u00eb, edhe duke r\u00ebn\u00eb p\u00ebrmbys plasi n\u00eb mes, edhe iu derdh\u00ebn gjith\u00eb t\u00eb brendshmet.<br \/>\n19 Edhe kjo u b\u00eb e ditur tek t\u00eb gjith\u00eb ata q\u00eb rrinin n\u00eb Jerusalem, kaq sa ajo ar\u00eb u quajt n\u00eb gjuh\u00ebn e tyre Akeldama, q\u00eb dometh\u00ebn\u00eb ar\u00eb gjaku.<br \/>\n20 Sepse \u00ebsht\u00eb shkruar n\u00eb librin e Psalmeve: \u201cU shkretoft\u00eb sht\u00ebpia e atij dhe mos ndenjt\u00eb njeri n\u00eb t\u00eb\u201d; edhe: \u201cTjet\u00ebr e marrt\u00eb sh\u00ebrbes\u00ebn e tij\u201d.<br \/>\n21 Pra nga burrat q\u00eb na shoq\u00ebruan ne gjith\u00eb koh\u00ebn, n\u00eb t\u00eb cil\u00ebn Zoti Jisu hyri e doli te ne,<br \/>\n22 duke nisur q\u00eb nga pag\u00ebzimi i Joanit e deri n\u00eb at\u00eb dit\u00eb n\u00eb t\u00eb cil\u00ebn u mor lart prej nesh, nj\u00eb nga k\u00ebta duhet t\u00eb b\u00ebhet d\u00ebshmitar bashk\u00eb me ne p\u00ebr ngjalljen e tij.<br \/>\n23 Edhe paraqit\u00ebn dy veta, Josifin q\u00eb quhej Barsaba, i cili u mbiquajt Just, edhe Matin\u00eb.<br \/>\n24 Edhe ata duke u lutur than\u00eb: Ti, o Zot, zem\u00ebrnjoh\u00ebs i t\u00eb gjith\u00ebve, trego nj\u00eb nga k\u00ebta t\u00eb dy, at\u00eb q\u00eb ke zgjedhur,<br \/>\n25 q\u00eb t\u00eb marr\u00eb pjes\u00ebn e k\u00ebsaj sh\u00ebrbese e apostolie, prej s\u00eb cil\u00ebs u largua Juda, q\u00eb t\u00eb shkoj\u00eb n\u00eb vendin e tij.<br \/>\n26 Edhe u dhan\u00eb atyre shorte; edhe shorti i ra Matis\u00eb, edhe u num\u00ebrua bashk\u00eb me t\u00eb nj\u00ebmb\u00ebdhjet\u00eb apostujt.<\/p>\n<\/div><div class=\"fusion-text fusion-text-4\"><h3><img decoding=\"async\" class=\"lazyload size-full wp-image-22719 aligncenter\" src=\"https:\/\/orthodoxalbania.org\/2020\/wp-content\/uploads\/2020\/04\/decorend_vectorized.png\" data-orig-src=\"https:\/\/orthodoxalbania.org\/2020\/wp-content\/uploads\/2020\/04\/decorend_vectorized.png\" alt=\"\" width=\"901\" height=\"52\" srcset=\"data:image\/svg+xml,%3Csvg%20xmlns%3D%27http%3A%2F%2Fwww.w3.org%2F2000%2Fsvg%27%20width%3D%27901%27%20height%3D%2752%27%20viewBox%3D%270%200%20901%2052%27%3E%3Crect%20width%3D%27901%27%20height%3D%2752%27%20fill-opacity%3D%220%22%2F%3E%3C%2Fsvg%3E\" data-srcset=\"https:\/\/orthodoxalbania.org\/2020\/wp-content\/uploads\/2020\/04\/decorend_vectorized-200x12.png 200w, https:\/\/orthodoxalbania.org\/2020\/wp-content\/uploads\/2020\/04\/decorend_vectorized-300x17.png 300w, https:\/\/orthodoxalbania.org\/2020\/wp-content\/uploads\/2020\/04\/decorend_vectorized-400x23.png 400w, https:\/\/orthodoxalbania.org\/2020\/wp-content\/uploads\/2020\/04\/decorend_vectorized-600x35.png 600w, https:\/\/orthodoxalbania.org\/2020\/wp-content\/uploads\/2020\/04\/decorend_vectorized-768x44.png 768w, https:\/\/orthodoxalbania.org\/2020\/wp-content\/uploads\/2020\/04\/decorend_vectorized-800x46.png 800w, https:\/\/orthodoxalbania.org\/2020\/wp-content\/uploads\/2020\/04\/decorend_vectorized.png 901w\" data-sizes=\"auto\" data-orig-sizes=\"(max-width: 901px) 100vw, 901px\" \/><\/h3>\n<h4 style=\"text-align: center;\"><a href=\"#kreu1\">1<\/a> <a href=\"#kreu2\">2<\/a> <a href=\"#kreu3\">3<\/a> <a href=\"#kreu4\">4<\/a> <a href=\"#kreu5\">5<\/a> <a href=\"#kreu6\">6<\/a> <a href=\"#kreu7\">7<\/a> <a href=\"#kreu8\">8<\/a> <a href=\"#kreu9\">9<\/a> <a href=\"#kreu10\">10<\/a> <a href=\"#kreu11\">11<\/a> <a href=\"#kreu12\">12<\/a> <a href=\"#kreu13\">13<\/a> <a href=\"#kreu14\">14<\/a> <a href=\"#kreu15\">15 <\/a><a href=\"#kreu16\">16<\/a> <a href=\"#kreu18\">17<\/a> <a href=\"#kreu18\">18<\/a> <a href=\"#kreu19\">19<\/a> <a href=\"#kreu20\">20 <\/a><a href=\"#kreu21\">21<\/a> <a href=\"#kreu22\">22<\/a> <a href=\"#kreu23\">23<\/a> <a href=\"#kreu24\">24<\/a> <a href=\"#kreu25\">25<\/a> <a href=\"#kreu26\">26<\/a> <a href=\"#kreu27\">27<\/a> <a href=\"#kreu28\">28<\/a><\/h4>\n<\/div><div class=\"fusion-image-element fusion-image-align-center in-legacy-container\" style=\"text-align:center;--awb-caption-title-font-family:var(--h2_typography-font-family);--awb-caption-title-font-weight:var(--h2_typography-font-weight);--awb-caption-title-font-style:var(--h2_typography-font-style);--awb-caption-title-size:var(--h2_typography-font-size);--awb-caption-title-transform:var(--h2_typography-text-transform);--awb-caption-title-line-height:var(--h2_typography-line-height);--awb-caption-title-letter-spacing:var(--h2_typography-letter-spacing);\"><div class=\"imageframe-align-center\"><span class=\" fusion-imageframe imageframe-none imageframe-3 hover-type-none\"><img decoding=\"async\" width=\"645\" height=\"85\" title=\"Decor05_vectorized\" src=\"https:\/\/orthodoxalbania.org\/2020\/wp-content\/uploads\/2020\/04\/Decor05_vectorized.png\" data-orig-src=\"https:\/\/orthodoxalbania.org\/2020\/wp-content\/uploads\/2020\/04\/Decor05_vectorized.png\" alt class=\"lazyload img-responsive wp-image-22680\" srcset=\"data:image\/svg+xml,%3Csvg%20xmlns%3D%27http%3A%2F%2Fwww.w3.org%2F2000%2Fsvg%27%20width%3D%27645%27%20height%3D%2785%27%20viewBox%3D%270%200%20645%2085%27%3E%3Crect%20width%3D%27645%27%20height%3D%2785%27%20fill-opacity%3D%220%22%2F%3E%3C%2Fsvg%3E\" data-srcset=\"https:\/\/orthodoxalbania.org\/2020\/wp-content\/uploads\/2020\/04\/Decor05_vectorized-200x26.png 200w, https:\/\/orthodoxalbania.org\/2020\/wp-content\/uploads\/2020\/04\/Decor05_vectorized-400x53.png 400w, https:\/\/orthodoxalbania.org\/2020\/wp-content\/uploads\/2020\/04\/Decor05_vectorized-600x79.png 600w, https:\/\/orthodoxalbania.org\/2020\/wp-content\/uploads\/2020\/04\/Decor05_vectorized.png 645w\" data-sizes=\"auto\" data-orig-sizes=\"(max-width: 800px) 100vw, 645px\" \/><\/span><\/div><\/div><div class=\"fusion-text fusion-text-5\"><h2 style=\"text-align: center;\"><span class=\"ez-toc-section\" id=\"-2\"><\/span><a id=\"kreu2\"><\/a>-2-<span class=\"ez-toc-section-end\"><\/span><\/h2>\n<\/div><div class=\"fusion-text fusion-text-6\"><p style=\"text-align: justify;\">1 Edhe kur erdhi dita e Pendikostis\u00eb, ishin t\u00eb gjith\u00eb me nj\u00eb zem\u00ebr, n\u00eb t\u00eb nj\u00ebjtin vend.<br \/>\n2 Edhe papritur u b\u00eb nj\u00eb oshtim\u00eb nga qielli si e nj\u00eb ere q\u00eb fryn me fuqi, edhe mbushi gjith\u00eb sht\u00ebpin\u00eb ku ishin duke ndenjur.<br \/>\n3 Edhe u duk\u00ebn mbi ta gjuh\u00eb porsi prej zjarri q\u00eb ndaheshin, edhe ndenj\u00ebn mbi gjithsecilin prej tyre.<br \/>\n4 Edhe u mbush\u00ebn t\u00eb gjith\u00eb me Frym\u00eb t\u00eb Shenjt\u00eb, e zun\u00eb t\u00eb flisnin me gjuh\u00eb t\u00eb tjera, sikund\u00ebr Fryma u jepte t\u00eb flisnin.<br \/>\n5 Edhe po rrinin n\u00eb Jerusalem Judenj, burra me frik\u00eb Per\u00ebndie prej \u00e7do kombi n\u00ebn qiell.<br \/>\n6 Edhe kur u b\u00eb ky z\u00eb, u mblodh turma dhe u turbullua; sepse gjithsecili i d\u00ebgjonte ata duke folur n\u00eb gjuh\u00ebn e tij.<br \/>\n7 Edhe t\u00eb gjith\u00eb habiteshin e \u00e7uditeshin, duke i th\u00ebn\u00eb nj\u00ebri-tjetrit: Ja, a nuk jan\u00eb Galileas t\u00eb gjith\u00eb k\u00ebta q\u00eb flasin?<br \/>\n8 Edhe si gjithsecili nga ne d\u00ebgjojn\u00eb n\u00eb gjuh\u00ebn ton\u00eb, n\u00eb t\u00eb cil\u00ebn kemi lindur?<br \/>\n9 Part\u00eb e Med\u00eb e Elamit\u00eb, edhe ata q\u00eb rrin\u00eb n\u00eb Mesopotami e n\u00eb Jude e n\u00eb Kapadoki, n\u00eb Pont e n\u00eb Azi,<br \/>\n10 n\u00eb Frigji e n\u00eb Pamfili, n\u00eb Egjipt e n\u00eb an\u00ebt e Libis\u00eb pran\u00eb Kiren\u00ebs, edhe t\u00eb ardhurit nga Roma, Judenj e prozelit\u00eb,<br \/>\n11 Kretas e Arab\u00eb, i d\u00ebgjojm\u00eb ata duke folur n\u00eb gjuh\u00ebt tona madh\u00ebrit\u00eb e Per\u00ebndis\u00eb.<br \/>\n12 Edhe t\u00eb gjith\u00eb mahniteshin dhe vrisnin mendjen duke i th\u00ebn\u00eb nj\u00ebri-tjetrit: Vall\u00eb, \u00e7\u2019t\u00eb jet\u00eb kjo?<br \/>\n13 Edhe t\u00eb tjer\u00eb duke i p\u00ebrqeshur thoshin se jan\u00eb mbushur me ver\u00eb t\u00eb \u00ebmb\u00ebl.<br \/>\n14 Po Pjetri q\u00ebndroi bashk\u00eb me t\u00eb nj\u00ebmb\u00ebdhjet\u00ebt, edhe ngriti z\u00ebrin e tij edhe u ligj\u00ebroi atyre: O burra Judenj dhe gjith\u00eb sa rrini n\u00eb Jerusalem, le t\u00eb jet\u00eb e ditur kjo nd\u00ebr ju, e v\u00ebruni veshin fjal\u00ebve t\u00eb mia.<br \/>\n15 Sepse k\u00ebta nuk jan\u00eb t\u00eb dehur, si\u00e7 pandehni ju; sepse tani \u00ebsht\u00eb ora e tret\u00eb e dit\u00ebs.<br \/>\n16 Po kjo \u00ebsht\u00eb ajo q\u00eb \u00ebsht\u00eb th\u00ebn\u00eb me an\u00eb t\u00eb profetit Joel:<br \/>\n17 \u201cEdhe n\u00eb dit\u00ebn e fundit, thot\u00eb Per\u00ebndia, do t\u00eb derdh nga Fryma ime mbi \u00e7do mish; edhe do t\u00eb profetizojn\u00eb bijt\u00eb tuaj dhe bijat tuaja, edhe djemt\u00eb tuaj do t\u00eb shohin vegime, edhe pleqt\u00eb tuaj do t\u00eb \u00ebnd\u00ebrrojn\u00eb \u00ebndrra.<br \/>\n18 Edhe mbi sh\u00ebrb\u00ebtor\u00ebt e mi dhe mbi sh\u00ebrb\u00ebtoret e mia n\u00eb ato dit\u00eb do t\u00eb derdh nga Fryma ime; edhe do t\u00eb profetizojn\u00eb.<br \/>\n19 Edhe do t\u00eb b\u00ebj \u00e7udira lart n\u00eb qiell dhe shenja posht\u00eb mbi dh\u00e9, gjak e zjarr e avull tymi.<br \/>\n20 Dielli do t\u00eb kthehet n\u00eb err\u00ebsir\u00eb dhe h\u00ebna n\u00eb gjak, para se t\u00eb vij\u00eb e madhja dhe e shquara dit\u00eb e Zotit.<br \/>\n21 Edhe kushdo q\u00eb t\u00eb th\u00ebrres\u00eb n\u00eb emrin e Zotit, do t\u00eb shp\u00ebtoj\u00eb\u201d.<br \/>\n22 O burra izraelit\u00eb, pa d\u00ebgjoni k\u00ebto fjal\u00eb: Jisu Nazaretasin, nj\u00eb njeri t\u00eb d\u00ebshmuar te ju nga Per\u00ebndia me fuqi e me \u00e7udira, e me shenja, t\u00eb cilat i b\u00ebri Per\u00ebndia me an\u00eb t\u00eb tij n\u00eb mes tuaj, si\u00e7 e dini dhe vet\u00eb,<br \/>\n23 k\u00ebt\u00eb q\u00eb ju qe dh\u00ebn\u00eb sipas q\u00ebllimit t\u00eb caktuar dhe sipas paranjohjes s\u00eb Per\u00ebndis\u00eb, ju e zut\u00eb dhe me duar paudh\u00ebsie e gozhduat dhe e vrat\u00eb.<br \/>\n24 K\u00ebt\u00eb Per\u00ebndia e ngjalli, pasi zgjidhi dhimbjet e forta t\u00eb vdekjes, se nuk mund t\u00eb mbahej ai prej saj.<br \/>\n25 Sepse Davidi thot\u00eb p\u00ebr t\u00eb: \u201cShihja Zotin p\u00ebrpara meje gjithnj\u00eb, sepse \u00ebsht\u00eb nga e djathta ime, q\u00eb t\u00eb mos tundem.<br \/>\n26 Prandaj u g\u00ebzua zemra ime, dhe gjuha ime u ngaz\u00ebllua; por edhe mishi im do t\u00eb prehet me shpres\u00eb.<br \/>\n27 Sepse nuk do t\u00eb braktis\u00ebsh shpirtin tim n\u00eb had, as do t\u00eb l\u00ebsh shenjtin t\u00ebnd t\u00eb shoh\u00eb prishje.<br \/>\n28 M\u00eb tregove udh\u00eb jete; do t\u00eb m\u00eb mbush\u00ebsh me g\u00ebzim me fytyr\u00ebn t\u00ebnde\u201d.<br \/>\n29 O burra v\u00ebllez\u00ebr, mund t\u2019ju them me guxim p\u00ebr kryeatin David, se ai edhe vdiq edhe u varros, dhe varri i tij \u00ebsht\u00eb te ne deri n\u00eb k\u00ebt\u00eb dit\u00eb.<br \/>\n30 Po duke qen\u00eb profet, dhe duke ditur se Per\u00ebndia me betim i premtoi se nga fryti i mesit t\u00eb tij, do t\u00eb ngjall\u00eb Krishtin, sipas mishit, q\u00eb ta ul\u00eb n\u00eb fronin e tij,<br \/>\n31 e pa q\u00eb m\u00eb p\u00ebrpara dhe foli p\u00ebr ngjalljen e Krishtit, se shpirti i tij nuk u la n\u00eb had, as mishi i tij nuk pa prishje.<br \/>\n32 Per\u00ebndia e ngjalli k\u00ebt\u00eb Jisu, p\u00ebr t\u00eb cilin ne t\u00eb gjith\u00eb jemi d\u00ebshmitar\u00eb.<br \/>\n33 Si u ngrit pra lart me t\u00eb djatht\u00ebn e Per\u00ebndis\u00eb dhe mori nga Ati premtimin e Frym\u00ebs s\u00eb Shenjt\u00eb, derdhi k\u00ebt\u00eb q\u00eb ju tani shihni e d\u00ebgjoni.<br \/>\n34 Sepse Davidi nuk u ngjit n\u00eb qiejt; po ai thot\u00eb: \u201cI tha Zoti Zotit tim: Rri n\u00eb t\u00eb djatht\u00ebn time,<br \/>\n35 derisa t\u00eb v\u00eb armiqt\u00eb e tu n\u00ebnk\u00ebmb\u00ebse t\u00eb k\u00ebmb\u00ebve t\u00eb tua\u201d.<br \/>\n36 Le ta dij\u00eb pra fort mir\u00eb gjith\u00eb sht\u00ebpia e Izraelit se k\u00ebt\u00eb Jisuin, t\u00eb cilin ju e kryq\u00ebzuat, Per\u00ebndia e b\u00ebri Zot dhe Krisht.<br \/>\n37 Edhe si d\u00ebgjuan k\u00ebto, u mall\u00ebngjyen n\u00eb zem\u00ebr dhe i than\u00eb Pjetrit e apostujve t\u00eb tjer\u00eb: \u00c7\u2019t\u00eb b\u00ebjm\u00eb, o burra e v\u00ebllez\u00ebr?<br \/>\n38 At\u00ebher\u00eb Pjetri u tha atyre: Pendohuni, edhe gjithsecili prej jush le t\u00eb pag\u00ebzohet n\u00eb emrin e Jisu Krishtit, p\u00ebr ndjes\u00ebn e m\u00ebkateve; edhe do t\u00eb merrni dhurat\u00ebn e Frym\u00ebs s\u00eb Shenjt\u00eb.<br \/>\n39 Sepse premtimi \u00ebsht\u00eb mbi ju dhe mbi bijt\u00eb tuaj dhe mbi t\u00eb gjith\u00eb ata q\u00eb jan\u00eb larg, sa ka p\u00ebr t\u00eb thirrur Zoti Per\u00ebndia yn\u00eb.<br \/>\n40 Edhe me shum\u00eb fjal\u00eb t\u00eb tjera d\u00ebshmonte dhe i nxiste ata, duke th\u00ebn\u00eb: Shp\u00ebtoni nga ky brez i shtremb\u00ebr.<br \/>\n41 Ata pra q\u00eb prit\u00ebn me g\u00ebzim fjal\u00ebn e tij u pag\u00ebzuan; edhe at\u00eb dit\u00eb u shtuan rreth tre mij\u00eb shpirt.<br \/>\n42 Edhe ata q\u00ebndronin me p\u00ebrkushtim n\u00eb m\u00ebsimin e apostujve dhe n\u00eb shoq\u00ebri dhe n\u00eb thyerjen e buk\u00ebs e n\u00eb lutje.<br \/>\n43 Edhe \u00e7do shpirti i hyri frik\u00eb; edhe shum\u00eb \u00e7udira e shenja b\u00ebheshin me an\u00eb t\u00eb apostujve.<br \/>\n44 Edhe t\u00eb gjith\u00eb ata q\u00eb besonin ishin bashk\u00eb, edhe t\u00eb gjitha i kishin t\u00eb p\u00ebrbashk\u00ebta.<br \/>\n45 Edhe shisnin pronat e pasurit\u00eb, e ua ndanin t\u00eb gjith\u00ebve, sipas nevoj\u00ebs q\u00eb kishte secili.<br \/>\n46 Edhe p\u00ebrdit\u00eb t\u00eb p\u00ebrkushtuar dhe me nj\u00eb zem\u00ebr n\u00eb tempull, thyenin buk\u00eb sht\u00ebpi m\u00eb sht\u00ebpi dhe hanin me g\u00ebzim e me kthjellt\u00ebsi zemre,<br \/>\n47 duke himnuar Per\u00ebndin\u00eb e duke pasur hir p\u00ebrpara gjith\u00eb popullit. Dhe Zoti shtonte p\u00ebrdit\u00eb n\u00eb kish\u00eb ata q\u00eb shp\u00ebtonin.<\/p>\n<\/div><div class=\"fusion-text fusion-text-7\"><h3><img decoding=\"async\" class=\"lazyload size-full wp-image-22719 aligncenter\" src=\"https:\/\/orthodoxalbania.org\/2020\/wp-content\/uploads\/2020\/04\/decorend_vectorized.png\" data-orig-src=\"https:\/\/orthodoxalbania.org\/2020\/wp-content\/uploads\/2020\/04\/decorend_vectorized.png\" alt=\"\" width=\"901\" height=\"52\" srcset=\"data:image\/svg+xml,%3Csvg%20xmlns%3D%27http%3A%2F%2Fwww.w3.org%2F2000%2Fsvg%27%20width%3D%27901%27%20height%3D%2752%27%20viewBox%3D%270%200%20901%2052%27%3E%3Crect%20width%3D%27901%27%20height%3D%2752%27%20fill-opacity%3D%220%22%2F%3E%3C%2Fsvg%3E\" data-srcset=\"https:\/\/orthodoxalbania.org\/2020\/wp-content\/uploads\/2020\/04\/decorend_vectorized-200x12.png 200w, https:\/\/orthodoxalbania.org\/2020\/wp-content\/uploads\/2020\/04\/decorend_vectorized-300x17.png 300w, https:\/\/orthodoxalbania.org\/2020\/wp-content\/uploads\/2020\/04\/decorend_vectorized-400x23.png 400w, https:\/\/orthodoxalbania.org\/2020\/wp-content\/uploads\/2020\/04\/decorend_vectorized-600x35.png 600w, https:\/\/orthodoxalbania.org\/2020\/wp-content\/uploads\/2020\/04\/decorend_vectorized-768x44.png 768w, https:\/\/orthodoxalbania.org\/2020\/wp-content\/uploads\/2020\/04\/decorend_vectorized-800x46.png 800w, https:\/\/orthodoxalbania.org\/2020\/wp-content\/uploads\/2020\/04\/decorend_vectorized.png 901w\" data-sizes=\"auto\" data-orig-sizes=\"(max-width: 901px) 100vw, 901px\" \/><\/h3>\n<h4 style=\"text-align: center;\"><a href=\"#kreu1\">1<\/a> <a href=\"#kreu2\">2<\/a> <a href=\"#kreu3\">3<\/a> <a href=\"#kreu4\">4<\/a> <a href=\"#kreu5\">5<\/a> <a href=\"#kreu6\">6<\/a> <a href=\"#kreu7\">7<\/a> <a href=\"#kreu8\">8<\/a> <a href=\"#kreu9\">9<\/a> <a href=\"#kreu10\">10<\/a> <a href=\"#kreu11\">11<\/a> <a href=\"#kreu12\">12<\/a> <a href=\"#kreu13\">13<\/a> <a href=\"#kreu14\">14<\/a> <a href=\"#kreu15\">15 <\/a><a href=\"#kreu16\">16<\/a> <a href=\"#kreu18\">17<\/a> <a href=\"#kreu18\">18<\/a> <a href=\"#kreu19\">19<\/a> <a href=\"#kreu20\">20 <\/a><a href=\"#kreu21\">21<\/a> <a href=\"#kreu22\">22<\/a> <a href=\"#kreu23\">23<\/a> <a href=\"#kreu24\">24<\/a> <a href=\"#kreu25\">25<\/a> <a href=\"#kreu26\">26<\/a> <a href=\"#kreu27\">27<\/a> <a href=\"#kreu28\">28<\/a><\/h4>\n<\/div><div class=\"fusion-image-element fusion-image-align-center in-legacy-container\" style=\"text-align:center;--awb-caption-title-font-family:var(--h2_typography-font-family);--awb-caption-title-font-weight:var(--h2_typography-font-weight);--awb-caption-title-font-style:var(--h2_typography-font-style);--awb-caption-title-size:var(--h2_typography-font-size);--awb-caption-title-transform:var(--h2_typography-text-transform);--awb-caption-title-line-height:var(--h2_typography-line-height);--awb-caption-title-letter-spacing:var(--h2_typography-letter-spacing);\"><div class=\"imageframe-align-center\"><span class=\" fusion-imageframe imageframe-none imageframe-4 hover-type-none\"><img decoding=\"async\" width=\"645\" height=\"85\" title=\"Decor05_vectorized\" src=\"https:\/\/orthodoxalbania.org\/2020\/wp-content\/uploads\/2020\/04\/Decor05_vectorized.png\" data-orig-src=\"https:\/\/orthodoxalbania.org\/2020\/wp-content\/uploads\/2020\/04\/Decor05_vectorized.png\" alt class=\"lazyload img-responsive wp-image-22680\" srcset=\"data:image\/svg+xml,%3Csvg%20xmlns%3D%27http%3A%2F%2Fwww.w3.org%2F2000%2Fsvg%27%20width%3D%27645%27%20height%3D%2785%27%20viewBox%3D%270%200%20645%2085%27%3E%3Crect%20width%3D%27645%27%20height%3D%2785%27%20fill-opacity%3D%220%22%2F%3E%3C%2Fsvg%3E\" data-srcset=\"https:\/\/orthodoxalbania.org\/2020\/wp-content\/uploads\/2020\/04\/Decor05_vectorized-200x26.png 200w, https:\/\/orthodoxalbania.org\/2020\/wp-content\/uploads\/2020\/04\/Decor05_vectorized-400x53.png 400w, https:\/\/orthodoxalbania.org\/2020\/wp-content\/uploads\/2020\/04\/Decor05_vectorized-600x79.png 600w, https:\/\/orthodoxalbania.org\/2020\/wp-content\/uploads\/2020\/04\/Decor05_vectorized.png 645w\" data-sizes=\"auto\" data-orig-sizes=\"(max-width: 800px) 100vw, 645px\" \/><\/span><\/div><\/div><div class=\"fusion-text fusion-text-8\"><h2 style=\"text-align: center;\"><span class=\"ez-toc-section\" id=\"-3\"><\/span><a id=\"kreu3\"><\/a>-3-<span class=\"ez-toc-section-end\"><\/span><\/h2>\n<\/div><div class=\"fusion-text fusion-text-9\"><p style=\"text-align: justify;\">1 Edhe Pjetri e Joani po ngjiteshin bashk\u00eb n\u00eb tempull p\u00ebr lutjen e or\u00ebs s\u00eb n\u00ebnt\u00eb.<br \/>\n2 Edhe po sillnin nj\u00eb njeri, q\u00eb ishte i \u00e7al\u00eb q\u00eb nga barku i s\u00eb \u00ebm\u00ebs. K\u00ebt\u00eb e vinin p\u00ebrdit\u00eb n\u00eb der\u00ebn e tempullit q\u00eb quhej dera e Bukur, q\u00eb t\u00eb lypte l\u00ebmosh\u00eb nga ata q\u00eb hynin n\u00eb tempull.<br \/>\n3 Ky, kur pa Pjetrin dhe Joanin se do t\u00eb hynin n\u00eb tempull, lypte t\u00eb merrte l\u00ebmosh\u00eb nga ata.<br \/>\n4 Po Pjetri bashk\u00eb me Joanin hodhi syt\u00eb mbi t\u00eb e tha: Shiko n\u00eb ne.<br \/>\n5 Edhe ai i shikonte ata me v\u00ebmendje, duke shpresuar t\u00eb marr\u00eb gj\u00ebsendi nga ata.<br \/>\n6 At\u00ebher\u00eb Pjetri tha: Argjend dhe ar nuk kam; po at\u00eb q\u00eb kam, k\u00ebt\u00eb ta jap. N\u00eb emrin e Jisu Krisht Nazaretasit, ngrihu dhe ec.<br \/>\n7 Edhe si e kapi at\u00eb prej dor\u00ebs s\u00eb djatht\u00eb e ngriti; edhe p\u00ebrnj\u00ebher\u00eb iu forcuan taban\u00ebt e nyjat e k\u00ebmb\u00ebve;<br \/>\n8 Edhe duke k\u00ebrcyer p\u00ebrpjet\u00eb q\u00ebndroi m\u00eb k\u00ebmb\u00eb dhe ecte; edhe hyri bashk\u00eb me ata n\u00eb tempull, duke ecur e duke k\u00ebrcyer e duke lavd\u00ebruar Per\u00ebndin\u00eb.<br \/>\n9 Edhe gjith\u00eb populli e pa at\u00eb duke ecur e duke lavd\u00ebruar Per\u00ebndin\u00eb.<br \/>\n10 Edhe e njihnin at\u00eb, se ky ishte ai q\u00eb rrinte n\u00eb der\u00ebn e Bukur t\u00eb tempullit p\u00ebr l\u00ebmosh\u00eb; edhe u mbush\u00ebn me \u00e7udi e me habi p\u00ebr k\u00ebt\u00eb pun\u00eb q\u00eb i ngjau atij.<br \/>\n11 Edhe nd\u00ebrsa i \u00e7ali q\u00eb u sh\u00ebrua mbahej pas Pjetrit dhe Joanit, gjith\u00eb populli, i habitur shum\u00eb, rendi bashk\u00eb drejt tyre n\u00eb portikun q\u00eb quhet i Solomonit.<br \/>\n12 Edhe Pjetri kur pa, iu p\u00ebrgjigj popullit: O burra Izraelit\u00eb, pse \u00e7uditeni p\u00ebr k\u00ebt\u00eb? Dhe pse na v\u00ebshtroni ngultas, sikur ne me fuqin\u00eb ose me bes\u00ebtarin\u00eb ton\u00eb e kemi b\u00ebr\u00eb k\u00ebt\u00eb njeri t\u00eb ec\u00eb?<br \/>\n13 Per\u00ebndia i Abrahamit dhe i Isakut dhe i Jakovit, Per\u00ebndia i et\u00ebrve tan\u00eb, lavd\u00ebroi Birin e tij Jisu, t\u00eb cilin ju e dor\u00ebzuat, edhe e mohuat p\u00ebrpara Pilatit, ndon\u00ebse ai e pa t\u00eb udh\u00ebs ta l\u00ebshonte.<br \/>\n14 Po ju e mohuat Shenjtin dhe t\u00eb Drejtin, edhe k\u00ebrkuat t\u2019ju jepet juve nj\u00eb burr\u00eb vras\u00ebs.<br \/>\n15 Edhe vrat\u00eb kreun e jet\u00ebs, q\u00eb Per\u00ebndia e ngjalli prej s\u00eb vdekurish, t\u00eb cilit ne i jemi d\u00ebshmitar\u00eb.<br \/>\n16 Edhe me an\u00eb t\u00eb besimit n\u00eb emrin e tij, k\u00ebt\u00eb q\u00eb shihni dhe e njihni, emri i tij e forcoi, edhe besimi q\u00eb \u00ebsht\u00eb me an\u00eb t\u00eb tij i dha k\u00ebtij sh\u00ebndet t\u00eb plot\u00eb p\u00ebrpara gjith\u00eb jush.<br \/>\n17 Edhe tani, o v\u00ebllez\u00ebr, e di se e b\u00ebt\u00eb nga padija, sikurse edhe t\u00eb par\u00ebt tuaj.<br \/>\n18 Po Per\u00ebndia sa paralajm\u00ebroi me an\u00eb t\u00eb goj\u00ebs s\u00eb gjith\u00eb profet\u00ebve t\u00eb tij, se Krishti kishte p\u00ebr t\u00eb p\u00ebsuar, i p\u00ebrmbushi k\u00ebshtu.<br \/>\n19 Pendohuni pra dhe kthehuni, q\u00eb t\u00eb shlyhen m\u00ebkatet tuaja,<br \/>\n20 q\u00eb t\u00eb vijn\u00eb koh\u00eb prehjeje prej faqes s\u00eb Zotit, edhe t\u00eb d\u00ebrgoj\u00eb Jisu Krishtin, q\u00eb ju \u00ebsht\u00eb predikuar juve q\u00eb p\u00ebrpara;<br \/>\n21 t\u00eb cilin duhet ta mbaj\u00eb qielli deri n\u00eb koh\u00ebt e rivendosjes s\u00eb gjith\u00eb atyre gj\u00ebrave q\u00eb foli Per\u00ebndia q\u00eb n\u00eb fillim t\u00eb jet\u00ebs me an\u00eb t\u00eb goj\u00ebs s\u00eb gjith\u00eb shenjtor\u00ebve t\u00eb tij profet\u00eb.<br \/>\n22 Sepse Moisiu u tha et\u00ebrve \u201cSe Zoti Per\u00ebndia do t\u00eb ngrej\u00eb nd\u00ebr ju nga v\u00ebllez\u00ebrit tuaj nj\u00eb profet si un\u00eb; at\u00eb d\u00ebgjoni p\u00ebr t\u00eb gjitha ato q\u00eb t\u2019ju flas\u00eb juve.<br \/>\n23 Edhe \u00e7do shpirt q\u00eb nuk do t\u00eb d\u00ebgjoj\u00eb at\u00eb profet, do t\u00eb shuhet nga populli\u201d.<br \/>\n24 Edhe gjith\u00eb profet\u00ebt sa fol\u00ebn q\u00eb nga Samueli e k\u00ebtej lajm\u00ebruan edhe p\u00ebr k\u00ebto dit\u00eb.<br \/>\n25 Ju jeni bijt\u00eb e profet\u00ebve dhe t\u00eb dhiat\u00ebs q\u00eb b\u00ebri Per\u00ebndia me et\u00ebrit tan\u00eb, duke i th\u00ebn\u00eb Abrahamit: \u201cEdhe n\u00eb far\u00ebn t\u00ebnde do t\u00eb bekohen gjith\u00eb fiset e dheut.\u201d<br \/>\n26 Te ju m\u00eb par\u00eb Per\u00ebndia, pasi e ngjalli Birin e tij Jisu, e d\u00ebrgoi q\u00eb t\u2019ju bekoj\u00eb ju, duke e kthyer gjith\u00ebscilin prej jush nga lig\u00ebsit\u00eb tuaja.<\/p>\n<\/div><div class=\"fusion-text fusion-text-10\"><h3><img decoding=\"async\" class=\"lazyload size-full wp-image-22719 aligncenter\" src=\"https:\/\/orthodoxalbania.org\/2020\/wp-content\/uploads\/2020\/04\/decorend_vectorized.png\" data-orig-src=\"https:\/\/orthodoxalbania.org\/2020\/wp-content\/uploads\/2020\/04\/decorend_vectorized.png\" alt=\"\" width=\"901\" height=\"52\" srcset=\"data:image\/svg+xml,%3Csvg%20xmlns%3D%27http%3A%2F%2Fwww.w3.org%2F2000%2Fsvg%27%20width%3D%27901%27%20height%3D%2752%27%20viewBox%3D%270%200%20901%2052%27%3E%3Crect%20width%3D%27901%27%20height%3D%2752%27%20fill-opacity%3D%220%22%2F%3E%3C%2Fsvg%3E\" data-srcset=\"https:\/\/orthodoxalbania.org\/2020\/wp-content\/uploads\/2020\/04\/decorend_vectorized-200x12.png 200w, https:\/\/orthodoxalbania.org\/2020\/wp-content\/uploads\/2020\/04\/decorend_vectorized-300x17.png 300w, https:\/\/orthodoxalbania.org\/2020\/wp-content\/uploads\/2020\/04\/decorend_vectorized-400x23.png 400w, https:\/\/orthodoxalbania.org\/2020\/wp-content\/uploads\/2020\/04\/decorend_vectorized-600x35.png 600w, https:\/\/orthodoxalbania.org\/2020\/wp-content\/uploads\/2020\/04\/decorend_vectorized-768x44.png 768w, https:\/\/orthodoxalbania.org\/2020\/wp-content\/uploads\/2020\/04\/decorend_vectorized-800x46.png 800w, https:\/\/orthodoxalbania.org\/2020\/wp-content\/uploads\/2020\/04\/decorend_vectorized.png 901w\" data-sizes=\"auto\" data-orig-sizes=\"(max-width: 901px) 100vw, 901px\" \/><\/h3>\n<h4 style=\"text-align: center;\"><a href=\"#kreu1\">1<\/a> <a href=\"#kreu2\">2<\/a> <a href=\"#kreu3\">3<\/a> <a href=\"#kreu4\">4<\/a> <a href=\"#kreu5\">5<\/a> <a href=\"#kreu6\">6<\/a> <a href=\"#kreu7\">7<\/a> <a href=\"#kreu8\">8<\/a> <a href=\"#kreu9\">9<\/a> <a href=\"#kreu10\">10<\/a> <a href=\"#kreu11\">11<\/a> <a href=\"#kreu12\">12<\/a> <a href=\"#kreu13\">13<\/a> <a href=\"#kreu14\">14<\/a> <a href=\"#kreu15\">15 <\/a><a href=\"#kreu16\">16<\/a> <a href=\"#kreu18\">17<\/a> <a href=\"#kreu18\">18<\/a> <a href=\"#kreu19\">19<\/a> <a href=\"#kreu20\">20 <\/a><a href=\"#kreu21\">21<\/a> <a href=\"#kreu22\">22<\/a> <a href=\"#kreu23\">23<\/a> <a href=\"#kreu24\">24<\/a> <a href=\"#kreu25\">25<\/a> <a href=\"#kreu26\">26<\/a> <a href=\"#kreu27\">27<\/a> <a href=\"#kreu28\">28<\/a><\/h4>\n<\/div><div class=\"fusion-image-element fusion-image-align-center in-legacy-container\" style=\"text-align:center;--awb-caption-title-font-family:var(--h2_typography-font-family);--awb-caption-title-font-weight:var(--h2_typography-font-weight);--awb-caption-title-font-style:var(--h2_typography-font-style);--awb-caption-title-size:var(--h2_typography-font-size);--awb-caption-title-transform:var(--h2_typography-text-transform);--awb-caption-title-line-height:var(--h2_typography-line-height);--awb-caption-title-letter-spacing:var(--h2_typography-letter-spacing);\"><div class=\"imageframe-align-center\"><span class=\" fusion-imageframe imageframe-none imageframe-5 hover-type-none\"><img decoding=\"async\" width=\"645\" height=\"85\" title=\"Decor05_vectorized\" src=\"https:\/\/orthodoxalbania.org\/2020\/wp-content\/uploads\/2020\/04\/Decor05_vectorized.png\" data-orig-src=\"https:\/\/orthodoxalbania.org\/2020\/wp-content\/uploads\/2020\/04\/Decor05_vectorized.png\" alt class=\"lazyload img-responsive wp-image-22680\" srcset=\"data:image\/svg+xml,%3Csvg%20xmlns%3D%27http%3A%2F%2Fwww.w3.org%2F2000%2Fsvg%27%20width%3D%27645%27%20height%3D%2785%27%20viewBox%3D%270%200%20645%2085%27%3E%3Crect%20width%3D%27645%27%20height%3D%2785%27%20fill-opacity%3D%220%22%2F%3E%3C%2Fsvg%3E\" data-srcset=\"https:\/\/orthodoxalbania.org\/2020\/wp-content\/uploads\/2020\/04\/Decor05_vectorized-200x26.png 200w, https:\/\/orthodoxalbania.org\/2020\/wp-content\/uploads\/2020\/04\/Decor05_vectorized-400x53.png 400w, https:\/\/orthodoxalbania.org\/2020\/wp-content\/uploads\/2020\/04\/Decor05_vectorized-600x79.png 600w, https:\/\/orthodoxalbania.org\/2020\/wp-content\/uploads\/2020\/04\/Decor05_vectorized.png 645w\" data-sizes=\"auto\" data-orig-sizes=\"(max-width: 800px) 100vw, 645px\" \/><\/span><\/div><\/div><div class=\"fusion-text fusion-text-11\"><h2 style=\"text-align: center;\"><span class=\"ez-toc-section\" id=\"-4\"><\/span><a id=\"kreu4\"><\/a>-4-<span class=\"ez-toc-section-end\"><\/span><\/h2>\n<\/div><div class=\"fusion-text fusion-text-12\"><p style=\"text-align: justify;\">1 Edhe nd\u00ebrsa ata ishin duke i folur popullit, ia beh\u00ebn mbi ta prift\u00ebrinjt\u00eb dhe kryeroja i tempullit e Saduqenjt\u00eb,<br \/>\n2 shum\u00eb t\u00eb shqet\u00ebsuar, sepse m\u00ebsonin popullin dhe shpallnin ngjalljen prej s\u00eb vdekurish me an\u00eb t\u00eb Jisuit,<br \/>\n3 edhe vun\u00eb duart mbi ata, edhe i vun\u00eb n\u00ebn ruajtje deri t\u00eb nes\u00ebrmen; sepse tashm\u00eb ishte ndaj t\u00eb ngrysur.<br \/>\n4 Edhe shum\u00eb nga ata q\u00eb d\u00ebgjuan fjal\u00ebn besuan; edhe u b\u00eb numri i njer\u00ebzve rreth pes\u00eb mij\u00eb.<br \/>\n5 Edhe t\u00eb nes\u00ebrmen u mblodh\u00ebn n\u00eb Jerusalem t\u00eb par\u00ebt e tyre dhe pleqt\u00eb e shkruesit,<br \/>\n6 edhe Ana kryeprifti e Kaiafa e Joani e Aleksandri, edhe gjith\u00eb sa ishin prej fare kryeprift\u00ebrore.<br \/>\n7 Edhe si i vun\u00eb ata n\u00eb mes, i pyesnin: Me \u00e7far\u00eb fuqie e n\u00eb em\u00ebr t\u00eb kujt e b\u00ebt\u00eb ju k\u00ebt\u00eb?<br \/>\n8 At\u00ebher\u00eb Pjetri u mbush me Frym\u00eb t\u00eb Shenjt\u00eb, e u tha atyre: O t\u00eb par\u00eb t\u00eb popullit dhe pleq t\u00eb Izraelit,<br \/>\n9 n\u00eb qoft\u00eb se ne pyetemi sot p\u00ebr nj\u00eb vep\u00ebr t\u00eb mir\u00eb q\u00eb u b\u00eb mbi nj\u00eb njeri t\u00eb s\u00ebmur\u00eb, me \u00e7far\u00eb u sh\u00ebrua ky,<br \/>\n10 le t\u00eb jet\u00eb e ditur p\u00ebr gjith\u00eb ju dhe p\u00ebr gjith\u00eb popullin e Izraelit, se n\u00eb emrin e Jisu Krisht Nazaretasit, t\u00eb cilin ju e kryq\u00ebzuat, po t\u00eb cilin Per\u00ebndia e ngjalli prej s\u00eb vdekurish, me an\u00eb t\u00eb k\u00ebtij q\u00ebndron ky tani p\u00ebrpara jush i sh\u00ebndosh\u00eb.<br \/>\n11 Ky \u00ebsht\u00eb guri q\u00eb s\u2019u p\u00ebrfill prej jush q\u00eb nd\u00ebrtoni, i cili u b\u00eb kreu i qoshes.<br \/>\n12 Edhe nuk ka shp\u00ebtim me an\u00eb t\u00eb asnj\u00eb tjetri; sepse nuk ka tjet\u00ebr em\u00ebr n\u00ebn qiell q\u00eb t\u2019u jet\u00eb dh\u00ebn\u00eb njer\u00ebzve, me an\u00eb t\u00eb t\u00eb cilit duhet t\u00eb shp\u00ebtojm\u00eb.<br \/>\n13 Edhe duke v\u00ebshtruar guximin e Pjetrit e t\u00eb Joanit, edhe duke kuptuar, se ishin njer\u00ebz t\u00eb pashkoll\u00eb e t\u00eb zakonsh\u00ebm, \u00e7uditeshin, po i njihnin se kishin qen\u00eb bashk\u00eb me Jisuin.<br \/>\n14 Edhe si shihnin njeriun e sh\u00ebruar duke ndenjur bashk\u00eb me ata, s\u2019kishin se \u00e7\u2019t\u00eb thoshin kund\u00ebr.<br \/>\n15 At\u00ebher\u00eb i urdh\u00ebruan ata t\u00eb dalin jasht\u00eb k\u00ebshillit, dhe dhan\u00eb e mor\u00ebn n\u00eb mes tyre,<br \/>\n16 duke th\u00ebn\u00eb: \u00e7\u2019t\u2019u b\u00ebjm\u00eb k\u00ebtyre njer\u00ebzve? Sepse nj\u00eb \u00e7udi e njohur u b\u00eb me an\u00eb t\u00eb tyre, kjo \u00ebsht\u00eb e dukshme p\u00ebr t\u00eb gjith\u00eb ata q\u00eb rrin\u00eb n\u00eb Jerusalem, edhe nuk mund ta mohojm\u00eb.<br \/>\n17 Po q\u00eb t\u00eb mos p\u00ebrhapet m\u00eb tep\u00ebr n\u00eb mes t\u00eb popullit, le t\u2019i k\u00ebrc\u00ebnojm\u00eb fort, q\u00eb asnj\u00eb njeriu t\u00eb mos i flasin m\u00eb p\u00ebr k\u00ebt\u00eb em\u00ebr.<br \/>\n18 Edhe i th\u00ebrrit\u00ebn e i porosit\u00ebn t\u00eb mos flasin fare, as t\u00eb mos m\u00ebsojn\u00eb n\u00eb emrin e Jisuit.<br \/>\n19 Po Pjetri e Joani iu p\u00ebrgjigj\u00ebn atyre, e u than\u00eb: N\u00eb \u00ebsht\u00eb e udh\u00ebs p\u00ebrpara Per\u00ebndis\u00eb ton\u00eb t\u2019ju d\u00ebgjojm\u00eb ju m\u00eb tep\u00ebr se Per\u00ebndin\u00eb, gjykoni.<br \/>\n20 Sepse ne nuk mund t\u00eb mos flasim p\u00ebr sa pam\u00eb e d\u00ebgjuam.<br \/>\n21 Edhe ata, si i k\u00ebrc\u00ebnuan p\u00ebrs\u00ebri, i l\u00ebshuan, sepse nuk gjenin se si t\u2019i nd\u00ebshkonin ata, p\u00ebr shkak t\u00eb popullit, sepse t\u00eb gjith\u00eb lavd\u00ebronin Per\u00ebndin\u00eb p\u00ebr at\u00eb q\u00eb u b\u00eb.<br \/>\n22 Sepse njeriu, tek i cili u b\u00eb kjo \u00e7udi e sh\u00ebrimit, ishte m\u00eb tep\u00ebr se dyzet vje\u00e7.<br \/>\n23 Edhe si u l\u00ebshuan, erdh\u00ebn tek t\u00eb tyret, dhe njoftuan p\u00ebr gjith\u00eb sa u than\u00eb atyre kryeprift\u00ebrinjt\u00eb dhe pleqt\u00eb.<br \/>\n24 Edhe ata kur d\u00ebgjuan, me nj\u00eb mendje ngrit\u00ebn z\u00ebrin te Per\u00ebndia, dhe than\u00eb: O Zot, ti je Per\u00ebndia, q\u00eb b\u00ebre qiellin dhe tok\u00ebn dhe detin, dhe gjith\u00eb sa jan\u00eb n\u00eb to;<br \/>\n25 ti q\u00eb ke th\u00ebn\u00eb me an\u00eb t\u00eb goj\u00ebs s\u00eb sh\u00ebrb\u00ebtorit t\u00ebnd David: \u201cP\u00ebrse shfryn\u00eb kombet dhe popujt menduan kot\u00ebsira?<br \/>\n26 Mbret\u00ebrit e dheut u rreshtuan p\u00ebrpara dhe prij\u00ebsit u mblodh\u00ebn bashk\u00eb kund\u00ebr Zotit, edhe kund\u00ebr Krishtit t\u00eb tij\u201d,<br \/>\n27 sepse me t\u00eb v\u00ebrtet\u00eb u mblodh\u00ebn kund\u00ebr birit t\u00ebnd t\u00eb shenjt\u00eb Jisu, t\u00eb cilin e leve me vaj, edhe Herodi, edhe Ponti Pilat bashk\u00eb me kombet e me popujt e Izraelit,<br \/>\n28 q\u00eb t\u00eb b\u00ebjn\u00eb gjith\u00eb sa dora jote dhe k\u00ebshilla jote paracaktoi t\u00eb b\u00ebhen,<br \/>\n29 dhe tani, o Zot, v\u00ebshtro n\u00eb k\u00ebrc\u00ebnimet e tyre ndaj nesh, dhe jepu sh\u00ebrb\u00ebtor\u00ebve t\u00eb tu t\u00eb flasin fjal\u00ebn t\u00ebnde me \u00e7do guxim,<br \/>\n30 duke zgjatur dor\u00ebn t\u00ebnde p\u00ebr sh\u00ebrim e q\u00eb t\u00eb b\u00ebhen shenja e \u00e7udira n\u00eb em\u00ebr t\u00eb birit t\u00ebnd t\u00eb shenjt\u00eb Jisu.<br \/>\n31 Edhe si u lut\u00ebn ata, u tund vendi ku ishin mbledhur, edhe u mbush\u00ebn q\u00eb t\u00eb gjith\u00eb me Frym\u00eb t\u00eb Shenjt\u00eb, edhe flisnin fjal\u00ebn e Per\u00ebndis\u00eb me guxim.<br \/>\n32 Edhe numri i madh i atyre q\u00eb kishin besuar ishte me nj\u00eb zem\u00ebr dhe me nj\u00eb shpirt; edhe askush nuk thoshte p\u00ebr ndonj\u00eb gj\u00eb nga pasurit\u00eb e tij se \u00ebsht\u00eb e vetja, po t\u00eb gjitha i kishin t\u00eb p\u00ebrbashk\u00ebta.<br \/>\n33 Edhe me fuqi t\u00eb madhe apostujt jepnin d\u00ebshmin\u00eb e ngjalljes s\u00eb Zotit Jisu; edhe hir i madh ishte mbi t\u00eb gjith\u00eb ata.<br \/>\n34 Sepse asnj\u00eb n\u00eb mes tyre nuk ishte n\u00eb nevoj\u00eb; sepse gjith\u00eb sa zot\u00ebronin toka a sht\u00ebpi, i shisnin dhe sillnin vler\u00ebn e atyre q\u00eb shisnin,<br \/>\n35 edhe i vinin n\u00eb k\u00ebmb\u00ebt e apostujve; edhe i jepej gjithsecilit sipas nevoj\u00ebs q\u00eb t\u00eb kishte.<br \/>\n36 Edhe Josiu, i cili prej apostujve u mbiquajt Barnaba, q\u00eb e p\u00ebrkthyer dometh\u00ebn\u00eb Bir Ngush\u00ebllimi, i cili ishte Levit qipriot nga prejardhja,<br \/>\n37 shiti nj\u00eb ar\u00eb q\u00eb kishte dhe pruri parat\u00eb e i vuri n\u00eb k\u00ebmb\u00ebt e apostujve.<\/p>\n<\/div><div class=\"fusion-text fusion-text-13\"><h3><img decoding=\"async\" class=\"lazyload size-full wp-image-22719 aligncenter\" src=\"https:\/\/orthodoxalbania.org\/2020\/wp-content\/uploads\/2020\/04\/decorend_vectorized.png\" data-orig-src=\"https:\/\/orthodoxalbania.org\/2020\/wp-content\/uploads\/2020\/04\/decorend_vectorized.png\" alt=\"\" width=\"901\" height=\"52\" srcset=\"data:image\/svg+xml,%3Csvg%20xmlns%3D%27http%3A%2F%2Fwww.w3.org%2F2000%2Fsvg%27%20width%3D%27901%27%20height%3D%2752%27%20viewBox%3D%270%200%20901%2052%27%3E%3Crect%20width%3D%27901%27%20height%3D%2752%27%20fill-opacity%3D%220%22%2F%3E%3C%2Fsvg%3E\" data-srcset=\"https:\/\/orthodoxalbania.org\/2020\/wp-content\/uploads\/2020\/04\/decorend_vectorized-200x12.png 200w, https:\/\/orthodoxalbania.org\/2020\/wp-content\/uploads\/2020\/04\/decorend_vectorized-300x17.png 300w, https:\/\/orthodoxalbania.org\/2020\/wp-content\/uploads\/2020\/04\/decorend_vectorized-400x23.png 400w, https:\/\/orthodoxalbania.org\/2020\/wp-content\/uploads\/2020\/04\/decorend_vectorized-600x35.png 600w, https:\/\/orthodoxalbania.org\/2020\/wp-content\/uploads\/2020\/04\/decorend_vectorized-768x44.png 768w, https:\/\/orthodoxalbania.org\/2020\/wp-content\/uploads\/2020\/04\/decorend_vectorized-800x46.png 800w, https:\/\/orthodoxalbania.org\/2020\/wp-content\/uploads\/2020\/04\/decorend_vectorized.png 901w\" data-sizes=\"auto\" data-orig-sizes=\"(max-width: 901px) 100vw, 901px\" \/><\/h3>\n<h4 style=\"text-align: center;\"><a href=\"#kreu1\">1<\/a> <a href=\"#kreu2\">2<\/a> <a href=\"#kreu3\">3<\/a> <a href=\"#kreu4\">4<\/a> <a href=\"#kreu5\">5<\/a> <a href=\"#kreu6\">6<\/a> <a href=\"#kreu7\">7<\/a> <a href=\"#kreu8\">8<\/a> <a href=\"#kreu9\">9<\/a> <a href=\"#kreu10\">10<\/a> <a href=\"#kreu11\">11<\/a> <a href=\"#kreu12\">12<\/a> <a href=\"#kreu13\">13<\/a> <a href=\"#kreu14\">14<\/a> <a href=\"#kreu15\">15 <\/a><a href=\"#kreu16\">16<\/a> <a href=\"#kreu18\">17<\/a> <a href=\"#kreu18\">18<\/a> <a href=\"#kreu19\">19<\/a> <a href=\"#kreu20\">20 <\/a><a href=\"#kreu21\">21<\/a> <a href=\"#kreu22\">22<\/a> <a href=\"#kreu23\">23<\/a> <a href=\"#kreu24\">24<\/a> <a href=\"#kreu25\">25<\/a> <a href=\"#kreu26\">26<\/a> <a href=\"#kreu27\">27<\/a> <a href=\"#kreu28\">28<\/a><\/h4>\n<\/div><div class=\"fusion-image-element fusion-image-align-center in-legacy-container\" style=\"text-align:center;--awb-caption-title-font-family:var(--h2_typography-font-family);--awb-caption-title-font-weight:var(--h2_typography-font-weight);--awb-caption-title-font-style:var(--h2_typography-font-style);--awb-caption-title-size:var(--h2_typography-font-size);--awb-caption-title-transform:var(--h2_typography-text-transform);--awb-caption-title-line-height:var(--h2_typography-line-height);--awb-caption-title-letter-spacing:var(--h2_typography-letter-spacing);\"><div class=\"imageframe-align-center\"><span class=\" fusion-imageframe imageframe-none imageframe-6 hover-type-none\"><img decoding=\"async\" width=\"645\" height=\"85\" title=\"Decor05_vectorized\" src=\"https:\/\/orthodoxalbania.org\/2020\/wp-content\/uploads\/2020\/04\/Decor05_vectorized.png\" data-orig-src=\"https:\/\/orthodoxalbania.org\/2020\/wp-content\/uploads\/2020\/04\/Decor05_vectorized.png\" alt class=\"lazyload img-responsive wp-image-22680\" srcset=\"data:image\/svg+xml,%3Csvg%20xmlns%3D%27http%3A%2F%2Fwww.w3.org%2F2000%2Fsvg%27%20width%3D%27645%27%20height%3D%2785%27%20viewBox%3D%270%200%20645%2085%27%3E%3Crect%20width%3D%27645%27%20height%3D%2785%27%20fill-opacity%3D%220%22%2F%3E%3C%2Fsvg%3E\" data-srcset=\"https:\/\/orthodoxalbania.org\/2020\/wp-content\/uploads\/2020\/04\/Decor05_vectorized-200x26.png 200w, https:\/\/orthodoxalbania.org\/2020\/wp-content\/uploads\/2020\/04\/Decor05_vectorized-400x53.png 400w, https:\/\/orthodoxalbania.org\/2020\/wp-content\/uploads\/2020\/04\/Decor05_vectorized-600x79.png 600w, https:\/\/orthodoxalbania.org\/2020\/wp-content\/uploads\/2020\/04\/Decor05_vectorized.png 645w\" data-sizes=\"auto\" data-orig-sizes=\"(max-width: 800px) 100vw, 645px\" \/><\/span><\/div><\/div><div class=\"fusion-text fusion-text-14\"><h2 style=\"text-align: center;\"><span class=\"ez-toc-section\" id=\"-5\"><\/span><a id=\"kreu5\"><\/a>-5-<span class=\"ez-toc-section-end\"><\/span><\/h2>\n<\/div><div class=\"fusion-text fusion-text-15\"><p style=\"text-align: justify;\">1 Po nj\u00eb burr\u00eb q\u00eb e kishte emrin Anania, bashk\u00eb me gruan e tij Safira, shiti nj\u00eb pron\u00eb;<br \/>\n2 edhe mbajti nga vlera, duke e ditur edhe gruaja e tij; edhe pruri nj\u00eb pjes\u00eb nga parat\u00eb, edhe e vuri n\u00eb k\u00ebmb\u00ebt e apostujve.<br \/>\n3 Po Pjetri tha: Anania, p\u00ebrse mbushi satanai zemr\u00ebn t\u00ebnde q\u00eb t\u00eb g\u00ebnjesh Frym\u00ebn e Shenjt\u00eb dhe t\u00eb mbash nga vlera e ar\u00ebs?<br \/>\n4 N\u00ebse mbetej e pashitur, a nuk ishte jotja? Edhe si u shit, a nuk ishte n\u00eb zot\u00ebrimin t\u00ebnd? P\u00ebrse e vure n\u00eb zem\u00ebr k\u00ebt\u00eb pun\u00eb? Nuk g\u00ebnjeve njer\u00ebz, po Per\u00ebndin\u00eb.<br \/>\n5 Edhe Anania, duke d\u00ebgjuar k\u00ebto fjal\u00eb, ra p\u00ebrdhe e dha shpirt, edhe u hyri frik\u00eb e madhe t\u00eb gjith\u00eb atyre q\u00eb i d\u00ebgjuan k\u00ebto.<br \/>\n6 Edhe m\u00eb t\u00eb rinjt\u00eb u ngrit\u00ebn, edhe e mb\u00ebshtoll\u00ebn dhe e nxor\u00ebn jasht\u00eb, edhe e varros\u00ebn.<br \/>\n7 Edhe si shkuan rreth tri or\u00eb, hyri edhe gruaja e tij pa ditur se \u00e7\u2019kishte ndodhur.<br \/>\n8 Edhe Pjetri i tha asaj: Thuam\u00eb, n\u00ebse p\u00ebr kaq e shit\u00ebt tok\u00ebn? Edhe ajo tha: Po, p\u00ebr kaq.<br \/>\n9 At\u00ebher\u00eb Pjetri i tha asaj: P\u00ebrse lidh\u00ebt fjal\u00eb t\u00eb ngisni Frym\u00ebn e Zotit? Ja n\u00eb der\u00eb jan\u00eb k\u00ebmb\u00ebt e atyre q\u00eb varros\u00ebn burrin t\u00ebnd, edhe do t\u00eb t\u00eb nxjerrin jasht\u00eb edhe ty.<br \/>\n10 Edhe menj\u00ebher\u00eb ajo ra pran\u00eb k\u00ebmb\u00ebve t\u00eb tij, e dha shpirt; edhe t\u00eb rinjt\u00eb, kur hyn\u00eb, e gjet\u00ebn t\u00eb vdekur, edhe si e nxor\u00ebn jasht\u00eb, e varros\u00ebn pran\u00eb burrit t\u00eb saj.<br \/>\n11 Edhe i hyri frik\u00eb e madhe gjith\u00eb kish\u00ebs, edhe gjith\u00eb atyre q\u00eb i d\u00ebgjonin k\u00ebto.<br \/>\n12 Edhe me an\u00eb t\u00eb duarve t\u00eb apostujve b\u00ebheshin shum\u00eb shenja e \u00e7udira n\u00eb mes t\u00eb popullit; edhe ishin me nj\u00eb zem\u00ebr t\u00eb gjith\u00eb n\u00eb portikun e Solomonit.<br \/>\n13 Edhe nga t\u00eb tjer\u00ebt asnj\u00eb s\u2019guxonte t\u00eb bashkohej me ta; por populli i madh\u00ebronte ata.<br \/>\n14 Edhe shtoheshin m\u00eb shum\u00eb duke besuar n\u00eb Zotin turma burrash e grash;<br \/>\n15 aq sa nxirrnin jasht\u00eb n\u00ebp\u00ebr rrug\u00eb t\u00eb s\u00ebmur\u00ebt, edhe i vinin mbi shtresa e mbi shtret\u00ebr, q\u00eb kur t\u00eb shkonte Pjetri t\u00eb pakt\u00ebn hija e tij t\u00eb zinte ndonj\u00eb nga ata.<br \/>\n16 Edhe mblidheshin n\u00eb Jerusalem t\u00eb gjitha qytetet p\u00ebrrreth, edhe sillnin t\u00eb s\u00ebmur\u00ebt edhe ata q\u00eb ngiteshin prej frym\u00ebsh t\u00eb ndyra, t\u00eb cil\u00ebt sh\u00ebroheshin t\u00eb gjith\u00eb.<br \/>\n17 At\u00ebher\u00eb u ngrit kryeprifti dhe gjith\u00eb ata q\u00eb ishin bashk\u00eb me t\u00eb, t\u00eb cil\u00ebt ishin sekt i Saduqenjve, edhe u mbush\u00ebn me smir\u00eb;<br \/>\n18 edhe vun\u00eb duart e tyre mbi apostujt, edhe i vun\u00eb n\u00eb burgun publik.<br \/>\n19 Po nj\u00eb engj\u00ebll i Zotit nat\u00ebn hapi dyert e burgut, edhe si i nxori jasht\u00eb, tha:<br \/>\n20 Shkoni, edhe rrini e i flisni popullit n\u00eb tempull gjith\u00eb fjal\u00ebt e k\u00ebsaj jete.<br \/>\n21 Edhe si d\u00ebgjuan, hyn\u00eb n\u00eb tempull ndaj t\u00eb gdhir\u00eb, edhe m\u00ebsonin. Po kur erdhi kryeprifti dhe ata q\u00eb ishin bashk\u00eb me t\u00eb, thirr\u00ebn kuvendin dhe gjith\u00eb pleq\u00ebsin\u00eb e bijve t\u00eb Izraelit, edhe d\u00ebrguan n\u00eb burg, q\u00eb t\u2019i sillnin ata.<br \/>\n22 Po sh\u00ebrb\u00ebtor\u00ebt, kur shkuan, nuk i gjet\u00ebn ata n\u00eb burg; edhe u kthyen e i njoftuan<br \/>\n23 duke th\u00ebn\u00eb se burgun e gjet\u00ebm t\u00eb mbyllur me \u00e7do siguri, edhe rojat duke ndenjur jasht\u00eb p\u00ebrpara dyerve; po kur e hap\u00ebm, brenda nuk gjet\u00ebm asnjeri.<br \/>\n24 Edhe kur d\u00ebgjuan k\u00ebto fjal\u00eb edhe kryeprifti i vitit, edhe kryeroja i tempullit dhe kryeprift\u00ebrinjt\u00eb, vrisnin mendjen p\u00ebr ta se si do t\u2019i b\u00ebhet k\u00ebsaj pune.<br \/>\n25 At\u00ebher\u00eb erdhi nj\u00eb njeri e i lajm\u00ebroi ata, se ata burra q\u00eb vut\u00eb n\u00eb burg ja tek jan\u00eb duke q\u00ebndruar n\u00eb tempull e po m\u00ebsojn\u00eb popullin.<br \/>\n26 At\u00ebher\u00eb shkoi kryeroja bashk\u00eb me sh\u00ebrb\u00ebtor\u00ebt e i pruri, por jo me dhun\u00eb, se kishin frik\u00eb nga populli se mos i vras\u00eb me gur\u00eb.<br \/>\n27 Edhe si i prun\u00eb, i nxor\u00ebn p\u00ebrpara k\u00ebshillit; dhe kryeprifti i pyeti ata,<br \/>\n28 duke th\u00ebn\u00eb: A nuk ju porosit\u00ebm rrept\u00ebsisht t\u00eb mos m\u00ebsoni n\u00eb k\u00ebt\u00eb em\u00ebr? Dhe ja tek mbush\u00ebt Jerusalemin me m\u00ebsimin tuaj, edhe doni t\u00eb hidhni mbi ne gjakun e k\u00ebtij njeriu.<br \/>\n29 At\u00ebher\u00eb Pjetri dhe apostujt u p\u00ebrgjigj\u00ebn e than\u00eb: Duhet t\u2019i bindemi Per\u00ebndis\u00eb m\u00eb tep\u00ebr se njer\u00ebzve.<br \/>\n30 Per\u00ebndia i et\u00ebrve tan\u00eb ngjalli Jisuin, t\u00eb cilin ju, si e var\u00ebt mbi dru, e vrat\u00eb.<br \/>\n31 K\u00ebt\u00eb Per\u00ebndia e lart\u00ebsoi me an\u00eb t\u00eb s\u00eb djatht\u00ebs s\u00eb tij, si prij\u00ebs dhe shp\u00ebtimtar, q\u00eb t\u2019i jap\u00eb pendim Izraelit dhe ndjes\u00eb m\u00ebkatesh.<br \/>\n32 Edhe ne jemi d\u00ebshmitar\u00ebt e atij p\u00ebr k\u00ebto fjal\u00eb, si edhe Fryma e Shenjt\u00eb, t\u00eb cilin Per\u00ebndia ua dha atyre q\u00eb i binden atij.<br \/>\n33 Edhe ata kur d\u00ebgjuan u t\u00ebrbuan, edhe u mor\u00ebn vesh t\u2019i vrasin.<br \/>\n34 At\u00ebher\u00eb u ngrit n\u00eb kuvend nj\u00eb Farise, q\u00eb quhej Gamaliel, m\u00ebsues i ligjit, edhe i nderuar nga i gjith\u00eb populli, edhe urdh\u00ebroi t\u2019i nxjerrin jasht\u00eb apostujt p\u00ebr nj\u00eb cop\u00eb her\u00eb.<br \/>\n35 Edhe u tha atyre: O burra Izraelit\u00eb, kujdes se \u00e7\u2018keni nd\u00ebr mend t\u2019u b\u00ebni k\u00ebtyre njer\u00ebzve.<br \/>\n36 Sepse para pak koh\u00ebsh u ngrit Tevdau, duke th\u00ebn\u00eb p\u00ebr veten e tij se \u00ebsht\u00eb dikushi, edhe iu ngjit\u00ebn pas rreth kat\u00ebrqind burra; ai u vra dhe gjith\u00eb sa i bindeshin atij u shp\u00ebrndan\u00eb; edhe u b\u00ebn\u00eb p\u00ebr asgj\u00eb.<br \/>\n37 Pas k\u00ebtij u ngrit Juda Galileasi, n\u00eb dit\u00ebt e regjistrimit t\u00eb popullsis\u00eb, edhe t\u00ebrhoqi pas vetes mjaft popull; edhe ai humbi, edhe gjith\u00eb sa iu bind\u00ebn atij u shp\u00ebrndan\u00eb.<br \/>\n38 Edhe tani po ju them juve, rrini larg nga k\u00ebta njer\u00ebz, edhe l\u00ebrini; sepse n\u00ebse kjo \u00ebsht\u00eb mendim apo veprim prej njer\u00ebzish, do t\u00eb prishet;<br \/>\n39 po n\u00eb \u00ebsht\u00eb nga Per\u00ebndia, nuk mund ta prishni at\u00eb; dhe kujdes se mos gjendeni n\u00eb luft\u00eb edhe me Per\u00ebndin\u00eb.<br \/>\n40 Edhe ata iu bind\u00ebn atij; edhe si th\u00ebrrit\u00ebn apostujt, i rrah\u00ebn e i urdh\u00ebruan t\u00eb mos flasin n\u00eb emrin e Jisuit, edhe i l\u00ebshuan.<br \/>\n41 Ata pra ik\u00ebn duke u g\u00ebzuar nga faqja e kuvendit, se u b\u00ebn\u00eb t\u00eb denj\u00eb t\u00eb \u00e7nderohen p\u00ebr emrin e atij.<br \/>\n42 Edhe p\u00ebrdit\u00eb n\u00eb tempull e n\u00ebp\u00ebr sht\u00ebpi nuk pushonin duke m\u00ebsuar e duke dh\u00ebn\u00eb lajmin e mir\u00eb p\u00ebr Jisu Krishtin.<\/p>\n<\/div><div class=\"fusion-text fusion-text-16\"><h3><img decoding=\"async\" class=\"lazyload size-full wp-image-22719 aligncenter\" src=\"https:\/\/orthodoxalbania.org\/2020\/wp-content\/uploads\/2020\/04\/decorend_vectorized.png\" data-orig-src=\"https:\/\/orthodoxalbania.org\/2020\/wp-content\/uploads\/2020\/04\/decorend_vectorized.png\" alt=\"\" width=\"901\" height=\"52\" srcset=\"data:image\/svg+xml,%3Csvg%20xmlns%3D%27http%3A%2F%2Fwww.w3.org%2F2000%2Fsvg%27%20width%3D%27901%27%20height%3D%2752%27%20viewBox%3D%270%200%20901%2052%27%3E%3Crect%20width%3D%27901%27%20height%3D%2752%27%20fill-opacity%3D%220%22%2F%3E%3C%2Fsvg%3E\" data-srcset=\"https:\/\/orthodoxalbania.org\/2020\/wp-content\/uploads\/2020\/04\/decorend_vectorized-200x12.png 200w, https:\/\/orthodoxalbania.org\/2020\/wp-content\/uploads\/2020\/04\/decorend_vectorized-300x17.png 300w, https:\/\/orthodoxalbania.org\/2020\/wp-content\/uploads\/2020\/04\/decorend_vectorized-400x23.png 400w, https:\/\/orthodoxalbania.org\/2020\/wp-content\/uploads\/2020\/04\/decorend_vectorized-600x35.png 600w, https:\/\/orthodoxalbania.org\/2020\/wp-content\/uploads\/2020\/04\/decorend_vectorized-768x44.png 768w, https:\/\/orthodoxalbania.org\/2020\/wp-content\/uploads\/2020\/04\/decorend_vectorized-800x46.png 800w, https:\/\/orthodoxalbania.org\/2020\/wp-content\/uploads\/2020\/04\/decorend_vectorized.png 901w\" data-sizes=\"auto\" data-orig-sizes=\"(max-width: 901px) 100vw, 901px\" \/><\/h3>\n<h4 style=\"text-align: center;\"><a href=\"#kreu1\">1<\/a> <a href=\"#kreu2\">2<\/a> <a href=\"#kreu3\">3<\/a> <a href=\"#kreu4\">4<\/a> <a href=\"#kreu5\">5<\/a> <a href=\"#kreu6\">6<\/a> <a href=\"#kreu7\">7<\/a> <a href=\"#kreu8\">8<\/a> <a href=\"#kreu9\">9<\/a> <a href=\"#kreu10\">10<\/a> <a href=\"#kreu11\">11<\/a> <a href=\"#kreu12\">12<\/a> <a href=\"#kreu13\">13<\/a> <a href=\"#kreu14\">14<\/a> <a href=\"#kreu15\">15 <\/a><a href=\"#kreu16\">16<\/a> <a href=\"#kreu18\">17<\/a> <a href=\"#kreu18\">18<\/a> <a href=\"#kreu19\">19<\/a> <a href=\"#kreu20\">20 <\/a><a href=\"#kreu21\">21<\/a> <a href=\"#kreu22\">22<\/a> <a href=\"#kreu23\">23<\/a> <a href=\"#kreu24\">24<\/a> <a href=\"#kreu25\">25<\/a> <a href=\"#kreu26\">26<\/a> <a href=\"#kreu27\">27<\/a> <a href=\"#kreu28\">28<\/a><\/h4>\n<\/div><div class=\"fusion-image-element fusion-image-align-center in-legacy-container\" style=\"text-align:center;--awb-caption-title-font-family:var(--h2_typography-font-family);--awb-caption-title-font-weight:var(--h2_typography-font-weight);--awb-caption-title-font-style:var(--h2_typography-font-style);--awb-caption-title-size:var(--h2_typography-font-size);--awb-caption-title-transform:var(--h2_typography-text-transform);--awb-caption-title-line-height:var(--h2_typography-line-height);--awb-caption-title-letter-spacing:var(--h2_typography-letter-spacing);\"><div class=\"imageframe-align-center\"><span class=\" fusion-imageframe imageframe-none imageframe-7 hover-type-none\"><img decoding=\"async\" width=\"645\" height=\"85\" title=\"Decor05_vectorized\" src=\"https:\/\/orthodoxalbania.org\/2020\/wp-content\/uploads\/2020\/04\/Decor05_vectorized.png\" data-orig-src=\"https:\/\/orthodoxalbania.org\/2020\/wp-content\/uploads\/2020\/04\/Decor05_vectorized.png\" alt class=\"lazyload img-responsive wp-image-22680\" srcset=\"data:image\/svg+xml,%3Csvg%20xmlns%3D%27http%3A%2F%2Fwww.w3.org%2F2000%2Fsvg%27%20width%3D%27645%27%20height%3D%2785%27%20viewBox%3D%270%200%20645%2085%27%3E%3Crect%20width%3D%27645%27%20height%3D%2785%27%20fill-opacity%3D%220%22%2F%3E%3C%2Fsvg%3E\" data-srcset=\"https:\/\/orthodoxalbania.org\/2020\/wp-content\/uploads\/2020\/04\/Decor05_vectorized-200x26.png 200w, https:\/\/orthodoxalbania.org\/2020\/wp-content\/uploads\/2020\/04\/Decor05_vectorized-400x53.png 400w, https:\/\/orthodoxalbania.org\/2020\/wp-content\/uploads\/2020\/04\/Decor05_vectorized-600x79.png 600w, https:\/\/orthodoxalbania.org\/2020\/wp-content\/uploads\/2020\/04\/Decor05_vectorized.png 645w\" data-sizes=\"auto\" data-orig-sizes=\"(max-width: 800px) 100vw, 645px\" \/><\/span><\/div><\/div><div class=\"fusion-text fusion-text-17\"><h2 style=\"text-align: center;\"><span class=\"ez-toc-section\" id=\"-6\"><\/span><a id=\"kreu6\"><\/a>-6-<span class=\"ez-toc-section-end\"><\/span><\/h2>\n<\/div><div class=\"fusion-text fusion-text-18\"><p style=\"text-align: justify;\">1 Edhe n\u00eb ato dit\u00eb kur po shumoheshin nx\u00ebn\u00ebsit, u b\u00eb nj\u00eb ankim prej Greqishtar\u00ebve kund\u00ebr Hebrenjve, se t\u00eb vejat e tyre po liheshin pas dore n\u00eb sh\u00ebrbimin e p\u00ebrditsh\u00ebm.<br \/>\n2 At\u00ebher\u00eb t\u00eb dymb\u00ebdhjet\u00ebt th\u00ebrrit\u00ebn grupin e nx\u00ebn\u00ebsve, e than\u00eb: Nuk \u00ebsht\u00eb e p\u00eblqyeshme p\u00ebr ne t\u00eb l\u00ebm\u00eb fjal\u00ebn e Per\u00ebndis\u00eb, e t\u00eb sh\u00ebrbejm\u00eb n\u00ebp\u00ebr tryezat.<br \/>\n3 Mendohuni pra, o v\u00ebllez\u00ebr, e zgjidhni prej jush shtat\u00eb burra me d\u00ebshmi t\u00eb mir\u00eb e t\u00eb mbushur me Frym\u00eb t\u00eb Shenjt\u00eb e me urt\u00ebsi, t\u00eb cil\u00ebt t\u2019i v\u00ebm\u00eb n\u00eb k\u00ebt\u00eb pun\u00eb.<br \/>\n4 Kurse ne do t\u00eb q\u00ebndrojm\u00eb n\u00eb falje e n\u00eb sh\u00ebrbes\u00ebn e fjal\u00ebs.<br \/>\n5 Edhe kjo fjal\u00eb u p\u00eblqye p\u00ebrpara t\u00eb gjith\u00eb grupit; dhe zgjodh\u00ebn Stefanin, burr\u00eb plot me besim e me Frym\u00eb t\u00eb Shenjt\u00eb, edhe Filipin e Prohorin e Nikanorin e Timonin e Parmenain, edhe Nikoll\u00ebn q\u00eb ishte prozelit nga Antiokia;<br \/>\n6 t\u00eb cil\u00ebt i vun\u00eb p\u00ebrpara apostujve; edhe pasi u lut\u00ebn, vun\u00eb duart mbi ta.<br \/>\n7 Edhe fjala e Per\u00ebndis\u00eb shtohej, edhe numri i nx\u00ebn\u00ebsve shumohej fort n\u00eb Jerusalem; edhe nj\u00eb shumic\u00eb e madhe nga prift\u00ebrinjt\u00eb d\u00ebgjonin besimin.<br \/>\n8 Edhe Stefani plot me besim e me fuqi, b\u00ebnte \u00e7udira e shenja t\u00eb m\u00ebdha n\u00eb popull.<br \/>\n9 Po u ngrit\u00ebn disa nga sinagoga q\u00eb quhet e Libertin\u00ebve, edhe e Kireneasve, edhe e Aleksandrin\u00ebve, edhe e atyre nga Kilikia e nga Azia, e diskutonin me Stefanin.<br \/>\n10 Edhe nuk mundnin t\u00eb dilnin kund\u00ebr urt\u00ebsis\u00eb edhe Frym\u00ebs, me t\u00eb cilin fliste.<br \/>\n11 At\u00ebher\u00eb vun\u00eb njer\u00ebz t\u00eb thon\u00eb se e d\u00ebgjuam duke folur fjal\u00eb blasfemie kund\u00ebr Moisiut dhe Per\u00ebndis\u00eb.<br \/>\n12 Edhe ngrit\u00ebn n\u00eb k\u00ebmb\u00eb popullin e pleqt\u00eb e shkruesit, edhe duke u hedhur mbi at\u00eb e mb\u00ebrthyen, edhe e prun\u00eb n\u00eb kuvend.<br \/>\n13 Edhe nxor\u00ebn p\u00ebrpara d\u00ebshmitar\u00eb t\u00eb rrem\u00eb, q\u00eb thoshin: Ky njeri nuk pushon s\u00eb foluri fjal\u00eb blasfemie kund\u00ebr k\u00ebtij vendi t\u00eb shenjt\u00eb, edhe kund\u00ebr ligjit.<br \/>\n14 Sepse e d\u00ebgjuam at\u00eb duke th\u00ebn\u00eb se Jisu Nazaretasi do ta prish\u00eb k\u00ebt\u00eb vend, edhe do t\u00eb nd\u00ebrroj\u00eb zakonet q\u00eb na ka l\u00ebn\u00eb Moisiu.<br \/>\n15 Edhe gjith\u00eb ata q\u00eb rrinin n\u00eb kuvend, kur hodh\u00ebn syt\u00eb tek ai, pan\u00eb fytyr\u00ebn e tij si fytyr\u00eb engj\u00eblli.<\/p>\n<\/div><div class=\"fusion-text fusion-text-19\"><h3><img decoding=\"async\" class=\"lazyload size-full wp-image-22719 aligncenter\" src=\"https:\/\/orthodoxalbania.org\/2020\/wp-content\/uploads\/2020\/04\/decorend_vectorized.png\" data-orig-src=\"https:\/\/orthodoxalbania.org\/2020\/wp-content\/uploads\/2020\/04\/decorend_vectorized.png\" alt=\"\" width=\"901\" height=\"52\" srcset=\"data:image\/svg+xml,%3Csvg%20xmlns%3D%27http%3A%2F%2Fwww.w3.org%2F2000%2Fsvg%27%20width%3D%27901%27%20height%3D%2752%27%20viewBox%3D%270%200%20901%2052%27%3E%3Crect%20width%3D%27901%27%20height%3D%2752%27%20fill-opacity%3D%220%22%2F%3E%3C%2Fsvg%3E\" data-srcset=\"https:\/\/orthodoxalbania.org\/2020\/wp-content\/uploads\/2020\/04\/decorend_vectorized-200x12.png 200w, https:\/\/orthodoxalbania.org\/2020\/wp-content\/uploads\/2020\/04\/decorend_vectorized-300x17.png 300w, https:\/\/orthodoxalbania.org\/2020\/wp-content\/uploads\/2020\/04\/decorend_vectorized-400x23.png 400w, https:\/\/orthodoxalbania.org\/2020\/wp-content\/uploads\/2020\/04\/decorend_vectorized-600x35.png 600w, https:\/\/orthodoxalbania.org\/2020\/wp-content\/uploads\/2020\/04\/decorend_vectorized-768x44.png 768w, https:\/\/orthodoxalbania.org\/2020\/wp-content\/uploads\/2020\/04\/decorend_vectorized-800x46.png 800w, https:\/\/orthodoxalbania.org\/2020\/wp-content\/uploads\/2020\/04\/decorend_vectorized.png 901w\" data-sizes=\"auto\" data-orig-sizes=\"(max-width: 901px) 100vw, 901px\" \/><\/h3>\n<h4 style=\"text-align: center;\"><a href=\"#kreu1\">1<\/a> <a href=\"#kreu2\">2<\/a> <a href=\"#kreu3\">3<\/a> <a href=\"#kreu4\">4<\/a> <a href=\"#kreu5\">5<\/a> <a href=\"#kreu6\">6<\/a> <a href=\"#kreu7\">7<\/a> <a href=\"#kreu8\">8<\/a> <a href=\"#kreu9\">9<\/a> <a href=\"#kreu10\">10<\/a> <a href=\"#kreu11\">11<\/a> <a href=\"#kreu12\">12<\/a> <a href=\"#kreu13\">13<\/a> <a href=\"#kreu14\">14<\/a> <a href=\"#kreu15\">15 <\/a><a href=\"#kreu16\">16<\/a> <a href=\"#kreu18\">17<\/a> <a href=\"#kreu18\">18<\/a> <a href=\"#kreu19\">19<\/a> <a href=\"#kreu20\">20 <\/a><a href=\"#kreu21\">21<\/a> <a href=\"#kreu22\">22<\/a> <a href=\"#kreu23\">23<\/a> <a href=\"#kreu24\">24<\/a> <a href=\"#kreu25\">25<\/a> <a href=\"#kreu26\">26<\/a> <a href=\"#kreu27\">27<\/a> <a href=\"#kreu28\">28<\/a><\/h4>\n<\/div><div class=\"fusion-image-element fusion-image-align-center in-legacy-container\" style=\"text-align:center;--awb-caption-title-font-family:var(--h2_typography-font-family);--awb-caption-title-font-weight:var(--h2_typography-font-weight);--awb-caption-title-font-style:var(--h2_typography-font-style);--awb-caption-title-size:var(--h2_typography-font-size);--awb-caption-title-transform:var(--h2_typography-text-transform);--awb-caption-title-line-height:var(--h2_typography-line-height);--awb-caption-title-letter-spacing:var(--h2_typography-letter-spacing);\"><div class=\"imageframe-align-center\"><span class=\" fusion-imageframe imageframe-none imageframe-8 hover-type-none\"><img decoding=\"async\" width=\"645\" height=\"85\" title=\"Decor05_vectorized\" src=\"https:\/\/orthodoxalbania.org\/2020\/wp-content\/uploads\/2020\/04\/Decor05_vectorized.png\" data-orig-src=\"https:\/\/orthodoxalbania.org\/2020\/wp-content\/uploads\/2020\/04\/Decor05_vectorized.png\" alt class=\"lazyload img-responsive wp-image-22680\" srcset=\"data:image\/svg+xml,%3Csvg%20xmlns%3D%27http%3A%2F%2Fwww.w3.org%2F2000%2Fsvg%27%20width%3D%27645%27%20height%3D%2785%27%20viewBox%3D%270%200%20645%2085%27%3E%3Crect%20width%3D%27645%27%20height%3D%2785%27%20fill-opacity%3D%220%22%2F%3E%3C%2Fsvg%3E\" data-srcset=\"https:\/\/orthodoxalbania.org\/2020\/wp-content\/uploads\/2020\/04\/Decor05_vectorized-200x26.png 200w, https:\/\/orthodoxalbania.org\/2020\/wp-content\/uploads\/2020\/04\/Decor05_vectorized-400x53.png 400w, https:\/\/orthodoxalbania.org\/2020\/wp-content\/uploads\/2020\/04\/Decor05_vectorized-600x79.png 600w, https:\/\/orthodoxalbania.org\/2020\/wp-content\/uploads\/2020\/04\/Decor05_vectorized.png 645w\" data-sizes=\"auto\" data-orig-sizes=\"(max-width: 800px) 100vw, 645px\" \/><\/span><\/div><\/div><div class=\"fusion-text fusion-text-20\"><h2 style=\"text-align: center;\"><span class=\"ez-toc-section\" id=\"-7\"><\/span><a id=\"kreu7\"><\/a>-7-<span class=\"ez-toc-section-end\"><\/span><\/h2>\n<\/div><div class=\"fusion-text fusion-text-21\"><p style=\"text-align: justify;\">1 At\u00ebher\u00eb kryeprifti tha: Vall\u00eb, a jan\u00eb k\u00ebto k\u00ebshtu?<br \/>\n2 Edhe ai tha: O burra v\u00ebllez\u00ebr dhe et\u00ebr, pa d\u00ebgjoni. Per\u00ebndia i lavdis\u00eb iu shfaq atit ton\u00eb Abrahamit, kur ishte n\u00eb Mesopotami, para se t\u00eb banonte n\u00eb Haran,<br \/>\n3 edhe i tha: \u201cDil prej dheut t\u00ebnd e prej farefisit t\u00ebnd, edhe eja n\u00eb at\u00eb dh\u00e9 q\u00eb do t\u00eb t\u00eb tregoj ty\u201d.<br \/>\n4 At\u00ebher\u00eb ai doli nga dheu i Kaldenjve dhe shkoi e banoi n\u00eb Haran. Edhe q\u00eb andej, pas vdekjes s\u00eb t\u00eb atit, e pruri t\u00eb banoj\u00eb n\u00eb k\u00ebt\u00eb dh\u00e9, n\u00eb t\u00eb cilin banoni ju tani.<br \/>\n5 Edhe nuk i dha atij trash\u00ebgim n\u00eb t\u00eb as nj\u00eb k\u00ebmb\u00eb dh\u00e9; po i premtoi se do t\u2019ia jap\u00eb p\u00ebr zot\u00ebrim atij, edhe far\u00ebs s\u00eb tij pas atij, ndon\u00ebse s\u2019kishte ende f\u00ebmij\u00eb.<br \/>\n6 Per\u00ebndia foli k\u00ebshtu, \u201cSe fara e atij do t\u00eb shkoj\u00eb e t\u00eb banoj\u00eb p\u00ebr nj\u00eb koh\u00eb n\u00eb dh\u00e9 t\u00eb huaj, edhe do ta b\u00ebjn\u00eb rob dhe do ta mundojn\u00eb kat\u00ebrqind vjet.<br \/>\n7 Edhe kombin, tek i cili do t\u00eb jen\u00eb rob\u00ebr do ta gjykoj un\u00eb, tha Per\u00ebndia; edhe pastaj do t\u00eb dalin e do t\u00eb m\u00eb adhurojn\u00eb n\u00eb k\u00ebt\u00eb vend\u201d.<br \/>\n8 Edhe i dha atij dhiat\u00ebn e rrethprerjes; edhe k\u00ebshtu i lindi Isaaku, edhe e rrethpreu n\u00eb t\u00eb tet\u00ebn dit\u00eb; edhe Isaakut i lindi Jakovi, edhe Jakovit t\u00eb dymb\u00ebdhjet\u00eb kryeet\u00ebrit.<br \/>\n9 Edhe kryeet\u00ebrit, pasi e kishin smir\u00eb Josifin, e shit\u00ebn n\u00eb Egjipt. Po Per\u00ebndia ishte bashk\u00eb me t\u00eb,<br \/>\n10 edhe e shp\u00ebtoi nga gjith\u00eb shtr\u00ebngimet e tij, edhe i dha hir e dituri p\u00ebrpara Faraonit, mbretit t\u00eb Egjiptit, i cili e vuri at\u00eb t\u00eb par\u00eb p\u00ebrmbi Egjiptin dhe p\u00ebrmbi gjith\u00eb sht\u00ebpin\u00eb e tij.<br \/>\n11 Edhe u b\u00eb nj\u00eb zi n\u00eb gjith\u00eb dhen\u00eb e Egjiptit e t\u00eb Kanaanit, edhe nj\u00eb shtr\u00ebngim i madh; edhe et\u00ebrit tan\u00eb nuk gjenin \u00e7\u2019t\u00eb hanin.<br \/>\n12 Po Jakovi kur d\u00ebgjoi se kishte grur\u00eb n\u00eb Egjipt, d\u00ebrgoi t\u00eb par\u00ebn her\u00eb et\u00ebrit tan\u00eb.<br \/>\n13 Edhe t\u00eb dyt\u00ebn her\u00eb Josifi u njoh nga t\u00eb v\u00ebllez\u00ebrit e tij, edhe iu b\u00eb e shfaqur Faraonit fara e Josifit.<br \/>\n14 Edhe Josifi d\u00ebrgoi e th\u00ebrriti t\u00eb atin e tij, Jakovin, edhe gjith\u00eb njer\u00ebzit e tij, shtat\u00ebdhjet\u00eb e pes\u00eb shpirt.<br \/>\n15 Edhe zbriti Jakovi n\u00eb Egjipt, dhe vdiq ai dhe et\u00ebrit tan\u00eb.<br \/>\n16 Edhe u prun\u00eb n\u00eb Sikem dhe u vun\u00eb n\u00eb at\u00eb varr q\u00eb pati bler\u00eb Abrahami me \u00e7mim argjendi prej bijve t\u00eb Emorit, t\u00eb atit t\u00eb Sikemit.<br \/>\n17 Po kur u afrua koha e premtimit p\u00ebr t\u00eb cilin i qe betuar Per\u00ebndia Abrahamit, u shtua populli dhe u shumua n\u00eb Egjipt,<br \/>\n18 derisa u ngrit nj\u00eb tjet\u00ebr mbret, i cili nuk e njihte Josifin.<br \/>\n19 Ky, duke p\u00ebrdorur dinak\u00ebri kund\u00ebr kombit ton\u00eb, i mundoi et\u00ebrit tan\u00eb, kaq sa t\u00eb hedhin foshnjat e tyre, q\u00eb t\u00eb mos mbeten t\u00eb gjall\u00eb.<br \/>\n20 N\u00eb k\u00ebt\u00eb koh\u00eb lindi Moisiu dhe kishte bukuri Per\u00ebndie; i cili u ushqye tre muaj n\u00eb sht\u00ebpin\u00eb e t\u00eb atit.<br \/>\n21 Edhe kur u hodh, e mori at\u00eb e bija e Faraonit dhe e rriti p\u00ebr bir t\u00eb saj.<br \/>\n22 Edhe Moisiu u m\u00ebsua n\u00eb gjith\u00eb diturit\u00eb e Egjiptian\u00ebve, edhe ishte i fort\u00eb n\u00eb fjal\u00eb e n\u00eb vepra.<br \/>\n23 Edhe kur po mbushte dyzet vje\u00e7, i erdhi n\u00eb zem\u00ebr t\u00eb shkoj\u00eb e t\u00eb shoh\u00eb v\u00ebllez\u00ebrit e tij, t\u00eb bijt\u00eb e Izraelit.<br \/>\n24 Edhe kur pa nj\u00eb q\u00eb po i b\u00ebhej keq, e mbrojti, edhe mori shpagim p\u00ebr at\u00eb q\u00eb mundohej, duke vrar\u00eb Egjiptianin.<br \/>\n25 Edhe pandehte se v\u00ebllez\u00ebrit e tij do t\u00eb kuptonin se Per\u00ebndia u jep atyre shp\u00ebtim me an\u00eb t\u00eb dor\u00ebs s\u00eb tij; po ata nuk kuptuan.<br \/>\n26 Edhe dit\u00ebn tjet\u00ebr u duk tek ata kur po ziheshin, edhe i nxiti n\u00eb pajtim, duke th\u00ebn\u00eb: O burra, ju jeni v\u00ebllez\u00ebr; pse i b\u00ebni keq nj\u00ebri-tjetrit?<br \/>\n27 Po ai q\u00eb i b\u00ebnte keq t\u00eb af\u00ebrmit e shtyu dhe tha: Cili t\u00eb vuri t\u00eb par\u00eb dhe gjykat\u00ebs mbi ne?<br \/>\n28 Mos do ti t\u00eb m\u00eb vras\u00ebsh, si\u00e7 vrave dje Egjiptianin?<br \/>\n29 At\u00ebher\u00eb Moisiu iku p\u00ebr k\u00ebt\u00eb fjal\u00eb, edhe ndenji i huaj n\u00eb dheun Madiam, ku i lind\u00ebn dy bij.<br \/>\n30 Edhe pasi u mbush\u00ebn dyzet vjet, iu shfaq atij n\u00eb shkret\u00ebtir\u00ebn e malit Sina nj\u00eb engj\u00ebll i Zotit n\u00eb flak\u00ebn e zjarrit t\u00eb nj\u00eb ferre.<br \/>\n31 Edhe Moisiu kur e pa, u \u00e7udit p\u00ebr pamjen; edhe tek afrohej q\u00eb t\u00eb v\u00ebshtroj\u00eb, erdhi z\u00eb prej Zotit tek ai:<br \/>\n32 \u201cUn\u00eb jam Per\u00ebndia i et\u00ebrve t\u00eb tu, Per\u00ebndia i Abrahamit dhe Per\u00ebndia i Isaakut dhe Per\u00ebndia i Jakovit\u201d. Edhe Moisiu u tremb e s\u2019guxonte t\u00eb v\u00ebshtroj\u00eb.<br \/>\n33 At\u00ebher\u00eb Zoti i tha: \u201cZgjidh sandalet e k\u00ebmb\u00ebve t\u00eb tua, sepse vendi, p\u00ebrmbi t\u00eb cilin ke ndenjur, \u00ebsht\u00eb i shenjt\u00eb.<br \/>\n34 Pash\u00eb, pash\u00eb mundimin e popullit tim n\u00eb Egjipt, edhe d\u00ebgjova r\u00ebnkimin e tyre, edhe zbrita q\u00eb t\u2019i shp\u00ebtoj; edhe tani eja, do t\u00eb t\u00eb d\u00ebrgoj n\u00eb Egjipt\u201d.<br \/>\n35 K\u00ebt\u00eb Moisi q\u00eb e mohuan, duke th\u00ebn\u00eb: Cili t\u00eb vuri t\u00eb par\u00eb dhe gjykat\u00ebs? K\u00ebt\u00eb Per\u00ebndia e d\u00ebrgoi t\u00eb par\u00eb dhe shp\u00ebrblimtar me an\u00eb t\u00eb dor\u00ebs s\u00eb engj\u00ebllit q\u00eb iu shfaq atij n\u00eb ferr\u00eb.<br \/>\n36 Ky i nxori ata, pasi b\u00ebri \u00e7udira e shenja n\u00eb dheun e Egjiptit e n\u00eb Detin e Kuq dhe n\u00eb shkret\u00ebtir\u00eb dyzet vjet.<br \/>\n37 Ky \u00ebsht\u00eb Moisiu q\u00eb u tha bijve t\u00eb Izraelit: \u201cZoti Per\u00ebndia juaj do t\u2019ju ngrej\u00eb ju prej v\u00ebllez\u00ebrve tuaj nj\u00eb profet si un\u00eb; at\u00eb t\u00eb d\u00ebgjoni\u201d.<br \/>\n38 Ky \u00ebsht\u00eb ai q\u00eb qe n\u00eb bashk\u00ebmbledhjen n\u00eb shkret\u00ebtir\u00eb me engj\u00ebllin, q\u00eb i fliste atij n\u00eb malin Sina, edhe me et\u00ebrit tan\u00eb, i cili priti fjal\u00eb t\u00eb gjalla, p\u00ebr t\u00eb na i dh\u00ebn\u00eb neve.<br \/>\n39 Et\u00ebrit tan\u00eb nuk desh\u00ebn ta d\u00ebgjojn\u00eb, po e hodh\u00ebn tej, edhe me zemrat e tyre u kthyen n\u00eb Egjipt,<br \/>\n40 duke i th\u00ebn\u00eb Aronit: \u201cB\u00ebna per\u00ebndi, t\u00eb cil\u00ebt t\u00eb ecin p\u00ebrpara nesh; sepse k\u00ebtij Moisiut, q\u00eb na nxori nga dheu i Egjiptit, nuk dim\u00eb se \u00e7\u2019i ngjau\u201d.<br \/>\n41 Edhe b\u00ebn\u00eb nj\u00eb vi\u00e7 n\u00eb ato dit\u00eb, edhe i prun\u00eb theror idhullit, edhe g\u00ebzoheshin p\u00ebr pun\u00ebt e duarve t\u00eb tyre.<br \/>\n42 At\u00ebher\u00eb Per\u00ebndia u kthye dhe i la t\u00eb adhurojn\u00eb ushtrin\u00eb e qiellit, si\u00e7 \u00ebsht\u00eb shkruar n\u00eb librin e profet\u00ebve: \u201cMos m\u00eb prut\u00eb mua t\u00eb therura dhe flijime n\u00eb shkret\u00ebtir\u00eb dyzet vjet, o sht\u00ebpi e Izraelit?<br \/>\n43 Po ngrit\u00ebt lart tend\u00ebn e Molokut dhe yllin e per\u00ebndis\u00eb suaj Remfan, sh\u00ebmb\u00eblltyrat q\u00eb b\u00ebt\u00eb p\u00ebr t\u2019ju falur atyre; prandaj do t\u2019ju ngre e do t\u2019ju \u00e7oj p\u00ebrtej Babilon\u00ebs\u201d.<br \/>\n44 Tenda e d\u00ebshmis\u00eb ishte nd\u00ebr et\u00ebrit tan\u00eb n\u00eb shkret\u00ebtir\u00eb, si\u00e7 urdh\u00ebroi ai q\u00eb i fliste Moisiut, ta b\u00ebj\u00eb at\u00eb sipas sh\u00ebmb\u00eblles\u00ebs q\u00eb kishte par\u00eb.<br \/>\n45 K\u00ebt\u00eb e mor\u00ebn et\u00ebrit tan\u00eb me vete dhe bashk\u00eb me Jisuin e Naviut e prun\u00eb n\u00eb dheun e kombeve, t\u00eb cil\u00ebt Per\u00ebndia i p\u00ebrzuri prej faqes s\u00eb et\u00ebrve tan\u00eb, deri n\u00eb dit\u00ebt e Davidit,<br \/>\n46 i cili gjeti hir p\u00ebrpara Per\u00ebndis\u00eb, edhe k\u00ebrkoi t\u00eb gjej\u00eb banes\u00eb p\u00ebr Per\u00ebndin\u00eb e Jakovit.<br \/>\n47 Edhe Solomoni i nd\u00ebrtoi atij sht\u00ebpi.<br \/>\n48 Po i Larti nuk rri n\u00eb tempuj q\u00eb b\u00ebhen me dor\u00eb, si\u00e7 thot\u00eb profeti:<br \/>\n49 \u201cQielli \u00ebsht\u00eb froni im, edhe dheu n\u00ebnk\u00ebmb\u00ebse e k\u00ebmb\u00ebve t\u00eb mia; \u00e7far\u00eb sht\u00ebpie do t\u00eb nd\u00ebrtoni p\u00ebr mua? thot\u00eb Zoti; ose cili \u00ebsht\u00eb vendi i prehjes sime?<br \/>\n50 A nuk i ka b\u00ebr\u00eb dora ime k\u00ebto t\u00eb gjitha?\u201d<br \/>\n51 O zverkashp\u00ebr dhe t\u00eb parrethprer\u00eb n\u00eb zem\u00ebr e n\u00eb vesh\u00eb, ju gjithnj\u00eb i rrini kund\u00ebr Frym\u00ebs s\u00eb Shenjt\u00eb; si et\u00ebrit tuaj, k\u00ebshtu edhe ju.<br \/>\n52 Cilin nga profet\u00ebt nuk p\u00ebrndoq\u00ebn et\u00ebrit tuaj? Po edhe i vran\u00eb ata q\u00eb paralajm\u00ebruan p\u00ebr ardhjen e t\u00eb Drejtit, t\u00eb cilit ju tani iu b\u00ebt\u00eb tradhtar\u00eb e vras\u00ebs,<br \/>\n53 ju q\u00eb mor\u00ebt ligjin prej porosive t\u00eb engj\u00ebjve dhe nuk e ruajt\u00ebt.<br \/>\n54 Edhe ata kur d\u00ebgjonin k\u00ebto, u t\u00ebrbuan n\u00eb zemrat e tyre, edhe k\u00ebrc\u00ebllonin dh\u00ebmb\u00ebt kund\u00ebr tij.<br \/>\n55 Po ai, q\u00eb ishte plot me Frym\u00eb t\u00eb Shenjt\u00eb, hodhi syt\u00eb n\u00eb qiell, e pa lavdin\u00eb e Per\u00ebndis\u00eb, edhe Jisuin duke ndenjur nga e djathta e Per\u00ebndis\u00eb,<br \/>\n56 edhe tha: Ja tek po shoh qiejt t\u00eb hapur dhe t\u00eb Birin e njeriut duke ndenjur nga e djathta e Per\u00ebndis\u00eb.<br \/>\n57 At\u00ebher\u00eb ata b\u00ebrtit\u00ebn me z\u00eb t\u00eb madh, e zun\u00eb vesh\u00ebt e tyre, edhe me nj\u00eb mendje u v\u00ebrsul\u00ebn mbi t\u00eb.<br \/>\n58 Edhe pasi e nxor\u00ebn jasht\u00eb qytetit, e q\u00ebllonin me gur\u00eb. Dhe d\u00ebshmitar\u00ebt lan\u00eb rrobat e tyre pran\u00eb k\u00ebmb\u00ebve t\u00eb nj\u00eb djaloshi q\u00eb quhej Saul.<br \/>\n59 Edhe q\u00ebllonin Stefanin me gur\u00eb tek lutej e thoshte: O Zoti Jisu, prano shpirtin tim.<br \/>\n60 Edhe si u ul n\u00eb gjunj\u00eb, thirri me z\u00eb t\u00eb madh: O Zot, mos ua z\u00ebr atyre k\u00ebt\u00eb m\u00ebkat; edhe duke th\u00ebn\u00eb k\u00ebt\u00eb fjeti.<\/p>\n<\/div><div class=\"fusion-text fusion-text-22\"><h3><img decoding=\"async\" class=\"lazyload size-full wp-image-22719 aligncenter\" src=\"https:\/\/orthodoxalbania.org\/2020\/wp-content\/uploads\/2020\/04\/decorend_vectorized.png\" data-orig-src=\"https:\/\/orthodoxalbania.org\/2020\/wp-content\/uploads\/2020\/04\/decorend_vectorized.png\" alt=\"\" width=\"901\" height=\"52\" srcset=\"data:image\/svg+xml,%3Csvg%20xmlns%3D%27http%3A%2F%2Fwww.w3.org%2F2000%2Fsvg%27%20width%3D%27901%27%20height%3D%2752%27%20viewBox%3D%270%200%20901%2052%27%3E%3Crect%20width%3D%27901%27%20height%3D%2752%27%20fill-opacity%3D%220%22%2F%3E%3C%2Fsvg%3E\" data-srcset=\"https:\/\/orthodoxalbania.org\/2020\/wp-content\/uploads\/2020\/04\/decorend_vectorized-200x12.png 200w, https:\/\/orthodoxalbania.org\/2020\/wp-content\/uploads\/2020\/04\/decorend_vectorized-300x17.png 300w, https:\/\/orthodoxalbania.org\/2020\/wp-content\/uploads\/2020\/04\/decorend_vectorized-400x23.png 400w, https:\/\/orthodoxalbania.org\/2020\/wp-content\/uploads\/2020\/04\/decorend_vectorized-600x35.png 600w, https:\/\/orthodoxalbania.org\/2020\/wp-content\/uploads\/2020\/04\/decorend_vectorized-768x44.png 768w, https:\/\/orthodoxalbania.org\/2020\/wp-content\/uploads\/2020\/04\/decorend_vectorized-800x46.png 800w, https:\/\/orthodoxalbania.org\/2020\/wp-content\/uploads\/2020\/04\/decorend_vectorized.png 901w\" data-sizes=\"auto\" data-orig-sizes=\"(max-width: 901px) 100vw, 901px\" \/><\/h3>\n<h4 style=\"text-align: center;\"><a href=\"#kreu1\">1<\/a> <a href=\"#kreu2\">2<\/a> <a href=\"#kreu3\">3<\/a> <a href=\"#kreu4\">4<\/a> <a href=\"#kreu5\">5<\/a> <a href=\"#kreu6\">6<\/a> <a href=\"#kreu7\">7<\/a> <a href=\"#kreu8\">8<\/a> <a href=\"#kreu9\">9<\/a> <a href=\"#kreu10\">10<\/a> <a href=\"#kreu11\">11<\/a> <a href=\"#kreu12\">12<\/a> <a href=\"#kreu13\">13<\/a> <a href=\"#kreu14\">14<\/a> <a href=\"#kreu15\">15 <\/a><a href=\"#kreu16\">16<\/a> <a href=\"#kreu18\">17<\/a> <a href=\"#kreu18\">18<\/a> <a href=\"#kreu19\">19<\/a> <a href=\"#kreu20\">20 <\/a><a href=\"#kreu21\">21<\/a> <a href=\"#kreu22\">22<\/a> <a href=\"#kreu23\">23<\/a> <a href=\"#kreu24\">24<\/a> <a href=\"#kreu25\">25<\/a> <a href=\"#kreu26\">26<\/a> <a href=\"#kreu27\">27<\/a> <a href=\"#kreu28\">28<\/a><\/h4>\n<\/div><div class=\"fusion-image-element fusion-image-align-center in-legacy-container\" style=\"text-align:center;--awb-caption-title-font-family:var(--h2_typography-font-family);--awb-caption-title-font-weight:var(--h2_typography-font-weight);--awb-caption-title-font-style:var(--h2_typography-font-style);--awb-caption-title-size:var(--h2_typography-font-size);--awb-caption-title-transform:var(--h2_typography-text-transform);--awb-caption-title-line-height:var(--h2_typography-line-height);--awb-caption-title-letter-spacing:var(--h2_typography-letter-spacing);\"><div class=\"imageframe-align-center\"><span class=\" fusion-imageframe imageframe-none imageframe-9 hover-type-none\"><img decoding=\"async\" width=\"645\" height=\"85\" title=\"Decor05_vectorized\" src=\"https:\/\/orthodoxalbania.org\/2020\/wp-content\/uploads\/2020\/04\/Decor05_vectorized.png\" data-orig-src=\"https:\/\/orthodoxalbania.org\/2020\/wp-content\/uploads\/2020\/04\/Decor05_vectorized.png\" alt class=\"lazyload img-responsive wp-image-22680\" srcset=\"data:image\/svg+xml,%3Csvg%20xmlns%3D%27http%3A%2F%2Fwww.w3.org%2F2000%2Fsvg%27%20width%3D%27645%27%20height%3D%2785%27%20viewBox%3D%270%200%20645%2085%27%3E%3Crect%20width%3D%27645%27%20height%3D%2785%27%20fill-opacity%3D%220%22%2F%3E%3C%2Fsvg%3E\" data-srcset=\"https:\/\/orthodoxalbania.org\/2020\/wp-content\/uploads\/2020\/04\/Decor05_vectorized-200x26.png 200w, https:\/\/orthodoxalbania.org\/2020\/wp-content\/uploads\/2020\/04\/Decor05_vectorized-400x53.png 400w, https:\/\/orthodoxalbania.org\/2020\/wp-content\/uploads\/2020\/04\/Decor05_vectorized-600x79.png 600w, https:\/\/orthodoxalbania.org\/2020\/wp-content\/uploads\/2020\/04\/Decor05_vectorized.png 645w\" data-sizes=\"auto\" data-orig-sizes=\"(max-width: 800px) 100vw, 645px\" \/><\/span><\/div><\/div><div class=\"fusion-text fusion-text-23\"><h2 style=\"text-align: center;\"><span class=\"ez-toc-section\" id=\"-8\"><\/span><a id=\"kreu8\"><\/a>-8-<span class=\"ez-toc-section-end\"><\/span><\/h2>\n<\/div><div class=\"fusion-text fusion-text-24\"><p style=\"text-align: justify;\">1 Edhe Sauli e miratonte vrasjen e tij. Edhe at\u00eb dit\u00eb u b\u00eb nj\u00eb p\u00ebrndjekje e madhe kund\u00ebr kish\u00ebs q\u00eb ishte n\u00eb Jerusalem. Edhe t\u00eb gjith\u00eb u shp\u00ebrndan\u00eb n\u00ebp\u00ebr vendet e Judes\u00eb e t\u00eb Samaris\u00eb, p\u00ebrve\u00e7 apostujve.<br \/>\n2 Edhe disa burra bes\u00ebtar\u00eb e ngrit\u00ebn Stefanin, edhe b\u00ebn\u00eb vajtim t\u00eb madh mbi t\u00eb.<br \/>\n3 Edhe Sauli kryente bastisje ndaj kish\u00ebs, duke hyr\u00eb n\u00ebp\u00ebr sht\u00ebpit\u00eb, e duke hequr zvarr\u00eb burra e gra i hidhte n\u00eb burg.<br \/>\n4 Ata pra q\u00eb u shp\u00ebrndan\u00eb p\u00ebrshkuan vendin, duke ungjill\u00ebzuar fjal\u00ebn.<br \/>\n5 Edhe Filipi zbriti n\u00eb qytetin e Samaris\u00eb e u predikonte atyre Krishtin.<br \/>\n6 Edhe turmat me nj\u00eb zem\u00ebr u vinin veshin atyre q\u00eb thoshte Filipi, sepse d\u00ebgjonin e shihnin \u00e7udit\u00eb q\u00eb b\u00ebnte.<br \/>\n7 Sepse prej shum\u00eb vetash q\u00eb kishin frym\u00eb t\u00eb ndyra dilnin k\u00ebto duke th\u00ebrritur me z\u00eb t\u00eb madh; edhe shum\u00eb t\u00eb paralizuar e t\u00eb \u00e7al\u00eb u sh\u00ebruan.<br \/>\n8 Edhe u b\u00eb g\u00ebzim i madh n\u00eb at\u00eb qytet.<br \/>\n9 Edhe ishte prej koh\u00ebsh n\u00eb at\u00eb qytet nj\u00eb njeri q\u00eb quhej Simon, i cili b\u00ebnte magji dhe e linte pa mend popullin e Samaris\u00eb, duke th\u00ebn\u00eb p\u00ebr veten e tij se \u00ebsht\u00eb nj\u00eb njeri i madh,<br \/>\n10 t\u00eb cilit t\u00eb gjith\u00eb, i madh e i vog\u00ebl, i vinin veshin, e thoshin: Ky \u00ebsht\u00eb fuqia e madhe e Per\u00ebndis\u00eb.<br \/>\n11 Edhe i vinin veshin, sepse mjaft koh\u00eb i kishte l\u00ebn\u00eb pa mend me magjit\u00eb.<br \/>\n12 Po kur i besuan Filipit q\u00eb jepte lajmin e mir\u00eb p\u00ebr pun\u00ebt e mbret\u00ebris\u00eb s\u00eb Per\u00ebndis\u00eb dhe p\u00ebr emrin e Jisu Krishtit, pag\u00ebzoheshin burra e gra.<br \/>\n13 Po edhe Simoni vet\u00eb besoi, edhe si u pag\u00ebzua, rrinte bashk\u00eb me Filipin, edhe duke par\u00eb se b\u00ebheshin \u00e7udira t\u00eb m\u00ebdha mahnitej.<br \/>\n14 Edhe apostujt q\u00eb ishin n\u00eb Jerusalem, kur d\u00ebgjuan se Samaria e pranoi fjal\u00ebn e Per\u00ebndis\u00eb, d\u00ebrguan tek ata Pjetrin dhe Joanin,<br \/>\n15 t\u00eb cil\u00ebt zbrit\u00ebn e u lut\u00ebn p\u00ebr ata, q\u00eb t\u00eb marrin Frym\u00eb t\u00eb Shenjt\u00eb,<br \/>\n16 sepse ende s\u2019kishte zbritur as mbi ndonj\u00eb nga ata, po vet\u00ebm ishin pag\u00ebzuar n\u00eb emrin e Zotit Jisu.<br \/>\n17 At\u00ebher\u00eb vinin duart mbi ata dhe merrnin Frym\u00eb t\u00eb Shenjt\u00eb.<br \/>\n18 Edhe Simoni kur pa se me v\u00ebnien e duarve t\u00eb apostujve jepet Fryma e Shenjt\u00eb, u pruri atyre par\u00e1,<br \/>\n19 duke th\u00ebn\u00eb: Jepmani dhe mua k\u00ebt\u00eb pushtet, q\u00eb mbi cilindo q\u00eb t\u00eb v\u00eb duart, t\u00eb marr\u00eb Frym\u00eb t\u00eb Shenjt\u00eb.<br \/>\n20 Po Pjetri i tha atij: Argjendi yt humbt\u00eb bashk\u00eb me ty, sepse pandehe se dhurata e Per\u00ebndis\u00eb fitohet me par\u00e1.<br \/>\n21 Ti s\u2019ke pjes\u00eb as short n\u00eb k\u00ebt\u00eb fjal\u00eb; sepse zemra jote s\u2019\u00ebsht\u00eb e drejt\u00eb p\u00ebrpara Per\u00ebndis\u00eb.<br \/>\n22 Pendohu pra nga kjo lig\u00ebsia jote, edhe lutju Per\u00ebndis\u00eb, mbase t\u00eb ndjehet kjo shpikje e zemr\u00ebs sate;<br \/>\n23 sepse po t\u00eb shoh se je n\u00eb vrer hidh\u00ebrimi dhe n\u00eb lidhje paudh\u00ebsie.<br \/>\n24 At\u00ebher\u00eb Simoni u p\u00ebrgjigj e tha: Lutjuni ju Zotit p\u00ebr mua, q\u00eb t\u00eb mos vij\u00eb mbi mua asnj\u00eb nga ato q\u00eb that\u00eb.<br \/>\n25 Ata pra, pasi dhan\u00eb d\u00ebshmi dhe fol\u00ebn fjal\u00ebn e Zotit, u kthyen n\u00eb Jerusalem, edhe dhan\u00eb lajmin e mir\u00eb n\u00ebp\u00ebr shum\u00eb fshatra t\u00eb Samaritan\u00ebve.<br \/>\n26 Edhe nj\u00eb engj\u00ebll i Zotit i foli Filipit duke th\u00ebn\u00eb: Ngrihu e shko nga jugu, n\u00eb rrug\u00ebn q\u00eb zbret prej Jerusalemit n\u00eb Gaz\u00eb. Kjo \u00ebsht\u00eb shkret\u00ebtir\u00eb.<br \/>\n27 Edhe ai u ngrit e shkoi. Edhe ja nj\u00eb njeri, Etiopian, eunuk, ofiqar i lart\u00eb i Kandak\u00ebs, mbret\u00ebresh\u00ebs s\u00eb Etiopian\u00ebve, i cili ishte mbi gjith\u00eb thesaret e saj; ky kishte ardhur q\u00eb t\u00eb falet n\u00eb Jerusalem.<br \/>\n28 Edhe n\u00eb kthim, duke ndenjur mbi qerren e tij, po lexonte profetin Isaia.<br \/>\n29 Edhe Fryma i tha Filipit: Afrohu e ngjitju k\u00ebsaj qerreje.<br \/>\n30 Edhe Filipi shkoi me vrap af\u00ebr, e d\u00ebgjoi at\u00eb duke lexuar profetin Isaia, edhe tha: A i kupton vall\u00eb ato q\u00eb lexon?<br \/>\n31 Edhe ai tha: E si mundem, n\u00eb mos m\u00eb udh\u00ebzoft\u00eb njeri? Edhe iu lut Filipit t\u00eb hip\u00eb e t\u00eb rrij\u00eb bashk\u00eb me t\u00eb.<br \/>\n32 Edhe pjesa e shkrimit q\u00eb po lexonte ishte kjo: \u201cU pru si dele p\u00ebr therje, edhe si qengj pa z\u00eb p\u00ebrpara atij q\u00eb e qeth, k\u00ebshtu nuk hap goj\u00ebn e tij.<br \/>\n33 N\u00eb p\u00ebruljen e tij u ngrit gjyqi i tij; edhe brezin e tij kush do ta tregoj\u00eb? Sepse ngrihet prej dheut jeta e tij\u201d.<br \/>\n34 Edhe eunuku u p\u00ebrgjigj e i tha Filipit: T\u00eb lutem, p\u00ebr cilin e thot\u00eb profeti k\u00ebt\u00eb? P\u00ebr veten e tij, apo p\u00ebr ndonj\u00eb tjet\u00ebr?<br \/>\n35 At\u00ebher\u00eb Filipi hapi goj\u00ebn e tij, edhe duke u nisur nga ky shkrim i dha atij lajmin e mir\u00eb p\u00ebr Jisuin.<br \/>\n36 Edhe tek po ecnin udh\u00ebs, erdh\u00ebn pran\u00eb nj\u00eb uji; edhe eunuku thot\u00eb: Ja uj\u00eb, \u00e7far\u00eb m\u00eb ndalon t\u00eb pag\u00ebzohem? Edhe Filipi i tha: N\u00eb beson me gjith\u00eb zem\u00ebr, mundesh.<br \/>\n37 Edhe ai u p\u00ebrgjigj e tha: Besoj se Jisu Krishti \u00ebsht\u00eb i Biri i Per\u00ebndis\u00eb.<br \/>\n38 Edhe urdh\u00ebroi t\u00eb q\u00ebndroj\u00eb qerrja; edhe zbrit\u00ebn t\u00eb dy n\u00eb uj\u00eb, Filipi dhe eunuku; edhe e pag\u00ebzoi.<br \/>\n39 Edhe kur dol\u00ebn nga uji, Fryma e Zotit rr\u00ebmbeu Filipin dhe eunuku s\u2019e pa m\u00eb, por shkonte udh\u00ebs s\u00eb tij duke u g\u00ebzuar.<br \/>\n40 Edhe Filipi u gjend n\u00eb Azot, edhe duke shkuar jepte lajmin e mir\u00eb n\u00ebp\u00ebr gjith\u00eb qytetet, derisa erdhi n\u00eb Qesari.<\/p>\n<\/div><div class=\"fusion-text fusion-text-25\"><h3><img decoding=\"async\" class=\"lazyload size-full wp-image-22719 aligncenter\" src=\"https:\/\/orthodoxalbania.org\/2020\/wp-content\/uploads\/2020\/04\/decorend_vectorized.png\" data-orig-src=\"https:\/\/orthodoxalbania.org\/2020\/wp-content\/uploads\/2020\/04\/decorend_vectorized.png\" alt=\"\" width=\"901\" height=\"52\" srcset=\"data:image\/svg+xml,%3Csvg%20xmlns%3D%27http%3A%2F%2Fwww.w3.org%2F2000%2Fsvg%27%20width%3D%27901%27%20height%3D%2752%27%20viewBox%3D%270%200%20901%2052%27%3E%3Crect%20width%3D%27901%27%20height%3D%2752%27%20fill-opacity%3D%220%22%2F%3E%3C%2Fsvg%3E\" data-srcset=\"https:\/\/orthodoxalbania.org\/2020\/wp-content\/uploads\/2020\/04\/decorend_vectorized-200x12.png 200w, https:\/\/orthodoxalbania.org\/2020\/wp-content\/uploads\/2020\/04\/decorend_vectorized-300x17.png 300w, https:\/\/orthodoxalbania.org\/2020\/wp-content\/uploads\/2020\/04\/decorend_vectorized-400x23.png 400w, https:\/\/orthodoxalbania.org\/2020\/wp-content\/uploads\/2020\/04\/decorend_vectorized-600x35.png 600w, https:\/\/orthodoxalbania.org\/2020\/wp-content\/uploads\/2020\/04\/decorend_vectorized-768x44.png 768w, https:\/\/orthodoxalbania.org\/2020\/wp-content\/uploads\/2020\/04\/decorend_vectorized-800x46.png 800w, https:\/\/orthodoxalbania.org\/2020\/wp-content\/uploads\/2020\/04\/decorend_vectorized.png 901w\" data-sizes=\"auto\" data-orig-sizes=\"(max-width: 901px) 100vw, 901px\" \/><\/h3>\n<h4 style=\"text-align: center;\"><a href=\"#kreu1\">1<\/a> <a href=\"#kreu2\">2<\/a> <a href=\"#kreu3\">3<\/a> <a href=\"#kreu4\">4<\/a> <a href=\"#kreu5\">5<\/a> <a href=\"#kreu6\">6<\/a> <a href=\"#kreu7\">7<\/a> <a href=\"#kreu8\">8<\/a> <a href=\"#kreu9\">9<\/a> <a href=\"#kreu10\">10<\/a> <a href=\"#kreu11\">11<\/a> <a href=\"#kreu12\">12<\/a> <a href=\"#kreu13\">13<\/a> <a href=\"#kreu14\">14<\/a> <a href=\"#kreu15\">15 <\/a><a href=\"#kreu16\">16<\/a> <a href=\"#kreu18\">17<\/a> <a href=\"#kreu18\">18<\/a> <a href=\"#kreu19\">19<\/a> <a href=\"#kreu20\">20 <\/a><a href=\"#kreu21\">21<\/a> <a href=\"#kreu22\">22<\/a> <a href=\"#kreu23\">23<\/a> <a href=\"#kreu24\">24<\/a> <a href=\"#kreu25\">25<\/a> <a href=\"#kreu26\">26<\/a> <a href=\"#kreu27\">27<\/a> <a href=\"#kreu28\">28<\/a><\/h4>\n<\/div><div class=\"fusion-image-element fusion-image-align-center in-legacy-container\" style=\"text-align:center;--awb-caption-title-font-family:var(--h2_typography-font-family);--awb-caption-title-font-weight:var(--h2_typography-font-weight);--awb-caption-title-font-style:var(--h2_typography-font-style);--awb-caption-title-size:var(--h2_typography-font-size);--awb-caption-title-transform:var(--h2_typography-text-transform);--awb-caption-title-line-height:var(--h2_typography-line-height);--awb-caption-title-letter-spacing:var(--h2_typography-letter-spacing);\"><div class=\"imageframe-align-center\"><span class=\" fusion-imageframe imageframe-none imageframe-10 hover-type-none\"><img decoding=\"async\" width=\"645\" height=\"85\" title=\"Decor05_vectorized\" src=\"https:\/\/orthodoxalbania.org\/2020\/wp-content\/uploads\/2020\/04\/Decor05_vectorized.png\" data-orig-src=\"https:\/\/orthodoxalbania.org\/2020\/wp-content\/uploads\/2020\/04\/Decor05_vectorized.png\" alt class=\"lazyload img-responsive wp-image-22680\" srcset=\"data:image\/svg+xml,%3Csvg%20xmlns%3D%27http%3A%2F%2Fwww.w3.org%2F2000%2Fsvg%27%20width%3D%27645%27%20height%3D%2785%27%20viewBox%3D%270%200%20645%2085%27%3E%3Crect%20width%3D%27645%27%20height%3D%2785%27%20fill-opacity%3D%220%22%2F%3E%3C%2Fsvg%3E\" data-srcset=\"https:\/\/orthodoxalbania.org\/2020\/wp-content\/uploads\/2020\/04\/Decor05_vectorized-200x26.png 200w, https:\/\/orthodoxalbania.org\/2020\/wp-content\/uploads\/2020\/04\/Decor05_vectorized-400x53.png 400w, https:\/\/orthodoxalbania.org\/2020\/wp-content\/uploads\/2020\/04\/Decor05_vectorized-600x79.png 600w, https:\/\/orthodoxalbania.org\/2020\/wp-content\/uploads\/2020\/04\/Decor05_vectorized.png 645w\" data-sizes=\"auto\" data-orig-sizes=\"(max-width: 800px) 100vw, 645px\" \/><\/span><\/div><\/div><div class=\"fusion-text fusion-text-26\"><h2 style=\"text-align: center;\"><span class=\"ez-toc-section\" id=\"-9\"><\/span><a id=\"kreu9\"><\/a>-9-<span class=\"ez-toc-section-end\"><\/span><\/h2>\n<\/div><div class=\"fusion-text fusion-text-27\"><p style=\"text-align: justify;\">1 Edhe Sauli, ende duke shfryr\u00eb k\u00ebrc\u00ebnime e vrasje kund\u00ebr nx\u00ebn\u00ebsve t\u00eb Zotit, erdhi te kryeprifti,<br \/>\n2 edhe k\u00ebrkoi prej atij letra p\u00ebr sinagogat n\u00eb Damask, q\u00eb n\u00ebse gjen disa q\u00eb jan\u00eb t\u00eb k\u00ebsaj udhe, burra a gra, t\u2019i sjell\u00eb lidhur n\u00eb Jerusalem.<br \/>\n3 Edhe duke shkuar, tek afrohej n\u00eb Damask, papandehur vet\u00ebtiu rreth tij nj\u00eb drit\u00eb prej qiellit.<br \/>\n4 Edhe ai si ra p\u00ebrdhe, d\u00ebgjoi nj\u00eb z\u00eb q\u00eb i thoshte atij: Saul, Saul, pse m\u00eb p\u00ebrndjek?<br \/>\n5 Edhe ai tha: Cili je ti, o Zot? Edhe Zoti tha: Un\u00eb jam Jisui q\u00eb ti p\u00ebrndjek. \u00cbsht\u00eb keq p\u00ebr ty t\u2019u biesh thumbave me shkelma.<br \/>\n6 Edhe ai duke u dridhur e duke u habitur tha: Zot, \u00e7\u2019do q\u00eb t\u00eb b\u00ebj un\u00eb? Edhe Zoti i tha: Ngrihu e hyr n\u00eb qytet, edhe do t\u00eb t\u00eb thuhet \u00e7\u2019duhet t\u00eb b\u00ebsh.<br \/>\n7 Edhe burrat q\u00eb udh\u00ebtonin bashk\u00eb me t\u00eb, rrinin t\u00eb habitur, sepse z\u00ebrin e d\u00ebgjonin, po asnj\u00eb nuk shihnin.<br \/>\n8 Edhe Sauli u ngrit nga dheu, dhe ndon\u00ebse i kishte syt\u00eb t\u00eb hapur, nuk shihte asnj\u00eb; edhe duke e hequr at\u00eb prej dore, e prun\u00eb n\u00eb Damask.<br \/>\n9 Edhe tri dit\u00eb nuk shihte; edhe as h\u00ebngri, as piu.<br \/>\n10 Edhe ishte n\u00eb Damask nj\u00eb nx\u00ebn\u00ebs q\u00eb quhej Anania, edhe Zoti i tha n\u00eb \u00ebnd\u00ebrr: Anania. Edhe ai tha: Ja ku jam, Zot.<br \/>\n11 Edhe Zoti i tha: Ngrihu e shko n\u00eb rrug\u00ebn q\u00eb quhet e Drejt\u00eb, edhe k\u00ebrko n\u00eb sht\u00ebpin\u00eb e Jud\u00ebs nj\u00eb Tarsiot q\u00eb quhet Saul; sepse ja tek po lutet,<br \/>\n12 edhe ka par\u00eb n\u00eb \u00ebnd\u00ebrr nj\u00eb njeri q\u00eb quhet Anania, se hyri dhe vuri dor\u00ebn mbi t\u00eb, q\u00eb t\u2019i vijn\u00eb syt\u00eb p\u00ebrs\u00ebri.<br \/>\n13 At\u00ebher\u00eb Anania u p\u00ebrgjigj: Kam d\u00ebgjuar prej shum\u00eb vetash p\u00ebr k\u00ebt\u00eb njeri, sa t\u00eb k\u00ebqija u b\u00ebri shenjt\u00ebve t\u00eb tu n\u00eb Jerusalem.<br \/>\n14 Edhe k\u00ebtu ka pushtet nga kryeprift\u00ebrinjt\u00eb t\u00eb lidh\u00eb t\u00eb gjith\u00eb ata q\u00eb th\u00ebrresin n\u00eb emrin t\u00ebnd.<br \/>\n15 Po Zoti i tha: Shko, se ky m\u00eb \u00ebsht\u00eb nj\u00eb en\u00eb e zgjedhur p\u00ebr t\u00eb mbajtur emrin tim p\u00ebrpara kombeve e mbret\u00ebrve, edhe bijve t\u00eb Izraelit.<br \/>\n16 Sepse un\u00eb do t\u2019i tregoj atij sa duhet t\u00eb p\u00ebsoj\u00eb p\u00ebr emrin tim.<br \/>\n17 Edhe Anania shkoi e hyri n\u00eb sht\u00ebpi; edhe si vuri duart mbi t\u00eb, tha: Saul v\u00eblla, Zoti m\u00eb ka d\u00ebrguar, Jisui q\u00eb t\u2019u shfaq udh\u00ebs, kur ishe duke ardhur, q\u00eb t\u00eb t\u00eb hapen syt\u00eb p\u00ebrs\u00ebri, edhe t\u00eb mbushesh me Frym\u00eb t\u00eb Shenjt\u00eb.<br \/>\n18 Edhe p\u00ebrnj\u00ebher\u00eb ran\u00eb nga syt\u00eb e tij di\u00e7ka si luspa, edhe i erdh\u00ebn syt\u00eb menj\u00ebher\u00eb; edhe u ngrit e u pag\u00ebzua.<br \/>\n19 Edhe si h\u00ebngri, mori fuqi. Edhe Sauli ndenji disa dit\u00eb bashk\u00eb me nx\u00ebn\u00ebsit q\u00eb ishin n\u00eb Damask.<br \/>\n20 Edhe menj\u00ebher\u00eb predikonte Jisuin n\u00ebp\u00ebr sinagogat, se ky \u00ebsht\u00eb i Biri i Per\u00ebndis\u00eb.<br \/>\n21 Edhe t\u00eb gjith\u00eb ata q\u00eb d\u00ebgjonin mahniteshin e thoshin: A nuk \u00ebsht\u00eb ky ai q\u00eb prishi n\u00eb Jerusalem ata q\u00eb th\u00ebrrisnin n\u00eb k\u00ebt\u00eb em\u00ebr, edhe k\u00ebtu p\u00ebr k\u00ebt\u00eb kishte ardhur, q\u00eb t\u2019i \u00e7oj\u00eb ata lidhur te kryeprift\u00ebrinjt\u00eb? 22 Po Sauli m\u00eb tep\u00ebr forcohej, edhe i turbullonte Judenjt\u00eb q\u00eb rrinin n\u00eb Damask, duke treguar se ky \u00ebsht\u00eb Krishti.<br \/>\n23 Edhe si shkuan mjaft dit\u00eb, Judenjt\u00eb u mor\u00ebn vesh ta vrasin.<br \/>\n24 Po vendimi i tyre i ra n\u00eb vesh\u00eb Saulit; edhe ruanin dyert dit\u00eb e nat\u00eb q\u00eb ta vrisnin.<br \/>\n25 At\u00ebher\u00eb nx\u00ebn\u00ebsit e mor\u00ebn nat\u00ebn, edhe e zbrit\u00ebn nga muri, duke e varur at\u00eb n\u00eb nj\u00eb shport\u00eb.<br \/>\n26 Edhe Sauli, si erdhi n\u00eb Jerusalem, p\u00ebrpiqej t\u00eb bashkohej me nx\u00ebn\u00ebsit; po t\u00eb gjith\u00eb kishin frik\u00eb prej tij, sepse nuk besonin se \u00ebsht\u00eb nx\u00ebn\u00ebs.<br \/>\n27 Po Varnava e mori, edhe e pruri tek apostujt dhe u tregoi atyre si pa Zotin n\u00eb udh\u00eb, edhe se i foli atij, edhe si n\u00eb Damask fliste me guxim n\u00eb emrin e Jisuit.<br \/>\n28 Edhe ishte duke hyr\u00eb e duke dal\u00eb bashk\u00eb me ata n\u00eb Jerusalem, edhe duke folur me guxim n\u00eb emrin e Zotit Jisu.<br \/>\n29 Edhe fliste e hahej me Greqishtar\u00ebt; po ata k\u00ebrkonin ta vrisnin.<br \/>\n30 Edhe v\u00ebllez\u00ebrit kur e mor\u00ebn vesh, e zbrit\u00ebn n\u00eb Qesari, edhe e d\u00ebrguan n\u00eb Tars.<br \/>\n31 Kishat pra n\u00ebp\u00ebr gjith\u00eb Juden\u00eb e Galilen\u00eb e Samarin\u00eb kishin paqe, edhe ishin duke u nd\u00ebrtuar e duke ecur me frik\u00ebn e Zotit, edhe me an\u00eb t\u00eb ngush\u00ebllimit t\u00eb Frym\u00ebs s\u00eb Shenjt\u00eb shumoheshin.<br \/>\n32 Edhe Pjetri, duke shkuar n\u00ebp\u00ebr gjith\u00eb ato vende, zbriti edhe te shenjt\u00ebt q\u00eb ishin n\u00eb Lid\u00eb.<br \/>\n33 Edhe atje gjeti nj\u00eb njeri q\u00eb e quanin Enea, i cili ishte i paralizuar e prej tet\u00eb vitesh i dergjur n\u00eb shtrat.<br \/>\n34 Edhe Pjetri i tha: Enea, Jisu Krishti t\u00eb sh\u00ebron. Ngrihu dhe shtro shtratin t\u00ebnd. Edhe ai p\u00ebrnj\u00ebher\u00eb u ngrit.<br \/>\n35 Edhe e pan\u00eb at\u00eb gjith\u00eb ata q\u00eb rrinin n\u00eb Lid\u00eb e n\u00eb Saron, edhe u kthyen n\u00eb Zotin.<br \/>\n36 Edhe n\u00eb Jop\u00eb ishte nj\u00eb nx\u00ebn\u00ebse q\u00eb quhej Tavit\u00e0, q\u00eb e p\u00ebrkthyer do t\u00eb thot\u00eb Sorkadhe; ajo ishte plot me pun\u00eb t\u00eb mira e me l\u00ebmosha q\u00eb b\u00ebnte.<br \/>\n37 Edhe n\u00eb ato dit\u00eb q\u00eblloi t\u00eb s\u00ebmuret e t\u00eb vdes\u00eb; edhe si e lan\u00eb e vun\u00eb n\u00eb nj\u00eb dhom\u00eb t\u00eb sip\u00ebrme.<br \/>\n38 Edhe pasi Lida ishte af\u00ebr Jop\u00ebs, nx\u00ebn\u00ebsit, kur d\u00ebgjuan se Pjetri \u00ebsht\u00eb n\u00eb t\u00eb, d\u00ebrguan dy burra tek ai, duke iu lutur atij t\u00eb mos p\u00ebrtoj\u00eb t\u00eb vij\u00eb deri tek ata.<br \/>\n39 Edhe Pjetri u ngrit e shkoi bashk\u00eb me ta; sapo erdhi at\u00eb e ngjit\u00ebn n\u00eb dhom\u00ebn e sip\u00ebrme dhe i dol\u00ebn p\u00ebrpara gjith\u00eb t\u00eb vejat duke qar\u00eb e duke treguar k\u00ebmish\u00eb e rroba, t\u00eb cilat i b\u00ebnte Sorkadhja, kur ishte bashk\u00eb me to.<br \/>\n40 Po Pjetri, pasi i nxori t\u00eb gjith\u00eb jasht\u00eb, u ul n\u00eb gjunj\u00eb dhe u lut; edhe si u kthye nga trupi, tha: Tavit\u00e0, ngrihu. E ajo hapi syt\u00eb e saj, edhe kur pa Pjetrin, u ngrit e ndenji.<br \/>\n41 Edhe ai i dha dor\u00ebn dhe e ngriti; edhe si th\u00ebrriti shenjt\u00ebrit e t\u00eb vejat, e nxori p\u00ebrpara t\u00eb gjall\u00eb.<br \/>\n42 Edhe kjo u mor vesh n\u00ebp\u00ebr gjith\u00eb Jop\u00ebn; edhe shum\u00eb veta besuan n\u00eb Zotin.<br \/>\n43 Edhe Pjetri q\u00ebndroi mjaft dit\u00eb n\u00eb Jop\u00eb, pran\u00eb nj\u00eb far\u00eb Simon l\u00ebkur\u00ebregj\u00ebsi.<\/p>\n<\/div><div class=\"fusion-text fusion-text-28\"><h3><img decoding=\"async\" class=\"lazyload size-full wp-image-22719 aligncenter\" src=\"https:\/\/orthodoxalbania.org\/2020\/wp-content\/uploads\/2020\/04\/decorend_vectorized.png\" data-orig-src=\"https:\/\/orthodoxalbania.org\/2020\/wp-content\/uploads\/2020\/04\/decorend_vectorized.png\" alt=\"\" width=\"901\" height=\"52\" srcset=\"data:image\/svg+xml,%3Csvg%20xmlns%3D%27http%3A%2F%2Fwww.w3.org%2F2000%2Fsvg%27%20width%3D%27901%27%20height%3D%2752%27%20viewBox%3D%270%200%20901%2052%27%3E%3Crect%20width%3D%27901%27%20height%3D%2752%27%20fill-opacity%3D%220%22%2F%3E%3C%2Fsvg%3E\" data-srcset=\"https:\/\/orthodoxalbania.org\/2020\/wp-content\/uploads\/2020\/04\/decorend_vectorized-200x12.png 200w, https:\/\/orthodoxalbania.org\/2020\/wp-content\/uploads\/2020\/04\/decorend_vectorized-300x17.png 300w, https:\/\/orthodoxalbania.org\/2020\/wp-content\/uploads\/2020\/04\/decorend_vectorized-400x23.png 400w, https:\/\/orthodoxalbania.org\/2020\/wp-content\/uploads\/2020\/04\/decorend_vectorized-600x35.png 600w, https:\/\/orthodoxalbania.org\/2020\/wp-content\/uploads\/2020\/04\/decorend_vectorized-768x44.png 768w, https:\/\/orthodoxalbania.org\/2020\/wp-content\/uploads\/2020\/04\/decorend_vectorized-800x46.png 800w, https:\/\/orthodoxalbania.org\/2020\/wp-content\/uploads\/2020\/04\/decorend_vectorized.png 901w\" data-sizes=\"auto\" data-orig-sizes=\"(max-width: 901px) 100vw, 901px\" \/><\/h3>\n<h4 style=\"text-align: center;\"><a href=\"#kreu1\">1<\/a> <a href=\"#kreu2\">2<\/a> <a href=\"#kreu3\">3<\/a> <a href=\"#kreu4\">4<\/a> <a href=\"#kreu5\">5<\/a> <a href=\"#kreu6\">6<\/a> <a href=\"#kreu7\">7<\/a> <a href=\"#kreu8\">8<\/a> <a href=\"#kreu9\">9<\/a> <a href=\"#kreu10\">10<\/a> <a href=\"#kreu11\">11<\/a> <a href=\"#kreu12\">12<\/a> <a href=\"#kreu13\">13<\/a> <a href=\"#kreu14\">14<\/a> <a href=\"#kreu15\">15 <\/a><a href=\"#kreu16\">16<\/a> <a href=\"#kreu18\">17<\/a> <a href=\"#kreu18\">18<\/a> <a href=\"#kreu19\">19<\/a> <a href=\"#kreu20\">20 <\/a><a href=\"#kreu21\">21<\/a> <a href=\"#kreu22\">22<\/a> <a href=\"#kreu23\">23<\/a> <a href=\"#kreu24\">24<\/a> <a href=\"#kreu25\">25<\/a> <a href=\"#kreu26\">26<\/a> <a href=\"#kreu27\">27<\/a> <a href=\"#kreu28\">28<\/a><\/h4>\n<\/div><div class=\"fusion-image-element fusion-image-align-center in-legacy-container\" style=\"text-align:center;--awb-caption-title-font-family:var(--h2_typography-font-family);--awb-caption-title-font-weight:var(--h2_typography-font-weight);--awb-caption-title-font-style:var(--h2_typography-font-style);--awb-caption-title-size:var(--h2_typography-font-size);--awb-caption-title-transform:var(--h2_typography-text-transform);--awb-caption-title-line-height:var(--h2_typography-line-height);--awb-caption-title-letter-spacing:var(--h2_typography-letter-spacing);\"><div class=\"imageframe-align-center\"><span class=\" fusion-imageframe imageframe-none imageframe-11 hover-type-none\"><img decoding=\"async\" width=\"645\" height=\"85\" title=\"Decor05_vectorized\" src=\"https:\/\/orthodoxalbania.org\/2020\/wp-content\/uploads\/2020\/04\/Decor05_vectorized.png\" data-orig-src=\"https:\/\/orthodoxalbania.org\/2020\/wp-content\/uploads\/2020\/04\/Decor05_vectorized.png\" alt class=\"lazyload img-responsive wp-image-22680\" srcset=\"data:image\/svg+xml,%3Csvg%20xmlns%3D%27http%3A%2F%2Fwww.w3.org%2F2000%2Fsvg%27%20width%3D%27645%27%20height%3D%2785%27%20viewBox%3D%270%200%20645%2085%27%3E%3Crect%20width%3D%27645%27%20height%3D%2785%27%20fill-opacity%3D%220%22%2F%3E%3C%2Fsvg%3E\" data-srcset=\"https:\/\/orthodoxalbania.org\/2020\/wp-content\/uploads\/2020\/04\/Decor05_vectorized-200x26.png 200w, https:\/\/orthodoxalbania.org\/2020\/wp-content\/uploads\/2020\/04\/Decor05_vectorized-400x53.png 400w, https:\/\/orthodoxalbania.org\/2020\/wp-content\/uploads\/2020\/04\/Decor05_vectorized-600x79.png 600w, https:\/\/orthodoxalbania.org\/2020\/wp-content\/uploads\/2020\/04\/Decor05_vectorized.png 645w\" data-sizes=\"auto\" data-orig-sizes=\"(max-width: 800px) 100vw, 645px\" \/><\/span><\/div><\/div><div class=\"fusion-text fusion-text-29\"><h2 style=\"text-align: center;\"><span class=\"ez-toc-section\" id=\"-10\"><\/span><a id=\"kreu10\"><\/a>-10-<span class=\"ez-toc-section-end\"><\/span><\/h2>\n<\/div><div class=\"fusion-text fusion-text-30\"><p style=\"text-align: justify;\">1 Edhe ishte nj\u00eb njeri n\u00eb Qesari q\u00eb quhej Kornel, kryeqind\u00ebs prej kohort\u00ebs q\u00eb quhej Italike.<br \/>\n2 Ky ishte bes\u00ebtar dhe kishte frik\u00eb nga Per\u00ebndia bashk\u00eb me gjith\u00eb sht\u00ebpin\u00eb e tij, edhe i jepte shum\u00eb l\u00ebmosha popullit, edhe i lutej Per\u00ebndis\u00eb gjithnj\u00eb.<br \/>\n3 Ky rreth or\u00ebs s\u00eb n\u00ebnt\u00eb t\u00eb dit\u00ebs pa qart\u00eb n\u00eb nj\u00eb vegim nj\u00eb engj\u00ebll t\u00eb Per\u00ebndis\u00eb q\u00eb hyri tek ai, e i tha: Kornel.<br \/>\n4 Edhe kur hodhi syt\u00eb n\u00eb at\u00eb, e zuri frika, edhe tha: \u00c7\u2019\u00ebsht\u00eb, o Zot? Edhe ai i tha atij: Lutjet e tua dhe l\u00ebmoshat e tua u ngjit\u00ebn p\u00ebr kujtim p\u00ebrpara Per\u00ebndis\u00eb.<br \/>\n5 Edhe tani d\u00ebrgo njer\u00ebz n\u00eb Jop\u00eb, edhe thirr Simonin q\u00eb mbiquhet Pjet\u00ebr.<br \/>\n6 Ky ka r\u00ebn\u00eb tek nj\u00ebfar\u00eb Simon l\u00ebkur\u00ebregj\u00ebsi, i cili e ka sht\u00ebpin\u00eb pran\u00eb detit. Ky do t\u00eb t\u00eb thot\u00eb \u00e7\u2019duhet t\u00eb b\u00ebsh.<br \/>\n7 Edhe si iku engj\u00eblli q\u00eb ishte duke i folur Kornelit, thirri dy nga sh\u00ebrb\u00ebtor\u00ebt e tij, edhe nj\u00eb ushtar shpres\u00ebtar nga ata q\u00eb rrinin p\u00ebrher\u00eb pran\u00eb tij.<br \/>\n8 Edhe si ua tregoi atyre t\u00eb gjitha, i d\u00ebrgoi n\u00eb Jop\u00eb.<br \/>\n9 Edhe t\u00eb nes\u00ebrmen, tek ishin duke udh\u00ebtuar e po afroheshin n\u00eb qytet, Pjetri u ngjit n\u00eb dhom\u00eb t\u00eb lutet, af\u00ebr or\u00ebs s\u00eb gjasht\u00eb.<br \/>\n10 Edhe e mori uria dhe donte t\u00eb hante; po nd\u00ebrsa ata po e b\u00ebnin gati, ai ra n\u00eb ekstaz\u00eb.<br \/>\n11 Edhe sheh qiellin t\u00eb hapur, edhe nj\u00eb en\u00eb duke zbritur mbi t\u00eb si nj\u00eb p\u00eblhur\u00eb e madhe, lidhur nga t\u00eb kat\u00ebr cepat, e duke r\u00ebn\u00eb mbi dh\u00e9.<br \/>\n12 Brenda n\u00eb t\u00eb ishin gjith\u00eb shtaz\u00ebt e dheut kat\u00ebrk\u00ebmb\u00ebshe dhe bishat dhe zvarranik\u00ebt, edhe zogjt\u00eb e qiellit.<br \/>\n13 Edhe erdhi nj\u00eb z\u00eb tek ai: Ngrihu, Pjet\u00ebr, ther e ha.<br \/>\n14 Po Pjetri tha: Qoft\u00eb larg, o Zot! Sepse kurr\u00eb s\u2019kam ngr\u00ebn\u00eb gj\u00eb t\u00eb ndyr\u00eb a t\u00eb papast\u00ebr.<br \/>\n15 Po p\u00ebrs\u00ebri p\u00ebr s\u00eb dyti erdhi nj\u00eb z\u00eb tek ai: Ato q\u00eb ka pastruar Per\u00ebndia, ti mos i quaj t\u00eb ndyra.<br \/>\n16 Edhe kjo u b\u00eb tri her\u00eb; edhe p\u00ebrs\u00ebri ena u mor lart n\u00eb qiell.<br \/>\n17 Edhe nd\u00ebrsa Pjetri ishte duke vrar\u00eb mendjen me veten e tij, vall\u00eb, \u00e7\u2019do t\u00eb jet\u00eb ky vegim q\u00eb pa, ja burrat, q\u00eb ishin d\u00ebrguar nga Korneli, pasi pyet\u00ebn p\u00ebr sht\u00ebpin\u00eb e Simonit, arrit\u00ebn n\u00eb port\u00eb,<br \/>\n18 edhe duke thirrur pyetnin n\u00eb ka r\u00ebn\u00eb k\u00ebtu Simoni q\u00eb mbiquhet Pjet\u00ebr.<br \/>\n19 Edhe nd\u00ebrsa Pjetri ishte duke menduar p\u00ebr vegimin, Fryma i tha: Ja tek po t\u00eb k\u00ebrkojn\u00eb tre burra.<br \/>\n20 Ngrihu pra e zbrit, edhe shko bashk\u00eb me ata, pa pasur fare dyshim; sepse un\u00eb i kam d\u00ebrguar ata.<br \/>\n21 Edhe Pjetri, pasi zbriti te njer\u00ebzit q\u00eb ishin d\u00ebrguar tek ai nga Korneli, tha: Ja, un\u00eb jam ai q\u00eb k\u00ebrkoni; p\u00ebr \u00e7\u2019pun\u00eb keni ardhur?<br \/>\n22 Edhe ata than\u00eb: Korneli, kryeqind\u00ebsi, q\u00eb \u00ebsht\u00eb njeri i drejt\u00eb dhe ka frik\u00eb nga Per\u00ebndia, edhe p\u00ebr t\u00eb cilin jep d\u00ebshmi t\u00eb mir\u00eb gjith\u00eb kombi i Judenjve, u urdh\u00ebrua me an\u00eb t\u00eb nj\u00eb engj\u00eblli t\u00eb shenjt\u00eb, q\u00eb t\u00eb t\u00eb th\u00ebrres\u00eb n\u00eb sht\u00ebpin\u00eb e tij, edhe t\u00eb d\u00ebgjoj\u00eb fjal\u00eb prej teje.<br \/>\n23 Ai pra i th\u00ebrriti ata brenda e i gostiti. Edhe t\u00eb nes\u00ebrmen doli Pjetri bashk\u00eb me ata, dhe ca nga v\u00ebllez\u00ebrit q\u00eb ishin nga Jopa erdh\u00ebn bashk\u00eb me at\u00eb.<br \/>\n24 Edhe t\u00eb nes\u00ebrmen hyn\u00eb n\u00eb Qesari. Dhe Kornili ishte duke i pritur ata, edhe kishte mbledhur farefisin e tij dhe miqt\u00eb e ngusht\u00eb.<br \/>\n25 Edhe sapo hyri brenda Pjetri, Korneli i doli p\u00ebrpara, e i ra nd\u00ebr k\u00ebmb\u00eb, edhe iu fal.<br \/>\n26 Po Pjetri e ngriti, duke th\u00ebn\u00eb: Ngrihu, sepse edhe un\u00eb jam njeri.<br \/>\n27 Edhe duke folur bashk\u00eb me t\u00eb hyri brenda, edhe gjen mbledhur shum\u00eb veta.<br \/>\n28 Edhe u tha atyre: Ju e dini se nuk \u00ebsht\u00eb e lejueshme p\u00ebr nj\u00eb njeri jude t\u00eb shoq\u00ebroj\u00eb a t\u00eb shkoj\u00eb te njeri prej tjet\u00ebr kombi. Po Per\u00ebndia m\u00eb tregoi t\u00eb mos them p\u00ebr asnj\u00eb njeri se \u00ebsht\u00eb i ndyr\u00eb apo i papast\u00ebr.<br \/>\n29 Prandaj, sapo u thirra, edhe erdha pa b\u00ebr\u00eb fjal\u00eb. Pyes pra, p\u00ebr \u00e7\u2019fjal\u00eb d\u00ebrguat e m\u00eb prut\u00eb?<br \/>\n30 Edhe Korneli tha: Kat\u00ebr dit\u00eb m\u00eb par\u00eb deri n\u00eb k\u00ebt\u00eb or\u00eb isha duke agj\u00ebruar, edhe n\u00eb t\u00eb n\u00ebnt\u00ebn or\u00eb po lutesha n\u00eb sht\u00ebpin\u00eb time; edhe ja nj\u00eb njeri me rroba t\u00eb ndritura tek q\u00ebndroi p\u00ebrpara meje,<br \/>\n31 edhe thot\u00eb: Kornel, u d\u00ebgjua lutja jote dhe l\u00ebmoshat e tua u p\u00ebrmend\u00ebn para Per\u00ebndis\u00eb.<br \/>\n32 D\u00ebrgo pra n\u00eb Jop\u00eb e thirr Simonin, q\u00eb mbiquhet Pjet\u00ebr. Ky ka r\u00ebn\u00eb n\u00eb sht\u00ebpin\u00eb e Simon l\u00ebkur\u00ebregj\u00ebsit pran\u00eb detit. Ai, kur t\u00eb vij\u00eb, do t\u00eb t\u00eb flas\u00eb.<br \/>\n33 P\u00ebrnj\u00ebher\u00eb pra d\u00ebrgova te ti; dhe ti b\u00ebre mir\u00eb q\u00eb erdhe. Tani pra ne t\u00eb gjith\u00eb jemi p\u00ebrpara Per\u00ebndis\u00eb, q\u00eb t\u00eb d\u00ebgjojm\u00eb gjith\u00eb \u00e7\u2019t\u00eb jan\u00eb urdh\u00ebruar prej Per\u00ebndis\u00eb.<br \/>\n34 At\u00ebher\u00eb Pjetri hapi goj\u00ebn e tha: Me t\u00eb v\u00ebrtet\u00eb po e marr vesh se Per\u00ebndia s\u2019mban an\u00eb njeriu;<br \/>\n35 po n\u00eb \u00e7do komb ai q\u00eb ka frik\u00eb prej tij dhe punon drejt\u00ebsi, \u00ebsht\u00eb i mir\u00ebpritur tek ai.<br \/>\n36 Fjal\u00ebn q\u00eb u d\u00ebrgoi bijve t\u00eb Izraelit duke ungjill\u00ebzuar paqe me an\u00eb t\u00eb Jisu Krishtit, &#8211; ky \u00ebsht\u00eb Zoti i t\u00eb gjith\u00ebve, &#8211;<br \/>\n37 k\u00ebt\u00eb fjal\u00eb ju e dini, q\u00eb u p\u00ebrhap n\u00ebp\u00ebr gjith\u00eb Juden\u00eb, duke nisur nga Galilea, pas pag\u00ebzimit q\u00eb predikoi Joani;<br \/>\n38 si vajosi Per\u00ebndia Jisuin nga Nazareti me Frym\u00eb t\u00eb Shenjt\u00eb e me fuqi, i cili p\u00ebrshkoi vendin duke b\u00ebr\u00eb mir\u00eb e duke sh\u00ebruar gjith\u00eb ata q\u00eb mundoheshin prej djallit; sepse Per\u00ebndia ishte bashk\u00eb me t\u00eb,<br \/>\n39 edhe ne jemi d\u00ebshmitar\u00eb p\u00ebr gjith\u00eb ato q\u00eb b\u00ebri edhe n\u00eb dh\u00e9 t\u00eb Judenjve edhe n\u00eb Jerusalem; t\u00eb cilin e vran\u00eb duke e varur mbi dru;<br \/>\n40 k\u00ebt\u00eb Per\u00ebndia e ngjalli t\u00eb tret\u00ebn dit\u00eb, edhe e b\u00ebri at\u00eb t\u00eb duket,<br \/>\n41 jo n\u00eb gjith\u00eb popullin, po n\u00eb d\u00ebshmitar\u00ebt e parazgjedhur prej Per\u00ebndis\u00eb, dometh\u00ebn\u00eb te ne q\u00eb h\u00ebngr\u00ebm e pim\u00eb bashk\u00eb me t\u00eb, pasi u ngjall prej s\u00eb vdekurish;<br \/>\n42 edhe na porositi ne t\u00eb predikojm\u00eb n\u00eb popull e t\u00eb d\u00ebshmojm\u00eb se ai \u00ebsht\u00eb ai q\u00eb qe urdh\u00ebruar prej Per\u00ebndis\u00eb gjykat\u00ebs i t\u00eb gjall\u00ebve dhe i t\u00eb vdekurve.<br \/>\n43 P\u00ebr k\u00ebt\u00eb d\u00ebshmojn\u00eb gjith\u00eb profet\u00ebt, se me an\u00eb t\u00eb emrit t\u00eb tij do t\u00eb marr\u00eb ndjes\u00eb m\u00ebkatesh kushdo q\u00eb i beson atij.<br \/>\n44 Nd\u00ebrsa Pjetri ishte duke folur k\u00ebto fjal\u00eb, ra Fryma e Shenjt\u00eb mbi gjith\u00eb ata q\u00eb d\u00ebgjonin fjal\u00ebn.<br \/>\n45 Edhe u mahnit\u00ebn besimtar\u00ebt q\u00eb ishin prej rrethprerjes, sa kishin ardhur bashk\u00eb me Pjetrin, se edhe n\u00eb kombet u derdhka Fryma e Shenjt\u00eb.<br \/>\n46 Sepse i d\u00ebgjonin ata duke folur gjuh\u00eb, e duke madh\u00ebruar Per\u00ebndin\u00eb.<br \/>\n47 At\u00ebher\u00eb Pjetri u p\u00ebrgjigj: Mos mundet uji t\u00eb ndaloj\u00eb ndonj\u00eb q\u00eb t\u00eb mos pag\u00ebzohen k\u00ebta, t\u00eb cil\u00ebt mor\u00ebn Frym\u00ebn e Shenjt\u00eb, si edhe ne?<br \/>\n48 Edhe i urdh\u00ebroi ata t\u00eb pag\u00ebzohen n\u00eb emrin e Zotit. At\u00ebher\u00eb iu lut\u00ebn t\u00eb q\u00ebndroj\u00eb pak dit\u00eb tek ata.<\/p>\n<\/div><div class=\"fusion-text fusion-text-31\"><h3><img decoding=\"async\" class=\"lazyload size-full wp-image-22719 aligncenter\" src=\"https:\/\/orthodoxalbania.org\/2020\/wp-content\/uploads\/2020\/04\/decorend_vectorized.png\" data-orig-src=\"https:\/\/orthodoxalbania.org\/2020\/wp-content\/uploads\/2020\/04\/decorend_vectorized.png\" alt=\"\" width=\"901\" height=\"52\" srcset=\"data:image\/svg+xml,%3Csvg%20xmlns%3D%27http%3A%2F%2Fwww.w3.org%2F2000%2Fsvg%27%20width%3D%27901%27%20height%3D%2752%27%20viewBox%3D%270%200%20901%2052%27%3E%3Crect%20width%3D%27901%27%20height%3D%2752%27%20fill-opacity%3D%220%22%2F%3E%3C%2Fsvg%3E\" data-srcset=\"https:\/\/orthodoxalbania.org\/2020\/wp-content\/uploads\/2020\/04\/decorend_vectorized-200x12.png 200w, https:\/\/orthodoxalbania.org\/2020\/wp-content\/uploads\/2020\/04\/decorend_vectorized-300x17.png 300w, https:\/\/orthodoxalbania.org\/2020\/wp-content\/uploads\/2020\/04\/decorend_vectorized-400x23.png 400w, https:\/\/orthodoxalbania.org\/2020\/wp-content\/uploads\/2020\/04\/decorend_vectorized-600x35.png 600w, https:\/\/orthodoxalbania.org\/2020\/wp-content\/uploads\/2020\/04\/decorend_vectorized-768x44.png 768w, https:\/\/orthodoxalbania.org\/2020\/wp-content\/uploads\/2020\/04\/decorend_vectorized-800x46.png 800w, https:\/\/orthodoxalbania.org\/2020\/wp-content\/uploads\/2020\/04\/decorend_vectorized.png 901w\" data-sizes=\"auto\" data-orig-sizes=\"(max-width: 901px) 100vw, 901px\" \/><\/h3>\n<h4 style=\"text-align: center;\"><a href=\"#kreu1\">1<\/a> <a href=\"#kreu2\">2<\/a> <a href=\"#kreu3\">3<\/a> <a href=\"#kreu4\">4<\/a> <a href=\"#kreu5\">5<\/a> <a href=\"#kreu6\">6<\/a> <a href=\"#kreu7\">7<\/a> <a href=\"#kreu8\">8<\/a> <a href=\"#kreu9\">9<\/a> <a href=\"#kreu10\">10<\/a> <a href=\"#kreu11\">11<\/a> <a href=\"#kreu12\">12<\/a> <a href=\"#kreu13\">13<\/a> <a href=\"#kreu14\">14<\/a> <a href=\"#kreu15\">15 <\/a><a href=\"#kreu16\">16<\/a> <a href=\"#kreu18\">17<\/a> <a href=\"#kreu18\">18<\/a> <a href=\"#kreu19\">19<\/a> <a href=\"#kreu20\">20 <\/a><a href=\"#kreu21\">21<\/a> <a href=\"#kreu22\">22<\/a> <a href=\"#kreu23\">23<\/a> <a href=\"#kreu24\">24<\/a> <a href=\"#kreu25\">25<\/a> <a href=\"#kreu26\">26<\/a> <a href=\"#kreu27\">27<\/a> <a href=\"#kreu28\">28<\/a><\/h4>\n<\/div><div class=\"fusion-image-element fusion-image-align-center in-legacy-container\" style=\"text-align:center;--awb-caption-title-font-family:var(--h2_typography-font-family);--awb-caption-title-font-weight:var(--h2_typography-font-weight);--awb-caption-title-font-style:var(--h2_typography-font-style);--awb-caption-title-size:var(--h2_typography-font-size);--awb-caption-title-transform:var(--h2_typography-text-transform);--awb-caption-title-line-height:var(--h2_typography-line-height);--awb-caption-title-letter-spacing:var(--h2_typography-letter-spacing);\"><div class=\"imageframe-align-center\"><span class=\" fusion-imageframe imageframe-none imageframe-12 hover-type-none\"><img decoding=\"async\" width=\"645\" height=\"85\" title=\"Decor05_vectorized\" src=\"https:\/\/orthodoxalbania.org\/2020\/wp-content\/uploads\/2020\/04\/Decor05_vectorized.png\" data-orig-src=\"https:\/\/orthodoxalbania.org\/2020\/wp-content\/uploads\/2020\/04\/Decor05_vectorized.png\" alt class=\"lazyload img-responsive wp-image-22680\" srcset=\"data:image\/svg+xml,%3Csvg%20xmlns%3D%27http%3A%2F%2Fwww.w3.org%2F2000%2Fsvg%27%20width%3D%27645%27%20height%3D%2785%27%20viewBox%3D%270%200%20645%2085%27%3E%3Crect%20width%3D%27645%27%20height%3D%2785%27%20fill-opacity%3D%220%22%2F%3E%3C%2Fsvg%3E\" data-srcset=\"https:\/\/orthodoxalbania.org\/2020\/wp-content\/uploads\/2020\/04\/Decor05_vectorized-200x26.png 200w, https:\/\/orthodoxalbania.org\/2020\/wp-content\/uploads\/2020\/04\/Decor05_vectorized-400x53.png 400w, https:\/\/orthodoxalbania.org\/2020\/wp-content\/uploads\/2020\/04\/Decor05_vectorized-600x79.png 600w, https:\/\/orthodoxalbania.org\/2020\/wp-content\/uploads\/2020\/04\/Decor05_vectorized.png 645w\" data-sizes=\"auto\" data-orig-sizes=\"(max-width: 800px) 100vw, 645px\" \/><\/span><\/div><\/div><div class=\"fusion-text fusion-text-32\"><h2 style=\"text-align: center;\"><span class=\"ez-toc-section\" id=\"-11\"><\/span><a id=\"kreu11\"><\/a>-11-<span class=\"ez-toc-section-end\"><\/span><\/h2>\n<\/div><div class=\"fusion-text fusion-text-33\"><p style=\"text-align: justify;\">1 Edhe apostujt e v\u00ebllez\u00ebrit q\u00eb ishin n\u00eb Jude d\u00ebgjuan se edhe kombet pranuan fjal\u00ebn e Per\u00ebndis\u00eb.<br \/>\n2 Edhe kur u ngjit Pjetri n\u00eb Jerusalem, haheshin me t\u00eb ata q\u00eb ishin prej rrethprerjes,<br \/>\n3 duke th\u00ebn\u00eb se hyre nd\u00ebr njer\u00ebz t\u00eb parrethprer\u00eb, e h\u00ebngre bashk\u00eb me ta.<br \/>\n4 Po Pjetri zuri e u tregoi atyre sa u b\u00ebn\u00eb nj\u00eb nga nj\u00eb,<br \/>\n5 duke th\u00ebn\u00eb: Un\u00eb isha duke u lutur n\u00eb qytetin e Jop\u00ebs; edhe n\u00eb ekstaz\u00eb pash\u00eb nj\u00eb vegim, nj\u00eb en\u00eb q\u00eb zbriste si nj\u00eb p\u00eblhur\u00eb e madhe, e cila lidhur nga t\u00eb kat\u00ebr cepat l\u00ebshohej posht\u00eb nga qielli, edhe erdhi deri tek un\u00eb;<br \/>\n6 n\u00eb t\u00eb cil\u00ebn, kur hodha syt\u00eb, vura re e pash\u00eb shtaz\u00ebt e dheut kat\u00ebrk\u00ebmb\u00ebshe dhe bishat, dhe zvarranik\u00ebt, dhe zogjt\u00eb e qiellit.<br \/>\n7 Edhe d\u00ebgjova nj\u00eb z\u00eb q\u00eb m\u00eb thoshte: Ngrihu Pjet\u00ebr, ther e ha.<br \/>\n8 Po un\u00eb thash\u00eb: Qoft\u00eb larg, o Zot! Se gj\u00eb e ndyr\u00eb a e papast\u00ebr, kurr\u00eb s\u2019ka hyr\u00eb n\u00eb goj\u00ebn time.<br \/>\n9 Po z\u00ebri m\u2019u p\u00ebrgjigj p\u00ebr s\u00eb dyti nga qielli: Ato q\u00eb ka pastruar Per\u00ebndia, ti mos i quaj t\u00eb ndyra.<br \/>\n10 Edhe kjo u b\u00eb tri her\u00eb; dhe p\u00ebrs\u00ebri u hoq\u00ebn t\u00eb gjitha lart n\u00eb qiell.<br \/>\n11 Edhe ja ku n\u00eb po at\u00eb or\u00eb n\u00eb sht\u00ebpin\u00eb q\u00eb isha arrit\u00ebn tre burra, t\u00eb d\u00ebrguar nga Qesaria tek un\u00eb.<br \/>\n12 Edhe Fryma m\u00eb tha t\u00eb shkoj bashk\u00eb me ta pa pasur fare dyshim; dhe erdh\u00ebn bashk\u00eb me mua edhe k\u00ebta gjasht\u00eb v\u00ebllez\u00ebr, dhe hym\u00eb n\u00eb sht\u00ebpin\u00eb e atij njeriut.<br \/>\n13 Edhe ai na tregoi si kishte par\u00eb nj\u00eb engj\u00ebll q\u00eb q\u00ebndronte n\u00eb sht\u00ebpin\u00eb e tij, i cili i tha: D\u00ebrgo n\u00eb Jop\u00eb e thirr Simonin q\u00eb mbiquhet Pjet\u00ebr,<br \/>\n14 edhe ai do t\u00eb t\u00eb flas\u00eb ty fjal\u00eb, me an\u00eb t\u00eb t\u00eb cilave do t\u00eb shp\u00ebtosh ti dhe gjith\u00eb sht\u00ebpia jote.<br \/>\n15 Edhe un\u00eb posa zura t\u00eb flas, Fryma e Shenjt\u00eb ra mbi ata, sikurse edhe mbi ne her\u00ebn e par\u00eb.<br \/>\n16 At\u00ebher\u00eb m\u00eb ra nd\u00ebr mend fjala e Zotit q\u00eb thoshte: Joani pag\u00ebzoi me uj\u00eb, po ju do t\u00eb pag\u00ebzoheni me Frym\u00eb t\u00eb Shenjt\u00eb.<br \/>\n17 N\u00eb u dha pra Per\u00ebndia atyre dhurat\u00ebn nj\u00eblloj si edhe neve, sepse i besuan Zotit Jisu Krisht, cili isha un\u00eb q\u00eb t\u00eb mund t\u00eb ndaloj Per\u00ebndin\u00eb?<br \/>\n18 Edhe ata si d\u00ebgjuan k\u00ebto fjal\u00eb, u qet\u00ebsuan dhe lavd\u00ebronin Per\u00ebndin\u00eb, duke th\u00ebn\u00eb: Edhe kombeve pra u paska dh\u00ebn\u00eb Per\u00ebndia pendimin p\u00ebrjet\u00eb.<br \/>\n19 Ata pra q\u00eb u shp\u00ebrndan\u00eb nga p\u00ebrndjekja q\u00eb u b\u00eb p\u00ebr Stefanin shkuan deri n\u00eb Finik\u00eb e n\u00eb Qipro e n\u00eb Antioki, edhe asnjeriu s\u2019ia predikonin fjal\u00ebn, ve\u00e7 vet\u00ebm Judenjve.<br \/>\n20 Edhe disa nga ata ishin njer\u00ebz Qipriot\u00eb e Qireneas, t\u00eb cil\u00ebt, si hyn\u00eb n\u00eb Antioki, u flisnin Greqishtar\u00ebve, duke dh\u00ebn\u00eb lajmin e mir\u00eb p\u00ebr Zotin Jisu.<br \/>\n21 Edhe dora e Zotit ishte bashk\u00eb me ta; dhe nj\u00eb num\u00ebr i madh besuan, e u kthyen n\u00eb Zotin.<br \/>\n22 At\u00ebher\u00eb fjala p\u00ebr ata u d\u00ebgjua n\u00eb vesh\u00ebt e kish\u00ebs q\u00eb ishte n\u00eb Jerusalem; edhe d\u00ebrguan Varnav\u00ebn t\u00eb shkoj\u00eb deri n\u00eb Antioki.<br \/>\n23 Ai, si erdhi dhe pa hirin e Per\u00ebndis\u00eb, u g\u00ebzua dhe i nxiste t\u00eb gjith\u00eb t\u00eb q\u00ebndronin me d\u00ebshir\u00eb zemre n\u00eb Zotin,<br \/>\n24 sepse ishte njeri i mir\u00eb dhe plot me Frym\u00eb t\u00eb Shenjt\u00eb e me besim. Edhe u shtua mjaft popull n\u00eb Zotin.<br \/>\n25 At\u00ebher\u00eb Varnava doli n\u00eb Tars, p\u00ebr t\u00eb k\u00ebrkuar Saulin; edhe si e gjeti, e pruri n\u00eb Antioki.<br \/>\n26 Edhe nj\u00eb vit t\u00eb t\u00ebr\u00eb mblidheshin n\u00eb kish\u00eb dhe m\u00ebsuan mjaft njer\u00ebz; edhe nx\u00ebn\u00ebsit n\u00eb Antioki p\u00ebr t\u00eb par\u00ebn her\u00eb u quajt\u00ebn t\u00eb Krishter\u00eb.<br \/>\n27 Edhe n\u00eb ato dit\u00eb zbrit\u00ebn nga Jerusalemi profet\u00eb n\u00eb Antioki.<br \/>\n28 Edhe u ngrit nj\u00eb nga ata q\u00eb quhej Agaf, edhe sh\u00ebnoi me an\u00eb t\u00eb Frym\u00ebs se do t\u00eb b\u00ebhej nj\u00eb zi e madhe n\u00eb gjith\u00eb dhen\u00eb, e cila edhe u b\u00eb n\u00eb koh\u00eb t\u00eb Qezar Klaudit.<br \/>\n29 Prandaj nx\u00ebn\u00ebsit vendos\u00ebn q\u00eb gjithsecili nga ata, sipas gjendjes s\u00eb tij, t\u2019u d\u00ebrgojn\u00eb ndihm\u00eb v\u00ebllez\u00ebrve q\u00eb rrinin n\u00eb Jude,<br \/>\n30 gj\u00eb t\u00eb cil\u00ebn edhe e b\u00ebn\u00eb, duke ua d\u00ebrguar pleqve me dor\u00ebn e Varnav\u00ebs e t\u00eb Saulit.<\/p>\n<\/div><div class=\"fusion-text fusion-text-34\"><h3><img decoding=\"async\" class=\"lazyload size-full wp-image-22719 aligncenter\" src=\"https:\/\/orthodoxalbania.org\/2020\/wp-content\/uploads\/2020\/04\/decorend_vectorized.png\" data-orig-src=\"https:\/\/orthodoxalbania.org\/2020\/wp-content\/uploads\/2020\/04\/decorend_vectorized.png\" alt=\"\" width=\"901\" height=\"52\" srcset=\"data:image\/svg+xml,%3Csvg%20xmlns%3D%27http%3A%2F%2Fwww.w3.org%2F2000%2Fsvg%27%20width%3D%27901%27%20height%3D%2752%27%20viewBox%3D%270%200%20901%2052%27%3E%3Crect%20width%3D%27901%27%20height%3D%2752%27%20fill-opacity%3D%220%22%2F%3E%3C%2Fsvg%3E\" data-srcset=\"https:\/\/orthodoxalbania.org\/2020\/wp-content\/uploads\/2020\/04\/decorend_vectorized-200x12.png 200w, https:\/\/orthodoxalbania.org\/2020\/wp-content\/uploads\/2020\/04\/decorend_vectorized-300x17.png 300w, https:\/\/orthodoxalbania.org\/2020\/wp-content\/uploads\/2020\/04\/decorend_vectorized-400x23.png 400w, https:\/\/orthodoxalbania.org\/2020\/wp-content\/uploads\/2020\/04\/decorend_vectorized-600x35.png 600w, https:\/\/orthodoxalbania.org\/2020\/wp-content\/uploads\/2020\/04\/decorend_vectorized-768x44.png 768w, https:\/\/orthodoxalbania.org\/2020\/wp-content\/uploads\/2020\/04\/decorend_vectorized-800x46.png 800w, https:\/\/orthodoxalbania.org\/2020\/wp-content\/uploads\/2020\/04\/decorend_vectorized.png 901w\" data-sizes=\"auto\" data-orig-sizes=\"(max-width: 901px) 100vw, 901px\" \/><\/h3>\n<h4 style=\"text-align: center;\"><a href=\"#kreu1\">1<\/a> <a href=\"#kreu2\">2<\/a> <a href=\"#kreu3\">3<\/a> <a href=\"#kreu4\">4<\/a> <a href=\"#kreu5\">5<\/a> <a href=\"#kreu6\">6<\/a> <a href=\"#kreu7\">7<\/a> <a href=\"#kreu8\">8<\/a> <a href=\"#kreu9\">9<\/a> <a href=\"#kreu10\">10<\/a> <a href=\"#kreu11\">11<\/a> <a href=\"#kreu12\">12<\/a> <a href=\"#kreu13\">13<\/a> <a href=\"#kreu14\">14<\/a> <a href=\"#kreu15\">15 <\/a><a href=\"#kreu16\">16<\/a> <a href=\"#kreu18\">17<\/a> <a href=\"#kreu18\">18<\/a> <a href=\"#kreu19\">19<\/a> <a href=\"#kreu20\">20 <\/a><a href=\"#kreu21\">21<\/a> <a href=\"#kreu22\">22<\/a> <a href=\"#kreu23\">23<\/a> <a href=\"#kreu24\">24<\/a> <a href=\"#kreu25\">25<\/a> <a href=\"#kreu26\">26<\/a> <a href=\"#kreu27\">27<\/a> <a href=\"#kreu28\">28<\/a><\/h4>\n<\/div><div class=\"fusion-image-element fusion-image-align-center in-legacy-container\" style=\"text-align:center;--awb-caption-title-font-family:var(--h2_typography-font-family);--awb-caption-title-font-weight:var(--h2_typography-font-weight);--awb-caption-title-font-style:var(--h2_typography-font-style);--awb-caption-title-size:var(--h2_typography-font-size);--awb-caption-title-transform:var(--h2_typography-text-transform);--awb-caption-title-line-height:var(--h2_typography-line-height);--awb-caption-title-letter-spacing:var(--h2_typography-letter-spacing);\"><div class=\"imageframe-align-center\"><span class=\" fusion-imageframe imageframe-none imageframe-13 hover-type-none\"><img decoding=\"async\" width=\"645\" height=\"85\" title=\"Decor05_vectorized\" src=\"https:\/\/orthodoxalbania.org\/2020\/wp-content\/uploads\/2020\/04\/Decor05_vectorized.png\" data-orig-src=\"https:\/\/orthodoxalbania.org\/2020\/wp-content\/uploads\/2020\/04\/Decor05_vectorized.png\" alt class=\"lazyload img-responsive wp-image-22680\" srcset=\"data:image\/svg+xml,%3Csvg%20xmlns%3D%27http%3A%2F%2Fwww.w3.org%2F2000%2Fsvg%27%20width%3D%27645%27%20height%3D%2785%27%20viewBox%3D%270%200%20645%2085%27%3E%3Crect%20width%3D%27645%27%20height%3D%2785%27%20fill-opacity%3D%220%22%2F%3E%3C%2Fsvg%3E\" data-srcset=\"https:\/\/orthodoxalbania.org\/2020\/wp-content\/uploads\/2020\/04\/Decor05_vectorized-200x26.png 200w, https:\/\/orthodoxalbania.org\/2020\/wp-content\/uploads\/2020\/04\/Decor05_vectorized-400x53.png 400w, https:\/\/orthodoxalbania.org\/2020\/wp-content\/uploads\/2020\/04\/Decor05_vectorized-600x79.png 600w, https:\/\/orthodoxalbania.org\/2020\/wp-content\/uploads\/2020\/04\/Decor05_vectorized.png 645w\" data-sizes=\"auto\" data-orig-sizes=\"(max-width: 800px) 100vw, 645px\" \/><\/span><\/div><\/div><div class=\"fusion-text fusion-text-35\"><h2 style=\"text-align: center;\"><span class=\"ez-toc-section\" id=\"-12\"><\/span><a id=\"kreu12\"><\/a>-12-<span class=\"ez-toc-section-end\"><\/span><\/h2>\n<\/div><div class=\"fusion-text fusion-text-36\"><p style=\"text-align: justify;\">1 N\u00eb at\u00eb koh\u00eb mbreti Herod vuri duart t\u2019u b\u00ebj\u00eb keq disave prej kish\u00ebs. 2 Edhe vrau me thik\u00eb Jakovin, t\u00eb v\u00ebllain e Joanit.<br \/>\n3 Edhe kur pa se kjo \u00ebsht\u00eb e p\u00eblqyeshme p\u00ebr Judenjt\u00eb, vuri nd\u00ebr mend t\u00eb z\u00ebr\u00eb edhe Pjetrin; edhe ishin dit\u00ebt e t\u00eb pabrum\u00ebtave.<br \/>\n4 Edhe e zuri at\u00eb dhe e vuri n\u00eb burg, edhe ua dor\u00ebzoi kat\u00ebr pal\u00eb ushtar\u00ebve prej kat\u00ebr vetash secila, q\u00eb ta ruajn\u00eb, sepse pas pashk\u00ebs donte ta nxirrte p\u00ebrpara popullit.<br \/>\n5 Pjetri pra po ruhej n\u00eb burg; po prej kish\u00ebs b\u00ebhej pa pushim lutje p\u00ebr t\u00eb.<br \/>\n6 Edhe kur do ta nxirrte at\u00eb Herodi p\u00ebrpara, at\u00eb nat\u00eb Pjetri lidhur me dy vargonj ishte duke fjetur n\u00eb mes t\u00eb dy ushtar\u00ebve, edhe rojat ruanin burgun p\u00ebrpara der\u00ebs.<br \/>\n7 Edhe ja nj\u00eb engj\u00ebll i Zotit erdhi papandehur, edhe drit\u00eb ndriti n\u00eb at\u00eb vend; edhe si i ra Pjetrit n\u00eb brinj\u00eb, e zgjoi, duke th\u00ebn\u00eb: Ngrihu shpejt. Edhe i ran\u00eb vargonjt\u00eb nga duart.<br \/>\n8 Edhe engj\u00eblli i tha: Ngjishu, edhe mbath sandalet e tua; edhe ai b\u00ebri ashtu. Edhe i thot\u00eb: Vish rrob\u00ebn t\u00ebnde, edhe eja pas meje.<br \/>\n9 Edhe ai si doli, i vinte pas, edhe nuk dinte se ishte e v\u00ebrtet\u00eb kjo q\u00eb b\u00ebhej prej engj\u00ebllit, po pandehte se sheh vegim.<br \/>\n10 Edhe si kaluan rojen e par\u00eb e t\u00eb dyt\u00eb, erdh\u00ebn n\u00eb port\u00ebn e hekurt q\u00eb \u00e7on n\u00eb qytet, e cila iu hap atyre prej vetiu; edhe si dol\u00ebn, shkuan n\u00ebp\u00ebr nj\u00eb rrug\u00eb; edhe p\u00ebrnj\u00ebher\u00eb engj\u00eblli u nda nga ai.<br \/>\n11 Edhe Pjetri, si erdhi n\u00eb vete, tha: Tani e di me t\u00eb v\u00ebrtet\u00eb se Zoti d\u00ebrgoi engj\u00ebllin e tij dhe m\u00eb shp\u00ebtoi nga dora e Herodit dhe nga gjith\u00eb shpresa e popullit t\u00eb Judenjve.<br \/>\n12 Edhe pasi u mendua me vete, erdhi n\u00eb sht\u00ebpin\u00eb e Maris\u00eb, t\u00eb \u00ebm\u00ebs s\u00eb Joanit q\u00eb mbiquhej Mark, ku ishin mjaft veta mbledhur dhe po luteshin.<br \/>\n13 Edhe kur trokiti ai n\u00eb port\u00ebn e avllis\u00eb, erdhi nj\u00eb sh\u00ebrb\u00ebtore q\u00eb quhej Roda, p\u00ebr t\u00eb d\u00ebgjuar.<br \/>\n14 Edhe kur njohu z\u00ebrin e Pjetrit, nga g\u00ebzimi nuk hapi port\u00ebn, po shkoi me vrap brenda e lajm\u00ebroi se Pjetri po rri p\u00ebrpara port\u00ebs.<br \/>\n15 Edhe ata i than\u00eb asaj: Shkallove. Po ajo k\u00ebmb\u00ebngulte se k\u00ebshtu \u00ebsht\u00eb. Edha ata thoshnin se \u00ebsht\u00eb engj\u00eblli i tij.<br \/>\n16 Por Pjetri vazhdonte t\u00eb trokiste, dhe si hap\u00ebn der\u00ebn, e pan\u00eb at\u00eb dhe u mahnit\u00ebn.<br \/>\n17 Po ai u b\u00ebri atyre shenj\u00eb me dor\u00eb t\u00eb mos b\u00ebjn\u00eb z\u00eb, e u tregoi si e nxori Zoti nga burgu. Dhe tha: Lajm\u00ebroni Jakovin dhe v\u00ebllez\u00ebrit p\u00ebr k\u00ebto. Edhe doli e shkoi n\u00eb vend tjet\u00ebr.<br \/>\n18 Edhe si u b\u00eb dit\u00eb, u b\u00eb shum\u00eb trazir\u00eb nd\u00ebrmjet ushtar\u00ebve, vall\u00eb, \u00e7\u2019u b\u00eb Pjetri.<br \/>\n19 Edhe Herodi kur e k\u00ebrkoi e s\u2019e gjeti, pasi pyeti rojet, urdh\u00ebroi t\u00eb vriten, edhe zbriti nga Judea n\u00eb Qesari dhe shkonte koh\u00ebn atje.<br \/>\n20 Edhe Herodi ishte zem\u00ebruar fort me Tirasit e me Sidonasit; po ata erdh\u00ebn me nj\u00eb zem\u00ebr tek ai, dhe si i mbush\u00ebn mendjen Vlastit, kujdestarit t\u00eb dhom\u00ebs s\u00eb mbretit, k\u00ebrkonin paqe; sepse vendi i tyre ushqehej prej vendit t\u00eb mbretit.<br \/>\n21 Edhe nj\u00eb dit\u00eb t\u00eb caktuar Herodi veshi rrob\u00eb mbret\u00ebrore, edhe ndenji n\u00eb fron e u ligj\u00ebronte atyre.<br \/>\n22 Edhe populli me z\u00eb t\u00eb madh thoshte: Ky \u00ebsht\u00eb z\u00eb Per\u00ebndie e jo njeriu.<br \/>\n23 Edhe menj\u00ebher\u00eb nj\u00eb engj\u00ebll i Zotit e goditi at\u00eb; sepse nuk i dha lavdin\u00eb Per\u00ebndis\u00eb; edhe si e h\u00ebngr\u00ebn krimbat dha shpirt.<br \/>\n24 Edhe fjala e Per\u00ebndis\u00eb shtohej e shumohej.<br \/>\n25 Edhe Varnava e Sauli, u kthyen nga Jerusalemi, pasi mbaruan sh\u00ebrbes\u00ebn, duke marr\u00eb me vete Joanin q\u00eb mbiquhej Mark.<\/p>\n<\/div><div class=\"fusion-text fusion-text-37\"><h3><img decoding=\"async\" class=\"lazyload size-full wp-image-22719 aligncenter\" src=\"https:\/\/orthodoxalbania.org\/2020\/wp-content\/uploads\/2020\/04\/decorend_vectorized.png\" data-orig-src=\"https:\/\/orthodoxalbania.org\/2020\/wp-content\/uploads\/2020\/04\/decorend_vectorized.png\" alt=\"\" width=\"901\" height=\"52\" srcset=\"data:image\/svg+xml,%3Csvg%20xmlns%3D%27http%3A%2F%2Fwww.w3.org%2F2000%2Fsvg%27%20width%3D%27901%27%20height%3D%2752%27%20viewBox%3D%270%200%20901%2052%27%3E%3Crect%20width%3D%27901%27%20height%3D%2752%27%20fill-opacity%3D%220%22%2F%3E%3C%2Fsvg%3E\" data-srcset=\"https:\/\/orthodoxalbania.org\/2020\/wp-content\/uploads\/2020\/04\/decorend_vectorized-200x12.png 200w, https:\/\/orthodoxalbania.org\/2020\/wp-content\/uploads\/2020\/04\/decorend_vectorized-300x17.png 300w, https:\/\/orthodoxalbania.org\/2020\/wp-content\/uploads\/2020\/04\/decorend_vectorized-400x23.png 400w, https:\/\/orthodoxalbania.org\/2020\/wp-content\/uploads\/2020\/04\/decorend_vectorized-600x35.png 600w, https:\/\/orthodoxalbania.org\/2020\/wp-content\/uploads\/2020\/04\/decorend_vectorized-768x44.png 768w, https:\/\/orthodoxalbania.org\/2020\/wp-content\/uploads\/2020\/04\/decorend_vectorized-800x46.png 800w, https:\/\/orthodoxalbania.org\/2020\/wp-content\/uploads\/2020\/04\/decorend_vectorized.png 901w\" data-sizes=\"auto\" data-orig-sizes=\"(max-width: 901px) 100vw, 901px\" \/><\/h3>\n<h4 style=\"text-align: center;\"><a href=\"#kreu1\">1<\/a> <a href=\"#kreu2\">2<\/a> <a href=\"#kreu3\">3<\/a> <a href=\"#kreu4\">4<\/a> <a href=\"#kreu5\">5<\/a> <a href=\"#kreu6\">6<\/a> <a href=\"#kreu7\">7<\/a> <a href=\"#kreu8\">8<\/a> <a href=\"#kreu9\">9<\/a> <a href=\"#kreu10\">10<\/a> <a href=\"#kreu11\">11<\/a> <a href=\"#kreu12\">12<\/a> <a href=\"#kreu13\">13<\/a> <a href=\"#kreu14\">14<\/a> <a href=\"#kreu15\">15 <\/a><a href=\"#kreu16\">16<\/a> <a href=\"#kreu18\">17<\/a> <a href=\"#kreu18\">18<\/a> <a href=\"#kreu19\">19<\/a> <a href=\"#kreu20\">20 <\/a><a href=\"#kreu21\">21<\/a> <a href=\"#kreu22\">22<\/a> <a href=\"#kreu23\">23<\/a> <a href=\"#kreu24\">24<\/a> <a href=\"#kreu25\">25<\/a> <a href=\"#kreu26\">26<\/a> <a href=\"#kreu27\">27<\/a> <a href=\"#kreu28\">28<\/a><\/h4>\n<\/div><div class=\"fusion-image-element fusion-image-align-center in-legacy-container\" style=\"text-align:center;--awb-caption-title-font-family:var(--h2_typography-font-family);--awb-caption-title-font-weight:var(--h2_typography-font-weight);--awb-caption-title-font-style:var(--h2_typography-font-style);--awb-caption-title-size:var(--h2_typography-font-size);--awb-caption-title-transform:var(--h2_typography-text-transform);--awb-caption-title-line-height:var(--h2_typography-line-height);--awb-caption-title-letter-spacing:var(--h2_typography-letter-spacing);\"><div class=\"imageframe-align-center\"><span class=\" fusion-imageframe imageframe-none imageframe-14 hover-type-none\"><img decoding=\"async\" width=\"645\" height=\"85\" title=\"Decor05_vectorized\" src=\"https:\/\/orthodoxalbania.org\/2020\/wp-content\/uploads\/2020\/04\/Decor05_vectorized.png\" data-orig-src=\"https:\/\/orthodoxalbania.org\/2020\/wp-content\/uploads\/2020\/04\/Decor05_vectorized.png\" alt class=\"lazyload img-responsive wp-image-22680\" srcset=\"data:image\/svg+xml,%3Csvg%20xmlns%3D%27http%3A%2F%2Fwww.w3.org%2F2000%2Fsvg%27%20width%3D%27645%27%20height%3D%2785%27%20viewBox%3D%270%200%20645%2085%27%3E%3Crect%20width%3D%27645%27%20height%3D%2785%27%20fill-opacity%3D%220%22%2F%3E%3C%2Fsvg%3E\" data-srcset=\"https:\/\/orthodoxalbania.org\/2020\/wp-content\/uploads\/2020\/04\/Decor05_vectorized-200x26.png 200w, https:\/\/orthodoxalbania.org\/2020\/wp-content\/uploads\/2020\/04\/Decor05_vectorized-400x53.png 400w, https:\/\/orthodoxalbania.org\/2020\/wp-content\/uploads\/2020\/04\/Decor05_vectorized-600x79.png 600w, https:\/\/orthodoxalbania.org\/2020\/wp-content\/uploads\/2020\/04\/Decor05_vectorized.png 645w\" data-sizes=\"auto\" data-orig-sizes=\"(max-width: 800px) 100vw, 645px\" \/><\/span><\/div><\/div><div class=\"fusion-text fusion-text-38\"><h2 style=\"text-align: center;\"><span class=\"ez-toc-section\" id=\"-13\"><\/span><a id=\"kreu13\"><\/a>-13-<span class=\"ez-toc-section-end\"><\/span><\/h2>\n<\/div><div class=\"fusion-text fusion-text-39\"><p style=\"text-align: justify;\">1 Edhe n\u00eb kish\u00ebn q\u00eb ishte n\u00eb Antioki ishin disa profet\u00eb e m\u00ebsues, Varnava dhe Simeoni q\u00eb quhej Nigjer, dhe Lu\u00e7i Kireneasi, edhe Manaini q\u00eb ishte rritur bashk\u00eb me Herod tetrarkun, edhe Sauli.<br \/>\n2 Edhe nd\u00ebrsa ata ishin duke i sh\u00ebrbyer Zotit e duke agj\u00ebruar, Fryma e Shenjt\u00eb tha: M\u2019i ndani ve\u00e7 Varnav\u00ebn dhe Saulin p\u00ebr at\u00eb pun\u00eb q\u00eb i kam thirrur ata.<br \/>\n3 At\u00ebher\u00eb si agj\u00ebruan e u lut\u00ebn dhe vun\u00eb duart mbi ta, i l\u00ebshuan.<br \/>\n4 K\u00ebta pra pasi u d\u00ebrguan nga Fryma e Shenjt\u00eb, zbrit\u00ebn n\u00eb Selefki, edhe prej andej lundruan p\u00ebr n\u00eb Qipro.<br \/>\n5 Edhe kur erdh\u00ebn n\u00eb Salamin\u00eb, predikuan fjal\u00ebn e Per\u00ebndis\u00eb n\u00ebp\u00ebr sinagogat e Judenjve; dhe kishin edhe Joanin ndihm\u00ebs.<br \/>\n6 Edhe si kaluan ujdhes\u00ebn deri n\u00eb Paf\u00eb, gjet\u00ebn nj\u00ebfar\u00eb magjistari profet t\u00eb rrem\u00eb judeas, q\u00eb e kishte emrin Barjisu,<br \/>\n7 i cili ishte bashk\u00eb me guvernatorin Sergj Pavli, nj\u00eb burr\u00eb i men\u00e7ur. Ky th\u00ebrriti Varnav\u00ebn dhe Saulin, dhe k\u00ebrkoi t\u00eb d\u00ebgjoj\u00eb fjal\u00ebn e Per\u00ebndis\u00eb.<br \/>\n8 Po Elimas magjistari, se k\u00ebshtu p\u00ebrkthehet emri i tij, i kund\u00ebrshtonte ata dhe k\u00ebrkonte ta kthente guvernatorin nga besimi.<br \/>\n9 Po Sauli, q\u00eb quhej edhe Pav\u00ebl, u mbush me Frym\u00eb t\u00eb Shenjt\u00eb, e si hodhi syt\u00eb mbi t\u00eb,<br \/>\n10 tha: O ti q\u00eb je plot me \u00e7do mashtrim e me \u00e7do far\u00eb intrige, bir i djallit, armiku i \u00e7do drejt\u00ebsie, a nuk do t\u00eb pushosh s\u00eb prishuri udh\u00ebt e drejta t\u00eb Zotit?<br \/>\n11 Edhe tani ja dora e Zotit tek \u00ebsht\u00eb mbi ty; edhe do t\u00eb mbetesh i verb\u00ebr, e nuk do t\u00eb shoh\u00ebsh diellin deri n\u00eb nj\u00eb koh\u00eb. Edhe p\u00ebrnj\u00ebher\u00eb ra mbi t\u00eb nj\u00eb mjegull e err\u00ebsir\u00eb, edhe duke ardhur rrotull k\u00ebrkonte njer\u00ebz q\u00eb ta hiqnin prej dore.<br \/>\n12 At\u00ebher\u00eb kur pa guvernatori se \u00e7\u2019u b\u00eb, besoi, edhe \u00e7uditej p\u00ebr m\u00ebsimin e Zotit.<br \/>\n13 Edhe Pavli dhe ata q\u00eb ishin rreth tij, pasi u ngrit\u00ebn me anije nga Pafa, erdh\u00ebn n\u00eb Perg\u00eb t\u00eb Pamfilis\u00eb; edhe Joani u nda nga ata e u kthye n\u00eb Jerusalem.<br \/>\n14 Edhe ata pasi ik\u00ebn nga Perga, erdh\u00ebn n\u00eb Antioki t\u00eb Pisidis\u00eb, dhe si hyn\u00eb n\u00eb sinagog\u00eb dit\u00ebn e shtun\u00eb, ndenj\u00ebn.<br \/>\n15 Edhe pas leximit t\u00eb ligjit dhe t\u00eb profet\u00ebve, t\u00eb par\u00ebt e sinagog\u00ebs d\u00ebrguan tek ata, duke th\u00ebn\u00eb: O burra v\u00ebllez\u00ebr, n\u00ebse keni ndonj\u00eb fjal\u00eb p\u00ebr t\u2019ia m\u00ebsuar popullit, thojeni.<br \/>\n16 At\u00ebher\u00eb Pavli si u ngrit e b\u00ebri shenj\u00eb me dor\u00eb, tha: O burra Izraelit\u00eb, dhe ju q\u00eb keni frik\u00eb Per\u00ebndin\u00eb, pa d\u00ebgjoni.<br \/>\n17 Per\u00ebndia i k\u00ebtij populli, i Izraelit, zgjodhi et\u00ebrit tan\u00eb, edhe ngriti popullin q\u00eb rrinte i huaj n\u00eb dh\u00e9 t\u00eb Egjiptit, e me krah\u00eb t\u00eb lart\u00eb i nxori ata prej tij.<br \/>\n18 Edhe deri n\u00eb dyzet vjet duroi sjelljet e tyre n\u00eb shkret\u00ebtir\u00eb.<br \/>\n19 Edhe pasi prishi shtat\u00eb kombe n\u00eb dh\u00e9 t\u00eb Kanaanit, u ndau atyre me short dheun e tyre.<br \/>\n20 Edhe pastaj p\u00ebr rreth kat\u00ebrqind e pes\u00ebdhjet\u00eb vjet u dha atyre gjykat\u00ebs deri n\u00eb koh\u00ebn e profetit Samuil.<br \/>\n21 Edhe pastaj k\u00ebrkuan mbret, dhe Per\u00ebndia u dha atyre Saulin, t\u00eb birin e Kisit, nj\u00eb burr\u00eb prej far\u00ebs s\u00eb Beniaminit, p\u00ebr dyzet vjet.<br \/>\n22 Edhe si e hoqi at\u00eb, u ngriti atyre Davidin p\u00ebr mbret, p\u00ebr t\u00eb cilin edhe d\u00ebshmoi, duke th\u00ebn\u00eb: \u201cGjeta Davidin, t\u00eb birin e Jeseut, njeri sipas zemr\u00ebs sime, i cili do t\u00eb b\u00ebj\u00eb d\u00ebshirat e mia\u201d.<br \/>\n23 Prej far\u00ebs s\u00eb k\u00ebtij Per\u00ebndia sipas premtimit, i ngriti Izraelit shp\u00ebtimtar Jisuin,<br \/>\n24 pasi Joani predikoi, para se t\u00eb vinte ai, pag\u00ebzim pendimi p\u00ebr gjith\u00eb popullin e Izraelit.<br \/>\n25 Edhe Joani, kur po mbaronte udh\u00ebn e tij, thoshte: Cili pandehni se jam un\u00eb? Un\u00eb nuk jam ai; po ja tek vjen pas meje ai, t\u00eb cilit nuk jam i denj\u00eb t\u2019i zgjidh sandalet e k\u00ebmb\u00ebve.<br \/>\n26 O burra v\u00ebllez\u00ebr, bijt\u00eb e far\u00ebs s\u00eb Abrahamit, edhe sa jan\u00eb nd\u00ebr ju q\u00eb kan\u00eb frik\u00eb Per\u00ebndin\u00eb, te ju u d\u00ebrgua fjala e k\u00ebtij shp\u00ebtimi.<br \/>\n27 Sepse ata q\u00eb rrin\u00eb n\u00eb Jerusalem dhe t\u00eb par\u00ebt e tyre, pasi nuk e njoh\u00ebn k\u00ebt\u00eb, as fjal\u00ebt e profet\u00ebve q\u00eb lexohen \u00e7do t\u00eb shtun\u00eb, i p\u00ebrmbush\u00ebn ato, kur e gjykuan,<br \/>\n28 edhe ndon\u00ebse s\u2019gjet\u00ebn asnj\u00eb faj p\u00ebr vdekje, k\u00ebrkuan prej Pilatit q\u00eb t\u00eb vritet.<br \/>\n29 Edhe pasi mbaruan gjith\u00eb ato q\u00eb ishin shkruar p\u00ebr t\u00eb, e zbrit\u00ebn prej drurit dhe e vun\u00eb n\u00eb varr.<br \/>\n30 Po Per\u00ebndia e ngjalli prej s\u00eb vdekurish.<br \/>\n31 Edhe ai u duk p\u00ebr shum\u00eb dit\u00eb te ata q\u00eb u ngjit\u00ebn bashk\u00eb me t\u00eb prej Galiles\u00eb n\u00eb Jerusalem, t\u00eb cil\u00ebt jan\u00eb d\u00ebshmitar\u00eb t\u00eb tij tek populli.<br \/>\n32 Edhe ne po ju japim juve lajmin e mir\u00eb p\u00ebr premtimin q\u00eb u qe b\u00ebr\u00eb et\u00ebrve, se k\u00ebt\u00eb Per\u00ebndia e p\u00ebrmbushi te ne bijt\u00eb e tyre, duke ngjallur Jisuin,<br \/>\n33 si\u00e7 \u00ebsht\u00eb shkruar edhe n\u00eb Psalmin e dyt\u00eb: \u201cTi je Biri im; un\u00eb sot t\u00eb kam lindur\u201d.<br \/>\n34 Edhe se e ngjalli prej s\u00eb vdekurish, q\u00eb t\u00eb mos kthehet m\u00eb n\u00eb prishje, ka th\u00ebn\u00eb k\u00ebshtu: \u201cSe do t\u2019ju jap juve premtimet e Davidit q\u00eb i premtova me bes\u00eb\u201d.<br \/>\n35 Prandaj edhe n\u00eb nj\u00eb tjet\u00ebr Psalm thot\u00eb: \u201cSe nuk do t\u00eb l\u00ebsh Shenjtin t\u00ebnd t\u00eb shoh\u00eb prishje\u201d.<br \/>\n36 Sepse Davidi, pasi n\u00eb brezin e tij i sh\u00ebrbeu vullnetit t\u00eb Per\u00ebndis\u00eb, fjeti dhe u vu tek et\u00ebrit e tij, edhe pa prishje.<br \/>\n37 Kurse Ai, t\u00eb cilin e ngjalli Per\u00ebndia, nuk pa prishje.<br \/>\n38 Le t\u00eb jet\u00eb pra e ditur p\u00ebr ju, o burra v\u00ebllez\u00ebr, se me an\u00eb t\u00eb k\u00ebtij ju predikohet juve ndjes\u00eb m\u00ebkatesh,<br \/>\n39 edhe prej gjith\u00eb atyre pun\u00ebve q\u00eb nuk mund\u00ebt t\u00eb drejt\u00ebsoheni me an\u00eb t\u00eb ligjit t\u00eb Moisiut, me an\u00eb t\u00eb k\u00ebtij kushdo q\u00eb beson drejt\u00ebsohet.<br \/>\n40 Shikoni pra se mos vij\u00eb te ju ajo q\u00eb \u00ebsht\u00eb th\u00ebn\u00eb prej profet\u00ebve:<br \/>\n41 \u201cShikoni ju q\u00eb m\u00eb p\u00ebr\u00e7moni dhe \u00e7udituni, dhe humbisni; sepse un\u00eb do t\u00eb b\u00ebj nj\u00eb pun\u00eb n\u00eb dit\u00ebt tuaja, nj\u00eb pun\u00eb q\u00eb nuk do ta besoni, n\u00eb jua tregoft\u00eb ndonj\u00eb juve\u201d.<br \/>\n42 Edhe kur po dilnin nga sinagoga e Judenjve, u luteshin kombet t\u2019u thuhen edhe atyre k\u00ebto fjal\u00eb t\u00eb shtun\u00ebn q\u00eb vjen.<br \/>\n43 Edhe si u shp\u00ebrnda sinagoga, shum\u00eb prej Judenjve dhe prej prozelit\u00ebve bes\u00ebtar\u00eb shkuan prapa Pavlit e Varnav\u00ebs, t\u00eb cil\u00ebt duke u folur atyre i bind\u00ebn t\u00eb mbeten n\u00eb hirin e Per\u00ebndis\u00eb.<br \/>\n44 Edhe t\u00eb shtun\u00ebn tjet\u00ebr u mblodh pothuaj gjith\u00eb qyteti, q\u00eb t\u00eb d\u00ebgjonin fjal\u00ebn e Per\u00ebndis\u00eb.<br \/>\n45 Po Judenjt\u00eb, kur pan\u00eb turmat, u mbush\u00ebn me smir\u00eb dhe u kund\u00ebrviheshin th\u00ebnieve t\u00eb Pavlit, duke folur kund\u00ebr e duke blasfemuar.<br \/>\n46 At\u00ebher\u00eb Pavli e Varnava fol\u00ebn me guxim dhe than\u00eb: P\u00ebr ju ishte e nevojshme m\u00eb par\u00eb t\u00eb flitej fjala e Per\u00ebndis\u00eb; po pasi e hidhni posht\u00eb, dhe nuk e gjykoni veten tuaj t\u00eb denj\u00eb p\u00ebr jet\u00ebn e p\u00ebrjetshme, ja tek po kthehemi te kombet;<br \/>\n47 sepse k\u00ebshtu na ka porositur Zoti: \u201cT\u00eb kam v\u00ebn\u00eb p\u00ebr drit\u00eb t\u00eb kombeve, q\u00eb t\u00eb jesh ti p\u00ebr shp\u00ebtim deri n\u00eb an\u00eb t\u00eb dheut\u201d.<br \/>\n48 Edhe kombet kur d\u00ebgjuan, g\u00ebzoheshin e lavd\u00ebronin fjal\u00ebn e Zotit; edhe sa ishin caktuar p\u00ebr jet\u00ebn e p\u00ebrjetshme besuan.<br \/>\n49 Edhe fjala e Zotit p\u00ebrhapej n\u00ebp\u00ebr gjith\u00eb at\u00eb vend.<br \/>\n50 Po Judenjt\u00eb shtynin grat\u00eb e nderuara e me sjellje t\u00eb mira, si dhe t\u00eb par\u00ebt e qytetit, edhe ngrit\u00ebn p\u00ebrndjekje kund\u00ebr Pavlit e Varnav\u00ebs, edhe i nxor\u00ebn nga kufijt\u00eb e tyre.<br \/>\n51 Po ata shkund\u00ebn pluhurin e k\u00ebmb\u00ebve t\u00eb tyre kund\u00ebr atyre dhe erdh\u00ebn n\u00eb Ikoni.<br \/>\n52 Edhe nx\u00ebn\u00ebsit mbusheshin me g\u00ebzim me Frym\u00eb t\u00eb Shenjt\u00eb.<\/p>\n<\/div><div class=\"fusion-text fusion-text-40\"><h3><img decoding=\"async\" class=\"lazyload size-full wp-image-22719 aligncenter\" src=\"https:\/\/orthodoxalbania.org\/2020\/wp-content\/uploads\/2020\/04\/decorend_vectorized.png\" data-orig-src=\"https:\/\/orthodoxalbania.org\/2020\/wp-content\/uploads\/2020\/04\/decorend_vectorized.png\" alt=\"\" width=\"901\" height=\"52\" srcset=\"data:image\/svg+xml,%3Csvg%20xmlns%3D%27http%3A%2F%2Fwww.w3.org%2F2000%2Fsvg%27%20width%3D%27901%27%20height%3D%2752%27%20viewBox%3D%270%200%20901%2052%27%3E%3Crect%20width%3D%27901%27%20height%3D%2752%27%20fill-opacity%3D%220%22%2F%3E%3C%2Fsvg%3E\" data-srcset=\"https:\/\/orthodoxalbania.org\/2020\/wp-content\/uploads\/2020\/04\/decorend_vectorized-200x12.png 200w, https:\/\/orthodoxalbania.org\/2020\/wp-content\/uploads\/2020\/04\/decorend_vectorized-300x17.png 300w, https:\/\/orthodoxalbania.org\/2020\/wp-content\/uploads\/2020\/04\/decorend_vectorized-400x23.png 400w, https:\/\/orthodoxalbania.org\/2020\/wp-content\/uploads\/2020\/04\/decorend_vectorized-600x35.png 600w, https:\/\/orthodoxalbania.org\/2020\/wp-content\/uploads\/2020\/04\/decorend_vectorized-768x44.png 768w, https:\/\/orthodoxalbania.org\/2020\/wp-content\/uploads\/2020\/04\/decorend_vectorized-800x46.png 800w, https:\/\/orthodoxalbania.org\/2020\/wp-content\/uploads\/2020\/04\/decorend_vectorized.png 901w\" data-sizes=\"auto\" data-orig-sizes=\"(max-width: 901px) 100vw, 901px\" \/><\/h3>\n<h4 style=\"text-align: center;\"><a href=\"#kreu1\">1<\/a> <a href=\"#kreu2\">2<\/a> <a href=\"#kreu3\">3<\/a> <a href=\"#kreu4\">4<\/a> <a href=\"#kreu5\">5<\/a> <a href=\"#kreu6\">6<\/a> <a href=\"#kreu7\">7<\/a> <a href=\"#kreu8\">8<\/a> <a href=\"#kreu9\">9<\/a> <a href=\"#kreu10\">10<\/a> <a href=\"#kreu11\">11<\/a> <a href=\"#kreu12\">12<\/a> <a href=\"#kreu13\">13<\/a> <a href=\"#kreu14\">14<\/a> <a href=\"#kreu15\">15 <\/a><a href=\"#kreu16\">16<\/a> <a href=\"#kreu18\">17<\/a> <a href=\"#kreu18\">18<\/a> <a href=\"#kreu19\">19<\/a> <a href=\"#kreu20\">20 <\/a><a href=\"#kreu21\">21<\/a> <a href=\"#kreu22\">22<\/a> <a href=\"#kreu23\">23<\/a> <a href=\"#kreu24\">24<\/a> <a href=\"#kreu25\">25<\/a> <a href=\"#kreu26\">26<\/a> <a href=\"#kreu27\">27<\/a> <a href=\"#kreu28\">28<\/a><\/h4>\n<\/div><div class=\"fusion-image-element fusion-image-align-center in-legacy-container\" style=\"text-align:center;--awb-caption-title-font-family:var(--h2_typography-font-family);--awb-caption-title-font-weight:var(--h2_typography-font-weight);--awb-caption-title-font-style:var(--h2_typography-font-style);--awb-caption-title-size:var(--h2_typography-font-size);--awb-caption-title-transform:var(--h2_typography-text-transform);--awb-caption-title-line-height:var(--h2_typography-line-height);--awb-caption-title-letter-spacing:var(--h2_typography-letter-spacing);\"><div class=\"imageframe-align-center\"><span class=\" fusion-imageframe imageframe-none imageframe-15 hover-type-none\"><img decoding=\"async\" width=\"645\" height=\"85\" title=\"Decor05_vectorized\" src=\"https:\/\/orthodoxalbania.org\/2020\/wp-content\/uploads\/2020\/04\/Decor05_vectorized.png\" data-orig-src=\"https:\/\/orthodoxalbania.org\/2020\/wp-content\/uploads\/2020\/04\/Decor05_vectorized.png\" alt class=\"lazyload img-responsive wp-image-22680\" srcset=\"data:image\/svg+xml,%3Csvg%20xmlns%3D%27http%3A%2F%2Fwww.w3.org%2F2000%2Fsvg%27%20width%3D%27645%27%20height%3D%2785%27%20viewBox%3D%270%200%20645%2085%27%3E%3Crect%20width%3D%27645%27%20height%3D%2785%27%20fill-opacity%3D%220%22%2F%3E%3C%2Fsvg%3E\" data-srcset=\"https:\/\/orthodoxalbania.org\/2020\/wp-content\/uploads\/2020\/04\/Decor05_vectorized-200x26.png 200w, https:\/\/orthodoxalbania.org\/2020\/wp-content\/uploads\/2020\/04\/Decor05_vectorized-400x53.png 400w, https:\/\/orthodoxalbania.org\/2020\/wp-content\/uploads\/2020\/04\/Decor05_vectorized-600x79.png 600w, https:\/\/orthodoxalbania.org\/2020\/wp-content\/uploads\/2020\/04\/Decor05_vectorized.png 645w\" data-sizes=\"auto\" data-orig-sizes=\"(max-width: 800px) 100vw, 645px\" \/><\/span><\/div><\/div><div class=\"fusion-text fusion-text-41\"><h2 style=\"text-align: center;\"><span class=\"ez-toc-section\" id=\"-14\"><\/span><a id=\"kreu14\"><\/a>-14-<span class=\"ez-toc-section-end\"><\/span><\/h2>\n<\/div><div class=\"fusion-text fusion-text-42\"><p style=\"text-align: justify;\">1 Edhe n\u00eb Ikoni hyn\u00eb bashk\u00eb n\u00eb sinagog\u00ebn e Judenjve, dhe fol\u00ebn k\u00ebshtu, sa besuan nj\u00eb shumic\u00eb e madhe prej Judenjve e prej Grek\u00ebve.<br \/>\n2 Po Judenjt\u00eb q\u00eb nuk bindeshin ndez\u00ebn dhe prish\u00ebn shpirtrat e kombeve kund\u00ebr v\u00ebllez\u00ebrve.<br \/>\n3 Mjaft koh\u00eb pra ndenj\u00ebn atje duke folur me guxim p\u00ebr Zotin, i cili d\u00ebshmonte p\u00ebr fjal\u00ebn e hirit t\u00eb tij dhe jepte t\u00eb b\u00ebhen shenja e \u00e7udira me an\u00eb t\u00eb duarve t\u00eb tyre.<br \/>\n4 Edhe shumica e qytetit u p\u00ebr\u00e7a; e disa ishin me Judenjt\u00eb, e disa me apostujt.<br \/>\n5 Edhe kur v\u00ebrshuan kombet e Judenjt\u00eb bashk\u00eb me t\u00eb par\u00ebt e tyre, q\u00eb t\u2019i shajn\u00eb e t\u2019i vrasin me gur\u00eb,<br \/>\n6 ata e mor\u00ebn vesh, dhe ik\u00ebn n\u00eb qytetet e Likaonis\u00eb, List\u00ebr e Derv\u00eb, edhe n\u00eb vendet p\u00ebrrreth.<br \/>\n7 Dhe atje predikonin Ungjillin.<br \/>\n8 Edhe n\u00eb List\u00ebr rrinte nj\u00eb njeri i dob\u00ebt nga k\u00ebmb\u00ebt, sepse ishte i \u00e7al\u00eb q\u00eb nga barku i s\u00eb \u00ebm\u00ebs, i cili kurr\u00eb s\u2019kishte ecur.<br \/>\n9 Ky d\u00ebgjonte duke folur Pavlin, i cili, si hodhi syt\u00eb mbi t\u00eb dhe pa se kishte besim p\u00ebr t\u00eb shp\u00ebtuar,<br \/>\n10 tha me z\u00eb t\u00eb madh: Ngrihu drejt m\u00eb k\u00ebmb\u00eb. Edhe ai k\u00ebrcente dhe ecte.<br \/>\n11 Edhe turmat kur pan\u00eb se \u00e7\u2019b\u00ebri Pavli, ngrit\u00ebn z\u00ebrin e tyre, duke th\u00ebn\u00eb likaonisht: Per\u00ebndit\u00eb u sh\u00ebmb\u00ebllyen me njer\u00ebz e zbrit\u00ebn te ne.<br \/>\n12 Edhe e quanin Varnav\u00ebn Zeus, edhe Pavlin Hermes; sepse ky ishte fol\u00ebsi i par\u00eb.<br \/>\n13 At\u00ebher\u00eb prifti i Zeusit q\u00eb ishte p\u00ebrpara qytetit t\u00eb tyre pruri dema e kurora p\u00ebrpara dyerve, dhe bashk\u00eb me turm\u00ebn donte t\u00eb b\u00ebnte flijime.<br \/>\n14 Po apostujt Varnava dhe Pavli, kur d\u00ebgjuan, \u00e7or\u00ebn rrobat e tyre e u hodh\u00ebn n\u00eb mes turm\u00ebs, duke thirrur,<br \/>\n15 E duke th\u00ebn\u00eb: O burra, pse i b\u00ebni k\u00ebto? Edhe ne jemi njer\u00ebz q\u00eb p\u00ebsojm\u00eb si edhe ju, dhe ju predikojm\u00eb t\u00eb ktheheni nga k\u00ebto kot\u00ebsi n\u00eb Per\u00ebndin\u00eb e gjall\u00eb, q\u00eb b\u00ebri qiellin e dhen\u00eb dhe detin edhe gjith\u00eb \u00e7\u2019jan\u00eb n\u00eb to;<br \/>\n16 i cili n\u00eb brezat q\u00eb shkuan la gjith\u00eb kombet t\u00eb ecin n\u00eb udh\u00ebn e tyre;<br \/>\n17 ndon\u00ebse nuk e la veten e tij pa d\u00ebshmi, duke b\u00ebr\u00eb mir\u00eb e duke na dh\u00ebn\u00eb neve nga qielli shira e koh\u00ebra frutdh\u00ebn\u00ebse, e duke mbushur zemrat tona me ushqim e me g\u00ebzim.<br \/>\n18 Edhe duke th\u00ebn\u00eb k\u00ebto, mezi ndaluan turm\u00ebn q\u00eb t\u00eb mos u b\u00ebjn\u00eb atyre flijime.<br \/>\n19 Edhe n\u00eb k\u00ebto e sip\u00ebr erdh\u00ebn disa Judenj nga Antiokia e nga Ikonia, dhe i mbush\u00ebn mendjen turm\u00ebs, e godit\u00ebn me gur\u00eb Pavlin dhe e zvarrit\u00ebn jasht\u00eb qytetit, sepse pandeh\u00ebn se vdiq.<br \/>\n20 Po kur e qarkuan nx\u00ebn\u00ebsit, u ngrit e hyri n\u00eb qytet, dhe t\u00eb nes\u00ebrmen doli bashk\u00eb me Varnav\u00ebn n\u00eb Derv\u00eb.<br \/>\n21 Edhe pasi predikuan ungjillin n\u00eb at\u00eb qytet dhe b\u00ebn\u00eb mjaft nx\u00ebn\u00ebs, u kthyen n\u00eb List\u00ebr e n\u00eb Ikoni e n\u00eb Antioki,<br \/>\n22 duke forcuar shpirtrat e nx\u00ebn\u00ebsve, e duke i nxitur ata t\u00eb q\u00ebndrojn\u00eb n\u00eb besim, edhe se me shum\u00eb shtr\u00ebngime duhet t\u00eb hyjm\u00eb n\u00eb mbret\u00ebrin\u00eb e Per\u00ebndis\u00eb.<br \/>\n23 Edhe si u dor\u00ebzuan atyre pleq n\u00eb \u00e7do kish\u00eb, edhe u lut\u00ebn me agj\u00ebrime, i lan\u00eb te Zoti q\u00eb i kishin besuar.<br \/>\n24 Edhe si shkuan n\u00ebp\u00ebr Pisidi, erdh\u00ebn n\u00eb Pamfili;<br \/>\n25 edhe si fol\u00ebn fjal\u00ebn n\u00eb Perg\u00eb, zbrit\u00ebn n\u00eb Atali.<br \/>\n26 Edhe s\u00eb andejmi lundruan p\u00ebr n\u00eb Antioki, atje ku ishin dh\u00ebn\u00eb n\u00eb hirin e Per\u00ebndis\u00eb p\u00ebr pun\u00ebn q\u00eb mbaruan.<br \/>\n27 Edhe si erdh\u00ebn, mblodh\u00ebn kish\u00ebn, dhe u treguan atyre sa b\u00ebri Per\u00ebndia me an\u00eb t\u00eb tyre, edhe se hapi n\u00eb kombet der\u00ebn e besimit.<br \/>\n28 Edhe ndenj\u00ebn atje shum\u00eb koh\u00eb bashk\u00eb me nx\u00ebn\u00ebsit.<\/p>\n<\/div><div class=\"fusion-text fusion-text-43\"><h3><img decoding=\"async\" class=\"lazyload size-full wp-image-22719 aligncenter\" src=\"https:\/\/orthodoxalbania.org\/2020\/wp-content\/uploads\/2020\/04\/decorend_vectorized.png\" data-orig-src=\"https:\/\/orthodoxalbania.org\/2020\/wp-content\/uploads\/2020\/04\/decorend_vectorized.png\" alt=\"\" width=\"901\" height=\"52\" srcset=\"data:image\/svg+xml,%3Csvg%20xmlns%3D%27http%3A%2F%2Fwww.w3.org%2F2000%2Fsvg%27%20width%3D%27901%27%20height%3D%2752%27%20viewBox%3D%270%200%20901%2052%27%3E%3Crect%20width%3D%27901%27%20height%3D%2752%27%20fill-opacity%3D%220%22%2F%3E%3C%2Fsvg%3E\" data-srcset=\"https:\/\/orthodoxalbania.org\/2020\/wp-content\/uploads\/2020\/04\/decorend_vectorized-200x12.png 200w, https:\/\/orthodoxalbania.org\/2020\/wp-content\/uploads\/2020\/04\/decorend_vectorized-300x17.png 300w, https:\/\/orthodoxalbania.org\/2020\/wp-content\/uploads\/2020\/04\/decorend_vectorized-400x23.png 400w, https:\/\/orthodoxalbania.org\/2020\/wp-content\/uploads\/2020\/04\/decorend_vectorized-600x35.png 600w, https:\/\/orthodoxalbania.org\/2020\/wp-content\/uploads\/2020\/04\/decorend_vectorized-768x44.png 768w, https:\/\/orthodoxalbania.org\/2020\/wp-content\/uploads\/2020\/04\/decorend_vectorized-800x46.png 800w, https:\/\/orthodoxalbania.org\/2020\/wp-content\/uploads\/2020\/04\/decorend_vectorized.png 901w\" data-sizes=\"auto\" data-orig-sizes=\"(max-width: 901px) 100vw, 901px\" \/><\/h3>\n<h4 style=\"text-align: center;\"><a href=\"#kreu1\">1<\/a> <a href=\"#kreu2\">2<\/a> <a href=\"#kreu3\">3<\/a> <a href=\"#kreu4\">4<\/a> <a href=\"#kreu5\">5<\/a> <a href=\"#kreu6\">6<\/a> <a href=\"#kreu7\">7<\/a> <a href=\"#kreu8\">8<\/a> <a href=\"#kreu9\">9<\/a> <a href=\"#kreu10\">10<\/a> <a href=\"#kreu11\">11<\/a> <a href=\"#kreu12\">12<\/a> <a href=\"#kreu13\">13<\/a> <a href=\"#kreu14\">14<\/a> <a href=\"#kreu15\">15 <\/a><a href=\"#kreu16\">16<\/a> <a href=\"#kreu18\">17<\/a> <a href=\"#kreu18\">18<\/a> <a href=\"#kreu19\">19<\/a> <a href=\"#kreu20\">20 <\/a><a href=\"#kreu21\">21<\/a> <a href=\"#kreu22\">22<\/a> <a href=\"#kreu23\">23<\/a> <a href=\"#kreu24\">24<\/a> <a href=\"#kreu25\">25<\/a> <a href=\"#kreu26\">26<\/a> <a href=\"#kreu27\">27<\/a> <a href=\"#kreu28\">28<\/a><\/h4>\n<\/div><div class=\"fusion-image-element fusion-image-align-center in-legacy-container\" style=\"text-align:center;--awb-caption-title-font-family:var(--h2_typography-font-family);--awb-caption-title-font-weight:var(--h2_typography-font-weight);--awb-caption-title-font-style:var(--h2_typography-font-style);--awb-caption-title-size:var(--h2_typography-font-size);--awb-caption-title-transform:var(--h2_typography-text-transform);--awb-caption-title-line-height:var(--h2_typography-line-height);--awb-caption-title-letter-spacing:var(--h2_typography-letter-spacing);\"><div class=\"imageframe-align-center\"><span class=\" fusion-imageframe imageframe-none imageframe-16 hover-type-none\"><img decoding=\"async\" width=\"645\" height=\"85\" title=\"Decor05_vectorized\" src=\"https:\/\/orthodoxalbania.org\/2020\/wp-content\/uploads\/2020\/04\/Decor05_vectorized.png\" data-orig-src=\"https:\/\/orthodoxalbania.org\/2020\/wp-content\/uploads\/2020\/04\/Decor05_vectorized.png\" alt class=\"lazyload img-responsive wp-image-22680\" srcset=\"data:image\/svg+xml,%3Csvg%20xmlns%3D%27http%3A%2F%2Fwww.w3.org%2F2000%2Fsvg%27%20width%3D%27645%27%20height%3D%2785%27%20viewBox%3D%270%200%20645%2085%27%3E%3Crect%20width%3D%27645%27%20height%3D%2785%27%20fill-opacity%3D%220%22%2F%3E%3C%2Fsvg%3E\" data-srcset=\"https:\/\/orthodoxalbania.org\/2020\/wp-content\/uploads\/2020\/04\/Decor05_vectorized-200x26.png 200w, https:\/\/orthodoxalbania.org\/2020\/wp-content\/uploads\/2020\/04\/Decor05_vectorized-400x53.png 400w, https:\/\/orthodoxalbania.org\/2020\/wp-content\/uploads\/2020\/04\/Decor05_vectorized-600x79.png 600w, https:\/\/orthodoxalbania.org\/2020\/wp-content\/uploads\/2020\/04\/Decor05_vectorized.png 645w\" data-sizes=\"auto\" data-orig-sizes=\"(max-width: 800px) 100vw, 645px\" \/><\/span><\/div><\/div><div class=\"fusion-text fusion-text-44\"><h2 style=\"text-align: center;\"><span class=\"ez-toc-section\" id=\"-15\"><\/span><a id=\"kreu15\"><\/a>-15-<span class=\"ez-toc-section-end\"><\/span><\/h2>\n<\/div><div class=\"fusion-text fusion-text-45\"><p style=\"text-align: justify;\">1 Edhe ca veta q\u00eb zbrit\u00ebn nga Judea m\u00ebsonin v\u00ebllez\u00ebrit se n\u00eb mos u rrethprefshi sipas zakonit t\u00eb Moisiut, nuk mund t\u00eb shp\u00ebtoni.<br \/>\n2 Po pasi Pavli dhe Varnava u q\u00ebndruan kund\u00ebr dhe u h\u00ebngr\u00ebn jo pak me fjal\u00eb me ata, vendos\u00ebn q\u00eb Pavli e Varnava dhe disa t\u00eb tjer\u00eb nga ata t\u00eb ngjiten tek apostujt dhe te pleqt\u00eb n\u00eb Jerusalem p\u00ebr k\u00ebt\u00eb \u00e7\u00ebshtje.<br \/>\n3 Ata pra si u p\u00ebrcoll\u00ebn nga kisha, shkonin n\u00ebp\u00ebr Finik\u00eb e n\u00ebp\u00ebr Samari, duke treguar kthimin e kombeve; dhe u sillnin g\u00ebzim t\u00eb madh gjith\u00eb v\u00ebllez\u00ebrve.<br \/>\n4 Edhe kur erdh\u00ebn n\u00eb Jerusalem, u prit\u00ebn prej kish\u00ebs e prej apostujve e prej pleqve, edhe njoftuan p\u00ebr gjith\u00eb sa b\u00ebri Per\u00ebndia me an\u00eb t\u00eb tyre.<br \/>\n5 Po u ngrit\u00ebn disa nga sekti i Farisenjve q\u00eb kishin besuar, e thoshin se duhet t\u2019i rrethpresim ata e t\u2019i porositim t\u00eb ruajn\u00eb ligjin e Moisiut.<br \/>\n6 Edhe u mblodh\u00ebn apostujt e pleqt\u00eb t\u00eb shikojn\u00eb p\u00ebr k\u00ebt\u00eb \u00e7\u00ebshtje.<br \/>\n7 Edhe pasi u b\u00ebn\u00eb shum\u00eb diskutime, u ngrit Pjetri, e u tha atyre: O burra v\u00ebllez\u00ebr, ju e dini se q\u00eb n\u00eb dit\u00ebt e lashta Per\u00ebndia n\u00eb mes ton\u00eb zgjodhi q\u00eb me an\u00eb t\u00eb goj\u00ebs sime t\u00eb d\u00ebgjojn\u00eb kombet fjal\u00ebn e ungjillit dhe t\u00eb besojn\u00eb.<br \/>\n8 Edhe zem\u00ebrnjoh\u00ebsi Per\u00ebndi dha d\u00ebshmi tek ata, duke u dh\u00ebn\u00eb atyre Frym\u00ebn e Shenjt\u00eb sikurse edhe neve.<br \/>\n9 Edhe nuk b\u00ebri ndonj\u00eb dallim n\u00eb mes ton\u00eb e atyre, duke pastruar zemrat e tyre me an\u00eb t\u00eb besimit.<br \/>\n10 Tani pra p\u00ebrse ngisni Per\u00ebndin\u00eb, e k\u00ebrkoni t\u00eb vini mbi qaf\u00ebn e nx\u00ebn\u00ebsve nj\u00eb zgjedh\u00eb, t\u00eb cil\u00ebn as et\u00ebrit tan\u00eb, as ne nuk mund\u00ebm ta mbajm\u00eb?<br \/>\n11 Po me an\u00eb t\u00eb hirit t\u00eb Zotit Jisu Krisht besojm\u00eb se do t\u00eb shp\u00ebtojm\u00eb, sikurse edhe ata.<br \/>\n12 Edhe gjith\u00eb populli heshti dhe d\u00ebgjonin Varnav\u00ebn e Pavlin q\u00eb tregonin sa shenja e \u00e7udira b\u00ebri Per\u00ebndia me an\u00eb t\u00eb tyre n\u00eb mes kombeve.<br \/>\n13 Edhe si pushuan ata, u p\u00ebrgjigj Jakovi, duke th\u00ebn\u00eb: O burra v\u00ebllez\u00ebr, pa m\u00eb d\u00ebgjoni.<br \/>\n14 Simeoni shpjegoi me \u00e7far\u00eb m\u00ebnyre Per\u00ebndia t\u00eb par\u00ebn her\u00eb hodhi syt\u00eb mbi kombet, q\u00eb t\u00eb marr\u00eb prej tyre nj\u00eb popull p\u00ebr emrin e tij.<br \/>\n15 Edhe me k\u00ebt\u00eb jan\u00eb nj\u00eb fjal\u00ebt e profet\u00ebve, si\u00e7 \u00ebsht\u00eb shkruar:<br \/>\n16 \u201cPas k\u00ebtyre do t\u00eb kthehem e do t\u00eb nd\u00ebrtoj p\u00ebrs\u00ebri tend\u00ebn e Davidit q\u00eb \u00ebsht\u00eb rr\u00ebzuar; edhe rr\u00ebnojat e saj do t\u2019i nd\u00ebrtoj p\u00ebrs\u00ebri, edhe do ta ngre at\u00eb m\u00eb k\u00ebmb\u00eb;<br \/>\n17 q\u00eb t\u00eb k\u00ebrkojn\u00eb Zotin njer\u00ebzit e tjer\u00eb dhe gjith\u00eb kombet, n\u00eb t\u00eb cil\u00ebt th\u00ebrritet emri im, thot\u00eb Zoti q\u00eb i b\u00ebn k\u00ebto t\u00eb gjitha\u201d.<br \/>\n18 Q\u00eb prej jete i jan\u00eb t\u00eb njohura Per\u00ebndis\u00eb gjith\u00eb pun\u00ebt e tij.<br \/>\n19 Prandaj un\u00eb e shoh t\u00eb udh\u00ebs t\u00eb mos i ngasim ata q\u00eb kthehen nga kombet te Per\u00ebndia.<br \/>\n20 Po t\u2019u shkruajm\u00eb atyre t\u00eb heqin dor\u00eb nga ndyr\u00ebsit\u00eb e idhujve dhe nga kurv\u00ebria, dhe nga kafsha e mbytur, dhe nga gjaku.<br \/>\n21 Sepse Moisiu q\u00eb prej brezash t\u00eb lasht\u00eb ka n\u00eb \u00e7do qytet ata q\u00eb e predikojn\u00eb at\u00eb n\u00ebp\u00ebr sinagogat, ku lexohet \u00e7do t\u00eb shtun\u00eb.<br \/>\n22 At\u00ebher\u00eb iu duk e p\u00eblqyeshme apostujve dhe pleqve bashk\u00eb me gjith\u00eb kish\u00ebn t\u00eb zgjedhin burra nga mesi i tyre, dhe t\u2019i d\u00ebrgojn\u00eb n\u00eb Antioki bashk\u00eb me Pavlin e me Varnav\u00ebn; dhe zgjodh\u00ebn Jud\u00ebn e mbiquajtur Varsava, dhe Sil\u00ebn, njer\u00ebz t\u00eb par\u00eb nd\u00ebr v\u00ebllez\u00ebrit.<br \/>\n23 Edhe u shkruan me an\u00eb t\u00eb dor\u00ebs s\u00eb tyre k\u00ebto: Apostujt dhe pleqt\u00eb e v\u00ebllez\u00ebrit, v\u00ebllez\u00ebrve prej kombeve n\u00ebp\u00ebr Antioki e n\u00ebp\u00ebr Siri e n\u00ebp\u00ebr Kiliki, p\u00ebrsh\u00ebndetje.<br \/>\n24 Pasi d\u00ebgjuam se erdh\u00ebn disa prej nesh, e ju turbulluan ju me fjal\u00eb, edhe prish\u00ebn shpirtrat tuaj, duke th\u00ebn\u00eb t\u00eb rrethpriteni e t\u00eb ruani ligjin, t\u00eb cil\u00ebt ne nuk i porosit\u00ebm p\u00ebr k\u00ebt\u00eb;<br \/>\n25 na u duk e p\u00eblqyeshme neve q\u00eb jemi mbledhur bashk\u00eb me nj\u00eb zem\u00ebr, t\u00eb zgjedhim njer\u00ebz, edhe t\u2019i d\u00ebrgojm\u00eb te ju bashk\u00eb me t\u00eb dashurit tan\u00eb Varnav\u00eb dhe Pav\u00ebl,<br \/>\n26 njer\u00ebz q\u00eb kan\u00eb dh\u00ebn\u00eb jet\u00ebt e tyre p\u00ebr emrin e Zotit ton\u00eb Jisu Krisht.<br \/>\n27 D\u00ebrguam pra Jud\u00ebn dhe Sil\u00ebn, q\u00eb t\u2019ju thon\u00eb edhe ata me goj\u00eb po ato.<br \/>\n28 Sepse iu duk e p\u00eblqyeshme Frym\u00ebs s\u00eb Shenjt\u00eb edhe neve, t\u00eb mos ju v\u00ebm\u00eb juve tjet\u00ebr barr\u00eb p\u00ebrve\u00e7 k\u00ebtyre q\u00eb jan\u00eb t\u00eb nevojshme:<br \/>\n29 T\u00eb hiqni dor\u00eb nga kurban\u00ebt e idhujve dhe nga gjaku, edhe nga kafsha e mbytur, edhe nga kurv\u00ebria; n\u00ebse ruani veten tuaj nga k\u00ebto, do t\u00eb b\u00ebni mir\u00eb. Qofshi me sh\u00ebndet.<br \/>\n30 K\u00ebta pra si u d\u00ebrguan, erdh\u00ebn n\u00eb Antioki; dhe mblodh\u00ebn njer\u00ebzit e u dor\u00ebzuan atyre letr\u00ebn.<br \/>\n31 Edhe ata, si e lexuan, u g\u00ebzuan p\u00ebr ngush\u00ebllimin.<br \/>\n32 Edhe Juda dhe Sila, q\u00eb edhe ata ishin profet\u00eb, ngush\u00eblluan v\u00ebllez\u00ebrit me shum\u00eb fjal\u00eb, e i forcuan.<br \/>\n33 Edhe si ndenj\u00ebn atje disa koh\u00eb, u d\u00ebrguan prap\u00eb me paqe nga v\u00ebllez\u00ebrit tek apostujt.<br \/>\n34 Po Sil\u00ebs i p\u00eblqeu t\u00eb mbetet aty.<br \/>\n35 Edhe Pavli e Varnava rrinin n\u00eb Antioki, duke m\u00ebsuar e duke predikuar fjal\u00ebn e Zotit, bashk\u00eb me shum\u00eb t\u00eb tjer\u00eb.<br \/>\n36 Edhe pas disa dit\u00ebsh Pavli i tha Varnav\u00ebs: Le t\u00eb kthehemi tani t\u00eb shohim si jan\u00eb v\u00ebllez\u00ebrit tan\u00eb n\u00eb \u00e7do qytet ku dham\u00eb lajmin e mir\u00eb p\u00ebr Zotin.<br \/>\n37 Edhe Varnava donte t\u00eb merrte me vete Joanin q\u00eb quhej Mark.<br \/>\n38 Po Pavlit nuk iu duk e p\u00eblqyeshme t\u00eb marr\u00eb me vete at\u00eb q\u00eb qe ndar\u00eb prej tyre nga Pamfilia, dhe nuk erdhi me ta n\u00eb pun\u00eb.<br \/>\n39 Ndodhi pra nj\u00eb grindje, kaq sa ata u ndan\u00eb nj\u00ebri prej tjetrit; edhe Varnava mori me vete Markun dhe lundroi p\u00ebr n\u00eb Qipro.<br \/>\n40 Po Pavli zgjodhi Sil\u00ebn dhe doli, si u dor\u00ebzua prej v\u00ebllez\u00ebrve n\u00eb hir t\u00eb Per\u00ebndis\u00eb.<br \/>\n41 Edhe shkuan n\u00ebp\u00ebr Siri e n\u00ebp\u00ebr Kiliki, duke forcuar kishat.<\/p>\n<\/div><div class=\"fusion-text fusion-text-46\"><h3><img decoding=\"async\" class=\"lazyload size-full wp-image-22719 aligncenter\" src=\"https:\/\/orthodoxalbania.org\/2020\/wp-content\/uploads\/2020\/04\/decorend_vectorized.png\" data-orig-src=\"https:\/\/orthodoxalbania.org\/2020\/wp-content\/uploads\/2020\/04\/decorend_vectorized.png\" alt=\"\" width=\"901\" height=\"52\" srcset=\"data:image\/svg+xml,%3Csvg%20xmlns%3D%27http%3A%2F%2Fwww.w3.org%2F2000%2Fsvg%27%20width%3D%27901%27%20height%3D%2752%27%20viewBox%3D%270%200%20901%2052%27%3E%3Crect%20width%3D%27901%27%20height%3D%2752%27%20fill-opacity%3D%220%22%2F%3E%3C%2Fsvg%3E\" data-srcset=\"https:\/\/orthodoxalbania.org\/2020\/wp-content\/uploads\/2020\/04\/decorend_vectorized-200x12.png 200w, https:\/\/orthodoxalbania.org\/2020\/wp-content\/uploads\/2020\/04\/decorend_vectorized-300x17.png 300w, https:\/\/orthodoxalbania.org\/2020\/wp-content\/uploads\/2020\/04\/decorend_vectorized-400x23.png 400w, https:\/\/orthodoxalbania.org\/2020\/wp-content\/uploads\/2020\/04\/decorend_vectorized-600x35.png 600w, https:\/\/orthodoxalbania.org\/2020\/wp-content\/uploads\/2020\/04\/decorend_vectorized-768x44.png 768w, https:\/\/orthodoxalbania.org\/2020\/wp-content\/uploads\/2020\/04\/decorend_vectorized-800x46.png 800w, https:\/\/orthodoxalbania.org\/2020\/wp-content\/uploads\/2020\/04\/decorend_vectorized.png 901w\" data-sizes=\"auto\" data-orig-sizes=\"(max-width: 901px) 100vw, 901px\" \/><\/h3>\n<h4 style=\"text-align: center;\"><a href=\"#kreu1\">1<\/a> <a href=\"#kreu2\">2<\/a> <a href=\"#kreu3\">3<\/a> <a href=\"#kreu4\">4<\/a> <a href=\"#kreu5\">5<\/a> <a href=\"#kreu6\">6<\/a> <a href=\"#kreu7\">7<\/a> <a href=\"#kreu8\">8<\/a> <a href=\"#kreu9\">9<\/a> <a href=\"#kreu10\">10<\/a> <a href=\"#kreu11\">11<\/a> <a href=\"#kreu12\">12<\/a> <a href=\"#kreu13\">13<\/a> <a href=\"#kreu14\">14<\/a> <a href=\"#kreu15\">15 <\/a><a href=\"#kreu16\">16<\/a> <a href=\"#kreu18\">17<\/a> <a href=\"#kreu18\">18<\/a> <a href=\"#kreu19\">19<\/a> <a href=\"#kreu20\">20 <\/a><a href=\"#kreu21\">21<\/a> <a href=\"#kreu22\">22<\/a> <a href=\"#kreu23\">23<\/a> <a href=\"#kreu24\">24<\/a> <a href=\"#kreu25\">25<\/a> <a href=\"#kreu26\">26<\/a> <a href=\"#kreu27\">27<\/a> <a href=\"#kreu28\">28<\/a><\/h4>\n<\/div><div class=\"fusion-image-element fusion-image-align-center in-legacy-container\" style=\"text-align:center;--awb-caption-title-font-family:var(--h2_typography-font-family);--awb-caption-title-font-weight:var(--h2_typography-font-weight);--awb-caption-title-font-style:var(--h2_typography-font-style);--awb-caption-title-size:var(--h2_typography-font-size);--awb-caption-title-transform:var(--h2_typography-text-transform);--awb-caption-title-line-height:var(--h2_typography-line-height);--awb-caption-title-letter-spacing:var(--h2_typography-letter-spacing);\"><div class=\"imageframe-align-center\"><span class=\" fusion-imageframe imageframe-none imageframe-17 hover-type-none\"><img decoding=\"async\" width=\"645\" height=\"85\" title=\"Decor05_vectorized\" src=\"https:\/\/orthodoxalbania.org\/2020\/wp-content\/uploads\/2020\/04\/Decor05_vectorized.png\" data-orig-src=\"https:\/\/orthodoxalbania.org\/2020\/wp-content\/uploads\/2020\/04\/Decor05_vectorized.png\" alt class=\"lazyload img-responsive wp-image-22680\" srcset=\"data:image\/svg+xml,%3Csvg%20xmlns%3D%27http%3A%2F%2Fwww.w3.org%2F2000%2Fsvg%27%20width%3D%27645%27%20height%3D%2785%27%20viewBox%3D%270%200%20645%2085%27%3E%3Crect%20width%3D%27645%27%20height%3D%2785%27%20fill-opacity%3D%220%22%2F%3E%3C%2Fsvg%3E\" data-srcset=\"https:\/\/orthodoxalbania.org\/2020\/wp-content\/uploads\/2020\/04\/Decor05_vectorized-200x26.png 200w, https:\/\/orthodoxalbania.org\/2020\/wp-content\/uploads\/2020\/04\/Decor05_vectorized-400x53.png 400w, https:\/\/orthodoxalbania.org\/2020\/wp-content\/uploads\/2020\/04\/Decor05_vectorized-600x79.png 600w, https:\/\/orthodoxalbania.org\/2020\/wp-content\/uploads\/2020\/04\/Decor05_vectorized.png 645w\" data-sizes=\"auto\" data-orig-sizes=\"(max-width: 800px) 100vw, 645px\" \/><\/span><\/div><\/div><div class=\"fusion-text fusion-text-47\"><h2 style=\"text-align: center;\"><span class=\"ez-toc-section\" id=\"-16\"><\/span><a id=\"kreu16\"><\/a>-16-<span class=\"ez-toc-section-end\"><\/span><\/h2>\n<\/div><div class=\"fusion-text fusion-text-48\"><p style=\"text-align: justify;\">1 Edhe arriti n\u00eb Derv\u00eb e n\u00eb List\u00ebr; edhe ja tek ishte atje nj\u00eb nx\u00ebn\u00ebs q\u00eb quhej Timothe, i biri i nj\u00eb gruaje judease besimtare, dhe i nj\u00eb ati grek,<br \/>\n2 p\u00ebr t\u00eb cilin jepej d\u00ebshmi e mir\u00eb prej v\u00ebllez\u00ebrve q\u00eb ishin n\u00eb List\u00ebr e n\u00eb Ikoni.<br \/>\n3 K\u00ebt\u00eb e deshi Pavli q\u00eb t\u00eb dal\u00eb bashk\u00eb me t\u00eb; dhe si e mori, e rrethpreu, p\u00ebr shkak t\u00eb Judenjve q\u00eb ishin n\u00eb ato vende, sepse t\u00eb gjith\u00eb e njihnin t\u00eb atin e tij se ishte grek.<br \/>\n4 Edhe duke shkuar n\u00ebp\u00ebr qytetet, u linin atyre porosi t\u00eb ruajn\u00eb dogmat q\u00eb ishin urdh\u00ebruar nga apostujt e nga pleqt\u00eb q\u00eb ishin n\u00eb Jerusalem.<br \/>\n5 Kishat pra forcoheshin n\u00eb besim e p\u00ebrdit\u00eb shtoheshin nga numri.<br \/>\n6 Edhe pasi shkuan n\u00ebp\u00ebr Frigji e n\u00ebp\u00ebr dheun e Galatis\u00eb, sepse u ndaluan nga Fryma e Shenjt\u00eb t\u00eb predikonin fjal\u00ebn n\u00eb Azi, erdh\u00ebn n\u00eb Misi,<br \/>\n7 edhe k\u00ebrkonin t\u00eb shkonin n\u00eb Bitini, po Fryma nuk i la.<br \/>\n8 Edhe si shkuan n\u00ebp\u00ebr Misi, zbrit\u00ebn n\u00eb Troad\u00eb.<br \/>\n9 Edhe Pavlit iu shfaq nat\u00ebn nj\u00eb vegim: nj\u00eb njeri Maqedonas rrinte p\u00ebrpara duke iu lutur e duke i th\u00ebn\u00eb atij: Kalo n\u00eb Maqedoni, e ndihmona.<br \/>\n10 Edhe posa pa vegimin, p\u00ebrnj\u00ebher\u00eb k\u00ebrkuam t\u00eb shkojm\u00eb n\u00eb Maqedoni, sepse e mor\u00ebm me mend se Zoti po na th\u00ebrret t\u2019u japim atyre lajmin e mir\u00eb.<br \/>\n11 Si lundruam pra nga Troada e mor\u00ebm udh\u00ebn drejt p\u00ebr n\u00eb Samotrak\u00eb, edhe t\u00eb nes\u00ebrmen p\u00ebr n\u00eb Neapoli,<br \/>\n12 dhe s\u00eb andejmi p\u00ebr n\u00eb Filip\u00eb, q\u00eb \u00ebsht\u00eb qyteti kryesor i asaj ane t\u00eb Maqedonis\u00eb, nj\u00eb koloni Romak\u00ebsh; edhe ndenj\u00ebm disa dit\u00eb n\u00eb k\u00ebt\u00eb qytet.<br \/>\n13 Edhe dit\u00ebn e shtun\u00eb dol\u00ebm jasht\u00eb qytetit pran\u00eb nj\u00eb lumi, ku ishte zakon t\u00eb b\u00ebhej lutje, edhe ndenj\u00ebm e flisnim me grat\u00eb q\u00eb ishin mbledhur atje.<br \/>\n14 Edhe nj\u00eb grua q\u00eb quhej Lidia, nga qyteti i Tiatir\u00ebs, e cila shiste purpur e nderonte Per\u00ebndin\u00eb, po d\u00ebgjonte; sepse Zoti i hapi zemr\u00ebn t\u2019u mbaj\u00eb vesh fjal\u00ebve q\u00eb fliste Pavli.<br \/>\n15 Edhe si u pag\u00ebzua ajo dhe sht\u00ebpia e saj, na lutej, duke th\u00ebn\u00eb: N\u00ebse m\u00eb keni gjykuar se jam besimtare n\u00eb Zotin, hyni n\u00eb sht\u00ebpin\u00eb time dhe rrini; edhe na detyroi t\u00eb pranojm\u00eb.<br \/>\n16 Edhe kur po vinim ne p\u00ebr t\u2019u lutur, u takua me ne nj\u00eb sh\u00ebrb\u00ebtore q\u00eb kishte frym\u00eb Pitoni, e cila u jepte shum\u00eb fitim zot\u00ebrinjve t\u00eb saj duke u rr\u00ebfyer njer\u00ebzve fatin.<br \/>\n17 Ajo duke shkuar pas Pavlit e nesh, b\u00ebrtiste, duke th\u00ebn\u00eb: K\u00ebta njer\u00ebz jan\u00eb sh\u00ebrb\u00ebtor\u00eb t\u00eb Per\u00ebndis\u00eb s\u00eb lart\u00eb, t\u00eb cil\u00ebt na tregojn\u00eb udh\u00ebn e shp\u00ebtimit.<br \/>\n18 Edhe k\u00ebt\u00eb e b\u00ebnte shum\u00eb dit\u00eb me radh\u00eb. Edhe Pavli si u r\u00ebndua, u kthye e i tha frym\u00ebs: T\u00eb urdh\u00ebroj n\u00eb em\u00ebr t\u00eb Jisu Krishtit t\u00eb dal\u00ebsh prej saj. Edhe doli q\u00eb at\u00eb or\u00eb.<br \/>\n19 Edhe zot\u00ebrinjt\u00eb e saj, kur pan\u00eb se u humbi shpresa e fitimit t\u00eb tyre, zun\u00eb Pavlin dhe Sil\u00ebn e i soll\u00ebn n\u00eb treg tek t\u00eb par\u00ebt.<br \/>\n20 Edhe si i prun\u00eb ata p\u00ebrpara t\u00eb m\u00ebdhenjve, than\u00eb: K\u00ebta njer\u00ebz, duke qen\u00eb Judenj, turbullojn\u00eb qytetin ton\u00eb,<br \/>\n21 edhe m\u00ebsojn\u00eb zakone q\u00eb s\u2019\u00ebsht\u00eb e udh\u00ebs t\u2019i pranojm\u00eb ne; as t\u2019i b\u00ebjm\u00eb, sepse jemi Romak\u00eb.<br \/>\n22 Edhe turma bashk\u00ebrisht u sul mbi ta, edhe t\u00eb m\u00ebdhenjt\u00eb u gris\u00ebn rrobat e urdh\u00ebruan t\u2019i rrahin me shkopinj.<br \/>\n23 Edhe si i b\u00ebn\u00eb me shum\u00eb plag\u00eb, i vun\u00eb n\u00eb burg, edhe porosit\u00ebn rojen e burgut t\u2019i ruaj\u00eb me siguri.<br \/>\n24 Ky si mori nj\u00eb porosi t\u00eb k\u00ebtill\u00eb, i vuri n\u00eb burgun e brendsh\u00ebm e u shtr\u00ebngoi k\u00ebmb\u00ebt n\u00eb dru.<br \/>\n25 Edhe n\u00eb mes t\u00eb nat\u00ebs Pavli dhe Sila luteshin e i k\u00ebndonin himne Per\u00ebndis\u00eb; dhe t\u00eb lidhurit u mbanin vesh atyre.<br \/>\n26 Edhe papandehur u b\u00eb nj\u00eb t\u00ebrmet i madh, kaq sa u tund\u00ebn themelet e burgut; edhe p\u00ebrnj\u00ebher\u00eb u hap\u00ebn t\u00eb gjitha dyert, dhe t\u00eb gjith\u00ebve iu zgjidh\u00ebn hekurat.<br \/>\n27 Edhe roja i burgut kur u zgjua, edhe pa dyert e burgut t\u00eb hapura, nxori thik\u00ebn e donte t\u00eb vriste veten, sepse pandehte se kishin ikur t\u00eb lidhurit.<br \/>\n28 Po Pavli th\u00ebrriti me z\u00eb t\u00eb madh, duke th\u00ebn\u00eb: Mos i b\u00ebj ndonj\u00eb t\u00eb keqe vetes sate, sepse t\u00eb gjith\u00eb jemi k\u00ebtu.<br \/>\n29 At\u00ebher\u00eb ai k\u00ebrkoi drit\u00eb e k\u00ebrceu brenda, edhe duke u dridhur u ra nd\u00ebr k\u00ebmb\u00eb Pavlit dhe Sil\u00ebs.<br \/>\n30 Edhe si i nxori ata jasht\u00eb, tha: Zot\u00ebrinj, \u00e7\u2019duhet t\u00eb b\u00ebj un\u00eb, q\u00eb t\u00eb shp\u00ebtoj?<br \/>\n31 Edhe ata i than\u00eb: Beso Zotin Jisu Krisht, dhe do t\u00eb shp\u00ebtosh ti dhe sht\u00ebpia jote.<br \/>\n32 Edhe i fol\u00ebn fjal\u00ebn e Zotit atij dhe gjith\u00eb atyre q\u00eb ishin n\u00eb sht\u00ebpin\u00eb e tij.<br \/>\n33 Edhe ai i mori me vete q\u00eb n\u00eb at\u00eb or\u00eb t\u00eb nat\u00ebs e u lau plag\u00ebt; edhe p\u00ebrnj\u00ebher\u00eb u pag\u00ebzua ai dhe gjith\u00eb t\u00eb tijt\u00eb.<br \/>\n34 Edhe si u ngjit sip\u00ebr n\u00eb sht\u00ebpin\u00eb e tij, u shtroi tryez\u00eb, edhe u g\u00ebzua me gjith\u00eb sht\u00ebpin\u00eb, sepse besoi Per\u00ebndin\u00eb.<br \/>\n35 Edhe si u gdhi, t\u00eb m\u00ebdhenjt\u00eb d\u00ebrguan shkopmbajt\u00ebsit, duke th\u00ebn\u00eb: L\u00ebshoi ata njer\u00ebz.<br \/>\n36 Edhe roja i burgut i dha z\u00eb Pavlit p\u00ebr k\u00ebto fjal\u00eb, se t\u00eb m\u00ebdhenjt\u00eb kan\u00eb d\u00ebrguar q\u00eb t\u00eb liroheni. Tani pra dilni e shkoni n\u00eb paqe.<br \/>\n37 Po Pavli u tha atyre: Pasi na rrah\u00ebn n\u00eb sy t\u00eb bot\u00ebs pa gjykuar, ne q\u00eb jemi njer\u00ebz romak\u00eb e na vun\u00eb n\u00eb burg, dhe tani na nxjerrin fshehurazi?<br \/>\n38 Edhe shkopmbajt\u00ebsit lajm\u00ebruan t\u00eb m\u00ebdhenjt\u00eb p\u00ebr k\u00ebto fjal\u00eb; edhe ata u frik\u00ebsuan, kur d\u00ebgjuan se jan\u00eb Romak\u00eb.<br \/>\n39 Edhe erdh\u00ebn e iu lut\u00ebn atyre, edhe si i nxor\u00ebn, u luteshin t\u00eb dalin nga qyteti.<br \/>\n40 Edhe ata si dol\u00ebn nga burgu, hyn\u00eb n\u00eb sht\u00ebpin\u00eb e Lidias; edhe kur pan\u00eb v\u00ebllez\u00ebrit, i ngush\u00eblluan e ik\u00ebn.<\/p>\n<\/div><div class=\"fusion-text fusion-text-49\"><h3><img decoding=\"async\" class=\"lazyload size-full wp-image-22719 aligncenter\" src=\"https:\/\/orthodoxalbania.org\/2020\/wp-content\/uploads\/2020\/04\/decorend_vectorized.png\" data-orig-src=\"https:\/\/orthodoxalbania.org\/2020\/wp-content\/uploads\/2020\/04\/decorend_vectorized.png\" alt=\"\" width=\"901\" height=\"52\" srcset=\"data:image\/svg+xml,%3Csvg%20xmlns%3D%27http%3A%2F%2Fwww.w3.org%2F2000%2Fsvg%27%20width%3D%27901%27%20height%3D%2752%27%20viewBox%3D%270%200%20901%2052%27%3E%3Crect%20width%3D%27901%27%20height%3D%2752%27%20fill-opacity%3D%220%22%2F%3E%3C%2Fsvg%3E\" data-srcset=\"https:\/\/orthodoxalbania.org\/2020\/wp-content\/uploads\/2020\/04\/decorend_vectorized-200x12.png 200w, https:\/\/orthodoxalbania.org\/2020\/wp-content\/uploads\/2020\/04\/decorend_vectorized-300x17.png 300w, https:\/\/orthodoxalbania.org\/2020\/wp-content\/uploads\/2020\/04\/decorend_vectorized-400x23.png 400w, https:\/\/orthodoxalbania.org\/2020\/wp-content\/uploads\/2020\/04\/decorend_vectorized-600x35.png 600w, https:\/\/orthodoxalbania.org\/2020\/wp-content\/uploads\/2020\/04\/decorend_vectorized-768x44.png 768w, https:\/\/orthodoxalbania.org\/2020\/wp-content\/uploads\/2020\/04\/decorend_vectorized-800x46.png 800w, https:\/\/orthodoxalbania.org\/2020\/wp-content\/uploads\/2020\/04\/decorend_vectorized.png 901w\" data-sizes=\"auto\" data-orig-sizes=\"(max-width: 901px) 100vw, 901px\" \/><\/h3>\n<h4 style=\"text-align: center;\"><a href=\"#kreu1\">1<\/a> <a href=\"#kreu2\">2<\/a> <a href=\"#kreu3\">3<\/a> <a href=\"#kreu4\">4<\/a> <a href=\"#kreu5\">5<\/a> <a href=\"#kreu6\">6<\/a> <a href=\"#kreu7\">7<\/a> <a href=\"#kreu8\">8<\/a> <a href=\"#kreu9\">9<\/a> <a href=\"#kreu10\">10<\/a> <a href=\"#kreu11\">11<\/a> <a href=\"#kreu12\">12<\/a> <a href=\"#kreu13\">13<\/a> <a href=\"#kreu14\">14<\/a> <a href=\"#kreu15\">15 <\/a><a href=\"#kreu16\">16<\/a> <a href=\"#kreu18\">17<\/a> <a href=\"#kreu18\">18<\/a> <a href=\"#kreu19\">19<\/a> <a href=\"#kreu20\">20 <\/a><a href=\"#kreu21\">21<\/a> <a href=\"#kreu22\">22<\/a> <a href=\"#kreu23\">23<\/a> <a href=\"#kreu24\">24<\/a> <a href=\"#kreu25\">25<\/a> <a href=\"#kreu26\">26<\/a> <a href=\"#kreu27\">27<\/a> <a href=\"#kreu28\">28<\/a><\/h4>\n<\/div><div class=\"fusion-image-element fusion-image-align-center in-legacy-container\" style=\"text-align:center;--awb-caption-title-font-family:var(--h2_typography-font-family);--awb-caption-title-font-weight:var(--h2_typography-font-weight);--awb-caption-title-font-style:var(--h2_typography-font-style);--awb-caption-title-size:var(--h2_typography-font-size);--awb-caption-title-transform:var(--h2_typography-text-transform);--awb-caption-title-line-height:var(--h2_typography-line-height);--awb-caption-title-letter-spacing:var(--h2_typography-letter-spacing);\"><div class=\"imageframe-align-center\"><span class=\" fusion-imageframe imageframe-none imageframe-18 hover-type-none\"><img decoding=\"async\" width=\"645\" height=\"85\" title=\"Decor05_vectorized\" src=\"https:\/\/orthodoxalbania.org\/2020\/wp-content\/uploads\/2020\/04\/Decor05_vectorized.png\" data-orig-src=\"https:\/\/orthodoxalbania.org\/2020\/wp-content\/uploads\/2020\/04\/Decor05_vectorized.png\" alt class=\"lazyload img-responsive wp-image-22680\" srcset=\"data:image\/svg+xml,%3Csvg%20xmlns%3D%27http%3A%2F%2Fwww.w3.org%2F2000%2Fsvg%27%20width%3D%27645%27%20height%3D%2785%27%20viewBox%3D%270%200%20645%2085%27%3E%3Crect%20width%3D%27645%27%20height%3D%2785%27%20fill-opacity%3D%220%22%2F%3E%3C%2Fsvg%3E\" data-srcset=\"https:\/\/orthodoxalbania.org\/2020\/wp-content\/uploads\/2020\/04\/Decor05_vectorized-200x26.png 200w, https:\/\/orthodoxalbania.org\/2020\/wp-content\/uploads\/2020\/04\/Decor05_vectorized-400x53.png 400w, https:\/\/orthodoxalbania.org\/2020\/wp-content\/uploads\/2020\/04\/Decor05_vectorized-600x79.png 600w, https:\/\/orthodoxalbania.org\/2020\/wp-content\/uploads\/2020\/04\/Decor05_vectorized.png 645w\" data-sizes=\"auto\" data-orig-sizes=\"(max-width: 800px) 100vw, 645px\" \/><\/span><\/div><\/div><div class=\"fusion-text fusion-text-50\"><h2 style=\"text-align: center;\"><span class=\"ez-toc-section\" id=\"-17\"><\/span><a id=\"kreu17\"><\/a>-17-<span class=\"ez-toc-section-end\"><\/span><\/h2>\n<\/div><div class=\"fusion-text fusion-text-51\"><p style=\"text-align: justify;\">1 Edhe si kaluan n\u00ebp\u00ebr Amfipoli e n\u00ebp\u00ebr Apoloni, erdh\u00ebn n\u00eb Thesalonik, ku ishte sinagoga e Judenjve.<br \/>\n2 Edhe Pavli sipas zakonit t\u00eb tij hyri tek ata, edhe tri t\u00eb shtuna me radh\u00eb diskutonte me ta prej shkrimeve,<br \/>\n3 duke zgjidhur e duke u treguar se Krishti duhej t\u00eb p\u00ebsonte e t\u00eb ngjallej prej s\u00eb vdekurish, edhe se ky \u00ebsht\u00eb Krishti Jisu, q\u00eb po ju predikoj un\u00eb juve.<br \/>\n4 Edhe disa nga ata u bind\u00ebn, edhe u bashkuan me Pavlin e me Sil\u00ebn, si dhe nj\u00eb shumic\u00eb e madhe nga Grek\u00ebt shpres\u00ebtar\u00eb, edhe jo pak nga grat\u00eb e paris\u00eb.<br \/>\n5 Po ata Judenj, t\u00eb cil\u00ebt nuk bindeshin, pat\u00ebn smir\u00eb, edhe mor\u00ebn me vete ca njer\u00ebz t\u00eb k\u00ebqij nga ata t\u00eb tregut, edhe mblodh\u00ebn njer\u00ebz, edhe trazonin qytetin; edhe u sul\u00ebn n\u00eb sht\u00ebpin\u00eb e Jasonit, edhe k\u00ebrkonin q\u00eb t\u2019i sillnin ata n\u00eb popull.<br \/>\n6 Po pasi nuk i gjet\u00ebn, hoq\u00ebn zvarr\u00eb Jasonin dhe ca v\u00ebllez\u00ebr tek t\u00eb par\u00ebt e qytetit, duke b\u00ebrtitur se k\u00ebta q\u00eb kthyen p\u00ebrmbys bot\u00ebn, kan\u00eb ardhur edhe k\u00ebtu,<br \/>\n7 t\u00eb cil\u00ebt Jasoni i priti n\u00eb sht\u00ebpi; dhe t\u00eb gjith\u00eb k\u00ebta punojn\u00eb kund\u00ebr urdh\u00ebresave t\u00eb Qezarit, duke th\u00ebn\u00eb se \u00ebsht\u00eb nj\u00eb tjet\u00ebr mbret, Jisui.<br \/>\n8 Edhe p\u00ebrzien turm\u00ebn dhe t\u00eb par\u00ebt e qytetit q\u00eb i d\u00ebgjonin k\u00ebto.<br \/>\n9 Edhe si u siguruan prej Jasonit e prej t\u00eb tjer\u00ebve, i l\u00ebshuan.<br \/>\n10 Edhe v\u00ebllez\u00ebrit p\u00ebrnj\u00ebher\u00eb nat\u00ebn d\u00ebrguan jasht\u00eb Pavlin dhe Sil\u00ebn n\u00eb Verje, t\u00eb cil\u00ebt kur erdh\u00ebn, shkuan n\u00eb sinagog\u00ebn e Judenjve.<br \/>\n11 Por k\u00ebta ishin m\u00eb t\u00eb fis\u00ebm se ata t\u00eb Thesalonikut, sepse e pranuan fjal\u00ebn me gjith\u00eb zem\u00ebr, duke v\u00ebzhguar p\u00ebrdit\u00eb shkrimet, n\u00eb jan\u00eb k\u00ebshtu k\u00ebto pun\u00eb.<br \/>\n12 Shum\u00eb pra nga ata besuan, si dhe nga grat\u00eb e nderuara t\u00eb Grek\u00ebve, edhe nga burrat jo pak.<br \/>\n13 Po kur mor\u00ebn vesh Judenjt\u00eb nga Thesaloniku se edhe n\u00eb Verje u predikua fjala e Per\u00ebndis\u00eb prej Pavlit, erdh\u00ebn edhe atje dhe turbulluan gjindjen.<br \/>\n14 Edhe at\u00ebher\u00eb p\u00ebrnj\u00ebher\u00eb v\u00ebllez\u00ebrit e d\u00ebrguan Pavlin jasht\u00eb q\u00eb t\u00eb shkoj\u00eb deri n\u00eb det; po Sila e Timotheu mbet\u00ebn atje.<br \/>\n15 Edhe ata q\u00eb i hiqnin udh\u00ebn Pavlit e \u00e7uan deri n\u00eb Athin\u00eb; dhe si mor\u00ebn porosi p\u00ebr Sil\u00ebn e Timotheun, q\u00eb t\u00eb vijn\u00eb sa mundet m\u00eb shpejt tek ai, shkuan.<br \/>\n16 Edhe nd\u00ebrsa Pavli po priste ata n\u00eb Athin\u00eb, i p\u00ebrv\u00eblonte brenda n\u00eb shpirt kur shikonte qytetin plot me idhuj.<br \/>\n17 Fliste pra n\u00eb sinagog\u00eb me Judenjt\u00eb e me ata me frik\u00eb Per\u00ebndie dhe n\u00eb treg \u00e7do dit\u00eb me ata q\u00eb haste.<br \/>\n18 Edhe disa filozof\u00eb nga Epikurian\u00ebt e nga Stoik\u00ebt diskutonin me t\u00eb; edhe disa thoshin: Vall\u00eb, \u00e7\u2019do t\u00eb thot\u00eb ky fjalaman? Dhe t\u00eb tjer\u00eb thoshin: Duket se \u00ebsht\u00eb z\u00ebdh\u00ebn\u00ebs i per\u00ebndive t\u00eb huaja; sepse u predikonte atyre Jisuin dhe ngjalljen.<br \/>\n19 Edhe ata e kap\u00ebn dhe e \u00e7uan n\u00eb Areopag, duke th\u00ebn\u00eb: A mund t\u00eb marrim vesh, \u00e7\u2019\u00ebsht\u00eb ky m\u00ebsim i ri q\u00eb flitet prej teje?<br \/>\n20 Sepse ti na sjell ca gj\u00ebra t\u00eb \u00e7uditshme n\u00eb vesh\u00ebt tan\u00eb. Duam pra t\u00eb marrim vesh, \u00e7\u2019do t\u00eb jen\u00eb k\u00ebto.<br \/>\n21 Sepse gjith\u00eb Athinasit dhe t\u00eb huajt q\u00eb rrinin atje nuk kishin nge p\u00ebr ndonj\u00eb tjet\u00ebr gj\u00eb, ve\u00e7 t\u00eb thon\u00eb e t\u00eb d\u00ebgjojn\u00eb ndonj\u00eb fjal\u00eb m\u00eb t\u00eb re.<br \/>\n22 At\u00ebher\u00eb Pavli q\u00ebndroi n\u00eb mes t\u00eb Areopagut, e tha: O burra Athinas, shikoj se mbi t\u00eb gjitha jeni tep\u00ebr besimtar\u00eb.<br \/>\n23 Sepse, duke shkuar e duke v\u00ebn\u00eb re vendet e adhurimit tuaj, gjeta edhe nj\u00eb altar, mbi t\u00eb cilin \u00ebsht\u00eb shkruar: Per\u00ebndis\u00eb s\u00eb Panjohur. At\u00eb pra q\u00eb nuk e njihni dhe e adhuroni, k\u00ebt\u00eb po ju tregoj un\u00eb juve.<br \/>\n24 Per\u00ebndia q\u00eb b\u00ebri bot\u00ebn dhe gjith\u00eb sa jan\u00eb n\u00eb t\u00eb, ky, duke qen\u00eb Zot i qiellit e i dheut, nuk rri n\u00eb tempuj t\u00eb b\u00ebr\u00eb me dor\u00eb,<br \/>\n25 as nuk sh\u00ebrbehet nga duar njer\u00ebzish, si t\u00eb ket\u00eb nevoj\u00eb p\u00ebr ndonj\u00eb gj\u00eb, sepse ai u jep t\u00eb gjith\u00ebve jet\u00eb dhe shpirt, dhe gjith\u00e7ka.<br \/>\n26 Edhe b\u00ebri prej nj\u00eb gjaku \u00e7do komb njer\u00ebzish, q\u00eb t\u00eb banojn\u00eb mbi gjith\u00eb faqen e dheut, edhe paracaktoi rendin e koh\u00ebve dhe kufijt\u00eb e vendbanimit t\u00eb tyre;<br \/>\n27 q\u00eb t\u00eb k\u00ebrkojn\u00eb Zotin, se mos ndoshta e takojn\u00eb dhe e gjejn\u00eb, ndon\u00ebse ai s\u2019\u00ebsht\u00eb larg prej secilitdo prej nesh;<br \/>\n28 sepse me an\u00eb t\u00eb tij rrojm\u00eb, dhe l\u00ebvizim, dhe jemi, sikurse edhe disa nga poet\u00ebt tuaj kan\u00eb th\u00ebn\u00eb: \u201cSepse edhe jemi far\u00eb e tij\u201d.<br \/>\n29 Duke qen\u00eb pra far\u00eb e Per\u00ebndis\u00eb, nuk duhet t\u00eb pandehim se Per\u00ebndia ngjan me ar a me argjend, a me gur t\u00eb latuar me mjesht\u00ebri e shpikje njeriu.<br \/>\n30 Per\u00ebndia pra, i cili nuk vuri re koh\u00ebt e padituris\u00eb, tani porosit gjith\u00eb njer\u00ebzit n\u00eb \u00e7do vend t\u00eb pendohen;<br \/>\n31 sepse caktoi nj\u00eb dit\u00eb, n\u00eb t\u00eb cil\u00ebn do t\u00eb gjykoj\u00eb bot\u00ebn me drejt\u00ebsi me an\u00eb t\u00eb nj\u00eb njeriu, t\u00eb cilin e caktoi p\u00ebr k\u00ebt\u00eb, edhe k\u00ebt\u00eb ua v\u00ebrtetoi t\u00eb gjith\u00ebve, duke e ngjallur at\u00eb prej s\u00eb vdekurish.<br \/>\n32 Edhe kur d\u00ebgjuan ngjallje prej s\u00eb vdekurish, disa e p\u00ebrqeshnin, po disa than\u00eb: Do t\u00eb t\u00eb d\u00ebgjojm\u00eb p\u00ebrs\u00ebri p\u00ebr k\u00ebt\u00eb gj\u00eb.<br \/>\n33 Edhe k\u00ebshtu Pavli doli nga mesi i tyre.<br \/>\n34 Edhe disa burra iu ngjit\u00ebn dhe besuan; n\u00eb mes tyre ishte edhe Dionis Areopagjiti, dhe nj\u00eb grua q\u00eb quhej Damarida, edhe t\u00eb tjer\u00eb bashk\u00eb me ta.<\/p>\n<\/div><div class=\"fusion-text fusion-text-52\"><h3><img decoding=\"async\" class=\"lazyload size-full wp-image-22719 aligncenter\" src=\"https:\/\/orthodoxalbania.org\/2020\/wp-content\/uploads\/2020\/04\/decorend_vectorized.png\" data-orig-src=\"https:\/\/orthodoxalbania.org\/2020\/wp-content\/uploads\/2020\/04\/decorend_vectorized.png\" alt=\"\" width=\"901\" height=\"52\" srcset=\"data:image\/svg+xml,%3Csvg%20xmlns%3D%27http%3A%2F%2Fwww.w3.org%2F2000%2Fsvg%27%20width%3D%27901%27%20height%3D%2752%27%20viewBox%3D%270%200%20901%2052%27%3E%3Crect%20width%3D%27901%27%20height%3D%2752%27%20fill-opacity%3D%220%22%2F%3E%3C%2Fsvg%3E\" data-srcset=\"https:\/\/orthodoxalbania.org\/2020\/wp-content\/uploads\/2020\/04\/decorend_vectorized-200x12.png 200w, https:\/\/orthodoxalbania.org\/2020\/wp-content\/uploads\/2020\/04\/decorend_vectorized-300x17.png 300w, https:\/\/orthodoxalbania.org\/2020\/wp-content\/uploads\/2020\/04\/decorend_vectorized-400x23.png 400w, https:\/\/orthodoxalbania.org\/2020\/wp-content\/uploads\/2020\/04\/decorend_vectorized-600x35.png 600w, https:\/\/orthodoxalbania.org\/2020\/wp-content\/uploads\/2020\/04\/decorend_vectorized-768x44.png 768w, https:\/\/orthodoxalbania.org\/2020\/wp-content\/uploads\/2020\/04\/decorend_vectorized-800x46.png 800w, https:\/\/orthodoxalbania.org\/2020\/wp-content\/uploads\/2020\/04\/decorend_vectorized.png 901w\" data-sizes=\"auto\" data-orig-sizes=\"(max-width: 901px) 100vw, 901px\" \/><\/h3>\n<h4 style=\"text-align: center;\"><a href=\"#kreu1\">1<\/a> <a href=\"#kreu2\">2<\/a> <a href=\"#kreu3\">3<\/a> <a href=\"#kreu4\">4<\/a> <a href=\"#kreu5\">5<\/a> <a href=\"#kreu6\">6<\/a> <a href=\"#kreu7\">7<\/a> <a href=\"#kreu8\">8<\/a> <a href=\"#kreu9\">9<\/a> <a href=\"#kreu10\">10<\/a> <a href=\"#kreu11\">11<\/a> <a href=\"#kreu12\">12<\/a> <a href=\"#kreu13\">13<\/a> <a href=\"#kreu14\">14<\/a> <a href=\"#kreu15\">15 <\/a><a href=\"#kreu16\">16<\/a> <a href=\"#kreu18\">17<\/a> <a href=\"#kreu18\">18<\/a> <a href=\"#kreu19\">19<\/a> <a href=\"#kreu20\">20 <\/a><a href=\"#kreu21\">21<\/a> <a href=\"#kreu22\">22<\/a> <a href=\"#kreu23\">23<\/a> <a href=\"#kreu24\">24<\/a> <a href=\"#kreu25\">25<\/a> <a href=\"#kreu26\">26<\/a> <a href=\"#kreu27\">27<\/a> <a href=\"#kreu28\">28<\/a><\/h4>\n<\/div><div class=\"fusion-image-element fusion-image-align-center in-legacy-container\" style=\"text-align:center;--awb-caption-title-font-family:var(--h2_typography-font-family);--awb-caption-title-font-weight:var(--h2_typography-font-weight);--awb-caption-title-font-style:var(--h2_typography-font-style);--awb-caption-title-size:var(--h2_typography-font-size);--awb-caption-title-transform:var(--h2_typography-text-transform);--awb-caption-title-line-height:var(--h2_typography-line-height);--awb-caption-title-letter-spacing:var(--h2_typography-letter-spacing);\"><div class=\"imageframe-align-center\"><span class=\" fusion-imageframe imageframe-none imageframe-19 hover-type-none\"><img decoding=\"async\" width=\"645\" height=\"85\" title=\"Decor05_vectorized\" src=\"https:\/\/orthodoxalbania.org\/2020\/wp-content\/uploads\/2020\/04\/Decor05_vectorized.png\" data-orig-src=\"https:\/\/orthodoxalbania.org\/2020\/wp-content\/uploads\/2020\/04\/Decor05_vectorized.png\" alt class=\"lazyload img-responsive wp-image-22680\" srcset=\"data:image\/svg+xml,%3Csvg%20xmlns%3D%27http%3A%2F%2Fwww.w3.org%2F2000%2Fsvg%27%20width%3D%27645%27%20height%3D%2785%27%20viewBox%3D%270%200%20645%2085%27%3E%3Crect%20width%3D%27645%27%20height%3D%2785%27%20fill-opacity%3D%220%22%2F%3E%3C%2Fsvg%3E\" data-srcset=\"https:\/\/orthodoxalbania.org\/2020\/wp-content\/uploads\/2020\/04\/Decor05_vectorized-200x26.png 200w, https:\/\/orthodoxalbania.org\/2020\/wp-content\/uploads\/2020\/04\/Decor05_vectorized-400x53.png 400w, https:\/\/orthodoxalbania.org\/2020\/wp-content\/uploads\/2020\/04\/Decor05_vectorized-600x79.png 600w, https:\/\/orthodoxalbania.org\/2020\/wp-content\/uploads\/2020\/04\/Decor05_vectorized.png 645w\" data-sizes=\"auto\" data-orig-sizes=\"(max-width: 800px) 100vw, 645px\" \/><\/span><\/div><\/div><div class=\"fusion-text fusion-text-53\"><h2 style=\"text-align: center;\"><span class=\"ez-toc-section\" id=\"-18\"><\/span><a id=\"kreu18\"><\/a>-18-<span class=\"ez-toc-section-end\"><\/span><\/h2>\n<\/div><div class=\"fusion-text fusion-text-54\"><p style=\"text-align: justify;\">1 Edhe pas k\u00ebtyre Pavli, si iku nga Athina, erdhi n\u00eb Korint;<br \/>\n2 edhe si gjeti nj\u00eb Jude q\u00eb quhej Akila, lindur n\u00eb Pont dhe ardhur rishtazi nga Italia me gruan e tij, Priskil\u00ebn, sepse Klaudi kishte urdh\u00ebruar t\u00eb ikin t\u00eb gjith\u00eb Judenjt\u00eb nga Roma, erdhi tek ata.<br \/>\n3 Edhe pasi kishte po at\u00eb mjesht\u00ebri, mbeti pran\u00eb tyre dhe punonte; sepse mjesht\u00ebria e tyre ishte t\u00eb b\u00ebjn\u00eb tenda.<br \/>\n4 Edhe fliste n\u00eb sinagog\u00eb \u00e7do t\u00eb shtun\u00eb dhe i bindte Judenj e Grek\u00eb.<br \/>\n5 Edhe kur zbrit\u00ebn nga Maqedonia Sila e Timotheu, Pavli vuante n\u00eb shpirt e jepte d\u00ebshmi tek Judenjt\u00eb se Jisui \u00ebsht\u00eb Krishti.<br \/>\n6 Po meqen\u00ebse ata i kund\u00ebrviheshin dhe blasfemonin, shkundi rrobat e tij e u tha atyre: Gjaku juaj qoft\u00eb mbi kryet tuaj; un\u00eb jam i kulluar; q\u00eb tani e tutje do t\u00eb shkoj n\u00ebp\u00ebr kombet.<br \/>\n7 Edhe si iku s\u00eb andejmi, erdhi n\u00eb sht\u00ebpin\u00eb e dikujt q\u00eb quhej Just, i cili druhej nga Per\u00ebndia, edhe sht\u00ebpia e tij ishte ngjitur p\u00ebrkrah me sinagog\u00ebn.<br \/>\n8 Edhe Krispi, i pari i sinagog\u00ebs, i besoi Zotit me gjith\u00eb sht\u00ebpin\u00eb e tij; dhe shum\u00eb veta prej Korintian\u00ebve duke d\u00ebgjuar besonin dhe pag\u00ebzoheshin.<br \/>\n9 Edhe Zoti i tha Pavlit nat\u00ebn me an\u00eb t\u00eb nj\u00eb vegimi: Mos u frik\u00ebso, po fol dhe mos pusho;<br \/>\n10 sepse un\u00eb jam bashk\u00eb me ty dhe asnj\u00eb nuk do t\u00eb v\u00ebr\u00eb dor\u00eb mbi ty, q\u00eb t\u00eb t\u00eb b\u00ebj\u00eb keq; sepse kam shum\u00eb popull n\u00eb k\u00ebt\u00eb qytet.<br \/>\n11 Edhe ndenji atje nj\u00eb vit e gjasht\u00eb muaj, duke u m\u00ebsuar atyre fjal\u00ebn e Per\u00ebndis\u00eb.<br \/>\n12 Edhe kur ishte Galioni guvernator i Akais\u00eb, Judenjt me nj\u00eb mendje u ngrit\u00ebn kund\u00ebr Pavlit dhe e prun\u00eb n\u00eb gjykat\u00eb,<br \/>\n13 duke th\u00ebn\u00eb se ky u mbush mendjen njer\u00ebzve t\u00eb adhurojn\u00eb Per\u00ebndin\u00eb kund\u00ebr ligjit.<br \/>\n14 Edhe kur Pavli do t\u00eb hapte goj\u00ebn Galioni u tha Judenjve: Po t\u00eb ishte ndonj\u00eb padrejt\u00ebsi a pun\u00eb e keqe, o Judenj, do t\u00eb kisha shkak t\u2019ju duroj ju.<br \/>\n15 Po n\u00eb \u00ebsht\u00eb \u00e7\u00ebshtje p\u00ebr fjal\u00eb e p\u00ebr emra e p\u00ebr ligjin tuaj, v\u00ebshtrojeni ju vet\u00eb; sepse un\u00eb s\u2019dua t\u00eb jem gjykat\u00ebs i k\u00ebtyre pun\u00ebve.<br \/>\n16 Edhe i p\u00ebrzuri ata nga gjykatorja.<br \/>\n17 Edhe gjith\u00eb Grek\u00ebt zun\u00eb Sostenin, t\u00eb parin e sinagog\u00ebs, edhe e rrihnin p\u00ebrpara gjykatores. Edhe Galioni s\u2019donte t\u00eb dinte fare p\u00ebr k\u00ebto.<br \/>\n18 Edhe Pavli, pasi priti edhe mjaft dit\u00eb, u la sh\u00ebndet v\u00ebllez\u00ebrve dhe lundroi p\u00ebr n\u00eb Siri, edhe bashk\u00eb me t\u00eb edhe Priskila dhe Akila, pasi qethi kryet n\u00eb Qenkre, sepse kishte b\u00ebr\u00eb nj\u00eb zotim.<br \/>\n19 Edhe arriti n\u00eb Efes dhe ata i la aty, po vet\u00eb hyri n\u00eb sinagog\u00eb e fliste me Judenjt\u00eb.<br \/>\n20 Edhe ata iu lut\u00ebn t\u00eb q\u00ebndroj\u00eb m\u00eb tep\u00ebr koh\u00eb pran\u00eb tyre, po nuk u bind;<br \/>\n21 por u la sh\u00ebndet atyre, duke th\u00ebn\u00eb: Pa fjal\u00eb duhet ta b\u00ebj t\u00eb kremten q\u00eb vjen n\u00eb Jerusalem, dhe do t\u00eb kthehem p\u00ebrs\u00ebri te ju, n\u00eb dasht\u00eb Per\u00ebndia. Edhe lundroi prej Efesit.<br \/>\n22 Edhe si doli n\u00eb tok\u00eb n\u00eb Qesari, u ngjit n\u00eb Jerusalem, edhe si p\u00ebrsh\u00ebndeti kish\u00ebn, zbriti n\u00eb Antioki.<br \/>\n23 Edhe pasi ndenji ca koh\u00eb atje, doli e shkonte me radh\u00eb n\u00ebp\u00ebr gjith\u00eb vendin e Galatis\u00eb dhe t\u00eb Frigjis\u00eb, duke forcuar gjith\u00eb nx\u00ebn\u00ebsit.<br \/>\n24 Edhe nj\u00eb Judeas q\u00eb quhej Apollo, lindur n\u00eb Aleksandri, i cili ishte njeri i zoti n\u00eb fjal\u00eb dhe i fort\u00eb n\u00eb shkrimet, zbriti n\u00eb Efes.<br \/>\n25 Ky ishte i m\u00ebsuar n\u00eb udh\u00ebn e Zotit dhe i nxeht\u00eb n\u00eb shpirt, fliste e m\u00ebsonte me sakt\u00ebsi pun\u00ebt e Zotit, duke ditur vet\u00ebm pag\u00ebzimin e Joanit.<br \/>\n26 Edhe ky zuri t\u00eb flas\u00eb me guxim n\u00eb sinagog\u00eb. Edhe Akila e Priskila, kur e d\u00ebgjuan at\u00eb, e mor\u00ebn me vete dhe i treguan udh\u00ebn e Per\u00ebndis\u00eb m\u00eb qart\u00eb.<br \/>\n27 Edhe pasi donte t\u00eb shkonte n\u00eb Akai, v\u00ebllez\u00ebrit u shkruan nx\u00ebn\u00ebsve e i k\u00ebshillonin ta presin. Ky, kur erdhi, u ndihmoi shum\u00eb atyre q\u00eb kishin besuar me an\u00eb t\u00eb hirit.<br \/>\n28 Sepse me shum\u00eb fuqi ua zbulonte Judenjve bot\u00ebrisht, duke treguar me an\u00eb t\u00eb shkrimeve se Jisui \u00ebsht\u00eb Krishti.<\/p>\n<\/div><div class=\"fusion-text fusion-text-55\"><h3><img decoding=\"async\" class=\"lazyload size-full wp-image-22719 aligncenter\" src=\"https:\/\/orthodoxalbania.org\/2020\/wp-content\/uploads\/2020\/04\/decorend_vectorized.png\" data-orig-src=\"https:\/\/orthodoxalbania.org\/2020\/wp-content\/uploads\/2020\/04\/decorend_vectorized.png\" alt=\"\" width=\"901\" height=\"52\" srcset=\"data:image\/svg+xml,%3Csvg%20xmlns%3D%27http%3A%2F%2Fwww.w3.org%2F2000%2Fsvg%27%20width%3D%27901%27%20height%3D%2752%27%20viewBox%3D%270%200%20901%2052%27%3E%3Crect%20width%3D%27901%27%20height%3D%2752%27%20fill-opacity%3D%220%22%2F%3E%3C%2Fsvg%3E\" data-srcset=\"https:\/\/orthodoxalbania.org\/2020\/wp-content\/uploads\/2020\/04\/decorend_vectorized-200x12.png 200w, https:\/\/orthodoxalbania.org\/2020\/wp-content\/uploads\/2020\/04\/decorend_vectorized-300x17.png 300w, https:\/\/orthodoxalbania.org\/2020\/wp-content\/uploads\/2020\/04\/decorend_vectorized-400x23.png 400w, https:\/\/orthodoxalbania.org\/2020\/wp-content\/uploads\/2020\/04\/decorend_vectorized-600x35.png 600w, https:\/\/orthodoxalbania.org\/2020\/wp-content\/uploads\/2020\/04\/decorend_vectorized-768x44.png 768w, https:\/\/orthodoxalbania.org\/2020\/wp-content\/uploads\/2020\/04\/decorend_vectorized-800x46.png 800w, https:\/\/orthodoxalbania.org\/2020\/wp-content\/uploads\/2020\/04\/decorend_vectorized.png 901w\" data-sizes=\"auto\" data-orig-sizes=\"(max-width: 901px) 100vw, 901px\" \/><\/h3>\n<h4 style=\"text-align: center;\"><a href=\"#kreu1\">1<\/a> <a href=\"#kreu2\">2<\/a> <a href=\"#kreu3\">3<\/a> <a href=\"#kreu4\">4<\/a> <a href=\"#kreu5\">5<\/a> <a href=\"#kreu6\">6<\/a> <a href=\"#kreu7\">7<\/a> <a href=\"#kreu8\">8<\/a> <a href=\"#kreu9\">9<\/a> <a href=\"#kreu10\">10<\/a> <a href=\"#kreu11\">11<\/a> <a href=\"#kreu12\">12<\/a> <a href=\"#kreu13\">13<\/a> <a href=\"#kreu14\">14<\/a> <a href=\"#kreu15\">15 <\/a><a href=\"#kreu16\">16<\/a> <a href=\"#kreu18\">17<\/a> <a href=\"#kreu18\">18<\/a> <a href=\"#kreu19\">19<\/a> <a href=\"#kreu20\">20 <\/a><a href=\"#kreu21\">21<\/a> <a href=\"#kreu22\">22<\/a> <a href=\"#kreu23\">23<\/a> <a href=\"#kreu24\">24<\/a> <a href=\"#kreu25\">25<\/a> <a href=\"#kreu26\">26<\/a> <a href=\"#kreu27\">27<\/a> <a href=\"#kreu28\">28<\/a><\/h4>\n<\/div><div class=\"fusion-image-element fusion-image-align-center in-legacy-container\" style=\"text-align:center;--awb-caption-title-font-family:var(--h2_typography-font-family);--awb-caption-title-font-weight:var(--h2_typography-font-weight);--awb-caption-title-font-style:var(--h2_typography-font-style);--awb-caption-title-size:var(--h2_typography-font-size);--awb-caption-title-transform:var(--h2_typography-text-transform);--awb-caption-title-line-height:var(--h2_typography-line-height);--awb-caption-title-letter-spacing:var(--h2_typography-letter-spacing);\"><div class=\"imageframe-align-center\"><span class=\" fusion-imageframe imageframe-none imageframe-20 hover-type-none\"><img decoding=\"async\" width=\"645\" height=\"85\" title=\"Decor05_vectorized\" src=\"https:\/\/orthodoxalbania.org\/2020\/wp-content\/uploads\/2020\/04\/Decor05_vectorized.png\" data-orig-src=\"https:\/\/orthodoxalbania.org\/2020\/wp-content\/uploads\/2020\/04\/Decor05_vectorized.png\" alt class=\"lazyload img-responsive wp-image-22680\" srcset=\"data:image\/svg+xml,%3Csvg%20xmlns%3D%27http%3A%2F%2Fwww.w3.org%2F2000%2Fsvg%27%20width%3D%27645%27%20height%3D%2785%27%20viewBox%3D%270%200%20645%2085%27%3E%3Crect%20width%3D%27645%27%20height%3D%2785%27%20fill-opacity%3D%220%22%2F%3E%3C%2Fsvg%3E\" data-srcset=\"https:\/\/orthodoxalbania.org\/2020\/wp-content\/uploads\/2020\/04\/Decor05_vectorized-200x26.png 200w, https:\/\/orthodoxalbania.org\/2020\/wp-content\/uploads\/2020\/04\/Decor05_vectorized-400x53.png 400w, https:\/\/orthodoxalbania.org\/2020\/wp-content\/uploads\/2020\/04\/Decor05_vectorized-600x79.png 600w, https:\/\/orthodoxalbania.org\/2020\/wp-content\/uploads\/2020\/04\/Decor05_vectorized.png 645w\" data-sizes=\"auto\" data-orig-sizes=\"(max-width: 800px) 100vw, 645px\" \/><\/span><\/div><\/div><div class=\"fusion-text fusion-text-56\"><h2 style=\"text-align: center;\"><span class=\"ez-toc-section\" id=\"-19\"><\/span><a id=\"kreu19\"><\/a>-19-<span class=\"ez-toc-section-end\"><\/span><\/h2>\n<\/div><div class=\"fusion-text fusion-text-57\"><p style=\"text-align: justify;\">1 Edhe kur ishte Apolloi n\u00eb Korint, Pavli, pasi shkoi n\u00ebp\u00ebr an\u00ebt e sip\u00ebrme, erdhi n\u00eb Efes; edhe si gjeti disa nx\u00ebn\u00ebs,<br \/>\n2 u tha atyre: A mor\u00ebt Frym\u00eb t\u00eb Shenjt\u00eb, kur besuat? Edhe ata i than\u00eb: Por as nuk kemi d\u00ebgjuar n\u00eb ka Frym\u00eb t\u00eb Shenjt\u00eb.<br \/>\n3 Edhe ai u tha atyre: N\u00eb se pra u pag\u00ebzuat? Edhe ata i than\u00eb: N\u00eb pag\u00ebzimin e Joanit.<br \/>\n4 Edhe Pavli tha: Joani pag\u00ebzoi pag\u00ebzim pendimi, duke i th\u00ebn\u00eb popullit t\u2019i besojn\u00eb atij q\u00eb do t\u00eb vinte pas atij, dometh\u00ebn\u00eb Jisu Krishtit.<br \/>\n5 Edhe ata si d\u00ebgjuan, u pag\u00ebzuan n\u00eb emrin e Zotit Jisu.<br \/>\n6 Edhe si vuri Pavli duart mbi ata, erdhi Fryma e Shenjt\u00eb mbi ta, dhe flisnin gjuh\u00eb e profetizonin.<br \/>\n7 Edhe gjith\u00eb k\u00ebta ishin rreth dymb\u00ebdhjet\u00eb burra.<br \/>\n8 Edhe si hyri n\u00eb sinagog\u00eb, u fliste me guxim, duke kuvenduar tre muaj me radh\u00eb e duke i bindur p\u00ebr pun\u00ebt e mbret\u00ebris\u00eb s\u00eb Per\u00ebndis\u00eb.<br \/>\n9 Po pasi disa nga ata ashp\u00ebrsoheshin e s\u2019u mbushej mendja dhe flisnin keq p\u00ebr udh\u00ebn e Zotit p\u00ebrpara turm\u00ebs, u largua prej tyre, edhe ndau nx\u00ebn\u00ebsit, duke kuvenduar p\u00ebrdit\u00eb n\u00eb shkoll\u00ebn e dikujt q\u00eb quhej Tiran.<br \/>\n10 Edhe kjo u b\u00eb dy vjet me radh\u00eb; kaq sa t\u00eb gjith\u00eb ata q\u00eb rrinin n\u00eb Azi, Judenj e Grek\u00eb, d\u00ebgjuan fjal\u00ebn e Zotit Jisu.<br \/>\n11 Edhe \u00e7udi t\u00eb m\u00ebdha b\u00ebnte Per\u00ebndia me an\u00eb t\u00eb duarve t\u00eb Pavlit,<br \/>\n12 aq sa edhe mbi t\u00eb s\u00ebmur\u00ebt \u00e7onin shami a p\u00ebrpar\u00ebse nga trupi i tij, edhe s\u00ebmundjet iknin nga ata, edhe frym\u00ebt e liga dilnin prej tyre.<br \/>\n13 Edhe disa nga Judenjt\u00eb djajnxjerr\u00ebs sh\u00ebtit\u00ebs nis\u00ebn t\u00eb z\u00ebn\u00eb n\u00eb goj\u00eb emrin e Zotit n\u00eb ata q\u00eb kishin frym\u00eb t\u00eb liga, duke th\u00ebn\u00eb: Ju p\u00ebrbetojm\u00eb n\u00eb Jisuin q\u00eb predikon Pavli.<br \/>\n14 Edhe ata q\u00eb b\u00ebnin k\u00ebt\u00eb ishin shtat\u00eb bij t\u00eb nj\u00eb Judeu kryeprift q\u00eb quhej Sqev\u00e0.<br \/>\n15 Edhe fryma e lig\u00eb u p\u00ebrgjigj e tha: Jisuin e njoh, edhe Pavlin e di; po ju cil\u00ebt jeni?<br \/>\n16 Edhe ai njeriu, tek i cili ishte fryma e lig\u00eb, u hodh mbi ta, edhe si i mundi, doli m\u00eb i fort\u00eb se ata, kaq sa lakuriq e t\u00eb plagosur ik\u00ebn prej sht\u00ebpis\u00eb s\u00eb tij.<br \/>\n17 Edhe kjo u b\u00eb e ditur tek t\u00eb gjith\u00eb Judenjt\u00eb e Grek\u00ebt q\u00eb rrinin n\u00eb Efes; edhe ra frik\u00eb tek t\u00eb gjith\u00eb ata, edhe madh\u00ebrohej emri i Zotit Jisu.<br \/>\n18 Edhe shum\u00eb nga ata q\u00eb kishin besuar vinin duke rr\u00ebfyer e duke treguar pun\u00ebt e tyre,<br \/>\n19 Edhe mjaft veta nga ata q\u00eb b\u00ebnin magji sillnin librat e tyre e i digjnin p\u00ebrpara t\u00eb gjith\u00ebve; edhe pasi num\u00ebruan vlerat e tyre, i gjet\u00ebn se vlenin pes\u00ebdhjet\u00eb mij\u00eb argjende.<br \/>\n20 K\u00ebshtu fort shtohej e forcohej fjala e Zotit.<br \/>\n21 Edhe si u mbaruan k\u00ebto, Pavli e vuri nd\u00ebr mend, pasi t\u00eb kaloj\u00eb n\u00ebp\u00ebr Maqedoni e n\u00ebp\u00ebr Akai, t\u00eb shkoj\u00eb n\u00eb Jerusalem, dhe tha se si t\u00eb shkoj atje, duhet t\u00eb shoh edhe Rom\u00ebn.<br \/>\n22 Edhe d\u00ebrgoi n\u00eb Maqedoni dy veta nga ata q\u00eb i sh\u00ebrbenin, Timotheun dhe Erastin, po ai vet\u00eb q\u00ebndroi ca koh\u00eb n\u00eb Azi.<br \/>\n23 Edhe n\u00eb at\u00eb koh\u00eb u b\u00eb jo pak trazir\u00eb p\u00ebr k\u00ebt\u00eb udh\u00eb.<br \/>\n24 Sepse nj\u00eb argjendar q\u00eb quhej Dhimit\u00ebr, duke b\u00ebr\u00eb tempuj t\u00eb argjendt\u00eb t\u00eb Artemid\u00ebs, u jepte mjesht\u00ebrve jo pak p\u00ebrfitim.<br \/>\n25 Ky si i mblodhi k\u00ebta dhe ata q\u00eb punonin t\u00eb tilla, tha: O burra, e dini mir\u00eb se prej k\u00ebsaj pune \u00ebsht\u00eb mir\u00ebqenia jon\u00eb.<br \/>\n26 Edhe vini re e d\u00ebgjoni, se shum\u00eb njer\u00ebzve jo vet\u00ebm t\u00eb Efesit, po edhe t\u00eb gjith\u00eb Azis\u00eb pothuaj, ky Pavli u mbushi mendjen e i ktheu, duke th\u00ebn\u00eb se nuk jan\u00eb per\u00ebndi ata q\u00eb b\u00ebhen me duar.<br \/>\n27 Edhe jo vet\u00ebm kjo mjesht\u00ebria jon\u00eb \u00ebsht\u00eb n\u00eb rrezik t\u00eb bjer\u00eb posht\u00eb, po edhe tempulli i per\u00ebndesh\u00ebs s\u00eb madhe Artemida t\u00eb mos llogaritet fare, edhe do t\u00eb humbas\u00eb madh\u00ebria e saj, t\u00eb cil\u00ebn gjith\u00eb Azia dhe bota e nderon.<br \/>\n28 Edhe ata kur d\u00ebgjuan, u mbush\u00ebn me zem\u00ebrim e b\u00ebrtisnin duke th\u00ebn\u00eb: E madhe \u00ebsht\u00eb Artemida e Efesian\u00ebve.<br \/>\n29 Edhe t\u00ebr\u00eb qyteti u mbush me p\u00ebshtjellim; dhe si mb\u00ebrthyen Gain e Aristarkun, Maqedonas, shok\u00eb udhe t\u00eb Pavlit, u sul\u00ebn bashk\u00ebrisht n\u00eb teat\u00ebr.<br \/>\n30 Edhe Pavli kur donte t\u00eb hynte n\u00eb mes gjindjes, nx\u00ebn\u00ebsit nuk e linin.<br \/>\n31 Edhe disa nga t\u00eb m\u00ebdhenjt\u00eb e Azis\u00eb, q\u00eb ishin miq t\u00eb atij, d\u00ebrguan tek ai dhe i luteshin t\u00eb mos dal\u00eb n\u00eb teat\u00ebr.<br \/>\n32 T\u00eb tjer\u00eb pra th\u00ebrrisnin p\u00ebr nj\u00eb gj\u00eb, e t\u00eb tjer\u00eb p\u00ebr tjet\u00ebr; sepse bashk\u00ebmbledhja ishte p\u00ebshtjelluar fort dhe m\u00eb t\u00eb shumt\u00ebt nuk dinin p\u00ebrse ishin mbledhur.<br \/>\n33 Edhe prej turm\u00ebs nxor\u00ebn p\u00ebrpara Aleksandrin q\u00eb t\u00eb fliste, sepse Judenjt\u00eb e kishin v\u00ebn\u00eb p\u00ebrpara, edhe Aleksandri duke tundur dor\u00ebn donte t\u00eb mbrohej para popullit.<br \/>\n34 Po pasi e njoh\u00ebn se \u00ebsht\u00eb Judeas, u b\u00eb nj\u00eb z\u00eb nga t\u00eb gjith\u00eb, duke b\u00ebrtitur af\u00ebr dy or\u00eb: E madhe \u00ebsht\u00eb Artemida e Efesian\u00ebve.<br \/>\n35 Edhe shkruesi i qytetit, si zbuti turm\u00ebn, thot\u00eb: O burra Efesian\u00eb, cili \u00ebsht\u00eb ai njeri q\u00eb nuk e di se qyteti i Efesian\u00ebve i sh\u00ebrben tempullit t\u00eb per\u00ebndesh\u00ebs s\u00eb madhe Artemida dhe idhullit q\u00eb zbriti nga Zeusi?<br \/>\n36 Pasi pra k\u00ebto jan\u00eb t\u00eb pakund\u00ebrshtueshme, ju duhet t\u00eb rrini urt\u00eb dhe asgj\u00eb t\u00eb mos b\u00ebni me rr\u00ebmbim.<br \/>\n37 Sepse keni prur\u00eb k\u00ebta njer\u00ebz, t\u00eb cil\u00ebt as kan\u00eb vjedhur gj\u00eb nga tempulli, as per\u00ebndesh\u00ebn tuaj nuk kan\u00eb blasfemuar.<br \/>\n38 N\u00eb qoft\u00eb pra se Dhimitri dhe mjesht\u00ebrit q\u00eb jan\u00eb bashk\u00eb me t\u00eb kan\u00eb fjal\u00eb kund\u00ebr ndonj\u00ebrit, ka dit\u00eb gjyqi, ka edhe gjykat\u00ebs; le t\u00eb padisin nj\u00ebri-tjetrin.<br \/>\n39 Por n\u00ebse k\u00ebrkoni gj\u00eb p\u00ebr t\u00eb tjera \u00e7\u00ebshtje, kjo do t\u00eb zgjidhet n\u00eb bashk\u00ebmbledhjen.<br \/>\n40 Sepse jemi n\u00eb rrezik t\u00eb akuzohemi si kryengrit\u00ebs p\u00ebr trazir\u00ebn e sotme, sepse s\u2019ka ndonj\u00eb lloj shkaku, me an\u00eb t\u00eb t\u00eb cilit t\u00eb mund t\u00eb justifikohemi p\u00ebr k\u00ebt\u00eb trazir\u00eb.<br \/>\n41 Edhe duke th\u00ebn\u00eb k\u00ebto, la mbledhjen.<\/p>\n<\/div><div class=\"fusion-text fusion-text-58\"><h3><img decoding=\"async\" class=\"lazyload size-full wp-image-22719 aligncenter\" src=\"https:\/\/orthodoxalbania.org\/2020\/wp-content\/uploads\/2020\/04\/decorend_vectorized.png\" data-orig-src=\"https:\/\/orthodoxalbania.org\/2020\/wp-content\/uploads\/2020\/04\/decorend_vectorized.png\" alt=\"\" width=\"901\" height=\"52\" srcset=\"data:image\/svg+xml,%3Csvg%20xmlns%3D%27http%3A%2F%2Fwww.w3.org%2F2000%2Fsvg%27%20width%3D%27901%27%20height%3D%2752%27%20viewBox%3D%270%200%20901%2052%27%3E%3Crect%20width%3D%27901%27%20height%3D%2752%27%20fill-opacity%3D%220%22%2F%3E%3C%2Fsvg%3E\" data-srcset=\"https:\/\/orthodoxalbania.org\/2020\/wp-content\/uploads\/2020\/04\/decorend_vectorized-200x12.png 200w, https:\/\/orthodoxalbania.org\/2020\/wp-content\/uploads\/2020\/04\/decorend_vectorized-300x17.png 300w, https:\/\/orthodoxalbania.org\/2020\/wp-content\/uploads\/2020\/04\/decorend_vectorized-400x23.png 400w, https:\/\/orthodoxalbania.org\/2020\/wp-content\/uploads\/2020\/04\/decorend_vectorized-600x35.png 600w, https:\/\/orthodoxalbania.org\/2020\/wp-content\/uploads\/2020\/04\/decorend_vectorized-768x44.png 768w, https:\/\/orthodoxalbania.org\/2020\/wp-content\/uploads\/2020\/04\/decorend_vectorized-800x46.png 800w, https:\/\/orthodoxalbania.org\/2020\/wp-content\/uploads\/2020\/04\/decorend_vectorized.png 901w\" data-sizes=\"auto\" data-orig-sizes=\"(max-width: 901px) 100vw, 901px\" \/><\/h3>\n<h4 style=\"text-align: center;\"><a href=\"#kreu1\">1<\/a> <a href=\"#kreu2\">2<\/a> <a href=\"#kreu3\">3<\/a> <a href=\"#kreu4\">4<\/a> <a href=\"#kreu5\">5<\/a> <a href=\"#kreu6\">6<\/a> <a href=\"#kreu7\">7<\/a> <a href=\"#kreu8\">8<\/a> <a href=\"#kreu9\">9<\/a> <a href=\"#kreu10\">10<\/a> <a href=\"#kreu11\">11<\/a> <a href=\"#kreu12\">12<\/a> <a href=\"#kreu13\">13<\/a> <a href=\"#kreu14\">14<\/a> <a href=\"#kreu15\">15 <\/a><a href=\"#kreu16\">16<\/a> <a href=\"#kreu18\">17<\/a> <a href=\"#kreu18\">18<\/a> <a href=\"#kreu19\">19<\/a> <a href=\"#kreu20\">20 <\/a><a href=\"#kreu21\">21<\/a> <a href=\"#kreu22\">22<\/a> <a href=\"#kreu23\">23<\/a> <a href=\"#kreu24\">24<\/a> <a href=\"#kreu25\">25<\/a> <a href=\"#kreu26\">26<\/a> <a href=\"#kreu27\">27<\/a> <a href=\"#kreu28\">28<\/a><\/h4>\n<\/div><div class=\"fusion-image-element fusion-image-align-center in-legacy-container\" style=\"text-align:center;--awb-caption-title-font-family:var(--h2_typography-font-family);--awb-caption-title-font-weight:var(--h2_typography-font-weight);--awb-caption-title-font-style:var(--h2_typography-font-style);--awb-caption-title-size:var(--h2_typography-font-size);--awb-caption-title-transform:var(--h2_typography-text-transform);--awb-caption-title-line-height:var(--h2_typography-line-height);--awb-caption-title-letter-spacing:var(--h2_typography-letter-spacing);\"><div class=\"imageframe-align-center\"><span class=\" fusion-imageframe imageframe-none imageframe-21 hover-type-none\"><img decoding=\"async\" width=\"645\" height=\"85\" title=\"Decor05_vectorized\" src=\"https:\/\/orthodoxalbania.org\/2020\/wp-content\/uploads\/2020\/04\/Decor05_vectorized.png\" data-orig-src=\"https:\/\/orthodoxalbania.org\/2020\/wp-content\/uploads\/2020\/04\/Decor05_vectorized.png\" alt class=\"lazyload img-responsive wp-image-22680\" srcset=\"data:image\/svg+xml,%3Csvg%20xmlns%3D%27http%3A%2F%2Fwww.w3.org%2F2000%2Fsvg%27%20width%3D%27645%27%20height%3D%2785%27%20viewBox%3D%270%200%20645%2085%27%3E%3Crect%20width%3D%27645%27%20height%3D%2785%27%20fill-opacity%3D%220%22%2F%3E%3C%2Fsvg%3E\" data-srcset=\"https:\/\/orthodoxalbania.org\/2020\/wp-content\/uploads\/2020\/04\/Decor05_vectorized-200x26.png 200w, https:\/\/orthodoxalbania.org\/2020\/wp-content\/uploads\/2020\/04\/Decor05_vectorized-400x53.png 400w, https:\/\/orthodoxalbania.org\/2020\/wp-content\/uploads\/2020\/04\/Decor05_vectorized-600x79.png 600w, https:\/\/orthodoxalbania.org\/2020\/wp-content\/uploads\/2020\/04\/Decor05_vectorized.png 645w\" data-sizes=\"auto\" data-orig-sizes=\"(max-width: 800px) 100vw, 645px\" \/><\/span><\/div><\/div><div class=\"fusion-text fusion-text-59\"><h2 style=\"text-align: center;\"><span class=\"ez-toc-section\" id=\"-20\"><\/span><a id=\"kreu20\"><\/a>-20-<span class=\"ez-toc-section-end\"><\/span><\/h2>\n<\/div><div class=\"fusion-text fusion-text-60\"><p style=\"text-align: justify;\">1 Edhe pasi pushoi turbullimi, Pavli th\u00ebrriti nx\u00ebn\u00ebsit e u p\u00ebrsh\u00ebndet me ta, edhe doli t\u00eb shkoj\u00eb n\u00eb Maqedoni. 2 Edhe si shkoi n\u00ebp\u00ebr ato an\u00eb e i ngush\u00eblloi me shum\u00eb fjal\u00eb, erdhi n\u00eb Greqi.<br \/>\n3 Edhe b\u00ebri atje tre muaj. Edhe pasi kund\u00ebr tij u b\u00eb nj\u00eb prit\u00eb prej Judenjve, kur do t\u00eb lundronte p\u00ebr n\u00eb Siri, u vendos t\u00eb kthehet n\u00ebp\u00ebrmjet Maqedonis\u00eb. 4 Edhe i shkoi pas deri n\u00eb Azi Sopatri nga Veriea, edhe Aristarku e Sekundi nga Selaniku, edhe Gai nga Derva, edhe Timotheu; edhe nga Aziatik\u00ebt Tihiku e Trofimi. 5 K\u00ebta shkuan m\u00eb par\u00eb dhe na prisnin n\u00eb Troad\u00eb. 6 Edhe ne lundruam n\u00eb Filip\u00eb pas dit\u00ebve t\u00eb t\u00eb pabrum\u00ebtave, edhe p\u00ebr pes\u00eb dit\u00eb erdh\u00ebm tek ata n\u00eb Troad\u00eb, ku ndenj\u00ebm shtat\u00eb dit\u00eb.<br \/>\n7 Edhe dit\u00ebn e par\u00eb t\u00eb jav\u00ebs, kur ishin mbledhur nx\u00ebn\u00ebsit p\u00ebr t\u00eb thyer buk\u00ebn, Pavli kuvendonte me ta, sepse kishte p\u00ebr t\u00eb ikur t\u00eb nes\u00ebrmen; edhe e zgjati fjal\u00ebn deri n\u00eb mes t\u00eb nat\u00ebs. 8 Edhe n\u00eb dhom\u00ebn e sip\u00ebrme ku ishin mbledhur, ishin mjaft qirinj t\u00eb ndezur. 9 Edhe nj\u00eb djalosh q\u00eb quhej Eutik, duke ndenjur mbi dritare, e mori nj\u00eb gjum\u00eb i r\u00ebnd\u00eb, tek po kuvendonte Pavli gjer\u00eb e gjat\u00eb, edhe si e zuri gjumi, ra posht\u00eb prej katit t\u00eb tret\u00eb, edhe e ngrit\u00ebn t\u00eb vdekur. 10 Edhe Pavli, si zbriti, ra mbi t\u00eb, edhe si e pushtoi, tha: Mos u shqet\u00ebsoni, sepse shpirti i tij \u00ebsht\u00eb tek ai. 11 Edhe si u ngjit dhe theu buk\u00eb e h\u00ebngri, edhe foli mjaft deri n\u00eb t\u00eb zbardh\u00eblluar, pastaj shkoi. 12 Edhe e prun\u00eb djalin t\u00eb gjall\u00eb, edhe u ngush\u00eblluan tep\u00ebr fort.<br \/>\n13 Edhe ne shkuam m\u00eb par\u00eb n\u00eb lund\u00ebr dhe lundruam p\u00ebr n\u00eb As\u00eb, dhe andej do t\u00eb merrnim Pavlin; sepse k\u00ebshtu kishte porositur, sepse ai donte t\u00eb vinte m\u00eb k\u00ebmb\u00eb. 14 Edhe si u takua me ne n\u00eb As\u00eb, e mor\u00ebm e erdh\u00ebm n\u00eb Mitilin\u00eb, 15 edhe q\u00eb andej lundruam dhe t\u00eb nes\u00ebrmen erdh\u00ebm p\u00ebrball\u00eb Hios; dhe dit\u00ebn tjet\u00ebr arrit\u00ebm n\u00eb Samo; dhe si q\u00ebndruam n\u00eb Trogjili, t\u00eb nes\u00ebrmen erdh\u00ebm n\u00eb Milit\u00eb. 16 Sepse Pavli e kishte par\u00eb t\u00eb udh\u00ebs t\u00eb lundroj\u00eb anash Efesit, q\u00eb t\u00eb mos e humbte koh\u00ebn n\u00eb Azi; sepse nxitonte, n\u00eb ishte e mundur p\u00ebr t\u00eb, dit\u00ebn e Pendikostis\u00eb t\u00eb gjendet n\u00eb Jerusalem.<br \/>\n17 Edhe prej Milit\u00ebs d\u00ebrgoi n\u00eb Efes e thirri pleqt\u00eb e kish\u00ebs. 18 Edhe kur k\u00ebta erdh\u00ebn tek ai, u tha atyre: Ju e dini q\u00eb dit\u00ebn e par\u00eb q\u00eb shkela n\u00eb Azi se si e shkova gjith\u00eb koh\u00ebn bashk\u00eb me ju, 19 duke i sh\u00ebrbyer Zotit gjith\u00eb p\u00ebrul\u00ebsi e me shum\u00eb lot e me ngasje, t\u00eb cilat m\u00eb ndodh\u00ebn nga dredhit\u00eb e Judenjve kund\u00ebr meje; 20 edhe se nuk fsheha gj\u00eb nga ato q\u00eb ishin p\u00ebr t\u00eb mir\u00ebn tuaj, po jua tregova e jua m\u00ebsova juve n\u00eb sy t\u00eb bot\u00ebs e n\u00ebp\u00ebr sht\u00ebpit\u00eb, 21 duke dh\u00ebn\u00eb d\u00ebshmi n\u00eb Judenj e n\u00eb Grek\u00eb p\u00ebr pendimin n\u00eb Per\u00ebndin\u00eb dhe p\u00ebr besimin n\u00eb Zotin ton\u00eb Jisu Krisht. 22 Edhe tani ja un\u00eb tek po shkoj n\u00eb Jerusalem lidhur n\u00eb shpirt, pa ditur se \u00e7\u2019do t\u00eb m\u00eb ngjas\u00eb n\u00eb t\u00eb, 23 P\u00ebrve\u00e7 k\u00ebsaj, Fryma e Shenjt\u00eb jep d\u00ebshmi n\u00eb \u00e7do qytet, duke th\u00ebn\u00eb se po m\u00eb presin vargonj e shtr\u00ebngime. 24 Po s\u2019dua t\u00eb di fare p\u00ebr ndonj\u00eb nga k\u00ebto, as jet\u00ebn s\u2019e kam t\u00eb \u00e7muar n\u00eb veten time kaq, sa t\u00eb mbaroj udh\u00ebn time me g\u00ebzim, dhe at\u00eb sh\u00ebrbes\u00ebn q\u00eb mora prej Zotit Jisu, t\u00eb jap d\u00ebshmi p\u00ebr ungjillin e hirit t\u00eb Per\u00ebndis\u00eb. 25 Edhe tani ja un\u00eb tek e di se m\u00eb s\u2019keni p\u00ebr ta par\u00eb faqen time ju t\u00eb gjith\u00eb, n\u00eb mes t\u00eb t\u00eb cil\u00ebve shkova duke predikuar mbret\u00ebrin\u00eb e Per\u00ebndis\u00eb. 26 Prandaj ju jap d\u00ebshmi sot n\u00eb k\u00ebt\u00eb dit\u00eb, se un\u00eb jam i past\u00ebr nga gjaku i t\u00eb gjith\u00ebve. 27 Sepse un\u00eb nuk u t\u00ebrhoqa q\u00eb t\u00eb mos ju rr\u00ebfej juve gjith\u00eb vullnetin e Per\u00ebndis\u00eb. 28 Kini pra kujdes p\u00ebr veten tuaj dhe p\u00ebr gjith\u00eb tuf\u00ebn, mbi t\u00eb cil\u00ebn Fryma e Shenjt\u00eb ju vuri ju kujdestar\u00eb, q\u00eb t\u00eb kullotni kish\u00ebn e Per\u00ebndis\u00eb, t\u00eb cil\u00ebn e fitoi me gjakun e tij. 29 Sepse un\u00eb e di k\u00ebt\u00eb, se pas ikjes sime kan\u00eb p\u00ebr t\u00eb hyr\u00eb tek ju ujq\u00ebr t\u00eb k\u00ebqij, t\u00eb cil\u00ebt s\u2019kan\u00eb p\u00ebr ta kursyer tuf\u00ebn. 30 Edhe prej jush vet\u00eb do t\u00eb ngrihen njer\u00ebz duke folur gj\u00ebra t\u00eb shtrembra, q\u00eb t\u00eb t\u00ebrheqin nx\u00ebn\u00ebsit pas vetes s\u00eb tyre. 31 Prandaj rrini zgjuar e sillni nd\u00ebr mend se tre vjet nat\u00eb e dit\u00eb s\u2019pushova duke k\u00ebshilluar me lot gjithsecilin. 32 Edhe tani, o v\u00ebllez\u00ebr, ju l\u00eb juve n\u00eb Per\u00ebndin\u00eb, edhe n\u00eb fjal\u00ebn e hirit t\u00eb tij, i cili mund t\u2019ju nd\u00ebrtoj\u00eb e t\u2019ju jap\u00eb juve trash\u00ebgim n\u00eb mes t\u00eb gjith\u00eb t\u00eb shenjt\u00ebruarve. 33 Argjend ose ar, ose rrob\u00eb t\u00eb askujt nuk d\u00ebshirova. 34 Edhe ju vet\u00eb e dini se k\u00ebto duart e mia kan\u00eb punuar p\u00ebr nevojat e mia dhe p\u00ebr ata q\u00eb ishin bashk\u00eb me mua. 35 Me \u00e7do m\u00ebnyr\u00eb ju tregova juve se k\u00ebshtu duke u munduar duhet t\u2019u ndihmoni t\u00eb pafuqishm\u00ebve, edhe t\u00eb kujtoni fjal\u00ebt e Zotit Jisu, se ai vet\u00eb tha: \u201cLumturi m\u00eb e madhe \u00ebsht\u00eb t\u00eb jap\u00eb njeriu se t\u00eb marr\u00eb\u201d.<br \/>\n36 Edhe si tha k\u00ebto, u ul n\u00eb gjunj\u00eb e u fal bashk\u00eb me ata t\u00eb gjith\u00eb. 37 Edhe ata t\u00eb gjith\u00eb qan\u00eb mjaft dhe e p\u00ebrqafuan Pavlin, dhe e puthnin; 38 edhe hidh\u00ebroheshin fort p\u00ebr fjal\u00ebn q\u00eb kishte th\u00ebn\u00eb, se s\u2019kan\u00eb p\u00ebr ta par\u00eb m\u00eb faqen e tij. Edhe e p\u00ebrcillnin n\u00eb lund\u00ebr.<\/p>\n<\/div><div class=\"fusion-text fusion-text-61\"><h3><img decoding=\"async\" class=\"lazyload size-full wp-image-22719 aligncenter\" src=\"https:\/\/orthodoxalbania.org\/2020\/wp-content\/uploads\/2020\/04\/decorend_vectorized.png\" data-orig-src=\"https:\/\/orthodoxalbania.org\/2020\/wp-content\/uploads\/2020\/04\/decorend_vectorized.png\" alt=\"\" width=\"901\" height=\"52\" srcset=\"data:image\/svg+xml,%3Csvg%20xmlns%3D%27http%3A%2F%2Fwww.w3.org%2F2000%2Fsvg%27%20width%3D%27901%27%20height%3D%2752%27%20viewBox%3D%270%200%20901%2052%27%3E%3Crect%20width%3D%27901%27%20height%3D%2752%27%20fill-opacity%3D%220%22%2F%3E%3C%2Fsvg%3E\" data-srcset=\"https:\/\/orthodoxalbania.org\/2020\/wp-content\/uploads\/2020\/04\/decorend_vectorized-200x12.png 200w, https:\/\/orthodoxalbania.org\/2020\/wp-content\/uploads\/2020\/04\/decorend_vectorized-300x17.png 300w, https:\/\/orthodoxalbania.org\/2020\/wp-content\/uploads\/2020\/04\/decorend_vectorized-400x23.png 400w, https:\/\/orthodoxalbania.org\/2020\/wp-content\/uploads\/2020\/04\/decorend_vectorized-600x35.png 600w, https:\/\/orthodoxalbania.org\/2020\/wp-content\/uploads\/2020\/04\/decorend_vectorized-768x44.png 768w, https:\/\/orthodoxalbania.org\/2020\/wp-content\/uploads\/2020\/04\/decorend_vectorized-800x46.png 800w, https:\/\/orthodoxalbania.org\/2020\/wp-content\/uploads\/2020\/04\/decorend_vectorized.png 901w\" data-sizes=\"auto\" data-orig-sizes=\"(max-width: 901px) 100vw, 901px\" \/><\/h3>\n<h4 style=\"text-align: center;\"><a href=\"#kreu1\">1<\/a> <a href=\"#kreu2\">2<\/a> <a href=\"#kreu3\">3<\/a> <a href=\"#kreu4\">4<\/a> <a href=\"#kreu5\">5<\/a> <a href=\"#kreu6\">6<\/a> <a href=\"#kreu7\">7<\/a> <a href=\"#kreu8\">8<\/a> <a href=\"#kreu9\">9<\/a> <a href=\"#kreu10\">10<\/a> <a href=\"#kreu11\">11<\/a> <a href=\"#kreu12\">12<\/a> <a href=\"#kreu13\">13<\/a> <a href=\"#kreu14\">14<\/a> <a href=\"#kreu15\">15 <\/a><a href=\"#kreu16\">16<\/a> <a href=\"#kreu18\">17<\/a> <a href=\"#kreu18\">18<\/a> <a href=\"#kreu19\">19<\/a> <a href=\"#kreu20\">20 <\/a><a href=\"#kreu21\">21<\/a> <a href=\"#kreu22\">22<\/a> <a href=\"#kreu23\">23<\/a> <a href=\"#kreu24\">24<\/a> <a href=\"#kreu25\">25<\/a> <a href=\"#kreu26\">26<\/a> <a href=\"#kreu27\">27<\/a> <a href=\"#kreu28\">28<\/a><\/h4>\n<\/div><div class=\"fusion-image-element fusion-image-align-center in-legacy-container\" style=\"text-align:center;--awb-caption-title-font-family:var(--h2_typography-font-family);--awb-caption-title-font-weight:var(--h2_typography-font-weight);--awb-caption-title-font-style:var(--h2_typography-font-style);--awb-caption-title-size:var(--h2_typography-font-size);--awb-caption-title-transform:var(--h2_typography-text-transform);--awb-caption-title-line-height:var(--h2_typography-line-height);--awb-caption-title-letter-spacing:var(--h2_typography-letter-spacing);\"><div class=\"imageframe-align-center\"><span class=\" fusion-imageframe imageframe-none imageframe-22 hover-type-none\"><img decoding=\"async\" width=\"645\" height=\"85\" title=\"Decor05_vectorized\" src=\"https:\/\/orthodoxalbania.org\/2020\/wp-content\/uploads\/2020\/04\/Decor05_vectorized.png\" data-orig-src=\"https:\/\/orthodoxalbania.org\/2020\/wp-content\/uploads\/2020\/04\/Decor05_vectorized.png\" alt class=\"lazyload img-responsive wp-image-22680\" srcset=\"data:image\/svg+xml,%3Csvg%20xmlns%3D%27http%3A%2F%2Fwww.w3.org%2F2000%2Fsvg%27%20width%3D%27645%27%20height%3D%2785%27%20viewBox%3D%270%200%20645%2085%27%3E%3Crect%20width%3D%27645%27%20height%3D%2785%27%20fill-opacity%3D%220%22%2F%3E%3C%2Fsvg%3E\" data-srcset=\"https:\/\/orthodoxalbania.org\/2020\/wp-content\/uploads\/2020\/04\/Decor05_vectorized-200x26.png 200w, https:\/\/orthodoxalbania.org\/2020\/wp-content\/uploads\/2020\/04\/Decor05_vectorized-400x53.png 400w, https:\/\/orthodoxalbania.org\/2020\/wp-content\/uploads\/2020\/04\/Decor05_vectorized-600x79.png 600w, https:\/\/orthodoxalbania.org\/2020\/wp-content\/uploads\/2020\/04\/Decor05_vectorized.png 645w\" data-sizes=\"auto\" data-orig-sizes=\"(max-width: 800px) 100vw, 645px\" \/><\/span><\/div><\/div><div class=\"fusion-text fusion-text-62\"><h2 style=\"text-align: center;\"><span class=\"ez-toc-section\" id=\"-21\"><\/span><a id=\"kreu21\"><\/a>-21-<span class=\"ez-toc-section-end\"><\/span><\/h2>\n<\/div><div class=\"fusion-text fusion-text-63\"><p style=\"text-align: justify;\">1 Edhe si u ndam\u00eb nga ata, lundruam e duke marr\u00eb udh\u00ebn drejt erdh\u00ebm n\u00eb Ko, edhe dit\u00ebn tjet\u00ebr n\u00eb Rodos, edhe q\u00eb andej n\u00eb Patara. 2 Edhe si gjet\u00ebm nj\u00eb lund\u00ebr q\u00eb kishte p\u00ebr t\u00eb shkuar n\u00eb Finik\u00eb, hip\u00ebm n\u00eb t\u00eb e lundruam. 3 Edhe kur pam\u00eb p\u00ebr s\u00eb largu Qipron, dhe e lam\u00eb n\u00eb t\u00eb majt\u00eb, lundruam p\u00ebr n\u00eb Siri, edhe dol\u00ebm n\u00eb Tir; sepse atje lundra kishte p\u00ebr t\u00eb shkarkuar ngarkes\u00ebn. 4 Edhe si gjet\u00ebm nx\u00ebn\u00ebsit, q\u00ebndruam atje shtat\u00eb dit\u00eb; edhe ata i thoshin Pavlit me an\u00eb t\u00eb Frym\u00ebs, q\u00eb mos ngjitet n\u00eb Jerusalem. 5 Edhe si i mbaruam ato dit\u00eb, dol\u00ebm e shkonim, edhe ata t\u00eb gjith\u00eb me gra e me f\u00ebmij\u00eb na p\u00ebrcillnin deri jasht\u00eb qytetit; dhe si u ul\u00ebm n\u00eb gjunj\u00eb n\u00eb buz\u00eb t\u00eb detit, u fal\u00ebm. 6 Edhe si p\u00ebrsh\u00ebndet\u00ebm nj\u00ebri-tjetrin hip\u00ebm n\u00eb lund\u00ebr, dhe ata u kthyen n\u00ebp\u00ebr sht\u00ebpit\u00eb e tyre.<br \/>\n7 Edhe ne si mbaruam lundrimin prej Tirit arrit\u00ebm n\u00eb Ptolemaid\u00eb, e si p\u00ebrsh\u00ebndet\u00ebm v\u00ebllez\u00ebrit, q\u00ebndruam nj\u00eb dit\u00eb pran\u00eb tyre. 8 Edhe t\u00eb nes\u00ebrmen, dol\u00ebm e erdh\u00ebm n\u00eb Qesari dhe si hym\u00eb n\u00eb sht\u00ebpin\u00eb e Filip Ungjilltarit, q\u00eb ishte nj\u00eb nga t\u00eb shtat\u00ebt, q\u00ebndruam pran\u00eb tij. 9 Edhe ky kishte kat\u00ebr bija virgj\u00ebresha q\u00eb profetizonin. 10 Edhe nd\u00ebrsa ne ishim duke q\u00ebndruar atje mjaft dit\u00eb, zbriti nga Judea nj\u00eb profet q\u00eb quhej Agaf. 11 Edhe si erdhi te ne, mori brezin e Pavlit dhe si lidhi duart e k\u00ebmb\u00ebt e tij tha: K\u00ebto thot\u00eb Fryma e Shenjt\u00eb, k\u00ebshtu do ta lidhin Judenjt\u00eb n\u00eb Jerusalem at\u00eb burr\u00eb, i t\u00eb cilit \u00ebsht\u00eb ky brez, edhe do t\u2019ua dor\u00ebzojn\u00eb kombeve. 12 Edhe kur d\u00ebgjuam k\u00ebto, i luteshim edhe ne, edhe vendasit t\u00eb mos ngjitet ai n\u00eb Jerusalem. 13 Po Pavli u p\u00ebrgjigj: \u00c7\u2019b\u00ebni k\u00ebshtu duke qar\u00eb e duke cop\u00ebtuar zemr\u00ebn time? Sepse un\u00eb jam gati jo vet\u00ebm t\u00eb lidhem, po edhe t\u00eb vdes n\u00eb Jerusalem p\u00ebr emrin e Zotit Jisu. 14 Edhe pasi nuk i mbushej mendja, pushuam, duke th\u00ebn\u00eb: Le t\u00eb b\u00ebhet d\u00ebshira e Zotit. 15 Edhe pas k\u00ebtyre dit\u00ebve b\u00ebm\u00eb gati pla\u00e7kat e u ngjit\u00ebm n\u00eb Jerusalem. 16 Edhe erdh\u00ebn bashk\u00eb me ne edhe disa nx\u00ebn\u00ebs nga Qesaria, edhe prun\u00eb nj\u00eb far\u00eb Mnason Qipriani, nj\u00eb nx\u00ebn\u00ebs t\u00eb vjet\u00ebr, n\u00eb sht\u00ebpin\u00eb e t\u00eb cilit do t\u00eb q\u00ebndronim.<br \/>\n17 Edhe si erdh\u00ebm ne n\u00eb Jerusalem, v\u00ebllez\u00ebrit na prit\u00ebn me g\u00ebzim. 18 Edhe dit\u00ebn tjet\u00ebr Pavli shkoi bashk\u00eb me ne te Jakovi; edhe erdh\u00ebn gjith\u00eb pleqt\u00eb. 19 Edhe si i p\u00ebrsh\u00ebndeti, u tregonte atyre nj\u00eb nga nj\u00eb gjith\u00eb sa b\u00ebri Per\u00ebndia nd\u00ebr kombet me an\u00eb t\u00eb sh\u00ebrbes\u00ebs s\u00eb tij. 20 Edhe ata kur d\u00ebgjuan, lavd\u00ebronin Zotin; dhe i than\u00eb: E shikon, o v\u00eblla, sa shum\u00eb mij\u00ebra Judenj jan\u00eb q\u00eb kan\u00eb besuar; dhe t\u00eb gjith\u00eb jan\u00eb zelltar\u00eb t\u00eb ligjit. 21 Edhe mor\u00ebn vesh p\u00ebr ty se m\u00ebson gjith\u00eb Judenjt\u00eb q\u00eb jan\u00eb nd\u00ebr kombet t\u00eb largohen prej Moisiut, duke th\u00ebn\u00eb t\u00eb mos rrethpresin djemt\u00eb, as t\u00eb mos ecin sipas zakoneve. 22 \u00c7far\u00eb pra? Pa fjal\u00eb turma do t\u00eb mblidhet, sepse do t\u00eb d\u00ebgjojn\u00eb se ke ardhur. 23 B\u00ebj pra k\u00ebt\u00eb q\u00eb t\u00eb themi. Jan\u00eb te ne kat\u00ebr burra, q\u00eb kan\u00eb nj\u00eb betim mbi veten e tyre. 24 Merri k\u00ebta edhe pastrohu bashk\u00eb me ta, dhe prish p\u00ebr ta, q\u00eb t\u00eb rruajn\u00eb kryet, dhe t\u00eb gjith\u00eb ta din\u00eb se s\u2019jan\u00eb gj\u00eb ato q\u00eb kan\u00eb d\u00ebgjuar p\u00ebr ty, po se edhe ti vet\u00eb je duke ruajtur gjithnj\u00eb ligjin? 25 Sa p\u00ebr ata kombet q\u00eb kan\u00eb besuar, ne u shkruam, pasi e pam\u00eb t\u00eb udh\u00ebs q\u00eb ata t\u00eb mos ruajn\u00eb asgj\u00eb t\u00eb k\u00ebtill\u00eb, ve\u00e7 t\u00eb ruhen prej flijimeve t\u00eb idhujve dhe prej gjakut, dhe prej kafsh\u00ebs s\u00eb mbytur, dhe prej kurv\u00ebris\u00eb. 26 At\u00ebher\u00eb Pavli i mori me vete ata burrat, dhe dit\u00ebn tjet\u00ebr, si u pastrua bashk\u00eb me ta, hyri n\u00eb tempull, dhe lajm\u00ebron kur mbushen dit\u00ebt e pastrimit, kur do t\u00eb sillej dhurat\u00eb p\u00ebr secilin prej tyre.<br \/>\n27 Edhe kur do t\u00eb mbusheshin t\u00eb shtat\u00eb dit\u00ebt, ata Judenjt\u00eb q\u00eb ishin nga Azia, kur e pan\u00eb at\u00eb n\u00eb tempull, trazuan gjith\u00eb turm\u00ebn, edhe vun\u00eb duart mbi t\u00eb, 28 duke b\u00ebrtitur: O burra Izraelit\u00eb, ndihmonani. Ky \u00ebsht\u00eb ai njeriu q\u00eb m\u00ebson kudo gjith\u00eb njer\u00ebzit kund\u00ebr popullit dhe ligjit, dhe k\u00ebtij vendi; dhe madje edhe Grek\u00eb futi n\u00eb tempull, dhe ndoti k\u00ebt\u00eb vend t\u00eb shenjt\u00eb. 29 Sepse kishin par\u00eb m\u00eb par\u00eb Trofim Efesianin bashk\u00eb me t\u00eb n\u00eb qytet, t\u00eb cilin pandehnin se Pavli e kishte futur n\u00eb tempull. 30 Edhe u tund gjith\u00eb qyteti, dhe u mblodh populli; dhe si zun\u00eb Pavlin, e hoq\u00ebn jasht\u00eb tempullit; dhe p\u00ebrnj\u00ebher\u00eb u mbyll\u00ebn dyert.<br \/>\n31 Edhe tek k\u00ebrkonin ta vrisnin, shkoi fjala te kryemij\u00ebsi i kohort\u00ebs, se gjith\u00eb Jerusalemi \u00ebsht\u00eb trazuar. 32 Ky p\u00ebrnj\u00ebher\u00eb mori me vete ushtar\u00eb e kryeqind\u00ebs e u sul posht\u00eb mbi ata. Edhe ata kur pan\u00eb kryemij\u00ebsin edhe ushtar\u00ebt, pushuan s\u00eb rrahuri Pavlin. 33 At\u00ebher\u00eb kryemij\u00ebsi u afrua dhe e zuri, dhe urdh\u00ebroi t\u00eb lidhet me dy vargje hekurash, dhe pyeste, cili ishte ai dhe \u00e7\u2019kishte b\u00ebr\u00eb. 34 Edhe n\u00eb mes t\u00eb turm\u00ebs b\u00ebrtisnin disa p\u00ebr nj\u00eb, e t\u00eb tjer\u00eb p\u00ebr tjet\u00ebr pun\u00eb; edhe pasi nuk mundi t\u00eb marr\u00eb vesh t\u00eb v\u00ebrtet\u00ebn p\u00ebr trazir\u00ebn, urdh\u00ebroi t\u00eb sillet n\u00eb fortes\u00eb. 35 Edhe kur erdhi te shkall\u00ebt, u desh t\u00eb mbahej nga ushtar\u00ebt p\u00ebr shkak t\u00eb dhun\u00ebs nga ana e turm\u00ebs. 36 Sepse turma e popullit vinte pas duke b\u00ebrtitur: Ngrije at\u00eb.<br \/>\n37 Edhe Pavli, kur do t\u00eb hynte n\u00eb fortes\u00eb, i thot\u00eb kryemij\u00ebsit: A m\u00eb lejohet t\u00eb t\u00eb them di\u00e7ka? 38 Edhe ai tha: A di greqisht? Vall\u00eb, mos je ti ai Egjiptiani, q\u00eb ngriti krye para pak koh\u00ebsh dhe nxori n\u00eb shkret\u00ebtir\u00eb kat\u00ebr mij\u00eb njer\u00ebz gjak\u00ebsor\u00eb? 39 Edhe Pavli tha: Un\u00eb jam nj\u00eb njeri jude nga Tarsi, qytetar i nj\u00eb qyteti me em\u00ebr t\u00eb Kilikis\u00eb; edhe t\u00eb lutem, jepm\u00eb leje t\u2019i flas popullit. 40 Edhe si i dha leje ai, Pavli q\u00ebndroi mbi shkall\u00eb, i b\u00ebri popullit shenj\u00eb me dor\u00eb dhe si u b\u00eb heshtje e madhe, foli n\u00eb gjuh\u00eb hebraishte, duke th\u00ebn\u00eb:<\/p>\n<\/div><div class=\"fusion-text fusion-text-64\"><h3><img decoding=\"async\" class=\"lazyload size-full wp-image-22719 aligncenter\" src=\"https:\/\/orthodoxalbania.org\/2020\/wp-content\/uploads\/2020\/04\/decorend_vectorized.png\" data-orig-src=\"https:\/\/orthodoxalbania.org\/2020\/wp-content\/uploads\/2020\/04\/decorend_vectorized.png\" alt=\"\" width=\"901\" height=\"52\" srcset=\"data:image\/svg+xml,%3Csvg%20xmlns%3D%27http%3A%2F%2Fwww.w3.org%2F2000%2Fsvg%27%20width%3D%27901%27%20height%3D%2752%27%20viewBox%3D%270%200%20901%2052%27%3E%3Crect%20width%3D%27901%27%20height%3D%2752%27%20fill-opacity%3D%220%22%2F%3E%3C%2Fsvg%3E\" data-srcset=\"https:\/\/orthodoxalbania.org\/2020\/wp-content\/uploads\/2020\/04\/decorend_vectorized-200x12.png 200w, https:\/\/orthodoxalbania.org\/2020\/wp-content\/uploads\/2020\/04\/decorend_vectorized-300x17.png 300w, https:\/\/orthodoxalbania.org\/2020\/wp-content\/uploads\/2020\/04\/decorend_vectorized-400x23.png 400w, https:\/\/orthodoxalbania.org\/2020\/wp-content\/uploads\/2020\/04\/decorend_vectorized-600x35.png 600w, https:\/\/orthodoxalbania.org\/2020\/wp-content\/uploads\/2020\/04\/decorend_vectorized-768x44.png 768w, https:\/\/orthodoxalbania.org\/2020\/wp-content\/uploads\/2020\/04\/decorend_vectorized-800x46.png 800w, https:\/\/orthodoxalbania.org\/2020\/wp-content\/uploads\/2020\/04\/decorend_vectorized.png 901w\" data-sizes=\"auto\" data-orig-sizes=\"(max-width: 901px) 100vw, 901px\" \/><\/h3>\n<h4 style=\"text-align: center;\"><a href=\"#kreu1\">1<\/a> <a href=\"#kreu2\">2<\/a> <a href=\"#kreu3\">3<\/a> <a href=\"#kreu4\">4<\/a> <a href=\"#kreu5\">5<\/a> <a href=\"#kreu6\">6<\/a> <a href=\"#kreu7\">7<\/a> <a href=\"#kreu8\">8<\/a> <a href=\"#kreu9\">9<\/a> <a href=\"#kreu10\">10<\/a> <a href=\"#kreu11\">11<\/a> <a href=\"#kreu12\">12<\/a> <a href=\"#kreu13\">13<\/a> <a href=\"#kreu14\">14<\/a> <a href=\"#kreu15\">15 <\/a><a href=\"#kreu16\">16<\/a> <a href=\"#kreu18\">17<\/a> <a href=\"#kreu18\">18<\/a> <a href=\"#kreu19\">19<\/a> <a href=\"#kreu20\">20 <\/a><a href=\"#kreu21\">21<\/a> <a href=\"#kreu22\">22<\/a> <a href=\"#kreu23\">23<\/a> <a href=\"#kreu24\">24<\/a> <a href=\"#kreu25\">25<\/a> <a href=\"#kreu26\">26<\/a> <a href=\"#kreu27\">27<\/a> <a href=\"#kreu28\">28<\/a><\/h4>\n<\/div><div class=\"fusion-image-element fusion-image-align-center in-legacy-container\" style=\"text-align:center;--awb-caption-title-font-family:var(--h2_typography-font-family);--awb-caption-title-font-weight:var(--h2_typography-font-weight);--awb-caption-title-font-style:var(--h2_typography-font-style);--awb-caption-title-size:var(--h2_typography-font-size);--awb-caption-title-transform:var(--h2_typography-text-transform);--awb-caption-title-line-height:var(--h2_typography-line-height);--awb-caption-title-letter-spacing:var(--h2_typography-letter-spacing);\"><div class=\"imageframe-align-center\"><span class=\" fusion-imageframe imageframe-none imageframe-23 hover-type-none\"><img decoding=\"async\" width=\"645\" height=\"85\" title=\"Decor05_vectorized\" src=\"https:\/\/orthodoxalbania.org\/2020\/wp-content\/uploads\/2020\/04\/Decor05_vectorized.png\" data-orig-src=\"https:\/\/orthodoxalbania.org\/2020\/wp-content\/uploads\/2020\/04\/Decor05_vectorized.png\" alt class=\"lazyload img-responsive wp-image-22680\" srcset=\"data:image\/svg+xml,%3Csvg%20xmlns%3D%27http%3A%2F%2Fwww.w3.org%2F2000%2Fsvg%27%20width%3D%27645%27%20height%3D%2785%27%20viewBox%3D%270%200%20645%2085%27%3E%3Crect%20width%3D%27645%27%20height%3D%2785%27%20fill-opacity%3D%220%22%2F%3E%3C%2Fsvg%3E\" data-srcset=\"https:\/\/orthodoxalbania.org\/2020\/wp-content\/uploads\/2020\/04\/Decor05_vectorized-200x26.png 200w, https:\/\/orthodoxalbania.org\/2020\/wp-content\/uploads\/2020\/04\/Decor05_vectorized-400x53.png 400w, https:\/\/orthodoxalbania.org\/2020\/wp-content\/uploads\/2020\/04\/Decor05_vectorized-600x79.png 600w, https:\/\/orthodoxalbania.org\/2020\/wp-content\/uploads\/2020\/04\/Decor05_vectorized.png 645w\" data-sizes=\"auto\" data-orig-sizes=\"(max-width: 800px) 100vw, 645px\" \/><\/span><\/div><\/div><div class=\"fusion-text fusion-text-65\"><h2 style=\"text-align: center;\"><span class=\"ez-toc-section\" id=\"-22\"><\/span><a id=\"kreu22\"><\/a>-22-<span class=\"ez-toc-section-end\"><\/span><\/h2>\n<\/div><div class=\"fusion-text fusion-text-66\"><p style=\"text-align: justify;\">1 O burra v\u00ebllez\u00ebr dhe et\u00ebr, pa d\u00ebgjoni mbrojtjen time p\u00ebrpara jush. 2 Edhe kur d\u00ebgjuan se u fliste atyre n\u00eb gjuh\u00eb hebraishte, hesht\u00ebn m\u00eb tep\u00ebr. Dhe thot\u00eb:<br \/>\n3 Un\u00eb jam nj\u00eb njeri jude, lindur n\u00eb Tars t\u00eb Kilikis\u00eb dhe rritur n\u00eb k\u00ebt\u00eb qytet pran\u00eb k\u00ebmb\u00ebve t\u00eb Gamalielit, m\u00ebsuar me kujdes n\u00eb ligjin e et\u00ebrve, dhe isha i zellsh\u00ebm p\u00ebr Per\u00ebndin\u00eb, si\u00e7 jeni ju t\u00eb gjith\u00eb sot. 4 Edhe k\u00ebt\u00eb udh\u00eb e p\u00ebrndoqa deri n\u00eb vdekje duke lidhur e duke dh\u00ebn\u00eb n\u00eb burgje burra e gra, 5 si\u00e7 d\u00ebshmon edhe kryeprifti p\u00ebr mua dhe gjith\u00eb pleq\u00ebsia, prej t\u00eb cil\u00ebve mora edhe letra p\u00ebr v\u00ebllez\u00ebrit dhe shkoja n\u00eb Damask q\u00eb t\u00eb sillja t\u00eb lidhur edhe ata q\u00eb ishin atje, q\u00eb t\u00eb nd\u00ebshkoheshin. 6 Edhe duke b\u00ebr\u00eb udh\u00eb tek afrohesha n\u00eb Damask, af\u00ebr mesdit\u00ebs, papandehur prej qielli vet\u00ebtiu nj\u00eb drit\u00eb e madhe rreth meje. 7 Edhe rash\u00eb p\u00ebrdhe, dhe d\u00ebgjova nj\u00eb z\u00eb q\u00eb m\u00eb thoshte: Saul, Saul, pse m\u00eb p\u00ebrndjek? Edhe un\u00eb u p\u00ebrgjigja: Cili je ti, o Zot? 8 Edhe ai m\u00eb tha: Un\u00eb jam Jisu Nazaretasi, t\u00eb cilin ti e p\u00ebrndjek. 9 Edhe ata q\u00eb ishin me mua e pan\u00eb drit\u00ebn dhe u tremb\u00ebn fort; po z\u00ebrin e atij q\u00eb m\u00eb fliste nuk e d\u00ebgjuan. 10 Edhe un\u00eb thash\u00eb: \u00c7\u2019t\u00eb b\u00ebj, o Zot? Zoti m\u00eb tha: Ngrihu e shko n\u00eb Damask dhe atje do t\u00eb t\u00eb flitet p\u00ebr gjith\u00eb sa jan\u00eb urdh\u00ebruar t\u00eb b\u00ebsh. 11 Edhe pasi nuk shihja nga ndri\u00e7imi i asaj drite, duke u hequr prej dore nga ata q\u00eb ishin bashk\u00eb me mua, erdha n\u00eb Damask.<br \/>\n12 Edhe nj\u00ebfar\u00eb Ananie, burr\u00eb shpres\u00ebtar pas ligjit, dhe me d\u00ebshmi t\u00eb mir\u00eb prej gjith\u00eb Judenjve q\u00eb rrinin atje, 13 erdhi tek un\u00eb dhe ndenji p\u00ebrpara e m\u00eb tha: Saul, v\u00eblla, hap syt\u00eb. Edhe un\u00eb n\u00eb po at\u00eb \u00e7ast hapa syt\u00eb dhe e pash\u00eb at\u00eb. 14 Edhe ai tha: Per\u00ebndia i et\u00ebrve tan\u00eb t\u00eb zgjodhi t\u00eb njoh\u00ebsh d\u00ebshir\u00ebn e tij, edhe t\u00eb shoh\u00ebsh t\u00eb Drejtin, dhe t\u00eb d\u00ebgjosh z\u00eb prej goj\u00ebs s\u00eb tij. 15 Sepse do t\u00eb jesh d\u00ebshmitar i atij tek t\u00eb gjith\u00eb njer\u00ebzit p\u00ebr sa pe e d\u00ebgjove. 16 Edhe tani \u00e7\u2019pret? Ngrihu e pag\u00ebzohu dhe lahu nga m\u00ebkatet e tua, duke thirrur emrin e Zotit.<br \/>\n17 Edhe pasi u ktheva n\u00eb Jerusalem, tek isha duke u falur n\u00eb tempull, rash\u00eb n\u00eb ekstaz\u00eb, 18 edhe e pash\u00eb at\u00eb duke m\u00eb th\u00ebn\u00eb: Nxito, dhe dil shpejt nga Jerusalemi; sepse s\u2019kan\u00eb p\u00ebr ta pranuar d\u00ebshmin\u00eb t\u00ebnde p\u00ebr mua. 19 Edhe un\u00eb thash\u00eb: Zot, ata e din\u00eb se un\u00eb isha ai q\u00eb burgosja e q\u00eb rrihja n\u00ebp\u00ebr sinagoga ata q\u00eb besonin n\u00eb ty. 20 Edhe kur derdhej gjaku i Stefanit, d\u00ebshmitarit t\u00ebnd, edhe un\u00eb vet\u00eb isha atje p\u00ebrpara duke p\u00eblqyer vrasjen e tij, edhe ruaja rrobat e atyre q\u00eb e vrisnin. 21 Edhe m\u00eb tha: Shko, se un\u00eb kam p\u00ebr t\u00eb t\u00eb d\u00ebrguar nd\u00ebr kombe larg.<br \/>\n22 Edhe deri n\u00eb k\u00ebt\u00eb fjal\u00eb e d\u00ebgjonin; po at\u00ebher\u00eb ngrit\u00ebn z\u00ebrin e tyre, duke th\u00ebn\u00eb: Ngrije prej dheut t\u00eb k\u00ebtillin; sepse nuk duhet t\u00eb rroj\u00eb. 23 Edhe meqen\u00ebse ata b\u00ebrtisnin dhe shkundnin rrobat e tyre, dhe hidhnin pluhur n\u00eb aj\u00ebr, 24 kryemij\u00ebsi urdh\u00ebroi t\u00eb sillet n\u00eb fortes\u00eb, edhe tha ta pyesin me t\u00eb rrahura, q\u00eb t\u00eb marr\u00eb vesh p\u00ebr \u00e7\u2019shkak b\u00ebrtisnin k\u00ebshtu kund\u00ebr atij. 25 Edhe si e shtriu t\u00eb lidhur me rripa, Pavli i thot\u00eb kryeqind\u00ebsit q\u00eb rrinte atje: Esht\u00eb vall\u00eb e lejueshme p\u00ebr ju t\u00eb rrihni nj\u00eb njeri romak, dhe pa e gjykuar? 26 Edhe kryeqind\u00ebsi kur d\u00ebgjoi k\u00ebto, shkoi e i tregoi kryemij\u00ebsit, duke th\u00ebn\u00eb: Shiko \u00e7\u2019je duke b\u00ebr\u00eb; sepse ky njeri \u00ebsht\u00eb romak. 27 Edhe kryemij\u00ebsi erdhi e i tha: Thuam\u00eb, Romak je ti? Edhe ai tha: Po. 28 Edhe kryemij\u00ebsi u p\u00ebrgjigj: Un\u00eb me nj\u00eb shum\u00eb t\u00eb madhe e fitova k\u00ebt\u00eb qytetari. Edhe Pavli tha: Kurse un\u00eb kam lindur romak. 29 P\u00ebrnj\u00ebher\u00eb pra u larguan prej tij ata q\u00eb do ta mundonin. Po edhe kryemij\u00ebsi u frik\u00ebsua, se mori vesh q\u00eb \u00ebsht\u00eb romak, edhe sepse e kishte lidhur.<br \/>\n30 Edhe t\u00eb nes\u00ebrmen, duke dashur t\u00eb marr\u00eb vesh t\u00eb v\u00ebrtet\u00ebn p\u00ebr \u00e7\u2019pun\u00eb akuzohet nga Judenjt\u00eb, e zgjidhi nga vargonjt\u00eb, dhe urdh\u00ebroi t\u00eb vijn\u00eb kryeprift\u00ebrinjt\u00eb dhe gjith\u00eb kuvendi i tyre; edhe zbriti Pavlin dhe e vuri p\u00ebrpara tyre.<\/p>\n<\/div><div class=\"fusion-text fusion-text-67\"><h3><img decoding=\"async\" class=\"lazyload size-full wp-image-22719 aligncenter\" src=\"https:\/\/orthodoxalbania.org\/2020\/wp-content\/uploads\/2020\/04\/decorend_vectorized.png\" data-orig-src=\"https:\/\/orthodoxalbania.org\/2020\/wp-content\/uploads\/2020\/04\/decorend_vectorized.png\" alt=\"\" width=\"901\" height=\"52\" srcset=\"data:image\/svg+xml,%3Csvg%20xmlns%3D%27http%3A%2F%2Fwww.w3.org%2F2000%2Fsvg%27%20width%3D%27901%27%20height%3D%2752%27%20viewBox%3D%270%200%20901%2052%27%3E%3Crect%20width%3D%27901%27%20height%3D%2752%27%20fill-opacity%3D%220%22%2F%3E%3C%2Fsvg%3E\" data-srcset=\"https:\/\/orthodoxalbania.org\/2020\/wp-content\/uploads\/2020\/04\/decorend_vectorized-200x12.png 200w, https:\/\/orthodoxalbania.org\/2020\/wp-content\/uploads\/2020\/04\/decorend_vectorized-300x17.png 300w, https:\/\/orthodoxalbania.org\/2020\/wp-content\/uploads\/2020\/04\/decorend_vectorized-400x23.png 400w, https:\/\/orthodoxalbania.org\/2020\/wp-content\/uploads\/2020\/04\/decorend_vectorized-600x35.png 600w, https:\/\/orthodoxalbania.org\/2020\/wp-content\/uploads\/2020\/04\/decorend_vectorized-768x44.png 768w, https:\/\/orthodoxalbania.org\/2020\/wp-content\/uploads\/2020\/04\/decorend_vectorized-800x46.png 800w, https:\/\/orthodoxalbania.org\/2020\/wp-content\/uploads\/2020\/04\/decorend_vectorized.png 901w\" data-sizes=\"auto\" data-orig-sizes=\"(max-width: 901px) 100vw, 901px\" \/><\/h3>\n<h4 style=\"text-align: center;\"><a href=\"#kreu1\">1<\/a> <a href=\"#kreu2\">2<\/a> <a href=\"#kreu3\">3<\/a> <a href=\"#kreu4\">4<\/a> <a href=\"#kreu5\">5<\/a> <a href=\"#kreu6\">6<\/a> <a href=\"#kreu7\">7<\/a> <a href=\"#kreu8\">8<\/a> <a href=\"#kreu9\">9<\/a> <a href=\"#kreu10\">10<\/a> <a href=\"#kreu11\">11<\/a> <a href=\"#kreu12\">12<\/a> <a href=\"#kreu13\">13<\/a> <a href=\"#kreu14\">14<\/a> <a href=\"#kreu15\">15 <\/a><a href=\"#kreu16\">16<\/a> <a href=\"#kreu18\">17<\/a> <a href=\"#kreu18\">18<\/a> <a href=\"#kreu19\">19<\/a> <a href=\"#kreu20\">20 <\/a><a href=\"#kreu21\">21<\/a> <a href=\"#kreu22\">22<\/a> <a href=\"#kreu23\">23<\/a> <a href=\"#kreu24\">24<\/a> <a href=\"#kreu25\">25<\/a> <a href=\"#kreu26\">26<\/a> <a href=\"#kreu27\">27<\/a> <a href=\"#kreu28\">28<\/a><\/h4>\n<\/div><div class=\"fusion-image-element fusion-image-align-center in-legacy-container\" style=\"text-align:center;--awb-caption-title-font-family:var(--h2_typography-font-family);--awb-caption-title-font-weight:var(--h2_typography-font-weight);--awb-caption-title-font-style:var(--h2_typography-font-style);--awb-caption-title-size:var(--h2_typography-font-size);--awb-caption-title-transform:var(--h2_typography-text-transform);--awb-caption-title-line-height:var(--h2_typography-line-height);--awb-caption-title-letter-spacing:var(--h2_typography-letter-spacing);\"><div class=\"imageframe-align-center\"><span class=\" fusion-imageframe imageframe-none imageframe-24 hover-type-none\"><img decoding=\"async\" width=\"645\" height=\"85\" title=\"Decor05_vectorized\" src=\"https:\/\/orthodoxalbania.org\/2020\/wp-content\/uploads\/2020\/04\/Decor05_vectorized.png\" data-orig-src=\"https:\/\/orthodoxalbania.org\/2020\/wp-content\/uploads\/2020\/04\/Decor05_vectorized.png\" alt class=\"lazyload img-responsive wp-image-22680\" srcset=\"data:image\/svg+xml,%3Csvg%20xmlns%3D%27http%3A%2F%2Fwww.w3.org%2F2000%2Fsvg%27%20width%3D%27645%27%20height%3D%2785%27%20viewBox%3D%270%200%20645%2085%27%3E%3Crect%20width%3D%27645%27%20height%3D%2785%27%20fill-opacity%3D%220%22%2F%3E%3C%2Fsvg%3E\" data-srcset=\"https:\/\/orthodoxalbania.org\/2020\/wp-content\/uploads\/2020\/04\/Decor05_vectorized-200x26.png 200w, https:\/\/orthodoxalbania.org\/2020\/wp-content\/uploads\/2020\/04\/Decor05_vectorized-400x53.png 400w, https:\/\/orthodoxalbania.org\/2020\/wp-content\/uploads\/2020\/04\/Decor05_vectorized-600x79.png 600w, https:\/\/orthodoxalbania.org\/2020\/wp-content\/uploads\/2020\/04\/Decor05_vectorized.png 645w\" data-sizes=\"auto\" data-orig-sizes=\"(max-width: 800px) 100vw, 645px\" \/><\/span><\/div><\/div><div class=\"fusion-text fusion-text-68\"><h2 style=\"text-align: center;\"><a id=\"kreu23\"><\/a>-23-<\/h2>\n<\/div><div class=\"fusion-text fusion-text-69\"><p style=\"text-align: justify;\">1 Edhe Pavli hodhi syt\u00eb n\u00eb kuvend, e tha: Burra v\u00ebllez\u00ebr, un\u00eb deri n\u00eb k\u00ebt\u00eb dit\u00eb kam ecur p\u00ebrpara Per\u00ebndis\u00eb me gjith\u00eb nd\u00ebrgjegjen e mir\u00eb. 2 Edhe kryeprifti Anania i urdh\u00ebroi ata q\u00eb rrinin pran\u00eb atij t\u2019i bien goj\u00ebs. 3 At\u00ebher\u00eb Pavli i tha: Per\u00ebndia do t\u00eb t\u00eb bjer\u00eb, o mur i lyer me g\u00eblqere; e ti rri t\u00eb m\u00eb gjykosh sipas ligjit, dhe duke shkelur ligjin urdh\u00ebron t\u00eb m\u00eb bien? 4 Edhe ata q\u00eb rrinin pran\u00eb, than\u00eb: Kryepriftin e Per\u00ebndis\u00eb shan? 5 Edhe Pavli tha: Nuk e dija, v\u00ebllez\u00ebr, se \u00ebsht\u00eb kryeprift; sepse \u00ebsht\u00eb shkruar, \u201cMos fol keq p\u00ebr t\u00eb parin e popullit t\u00ebnd\u201d.<br \/>\n6 Dhe Pavli, si e kuptoi se nj\u00ebra pjes\u00eb ishte prej Saduqenjsh, dhe tjetra prej Farisenjsh, b\u00ebrtiti n\u00eb kuvend: Burra v\u00ebllez\u00ebr, un\u00eb jam Farise, bir Fariseu. Un\u00eb po gjykohem p\u00ebr shpres\u00eb e p\u00ebr ngjalljen e t\u00eb vdekurve. 7 Edhe si foli ai k\u00ebt\u00eb, u b\u00eb nj\u00eb grindje n\u00eb mes t\u00eb Farisenjve e t\u00eb Saduqenjve, edhe mbledhja u p\u00ebr\u00e7a. 8 Sepse Saduqenjt\u00eb thon\u00eb se s\u2019ka ngjallje, as engj\u00ebll, as shpirt; kurse Farisenjt\u00eb i pohojn\u00eb q\u00eb t\u00eb dyja. 9 Edhe u b\u00eb nj\u00eb trazir\u00eb e madhe, dhe shkruesit e an\u00ebs s\u00eb Farisenjve u ngrit\u00ebn e grindeshin, duke th\u00ebn\u00eb: Asgj\u00eb t\u00eb keqe s\u2019gjejm\u00eb te ky njeri; po n\u00ebse i foli atij ndonj\u00eb shpirt a engj\u00ebll, le t\u00eb mos luftojm\u00eb kund\u00ebr Per\u00ebndis\u00eb. 10 Edhe pasi u b\u00eb trazir\u00eb e madhe, kryemij\u00ebsi pati frik\u00eb se mos shqyhet Pavli prej tyre, dhe urdh\u00ebroi t\u00eb zbres\u00eb ushtria e ta rr\u00ebmbej\u00eb nga mesi i tyre, dhe ta \u00e7oj\u00eb n\u00eb fortes\u00eb.<br \/>\n11 Edhe nat\u00ebn pas asaj dite iu duk Zoti e i tha: Ki zem\u00ebr, Pav\u00ebl, se si\u00e7 d\u00ebshmove p\u00ebr mua n\u00eb Jerusalem, k\u00ebshtu duhet t\u00eb d\u00ebshmosh edhe n\u00eb Rom\u00eb.<br \/>\n12 Edhe si u b\u00eb dit\u00eb, disa nga Judenjt\u00eb u lidh\u00ebn me be n\u00eb mes tyre e mallkuan veten e tyre, duke th\u00ebn\u00eb as t\u00eb mos han\u00eb, as t\u00eb mos pin\u00eb, derisa t\u00eb vrasin Pavlin. 13 Edhe ata q\u00eb kishin b\u00ebr\u00eb k\u00ebt\u00eb p\u00ebrbetim ishin m\u00eb shum\u00eb se dyzet veta, 14 t\u00eb cil\u00ebt erdh\u00ebn te kryeprift\u00ebrinjt\u00eb dhe te pleqt\u00eb, e than\u00eb: Me mallkim kemi n\u00ebmur veten ton\u00eb t\u00eb mos v\u00ebm\u00eb gj\u00eb n\u00eb goj\u00eb, derisa t\u00eb vrasim Pavlin. 15 Tani pra ju me k\u00ebshillin lajm\u00ebroni kryemij\u00ebsin ta zbres\u00eb nes\u00ebr te ju, sikur doni t\u00eb merrni vesh m\u00eb mir\u00eb pun\u00ebt e tij; edhe ne, para se t\u00eb afrohet ai, jemi gati ta vrasim.<br \/>\n16 Po si d\u00ebgjoi p\u00ebr k\u00ebt\u00eb prit\u00eb, i biri i s\u00eb motr\u00ebs s\u00eb Pavlit, shkoi e hyri n\u00eb fortes\u00eb e i tregoi Pavlit. 17 Edhe Pavli th\u00ebrriti nj\u00eb nga kryeqind\u00ebsit e tha: D\u00ebrgojeni k\u00ebt\u00eb djalosh te kryemij\u00ebsi, sepse ka di\u00e7ka p\u00ebr t\u2019i th\u00ebn\u00eb atij. 18 Ai pra, si e mori me vete, e pruri te kryemij\u00ebsi, edhe thot\u00eb: Pavli q\u00eb \u00ebsht\u00eb n\u00eb burg m\u00eb thirri, e m\u2019u lut t\u00eb sjell k\u00ebt\u00eb djalosh tek ti, sepse ka di\u00e7ka p\u00ebr t\u00eb t\u00eb th\u00ebn\u00eb ty. 19 Edhe kryemij\u00ebsi si e mori prej dore, edhe u hoq m\u00ebnjan\u00eb, e pyeste: \u00c7\u2019\u00ebsht\u00eb ajo q\u00eb ke p\u00ebr t\u00eb m\u00eb treguar? 20 Edhe ai tha se Judenjt\u00eb lidh\u00ebn fjal\u00eb t\u00eb t\u00eb luten q\u00eb nes\u00ebr ta zbres\u00ebsh Pavlin n\u00eb k\u00ebshill, sikur kan\u00eb p\u00ebr t\u00eb pyetur di\u00e7ka m\u00eb sakt\u00ebsisht p\u00ebr t\u00eb. 21 Po ti mos i d\u00ebgjo ata; sepse at\u00eb e presin n\u00eb prit\u00eb m\u00eb shum\u00eb se dyzet prej tyre, t\u00eb cil\u00ebt kan\u00eb n\u00ebmur veten e tyre as t\u00eb mos han\u00eb as t\u00eb mos pin\u00eb, deri sa ta vrasin at\u00eb; edhe tani jan\u00eb gati duke pritur fjal\u00eb prej teje.<br \/>\n22 Kryemij\u00ebsi pra e l\u00ebshoi djaloshin, duke e porositur at\u00eb: Mos i thuaj asnjeriu se m\u00eb tregove k\u00ebto. 23 Edhe thirri dy veta nga kryeqind\u00ebsit, e u tha atyre: B\u00ebni gati dyqind ushtar\u00eb p\u00ebr t\u00eb shkuar deri n\u00eb Qesari, edhe shtat\u00ebdhjet\u00eb kalor\u00ebs, edhe dyqind heshtar\u00eb, q\u00eb n\u00eb t\u00eb tret\u00ebn or\u00eb t\u00eb nat\u00ebs. 24 B\u00ebni gati edhe kafsh\u00eb, q\u00eb t\u00eb hipin Pavlin e ta \u00e7ojn\u00eb me siguri te qeveritari Feliks. 25 Edhe shkroi nj\u00eb let\u00ebr q\u00eb kishte k\u00ebto fjal\u00eb:<br \/>\n26 \u201cKlaud Lisia t\u00eb pushtetshmit qeveritar Feliks, p\u00ebrsh\u00ebndetje. 27 K\u00ebt\u00eb njeri q\u00eb u zu prej Judenjve dhe do t\u00eb vritej prej tyre, un\u00eb arrita bashk\u00eb me ushtrin\u00eb dhe e shp\u00ebtova, sepse mora vesh se \u00ebsht\u00eb Romak. 28 Edhe duke dashur t\u00eb marr vesh p\u00ebr \u00e7\u2019shkak e akuzonin, e zbrita n\u00eb kuvendin e tyre. 29 Edhe gjeta se akuzohej p\u00ebr \u00e7\u00ebshtje t\u00eb ligjit t\u00eb tyre, po s\u2019ka ndonj\u00eb faj p\u00ebr vdekje a p\u00ebr t\u2019u lidhur me hekura. 30 Edhe pasi m\u00eb lajm\u00ebruan se do t\u00eb b\u00ebhej prit\u00eb prej Judenjve kund\u00ebr njeriut, menj\u00ebher\u00eb e d\u00ebrgova te ti, edhe i porosita edhe ata q\u00eb e akuzojn\u00eb at\u00eb t\u00eb thon\u00eb p\u00ebrpara teje \u00e7\u2019fjal\u00eb kan\u00eb kund\u00ebr tij. Qofsh me sh\u00ebndet.\u201d<br \/>\n31 Ushtar\u00ebt pra, si\u00e7 qen\u00eb urdh\u00ebruar, mor\u00ebn Pavlin dhe e prun\u00eb nat\u00ebn n\u00eb Antipatrid\u00eb. 32 Edhe t\u00eb nes\u00ebrmen, si lan\u00eb kalor\u00ebsit t\u00eb shkojn\u00eb bashk\u00eb me t\u00eb, u kthyen n\u00eb fortes\u00eb. 33 Ata, si hyn\u00eb n\u00eb Qesari dhe dhan\u00eb letr\u00ebn n\u00eb dor\u00eb t\u00eb qeveritarit, nxor\u00ebn p\u00ebrpara tij edhe Pavlin. 34 Edhe qeveritari si e lexoi, dhe pyeti nga \u00e7\u2019provinc\u00eb \u00ebsht\u00eb, edhe kur d\u00ebgjoi se \u00ebsht\u00eb nga Kilikia, 35 tha: Do t\u00eb t\u00eb d\u00ebgjoj, kur t\u00eb vijn\u00eb edhe ata q\u00eb t\u00eb akuzojn\u00eb. Edhe urdh\u00ebroi t\u00eb ruhet n\u00eb gjykat\u00ebn e Herodit.<\/p>\n<\/div><div class=\"fusion-text fusion-text-70\"><h3><img decoding=\"async\" class=\"lazyload size-full wp-image-22719 aligncenter\" src=\"https:\/\/orthodoxalbania.org\/2020\/wp-content\/uploads\/2020\/04\/decorend_vectorized.png\" data-orig-src=\"https:\/\/orthodoxalbania.org\/2020\/wp-content\/uploads\/2020\/04\/decorend_vectorized.png\" alt=\"\" width=\"901\" height=\"52\" srcset=\"data:image\/svg+xml,%3Csvg%20xmlns%3D%27http%3A%2F%2Fwww.w3.org%2F2000%2Fsvg%27%20width%3D%27901%27%20height%3D%2752%27%20viewBox%3D%270%200%20901%2052%27%3E%3Crect%20width%3D%27901%27%20height%3D%2752%27%20fill-opacity%3D%220%22%2F%3E%3C%2Fsvg%3E\" data-srcset=\"https:\/\/orthodoxalbania.org\/2020\/wp-content\/uploads\/2020\/04\/decorend_vectorized-200x12.png 200w, https:\/\/orthodoxalbania.org\/2020\/wp-content\/uploads\/2020\/04\/decorend_vectorized-300x17.png 300w, https:\/\/orthodoxalbania.org\/2020\/wp-content\/uploads\/2020\/04\/decorend_vectorized-400x23.png 400w, https:\/\/orthodoxalbania.org\/2020\/wp-content\/uploads\/2020\/04\/decorend_vectorized-600x35.png 600w, https:\/\/orthodoxalbania.org\/2020\/wp-content\/uploads\/2020\/04\/decorend_vectorized-768x44.png 768w, https:\/\/orthodoxalbania.org\/2020\/wp-content\/uploads\/2020\/04\/decorend_vectorized-800x46.png 800w, https:\/\/orthodoxalbania.org\/2020\/wp-content\/uploads\/2020\/04\/decorend_vectorized.png 901w\" data-sizes=\"auto\" data-orig-sizes=\"(max-width: 901px) 100vw, 901px\" \/><\/h3>\n<h4 style=\"text-align: center;\"><a href=\"#kreu1\">1<\/a> <a href=\"#kreu2\">2<\/a> <a href=\"#kreu3\">3<\/a> <a href=\"#kreu4\">4<\/a> <a href=\"#kreu5\">5<\/a> <a href=\"#kreu6\">6<\/a> <a href=\"#kreu7\">7<\/a> <a href=\"#kreu8\">8<\/a> <a href=\"#kreu9\">9<\/a> <a href=\"#kreu10\">10<\/a> <a href=\"#kreu11\">11<\/a> <a href=\"#kreu12\">12<\/a> <a href=\"#kreu13\">13<\/a> <a href=\"#kreu14\">14<\/a> <a href=\"#kreu15\">15 <\/a><a href=\"#kreu16\">16<\/a> <a href=\"#kreu18\">17<\/a> <a href=\"#kreu18\">18<\/a> <a href=\"#kreu19\">19<\/a> <a href=\"#kreu20\">20 <\/a><a href=\"#kreu21\">21<\/a> <a href=\"#kreu22\">22<\/a> <a href=\"#kreu23\">23<\/a> <a href=\"#kreu24\">24<\/a> <a href=\"#kreu25\">25<\/a> <a href=\"#kreu26\">26<\/a> <a href=\"#kreu27\">27<\/a> <a href=\"#kreu28\">28<\/a><\/h4>\n<\/div><div class=\"fusion-image-element fusion-image-align-center in-legacy-container\" style=\"text-align:center;--awb-caption-title-font-family:var(--h2_typography-font-family);--awb-caption-title-font-weight:var(--h2_typography-font-weight);--awb-caption-title-font-style:var(--h2_typography-font-style);--awb-caption-title-size:var(--h2_typography-font-size);--awb-caption-title-transform:var(--h2_typography-text-transform);--awb-caption-title-line-height:var(--h2_typography-line-height);--awb-caption-title-letter-spacing:var(--h2_typography-letter-spacing);\"><div class=\"imageframe-align-center\"><span class=\" fusion-imageframe imageframe-none imageframe-25 hover-type-none\"><img decoding=\"async\" width=\"645\" height=\"85\" title=\"Decor05_vectorized\" src=\"https:\/\/orthodoxalbania.org\/2020\/wp-content\/uploads\/2020\/04\/Decor05_vectorized.png\" data-orig-src=\"https:\/\/orthodoxalbania.org\/2020\/wp-content\/uploads\/2020\/04\/Decor05_vectorized.png\" alt class=\"lazyload img-responsive wp-image-22680\" srcset=\"data:image\/svg+xml,%3Csvg%20xmlns%3D%27http%3A%2F%2Fwww.w3.org%2F2000%2Fsvg%27%20width%3D%27645%27%20height%3D%2785%27%20viewBox%3D%270%200%20645%2085%27%3E%3Crect%20width%3D%27645%27%20height%3D%2785%27%20fill-opacity%3D%220%22%2F%3E%3C%2Fsvg%3E\" data-srcset=\"https:\/\/orthodoxalbania.org\/2020\/wp-content\/uploads\/2020\/04\/Decor05_vectorized-200x26.png 200w, https:\/\/orthodoxalbania.org\/2020\/wp-content\/uploads\/2020\/04\/Decor05_vectorized-400x53.png 400w, https:\/\/orthodoxalbania.org\/2020\/wp-content\/uploads\/2020\/04\/Decor05_vectorized-600x79.png 600w, https:\/\/orthodoxalbania.org\/2020\/wp-content\/uploads\/2020\/04\/Decor05_vectorized.png 645w\" data-sizes=\"auto\" data-orig-sizes=\"(max-width: 800px) 100vw, 645px\" \/><\/span><\/div><\/div><div class=\"fusion-text fusion-text-71\"><h2 style=\"text-align: center;\"><a id=\"kreu24\"><\/a>-24-<\/h2>\n<\/div><div class=\"fusion-text fusion-text-72\"><p style=\"text-align: justify;\">1 Edhe pas pes\u00eb dit\u00ebsh zbriti kryeprifti Anania bashk\u00eb me pleqt\u00eb e me nj\u00ebfar\u00eb oratori q\u00eb quhej Tertil, t\u00eb cil\u00ebt dol\u00ebn p\u00ebrpara qeveritarit kund\u00ebr Pavlit. 2 Edhe si u thirr ai, Tertili zuri t\u00eb akuzoj\u00eb, duke th\u00ebn\u00eb: 3 O i pushtetsh\u00ebm Feliks, shum\u00eb qet\u00ebsi kemi prej teje, edhe pun\u00eb t\u00eb m\u00ebdha b\u00ebhen n\u00eb k\u00ebt\u00eb komb me p\u00ebrkujdesjen t\u00ebnde, edhe p\u00ebrher\u00eb e kudo i presim k\u00ebto me shum\u00eb fal\u00ebnderime. 4 Po q\u00eb mos t\u00eb t\u00eb r\u00ebndoj tep\u00ebr, t\u00eb lutem t\u00eb na d\u00ebgjosh pak fjal\u00eb me but\u00ebsin\u00eb t\u00ebnde. 5 Pasi e gjet\u00ebm k\u00ebt\u00eb njeri se \u00ebsht\u00eb murtaj\u00eb, edhe se nxit trazir\u00eb n\u00eb mes t\u00eb gjith\u00eb Judenjve q\u00eb jan\u00eb n\u00ebp\u00ebr bot\u00eb, edhe se \u00ebsht\u00eb i pari i sektit t\u00eb Nazaretasit, 6 q\u00eb edhe tempullin deshi ta ndyj\u00eb, t\u00eb cilin edhe e zum\u00eb dhe desh\u00ebm ta gjykojm\u00eb sipas ligjit ton\u00eb. 7 Po erdhi Lisia, kryemij\u00ebsi, edhe na e rr\u00ebmbeu prej duarve me shum\u00eb dhun\u00eb, 8 duke urdh\u00ebruar q\u00eb akuzuesit e tij t\u00eb vijn\u00eb p\u00ebrpara teje; prej t\u00eb cilit ti vet\u00eb, si ta pyes\u00ebsh, do t\u00eb mund\u00ebsh t\u00eb marr\u00ebsh vesh p\u00ebr gjith\u00eb k\u00ebto q\u00eb e akuzojm\u00eb ne. 9 E miratuan at\u00eb edhe Judenjt\u00eb, duke th\u00ebn\u00eb se k\u00ebto k\u00ebshtu jan\u00eb.<br \/>\n10 At\u00ebher\u00eb Pavli, pasi i b\u00ebri shenj\u00eb qeveritari t\u00eb flas\u00eb, u p\u00ebrgjigj: Pasi e di se prej shum\u00eb vitesh je gjykat\u00ebs n\u00eb k\u00ebt\u00eb komb, me besim do ta mbroj veten time, 11 sepse mund t\u00eb marr\u00ebsh vesh se nuk jan\u00eb m\u00eb tep\u00ebr se dymb\u00ebdhjet\u00eb dit\u00eb q\u00ebkurse u ngjita n\u00eb Jerusalem p\u00ebr t\u2019u falur. 12 Edhe as n\u00eb tempull nuk m\u00eb gjet\u00ebn duke kuvenduar me ndonj\u00eb njeri, ose duke ngritur m\u00eb k\u00ebmb\u00eb popullin, as n\u00ebp\u00ebr sinagogat, as n\u00eb qytet. 13 As mund t\u2019i v\u00ebrtetojn\u00eb ato gj\u00ebra p\u00ebr t\u00eb cilat m\u00eb akuzojn\u00eb tani. 14 Por pohoj k\u00ebt\u00eb te ti, se sipas udh\u00ebs, q\u00eb k\u00ebta i thon\u00eb herezi, k\u00ebshtu adhuroj Per\u00ebndin\u00eb e et\u00ebrve t\u00eb mi, duke besuar n\u00eb t\u00eb gjitha ato q\u00eb jan\u00eb shkruar n\u00eb ligj e n\u00eb profet\u00ebt. 15 Edhe kam shpres\u00eb te Per\u00ebndia, t\u00eb cilin edhe k\u00ebta vet\u00eb e presin, se do t\u00eb b\u00ebhet ngjallja e t\u00eb vdekurve, t\u00eb drejt\u00ebve e t\u00eb padrejt\u00ebve. 16 Edhe p\u00ebr k\u00ebt\u00eb un\u00eb po p\u00ebrpiqem, q\u00eb t\u00eb kem p\u00ebrher\u00eb nd\u00ebrgjegje pa qortim p\u00ebrpara Per\u00ebndis\u00eb dhe p\u00ebrpara njer\u00ebzve. 17 Edhe tani pas shum\u00eb viteve erdha p\u00ebr t\u2019i b\u00ebr\u00eb kombit tim l\u00ebmosha e dhurata. 18 Po n\u00eb mes t\u00eb k\u00ebtyre gj\u00ebrave m\u00eb gjet\u00ebn t\u00eb pastruar n\u00eb tempull, jo me shum\u00eb njer\u00ebz, as me trazir\u00eb, disa Judenj nga Azia, 19 t\u00eb cil\u00ebt duhej t\u00eb dilnin p\u00ebrpara teje e t\u00eb m\u00eb akuzonin, n\u00eb kishin gj\u00eb kund\u00ebr meje. 20 Ose k\u00ebta vet\u00eb le t\u00eb thon\u00eb n\u00eb gjet\u00ebn ndonj\u00eb padrejt\u00ebsi tek un\u00eb, kur dola p\u00ebrpara kuvendit, 21 ve\u00e7 n\u00eb \u00ebsht\u00eb p\u00ebr k\u00ebt\u00eb z\u00eb t\u00eb vet\u00ebm, q\u00eb th\u00ebrrita n\u00eb mes tyre, se p\u00ebr ngjalljen e t\u00eb vdekurve po gjykohem un\u00eb sot prej jush.<br \/>\n22 Edhe Feliksi, si d\u00ebgjoi k\u00ebto, e la gjyqin e tyre p\u00ebr nj\u00eb dit\u00eb tjet\u00ebr, sepse i dinte m\u00eb holl\u00eb pun\u00ebt e k\u00ebsaj udhe, dhe tha: Kur t\u00eb zbres\u00eb kryemij\u00ebsi Lisia, do t\u2019i marr vesh mir\u00eb pun\u00ebt tuaja. 23 Edhe urdh\u00ebroi kryeqind\u00ebsin t\u00eb ruhet Pavli e t\u00eb ket\u00eb leht\u00ebsira, edhe t\u00eb mos ndalojn\u00eb ndonj\u00eb prej njer\u00ebzve t\u00eb tij t\u2019i sh\u00ebrbej\u00eb ose t\u00eb vij\u00eb tek ai.<br \/>\n24 Edhe pas disa dit\u00ebsh erdhi Feliksi bashk\u00eb me gruan e tij, Drusil\u00ebn, e cila ishte Judease, edhe d\u00ebrgoi e th\u00ebrriti Pavlin, edhe d\u00ebgjoi nga ai p\u00ebr besimin n\u00eb Krishtin. 25 Edhe nd\u00ebrsa ai fliste p\u00ebr drejt\u00ebsi e vet\u00ebp\u00ebrmbajtje dhe p\u00ebr gjyqin q\u00eb do t\u00eb vij\u00eb, Feliksit i hyri frik\u00eb, e u p\u00ebrgjigj: Tani shko, po kur t\u00eb kem koh\u00eb, do t\u00eb t\u00eb th\u00ebrres prap\u00eb. 26 Sepse nj\u00ebkoh\u00ebsisht edhe shpresonte se Pavli do t\u2019i jepte para, q\u00eb ta l\u00ebshoj\u00eb; prandaj m\u00eb shpesh e th\u00ebrriste dhe fliste me t\u00eb.<br \/>\n27 Po pasi u mbush\u00ebn dy vjet, Feliksin e pasoi Port Festi; edhe Feliksi, duke dashur t\u2019u b\u00ebj\u00eb nder Judenjve, e la Pavlin t\u00eb lidhur.<\/p>\n<\/div><div class=\"fusion-text fusion-text-73\"><h3><img decoding=\"async\" class=\"lazyload size-full wp-image-22719 aligncenter\" src=\"https:\/\/orthodoxalbania.org\/2020\/wp-content\/uploads\/2020\/04\/decorend_vectorized.png\" data-orig-src=\"https:\/\/orthodoxalbania.org\/2020\/wp-content\/uploads\/2020\/04\/decorend_vectorized.png\" alt=\"\" width=\"901\" height=\"52\" srcset=\"data:image\/svg+xml,%3Csvg%20xmlns%3D%27http%3A%2F%2Fwww.w3.org%2F2000%2Fsvg%27%20width%3D%27901%27%20height%3D%2752%27%20viewBox%3D%270%200%20901%2052%27%3E%3Crect%20width%3D%27901%27%20height%3D%2752%27%20fill-opacity%3D%220%22%2F%3E%3C%2Fsvg%3E\" data-srcset=\"https:\/\/orthodoxalbania.org\/2020\/wp-content\/uploads\/2020\/04\/decorend_vectorized-200x12.png 200w, https:\/\/orthodoxalbania.org\/2020\/wp-content\/uploads\/2020\/04\/decorend_vectorized-300x17.png 300w, https:\/\/orthodoxalbania.org\/2020\/wp-content\/uploads\/2020\/04\/decorend_vectorized-400x23.png 400w, https:\/\/orthodoxalbania.org\/2020\/wp-content\/uploads\/2020\/04\/decorend_vectorized-600x35.png 600w, https:\/\/orthodoxalbania.org\/2020\/wp-content\/uploads\/2020\/04\/decorend_vectorized-768x44.png 768w, https:\/\/orthodoxalbania.org\/2020\/wp-content\/uploads\/2020\/04\/decorend_vectorized-800x46.png 800w, https:\/\/orthodoxalbania.org\/2020\/wp-content\/uploads\/2020\/04\/decorend_vectorized.png 901w\" data-sizes=\"auto\" data-orig-sizes=\"(max-width: 901px) 100vw, 901px\" \/><\/h3>\n<h4 style=\"text-align: center;\"><a href=\"#kreu1\">1<\/a> <a href=\"#kreu2\">2<\/a> <a href=\"#kreu3\">3<\/a> <a href=\"#kreu4\">4<\/a> <a href=\"#kreu5\">5<\/a> <a href=\"#kreu6\">6<\/a> <a href=\"#kreu7\">7<\/a> <a href=\"#kreu8\">8<\/a> <a href=\"#kreu9\">9<\/a> <a href=\"#kreu10\">10<\/a> <a href=\"#kreu11\">11<\/a> <a href=\"#kreu12\">12<\/a> <a href=\"#kreu13\">13<\/a> <a href=\"#kreu14\">14<\/a> <a href=\"#kreu15\">15 <\/a><a href=\"#kreu16\">16<\/a> <a href=\"#kreu18\">17<\/a> <a href=\"#kreu18\">18<\/a> <a href=\"#kreu19\">19<\/a> <a href=\"#kreu20\">20 <\/a><a href=\"#kreu21\">21<\/a> <a href=\"#kreu22\">22<\/a> <a href=\"#kreu23\">23<\/a> <a href=\"#kreu24\">24<\/a> <a href=\"#kreu25\">25<\/a> <a href=\"#kreu26\">26<\/a> <a href=\"#kreu27\">27<\/a> <a href=\"#kreu28\">28<\/a><\/h4>\n<\/div><div class=\"fusion-image-element fusion-image-align-center in-legacy-container\" style=\"text-align:center;--awb-caption-title-font-family:var(--h2_typography-font-family);--awb-caption-title-font-weight:var(--h2_typography-font-weight);--awb-caption-title-font-style:var(--h2_typography-font-style);--awb-caption-title-size:var(--h2_typography-font-size);--awb-caption-title-transform:var(--h2_typography-text-transform);--awb-caption-title-line-height:var(--h2_typography-line-height);--awb-caption-title-letter-spacing:var(--h2_typography-letter-spacing);\"><div class=\"imageframe-align-center\"><span class=\" fusion-imageframe imageframe-none imageframe-26 hover-type-none\"><img decoding=\"async\" width=\"645\" height=\"85\" title=\"Decor05_vectorized\" src=\"https:\/\/orthodoxalbania.org\/2020\/wp-content\/uploads\/2020\/04\/Decor05_vectorized.png\" data-orig-src=\"https:\/\/orthodoxalbania.org\/2020\/wp-content\/uploads\/2020\/04\/Decor05_vectorized.png\" alt class=\"lazyload img-responsive wp-image-22680\" srcset=\"data:image\/svg+xml,%3Csvg%20xmlns%3D%27http%3A%2F%2Fwww.w3.org%2F2000%2Fsvg%27%20width%3D%27645%27%20height%3D%2785%27%20viewBox%3D%270%200%20645%2085%27%3E%3Crect%20width%3D%27645%27%20height%3D%2785%27%20fill-opacity%3D%220%22%2F%3E%3C%2Fsvg%3E\" data-srcset=\"https:\/\/orthodoxalbania.org\/2020\/wp-content\/uploads\/2020\/04\/Decor05_vectorized-200x26.png 200w, https:\/\/orthodoxalbania.org\/2020\/wp-content\/uploads\/2020\/04\/Decor05_vectorized-400x53.png 400w, https:\/\/orthodoxalbania.org\/2020\/wp-content\/uploads\/2020\/04\/Decor05_vectorized-600x79.png 600w, https:\/\/orthodoxalbania.org\/2020\/wp-content\/uploads\/2020\/04\/Decor05_vectorized.png 645w\" data-sizes=\"auto\" data-orig-sizes=\"(max-width: 800px) 100vw, 645px\" \/><\/span><\/div><\/div><div class=\"fusion-text fusion-text-74\"><h2 style=\"text-align: center;\"><a id=\"kreu25\"><\/a>-25-<\/h2>\n<\/div><div class=\"fusion-text fusion-text-75\"><p style=\"text-align: justify;\">1 Festi pra, si erdhi n\u00eb provinc\u00eb, pas tri dit\u00ebsh u ngjit nga Qesaria n\u00eb Jerusalem. 2 Edhe kryeprifti dhe t\u00eb par\u00ebt e Judenjve q\u00eb ishin kund\u00ebr Pavlit u paraqit\u00ebn p\u00ebrpara tij, 3 edhe i luteshin, duke k\u00ebrkuar nj\u00eb nder kund\u00ebr tij, q\u00eb t\u00eb d\u00ebrgoj\u00eb e ta bjer\u00eb at\u00eb n\u00eb Jerusalem, sepse kishin b\u00ebr\u00eb prit\u00eb q\u00eb ta vrisnin gjat\u00eb udh\u00ebs. 4 Edhe Festi u p\u00ebrgjigj se Pavli ruhet n\u00eb Qesari, dhe se ai vet\u00eb kishte p\u00ebr t\u00eb shkuar shpejt atje. 5 Le t\u00eb zbresin pra, tha, ata q\u00eb munden prej jush, bashk\u00eb me mua, dhe n\u00eb ka gj\u00eb t\u00eb keqe te ky njeri, le ta akuzojn\u00eb.<br \/>\n6 Edhe pasi ndenji tek ata m\u00eb tep\u00ebr se dhjet\u00eb dit\u00eb, zbriti n\u00eb Qesari, dhe t\u00eb nes\u00ebrmen, si ndenji n\u00eb gjykat\u00eb, urdh\u00ebroi t\u00eb sillet Pavli. 7 Edhe si erdhi ai, dol\u00ebn p\u00ebrpara Judenjt\u00eb q\u00eb kishin zbritur nga Jerusalemi, edhe thoshin kund\u00ebr Pavlit shum\u00eb akuza t\u00eb r\u00ebnda, t\u00eb cilat s\u2019mund t\u2019i v\u00ebrtetonin, 8 sepse ai, p\u00ebr t\u00eb mbrojtur veten, thoshte se as n\u00eb ligjin e Judenjve, as n\u00eb tempullin, as n\u00eb Qezarin nuk b\u00ebra ndonj\u00eb faj. 9 Po Festi, pasi donte t\u2019u b\u00ebnte nder Judenjve, iu p\u00ebrgjigj Pavlit, e tha: A d\u00ebshiron t\u00eb ngjitesh n\u00eb Jerusalem dhe atje t\u00eb gjykohesh p\u00ebr k\u00ebto p\u00ebrpara meje? 10 Edhe Pavli tha: Un\u00eb po q\u00ebndroj p\u00ebrpara gjykat\u00ebs s\u00eb Qezarit, ku duhet t\u00eb gjykohem. Judenjve asnj\u00eb t\u00eb keqe s\u2019u kam b\u00ebr\u00eb, si\u00e7 e di edhe ti fort mir\u00eb. 11 Sepse, n\u00eb qoft\u00eb se kam faj dhe n\u00ebse kam b\u00ebr\u00eb gj\u00eb p\u00ebr vdekje, nuk i trembem vdekjes; po n\u00eb mos past\u00eb asgj\u00eb nga ato q\u00eb m\u00eb akuzojn\u00eb k\u00ebta, asnj\u00eb nuk mund t\u00eb m\u00eb fal\u00eb tek ata. Th\u00ebrres n\u00eb Qezarin. 12 At\u00ebher\u00eb Festi, si foli me kuvendin, u p\u00ebrgjigj: N\u00eb Qezarin th\u00ebrrite? Te Qezari do t\u00eb shkosh.<br \/>\n13 Edhe si kaluan disa dit\u00eb, mbreti Agripa dhe Vernika erdh\u00ebn n\u00eb Qesari, p\u00ebr t\u00eb p\u00ebrsh\u00ebndetur Festin. 14 Edhe si ndenj\u00ebn atje shum\u00eb dit\u00eb, Festi i tregoi mbretit p\u00ebr Pavlin, duke th\u00ebn\u00eb: Nj\u00eb njeri \u00ebsht\u00eb l\u00ebn\u00eb k\u00ebtu i lidhur prej Feliksit; 15 p\u00ebr t\u00eb cilin, kur shkova n\u00eb Jerusalem, u paraqit\u00ebn kryeprift\u00ebrinjt\u00eb dhe pleqt\u00eb e Judenjve dhe k\u00ebrkuan d\u00ebnim kund\u00ebr tij. 16 K\u00ebtyre iu p\u00ebrgjigja se nuk \u00ebsht\u00eb zakon nd\u00ebr Romak\u00ebt t\u00eb jepet ndonj\u00eb njeri n\u00eb vdekje, para se i akuzuari t\u00eb ket\u00eb p\u00ebrball\u00eb ata q\u00eb e akuzojn\u00eb, edhe para se t\u00eb ket\u00eb rast t\u00eb mbrohet p\u00ebr fajin e tij. 17 Pasi pra ata u mblodh\u00ebn k\u00ebtu, pa vonuar fare, t\u00eb nes\u00ebrmen ndenja n\u00eb gjykat\u00eb dhe urdh\u00ebrova t\u00eb sillet njeriu, 18 p\u00ebr t\u00eb cilin ata q\u00eb e akuzonin, si dol\u00ebn p\u00ebrpara meje, nuk prun\u00eb ndonj\u00eb akuz\u00eb nga ato q\u00eb mendoja un\u00eb. 19 Po kishin kund\u00ebr tij ca \u00e7\u00ebshtje p\u00ebr besimin e tyre, edhe p\u00ebr nj\u00ebfar\u00eb Jisui q\u00eb kishte vdekur, p\u00ebr t\u00eb cilin Pavli thoshte se rron. 20 Edhe un\u00eb, pasi s\u2019dija se \u00e7\u2019t\u00eb b\u00ebja p\u00ebr nj\u00eb \u00e7\u00ebshtje t\u00eb till\u00eb, i thash\u00eb n\u00ebse d\u00ebshiron t\u00eb shkoj\u00eb n\u00eb Jerusalem, dhe atje t\u00eb gjykohet p\u00ebr k\u00ebt\u00eb. 21 Po pasi Pavli thirri t\u00eb ruhet p\u00ebr gjykim te Perandori, urdh\u00ebrova t\u00eb ruhet ai, derisa ta d\u00ebrgoj te Qezari. 22 Edhe Agripa i tha Festit: Desha edhe un\u00eb ta d\u00ebgjoj k\u00ebt\u00eb njeri. Edhe ai tha: Nes\u00ebr do ta d\u00ebgjosh.<br \/>\n23 T\u00eb nes\u00ebrmen pra, kur erdhi Agripa edhe Vernika me shum\u00eb madh\u00ebshti, edhe hyn\u00eb n\u00eb sall\u00ebn e gjykat\u00ebs bashk\u00eb me kryemij\u00ebsit e me burrat e shquar t\u00eb qytetit, Festi urdh\u00ebroi e u soll Pavli. 24 At\u00ebher\u00eb Festi thot\u00eb: O mbret Agripa, dhe gjith\u00eb burrat q\u00eb jeni k\u00ebtu bashk\u00eb me ne, e shihni k\u00ebt\u00eb, p\u00ebr t\u00eb cilin gjith\u00eb turma e Judenjve m\u00eb fol\u00ebn edhe n\u00eb Jerusalem, edhe k\u00ebtu, duke b\u00ebrtitur se ai nuk duhet t\u00eb rroj\u00eb m\u00eb. 25 Po un\u00eb pasi gjeta se s\u2019ka b\u00ebr\u00eb gj\u00eb p\u00ebr vdekje, dhe ai vet\u00eb thirri n\u00eb Perandorin, e pash\u00eb t\u00eb udh\u00ebs ta d\u00ebrgoj; 26 p\u00ebr t\u00eb cilin s\u2019kam asgj\u00eb t\u00eb v\u00ebrtet\u00eb q\u00eb t\u2019i shkruaj perandorit; prandaj e solla at\u00eb p\u00ebrpara jush, edhe m\u00eb tep\u00ebr p\u00ebrpara teje, o mbret Agripa, q\u00eb t\u00eb kem se \u00e7\u2019t\u00eb shkruaj, pasi t\u00eb b\u00ebhet hetimi. 27 Sepse m\u00eb duket pun\u00eb pa mend t\u00eb d\u00ebrgoj nj\u00eb njeri t\u00eb lidhur, pa sh\u00ebnuar edhe akuzat kund\u00ebr tij.<\/p>\n<\/div><div class=\"fusion-text fusion-text-76\"><h3><img decoding=\"async\" class=\"lazyload size-full wp-image-22719 aligncenter\" src=\"https:\/\/orthodoxalbania.org\/2020\/wp-content\/uploads\/2020\/04\/decorend_vectorized.png\" data-orig-src=\"https:\/\/orthodoxalbania.org\/2020\/wp-content\/uploads\/2020\/04\/decorend_vectorized.png\" alt=\"\" width=\"901\" height=\"52\" srcset=\"data:image\/svg+xml,%3Csvg%20xmlns%3D%27http%3A%2F%2Fwww.w3.org%2F2000%2Fsvg%27%20width%3D%27901%27%20height%3D%2752%27%20viewBox%3D%270%200%20901%2052%27%3E%3Crect%20width%3D%27901%27%20height%3D%2752%27%20fill-opacity%3D%220%22%2F%3E%3C%2Fsvg%3E\" data-srcset=\"https:\/\/orthodoxalbania.org\/2020\/wp-content\/uploads\/2020\/04\/decorend_vectorized-200x12.png 200w, https:\/\/orthodoxalbania.org\/2020\/wp-content\/uploads\/2020\/04\/decorend_vectorized-300x17.png 300w, https:\/\/orthodoxalbania.org\/2020\/wp-content\/uploads\/2020\/04\/decorend_vectorized-400x23.png 400w, https:\/\/orthodoxalbania.org\/2020\/wp-content\/uploads\/2020\/04\/decorend_vectorized-600x35.png 600w, https:\/\/orthodoxalbania.org\/2020\/wp-content\/uploads\/2020\/04\/decorend_vectorized-768x44.png 768w, https:\/\/orthodoxalbania.org\/2020\/wp-content\/uploads\/2020\/04\/decorend_vectorized-800x46.png 800w, https:\/\/orthodoxalbania.org\/2020\/wp-content\/uploads\/2020\/04\/decorend_vectorized.png 901w\" data-sizes=\"auto\" data-orig-sizes=\"(max-width: 901px) 100vw, 901px\" \/><\/h3>\n<h4 style=\"text-align: center;\"><a href=\"#kreu1\">1<\/a> <a href=\"#kreu2\">2<\/a> <a href=\"#kreu3\">3<\/a> <a href=\"#kreu4\">4<\/a> <a href=\"#kreu5\">5<\/a> <a href=\"#kreu6\">6<\/a> <a href=\"#kreu7\">7<\/a> <a href=\"#kreu8\">8<\/a> <a href=\"#kreu9\">9<\/a> <a href=\"#kreu10\">10<\/a> <a href=\"#kreu11\">11<\/a> <a href=\"#kreu12\">12<\/a> <a href=\"#kreu13\">13<\/a> <a href=\"#kreu14\">14<\/a> <a href=\"#kreu15\">15 <\/a><a href=\"#kreu16\">16<\/a> <a href=\"#kreu18\">17<\/a> <a href=\"#kreu18\">18<\/a> <a href=\"#kreu19\">19<\/a> <a href=\"#kreu20\">20 <\/a><a href=\"#kreu21\">21<\/a> <a href=\"#kreu22\">22<\/a> <a href=\"#kreu23\">23<\/a> <a href=\"#kreu24\">24<\/a> <a href=\"#kreu25\">25<\/a> <a href=\"#kreu26\">26<\/a> <a href=\"#kreu27\">27<\/a> <a href=\"#kreu28\">28<\/a><\/h4>\n<\/div><div class=\"fusion-image-element fusion-image-align-center in-legacy-container\" style=\"text-align:center;--awb-caption-title-font-family:var(--h2_typography-font-family);--awb-caption-title-font-weight:var(--h2_typography-font-weight);--awb-caption-title-font-style:var(--h2_typography-font-style);--awb-caption-title-size:var(--h2_typography-font-size);--awb-caption-title-transform:var(--h2_typography-text-transform);--awb-caption-title-line-height:var(--h2_typography-line-height);--awb-caption-title-letter-spacing:var(--h2_typography-letter-spacing);\"><div class=\"imageframe-align-center\"><span class=\" fusion-imageframe imageframe-none imageframe-27 hover-type-none\"><img decoding=\"async\" width=\"645\" height=\"85\" title=\"Decor05_vectorized\" src=\"https:\/\/orthodoxalbania.org\/2020\/wp-content\/uploads\/2020\/04\/Decor05_vectorized.png\" data-orig-src=\"https:\/\/orthodoxalbania.org\/2020\/wp-content\/uploads\/2020\/04\/Decor05_vectorized.png\" alt class=\"lazyload img-responsive wp-image-22680\" srcset=\"data:image\/svg+xml,%3Csvg%20xmlns%3D%27http%3A%2F%2Fwww.w3.org%2F2000%2Fsvg%27%20width%3D%27645%27%20height%3D%2785%27%20viewBox%3D%270%200%20645%2085%27%3E%3Crect%20width%3D%27645%27%20height%3D%2785%27%20fill-opacity%3D%220%22%2F%3E%3C%2Fsvg%3E\" data-srcset=\"https:\/\/orthodoxalbania.org\/2020\/wp-content\/uploads\/2020\/04\/Decor05_vectorized-200x26.png 200w, https:\/\/orthodoxalbania.org\/2020\/wp-content\/uploads\/2020\/04\/Decor05_vectorized-400x53.png 400w, https:\/\/orthodoxalbania.org\/2020\/wp-content\/uploads\/2020\/04\/Decor05_vectorized-600x79.png 600w, https:\/\/orthodoxalbania.org\/2020\/wp-content\/uploads\/2020\/04\/Decor05_vectorized.png 645w\" data-sizes=\"auto\" data-orig-sizes=\"(max-width: 800px) 100vw, 645px\" \/><\/span><\/div><\/div><div class=\"fusion-text fusion-text-77\"><h2 style=\"text-align: center;\"><a id=\"kreu26\"><\/a>-26-<\/h2>\n<\/div><div class=\"fusion-text fusion-text-78\"><p style=\"text-align: justify;\">1 Edhe Agripa i tha Pavlit: Ke leje t\u00eb flas\u00ebsh p\u00ebr veten t\u00ebnde. At\u00ebher\u00eb Pavli, si shtriu dor\u00ebn u mbrojt:<br \/>\n2 O mbret Agripa, e quaj veten time t\u00eb lumtur, sepse do t\u00eb mbrohem p\u00ebrpara teje sot p\u00ebr gjith\u00eb sa akuzohem nga Judenjt\u00eb, 3 po m\u00eb tep\u00ebr sepse ti i di gjith\u00eb zakonet dhe \u00e7\u00ebshtjet e Judenjve; prandaj t\u00eb lutem t\u00eb m\u00eb d\u00ebgjosh me zem\u00ebrgjer\u00ebsi. 4 Jet\u00ebn time q\u00eb prej djal\u00ebris\u00eb, t\u00eb cil\u00ebn e jetova q\u00eb n\u00eb fillim n\u00eb mes t\u00eb kombit tim n\u00eb Jerusalem, e din\u00eb t\u00eb gjith\u00eb Judenjt\u00eb, 5 sepse m\u00eb njohin q\u00eb her\u00ebt, n\u00eb qoft\u00eb se duan t\u00eb d\u00ebshmojn\u00eb, se jetova Farise sipas sektit m\u00eb t\u00eb rrept\u00eb t\u00eb fes\u00eb son\u00eb. 6 Edhe tani rri p\u00ebrpara e gjykohem p\u00ebr shpres\u00ebn e premtimit q\u00eb iu b\u00eb nga Per\u00ebndia et\u00ebrve tan\u00eb. 7 N\u00eb k\u00ebt\u00eb premtim t\u00eb dymb\u00ebdhjet\u00eb fiset e kombit ton\u00eb, duke adhuruar Per\u00ebndin\u00eb pa pushim dit\u00eb e nat\u00eb, shpresojn\u00eb t\u00eb arrijn\u00eb; p\u00ebr k\u00ebt\u00eb shpres\u00eb akuzohem, o mbret Agripa, prej Judenjve. 8 P\u00ebrse gjykohet gj\u00eb e pabesueshme nga ju q\u00eb Per\u00ebndia ngjall t\u00eb vdekur? 9 Sa p\u00ebr mua, un\u00eb mendohesha me veten time se duhej t\u00eb b\u00ebja shum\u00eb pun\u00eb kund\u00ebr emrit t\u00eb Jisu Nazaretasit, 10 gj\u00eb t\u00eb cil\u00ebn edhe e b\u00ebra n\u00eb Jerusalem dhe shum\u00eb nga shenjt\u00ebrit un\u00eb i mbylla n\u00eb burgje, pasi mora pushtet nga kryeprift\u00ebrinjt\u00eb; edhe kur vriteshin, kisha dh\u00ebn\u00eb vot\u00ebn kund\u00ebr tyre. 11 Edhe shum\u00eb her\u00eb n\u00ebp\u00ebr gjith\u00eb sinagogat, duke i munduar ata, i detyroja t\u00eb blasfemonin; edhe duke u t\u00ebrbuar pa mas\u00eb kund\u00ebr tyre, i p\u00ebrndiqja edhe deri n\u00eb qytetet e jashtme.<br \/>\n12 Edhe mbi k\u00ebto e sip\u00ebr, kur isha duke shkuar n\u00eb Damask me pushtet e me porosi nga ana e kryeprift\u00ebrinjve, 13 n\u00eb mes t\u00eb dit\u00ebs, rrug\u00ebs pash\u00eb, o mbret, se prej qielli nj\u00eb drit\u00eb, q\u00eb e kalonte ndri\u00e7imin e diellit, ndriti rreth meje dhe atyre q\u00eb udh\u00ebtonin bashk\u00eb me mua. 14 Edhe si ram\u00eb t\u00eb gjith\u00eb p\u00ebrdhe, d\u00ebgjova nj\u00eb z\u00eb q\u00eb m\u00eb fliste mua e q\u00eb thoshte n\u00eb gjuh\u00ebn hebraishte: Saul, Saul, pse m\u00eb p\u00ebrndjek? \u00cbsht\u00eb keq p\u00ebr ty t\u2019u biesh thumbave me shkelma. 15 Edhe un\u00eb thash\u00eb: Cili je ti, o Zot? Edhe ai tha: Un\u00eb jam Jisui, t\u00eb cilin ti po p\u00ebrndjek. 16 Po ngrihu dhe q\u00ebndro n\u00eb k\u00ebmb\u00ebt e tua; sepse p\u00ebr k\u00ebt\u00eb u shfaqa te ti, q\u00eb t\u00eb v\u00eb ty sh\u00ebrb\u00ebtor dhe d\u00ebshmitar edhe t\u00eb atyre q\u00eb pe edhe t\u00eb atyre me t\u00eb cilat do t\u00eb t\u00eb shfaqem ty. 17 Duke t\u00eb zgjedhur ty nga populli e nga kombet, tek t\u00eb cil\u00ebt tani po t\u00eb d\u00ebrgoj, 18 q\u00eb t\u00eb hap\u00ebsh syt\u00eb e tyre, q\u00eb t\u00eb kthehen nga err\u00ebsira n\u00eb drit\u00eb, dhe nga pushteti i Satanait te Per\u00ebndia, q\u00eb t\u00eb marrin ndjes\u00eb m\u00ebkatesh, edhe trash\u00ebgim n\u00eb mes t\u00eb t\u00eb shenjt\u00ebruarve me an\u00eb t\u00eb besimit tek un\u00eb.<br \/>\n19 Prandaj, o mbret Agripa, nuk u b\u00ebra i pabindur n\u00eb k\u00ebt\u00eb vegim nga qielli, 20 por u predikoja m\u00eb par\u00eb atyre n\u00eb Damask e n\u00eb Jerusalem, edhe n\u00ebp\u00ebr gjith\u00eb dheun e Judes\u00eb, edhe pastaj n\u00eb kombet, t\u00eb pendohen dhe t\u00eb kthehen tek Per\u00ebndia, duke b\u00ebr\u00eb pun\u00eb t\u00eb denja p\u00ebr pendim. 21 P\u00ebr k\u00ebto Judenjt\u00eb m\u00eb zun\u00eb n\u00eb tempull e donin t\u00eb m\u00eb vrisnin. 22 Po me ndihm\u00ebn q\u00eb m\u2019u dha prej Per\u00ebndis\u00eb po q\u00ebndroj deri n\u00eb k\u00ebt\u00eb dit\u00eb, duke u dh\u00ebn\u00eb d\u00ebshmi t\u00eb vegj\u00eblve e t\u00eb m\u00ebdhenjve, pa th\u00ebn\u00eb gj\u00eb tjet\u00ebr ve\u00e7 atyre q\u00eb fol\u00ebn profet\u00ebt dhe Moisiu se do t\u00eb b\u00ebheshin, 23 se Krishti do t\u00eb p\u00ebsonte, dhe se i pari do t\u00eb ngjallej prej s\u00eb vdekurish, edhe se do t\u00eb predikonte drit\u00eb n\u00eb popull e n\u00eb kombet.<br \/>\n24 Edhe nd\u00ebrsa ai po mbrohej k\u00ebshtu p\u00ebr veten e tij, Festi tha me z\u00eb t\u00eb madh: Je i marr\u00eb, Pav\u00ebl. M\u00ebsimet e shumta t\u00eb b\u00ebn\u00eb t\u00eb marrosesh. 25 Edhe ai tha: Nuk jam i marr\u00eb, o i pushtetsh\u00ebm Fest, por flas fjal\u00eb t\u00eb v\u00ebrteta dhe prej mendjeje t\u00eb sh\u00ebndosh\u00eb. 26 Sepse i di k\u00ebto pun\u00eb mbreti, t\u00eb cilit edhe i flas me guxim; sepse jam i bindur se s\u2019ka asnj\u00eb nga k\u00ebto q\u00eb t\u00eb mos e dij\u00eb; sepse kjo nuk \u00ebsht\u00eb b\u00ebr\u00eb n\u00eb ndonj\u00eb qoshe. 27 A u beson profet\u00ebve, o mbret Agripa? E di se u beson. 28 Edhe Agripa i tha Pavlit: P\u00ebr pak po m\u00eb bind t\u00eb b\u00ebhem i krishter\u00eb. 29 Edhe Pavli tha: I lutem Per\u00ebndis\u00eb, q\u00eb jo vet\u00ebm ti, po edhe gjith\u00eb ata q\u00eb m\u00eb d\u00ebgjojn\u00eb sot t\u00eb b\u00ebhen shpejt a von\u00eb t\u00eb till\u00eb si\u00e7 jam edhe un\u00eb, p\u00ebrve\u00e7 k\u00ebtyre vargonjve.<br \/>\n30 Edhe si tha ai k\u00ebto, u ngrit mbreti dhe qeveritari, dhe Vernika, dhe ata q\u00eb kishin ndenjur bashk\u00eb me ta. 31 Edhe si ik\u00ebn, flisnin nj\u00ebri me tjetrin, duke th\u00ebn\u00eb se ky njeri s\u2019ka b\u00ebr\u00eb asgj\u00eb p\u00ebr vdekje a p\u00ebr hekura. 32 Edhe Agripa i tha Festit: Ky njeri mund t\u00eb l\u00ebshohej, po t\u00eb mos kishte thirrur n\u00eb Qezarin.<\/p>\n<\/div><div class=\"fusion-text fusion-text-79\"><h3><img decoding=\"async\" class=\"lazyload size-full wp-image-22719 aligncenter\" src=\"https:\/\/orthodoxalbania.org\/2020\/wp-content\/uploads\/2020\/04\/decorend_vectorized.png\" data-orig-src=\"https:\/\/orthodoxalbania.org\/2020\/wp-content\/uploads\/2020\/04\/decorend_vectorized.png\" alt=\"\" width=\"901\" height=\"52\" srcset=\"data:image\/svg+xml,%3Csvg%20xmlns%3D%27http%3A%2F%2Fwww.w3.org%2F2000%2Fsvg%27%20width%3D%27901%27%20height%3D%2752%27%20viewBox%3D%270%200%20901%2052%27%3E%3Crect%20width%3D%27901%27%20height%3D%2752%27%20fill-opacity%3D%220%22%2F%3E%3C%2Fsvg%3E\" data-srcset=\"https:\/\/orthodoxalbania.org\/2020\/wp-content\/uploads\/2020\/04\/decorend_vectorized-200x12.png 200w, https:\/\/orthodoxalbania.org\/2020\/wp-content\/uploads\/2020\/04\/decorend_vectorized-300x17.png 300w, https:\/\/orthodoxalbania.org\/2020\/wp-content\/uploads\/2020\/04\/decorend_vectorized-400x23.png 400w, https:\/\/orthodoxalbania.org\/2020\/wp-content\/uploads\/2020\/04\/decorend_vectorized-600x35.png 600w, https:\/\/orthodoxalbania.org\/2020\/wp-content\/uploads\/2020\/04\/decorend_vectorized-768x44.png 768w, https:\/\/orthodoxalbania.org\/2020\/wp-content\/uploads\/2020\/04\/decorend_vectorized-800x46.png 800w, https:\/\/orthodoxalbania.org\/2020\/wp-content\/uploads\/2020\/04\/decorend_vectorized.png 901w\" data-sizes=\"auto\" data-orig-sizes=\"(max-width: 901px) 100vw, 901px\" \/><\/h3>\n<h4 style=\"text-align: center;\"><a href=\"#kreu1\">1<\/a> <a href=\"#kreu2\">2<\/a> <a href=\"#kreu3\">3<\/a> <a href=\"#kreu4\">4<\/a> <a href=\"#kreu5\">5<\/a> <a href=\"#kreu6\">6<\/a> <a href=\"#kreu7\">7<\/a> <a href=\"#kreu8\">8<\/a> <a href=\"#kreu9\">9<\/a> <a href=\"#kreu10\">10<\/a> <a href=\"#kreu11\">11<\/a> <a href=\"#kreu12\">12<\/a> <a href=\"#kreu13\">13<\/a> <a href=\"#kreu14\">14<\/a> <a href=\"#kreu15\">15 <\/a><a href=\"#kreu16\">16<\/a> <a href=\"#kreu18\">17<\/a> <a href=\"#kreu18\">18<\/a> <a href=\"#kreu19\">19<\/a> <a href=\"#kreu20\">20 <\/a><a href=\"#kreu21\">21<\/a> <a href=\"#kreu22\">22<\/a> <a href=\"#kreu23\">23<\/a> <a href=\"#kreu24\">24<\/a> <a href=\"#kreu25\">25<\/a> <a href=\"#kreu26\">26<\/a> <a href=\"#kreu27\">27<\/a> <a href=\"#kreu28\">28<\/a><\/h4>\n<\/div><div class=\"fusion-image-element fusion-image-align-center in-legacy-container\" style=\"text-align:center;--awb-caption-title-font-family:var(--h2_typography-font-family);--awb-caption-title-font-weight:var(--h2_typography-font-weight);--awb-caption-title-font-style:var(--h2_typography-font-style);--awb-caption-title-size:var(--h2_typography-font-size);--awb-caption-title-transform:var(--h2_typography-text-transform);--awb-caption-title-line-height:var(--h2_typography-line-height);--awb-caption-title-letter-spacing:var(--h2_typography-letter-spacing);\"><div class=\"imageframe-align-center\"><span class=\" fusion-imageframe imageframe-none imageframe-28 hover-type-none\"><img decoding=\"async\" width=\"645\" height=\"85\" title=\"Decor05_vectorized\" src=\"https:\/\/orthodoxalbania.org\/2020\/wp-content\/uploads\/2020\/04\/Decor05_vectorized.png\" data-orig-src=\"https:\/\/orthodoxalbania.org\/2020\/wp-content\/uploads\/2020\/04\/Decor05_vectorized.png\" alt class=\"lazyload img-responsive wp-image-22680\" srcset=\"data:image\/svg+xml,%3Csvg%20xmlns%3D%27http%3A%2F%2Fwww.w3.org%2F2000%2Fsvg%27%20width%3D%27645%27%20height%3D%2785%27%20viewBox%3D%270%200%20645%2085%27%3E%3Crect%20width%3D%27645%27%20height%3D%2785%27%20fill-opacity%3D%220%22%2F%3E%3C%2Fsvg%3E\" data-srcset=\"https:\/\/orthodoxalbania.org\/2020\/wp-content\/uploads\/2020\/04\/Decor05_vectorized-200x26.png 200w, https:\/\/orthodoxalbania.org\/2020\/wp-content\/uploads\/2020\/04\/Decor05_vectorized-400x53.png 400w, https:\/\/orthodoxalbania.org\/2020\/wp-content\/uploads\/2020\/04\/Decor05_vectorized-600x79.png 600w, https:\/\/orthodoxalbania.org\/2020\/wp-content\/uploads\/2020\/04\/Decor05_vectorized.png 645w\" data-sizes=\"auto\" data-orig-sizes=\"(max-width: 800px) 100vw, 645px\" \/><\/span><\/div><\/div><div class=\"fusion-text fusion-text-80\"><h2 style=\"text-align: center;\"><a id=\"kreu27\"><\/a>-27-<\/h2>\n<\/div><div class=\"fusion-text fusion-text-81\"><p style=\"text-align: justify;\">1 Edhe pasi u pa e udh\u00ebs t\u00eb lundrojm\u00eb p\u00ebr n\u00eb Itali, dor\u00ebzuan Pavlin dhe disa t\u00eb lidhur t\u00eb tjer\u00eb te nj\u00eb kryeqind\u00ebs q\u00eb quhej Jul, prej kohort\u00ebs Augustiane. 2 Edhe si hip\u00ebm n\u00eb nj\u00eb lund\u00ebr adramitine, u ngrit\u00ebm me mendim t\u00eb lundrojm\u00eb af\u00ebr vendeve t\u00eb Azis\u00eb. Edhe Aristark Maqedonasi prej Thesalonikut ishte bashk\u00eb me ne. 3 Edhe dit\u00ebn tjet\u00ebr arrit\u00ebm n\u00eb Sidon\u00eb; edhe Juli u soll njer\u00ebzisht me Pavlin, edhe e la t\u00eb shkoj\u00eb te miqt\u00eb e tij q\u00eb t\u00eb kujdeseshin p\u00ebr t\u00eb. 4 Edhe si u ngrit\u00ebm q\u00eb andej lundruam n\u00ebn Qipro, sepse er\u00ebrat ishin kund\u00ebr. 5 Edhe si kaluam detin e Kilikis\u00eb e t\u00eb Pamfilis\u00eb, erdh\u00ebm n\u00eb Mir\u00eb t\u00eb Likis\u00eb. 6 Edhe atje kryeqind\u00ebsi gjeti nj\u00eb lund\u00ebr aleksandrine, q\u00eb lundronte p\u00ebr n\u00eb Itali dhe na vuri brenda n\u00eb t\u00eb. 7 Edhe duke lundruar mjaft dit\u00eb ngadal\u00eb mezi arrit\u00ebm n\u00eb Knid\u00eb, edhe pasi nuk na linte era, lundruam n\u00ebn Kret\u00eb nga ana e Salmon\u00ebs. 8 Edhe pasi e kap\u00ebrcyem at\u00eb me mundim, erdh\u00ebm n\u00eb nj\u00eb vend q\u00eb quhet Limanet e Mira, af\u00ebr t\u00eb cilit ishte qyteti Lasea.<br \/>\n9 Edhe pasi pati shkuar mjaft koh\u00eb dhe lundrimi tani ishte i rreziksh\u00ebm, sepse edhe agj\u00ebrimi tani kishte kaluar, Pavli i k\u00ebshillonte, 10 duke u th\u00ebn\u00eb atyre: Burra, shoh se ky lundrim do t\u00eb b\u00ebhet me mundime e me shum\u00eb d\u00ebm, jo vet\u00ebm t\u00eb ngarkes\u00ebs e t\u00eb lundr\u00ebs, po edhe t\u00eb jet\u00ebve tona. 11 Po kryeqind\u00ebsi d\u00ebgjonte m\u00eb tep\u00ebr kapedanin dhe t\u00eb zotin e lundr\u00ebs se fjal\u00ebt e Pavlit. 12 Edhe pasi limani s\u2019ishte i mir\u00eb p\u00ebr t\u00eb dim\u00ebruar, m\u00eb t\u00eb shumt\u00ebt dhan\u00eb k\u00ebshill\u00eb t\u00eb ngrihen q\u00eb andej, q\u00eb t\u00eb arrijn\u00eb, n\u00eb qoft\u00eb se mundnin, n\u00eb Finik\u00eb, q\u00eb \u00ebsht\u00eb nj\u00eb liman i Kret\u00ebs q\u00eb sheh nga jugper\u00ebndimi e nga veriper\u00ebndimi, edhe atje t\u00eb dim\u00ebrojn\u00eb. 13 Edhe kur fryu leht\u00eb er\u00eb jugu, pandeh\u00ebn se arrit\u00ebn d\u00ebshir\u00ebn, u ngrit\u00ebn dhe lundronin pran\u00eb Kret\u00ebs.<br \/>\n14 Po pas pak\u00ebz here doli kund\u00ebr saj nj\u00eb er\u00eb stuhie, ajo q\u00eb quhet verilindore. 15 Edhe pasi u rr\u00ebmbye lundra dhe s\u2019mundej t\u2019i q\u00ebndronte er\u00ebs, e lam\u00eb dhe silleshim prej er\u00ebs andej e k\u00ebtej. 16 Edhe si shkuam n\u00ebn nj\u00eb ujdhes\u00eb t\u00eb vog\u00ebl q\u00eb quhet Klauda, mezi mund\u00ebm t\u00eb zot\u00ebronim vark\u00ebn e shp\u00ebtimit, 17 t\u00eb cil\u00ebn si e ngrit\u00ebn, p\u00ebrdor\u00ebn p\u00ebr ndihm\u00eb litar\u00eb duke e lidhur lundr\u00ebn q\u00eb p\u00ebrposh; dhe meqen\u00ebse kishin frik\u00eb se mos ngecin n\u00eb Ranishtet e Sirtes, ul\u00ebn velat, dhe k\u00ebshtu silleshin andej e k\u00ebtej. 18 Edhe pasi motin e kishim fort t\u00eb keq, dit\u00ebn tjet\u00ebr derdh\u00ebm mallin n\u00eb det. 19 Edhe dit\u00ebn e tret\u00eb i hodh\u00ebm pajisjet e lundr\u00ebs me duart tona. 20 Edhe meqen\u00ebse p\u00ebr shum\u00eb dit\u00eb nuk dukeshin as dielli, as yjet, edhe moti ishte fort i keq, \u00e7do shpres\u00eb shp\u00ebtimi u hoq prej nesh.<br \/>\n21 Edhe si kishin shum\u00eb dit\u00eb pa ngr\u00ebn\u00eb, at\u00ebher\u00eb Pavli q\u00ebndroi n\u00eb mes tyre, e tha: Duhej, o burra, t\u00eb m\u00eb d\u00ebgjonit, edhe t\u00eb mos ngriheshit nga Kreta, dhe t\u00eb mos hiqnim k\u00ebto t\u00eb k\u00ebqija e k\u00ebt\u00eb d\u00ebm. 22 Edhe tani ju k\u00ebshilloj t\u00eb g\u00ebzoheni, sepse nuk do t\u00eb humb\u00eb asnj\u00eb shpirt prej jush, ve\u00e7 lundr\u00ebs. 23 Sepse k\u00ebt\u00eb nat\u00eb m\u2019u duk nj\u00eb engj\u00ebll i Per\u00ebndis\u00eb, i t\u00eb cilit jam, t\u00eb cilin edhe e adhuroj, 24 edhe tha: Mos ki frik\u00eb, Pav\u00ebl. Ti duhet t\u00eb dal\u00ebsh p\u00ebrpara Qezarit. Edhe ja Per\u00ebndia t\u2019i ka falur ty t\u00eb gjith\u00eb ata q\u00eb lundrojn\u00eb bashk\u00eb me ty. 25 Prandaj g\u00ebzohuni, o burra, sepse besoj n\u00eb Per\u00ebndin\u00eb, se k\u00ebshtu do t\u00eb jet\u00eb, si\u00e7 m\u00eb \u00ebsht\u00eb folur mua. 26 Edhe duhet t\u00eb z\u00ebm\u00eb tok\u00eb n\u00eb nj\u00eb ujdhes\u00eb.<br \/>\n27 Edhe kur erdhi nata e kat\u00ebrmb\u00ebdhjet\u00eb, tek po silleshim andej-k\u00ebtej n\u00eb detin Adriatik, rreth mesit t\u00eb nat\u00ebs detar\u00ebt sikur kuptonin se po afrohen n\u00eb nj\u00eb tok\u00eb. 28 Edhe kur hodh\u00ebn thell\u00ebsimat\u00ebsin, gjet\u00ebn nj\u00ebzet pash\u00eb uj\u00eb; dhe si shkuan pak\u00ebz m\u00eb tej, hodh\u00ebn prap\u00eb thell\u00ebsimat\u00ebsin, dhe gjet\u00ebn pes\u00ebmb\u00ebdhjet\u00eb pash\u00eb. 29 Edhe pasi kishin frik\u00eb se mos binin n\u00eb vende shk\u00ebmbore, hodh\u00ebn kat\u00ebr spiranca prej ki\u00e7it t\u00eb lundr\u00ebs, edhe luteshin t\u00eb b\u00ebhet dit\u00eb.<br \/>\n30 Po pasi detar\u00ebt k\u00ebrkonin t\u00eb iknin nga lundra, dhe zbrit\u00ebn vark\u00ebn n\u00eb det, gjoja se do t\u00eb hidhnin spiranca nga bashi i lundr\u00ebs, 31 Pavli i tha kryeqind\u00ebsit dhe ushtar\u00ebve: N\u00eb mos q\u00ebndrofshin k\u00ebta n\u00eb lund\u00ebr, ju nuk do t\u00eb mund t\u00eb shp\u00ebtoni. 32 At\u00ebher\u00eb ushtar\u00ebt pren\u00eb litar\u00ebt e vark\u00ebs, edhe e lan\u00eb t\u00eb bjer\u00eb jasht\u00eb<br \/>\n33 Edhe derisa t\u00eb b\u00ebhej dit\u00eb, Pavli u lutej t\u00eb gjith\u00ebve t\u00eb han\u00eb di\u00e7ka, duke th\u00ebn\u00eb: Sot \u00ebsht\u00eb dita e kat\u00ebrmb\u00ebdhjet\u00eb q\u00eb jeni duke pritur, t\u00eb uritur e pa ngr\u00ebn\u00eb gj\u00eb. 34 Prandaj ju lutem t\u00eb hani di\u00e7ka, sepse kjo \u00ebsht\u00eb p\u00ebr shp\u00ebtimin tuaj; se asnj\u00ebrit prej jush nuk do t\u2019i bjer\u00eb asnj\u00eb qime prej kok\u00ebs. 35 Edhe si tha k\u00ebto, mori buk\u00eb e fal\u00ebnderoi Per\u00ebndin\u00eb p\u00ebrpara t\u00eb gjith\u00ebve, dhe si e theu, zuri t\u00eb haj\u00eb. 36 Edhe si mor\u00ebn t\u00eb gjith\u00eb zem\u00ebr, mor\u00ebn edhe ata dhe h\u00ebngr\u00ebn. 37 Edhe ishim t\u00eb gjith\u00eb n\u00eb lund\u00ebr dyqind e shtat\u00ebdhjet\u00eb e gjasht\u00eb shpirt. 38 Edhe si u ngop\u00ebn me ushqim, leht\u00ebsonin lundr\u00ebn duke hedhur grurin jasht\u00eb n\u00eb det. 39 Edhe kur u gdhi, nuk e njihnin vendin, por dallonin nj\u00eb gji, q\u00eb kishte breg, edhe n\u00eb t\u00eb menduan, po t\u00eb mundnin, ta nxirrnin lundr\u00ebn. 40 Edhe si t\u00ebrhoq\u00ebn lart spirancat, e lan\u00eb lundr\u00ebn n\u00eb det, duke zgjidhur n\u00eb t\u00eb nj\u00ebjt\u00ebn koh\u00eb lidhjet e timon\u00ebve; edhe si ngrit\u00ebn vel\u00ebn e mesme nga frynte era, ia mbajt\u00ebn drejt bregut. 41 Edhe si ran\u00eb n\u00eb nj\u00eb vend me det nga t\u00eb dyja an\u00ebt, shtyn\u00eb lundr\u00ebn jasht\u00eb; dhe balli i lundr\u00ebs, si u mb\u00ebshtet, mbeti i patundur, po ki\u00e7i shkallmohej nga furia e val\u00ebve. 42 Edhe ushtar\u00ebt b\u00ebn\u00eb k\u00ebshill\u00eb t\u00eb vrisnin t\u00eb lidhurit, q\u00eb t\u00eb mos ikte ndonj\u00eb duke b\u00ebr\u00eb not. 43 Po kryeqind\u00ebsi duke dashur t\u00eb shp\u00ebtoj\u00eb Pavlin, ua ndaloi k\u00ebt\u00eb synim, edhe urdh\u00ebroi ata q\u00eb mundeshin t\u00eb b\u00ebjn\u00eb not t\u00eb hidhen m\u00eb par\u00eb e t\u00eb dalin n\u00eb tok\u00eb. 44 Edhe t\u00eb tjer\u00ebt dol\u00ebn, disa mbi d\u00ebrrasa, e disa mbi pjes\u00eb t\u00eb lundr\u00ebs.<br \/>\nEdhe k\u00ebshtu shp\u00ebtuan t\u00eb gjith\u00eb n\u00eb tok\u00eb.<\/p>\n<\/div><div class=\"fusion-text fusion-text-82\"><h3><img decoding=\"async\" class=\"lazyload size-full wp-image-22719 aligncenter\" src=\"https:\/\/orthodoxalbania.org\/2020\/wp-content\/uploads\/2020\/04\/decorend_vectorized.png\" data-orig-src=\"https:\/\/orthodoxalbania.org\/2020\/wp-content\/uploads\/2020\/04\/decorend_vectorized.png\" alt=\"\" width=\"901\" height=\"52\" srcset=\"data:image\/svg+xml,%3Csvg%20xmlns%3D%27http%3A%2F%2Fwww.w3.org%2F2000%2Fsvg%27%20width%3D%27901%27%20height%3D%2752%27%20viewBox%3D%270%200%20901%2052%27%3E%3Crect%20width%3D%27901%27%20height%3D%2752%27%20fill-opacity%3D%220%22%2F%3E%3C%2Fsvg%3E\" data-srcset=\"https:\/\/orthodoxalbania.org\/2020\/wp-content\/uploads\/2020\/04\/decorend_vectorized-200x12.png 200w, https:\/\/orthodoxalbania.org\/2020\/wp-content\/uploads\/2020\/04\/decorend_vectorized-300x17.png 300w, https:\/\/orthodoxalbania.org\/2020\/wp-content\/uploads\/2020\/04\/decorend_vectorized-400x23.png 400w, https:\/\/orthodoxalbania.org\/2020\/wp-content\/uploads\/2020\/04\/decorend_vectorized-600x35.png 600w, https:\/\/orthodoxalbania.org\/2020\/wp-content\/uploads\/2020\/04\/decorend_vectorized-768x44.png 768w, https:\/\/orthodoxalbania.org\/2020\/wp-content\/uploads\/2020\/04\/decorend_vectorized-800x46.png 800w, https:\/\/orthodoxalbania.org\/2020\/wp-content\/uploads\/2020\/04\/decorend_vectorized.png 901w\" data-sizes=\"auto\" data-orig-sizes=\"(max-width: 901px) 100vw, 901px\" \/><\/h3>\n<h4 style=\"text-align: center;\"><a href=\"#kreu1\">1<\/a> <a href=\"#kreu2\">2<\/a> <a href=\"#kreu3\">3<\/a> <a href=\"#kreu4\">4<\/a> <a href=\"#kreu5\">5<\/a> <a href=\"#kreu6\">6<\/a> <a href=\"#kreu7\">7<\/a> <a href=\"#kreu8\">8<\/a> <a href=\"#kreu9\">9<\/a> <a href=\"#kreu10\">10<\/a> <a href=\"#kreu11\">11<\/a> <a href=\"#kreu12\">12<\/a> <a href=\"#kreu13\">13<\/a> <a href=\"#kreu14\">14<\/a> <a href=\"#kreu15\">15 <\/a><a href=\"#kreu16\">16<\/a> <a href=\"#kreu18\">17<\/a> <a href=\"#kreu18\">18<\/a> <a href=\"#kreu19\">19<\/a> <a href=\"#kreu20\">20 <\/a><a href=\"#kreu21\">21<\/a> <a href=\"#kreu22\">22<\/a> <a href=\"#kreu23\">23<\/a> <a href=\"#kreu24\">24<\/a> <a href=\"#kreu25\">25<\/a> <a href=\"#kreu26\">26<\/a> <a href=\"#kreu27\">27<\/a> <a href=\"#kreu28\">28<\/a><\/h4>\n<\/div><div class=\"fusion-image-element fusion-image-align-center in-legacy-container\" style=\"text-align:center;--awb-caption-title-font-family:var(--h2_typography-font-family);--awb-caption-title-font-weight:var(--h2_typography-font-weight);--awb-caption-title-font-style:var(--h2_typography-font-style);--awb-caption-title-size:var(--h2_typography-font-size);--awb-caption-title-transform:var(--h2_typography-text-transform);--awb-caption-title-line-height:var(--h2_typography-line-height);--awb-caption-title-letter-spacing:var(--h2_typography-letter-spacing);\"><div class=\"imageframe-align-center\"><span class=\" fusion-imageframe imageframe-none imageframe-29 hover-type-none\"><img decoding=\"async\" width=\"645\" height=\"85\" title=\"Decor05_vectorized\" src=\"https:\/\/orthodoxalbania.org\/2020\/wp-content\/uploads\/2020\/04\/Decor05_vectorized.png\" data-orig-src=\"https:\/\/orthodoxalbania.org\/2020\/wp-content\/uploads\/2020\/04\/Decor05_vectorized.png\" alt class=\"lazyload img-responsive wp-image-22680\" srcset=\"data:image\/svg+xml,%3Csvg%20xmlns%3D%27http%3A%2F%2Fwww.w3.org%2F2000%2Fsvg%27%20width%3D%27645%27%20height%3D%2785%27%20viewBox%3D%270%200%20645%2085%27%3E%3Crect%20width%3D%27645%27%20height%3D%2785%27%20fill-opacity%3D%220%22%2F%3E%3C%2Fsvg%3E\" data-srcset=\"https:\/\/orthodoxalbania.org\/2020\/wp-content\/uploads\/2020\/04\/Decor05_vectorized-200x26.png 200w, https:\/\/orthodoxalbania.org\/2020\/wp-content\/uploads\/2020\/04\/Decor05_vectorized-400x53.png 400w, https:\/\/orthodoxalbania.org\/2020\/wp-content\/uploads\/2020\/04\/Decor05_vectorized-600x79.png 600w, https:\/\/orthodoxalbania.org\/2020\/wp-content\/uploads\/2020\/04\/Decor05_vectorized.png 645w\" data-sizes=\"auto\" data-orig-sizes=\"(max-width: 800px) 100vw, 645px\" \/><\/span><\/div><\/div><div class=\"fusion-text fusion-text-83\"><h2 style=\"text-align: center;\"><a id=\"kreu28\"><\/a>-28-<\/h2>\n<\/div><div class=\"fusion-text fusion-text-84\"><p style=\"text-align: justify;\">1 Edhe si shp\u00ebtuan, at\u00ebher\u00eb e njoh\u00ebn se ujdhesa quhet Melit\u00eb. 2 Edhe barbar\u00ebt rr\u00ebfyen p\u00ebr ne mir\u00ebsi jo t\u00eb pak\u00ebt; sepse ndez\u00ebn zjarr e na mor\u00ebn brenda t\u00eb gjith\u00eb, sepse binte shi e ishte ftoht\u00eb.<br \/>\n3 Edhe kur mblodhi Pavli ca shkarpa dhe i vuri n\u00eb zjarr, doli nga t\u00eb nxehtit nj\u00eb nep\u00ebrk\u00eb e iu ngjit atij n\u00eb dor\u00eb. 4 Edhe barbar\u00ebt, si pan\u00eb bish\u00ebn q\u00eb varej nga dora e tij, i thoshin nj\u00ebri-tjetrit: Me t\u00eb v\u00ebrtet\u00eb ky njeri qenka vras\u00ebs, t\u00eb cilin, ndon\u00ebse shp\u00ebtoi prej detit, drejt\u00ebsia nuk e la t\u00eb rroj\u00eb. 5 Po ai e shkundi bish\u00ebn n\u00eb zjarr dhe nuk p\u00ebsoi ndonj\u00eb gj\u00eb t\u00eb keqe. 6 Edhe ata pritnin t\u00eb \u00ebnjtej ose papandehur t\u00eb binte p\u00ebrdhe i vdekur; po pasi prit\u00ebn shum\u00eb koh\u00eb dhe shihnin se asnj\u00eb e keqe s\u2019iu b\u00eb, nd\u00ebrruan mendje e thoshin se \u00ebsht\u00eb per\u00ebndi.<br \/>\n7 Edhe rreth atij vendi ishin ara t\u00eb t\u00eb parit t\u00eb ujdhes\u00ebs q\u00eb quhej Publi, i cili na priti e na mbajti n\u00eb sht\u00ebpi miq\u00ebsisht tri dit\u00eb. 8 Edhe q\u00eblloi q\u00eb i ati i Publit t\u00eb dergjej i s\u00ebmur\u00eb prej ethesh e prej barkut t\u00eb keq; tek i cili Pavli, si hyri, u lut, edhe vuri duart mbi t\u00eb, edhe e sh\u00ebroi. 9 Edhe si u b\u00eb kjo, edhe t\u00eb tjer\u00ebt, gjith\u00eb sa kishin s\u00ebmundje n\u00eb ujdhes\u00eb, vinin tek ai dhe sh\u00ebroheshin. 10 K\u00ebta edhe na nderuan me shum\u00eb ndere, edhe kur do t\u00eb iknim, na dhan\u00eb ato q\u00eb kishim nevoj\u00eb.<br \/>\n11 Edhe pas tre muajsh ik\u00ebm me nj\u00eb lund\u00ebr aleksandrine me shenj\u00ebn e Dioskur\u00ebve, q\u00eb kishte dim\u00ebruar n\u00eb ujdhes\u00eb. 12 Edhe si arrit\u00ebm n\u00eb Sirakuz\u00eb, q\u00ebndruam atje tri dit\u00eb. 13 Edhe q\u00eb andej duke ardhur rrotull arrit\u00ebm n\u00eb Rexhio; edhe pas nj\u00eb dite pasi fryu er\u00eb jugu, p\u00ebr dy dit\u00eb erdh\u00ebm n\u00eb Puteoli. 14 Atje gjet\u00ebm v\u00ebllez\u00ebr, t\u00eb cil\u00ebt na u lut\u00ebn t\u00eb q\u00ebndrojm\u00eb tek ata shtat\u00eb dit\u00eb, edhe k\u00ebshtu u nis\u00ebm p\u00ebr n\u00eb Rom\u00eb. 15 Edhe q\u00eb andej, kur d\u00ebgjuan p\u00ebr ne, na dol\u00ebn p\u00ebrpara deri n\u00eb Foro Apio e deri n\u00eb t\u00eb Tri Tavernat, v\u00ebllez\u00ebrit, t\u00eb cil\u00ebt kur i pa Pavli, fal\u00ebnderoi Per\u00ebndin\u00eb, edhe mori zem\u00ebr.<br \/>\n16 Edhe kur erdh\u00ebm n\u00eb Rom\u00eb, kryeqind\u00ebsi ia dor\u00ebzoi t\u00eb lidhurit komandantit t\u00eb rojave; po Pavlit iu dha leje t\u00eb rrij\u00eb m\u00eb vete bashk\u00eb me ushtarin q\u00eb e ruante. 17 Edhe pas tri dit\u00ebsh Pavli th\u00ebrriti t\u00eb par\u00ebt e Judenjve; edhe si u mblodh\u00ebn ata, u thoshte: Burra v\u00ebllez\u00ebr, ndon\u00ebse un\u00eb s\u2019kam b\u00ebr\u00eb gj\u00eb kund\u00ebr popullit ose kund\u00ebr zakoneve t\u00eb et\u00ebrve tan\u00eb, m\u00eb dhan\u00eb nga Jerusalemi t\u00eb lidhur n\u00eb duart e romak\u00ebve, 18 t\u00eb cil\u00ebt si m\u00eb mor\u00ebn n\u00eb pyetje, desh\u00ebn t\u00eb m\u00eb l\u00ebshonin, sepse s\u2019kishte asnj\u00eb shkak p\u00ebr vdekje tek un\u00eb. 19 Po pasi Judenjt\u00eb flisnin kund\u00ebr, u detyrova t\u00eb th\u00ebrres n\u00eb Qezarin, jo se kam p\u00ebr t\u00eb akuzuar p\u00ebr gj\u00eb kombin tim. 20 P\u00ebr k\u00ebt\u00eb pun\u00eb pra ju thirra ju, q\u00eb t\u2019ju shoh e t\u2019ju flas; sepse p\u00ebr shpres\u00ebn e Izraelit jam lidhur me k\u00ebt\u00eb varg hekurash.<br \/>\n21 Edhe ata i than\u00eb: Ne as letra nuk kemi marr\u00eb p\u00ebr ty nga Judea, as nuk erdhi ndonj\u00eb nga v\u00ebllez\u00ebrit t\u00eb tregoj\u00eb a t\u00eb flas\u00eb gj\u00eb t\u00eb keqe p\u00ebr ty. 22 Po duam t\u00eb d\u00ebgjojm\u00eb prej teje \u00e7\u2019ke nd\u00ebr mend; sepse p\u00ebr k\u00ebt\u00eb sekt ne dim\u00eb se kudo kund\u00ebrshtohet.<br \/>\n23 Edhe pasi i caktuan atij nj\u00eb dit\u00eb, erdh\u00ebn m\u00eb shum\u00eb veta tek ai atje ku kishte q\u00ebndruar, t\u00eb cil\u00ebve ai u tregonte me d\u00ebshmime mbret\u00ebrin\u00eb e Per\u00ebndis\u00eb, duke i bindur p\u00ebr pun\u00ebt e Jisuit dhe nga ligji i Moisiut dhe nga profet\u00ebt, q\u00eb n\u00eb m\u00ebngjes e deri n\u00eb mbr\u00ebmje. 24 Edhe disa bindeshin n\u00eb ato q\u00eb u thoshte, po t\u00eb tjer\u00eb nuk besonin. 25 Edhe si nuk ishin n\u00eb nj\u00eb fjal\u00eb n\u00eb mes tyre, iknin, pasi tha Pavli nj\u00eb fjal\u00eb, se mir\u00eb u foli Fryma e Shenjt\u00eb et\u00ebrve tan\u00eb me an\u00eb t\u00eb profetit Isaia, 26 duke th\u00ebn\u00eb: \u201cShko te ky popull dhe thuaj: P\u00ebr t\u00eb d\u00ebgjuar do t\u00eb d\u00ebgjoni, dhe nuk do t\u00eb merrni vesh; dhe duke par\u00eb do t\u00eb shihni, dhe nuk do t\u00eb shikoni. 27 Sepse u trash zemra e k\u00ebtij populli, edhe me vesh\u00ebt r\u00ebnd\u00eb d\u00ebgjuan, edhe syt\u00eb e tyre i mbyll\u00ebn; se mos ndonj\u00ebher\u00eb shohin me syt\u00eb dhe d\u00ebgjojn\u00eb me vesh\u00ebt, dhe kuptojn\u00eb me zemr\u00ebn, dhe kthehen, e i sh\u00ebroj ata\u201d. 28 Le t\u00eb jet\u00eb pra e ditur p\u00ebr ju, se shp\u00ebtimi i Per\u00ebndis\u00eb iu d\u00ebrgua kombeve; ata edhe do ta d\u00ebgjojn\u00eb. 29 Edhe si tha k\u00ebto, Judenjt\u00eb ik\u00ebn, duke u ngr\u00ebn\u00eb me shum\u00eb fjal\u00eb nj\u00ebri me tjetrin. 30 Edhe Pavli q\u00ebndroi dy vjet plot n\u00eb nj\u00eb sht\u00ebpi t\u00eb ve\u00e7ant\u00eb me qira; edhe priste gjith\u00eb ata q\u00eb vinin tek ai, 31 duke predikuar mbret\u00ebrin\u00eb e Per\u00ebndis\u00eb e duke u m\u00ebsuar ato pun\u00eb q\u00eb kishin t\u00eb b\u00ebnin me Zotin Jisu Krisht, me gjith\u00eb guxim e pa penges\u00eb.<\/p>\n<\/div><div class=\"fusion-text fusion-text-85\"><h3><img decoding=\"async\" class=\"lazyload size-full wp-image-22719 aligncenter\" src=\"https:\/\/orthodoxalbania.org\/2020\/wp-content\/uploads\/2020\/04\/decorend_vectorized.png\" data-orig-src=\"https:\/\/orthodoxalbania.org\/2020\/wp-content\/uploads\/2020\/04\/decorend_vectorized.png\" alt=\"\" width=\"901\" height=\"52\" srcset=\"data:image\/svg+xml,%3Csvg%20xmlns%3D%27http%3A%2F%2Fwww.w3.org%2F2000%2Fsvg%27%20width%3D%27901%27%20height%3D%2752%27%20viewBox%3D%270%200%20901%2052%27%3E%3Crect%20width%3D%27901%27%20height%3D%2752%27%20fill-opacity%3D%220%22%2F%3E%3C%2Fsvg%3E\" data-srcset=\"https:\/\/orthodoxalbania.org\/2020\/wp-content\/uploads\/2020\/04\/decorend_vectorized-200x12.png 200w, https:\/\/orthodoxalbania.org\/2020\/wp-content\/uploads\/2020\/04\/decorend_vectorized-300x17.png 300w, https:\/\/orthodoxalbania.org\/2020\/wp-content\/uploads\/2020\/04\/decorend_vectorized-400x23.png 400w, https:\/\/orthodoxalbania.org\/2020\/wp-content\/uploads\/2020\/04\/decorend_vectorized-600x35.png 600w, https:\/\/orthodoxalbania.org\/2020\/wp-content\/uploads\/2020\/04\/decorend_vectorized-768x44.png 768w, https:\/\/orthodoxalbania.org\/2020\/wp-content\/uploads\/2020\/04\/decorend_vectorized-800x46.png 800w, https:\/\/orthodoxalbania.org\/2020\/wp-content\/uploads\/2020\/04\/decorend_vectorized.png 901w\" data-sizes=\"auto\" data-orig-sizes=\"(max-width: 901px) 100vw, 901px\" \/><\/h3>\n<h4 style=\"text-align: center;\"><a href=\"#kreu1\">1<\/a> <a href=\"#kreu2\">2<\/a> <a href=\"#kreu3\">3<\/a> <a href=\"#kreu4\">4<\/a> <a href=\"#kreu5\">5<\/a> <a href=\"#kreu6\">6<\/a> <a href=\"#kreu7\">7<\/a> <a href=\"#kreu8\">8<\/a> <a href=\"#kreu9\">9<\/a> <a href=\"#kreu10\">10<\/a> <a href=\"#kreu11\">11<\/a> <a href=\"#kreu12\">12<\/a> <a href=\"#kreu13\">13<\/a> <a href=\"#kreu14\">14<\/a> <a href=\"#kreu15\">15 <\/a><a href=\"#kreu16\">16<\/a> <a href=\"#kreu18\">17<\/a> <a href=\"#kreu18\">18<\/a> <a href=\"#kreu19\">19<\/a> <a href=\"#kreu20\">20 <\/a><a href=\"#kreu21\">21<\/a> <a href=\"#kreu22\">22<\/a> <a href=\"#kreu23\">23<\/a> <a href=\"#kreu24\">24<\/a> <a href=\"#kreu25\">25<\/a> <a href=\"#kreu26\">26<\/a> <a href=\"#kreu27\">27<\/a> <a href=\"#kreu28\">28<\/a><\/h4>\n<\/div><div class=\"fusion-clearfix\"><\/div><\/div><\/div><div class=\"fusion-layout-column fusion_builder_column fusion-builder-column-1 fusion_builder_column_1_3 1_3 fusion-one-third fusion-column-last\" style=\"--awb-padding-right:5%;--awb-padding-left:5%;--awb-bg-color:#fbecc9;--awb-bg-color-hover:#fbecc9;--awb-bg-size:cover;--awb-margin-top:0%;--awb-margin-bottom:0%;width:33.333333333333%;width:calc(33.333333333333% - ( ( 4% ) * 0.33333333333333 ) );\"><div class=\"fusion-column-wrapper fusion-column-has-shadow fusion-flex-column-wrapper-legacy\"><div class=\"fusion-image-element fusion-image-align-center in-legacy-container\" style=\"text-align:center;--awb-caption-title-font-family:var(--h2_typography-font-family);--awb-caption-title-font-weight:var(--h2_typography-font-weight);--awb-caption-title-font-style:var(--h2_typography-font-style);--awb-caption-title-size:var(--h2_typography-font-size);--awb-caption-title-transform:var(--h2_typography-text-transform);--awb-caption-title-line-height:var(--h2_typography-line-height);--awb-caption-title-letter-spacing:var(--h2_typography-letter-spacing);\"><div class=\"imageframe-align-center\"><span class=\" fusion-imageframe imageframe-none imageframe-30 hover-type-none\"><img decoding=\"async\" width=\"500\" height=\"654\" title=\"Ungjillor Llukai 03_vectorized\" src=\"https:\/\/orthodoxalbania.org\/2020\/wp-content\/uploads\/2020\/05\/Ungjillor-Llukai-03_vectorized.png\" data-orig-src=\"https:\/\/orthodoxalbania.org\/2020\/wp-content\/uploads\/2020\/05\/Ungjillor-Llukai-03_vectorized.png\" alt class=\"lazyload img-responsive wp-image-22665\" srcset=\"data:image\/svg+xml,%3Csvg%20xmlns%3D%27http%3A%2F%2Fwww.w3.org%2F2000%2Fsvg%27%20width%3D%27500%27%20height%3D%27654%27%20viewBox%3D%270%200%20500%20654%27%3E%3Crect%20width%3D%27500%27%20height%3D%27654%27%20fill-opacity%3D%220%22%2F%3E%3C%2Fsvg%3E\" data-srcset=\"https:\/\/orthodoxalbania.org\/2020\/wp-content\/uploads\/2020\/05\/Ungjillor-Llukai-03_vectorized-200x262.png 200w, https:\/\/orthodoxalbania.org\/2020\/wp-content\/uploads\/2020\/05\/Ungjillor-Llukai-03_vectorized-400x523.png 400w, https:\/\/orthodoxalbania.org\/2020\/wp-content\/uploads\/2020\/05\/Ungjillor-Llukai-03_vectorized.png 500w\" data-sizes=\"auto\" data-orig-sizes=\"(max-width: 800px) 100vw, 400px\" \/><\/span><\/div><\/div><div class=\"fusion-image-element in-legacy-container\" style=\"--awb-caption-title-font-family:var(--h2_typography-font-family);--awb-caption-title-font-weight:var(--h2_typography-font-weight);--awb-caption-title-font-style:var(--h2_typography-font-style);--awb-caption-title-size:var(--h2_typography-font-size);--awb-caption-title-transform:var(--h2_typography-text-transform);--awb-caption-title-line-height:var(--h2_typography-line-height);--awb-caption-title-letter-spacing:var(--h2_typography-letter-spacing);\"><span class=\" fusion-imageframe imageframe-none imageframe-31 hover-type-none\"><img decoding=\"async\" width=\"901\" height=\"52\" title=\"decorend\" src=\"https:\/\/orthodoxalbania.org\/2020\/wp-content\/uploads\/2020\/04\/decorend_vectorized.png\" data-orig-src=\"https:\/\/orthodoxalbania.org\/2020\/wp-content\/uploads\/2020\/04\/decorend_vectorized.png\" alt class=\"lazyload img-responsive wp-image-22719\" srcset=\"data:image\/svg+xml,%3Csvg%20xmlns%3D%27http%3A%2F%2Fwww.w3.org%2F2000%2Fsvg%27%20width%3D%27901%27%20height%3D%2752%27%20viewBox%3D%270%200%20901%2052%27%3E%3Crect%20width%3D%27901%27%20height%3D%2752%27%20fill-opacity%3D%220%22%2F%3E%3C%2Fsvg%3E\" data-srcset=\"https:\/\/orthodoxalbania.org\/2020\/wp-content\/uploads\/2020\/04\/decorend_vectorized-200x12.png 200w, https:\/\/orthodoxalbania.org\/2020\/wp-content\/uploads\/2020\/04\/decorend_vectorized-400x23.png 400w, https:\/\/orthodoxalbania.org\/2020\/wp-content\/uploads\/2020\/04\/decorend_vectorized-600x35.png 600w, https:\/\/orthodoxalbania.org\/2020\/wp-content\/uploads\/2020\/04\/decorend_vectorized-800x46.png 800w, https:\/\/orthodoxalbania.org\/2020\/wp-content\/uploads\/2020\/04\/decorend_vectorized.png 901w\" data-sizes=\"auto\" data-orig-sizes=\"(max-width: 800px) 100vw, 400px\" \/><\/span><\/div><div class=\"fusion-text fusion-text-86\"><h3 style=\"text-align: center;\">Veprat e Apostujve<\/h3>\n<\/div><div class=\"fusion-image-element in-legacy-container\" style=\"--awb-caption-title-font-family:var(--h2_typography-font-family);--awb-caption-title-font-weight:var(--h2_typography-font-weight);--awb-caption-title-font-style:var(--h2_typography-font-style);--awb-caption-title-size:var(--h2_typography-font-size);--awb-caption-title-transform:var(--h2_typography-text-transform);--awb-caption-title-line-height:var(--h2_typography-line-height);--awb-caption-title-letter-spacing:var(--h2_typography-letter-spacing);\"><span class=\" fusion-imageframe imageframe-none imageframe-32 hover-type-none\"><img decoding=\"async\" width=\"400\" height=\"23\" title=\"decorend_reverse\" src=\"https:\/\/orthodoxalbania.org\/2020\/wp-content\/uploads\/2020\/04\/decorend_reverse.png\" data-orig-src=\"https:\/\/orthodoxalbania.org\/2020\/wp-content\/uploads\/2020\/04\/decorend_reverse.png\" alt class=\"lazyload img-responsive wp-image-22748\" srcset=\"data:image\/svg+xml,%3Csvg%20xmlns%3D%27http%3A%2F%2Fwww.w3.org%2F2000%2Fsvg%27%20width%3D%27400%27%20height%3D%2723%27%20viewBox%3D%270%200%20400%2023%27%3E%3Crect%20width%3D%27400%27%20height%3D%2723%27%20fill-opacity%3D%220%22%2F%3E%3C%2Fsvg%3E\" data-srcset=\"https:\/\/orthodoxalbania.org\/2020\/wp-content\/uploads\/2020\/04\/decorend_reverse-200x12.png 200w, https:\/\/orthodoxalbania.org\/2020\/wp-content\/uploads\/2020\/04\/decorend_reverse.png 400w\" data-sizes=\"auto\" data-orig-sizes=\"(max-width: 800px) 100vw, 400px\" \/><\/span><\/div><h3 style=\"text-align: center;\"><a href=\"#kreu1\">1<\/a> <a href=\"#kreu2\">2<\/a> <a href=\"#kreu3\">3<\/a> <a href=\"#kreu4\">4<\/a> <a href=\"#kreu5\">5<\/a> <a href=\"#kreu6\">6<\/a> <a href=\"#kreu7\">7<\/a> <a href=\"#kreu8\">8<\/a> <a href=\"#kreu9\">9<\/a> <a href=\"#kreu10\">10<\/a> <a href=\"#kreu11\">11<\/a> <a href=\"#kreu12\">12<\/a> <a href=\"#kreu13\">13<\/a> <a href=\"#kreu14\">14<\/a> <a href=\"#kreu15\">15 <\/a><a href=\"#kreu16\">16<\/a> <a href=\"#kreu18\">17<\/a> <a href=\"#kreu18\">18<\/a> <a href=\"#kreu19\">19<\/a> <a href=\"#kreu20\">20 <\/a><a href=\"#kreu21\">21<\/a> <a href=\"#kreu22\">22<\/a> <a href=\"#kreu23\">23<\/a> <a href=\"#kreu24\">24<\/a> <a href=\"#kreu25\">25<\/a> <a href=\"#kreu26\">26<\/a> <a href=\"#kreu27\">27<\/a> <a href=\"#kreu28\">28<\/a><\/h3><div class=\"fusion-image-element in-legacy-container\" style=\"--awb-caption-title-font-family:var(--h2_typography-font-family);--awb-caption-title-font-weight:var(--h2_typography-font-weight);--awb-caption-title-font-style:var(--h2_typography-font-style);--awb-caption-title-size:var(--h2_typography-font-size);--awb-caption-title-transform:var(--h2_typography-text-transform);--awb-caption-title-line-height:var(--h2_typography-line-height);--awb-caption-title-letter-spacing:var(--h2_typography-letter-spacing);\"><span class=\" fusion-imageframe imageframe-none imageframe-33 hover-type-none\"><img decoding=\"async\" width=\"901\" height=\"52\" title=\"decorend\" src=\"https:\/\/orthodoxalbania.org\/2020\/wp-content\/uploads\/2020\/04\/decorend_vectorized.png\" data-orig-src=\"https:\/\/orthodoxalbania.org\/2020\/wp-content\/uploads\/2020\/04\/decorend_vectorized.png\" alt class=\"lazyload img-responsive wp-image-22719\" srcset=\"data:image\/svg+xml,%3Csvg%20xmlns%3D%27http%3A%2F%2Fwww.w3.org%2F2000%2Fsvg%27%20width%3D%27901%27%20height%3D%2752%27%20viewBox%3D%270%200%20901%2052%27%3E%3Crect%20width%3D%27901%27%20height%3D%2752%27%20fill-opacity%3D%220%22%2F%3E%3C%2Fsvg%3E\" data-srcset=\"https:\/\/orthodoxalbania.org\/2020\/wp-content\/uploads\/2020\/04\/decorend_vectorized-200x12.png 200w, https:\/\/orthodoxalbania.org\/2020\/wp-content\/uploads\/2020\/04\/decorend_vectorized-400x23.png 400w, https:\/\/orthodoxalbania.org\/2020\/wp-content\/uploads\/2020\/04\/decorend_vectorized-600x35.png 600w, https:\/\/orthodoxalbania.org\/2020\/wp-content\/uploads\/2020\/04\/decorend_vectorized-800x46.png 800w, https:\/\/orthodoxalbania.org\/2020\/wp-content\/uploads\/2020\/04\/decorend_vectorized.png 901w\" data-sizes=\"auto\" data-orig-sizes=\"(max-width: 800px) 100vw, 400px\" \/><\/span><\/div><div class=\"fusion-title title fusion-title-1 fusion-title-center fusion-title-text fusion-title-size-three\"><div class=\"title-sep-container title-sep-container-left\"><div class=\"title-sep sep-double sep-solid\" style=\"border-color:#E8E6E5;\"><\/div><\/div><span class=\"awb-title-spacer\"><\/span><h3 class=\"fusion-title-heading title-heading-center fusion-responsive-typography-calculated\" style=\"margin:0;--fontSize:22;--minFontSize:22;line-height:1.3;\"><p style=\"text-align: center;\">Ungjilli\u00a0 sipas<\/p><\/h3><span class=\"awb-title-spacer\"><\/span><div class=\"title-sep-container title-sep-container-right\"><div class=\"title-sep sep-double sep-solid\" style=\"border-color:#E8E6E5;\"><\/div><\/div><\/div><div class=\"fusion-image-element in-legacy-container\" style=\"--awb-caption-title-font-family:var(--h2_typography-font-family);--awb-caption-title-font-weight:var(--h2_typography-font-weight);--awb-caption-title-font-style:var(--h2_typography-font-style);--awb-caption-title-size:var(--h2_typography-font-size);--awb-caption-title-transform:var(--h2_typography-text-transform);--awb-caption-title-line-height:var(--h2_typography-line-height);--awb-caption-title-letter-spacing:var(--h2_typography-letter-spacing);\"><span class=\" fusion-imageframe imageframe-none imageframe-34 hover-type-none\"><img decoding=\"async\" width=\"400\" height=\"23\" title=\"decorend_reverse\" src=\"https:\/\/orthodoxalbania.org\/2020\/wp-content\/uploads\/2020\/04\/decorend_reverse.png\" data-orig-src=\"https:\/\/orthodoxalbania.org\/2020\/wp-content\/uploads\/2020\/04\/decorend_reverse.png\" alt class=\"lazyload img-responsive wp-image-22748\" srcset=\"data:image\/svg+xml,%3Csvg%20xmlns%3D%27http%3A%2F%2Fwww.w3.org%2F2000%2Fsvg%27%20width%3D%27400%27%20height%3D%2723%27%20viewBox%3D%270%200%20400%2023%27%3E%3Crect%20width%3D%27400%27%20height%3D%2723%27%20fill-opacity%3D%220%22%2F%3E%3C%2Fsvg%3E\" data-srcset=\"https:\/\/orthodoxalbania.org\/2020\/wp-content\/uploads\/2020\/04\/decorend_reverse-200x12.png 200w, https:\/\/orthodoxalbania.org\/2020\/wp-content\/uploads\/2020\/04\/decorend_reverse.png 400w\" data-sizes=\"auto\" data-orig-sizes=\"(max-width: 800px) 100vw, 400px\" \/><\/span><\/div><div class=\"fusion-recent-posts fusion-recent-posts-1 avada-container layout-default layout-columns-1 fusion-recent-posts-center\"><section class=\"fusion-columns columns fusion-columns-1 columns-1\"><article class=\"post fusion-column column col col-lg-12 col-md-12 col-sm-12\"><div class=\"recent-posts-content\"><span class=\"vcard\" style=\"display: none;\"><span class=\"fn\"><a href=\"https:\/\/orthodoxalbania.org\/2020\/author\/giokashar\/\" title=\"Posts by Kisha Orthodhokse\" rel=\"author\">Kisha Orthodhokse<\/a><\/span><\/span><span class=\"updated\" style=\"display:none;\">2020-05-02T10:17:35+02:00<\/span><h4 class=\"entry-title\"><a href=\"https:\/\/orthodoxalbania.org\/2020\/2020\/04\/30\/matheu-kreu-1\/\">Mattheut<\/a><\/h4><\/div><\/article><article class=\"post fusion-column column col col-lg-12 col-md-12 col-sm-12\"><div class=\"recent-posts-content\"><span class=\"vcard\" style=\"display: none;\"><span class=\"fn\"><a href=\"https:\/\/orthodoxalbania.org\/2020\/author\/giokashar\/\" title=\"Posts by Kisha Orthodhokse\" rel=\"author\">Kisha Orthodhokse<\/a><\/span><\/span><span class=\"updated\" style=\"display:none;\">2020-05-01T19:13:52+02:00<\/span><h4 class=\"entry-title\"><a href=\"https:\/\/orthodoxalbania.org\/2020\/2020\/04\/30\/ungjilli-sipas-markut\/\">Markut<\/a><\/h4><\/div><\/article><article class=\"post fusion-column column col col-lg-12 col-md-12 col-sm-12\"><div class=\"recent-posts-content\"><span class=\"vcard\" style=\"display: none;\"><span class=\"fn\"><a href=\"https:\/\/orthodoxalbania.org\/2020\/author\/giokashar\/\" title=\"Posts by Kisha Orthodhokse\" rel=\"author\">Kisha Orthodhokse<\/a><\/span><\/span><span class=\"updated\" style=\"display:none;\">2020-05-01T19:04:16+02:00<\/span><h4 class=\"entry-title\"><a href=\"https:\/\/orthodoxalbania.org\/2020\/2020\/04\/30\/20219\/\">Llukait<\/a><\/h4><\/div><\/article><article class=\"post fusion-column column col col-lg-12 col-md-12 col-sm-12\"><div class=\"recent-posts-content\"><span class=\"vcard\" style=\"display: none;\"><span class=\"fn\"><a href=\"https:\/\/orthodoxalbania.org\/2020\/author\/giokashar\/\" title=\"Posts by Kisha Orthodhokse\" rel=\"author\">Kisha Orthodhokse<\/a><\/span><\/span><span class=\"updated\" style=\"display:none;\">2020-05-05T03:11:05+02:00<\/span><h4 class=\"entry-title\"><a href=\"https:\/\/orthodoxalbania.org\/2020\/2020\/04\/30\/ungjilli-sipas-joanit\/\">Joanit<\/a><\/h4><\/div><\/article><\/section><\/div><div class=\"fusion-image-element in-legacy-container\" style=\"--awb-caption-title-font-family:var(--h2_typography-font-family);--awb-caption-title-font-weight:var(--h2_typography-font-weight);--awb-caption-title-font-style:var(--h2_typography-font-style);--awb-caption-title-size:var(--h2_typography-font-size);--awb-caption-title-transform:var(--h2_typography-text-transform);--awb-caption-title-line-height:var(--h2_typography-line-height);--awb-caption-title-letter-spacing:var(--h2_typography-letter-spacing);\"><span class=\" fusion-imageframe imageframe-none imageframe-35 hover-type-none\"><img decoding=\"async\" width=\"901\" height=\"52\" title=\"decorend\" src=\"https:\/\/orthodoxalbania.org\/2020\/wp-content\/uploads\/2020\/04\/decorend_vectorized.png\" data-orig-src=\"https:\/\/orthodoxalbania.org\/2020\/wp-content\/uploads\/2020\/04\/decorend_vectorized.png\" alt class=\"lazyload img-responsive wp-image-22719\" srcset=\"data:image\/svg+xml,%3Csvg%20xmlns%3D%27http%3A%2F%2Fwww.w3.org%2F2000%2Fsvg%27%20width%3D%27901%27%20height%3D%2752%27%20viewBox%3D%270%200%20901%2052%27%3E%3Crect%20width%3D%27901%27%20height%3D%2752%27%20fill-opacity%3D%220%22%2F%3E%3C%2Fsvg%3E\" data-srcset=\"https:\/\/orthodoxalbania.org\/2020\/wp-content\/uploads\/2020\/04\/decorend_vectorized-200x12.png 200w, https:\/\/orthodoxalbania.org\/2020\/wp-content\/uploads\/2020\/04\/decorend_vectorized-400x23.png 400w, https:\/\/orthodoxalbania.org\/2020\/wp-content\/uploads\/2020\/04\/decorend_vectorized-600x35.png 600w, https:\/\/orthodoxalbania.org\/2020\/wp-content\/uploads\/2020\/04\/decorend_vectorized-800x46.png 800w, https:\/\/orthodoxalbania.org\/2020\/wp-content\/uploads\/2020\/04\/decorend_vectorized.png 901w\" data-sizes=\"auto\" data-orig-sizes=\"(max-width: 800px) 100vw, 400px\" \/><\/span><\/div><div class=\"fusion-recent-posts fusion-recent-posts-2 avada-container layout-default layout-columns-1 fusion-recent-posts-center\"><section class=\"fusion-columns columns fusion-columns-1 columns-1\"><article class=\"post fusion-column column col col-lg-12 col-md-12 col-sm-12\"><div class=\"recent-posts-content\"><span class=\"vcard\" style=\"display: none;\"><span class=\"fn\"><a href=\"https:\/\/orthodoxalbania.org\/2020\/author\/giokashar\/\" title=\"Posts by Kisha Orthodhokse\" rel=\"author\">Kisha Orthodhokse<\/a><\/span><\/span><span class=\"updated\" style=\"display:none;\">2020-05-02T11:22:21+02:00<\/span><h4 class=\"entry-title\"><a href=\"https:\/\/orthodoxalbania.org\/2020\/2020\/04\/30\/veprat-e-apostujve-2\/\">Veprat e Apostujve<\/a><\/h4><\/div><\/article><\/section><\/div><div class=\"fusion-image-element in-legacy-container\" style=\"--awb-caption-title-font-family:var(--h2_typography-font-family);--awb-caption-title-font-weight:var(--h2_typography-font-weight);--awb-caption-title-font-style:var(--h2_typography-font-style);--awb-caption-title-size:var(--h2_typography-font-size);--awb-caption-title-transform:var(--h2_typography-text-transform);--awb-caption-title-line-height:var(--h2_typography-line-height);--awb-caption-title-letter-spacing:var(--h2_typography-letter-spacing);\"><span class=\" fusion-imageframe imageframe-none imageframe-36 hover-type-none\"><img decoding=\"async\" width=\"400\" height=\"23\" title=\"decorend_reverse\" src=\"https:\/\/orthodoxalbania.org\/2020\/wp-content\/uploads\/2020\/04\/decorend_reverse.png\" data-orig-src=\"https:\/\/orthodoxalbania.org\/2020\/wp-content\/uploads\/2020\/04\/decorend_reverse.png\" alt class=\"lazyload img-responsive wp-image-22748\" srcset=\"data:image\/svg+xml,%3Csvg%20xmlns%3D%27http%3A%2F%2Fwww.w3.org%2F2000%2Fsvg%27%20width%3D%27400%27%20height%3D%2723%27%20viewBox%3D%270%200%20400%2023%27%3E%3Crect%20width%3D%27400%27%20height%3D%2723%27%20fill-opacity%3D%220%22%2F%3E%3C%2Fsvg%3E\" data-srcset=\"https:\/\/orthodoxalbania.org\/2020\/wp-content\/uploads\/2020\/04\/decorend_reverse-200x12.png 200w, https:\/\/orthodoxalbania.org\/2020\/wp-content\/uploads\/2020\/04\/decorend_reverse.png 400w\" data-sizes=\"auto\" data-orig-sizes=\"(max-width: 800px) 100vw, 400px\" \/><\/span><\/div><div class=\"fusion-image-element in-legacy-container\" style=\"--awb-caption-title-font-family:var(--h2_typography-font-family);--awb-caption-title-font-weight:var(--h2_typography-font-weight);--awb-caption-title-font-style:var(--h2_typography-font-style);--awb-caption-title-size:var(--h2_typography-font-size);--awb-caption-title-transform:var(--h2_typography-text-transform);--awb-caption-title-line-height:var(--h2_typography-line-height);--awb-caption-title-letter-spacing:var(--h2_typography-letter-spacing);\"><span class=\" fusion-imageframe imageframe-none imageframe-37 hover-type-none\"><img decoding=\"async\" width=\"901\" height=\"52\" title=\"decorend\" src=\"https:\/\/orthodoxalbania.org\/2020\/wp-content\/uploads\/2020\/04\/decorend_vectorized.png\" data-orig-src=\"https:\/\/orthodoxalbania.org\/2020\/wp-content\/uploads\/2020\/04\/decorend_vectorized.png\" alt class=\"lazyload img-responsive wp-image-22719\" srcset=\"data:image\/svg+xml,%3Csvg%20xmlns%3D%27http%3A%2F%2Fwww.w3.org%2F2000%2Fsvg%27%20width%3D%27901%27%20height%3D%2752%27%20viewBox%3D%270%200%20901%2052%27%3E%3Crect%20width%3D%27901%27%20height%3D%2752%27%20fill-opacity%3D%220%22%2F%3E%3C%2Fsvg%3E\" data-srcset=\"https:\/\/orthodoxalbania.org\/2020\/wp-content\/uploads\/2020\/04\/decorend_vectorized-200x12.png 200w, https:\/\/orthodoxalbania.org\/2020\/wp-content\/uploads\/2020\/04\/decorend_vectorized-400x23.png 400w, https:\/\/orthodoxalbania.org\/2020\/wp-content\/uploads\/2020\/04\/decorend_vectorized-600x35.png 600w, https:\/\/orthodoxalbania.org\/2020\/wp-content\/uploads\/2020\/04\/decorend_vectorized-800x46.png 800w, https:\/\/orthodoxalbania.org\/2020\/wp-content\/uploads\/2020\/04\/decorend_vectorized.png 901w\" data-sizes=\"auto\" data-orig-sizes=\"(max-width: 800px) 100vw, 400px\" \/><\/span><\/div><div class=\"fusion-title title fusion-title-2 fusion-title-center fusion-title-text fusion-title-size-three\"><div class=\"title-sep-container title-sep-container-left\"><div class=\"title-sep sep-double sep-solid\" style=\"border-color:#E8E6E5;\"><\/div><\/div><span class=\"awb-title-spacer\"><\/span><h3 class=\"fusion-title-heading title-heading-center fusion-responsive-typography-calculated\" style=\"margin:0;--fontSize:22;--minFontSize:22;line-height:1.3;\"><p class=\"fusion-responsive-typography-calculated\" style=\"text-align: center;\" data-fontsize=\"35\" data-lineheight=\"31.5px\">Letrat\u00a0 e\u00a0 Apostull\u00a0 Pavlit<\/p><\/h3><span class=\"awb-title-spacer\"><\/span><div class=\"title-sep-container title-sep-container-right\"><div class=\"title-sep sep-double sep-solid\" style=\"border-color:#E8E6E5;\"><\/div><\/div><\/div><div class=\"fusion-image-element in-legacy-container\" style=\"--awb-caption-title-font-family:var(--h2_typography-font-family);--awb-caption-title-font-weight:var(--h2_typography-font-weight);--awb-caption-title-font-style:var(--h2_typography-font-style);--awb-caption-title-size:var(--h2_typography-font-size);--awb-caption-title-transform:var(--h2_typography-text-transform);--awb-caption-title-line-height:var(--h2_typography-line-height);--awb-caption-title-letter-spacing:var(--h2_typography-letter-spacing);\"><span class=\" fusion-imageframe imageframe-none imageframe-38 hover-type-none\"><img decoding=\"async\" width=\"400\" height=\"23\" title=\"decorend_reverse\" src=\"https:\/\/orthodoxalbania.org\/2020\/wp-content\/uploads\/2020\/04\/decorend_reverse.png\" data-orig-src=\"https:\/\/orthodoxalbania.org\/2020\/wp-content\/uploads\/2020\/04\/decorend_reverse.png\" alt class=\"lazyload img-responsive wp-image-22748\" srcset=\"data:image\/svg+xml,%3Csvg%20xmlns%3D%27http%3A%2F%2Fwww.w3.org%2F2000%2Fsvg%27%20width%3D%27400%27%20height%3D%2723%27%20viewBox%3D%270%200%20400%2023%27%3E%3Crect%20width%3D%27400%27%20height%3D%2723%27%20fill-opacity%3D%220%22%2F%3E%3C%2Fsvg%3E\" data-srcset=\"https:\/\/orthodoxalbania.org\/2020\/wp-content\/uploads\/2020\/04\/decorend_reverse-200x12.png 200w, https:\/\/orthodoxalbania.org\/2020\/wp-content\/uploads\/2020\/04\/decorend_reverse.png 400w\" data-sizes=\"auto\" data-orig-sizes=\"(max-width: 800px) 100vw, 400px\" \/><\/span><\/div><div class=\"fusion-recent-posts fusion-recent-posts-3 avada-container layout-default layout-columns-1 fusion-recent-posts-center\"><section class=\"fusion-columns columns fusion-columns-1 columns-1\"><article class=\"post fusion-column column col col-lg-12 col-md-12 col-sm-12\"><div class=\"recent-posts-content\"><span class=\"vcard\" style=\"display: none;\"><span class=\"fn\"><a href=\"https:\/\/orthodoxalbania.org\/2020\/author\/giokashar\/\" title=\"Posts by Kisha Orthodhokse\" rel=\"author\">Kisha Orthodhokse<\/a><\/span><\/span><span class=\"updated\" style=\"display:none;\">2020-05-02T12:03:52+02:00<\/span><h4 class=\"entry-title\"><a href=\"https:\/\/orthodoxalbania.org\/2020\/2020\/04\/30\/letra-drejtuar-romaneve\/\">Roman\u00ebve<\/a><\/h4><\/div><\/article><article class=\"post fusion-column column col col-lg-12 col-md-12 col-sm-12\"><div class=\"recent-posts-content\"><span class=\"vcard\" style=\"display: none;\"><span class=\"fn\"><a href=\"https:\/\/orthodoxalbania.org\/2020\/author\/giokashar\/\" title=\"Posts by Kisha Orthodhokse\" rel=\"author\">Kisha Orthodhokse<\/a><\/span><\/span><span class=\"updated\" style=\"display:none;\">2020-05-02T22:23:31+02:00<\/span><h4 class=\"entry-title\"><a href=\"https:\/\/orthodoxalbania.org\/2020\/2020\/04\/30\/letra-e-pare-drejtuar-korinthianeve\/\">I Korinthian\u00ebve<\/a><\/h4><\/div><\/article><article class=\"post fusion-column column col col-lg-12 col-md-12 col-sm-12\"><div class=\"recent-posts-content\"><span class=\"vcard\" style=\"display: none;\"><span class=\"fn\"><a href=\"https:\/\/orthodoxalbania.org\/2020\/author\/giokashar\/\" title=\"Posts by Kisha Orthodhokse\" rel=\"author\">Kisha Orthodhokse<\/a><\/span><\/span><span class=\"updated\" style=\"display:none;\">2020-05-02T13:50:35+02:00<\/span><h4 class=\"entry-title\"><a href=\"https:\/\/orthodoxalbania.org\/2020\/2020\/04\/30\/letra-e-dyte-drejtuar-korinthianeve\/\">II Korinthian\u00ebve<\/a><\/h4><\/div><\/article><article class=\"post fusion-column column col col-lg-12 col-md-12 col-sm-12\"><div class=\"recent-posts-content\"><span class=\"vcard\" style=\"display: none;\"><span class=\"fn\"><a href=\"https:\/\/orthodoxalbania.org\/2020\/author\/giokashar\/\" title=\"Posts by Kisha Orthodhokse\" rel=\"author\">Kisha Orthodhokse<\/a><\/span><\/span><span class=\"updated\" style=\"display:none;\">2020-05-02T18:15:11+02:00<\/span><h4 class=\"entry-title\"><a href=\"https:\/\/orthodoxalbania.org\/2020\/2020\/04\/30\/letra-drejtuar-galatianeve\/\">Galatianeve<\/a><\/h4><\/div><\/article><article class=\"post fusion-column column col col-lg-12 col-md-12 col-sm-12\"><div class=\"recent-posts-content\"><span class=\"vcard\" style=\"display: none;\"><span class=\"fn\"><a href=\"https:\/\/orthodoxalbania.org\/2020\/author\/giokashar\/\" title=\"Posts by Kisha Orthodhokse\" rel=\"author\">Kisha Orthodhokse<\/a><\/span><\/span><span class=\"updated\" style=\"display:none;\">2020-05-02T20:29:25+02:00<\/span><h4 class=\"entry-title\"><a href=\"https:\/\/orthodoxalbania.org\/2020\/2020\/04\/30\/letra-drejtuar-efesianeve\/\">Efesianeve<\/a><\/h4><\/div><\/article><article class=\"post fusion-column column col col-lg-12 col-md-12 col-sm-12\"><div class=\"recent-posts-content\"><span class=\"vcard\" style=\"display: none;\"><span class=\"fn\"><a href=\"https:\/\/orthodoxalbania.org\/2020\/author\/giokashar\/\" title=\"Posts by Kisha Orthodhokse\" rel=\"author\">Kisha Orthodhokse<\/a><\/span><\/span><span class=\"updated\" style=\"display:none;\">2020-05-02T20:35:49+02:00<\/span><h4 class=\"entry-title\"><a href=\"https:\/\/orthodoxalbania.org\/2020\/2020\/04\/30\/filipianeve\/\">Filipianeve<\/a><\/h4><\/div><\/article><article class=\"post fusion-column column col col-lg-12 col-md-12 col-sm-12\"><div class=\"recent-posts-content\"><span class=\"vcard\" style=\"display: none;\"><span class=\"fn\"><a href=\"https:\/\/orthodoxalbania.org\/2020\/author\/giokashar\/\" title=\"Posts by Kisha Orthodhokse\" rel=\"author\">Kisha Orthodhokse<\/a><\/span><\/span><span class=\"updated\" style=\"display:none;\">2020-05-02T20:42:13+02:00<\/span><h4 class=\"entry-title\"><a href=\"https:\/\/orthodoxalbania.org\/2020\/2020\/04\/30\/letra-drejtuar-kolosianeve\/\">Kolosianeve<\/a><\/h4><\/div><\/article><article class=\"post fusion-column column col col-lg-12 col-md-12 col-sm-12\"><div class=\"recent-posts-content\"><span class=\"vcard\" style=\"display: none;\"><span class=\"fn\"><a href=\"https:\/\/orthodoxalbania.org\/2020\/author\/giokashar\/\" title=\"Posts by Kisha Orthodhokse\" rel=\"author\">Kisha Orthodhokse<\/a><\/span><\/span><span class=\"updated\" style=\"display:none;\">2020-05-02T21:16:28+02:00<\/span><h4 class=\"entry-title\"><a href=\"https:\/\/orthodoxalbania.org\/2020\/2020\/04\/30\/letra-drejtuar-selanikasve\/\">I Selanikasve<\/a><\/h4><\/div><\/article><article class=\"post fusion-column column col col-lg-12 col-md-12 col-sm-12\"><div class=\"recent-posts-content\"><span class=\"vcard\" style=\"display: none;\"><span class=\"fn\"><a href=\"https:\/\/orthodoxalbania.org\/2020\/author\/giokashar\/\" title=\"Posts by Kisha Orthodhokse\" rel=\"author\">Kisha Orthodhokse<\/a><\/span><\/span><span class=\"updated\" style=\"display:none;\">2020-05-02T21:27:20+02:00<\/span><h4 class=\"entry-title\"><a href=\"https:\/\/orthodoxalbania.org\/2020\/2020\/04\/30\/letra-e-dyte-drejtuar-selanikasve\/\">II Selanikasve<\/a><\/h4><\/div><\/article><article class=\"post fusion-column column col col-lg-12 col-md-12 col-sm-12\"><div class=\"recent-posts-content\"><span class=\"vcard\" style=\"display: none;\"><span class=\"fn\"><a href=\"https:\/\/orthodoxalbania.org\/2020\/author\/giokashar\/\" title=\"Posts by Kisha Orthodhokse\" rel=\"author\">Kisha Orthodhokse<\/a><\/span><\/span><span class=\"updated\" style=\"display:none;\">2020-05-02T21:35:36+02:00<\/span><h4 class=\"entry-title\"><a href=\"https:\/\/orthodoxalbania.org\/2020\/2020\/04\/30\/letra-e-pare-drejtuar-timotheut\/\">I Timotheut<\/a><\/h4><\/div><\/article><article class=\"post fusion-column column col col-lg-12 col-md-12 col-sm-12\"><div class=\"recent-posts-content\"><span class=\"vcard\" style=\"display: none;\"><span class=\"fn\"><a href=\"https:\/\/orthodoxalbania.org\/2020\/author\/giokashar\/\" title=\"Posts by Kisha Orthodhokse\" rel=\"author\">Kisha Orthodhokse<\/a><\/span><\/span><span class=\"updated\" style=\"display:none;\">2020-05-02T22:08:29+02:00<\/span><h4 class=\"entry-title\"><a href=\"https:\/\/orthodoxalbania.org\/2020\/2020\/04\/30\/letra-e-dyte-drejtuar-timotheut\/\">II Timotheut<\/a><\/h4><\/div><\/article><article class=\"post fusion-column column col col-lg-12 col-md-12 col-sm-12\"><div class=\"recent-posts-content\"><span class=\"vcard\" style=\"display: none;\"><span class=\"fn\"><a href=\"https:\/\/orthodoxalbania.org\/2020\/author\/giokashar\/\" title=\"Posts by Kisha Orthodhokse\" rel=\"author\">Kisha Orthodhokse<\/a><\/span><\/span><span class=\"updated\" style=\"display:none;\">2020-05-02T22:14:23+02:00<\/span><h4 class=\"entry-title\"><a href=\"https:\/\/orthodoxalbania.org\/2020\/2020\/04\/30\/letra-drejtuar-titos\/\">Titos<\/a><\/h4><\/div><\/article><article class=\"post fusion-column column col col-lg-12 col-md-12 col-sm-12\"><div class=\"recent-posts-content\"><span class=\"vcard\" style=\"display: none;\"><span class=\"fn\"><a href=\"https:\/\/orthodoxalbania.org\/2020\/author\/giokashar\/\" title=\"Posts by Kisha Orthodhokse\" rel=\"author\">Kisha Orthodhokse<\/a><\/span><\/span><span class=\"updated\" style=\"display:none;\">2020-05-02T22:27:02+02:00<\/span><h4 class=\"entry-title\"><a href=\"https:\/\/orthodoxalbania.org\/2020\/2020\/04\/30\/letra-drejtuar-filimonit\/\">Filimonit<\/a><\/h4><\/div><\/article><article class=\"post fusion-column column col col-lg-12 col-md-12 col-sm-12\"><div class=\"recent-posts-content\"><span class=\"vcard\" style=\"display: none;\"><span class=\"fn\"><a href=\"https:\/\/orthodoxalbania.org\/2020\/author\/giokashar\/\" title=\"Posts by Kisha Orthodhokse\" rel=\"author\">Kisha Orthodhokse<\/a><\/span><\/span><span class=\"updated\" style=\"display:none;\">2020-05-02T22:33:15+02:00<\/span><h4 class=\"entry-title\"><a href=\"https:\/\/orthodoxalbania.org\/2020\/2020\/04\/30\/letra-drejtuar-hebrenjve\/\">Hebrenjve<\/a><\/h4><\/div><\/article><\/section><\/div><div class=\"fusion-image-element in-legacy-container\" style=\"--awb-caption-title-font-family:var(--h2_typography-font-family);--awb-caption-title-font-weight:var(--h2_typography-font-weight);--awb-caption-title-font-style:var(--h2_typography-font-style);--awb-caption-title-size:var(--h2_typography-font-size);--awb-caption-title-transform:var(--h2_typography-text-transform);--awb-caption-title-line-height:var(--h2_typography-line-height);--awb-caption-title-letter-spacing:var(--h2_typography-letter-spacing);\"><span class=\" fusion-imageframe imageframe-none imageframe-39 hover-type-none\"><img decoding=\"async\" width=\"901\" height=\"52\" title=\"decorend\" src=\"https:\/\/orthodoxalbania.org\/2020\/wp-content\/uploads\/2020\/04\/decorend_vectorized.png\" data-orig-src=\"https:\/\/orthodoxalbania.org\/2020\/wp-content\/uploads\/2020\/04\/decorend_vectorized.png\" alt class=\"lazyload img-responsive wp-image-22719\" srcset=\"data:image\/svg+xml,%3Csvg%20xmlns%3D%27http%3A%2F%2Fwww.w3.org%2F2000%2Fsvg%27%20width%3D%27901%27%20height%3D%2752%27%20viewBox%3D%270%200%20901%2052%27%3E%3Crect%20width%3D%27901%27%20height%3D%2752%27%20fill-opacity%3D%220%22%2F%3E%3C%2Fsvg%3E\" data-srcset=\"https:\/\/orthodoxalbania.org\/2020\/wp-content\/uploads\/2020\/04\/decorend_vectorized-200x12.png 200w, https:\/\/orthodoxalbania.org\/2020\/wp-content\/uploads\/2020\/04\/decorend_vectorized-400x23.png 400w, https:\/\/orthodoxalbania.org\/2020\/wp-content\/uploads\/2020\/04\/decorend_vectorized-600x35.png 600w, https:\/\/orthodoxalbania.org\/2020\/wp-content\/uploads\/2020\/04\/decorend_vectorized-800x46.png 800w, https:\/\/orthodoxalbania.org\/2020\/wp-content\/uploads\/2020\/04\/decorend_vectorized.png 901w\" data-sizes=\"auto\" data-orig-sizes=\"(max-width: 800px) 100vw, 400px\" \/><\/span><\/div><div class=\"fusion-title title fusion-title-3 fusion-title-center fusion-title-text fusion-title-size-three\"><div class=\"title-sep-container title-sep-container-left\"><div class=\"title-sep sep-double sep-solid\" style=\"border-color:#E8E6E5;\"><\/div><\/div><span class=\"awb-title-spacer\"><\/span><h3 class=\"fusion-title-heading title-heading-center fusion-responsive-typography-calculated\" style=\"margin:0;--fontSize:22;--minFontSize:22;line-height:1.3;\"><p class=\"fusion-responsive-typography-calculated\" style=\"text-align: center;\" data-fontsize=\"35\" data-lineheight=\"31.5px\">Letrat e Pergjithshme<\/p><\/h3><span class=\"awb-title-spacer\"><\/span><div class=\"title-sep-container title-sep-container-right\"><div class=\"title-sep sep-double sep-solid\" style=\"border-color:#E8E6E5;\"><\/div><\/div><\/div><div class=\"fusion-image-element in-legacy-container\" style=\"--awb-caption-title-font-family:var(--h2_typography-font-family);--awb-caption-title-font-weight:var(--h2_typography-font-weight);--awb-caption-title-font-style:var(--h2_typography-font-style);--awb-caption-title-size:var(--h2_typography-font-size);--awb-caption-title-transform:var(--h2_typography-text-transform);--awb-caption-title-line-height:var(--h2_typography-line-height);--awb-caption-title-letter-spacing:var(--h2_typography-letter-spacing);\"><span class=\" fusion-imageframe imageframe-none imageframe-40 hover-type-none\"><img decoding=\"async\" width=\"400\" height=\"23\" title=\"decorend_reverse\" src=\"https:\/\/orthodoxalbania.org\/2020\/wp-content\/uploads\/2020\/04\/decorend_reverse.png\" data-orig-src=\"https:\/\/orthodoxalbania.org\/2020\/wp-content\/uploads\/2020\/04\/decorend_reverse.png\" alt class=\"lazyload img-responsive wp-image-22748\" srcset=\"data:image\/svg+xml,%3Csvg%20xmlns%3D%27http%3A%2F%2Fwww.w3.org%2F2000%2Fsvg%27%20width%3D%27400%27%20height%3D%2723%27%20viewBox%3D%270%200%20400%2023%27%3E%3Crect%20width%3D%27400%27%20height%3D%2723%27%20fill-opacity%3D%220%22%2F%3E%3C%2Fsvg%3E\" data-srcset=\"https:\/\/orthodoxalbania.org\/2020\/wp-content\/uploads\/2020\/04\/decorend_reverse-200x12.png 200w, https:\/\/orthodoxalbania.org\/2020\/wp-content\/uploads\/2020\/04\/decorend_reverse.png 400w\" data-sizes=\"auto\" data-orig-sizes=\"(max-width: 800px) 100vw, 400px\" \/><\/span><\/div><div class=\"fusion-recent-posts fusion-recent-posts-4 avada-container layout-default layout-columns-1 fusion-recent-posts-center\"><section class=\"fusion-columns columns fusion-columns-1 columns-1\"><article class=\"post fusion-column column col col-lg-12 col-md-12 col-sm-12\"><div class=\"recent-posts-content\"><span class=\"vcard\" style=\"display: none;\"><span class=\"fn\"><a href=\"https:\/\/orthodoxalbania.org\/2020\/author\/giokashar\/\" title=\"Posts by Kisha Orthodhokse\" rel=\"author\">Kisha Orthodhokse<\/a><\/span><\/span><span class=\"updated\" style=\"display:none;\">2020-05-02T22:48:44+02:00<\/span><h4 class=\"entry-title\"><a href=\"https:\/\/orthodoxalbania.org\/2020\/2020\/04\/30\/jakovit\/\">Jakovit<\/a><\/h4><\/div><\/article><article class=\"post fusion-column column col col-lg-12 col-md-12 col-sm-12\"><div class=\"recent-posts-content\"><span class=\"vcard\" style=\"display: none;\"><span class=\"fn\"><a href=\"https:\/\/orthodoxalbania.org\/2020\/author\/giokashar\/\" title=\"Posts by Kisha Orthodhokse\" rel=\"author\">Kisha Orthodhokse<\/a><\/span><\/span><span class=\"updated\" style=\"display:none;\">2020-05-02T22:50:48+02:00<\/span><h4 class=\"entry-title\"><a href=\"https:\/\/orthodoxalbania.org\/2020\/2020\/04\/30\/i-pjetrit\/\">I Pjetrit<\/a><\/h4><\/div><\/article><article class=\"post fusion-column column col col-lg-12 col-md-12 col-sm-12\"><div class=\"recent-posts-content\"><span class=\"vcard\" style=\"display: none;\"><span class=\"fn\"><a href=\"https:\/\/orthodoxalbania.org\/2020\/author\/giokashar\/\" title=\"Posts by Kisha Orthodhokse\" rel=\"author\">Kisha Orthodhokse<\/a><\/span><\/span><span class=\"updated\" style=\"display:none;\">2020-05-02T22:53:22+02:00<\/span><h4 class=\"entry-title\"><a href=\"https:\/\/orthodoxalbania.org\/2020\/2020\/04\/30\/ii-pjetrit\/\">II Pjetrit<\/a><\/h4><\/div><\/article><article class=\"post fusion-column column col col-lg-12 col-md-12 col-sm-12\"><div class=\"recent-posts-content\"><span class=\"vcard\" style=\"display: none;\"><span class=\"fn\"><a href=\"https:\/\/orthodoxalbania.org\/2020\/author\/giokashar\/\" title=\"Posts by Kisha Orthodhokse\" rel=\"author\">Kisha Orthodhokse<\/a><\/span><\/span><span class=\"updated\" style=\"display:none;\">2021-04-08T00:27:55+02:00<\/span><h4 class=\"entry-title\"><a href=\"https:\/\/orthodoxalbania.org\/2020\/2020\/04\/30\/joanit\/\">Joanit I-III<\/a><\/h4><\/div><\/article><article class=\"post fusion-column column col col-lg-12 col-md-12 col-sm-12\"><div class=\"recent-posts-content\"><span class=\"vcard\" style=\"display: none;\"><span class=\"fn\"><a href=\"https:\/\/orthodoxalbania.org\/2020\/author\/giokashar\/\" title=\"Posts by Kisha Orthodhokse\" rel=\"author\">Kisha Orthodhokse<\/a><\/span><\/span><span class=\"updated\" style=\"display:none;\">2020-05-02T23:13:45+02:00<\/span><h4 class=\"entry-title\"><a href=\"https:\/\/orthodoxalbania.org\/2020\/2020\/04\/30\/judes\/\">Judes<\/a><\/h4><\/div><\/article><\/section><\/div><div class=\"fusion-image-element in-legacy-container\" style=\"--awb-caption-title-font-family:var(--h2_typography-font-family);--awb-caption-title-font-weight:var(--h2_typography-font-weight);--awb-caption-title-font-style:var(--h2_typography-font-style);--awb-caption-title-size:var(--h2_typography-font-size);--awb-caption-title-transform:var(--h2_typography-text-transform);--awb-caption-title-line-height:var(--h2_typography-line-height);--awb-caption-title-letter-spacing:var(--h2_typography-letter-spacing);\"><span class=\" fusion-imageframe imageframe-none imageframe-41 hover-type-none\"><img decoding=\"async\" width=\"400\" height=\"23\" title=\"decorend_reverse\" src=\"https:\/\/orthodoxalbania.org\/2020\/wp-content\/uploads\/2020\/04\/decorend_reverse.png\" data-orig-src=\"https:\/\/orthodoxalbania.org\/2020\/wp-content\/uploads\/2020\/04\/decorend_reverse.png\" alt class=\"lazyload img-responsive wp-image-22748\" srcset=\"data:image\/svg+xml,%3Csvg%20xmlns%3D%27http%3A%2F%2Fwww.w3.org%2F2000%2Fsvg%27%20width%3D%27400%27%20height%3D%2723%27%20viewBox%3D%270%200%20400%2023%27%3E%3Crect%20width%3D%27400%27%20height%3D%2723%27%20fill-opacity%3D%220%22%2F%3E%3C%2Fsvg%3E\" data-srcset=\"https:\/\/orthodoxalbania.org\/2020\/wp-content\/uploads\/2020\/04\/decorend_reverse-200x12.png 200w, https:\/\/orthodoxalbania.org\/2020\/wp-content\/uploads\/2020\/04\/decorend_reverse.png 400w\" data-sizes=\"auto\" data-orig-sizes=\"(max-width: 800px) 100vw, 400px\" \/><\/span><\/div><div class=\"fusion-recent-posts fusion-recent-posts-5 avada-container layout-default layout-columns-1 fusion-recent-posts-center\"><section class=\"fusion-columns columns fusion-columns-1 columns-1\"><article class=\"post fusion-column column col col-lg-12 col-md-12 col-sm-12\"><div class=\"recent-posts-content\"><span class=\"vcard\" style=\"display: none;\"><span class=\"fn\"><a href=\"https:\/\/orthodoxalbania.org\/2020\/author\/giokashar\/\" title=\"Posts by Kisha Orthodhokse\" rel=\"author\">Kisha Orthodhokse<\/a><\/span><\/span><span class=\"updated\" style=\"display:none;\">2020-05-02T23:34:39+02:00<\/span><h4 class=\"entry-title\"><a href=\"https:\/\/orthodoxalbania.org\/2020\/2020\/04\/30\/zbulesa-2\/\">Zbulesa<\/a><\/h4><\/div><\/article><\/section><\/div><div class=\"fusion-image-element fusion-image-align-center in-legacy-container\" style=\"text-align:center;--awb-caption-title-font-family:var(--h2_typography-font-family);--awb-caption-title-font-weight:var(--h2_typography-font-weight);--awb-caption-title-font-style:var(--h2_typography-font-style);--awb-caption-title-size:var(--h2_typography-font-size);--awb-caption-title-transform:var(--h2_typography-text-transform);--awb-caption-title-line-height:var(--h2_typography-line-height);--awb-caption-title-letter-spacing:var(--h2_typography-letter-spacing);\"><div class=\"imageframe-align-center\"><span class=\" fusion-imageframe imageframe-none imageframe-42 hover-type-none\"><img decoding=\"async\" width=\"300\" height=\"97\" title=\"Peacocks_in_Attraction\" src=\"https:\/\/orthodoxalbania.org\/2020\/wp-content\/uploads\/2020\/04\/PC_35_H_Peacocks_in_Attraction_vectorized.png\" data-orig-src=\"https:\/\/orthodoxalbania.org\/2020\/wp-content\/uploads\/2020\/04\/PC_35_H_Peacocks_in_Attraction_vectorized-300x97.png\" alt class=\"lazyload img-responsive wp-image-22806\" srcset=\"data:image\/svg+xml,%3Csvg%20xmlns%3D%27http%3A%2F%2Fwww.w3.org%2F2000%2Fsvg%27%20width%3D%27700%27%20height%3D%27226%27%20viewBox%3D%270%200%20700%20226%27%3E%3Crect%20width%3D%27700%27%20height%3D%27226%27%20fill-opacity%3D%220%22%2F%3E%3C%2Fsvg%3E\" data-srcset=\"https:\/\/orthodoxalbania.org\/2020\/wp-content\/uploads\/2020\/04\/PC_35_H_Peacocks_in_Attraction_vectorized-200x65.png 200w, https:\/\/orthodoxalbania.org\/2020\/wp-content\/uploads\/2020\/04\/PC_35_H_Peacocks_in_Attraction_vectorized-400x129.png 400w, https:\/\/orthodoxalbania.org\/2020\/wp-content\/uploads\/2020\/04\/PC_35_H_Peacocks_in_Attraction_vectorized-600x194.png 600w, https:\/\/orthodoxalbania.org\/2020\/wp-content\/uploads\/2020\/04\/PC_35_H_Peacocks_in_Attraction_vectorized.png 700w\" data-sizes=\"auto\" data-orig-sizes=\"(max-width: 800px) 100vw, 400px\" \/><\/span><\/div><\/div><div class=\"fusion-clearfix\"><\/div><\/div><\/div><\/div><\/div>\n","protected":false},"excerpt":{"rendered":"","protected":false},"author":1,"featured_media":0,"comment_status":"closed","ping_status":"closed","sticky":false,"template":"","format":"standard","meta":{"_acf_changed":false,"pagelayer_contact_templates":[],"_pagelayer_content":"","inline_featured_image":false,"fifu_image_url":"https:\/\/orthodoxalbania.org\/2020\/wp-content\/uploads\/2020\/04\/decorend_vectorized.png","fifu_image_alt":"","footnotes":""},"categories":[136],"tags":[],"class_list":["post-20221","post","type-post","status-publish","format-standard","hentry","category-dhiata-e-re"],"acf":[],"yoast_head":"<!-- This site is optimized with the Yoast SEO plugin v27.2 - https:\/\/yoast.com\/product\/yoast-seo-wordpress\/ -->\n<title>Veprat e Apostujve - Kisha Orthodh\u03bfkse Autoqefale e Shqip\u00ebris\u00eb<\/title>\n<meta name=\"robots\" content=\"index, follow, max-snippet:-1, max-image-preview:large, max-video-preview:-1\" \/>\n<link rel=\"canonical\" href=\"https:\/\/orthodoxalbania.org\/2020\/2020\/04\/30\/veprat-e-apostujve-2\/\" \/>\n<meta property=\"og:locale\" content=\"en_US\" \/>\n<meta property=\"og:type\" content=\"article\" \/>\n<meta property=\"og:title\" content=\"Veprat e Apostujve - Kisha Orthodh\u03bfkse Autoqefale e Shqip\u00ebris\u00eb\" \/>\n<meta property=\"og:url\" content=\"https:\/\/orthodoxalbania.org\/2020\/2020\/04\/30\/veprat-e-apostujve-2\/\" \/>\n<meta property=\"og:site_name\" content=\"Kisha Orthodh\u03bfkse Autoqefale e Shqip\u00ebris\u00eb\" \/>\n<meta property=\"article:publisher\" content=\"https:\/\/www.facebook.com\/koash1991\" \/>\n<meta property=\"article:published_time\" content=\"2020-04-30T07:00:26+00:00\" \/>\n<meta property=\"article:modified_time\" content=\"2020-05-02T09:22:21+00:00\" \/>\n<meta property=\"og:image\" content=\"https:\/\/orthodoxalbania.org\/2020\/wp-content\/uploads\/2020\/04\/decorend_vectorized.png\" \/>\n<meta name=\"author\" content=\"Kisha Orthodhokse\" \/>\n<meta name=\"twitter:card\" content=\"summary_large_image\" \/>\n<meta name=\"twitter:label1\" content=\"Written by\" \/>\n\t<meta name=\"twitter:data1\" content=\"Kisha Orthodhokse\" \/>\n\t<meta name=\"twitter:label2\" content=\"Est. reading time\" \/>\n\t<meta name=\"twitter:data2\" content=\"177 minutes\" \/>\n<script type=\"application\/ld+json\" class=\"yoast-schema-graph\">{\"@context\":\"https:\/\/schema.org\",\"@graph\":[{\"@type\":\"Article\",\"@id\":\"https:\/\/orthodoxalbania.org\/2020\/2020\/04\/30\/veprat-e-apostujve-2\/#article\",\"isPartOf\":{\"@id\":\"https:\/\/orthodoxalbania.org\/2020\/2020\/04\/30\/veprat-e-apostujve-2\/\"},\"author\":{\"name\":\"Kisha Orthodhokse\",\"@id\":\"https:\/\/orthodoxalbania.org\/2020\/#\/schema\/person\/0c387634a7063ac612d7ed9ce71c7e86\"},\"headline\":\"Veprat e Apostujve\",\"datePublished\":\"2020-04-30T07:00:26+00:00\",\"dateModified\":\"2020-05-02T09:22:21+00:00\",\"mainEntityOfPage\":{\"@id\":\"https:\/\/orthodoxalbania.org\/2020\/2020\/04\/30\/veprat-e-apostujve-2\/\"},\"wordCount\":35337,\"publisher\":{\"@id\":\"https:\/\/orthodoxalbania.org\/2020\/#organization\"},\"image\":{\"@id\":\"https:\/\/orthodoxalbania.org\/2020\/2020\/04\/30\/veprat-e-apostujve-2\/#primaryimage\"},\"thumbnailUrl\":\"https:\/\/orthodoxalbania.org\/2020\/wp-content\/uploads\/2020\/04\/decorend_vectorized.png\",\"articleSection\":[\"Dhjata e Re\"],\"inLanguage\":\"en-US\"},{\"@type\":\"WebPage\",\"@id\":\"https:\/\/orthodoxalbania.org\/2020\/2020\/04\/30\/veprat-e-apostujve-2\/\",\"url\":\"https:\/\/orthodoxalbania.org\/2020\/2020\/04\/30\/veprat-e-apostujve-2\/\",\"name\":\"Veprat e Apostujve - Kisha Orthodh\u03bfkse Autoqefale e Shqip\u00ebris\u00eb\",\"isPartOf\":{\"@id\":\"https:\/\/orthodoxalbania.org\/2020\/#website\"},\"primaryImageOfPage\":{\"@id\":\"https:\/\/orthodoxalbania.org\/2020\/2020\/04\/30\/veprat-e-apostujve-2\/#primaryimage\"},\"image\":{\"@id\":\"https:\/\/orthodoxalbania.org\/2020\/2020\/04\/30\/veprat-e-apostujve-2\/#primaryimage\"},\"thumbnailUrl\":\"https:\/\/orthodoxalbania.org\/2020\/wp-content\/uploads\/2020\/04\/decorend_vectorized.png\",\"datePublished\":\"2020-04-30T07:00:26+00:00\",\"dateModified\":\"2020-05-02T09:22:21+00:00\",\"breadcrumb\":{\"@id\":\"https:\/\/orthodoxalbania.org\/2020\/2020\/04\/30\/veprat-e-apostujve-2\/#breadcrumb\"},\"inLanguage\":\"en-US\",\"potentialAction\":[{\"@type\":\"ReadAction\",\"target\":[\"https:\/\/orthodoxalbania.org\/2020\/2020\/04\/30\/veprat-e-apostujve-2\/\"]}]},{\"@type\":\"ImageObject\",\"inLanguage\":\"en-US\",\"@id\":\"https:\/\/orthodoxalbania.org\/2020\/2020\/04\/30\/veprat-e-apostujve-2\/#primaryimage\",\"url\":\"https:\/\/orthodoxalbania.org\/2020\/wp-content\/uploads\/2020\/04\/decorend_vectorized.png\",\"contentUrl\":\"https:\/\/orthodoxalbania.org\/2020\/wp-content\/uploads\/2020\/04\/decorend_vectorized.png\",\"width\":901,\"height\":52},{\"@type\":\"BreadcrumbList\",\"@id\":\"https:\/\/orthodoxalbania.org\/2020\/2020\/04\/30\/veprat-e-apostujve-2\/#breadcrumb\",\"itemListElement\":[{\"@type\":\"ListItem\",\"position\":1,\"name\":\"Home\",\"item\":\"https:\/\/orthodoxalbania.org\/2020\/\"},{\"@type\":\"ListItem\",\"position\":2,\"name\":\"Veprat e Apostujve\"}]},{\"@type\":\"WebSite\",\"@id\":\"https:\/\/orthodoxalbania.org\/2020\/#website\",\"url\":\"https:\/\/orthodoxalbania.org\/2020\/\",\"name\":\"Kisha Orthodh\u03bfkse Autoqefale e Shqip\u00ebris\u00eb\",\"description\":\"Fqja Zyrtare e Kish\u00ebs Orthodhokse Autoqefale e Shqip\u00ebris\u00eb me lajmet edhe informacionet zyrtare p\u00ebr struktur\u00ebn edhe veprimtarin e saj.\",\"publisher\":{\"@id\":\"https:\/\/orthodoxalbania.org\/2020\/#organization\"},\"potentialAction\":[{\"@type\":\"SearchAction\",\"target\":{\"@type\":\"EntryPoint\",\"urlTemplate\":\"https:\/\/orthodoxalbania.org\/2020\/?s={search_term_string}\"},\"query-input\":{\"@type\":\"PropertyValueSpecification\",\"valueRequired\":true,\"valueName\":\"search_term_string\"}}],\"inLanguage\":\"en-US\"},{\"@type\":\"Organization\",\"@id\":\"https:\/\/orthodoxalbania.org\/2020\/#organization\",\"name\":\"Kisha Orthodhokse Autoqefale e Shqip\u00ebris\u00eb\",\"url\":\"https:\/\/orthodoxalbania.org\/2020\/\",\"logo\":{\"@type\":\"ImageObject\",\"inLanguage\":\"en-US\",\"@id\":\"https:\/\/orthodoxalbania.org\/2020\/#\/schema\/logo\/image\/\",\"url\":\"https:\/\/orthodoxalbania.org\/2020\/wp-content\/uploads\/2020\/05\/albania.jpeg\",\"contentUrl\":\"https:\/\/orthodoxalbania.org\/2020\/wp-content\/uploads\/2020\/05\/albania.jpeg\",\"width\":540,\"height\":540,\"caption\":\"Kisha Orthodhokse Autoqefale e Shqip\u00ebris\u00eb\"},\"image\":{\"@id\":\"https:\/\/orthodoxalbania.org\/2020\/#\/schema\/logo\/image\/\"},\"sameAs\":[\"https:\/\/www.facebook.com\/koash1991\"]},{\"@type\":\"Person\",\"@id\":\"https:\/\/orthodoxalbania.org\/2020\/#\/schema\/person\/0c387634a7063ac612d7ed9ce71c7e86\",\"name\":\"Kisha Orthodhokse\",\"image\":{\"@type\":\"ImageObject\",\"inLanguage\":\"en-US\",\"@id\":\"https:\/\/secure.gravatar.com\/avatar\/596e7c417251e30f2fbb9c00e026fce61a695a00e51c889caded71c96cbbdde5?s=96&d=mm&r=g\",\"url\":\"https:\/\/secure.gravatar.com\/avatar\/596e7c417251e30f2fbb9c00e026fce61a695a00e51c889caded71c96cbbdde5?s=96&d=mm&r=g\",\"contentUrl\":\"https:\/\/secure.gravatar.com\/avatar\/596e7c417251e30f2fbb9c00e026fce61a695a00e51c889caded71c96cbbdde5?s=96&d=mm&r=g\",\"caption\":\"Kisha Orthodhokse\"}}]}<\/script>\n<!-- \/ Yoast SEO plugin. -->","yoast_head_json":{"title":"Veprat e Apostujve - Kisha Orthodh\u03bfkse Autoqefale e Shqip\u00ebris\u00eb","robots":{"index":"index","follow":"follow","max-snippet":"max-snippet:-1","max-image-preview":"max-image-preview:large","max-video-preview":"max-video-preview:-1"},"canonical":"https:\/\/orthodoxalbania.org\/2020\/2020\/04\/30\/veprat-e-apostujve-2\/","og_locale":"en_US","og_type":"article","og_title":"Veprat e Apostujve - Kisha Orthodh\u03bfkse Autoqefale e Shqip\u00ebris\u00eb","og_url":"https:\/\/orthodoxalbania.org\/2020\/2020\/04\/30\/veprat-e-apostujve-2\/","og_site_name":"Kisha Orthodh\u03bfkse Autoqefale e Shqip\u00ebris\u00eb","article_publisher":"https:\/\/www.facebook.com\/koash1991","article_published_time":"2020-04-30T07:00:26+00:00","article_modified_time":"2020-05-02T09:22:21+00:00","og_image":[{"url":"https:\/\/orthodoxalbania.org\/2020\/wp-content\/uploads\/2020\/04\/decorend_vectorized.png","type":"","width":"","height":""}],"author":"Kisha Orthodhokse","twitter_card":"summary_large_image","twitter_misc":{"Written by":"Kisha Orthodhokse","Est. reading time":"177 minutes"},"schema":{"@context":"https:\/\/schema.org","@graph":[{"@type":"Article","@id":"https:\/\/orthodoxalbania.org\/2020\/2020\/04\/30\/veprat-e-apostujve-2\/#article","isPartOf":{"@id":"https:\/\/orthodoxalbania.org\/2020\/2020\/04\/30\/veprat-e-apostujve-2\/"},"author":{"name":"Kisha Orthodhokse","@id":"https:\/\/orthodoxalbania.org\/2020\/#\/schema\/person\/0c387634a7063ac612d7ed9ce71c7e86"},"headline":"Veprat e Apostujve","datePublished":"2020-04-30T07:00:26+00:00","dateModified":"2020-05-02T09:22:21+00:00","mainEntityOfPage":{"@id":"https:\/\/orthodoxalbania.org\/2020\/2020\/04\/30\/veprat-e-apostujve-2\/"},"wordCount":35337,"publisher":{"@id":"https:\/\/orthodoxalbania.org\/2020\/#organization"},"image":{"@id":"https:\/\/orthodoxalbania.org\/2020\/2020\/04\/30\/veprat-e-apostujve-2\/#primaryimage"},"thumbnailUrl":"https:\/\/orthodoxalbania.org\/2020\/wp-content\/uploads\/2020\/04\/decorend_vectorized.png","articleSection":["Dhjata e Re"],"inLanguage":"en-US"},{"@type":"WebPage","@id":"https:\/\/orthodoxalbania.org\/2020\/2020\/04\/30\/veprat-e-apostujve-2\/","url":"https:\/\/orthodoxalbania.org\/2020\/2020\/04\/30\/veprat-e-apostujve-2\/","name":"Veprat e Apostujve - Kisha Orthodh\u03bfkse Autoqefale e Shqip\u00ebris\u00eb","isPartOf":{"@id":"https:\/\/orthodoxalbania.org\/2020\/#website"},"primaryImageOfPage":{"@id":"https:\/\/orthodoxalbania.org\/2020\/2020\/04\/30\/veprat-e-apostujve-2\/#primaryimage"},"image":{"@id":"https:\/\/orthodoxalbania.org\/2020\/2020\/04\/30\/veprat-e-apostujve-2\/#primaryimage"},"thumbnailUrl":"https:\/\/orthodoxalbania.org\/2020\/wp-content\/uploads\/2020\/04\/decorend_vectorized.png","datePublished":"2020-04-30T07:00:26+00:00","dateModified":"2020-05-02T09:22:21+00:00","breadcrumb":{"@id":"https:\/\/orthodoxalbania.org\/2020\/2020\/04\/30\/veprat-e-apostujve-2\/#breadcrumb"},"inLanguage":"en-US","potentialAction":[{"@type":"ReadAction","target":["https:\/\/orthodoxalbania.org\/2020\/2020\/04\/30\/veprat-e-apostujve-2\/"]}]},{"@type":"ImageObject","inLanguage":"en-US","@id":"https:\/\/orthodoxalbania.org\/2020\/2020\/04\/30\/veprat-e-apostujve-2\/#primaryimage","url":"https:\/\/orthodoxalbania.org\/2020\/wp-content\/uploads\/2020\/04\/decorend_vectorized.png","contentUrl":"https:\/\/orthodoxalbania.org\/2020\/wp-content\/uploads\/2020\/04\/decorend_vectorized.png","width":901,"height":52},{"@type":"BreadcrumbList","@id":"https:\/\/orthodoxalbania.org\/2020\/2020\/04\/30\/veprat-e-apostujve-2\/#breadcrumb","itemListElement":[{"@type":"ListItem","position":1,"name":"Home","item":"https:\/\/orthodoxalbania.org\/2020\/"},{"@type":"ListItem","position":2,"name":"Veprat e Apostujve"}]},{"@type":"WebSite","@id":"https:\/\/orthodoxalbania.org\/2020\/#website","url":"https:\/\/orthodoxalbania.org\/2020\/","name":"Kisha Orthodh\u03bfkse Autoqefale e Shqip\u00ebris\u00eb","description":"Fqja Zyrtare e Kish\u00ebs Orthodhokse Autoqefale e Shqip\u00ebris\u00eb me lajmet edhe informacionet zyrtare p\u00ebr struktur\u00ebn edhe veprimtarin e saj.","publisher":{"@id":"https:\/\/orthodoxalbania.org\/2020\/#organization"},"potentialAction":[{"@type":"SearchAction","target":{"@type":"EntryPoint","urlTemplate":"https:\/\/orthodoxalbania.org\/2020\/?s={search_term_string}"},"query-input":{"@type":"PropertyValueSpecification","valueRequired":true,"valueName":"search_term_string"}}],"inLanguage":"en-US"},{"@type":"Organization","@id":"https:\/\/orthodoxalbania.org\/2020\/#organization","name":"Kisha Orthodhokse Autoqefale e Shqip\u00ebris\u00eb","url":"https:\/\/orthodoxalbania.org\/2020\/","logo":{"@type":"ImageObject","inLanguage":"en-US","@id":"https:\/\/orthodoxalbania.org\/2020\/#\/schema\/logo\/image\/","url":"https:\/\/orthodoxalbania.org\/2020\/wp-content\/uploads\/2020\/05\/albania.jpeg","contentUrl":"https:\/\/orthodoxalbania.org\/2020\/wp-content\/uploads\/2020\/05\/albania.jpeg","width":540,"height":540,"caption":"Kisha Orthodhokse Autoqefale e Shqip\u00ebris\u00eb"},"image":{"@id":"https:\/\/orthodoxalbania.org\/2020\/#\/schema\/logo\/image\/"},"sameAs":["https:\/\/www.facebook.com\/koash1991"]},{"@type":"Person","@id":"https:\/\/orthodoxalbania.org\/2020\/#\/schema\/person\/0c387634a7063ac612d7ed9ce71c7e86","name":"Kisha Orthodhokse","image":{"@type":"ImageObject","inLanguage":"en-US","@id":"https:\/\/secure.gravatar.com\/avatar\/596e7c417251e30f2fbb9c00e026fce61a695a00e51c889caded71c96cbbdde5?s=96&d=mm&r=g","url":"https:\/\/secure.gravatar.com\/avatar\/596e7c417251e30f2fbb9c00e026fce61a695a00e51c889caded71c96cbbdde5?s=96&d=mm&r=g","contentUrl":"https:\/\/secure.gravatar.com\/avatar\/596e7c417251e30f2fbb9c00e026fce61a695a00e51c889caded71c96cbbdde5?s=96&d=mm&r=g","caption":"Kisha Orthodhokse"}}]}},"_links":{"self":[{"href":"https:\/\/orthodoxalbania.org\/2020\/wp-json\/wp\/v2\/posts\/20221","targetHints":{"allow":["GET"]}}],"collection":[{"href":"https:\/\/orthodoxalbania.org\/2020\/wp-json\/wp\/v2\/posts"}],"about":[{"href":"https:\/\/orthodoxalbania.org\/2020\/wp-json\/wp\/v2\/types\/post"}],"author":[{"embeddable":true,"href":"https:\/\/orthodoxalbania.org\/2020\/wp-json\/wp\/v2\/users\/1"}],"replies":[{"embeddable":true,"href":"https:\/\/orthodoxalbania.org\/2020\/wp-json\/wp\/v2\/comments?post=20221"}],"version-history":[{"count":9,"href":"https:\/\/orthodoxalbania.org\/2020\/wp-json\/wp\/v2\/posts\/20221\/revisions"}],"predecessor-version":[{"id":55644,"href":"https:\/\/orthodoxalbania.org\/2020\/wp-json\/wp\/v2\/posts\/20221\/revisions\/55644"}],"wp:attachment":[{"href":"https:\/\/orthodoxalbania.org\/2020\/wp-json\/wp\/v2\/media?parent=20221"}],"wp:term":[{"taxonomy":"category","embeddable":true,"href":"https:\/\/orthodoxalbania.org\/2020\/wp-json\/wp\/v2\/categories?post=20221"},{"taxonomy":"post_tag","embeddable":true,"href":"https:\/\/orthodoxalbania.org\/2020\/wp-json\/wp\/v2\/tags?post=20221"}],"curies":[{"name":"wp","href":"https:\/\/api.w.org\/{rel}","templated":true}]}}