{"id":202,"date":"2007-02-26T00:00:00","date_gmt":"2007-02-26T00:00:00","guid":{"rendered":""},"modified":"2020-04-06T22:35:45","modified_gmt":"2020-04-06T20:35:45","slug":"zhvillim-i-metejshem-akademik-dhe-standarde-bashkekohore-nis-viti-i-ri-akademik-ne-institucionet-e-larta-arsimore-te-kishes-sone-tetor-2007","status":"publish","type":"post","link":"https:\/\/orthodoxalbania.org\/2020\/2007\/02\/26\/zhvillim-i-metejshem-akademik-dhe-standarde-bashkekohore-nis-viti-i-ri-akademik-ne-institucionet-e-larta-arsimore-te-kishes-sone-tetor-2007\/","title":{"rendered":"Zhvillim i m\u00ebtejsh\u00ebm akademik dhe standarde bashk\u00ebkohore Nis viti i ri akademik n\u00eb institucionet e larta arsimore t\u00eb Kish\u00ebs son\u00eb. (Tetor 2007)"},"content":{"rendered":"<div style=\"text-align: justify;\"><span style=\"color: #000000; font-family: helvetica;\"><span style=\"font-size: 12px;\"><img decoding=\"async\" class=\"lazyload HAa Eha\" style=\"height: 143px; width: 200px; border-width: 1px; border-style: solid; margin: 10px; float: left;\" alt=\"\" src=\"data:image\/gif;base64,R0lGODlhAQABAAAAACH5BAEKAAEALAAAAAABAAEAAAICTAEAOw==\" data-orig-src=\"https:\/\/lh5.googleusercontent.com\/-QpF0PG8LCcs\/VIrGNiFy30I\/AAAAAAAAG8s\/vO1ICqJ1kDY\/w351-h251-no\/pic1.jpg\" \/><span style=\"font-size: 12pt;\">&nbsp;&nbsp;&nbsp; Akademia Teologjike \u201cNgjallja e Krishtit\u201d n\u00eb sh\u00ebn Vlash, Durr\u00ebs, si dhe Instituti i Formimit Profesional \u201cFryma e Dashuris\u00eb\u201d me qend\u00ebr n\u00eb Tiran\u00eb dhe filialin n\u00eb qendr\u00ebn \u201cEmaus\u201d n\u00eb Gjirokast\u00ebr nis\u00ebn vitin e ri akademik 2007-2008 m\u00eb 1 tetor, duke i pritur student\u00ebt n\u00eb proces t\u00eb rregullt m\u00ebsimor dhe ambiente me kushte bashk\u00ebkohore.<\/span><\/span><\/span><\/div>\n<div style=\"text-align: justify;\"><span style=\"color: #000000; font-family: helvetica; font-size: 12pt;\">&nbsp;&nbsp;&nbsp;&nbsp;&nbsp;&nbsp;&nbsp;&nbsp;&nbsp;&nbsp;&nbsp;&nbsp;&nbsp;&nbsp;&nbsp;<\/span><\/div>\n<div style=\"text-align: justify;\"><span style=\"color: #000000; font-family: helvetica; font-size: 12pt;\"><img decoding=\"async\" class=\"lazyload HAa Eha\" style=\"height: 150px; width: 200px; border-width: 1px; border-style: solid; margin: 10px; float: right;\" alt=\"\" src=\"data:image\/gif;base64,R0lGODlhAQABAAAAACH5BAEKAAEALAAAAAABAAEAAAICTAEAOw==\" data-orig-src=\"https:\/\/lh6.googleusercontent.com\/-ZZ8SsIpwga4\/VIrGNeEcalI\/AAAAAAAAG7w\/dCvjbFUhBZU\/w400-h300-no\/pic2.jpg\" \/>&nbsp;&nbsp; Kryepiskopi Anastas, si themeluesi dhe mb\u00ebshtet\u00ebsi kryesor financiar ka synuar zhvillimin e m\u00ebtejsh\u00ebm t\u00eb programeve m\u00ebsimore me vizionin e rritjes t\u00eb standardeve akademike si dhe plot\u00ebsimin e t\u00eb gjitha kushteve me ambiente dhe staf t\u00eb kualifikuar pedagogjik.<\/span><\/div>\n<div style=\"text-align: justify;\"><span style=\"font-family: helvetica; font-size: 12pt;\"><\/span><\/div>\n<div style=\"text-align: justify;\"><span style=\"color: #000000; font-family: helvetica; font-size: 12pt;\">&nbsp;&nbsp;&nbsp; N\u00eb Akademin\u00eb Teologjike student\u00ebt e ardhur nga qytete t\u00eb ndryshme t\u00eb vendit u ul\u00ebn n\u00eb bankat e \u201cshkoll\u00ebs m\u00eb t\u00eb bukur t\u00eb jet\u00ebs\u201d si\u00e7 e quajti nj\u00eb prej tyre. N\u00eb programin e Akademis\u00eb p\u00ebrfshihen edhe p\u00ebrjetimi liturgjik, duke marr\u00eb pjes\u00eb n\u00eb sh\u00ebrbesat ditore t\u00eb m\u00ebngjesit, t\u00eb mbr\u00ebmjes, t\u00eb pasdark\u00ebs.<\/span><\/div>\n<div style=\"text-align: justify;\"><span style=\"color: #000000; font-family: helvetica; font-size: 12pt;\">&nbsp;&nbsp;&nbsp;&nbsp;&nbsp;&nbsp;&nbsp;&nbsp;&nbsp;&nbsp;&nbsp;&nbsp;&nbsp;&nbsp;&nbsp;<\/span><\/div>\n<div style=\"text-align: justify;\"><span style=\"color: #000000; font-family: helvetica; font-size: 12pt;\">&nbsp;&nbsp;&nbsp; Student\u00ebt do t\u00eb marrin pjes\u00eb gjat\u00eb vitit shkollor, t\u00eb pakt\u00ebn nj\u00eb her\u00eb n\u00eb jav\u00eb, n\u00eb programe t\u00eb gj\u00ebra edukimi, duke p\u00ebrfshir\u00eb dh\u00ebnien e m\u00ebsimeve t\u00eb katekizmit n\u00eb zonat p\u00ebrreth, vizita n\u00eb dy institucione p\u00ebr f\u00ebmij\u00eb me aft\u00ebsi t\u00eb kufizuara, n\u00eb jetimore, n\u00eb shkoll\u00ebn e handikap\u00ebve, n\u00eb nj\u00eb azil pleqsh, n\u00eb spital etj. p\u00ebrkat\u00ebsisht n\u00eb qytetet Durr\u00ebs, Kavaj\u00eb, Tiran\u00eb.<\/span><\/div>\n<div style=\"text-align: justify;\"><span style=\"font-family: helvetica; font-size: 12pt;\"><\/span><\/div>\n<div style=\"text-align: justify;\"><span style=\"color: #000000; font-family: helvetica; font-size: 12pt;\"><img decoding=\"async\" class=\"lazyload HAa Eha\" style=\"height: 135px; width: 200px; border-width: 1px; border-style: solid; margin: 10px; float: left;\" alt=\"\" src=\"data:image\/gif;base64,R0lGODlhAQABAAAAACH5BAEKAAEALAAAAAABAAEAAAICTAEAOw==\" data-orig-src=\"https:\/\/lh3.googleusercontent.com\/-LioyBZ_dXnY\/VIrGNlo4f1I\/AAAAAAAAG8g\/MD8ZEcKwYUU\/w350-h236-no\/pic3.jpg\" \/>&nbsp;&nbsp;&nbsp; <img decoding=\"async\" class=\"lazyload HAa Eha\" style=\"height: 150px; width: 200px; border-width: 1px; border-style: solid; margin: 10px; float: right;\" alt=\"\" src=\"data:image\/gif;base64,R0lGODlhAQABAAAAACH5BAEKAAEALAAAAAABAAEAAAICTAEAOw==\" data-orig-src=\"https:\/\/lh3.googleusercontent.com\/-7_-Nn7RY5AQ\/VIrGN_WrNoI\/AAAAAAAAG8c\/zln7UEX_PVY\/w400-h300-no\/pic4.jpg\" \/>P\u00ebrmes k\u00ebsaj veprimtarie t\u00eb pasur, ata marrin formim shpirt\u00ebror dhe akademik n\u00ebp\u00ebrmjet studimeve teologjike, p\u00ebrjetimit liturgjik dhe jetes\u00ebs n\u00eb komunitet. K\u00ebt\u00eb vit pritet t\u00eb rritet edhe numri i librave n\u00eb bibliotek\u00ebn q\u00eb aktualisht ka m\u00eb shum\u00eb se 15.000 libra fetar\u00eb, shkencor\u00eb, historik\u00eb, letrar\u00eb etj.<\/span><\/div>\n<div style=\"text-align: justify;\"><span style=\"color: #000000; font-family: helvetica; font-size: 12pt;\">&nbsp;&nbsp;&nbsp;&nbsp;&nbsp;&nbsp;&nbsp;&nbsp;&nbsp;&nbsp;&nbsp;&nbsp;&nbsp;&nbsp;&nbsp;<\/span><\/div>\n<div style=\"text-align: justify;\"><span style=\"color: #000000; font-family: helvetica; font-size: 12pt;\">&nbsp;&nbsp;&nbsp; Akademia konsiderohet institucioni m\u00eb i r\u00ebnd\u00ebsish\u00ebm i Kish\u00ebs son\u00eb, duke p\u00ebrgatitur kuadrot e rinj n\u00eb radh\u00ebt e klerit dhe pun\u00ebtor\u00ebve t\u00eb tjer\u00eb n\u00eb \u201cvreshtin e Zotit\u201d.<\/span><\/div>\n<div style=\"text-align: justify;\"><span style=\"font-family: helvetica; font-size: 12pt;\"><\/span><\/div>\n<div style=\"text-align: justify;\"><span style=\"color: #000000; font-family: helvetica; font-size: 12pt;\">&nbsp;&nbsp;&nbsp; Deri n\u00eb vitin 2006 kan\u00eb p\u00ebrfunduar studimet n\u00eb k\u00ebt\u00eb Akademi 193 student\u00eb, 125 prej t\u00eb cil\u00ebve jan\u00eb b\u00ebr\u00eb klerik\u00eb, nd\u00ebrsa t\u00eb tjer\u00ebt sh\u00ebrbejn\u00eb n\u00eb sektor\u00eb t\u00eb ndrysh\u00ebm dhe aktivitetet e larmishme t\u00eb Kish\u00ebs. N\u00eb Akademi japin m\u00ebsim rreth 20 pedagog\u00eb, klerik\u00eb e laik\u00eb, burra e gra, nga Shqip\u00ebria, Greqia dhe Shtetet e Bashkuara t\u00eb Amerik\u00ebs.<\/span><\/div>\n<div style=\"text-align: justify;\"><span style=\"color: #000000; font-family: helvetica; font-size: 12pt;\">&nbsp;&nbsp;&nbsp;&nbsp;&nbsp;&nbsp;&nbsp;&nbsp;&nbsp;&nbsp;&nbsp;&nbsp;&nbsp;&nbsp;&nbsp;<\/span><\/div>\n<div style=\"text-align: justify;\"><span style=\"color: #000000; font-family: helvetica; font-size: 12pt;\"><img decoding=\"async\" class=\"lazyload HAa Eha\" style=\"height: 150px; width: 200px; border-width: 1px; border-style: solid; margin: 10px; float: left;\" alt=\"\" src=\"data:image\/gif;base64,R0lGODlhAQABAAAAACH5BAEKAAEALAAAAAABAAEAAAICTAEAOw==\" data-orig-src=\"https:\/\/lh6.googleusercontent.com\/-94_qYkiTwsY\/VIrGOJQpjUI\/AAAAAAAAG8Y\/bw5PwIUTiJU\/w400-h300-no\/pic5.jpg\" \/>&nbsp;&nbsp;&nbsp; <img decoding=\"async\" class=\"lazyload HAa Eha\" style=\"height: 150px; width: 200px; border-width: 1px; border-style: solid; margin: 10px; float: right;\" alt=\"\" src=\"data:image\/gif;base64,R0lGODlhAQABAAAAACH5BAEKAAEALAAAAAABAAEAAAICTAEAOw==\" data-orig-src=\"https:\/\/lh4.googleusercontent.com\/-YyGeTtdZ0Xg\/VIrGORTOIDI\/AAAAAAAAG8A\/migobvFWDOg\/w400-h300-no\/pic6.jpg\" \/>Edhe n\u00eb Institutin e Formimit Profesional \u201cFryma e Dashuris\u00eb\u201d n\u00eb Tiran\u00eb, filloi viti i ri akademik me 250 student\u00ebt e deg\u00ebve: Kuad\u00ebr Menaxher, Specialist n\u00eb Llogarit\u00eb e Kompjuterizuara, Informatik\u00eb, Specialist n\u00eb Laborator\u00ebt Mjek\u00ebsor\u00eb, Restaurim dhe Konservim veprash arti, si edhe Ikonografi Bizantine.<\/span><\/div>\n<div style=\"text-align: justify;\"><span style=\"font-family: helvetica; font-size: 12pt;\"><\/span><\/div>\n<div style=\"text-align: justify;\"><span style=\"color: #000000; font-family: helvetica; font-size: 12pt;\">&nbsp;&nbsp;&nbsp; Sipas informacioneve nga ky Institut, i cili funksionon q\u00eb prej shtat\u00eb vjet\u00ebsh, k\u00ebt\u00eb vit jan\u00eb rinovuar programet m\u00ebsimore dhe ambientet. Sistemi i studimeve n\u00eb Institut mb\u00ebshtetet n\u00eb programe m\u00ebsimore t\u00eb standardeve evropiane dhe \u00ebsht\u00eb i nj\u00ebjt\u00eb me programin e shkoll\u00ebs &#8220;Delta&#8221; n\u00eb Greqi dhe t\u00eb simotrave t\u00eb saj n\u00eb vende t\u00eb ndryshme t\u00eb Evrop\u00ebs.<\/span><\/div>\n<div style=\"text-align: justify;\"><span style=\"color: #000000; font-family: helvetica; font-size: 12pt;\">&nbsp;&nbsp;&nbsp;&nbsp;&nbsp;&nbsp;&nbsp;&nbsp;&nbsp;&nbsp;&nbsp;&nbsp;&nbsp;&nbsp;&nbsp;<\/span><\/div>\n<div style=\"text-align: justify;\"><span style=\"color: #000000; font-family: helvetica; font-size: 12pt;\"><img decoding=\"async\" class=\"lazyload HAa Eha\" style=\"height: 150px; width: 200px; border-width: 1px; border-style: solid; margin: 10px; float: left;\" alt=\"\" src=\"data:image\/gif;base64,R0lGODlhAQABAAAAACH5BAEKAAEALAAAAAABAAEAAAICTAEAOw==\" data-orig-src=\"https:\/\/lh3.googleusercontent.com\/-Fs_faglbi9E\/VIrGOpK48mI\/AAAAAAAAG8Q\/sRWI_Ne39ck\/w400-h300-no\/pic7.jpg\" \/>&nbsp;&nbsp;&nbsp; <img decoding=\"async\" class=\"lazyload HAa Eha\" style=\"height: 299px; width: 200px; border-width: 1px; border-style: solid; margin: 10px; float: right;\" alt=\"\" src=\"data:image\/gif;base64,R0lGODlhAQABAAAAACH5BAEKAAEALAAAAAABAAEAAAICTAEAOw==\" data-orig-src=\"https:\/\/lh4.googleusercontent.com\/-AimrQBzh9dQ\/VIrGOyQDb4I\/AAAAAAAAG8M\/-jgmjTVhGh8\/w201-h300-no\/pic8.jpg\" \/>Studimet n\u00eb Institut zgjatin 2 vjet dhe b\u00ebjn\u00eb t\u00eb mundur p\u00ebrgatitjen dhe afirmimin e nj\u00eb brezi t\u00eb ri profesionist\u00ebsh me njohuri bashk\u00ebkohore. Programi m\u00ebsimor i Institutit ofron p\u00ebrve\u00e7 kualifikimit profesional, edhe p\u00ebrvet\u00ebsimin e disa gjuh\u00ebve t\u00eb huaja, si edhe njohuri t\u00eb programeve kompjuterike. Zbatimi i suksessh\u00ebm i programit m\u00ebsimor mb\u00ebshtetet tek stafi pedagogjik i Institutit. Pedagog\u00ebt jan\u00eb t\u00eb zgjedhur, mjaft prej tyre me tituj dhe grada shkencore, si edhe me eksperienc\u00eb n\u00eb m\u00ebsimdh\u00ebnie dhe formim profesional.<\/span><\/div>\n<div style=\"text-align: justify;\"><span style=\"font-family: helvetica; font-size: 12pt;\"><\/span><\/div>\n<div style=\"text-align: justify;\"><span style=\"color: #000000; font-family: helvetica; font-size: 12pt;\">&nbsp;&nbsp;&nbsp; Edhe n\u00eb deg\u00ebn tjet\u00ebr t\u00eb k\u00ebtij Instituti q\u00eb ndodhet n\u00eb qendr\u00ebn \u201cEmaus\u201d, n\u00eb hyrje t\u00eb qytetit t\u00eb Gjirokastr\u00ebs nis\u00ebn studimet 100 student\u00eb t\u00eb viteve t\u00eb para dhe t\u00eb dyta n\u00eb deg\u00ebt: Specialist n\u00eb Llogarit\u00eb e Kompjuterizuara, Administrim Nd\u00ebrmarrjesh, Specialist i Enteve Turistike dhe Informatik\u00eb e Zbatuar. Rreth 30 pedagog\u00eb shqiptar\u00eb dhe t\u00eb huaj japin m\u00ebsim n\u00eb ambientet e reja t\u00eb k\u00ebtij Instituti t\u00eb pajisur me laborator\u00ebt p\u00ebrkat\u00ebs p\u00ebr secil\u00ebn deg\u00eb. P\u00ebrve\u00e7 l\u00ebnd\u00ebve teorike, student\u00ebt ndjekin edhe praktikat m\u00ebsimore, p\u00ebr t\u00eb qen\u00eb t\u00eb aft\u00eb dhe konkurrues n\u00eb tregun e pun\u00ebs n\u00eb p\u00ebrfundim t\u00eb studimeve dyvje\u00e7are.<\/span><\/div>\n<div style=\"text-align: justify;\"><span style=\"font-family: helvetica; font-size: 12pt;\"><\/span><\/div>\n<div style=\"text-align: right;\"><span style=\"color: #000000; font-family: helvetica; font-size: 12pt;\"><strong>Isidor Koti<\/strong><\/span><\/div>\n<div style=\"text-align: justify;\"><span style=\"font-family: helvetica; font-size: 12pt;\"><\/span><\/div>\n<div style=\"text-align: center;\"><span style=\"font-family: helvetica; font-size: 12pt;\"><\/span><\/div>\n<div><span style=\"font-family: helvetica; font-size: 12pt;\"><img decoding=\"async\" class=\"lazyload HAa Eha\" style=\"border-width: 1px; border-style: solid; margin: 10px auto; display: block;\" alt=\"\" src=\"data:image\/gif;base64,R0lGODlhAQABAAAAACH5BAEKAAEALAAAAAABAAEAAAICTAEAOw==\" data-orig-src=\"https:\/\/lh5.googleusercontent.com\/-LugNiimTF_Q\/VIrGPF7BYqI\/AAAAAAAAG8U\/5Ak0DYMV1G0\/w350-h228-no\/pic9.jpg\" \/><\/span><\/div>\n<div style=\"text-align: right;\"><span style=\"font-family: helvetica; font-size: 12pt;\"><img decoding=\"async\" class=\"lazyload HAa Eha\" style=\"border-width: 1px; border-style: solid; margin: 10px auto; display: block;\" alt=\"\" src=\"data:image\/gif;base64,R0lGODlhAQABAAAAACH5BAEKAAEALAAAAAABAAEAAAICTAEAOw==\" data-orig-src=\"https:\/\/lh6.googleusercontent.com\/-pVZE3qYxLFk\/VIrGNVQKy8I\/AAAAAAAAG8k\/-zugJkTuoHo\/w350-h258-no\/pic10.jpg\" \/><\/span><\/div>\n","protected":false},"excerpt":{"rendered":"<p>&nbsp;&nbsp;&nbsp; Akademia Teologjike \u201cNgjallja e Krishtit\u201d n\u00eb sh\u00ebn Vlash, Durr\u00ebs, si dhe Instituti i Formimit Profesional \u201cFryma e Dashuris\u00eb\u201d me qend\u00ebr n\u00eb Tiran\u00eb dhe filialin n\u00eb qendr\u00ebn \u201cEmaus\u201d n\u00eb Gjirokast\u00ebr nis\u00ebn vitin e ri akademik 2007-2008 m\u00eb 1 tetor, duke i pritur student\u00ebt n\u00eb proces t\u00eb rregullt m\u00ebsimor dhe ambiente me kushte bashk\u00ebkohore. &nbsp;&nbsp;&nbsp;&nbsp;&nbsp;&nbsp;&nbsp;&nbsp;&nbsp;&nbsp;&nbsp;&nbsp;&nbsp;&nbsp;&nbsp; &nbsp;&nbsp; Kryepiskopi Anastas, si themeluesi dhe mb\u00ebshtet\u00ebsi kryesor financiar ka synuar<\/p>\n","protected":false},"author":1,"featured_media":0,"comment_status":"open","ping_status":"open","sticky":false,"template":"","format":"standard","meta":{"_acf_changed":false,"pagelayer_contact_templates":[],"_pagelayer_content":"","inline_featured_image":false,"fifu_image_url":"","fifu_image_alt":"","footnotes":""},"categories":[108],"tags":[147,169,196,212,195],"class_list":["post-202","post","type-post","status-publish","format-standard","hentry","category-lajme","tag-147","tag-akademia-teologjike","tag-tirane","tag-lajme-d27","tag-universiteti-logos"],"acf":[],"yoast_head":"<!-- This site is optimized with the Yoast SEO plugin v27.2 - https:\/\/yoast.com\/product\/yoast-seo-wordpress\/ -->\n<title>Zhvillim i m\u00ebtejsh\u00ebm akademik dhe standarde bashk\u00ebkohore Nis viti i ri akademik n\u00eb institucionet e larta arsimore t\u00eb Kish\u00ebs son\u00eb. (Tetor 2007) - Kisha Orthodh\u03bfkse Autoqefale e Shqip\u00ebris\u00eb<\/title>\n<meta name=\"robots\" content=\"index, follow, max-snippet:-1, max-image-preview:large, max-video-preview:-1\" \/>\n<link rel=\"canonical\" href=\"https:\/\/orthodoxalbania.org\/2020\/2007\/02\/26\/zhvillim-i-metejshem-akademik-dhe-standarde-bashkekohore-nis-viti-i-ri-akademik-ne-institucionet-e-larta-arsimore-te-kishes-sone-tetor-2007\/\" \/>\n<meta property=\"og:locale\" content=\"en_US\" \/>\n<meta property=\"og:type\" content=\"article\" \/>\n<meta property=\"og:title\" content=\"Zhvillim i m\u00ebtejsh\u00ebm akademik dhe standarde bashk\u00ebkohore Nis viti i ri akademik n\u00eb institucionet e larta arsimore t\u00eb Kish\u00ebs son\u00eb. (Tetor 2007) - Kisha Orthodh\u03bfkse Autoqefale e Shqip\u00ebris\u00eb\" \/>\n<meta property=\"og:description\" content=\"&nbsp;&nbsp;&nbsp; Akademia Teologjike \u201cNgjallja e Krishtit\u201d n\u00eb sh\u00ebn Vlash, Durr\u00ebs, si dhe Instituti i Formimit Profesional \u201cFryma e Dashuris\u00eb\u201d me qend\u00ebr n\u00eb Tiran\u00eb dhe filialin n\u00eb qendr\u00ebn \u201cEmaus\u201d n\u00eb Gjirokast\u00ebr nis\u00ebn vitin e ri akademik 2007-2008 m\u00eb 1 tetor, duke i pritur student\u00ebt n\u00eb proces t\u00eb rregullt m\u00ebsimor dhe ambiente me kushte bashk\u00ebkohore. &nbsp;&nbsp;&nbsp;&nbsp;&nbsp;&nbsp;&nbsp;&nbsp;&nbsp;&nbsp;&nbsp;&nbsp;&nbsp;&nbsp;&nbsp; &nbsp;&nbsp; Kryepiskopi Anastas, si themeluesi dhe mb\u00ebshtet\u00ebsi kryesor financiar ka synuar\" \/>\n<meta property=\"og:url\" content=\"https:\/\/orthodoxalbania.org\/2020\/2007\/02\/26\/zhvillim-i-metejshem-akademik-dhe-standarde-bashkekohore-nis-viti-i-ri-akademik-ne-institucionet-e-larta-arsimore-te-kishes-sone-tetor-2007\/\" \/>\n<meta property=\"og:site_name\" content=\"Kisha Orthodh\u03bfkse Autoqefale e Shqip\u00ebris\u00eb\" \/>\n<meta property=\"article:publisher\" content=\"https:\/\/www.facebook.com\/koash1991\" \/>\n<meta property=\"article:published_time\" content=\"2007-02-26T00:00:00+00:00\" \/>\n<meta property=\"article:modified_time\" content=\"2020-04-06T20:35:45+00:00\" \/>\n<meta property=\"og:image\" content=\"https:\/\/lh5.googleusercontent.com\/-QpF0PG8LCcs\/VIrGNiFy30I\/AAAAAAAAG8s\/vO1ICqJ1kDY\/w351-h251-no\/pic1.jpg\" \/>\n<meta name=\"author\" content=\"Kisha Orthodhokse\" \/>\n<meta name=\"twitter:card\" content=\"summary_large_image\" \/>\n<meta name=\"twitter:label1\" content=\"Written by\" \/>\n\t<meta name=\"twitter:data1\" content=\"Kisha Orthodhokse\" \/>\n\t<meta name=\"twitter:label2\" content=\"Est. reading time\" \/>\n\t<meta name=\"twitter:data2\" content=\"4 minutes\" \/>\n<script type=\"application\/ld+json\" class=\"yoast-schema-graph\">{\"@context\":\"https:\/\/schema.org\",\"@graph\":[{\"@type\":\"Article\",\"@id\":\"https:\/\/orthodoxalbania.org\/2020\/2007\/02\/26\/zhvillim-i-metejshem-akademik-dhe-standarde-bashkekohore-nis-viti-i-ri-akademik-ne-institucionet-e-larta-arsimore-te-kishes-sone-tetor-2007\/#article\",\"isPartOf\":{\"@id\":\"https:\/\/orthodoxalbania.org\/2020\/2007\/02\/26\/zhvillim-i-metejshem-akademik-dhe-standarde-bashkekohore-nis-viti-i-ri-akademik-ne-institucionet-e-larta-arsimore-te-kishes-sone-tetor-2007\/\"},\"author\":{\"name\":\"Kisha Orthodhokse\",\"@id\":\"https:\/\/orthodoxalbania.org\/2020\/#\/schema\/person\/0c387634a7063ac612d7ed9ce71c7e86\"},\"headline\":\"Zhvillim i m\u00ebtejsh\u00ebm akademik dhe standarde bashk\u00ebkohore Nis viti i ri akademik n\u00eb institucionet e larta arsimore t\u00eb Kish\u00ebs son\u00eb. (Tetor 2007)\",\"datePublished\":\"2007-02-26T00:00:00+00:00\",\"dateModified\":\"2020-04-06T20:35:45+00:00\",\"mainEntityOfPage\":{\"@id\":\"https:\/\/orthodoxalbania.org\/2020\/2007\/02\/26\/zhvillim-i-metejshem-akademik-dhe-standarde-bashkekohore-nis-viti-i-ri-akademik-ne-institucionet-e-larta-arsimore-te-kishes-sone-tetor-2007\/\"},\"wordCount\":832,\"commentCount\":0,\"publisher\":{\"@id\":\"https:\/\/orthodoxalbania.org\/2020\/#organization\"},\"image\":{\"@id\":\"https:\/\/orthodoxalbania.org\/2020\/2007\/02\/26\/zhvillim-i-metejshem-akademik-dhe-standarde-bashkekohore-nis-viti-i-ri-akademik-ne-institucionet-e-larta-arsimore-te-kishes-sone-tetor-2007\/#primaryimage\"},\"thumbnailUrl\":\"https:\/\/lh5.googleusercontent.com\/-QpF0PG8LCcs\/VIrGNiFy30I\/AAAAAAAAG8s\/vO1ICqJ1kDY\/w351-h251-no\/pic1.jpg\",\"keywords\":[\"2007\",\"Akademia Teologjike\",\"Kryepiskopata Tiran\u00eb\",\"lajme\",\"Universiteti \\\"Logos\\\"\"],\"articleSection\":[\"Lajme\"],\"inLanguage\":\"en-US\"},{\"@type\":\"WebPage\",\"@id\":\"https:\/\/orthodoxalbania.org\/2020\/2007\/02\/26\/zhvillim-i-metejshem-akademik-dhe-standarde-bashkekohore-nis-viti-i-ri-akademik-ne-institucionet-e-larta-arsimore-te-kishes-sone-tetor-2007\/\",\"url\":\"https:\/\/orthodoxalbania.org\/2020\/2007\/02\/26\/zhvillim-i-metejshem-akademik-dhe-standarde-bashkekohore-nis-viti-i-ri-akademik-ne-institucionet-e-larta-arsimore-te-kishes-sone-tetor-2007\/\",\"name\":\"Zhvillim i m\u00ebtejsh\u00ebm akademik dhe standarde bashk\u00ebkohore Nis viti i ri akademik n\u00eb institucionet e larta arsimore t\u00eb Kish\u00ebs son\u00eb. (Tetor 2007) - Kisha Orthodh\u03bfkse Autoqefale e Shqip\u00ebris\u00eb\",\"isPartOf\":{\"@id\":\"https:\/\/orthodoxalbania.org\/2020\/#website\"},\"primaryImageOfPage\":{\"@id\":\"https:\/\/orthodoxalbania.org\/2020\/2007\/02\/26\/zhvillim-i-metejshem-akademik-dhe-standarde-bashkekohore-nis-viti-i-ri-akademik-ne-institucionet-e-larta-arsimore-te-kishes-sone-tetor-2007\/#primaryimage\"},\"image\":{\"@id\":\"https:\/\/orthodoxalbania.org\/2020\/2007\/02\/26\/zhvillim-i-metejshem-akademik-dhe-standarde-bashkekohore-nis-viti-i-ri-akademik-ne-institucionet-e-larta-arsimore-te-kishes-sone-tetor-2007\/#primaryimage\"},\"thumbnailUrl\":\"https:\/\/lh5.googleusercontent.com\/-QpF0PG8LCcs\/VIrGNiFy30I\/AAAAAAAAG8s\/vO1ICqJ1kDY\/w351-h251-no\/pic1.jpg\",\"datePublished\":\"2007-02-26T00:00:00+00:00\",\"dateModified\":\"2020-04-06T20:35:45+00:00\",\"breadcrumb\":{\"@id\":\"https:\/\/orthodoxalbania.org\/2020\/2007\/02\/26\/zhvillim-i-metejshem-akademik-dhe-standarde-bashkekohore-nis-viti-i-ri-akademik-ne-institucionet-e-larta-arsimore-te-kishes-sone-tetor-2007\/#breadcrumb\"},\"inLanguage\":\"en-US\",\"potentialAction\":[{\"@type\":\"ReadAction\",\"target\":[\"https:\/\/orthodoxalbania.org\/2020\/2007\/02\/26\/zhvillim-i-metejshem-akademik-dhe-standarde-bashkekohore-nis-viti-i-ri-akademik-ne-institucionet-e-larta-arsimore-te-kishes-sone-tetor-2007\/\"]}]},{\"@type\":\"ImageObject\",\"inLanguage\":\"en-US\",\"@id\":\"https:\/\/orthodoxalbania.org\/2020\/2007\/02\/26\/zhvillim-i-metejshem-akademik-dhe-standarde-bashkekohore-nis-viti-i-ri-akademik-ne-institucionet-e-larta-arsimore-te-kishes-sone-tetor-2007\/#primaryimage\",\"url\":\"https:\/\/lh5.googleusercontent.com\/-QpF0PG8LCcs\/VIrGNiFy30I\/AAAAAAAAG8s\/vO1ICqJ1kDY\/w351-h251-no\/pic1.jpg\",\"contentUrl\":\"https:\/\/lh5.googleusercontent.com\/-QpF0PG8LCcs\/VIrGNiFy30I\/AAAAAAAAG8s\/vO1ICqJ1kDY\/w351-h251-no\/pic1.jpg\"},{\"@type\":\"BreadcrumbList\",\"@id\":\"https:\/\/orthodoxalbania.org\/2020\/2007\/02\/26\/zhvillim-i-metejshem-akademik-dhe-standarde-bashkekohore-nis-viti-i-ri-akademik-ne-institucionet-e-larta-arsimore-te-kishes-sone-tetor-2007\/#breadcrumb\",\"itemListElement\":[{\"@type\":\"ListItem\",\"position\":1,\"name\":\"Home\",\"item\":\"https:\/\/orthodoxalbania.org\/2020\/\"},{\"@type\":\"ListItem\",\"position\":2,\"name\":\"Zhvillim i m\u00ebtejsh\u00ebm akademik dhe standarde bashk\u00ebkohore Nis viti i ri akademik n\u00eb institucionet e larta arsimore t\u00eb Kish\u00ebs son\u00eb. (Tetor 2007)\"}]},{\"@type\":\"WebSite\",\"@id\":\"https:\/\/orthodoxalbania.org\/2020\/#website\",\"url\":\"https:\/\/orthodoxalbania.org\/2020\/\",\"name\":\"Kisha Orthodh\u03bfkse Autoqefale e Shqip\u00ebris\u00eb\",\"description\":\"Fqja Zyrtare e Kish\u00ebs Orthodhokse Autoqefale e Shqip\u00ebris\u00eb me lajmet edhe informacionet zyrtare p\u00ebr struktur\u00ebn edhe veprimtarin e saj.\",\"publisher\":{\"@id\":\"https:\/\/orthodoxalbania.org\/2020\/#organization\"},\"potentialAction\":[{\"@type\":\"SearchAction\",\"target\":{\"@type\":\"EntryPoint\",\"urlTemplate\":\"https:\/\/orthodoxalbania.org\/2020\/?s={search_term_string}\"},\"query-input\":{\"@type\":\"PropertyValueSpecification\",\"valueRequired\":true,\"valueName\":\"search_term_string\"}}],\"inLanguage\":\"en-US\"},{\"@type\":\"Organization\",\"@id\":\"https:\/\/orthodoxalbania.org\/2020\/#organization\",\"name\":\"Kisha Orthodhokse Autoqefale e Shqip\u00ebris\u00eb\",\"url\":\"https:\/\/orthodoxalbania.org\/2020\/\",\"logo\":{\"@type\":\"ImageObject\",\"inLanguage\":\"en-US\",\"@id\":\"https:\/\/orthodoxalbania.org\/2020\/#\/schema\/logo\/image\/\",\"url\":\"https:\/\/orthodoxalbania.org\/2020\/wp-content\/uploads\/2020\/05\/albania.jpeg\",\"contentUrl\":\"https:\/\/orthodoxalbania.org\/2020\/wp-content\/uploads\/2020\/05\/albania.jpeg\",\"width\":540,\"height\":540,\"caption\":\"Kisha Orthodhokse Autoqefale e Shqip\u00ebris\u00eb\"},\"image\":{\"@id\":\"https:\/\/orthodoxalbania.org\/2020\/#\/schema\/logo\/image\/\"},\"sameAs\":[\"https:\/\/www.facebook.com\/koash1991\"]},{\"@type\":\"Person\",\"@id\":\"https:\/\/orthodoxalbania.org\/2020\/#\/schema\/person\/0c387634a7063ac612d7ed9ce71c7e86\",\"name\":\"Kisha Orthodhokse\",\"image\":{\"@type\":\"ImageObject\",\"inLanguage\":\"en-US\",\"@id\":\"https:\/\/secure.gravatar.com\/avatar\/596e7c417251e30f2fbb9c00e026fce61a695a00e51c889caded71c96cbbdde5?s=96&d=mm&r=g\",\"url\":\"https:\/\/secure.gravatar.com\/avatar\/596e7c417251e30f2fbb9c00e026fce61a695a00e51c889caded71c96cbbdde5?s=96&d=mm&r=g\",\"contentUrl\":\"https:\/\/secure.gravatar.com\/avatar\/596e7c417251e30f2fbb9c00e026fce61a695a00e51c889caded71c96cbbdde5?s=96&d=mm&r=g\",\"caption\":\"Kisha Orthodhokse\"}}]}<\/script>\n<!-- \/ Yoast SEO plugin. -->","yoast_head_json":{"title":"Zhvillim i m\u00ebtejsh\u00ebm akademik dhe standarde bashk\u00ebkohore Nis viti i ri akademik n\u00eb institucionet e larta arsimore t\u00eb Kish\u00ebs son\u00eb. (Tetor 2007) - Kisha Orthodh\u03bfkse Autoqefale e Shqip\u00ebris\u00eb","robots":{"index":"index","follow":"follow","max-snippet":"max-snippet:-1","max-image-preview":"max-image-preview:large","max-video-preview":"max-video-preview:-1"},"canonical":"https:\/\/orthodoxalbania.org\/2020\/2007\/02\/26\/zhvillim-i-metejshem-akademik-dhe-standarde-bashkekohore-nis-viti-i-ri-akademik-ne-institucionet-e-larta-arsimore-te-kishes-sone-tetor-2007\/","og_locale":"en_US","og_type":"article","og_title":"Zhvillim i m\u00ebtejsh\u00ebm akademik dhe standarde bashk\u00ebkohore Nis viti i ri akademik n\u00eb institucionet e larta arsimore t\u00eb Kish\u00ebs son\u00eb. (Tetor 2007) - Kisha Orthodh\u03bfkse Autoqefale e Shqip\u00ebris\u00eb","og_description":"&nbsp;&nbsp;&nbsp; Akademia Teologjike \u201cNgjallja e Krishtit\u201d n\u00eb sh\u00ebn Vlash, Durr\u00ebs, si dhe Instituti i Formimit Profesional \u201cFryma e Dashuris\u00eb\u201d me qend\u00ebr n\u00eb Tiran\u00eb dhe filialin n\u00eb qendr\u00ebn \u201cEmaus\u201d n\u00eb Gjirokast\u00ebr nis\u00ebn vitin e ri akademik 2007-2008 m\u00eb 1 tetor, duke i pritur student\u00ebt n\u00eb proces t\u00eb rregullt m\u00ebsimor dhe ambiente me kushte bashk\u00ebkohore. &nbsp;&nbsp;&nbsp;&nbsp;&nbsp;&nbsp;&nbsp;&nbsp;&nbsp;&nbsp;&nbsp;&nbsp;&nbsp;&nbsp;&nbsp; &nbsp;&nbsp; Kryepiskopi Anastas, si themeluesi dhe mb\u00ebshtet\u00ebsi kryesor financiar ka synuar","og_url":"https:\/\/orthodoxalbania.org\/2020\/2007\/02\/26\/zhvillim-i-metejshem-akademik-dhe-standarde-bashkekohore-nis-viti-i-ri-akademik-ne-institucionet-e-larta-arsimore-te-kishes-sone-tetor-2007\/","og_site_name":"Kisha Orthodh\u03bfkse Autoqefale e Shqip\u00ebris\u00eb","article_publisher":"https:\/\/www.facebook.com\/koash1991","article_published_time":"2007-02-26T00:00:00+00:00","article_modified_time":"2020-04-06T20:35:45+00:00","og_image":[{"url":"https:\/\/lh5.googleusercontent.com\/-QpF0PG8LCcs\/VIrGNiFy30I\/AAAAAAAAG8s\/vO1ICqJ1kDY\/w351-h251-no\/pic1.jpg","type":"","width":"","height":""}],"author":"Kisha Orthodhokse","twitter_card":"summary_large_image","twitter_misc":{"Written by":"Kisha Orthodhokse","Est. reading time":"4 minutes"},"schema":{"@context":"https:\/\/schema.org","@graph":[{"@type":"Article","@id":"https:\/\/orthodoxalbania.org\/2020\/2007\/02\/26\/zhvillim-i-metejshem-akademik-dhe-standarde-bashkekohore-nis-viti-i-ri-akademik-ne-institucionet-e-larta-arsimore-te-kishes-sone-tetor-2007\/#article","isPartOf":{"@id":"https:\/\/orthodoxalbania.org\/2020\/2007\/02\/26\/zhvillim-i-metejshem-akademik-dhe-standarde-bashkekohore-nis-viti-i-ri-akademik-ne-institucionet-e-larta-arsimore-te-kishes-sone-tetor-2007\/"},"author":{"name":"Kisha Orthodhokse","@id":"https:\/\/orthodoxalbania.org\/2020\/#\/schema\/person\/0c387634a7063ac612d7ed9ce71c7e86"},"headline":"Zhvillim i m\u00ebtejsh\u00ebm akademik dhe standarde bashk\u00ebkohore Nis viti i ri akademik n\u00eb institucionet e larta arsimore t\u00eb Kish\u00ebs son\u00eb. (Tetor 2007)","datePublished":"2007-02-26T00:00:00+00:00","dateModified":"2020-04-06T20:35:45+00:00","mainEntityOfPage":{"@id":"https:\/\/orthodoxalbania.org\/2020\/2007\/02\/26\/zhvillim-i-metejshem-akademik-dhe-standarde-bashkekohore-nis-viti-i-ri-akademik-ne-institucionet-e-larta-arsimore-te-kishes-sone-tetor-2007\/"},"wordCount":832,"commentCount":0,"publisher":{"@id":"https:\/\/orthodoxalbania.org\/2020\/#organization"},"image":{"@id":"https:\/\/orthodoxalbania.org\/2020\/2007\/02\/26\/zhvillim-i-metejshem-akademik-dhe-standarde-bashkekohore-nis-viti-i-ri-akademik-ne-institucionet-e-larta-arsimore-te-kishes-sone-tetor-2007\/#primaryimage"},"thumbnailUrl":"https:\/\/lh5.googleusercontent.com\/-QpF0PG8LCcs\/VIrGNiFy30I\/AAAAAAAAG8s\/vO1ICqJ1kDY\/w351-h251-no\/pic1.jpg","keywords":["2007","Akademia Teologjike","Kryepiskopata Tiran\u00eb","lajme","Universiteti \"Logos\""],"articleSection":["Lajme"],"inLanguage":"en-US"},{"@type":"WebPage","@id":"https:\/\/orthodoxalbania.org\/2020\/2007\/02\/26\/zhvillim-i-metejshem-akademik-dhe-standarde-bashkekohore-nis-viti-i-ri-akademik-ne-institucionet-e-larta-arsimore-te-kishes-sone-tetor-2007\/","url":"https:\/\/orthodoxalbania.org\/2020\/2007\/02\/26\/zhvillim-i-metejshem-akademik-dhe-standarde-bashkekohore-nis-viti-i-ri-akademik-ne-institucionet-e-larta-arsimore-te-kishes-sone-tetor-2007\/","name":"Zhvillim i m\u00ebtejsh\u00ebm akademik dhe standarde bashk\u00ebkohore Nis viti i ri akademik n\u00eb institucionet e larta arsimore t\u00eb Kish\u00ebs son\u00eb. (Tetor 2007) - Kisha Orthodh\u03bfkse Autoqefale e Shqip\u00ebris\u00eb","isPartOf":{"@id":"https:\/\/orthodoxalbania.org\/2020\/#website"},"primaryImageOfPage":{"@id":"https:\/\/orthodoxalbania.org\/2020\/2007\/02\/26\/zhvillim-i-metejshem-akademik-dhe-standarde-bashkekohore-nis-viti-i-ri-akademik-ne-institucionet-e-larta-arsimore-te-kishes-sone-tetor-2007\/#primaryimage"},"image":{"@id":"https:\/\/orthodoxalbania.org\/2020\/2007\/02\/26\/zhvillim-i-metejshem-akademik-dhe-standarde-bashkekohore-nis-viti-i-ri-akademik-ne-institucionet-e-larta-arsimore-te-kishes-sone-tetor-2007\/#primaryimage"},"thumbnailUrl":"https:\/\/lh5.googleusercontent.com\/-QpF0PG8LCcs\/VIrGNiFy30I\/AAAAAAAAG8s\/vO1ICqJ1kDY\/w351-h251-no\/pic1.jpg","datePublished":"2007-02-26T00:00:00+00:00","dateModified":"2020-04-06T20:35:45+00:00","breadcrumb":{"@id":"https:\/\/orthodoxalbania.org\/2020\/2007\/02\/26\/zhvillim-i-metejshem-akademik-dhe-standarde-bashkekohore-nis-viti-i-ri-akademik-ne-institucionet-e-larta-arsimore-te-kishes-sone-tetor-2007\/#breadcrumb"},"inLanguage":"en-US","potentialAction":[{"@type":"ReadAction","target":["https:\/\/orthodoxalbania.org\/2020\/2007\/02\/26\/zhvillim-i-metejshem-akademik-dhe-standarde-bashkekohore-nis-viti-i-ri-akademik-ne-institucionet-e-larta-arsimore-te-kishes-sone-tetor-2007\/"]}]},{"@type":"ImageObject","inLanguage":"en-US","@id":"https:\/\/orthodoxalbania.org\/2020\/2007\/02\/26\/zhvillim-i-metejshem-akademik-dhe-standarde-bashkekohore-nis-viti-i-ri-akademik-ne-institucionet-e-larta-arsimore-te-kishes-sone-tetor-2007\/#primaryimage","url":"https:\/\/lh5.googleusercontent.com\/-QpF0PG8LCcs\/VIrGNiFy30I\/AAAAAAAAG8s\/vO1ICqJ1kDY\/w351-h251-no\/pic1.jpg","contentUrl":"https:\/\/lh5.googleusercontent.com\/-QpF0PG8LCcs\/VIrGNiFy30I\/AAAAAAAAG8s\/vO1ICqJ1kDY\/w351-h251-no\/pic1.jpg"},{"@type":"BreadcrumbList","@id":"https:\/\/orthodoxalbania.org\/2020\/2007\/02\/26\/zhvillim-i-metejshem-akademik-dhe-standarde-bashkekohore-nis-viti-i-ri-akademik-ne-institucionet-e-larta-arsimore-te-kishes-sone-tetor-2007\/#breadcrumb","itemListElement":[{"@type":"ListItem","position":1,"name":"Home","item":"https:\/\/orthodoxalbania.org\/2020\/"},{"@type":"ListItem","position":2,"name":"Zhvillim i m\u00ebtejsh\u00ebm akademik dhe standarde bashk\u00ebkohore Nis viti i ri akademik n\u00eb institucionet e larta arsimore t\u00eb Kish\u00ebs son\u00eb. (Tetor 2007)"}]},{"@type":"WebSite","@id":"https:\/\/orthodoxalbania.org\/2020\/#website","url":"https:\/\/orthodoxalbania.org\/2020\/","name":"Kisha Orthodh\u03bfkse Autoqefale e Shqip\u00ebris\u00eb","description":"Fqja Zyrtare e Kish\u00ebs Orthodhokse Autoqefale e Shqip\u00ebris\u00eb me lajmet edhe informacionet zyrtare p\u00ebr struktur\u00ebn edhe veprimtarin e saj.","publisher":{"@id":"https:\/\/orthodoxalbania.org\/2020\/#organization"},"potentialAction":[{"@type":"SearchAction","target":{"@type":"EntryPoint","urlTemplate":"https:\/\/orthodoxalbania.org\/2020\/?s={search_term_string}"},"query-input":{"@type":"PropertyValueSpecification","valueRequired":true,"valueName":"search_term_string"}}],"inLanguage":"en-US"},{"@type":"Organization","@id":"https:\/\/orthodoxalbania.org\/2020\/#organization","name":"Kisha Orthodhokse Autoqefale e Shqip\u00ebris\u00eb","url":"https:\/\/orthodoxalbania.org\/2020\/","logo":{"@type":"ImageObject","inLanguage":"en-US","@id":"https:\/\/orthodoxalbania.org\/2020\/#\/schema\/logo\/image\/","url":"https:\/\/orthodoxalbania.org\/2020\/wp-content\/uploads\/2020\/05\/albania.jpeg","contentUrl":"https:\/\/orthodoxalbania.org\/2020\/wp-content\/uploads\/2020\/05\/albania.jpeg","width":540,"height":540,"caption":"Kisha Orthodhokse Autoqefale e Shqip\u00ebris\u00eb"},"image":{"@id":"https:\/\/orthodoxalbania.org\/2020\/#\/schema\/logo\/image\/"},"sameAs":["https:\/\/www.facebook.com\/koash1991"]},{"@type":"Person","@id":"https:\/\/orthodoxalbania.org\/2020\/#\/schema\/person\/0c387634a7063ac612d7ed9ce71c7e86","name":"Kisha Orthodhokse","image":{"@type":"ImageObject","inLanguage":"en-US","@id":"https:\/\/secure.gravatar.com\/avatar\/596e7c417251e30f2fbb9c00e026fce61a695a00e51c889caded71c96cbbdde5?s=96&d=mm&r=g","url":"https:\/\/secure.gravatar.com\/avatar\/596e7c417251e30f2fbb9c00e026fce61a695a00e51c889caded71c96cbbdde5?s=96&d=mm&r=g","contentUrl":"https:\/\/secure.gravatar.com\/avatar\/596e7c417251e30f2fbb9c00e026fce61a695a00e51c889caded71c96cbbdde5?s=96&d=mm&r=g","caption":"Kisha Orthodhokse"}}]}},"_links":{"self":[{"href":"https:\/\/orthodoxalbania.org\/2020\/wp-json\/wp\/v2\/posts\/202","targetHints":{"allow":["GET"]}}],"collection":[{"href":"https:\/\/orthodoxalbania.org\/2020\/wp-json\/wp\/v2\/posts"}],"about":[{"href":"https:\/\/orthodoxalbania.org\/2020\/wp-json\/wp\/v2\/types\/post"}],"author":[{"embeddable":true,"href":"https:\/\/orthodoxalbania.org\/2020\/wp-json\/wp\/v2\/users\/1"}],"replies":[{"embeddable":true,"href":"https:\/\/orthodoxalbania.org\/2020\/wp-json\/wp\/v2\/comments?post=202"}],"version-history":[{"count":1,"href":"https:\/\/orthodoxalbania.org\/2020\/wp-json\/wp\/v2\/posts\/202\/revisions"}],"predecessor-version":[{"id":15754,"href":"https:\/\/orthodoxalbania.org\/2020\/wp-json\/wp\/v2\/posts\/202\/revisions\/15754"}],"wp:attachment":[{"href":"https:\/\/orthodoxalbania.org\/2020\/wp-json\/wp\/v2\/media?parent=202"}],"wp:term":[{"taxonomy":"category","embeddable":true,"href":"https:\/\/orthodoxalbania.org\/2020\/wp-json\/wp\/v2\/categories?post=202"},{"taxonomy":"post_tag","embeddable":true,"href":"https:\/\/orthodoxalbania.org\/2020\/wp-json\/wp\/v2\/tags?post=202"}],"curies":[{"name":"wp","href":"https:\/\/api.w.org\/{rel}","templated":true}]}}