{"id":2014,"date":"1991-09-13T11:50:20","date_gmt":"1991-09-13T09:50:20","guid":{"rendered":""},"modified":"2021-11-15T01:13:45","modified_gmt":"2021-11-15T00:13:45","slug":"katekizmi-i-krishtere-orthodhoks","status":"publish","type":"post","link":"https:\/\/orthodoxalbania.org\/2020\/1991\/09\/13\/katekizmi-i-krishtere-orthodhoks\/","title":{"rendered":"Katekizmi i krishter\u00eb orthodhoks"},"content":{"rendered":"<p style=\"text-align: justify;\"><span style=\"color: #000000; font-size: 12pt;\"><span style=\"font-family: verdana,geneva,sans-serif; line-height: 1.5;\"><span style=\"font-family: helvetica;\">\u00a0<\/span><\/span><\/span><\/p>\n<h3 style=\"text-align: center;\"><span class=\"ez-toc-section\" id=\"_Katekizmi_i_krishtere_orthodhoks\"><\/span><strong>\u00a0 Katekizmi i krishter\u00eb orthodhoks<\/strong><span class=\"ez-toc-section-end\"><\/span><\/h3>\n<p>&nbsp;<\/p>\n<p><span style=\"line-height: 1.5;\"><img decoding=\"async\" class=\"lazyload alignleft\" style=\"float: left; height: 225px; width: 300px; margin: 15px; border-width: 1px; border-style: solid;\" src=\"data:image\/gif;base64,R0lGODlhAQABAAAAACH5BAEKAAEALAAAAAABAAEAAAICTAEAOw==\" data-orig-src=\"https:\/\/lh6.googleusercontent.com\/-EyoL3_YsKiM\/UButZqcIPUI\/AAAAAAAAAsQ\/UOxWJoriAaI\/s720\/FILE1117.jpeg\" alt=\"\" \/><\/span><\/p>\n<p style=\"text-align: justify;\">\u00a0 \u00a0 Katekizmi \u00ebsht\u00eb m\u00ebsimi sistematik p\u00ebr njohjen e besimit t\u00eb krishter\u00eb dhe formimit n\u00eb jet\u00ebn e re m\u00eb Krishtin.\u00a0 Me an\u00eb t\u00eb tij Kisha p\u00ebrpiqet t\u00eb ushqej\u00eb dhe t\u00eb nd\u00ebrgjegj\u00ebsoj\u00eb an\u00ebtar\u00ebt e saj n\u00eb vepr\u00ebn shp\u00ebtimtare t\u00eb Krishtit, n\u00eb Lajmin e Mir\u00eb t\u00eb saj.<\/p>\n<p style=\"text-align: justify;\">\u00a0\u00a0\u00a0 Q\u00eb n\u00eb vitet e para t\u00eb riorganizimit kishtar, 1991 e n\u00eb vazhdim, n\u00ebn drejtimin e Kryepiskopit Anastas, qindra e mij\u00ebra t\u00eb krishter\u00eb orthodhoks\u00eb n\u00eb mbar\u00eb vendin nis\u00ebn t\u00eb katekizoheshin me d\u00ebshir\u00ebn e zjarrt\u00eb t\u00eb besimit t\u00eb munguar prej shum\u00eb vitesh. Katekizmi filloi t\u00eb zhvillohej, me takime t\u00eb rregullta dhe spontane, n\u00eb natyr\u00eb, n\u00eb rr\u00ebnojat e kishave t\u00eb vjetra, por edhe n\u00eb kishat q\u00eb i kishin shp\u00ebtuar shkat\u00ebrrimit, n\u00eb sht\u00ebpit\u00eb e besimtar\u00ebve ose jasht\u00eb n\u00eb oborret e tyre, n\u00eb biseda, n\u00eb emisionet e para televizive rreth besimit etj.<\/p>\n<p style=\"text-align: justify;\">\u00a0\u00a0\u00a0 Veprimtaria katekizuese nisi n\u00eb m\u00ebnyr\u00eb t\u00eb organizuar pik\u00ebrisht n\u00eb vendin ku filloi edhe shkat\u00ebrrimi i kishave nga ateizmi gjat\u00eb periudh\u00ebs komuniste, n\u00eb rr\u00ebnojat e Manastirit t\u00eb Sh\u00ebn Vlashit, pran\u00eb qytetit t\u00eb Durr\u00ebsit. Kontributin kryesor n\u00eb fillimet e saj e dhan\u00eb bashk\u00ebpun\u00ebtor\u00ebt misionar\u00eb (klerik\u00eb e laik\u00eb), fillimisht n\u00eb Kryepiskopat\u00ebn e Tiran\u00ebs, rreth t\u00eb cil\u00ebve u mblodh\u00ebn t\u00eb rinj, burra e gra t\u00eb zellsh\u00ebm orthodhoks\u00eb. N\u00eb vazhdim u hartua program i posa\u00e7\u00ebm katekizues si dhe filloi trajnimi i grupeve t\u00eb para katekizuese p\u00ebr t\u2019i angazhuar ata me sa t\u00eb mundnin n\u00eb disa qytete e fshatra t\u00eb vendit, fillimisht n\u00eb Dioqez\u00ebn e Tiran\u00ebs, t\u00eb Beratit, e n\u00eb vazhdim at\u00eb t\u00eb Kor\u00e7\u00ebs dhe t\u00eb Gjirokastr\u00ebs. Bashk\u00ebpun\u00ebtor\u00eb dhe protagonist\u00eb n\u00eb k\u00ebt\u00eb vep\u00ebr katekizuese ishin nj\u00ebkoh\u00ebsisht edhe klerik\u00ebt e rinj dhe student\u00ebt e at\u00ebhersh\u00ebm q\u00eb studionin n\u00eb Seminarin Hieratik-Teologjik n\u00eb Durr\u00ebs si edhe besimtar\u00eb vullnetar\u00eb me mosh\u00eb dhe profesione t\u00eb ndryshme.<\/p>\n<p style=\"text-align: justify;\">\u00a0\u00a0\u00a0 Kuptohet q\u00eb m\u00ebsimet ishin t\u00eb thjeshta, shpjeguese, ungjill\u00ebzuese p\u00ebr besimin e krishter\u00eb orthodhoks, nd\u00ebrsa t\u00eb katekizuarit, duke ndar\u00eb p\u00ebrvoj\u00ebn e besimit q\u00eb po p\u00ebrjetonin, shum\u00eb shpejt u pag\u00ebzuan. Pas 25 vjet\u00ebsh err\u00ebsire, pag\u00ebzimet po b\u00ebheshin publikisht dhe n\u00eb mas\u00eb. Kjo ngjante me th\u00ebnien e profetit Isaia: \u201cPopulli q\u00eb gjendej n\u00eb err\u00ebsir\u00eb pa nj\u00eb drit\u00eb t\u00eb madhe, atyre q\u00eb banonin n\u00eb krahin\u00ebn e hijes s\u00eb vdekjes, u lindi drita\u201d (Is.9:1). Kjo veprimtari katekizuese vazhdoi pa nd\u00ebrprerje dhe me frym\u00ebn misionare duke shkuar vend m\u00eb vend, duke katekizuar e pag\u00ebzuar me hirin e Per\u00ebndis\u00eb, f\u00ebmij\u00eb, t\u00eb rinj, t\u00eb rritur dhe t\u00eb moshuar.<\/p>\n<p style=\"text-align: justify;\">\u00a0\u00a0\u00a0 Kuptohet q\u00eb kjo vep\u00ebr e madhe u mb\u00ebshtet te kuadrot me arsim dhe formim teologjik dhe zell apostolik. Kryepiskopi Anastas q\u00eb n\u00eb vitin 1992, hapi Seminarin Hieratik-Teologjik n\u00eb Durr\u00ebs (m\u00eb von\u00eb Akademia Teologjike \u201cNgjallja e Krishtit\u201d n\u00eb Sh\u00ebn Vlash t\u00eb Durr\u00ebsit), duke p\u00ebrb\u00ebr\u00eb institucionin e vet\u00ebm p\u00ebr krijimin dhe formimin e kuadrove me formim dhe edukim teologjik, duke i shtuar dhe i shp\u00ebrndar\u00eb n\u00eb t\u00eb gjith\u00eb Shqip\u00ebrin\u00eb, dhe si rrjedhoj\u00eb, duke e themeluar, fuqizuar dhe zgjeruar k\u00ebt\u00eb vep\u00ebr. Deri n\u00eb vitin 2010 nga kjo shkoll\u00eb studiuan 240 student\u00eb, ku 160 prej tyre u b\u00ebn\u00eb klerik\u00eb. Nga viti 1997 filluan t\u00eb studiojn\u00eb edhe vajza, q\u00eb do t\u00eb sh\u00ebrbenin n\u00eb vepr\u00ebn katekizuese t\u00eb Kish\u00ebs. N\u00eb k\u00ebt\u00eb m\u00ebnyr\u00eb, t\u00eb gjith\u00eb student\u00ebt dhe t\u00eb diplomuarit e k\u00ebsaj shkolle, si klerik\u00eb ashtu edhe laik\u00eb (meshkuj e femra), merreshin me katekiz\u00ebm, t\u00eb ndihmuar edhe nga besimtar\u00eb vullnetar\u00eb (f\u00ebmij\u00eb, t\u00eb rinj, t\u00eb rritur, gra e burra, t\u00eb profesioneve t\u00eb ndryshme).<\/p>\n<p style=\"text-align: justify;\">\u00a0\u00a0\u00a0 N\u00eb vazhdim, krijimi i kuadrove p\u00ebrmir\u00ebsoi kushtet p\u00ebr organizimin dhe zhvillimin e m\u00ebtejsh\u00ebm t\u00eb katekizmit, duke zgjeruar dhe trajnuar personelin q\u00eb do t\u00eb p\u00ebrfshihet n\u00eb zyra t\u00eb ve\u00e7anta koordinuese si: <a href=\"http:\/\/www.pemaejetes.com\/\" target=\"_blank\" rel=\"noopener noreferrer\">Zyra e F\u00ebmij\u00ebve<\/a>, \u00a0<a href=\"https:\/\/www.facebook.com\/zyra.ekatekizmit\/\" target=\"_blank\" rel=\"noopener noreferrer\">Zyra e Katekizmit<\/a>, \u00a0<a href=\"https:\/\/www.facebook.com\/rinia.tirane\/\" target=\"_blank\" rel=\"noopener noreferrer\">Zyra e Rinis\u00eb<\/a>, \u00a0<a href=\"https:\/\/www.facebook.com\/studentkoash\/\" target=\"_blank\" rel=\"noopener noreferrer\">Qendra Studentore<\/a> dhe \u00a0<a href=\"https:\/\/www.facebook.com\/prashqevi.gega\/?hc_ref=ARQzyxWKiamOt1vjOCxPCablXCtv2r_PJh6t98iBEuX4oORBfQyO-ZbiGi85uwSDqGA\" target=\"_blank\" rel=\"noopener noreferrer\">Zyra e Grave<\/a>, por edhe student\u00ebt e\u00a0 <a href=\"https:\/\/www.facebook.com\/akademia.teologjike\/\">Akademis\u00eb Teologjike &#8220;Ngjallja e Krishtit&#8221;<\/a>,\u00a0 n\u00eb Sh\u00ebn Vlash t\u00eb Durr\u00ebsit.<\/p>\n<p style=\"text-align: justify;\"><strong>\u00a0\u00a0\u00a0<\/strong><\/p>\n<h4 style=\"text-align: center;\"><span class=\"ez-toc-section\" id=\"Zyra_e_Katekizmit\"><\/span><strong> Zyra e Katekizmit<\/strong><span class=\"ez-toc-section-end\"><\/span><\/h4>\n<p style=\"text-align: justify;\"><strong>\u00a0\u00a0\u00a0 <\/strong>N\u00eb vitin 2001 u krijua Zyra Qendrore e Katekizmit. Puna e saj \u00ebsht\u00eb mjaft e gjer\u00eb dhe e r\u00ebnd\u00ebsishme, e cila p\u00ebrve\u00e7 pun\u00ebs katekizuese me shum\u00eb grupe t\u00eb ngritura t\u00eb katekizmit me f\u00ebmij\u00eb, t\u00eb rinj e t\u00eb rritur ka edhe nj\u00eb vizion t\u00eb qart\u00eb misionar rreth nevojave q\u00eb paraqet kjo vep\u00ebr n\u00eb zona t\u00eb ndryshme t\u00eb vendit, jo vet\u00ebm duke ofruar ndihm\u00ebn e nevojshme, por edhe ngritjen dhe koordinimin e grupeve t\u00eb reja.<\/p>\n<p style=\"text-align: justify;\">\u00a0\u00a0\u00a0 Zyra e Katekizmit bashk\u00ebpunon ngusht\u00eb me klerik\u00ebt, me Zyrat e Rinis\u00eb, t\u00eb F\u00ebmij\u00ebve, Qendr\u00ebn Studentore, Zyr\u00ebn e Grave dhe Akademin\u00eb Teologjike, duke ndihmuar dhe mb\u00ebshtetur secilin n\u00eb vepr\u00ebn p\u00ebrkat\u00ebse katekizuese si dhe duke krijuar programe t\u00eb p\u00ebrbashk\u00ebta.<\/p>\n<p style=\"text-align: justify;\">\u00a0\u00a0\u00a0 Me zhvillimin e m\u00ebtejsh\u00ebm dhe stabilizimin e vepr\u00ebs katekizuese lokale, shtimit t\u00eb katekist\u00ebve si dhe specifikave organizative mitropolitane, u krijuan sektor\u00ebt lokal\u00eb mitropolitan\u00eb. Tashm\u00eb \u00e7do mitropoli ka zyr\u00ebn e katekizmit, t\u00eb rinis\u00eb, t\u00eb f\u00ebmij\u00ebve dhe katekist\u00ebt e vet, klerik\u00eb ose laik\u00eb, duke organizuar katekizmin n\u00eb dioqez\u00ebn e tyre.<br \/>\nVepra katekizuese e Shqip\u00ebris\u00eb \u00ebsht\u00eb paraqitur edhe n\u00eb takime dhe konferenca nd\u00ebrorthodhokse, mes p\u00ebrfaq\u00ebsish katekist\u00ebsh e t\u00eb rinjsh, duke krijuar edhe lidhje v\u00ebllaz\u00ebrore me homolog\u00ebt e tyre si edhe duke p\u00ebrfituar dhe shk\u00ebmbyer eksperienca dhe d\u00ebshmi besimi.<\/p>\n<h4 style=\"text-align: center;\"><span class=\"ez-toc-section\" id=\"Qellimi_i_katekizmit\"><\/span><strong>Q\u00ebllimi i katekizmit.<\/strong><span class=\"ez-toc-section-end\"><\/span><\/h4>\n<p style=\"text-align: justify;\">Katekizmi u drejtohet t\u00eb gjith\u00ebve, por ai organizohet dhe realizohet sistematikisht n\u00eb baz\u00eb t\u00eb programeve t\u00eb moshave p\u00ebrkat\u00ebse. Katekizmi klasifikohet n\u00eb dy forma: <strong>a)<\/strong> katekiz\u00ebm p\u00ebrpara pag\u00ebzimit, p\u00ebr an\u00ebtar\u00ebsimin e njer\u00ebzve brenda Kish\u00ebs; <strong>b)<\/strong> katekiz\u00ebm p\u00ebr njohjen dhe thellimin n\u00eb besimin e krishter\u00eb dhe jet\u00ebn shpirt\u00ebrore kishtare orthodhokse.<\/p>\n<p style=\"text-align: justify;\">\u00a0\u00a0\u00a0 Katekizmi, me miq\u00ebsin\u00eb q\u00eb ofron mes pjes\u00ebmarr\u00ebsve, ka si q\u00ebllim: njohjen e besimit t\u00eb krishter\u00eb dhe jet\u00ebs kishtare orthodhokse, an\u00ebtar\u00ebsimin n\u00eb Kish\u00eb pra n\u00eb komunitetin e besimtar\u00ebve t\u00eb krishter\u00eb, marr\u00ebdh\u00ebnien me Per\u00ebndin\u00eb, ushqimin shpirt\u00ebror, kuptimin e jet\u00ebs, shpjegime t\u00eb \u00e7\u00ebshtjeve t\u00eb besimit, teorive dhe problemeve shoq\u00ebrore, nd\u00ebrgjegj\u00ebsimin e frym\u00ebs s\u00eb apostullimit, njohjen e jet\u00ebs s\u00eb famullis\u00eb (t\u00eb mbledhjes s\u00eb besimtar\u00ebve, t\u00eb kishave dhe adhurimit n\u00eb to, t\u00eb jet\u00ebs baritore) dhe pjes\u00ebmarrjen e tyre aktive n\u00eb to. Programi i m\u00ebsimdh\u00ebnies s\u00eb katekizmit zhvillohet n\u00eb periudh\u00ebn shtator-maj.<\/p>\n<p style=\"text-align: justify;\"><em>\u00a0\u00a0\u00a0 <\/em><\/p>\n<h4 style=\"text-align: center;\"><span class=\"ez-toc-section\" id=\"Permbajtja_e_katekizmit\"><\/span><strong>P\u00ebrmbajtja e katekizmit<\/strong>.<span class=\"ez-toc-section-end\"><\/span><\/h4>\n<p style=\"text-align: justify;\">P\u00ebrmbajtja p\u00ebrshtatet me nevojat dhe formimin e pjes\u00ebmarr\u00ebsve, duke filluar nga m\u00ebsimet m\u00eb t\u00eb thjeshta e deri n\u00eb ato teologjike dhe shkencore. Ajo p\u00ebrfshin t\u00eb v\u00ebrtetat themelore q\u00eb rrjedhin nga Zbulimi i Per\u00ebndis\u00eb Triadik, Tradita e Shenjt\u00eb duke p\u00ebrfshir\u00eb Shkrimin e Shenjt\u00eb (Bibl\u00ebn) dhe jet\u00ebn e p\u00ebrvoj\u00ebn shpirt\u00ebrore t\u00eb Kish\u00ebs, Simbolin e Besimit, vepr\u00ebn shp\u00ebtimtare t\u00eb Krishtit, dogmat, etik\u00ebn e krishter\u00eb, jet\u00ebn adhuruese kishtare, jet\u00ebn dhe vler\u00ebn e njeriut etj..<\/p>\n<p style=\"text-align: justify;\">\u00a0\u00a0\u00a0 Q\u00eb nga fillimi e deri tani jan\u00eb krijuar programe katekizmi t\u00eb ndryshme me p\u00ebrmbajtje dhe mosh\u00eb t\u00eb p\u00ebrcaktuara, q\u00eb bazohen tek Shkrimi i Shenjt\u00eb (Bibla), tek jet\u00eb shenjtor\u00ebsh, tek literatura t\u00eb p\u00ebrgatitura nga klerik\u00eb e hierark\u00eb t\u00eb ndrysh\u00ebm, t\u00eb vendit dhe t\u00eb huaj, (edhe nga kryepiskopi Anastas), teolog\u00eb dhe bashk\u00ebpun\u00ebtor\u00eb t\u00eb gjith\u00eb sektor\u00ebve p\u00ebrgjegj\u00ebs t\u00eb sip\u00ebrp\u00ebrmendur, q\u00eb merren me vepr\u00ebn katekizuese, t\u00eb botuar dhe ribotuar si libra t\u00eb Kish\u00ebs nga viti 1992 e deri m\u00eb sot, si edhe krijime t\u00eb reja apo p\u00ebrkthime t\u00eb p\u00ebrshtatura. Nj\u00eb kontribut n\u00eb k\u00ebt\u00eb vep\u00ebr ofron edhe revista p\u00ebr f\u00ebmij\u00eb \u201cG\u00ebzohu\u201d, revista p\u00ebr t\u00eb rinj \u201cKambana\u201d,<a href=\"https:\/\/orthodoxalbania.org\/2020\/gazeta-ngjallja\/\" target=\"_blank\" rel=\"noopener noreferrer\"> gazeta \u201cNgjallja\u201d<\/a>, faqja zyrtare e Kish\u00ebs n\u00eb internet\u00a0 <a href=\"https:\/\/orthodoxalbania.org\/\">\u00a0www.orthodoxalbania.org\u00a0 <\/a><\/p>\n<p style=\"text-align: center;\"><strong>Vendi i katekizmit<\/strong>.<\/p>\n<p style=\"text-align: justify;\">Katekizmi zhvillohet kryesisht n\u00eb kisha, n\u00eb qendra rinore, n\u00eb sht\u00ebpi t\u00eb besimtar\u00ebve etj. Takimet e rregullta t\u00eb p\u00ebrjavshme t\u00eb katekizmit kryhen zakonisht t\u00eb diel\u00ebn pas Liturgjis\u00eb Hyjnore ose t\u00eb Shtun\u00ebn, ose edhe n\u00eb dit\u00eb t\u00eb tjera t\u00eb jav\u00ebs.<\/p>\n<p style=\"text-align: justify;\">\u00a0\u00a0\u00a0 Po b\u00ebhet nj\u00eb p\u00ebrpjekje e madhe q\u00eb katekizmi t\u00eb transmetohet, p\u00ebrve\u00e7 m\u00ebsimdh\u00ebnies gojore dhe literaturave t\u00eb shkruara n\u00eb let\u00ebr, edhe n\u00ebp\u00ebrmjet mjeteve bashk\u00ebkohore teknologjike si dhe mediatike. Media shihet sot si nj\u00eb mund\u00ebsi bashk\u00ebkohore e mir\u00eb komunikimi dhe transmetimi t\u00eb fjal\u00ebs s\u00eb Per\u00ebndis\u00eb. N\u00eb emisione t\u00eb ndryshme n\u00eb mediat komb\u00ebtare dhe ato lokale kan\u00eb qen\u00eb t\u00eb ftuar edhe klerik\u00eb e katekist\u00eb, t\u00eb cil\u00ebt kan\u00eb folur p\u00ebr besimin orthodhoks. Jan\u00eb realizuar seri emisionesh t\u00eb ve\u00e7anta n\u00eb bashk\u00ebpunime me televizione lokale, si n\u00eb Tiran\u00eb, Durr\u00ebs, Lezh\u00eb, La\u00e7, Elbasan, Peqin, Gramsh etj. Gjithashtu, jan\u00eb realizuar emisione radiofonike, \u00e7do t\u00eb h\u00ebn\u00eb, n\u00eb val\u00ebt e<a href=\"http:\/\/www.radiongjallja.org\/\" target=\"_blank\" rel=\"noopener noreferrer\"> Radios \u201cNgjallja\u201d, FM 88.5 Mhz<\/a><a href=\"http:\/\/149.202.214.27:8888\/radiongjallja\" target=\"_blank\" rel=\"noopener noreferrer\">,<\/a> n\u00eb ciklin \u201cKatekizmi i Krishter\u00eb Orthodhoks\u201d. Me interes \u00ebsht\u00eb par\u00eb edhe dublimi i filmave dokumentar\u00eb kishtar\u00eb n\u00eb shqip, disa prej t\u00eb cil\u00ebve jan\u00eb transmetuar edhe n\u00eb mediat e lartp\u00ebrmendura. Katekizmi i krishter\u00eb orthodhoks duke p\u00ebrdorur internetin, k\u00ebt\u00eb dritare globale, kap\u00ebrcen kufijt\u00eb dhe i paraqitet kujtdo n\u00ebp\u00ebrmjet faqes zyrtare t\u00eb Kish\u00ebs:\u00a0 <a href=\"https:\/\/orthodoxalbania.org\/\">www.orthodoxalbania.org<\/a>,\u00a0<a href=\"https:\/\/www.facebook.com\/koash1991\/\" target=\"_blank\" rel=\"noopener noreferrer\"> Facebook<\/a>, \u00a0<a href=\"http:\/\/www.youtube.com\/channel\/UCbkqRu9kElIV3gxhycCHKxQ\/videos?view=0&amp;shelf_id=1&amp;sort=dd\" target=\"_blank\" rel=\"noopener noreferrer\">YouTube<\/a>\u00a0 etj.<\/p>\n<h4 style=\"text-align: center;\"><span class=\"ez-toc-section\" id=\"i\"><\/span><em>\u00a0\u00a0\u00a0 <\/em><span class=\"ez-toc-section-end\"><\/span><\/h4>\n<h4 style=\"text-align: center;\"><span class=\"ez-toc-section\" id=\"Veprimtari_te_ndryshme\"><\/span><strong>Veprimtari t\u00eb ndryshme.<\/strong><span class=\"ez-toc-section-end\"><\/span><\/h4>\n<p style=\"text-align: justify;\">Programi katekizues p\u00ebrmban edhe lutje, sh\u00ebrbesa lut\u00ebsore, sh\u00ebrbime gjat\u00eb adhurimit, veprimtari kulturore, arg\u00ebtuese, pelegrinazhe, ekskursione etj. K\u00ebto mund t\u00eb jen\u00eb programe t\u00eb vet\u00eb katekist\u00ebve ose dhe programe e aktivitete t\u00eb p\u00ebrbashk\u00ebta me zyrat e tjera t\u00eb sip\u00ebrp\u00ebrmendura (shiko veprimtarit\u00eb e tyre) si p.sh., gjat\u00eb periudh\u00ebs s\u00eb Krishtlindjes, Theofanis\u00eb, Pashk\u00ebs, ver\u00ebs, n\u00eb fillim t\u00eb vitit shkollor etj.<\/p>\n<p style=\"text-align: justify;\">\u00a0\u00a0\u00a0 N\u00eb bashk\u00ebpunim me klerik\u00ebt n\u00eb kishat e zonave t\u00eb tyre, dit\u00ebn e diel, gjat\u00eb Liturgjis\u00eb Hyjnore ose edhe gjat\u00eb t\u00eb kremteve t\u00eb m\u00ebdha, katekist\u00ebt dhe pjes\u00ebmarr\u00ebsit n\u00eb grupet e katekizmit jo vet\u00ebm q\u00eb marrin pjes\u00eb n\u00eb sh\u00ebrbesat adhuruese, por edhe sh\u00ebrbejn\u00eb sa munden. Nj\u00ebkoh\u00ebsisht, katekist\u00ebt sh\u00ebrbejn\u00eb edhe si psalt\u00eb, kishtar\u00eb dhe predikues.<\/p>\n<p style=\"text-align: justify;\">\u00a0\u00a0\u00a0 N\u00eb bashk\u00ebpunim me t\u00eb rinj e t\u00eb reja aktivist\u00eb t\u00eb grupeve rinore e katekitike, katekist\u00ebt drejtojn\u00eb kampet, t\u00eb cilat zhvillohen gjat\u00eb periudh\u00ebs s\u00eb ver\u00ebs n\u00eb Manastirin e Shenjt\u00eb t\u00eb Fjetjes s\u00eb Hyjlind\u00ebses Mari n\u00eb Zv\u00ebrnec t\u00eb Vlor\u00ebs, n\u00eb Manastirin e Shenjt\u00eb t\u00eb Sh\u00ebn Joan Vladimirit n\u00eb Shijon t\u00eb Elbasanit, n\u00eb Manastirin e Shenjt\u00eb t\u00eb Sh\u00ebn Gjergjit n\u00eb \u00c7uk\u00eb t\u00eb Sarand\u00ebs, n\u00eb Glikomil t\u00eb Gjirokastr\u00ebs, n\u00eb Manastirin e Shenjt\u00eb t\u00eb Sh\u00ebn Joan Prodhromit n\u00eb Voskopoj\u00eb t\u00eb Kor\u00e7\u00ebs, si edhe kampe t\u00eb tjera disa ditore n\u00ebp\u00ebr zona t\u00eb ndryshme t\u00eb Shqip\u00ebris\u00eb.<\/p>\n<p style=\"text-align: justify;\">\n","protected":false},"excerpt":{"rendered":"<p>\u00a0 \u00a0 Katekizmi i krishter\u00eb orthodhoks &nbsp; \u00a0 \u00a0 Katekizmi \u00ebsht\u00eb m\u00ebsimi sistematik p\u00ebr njohjen e besimit t\u00eb krishter\u00eb dhe formimit n\u00eb jet\u00ebn e re m\u00eb Krishtin.\u00a0 Me an\u00eb t\u00eb tij Kisha p\u00ebrpiqet t\u00eb ushqej\u00eb dhe t\u00eb nd\u00ebrgjegj\u00ebsoj\u00eb an\u00ebtar\u00ebt e saj n\u00eb vepr\u00ebn shp\u00ebtimtare t\u00eb Krishtit, n\u00eb Lajmin e Mir\u00eb t\u00eb saj. \u00a0\u00a0\u00a0 Q\u00eb n\u00eb vitet e para t\u00eb riorganizimit kishtar, 1991 e n\u00eb vazhdim,<\/p>\n","protected":false},"author":1,"featured_media":56804,"comment_status":"closed","ping_status":"closed","sticky":false,"template":"","format":"standard","meta":{"_acf_changed":false,"pagelayer_contact_templates":[],"_pagelayer_content":"","inline_featured_image":false,"fifu_image_url":"https:\/\/lh6.googleusercontent.com\/-EyoL3_YsKiM\/UButZqcIPUI\/AAAAAAAAAsQ\/UOxWJoriAaI\/s720\/FILE1117.jpeg","fifu_image_alt":"","footnotes":""},"categories":[253],"tags":[2806,604],"class_list":["post-2014","post","type-post","status-publish","format-standard","has-post-thumbnail","hentry","category-katekizmi-i-krishtere-orthodhoks","tag-katekizmi-i-krishtere-orthodhoks","tag-kujdesi-baritore"],"acf":[],"yoast_head":"<!-- This site is optimized with the Yoast SEO plugin v27.2 - https:\/\/yoast.com\/product\/yoast-seo-wordpress\/ -->\n<title>Katekizmi i krishter\u00eb orthodhoks - Kisha Orthodh\u03bfkse Autoqefale e Shqip\u00ebris\u00eb<\/title>\n<meta name=\"robots\" content=\"index, follow, max-snippet:-1, max-image-preview:large, max-video-preview:-1\" \/>\n<link rel=\"canonical\" href=\"https:\/\/orthodoxalbania.org\/2020\/1991\/09\/13\/katekizmi-i-krishtere-orthodhoks\/\" \/>\n<meta property=\"og:locale\" content=\"en_US\" \/>\n<meta property=\"og:type\" content=\"article\" \/>\n<meta property=\"og:title\" content=\"Katekizmi i krishter\u00eb orthodhoks - Kisha Orthodh\u03bfkse Autoqefale e Shqip\u00ebris\u00eb\" \/>\n<meta property=\"og:description\" content=\"\u00a0 \u00a0 Katekizmi i krishter\u00eb orthodhoks &nbsp; \u00a0 \u00a0 Katekizmi \u00ebsht\u00eb m\u00ebsimi sistematik p\u00ebr njohjen e besimit t\u00eb krishter\u00eb dhe formimit n\u00eb jet\u00ebn e re m\u00eb Krishtin.\u00a0 Me an\u00eb t\u00eb tij Kisha p\u00ebrpiqet t\u00eb ushqej\u00eb dhe t\u00eb nd\u00ebrgjegj\u00ebsoj\u00eb an\u00ebtar\u00ebt e saj n\u00eb vepr\u00ebn shp\u00ebtimtare t\u00eb Krishtit, n\u00eb Lajmin e Mir\u00eb t\u00eb saj. \u00a0\u00a0\u00a0 Q\u00eb n\u00eb vitet e para t\u00eb riorganizimit kishtar, 1991 e n\u00eb vazhdim,\" \/>\n<meta property=\"og:url\" content=\"https:\/\/orthodoxalbania.org\/2020\/1991\/09\/13\/katekizmi-i-krishtere-orthodhoks\/\" \/>\n<meta property=\"og:site_name\" content=\"Kisha Orthodh\u03bfkse Autoqefale e Shqip\u00ebris\u00eb\" \/>\n<meta property=\"article:publisher\" content=\"https:\/\/www.facebook.com\/koash1991\" \/>\n<meta property=\"article:published_time\" content=\"1991-09-13T09:50:20+00:00\" \/>\n<meta property=\"article:modified_time\" content=\"2021-11-15T00:13:45+00:00\" \/>\n<meta property=\"og:image\" content=\"https:\/\/lh6.googleusercontent.com\/-EyoL3_YsKiM\/UButZqcIPUI\/AAAAAAAAAsQ\/UOxWJoriAaI\/s720\/FILE1117.jpeg\" \/>\n<meta name=\"author\" content=\"Kisha Orthodhokse\" \/>\n<meta name=\"twitter:card\" content=\"summary_large_image\" \/>\n<meta name=\"twitter:image\" content=\"https:\/\/lh6.googleusercontent.com\/-EyoL3_YsKiM\/UButZqcIPUI\/AAAAAAAAAsQ\/UOxWJoriAaI\/s720\/FILE1117.jpeg\" \/>\n<meta name=\"twitter:label1\" content=\"Written by\" \/>\n\t<meta name=\"twitter:data1\" content=\"Kisha Orthodhokse\" \/>\n\t<meta name=\"twitter:label2\" content=\"Est. reading time\" \/>\n\t<meta name=\"twitter:data2\" content=\"9 minutes\" \/>\n<script type=\"application\/ld+json\" class=\"yoast-schema-graph\">{\"@context\":\"https:\/\/schema.org\",\"@graph\":[{\"@type\":\"Article\",\"@id\":\"https:\/\/orthodoxalbania.org\/2020\/1991\/09\/13\/katekizmi-i-krishtere-orthodhoks\/#article\",\"isPartOf\":{\"@id\":\"https:\/\/orthodoxalbania.org\/2020\/1991\/09\/13\/katekizmi-i-krishtere-orthodhoks\/\"},\"author\":{\"name\":\"Kisha Orthodhokse\",\"@id\":\"https:\/\/orthodoxalbania.org\/2020\/#\/schema\/person\/0c387634a7063ac612d7ed9ce71c7e86\"},\"headline\":\"Katekizmi i krishter\u00eb orthodhoks\",\"datePublished\":\"1991-09-13T09:50:20+00:00\",\"dateModified\":\"2021-11-15T00:13:45+00:00\",\"mainEntityOfPage\":{\"@id\":\"https:\/\/orthodoxalbania.org\/2020\/1991\/09\/13\/katekizmi-i-krishtere-orthodhoks\/\"},\"wordCount\":1821,\"publisher\":{\"@id\":\"https:\/\/orthodoxalbania.org\/2020\/#organization\"},\"image\":{\"@id\":\"https:\/\/orthodoxalbania.org\/2020\/1991\/09\/13\/katekizmi-i-krishtere-orthodhoks\/#primaryimage\"},\"thumbnailUrl\":\"https:\/\/lh6.googleusercontent.com\/-EyoL3_YsKiM\/UButZqcIPUI\/AAAAAAAAAsQ\/UOxWJoriAaI\/s720\/FILE1117.jpeg\",\"keywords\":[\"Katekizmi i krishter\u00eb orthodhoks\",\"Kujdesi Baritor\u00eb\"],\"articleSection\":[\"Katekizmi i krishter\u00eb orthodhoks\"],\"inLanguage\":\"en-US\"},{\"@type\":\"WebPage\",\"@id\":\"https:\/\/orthodoxalbania.org\/2020\/1991\/09\/13\/katekizmi-i-krishtere-orthodhoks\/\",\"url\":\"https:\/\/orthodoxalbania.org\/2020\/1991\/09\/13\/katekizmi-i-krishtere-orthodhoks\/\",\"name\":\"Katekizmi i krishter\u00eb orthodhoks - Kisha Orthodh\u03bfkse Autoqefale e Shqip\u00ebris\u00eb\",\"isPartOf\":{\"@id\":\"https:\/\/orthodoxalbania.org\/2020\/#website\"},\"primaryImageOfPage\":{\"@id\":\"https:\/\/orthodoxalbania.org\/2020\/1991\/09\/13\/katekizmi-i-krishtere-orthodhoks\/#primaryimage\"},\"image\":{\"@id\":\"https:\/\/orthodoxalbania.org\/2020\/1991\/09\/13\/katekizmi-i-krishtere-orthodhoks\/#primaryimage\"},\"thumbnailUrl\":\"https:\/\/lh6.googleusercontent.com\/-EyoL3_YsKiM\/UButZqcIPUI\/AAAAAAAAAsQ\/UOxWJoriAaI\/s720\/FILE1117.jpeg\",\"datePublished\":\"1991-09-13T09:50:20+00:00\",\"dateModified\":\"2021-11-15T00:13:45+00:00\",\"breadcrumb\":{\"@id\":\"https:\/\/orthodoxalbania.org\/2020\/1991\/09\/13\/katekizmi-i-krishtere-orthodhoks\/#breadcrumb\"},\"inLanguage\":\"en-US\",\"potentialAction\":[{\"@type\":\"ReadAction\",\"target\":[\"https:\/\/orthodoxalbania.org\/2020\/1991\/09\/13\/katekizmi-i-krishtere-orthodhoks\/\"]}]},{\"@type\":\"ImageObject\",\"inLanguage\":\"en-US\",\"@id\":\"https:\/\/orthodoxalbania.org\/2020\/1991\/09\/13\/katekizmi-i-krishtere-orthodhoks\/#primaryimage\",\"url\":\"https:\/\/lh6.googleusercontent.com\/-EyoL3_YsKiM\/UButZqcIPUI\/AAAAAAAAAsQ\/UOxWJoriAaI\/s720\/FILE1117.jpeg\",\"contentUrl\":\"https:\/\/lh6.googleusercontent.com\/-EyoL3_YsKiM\/UButZqcIPUI\/AAAAAAAAAsQ\/UOxWJoriAaI\/s720\/FILE1117.jpeg\",\"width\":\"720\",\"height\":\"540\"},{\"@type\":\"BreadcrumbList\",\"@id\":\"https:\/\/orthodoxalbania.org\/2020\/1991\/09\/13\/katekizmi-i-krishtere-orthodhoks\/#breadcrumb\",\"itemListElement\":[{\"@type\":\"ListItem\",\"position\":1,\"name\":\"Home\",\"item\":\"https:\/\/orthodoxalbania.org\/2020\/\"},{\"@type\":\"ListItem\",\"position\":2,\"name\":\"Katekizmi i krishter\u00eb orthodhoks\"}]},{\"@type\":\"WebSite\",\"@id\":\"https:\/\/orthodoxalbania.org\/2020\/#website\",\"url\":\"https:\/\/orthodoxalbania.org\/2020\/\",\"name\":\"Kisha Orthodh\u03bfkse Autoqefale e Shqip\u00ebris\u00eb\",\"description\":\"Fqja Zyrtare e Kish\u00ebs Orthodhokse Autoqefale e Shqip\u00ebris\u00eb me lajmet edhe informacionet zyrtare p\u00ebr struktur\u00ebn edhe veprimtarin e saj.\",\"publisher\":{\"@id\":\"https:\/\/orthodoxalbania.org\/2020\/#organization\"},\"potentialAction\":[{\"@type\":\"SearchAction\",\"target\":{\"@type\":\"EntryPoint\",\"urlTemplate\":\"https:\/\/orthodoxalbania.org\/2020\/?s={search_term_string}\"},\"query-input\":{\"@type\":\"PropertyValueSpecification\",\"valueRequired\":true,\"valueName\":\"search_term_string\"}}],\"inLanguage\":\"en-US\"},{\"@type\":\"Organization\",\"@id\":\"https:\/\/orthodoxalbania.org\/2020\/#organization\",\"name\":\"Kisha Orthodhokse Autoqefale e Shqip\u00ebris\u00eb\",\"url\":\"https:\/\/orthodoxalbania.org\/2020\/\",\"logo\":{\"@type\":\"ImageObject\",\"inLanguage\":\"en-US\",\"@id\":\"https:\/\/orthodoxalbania.org\/2020\/#\/schema\/logo\/image\/\",\"url\":\"https:\/\/orthodoxalbania.org\/2020\/wp-content\/uploads\/2020\/05\/albania.jpeg\",\"contentUrl\":\"https:\/\/orthodoxalbania.org\/2020\/wp-content\/uploads\/2020\/05\/albania.jpeg\",\"width\":540,\"height\":540,\"caption\":\"Kisha Orthodhokse Autoqefale e Shqip\u00ebris\u00eb\"},\"image\":{\"@id\":\"https:\/\/orthodoxalbania.org\/2020\/#\/schema\/logo\/image\/\"},\"sameAs\":[\"https:\/\/www.facebook.com\/koash1991\"]},{\"@type\":\"Person\",\"@id\":\"https:\/\/orthodoxalbania.org\/2020\/#\/schema\/person\/0c387634a7063ac612d7ed9ce71c7e86\",\"name\":\"Kisha Orthodhokse\",\"image\":{\"@type\":\"ImageObject\",\"inLanguage\":\"en-US\",\"@id\":\"https:\/\/secure.gravatar.com\/avatar\/596e7c417251e30f2fbb9c00e026fce61a695a00e51c889caded71c96cbbdde5?s=96&d=mm&r=g\",\"url\":\"https:\/\/secure.gravatar.com\/avatar\/596e7c417251e30f2fbb9c00e026fce61a695a00e51c889caded71c96cbbdde5?s=96&d=mm&r=g\",\"contentUrl\":\"https:\/\/secure.gravatar.com\/avatar\/596e7c417251e30f2fbb9c00e026fce61a695a00e51c889caded71c96cbbdde5?s=96&d=mm&r=g\",\"caption\":\"Kisha Orthodhokse\"}}]}<\/script>\n<!-- \/ Yoast SEO plugin. -->","yoast_head_json":{"title":"Katekizmi i krishter\u00eb orthodhoks - Kisha Orthodh\u03bfkse Autoqefale e Shqip\u00ebris\u00eb","robots":{"index":"index","follow":"follow","max-snippet":"max-snippet:-1","max-image-preview":"max-image-preview:large","max-video-preview":"max-video-preview:-1"},"canonical":"https:\/\/orthodoxalbania.org\/2020\/1991\/09\/13\/katekizmi-i-krishtere-orthodhoks\/","og_locale":"en_US","og_type":"article","og_title":"Katekizmi i krishter\u00eb orthodhoks - Kisha Orthodh\u03bfkse Autoqefale e Shqip\u00ebris\u00eb","og_description":"\u00a0 \u00a0 Katekizmi i krishter\u00eb orthodhoks &nbsp; \u00a0 \u00a0 Katekizmi \u00ebsht\u00eb m\u00ebsimi sistematik p\u00ebr njohjen e besimit t\u00eb krishter\u00eb dhe formimit n\u00eb jet\u00ebn e re m\u00eb Krishtin.\u00a0 Me an\u00eb t\u00eb tij Kisha p\u00ebrpiqet t\u00eb ushqej\u00eb dhe t\u00eb nd\u00ebrgjegj\u00ebsoj\u00eb an\u00ebtar\u00ebt e saj n\u00eb vepr\u00ebn shp\u00ebtimtare t\u00eb Krishtit, n\u00eb Lajmin e Mir\u00eb t\u00eb saj. \u00a0\u00a0\u00a0 Q\u00eb n\u00eb vitet e para t\u00eb riorganizimit kishtar, 1991 e n\u00eb vazhdim,","og_url":"https:\/\/orthodoxalbania.org\/2020\/1991\/09\/13\/katekizmi-i-krishtere-orthodhoks\/","og_site_name":"Kisha Orthodh\u03bfkse Autoqefale e Shqip\u00ebris\u00eb","article_publisher":"https:\/\/www.facebook.com\/koash1991","article_published_time":"1991-09-13T09:50:20+00:00","article_modified_time":"2021-11-15T00:13:45+00:00","og_image":[{"url":"https:\/\/lh6.googleusercontent.com\/-EyoL3_YsKiM\/UButZqcIPUI\/AAAAAAAAAsQ\/UOxWJoriAaI\/s720\/FILE1117.jpeg","type":"","width":"","height":""}],"author":"Kisha Orthodhokse","twitter_card":"summary_large_image","twitter_image":"https:\/\/lh6.googleusercontent.com\/-EyoL3_YsKiM\/UButZqcIPUI\/AAAAAAAAAsQ\/UOxWJoriAaI\/s720\/FILE1117.jpeg","twitter_misc":{"Written by":"Kisha Orthodhokse","Est. reading time":"9 minutes"},"schema":{"@context":"https:\/\/schema.org","@graph":[{"@type":"Article","@id":"https:\/\/orthodoxalbania.org\/2020\/1991\/09\/13\/katekizmi-i-krishtere-orthodhoks\/#article","isPartOf":{"@id":"https:\/\/orthodoxalbania.org\/2020\/1991\/09\/13\/katekizmi-i-krishtere-orthodhoks\/"},"author":{"name":"Kisha Orthodhokse","@id":"https:\/\/orthodoxalbania.org\/2020\/#\/schema\/person\/0c387634a7063ac612d7ed9ce71c7e86"},"headline":"Katekizmi i krishter\u00eb orthodhoks","datePublished":"1991-09-13T09:50:20+00:00","dateModified":"2021-11-15T00:13:45+00:00","mainEntityOfPage":{"@id":"https:\/\/orthodoxalbania.org\/2020\/1991\/09\/13\/katekizmi-i-krishtere-orthodhoks\/"},"wordCount":1821,"publisher":{"@id":"https:\/\/orthodoxalbania.org\/2020\/#organization"},"image":{"@id":"https:\/\/orthodoxalbania.org\/2020\/1991\/09\/13\/katekizmi-i-krishtere-orthodhoks\/#primaryimage"},"thumbnailUrl":"https:\/\/lh6.googleusercontent.com\/-EyoL3_YsKiM\/UButZqcIPUI\/AAAAAAAAAsQ\/UOxWJoriAaI\/s720\/FILE1117.jpeg","keywords":["Katekizmi i krishter\u00eb orthodhoks","Kujdesi Baritor\u00eb"],"articleSection":["Katekizmi i krishter\u00eb orthodhoks"],"inLanguage":"en-US"},{"@type":"WebPage","@id":"https:\/\/orthodoxalbania.org\/2020\/1991\/09\/13\/katekizmi-i-krishtere-orthodhoks\/","url":"https:\/\/orthodoxalbania.org\/2020\/1991\/09\/13\/katekizmi-i-krishtere-orthodhoks\/","name":"Katekizmi i krishter\u00eb orthodhoks - Kisha Orthodh\u03bfkse Autoqefale e Shqip\u00ebris\u00eb","isPartOf":{"@id":"https:\/\/orthodoxalbania.org\/2020\/#website"},"primaryImageOfPage":{"@id":"https:\/\/orthodoxalbania.org\/2020\/1991\/09\/13\/katekizmi-i-krishtere-orthodhoks\/#primaryimage"},"image":{"@id":"https:\/\/orthodoxalbania.org\/2020\/1991\/09\/13\/katekizmi-i-krishtere-orthodhoks\/#primaryimage"},"thumbnailUrl":"https:\/\/lh6.googleusercontent.com\/-EyoL3_YsKiM\/UButZqcIPUI\/AAAAAAAAAsQ\/UOxWJoriAaI\/s720\/FILE1117.jpeg","datePublished":"1991-09-13T09:50:20+00:00","dateModified":"2021-11-15T00:13:45+00:00","breadcrumb":{"@id":"https:\/\/orthodoxalbania.org\/2020\/1991\/09\/13\/katekizmi-i-krishtere-orthodhoks\/#breadcrumb"},"inLanguage":"en-US","potentialAction":[{"@type":"ReadAction","target":["https:\/\/orthodoxalbania.org\/2020\/1991\/09\/13\/katekizmi-i-krishtere-orthodhoks\/"]}]},{"@type":"ImageObject","inLanguage":"en-US","@id":"https:\/\/orthodoxalbania.org\/2020\/1991\/09\/13\/katekizmi-i-krishtere-orthodhoks\/#primaryimage","url":"https:\/\/lh6.googleusercontent.com\/-EyoL3_YsKiM\/UButZqcIPUI\/AAAAAAAAAsQ\/UOxWJoriAaI\/s720\/FILE1117.jpeg","contentUrl":"https:\/\/lh6.googleusercontent.com\/-EyoL3_YsKiM\/UButZqcIPUI\/AAAAAAAAAsQ\/UOxWJoriAaI\/s720\/FILE1117.jpeg","width":"720","height":"540"},{"@type":"BreadcrumbList","@id":"https:\/\/orthodoxalbania.org\/2020\/1991\/09\/13\/katekizmi-i-krishtere-orthodhoks\/#breadcrumb","itemListElement":[{"@type":"ListItem","position":1,"name":"Home","item":"https:\/\/orthodoxalbania.org\/2020\/"},{"@type":"ListItem","position":2,"name":"Katekizmi i krishter\u00eb orthodhoks"}]},{"@type":"WebSite","@id":"https:\/\/orthodoxalbania.org\/2020\/#website","url":"https:\/\/orthodoxalbania.org\/2020\/","name":"Kisha Orthodh\u03bfkse Autoqefale e Shqip\u00ebris\u00eb","description":"Fqja Zyrtare e Kish\u00ebs Orthodhokse Autoqefale e Shqip\u00ebris\u00eb me lajmet edhe informacionet zyrtare p\u00ebr struktur\u00ebn edhe veprimtarin e saj.","publisher":{"@id":"https:\/\/orthodoxalbania.org\/2020\/#organization"},"potentialAction":[{"@type":"SearchAction","target":{"@type":"EntryPoint","urlTemplate":"https:\/\/orthodoxalbania.org\/2020\/?s={search_term_string}"},"query-input":{"@type":"PropertyValueSpecification","valueRequired":true,"valueName":"search_term_string"}}],"inLanguage":"en-US"},{"@type":"Organization","@id":"https:\/\/orthodoxalbania.org\/2020\/#organization","name":"Kisha Orthodhokse Autoqefale e Shqip\u00ebris\u00eb","url":"https:\/\/orthodoxalbania.org\/2020\/","logo":{"@type":"ImageObject","inLanguage":"en-US","@id":"https:\/\/orthodoxalbania.org\/2020\/#\/schema\/logo\/image\/","url":"https:\/\/orthodoxalbania.org\/2020\/wp-content\/uploads\/2020\/05\/albania.jpeg","contentUrl":"https:\/\/orthodoxalbania.org\/2020\/wp-content\/uploads\/2020\/05\/albania.jpeg","width":540,"height":540,"caption":"Kisha Orthodhokse Autoqefale e Shqip\u00ebris\u00eb"},"image":{"@id":"https:\/\/orthodoxalbania.org\/2020\/#\/schema\/logo\/image\/"},"sameAs":["https:\/\/www.facebook.com\/koash1991"]},{"@type":"Person","@id":"https:\/\/orthodoxalbania.org\/2020\/#\/schema\/person\/0c387634a7063ac612d7ed9ce71c7e86","name":"Kisha Orthodhokse","image":{"@type":"ImageObject","inLanguage":"en-US","@id":"https:\/\/secure.gravatar.com\/avatar\/596e7c417251e30f2fbb9c00e026fce61a695a00e51c889caded71c96cbbdde5?s=96&d=mm&r=g","url":"https:\/\/secure.gravatar.com\/avatar\/596e7c417251e30f2fbb9c00e026fce61a695a00e51c889caded71c96cbbdde5?s=96&d=mm&r=g","contentUrl":"https:\/\/secure.gravatar.com\/avatar\/596e7c417251e30f2fbb9c00e026fce61a695a00e51c889caded71c96cbbdde5?s=96&d=mm&r=g","caption":"Kisha Orthodhokse"}}]}},"_links":{"self":[{"href":"https:\/\/orthodoxalbania.org\/2020\/wp-json\/wp\/v2\/posts\/2014","targetHints":{"allow":["GET"]}}],"collection":[{"href":"https:\/\/orthodoxalbania.org\/2020\/wp-json\/wp\/v2\/posts"}],"about":[{"href":"https:\/\/orthodoxalbania.org\/2020\/wp-json\/wp\/v2\/types\/post"}],"author":[{"embeddable":true,"href":"https:\/\/orthodoxalbania.org\/2020\/wp-json\/wp\/v2\/users\/1"}],"replies":[{"embeddable":true,"href":"https:\/\/orthodoxalbania.org\/2020\/wp-json\/wp\/v2\/comments?post=2014"}],"version-history":[{"count":10,"href":"https:\/\/orthodoxalbania.org\/2020\/wp-json\/wp\/v2\/posts\/2014\/revisions"}],"predecessor-version":[{"id":23614,"href":"https:\/\/orthodoxalbania.org\/2020\/wp-json\/wp\/v2\/posts\/2014\/revisions\/23614"}],"wp:featuredmedia":[{"embeddable":true,"href":"https:\/\/orthodoxalbania.org\/2020\/wp-json\/wp\/v2\/media\/56804"}],"wp:attachment":[{"href":"https:\/\/orthodoxalbania.org\/2020\/wp-json\/wp\/v2\/media?parent=2014"}],"wp:term":[{"taxonomy":"category","embeddable":true,"href":"https:\/\/orthodoxalbania.org\/2020\/wp-json\/wp\/v2\/categories?post=2014"},{"taxonomy":"post_tag","embeddable":true,"href":"https:\/\/orthodoxalbania.org\/2020\/wp-json\/wp\/v2\/tags?post=2014"}],"curies":[{"name":"wp","href":"https:\/\/api.w.org\/{rel}","templated":true}]}}