{"id":2012,"date":"1992-09-13T12:01:30","date_gmt":"1992-09-13T10:01:30","guid":{"rendered":""},"modified":"2021-11-15T03:06:17","modified_gmt":"2021-11-15T02:06:17","slug":"grate-orthodhokse","status":"publish","type":"post","link":"https:\/\/orthodoxalbania.org\/2020\/1992\/09\/13\/grate-orthodhokse\/","title":{"rendered":"Grat\u00eb Orthodhokse"},"content":{"rendered":"<p>&nbsp;<\/p>\n<h3 style=\"text-align: center;\"><span class=\"ez-toc-section\" id=\"Grate_Orthodhokse\"><\/span>Grat\u00eb Orthodhokse<span class=\"ez-toc-section-end\"><\/span><\/h3>\n<p>&nbsp;<\/p>\n<div style=\"text-align: justify;\">\u00a0\u00a0 \u00a0 Lidhja e Grave Orthodhokse \u201cP\u00ebrhapja e dashuris\u00eb\u201d ushtron veprimtari t\u00eb larmishme shpirt\u00ebrore e sociale.<br \/>\nGrupi ushtron veprimtari n\u00eb familje t\u00eb varfra, n\u00eb burgje dhe azile, te f\u00ebmij\u00ebt jetim e gra t\u00eb veja, t\u00eb pastreh\u00eb e persona t\u00eb braktisur, t\u00eb s\u00ebmur\u00eb n\u00eb spitale dhe n\u00eb sht\u00ebpi, t\u00eb moshuar dhe persona t\u00eb vetmuar, t\u00eb paaft\u00eb p\u00ebr pun\u00eb e t\u00eb depresuar, lypsa etj.<\/div>\n<p style=\"text-align: justify;\">\u00a0\u00a0\u00a0 K\u00ebto sh\u00ebrbime drejtohen nga nj\u00eb zyr\u00eb e cila shpeshher\u00eb kooperon me zyra sociale shtet\u00ebrore, duke shk\u00ebmbyer p\u00ebrvoja n\u00eb dobi t\u00eb nevojtar\u00ebve. Ndihmat jan\u00eb t\u00eb llojeve t\u00eb ndryshme si ushqime, veshmbathje, ndihm\u00eb financiare etj.<\/p>\n<p style=\"text-align: justify;\">\u00a0\u00a0\u00a0 Vlen t\u00eb p\u00ebrmenden vizitat q\u00eb b\u00ebhen n\u00eb persona t\u00eb s\u00ebmur\u00eb q\u00eb l\u00ebngojn\u00eb n\u00eb shtrat, bisedat q\u00eb zhvillojm\u00eb me t\u00eb moshuar t\u00eb vetmuar q\u00eb kan\u00eb \u00ebndje p\u00ebr nj\u00eb fjal\u00eb t\u00eb ngroht\u00eb. T\u00eb burgosurit shijojn\u00eb lirin\u00eb kur marrin mesazhin e shpres\u00ebs dhe fjal\u00ebn e shp\u00ebtimit. Lyp\u00ebsit fitojn\u00eb dinjitet dhe provojn\u00eb barazin\u00eb kur dikush ndan buk\u00ebn me ta. \u00c7do jav\u00eb njer\u00ebz nevojtar\u00eb ndihmohen nga zyra e grave q\u00eb financohet n\u00eb mas\u00ebn 70% nga Kryepiskopi Anastas.<\/p>\n<p style=\"text-align: justify;\">\u00a0\u00a0\u00a0 Grupi i Grave Orthodhokse u krijua n\u00eb vitin 1992. Q\u00eb prej fillimit ka zhvilluar nj\u00eb aktivitet t\u00eb madh me njer\u00ebzit n\u00eb nevoj\u00eb, duke shp\u00ebrndar\u00eb pako me ushqime e veshmbathje nga ndihmat e shumta q\u00eb vinin n\u00eb fillim nga Greqia e Qipro e n\u00eb vijim nga vende t\u00eb tjera europiane dhe SHBA.<\/p>\n<h4><\/h4>\n<p>&nbsp;<\/p>\n<h4 style=\"text-align: center;\"><span class=\"ez-toc-section\" id=\"Veprimtarite_shpirterore_dhe_sociale\"><\/span><strong>Veprimtarit\u00eb shpirt\u00ebrore dhe sociale<\/strong><span class=\"ez-toc-section-end\"><\/span><\/h4>\n<p>&nbsp;<\/p>\n<p style=\"text-align: justify;\">\u00a0 \u00a0 Grat\u00eb aktiviste t\u00eb Kish\u00ebs s\u00eb Tiran\u00ebs kryejn\u00eb me gjall\u00ebri dhe entuziaz\u00ebm veprimtarit\u00eb e tyre shpirt\u00ebrore dhe sociale. Ato\u00a0 mblidhen \u00e7do jav\u00eb n\u00eb takimet e tyre tradicionale t\u00eb m\u00ebrkur\u00ebn pasdite n\u00ebn drejtimin e theolog\u00ebve dhe et\u00ebrve shpirt\u00ebror\u00eb, duke biseduar me ta n\u00eb nj\u00eb cik\u00ebl t\u00eb gjer\u00eb rreth besimit. P\u00ebr t\u00eb nxitur p\u00ebrpjekjen e tyre n\u00eb falje e n\u00eb lutje, shpesh ato b\u00ebhen inisiatore t\u00eb agripnive, sh\u00ebrbesave t\u00eb ve\u00e7anta p\u00ebr besimtar\u00eb n\u00eb nevoj\u00eb, kryejn\u00eb pelegrinazhe dhe vizita n\u00eb kishat dhe manastiret e ndryshme t\u00eb vendit etj.<\/p>\n<p style=\"text-align: justify;\">\u00a0\u00a0\u00a0 Nd\u00ebrkoh\u00eb, aktivitete sociale jan\u00eb organizuar ne disa drejtime t\u00eb r\u00ebnd\u00ebsishme. Vlen t\u00eb p\u00ebrmenden pritjet \u00e7do jav\u00eb q\u00eb b\u00ebjn\u00eb punonj\u00ebset e zyr\u00ebs me persona nevojtar\u00eb, t\u00eb cil\u00ebt vijn\u00eb nga familje shum\u00eb t\u00eb varfra: jetim\u00eb, invalid\u00eb, t\u00eb braktisur, persona depresiv\u00eb, persona q\u00eb lypin rrug\u00ebve etj. \u00c7do muaj, m\u00eb shum\u00eb se 400 nevojtar\u00eb ndihmohen me ushqime, veshmbathje, ila\u00e7e dhe mjete monetare.<\/p>\n<p style=\"text-align: justify;\">\u00a0\u00a0\u00a0 Gjithashtu nj\u00eb r\u00ebnd\u00ebsi e ve\u00e7ant\u00eb i \u00ebsht\u00eb kushtuar vizitave tek personat e s\u00ebmur\u00eb n\u00eb sht\u00ebpi dhe tek n\u00ebnat e moshuara besimtare. Duke par\u00eb nga af\u00ebr problemet e tyre \u00ebsht\u00eb b\u00ebr\u00eb e mundur t\u00eb transmetohet ndihma e Kish\u00ebs p\u00ebr zgjidhjen e v\u00ebshtir\u00ebsive t\u00eb tyre shpirt\u00ebrore dhe ekonomike.<\/p>\n<p style=\"text-align: justify;\">\u00a0\u00a0\u00a0 Nj\u00eb tjet\u00ebr veprimtari jan\u00eb vizitat n\u00eb burgun 325 t\u00eb Tiran\u00ebs q\u00eb kryhen prej vitit 1998. K\u00ebto takime zhvillohen dy her\u00eb n\u00eb muaj dhe mbajn\u00eb vazhdimisht t\u00eb gjall\u00eb frym\u00ebn e vullnetarizmit. Vizita kryhen edhe n\u00eb dy strehat e t\u00eb moshuarve (burra e gra) te motrat e N\u00ebn\u00eb Terez\u00ebs ku jan\u00eb shp\u00ebrndar\u00eb fruta dhe \u00ebmb\u00eblsira p\u00ebr rreth 100 vet\u00eb.<\/p>\n<p style=\"text-align: justify;\">\u00a0\u00a0\u00a0 Jan\u00eb organizuar gjithashtu edhe veprimtari arg\u00ebtuese dhe Tryeza Dashurie, me pjes\u00ebmarrjen e t\u00eb moshuarve n\u00eb mjedise t\u00eb ndryshme t\u00eb Kish\u00ebs, si n\u00eb Qendr\u00ebn shpirt\u00ebrore &#8211; arsimore \u201cThavor\u201d, n\u00eb Tiran\u00eb ashtu edhe n\u00eb manastirin e sh\u00ebn Vlashit, n\u00eb Durr\u00ebs.<\/p>\n<h4><\/h4>\n<p>&nbsp;<\/p>\n<h4 style=\"text-align: center;\"><span class=\"ez-toc-section\" id=\"Aktivitete_te_grave_orthodhokse_gjate_Pashkes\"><\/span><strong>Aktivitete t\u00eb grave orthodhokse gjat\u00eb Pashk\u00ebs<\/strong><span class=\"ez-toc-section-end\"><\/span><\/h4>\n<p>&nbsp;<\/p>\n<p style=\"text-align: justify;\">\u00a0 \u00a0 N\u00eb periudh\u00ebn e Kreshm\u00ebs s\u00eb Madhe dhe n\u00eb pritje t\u00eb vigjiljes s\u00eb Pashk\u00ebs, grat\u00eb orthodhokse zhvillojn\u00eb shum\u00eb aktivitete t\u00eb larmishme shpirt\u00ebrore dhe sociale. Ato marrin pjes\u00eb n\u00eb takimet e t\u00eb m\u00ebrkurave, n\u00eb lutjet dhe sh\u00ebrbesat e Kish\u00ebs, iu p\u00ebrkushtohen m\u00ebsimit t\u00eb himneve dhe tropareve t\u00eb zgjedhura, kushtuar Krishtit t\u00eb Ngjallur, duke formuar edhe nj\u00eb kor t\u00eb vog\u00ebl.<\/p>\n<p style=\"text-align: justify;\">\u00a0\u00a0\u00a0 Nd\u00ebr sh\u00ebrbimet sociale m\u00eb t\u00eb r\u00ebnd\u00ebsishme gjat\u00eb k\u00ebsaj periudhe kan\u00eb qen\u00eb vizitat te t\u00eb s\u00ebmur\u00ebt n\u00eb sht\u00ebpi e n\u00eb spitale. T\u00eb moshuarit, t\u00eb cil\u00ebt strehohen n\u00eb azilin e motrave t\u00eb n\u00ebn\u00eb Terez\u00ebs, jan\u00eb p\u00ebrher\u00eb pjes\u00eb e vizitave dhe e kujdesit treguar nga grupi i grave orthodhokse. Kleriku, i cili shoq\u00ebron grat\u00eb vullnetare, kungon me Trupin dhe Gjakun e Krishtit t\u00eb moshuarit. N\u00eb k\u00ebto sh\u00ebrbime sociale, organizuar nga grat\u00eb orthodhokse, me rastin e Pashk\u00ebs, marrin ndihma rreth 100 persona.<\/p>\n<p style=\"text-align: justify;\">\u00a0\u00a0\u00a0 P\u00ebrmes ndihm\u00ebs q\u00eb jep komuniteti i Kish\u00ebs s\u00eb Ungjill\u00ebzimit, Tiran\u00eb, grumbullohet nj\u00eb fond, i cili sh\u00ebrben p\u00ebr drek\u00ebn e organizuar p\u00ebr 30 t\u00eb moshuar, n\u00eb azilin shtet\u00ebror., e p\u00ebrgatitur nga grat\u00eb aktiviste t\u00eb Kish\u00ebs. Veprimtaria nis me vez\u00ebt e kuqe dhe me lajmin festiv \u201cKrishti u Ngjall!\u201d. Gjithashtu, pako ushqimore shp\u00ebrndahen edhe p\u00ebr rreth 500 persona dhe familje t\u00eb varfra, t\u00eb s\u00ebmur\u00eb, jetim\u00eb, t\u00eb pastreh\u00eb, t\u00eb paralizuar, t\u00eb verb\u00ebr, lyp\u00ebsa etj.<\/p>\n<h4><\/h4>\n<p>&nbsp;<\/p>\n<h4 style=\"text-align: center;\"><span class=\"ez-toc-section\" id=\"Veprimtari_te_larmishme_ne_kuader_te_Krishtlindjeve\"><\/span><strong>Veprimtari t\u00eb larmishme n\u00eb kuad\u00ebr t\u00eb Krishtlindjeve<\/strong><span class=\"ez-toc-section-end\"><\/span><\/h4>\n<p>&nbsp;<\/p>\n<p style=\"text-align: justify;\">\u00a0 \u00a0 Krishtlindjet sjellin g\u00ebzim m\u00eb t\u00eb madh kur secili jep di\u00e7ka nga vetja e tij. Ky parim mbetet burim frym\u00ebzimi p\u00ebr grat\u00eb vullnetare, t\u00eb cilat sh\u00ebrbejn\u00eb n\u00eb veprimtari t\u00eb ndryshme n\u00eb ndihm\u00eb t\u00eb njer\u00ebzve n\u00eb nevoj\u00eb. Muaji dhjetor fillon me nj\u00eb program t\u00eb pasur shpirt\u00ebror q\u00eb paraprihet me agripnin\u00eb (nj\u00eb seri sh\u00ebrbesash fetare q\u00eb kryhen gjat\u00eb nat\u00ebs) organizuar n\u00eb kish\u00ebn \u201cUngjill\u00ebzimi i Hyjlind\u00ebses\u201d, Tiran\u00eb. Grat\u00eb p\u00ebrgatisin buk\u00ebt e \u00ebmbla dhe grurin si edhe nxitin besimtar\u00ebt t\u00eb merrnin pjes\u00eb n\u00eb agripni. Studimi biblik dhe bisedat e p\u00ebrjavshme n\u00ebn drejtimin e teolog\u00ebve jan\u00eb nj\u00eb pjes\u00eb tjet\u00ebr e r\u00ebnd\u00ebsishme e programit shpirt\u00ebror q\u00eb ndikon n\u00eb zgjerimin e njohurive fetare rreth kuptimit t\u00eb fest\u00ebs s\u00eb Krishtlindjes.<\/p>\n<p style=\"text-align: justify;\">\u00a0\u00a0\u00a0 Nj\u00eb tjet\u00ebr dimension i veprimtarive t\u00eb grave vullnetare kan\u00eb qen\u00eb edhe pritjet e ve\u00e7anta \u00e7do t\u00eb mart\u00eb dhe t\u00eb enjte gjat\u00eb gjith\u00eb me nevojtar\u00ebt. N\u00eb k\u00ebt\u00eb periudh\u00eb, grat\u00eb orthodhokse, t\u00eb shoq\u00ebruara edhe nga klerik\u00ebt, vizitojn\u00eb rreth 100 gra t\u00eb moshuara dhe pleq t\u00eb vetmuar n\u00eb dy qendrat e sh\u00ebrbimit misionar t\u00eb motrave t\u00eb N\u00ebn\u00eb Terez\u00ebs, duke u shp\u00ebrndar\u00eb \u00ebmb\u00eblsira, detergjent\u00eb, veshmbathje, t\u00eb cilat punohen dhe sigurohen vullnetarisht nga vet\u00eb grat\u00eb besimtare.<\/p>\n<p style=\"text-align: justify;\">\u00a0\u00a0\u00a0 Vizita urimi kryhen edhe n\u00eb dy burgje t\u00eb Tiran\u00ebs, n\u00eb burgun nr. 325 dhe n\u00eb burgun nr. 313, ku shp\u00ebrndahen rreth 700 pako me \u00ebmb\u00eblsir\u00eb e veshmbathje p\u00ebr t\u00eb gjith\u00eb personat q\u00eb vuajn\u00eb d\u00ebnimin e tyre n\u00eb k\u00ebto burgje. Gjat\u00eb k\u00ebsaj periudhe, nj\u00eb ndihm\u00eb t\u00eb r\u00ebnd\u00ebsishme dha edhe komuniteti i besimtar\u00ebve n\u00eb arkat e ndihm\u00ebs p\u00ebr t\u00eb varfrit n\u00eb dy kishat e Tiran\u00ebs.<\/p>\n<p>&nbsp;<\/p>\n<h4 style=\"text-align: center;\"><span class=\"ez-toc-section\" id=\"Panair_me_punime_artizanale\"><\/span><strong>Panair me punime artizanale<\/strong><span class=\"ez-toc-section-end\"><\/span><\/h4>\n<p>&nbsp;<\/p>\n<p style=\"text-align: justify;\">\u00a0 \u00a0 N\u00eb kuadrin e fest\u00ebs s\u00eb Ungjill\u00ebzimit, q\u00eb prej vitit 2006 n\u00eb ambientin hyr\u00ebs t\u00eb kish\u00ebs \u201cUngjill\u00ebzimi i Hyjlind\u00ebses\u201d n\u00eb Tiran\u00eb zhvillohet nj\u00eb panair tre ditor. Organizimi dhe drejtimi i t\u00eb gjitha etapave t\u00eb k\u00ebsaj veprimtarie kryhet nga Lidhja e Grave Orthodhokse \u201cP\u00ebrhapja e Dashuris\u00eb\u201d Tiran\u00eb, e cila fillimisht p\u00ebrgatit njoftimet ku ftohen besimtar\u00ebt t\u00eb japin ndihmes\u00ebn e tyre p\u00ebrmes blerjes s\u00eb artikujve.<\/p>\n<p style=\"text-align: justify;\">\u00a0\u00a0\u00a0 T\u00eb ardhurat e siguruara nga panairi b\u00ebhen dhurat\u00eb me rastin e Pashk\u00ebs p\u00ebr f\u00ebmij\u00ebt e \u201cSht\u00ebpis\u00eb Orthodhokse t\u00eb Shpres\u00ebs\u201d n\u00eb Sh\u00ebn Vlash, pran\u00eb Durr\u00ebsit. Grat\u00eb ofrojn\u00eb punime dore t\u00eb ndryshme si: kryqe me grep, triko p\u00ebr bebe, pupa, shall, q\u00ebndisje me gjilp\u00ebr\u00eb, etj. dhe disa t\u00eb tjera p\u00ebrgatit\u00ebn lloje t\u00eb ndryshme re\u00e7el\u00ebsh, \u00ebmb\u00eblsira dhe byrek\u00eb kreshmor\u00eb. N\u00eb Panair ekspozohen gjithashtu artikuj fetar\u00eb si: kartolina me ikon\u00ebn e Ungjill\u00ebzimit, ikona druri dhe letre, kryqe, komboskin\u00eb etj.<\/p>\n<p>&nbsp;<\/p>\n","protected":false},"excerpt":{"rendered":"<p>&nbsp; Grat\u00eb Orthodhokse &nbsp; \u00a0\u00a0 \u00a0 Lidhja e Grave Orthodhokse \u201cP\u00ebrhapja e dashuris\u00eb\u201d ushtron veprimtari t\u00eb larmishme shpirt\u00ebrore e sociale. Grupi ushtron veprimtari n\u00eb familje t\u00eb varfra, n\u00eb burgje dhe azile, te f\u00ebmij\u00ebt jetim e gra t\u00eb veja, t\u00eb pastreh\u00eb e persona t\u00eb braktisur, t\u00eb s\u00ebmur\u00eb n\u00eb spitale dhe n\u00eb sht\u00ebpi, t\u00eb moshuar dhe persona t\u00eb vetmuar, t\u00eb paaft\u00eb p\u00ebr pun\u00eb e t\u00eb depresuar, lypsa<\/p>\n","protected":false},"author":1,"featured_media":23623,"comment_status":"closed","ping_status":"closed","sticky":false,"template":"","format":"standard","meta":{"_acf_changed":false,"pagelayer_contact_templates":[],"_pagelayer_content":"","inline_featured_image":false,"fifu_image_url":"","fifu_image_alt":"","footnotes":""},"categories":[252],"tags":[350,604],"class_list":["post-2012","post","type-post","status-publish","format-standard","has-post-thumbnail","hentry","category-grate-orthodhokse","tag-grate-orthodhokse-d50","tag-kujdesi-baritore"],"acf":[],"yoast_head":"<!-- This site is optimized with the Yoast SEO plugin v27.2 - https:\/\/yoast.com\/product\/yoast-seo-wordpress\/ -->\n<title>Grat\u00eb Orthodhokse - Kisha Orthodh\u03bfkse Autoqefale e Shqip\u00ebris\u00eb<\/title>\n<meta name=\"robots\" content=\"index, follow, max-snippet:-1, max-image-preview:large, max-video-preview:-1\" \/>\n<link rel=\"canonical\" href=\"https:\/\/orthodoxalbania.org\/2020\/1992\/09\/13\/grate-orthodhokse\/\" \/>\n<meta property=\"og:locale\" content=\"en_US\" \/>\n<meta property=\"og:type\" content=\"article\" \/>\n<meta property=\"og:title\" content=\"Grat\u00eb Orthodhokse - Kisha Orthodh\u03bfkse Autoqefale e Shqip\u00ebris\u00eb\" \/>\n<meta property=\"og:description\" content=\"&nbsp; Grat\u00eb Orthodhokse &nbsp; \u00a0\u00a0 \u00a0 Lidhja e Grave Orthodhokse \u201cP\u00ebrhapja e dashuris\u00eb\u201d ushtron veprimtari t\u00eb larmishme shpirt\u00ebrore e sociale. Grupi ushtron veprimtari n\u00eb familje t\u00eb varfra, n\u00eb burgje dhe azile, te f\u00ebmij\u00ebt jetim e gra t\u00eb veja, t\u00eb pastreh\u00eb e persona t\u00eb braktisur, t\u00eb s\u00ebmur\u00eb n\u00eb spitale dhe n\u00eb sht\u00ebpi, t\u00eb moshuar dhe persona t\u00eb vetmuar, t\u00eb paaft\u00eb p\u00ebr pun\u00eb e t\u00eb depresuar, lypsa\" \/>\n<meta property=\"og:url\" content=\"https:\/\/orthodoxalbania.org\/2020\/1992\/09\/13\/grate-orthodhokse\/\" \/>\n<meta property=\"og:site_name\" content=\"Kisha Orthodh\u03bfkse Autoqefale e Shqip\u00ebris\u00eb\" \/>\n<meta property=\"article:publisher\" content=\"https:\/\/www.facebook.com\/koash1991\" \/>\n<meta property=\"article:published_time\" content=\"1992-09-13T10:01:30+00:00\" \/>\n<meta property=\"article:modified_time\" content=\"2021-11-15T02:06:17+00:00\" \/>\n<meta property=\"og:image\" content=\"https:\/\/orthodoxalbania.org\/2020\/wp-content\/uploads\/2012\/09\/grate-orthodhokse.jpg\" \/>\n\t<meta property=\"og:image:width\" content=\"960\" \/>\n\t<meta property=\"og:image:height\" content=\"720\" \/>\n\t<meta property=\"og:image:type\" content=\"image\/jpeg\" \/>\n<meta name=\"author\" content=\"Kisha Orthodhokse\" \/>\n<meta name=\"twitter:card\" content=\"summary_large_image\" \/>\n<meta name=\"twitter:label1\" content=\"Written by\" \/>\n\t<meta name=\"twitter:data1\" content=\"Kisha Orthodhokse\" \/>\n\t<meta name=\"twitter:label2\" content=\"Est. reading time\" \/>\n\t<meta name=\"twitter:data2\" content=\"7 minutes\" \/>\n<script type=\"application\/ld+json\" class=\"yoast-schema-graph\">{\"@context\":\"https:\/\/schema.org\",\"@graph\":[{\"@type\":\"Article\",\"@id\":\"https:\/\/orthodoxalbania.org\/2020\/1992\/09\/13\/grate-orthodhokse\/#article\",\"isPartOf\":{\"@id\":\"https:\/\/orthodoxalbania.org\/2020\/1992\/09\/13\/grate-orthodhokse\/\"},\"author\":{\"name\":\"Kisha Orthodhokse\",\"@id\":\"https:\/\/orthodoxalbania.org\/2020\/#\/schema\/person\/0c387634a7063ac612d7ed9ce71c7e86\"},\"headline\":\"Grat\u00eb Orthodhokse\",\"datePublished\":\"1992-09-13T10:01:30+00:00\",\"dateModified\":\"2021-11-15T02:06:17+00:00\",\"mainEntityOfPage\":{\"@id\":\"https:\/\/orthodoxalbania.org\/2020\/1992\/09\/13\/grate-orthodhokse\/\"},\"wordCount\":1317,\"publisher\":{\"@id\":\"https:\/\/orthodoxalbania.org\/2020\/#organization\"},\"image\":{\"@id\":\"https:\/\/orthodoxalbania.org\/2020\/1992\/09\/13\/grate-orthodhokse\/#primaryimage\"},\"thumbnailUrl\":\"https:\/\/orthodoxalbania.org\/2020\/wp-content\/uploads\/2012\/09\/grate-orthodhokse.jpg\",\"keywords\":[\"Grate Orthodhokse\",\"Kujdesi Baritor\u00eb\"],\"articleSection\":[\"Grat\u00eb Orthodhokse\"],\"inLanguage\":\"en-US\"},{\"@type\":\"WebPage\",\"@id\":\"https:\/\/orthodoxalbania.org\/2020\/1992\/09\/13\/grate-orthodhokse\/\",\"url\":\"https:\/\/orthodoxalbania.org\/2020\/1992\/09\/13\/grate-orthodhokse\/\",\"name\":\"Grat\u00eb Orthodhokse - Kisha Orthodh\u03bfkse Autoqefale e Shqip\u00ebris\u00eb\",\"isPartOf\":{\"@id\":\"https:\/\/orthodoxalbania.org\/2020\/#website\"},\"primaryImageOfPage\":{\"@id\":\"https:\/\/orthodoxalbania.org\/2020\/1992\/09\/13\/grate-orthodhokse\/#primaryimage\"},\"image\":{\"@id\":\"https:\/\/orthodoxalbania.org\/2020\/1992\/09\/13\/grate-orthodhokse\/#primaryimage\"},\"thumbnailUrl\":\"https:\/\/orthodoxalbania.org\/2020\/wp-content\/uploads\/2012\/09\/grate-orthodhokse.jpg\",\"datePublished\":\"1992-09-13T10:01:30+00:00\",\"dateModified\":\"2021-11-15T02:06:17+00:00\",\"breadcrumb\":{\"@id\":\"https:\/\/orthodoxalbania.org\/2020\/1992\/09\/13\/grate-orthodhokse\/#breadcrumb\"},\"inLanguage\":\"en-US\",\"potentialAction\":[{\"@type\":\"ReadAction\",\"target\":[\"https:\/\/orthodoxalbania.org\/2020\/1992\/09\/13\/grate-orthodhokse\/\"]}]},{\"@type\":\"ImageObject\",\"inLanguage\":\"en-US\",\"@id\":\"https:\/\/orthodoxalbania.org\/2020\/1992\/09\/13\/grate-orthodhokse\/#primaryimage\",\"url\":\"https:\/\/orthodoxalbania.org\/2020\/wp-content\/uploads\/2012\/09\/grate-orthodhokse.jpg\",\"contentUrl\":\"https:\/\/orthodoxalbania.org\/2020\/wp-content\/uploads\/2012\/09\/grate-orthodhokse.jpg\",\"width\":960,\"height\":720},{\"@type\":\"BreadcrumbList\",\"@id\":\"https:\/\/orthodoxalbania.org\/2020\/1992\/09\/13\/grate-orthodhokse\/#breadcrumb\",\"itemListElement\":[{\"@type\":\"ListItem\",\"position\":1,\"name\":\"Home\",\"item\":\"https:\/\/orthodoxalbania.org\/2020\/\"},{\"@type\":\"ListItem\",\"position\":2,\"name\":\"Grat\u00eb Orthodhokse\"}]},{\"@type\":\"WebSite\",\"@id\":\"https:\/\/orthodoxalbania.org\/2020\/#website\",\"url\":\"https:\/\/orthodoxalbania.org\/2020\/\",\"name\":\"Kisha Orthodh\u03bfkse Autoqefale e Shqip\u00ebris\u00eb\",\"description\":\"Fqja Zyrtare e Kish\u00ebs Orthodhokse Autoqefale e Shqip\u00ebris\u00eb me lajmet edhe informacionet zyrtare p\u00ebr struktur\u00ebn edhe veprimtarin e saj.\",\"publisher\":{\"@id\":\"https:\/\/orthodoxalbania.org\/2020\/#organization\"},\"potentialAction\":[{\"@type\":\"SearchAction\",\"target\":{\"@type\":\"EntryPoint\",\"urlTemplate\":\"https:\/\/orthodoxalbania.org\/2020\/?s={search_term_string}\"},\"query-input\":{\"@type\":\"PropertyValueSpecification\",\"valueRequired\":true,\"valueName\":\"search_term_string\"}}],\"inLanguage\":\"en-US\"},{\"@type\":\"Organization\",\"@id\":\"https:\/\/orthodoxalbania.org\/2020\/#organization\",\"name\":\"Kisha Orthodhokse Autoqefale e Shqip\u00ebris\u00eb\",\"url\":\"https:\/\/orthodoxalbania.org\/2020\/\",\"logo\":{\"@type\":\"ImageObject\",\"inLanguage\":\"en-US\",\"@id\":\"https:\/\/orthodoxalbania.org\/2020\/#\/schema\/logo\/image\/\",\"url\":\"https:\/\/orthodoxalbania.org\/2020\/wp-content\/uploads\/2020\/05\/albania.jpeg\",\"contentUrl\":\"https:\/\/orthodoxalbania.org\/2020\/wp-content\/uploads\/2020\/05\/albania.jpeg\",\"width\":540,\"height\":540,\"caption\":\"Kisha Orthodhokse Autoqefale e Shqip\u00ebris\u00eb\"},\"image\":{\"@id\":\"https:\/\/orthodoxalbania.org\/2020\/#\/schema\/logo\/image\/\"},\"sameAs\":[\"https:\/\/www.facebook.com\/koash1991\"]},{\"@type\":\"Person\",\"@id\":\"https:\/\/orthodoxalbania.org\/2020\/#\/schema\/person\/0c387634a7063ac612d7ed9ce71c7e86\",\"name\":\"Kisha Orthodhokse\",\"image\":{\"@type\":\"ImageObject\",\"inLanguage\":\"en-US\",\"@id\":\"https:\/\/secure.gravatar.com\/avatar\/596e7c417251e30f2fbb9c00e026fce61a695a00e51c889caded71c96cbbdde5?s=96&d=mm&r=g\",\"url\":\"https:\/\/secure.gravatar.com\/avatar\/596e7c417251e30f2fbb9c00e026fce61a695a00e51c889caded71c96cbbdde5?s=96&d=mm&r=g\",\"contentUrl\":\"https:\/\/secure.gravatar.com\/avatar\/596e7c417251e30f2fbb9c00e026fce61a695a00e51c889caded71c96cbbdde5?s=96&d=mm&r=g\",\"caption\":\"Kisha Orthodhokse\"}}]}<\/script>\n<!-- \/ Yoast SEO plugin. -->","yoast_head_json":{"title":"Grat\u00eb Orthodhokse - Kisha Orthodh\u03bfkse Autoqefale e Shqip\u00ebris\u00eb","robots":{"index":"index","follow":"follow","max-snippet":"max-snippet:-1","max-image-preview":"max-image-preview:large","max-video-preview":"max-video-preview:-1"},"canonical":"https:\/\/orthodoxalbania.org\/2020\/1992\/09\/13\/grate-orthodhokse\/","og_locale":"en_US","og_type":"article","og_title":"Grat\u00eb Orthodhokse - Kisha Orthodh\u03bfkse Autoqefale e Shqip\u00ebris\u00eb","og_description":"&nbsp; Grat\u00eb Orthodhokse &nbsp; \u00a0\u00a0 \u00a0 Lidhja e Grave Orthodhokse \u201cP\u00ebrhapja e dashuris\u00eb\u201d ushtron veprimtari t\u00eb larmishme shpirt\u00ebrore e sociale. Grupi ushtron veprimtari n\u00eb familje t\u00eb varfra, n\u00eb burgje dhe azile, te f\u00ebmij\u00ebt jetim e gra t\u00eb veja, t\u00eb pastreh\u00eb e persona t\u00eb braktisur, t\u00eb s\u00ebmur\u00eb n\u00eb spitale dhe n\u00eb sht\u00ebpi, t\u00eb moshuar dhe persona t\u00eb vetmuar, t\u00eb paaft\u00eb p\u00ebr pun\u00eb e t\u00eb depresuar, lypsa","og_url":"https:\/\/orthodoxalbania.org\/2020\/1992\/09\/13\/grate-orthodhokse\/","og_site_name":"Kisha Orthodh\u03bfkse Autoqefale e Shqip\u00ebris\u00eb","article_publisher":"https:\/\/www.facebook.com\/koash1991","article_published_time":"1992-09-13T10:01:30+00:00","article_modified_time":"2021-11-15T02:06:17+00:00","og_image":[{"width":960,"height":720,"url":"https:\/\/orthodoxalbania.org\/2020\/wp-content\/uploads\/2012\/09\/grate-orthodhokse.jpg","type":"image\/jpeg"}],"author":"Kisha Orthodhokse","twitter_card":"summary_large_image","twitter_misc":{"Written by":"Kisha Orthodhokse","Est. reading time":"7 minutes"},"schema":{"@context":"https:\/\/schema.org","@graph":[{"@type":"Article","@id":"https:\/\/orthodoxalbania.org\/2020\/1992\/09\/13\/grate-orthodhokse\/#article","isPartOf":{"@id":"https:\/\/orthodoxalbania.org\/2020\/1992\/09\/13\/grate-orthodhokse\/"},"author":{"name":"Kisha Orthodhokse","@id":"https:\/\/orthodoxalbania.org\/2020\/#\/schema\/person\/0c387634a7063ac612d7ed9ce71c7e86"},"headline":"Grat\u00eb Orthodhokse","datePublished":"1992-09-13T10:01:30+00:00","dateModified":"2021-11-15T02:06:17+00:00","mainEntityOfPage":{"@id":"https:\/\/orthodoxalbania.org\/2020\/1992\/09\/13\/grate-orthodhokse\/"},"wordCount":1317,"publisher":{"@id":"https:\/\/orthodoxalbania.org\/2020\/#organization"},"image":{"@id":"https:\/\/orthodoxalbania.org\/2020\/1992\/09\/13\/grate-orthodhokse\/#primaryimage"},"thumbnailUrl":"https:\/\/orthodoxalbania.org\/2020\/wp-content\/uploads\/2012\/09\/grate-orthodhokse.jpg","keywords":["Grate Orthodhokse","Kujdesi Baritor\u00eb"],"articleSection":["Grat\u00eb Orthodhokse"],"inLanguage":"en-US"},{"@type":"WebPage","@id":"https:\/\/orthodoxalbania.org\/2020\/1992\/09\/13\/grate-orthodhokse\/","url":"https:\/\/orthodoxalbania.org\/2020\/1992\/09\/13\/grate-orthodhokse\/","name":"Grat\u00eb Orthodhokse - Kisha Orthodh\u03bfkse Autoqefale e Shqip\u00ebris\u00eb","isPartOf":{"@id":"https:\/\/orthodoxalbania.org\/2020\/#website"},"primaryImageOfPage":{"@id":"https:\/\/orthodoxalbania.org\/2020\/1992\/09\/13\/grate-orthodhokse\/#primaryimage"},"image":{"@id":"https:\/\/orthodoxalbania.org\/2020\/1992\/09\/13\/grate-orthodhokse\/#primaryimage"},"thumbnailUrl":"https:\/\/orthodoxalbania.org\/2020\/wp-content\/uploads\/2012\/09\/grate-orthodhokse.jpg","datePublished":"1992-09-13T10:01:30+00:00","dateModified":"2021-11-15T02:06:17+00:00","breadcrumb":{"@id":"https:\/\/orthodoxalbania.org\/2020\/1992\/09\/13\/grate-orthodhokse\/#breadcrumb"},"inLanguage":"en-US","potentialAction":[{"@type":"ReadAction","target":["https:\/\/orthodoxalbania.org\/2020\/1992\/09\/13\/grate-orthodhokse\/"]}]},{"@type":"ImageObject","inLanguage":"en-US","@id":"https:\/\/orthodoxalbania.org\/2020\/1992\/09\/13\/grate-orthodhokse\/#primaryimage","url":"https:\/\/orthodoxalbania.org\/2020\/wp-content\/uploads\/2012\/09\/grate-orthodhokse.jpg","contentUrl":"https:\/\/orthodoxalbania.org\/2020\/wp-content\/uploads\/2012\/09\/grate-orthodhokse.jpg","width":960,"height":720},{"@type":"BreadcrumbList","@id":"https:\/\/orthodoxalbania.org\/2020\/1992\/09\/13\/grate-orthodhokse\/#breadcrumb","itemListElement":[{"@type":"ListItem","position":1,"name":"Home","item":"https:\/\/orthodoxalbania.org\/2020\/"},{"@type":"ListItem","position":2,"name":"Grat\u00eb Orthodhokse"}]},{"@type":"WebSite","@id":"https:\/\/orthodoxalbania.org\/2020\/#website","url":"https:\/\/orthodoxalbania.org\/2020\/","name":"Kisha Orthodh\u03bfkse Autoqefale e Shqip\u00ebris\u00eb","description":"Fqja Zyrtare e Kish\u00ebs Orthodhokse Autoqefale e Shqip\u00ebris\u00eb me lajmet edhe informacionet zyrtare p\u00ebr struktur\u00ebn edhe veprimtarin e saj.","publisher":{"@id":"https:\/\/orthodoxalbania.org\/2020\/#organization"},"potentialAction":[{"@type":"SearchAction","target":{"@type":"EntryPoint","urlTemplate":"https:\/\/orthodoxalbania.org\/2020\/?s={search_term_string}"},"query-input":{"@type":"PropertyValueSpecification","valueRequired":true,"valueName":"search_term_string"}}],"inLanguage":"en-US"},{"@type":"Organization","@id":"https:\/\/orthodoxalbania.org\/2020\/#organization","name":"Kisha Orthodhokse Autoqefale e Shqip\u00ebris\u00eb","url":"https:\/\/orthodoxalbania.org\/2020\/","logo":{"@type":"ImageObject","inLanguage":"en-US","@id":"https:\/\/orthodoxalbania.org\/2020\/#\/schema\/logo\/image\/","url":"https:\/\/orthodoxalbania.org\/2020\/wp-content\/uploads\/2020\/05\/albania.jpeg","contentUrl":"https:\/\/orthodoxalbania.org\/2020\/wp-content\/uploads\/2020\/05\/albania.jpeg","width":540,"height":540,"caption":"Kisha Orthodhokse Autoqefale e Shqip\u00ebris\u00eb"},"image":{"@id":"https:\/\/orthodoxalbania.org\/2020\/#\/schema\/logo\/image\/"},"sameAs":["https:\/\/www.facebook.com\/koash1991"]},{"@type":"Person","@id":"https:\/\/orthodoxalbania.org\/2020\/#\/schema\/person\/0c387634a7063ac612d7ed9ce71c7e86","name":"Kisha Orthodhokse","image":{"@type":"ImageObject","inLanguage":"en-US","@id":"https:\/\/secure.gravatar.com\/avatar\/596e7c417251e30f2fbb9c00e026fce61a695a00e51c889caded71c96cbbdde5?s=96&d=mm&r=g","url":"https:\/\/secure.gravatar.com\/avatar\/596e7c417251e30f2fbb9c00e026fce61a695a00e51c889caded71c96cbbdde5?s=96&d=mm&r=g","contentUrl":"https:\/\/secure.gravatar.com\/avatar\/596e7c417251e30f2fbb9c00e026fce61a695a00e51c889caded71c96cbbdde5?s=96&d=mm&r=g","caption":"Kisha Orthodhokse"}}]}},"_links":{"self":[{"href":"https:\/\/orthodoxalbania.org\/2020\/wp-json\/wp\/v2\/posts\/2012","targetHints":{"allow":["GET"]}}],"collection":[{"href":"https:\/\/orthodoxalbania.org\/2020\/wp-json\/wp\/v2\/posts"}],"about":[{"href":"https:\/\/orthodoxalbania.org\/2020\/wp-json\/wp\/v2\/types\/post"}],"author":[{"embeddable":true,"href":"https:\/\/orthodoxalbania.org\/2020\/wp-json\/wp\/v2\/users\/1"}],"replies":[{"embeddable":true,"href":"https:\/\/orthodoxalbania.org\/2020\/wp-json\/wp\/v2\/comments?post=2012"}],"version-history":[{"count":4,"href":"https:\/\/orthodoxalbania.org\/2020\/wp-json\/wp\/v2\/posts\/2012\/revisions"}],"predecessor-version":[{"id":23625,"href":"https:\/\/orthodoxalbania.org\/2020\/wp-json\/wp\/v2\/posts\/2012\/revisions\/23625"}],"wp:featuredmedia":[{"embeddable":true,"href":"https:\/\/orthodoxalbania.org\/2020\/wp-json\/wp\/v2\/media\/23623"}],"wp:attachment":[{"href":"https:\/\/orthodoxalbania.org\/2020\/wp-json\/wp\/v2\/media?parent=2012"}],"wp:term":[{"taxonomy":"category","embeddable":true,"href":"https:\/\/orthodoxalbania.org\/2020\/wp-json\/wp\/v2\/categories?post=2012"},{"taxonomy":"post_tag","embeddable":true,"href":"https:\/\/orthodoxalbania.org\/2020\/wp-json\/wp\/v2\/tags?post=2012"}],"curies":[{"name":"wp","href":"https:\/\/api.w.org\/{rel}","templated":true}]}}