{"id":2011,"date":"1992-04-09T09:52:51","date_gmt":"1992-04-09T07:52:51","guid":{"rendered":""},"modified":"2021-11-15T03:18:49","modified_gmt":"2021-11-15T02:18:49","slug":"femijet","status":"publish","type":"post","link":"https:\/\/orthodoxalbania.org\/2020\/1992\/04\/09\/femijet\/","title":{"rendered":"F\u00ebmij\u00ebt"},"content":{"rendered":"<h4 style=\"text-align: center;\"><span class=\"ez-toc-section\" id=\"Femijet\"><\/span><strong>F\u00ebmij\u00ebt<\/strong><span class=\"ez-toc-section-end\"><\/span><\/h4>\n<p>&nbsp;<\/p>\n<p style=\"text-align: justify;\">Kisha Orthodhokse Autoqefale e Shqip\u00ebris\u00eb, n\u00ebn drejtimin e Fortlumturis\u00eb s\u00eb Tij, Kryepiskopit Anastas, q\u00eb n\u00eb vitin 1992, i kushtoi v\u00ebmendje t\u00eb ve\u00e7ant\u00eb ungjill\u00ebzimit, edukimit dhe arg\u00ebtimit t\u00eb f\u00ebmij\u00ebve.<\/p>\n<p style=\"text-align: justify;\">Besimtar\u00ebt, student\u00ebt e Seminarit Teologjik-Hieratik t\u00eb Durr\u00ebsit e m\u00eb von\u00eb t\u00eb Akademis\u00eb Teologjike dhe klerik\u00ebt vend\u00ebs, me ndihm\u00ebn edhe t\u00eb bashk\u00ebpun\u00ebtor\u00ebve misionar\u00eb, krijuan mund\u00ebsin\u00eb e takimeve dhe organizimeve t\u00eb grupeve t\u00eb katekizmit n\u00eb t\u00eb gjith\u00eb Shqip\u00ebrin\u00eb me mosha t\u00eb ndryshme, duke p\u00ebrfshir\u00eb edhe f\u00ebmij\u00ebt.<\/p>\n<p style=\"text-align: justify;\">Me pun\u00ebn e madhe katekitike disa vje\u00e7are u b\u00eb e mundur afrimi i shum\u00eb f\u00ebmij\u00ebve dhe u pa e nevojshme klasifikimi n\u00eb baz\u00eb t\u00eb specifik\u00ebs s\u00eb pun\u00ebs, arsimit, p\u00ebrvoj\u00ebs dhe t\u00eb p\u00ebrkushtimit q\u00eb k\u00ebrkon kjo mosh\u00eb. K\u00ebshtu, n\u00eb vitin 2001 u ngrit Zyra Qendrore e F\u00ebmij\u00ebve me moton: \u201cM\u00ebsoji f\u00ebmij\u00ebs rrug\u00ebn q\u00eb duhet t\u00eb ndjek\u00eb, dhe ai nuk do t\u00eb largohet prej saj edhe kur t\u00eb plaket\u201d (Fjal\u00ebt e Urta 22:6).<\/p>\n<p style=\"text-align: justify;\">Menj\u00ebher\u00eb filluan aktivitetet dhe programet n\u00eb rang lokal dhe republike. Aktiviteti i par\u00eb i k\u00ebsaj zyre ishte kampi ditor veror p\u00ebr f\u00ebmij\u00eb n\u00eb zon\u00ebn e Shpatit t\u00eb Elbasanit dhe pas k\u00ebtij aktiviteti, nj\u00eb s\u00ebr\u00eb aktivitetesh dhe programesh pasuan p\u00ebr f\u00ebmij\u00ebt. Me kalimin e koh\u00ebs, kjo zyr\u00eb sigurisht q\u00eb e zgjeroi shum\u00eb gam\u00ebn e aktiviteteve dhe programeve, por rriti edhe numrin e punonj\u00ebsve. Zyra bashk\u00ebpunon prej vitesh me klerik\u00ebt, zyrat qendrore dhe lokale t\u00eb katekizmit dhe t\u00eb rinis\u00eb si edhe me Akademin\u00eb Teologjike.<\/p>\n<p style=\"text-align: justify;\">Q\u00ebllimi i Zyr\u00ebs Qendrore t\u00eb F\u00ebmij\u00ebve \u00ebsht\u00eb t\u00eb ndihmoj\u00eb f\u00ebmij\u00ebt t\u00eb p\u00ebrmbushin potencialin e tyre t\u00eb plot\u00eb, si qenie njer\u00ebzore t\u00eb krijuara sipas sh\u00ebmb\u00eblltyr\u00ebs s\u00eb Per\u00ebndis\u00eb dhe t\u00eb rriten n\u00eb ngjashm\u00ebrin\u00eb e Tij, n\u00ebp\u00ebrmjet programeve q\u00eb i ndihmojn\u00eb ata t\u00eb zhvillohen nga ana shpirt\u00ebrore, shoq\u00ebrore, emocionale, intelektuale dhe fizike. Zyra ka si synim sh\u00ebrbimin e f\u00ebmij\u00ebve n\u00eb m\u00ebnyra t\u00eb larmishme dhe n\u00ebp\u00ebrmjet aktiviteteve t\u00eb ndryshme. Zoti Krisht tha: \u201cL\u00ebrini f\u00ebmij\u00ebt e vegj\u00ebl t\u00eb vijn\u00eb tek un\u00eb dhe mos i pengoni, sepse e tyre \u00ebsht\u00eb mbret\u00ebria e Per\u00ebndis\u00eb\u201d (Mk. 10:14).<\/p>\n<p style=\"text-align: justify;\">Nj\u00eb nga objektivat kryesor\u00eb t\u00eb k\u00ebsaj zyre ishte dhe \u00ebsht\u00eb rritja e kapacitetit dhe e aft\u00ebsis\u00eb s\u00eb punonj\u00ebsve dhe vullnetar\u00ebve, n\u00ebp\u00ebrmjet trajnimeve, seminareve dhe pun\u00ebve n\u00eb grupe.<\/p>\n<h4><\/h4>\n<h4 style=\"text-align: center;\"><span class=\"ez-toc-section\" id=\"Aktivitetet\"><\/span><strong>Aktivitetet:<\/strong><span class=\"ez-toc-section-end\"><\/span><\/h4>\n<h4 style=\"text-align: center;\"><span class=\"ez-toc-section\" id=\"Qendrat_e_femijeve\"><\/span><strong>Qendrat e f\u00ebmij\u00ebve<\/strong><span class=\"ez-toc-section-end\"><\/span><\/h4>\n<h4 style=\"text-align: center;\"><span class=\"ez-toc-section\" id=\"a_Programe_javore\"><\/span><strong>a) Programe javore<\/strong><span class=\"ez-toc-section-end\"><\/span><\/h4>\n<p>&nbsp;<\/p>\n<p style=\"text-align: justify;\">P\u00ebr t\u2019i afruar f\u00ebmij\u00ebt m\u00eb pran\u00eb Krishtit, p\u00ebr t\u2019u m\u00ebsuar atyre udh\u00ebn ku duhet t\u00eb shkojn\u00eb, nj\u00eb nga sh\u00ebrbimet q\u00eb Zyra Qendrore e F\u00ebmij\u00ebve ofron jan\u00eb programet javore. Sot p\u00ebr sot, punonj\u00ebsit e saj punojn\u00eb me rreth 400 f\u00ebmij\u00eb n\u00eb 7 zona t\u00eb ndryshme t\u00eb Tiran\u00ebs dhe me shum\u00eb t\u00eb tjer\u00eb n\u00eb disa zona t\u00eb vendit.<\/p>\n<p style=\"text-align: justify;\">Programi p\u00ebrmban m\u00ebsimin biblik, ku f\u00ebmij\u00ebt prezantohen me historit\u00eb biblike n\u00eb m\u00ebnyr\u00eb krijuese, p\u00ebrshtatur p\u00ebr mosh\u00ebn e tyre, duke p\u00ebrdorur libra me metodat bashk\u00ebkohore t\u00eb m\u00ebsimdh\u00ebnies, pun\u00eb dore, p\u00ebrmes s\u00eb cil\u00ebs m\u00ebsimi biblik ritheksohet n\u00eb m\u00ebnyr\u00eb krijuese e artistike, koktej, loj\u00ebra dhe k\u00ebng\u00eb. Ky program zhvillohet gjat\u00eb periudh\u00ebs s\u00eb shkoll\u00ebs.<\/p>\n<p style=\"text-align: justify;\">Brenda programit t\u00eb k\u00ebsaj Zyre p\u00ebrfshihen edhe botimet e librave ku pasqyrohen aktivitetet e saj, botimet e \u201ckurrikulave\u201d dhe trajnime p\u00ebr m\u00ebsues n\u00eb rrethe t\u00eb ndryshme p\u00ebr k\u00ebto programeve javore.<\/p>\n<h4 style=\"text-align: center;\"><\/h4>\n<h4 style=\"text-align: center;\"><span class=\"ez-toc-section\" id=\"b_Biblioteka_dhe_kurset_e_kompjuterit\"><\/span><strong>b) Biblioteka dhe kurset e kompjuterit<\/strong><span class=\"ez-toc-section-end\"><\/span><\/h4>\n<p>&nbsp;<\/p>\n<p style=\"text-align: justify;\">N\u00eb disa prej Qendrave t\u00eb F\u00ebmij\u00ebve ofrohet edhe aktiviteti i Bibliotek\u00ebs dhe Kurseve t\u00eb Kompjuterit. Kursi i kompjuterit u siguron f\u00ebmij\u00ebve mund\u00ebsin\u00eb q\u00eb t\u00eb m\u00ebsojn\u00eb aft\u00ebsit\u00eb baz\u00eb kompjuterike t\u00eb cilat u nevojiten p\u00ebr plot\u00ebsimin e tyre profesional n\u00eb t\u00eb ardhmen.<\/p>\n<p style=\"text-align: justify;\">Biblioteka siguron nj\u00eb ambient t\u00eb sigurt dhe t\u00eb ngroht\u00eb n\u00eb t\u00eb cil\u00ebn f\u00ebmij\u00ebt mund t\u00eb kalojn\u00eb koh\u00ebn e tyre, t\u00eb luajn\u00eb, t\u00eb lexojn\u00eb dhe t\u00eb studiojn\u00eb s\u00eb bashku. Stafi i Zyr\u00ebs s\u00eb F\u00ebmij\u00ebve organizon aktivitete n\u00eb grup t\u00eb vog\u00ebl dhe i ndihmon f\u00ebmij\u00ebt t\u00eb p\u00ebrgatisin m\u00ebsimet e tyre shkollore n\u00eb m\u00ebnyr\u00ebn e duhur.<\/p>\n<h4><\/h4>\n<h4 style=\"text-align: center;\"><span class=\"ez-toc-section\" id=\"Miku_i_vogel_i_librit\"><\/span><strong>Miku i vog\u00ebl i librit<\/strong><span class=\"ez-toc-section-end\"><\/span><\/h4>\n<p>&nbsp;<\/p>\n<p style=\"text-align: justify;\">N\u00eb qendr\u00ebn e f\u00ebmij\u00ebve pran\u00eb Katedrales \u201cNgjallja e Krishtit\u201d, zhvillohet nj\u00eb aktivitet i quajtur \u201cMiku i vog\u00ebl i librit\u201d. Ky aktivitet zhvillohet t\u00eb shtunave, nga ora 10:00 -12:00, dy her\u00eb n\u00eb muaj (t\u00eb shtun\u00ebn e 1-r\u00eb dhe t\u00eb 3-t\u00eb t\u00eb cdo muaji). N\u00eb k\u00ebt\u00eb qend\u00ebr Zyra ka siguruar nj\u00eb num\u00ebr t\u00eb konsideruesh\u00ebm librash (shpirt\u00ebror, artistik dhe enciklopedik) t\u00eb cil\u00ebn jan\u00eb n\u00eb dispozicion t\u00eb f\u00ebmij\u00ebve. Gjat\u00eb k\u00ebsaj kohe f\u00ebmij\u00ebt mund t\u00eb viijn\u00eb, t\u00eb lexojn\u00eb, t\u00eb b\u00ebjn\u00eb pun\u00eb krijuese dhe t\u00eb arg\u00ebtohen n\u00eb shoq\u00ebrin\u00eb e njeri-tjetrit. N\u00eb fund t\u00eb aktivitetit ata mund t\u00eb p\u00ebrzgjedhin librat t\u00eb cil\u00ebt d\u00ebshirojn\u00eb ti marrin me vete n\u00eb sht\u00ebpit\u00eb e tyre p\u00ebr ti lexuar dhe p\u00ebr ti kthyer s\u00ebrisht n\u00eb takimin e ardhsh\u00ebm.<\/p>\n<h4><\/h4>\n<h4 style=\"text-align: center;\"><span class=\"ez-toc-section\" id=\"Liturgji_Hyjnore_ne_Bathore\"><\/span><strong>Liturgji Hyjnore n\u00eb Bathore<\/strong><span class=\"ez-toc-section-end\"><\/span><\/h4>\n<p>&nbsp;<\/p>\n<p style=\"text-align: justify;\">Prej tre vjet\u00ebsh tashm\u00eb, t\u00eb shtun\u00ebn e fundit t\u00eb cdo muaji, zhvillohet Liturgji Hyjnore n\u00eb Bathore. U b\u00ebn\u00eb 10 vjet q\u00eb Zyra e F\u00ebmij\u00ebve punon me komunitetin ne Bathore (f\u00ebmij\u00eb, adoleshent\u00eb dhe gra), dhe me Hirin e Per\u00ebndis\u00eb disa prej tyre jan\u00eb pag\u00ebzuar dhe kan\u00eb pranuar Krishtin n\u00eb zemrat e tyre. Por ekzistonte mungesa e nj\u00eb Kishe p\u00ebr t\u00eb kryer edhe misteret e tjera dhe mbi t\u00eb gjitha Liturgjin\u00eb Hyjnore. K\u00ebshtu q\u00eb u pa e arsyeshme dhe me bekimin e Kryepeshkopit Anastas, 3 vjet m\u00eb par\u00eb filluan t\u00eb zhvilloheshin Liturgji Hyjnore n\u00eb ambientet e sht\u00ebpis\u00eb ku zhvillohen aktivitetetet. N\u00eb k\u00ebto Liturgji Hyjnore marrin pjes\u00eb t\u00eb giitha grupmoshat duke filluar nga f\u00ebmij\u00ebt, adoleshent\u00ebt dhe deri tek t\u00eb rriturit. Pas Liturgjis\u00eb Hyjnore ulen t\u00eb gjith\u00eb s\u00eb bashku p\u00ebr t\u00eb kaluar nj\u00eb koh\u00eb n\u00eb shoq\u00ebrin\u00eb e njeri-tjetrit dhe p\u00ebr t\u00eb krijuar e forcuar edhe m\u00eb tep\u00ebr ndjenj\u00ebn e komunitetit.<\/p>\n<h4><\/h4>\n<h4 style=\"text-align: center;\"><span class=\"ez-toc-section\" id=\"Aktivitetet_me_adoleshente\"><\/span><strong>Aktivitetet me adoleshent\u00eb<\/strong><span class=\"ez-toc-section-end\"><\/span><\/h4>\n<p>&nbsp;<\/p>\n<p style=\"text-align: justify;\">Prej 6 vjet\u00ebsh tashm\u00eb Zyra e F\u00ebmij\u00ebve zhvillon aktivitete edhe p\u00ebr f\u00ebmij\u00ebt e grupmoshave m\u00eb t\u00eb m\u00ebdha, 13-17 vjec, adoleshent\u00ebt. Aktivitetet zhvillohen cdo jav\u00eb, n\u00eb 4 zona t\u00eb ndryshme t\u00eb Tiran\u00ebs. Q\u00ebllimi kryesor i k\u00ebtyre aktiviteteve \u00ebsht\u00eb t\u00eb ndihmojm\u00eb adoleshent\u00ebt t\u00eb afrohen sa m\u00eb shum\u00eb me Krishtin dhe Kish\u00ebn e Tij dhe ti japin Atij vendin kryesor dhe udh\u00ebheqes n\u00eb jet\u00ebn e tyre. N\u00eb k\u00ebto aktivitete f\u00ebmij\u00ebt m\u00ebsojm\u00eb p\u00ebr Per\u00ebndin\u00eb, zhvillojn\u00eb aft\u00ebsit\u00eb e tyre krijuese n\u00ebp\u00ebrmjet puniveve t\u00eb dor\u00ebs, k\u00ebndojn\u00eb e arg\u00ebtohen s\u00eb bashku. Shum\u00eb i r\u00ebnd\u00ebsish\u00ebm \u00ebsht\u00eb fakti se ne k\u00ebto aktivitete f\u00ebmij\u00ebt mund t\u00eb gjejn\u00eb nj\u00eb ambient t\u00eb ngroht\u00eb, t\u00eb dashur dhe t\u00eb sigurt n\u00eb shoq\u00ebrin\u00eb e m\u00ebsueve dhe bashk\u00ebmoshatar\u00ebve t\u00eb tyre. Her\u00eb pas here zhvillohen edhe aktivitete sportive me qendrat simotra t\u00eb Tiran\u00ebs, si edhe pelegrinazhe n\u00eb vende t\u00eb shenjta, t\u00eb vendit ton\u00eb.<\/p>\n<h4><\/h4>\n<h4 style=\"text-align: center;\"><span class=\"ez-toc-section\" id=\"Aktivitet_me_prinder\"><\/span><strong>Aktivitet me prind\u00ebr<\/strong><span class=\"ez-toc-section-end\"><\/span><\/h4>\n<p>&nbsp;<\/p>\n<p style=\"text-align: justify;\">Zyra e F\u00ebmij\u00ebve prej 4 vjet\u00ebsh zhvillon takime shpirt\u00ebrore edhe me prind\u00ebrit n\u00eb Katedralen \u201cNgjallja e Krishtit\u201d. Ky aktivitet zhvillohet cdo t\u00eb diel, pas Liturgjis\u00eb Hyjnore. N\u00eb t\u00eb nj\u00ebjt\u00ebn koh\u00eb, paralelisht, zhvillohet edhe aktivetiti me f\u00ebmij\u00eb dhe adoleshent\u00eb. N\u00eb k\u00ebto takime prind\u00ebrit kan\u00eb mund\u00ebsi q\u00eb t\u00eb m\u00ebsojm\u00eb m\u00eb tep\u00ebr rreth Per\u00ebndis\u00eb, t\u00eb diskutojn\u00eb tema dhe pyetje t\u00eb ndryshme n\u00eb lidhje me besimin apo sociale. Gjithashtu ata kan\u00eb mund\u00ebsi t\u00eb kalojn\u00eb nj\u00eb koh\u00eb t\u00eb bukur dhe t\u00eb k\u00ebnaq\u00ebshme n\u00eb pranin\u00eb e njeri- tjertit, t\u00eb rrisin shoq\u00ebrin\u00eb dhe t\u00eb forcojn\u00eb edhe m\u00eb tep\u00ebr ndjenj\u00ebn e komunitetit midis tyre. Her\u00eb pas here me grupin e prind\u00ebrve, se bashku me f\u00ebmij\u00ebt e tyre, organizohen ekskursione dhe pelegrinazhe n\u00eb vende t\u00eb shenjta. N\u00eb k\u00ebto ekskursione ata kan\u00eb mund\u00ebsi t\u00eb vizitojn\u00eb dhe nderojn\u00eb vende t\u00eb shenjta t\u00eb ndryshme por edhe t\u00eb kalojn\u00eb nj\u00eb dit\u00eb shum\u00eb t\u00eb g\u00ebzueshme dhe arg\u00ebtuese n\u00eb pranin\u00eb e t\u00eb gjith\u00eb familjar\u00ebve t\u00eb tyre.<\/p>\n<h4><\/h4>\n<h4 style=\"text-align: center;\"><span class=\"ez-toc-section\" id=\"Nenat_ne_lutje\"><\/span><strong>N\u00ebnat n\u00eb lutje<\/strong><span class=\"ez-toc-section-end\"><\/span><\/h4>\n<p>&nbsp;<\/p>\n<p style=\"text-align: justify;\">Nj\u00eb tjet\u00ebr aktivitet q\u00eb Zyra e F\u00ebmij\u00ebve zhvillon \u00ebsht\u00eb \u201cN\u00ebnat n\u00eb lutje\u201d. Cdo t\u00eb premte, n\u00eb or\u00ebn gjasht\u00eb, n\u00eb sall\u00ebn e f\u00ebmij\u00ebve, n\u00eb Katedralen \u201cNgjallja e Krishtit\u201d, n\u00ebnat (zakonisht n\u00ebnat e f\u00ebmij\u00ebve q\u00eb marrin pjes\u00eb n\u00eb aktivitetin e s\u00eb diel\u00ebs, n\u00eb Katedralen \u201cNgjallja e Krishtit\u2019 por edhe t\u00eb tjera) mbidhen s\u00eb bashku p\u00ebr tu lutur p\u00ebr f\u00ebmij\u00ebt e tyre. Pas lutjes ato kalojn\u00eb nj\u00eb koh\u00eb s\u00eb bashku, p\u00ebr t\u00eb ndar\u00eb me nj\u00ebra tjetr\u00ebn g\u00ebzimet dhe shqet\u00ebsimet e jav\u00ebs. Ato diskuton\u00eb edhe shum\u00eb tema t\u00eb tjera shpirt\u00ebrore, sociale apo dhe t\u00eb p\u00ebrditshm\u00ebris\u00eb s\u00eb tyre. Kjo \u00ebsht\u00eb nj\u00eb koh\u00eb mjaft e k\u00ebnd\u00ebshme, e kaluar n\u00eb shoq\u00ebrin\u00eb e nj\u00ebra tjetr\u00ebs, duke forcuar edhe m\u00eb tep\u00ebr shoq\u00ebrin\u00eb midis n\u00ebnave t\u00eb krishtera.<\/p>\n<h4><\/h4>\n<h4 style=\"text-align: center;\"><span class=\"ez-toc-section\" id=\"Aktivitete_te_vecanta_per_Pashke_e_Krishtlindje\"><\/span><strong>Aktivitete t\u00eb ve\u00e7anta p\u00ebr Pashk\u00eb e Krishtlindje<\/strong><span class=\"ez-toc-section-end\"><\/span><\/h4>\n<p>&nbsp;<\/p>\n<p style=\"text-align: justify;\">Zyra Qendrore e F\u00ebmij\u00ebve zhvillon \u00e7do vit aktivitet t\u00eb posa\u00e7\u00ebm nj\u00ebditor p\u00ebr Pashk\u00eb e Krishtlindje. K\u00ebto festa t\u00eb m\u00ebdha t\u00eb Kish\u00ebs jan\u00eb mund\u00ebsi p\u00ebr t\u00eb m\u00ebsuar f\u00ebmij\u00ebt dhe p\u00ebr t\u2019i ndihmuar ata t\u00eb p\u00ebrjetojn\u00eb jet\u00ebn e krishter\u00eb n\u00eb nj\u00eb m\u00ebnyr\u00eb t\u00eb ve\u00e7ant\u00eb. K\u00ebto aktivitete organizohen n\u00eb Tiran\u00eb dhe pothuajse n\u00eb t\u00eb gjith\u00eb Shqip\u00ebrin\u00eb, n\u00eb saj\u00eb t\u00eb bashk\u00ebpunimit dhe trajnimit t\u00eb katekist\u00ebve, t\u00eb student\u00ebve t\u00eb Akademis\u00eb Teologjike \u201cNgjallja e Krishtit\u201d t\u00eb Sh\u00ebn Vlashit n\u00eb Durr\u00ebs dhe personave t\u00eb tjer\u00eb vullnetar\u00eb q\u00eb punojn\u00eb me f\u00ebmij\u00ebt. N\u00eb k\u00ebto aktivitete nj\u00ebditore marrin pjes\u00eb af\u00ebrsisht 2300 f\u00ebmij\u00eb.<\/p>\n<p style=\"text-align: justify;\">I gjith\u00eb programi lidhet me tem\u00ebn qendrore t\u00eb s\u00eb kremtes. N\u00eb t\u00eb, f\u00ebmij\u00ebt kan\u00eb mund\u00ebsi t\u00eb marrin pjes\u00eb n\u00eb m\u00ebsim, t\u00eb b\u00ebjn\u00eb pun\u00eb dore, t\u00eb k\u00ebndojn\u00eb, t\u00eb luajn\u00eb dhe t\u00eb b\u00ebhen pjes\u00eb e nj\u00eb konkursi q\u00eb zhvillohet rreth historis\u00eb s\u00eb fest\u00ebs etj. T\u00eb gjith\u00eb f\u00ebmij\u00ebt pjes\u00ebmarr\u00ebs n\u00eb k\u00ebto aktivitete, n\u00eb fund t\u00eb programit, p\u00ebrve\u00e7 dhuratave t\u00eb vogla, marrin me vete edhe nga nj\u00eb lib\u00ebr q\u00eb u m\u00ebson edhe m\u00eb shum\u00eb mbi ngjarjen.<\/p>\n<p style=\"text-align: justify;\">N\u00eb pragun e Krishtlindjes f\u00ebmij\u00ebt e Tiran\u00ebs, Durr\u00ebsit, Kor\u00e7\u00ebs, Beratit, Gjirokastr\u00ebs dhe qyteteve t\u00eb tjera organizojn\u00eb kolendrat, vizitat tradicionale orthodhokse t\u00eb njohura tashm\u00eb prej shekujsh t\u00eb shpalljes s\u00eb lajmit t\u00eb lindjes s\u00eb Krishtit n\u00ebp\u00ebr familje, sht\u00ebpi, institucione, rrug\u00eb, dyqane, e kudo, duke k\u00ebnduar k\u00ebng\u00eb krishtlindjesh.<\/p>\n<h4><\/h4>\n<h4 style=\"text-align: center;\"><span class=\"ez-toc-section\" id=\"Teatri_me_kukulla\"><\/span><strong>Teatri me kukulla<\/strong><span class=\"ez-toc-section-end\"><\/span><\/h4>\n<p>&nbsp;<\/p>\n<p style=\"text-align: justify;\">Teatri l\u00ebviz\u00ebs i kukullave ofron nj\u00eb program t\u00eb ve\u00e7ant\u00eb dy her\u00eb n\u00eb vit, zakonisht n\u00eb periudh\u00ebn para fest\u00ebs s\u00eb Pashk\u00ebs dhe t\u00eb Krishtlindjes. Teatri me kukulla \u00ebsht\u00eb nj\u00eb mjet shum\u00eb efektiv p\u00ebr t\u2019i arg\u00ebtuar f\u00ebmij\u00ebt e p\u00ebr t\u2019i m\u00ebsuar ata mbi historin\u00eb dhe mbi fest\u00ebn. N\u00eb k\u00ebt\u00eb aktivitet marrin pjes\u00eb rreth 1200 f\u00ebmij\u00eb.<\/p>\n<p style=\"text-align: justify;\">G\u00ebzimi i tyre shtohet edhe n\u00ebp\u00ebrmjet pjes\u00ebmarrjes n\u00eb programin e larmish\u00ebm t\u00eb k\u00ebng\u00ebve dhe loj\u00ebrave q\u00eb shoq\u00ebron k\u00ebt\u00eb aktivitet. Po k\u00ebshtu, f\u00ebmij\u00ebt marrin pjes\u00eb n\u00eb nj\u00eb konkurs q\u00eb zhvillohet mbi shfaqjen q\u00eb pan\u00eb, duke u shp\u00ebrblyer n\u00eb fund me nj\u00eb dhurat\u00eb simbolike.<\/p>\n<h4><\/h4>\n<h4 style=\"text-align: center;\"><span class=\"ez-toc-section\" id=\"Kampet_verore_ditore\"><\/span><strong>Kampet verore ditore<\/strong><span class=\"ez-toc-section-end\"><\/span><\/h4>\n<p>&nbsp;<\/p>\n<p style=\"text-align: justify;\">Kampet verore ditore jan\u00eb nj\u00eb nga m\u00ebnyrat m\u00eb frytdh\u00ebn\u00ebse p\u00ebr formimin e krishter\u00eb t\u00eb f\u00ebmij\u00ebve, sepse duke u ofruar atyre m\u00eb shum\u00eb koh\u00eb p\u00ebr t\u00eb medituar mbi fjal\u00ebn e Per\u00ebndis\u00eb, mund\u00ebsohet brumosja e personalitetit t\u00eb tyre. Q\u00eb nga viti 2001 e deri m\u00eb sot, Zyra Qendrore e F\u00ebmij\u00ebve \u00e7do vit ka p\u00ebrgatitur nj\u00eb program t\u00eb mir\u00ebfillt\u00eb p\u00ebr kampin veror ditor. Ky program u \u00ebsht\u00eb ofruar dhe t\u00eb gjith\u00eb personave q\u00eb punojn\u00eb me f\u00ebmij\u00ebt n\u00eb t\u00eb gjith\u00eb Shqip\u00ebrin\u00eb.<\/p>\n<p style=\"text-align: justify;\">\u00c7do vit p\u00ebrgatitet nj\u00eb tem\u00eb specifike e shoq\u00ebruar me nj\u00eb lib\u00ebr, m\u00ebsime, pun\u00eb dore, k\u00ebng\u00eb e loj\u00ebra, koktej. N\u00eb k\u00ebt\u00eb aktivitet prej 4-or\u00ebsh marrin pjes\u00eb rreth 2300 f\u00ebmij\u00eb dhe zgjat nj\u00eb jav\u00eb.<\/p>\n<p>&nbsp;<\/p>\n<h4 style=\"text-align: center;\"><span class=\"ez-toc-section\" id=\"Kampet_ditore_ne_Kosove\"><\/span><strong>Kampet ditore n\u00eb Kosov\u00eb<\/strong><span class=\"ez-toc-section-end\"><\/span><\/h4>\n<p>&nbsp;<\/p>\n<p style=\"text-align: justify;\">N\u00eb ver\u00ebn e vitit 2002, Zyra Qendrore e F\u00ebmij\u00ebve filloi t\u00eb zhvillonte kampe verore disa ditore n\u00eb komun\u00ebn e Malishev\u00ebs n\u00eb Kosov\u00eb. Ky aktivitet erdhi si rrjedhoj\u00eb e miq\u00ebsis\u00eb dhe bashk\u00ebpunimit t\u00eb krijuar midis t\u00eb rinjve orthodhoks\u00eb shqiptar\u00eb dhe atyre kosovar\u00eb, t\u00eb cil\u00ebt u strehuan n\u00eb kampet e Kish\u00ebs son\u00eb kur erdh\u00ebn n\u00eb Shqip\u00ebri gjat\u00eb vitit 1999.<\/p>\n<p style=\"text-align: justify;\">Ky program, q\u00eb realizohet n\u00eb bashk\u00ebpunim me Drejtorin\u00eb Arsimore t\u00eb Malishev\u00ebs, \u00ebsht\u00eb pjes\u00eb e programit social dhe humanitar t\u00eb k\u00ebsaj Zyre dhe \u00ebsht\u00eb mir\u00ebpritur nga f\u00ebmij\u00ebt dhe komuniteti. \u00c7do vit rreth 25 t\u00eb rinj nga Shqip\u00ebria udh\u00ebtojn\u00eb p\u00ebr n\u00eb Kosov\u00eb, ku q\u00ebndrojn\u00eb p\u00ebr tri jav\u00eb p\u00ebr zhvillimin e k\u00ebtyre kampeve. Programi i tyre ofron atje loj\u00ebra, k\u00ebng\u00eb, pun\u00eb dore, diskutime rreth temave t\u00eb ndryshme. \u00c7do kamp zgjat kat\u00ebr dit\u00eb p\u00ebrkat\u00ebsisht me kat\u00ebr or\u00eb program \u00e7do dit\u00eb.<\/p>\n<p style=\"text-align: justify;\">Kisha Orthodhokse Autoqefale e Shqip\u00ebris\u00eb ofron k\u00ebto kampe n\u00eb 4-5 shkolla \u00e7do vit, ku edhe pjes\u00ebmarrja e f\u00ebmij\u00ebve arrin rreth 1800. Kjo \u00ebsht\u00eb nj\u00eb eksperienc\u00eb pozitive p\u00ebr skuadr\u00ebn q\u00eb punon s\u00eb bashku n\u00eb Kosov\u00eb.<\/p>\n<p>&nbsp;<\/p>\n<h4 style=\"text-align: center;\"><span class=\"ez-toc-section\" id=\"Seminare_trajnuese_per_mesuesit_nga_Kosova\"><\/span><strong>Seminare trajnuese p\u00ebr m\u00ebsuesit nga Kosova<\/strong><span class=\"ez-toc-section-end\"><\/span><\/h4>\n<p>&nbsp;<\/p>\n<p style=\"text-align: justify;\">\u00c7do vit, q\u00eb nga viti 2008, Zyra Qendrore e F\u00ebmij\u00ebve ka organizuar seminare 3-ditore p\u00ebr m\u00ebsuesit nga zona e Malishev\u00ebs n\u00eb Kosov\u00eb. N\u00eb to marrin pjes\u00eb rreth 15 m\u00ebsues kosovar\u00eb s\u00eb bashku me punonj\u00ebsit e Zyr\u00ebs dhe drejtues t\u00eb kampeve verore.<\/p>\n<p style=\"text-align: justify;\">Rritja e aft\u00ebsive dhe zgjerimi i njohurive mbi metodat bashk\u00ebkohore t\u00eb m\u00ebsimdh\u00ebnies p\u00ebrb\u00ebjn\u00eb objektivin e k\u00ebtyre seminareve. K\u00ebto takime jan\u00eb nj\u00ebkoh\u00ebsisht edhe nj\u00eb mund\u00ebsi e mir\u00eb p\u00ebr t\u00eb nd\u00ebrtuar marr\u00ebdh\u00ebnie miq\u00ebsie midis m\u00ebsuesve nga Kosova dhe an\u00ebtar\u00ebve t\u00eb komunitetit orthodhoks n\u00eb Shqip\u00ebri.<\/p>\n<h4><\/h4>\n<h4 style=\"text-align: center;\"><span class=\"ez-toc-section\" id=\"Workshopet\"><\/span><strong>Workshopet<\/strong><span class=\"ez-toc-section-end\"><\/span><\/h4>\n<p>&nbsp;<\/p>\n<p style=\"text-align: justify;\">Zyra Qendrore e F\u00ebmij\u00ebve organizon \u00e7do vit dy workshope nj\u00eb ditore. 20 persona jan\u00eb pjes\u00ebmarr\u00ebs n\u00eb \u00e7do workshop. P\u00ebrgjat\u00eb k\u00ebtyre workshopeve, vullnetar\u00ebt m\u00ebsojn\u00eb si t\u00eb menaxhojn\u00eb, koordinojn\u00eb dhe organizojn\u00eb aktivitete p\u00ebr t\u00eb cilat ata jan\u00eb p\u00ebrgjegj\u00ebs p\u00ebrgjat\u00eb vitit.<\/p>\n<p style=\"text-align: justify;\">Q\u00ebllimi i workshopeve \u00ebsht\u00eb t\u00eb rris\u00eb kapacitetet e stafit dhe vullnetar\u00ebve p\u00ebr kampet n\u00eb kosov\u00eb dhe p\u00ebr aktivitetet e zyr\u00ebs n\u00eb p\u00ebrgjith\u00ebsi. Zyra p\u00ebrgatit dhe zhvillon k\u00ebto workshope dhe koordinator\u00ebt e k\u00ebsaj zyre jan\u00eb p\u00ebrgjegj\u00ebs p\u00ebr k\u00ebt\u00eb aktivitet. Nj\u00eb dosje me materiale shp\u00ebrndahet p\u00ebr t\u00eb gjith\u00eb pjes\u00ebmarr\u00ebsit.<\/p>\n<p>&nbsp;<\/p>\n<h4 style=\"text-align: center;\"><span class=\"ez-toc-section\" id=\"Trajnimet_e_stafit\"><\/span><strong>Trajnimet e stafit<\/strong><span class=\"ez-toc-section-end\"><\/span><\/h4>\n<p>&nbsp;<\/p>\n<p style=\"text-align: justify;\">Zyra Q\u00ebndrore e F\u00ebmij\u00ebve her\u00eb pas her\u00eb ofron trajnime p\u00ebr stafin dhe vullnetar\u00ebt e k\u00ebsaj zyre. P\u00ebr shkak t\u00eb dinamik\u00ebs dhe rritjes s\u00eb kompleksitetit t\u00eb sfidave me t\u00eb cilat p\u00ebrballet f\u00ebmij\u00ebt n\u00eb Shqip\u00ebri, stafi q\u00eb punon me ata ka nevoj\u00eb p\u00ebr trajnime t\u00eb her\u00eb pas hershme p\u00ebr rritje kapaciteti n\u00eb m\u00ebnyr\u00eb q\u00eb t\u00eb takohet me nevojat e f\u00ebmij\u00ebve sot.<\/p>\n","protected":false},"excerpt":{"rendered":"<p>F\u00ebmij\u00ebt &nbsp; Kisha Orthodhokse Autoqefale e Shqip\u00ebris\u00eb, n\u00ebn drejtimin e Fortlumturis\u00eb s\u00eb Tij, Kryepiskopit Anastas, q\u00eb n\u00eb vitin 1992, i kushtoi v\u00ebmendje t\u00eb ve\u00e7ant\u00eb ungjill\u00ebzimit, edukimit dhe arg\u00ebtimit t\u00eb f\u00ebmij\u00ebve. Besimtar\u00ebt, student\u00ebt e Seminarit Teologjik-Hieratik t\u00eb Durr\u00ebsit e m\u00eb von\u00eb t\u00eb Akademis\u00eb Teologjike dhe klerik\u00ebt vend\u00ebs, me ndihm\u00ebn edhe t\u00eb bashk\u00ebpun\u00ebtor\u00ebve misionar\u00eb, krijuan mund\u00ebsin\u00eb e takimeve dhe organizimeve t\u00eb grupeve t\u00eb katekizmit n\u00eb t\u00eb gjith\u00eb<\/p>\n","protected":false},"author":5,"featured_media":0,"comment_status":"closed","ping_status":"closed","sticky":false,"template":"","format":"standard","meta":{"_acf_changed":false,"pagelayer_contact_templates":[],"_pagelayer_content":"","inline_featured_image":false,"fifu_image_url":"","fifu_image_alt":"","footnotes":""},"categories":[251],"tags":[604,156],"class_list":["post-2011","post","type-post","status-publish","format-standard","hentry","category-femijet-d61","tag-kujdesi-baritore","tag-femijet"],"acf":[],"yoast_head":"<!-- This site is optimized with the Yoast SEO plugin v27.2 - https:\/\/yoast.com\/product\/yoast-seo-wordpress\/ -->\n<title>F\u00ebmij\u00ebt - Kisha Orthodh\u03bfkse Autoqefale e Shqip\u00ebris\u00eb<\/title>\n<meta name=\"robots\" content=\"index, follow, max-snippet:-1, max-image-preview:large, max-video-preview:-1\" \/>\n<link rel=\"canonical\" href=\"https:\/\/orthodoxalbania.org\/2020\/1992\/04\/09\/femijet\/\" \/>\n<meta property=\"og:locale\" content=\"en_US\" \/>\n<meta property=\"og:type\" content=\"article\" \/>\n<meta property=\"og:title\" content=\"F\u00ebmij\u00ebt - Kisha Orthodh\u03bfkse Autoqefale e Shqip\u00ebris\u00eb\" \/>\n<meta property=\"og:description\" content=\"F\u00ebmij\u00ebt &nbsp; Kisha Orthodhokse Autoqefale e Shqip\u00ebris\u00eb, n\u00ebn drejtimin e Fortlumturis\u00eb s\u00eb Tij, Kryepiskopit Anastas, q\u00eb n\u00eb vitin 1992, i kushtoi v\u00ebmendje t\u00eb ve\u00e7ant\u00eb ungjill\u00ebzimit, edukimit dhe arg\u00ebtimit t\u00eb f\u00ebmij\u00ebve. Besimtar\u00ebt, student\u00ebt e Seminarit Teologjik-Hieratik t\u00eb Durr\u00ebsit e m\u00eb von\u00eb t\u00eb Akademis\u00eb Teologjike dhe klerik\u00ebt vend\u00ebs, me ndihm\u00ebn edhe t\u00eb bashk\u00ebpun\u00ebtor\u00ebve misionar\u00eb, krijuan mund\u00ebsin\u00eb e takimeve dhe organizimeve t\u00eb grupeve t\u00eb katekizmit n\u00eb t\u00eb gjith\u00eb\" \/>\n<meta property=\"og:url\" content=\"https:\/\/orthodoxalbania.org\/2020\/1992\/04\/09\/femijet\/\" \/>\n<meta property=\"og:site_name\" content=\"Kisha Orthodh\u03bfkse Autoqefale e Shqip\u00ebris\u00eb\" \/>\n<meta property=\"article:publisher\" content=\"https:\/\/www.facebook.com\/koash1991\" \/>\n<meta property=\"article:published_time\" content=\"1992-04-09T07:52:51+00:00\" \/>\n<meta property=\"article:modified_time\" content=\"2021-11-15T02:18:49+00:00\" \/>\n<meta property=\"og:image\" content=\"https:\/\/orthodoxalbania.org\/2020\/wp-content\/uploads\/2021\/02\/LogoLastALb-200.png\" \/>\n\t<meta property=\"og:image:width\" content=\"200\" \/>\n\t<meta property=\"og:image:height\" content=\"172\" \/>\n\t<meta property=\"og:image:type\" content=\"image\/png\" \/>\n<meta name=\"author\" content=\"Administrator3\" \/>\n<meta name=\"twitter:card\" content=\"summary_large_image\" \/>\n<meta name=\"twitter:label1\" content=\"Written by\" \/>\n\t<meta name=\"twitter:data1\" content=\"Administrator3\" \/>\n\t<meta name=\"twitter:label2\" content=\"Est. reading time\" \/>\n\t<meta name=\"twitter:data2\" content=\"13 minutes\" \/>\n<script type=\"application\/ld+json\" class=\"yoast-schema-graph\">{\"@context\":\"https:\/\/schema.org\",\"@graph\":[{\"@type\":\"Article\",\"@id\":\"https:\/\/orthodoxalbania.org\/2020\/1992\/04\/09\/femijet\/#article\",\"isPartOf\":{\"@id\":\"https:\/\/orthodoxalbania.org\/2020\/1992\/04\/09\/femijet\/\"},\"author\":{\"name\":\"Administrator3\",\"@id\":\"https:\/\/orthodoxalbania.org\/2020\/#\/schema\/person\/8f81792a8d818674e96c380e1085eb43\"},\"headline\":\"F\u00ebmij\u00ebt\",\"datePublished\":\"1992-04-09T07:52:51+00:00\",\"dateModified\":\"2021-11-15T02:18:49+00:00\",\"mainEntityOfPage\":{\"@id\":\"https:\/\/orthodoxalbania.org\/2020\/1992\/04\/09\/femijet\/\"},\"wordCount\":2645,\"publisher\":{\"@id\":\"https:\/\/orthodoxalbania.org\/2020\/#organization\"},\"keywords\":[\"Kujdesi Baritor\u00eb\",\"Zyra e F\u00ebmij\u00ebve\"],\"articleSection\":[\"F\u00ebmij\u00ebt\"],\"inLanguage\":\"en-US\"},{\"@type\":\"WebPage\",\"@id\":\"https:\/\/orthodoxalbania.org\/2020\/1992\/04\/09\/femijet\/\",\"url\":\"https:\/\/orthodoxalbania.org\/2020\/1992\/04\/09\/femijet\/\",\"name\":\"F\u00ebmij\u00ebt - Kisha Orthodh\u03bfkse Autoqefale e Shqip\u00ebris\u00eb\",\"isPartOf\":{\"@id\":\"https:\/\/orthodoxalbania.org\/2020\/#website\"},\"datePublished\":\"1992-04-09T07:52:51+00:00\",\"dateModified\":\"2021-11-15T02:18:49+00:00\",\"breadcrumb\":{\"@id\":\"https:\/\/orthodoxalbania.org\/2020\/1992\/04\/09\/femijet\/#breadcrumb\"},\"inLanguage\":\"en-US\",\"potentialAction\":[{\"@type\":\"ReadAction\",\"target\":[\"https:\/\/orthodoxalbania.org\/2020\/1992\/04\/09\/femijet\/\"]}]},{\"@type\":\"BreadcrumbList\",\"@id\":\"https:\/\/orthodoxalbania.org\/2020\/1992\/04\/09\/femijet\/#breadcrumb\",\"itemListElement\":[{\"@type\":\"ListItem\",\"position\":1,\"name\":\"Home\",\"item\":\"https:\/\/orthodoxalbania.org\/2020\/\"},{\"@type\":\"ListItem\",\"position\":2,\"name\":\"F\u00ebmij\u00ebt\"}]},{\"@type\":\"WebSite\",\"@id\":\"https:\/\/orthodoxalbania.org\/2020\/#website\",\"url\":\"https:\/\/orthodoxalbania.org\/2020\/\",\"name\":\"Kisha Orthodh\u03bfkse Autoqefale e Shqip\u00ebris\u00eb\",\"description\":\"Fqja Zyrtare e Kish\u00ebs Orthodhokse Autoqefale e Shqip\u00ebris\u00eb me lajmet edhe informacionet zyrtare p\u00ebr struktur\u00ebn edhe veprimtarin e saj.\",\"publisher\":{\"@id\":\"https:\/\/orthodoxalbania.org\/2020\/#organization\"},\"potentialAction\":[{\"@type\":\"SearchAction\",\"target\":{\"@type\":\"EntryPoint\",\"urlTemplate\":\"https:\/\/orthodoxalbania.org\/2020\/?s={search_term_string}\"},\"query-input\":{\"@type\":\"PropertyValueSpecification\",\"valueRequired\":true,\"valueName\":\"search_term_string\"}}],\"inLanguage\":\"en-US\"},{\"@type\":\"Organization\",\"@id\":\"https:\/\/orthodoxalbania.org\/2020\/#organization\",\"name\":\"Kisha Orthodhokse Autoqefale e Shqip\u00ebris\u00eb\",\"url\":\"https:\/\/orthodoxalbania.org\/2020\/\",\"logo\":{\"@type\":\"ImageObject\",\"inLanguage\":\"en-US\",\"@id\":\"https:\/\/orthodoxalbania.org\/2020\/#\/schema\/logo\/image\/\",\"url\":\"https:\/\/orthodoxalbania.org\/2020\/wp-content\/uploads\/2020\/05\/albania.jpeg\",\"contentUrl\":\"https:\/\/orthodoxalbania.org\/2020\/wp-content\/uploads\/2020\/05\/albania.jpeg\",\"width\":540,\"height\":540,\"caption\":\"Kisha Orthodhokse Autoqefale e Shqip\u00ebris\u00eb\"},\"image\":{\"@id\":\"https:\/\/orthodoxalbania.org\/2020\/#\/schema\/logo\/image\/\"},\"sameAs\":[\"https:\/\/www.facebook.com\/koash1991\"]},{\"@type\":\"Person\",\"@id\":\"https:\/\/orthodoxalbania.org\/2020\/#\/schema\/person\/8f81792a8d818674e96c380e1085eb43\",\"name\":\"Administrator3\",\"image\":{\"@type\":\"ImageObject\",\"inLanguage\":\"en-US\",\"@id\":\"https:\/\/secure.gravatar.com\/avatar\/f6b85b21b3f9159ff2c0d0cf50724456629c45a3e9069c9124ecd8a6cb95f6ca?s=96&d=mm&r=g\",\"url\":\"https:\/\/secure.gravatar.com\/avatar\/f6b85b21b3f9159ff2c0d0cf50724456629c45a3e9069c9124ecd8a6cb95f6ca?s=96&d=mm&r=g\",\"contentUrl\":\"https:\/\/secure.gravatar.com\/avatar\/f6b85b21b3f9159ff2c0d0cf50724456629c45a3e9069c9124ecd8a6cb95f6ca?s=96&d=mm&r=g\",\"caption\":\"Administrator3\"}}]}<\/script>\n<!-- \/ Yoast SEO plugin. -->","yoast_head_json":{"title":"F\u00ebmij\u00ebt - Kisha Orthodh\u03bfkse Autoqefale e Shqip\u00ebris\u00eb","robots":{"index":"index","follow":"follow","max-snippet":"max-snippet:-1","max-image-preview":"max-image-preview:large","max-video-preview":"max-video-preview:-1"},"canonical":"https:\/\/orthodoxalbania.org\/2020\/1992\/04\/09\/femijet\/","og_locale":"en_US","og_type":"article","og_title":"F\u00ebmij\u00ebt - Kisha Orthodh\u03bfkse Autoqefale e Shqip\u00ebris\u00eb","og_description":"F\u00ebmij\u00ebt &nbsp; Kisha Orthodhokse Autoqefale e Shqip\u00ebris\u00eb, n\u00ebn drejtimin e Fortlumturis\u00eb s\u00eb Tij, Kryepiskopit Anastas, q\u00eb n\u00eb vitin 1992, i kushtoi v\u00ebmendje t\u00eb ve\u00e7ant\u00eb ungjill\u00ebzimit, edukimit dhe arg\u00ebtimit t\u00eb f\u00ebmij\u00ebve. Besimtar\u00ebt, student\u00ebt e Seminarit Teologjik-Hieratik t\u00eb Durr\u00ebsit e m\u00eb von\u00eb t\u00eb Akademis\u00eb Teologjike dhe klerik\u00ebt vend\u00ebs, me ndihm\u00ebn edhe t\u00eb bashk\u00ebpun\u00ebtor\u00ebve misionar\u00eb, krijuan mund\u00ebsin\u00eb e takimeve dhe organizimeve t\u00eb grupeve t\u00eb katekizmit n\u00eb t\u00eb gjith\u00eb","og_url":"https:\/\/orthodoxalbania.org\/2020\/1992\/04\/09\/femijet\/","og_site_name":"Kisha Orthodh\u03bfkse Autoqefale e Shqip\u00ebris\u00eb","article_publisher":"https:\/\/www.facebook.com\/koash1991","article_published_time":"1992-04-09T07:52:51+00:00","article_modified_time":"2021-11-15T02:18:49+00:00","og_image":[{"width":200,"height":172,"url":"https:\/\/orthodoxalbania.org\/2020\/wp-content\/uploads\/2021\/02\/LogoLastALb-200.png","type":"image\/png"}],"author":"Administrator3","twitter_card":"summary_large_image","twitter_misc":{"Written by":"Administrator3","Est. reading time":"13 minutes"},"schema":{"@context":"https:\/\/schema.org","@graph":[{"@type":"Article","@id":"https:\/\/orthodoxalbania.org\/2020\/1992\/04\/09\/femijet\/#article","isPartOf":{"@id":"https:\/\/orthodoxalbania.org\/2020\/1992\/04\/09\/femijet\/"},"author":{"name":"Administrator3","@id":"https:\/\/orthodoxalbania.org\/2020\/#\/schema\/person\/8f81792a8d818674e96c380e1085eb43"},"headline":"F\u00ebmij\u00ebt","datePublished":"1992-04-09T07:52:51+00:00","dateModified":"2021-11-15T02:18:49+00:00","mainEntityOfPage":{"@id":"https:\/\/orthodoxalbania.org\/2020\/1992\/04\/09\/femijet\/"},"wordCount":2645,"publisher":{"@id":"https:\/\/orthodoxalbania.org\/2020\/#organization"},"keywords":["Kujdesi Baritor\u00eb","Zyra e F\u00ebmij\u00ebve"],"articleSection":["F\u00ebmij\u00ebt"],"inLanguage":"en-US"},{"@type":"WebPage","@id":"https:\/\/orthodoxalbania.org\/2020\/1992\/04\/09\/femijet\/","url":"https:\/\/orthodoxalbania.org\/2020\/1992\/04\/09\/femijet\/","name":"F\u00ebmij\u00ebt - Kisha Orthodh\u03bfkse Autoqefale e Shqip\u00ebris\u00eb","isPartOf":{"@id":"https:\/\/orthodoxalbania.org\/2020\/#website"},"datePublished":"1992-04-09T07:52:51+00:00","dateModified":"2021-11-15T02:18:49+00:00","breadcrumb":{"@id":"https:\/\/orthodoxalbania.org\/2020\/1992\/04\/09\/femijet\/#breadcrumb"},"inLanguage":"en-US","potentialAction":[{"@type":"ReadAction","target":["https:\/\/orthodoxalbania.org\/2020\/1992\/04\/09\/femijet\/"]}]},{"@type":"BreadcrumbList","@id":"https:\/\/orthodoxalbania.org\/2020\/1992\/04\/09\/femijet\/#breadcrumb","itemListElement":[{"@type":"ListItem","position":1,"name":"Home","item":"https:\/\/orthodoxalbania.org\/2020\/"},{"@type":"ListItem","position":2,"name":"F\u00ebmij\u00ebt"}]},{"@type":"WebSite","@id":"https:\/\/orthodoxalbania.org\/2020\/#website","url":"https:\/\/orthodoxalbania.org\/2020\/","name":"Kisha Orthodh\u03bfkse Autoqefale e Shqip\u00ebris\u00eb","description":"Fqja Zyrtare e Kish\u00ebs Orthodhokse Autoqefale e Shqip\u00ebris\u00eb me lajmet edhe informacionet zyrtare p\u00ebr struktur\u00ebn edhe veprimtarin e saj.","publisher":{"@id":"https:\/\/orthodoxalbania.org\/2020\/#organization"},"potentialAction":[{"@type":"SearchAction","target":{"@type":"EntryPoint","urlTemplate":"https:\/\/orthodoxalbania.org\/2020\/?s={search_term_string}"},"query-input":{"@type":"PropertyValueSpecification","valueRequired":true,"valueName":"search_term_string"}}],"inLanguage":"en-US"},{"@type":"Organization","@id":"https:\/\/orthodoxalbania.org\/2020\/#organization","name":"Kisha Orthodhokse Autoqefale e Shqip\u00ebris\u00eb","url":"https:\/\/orthodoxalbania.org\/2020\/","logo":{"@type":"ImageObject","inLanguage":"en-US","@id":"https:\/\/orthodoxalbania.org\/2020\/#\/schema\/logo\/image\/","url":"https:\/\/orthodoxalbania.org\/2020\/wp-content\/uploads\/2020\/05\/albania.jpeg","contentUrl":"https:\/\/orthodoxalbania.org\/2020\/wp-content\/uploads\/2020\/05\/albania.jpeg","width":540,"height":540,"caption":"Kisha Orthodhokse Autoqefale e Shqip\u00ebris\u00eb"},"image":{"@id":"https:\/\/orthodoxalbania.org\/2020\/#\/schema\/logo\/image\/"},"sameAs":["https:\/\/www.facebook.com\/koash1991"]},{"@type":"Person","@id":"https:\/\/orthodoxalbania.org\/2020\/#\/schema\/person\/8f81792a8d818674e96c380e1085eb43","name":"Administrator3","image":{"@type":"ImageObject","inLanguage":"en-US","@id":"https:\/\/secure.gravatar.com\/avatar\/f6b85b21b3f9159ff2c0d0cf50724456629c45a3e9069c9124ecd8a6cb95f6ca?s=96&d=mm&r=g","url":"https:\/\/secure.gravatar.com\/avatar\/f6b85b21b3f9159ff2c0d0cf50724456629c45a3e9069c9124ecd8a6cb95f6ca?s=96&d=mm&r=g","contentUrl":"https:\/\/secure.gravatar.com\/avatar\/f6b85b21b3f9159ff2c0d0cf50724456629c45a3e9069c9124ecd8a6cb95f6ca?s=96&d=mm&r=g","caption":"Administrator3"}}]}},"_links":{"self":[{"href":"https:\/\/orthodoxalbania.org\/2020\/wp-json\/wp\/v2\/posts\/2011","targetHints":{"allow":["GET"]}}],"collection":[{"href":"https:\/\/orthodoxalbania.org\/2020\/wp-json\/wp\/v2\/posts"}],"about":[{"href":"https:\/\/orthodoxalbania.org\/2020\/wp-json\/wp\/v2\/types\/post"}],"author":[{"embeddable":true,"href":"https:\/\/orthodoxalbania.org\/2020\/wp-json\/wp\/v2\/users\/5"}],"replies":[{"embeddable":true,"href":"https:\/\/orthodoxalbania.org\/2020\/wp-json\/wp\/v2\/comments?post=2011"}],"version-history":[{"count":7,"href":"https:\/\/orthodoxalbania.org\/2020\/wp-json\/wp\/v2\/posts\/2011\/revisions"}],"predecessor-version":[{"id":23619,"href":"https:\/\/orthodoxalbania.org\/2020\/wp-json\/wp\/v2\/posts\/2011\/revisions\/23619"}],"wp:attachment":[{"href":"https:\/\/orthodoxalbania.org\/2020\/wp-json\/wp\/v2\/media?parent=2011"}],"wp:term":[{"taxonomy":"category","embeddable":true,"href":"https:\/\/orthodoxalbania.org\/2020\/wp-json\/wp\/v2\/categories?post=2011"},{"taxonomy":"post_tag","embeddable":true,"href":"https:\/\/orthodoxalbania.org\/2020\/wp-json\/wp\/v2\/tags?post=2011"}],"curies":[{"name":"wp","href":"https:\/\/api.w.org\/{rel}","templated":true}]}}