{"id":200,"date":"2013-03-21T12:09:21","date_gmt":"2013-03-21T12:09:21","guid":{"rendered":""},"modified":"2020-04-06T22:06:02","modified_gmt":"2020-04-06T20:06:02","slug":"vezhgim-domosdoshmeria-e-hapjes-se-dyerve-te-mbyllura-per-librat-fetare","status":"publish","type":"post","link":"https:\/\/orthodoxalbania.org\/2020\/2013\/03\/21\/vezhgim-domosdoshmeria-e-hapjes-se-dyerve-te-mbyllura-per-librat-fetare\/","title":{"rendered":"V\u00cbZHGIM:  Domosdoshm\u00ebria e hapjes s\u00eb \u201cdyerve t\u00eb mbyllura\u201d p\u00ebr librat fetar\u00eb. (Korrik 2012)"},"content":{"rendered":"<div style=\"text-align: justify;\"><span style=\"color: #000000; font-family: helvetica; font-size: 12pt;\">&nbsp;<img decoding=\"async\" class=\"lazyload HAa Eha\" style=\"height: 213px; width: 280px; border-width: 1px; border-style: solid; margin: 10px; float: left;\" alt=\"\" src=\"data:image\/gif;base64,R0lGODlhAQABAAAAACH5BAEKAAEALAAAAAABAAEAAAICTAEAOw==\" data-orig-src=\"https:\/\/lh4.googleusercontent.com\/-wC0Bv0F_FFs\/U_sRsBh0Z_I\/AAAAAAAABAg\/9YqAlFy7Y3E\/w258-h196-no\/library.jpg\" \/>&nbsp;&nbsp;&nbsp; A lexojm\u00eb sot m\u00eb pak se m\u00eb par\u00eb dhe shohim shum\u00eb m\u00eb tep\u00ebr sesa lexojm\u00eb, apo thjesht kemi ndryshuar zakonet dhe mjetet e t\u00eb lexuarit, apo jemi b\u00ebr\u00eb m\u00eb pragmatist\u00eb dhe lexojm\u00eb gj\u00ebra q\u00eb mund t\u00eb na ushqejn\u00eb m\u00eb shum\u00eb \u201cbarkun\u201d sesa shpirtin?<\/span><\/div>\n<div style=\"text-align: justify;\"><span style=\"color: #000000; font-family: helvetica; font-size: 12pt;\"> &nbsp;&nbsp;&nbsp; Ritmet e shpejta t\u00eb jet\u00ebs moderne kan\u00eb b\u00ebr\u00eb q\u00eb t\u00eb mos gjejm\u00eb koh\u00ebn e mjaftueshme p\u00ebr t\u00eb b\u00ebr\u00eb gj\u00ebrat e dobishme q\u00eb b\u00ebnin m\u00eb par\u00eb. N\u00eb k\u00ebt\u00eb kuptim. shpesh, shum\u00eb sy dhe vesh\u00eb kritik\u00eb, merren me munges\u00ebn e kultur\u00ebs dhe edukat\u00ebs qytetare ndaj librit.<\/span><\/div>\n<div style=\"text-align: justify;\"><span style=\"color: #000000; font-family: helvetica; font-size: 12pt;\"> &nbsp;&nbsp;&nbsp; Objekt i k\u00ebtij v\u00ebzhgimi nuk \u00ebsht\u00eb thjesht libri n\u00eb p\u00ebrgjith\u00ebsi, por librat me mesazhe shpirt\u00ebrore, q\u00eb e tejkalojn\u00eb jet\u00ebn e p\u00ebrditshme dhe na kredhin n\u00eb thelbin dhe kuptimin e v\u00ebrtet\u00eb t\u00eb jet\u00ebs. Nuk b\u00ebhet fjal\u00eb vet\u00ebm p\u00ebr librat e shenjt\u00eb, q\u00eb gjith\u00ebsesi jan\u00eb t\u00eb domosdosh\u00ebm, nd\u00ebr t\u00eb tjera edhe p\u00ebr kultur\u00ebn ton\u00eb, por edhe librat teologjik\u00eb dhe kishtar\u00eb, t\u00eb cil\u00ebt p\u00ebrb\u00ebjn\u00eb nj\u00eb pasuri t\u00eb madhe p\u00ebr t\u00eb gjith\u00eb njer\u00ebzit, s\u00eb pari p\u00ebr besimtar\u00ebt, por edhe p\u00ebr ata persona q\u00eb k\u00ebrkojn\u00eb t\u00eb njohin besimin dhe pse jo, t\u00eb b\u00ebhen pjes\u00ebtar\u00eb t\u00eb tij.<\/span><\/div>\n<div style=\"text-align: justify;\"><span style=\"color: #000000; font-family: helvetica; font-size: 12pt;\"> &nbsp;&nbsp;&nbsp; Ka dy aspekte problematike q\u00eb vlen t\u00eb shtrohen p\u00ebr analiz\u00eb. S\u00eb pari, k\u00ebta libra vazhdojn\u00eb ende t\u00eb mbeten n\u00eb stenda dhe jo n\u00eb bibliotekat tona personale dhe s\u00eb dyti dhe m\u00eb kryesorja, reklamimi i tyre sidomos jasht\u00eb ambjenteve fetare mbetet ende nj\u00eb \u201cdritare e mbyllur\u201d. \u00c7do fundjav\u00eb, n\u00eb mediat e shkruara dhe elektronike shqiptare ekspozohen librat m\u00eb t\u00eb fundit t\u00eb autor\u00ebve vendas dhe t\u00eb huaj, nd\u00ebrkoh\u00eb q\u00eb p\u00ebr librat me natyr\u00eb fetare nuk \u00ebsht\u00eb par\u00eb ndonj\u00ebher\u00eb q\u00eb t\u00eb ket\u00eb interes.<\/span><\/div>\n<div style=\"text-align: justify;\"><span style=\"color: #000000; font-family: helvetica; font-size: 12pt;\"> &nbsp;&nbsp;&nbsp; Edhe kompanit\u00eb q\u00eb merren me shp\u00ebrndarjen e k\u00ebtyre librave n\u00ebp\u00ebr librarit\u00eb e kryeqytetit dhe t\u00eb rretheve nuk i hedhin syt\u00eb aspak ndaj librave t\u00eb klerik\u00ebve, teolog\u00ebve apo p\u00ebrkthimeve t\u00eb ndryshme q\u00eb botohen nga komunitetet fetare n\u00eb vend. Mungesa e interesit dhe paragjykimi se k\u00ebta libra nuk i lexon kush, p\u00ebrve\u00e7 publikut kishtar, mendoj se \u00ebsht\u00eb nj\u00eb ide e gabuar. Ja nj\u00eb fakt q\u00eb e provon k\u00ebt\u00eb. N\u00eb Panairin e Librit q\u00eb zhvillohet \u00e7do vit n\u00eb Tiran\u00eb, numri m\u00eb i lart\u00eb i t\u00eb interesuarve p\u00ebr botimet e Kish\u00ebs \u00ebsht\u00eb publiku jokishtar, q\u00eb vjen kryesisht nga radh\u00ebt e intelektual\u00ebve dhe jo vet\u00ebm, i cili interesohet p\u00ebr librat m\u00eb t\u00eb rinj q\u00eb p\u00ebrcjellin njohuri mbi besimin dhe k\u00ebndv\u00ebshtrimin orthodhoks. N\u00ebse gjat\u00eb gjith\u00eb vitit do tregohet m\u00eb shum\u00eb kujdes mediatik ndaj librave fetar\u00eb (qofshin edhe pak n\u00eb num\u00ebr) dhe interesim serioz i menaxher\u00ebve q\u00eb merren me shp\u00ebrndarjen e librave, \u00ebsht\u00eb e sigurt q\u00eb librat nuk do ishin duke u zverdhur m\u00eb n\u00eb stenda. P\u00ebr m\u00eb tep\u00ebr, edhe \u00e7mimi \u00ebsht\u00eb shum\u00eb her\u00eb m\u00eb i ul\u00ebt dhe mjaft i arsyesh\u00ebm n\u00eb raport me librat komercial\u00eb.<\/span><\/div>\n<div><span style=\"color: #000000; font-family: helvetica; font-size: 12pt;\"> &nbsp;&nbsp;&nbsp; Libri, pavar\u00ebsisht zhanrit t\u00eb tij, mbetet gjithnj\u00eb i paz\u00ebvend\u00ebsuesh\u00ebm. Ve\u00e7an\u00ebrisht, librat shpirt\u00ebror\u00eb \u2013 humanist\u00eb, nuk iu humbet asnj\u00ebher\u00eb vlera, sepse nj\u00eb shpirt i ushqyer mir\u00eb \u00ebsht\u00eb i nevojsh\u00ebm si buka.<\/span><\/div>\n<div style=\"text-align: right;\"><span style=\"color: #000000; font-family: helvetica; font-size: 12pt;\"> &nbsp;<br \/> <strong> Nga Isidor Koti<\/strong><\/span><\/div>\n","protected":false},"excerpt":{"rendered":"<p>&nbsp;&nbsp;&nbsp;&nbsp; A lexojm\u00eb sot m\u00eb pak se m\u00eb par\u00eb dhe shohim shum\u00eb m\u00eb tep\u00ebr sesa lexojm\u00eb, apo thjesht kemi ndryshuar zakonet dhe mjetet e t\u00eb lexuarit, apo jemi b\u00ebr\u00eb m\u00eb pragmatist\u00eb dhe lexojm\u00eb gj\u00ebra q\u00eb mund t\u00eb na ushqejn\u00eb m\u00eb shum\u00eb \u201cbarkun\u201d sesa shpirtin? &nbsp;&nbsp;&nbsp; Ritmet e shpejta t\u00eb jet\u00ebs moderne kan\u00eb b\u00ebr\u00eb q\u00eb t\u00eb mos gjejm\u00eb koh\u00ebn e mjaftueshme p\u00ebr t\u00eb b\u00ebr\u00eb gj\u00ebrat e<\/p>\n","protected":false},"author":1,"featured_media":0,"comment_status":"open","ping_status":"open","sticky":false,"template":"","format":"standard","meta":{"_acf_changed":false,"pagelayer_contact_templates":[],"_pagelayer_content":"","inline_featured_image":false,"fifu_image_url":"","fifu_image_alt":"","footnotes":""},"categories":[108],"tags":[142,196,212],"class_list":["post-200","post","type-post","status-publish","format-standard","hentry","category-lajme","tag-142","tag-tirane","tag-lajme-d27"],"acf":[],"yoast_head":"<!-- This site is optimized with the Yoast SEO plugin v27.2 - https:\/\/yoast.com\/product\/yoast-seo-wordpress\/ -->\n<title>V\u00cbZHGIM: Domosdoshm\u00ebria e hapjes s\u00eb \u201cdyerve t\u00eb mbyllura\u201d p\u00ebr librat fetar\u00eb. (Korrik 2012) - Kisha Orthodh\u03bfkse Autoqefale e Shqip\u00ebris\u00eb<\/title>\n<meta name=\"robots\" content=\"index, follow, max-snippet:-1, max-image-preview:large, max-video-preview:-1\" \/>\n<link rel=\"canonical\" href=\"https:\/\/orthodoxalbania.org\/2020\/2013\/03\/21\/vezhgim-domosdoshmeria-e-hapjes-se-dyerve-te-mbyllura-per-librat-fetare\/\" \/>\n<meta property=\"og:locale\" content=\"en_US\" \/>\n<meta property=\"og:type\" content=\"article\" \/>\n<meta property=\"og:title\" content=\"V\u00cbZHGIM: Domosdoshm\u00ebria e hapjes s\u00eb \u201cdyerve t\u00eb mbyllura\u201d p\u00ebr librat fetar\u00eb. (Korrik 2012) - Kisha Orthodh\u03bfkse Autoqefale e Shqip\u00ebris\u00eb\" \/>\n<meta property=\"og:description\" content=\"&nbsp;&nbsp;&nbsp;&nbsp; A lexojm\u00eb sot m\u00eb pak se m\u00eb par\u00eb dhe shohim shum\u00eb m\u00eb tep\u00ebr sesa lexojm\u00eb, apo thjesht kemi ndryshuar zakonet dhe mjetet e t\u00eb lexuarit, apo jemi b\u00ebr\u00eb m\u00eb pragmatist\u00eb dhe lexojm\u00eb gj\u00ebra q\u00eb mund t\u00eb na ushqejn\u00eb m\u00eb shum\u00eb \u201cbarkun\u201d sesa shpirtin? &nbsp;&nbsp;&nbsp; Ritmet e shpejta t\u00eb jet\u00ebs moderne kan\u00eb b\u00ebr\u00eb q\u00eb t\u00eb mos gjejm\u00eb koh\u00ebn e mjaftueshme p\u00ebr t\u00eb b\u00ebr\u00eb gj\u00ebrat e\" \/>\n<meta property=\"og:url\" content=\"https:\/\/orthodoxalbania.org\/2020\/2013\/03\/21\/vezhgim-domosdoshmeria-e-hapjes-se-dyerve-te-mbyllura-per-librat-fetare\/\" \/>\n<meta property=\"og:site_name\" content=\"Kisha Orthodh\u03bfkse Autoqefale e Shqip\u00ebris\u00eb\" \/>\n<meta property=\"article:publisher\" content=\"https:\/\/www.facebook.com\/koash1991\" \/>\n<meta property=\"article:published_time\" content=\"2013-03-21T12:09:21+00:00\" \/>\n<meta property=\"article:modified_time\" content=\"2020-04-06T20:06:02+00:00\" \/>\n<meta property=\"og:image\" content=\"https:\/\/lh4.googleusercontent.com\/-wC0Bv0F_FFs\/U_sRsBh0Z_I\/AAAAAAAABAg\/9YqAlFy7Y3E\/w258-h196-no\/library.jpg\" \/>\n<meta name=\"author\" content=\"Kisha Orthodhokse\" \/>\n<meta name=\"twitter:card\" content=\"summary_large_image\" \/>\n<meta name=\"twitter:label1\" content=\"Written by\" \/>\n\t<meta name=\"twitter:data1\" content=\"Kisha Orthodhokse\" \/>\n\t<meta name=\"twitter:label2\" content=\"Est. reading time\" \/>\n\t<meta name=\"twitter:data2\" content=\"3 minutes\" \/>\n<script type=\"application\/ld+json\" class=\"yoast-schema-graph\">{\"@context\":\"https:\/\/schema.org\",\"@graph\":[{\"@type\":\"Article\",\"@id\":\"https:\/\/orthodoxalbania.org\/2020\/2013\/03\/21\/vezhgim-domosdoshmeria-e-hapjes-se-dyerve-te-mbyllura-per-librat-fetare\/#article\",\"isPartOf\":{\"@id\":\"https:\/\/orthodoxalbania.org\/2020\/2013\/03\/21\/vezhgim-domosdoshmeria-e-hapjes-se-dyerve-te-mbyllura-per-librat-fetare\/\"},\"author\":{\"name\":\"Kisha Orthodhokse\",\"@id\":\"https:\/\/orthodoxalbania.org\/2020\/#\/schema\/person\/0c387634a7063ac612d7ed9ce71c7e86\"},\"headline\":\"V\u00cbZHGIM: Domosdoshm\u00ebria e hapjes s\u00eb \u201cdyerve t\u00eb mbyllura\u201d p\u00ebr librat fetar\u00eb. (Korrik 2012)\",\"datePublished\":\"2013-03-21T12:09:21+00:00\",\"dateModified\":\"2020-04-06T20:06:02+00:00\",\"mainEntityOfPage\":{\"@id\":\"https:\/\/orthodoxalbania.org\/2020\/2013\/03\/21\/vezhgim-domosdoshmeria-e-hapjes-se-dyerve-te-mbyllura-per-librat-fetare\/\"},\"wordCount\":588,\"commentCount\":0,\"publisher\":{\"@id\":\"https:\/\/orthodoxalbania.org\/2020\/#organization\"},\"image\":{\"@id\":\"https:\/\/orthodoxalbania.org\/2020\/2013\/03\/21\/vezhgim-domosdoshmeria-e-hapjes-se-dyerve-te-mbyllura-per-librat-fetare\/#primaryimage\"},\"thumbnailUrl\":\"https:\/\/lh4.googleusercontent.com\/-wC0Bv0F_FFs\/U_sRsBh0Z_I\/AAAAAAAABAg\/9YqAlFy7Y3E\/w258-h196-no\/library.jpg\",\"keywords\":[\"2012\",\"Kryepiskopata Tiran\u00eb\",\"lajme\"],\"articleSection\":[\"Lajme\"],\"inLanguage\":\"en-US\"},{\"@type\":\"WebPage\",\"@id\":\"https:\/\/orthodoxalbania.org\/2020\/2013\/03\/21\/vezhgim-domosdoshmeria-e-hapjes-se-dyerve-te-mbyllura-per-librat-fetare\/\",\"url\":\"https:\/\/orthodoxalbania.org\/2020\/2013\/03\/21\/vezhgim-domosdoshmeria-e-hapjes-se-dyerve-te-mbyllura-per-librat-fetare\/\",\"name\":\"V\u00cbZHGIM: Domosdoshm\u00ebria e hapjes s\u00eb \u201cdyerve t\u00eb mbyllura\u201d p\u00ebr librat fetar\u00eb. (Korrik 2012) - Kisha Orthodh\u03bfkse Autoqefale e Shqip\u00ebris\u00eb\",\"isPartOf\":{\"@id\":\"https:\/\/orthodoxalbania.org\/2020\/#website\"},\"primaryImageOfPage\":{\"@id\":\"https:\/\/orthodoxalbania.org\/2020\/2013\/03\/21\/vezhgim-domosdoshmeria-e-hapjes-se-dyerve-te-mbyllura-per-librat-fetare\/#primaryimage\"},\"image\":{\"@id\":\"https:\/\/orthodoxalbania.org\/2020\/2013\/03\/21\/vezhgim-domosdoshmeria-e-hapjes-se-dyerve-te-mbyllura-per-librat-fetare\/#primaryimage\"},\"thumbnailUrl\":\"https:\/\/lh4.googleusercontent.com\/-wC0Bv0F_FFs\/U_sRsBh0Z_I\/AAAAAAAABAg\/9YqAlFy7Y3E\/w258-h196-no\/library.jpg\",\"datePublished\":\"2013-03-21T12:09:21+00:00\",\"dateModified\":\"2020-04-06T20:06:02+00:00\",\"breadcrumb\":{\"@id\":\"https:\/\/orthodoxalbania.org\/2020\/2013\/03\/21\/vezhgim-domosdoshmeria-e-hapjes-se-dyerve-te-mbyllura-per-librat-fetare\/#breadcrumb\"},\"inLanguage\":\"en-US\",\"potentialAction\":[{\"@type\":\"ReadAction\",\"target\":[\"https:\/\/orthodoxalbania.org\/2020\/2013\/03\/21\/vezhgim-domosdoshmeria-e-hapjes-se-dyerve-te-mbyllura-per-librat-fetare\/\"]}]},{\"@type\":\"ImageObject\",\"inLanguage\":\"en-US\",\"@id\":\"https:\/\/orthodoxalbania.org\/2020\/2013\/03\/21\/vezhgim-domosdoshmeria-e-hapjes-se-dyerve-te-mbyllura-per-librat-fetare\/#primaryimage\",\"url\":\"https:\/\/lh4.googleusercontent.com\/-wC0Bv0F_FFs\/U_sRsBh0Z_I\/AAAAAAAABAg\/9YqAlFy7Y3E\/w258-h196-no\/library.jpg\",\"contentUrl\":\"https:\/\/lh4.googleusercontent.com\/-wC0Bv0F_FFs\/U_sRsBh0Z_I\/AAAAAAAABAg\/9YqAlFy7Y3E\/w258-h196-no\/library.jpg\"},{\"@type\":\"BreadcrumbList\",\"@id\":\"https:\/\/orthodoxalbania.org\/2020\/2013\/03\/21\/vezhgim-domosdoshmeria-e-hapjes-se-dyerve-te-mbyllura-per-librat-fetare\/#breadcrumb\",\"itemListElement\":[{\"@type\":\"ListItem\",\"position\":1,\"name\":\"Home\",\"item\":\"https:\/\/orthodoxalbania.org\/2020\/\"},{\"@type\":\"ListItem\",\"position\":2,\"name\":\"V\u00cbZHGIM: Domosdoshm\u00ebria e hapjes s\u00eb \u201cdyerve t\u00eb mbyllura\u201d p\u00ebr librat fetar\u00eb. (Korrik 2012)\"}]},{\"@type\":\"WebSite\",\"@id\":\"https:\/\/orthodoxalbania.org\/2020\/#website\",\"url\":\"https:\/\/orthodoxalbania.org\/2020\/\",\"name\":\"Kisha Orthodh\u03bfkse Autoqefale e Shqip\u00ebris\u00eb\",\"description\":\"Fqja Zyrtare e Kish\u00ebs Orthodhokse Autoqefale e Shqip\u00ebris\u00eb me lajmet edhe informacionet zyrtare p\u00ebr struktur\u00ebn edhe veprimtarin e saj.\",\"publisher\":{\"@id\":\"https:\/\/orthodoxalbania.org\/2020\/#organization\"},\"potentialAction\":[{\"@type\":\"SearchAction\",\"target\":{\"@type\":\"EntryPoint\",\"urlTemplate\":\"https:\/\/orthodoxalbania.org\/2020\/?s={search_term_string}\"},\"query-input\":{\"@type\":\"PropertyValueSpecification\",\"valueRequired\":true,\"valueName\":\"search_term_string\"}}],\"inLanguage\":\"en-US\"},{\"@type\":\"Organization\",\"@id\":\"https:\/\/orthodoxalbania.org\/2020\/#organization\",\"name\":\"Kisha Orthodhokse Autoqefale e Shqip\u00ebris\u00eb\",\"url\":\"https:\/\/orthodoxalbania.org\/2020\/\",\"logo\":{\"@type\":\"ImageObject\",\"inLanguage\":\"en-US\",\"@id\":\"https:\/\/orthodoxalbania.org\/2020\/#\/schema\/logo\/image\/\",\"url\":\"https:\/\/orthodoxalbania.org\/2020\/wp-content\/uploads\/2020\/05\/albania.jpeg\",\"contentUrl\":\"https:\/\/orthodoxalbania.org\/2020\/wp-content\/uploads\/2020\/05\/albania.jpeg\",\"width\":540,\"height\":540,\"caption\":\"Kisha Orthodhokse Autoqefale e Shqip\u00ebris\u00eb\"},\"image\":{\"@id\":\"https:\/\/orthodoxalbania.org\/2020\/#\/schema\/logo\/image\/\"},\"sameAs\":[\"https:\/\/www.facebook.com\/koash1991\"]},{\"@type\":\"Person\",\"@id\":\"https:\/\/orthodoxalbania.org\/2020\/#\/schema\/person\/0c387634a7063ac612d7ed9ce71c7e86\",\"name\":\"Kisha Orthodhokse\",\"image\":{\"@type\":\"ImageObject\",\"inLanguage\":\"en-US\",\"@id\":\"https:\/\/secure.gravatar.com\/avatar\/596e7c417251e30f2fbb9c00e026fce61a695a00e51c889caded71c96cbbdde5?s=96&d=mm&r=g\",\"url\":\"https:\/\/secure.gravatar.com\/avatar\/596e7c417251e30f2fbb9c00e026fce61a695a00e51c889caded71c96cbbdde5?s=96&d=mm&r=g\",\"contentUrl\":\"https:\/\/secure.gravatar.com\/avatar\/596e7c417251e30f2fbb9c00e026fce61a695a00e51c889caded71c96cbbdde5?s=96&d=mm&r=g\",\"caption\":\"Kisha Orthodhokse\"}}]}<\/script>\n<!-- \/ Yoast SEO plugin. -->","yoast_head_json":{"title":"V\u00cbZHGIM: Domosdoshm\u00ebria e hapjes s\u00eb \u201cdyerve t\u00eb mbyllura\u201d p\u00ebr librat fetar\u00eb. (Korrik 2012) - Kisha Orthodh\u03bfkse Autoqefale e Shqip\u00ebris\u00eb","robots":{"index":"index","follow":"follow","max-snippet":"max-snippet:-1","max-image-preview":"max-image-preview:large","max-video-preview":"max-video-preview:-1"},"canonical":"https:\/\/orthodoxalbania.org\/2020\/2013\/03\/21\/vezhgim-domosdoshmeria-e-hapjes-se-dyerve-te-mbyllura-per-librat-fetare\/","og_locale":"en_US","og_type":"article","og_title":"V\u00cbZHGIM: Domosdoshm\u00ebria e hapjes s\u00eb \u201cdyerve t\u00eb mbyllura\u201d p\u00ebr librat fetar\u00eb. (Korrik 2012) - Kisha Orthodh\u03bfkse Autoqefale e Shqip\u00ebris\u00eb","og_description":"&nbsp;&nbsp;&nbsp;&nbsp; A lexojm\u00eb sot m\u00eb pak se m\u00eb par\u00eb dhe shohim shum\u00eb m\u00eb tep\u00ebr sesa lexojm\u00eb, apo thjesht kemi ndryshuar zakonet dhe mjetet e t\u00eb lexuarit, apo jemi b\u00ebr\u00eb m\u00eb pragmatist\u00eb dhe lexojm\u00eb gj\u00ebra q\u00eb mund t\u00eb na ushqejn\u00eb m\u00eb shum\u00eb \u201cbarkun\u201d sesa shpirtin? &nbsp;&nbsp;&nbsp; Ritmet e shpejta t\u00eb jet\u00ebs moderne kan\u00eb b\u00ebr\u00eb q\u00eb t\u00eb mos gjejm\u00eb koh\u00ebn e mjaftueshme p\u00ebr t\u00eb b\u00ebr\u00eb gj\u00ebrat e","og_url":"https:\/\/orthodoxalbania.org\/2020\/2013\/03\/21\/vezhgim-domosdoshmeria-e-hapjes-se-dyerve-te-mbyllura-per-librat-fetare\/","og_site_name":"Kisha Orthodh\u03bfkse Autoqefale e Shqip\u00ebris\u00eb","article_publisher":"https:\/\/www.facebook.com\/koash1991","article_published_time":"2013-03-21T12:09:21+00:00","article_modified_time":"2020-04-06T20:06:02+00:00","og_image":[{"url":"https:\/\/lh4.googleusercontent.com\/-wC0Bv0F_FFs\/U_sRsBh0Z_I\/AAAAAAAABAg\/9YqAlFy7Y3E\/w258-h196-no\/library.jpg","type":"","width":"","height":""}],"author":"Kisha Orthodhokse","twitter_card":"summary_large_image","twitter_misc":{"Written by":"Kisha Orthodhokse","Est. reading time":"3 minutes"},"schema":{"@context":"https:\/\/schema.org","@graph":[{"@type":"Article","@id":"https:\/\/orthodoxalbania.org\/2020\/2013\/03\/21\/vezhgim-domosdoshmeria-e-hapjes-se-dyerve-te-mbyllura-per-librat-fetare\/#article","isPartOf":{"@id":"https:\/\/orthodoxalbania.org\/2020\/2013\/03\/21\/vezhgim-domosdoshmeria-e-hapjes-se-dyerve-te-mbyllura-per-librat-fetare\/"},"author":{"name":"Kisha Orthodhokse","@id":"https:\/\/orthodoxalbania.org\/2020\/#\/schema\/person\/0c387634a7063ac612d7ed9ce71c7e86"},"headline":"V\u00cbZHGIM: Domosdoshm\u00ebria e hapjes s\u00eb \u201cdyerve t\u00eb mbyllura\u201d p\u00ebr librat fetar\u00eb. (Korrik 2012)","datePublished":"2013-03-21T12:09:21+00:00","dateModified":"2020-04-06T20:06:02+00:00","mainEntityOfPage":{"@id":"https:\/\/orthodoxalbania.org\/2020\/2013\/03\/21\/vezhgim-domosdoshmeria-e-hapjes-se-dyerve-te-mbyllura-per-librat-fetare\/"},"wordCount":588,"commentCount":0,"publisher":{"@id":"https:\/\/orthodoxalbania.org\/2020\/#organization"},"image":{"@id":"https:\/\/orthodoxalbania.org\/2020\/2013\/03\/21\/vezhgim-domosdoshmeria-e-hapjes-se-dyerve-te-mbyllura-per-librat-fetare\/#primaryimage"},"thumbnailUrl":"https:\/\/lh4.googleusercontent.com\/-wC0Bv0F_FFs\/U_sRsBh0Z_I\/AAAAAAAABAg\/9YqAlFy7Y3E\/w258-h196-no\/library.jpg","keywords":["2012","Kryepiskopata Tiran\u00eb","lajme"],"articleSection":["Lajme"],"inLanguage":"en-US"},{"@type":"WebPage","@id":"https:\/\/orthodoxalbania.org\/2020\/2013\/03\/21\/vezhgim-domosdoshmeria-e-hapjes-se-dyerve-te-mbyllura-per-librat-fetare\/","url":"https:\/\/orthodoxalbania.org\/2020\/2013\/03\/21\/vezhgim-domosdoshmeria-e-hapjes-se-dyerve-te-mbyllura-per-librat-fetare\/","name":"V\u00cbZHGIM: Domosdoshm\u00ebria e hapjes s\u00eb \u201cdyerve t\u00eb mbyllura\u201d p\u00ebr librat fetar\u00eb. (Korrik 2012) - Kisha Orthodh\u03bfkse Autoqefale e Shqip\u00ebris\u00eb","isPartOf":{"@id":"https:\/\/orthodoxalbania.org\/2020\/#website"},"primaryImageOfPage":{"@id":"https:\/\/orthodoxalbania.org\/2020\/2013\/03\/21\/vezhgim-domosdoshmeria-e-hapjes-se-dyerve-te-mbyllura-per-librat-fetare\/#primaryimage"},"image":{"@id":"https:\/\/orthodoxalbania.org\/2020\/2013\/03\/21\/vezhgim-domosdoshmeria-e-hapjes-se-dyerve-te-mbyllura-per-librat-fetare\/#primaryimage"},"thumbnailUrl":"https:\/\/lh4.googleusercontent.com\/-wC0Bv0F_FFs\/U_sRsBh0Z_I\/AAAAAAAABAg\/9YqAlFy7Y3E\/w258-h196-no\/library.jpg","datePublished":"2013-03-21T12:09:21+00:00","dateModified":"2020-04-06T20:06:02+00:00","breadcrumb":{"@id":"https:\/\/orthodoxalbania.org\/2020\/2013\/03\/21\/vezhgim-domosdoshmeria-e-hapjes-se-dyerve-te-mbyllura-per-librat-fetare\/#breadcrumb"},"inLanguage":"en-US","potentialAction":[{"@type":"ReadAction","target":["https:\/\/orthodoxalbania.org\/2020\/2013\/03\/21\/vezhgim-domosdoshmeria-e-hapjes-se-dyerve-te-mbyllura-per-librat-fetare\/"]}]},{"@type":"ImageObject","inLanguage":"en-US","@id":"https:\/\/orthodoxalbania.org\/2020\/2013\/03\/21\/vezhgim-domosdoshmeria-e-hapjes-se-dyerve-te-mbyllura-per-librat-fetare\/#primaryimage","url":"https:\/\/lh4.googleusercontent.com\/-wC0Bv0F_FFs\/U_sRsBh0Z_I\/AAAAAAAABAg\/9YqAlFy7Y3E\/w258-h196-no\/library.jpg","contentUrl":"https:\/\/lh4.googleusercontent.com\/-wC0Bv0F_FFs\/U_sRsBh0Z_I\/AAAAAAAABAg\/9YqAlFy7Y3E\/w258-h196-no\/library.jpg"},{"@type":"BreadcrumbList","@id":"https:\/\/orthodoxalbania.org\/2020\/2013\/03\/21\/vezhgim-domosdoshmeria-e-hapjes-se-dyerve-te-mbyllura-per-librat-fetare\/#breadcrumb","itemListElement":[{"@type":"ListItem","position":1,"name":"Home","item":"https:\/\/orthodoxalbania.org\/2020\/"},{"@type":"ListItem","position":2,"name":"V\u00cbZHGIM: Domosdoshm\u00ebria e hapjes s\u00eb \u201cdyerve t\u00eb mbyllura\u201d p\u00ebr librat fetar\u00eb. (Korrik 2012)"}]},{"@type":"WebSite","@id":"https:\/\/orthodoxalbania.org\/2020\/#website","url":"https:\/\/orthodoxalbania.org\/2020\/","name":"Kisha Orthodh\u03bfkse Autoqefale e Shqip\u00ebris\u00eb","description":"Fqja Zyrtare e Kish\u00ebs Orthodhokse Autoqefale e Shqip\u00ebris\u00eb me lajmet edhe informacionet zyrtare p\u00ebr struktur\u00ebn edhe veprimtarin e saj.","publisher":{"@id":"https:\/\/orthodoxalbania.org\/2020\/#organization"},"potentialAction":[{"@type":"SearchAction","target":{"@type":"EntryPoint","urlTemplate":"https:\/\/orthodoxalbania.org\/2020\/?s={search_term_string}"},"query-input":{"@type":"PropertyValueSpecification","valueRequired":true,"valueName":"search_term_string"}}],"inLanguage":"en-US"},{"@type":"Organization","@id":"https:\/\/orthodoxalbania.org\/2020\/#organization","name":"Kisha Orthodhokse Autoqefale e Shqip\u00ebris\u00eb","url":"https:\/\/orthodoxalbania.org\/2020\/","logo":{"@type":"ImageObject","inLanguage":"en-US","@id":"https:\/\/orthodoxalbania.org\/2020\/#\/schema\/logo\/image\/","url":"https:\/\/orthodoxalbania.org\/2020\/wp-content\/uploads\/2020\/05\/albania.jpeg","contentUrl":"https:\/\/orthodoxalbania.org\/2020\/wp-content\/uploads\/2020\/05\/albania.jpeg","width":540,"height":540,"caption":"Kisha Orthodhokse Autoqefale e Shqip\u00ebris\u00eb"},"image":{"@id":"https:\/\/orthodoxalbania.org\/2020\/#\/schema\/logo\/image\/"},"sameAs":["https:\/\/www.facebook.com\/koash1991"]},{"@type":"Person","@id":"https:\/\/orthodoxalbania.org\/2020\/#\/schema\/person\/0c387634a7063ac612d7ed9ce71c7e86","name":"Kisha Orthodhokse","image":{"@type":"ImageObject","inLanguage":"en-US","@id":"https:\/\/secure.gravatar.com\/avatar\/596e7c417251e30f2fbb9c00e026fce61a695a00e51c889caded71c96cbbdde5?s=96&d=mm&r=g","url":"https:\/\/secure.gravatar.com\/avatar\/596e7c417251e30f2fbb9c00e026fce61a695a00e51c889caded71c96cbbdde5?s=96&d=mm&r=g","contentUrl":"https:\/\/secure.gravatar.com\/avatar\/596e7c417251e30f2fbb9c00e026fce61a695a00e51c889caded71c96cbbdde5?s=96&d=mm&r=g","caption":"Kisha Orthodhokse"}}]}},"_links":{"self":[{"href":"https:\/\/orthodoxalbania.org\/2020\/wp-json\/wp\/v2\/posts\/200","targetHints":{"allow":["GET"]}}],"collection":[{"href":"https:\/\/orthodoxalbania.org\/2020\/wp-json\/wp\/v2\/posts"}],"about":[{"href":"https:\/\/orthodoxalbania.org\/2020\/wp-json\/wp\/v2\/types\/post"}],"author":[{"embeddable":true,"href":"https:\/\/orthodoxalbania.org\/2020\/wp-json\/wp\/v2\/users\/1"}],"replies":[{"embeddable":true,"href":"https:\/\/orthodoxalbania.org\/2020\/wp-json\/wp\/v2\/comments?post=200"}],"version-history":[{"count":1,"href":"https:\/\/orthodoxalbania.org\/2020\/wp-json\/wp\/v2\/posts\/200\/revisions"}],"predecessor-version":[{"id":15309,"href":"https:\/\/orthodoxalbania.org\/2020\/wp-json\/wp\/v2\/posts\/200\/revisions\/15309"}],"wp:attachment":[{"href":"https:\/\/orthodoxalbania.org\/2020\/wp-json\/wp\/v2\/media?parent=200"}],"wp:term":[{"taxonomy":"category","embeddable":true,"href":"https:\/\/orthodoxalbania.org\/2020\/wp-json\/wp\/v2\/categories?post=200"},{"taxonomy":"post_tag","embeddable":true,"href":"https:\/\/orthodoxalbania.org\/2020\/wp-json\/wp\/v2\/tags?post=200"}],"curies":[{"name":"wp","href":"https:\/\/api.w.org\/{rel}","templated":true}]}}