{"id":197,"date":"2008-02-26T00:00:00","date_gmt":"2008-02-26T00:00:00","guid":{"rendered":""},"modified":"2020-04-06T22:35:18","modified_gmt":"2020-04-06T20:35:18","slug":"takim-3-ditor-trajnimi-me-katekiste-femijesh-une-jam-mesues-sepse-dua-te-prek-te-ardhmen-maj-2008","status":"publish","type":"post","link":"https:\/\/orthodoxalbania.org\/2020\/2008\/02\/26\/takim-3-ditor-trajnimi-me-katekiste-femijesh-une-jam-mesues-sepse-dua-te-prek-te-ardhmen-maj-2008\/","title":{"rendered":"Takim 3 ditor trajnimi me katekist\u00eb f\u00ebmij\u00ebsh &#8211;  Un\u00eb jam m\u00ebsues sepse dua t\u00eb prek t\u00eb ardhmen &#8211; (Maj 2008)"},"content":{"rendered":"<table id=\"AutoNumber2\" border=\"0\">\n<tbody>\n<tr>\n<td>\n<p><span style=\"color: #000000; font-family: helvetica;\"><span style=\"font-size: 12px;\"><img decoding=\"async\" class=\"lazyload HAa Eha\" style=\"border-width: 1px; border-style: solid; margin: 10px auto; display: block;\" alt=\"\" src=\"data:image\/gif;base64,R0lGODlhAQABAAAAACH5BAEKAAEALAAAAAABAAEAAAICTAEAOw==\" data-orig-src=\"https:\/\/lh3.googleusercontent.com\/-eDvaPMP-VsI\/VI7HU-fUp7I\/AAAAAAAAHsc\/DkoEdytlX24\/w400-h266-no\/tr%2B1.jpg\" \/><\/span><\/span><\/p>\n<\/td>\n<td>\n<p style=\"text-align: justify;\"><span style=\"color: #000000; font-family: helvetica; font-size: 12pt;\">&nbsp;&nbsp;&nbsp; Kisha jon\u00eb Orthodhokse tregon vazhdimisht nj\u00eb p\u00ebrkujdes t\u00eb ve\u00e7ant\u00eb p\u00ebr f\u00ebmij\u00ebt dhe pun\u00ebn q\u00eb b\u00ebhet me ta. Zyra e F\u00ebmij\u00ebve organizoi nj\u00eb trajnim t\u00eb ve\u00e7ant\u00eb n\u00eb ambientin e hirsh\u00ebm t\u00eb Manastirit t\u00eb Sh\u00ebn Vlashit, pran\u00eb Durr\u00ebsit. Ky aktivitet u zhvillua n\u00eb datat 23-25 Maj. N\u00eb t\u00eb mor\u00ebn pjes\u00eb m\u00ebsuesit e edukimit t\u00eb krishter\u00eb q\u00eb punojn\u00eb n\u00eb Tiran\u00eb, disa katekist\u00eb, disa student\u00eb t\u00eb Akademis\u00eb Teologjike, nj\u00eb grup student\u00ebsh q\u00eb frekuentojn\u00eb qendr\u00ebn studentore t\u00eb Kish\u00ebs son\u00eb n\u00eb Tiran\u00eb; t\u00eb rinj orthodhoks\u00eb nga Kavaja, Berati, Elbasani e Sht\u00ebrmeni.<\/span><\/p>\n<\/td>\n<\/tr>\n<tr>\n<td>\n<p style=\"text-align: justify;\"><span style=\"color: #000000; font-family: helvetica; font-size: 12pt;\">&nbsp;&nbsp;&nbsp; Ky trajnim kishte p\u00ebr q\u00ebllim t\u00eb rriste kapacitetet e edukuesve t\u00eb krishter\u00eb q\u00eb punojn\u00eb me f\u00ebmij\u00ebt. K\u00ebt\u00eb e tregoi qart\u00eb edhe programi i trajnimit. N\u00eb program ishin p\u00ebrfshir\u00eb 3 sesione me temat: \u201cTre \u00e7el\u00ebsat p\u00ebr t\u00eb ndryshuar jet\u00ebt p\u00ebrmes edukimit fetar\u201d, \u201cSi jeta n\u00eb komunitet mund t\u00eb jet\u00eb edukuesi fetar par\u00ebsor\u201d, \u201cM\u00ebsimdh\u00ebnia pa fjal\u00eb\u201d t\u00eb mbajtura nga Pr.Dr. Anthony Vryme. Kush \u00ebsht\u00eb AnthonyVryme? Ai \u00ebsht\u00eb Drejtori i Edukimit Fetar n\u00eb Dioqez\u00ebn Orthodhokse Greke n\u00eb Boston t\u00eb Amerik\u00ebs; drejtor i Shtypshkronj\u00ebs \u201cHoly Cross press\u201d; profesor i arsimimit fetar n\u00eb Holy Cross; me Master n\u00eb Teologji nga Holy Cross dhe Doktorat\u00ebn n\u00eb Arsim dhe Teologji nga Boston College.<\/span><\/p>\n<\/td>\n<td>\n<p><span style=\"color: #000000; font-family: helvetica; font-size: 12pt;\"><img decoding=\"async\" class=\"lazyload HAa Eha\" style=\"border-width: 1px; border-style: solid; margin: 10px auto; display: block;\" alt=\"\" src=\"data:image\/gif;base64,R0lGODlhAQABAAAAACH5BAEKAAEALAAAAAABAAEAAAICTAEAOw==\" data-orig-src=\"https:\/\/lh4.googleusercontent.com\/-cDQS-iVSv9E\/VI7HU7FFKdI\/AAAAAAAAHsU\/9iydJ0Y1jew\/w400-h266-no\/tr%2B2.jpg\" \/><\/span><\/p>\n<\/td>\n<\/tr>\n<tr>\n<td>\n<p><span style=\"color: #000000; font-family: helvetica; font-size: 12pt;\"><img decoding=\"async\" class=\"lazyload HAa Eha\" style=\"border-width: 1px; border-style: solid; margin: 10px auto; display: block;\" alt=\"\" src=\"data:image\/gif;base64,R0lGODlhAQABAAAAACH5BAEKAAEALAAAAAABAAEAAAICTAEAOw==\" data-orig-src=\"https:\/\/lh6.googleusercontent.com\/-GMsufQSpP3c\/VI7HU74fT3I\/AAAAAAAAHsM\/REs90JCdKTA\/w266-h400-no\/tr%2B3.jpg\" \/><\/span><\/p>\n<\/td>\n<td>\n<p><span style=\"color: #000000; font-family: helvetica; font-size: 12pt;\">&nbsp;&nbsp;&nbsp;&nbsp;<\/span><\/p>\n<p style=\"text-align: justify;\"><span style=\"color: #000000; font-family: helvetica; font-size: 12pt;\">&nbsp;&nbsp;&nbsp; Nd\u00ebr t\u00eb tjera ai theksoi se: \u201c&#8230;n\u00eb pun\u00ebn tuaj me f\u00ebmij\u00ebt ju do t\u00eb keni v\u00ebshtir\u00ebsi, d\u00ebshtime apo suksese, ju vazhdimisht vazhdoni t\u00eb jeni edukues t\u00eb krishter\u00eb, jepni m\u00ebsim; vendosni brenda zemr\u00ebs suaj t\u00eb jeni realisht m\u00ebsues, duke dashur t\u00eb ndani veten tuaj me f\u00ebmij\u00ebt, pasi k\u00ebshtu ju prekni t\u00eb ardhmen. Nuk ka q\u00ebllim tjet\u00ebr p\u00ebrve\u00e7se t\u2019i b\u00ebni f\u00ebmij\u00ebt pjes\u00eb t\u00eb gjall\u00eb t\u00eb komunitetit; t\u2019i ndihmoni t\u00eb zhvillohen dhe t\u00eb avancohen n\u00eb besimin e krishter\u00eb orthodhoks. K\u00ebshtu ju po e transmetoni tradit\u00ebn dhe dogm\u00ebn e Kish\u00ebs\u201d.<\/span><\/p>\n<p><span style=\"font-family: helvetica; font-size: 12pt;\"><\/span><\/p>\n<\/td>\n<\/tr>\n<tr>\n<td>\n<p><span style=\"color: #000000; font-family: helvetica; font-size: 12pt;\">&nbsp;&nbsp;&nbsp;&nbsp;<\/span><\/p>\n<p style=\"text-align: justify;\"><span style=\"color: #000000; font-family: helvetica; font-size: 12pt;\">&nbsp;&nbsp;&nbsp; Puna n\u00eb grupe ishte nj\u00eb tregues tjet\u00ebr dhe nxit\u00ebs p\u00ebr dialog. N\u00eb t\u00eb u diskutua rreth \u00e7el\u00ebsave kryesor\u00eb p\u00ebr t\u00eb ndryshuar jet\u00eb njer\u00ebzish. K\u00ebta \u00e7el\u00ebsa ishin: informimi, formimi dhe transformimi, ky i fundit \u00ebsht\u00eb edhe q\u00ebllimi i edukimit t\u00eb krishter\u00eb. N\u00eb pun\u00ebn n\u00eb grupe u diskutuan pes\u00eb gj\u00ebrat m\u00eb t\u00eb r\u00ebnd\u00ebsishme q\u00eb na b\u00ebjn\u00eb t\u00eb krishter\u00eb orthodhoks\u00eb dhe pse; gj\u00eb t\u00eb cil\u00ebn grupet e shkruajt\u00ebn n\u00eb postera dhe ndan\u00eb mendimet e tyre me nj\u00ebri-tjetrin. N\u00eb grupe u diskutua; \u00e7far\u00eb duhet t\u00eb b\u00ebj\u00eb dhe t\u00eb dij\u00eb nj\u00eb f\u00ebmij\u00eb rreth Liturgjis\u00eb Hyjnore, komunitetit, sh\u00ebrbimeve baritore, d\u00ebshmimit.<\/span><\/p>\n<\/td>\n<td>\n<p><span style=\"color: #000000; font-family: helvetica; font-size: 12pt;\"><img decoding=\"async\" class=\"lazyload HAa Eha\" style=\"border-width: 1px; border-style: solid; margin: 10px auto; display: block;\" alt=\"\" src=\"data:image\/gif;base64,R0lGODlhAQABAAAAACH5BAEKAAEALAAAAAABAAEAAAICTAEAOw==\" data-orig-src=\"https:\/\/lh4.googleusercontent.com\/-bkC9LkgVZ24\/VI7HVaTbucI\/AAAAAAAAHsQ\/7V9BomaCjD4\/w400-h266-no\/tr%2B4.jpg\" \/><\/span><\/p>\n<\/td>\n<\/tr>\n<tr>\n<td colspan=\"2\">\n<p style=\"text-align: justify;\"><span style=\"color: #000000; font-family: helvetica; font-size: 12pt;\"> &nbsp;&nbsp;&nbsp; Meditimi, lutjet e ndryshme, koha e lir\u00eb dhe ngr\u00ebnia s\u00eb bashku e ngjashme me mbledhjen e apostujve, t\u00eb cil\u00ebt jo vet\u00ebm mblidheshin s\u00eb bashku, por luteshin e hanin s\u00eb bashku dhe u b\u00ebn\u00eb d\u00ebshmitar nga Jerusalemi deri n\u00eb skajet e dheut. Gjat\u00eb trajnimit, shum\u00eb gj\u00ebra haseshin p\u00ebr her\u00eb t\u00eb par\u00eb dhe kjo koh\u00eb s\u00eb bashku sh\u00ebrbeu si koh\u00eb reflektimi, ndarje eksperiencash n\u00eb pun\u00ebn e b\u00ebr\u00eb me f\u00ebmij\u00ebt, marrje nismash dhe iniciativash t\u00eb reja, metoda t\u00eb reja se si mund t\u00eb edukohen f\u00ebmij\u00ebt n\u00ebp\u00ebrmjet edukimit t\u00eb krishter\u00eb.<\/span><\/p>\n<\/td>\n<\/tr>\n<tr>\n<td dir=\"ltr\" colspan=\"2\">\n<p style=\"text-align: justify;\"><span style=\"color: #000000; font-family: helvetica; font-size: 12pt;\"> &nbsp;&nbsp;&nbsp; N\u00eb tematik\u00ebn \u201cA e dini se m\u00ebsimdh\u00ebnia me fjal\u00eb \u00ebsht\u00eb p\u00ebr t\u00eb mbushur mendjen dhe m\u00ebsimdh\u00ebnia pa fjal\u00eb mbush zemrat\u201dmund t\u00eb p\u00ebrmendim disa nga metodat e m\u00ebsimdh\u00ebnies pa fjal\u00eb si p.sh. p\u00ebrmes <strong>inteligjenc\u00ebs muzikore<\/strong> (m\u00ebsimit t\u00eb k\u00ebng\u00ebve t\u00eb kampit dhe himneve t\u00eb kish\u00ebs); <strong>aft\u00ebsia e p\u00ebrdorimit t\u00eb trupave<\/strong> (kur p\u00ebrcjellim m\u00ebsim ose k\u00ebng\u00eb le t\u2019i shoq\u00ebrojm\u00eb edhe me l\u00ebvizje fizike pasi duhet t\u00eb dim\u00eb q\u00eb kur plakemi mund t\u00eb na humbasim mendimet tona, por trupat tan\u00eb mbajn\u00eb mend m\u00eb shum\u00eb); <strong>inteligjenca artistike<\/strong> (ne m\u00ebsojm\u00eb p\u00ebrmes bot\u00ebs vizuale p.sh ikonat t\u00eb cilat quhen libra p\u00ebr t\u00eb gjith\u00eb ata q\u00eb nuk din\u00eb t\u00eb lexojn\u00eb) dhe <strong>inteligjenca shpirt\u00ebrore<\/strong>.<\/span><\/p>\n<p style=\"text-align: justify;\"><span style=\"color: #000000; font-family: helvetica; font-size: 12pt;\">&nbsp;&nbsp;&nbsp; Nga intervistat e b\u00ebra nj\u00eb nga pjes\u00ebmarr\u00ebset e k\u00ebtij aktiviteti n\u00ebnvizoi k\u00ebt\u00eb th\u00ebnie: \u201cN\u00ebse doni t\u00eb hani fruta p\u00ebr nj\u00eb vit mbillni perime; n\u00ebse doni t\u00eb hani fruta p\u00ebr shum\u00eb vjet mbillni pem\u00eb, por n\u00ebse doni t\u00eb hani fruta p\u00ebrjet\u00ebsisht m\u00ebsoni nj\u00eb f\u00ebmij\u00eb\u201d&#8230;..<\/span><\/p>\n<p style=\"text-align: justify;\"><span style=\"color: #000000; font-family: helvetica; font-size: 12pt;\">&nbsp;&nbsp; Duhet t\u00eb jemi m\u00ebsues q\u00eb flasim nga zemra, ta p\u00ebrjetojm\u00eb besimin, q\u00eb t\u00eb b\u00ebjm\u00eb pun\u00ebn ton\u00eb si m\u00ebsues ku jo vet\u00ebm japim por edhe marrim dhe le t\u00eb lejojm\u00eb Per\u00ebndin\u00eb t\u00eb b\u00ebj\u00eb shum\u00ebfishimin dhe transformimine jet\u00ebve dhe zemrave t\u00eb f\u00ebmij\u00ebve.<\/span><\/p>\n<p style=\"text-align: justify;\"><span style=\"color: #000000; font-family: helvetica; font-size: 12pt;\">&nbsp;&nbsp;&nbsp; U larguam me ide t\u00eb reja, t\u00eb frym\u00ebzuar p\u00ebr t\u00eb punuar m\u00eb shum\u00eb n\u00eb Vreshtin e Zotit duke kujtuar q\u00eb jemi instrumente t\u00eb Per\u00ebndis\u00eb, jemi laps q\u00eb shkruajm\u00eb n\u00eb zemrat e f\u00ebmij\u00ebve ligjin e Tij. Le t\u2019i orientojm\u00eb ata drejt Per\u00ebndis\u00eb ashtu si vet\u00eb Zoti tha: \u201cL\u00ebrini f\u00ebmij\u00ebt e vegj\u00ebl t\u00eb vijn\u00eb tek Un\u00eb, dhe mos i pengoni, se e tyre \u00ebsht\u00eb mbret\u00ebria e qiejve\u201d (Mattheu 19:14). Ne ndoshta nuk i shohim kurr\u00eb rezultatet p\u00ebrfundimtare, por kjo \u00ebsht\u00eb ajo q\u00eb dallon mjeshtrin nga pun\u00ebtori.<\/span><\/p>\n<p><span style=\"font-family: helvetica; font-size: 12pt;\"><\/span><\/p>\n<p><span style=\"font-family: helvetica; font-size: 12pt;\"><\/span><\/p>\n<\/td>\n<\/tr>\n<tr>\n<td dir=\"ltr\" colspan=\"2\">\n<p><span style=\"color: #000000; font-family: helvetica; font-size: 12pt;\"><strong>Elena Krakulli<\/strong><\/span><\/p>\n<\/td>\n<\/tr>\n<\/tbody>\n<\/table>\n<p>&nbsp;<\/p>\n","protected":false},"excerpt":{"rendered":"<p>&nbsp;&nbsp;&nbsp; Kisha jon\u00eb Orthodhokse tregon vazhdimisht nj\u00eb p\u00ebrkujdes t\u00eb ve\u00e7ant\u00eb p\u00ebr f\u00ebmij\u00ebt dhe pun\u00ebn q\u00eb b\u00ebhet me ta. Zyra e F\u00ebmij\u00ebve organizoi nj\u00eb trajnim t\u00eb ve\u00e7ant\u00eb n\u00eb ambientin e hirsh\u00ebm t\u00eb Manastirit t\u00eb Sh\u00ebn Vlashit, pran\u00eb Durr\u00ebsit. Ky aktivitet u zhvillua n\u00eb datat 23-25 Maj. N\u00eb t\u00eb mor\u00ebn pjes\u00eb m\u00ebsuesit e edukimit t\u00eb krishter\u00eb q\u00eb punojn\u00eb n\u00eb Tiran\u00eb, disa katekist\u00eb, disa student\u00eb t\u00eb Akademis\u00eb Teologjike,<\/p>\n","protected":false},"author":1,"featured_media":0,"comment_status":"open","ping_status":"open","sticky":false,"template":"","format":"standard","meta":{"_acf_changed":false,"pagelayer_contact_templates":[],"_pagelayer_content":"","inline_featured_image":false,"fifu_image_url":"","fifu_image_alt":"","footnotes":""},"categories":[108],"tags":[146,196,212,156],"class_list":["post-197","post","type-post","status-publish","format-standard","hentry","category-lajme","tag-146","tag-tirane","tag-lajme-d27","tag-femijet"],"acf":[],"yoast_head":"<!-- This site is optimized with the Yoast SEO plugin v27.2 - https:\/\/yoast.com\/product\/yoast-seo-wordpress\/ -->\n<title>Takim 3 ditor trajnimi me katekist\u00eb f\u00ebmij\u00ebsh - Un\u00eb jam m\u00ebsues sepse dua t\u00eb prek t\u00eb ardhmen - (Maj 2008) - Kisha Orthodh\u03bfkse Autoqefale e Shqip\u00ebris\u00eb<\/title>\n<meta name=\"robots\" content=\"index, follow, max-snippet:-1, max-image-preview:large, max-video-preview:-1\" \/>\n<link rel=\"canonical\" href=\"https:\/\/orthodoxalbania.org\/2020\/2008\/02\/26\/takim-3-ditor-trajnimi-me-katekiste-femijesh-une-jam-mesues-sepse-dua-te-prek-te-ardhmen-maj-2008\/\" \/>\n<meta property=\"og:locale\" content=\"en_US\" \/>\n<meta property=\"og:type\" content=\"article\" \/>\n<meta property=\"og:title\" content=\"Takim 3 ditor trajnimi me katekist\u00eb f\u00ebmij\u00ebsh - Un\u00eb jam m\u00ebsues sepse dua t\u00eb prek t\u00eb ardhmen - (Maj 2008) - Kisha Orthodh\u03bfkse Autoqefale e Shqip\u00ebris\u00eb\" \/>\n<meta property=\"og:description\" content=\"&nbsp;&nbsp;&nbsp; Kisha jon\u00eb Orthodhokse tregon vazhdimisht nj\u00eb p\u00ebrkujdes t\u00eb ve\u00e7ant\u00eb p\u00ebr f\u00ebmij\u00ebt dhe pun\u00ebn q\u00eb b\u00ebhet me ta. Zyra e F\u00ebmij\u00ebve organizoi nj\u00eb trajnim t\u00eb ve\u00e7ant\u00eb n\u00eb ambientin e hirsh\u00ebm t\u00eb Manastirit t\u00eb Sh\u00ebn Vlashit, pran\u00eb Durr\u00ebsit. Ky aktivitet u zhvillua n\u00eb datat 23-25 Maj. N\u00eb t\u00eb mor\u00ebn pjes\u00eb m\u00ebsuesit e edukimit t\u00eb krishter\u00eb q\u00eb punojn\u00eb n\u00eb Tiran\u00eb, disa katekist\u00eb, disa student\u00eb t\u00eb Akademis\u00eb Teologjike,\" \/>\n<meta property=\"og:url\" content=\"https:\/\/orthodoxalbania.org\/2020\/2008\/02\/26\/takim-3-ditor-trajnimi-me-katekiste-femijesh-une-jam-mesues-sepse-dua-te-prek-te-ardhmen-maj-2008\/\" \/>\n<meta property=\"og:site_name\" content=\"Kisha Orthodh\u03bfkse Autoqefale e Shqip\u00ebris\u00eb\" \/>\n<meta property=\"article:publisher\" content=\"https:\/\/www.facebook.com\/koash1991\" \/>\n<meta property=\"article:published_time\" content=\"2008-02-26T00:00:00+00:00\" \/>\n<meta property=\"article:modified_time\" content=\"2020-04-06T20:35:18+00:00\" \/>\n<meta property=\"og:image\" content=\"https:\/\/lh3.googleusercontent.com\/-eDvaPMP-VsI\/VI7HU-fUp7I\/AAAAAAAAHsc\/DkoEdytlX24\/w400-h266-no\/tr%2B1.jpg\" \/>\n<meta name=\"author\" content=\"Kisha Orthodhokse\" \/>\n<meta name=\"twitter:card\" content=\"summary_large_image\" \/>\n<meta name=\"twitter:label1\" content=\"Written by\" \/>\n\t<meta name=\"twitter:data1\" content=\"Kisha Orthodhokse\" \/>\n\t<meta name=\"twitter:label2\" content=\"Est. reading time\" \/>\n\t<meta name=\"twitter:data2\" content=\"5 minutes\" \/>\n<script type=\"application\/ld+json\" class=\"yoast-schema-graph\">{\"@context\":\"https:\/\/schema.org\",\"@graph\":[{\"@type\":\"Article\",\"@id\":\"https:\/\/orthodoxalbania.org\/2020\/2008\/02\/26\/takim-3-ditor-trajnimi-me-katekiste-femijesh-une-jam-mesues-sepse-dua-te-prek-te-ardhmen-maj-2008\/#article\",\"isPartOf\":{\"@id\":\"https:\/\/orthodoxalbania.org\/2020\/2008\/02\/26\/takim-3-ditor-trajnimi-me-katekiste-femijesh-une-jam-mesues-sepse-dua-te-prek-te-ardhmen-maj-2008\/\"},\"author\":{\"name\":\"Kisha Orthodhokse\",\"@id\":\"https:\/\/orthodoxalbania.org\/2020\/#\/schema\/person\/0c387634a7063ac612d7ed9ce71c7e86\"},\"headline\":\"Takim 3 ditor trajnimi me katekist\u00eb f\u00ebmij\u00ebsh &#8211; Un\u00eb jam m\u00ebsues sepse dua t\u00eb prek t\u00eb ardhmen &#8211; (Maj 2008)\",\"datePublished\":\"2008-02-26T00:00:00+00:00\",\"dateModified\":\"2020-04-06T20:35:18+00:00\",\"mainEntityOfPage\":{\"@id\":\"https:\/\/orthodoxalbania.org\/2020\/2008\/02\/26\/takim-3-ditor-trajnimi-me-katekiste-femijesh-une-jam-mesues-sepse-dua-te-prek-te-ardhmen-maj-2008\/\"},\"wordCount\":958,\"commentCount\":0,\"publisher\":{\"@id\":\"https:\/\/orthodoxalbania.org\/2020\/#organization\"},\"image\":{\"@id\":\"https:\/\/orthodoxalbania.org\/2020\/2008\/02\/26\/takim-3-ditor-trajnimi-me-katekiste-femijesh-une-jam-mesues-sepse-dua-te-prek-te-ardhmen-maj-2008\/#primaryimage\"},\"thumbnailUrl\":\"https:\/\/lh3.googleusercontent.com\/-eDvaPMP-VsI\/VI7HU-fUp7I\/AAAAAAAAHsc\/DkoEdytlX24\/w400-h266-no\/tr%2B1.jpg\",\"keywords\":[\"2008\",\"Kryepiskopata Tiran\u00eb\",\"lajme\",\"Zyra e F\u00ebmij\u00ebve\"],\"articleSection\":[\"Lajme\"],\"inLanguage\":\"en-US\"},{\"@type\":\"WebPage\",\"@id\":\"https:\/\/orthodoxalbania.org\/2020\/2008\/02\/26\/takim-3-ditor-trajnimi-me-katekiste-femijesh-une-jam-mesues-sepse-dua-te-prek-te-ardhmen-maj-2008\/\",\"url\":\"https:\/\/orthodoxalbania.org\/2020\/2008\/02\/26\/takim-3-ditor-trajnimi-me-katekiste-femijesh-une-jam-mesues-sepse-dua-te-prek-te-ardhmen-maj-2008\/\",\"name\":\"Takim 3 ditor trajnimi me katekist\u00eb f\u00ebmij\u00ebsh - Un\u00eb jam m\u00ebsues sepse dua t\u00eb prek t\u00eb ardhmen - (Maj 2008) - Kisha Orthodh\u03bfkse Autoqefale e Shqip\u00ebris\u00eb\",\"isPartOf\":{\"@id\":\"https:\/\/orthodoxalbania.org\/2020\/#website\"},\"primaryImageOfPage\":{\"@id\":\"https:\/\/orthodoxalbania.org\/2020\/2008\/02\/26\/takim-3-ditor-trajnimi-me-katekiste-femijesh-une-jam-mesues-sepse-dua-te-prek-te-ardhmen-maj-2008\/#primaryimage\"},\"image\":{\"@id\":\"https:\/\/orthodoxalbania.org\/2020\/2008\/02\/26\/takim-3-ditor-trajnimi-me-katekiste-femijesh-une-jam-mesues-sepse-dua-te-prek-te-ardhmen-maj-2008\/#primaryimage\"},\"thumbnailUrl\":\"https:\/\/lh3.googleusercontent.com\/-eDvaPMP-VsI\/VI7HU-fUp7I\/AAAAAAAAHsc\/DkoEdytlX24\/w400-h266-no\/tr%2B1.jpg\",\"datePublished\":\"2008-02-26T00:00:00+00:00\",\"dateModified\":\"2020-04-06T20:35:18+00:00\",\"breadcrumb\":{\"@id\":\"https:\/\/orthodoxalbania.org\/2020\/2008\/02\/26\/takim-3-ditor-trajnimi-me-katekiste-femijesh-une-jam-mesues-sepse-dua-te-prek-te-ardhmen-maj-2008\/#breadcrumb\"},\"inLanguage\":\"en-US\",\"potentialAction\":[{\"@type\":\"ReadAction\",\"target\":[\"https:\/\/orthodoxalbania.org\/2020\/2008\/02\/26\/takim-3-ditor-trajnimi-me-katekiste-femijesh-une-jam-mesues-sepse-dua-te-prek-te-ardhmen-maj-2008\/\"]}]},{\"@type\":\"ImageObject\",\"inLanguage\":\"en-US\",\"@id\":\"https:\/\/orthodoxalbania.org\/2020\/2008\/02\/26\/takim-3-ditor-trajnimi-me-katekiste-femijesh-une-jam-mesues-sepse-dua-te-prek-te-ardhmen-maj-2008\/#primaryimage\",\"url\":\"https:\/\/lh3.googleusercontent.com\/-eDvaPMP-VsI\/VI7HU-fUp7I\/AAAAAAAAHsc\/DkoEdytlX24\/w400-h266-no\/tr%2B1.jpg\",\"contentUrl\":\"https:\/\/lh3.googleusercontent.com\/-eDvaPMP-VsI\/VI7HU-fUp7I\/AAAAAAAAHsc\/DkoEdytlX24\/w400-h266-no\/tr%2B1.jpg\"},{\"@type\":\"BreadcrumbList\",\"@id\":\"https:\/\/orthodoxalbania.org\/2020\/2008\/02\/26\/takim-3-ditor-trajnimi-me-katekiste-femijesh-une-jam-mesues-sepse-dua-te-prek-te-ardhmen-maj-2008\/#breadcrumb\",\"itemListElement\":[{\"@type\":\"ListItem\",\"position\":1,\"name\":\"Home\",\"item\":\"https:\/\/orthodoxalbania.org\/2020\/\"},{\"@type\":\"ListItem\",\"position\":2,\"name\":\"Takim 3 ditor trajnimi me katekist\u00eb f\u00ebmij\u00ebsh &#8211; Un\u00eb jam m\u00ebsues sepse dua t\u00eb prek t\u00eb ardhmen &#8211; (Maj 2008)\"}]},{\"@type\":\"WebSite\",\"@id\":\"https:\/\/orthodoxalbania.org\/2020\/#website\",\"url\":\"https:\/\/orthodoxalbania.org\/2020\/\",\"name\":\"Kisha Orthodh\u03bfkse Autoqefale e Shqip\u00ebris\u00eb\",\"description\":\"Fqja Zyrtare e Kish\u00ebs Orthodhokse Autoqefale e Shqip\u00ebris\u00eb me lajmet edhe informacionet zyrtare p\u00ebr struktur\u00ebn edhe veprimtarin e saj.\",\"publisher\":{\"@id\":\"https:\/\/orthodoxalbania.org\/2020\/#organization\"},\"potentialAction\":[{\"@type\":\"SearchAction\",\"target\":{\"@type\":\"EntryPoint\",\"urlTemplate\":\"https:\/\/orthodoxalbania.org\/2020\/?s={search_term_string}\"},\"query-input\":{\"@type\":\"PropertyValueSpecification\",\"valueRequired\":true,\"valueName\":\"search_term_string\"}}],\"inLanguage\":\"en-US\"},{\"@type\":\"Organization\",\"@id\":\"https:\/\/orthodoxalbania.org\/2020\/#organization\",\"name\":\"Kisha Orthodhokse Autoqefale e Shqip\u00ebris\u00eb\",\"url\":\"https:\/\/orthodoxalbania.org\/2020\/\",\"logo\":{\"@type\":\"ImageObject\",\"inLanguage\":\"en-US\",\"@id\":\"https:\/\/orthodoxalbania.org\/2020\/#\/schema\/logo\/image\/\",\"url\":\"https:\/\/orthodoxalbania.org\/2020\/wp-content\/uploads\/2020\/05\/albania.jpeg\",\"contentUrl\":\"https:\/\/orthodoxalbania.org\/2020\/wp-content\/uploads\/2020\/05\/albania.jpeg\",\"width\":540,\"height\":540,\"caption\":\"Kisha Orthodhokse Autoqefale e Shqip\u00ebris\u00eb\"},\"image\":{\"@id\":\"https:\/\/orthodoxalbania.org\/2020\/#\/schema\/logo\/image\/\"},\"sameAs\":[\"https:\/\/www.facebook.com\/koash1991\"]},{\"@type\":\"Person\",\"@id\":\"https:\/\/orthodoxalbania.org\/2020\/#\/schema\/person\/0c387634a7063ac612d7ed9ce71c7e86\",\"name\":\"Kisha Orthodhokse\",\"image\":{\"@type\":\"ImageObject\",\"inLanguage\":\"en-US\",\"@id\":\"https:\/\/secure.gravatar.com\/avatar\/596e7c417251e30f2fbb9c00e026fce61a695a00e51c889caded71c96cbbdde5?s=96&d=mm&r=g\",\"url\":\"https:\/\/secure.gravatar.com\/avatar\/596e7c417251e30f2fbb9c00e026fce61a695a00e51c889caded71c96cbbdde5?s=96&d=mm&r=g\",\"contentUrl\":\"https:\/\/secure.gravatar.com\/avatar\/596e7c417251e30f2fbb9c00e026fce61a695a00e51c889caded71c96cbbdde5?s=96&d=mm&r=g\",\"caption\":\"Kisha Orthodhokse\"}}]}<\/script>\n<!-- \/ Yoast SEO plugin. -->","yoast_head_json":{"title":"Takim 3 ditor trajnimi me katekist\u00eb f\u00ebmij\u00ebsh - Un\u00eb jam m\u00ebsues sepse dua t\u00eb prek t\u00eb ardhmen - (Maj 2008) - Kisha Orthodh\u03bfkse Autoqefale e Shqip\u00ebris\u00eb","robots":{"index":"index","follow":"follow","max-snippet":"max-snippet:-1","max-image-preview":"max-image-preview:large","max-video-preview":"max-video-preview:-1"},"canonical":"https:\/\/orthodoxalbania.org\/2020\/2008\/02\/26\/takim-3-ditor-trajnimi-me-katekiste-femijesh-une-jam-mesues-sepse-dua-te-prek-te-ardhmen-maj-2008\/","og_locale":"en_US","og_type":"article","og_title":"Takim 3 ditor trajnimi me katekist\u00eb f\u00ebmij\u00ebsh - Un\u00eb jam m\u00ebsues sepse dua t\u00eb prek t\u00eb ardhmen - (Maj 2008) - Kisha Orthodh\u03bfkse Autoqefale e Shqip\u00ebris\u00eb","og_description":"&nbsp;&nbsp;&nbsp; Kisha jon\u00eb Orthodhokse tregon vazhdimisht nj\u00eb p\u00ebrkujdes t\u00eb ve\u00e7ant\u00eb p\u00ebr f\u00ebmij\u00ebt dhe pun\u00ebn q\u00eb b\u00ebhet me ta. Zyra e F\u00ebmij\u00ebve organizoi nj\u00eb trajnim t\u00eb ve\u00e7ant\u00eb n\u00eb ambientin e hirsh\u00ebm t\u00eb Manastirit t\u00eb Sh\u00ebn Vlashit, pran\u00eb Durr\u00ebsit. Ky aktivitet u zhvillua n\u00eb datat 23-25 Maj. N\u00eb t\u00eb mor\u00ebn pjes\u00eb m\u00ebsuesit e edukimit t\u00eb krishter\u00eb q\u00eb punojn\u00eb n\u00eb Tiran\u00eb, disa katekist\u00eb, disa student\u00eb t\u00eb Akademis\u00eb Teologjike,","og_url":"https:\/\/orthodoxalbania.org\/2020\/2008\/02\/26\/takim-3-ditor-trajnimi-me-katekiste-femijesh-une-jam-mesues-sepse-dua-te-prek-te-ardhmen-maj-2008\/","og_site_name":"Kisha Orthodh\u03bfkse Autoqefale e Shqip\u00ebris\u00eb","article_publisher":"https:\/\/www.facebook.com\/koash1991","article_published_time":"2008-02-26T00:00:00+00:00","article_modified_time":"2020-04-06T20:35:18+00:00","og_image":[{"url":"https:\/\/lh3.googleusercontent.com\/-eDvaPMP-VsI\/VI7HU-fUp7I\/AAAAAAAAHsc\/DkoEdytlX24\/w400-h266-no\/tr%2B1.jpg","type":"","width":"","height":""}],"author":"Kisha Orthodhokse","twitter_card":"summary_large_image","twitter_misc":{"Written by":"Kisha Orthodhokse","Est. reading time":"5 minutes"},"schema":{"@context":"https:\/\/schema.org","@graph":[{"@type":"Article","@id":"https:\/\/orthodoxalbania.org\/2020\/2008\/02\/26\/takim-3-ditor-trajnimi-me-katekiste-femijesh-une-jam-mesues-sepse-dua-te-prek-te-ardhmen-maj-2008\/#article","isPartOf":{"@id":"https:\/\/orthodoxalbania.org\/2020\/2008\/02\/26\/takim-3-ditor-trajnimi-me-katekiste-femijesh-une-jam-mesues-sepse-dua-te-prek-te-ardhmen-maj-2008\/"},"author":{"name":"Kisha Orthodhokse","@id":"https:\/\/orthodoxalbania.org\/2020\/#\/schema\/person\/0c387634a7063ac612d7ed9ce71c7e86"},"headline":"Takim 3 ditor trajnimi me katekist\u00eb f\u00ebmij\u00ebsh &#8211; Un\u00eb jam m\u00ebsues sepse dua t\u00eb prek t\u00eb ardhmen &#8211; (Maj 2008)","datePublished":"2008-02-26T00:00:00+00:00","dateModified":"2020-04-06T20:35:18+00:00","mainEntityOfPage":{"@id":"https:\/\/orthodoxalbania.org\/2020\/2008\/02\/26\/takim-3-ditor-trajnimi-me-katekiste-femijesh-une-jam-mesues-sepse-dua-te-prek-te-ardhmen-maj-2008\/"},"wordCount":958,"commentCount":0,"publisher":{"@id":"https:\/\/orthodoxalbania.org\/2020\/#organization"},"image":{"@id":"https:\/\/orthodoxalbania.org\/2020\/2008\/02\/26\/takim-3-ditor-trajnimi-me-katekiste-femijesh-une-jam-mesues-sepse-dua-te-prek-te-ardhmen-maj-2008\/#primaryimage"},"thumbnailUrl":"https:\/\/lh3.googleusercontent.com\/-eDvaPMP-VsI\/VI7HU-fUp7I\/AAAAAAAAHsc\/DkoEdytlX24\/w400-h266-no\/tr%2B1.jpg","keywords":["2008","Kryepiskopata Tiran\u00eb","lajme","Zyra e F\u00ebmij\u00ebve"],"articleSection":["Lajme"],"inLanguage":"en-US"},{"@type":"WebPage","@id":"https:\/\/orthodoxalbania.org\/2020\/2008\/02\/26\/takim-3-ditor-trajnimi-me-katekiste-femijesh-une-jam-mesues-sepse-dua-te-prek-te-ardhmen-maj-2008\/","url":"https:\/\/orthodoxalbania.org\/2020\/2008\/02\/26\/takim-3-ditor-trajnimi-me-katekiste-femijesh-une-jam-mesues-sepse-dua-te-prek-te-ardhmen-maj-2008\/","name":"Takim 3 ditor trajnimi me katekist\u00eb f\u00ebmij\u00ebsh - Un\u00eb jam m\u00ebsues sepse dua t\u00eb prek t\u00eb ardhmen - (Maj 2008) - Kisha Orthodh\u03bfkse Autoqefale e Shqip\u00ebris\u00eb","isPartOf":{"@id":"https:\/\/orthodoxalbania.org\/2020\/#website"},"primaryImageOfPage":{"@id":"https:\/\/orthodoxalbania.org\/2020\/2008\/02\/26\/takim-3-ditor-trajnimi-me-katekiste-femijesh-une-jam-mesues-sepse-dua-te-prek-te-ardhmen-maj-2008\/#primaryimage"},"image":{"@id":"https:\/\/orthodoxalbania.org\/2020\/2008\/02\/26\/takim-3-ditor-trajnimi-me-katekiste-femijesh-une-jam-mesues-sepse-dua-te-prek-te-ardhmen-maj-2008\/#primaryimage"},"thumbnailUrl":"https:\/\/lh3.googleusercontent.com\/-eDvaPMP-VsI\/VI7HU-fUp7I\/AAAAAAAAHsc\/DkoEdytlX24\/w400-h266-no\/tr%2B1.jpg","datePublished":"2008-02-26T00:00:00+00:00","dateModified":"2020-04-06T20:35:18+00:00","breadcrumb":{"@id":"https:\/\/orthodoxalbania.org\/2020\/2008\/02\/26\/takim-3-ditor-trajnimi-me-katekiste-femijesh-une-jam-mesues-sepse-dua-te-prek-te-ardhmen-maj-2008\/#breadcrumb"},"inLanguage":"en-US","potentialAction":[{"@type":"ReadAction","target":["https:\/\/orthodoxalbania.org\/2020\/2008\/02\/26\/takim-3-ditor-trajnimi-me-katekiste-femijesh-une-jam-mesues-sepse-dua-te-prek-te-ardhmen-maj-2008\/"]}]},{"@type":"ImageObject","inLanguage":"en-US","@id":"https:\/\/orthodoxalbania.org\/2020\/2008\/02\/26\/takim-3-ditor-trajnimi-me-katekiste-femijesh-une-jam-mesues-sepse-dua-te-prek-te-ardhmen-maj-2008\/#primaryimage","url":"https:\/\/lh3.googleusercontent.com\/-eDvaPMP-VsI\/VI7HU-fUp7I\/AAAAAAAAHsc\/DkoEdytlX24\/w400-h266-no\/tr%2B1.jpg","contentUrl":"https:\/\/lh3.googleusercontent.com\/-eDvaPMP-VsI\/VI7HU-fUp7I\/AAAAAAAAHsc\/DkoEdytlX24\/w400-h266-no\/tr%2B1.jpg"},{"@type":"BreadcrumbList","@id":"https:\/\/orthodoxalbania.org\/2020\/2008\/02\/26\/takim-3-ditor-trajnimi-me-katekiste-femijesh-une-jam-mesues-sepse-dua-te-prek-te-ardhmen-maj-2008\/#breadcrumb","itemListElement":[{"@type":"ListItem","position":1,"name":"Home","item":"https:\/\/orthodoxalbania.org\/2020\/"},{"@type":"ListItem","position":2,"name":"Takim 3 ditor trajnimi me katekist\u00eb f\u00ebmij\u00ebsh &#8211; Un\u00eb jam m\u00ebsues sepse dua t\u00eb prek t\u00eb ardhmen &#8211; (Maj 2008)"}]},{"@type":"WebSite","@id":"https:\/\/orthodoxalbania.org\/2020\/#website","url":"https:\/\/orthodoxalbania.org\/2020\/","name":"Kisha Orthodh\u03bfkse Autoqefale e Shqip\u00ebris\u00eb","description":"Fqja Zyrtare e Kish\u00ebs Orthodhokse Autoqefale e Shqip\u00ebris\u00eb me lajmet edhe informacionet zyrtare p\u00ebr struktur\u00ebn edhe veprimtarin e saj.","publisher":{"@id":"https:\/\/orthodoxalbania.org\/2020\/#organization"},"potentialAction":[{"@type":"SearchAction","target":{"@type":"EntryPoint","urlTemplate":"https:\/\/orthodoxalbania.org\/2020\/?s={search_term_string}"},"query-input":{"@type":"PropertyValueSpecification","valueRequired":true,"valueName":"search_term_string"}}],"inLanguage":"en-US"},{"@type":"Organization","@id":"https:\/\/orthodoxalbania.org\/2020\/#organization","name":"Kisha Orthodhokse Autoqefale e Shqip\u00ebris\u00eb","url":"https:\/\/orthodoxalbania.org\/2020\/","logo":{"@type":"ImageObject","inLanguage":"en-US","@id":"https:\/\/orthodoxalbania.org\/2020\/#\/schema\/logo\/image\/","url":"https:\/\/orthodoxalbania.org\/2020\/wp-content\/uploads\/2020\/05\/albania.jpeg","contentUrl":"https:\/\/orthodoxalbania.org\/2020\/wp-content\/uploads\/2020\/05\/albania.jpeg","width":540,"height":540,"caption":"Kisha Orthodhokse Autoqefale e Shqip\u00ebris\u00eb"},"image":{"@id":"https:\/\/orthodoxalbania.org\/2020\/#\/schema\/logo\/image\/"},"sameAs":["https:\/\/www.facebook.com\/koash1991"]},{"@type":"Person","@id":"https:\/\/orthodoxalbania.org\/2020\/#\/schema\/person\/0c387634a7063ac612d7ed9ce71c7e86","name":"Kisha Orthodhokse","image":{"@type":"ImageObject","inLanguage":"en-US","@id":"https:\/\/secure.gravatar.com\/avatar\/596e7c417251e30f2fbb9c00e026fce61a695a00e51c889caded71c96cbbdde5?s=96&d=mm&r=g","url":"https:\/\/secure.gravatar.com\/avatar\/596e7c417251e30f2fbb9c00e026fce61a695a00e51c889caded71c96cbbdde5?s=96&d=mm&r=g","contentUrl":"https:\/\/secure.gravatar.com\/avatar\/596e7c417251e30f2fbb9c00e026fce61a695a00e51c889caded71c96cbbdde5?s=96&d=mm&r=g","caption":"Kisha Orthodhokse"}}]}},"_links":{"self":[{"href":"https:\/\/orthodoxalbania.org\/2020\/wp-json\/wp\/v2\/posts\/197","targetHints":{"allow":["GET"]}}],"collection":[{"href":"https:\/\/orthodoxalbania.org\/2020\/wp-json\/wp\/v2\/posts"}],"about":[{"href":"https:\/\/orthodoxalbania.org\/2020\/wp-json\/wp\/v2\/types\/post"}],"author":[{"embeddable":true,"href":"https:\/\/orthodoxalbania.org\/2020\/wp-json\/wp\/v2\/users\/1"}],"replies":[{"embeddable":true,"href":"https:\/\/orthodoxalbania.org\/2020\/wp-json\/wp\/v2\/comments?post=197"}],"version-history":[{"count":1,"href":"https:\/\/orthodoxalbania.org\/2020\/wp-json\/wp\/v2\/posts\/197\/revisions"}],"predecessor-version":[{"id":15643,"href":"https:\/\/orthodoxalbania.org\/2020\/wp-json\/wp\/v2\/posts\/197\/revisions\/15643"}],"wp:attachment":[{"href":"https:\/\/orthodoxalbania.org\/2020\/wp-json\/wp\/v2\/media?parent=197"}],"wp:term":[{"taxonomy":"category","embeddable":true,"href":"https:\/\/orthodoxalbania.org\/2020\/wp-json\/wp\/v2\/categories?post=197"},{"taxonomy":"post_tag","embeddable":true,"href":"https:\/\/orthodoxalbania.org\/2020\/wp-json\/wp\/v2\/tags?post=197"}],"curies":[{"name":"wp","href":"https:\/\/api.w.org\/{rel}","templated":true}]}}