{"id":1952,"date":"2012-11-02T09:06:28","date_gmt":"2012-11-02T09:06:28","guid":{"rendered":""},"modified":"2020-05-06T00:08:34","modified_gmt":"2020-05-05T22:08:34","slug":"veshjet","status":"publish","type":"post","link":"https:\/\/orthodoxalbania.org\/2020\/2012\/11\/02\/veshjet\/","title":{"rendered":"Veshjet"},"content":{"rendered":"<h4 style=\"text-align: center;\"><strong>Veshjet<\/strong><\/h4>\n<p style=\"text-align: justify;\">\u00a0 \u00a0\u00a0N\u00eb Kish\u00ebn Orthodhokse kleri vesh veshje t\u00eb ve\u00e7anta p\u00ebr sh\u00ebrbesat liturgjike. Dy jan\u00eb veshjet kryesore. E para \u00ebsht\u00eb rroba e pag\u00ebzimit. Kjo rrob\u00eb, e cila vishet nga peshkop\u00ebt dhe prift\u00ebrinjt\u00eb n\u00eb sh\u00ebrbes\u00ebn e Kungat\u00ebs s\u00eb Shenjt\u00eb dhe q\u00eb zakonisht \u00ebsht\u00eb e bardh\u00eb, \u00ebsht\u00eb &#8220;rroba e shp\u00ebtimit&#8221;: petku i bardh\u00eb, me t\u00eb cilin \u00e7do i krishter\u00eb vishet n\u00eb dit\u00ebn e tij t\u00eb pag\u00ebzimit dhe q\u00eb simbolizon njerishm\u00ebrin\u00eb e re t\u00eb Jisuit dhe jet\u00ebn n\u00eb Mbret\u00ebrin\u00eb e Per\u00ebndis\u00eb (Zbulesa 7:9). Kjo rrob\u00eb quhet edhe stihari.<\/p>\n<p style=\"text-align: justify;\">\u00a0 \u00a0 Rroba e dyt\u00eb kryesore p\u00ebr klerin orthodhoks \u00ebsht\u00eb petrahili (Veshur rreth qaf\u00ebs dhe q\u00eb shkon posht\u00eb deri tek k\u00ebmb\u00ebt.). Ai \u00ebsht\u00eb shenja e detyr\u00ebs baritore dhe fillimisht b\u00ebhej prej leshi, p\u00ebr t\u00eb simbolizuar delet &#8211; d.m.th., an\u00ebtar\u00ebt e grigj\u00ebs s\u00eb Krishtit &#8211; p\u00ebr t\u00eb cil\u00ebt barinjt\u00eb jan\u00eb t\u00eb p\u00ebrgjegjsh\u00ebm. Peshkop\u00ebt dhe prift\u00ebrinjt\u00eb e veshin k\u00ebt\u00eb, kur ata ushtrojn\u00eb detyr\u00ebn e tyre prift\u00ebrore, duke d\u00ebshmuar p\u00ebr faktin, q\u00eb prift\u00ebrinjt\u00eb e Krishtit jetojn\u00eb dhe veprojn\u00eb vet\u00ebm p\u00ebr an\u00ebtar\u00ebt e grigj\u00ebs s\u00eb Krishtit.\u00a0Gjat\u00eb zhvillimit historik t\u00eb Kish\u00ebs, veshjet e klerit u shtuan m\u00eb tep\u00ebr. P\u00ebr dhiakon\u00ebt, prift\u00ebrinjt\u00eb dhe peshkop\u00ebt u shtuan mbim\u00ebng\u00ebt, p\u00ebr t\u00eb mbajtur m\u00ebng\u00ebt e veshjeve t\u00eb klerit gjat\u00eb kryerjes s\u00eb sh\u00ebrbesave. Kur klerik\u00ebt veshin mbim\u00ebng\u00ebt, ata thon\u00eb vargje prej psalmeve, p\u00ebr t&#8217;iu kujtuar atyre, q\u00eb duart e tyre i p\u00ebrkasin Per\u00ebndis\u00eb.\u00a0Gjithashtu u shtua edhe nj\u00eb brez i ve\u00e7ant\u00eb, p\u00ebr t\u00eb mbajtur veshjet n\u00eb vend. Kur veshin brezin, klerik\u00ebt thon\u00eb psalmin, q\u00eb iu kujton atyre se \u00ebsht\u00eb Per\u00ebndia, ai, i cili i &#8220;ngjesh me fuqi&#8221; ata, p\u00ebr t\u00eb kryer sh\u00ebrbesat e tyre. Vet\u00ebm peshkop\u00ebt dhe prift\u00ebrinjt\u00eb e veshin k\u00ebt\u00eb brez liturgjik.<\/p>\n<p style=\"text-align: justify;\">\u00a0 \u00a0 T\u00eb gjith\u00eb urdh\u00ebrat e klerik\u00ebve veshin nj\u00eb rrob\u00eb t\u00eb ve\u00e7ant\u00eb t\u00eb jashtme. Dhiakon\u00ebt, n\u00ebndhiakon\u00ebt, k\u00ebndonj\u00ebsit, veshin nj\u00eb rrob\u00eb, q\u00eb gjithashtu quhet stihari.<strong>\u00a0<\/strong>Ka mund\u00ebsi t\u00eb jet\u00eb rroba e pag\u00ebzimit, por m\u00eb e zbukuruar dhe m\u00eb e zhvilluar. Dhiakon\u00ebt dhe n\u00ebndhiakon\u00ebt veshin, gjithashtu nj\u00eb brez shum\u00eb t\u00eb gjat\u00eb t\u00eb quajtur orari, ka mund\u00ebsi q\u00eb n\u00eb fillim, n\u00eb t\u00eb ishin shkruar litanit\u00eb dhe lutjet (orare latinisht do t\u00eb thot\u00eb t\u00eb lutesh). Akoma dhiakon\u00ebt e mbajn\u00eb at\u00eb n\u00eb pozicionin e lutjes, kur thon\u00eb pjes\u00ebt e tyre n\u00eb sh\u00ebrbesat hyjnore. Orari i n\u00ebndhiakonit vendoset rrotull kurrizit t\u00eb tij n\u00eb form\u00eb kryqi.\u00a0Prift\u00ebrinjt\u00eb veshin gjithashtu, nj\u00eb rrob\u00eb tjet\u00ebr t\u00eb gj\u00ebr\u00eb, t\u00eb quajtur feloni, i cili mbulon t\u00ebr\u00eb trupin e tyre nga mbrapa dhe shkon deri n\u00eb mes t\u00eb tyre p\u00ebrpara. Kjo rrob\u00eb ndoshta \u00ebsht\u00eb zhvilluar prej robave t\u00eb koh\u00ebs s\u00eb hershme t\u00eb krishter\u00eb dhe n\u00ebn frym\u00ebzimin e Shkrimit u identifikua me thirrjen e jet\u00ebs prift\u00ebrore. Kur veshin felonin prift\u00ebrinjt\u00eb thon\u00eb vargje prej Psalmit 132:\u00a0<em><strong>Prift\u00ebrinjt\u00eb e tu, o Zot, do t\u00eb vishen me drejt\u00ebsi dhe osh\u00ebnar\u00ebt e tu do t\u00eb ngaz\u00ebllehen me ngaz\u00ebllim. Gjithnj\u00eb, tani e p\u00ebrher\u00eb, e n\u00eb jet\u00eb t\u00eb jet\u00ebve. Amin.<br \/>\n<\/strong><\/em><\/p>\n<p style=\"text-align: justify;\">\u00a0 \u00a0 Ndoshta edhe peshkop\u00ebt tradicionalisht e kan\u00eb veshur felonin, mbi t\u00eb cilin ata vishnin omoforin, shenj\u00eb e detyr\u00ebs peshkopale, si bariu i Kish\u00ebs lokale. Por, kur perandoria e krishter\u00eb u pushtua nga turqit n\u00eb shekullin e 15-t\u00eb, peshkop\u00ebve t\u00eb Lindjes iu dha sundimi civil mbi t\u00eb gjith\u00eb t\u00eb krishter\u00ebt q\u00eb ishin n\u00ebn sundimin turk. N\u00eb k\u00ebt\u00eb koh\u00eb, meqen\u00ebse nuk kishte m\u00eb nj\u00eb perandori t\u00eb krishter\u00eb, peshkop\u00ebt adoptuan shenjat perandorake dhe filluan t\u00eb vishen si\u00e7 visheshin gjat\u00eb koh\u00ebs s\u00eb perandoris\u00eb t\u00eb krishter\u00eb sundonj\u00ebsit civil\u00eb t\u00eb krishter\u00eb. K\u00ebshtu, ata filluan t\u00eb veshin sakon, rrob\u00ebn perandorake dhe mitr\u00ebn, kuror\u00ebn perandorake. Ata filluan, gjithashtu, t\u00eb q\u00ebndrojn\u00eb mbi shqiponj\u00ebn (nj\u00eb qilim i vog\u00ebl i rrumbullak\u00ebt, mbi t\u00eb cilin \u00ebsht\u00eb pikturuar nj\u00eb shqiponj\u00eb) gjat\u00eb sh\u00ebrbesave hyjnore dhe t\u00eb mbajn\u00eb shkopin,<strong>\u00a0<\/strong>q\u00eb simbolizon m\u00eb shum\u00eb pushtetin e tyre sekular, se sa detyr\u00ebn e tyre baritore. N\u00eb k\u00ebt\u00eb koh\u00eb, atyre iu dha edhe titulli dhespot (Kryezot) &#8211; nj\u00eb titull m\u00eb tep\u00ebr p\u00ebr nj\u00eb fuqi temporale, se sa shpirt\u00ebrore. Po n\u00eb k\u00ebt\u00eb koh\u00eb, klerik\u00ebt filluan t\u00eb mbanin flok\u00eb t\u00eb gjata, q\u00eb ishte gjithashtu, nj\u00eb shenj\u00eb e sundimtar\u00ebve civil\u00eb n\u00eb koh\u00ebt e para. N\u00eb shekullin e 17-t\u00eb, gjat\u00eb reform\u00ebs s\u00eb Patrikut Nikon, Kisha Ruse adoptoi t\u00eb nj\u00ebjtat forma p\u00ebr peshkop\u00ebt e saj.<\/p>\n<p style=\"text-align: justify;\">\u00a0 \u00a0 Kisha, disa prej k\u00ebtyre shenjave t\u00eb reja, iu dha nj\u00eb kuptim &#8220;shpirt\u00ebror&#8221; dhe biblik. K\u00ebshtu, mitrat u b\u00ebn\u00eb shenja t\u00eb fitores s\u00eb krishter\u00eb, sepse shenjtor\u00ebt fitojn\u00eb kurora dhe mbret\u00ebrojn\u00eb me Krishtin (Zbulesa 4:4). Shqiponja u b\u00eb shenja e fluturimit n\u00eb Jerusalemin qiellor, meqen\u00ebse \u00ebsht\u00eb simboli biblik klasik i Sh\u00ebn Joanit dhe i ungjillit t\u00eb kat\u00ebrt (Zbulesa 4:7; Ezekiel 1:10). Shkopi u b\u00eb simboli i shkopit t\u00eb Aaronit (Eksodi 4:2) dhe k\u00ebshtu me radh\u00eb. Megjithat\u00eb, duhet kuptuar, q\u00eb k\u00ebto shenja t\u00eb ve\u00e7anta t\u00eb detyr\u00ebs s\u00eb peshkopit, jan\u00eb zhvillime t\u00eb m\u00ebvonshme dhe t\u00eb rast\u00ebsishme n\u00eb Kish\u00eb.\u00a0N\u00eb sh\u00ebrbes\u00ebn e peshkopit n\u00eb Kish\u00ebn Orthodhokse, gjithashtu u zhvillua p\u00ebrdorimi i dy kandelabrave p\u00ebr t\u00eb bekuar besnik\u00ebt. Nj\u00ebri prej tyre mban tre qirinj (trikiri), nd\u00ebrsa tjetri dy qirinj (dikiri). K\u00ebto dy kandelabra simbolizoj\u00eb dy misteret themelore t\u00eb besimit orthodhoks: at\u00eb, q\u00eb Per\u00ebndia \u00ebsht\u00eb tre Persona Hyjnor\u00eb; dhe q\u00eb Jisu Krishti, Shp\u00ebtimtari, ka dy natyra, duke qen\u00eb Per\u00ebndi i p\u00ebrsosur dhe njeri i p\u00ebrsosur.<\/p>\n<p style=\"text-align: justify;\">\u00a0 \u00a0 Peshkop\u00ebt dhe prift\u00ebrinjt\u00eb n\u00eb Kish\u00ebn Orthodhokse, gjithashtu veshin edhe disa gj\u00ebra t\u00eb tjera t\u00eb ve\u00e7anta. Mbigjunj\u00ebsorja (epigonati), n\u00eb form\u00eb rombi varur mbi kofsh\u00ebn e djatht\u00eb, vishet nga peshkop\u00ebt. Por, ajo vishet edhe nga disa prift\u00ebrinj, si nj\u00eb shenj\u00eb nderimi (protopresviter\u00ebt, ikonom\u00ebt dhe stavrofor\u00ebt). Ndoshta, fillimisht kjo ishte nj\u00eb &#8220;peshqir liturgjik.&#8221; Kuptimi simbolik i saj \u00ebsht\u00eb ai i fuqis\u00eb shpirt\u00ebrore: shpata e bes\u00ebs dhe Fjala e Per\u00ebndis\u00eb.\u00a0Klerik\u00ebt orthodhoks\u00eb veshin kapele t\u00eb ndryshme. Kalimafi vishet nga t\u00eb gjith\u00eb klerik\u00ebt n\u00eb Shqip\u00ebri dhe Greqi, por vet\u00ebm nga disa klerik\u00eb n\u00eb Kishat Orthodhokse t\u00eb kombeve t\u00eb tjer\u00eb, si nj\u00eb shenj\u00eb dallimi e ve\u00e7ant\u00eb. Kalimafi zakonisht \u00ebsht\u00eb i zi, por mund t\u00eb jet\u00eb edhe n\u00eb ngjyr\u00eb purpuri; peshkop\u00ebt dhe murgj\u00ebrit mbajn\u00eb gjithashtu vellon e zez\u00eb. Murgj\u00ebrit mbajn\u00eb edhe nj\u00eb kapu\u00e7 (skufia), por n\u00eb tradit\u00ebn ruse edhe disa nga klerik\u00ebt e martuar mbajn\u00eb nj\u00eb skufje, si nj\u00eb shenj\u00eb dallimi, t\u00eb cil\u00ebn e kan\u00eb ngjyr\u00eb purpuri. N\u00eb tradit\u00ebn ruse, gjithashtu, disa prej klerik\u00ebve t\u00eb martuar i jepet nderi, q\u00eb t\u00eb mbajn\u00eb nj\u00eb mit\u00ebr gjat\u00eb sh\u00ebrbesave liturgjike. N\u00eb Kishat e tjera Orthodhokse mitra vishet vet\u00ebm nga peshkop\u00ebt dhe abat\u00ebt e manastireve (igumen\u00ebt, arkimandrit\u00ebt). Sot, ve\u00e7an\u00ebrisht n\u00eb per\u00ebndim, p\u00ebrdorimi i kapeleve \u00ebsht\u00eb shum\u00eb i rrall\u00eb.<\/p>\n<p style=\"text-align: justify;\">\u00a0 \u00a0 S\u00eb fundi, duhet t\u00eb p\u00ebrmendet q\u00eb peshkop\u00ebt mbajn\u00eb t\u00eb varur nj\u00eb kryq. N\u00eb tradit\u00ebn ruse t\u00ebr\u00eb prift\u00ebrinjt\u00eb gjithashtu mbajn\u00eb kryq, nd\u00ebsa n\u00eb kishat e tjera vet\u00ebm disa prift\u00ebrinj q\u00eb kan\u00eb nj\u00eb grad\u00eb nderi (si protopresbiter\u00ebt, ikonom\u00ebt etj.). Peshkopi mban gjithashtu t\u00eb varur ikon\u00ebn e Sh\u00ebn Maris\u00eb me Krishtin si f\u00ebmij\u00eb (T\u00eb T\u00ebr\u00ebshenjt\u00ebn).\u00a0Gjat\u00eb zhvillimit t\u00eb tyre historik veshjet klerikale u b\u00ebn\u00eb shum\u00eb komplekse dhe ndonj\u00ebher\u00eb t\u00eb ekzagjeruara. Sot, tendenca e p\u00ebrgjithshme n\u00eb Kish\u00eb \u00ebsht\u00eb drejt thjeshtimit. Ne duhet t\u00eb shohim p\u00ebrpara, n\u00eb nj\u00eb evolucion t\u00eb vazhduesh\u00ebm t\u00eb veshjeve kishtare, gj\u00eb q\u00eb do ta udh\u00ebheq\u00eb Kish\u00ebn n\u00eb praktika, q\u00eb jan\u00eb m\u00eb af\u00ebr me frym\u00ebzimin fillestar biblik t\u00eb krishter\u00eb dhe misteror.<\/p>\n<p style=\"text-align: justify;\">\u00a0 \u00a0 Kisha Orthodhokse q\u00ebndron fort n\u00eb theksimin e saj, se veshjet liturgjike jan\u00eb esenciale p\u00ebr adhurimin liturgjik normal, i cili p\u00ebrjetohet si realizim i Kungimit me Mbret\u00ebrin\u00eb e lavdishme t\u00eb Per\u00ebndis\u00eb, nj\u00eb Mbret\u00ebri e cila do t\u00eb vij\u00eb n\u00eb t\u00eb ardhmen, por, q\u00eb \u00ebsht\u00eb gjithashtu tashm\u00eb me ne, n\u00eb misterin e Kish\u00ebs s\u00eb Krishtit.<\/p>\n","protected":false},"excerpt":{"rendered":"<p>Veshjet \u00a0 \u00a0\u00a0N\u00eb Kish\u00ebn Orthodhokse kleri vesh veshje t\u00eb ve\u00e7anta p\u00ebr sh\u00ebrbesat liturgjike. Dy jan\u00eb veshjet kryesore. E para \u00ebsht\u00eb rroba e pag\u00ebzimit. Kjo rrob\u00eb, e cila vishet nga peshkop\u00ebt dhe prift\u00ebrinjt\u00eb n\u00eb sh\u00ebrbes\u00ebn e Kungat\u00ebs s\u00eb Shenjt\u00eb dhe q\u00eb zakonisht \u00ebsht\u00eb e bardh\u00eb, \u00ebsht\u00eb &#8220;rroba e shp\u00ebtimit&#8221;: petku i bardh\u00eb, me t\u00eb cilin \u00e7do i krishter\u00eb vishet n\u00eb dit\u00ebn e tij t\u00eb pag\u00ebzimit dhe<\/p>\n","protected":false},"author":1,"featured_media":23244,"comment_status":"closed","ping_status":"closed","sticky":false,"template":"","format":"standard","meta":{"_acf_changed":false,"pagelayer_contact_templates":[],"_pagelayer_content":"","inline_featured_image":false,"fifu_image_url":"","fifu_image_alt":"","footnotes":""},"categories":[41,130],"tags":[1079,2053,1077],"class_list":["post-1952","post","type-post","status-publish","format-standard","has-post-thumbnail","hentry","category-besimi-orthodhoks","category-i-ndertesa-e-kishes-d34","tag-adhurimi","tag-besimi-orthodhoks","tag-ndertesa-e-kishes"],"acf":[],"yoast_head":"<!-- This site is optimized with the Yoast SEO plugin v27.2 - https:\/\/yoast.com\/product\/yoast-seo-wordpress\/ -->\n<title>Veshjet - Kisha Orthodh\u03bfkse Autoqefale e Shqip\u00ebris\u00eb<\/title>\n<meta name=\"robots\" content=\"index, follow, max-snippet:-1, max-image-preview:large, max-video-preview:-1\" \/>\n<link rel=\"canonical\" href=\"https:\/\/orthodoxalbania.org\/2020\/2012\/11\/02\/veshjet\/\" \/>\n<meta property=\"og:locale\" content=\"en_US\" \/>\n<meta property=\"og:type\" content=\"article\" \/>\n<meta property=\"og:title\" content=\"Veshjet - Kisha Orthodh\u03bfkse Autoqefale e Shqip\u00ebris\u00eb\" \/>\n<meta property=\"og:description\" content=\"Veshjet \u00a0 \u00a0\u00a0N\u00eb Kish\u00ebn Orthodhokse kleri vesh veshje t\u00eb ve\u00e7anta p\u00ebr sh\u00ebrbesat liturgjike. Dy jan\u00eb veshjet kryesore. E para \u00ebsht\u00eb rroba e pag\u00ebzimit. Kjo rrob\u00eb, e cila vishet nga peshkop\u00ebt dhe prift\u00ebrinjt\u00eb n\u00eb sh\u00ebrbes\u00ebn e Kungat\u00ebs s\u00eb Shenjt\u00eb dhe q\u00eb zakonisht \u00ebsht\u00eb e bardh\u00eb, \u00ebsht\u00eb &#8220;rroba e shp\u00ebtimit&#8221;: petku i bardh\u00eb, me t\u00eb cilin \u00e7do i krishter\u00eb vishet n\u00eb dit\u00ebn e tij t\u00eb pag\u00ebzimit dhe\" \/>\n<meta property=\"og:url\" content=\"https:\/\/orthodoxalbania.org\/2020\/2012\/11\/02\/veshjet\/\" \/>\n<meta property=\"og:site_name\" content=\"Kisha Orthodh\u03bfkse Autoqefale e Shqip\u00ebris\u00eb\" \/>\n<meta property=\"article:publisher\" content=\"https:\/\/www.facebook.com\/koash1991\" \/>\n<meta property=\"article:published_time\" content=\"2012-11-02T09:06:28+00:00\" \/>\n<meta property=\"article:modified_time\" content=\"2020-05-05T22:08:34+00:00\" \/>\n<meta property=\"og:image\" content=\"https:\/\/orthodoxalbania.org\/2020\/wp-content\/uploads\/2012\/11\/veshje-Ioustinianos.jpg\" \/>\n\t<meta property=\"og:image:width\" content=\"1059\" \/>\n\t<meta property=\"og:image:height\" content=\"843\" \/>\n\t<meta property=\"og:image:type\" content=\"image\/jpeg\" \/>\n<meta name=\"author\" content=\"Kisha Orthodhokse\" \/>\n<meta name=\"twitter:card\" content=\"summary_large_image\" \/>\n<meta name=\"twitter:label1\" content=\"Written by\" \/>\n\t<meta name=\"twitter:data1\" content=\"Kisha Orthodhokse\" \/>\n\t<meta name=\"twitter:label2\" content=\"Est. reading time\" \/>\n\t<meta name=\"twitter:data2\" content=\"7 minutes\" \/>\n<script type=\"application\/ld+json\" class=\"yoast-schema-graph\">{\"@context\":\"https:\/\/schema.org\",\"@graph\":[{\"@type\":\"Article\",\"@id\":\"https:\/\/orthodoxalbania.org\/2020\/2012\/11\/02\/veshjet\/#article\",\"isPartOf\":{\"@id\":\"https:\/\/orthodoxalbania.org\/2020\/2012\/11\/02\/veshjet\/\"},\"author\":{\"name\":\"Kisha Orthodhokse\",\"@id\":\"https:\/\/orthodoxalbania.org\/2020\/#\/schema\/person\/0c387634a7063ac612d7ed9ce71c7e86\"},\"headline\":\"Veshjet\",\"datePublished\":\"2012-11-02T09:06:28+00:00\",\"dateModified\":\"2020-05-05T22:08:34+00:00\",\"mainEntityOfPage\":{\"@id\":\"https:\/\/orthodoxalbania.org\/2020\/2012\/11\/02\/veshjet\/\"},\"wordCount\":1411,\"publisher\":{\"@id\":\"https:\/\/orthodoxalbania.org\/2020\/#organization\"},\"image\":{\"@id\":\"https:\/\/orthodoxalbania.org\/2020\/2012\/11\/02\/veshjet\/#primaryimage\"},\"thumbnailUrl\":\"https:\/\/orthodoxalbania.org\/2020\/wp-content\/uploads\/2012\/11\/veshje-Ioustinianos.jpg\",\"keywords\":[\"Adhurimi\",\"besimi orthodhoks\",\"Nd\u00ebrtesa e Kish\u00ebs\"],\"articleSection\":[\"Besimi Orthodhoks\",\"I - Nd\u00ebrtesa e Kish\u00ebs\"],\"inLanguage\":\"en-US\"},{\"@type\":\"WebPage\",\"@id\":\"https:\/\/orthodoxalbania.org\/2020\/2012\/11\/02\/veshjet\/\",\"url\":\"https:\/\/orthodoxalbania.org\/2020\/2012\/11\/02\/veshjet\/\",\"name\":\"Veshjet - Kisha Orthodh\u03bfkse Autoqefale e Shqip\u00ebris\u00eb\",\"isPartOf\":{\"@id\":\"https:\/\/orthodoxalbania.org\/2020\/#website\"},\"primaryImageOfPage\":{\"@id\":\"https:\/\/orthodoxalbania.org\/2020\/2012\/11\/02\/veshjet\/#primaryimage\"},\"image\":{\"@id\":\"https:\/\/orthodoxalbania.org\/2020\/2012\/11\/02\/veshjet\/#primaryimage\"},\"thumbnailUrl\":\"https:\/\/orthodoxalbania.org\/2020\/wp-content\/uploads\/2012\/11\/veshje-Ioustinianos.jpg\",\"datePublished\":\"2012-11-02T09:06:28+00:00\",\"dateModified\":\"2020-05-05T22:08:34+00:00\",\"breadcrumb\":{\"@id\":\"https:\/\/orthodoxalbania.org\/2020\/2012\/11\/02\/veshjet\/#breadcrumb\"},\"inLanguage\":\"en-US\",\"potentialAction\":[{\"@type\":\"ReadAction\",\"target\":[\"https:\/\/orthodoxalbania.org\/2020\/2012\/11\/02\/veshjet\/\"]}]},{\"@type\":\"ImageObject\",\"inLanguage\":\"en-US\",\"@id\":\"https:\/\/orthodoxalbania.org\/2020\/2012\/11\/02\/veshjet\/#primaryimage\",\"url\":\"https:\/\/orthodoxalbania.org\/2020\/wp-content\/uploads\/2012\/11\/veshje-Ioustinianos.jpg\",\"contentUrl\":\"https:\/\/orthodoxalbania.org\/2020\/wp-content\/uploads\/2012\/11\/veshje-Ioustinianos.jpg\",\"width\":1059,\"height\":843},{\"@type\":\"BreadcrumbList\",\"@id\":\"https:\/\/orthodoxalbania.org\/2020\/2012\/11\/02\/veshjet\/#breadcrumb\",\"itemListElement\":[{\"@type\":\"ListItem\",\"position\":1,\"name\":\"Home\",\"item\":\"https:\/\/orthodoxalbania.org\/2020\/\"},{\"@type\":\"ListItem\",\"position\":2,\"name\":\"Veshjet\"}]},{\"@type\":\"WebSite\",\"@id\":\"https:\/\/orthodoxalbania.org\/2020\/#website\",\"url\":\"https:\/\/orthodoxalbania.org\/2020\/\",\"name\":\"Kisha Orthodh\u03bfkse Autoqefale e Shqip\u00ebris\u00eb\",\"description\":\"Fqja Zyrtare e Kish\u00ebs Orthodhokse Autoqefale e Shqip\u00ebris\u00eb me lajmet edhe informacionet zyrtare p\u00ebr struktur\u00ebn edhe veprimtarin e saj.\",\"publisher\":{\"@id\":\"https:\/\/orthodoxalbania.org\/2020\/#organization\"},\"potentialAction\":[{\"@type\":\"SearchAction\",\"target\":{\"@type\":\"EntryPoint\",\"urlTemplate\":\"https:\/\/orthodoxalbania.org\/2020\/?s={search_term_string}\"},\"query-input\":{\"@type\":\"PropertyValueSpecification\",\"valueRequired\":true,\"valueName\":\"search_term_string\"}}],\"inLanguage\":\"en-US\"},{\"@type\":\"Organization\",\"@id\":\"https:\/\/orthodoxalbania.org\/2020\/#organization\",\"name\":\"Kisha Orthodhokse Autoqefale e Shqip\u00ebris\u00eb\",\"url\":\"https:\/\/orthodoxalbania.org\/2020\/\",\"logo\":{\"@type\":\"ImageObject\",\"inLanguage\":\"en-US\",\"@id\":\"https:\/\/orthodoxalbania.org\/2020\/#\/schema\/logo\/image\/\",\"url\":\"https:\/\/orthodoxalbania.org\/2020\/wp-content\/uploads\/2020\/05\/albania.jpeg\",\"contentUrl\":\"https:\/\/orthodoxalbania.org\/2020\/wp-content\/uploads\/2020\/05\/albania.jpeg\",\"width\":540,\"height\":540,\"caption\":\"Kisha Orthodhokse Autoqefale e Shqip\u00ebris\u00eb\"},\"image\":{\"@id\":\"https:\/\/orthodoxalbania.org\/2020\/#\/schema\/logo\/image\/\"},\"sameAs\":[\"https:\/\/www.facebook.com\/koash1991\"]},{\"@type\":\"Person\",\"@id\":\"https:\/\/orthodoxalbania.org\/2020\/#\/schema\/person\/0c387634a7063ac612d7ed9ce71c7e86\",\"name\":\"Kisha Orthodhokse\",\"image\":{\"@type\":\"ImageObject\",\"inLanguage\":\"en-US\",\"@id\":\"https:\/\/secure.gravatar.com\/avatar\/596e7c417251e30f2fbb9c00e026fce61a695a00e51c889caded71c96cbbdde5?s=96&d=mm&r=g\",\"url\":\"https:\/\/secure.gravatar.com\/avatar\/596e7c417251e30f2fbb9c00e026fce61a695a00e51c889caded71c96cbbdde5?s=96&d=mm&r=g\",\"contentUrl\":\"https:\/\/secure.gravatar.com\/avatar\/596e7c417251e30f2fbb9c00e026fce61a695a00e51c889caded71c96cbbdde5?s=96&d=mm&r=g\",\"caption\":\"Kisha Orthodhokse\"}}]}<\/script>\n<!-- \/ Yoast SEO plugin. -->","yoast_head_json":{"title":"Veshjet - Kisha Orthodh\u03bfkse Autoqefale e Shqip\u00ebris\u00eb","robots":{"index":"index","follow":"follow","max-snippet":"max-snippet:-1","max-image-preview":"max-image-preview:large","max-video-preview":"max-video-preview:-1"},"canonical":"https:\/\/orthodoxalbania.org\/2020\/2012\/11\/02\/veshjet\/","og_locale":"en_US","og_type":"article","og_title":"Veshjet - Kisha Orthodh\u03bfkse Autoqefale e Shqip\u00ebris\u00eb","og_description":"Veshjet \u00a0 \u00a0\u00a0N\u00eb Kish\u00ebn Orthodhokse kleri vesh veshje t\u00eb ve\u00e7anta p\u00ebr sh\u00ebrbesat liturgjike. Dy jan\u00eb veshjet kryesore. E para \u00ebsht\u00eb rroba e pag\u00ebzimit. Kjo rrob\u00eb, e cila vishet nga peshkop\u00ebt dhe prift\u00ebrinjt\u00eb n\u00eb sh\u00ebrbes\u00ebn e Kungat\u00ebs s\u00eb Shenjt\u00eb dhe q\u00eb zakonisht \u00ebsht\u00eb e bardh\u00eb, \u00ebsht\u00eb &#8220;rroba e shp\u00ebtimit&#8221;: petku i bardh\u00eb, me t\u00eb cilin \u00e7do i krishter\u00eb vishet n\u00eb dit\u00ebn e tij t\u00eb pag\u00ebzimit dhe","og_url":"https:\/\/orthodoxalbania.org\/2020\/2012\/11\/02\/veshjet\/","og_site_name":"Kisha Orthodh\u03bfkse Autoqefale e Shqip\u00ebris\u00eb","article_publisher":"https:\/\/www.facebook.com\/koash1991","article_published_time":"2012-11-02T09:06:28+00:00","article_modified_time":"2020-05-05T22:08:34+00:00","og_image":[{"width":1059,"height":843,"url":"https:\/\/orthodoxalbania.org\/2020\/wp-content\/uploads\/2012\/11\/veshje-Ioustinianos.jpg","type":"image\/jpeg"}],"author":"Kisha Orthodhokse","twitter_card":"summary_large_image","twitter_misc":{"Written by":"Kisha Orthodhokse","Est. reading time":"7 minutes"},"schema":{"@context":"https:\/\/schema.org","@graph":[{"@type":"Article","@id":"https:\/\/orthodoxalbania.org\/2020\/2012\/11\/02\/veshjet\/#article","isPartOf":{"@id":"https:\/\/orthodoxalbania.org\/2020\/2012\/11\/02\/veshjet\/"},"author":{"name":"Kisha Orthodhokse","@id":"https:\/\/orthodoxalbania.org\/2020\/#\/schema\/person\/0c387634a7063ac612d7ed9ce71c7e86"},"headline":"Veshjet","datePublished":"2012-11-02T09:06:28+00:00","dateModified":"2020-05-05T22:08:34+00:00","mainEntityOfPage":{"@id":"https:\/\/orthodoxalbania.org\/2020\/2012\/11\/02\/veshjet\/"},"wordCount":1411,"publisher":{"@id":"https:\/\/orthodoxalbania.org\/2020\/#organization"},"image":{"@id":"https:\/\/orthodoxalbania.org\/2020\/2012\/11\/02\/veshjet\/#primaryimage"},"thumbnailUrl":"https:\/\/orthodoxalbania.org\/2020\/wp-content\/uploads\/2012\/11\/veshje-Ioustinianos.jpg","keywords":["Adhurimi","besimi orthodhoks","Nd\u00ebrtesa e Kish\u00ebs"],"articleSection":["Besimi Orthodhoks","I - Nd\u00ebrtesa e Kish\u00ebs"],"inLanguage":"en-US"},{"@type":"WebPage","@id":"https:\/\/orthodoxalbania.org\/2020\/2012\/11\/02\/veshjet\/","url":"https:\/\/orthodoxalbania.org\/2020\/2012\/11\/02\/veshjet\/","name":"Veshjet - Kisha Orthodh\u03bfkse Autoqefale e Shqip\u00ebris\u00eb","isPartOf":{"@id":"https:\/\/orthodoxalbania.org\/2020\/#website"},"primaryImageOfPage":{"@id":"https:\/\/orthodoxalbania.org\/2020\/2012\/11\/02\/veshjet\/#primaryimage"},"image":{"@id":"https:\/\/orthodoxalbania.org\/2020\/2012\/11\/02\/veshjet\/#primaryimage"},"thumbnailUrl":"https:\/\/orthodoxalbania.org\/2020\/wp-content\/uploads\/2012\/11\/veshje-Ioustinianos.jpg","datePublished":"2012-11-02T09:06:28+00:00","dateModified":"2020-05-05T22:08:34+00:00","breadcrumb":{"@id":"https:\/\/orthodoxalbania.org\/2020\/2012\/11\/02\/veshjet\/#breadcrumb"},"inLanguage":"en-US","potentialAction":[{"@type":"ReadAction","target":["https:\/\/orthodoxalbania.org\/2020\/2012\/11\/02\/veshjet\/"]}]},{"@type":"ImageObject","inLanguage":"en-US","@id":"https:\/\/orthodoxalbania.org\/2020\/2012\/11\/02\/veshjet\/#primaryimage","url":"https:\/\/orthodoxalbania.org\/2020\/wp-content\/uploads\/2012\/11\/veshje-Ioustinianos.jpg","contentUrl":"https:\/\/orthodoxalbania.org\/2020\/wp-content\/uploads\/2012\/11\/veshje-Ioustinianos.jpg","width":1059,"height":843},{"@type":"BreadcrumbList","@id":"https:\/\/orthodoxalbania.org\/2020\/2012\/11\/02\/veshjet\/#breadcrumb","itemListElement":[{"@type":"ListItem","position":1,"name":"Home","item":"https:\/\/orthodoxalbania.org\/2020\/"},{"@type":"ListItem","position":2,"name":"Veshjet"}]},{"@type":"WebSite","@id":"https:\/\/orthodoxalbania.org\/2020\/#website","url":"https:\/\/orthodoxalbania.org\/2020\/","name":"Kisha Orthodh\u03bfkse Autoqefale e Shqip\u00ebris\u00eb","description":"Fqja Zyrtare e Kish\u00ebs Orthodhokse Autoqefale e Shqip\u00ebris\u00eb me lajmet edhe informacionet zyrtare p\u00ebr struktur\u00ebn edhe veprimtarin e saj.","publisher":{"@id":"https:\/\/orthodoxalbania.org\/2020\/#organization"},"potentialAction":[{"@type":"SearchAction","target":{"@type":"EntryPoint","urlTemplate":"https:\/\/orthodoxalbania.org\/2020\/?s={search_term_string}"},"query-input":{"@type":"PropertyValueSpecification","valueRequired":true,"valueName":"search_term_string"}}],"inLanguage":"en-US"},{"@type":"Organization","@id":"https:\/\/orthodoxalbania.org\/2020\/#organization","name":"Kisha Orthodhokse Autoqefale e Shqip\u00ebris\u00eb","url":"https:\/\/orthodoxalbania.org\/2020\/","logo":{"@type":"ImageObject","inLanguage":"en-US","@id":"https:\/\/orthodoxalbania.org\/2020\/#\/schema\/logo\/image\/","url":"https:\/\/orthodoxalbania.org\/2020\/wp-content\/uploads\/2020\/05\/albania.jpeg","contentUrl":"https:\/\/orthodoxalbania.org\/2020\/wp-content\/uploads\/2020\/05\/albania.jpeg","width":540,"height":540,"caption":"Kisha Orthodhokse Autoqefale e Shqip\u00ebris\u00eb"},"image":{"@id":"https:\/\/orthodoxalbania.org\/2020\/#\/schema\/logo\/image\/"},"sameAs":["https:\/\/www.facebook.com\/koash1991"]},{"@type":"Person","@id":"https:\/\/orthodoxalbania.org\/2020\/#\/schema\/person\/0c387634a7063ac612d7ed9ce71c7e86","name":"Kisha Orthodhokse","image":{"@type":"ImageObject","inLanguage":"en-US","@id":"https:\/\/secure.gravatar.com\/avatar\/596e7c417251e30f2fbb9c00e026fce61a695a00e51c889caded71c96cbbdde5?s=96&d=mm&r=g","url":"https:\/\/secure.gravatar.com\/avatar\/596e7c417251e30f2fbb9c00e026fce61a695a00e51c889caded71c96cbbdde5?s=96&d=mm&r=g","contentUrl":"https:\/\/secure.gravatar.com\/avatar\/596e7c417251e30f2fbb9c00e026fce61a695a00e51c889caded71c96cbbdde5?s=96&d=mm&r=g","caption":"Kisha Orthodhokse"}}]}},"_links":{"self":[{"href":"https:\/\/orthodoxalbania.org\/2020\/wp-json\/wp\/v2\/posts\/1952","targetHints":{"allow":["GET"]}}],"collection":[{"href":"https:\/\/orthodoxalbania.org\/2020\/wp-json\/wp\/v2\/posts"}],"about":[{"href":"https:\/\/orthodoxalbania.org\/2020\/wp-json\/wp\/v2\/types\/post"}],"author":[{"embeddable":true,"href":"https:\/\/orthodoxalbania.org\/2020\/wp-json\/wp\/v2\/users\/1"}],"replies":[{"embeddable":true,"href":"https:\/\/orthodoxalbania.org\/2020\/wp-json\/wp\/v2\/comments?post=1952"}],"version-history":[{"count":3,"href":"https:\/\/orthodoxalbania.org\/2020\/wp-json\/wp\/v2\/posts\/1952\/revisions"}],"predecessor-version":[{"id":23245,"href":"https:\/\/orthodoxalbania.org\/2020\/wp-json\/wp\/v2\/posts\/1952\/revisions\/23245"}],"wp:featuredmedia":[{"embeddable":true,"href":"https:\/\/orthodoxalbania.org\/2020\/wp-json\/wp\/v2\/media\/23244"}],"wp:attachment":[{"href":"https:\/\/orthodoxalbania.org\/2020\/wp-json\/wp\/v2\/media?parent=1952"}],"wp:term":[{"taxonomy":"category","embeddable":true,"href":"https:\/\/orthodoxalbania.org\/2020\/wp-json\/wp\/v2\/categories?post=1952"},{"taxonomy":"post_tag","embeddable":true,"href":"https:\/\/orthodoxalbania.org\/2020\/wp-json\/wp\/v2\/tags?post=1952"}],"curies":[{"name":"wp","href":"https:\/\/api.w.org\/{rel}","templated":true}]}}