{"id":195,"date":"2013-03-22T10:38:28","date_gmt":"2013-03-22T10:38:28","guid":{"rendered":""},"modified":"2020-04-06T22:05:48","modified_gmt":"2020-04-06T20:05:48","slug":"shpifje-te-uleta-e-dashakeqe-deklarate-e-klerikeve-orthodhokse-te-elbasanit","status":"publish","type":"post","link":"https:\/\/orthodoxalbania.org\/2020\/2013\/03\/22\/shpifje-te-uleta-e-dashakeqe-deklarate-e-klerikeve-orthodhokse-te-elbasanit\/","title":{"rendered":"Shpifje t\u00eb ul\u00ebta e dashakeqe &#8211; Deklarat\u00eb e klerik\u00ebve orthodhoks\u00eb t\u00eb Elbasanit. (5 Shkurt 2013)"},"content":{"rendered":"<div style=\"text-align: justify;\"><span style=\"font-family: helvetica; font-size: 12pt;\"><\/span><\/div>\n<div style=\"text-align: center;\"><span style=\"font-size: 12pt; font-family: helvetica;\"><\/span><\/div>\n<div style=\"text-align: center;\"><span style=\"color: #000000; font-family: helvetica; font-size: 12pt;\"><strong style=\"text-align: center;\"><span style=\"line-height: 115%;\">KISHA ORTHODHOKSE AUTOQEFALE E SHQIP\u00cbRIS\u00cb<\/span><\/strong> <\/span><\/div>\n<div style=\"text-align: center;\"><span style=\"font-family: helvetica; font-size: 12pt;\"><\/span><\/div>\n<div class=\"MsoNormal\" style=\"text-align: center;\"><span style=\"font-size: 12pt; font-family: helvetica;\"><span style=\"color: #ff0000;\"><strong><em><span style=\"line-height: 115%;\">Z\u00ebvend\u00ebsia Lokale Elbasan<\/span><\/em><span style=\"line-height: 115%;\"><\/span><\/strong><\/span><\/span><\/div>\n<div class=\"MsoNormal\" style=\"text-align: center;\"><span style=\"font-family: helvetica; font-size: 12pt;\"><\/span><\/div>\n<div class=\"MsoNormal\" style=\"margin-bottom: 6pt; text-align: center;\"><span style=\"font-size: 12pt; font-family: helvetica;\"><span style=\"color: #ff0000;\"><strong><span style=\"line-height: 115%; text-transform: uppercase;\">Deklarat\u00eb<\/span><\/strong><\/span><\/span><\/div>\n<div class=\"MsoNormal\" style=\"text-align: center;\"><span style=\"font-size: 12pt; font-family: helvetica;\"><span style=\"color: #ff0000;\"><strong><span style=\"line-height: 115%;\">e Klerik\u00ebve Orthodhoks\u00eb t\u00eb Elbasanit<\/span><\/strong><span style=\"line-height: 115%;\"><\/span><\/span><\/span><\/div>\n<div class=\"MsoNormal\" style=\"text-align: center;\"><span style=\"font-family: helvetica; font-size: 12pt;\"><\/span><\/div>\n<div class=\"MsoNormal\" style=\"text-align: center;\"><span style=\"font-size: 12pt; font-family: helvetica;\"><span style=\"color: #ff0000;\"><strong><span style=\"line-height: 115%;\">Nikolla Marku nuk \u00ebsht\u00eb prift, ai \u00ebsht\u00eb nj\u00eb mashtrues i opinionit publik.<\/span><\/strong><\/span><\/span><\/div>\n<div class=\"MsoNormal\" style=\"text-align: center;\"><span style=\"font-family: helvetica; font-size: 12pt;\"><\/span><\/div>\n<div class=\"MsoNormal\" style=\"text-align: center;\"><span style=\"font-family: helvetica; font-size: 12pt;\"><\/span><\/div>\n<div class=\"MsoNormal\" style=\"text-align: justify;\"><span style=\"color: #000000; font-family: helvetica; font-size: 12pt;\"><strong><span style=\"line-height: 115%;\">&nbsp;&nbsp;&nbsp;&nbsp;&nbsp; Elbasan 5 shkurt 2013<\/span><\/strong><\/span><\/div>\n<div class=\"MsoNormal\" style=\"text-align: justify;\"><span style=\"font-family: helvetica; font-size: 12pt;\"><\/span><\/div>\n<div class=\"MsoNormal\" style=\"text-align: justify;\"><span style=\"font-size: 12pt; font-family: helvetica;\"><span style=\"color: #000000;\">&nbsp; &nbsp; &nbsp; Duke marr\u00eb shkas nga nj\u00eb emision televiziv i dit\u00ebve t\u00eb fundit ku u shfaq qytetari Nikolla Marku si \u201cprift\u201d i qytetit t\u00eb Elbasanit, ne klerik\u00ebt kanonik\u00eb dhe besimtar\u00ebt e k\u00ebtij qyteti deklarojm\u00eb se:<\/span><\/span><\/div>\n<div class=\"MsoNormal\" style=\"text-align: justify;\"><span style=\"font-size: 12pt; font-family: helvetica;\"> <span style=\"color: #000000;\">&nbsp; &nbsp; &nbsp; Nikolla Marku \u00ebsht\u00eb vet\u00ebshpallur klerik n\u00eb kund\u00ebrshtim flagrant me t\u00eb gjitha rregullat, Tradit\u00ebn dhe Kanonet e Kish\u00ebs Orthodhokse. Ai nuk \u00ebsht\u00eb dor\u00ebzuar prift nga asnj\u00eb Episkop i Kish\u00ebs Orthodhokse Autoqefale t\u00eb Shqip\u00ebris\u00eb dhe as nga ndonj\u00eb Kish\u00eb tjet\u00ebr Kanonike Orthodhokse n\u00eb bot\u00eb dhe nuk njihet si i till\u00eb prej tyre ose nga Kishat e tjera t\u00eb krishtera.<\/span><\/span><\/div>\n<div class=\"MsoNormal\" style=\"text-align: justify;\"><span style=\"font-size: 12pt; font-family: helvetica;\"> <span style=\"color: #000000;\">&nbsp; &nbsp; Vet\u00ebshpallja e tij klerik dhe uzurpimi i kish\u00ebs s\u00eb Sh\u00ebn Maris\u00eb n\u00eb lagjen Kala edhe sot e k\u00ebsaj dite, \u00ebsht\u00eb nj\u00eb fyerje e r\u00ebnd\u00eb p\u00ebr ne klerik\u00ebt dhe besimtar\u00ebt orthodhoks\u00eb t\u00eb Elbasanit si dhe t\u00eb gjith\u00eb Shqip\u00ebris\u00eb. Kjo padrejt\u00ebsi vazhdon ende me mbajtjen padrejt\u00ebsisht t\u00eb godin\u00ebs dykat\u00ebshe pran\u00eb k\u00ebsaj kishe q\u00eb u restaurua me fondet e siguruara nga Kryepiskopi Anastas. Gjendja e mjeruar n\u00eb t\u00eb cil\u00ebn ka katandisur Kisha e Kalas\u00eb, nj\u00ebkoh\u00ebsisht monument kulture, nga pamund\u00ebsia e realizimit t\u00eb nd\u00ebrhyrjeve restauruese aty, rrezikon edhe m\u00eb tej vlerat saj q\u00eb edhe k\u00ebshtu jan\u00eb cenuar e d\u00ebmtuar r\u00ebnd\u00eb. P\u00ebr k\u00ebto shkelje, k\u00ebrkojm\u00eb nd\u00ebrhyrjen e menj\u00ebhershme t\u00eb organeve kompetente shtet\u00ebrore.<\/span><\/span><\/div>\n<div class=\"MsoNormal\" style=\"text-align: justify;\"><span style=\"font-size: 12pt; font-family: helvetica;\"> <span style=\"color: #000000;\">&nbsp; &nbsp; Nga krahu tjet\u00ebr, lidhur me shpifjet dhe trillimet e Nikolla Markut kundrejt Kryepiskopit Anastas si dhe ndaj klerik\u00ebve t\u00eb Kish\u00ebs Orthodhokse, iu p\u00ebrgjigjemi se ato jan\u00eb sa t\u00eb pav\u00ebrteta aq edhe qesharake. Kontributi dhe vepra e Kryepiskopit n\u00eb ringritjen nga themelet t\u00eb Kish\u00ebs Orthodhokse n\u00eb Shqip\u00ebri \u00ebsht\u00eb i pashoq n\u00eb historin\u00eb e saj dhe ato p\u00ebrb\u00ebjn\u00eb p\u00ebrgjigjen m\u00eb t\u00eb mir\u00eb ndaj akuzave dhe shpifjeve t\u00eb ul\u00ebta e dashakeqe. Ne klerik\u00ebt e Elbasanit, q\u00eb jemi bij\u00eb t\u00eb k\u00ebtij komuniteti dhe i sh\u00ebrbejm\u00eb atij p\u00ebrdit\u00eb, jemi t\u00eb gjith\u00eb shqiptar\u00eb dhe n\u00eb t\u00eb gjitha kishat pa p\u00ebrjashtim meshohet vet\u00ebm shqip dhe n\u00eb sh\u00ebrbesa pjesa m\u00eb e madhe e teksteve liturgjike q\u00eb p\u00ebrdoren jan\u00eb p\u00ebrkthime t\u00eb Imzot Thefoan Nolit. Pretendimet dhe mjegullnaja e dyshimeve t\u00eb p\u00ebrhapura prej Nikolla Markut dhe t\u00eb tjer\u00ebve, jan\u00eb leht\u00ebsisht t\u00eb verifikueshme.<\/span><\/span><\/div>\n<div class=\"MsoNormal\" style=\"text-align: justify;\"><span style=\"font-size: 12pt; font-family: helvetica;\"> <span style=\"color: #000000;\">&nbsp; &nbsp;Nikolla Marku, k\u00ebrkon t\u00eb fshihet pas retorik\u00ebs boshe dhe nacionaliste, por i kujtojm\u00eb atij dhe atyre q\u00eb e mb\u00ebshtesin, se ai nuk \u00ebsht\u00eb aspak m\u00eb shum\u00eb patriot dhe atdhetar se sa ne, klerik\u00ebt q\u00eb jemi vazhdimisht pran\u00eb besimtar\u00ebve dhe &nbsp;sh\u00ebrbejm\u00eb atyre me p\u00ebrkushtim e dashuri. I vetmi \u2018kontribut\u2019 i Nikoll\u00ebs p\u00ebr komunitetin orthodhoks t\u00eb Elbasanit \u00ebsht\u00eb nami dhe figura e keqe q\u00eb ai p\u00ebrhap, duke u shtirur si klerik e duke vazhduar me uzurpimin dhe sakrilegjin e vendit t\u00eb shenjt\u00eb dhe figur\u00ebs s\u00eb klerikut.<\/span><\/span><\/div>\n<div class=\"MsoNormal\" style=\"text-align: justify;\"><span style=\"font-size: 12pt; font-family: helvetica;\"> <em><strong><span style=\"color: #000000;\">&nbsp; &nbsp; &nbsp;Ne, kleri dhe besimtar\u00ebt orthodhoks\u00eb t\u00eb Elbasanit mb\u00ebshtesim Sinodin e Shenjt\u00eb dhe &nbsp;Kryebariun ton\u00eb, Imzot + Anastasin.<\/span><\/strong><\/em><\/span><\/div>\n<div class=\"MsoNormal\" style=\"text-align: justify;\"><span style=\"font-family: helvetica; font-size: 12pt;\"><\/span><\/div>\n<div style=\"text-align: justify;\"><span style=\"font-family: helvetica; font-size: 12pt;\"><\/span><\/div>\n<div class=\"MsoNormal\" style=\"text-align: justify;\"><span style=\"font-family: helvetica; font-size: 12pt;\"><\/span><\/div>\n","protected":false},"excerpt":{"rendered":"<p>KISHA ORTHODHOKSE AUTOQEFALE E SHQIP\u00cbRIS\u00cb Z\u00ebvend\u00ebsia Lokale Elbasan Deklarat\u00eb e Klerik\u00ebve Orthodhoks\u00eb t\u00eb Elbasanit Nikolla Marku nuk \u00ebsht\u00eb prift, ai \u00ebsht\u00eb nj\u00eb mashtrues i opinionit publik. &nbsp;&nbsp;&nbsp;&nbsp;&nbsp; Elbasan 5 shkurt 2013 &nbsp; &nbsp; &nbsp; Duke marr\u00eb shkas nga nj\u00eb emision televiziv i dit\u00ebve t\u00eb fundit ku u shfaq qytetari Nikolla Marku si \u201cprift\u201d i qytetit t\u00eb Elbasanit, ne klerik\u00ebt kanonik\u00eb dhe besimtar\u00ebt e k\u00ebtij qyteti<\/p>\n","protected":false},"author":1,"featured_media":0,"comment_status":"open","ping_status":"open","sticky":false,"template":"","format":"standard","meta":{"_acf_changed":false,"pagelayer_contact_templates":[],"_pagelayer_content":"","inline_featured_image":false,"fifu_image_url":"","fifu_image_alt":"","footnotes":""},"categories":[108],"tags":[141,196,212,203],"class_list":["post-195","post","type-post","status-publish","format-standard","hentry","category-lajme","tag-141","tag-tirane","tag-lajme-d27","tag-pergjigje-ndaj-akuzave"],"acf":[],"yoast_head":"<!-- This site is optimized with the Yoast SEO plugin v27.2 - https:\/\/yoast.com\/product\/yoast-seo-wordpress\/ -->\n<title>Shpifje t\u00eb ul\u00ebta e dashakeqe - Deklarat\u00eb e klerik\u00ebve orthodhoks\u00eb t\u00eb Elbasanit. (5 Shkurt 2013) - Kisha Orthodh\u03bfkse Autoqefale e Shqip\u00ebris\u00eb<\/title>\n<meta name=\"robots\" content=\"index, follow, max-snippet:-1, max-image-preview:large, max-video-preview:-1\" \/>\n<link rel=\"canonical\" href=\"https:\/\/orthodoxalbania.org\/2020\/2013\/03\/22\/shpifje-te-uleta-e-dashakeqe-deklarate-e-klerikeve-orthodhokse-te-elbasanit\/\" \/>\n<meta property=\"og:locale\" content=\"en_US\" \/>\n<meta property=\"og:type\" content=\"article\" \/>\n<meta property=\"og:title\" content=\"Shpifje t\u00eb ul\u00ebta e dashakeqe - Deklarat\u00eb e klerik\u00ebve orthodhoks\u00eb t\u00eb Elbasanit. (5 Shkurt 2013) - Kisha Orthodh\u03bfkse Autoqefale e Shqip\u00ebris\u00eb\" \/>\n<meta property=\"og:description\" content=\"KISHA ORTHODHOKSE AUTOQEFALE E SHQIP\u00cbRIS\u00cb Z\u00ebvend\u00ebsia Lokale Elbasan Deklarat\u00eb e Klerik\u00ebve Orthodhoks\u00eb t\u00eb Elbasanit Nikolla Marku nuk \u00ebsht\u00eb prift, ai \u00ebsht\u00eb nj\u00eb mashtrues i opinionit publik. &nbsp;&nbsp;&nbsp;&nbsp;&nbsp; Elbasan 5 shkurt 2013 &nbsp; &nbsp; &nbsp; Duke marr\u00eb shkas nga nj\u00eb emision televiziv i dit\u00ebve t\u00eb fundit ku u shfaq qytetari Nikolla Marku si \u201cprift\u201d i qytetit t\u00eb Elbasanit, ne klerik\u00ebt kanonik\u00eb dhe besimtar\u00ebt e k\u00ebtij qyteti\" \/>\n<meta property=\"og:url\" content=\"https:\/\/orthodoxalbania.org\/2020\/2013\/03\/22\/shpifje-te-uleta-e-dashakeqe-deklarate-e-klerikeve-orthodhokse-te-elbasanit\/\" \/>\n<meta property=\"og:site_name\" content=\"Kisha Orthodh\u03bfkse Autoqefale e Shqip\u00ebris\u00eb\" \/>\n<meta property=\"article:publisher\" content=\"https:\/\/www.facebook.com\/koash1991\" \/>\n<meta property=\"article:published_time\" content=\"2013-03-22T10:38:28+00:00\" \/>\n<meta property=\"article:modified_time\" content=\"2020-04-06T20:05:48+00:00\" \/>\n<meta property=\"og:image\" content=\"https:\/\/orthodoxalbania.org\/2020\/wp-content\/uploads\/2021\/02\/LogoLastALb-200.png\" \/>\n\t<meta property=\"og:image:width\" content=\"200\" \/>\n\t<meta property=\"og:image:height\" content=\"172\" \/>\n\t<meta property=\"og:image:type\" content=\"image\/png\" \/>\n<meta name=\"author\" content=\"Kisha Orthodhokse\" \/>\n<meta name=\"twitter:card\" content=\"summary_large_image\" \/>\n<meta name=\"twitter:label1\" content=\"Written by\" \/>\n\t<meta name=\"twitter:data1\" content=\"Kisha Orthodhokse\" \/>\n\t<meta name=\"twitter:label2\" content=\"Est. reading time\" \/>\n\t<meta name=\"twitter:data2\" content=\"3 minutes\" \/>\n<script type=\"application\/ld+json\" class=\"yoast-schema-graph\">{\"@context\":\"https:\/\/schema.org\",\"@graph\":[{\"@type\":\"Article\",\"@id\":\"https:\/\/orthodoxalbania.org\/2020\/2013\/03\/22\/shpifje-te-uleta-e-dashakeqe-deklarate-e-klerikeve-orthodhokse-te-elbasanit\/#article\",\"isPartOf\":{\"@id\":\"https:\/\/orthodoxalbania.org\/2020\/2013\/03\/22\/shpifje-te-uleta-e-dashakeqe-deklarate-e-klerikeve-orthodhokse-te-elbasanit\/\"},\"author\":{\"name\":\"Kisha Orthodhokse\",\"@id\":\"https:\/\/orthodoxalbania.org\/2020\/#\/schema\/person\/0c387634a7063ac612d7ed9ce71c7e86\"},\"headline\":\"Shpifje t\u00eb ul\u00ebta e dashakeqe &#8211; Deklarat\u00eb e klerik\u00ebve orthodhoks\u00eb t\u00eb Elbasanit. (5 Shkurt 2013)\",\"datePublished\":\"2013-03-22T10:38:28+00:00\",\"dateModified\":\"2020-04-06T20:05:48+00:00\",\"mainEntityOfPage\":{\"@id\":\"https:\/\/orthodoxalbania.org\/2020\/2013\/03\/22\/shpifje-te-uleta-e-dashakeqe-deklarate-e-klerikeve-orthodhokse-te-elbasanit\/\"},\"wordCount\":574,\"commentCount\":0,\"publisher\":{\"@id\":\"https:\/\/orthodoxalbania.org\/2020\/#organization\"},\"keywords\":[\"2013\",\"Kryepiskopata Tiran\u00eb\",\"lajme\",\"P\u00ebrgjigje ndaj akuzave\"],\"articleSection\":[\"Lajme\"],\"inLanguage\":\"en-US\"},{\"@type\":\"WebPage\",\"@id\":\"https:\/\/orthodoxalbania.org\/2020\/2013\/03\/22\/shpifje-te-uleta-e-dashakeqe-deklarate-e-klerikeve-orthodhokse-te-elbasanit\/\",\"url\":\"https:\/\/orthodoxalbania.org\/2020\/2013\/03\/22\/shpifje-te-uleta-e-dashakeqe-deklarate-e-klerikeve-orthodhokse-te-elbasanit\/\",\"name\":\"Shpifje t\u00eb ul\u00ebta e dashakeqe - Deklarat\u00eb e klerik\u00ebve orthodhoks\u00eb t\u00eb Elbasanit. (5 Shkurt 2013) - Kisha Orthodh\u03bfkse Autoqefale e Shqip\u00ebris\u00eb\",\"isPartOf\":{\"@id\":\"https:\/\/orthodoxalbania.org\/2020\/#website\"},\"datePublished\":\"2013-03-22T10:38:28+00:00\",\"dateModified\":\"2020-04-06T20:05:48+00:00\",\"breadcrumb\":{\"@id\":\"https:\/\/orthodoxalbania.org\/2020\/2013\/03\/22\/shpifje-te-uleta-e-dashakeqe-deklarate-e-klerikeve-orthodhokse-te-elbasanit\/#breadcrumb\"},\"inLanguage\":\"en-US\",\"potentialAction\":[{\"@type\":\"ReadAction\",\"target\":[\"https:\/\/orthodoxalbania.org\/2020\/2013\/03\/22\/shpifje-te-uleta-e-dashakeqe-deklarate-e-klerikeve-orthodhokse-te-elbasanit\/\"]}]},{\"@type\":\"BreadcrumbList\",\"@id\":\"https:\/\/orthodoxalbania.org\/2020\/2013\/03\/22\/shpifje-te-uleta-e-dashakeqe-deklarate-e-klerikeve-orthodhokse-te-elbasanit\/#breadcrumb\",\"itemListElement\":[{\"@type\":\"ListItem\",\"position\":1,\"name\":\"Home\",\"item\":\"https:\/\/orthodoxalbania.org\/2020\/\"},{\"@type\":\"ListItem\",\"position\":2,\"name\":\"Shpifje t\u00eb ul\u00ebta e dashakeqe &#8211; Deklarat\u00eb e klerik\u00ebve orthodhoks\u00eb t\u00eb Elbasanit. (5 Shkurt 2013)\"}]},{\"@type\":\"WebSite\",\"@id\":\"https:\/\/orthodoxalbania.org\/2020\/#website\",\"url\":\"https:\/\/orthodoxalbania.org\/2020\/\",\"name\":\"Kisha Orthodh\u03bfkse Autoqefale e Shqip\u00ebris\u00eb\",\"description\":\"Fqja Zyrtare e Kish\u00ebs Orthodhokse Autoqefale e Shqip\u00ebris\u00eb me lajmet edhe informacionet zyrtare p\u00ebr struktur\u00ebn edhe veprimtarin e saj.\",\"publisher\":{\"@id\":\"https:\/\/orthodoxalbania.org\/2020\/#organization\"},\"potentialAction\":[{\"@type\":\"SearchAction\",\"target\":{\"@type\":\"EntryPoint\",\"urlTemplate\":\"https:\/\/orthodoxalbania.org\/2020\/?s={search_term_string}\"},\"query-input\":{\"@type\":\"PropertyValueSpecification\",\"valueRequired\":true,\"valueName\":\"search_term_string\"}}],\"inLanguage\":\"en-US\"},{\"@type\":\"Organization\",\"@id\":\"https:\/\/orthodoxalbania.org\/2020\/#organization\",\"name\":\"Kisha Orthodhokse Autoqefale e Shqip\u00ebris\u00eb\",\"url\":\"https:\/\/orthodoxalbania.org\/2020\/\",\"logo\":{\"@type\":\"ImageObject\",\"inLanguage\":\"en-US\",\"@id\":\"https:\/\/orthodoxalbania.org\/2020\/#\/schema\/logo\/image\/\",\"url\":\"https:\/\/orthodoxalbania.org\/2020\/wp-content\/uploads\/2020\/05\/albania.jpeg\",\"contentUrl\":\"https:\/\/orthodoxalbania.org\/2020\/wp-content\/uploads\/2020\/05\/albania.jpeg\",\"width\":540,\"height\":540,\"caption\":\"Kisha Orthodhokse Autoqefale e Shqip\u00ebris\u00eb\"},\"image\":{\"@id\":\"https:\/\/orthodoxalbania.org\/2020\/#\/schema\/logo\/image\/\"},\"sameAs\":[\"https:\/\/www.facebook.com\/koash1991\"]},{\"@type\":\"Person\",\"@id\":\"https:\/\/orthodoxalbania.org\/2020\/#\/schema\/person\/0c387634a7063ac612d7ed9ce71c7e86\",\"name\":\"Kisha Orthodhokse\",\"image\":{\"@type\":\"ImageObject\",\"inLanguage\":\"en-US\",\"@id\":\"https:\/\/secure.gravatar.com\/avatar\/596e7c417251e30f2fbb9c00e026fce61a695a00e51c889caded71c96cbbdde5?s=96&d=mm&r=g\",\"url\":\"https:\/\/secure.gravatar.com\/avatar\/596e7c417251e30f2fbb9c00e026fce61a695a00e51c889caded71c96cbbdde5?s=96&d=mm&r=g\",\"contentUrl\":\"https:\/\/secure.gravatar.com\/avatar\/596e7c417251e30f2fbb9c00e026fce61a695a00e51c889caded71c96cbbdde5?s=96&d=mm&r=g\",\"caption\":\"Kisha Orthodhokse\"}}]}<\/script>\n<!-- \/ Yoast SEO plugin. -->","yoast_head_json":{"title":"Shpifje t\u00eb ul\u00ebta e dashakeqe - Deklarat\u00eb e klerik\u00ebve orthodhoks\u00eb t\u00eb Elbasanit. (5 Shkurt 2013) - Kisha Orthodh\u03bfkse Autoqefale e Shqip\u00ebris\u00eb","robots":{"index":"index","follow":"follow","max-snippet":"max-snippet:-1","max-image-preview":"max-image-preview:large","max-video-preview":"max-video-preview:-1"},"canonical":"https:\/\/orthodoxalbania.org\/2020\/2013\/03\/22\/shpifje-te-uleta-e-dashakeqe-deklarate-e-klerikeve-orthodhokse-te-elbasanit\/","og_locale":"en_US","og_type":"article","og_title":"Shpifje t\u00eb ul\u00ebta e dashakeqe - Deklarat\u00eb e klerik\u00ebve orthodhoks\u00eb t\u00eb Elbasanit. (5 Shkurt 2013) - Kisha Orthodh\u03bfkse Autoqefale e Shqip\u00ebris\u00eb","og_description":"KISHA ORTHODHOKSE AUTOQEFALE E SHQIP\u00cbRIS\u00cb Z\u00ebvend\u00ebsia Lokale Elbasan Deklarat\u00eb e Klerik\u00ebve Orthodhoks\u00eb t\u00eb Elbasanit Nikolla Marku nuk \u00ebsht\u00eb prift, ai \u00ebsht\u00eb nj\u00eb mashtrues i opinionit publik. &nbsp;&nbsp;&nbsp;&nbsp;&nbsp; Elbasan 5 shkurt 2013 &nbsp; &nbsp; &nbsp; Duke marr\u00eb shkas nga nj\u00eb emision televiziv i dit\u00ebve t\u00eb fundit ku u shfaq qytetari Nikolla Marku si \u201cprift\u201d i qytetit t\u00eb Elbasanit, ne klerik\u00ebt kanonik\u00eb dhe besimtar\u00ebt e k\u00ebtij qyteti","og_url":"https:\/\/orthodoxalbania.org\/2020\/2013\/03\/22\/shpifje-te-uleta-e-dashakeqe-deklarate-e-klerikeve-orthodhokse-te-elbasanit\/","og_site_name":"Kisha Orthodh\u03bfkse Autoqefale e Shqip\u00ebris\u00eb","article_publisher":"https:\/\/www.facebook.com\/koash1991","article_published_time":"2013-03-22T10:38:28+00:00","article_modified_time":"2020-04-06T20:05:48+00:00","og_image":[{"width":200,"height":172,"url":"https:\/\/orthodoxalbania.org\/2020\/wp-content\/uploads\/2021\/02\/LogoLastALb-200.png","type":"image\/png"}],"author":"Kisha Orthodhokse","twitter_card":"summary_large_image","twitter_misc":{"Written by":"Kisha Orthodhokse","Est. reading time":"3 minutes"},"schema":{"@context":"https:\/\/schema.org","@graph":[{"@type":"Article","@id":"https:\/\/orthodoxalbania.org\/2020\/2013\/03\/22\/shpifje-te-uleta-e-dashakeqe-deklarate-e-klerikeve-orthodhokse-te-elbasanit\/#article","isPartOf":{"@id":"https:\/\/orthodoxalbania.org\/2020\/2013\/03\/22\/shpifje-te-uleta-e-dashakeqe-deklarate-e-klerikeve-orthodhokse-te-elbasanit\/"},"author":{"name":"Kisha Orthodhokse","@id":"https:\/\/orthodoxalbania.org\/2020\/#\/schema\/person\/0c387634a7063ac612d7ed9ce71c7e86"},"headline":"Shpifje t\u00eb ul\u00ebta e dashakeqe &#8211; Deklarat\u00eb e klerik\u00ebve orthodhoks\u00eb t\u00eb Elbasanit. (5 Shkurt 2013)","datePublished":"2013-03-22T10:38:28+00:00","dateModified":"2020-04-06T20:05:48+00:00","mainEntityOfPage":{"@id":"https:\/\/orthodoxalbania.org\/2020\/2013\/03\/22\/shpifje-te-uleta-e-dashakeqe-deklarate-e-klerikeve-orthodhokse-te-elbasanit\/"},"wordCount":574,"commentCount":0,"publisher":{"@id":"https:\/\/orthodoxalbania.org\/2020\/#organization"},"keywords":["2013","Kryepiskopata Tiran\u00eb","lajme","P\u00ebrgjigje ndaj akuzave"],"articleSection":["Lajme"],"inLanguage":"en-US"},{"@type":"WebPage","@id":"https:\/\/orthodoxalbania.org\/2020\/2013\/03\/22\/shpifje-te-uleta-e-dashakeqe-deklarate-e-klerikeve-orthodhokse-te-elbasanit\/","url":"https:\/\/orthodoxalbania.org\/2020\/2013\/03\/22\/shpifje-te-uleta-e-dashakeqe-deklarate-e-klerikeve-orthodhokse-te-elbasanit\/","name":"Shpifje t\u00eb ul\u00ebta e dashakeqe - Deklarat\u00eb e klerik\u00ebve orthodhoks\u00eb t\u00eb Elbasanit. (5 Shkurt 2013) - Kisha Orthodh\u03bfkse Autoqefale e Shqip\u00ebris\u00eb","isPartOf":{"@id":"https:\/\/orthodoxalbania.org\/2020\/#website"},"datePublished":"2013-03-22T10:38:28+00:00","dateModified":"2020-04-06T20:05:48+00:00","breadcrumb":{"@id":"https:\/\/orthodoxalbania.org\/2020\/2013\/03\/22\/shpifje-te-uleta-e-dashakeqe-deklarate-e-klerikeve-orthodhokse-te-elbasanit\/#breadcrumb"},"inLanguage":"en-US","potentialAction":[{"@type":"ReadAction","target":["https:\/\/orthodoxalbania.org\/2020\/2013\/03\/22\/shpifje-te-uleta-e-dashakeqe-deklarate-e-klerikeve-orthodhokse-te-elbasanit\/"]}]},{"@type":"BreadcrumbList","@id":"https:\/\/orthodoxalbania.org\/2020\/2013\/03\/22\/shpifje-te-uleta-e-dashakeqe-deklarate-e-klerikeve-orthodhokse-te-elbasanit\/#breadcrumb","itemListElement":[{"@type":"ListItem","position":1,"name":"Home","item":"https:\/\/orthodoxalbania.org\/2020\/"},{"@type":"ListItem","position":2,"name":"Shpifje t\u00eb ul\u00ebta e dashakeqe &#8211; Deklarat\u00eb e klerik\u00ebve orthodhoks\u00eb t\u00eb Elbasanit. (5 Shkurt 2013)"}]},{"@type":"WebSite","@id":"https:\/\/orthodoxalbania.org\/2020\/#website","url":"https:\/\/orthodoxalbania.org\/2020\/","name":"Kisha Orthodh\u03bfkse Autoqefale e Shqip\u00ebris\u00eb","description":"Fqja Zyrtare e Kish\u00ebs Orthodhokse Autoqefale e Shqip\u00ebris\u00eb me lajmet edhe informacionet zyrtare p\u00ebr struktur\u00ebn edhe veprimtarin e saj.","publisher":{"@id":"https:\/\/orthodoxalbania.org\/2020\/#organization"},"potentialAction":[{"@type":"SearchAction","target":{"@type":"EntryPoint","urlTemplate":"https:\/\/orthodoxalbania.org\/2020\/?s={search_term_string}"},"query-input":{"@type":"PropertyValueSpecification","valueRequired":true,"valueName":"search_term_string"}}],"inLanguage":"en-US"},{"@type":"Organization","@id":"https:\/\/orthodoxalbania.org\/2020\/#organization","name":"Kisha Orthodhokse Autoqefale e Shqip\u00ebris\u00eb","url":"https:\/\/orthodoxalbania.org\/2020\/","logo":{"@type":"ImageObject","inLanguage":"en-US","@id":"https:\/\/orthodoxalbania.org\/2020\/#\/schema\/logo\/image\/","url":"https:\/\/orthodoxalbania.org\/2020\/wp-content\/uploads\/2020\/05\/albania.jpeg","contentUrl":"https:\/\/orthodoxalbania.org\/2020\/wp-content\/uploads\/2020\/05\/albania.jpeg","width":540,"height":540,"caption":"Kisha Orthodhokse Autoqefale e Shqip\u00ebris\u00eb"},"image":{"@id":"https:\/\/orthodoxalbania.org\/2020\/#\/schema\/logo\/image\/"},"sameAs":["https:\/\/www.facebook.com\/koash1991"]},{"@type":"Person","@id":"https:\/\/orthodoxalbania.org\/2020\/#\/schema\/person\/0c387634a7063ac612d7ed9ce71c7e86","name":"Kisha Orthodhokse","image":{"@type":"ImageObject","inLanguage":"en-US","@id":"https:\/\/secure.gravatar.com\/avatar\/596e7c417251e30f2fbb9c00e026fce61a695a00e51c889caded71c96cbbdde5?s=96&d=mm&r=g","url":"https:\/\/secure.gravatar.com\/avatar\/596e7c417251e30f2fbb9c00e026fce61a695a00e51c889caded71c96cbbdde5?s=96&d=mm&r=g","contentUrl":"https:\/\/secure.gravatar.com\/avatar\/596e7c417251e30f2fbb9c00e026fce61a695a00e51c889caded71c96cbbdde5?s=96&d=mm&r=g","caption":"Kisha Orthodhokse"}}]}},"_links":{"self":[{"href":"https:\/\/orthodoxalbania.org\/2020\/wp-json\/wp\/v2\/posts\/195","targetHints":{"allow":["GET"]}}],"collection":[{"href":"https:\/\/orthodoxalbania.org\/2020\/wp-json\/wp\/v2\/posts"}],"about":[{"href":"https:\/\/orthodoxalbania.org\/2020\/wp-json\/wp\/v2\/types\/post"}],"author":[{"embeddable":true,"href":"https:\/\/orthodoxalbania.org\/2020\/wp-json\/wp\/v2\/users\/1"}],"replies":[{"embeddable":true,"href":"https:\/\/orthodoxalbania.org\/2020\/wp-json\/wp\/v2\/comments?post=195"}],"version-history":[{"count":1,"href":"https:\/\/orthodoxalbania.org\/2020\/wp-json\/wp\/v2\/posts\/195\/revisions"}],"predecessor-version":[{"id":15246,"href":"https:\/\/orthodoxalbania.org\/2020\/wp-json\/wp\/v2\/posts\/195\/revisions\/15246"}],"wp:attachment":[{"href":"https:\/\/orthodoxalbania.org\/2020\/wp-json\/wp\/v2\/media?parent=195"}],"wp:term":[{"taxonomy":"category","embeddable":true,"href":"https:\/\/orthodoxalbania.org\/2020\/wp-json\/wp\/v2\/categories?post=195"},{"taxonomy":"post_tag","embeddable":true,"href":"https:\/\/orthodoxalbania.org\/2020\/wp-json\/wp\/v2\/tags?post=195"}],"curies":[{"name":"wp","href":"https:\/\/api.w.org\/{rel}","templated":true}]}}