{"id":194,"date":"2007-02-26T00:00:00","date_gmt":"2007-02-26T00:00:00","guid":{"rendered":""},"modified":"2020-04-06T22:35:34","modified_gmt":"2020-04-06T20:35:34","slug":"shoqeria-biblike-nderfetare-e-shqiperise-se-bashku-ne-nje-perkthim-te-ri-te-fjales-se-perendise-tetor-2007","status":"publish","type":"post","link":"https:\/\/orthodoxalbania.org\/2020\/2007\/02\/26\/shoqeria-biblike-nderfetare-e-shqiperise-se-bashku-ne-nje-perkthim-te-ri-te-fjales-se-perendise-tetor-2007\/","title":{"rendered":"Shoq\u00ebria Biblike Nd\u00ebrfetare e Shqip\u00ebris\u00eb \u201cS\u00eb bashku\u201d, n\u00eb nj\u00eb p\u00ebrkthim t\u00eb ri t\u00eb Fjal\u00ebs s\u00eb Per\u00ebndis\u00eb. (Tetor 2007)"},"content":{"rendered":"<p style=\"text-align: justify;\"><span style=\"font-family: helvetica; font-size: 12pt;\"><\/span><\/p>\n<table id=\"AutoNumber2\" border=\"0\">\n<tbody>\n<tr>\n<td>\n<p><span style=\"font-family: helvetica; font-size: 12pt;\"><span style=\"color: #000000;\"><img decoding=\"async\" class=\"lazyload HAa Eha\" style=\"border-width: 1px; border-style: solid; margin: 10px auto; display: block;\" alt=\"\" src=\"data:image\/gif;base64,R0lGODlhAQABAAAAACH5BAEKAAEALAAAAAABAAEAAAICTAEAOw==\" data-orig-src=\"https:\/\/lh5.googleusercontent.com\/-812ZVaczxi4\/VIrNSUC64LI\/AAAAAAAAG_s\/h1WuyZzL-FQ\/w253-h400-no\/1jpg.jpg\" \/><\/span><\/span><\/p>\n<\/td>\n<td>\n<p style=\"text-align: justify;\"><span style=\"font-family: helvetica; font-size: 12pt;\"><span style=\"color: #000000;\">&nbsp;&nbsp;&nbsp; N\u00eb Hotel \u201cTirana International\u201d, m\u00eb 29 tetor, u zhvillua veprimtaria e Shoq\u00ebris\u00eb Biblike Nd\u00ebrfetare t\u00eb Shqip\u00ebris\u00eb <strong>\u201cS\u00eb bashku\u201d<\/strong>. Ajo kishte si q\u00ebllim promovimin e nj\u00eb p\u00ebrkthimi t\u00eb ri nd\u00ebrkonfesional t\u00eb Dhiat\u00ebs s\u00eb Re, i cili synoi t\u00eb sillte Fjal\u00ebn e Per\u00ebndis\u00eb n\u00eb gjuh\u00ebn e sotme shqipe. \u00cbsht\u00eb nj\u00eb botim q\u00eb nuk z\u00ebvend\u00ebson botimet e secil\u00ebs kish\u00eb t\u00eb krishter\u00eb, por i sh\u00ebrben kuptimit m\u00eb t\u00eb mir\u00eb t\u00eb Dhiat\u00ebs s\u00eb Re nga nj\u00eb publik i gjer\u00eb dhe jo vet\u00ebm i krishter\u00eb.<\/span><\/span><\/p>\n<\/td>\n<\/tr>\n<tr>\n<td>\n<p style=\"text-align: justify;\"><span style=\"font-family: helvetica; font-size: 12pt;\"><span style=\"color: #000000;\">&nbsp;&nbsp;&nbsp; Ky \u00ebsht\u00eb nj\u00eb p\u00ebrkthim nga origjinali, greqishtja e vjet\u00ebr, n\u00eb shqip, duke u mb\u00ebshtetur edhe te krahasimi me p\u00ebrkthimet e m\u00ebparshme: Dhiata e Re nga Kristoforidhi (Kisha Orthodhokse), \u201cBibla\u201d nga Dom Simon Filipaj, (Kisha Romanokatolike), si dhe \u201cLIM\u201d (p\u00ebrdorur n\u00eb kishat Ungjillore-protestante). Ai u realizua nga tre p\u00ebrkthyes t\u00eb rinj, t\u00eb kishave pjes\u00ebtare t\u00eb Shoq\u00ebris\u00eb Biblike, t\u00eb cil\u00ebt u trajnuan posa\u00e7\u00ebrisht p\u00ebr k\u00ebt\u00eb detyr\u00eb.<\/span><\/span><\/p>\n<\/td>\n<td>\n<p><span style=\"font-family: helvetica; font-size: 12pt;\"><span style=\"color: #000000;\"><img decoding=\"async\" class=\"lazyload HAa Eha\" style=\"border-width: 1px; border-style: solid; margin: 10px auto; display: block;\" alt=\"\" src=\"data:image\/gif;base64,R0lGODlhAQABAAAAACH5BAEKAAEALAAAAAABAAEAAAICTAEAOw==\" data-orig-src=\"https:\/\/lh4.googleusercontent.com\/-LZp2Ds_Hido\/VIrNSgqfZBI\/AAAAAAAAG_g\/5SZTQ79pwxU\/w400-h234-no\/2.jpg\" \/><\/span><\/span><\/p>\n<\/td>\n<\/tr>\n<tr>\n<td>\n<p><span style=\"font-family: helvetica; font-size: 12pt;\"><span style=\"color: #000000;\"><img decoding=\"async\" class=\"lazyload HAa Eha\" style=\"border-width: 1px; border-style: solid; margin: 10px auto; display: block;\" alt=\"\" src=\"data:image\/gif;base64,R0lGODlhAQABAAAAACH5BAEKAAEALAAAAAABAAEAAAICTAEAOw==\" data-orig-src=\"https:\/\/lh4.googleusercontent.com\/-5k-avFbHv0Y\/VIrNSuB80JI\/AAAAAAAAG_o\/mq_jQNQDlxM\/w334-h400-no\/3.jpg\" \/><\/span><\/span><\/p>\n<\/td>\n<td>\n<p style=\"text-align: justify;\"><span style=\"font-family: helvetica; font-size: 12pt;\"><span style=\"color: #000000;\">&nbsp;&nbsp;&nbsp; Veprimtaria u bazua n\u00eb p\u00ebrsh\u00ebndetje e vler\u00ebsime p\u00ebr p\u00ebrkthimin, nga z. Altin Hysi, Sekretar i P\u00ebrgjithsh\u00ebm i SHB, Hir\u00ebsi Andoni, Episkop i Kruj\u00ebs, Imzot Rrok Mirdita, Arqipeshk\u00ebv i Tiran\u00eb &#8211; Durr\u00ebs, p\u00ebrkthyesi dr. Karlo Buzzeti, z. Peter Wigglesworth, Sekretar Rajonal i Shoq\u00ebris\u00eb Biblike p\u00ebr Evrop\u00ebn Juglindore, prof. dr. Xhevat Lloshi, prof. dr. Kolec Topalli etj.<\/span><\/span><\/p>\n<\/td>\n<\/tr>\n<tr>\n<td>\n<p style=\"text-align: justify;\"><span style=\"font-family: helvetica; font-size: 12pt;\"><span style=\"color: #000000;\">&nbsp;&nbsp;&nbsp; Gjat\u00eb programit u lexuan edhe disa pjes\u00eb nga p\u00ebrkthimi i ri nga Artisti i Popullit Robert Ndrenika, z. Enkel Demi etj. Gjithashtu, pati edhe nj\u00eb pjes\u00eb muzikore nga nj\u00eb grup t\u00eb rinjsh t\u00eb Kish\u00ebs Orthodhokse, k\u00ebndimi i \u201cAve Maria\u201d nga nj\u00eb besimtare katolike dhe nj\u00eb k\u00ebng\u00eb p\u00ebr besimin tek Per\u00ebndia, nga Saimir Braho, i v\u00ebllaz\u00ebris\u00eb ungjillore etj.<\/span><\/span><\/p>\n<\/td>\n<td>\n<p><span style=\"font-family: helvetica; font-size: 12pt;\"><span style=\"color: #000000;\"><img decoding=\"async\" class=\"lazyload HAa Eha\" style=\"border-width: 1px; border-style: solid; margin: 10px auto; display: block;\" alt=\"\" src=\"data:image\/gif;base64,R0lGODlhAQABAAAAACH5BAEKAAEALAAAAAABAAEAAAICTAEAOw==\" data-orig-src=\"https:\/\/lh6.googleusercontent.com\/-ljv7u-6-VoA\/VIrNS9Gh_YI\/AAAAAAAAG_w\/bkHEShTj03k\/w400-h213-no\/4.jpg\" \/><\/span><\/span><\/p>\n<\/td>\n<\/tr>\n<tr>\n<td colspan=\"2\">\n<p style=\"text-align: center;\"><span style=\"font-family: helvetica; font-size: 12pt;\"><span style=\"color: #000000;\"><strong><em>\u00c7\u2019\u00ebsht\u00eb Shoq\u00ebria Biblike Nd\u00ebrkonfesionale e Shqip\u00ebris\u00eb<\/em><\/strong><\/span><\/span><\/p>\n<\/td>\n<\/tr>\n<\/tbody>\n<\/table>\n<p style=\"text-align: justify;\"><span style=\"font-family: helvetica; font-size: 12pt;\"><span style=\"color: #000000;\">&nbsp;&nbsp;&nbsp; M\u00eb 14 shtator 1996 u mbajt takimi i par\u00eb i themelimit t\u00eb Shoq\u00ebris\u00eb Biblike Nd\u00ebrkonfesionale t\u00eb Shqip\u00ebris\u00eb, me pjes\u00ebmarrjen e Kryepiskopit Anastas, Arqipeshkvit Rrok Mirdita, p\u00ebrfaq\u00ebsuesve t\u00eb kishave ungjillore etj.<\/span><\/span><\/p>\n<p style=\"text-align: justify;\"><span style=\"font-family: helvetica; font-size: 12pt;\"><span style=\"color: #000000;\">&nbsp;&nbsp;&nbsp; Ajo \u00ebsht\u00eb nj\u00eb organizat\u00eb q\u00eb vepron p\u00ebrmes bashk\u00ebpunimit t\u00eb kishave t\u00eb krishtera n\u00eb Shqip\u00ebri, dhe drejtohet me rotacion nga primat\u00ebt e tyre.<\/span><\/span><\/p>\n<p style=\"text-align: justify;\"><span style=\"font-family: helvetica; font-size: 12pt;\"><span style=\"color: #000000;\">&nbsp;&nbsp;&nbsp; Q\u00ebllimi i saj \u00ebsht\u00eb t\u00eb p\u00ebrkthej\u00eb, botoj\u00eb dhe t\u00eb p\u00ebrhap\u00eb Shkrimin e Shenjt\u00eb n\u00eb nj\u00eb m\u00ebnyr\u00eb efektive, n\u00eb nj\u00eb gjuh\u00eb sa m\u00eb t\u00eb kuptueshme dhe me nj\u00eb \u00e7mim sa m\u00eb t\u00eb arsyesh\u00ebm.<\/span><\/span><\/p>\n<p style=\"text-align: justify;\"><span style=\"font-family: helvetica; font-size: 12pt;\"><\/span><\/p>\n<p style=\"text-align: justify;\"><span style=\"font-family: helvetica; font-size: 12pt;\"><span style=\"color: #000000;\"><em>&nbsp;&nbsp;&nbsp; Korresp. i Gazet\u00ebs \u201cNgjallja<\/em><\/span><\/span><\/p>\n","protected":false},"excerpt":{"rendered":"<p>&nbsp;&nbsp;&nbsp; N\u00eb Hotel \u201cTirana International\u201d, m\u00eb 29 tetor, u zhvillua veprimtaria e Shoq\u00ebris\u00eb Biblike Nd\u00ebrfetare t\u00eb Shqip\u00ebris\u00eb \u201cS\u00eb bashku\u201d. Ajo kishte si q\u00ebllim promovimin e nj\u00eb p\u00ebrkthimi t\u00eb ri nd\u00ebrkonfesional t\u00eb Dhiat\u00ebs s\u00eb Re, i cili synoi t\u00eb sillte Fjal\u00ebn e Per\u00ebndis\u00eb n\u00eb gjuh\u00ebn e sotme shqipe. \u00cbsht\u00eb nj\u00eb botim q\u00eb nuk z\u00ebvend\u00ebson botimet e secil\u00ebs kish\u00eb t\u00eb krishter\u00eb, por i sh\u00ebrben kuptimit m\u00eb t\u00eb<\/p>\n","protected":false},"author":1,"featured_media":0,"comment_status":"open","ping_status":"open","sticky":false,"template":"","format":"standard","meta":{"_acf_changed":false,"pagelayer_contact_templates":[],"_pagelayer_content":"","inline_featured_image":false,"fifu_image_url":"","fifu_image_alt":"","footnotes":""},"categories":[108],"tags":[147,196,212,607],"class_list":["post-194","post","type-post","status-publish","format-standard","hentry","category-lajme","tag-147","tag-tirane","tag-lajme-d27","tag-promovimepublikime"],"acf":[],"yoast_head":"<!-- This site is optimized with the Yoast SEO plugin v27.2 - https:\/\/yoast.com\/product\/yoast-seo-wordpress\/ -->\n<title>Shoq\u00ebria Biblike Nd\u00ebrfetare e Shqip\u00ebris\u00eb \u201cS\u00eb bashku\u201d, n\u00eb nj\u00eb p\u00ebrkthim t\u00eb ri t\u00eb Fjal\u00ebs s\u00eb Per\u00ebndis\u00eb. (Tetor 2007) - Kisha Orthodh\u03bfkse Autoqefale e Shqip\u00ebris\u00eb<\/title>\n<meta name=\"robots\" content=\"index, follow, max-snippet:-1, max-image-preview:large, max-video-preview:-1\" \/>\n<link rel=\"canonical\" href=\"https:\/\/orthodoxalbania.org\/2020\/2007\/02\/26\/shoqeria-biblike-nderfetare-e-shqiperise-se-bashku-ne-nje-perkthim-te-ri-te-fjales-se-perendise-tetor-2007\/\" \/>\n<meta property=\"og:locale\" content=\"en_US\" \/>\n<meta property=\"og:type\" content=\"article\" \/>\n<meta property=\"og:title\" content=\"Shoq\u00ebria Biblike Nd\u00ebrfetare e Shqip\u00ebris\u00eb \u201cS\u00eb bashku\u201d, n\u00eb nj\u00eb p\u00ebrkthim t\u00eb ri t\u00eb Fjal\u00ebs s\u00eb Per\u00ebndis\u00eb. (Tetor 2007) - Kisha Orthodh\u03bfkse Autoqefale e Shqip\u00ebris\u00eb\" \/>\n<meta property=\"og:description\" content=\"&nbsp;&nbsp;&nbsp; N\u00eb Hotel \u201cTirana International\u201d, m\u00eb 29 tetor, u zhvillua veprimtaria e Shoq\u00ebris\u00eb Biblike Nd\u00ebrfetare t\u00eb Shqip\u00ebris\u00eb \u201cS\u00eb bashku\u201d. Ajo kishte si q\u00ebllim promovimin e nj\u00eb p\u00ebrkthimi t\u00eb ri nd\u00ebrkonfesional t\u00eb Dhiat\u00ebs s\u00eb Re, i cili synoi t\u00eb sillte Fjal\u00ebn e Per\u00ebndis\u00eb n\u00eb gjuh\u00ebn e sotme shqipe. \u00cbsht\u00eb nj\u00eb botim q\u00eb nuk z\u00ebvend\u00ebson botimet e secil\u00ebs kish\u00eb t\u00eb krishter\u00eb, por i sh\u00ebrben kuptimit m\u00eb t\u00eb\" \/>\n<meta property=\"og:url\" content=\"https:\/\/orthodoxalbania.org\/2020\/2007\/02\/26\/shoqeria-biblike-nderfetare-e-shqiperise-se-bashku-ne-nje-perkthim-te-ri-te-fjales-se-perendise-tetor-2007\/\" \/>\n<meta property=\"og:site_name\" content=\"Kisha Orthodh\u03bfkse Autoqefale e Shqip\u00ebris\u00eb\" \/>\n<meta property=\"article:publisher\" content=\"https:\/\/www.facebook.com\/koash1991\" \/>\n<meta property=\"article:published_time\" content=\"2007-02-26T00:00:00+00:00\" \/>\n<meta property=\"article:modified_time\" content=\"2020-04-06T20:35:34+00:00\" \/>\n<meta property=\"og:image\" content=\"https:\/\/lh5.googleusercontent.com\/-812ZVaczxi4\/VIrNSUC64LI\/AAAAAAAAG_s\/h1WuyZzL-FQ\/w253-h400-no\/1jpg.jpg\" \/>\n<meta name=\"author\" content=\"Kisha Orthodhokse\" \/>\n<meta name=\"twitter:card\" content=\"summary_large_image\" \/>\n<meta name=\"twitter:label1\" content=\"Written by\" \/>\n\t<meta name=\"twitter:data1\" content=\"Kisha Orthodhokse\" \/>\n\t<meta name=\"twitter:label2\" content=\"Est. reading time\" \/>\n\t<meta name=\"twitter:data2\" content=\"2 minutes\" \/>\n<script type=\"application\/ld+json\" class=\"yoast-schema-graph\">{\"@context\":\"https:\/\/schema.org\",\"@graph\":[{\"@type\":\"Article\",\"@id\":\"https:\/\/orthodoxalbania.org\/2020\/2007\/02\/26\/shoqeria-biblike-nderfetare-e-shqiperise-se-bashku-ne-nje-perkthim-te-ri-te-fjales-se-perendise-tetor-2007\/#article\",\"isPartOf\":{\"@id\":\"https:\/\/orthodoxalbania.org\/2020\/2007\/02\/26\/shoqeria-biblike-nderfetare-e-shqiperise-se-bashku-ne-nje-perkthim-te-ri-te-fjales-se-perendise-tetor-2007\/\"},\"author\":{\"name\":\"Kisha Orthodhokse\",\"@id\":\"https:\/\/orthodoxalbania.org\/2020\/#\/schema\/person\/0c387634a7063ac612d7ed9ce71c7e86\"},\"headline\":\"Shoq\u00ebria Biblike Nd\u00ebrfetare e Shqip\u00ebris\u00eb \u201cS\u00eb bashku\u201d, n\u00eb nj\u00eb p\u00ebrkthim t\u00eb ri t\u00eb Fjal\u00ebs s\u00eb Per\u00ebndis\u00eb. (Tetor 2007)\",\"datePublished\":\"2007-02-26T00:00:00+00:00\",\"dateModified\":\"2020-04-06T20:35:34+00:00\",\"mainEntityOfPage\":{\"@id\":\"https:\/\/orthodoxalbania.org\/2020\/2007\/02\/26\/shoqeria-biblike-nderfetare-e-shqiperise-se-bashku-ne-nje-perkthim-te-ri-te-fjales-se-perendise-tetor-2007\/\"},\"wordCount\":464,\"commentCount\":0,\"publisher\":{\"@id\":\"https:\/\/orthodoxalbania.org\/2020\/#organization\"},\"image\":{\"@id\":\"https:\/\/orthodoxalbania.org\/2020\/2007\/02\/26\/shoqeria-biblike-nderfetare-e-shqiperise-se-bashku-ne-nje-perkthim-te-ri-te-fjales-se-perendise-tetor-2007\/#primaryimage\"},\"thumbnailUrl\":\"https:\/\/lh5.googleusercontent.com\/-812ZVaczxi4\/VIrNSUC64LI\/AAAAAAAAG_s\/h1WuyZzL-FQ\/w253-h400-no\/1jpg.jpg\",\"keywords\":[\"2007\",\"Kryepiskopata Tiran\u00eb\",\"lajme\",\"PromovimePublikime\"],\"articleSection\":[\"Lajme\"],\"inLanguage\":\"en-US\"},{\"@type\":\"WebPage\",\"@id\":\"https:\/\/orthodoxalbania.org\/2020\/2007\/02\/26\/shoqeria-biblike-nderfetare-e-shqiperise-se-bashku-ne-nje-perkthim-te-ri-te-fjales-se-perendise-tetor-2007\/\",\"url\":\"https:\/\/orthodoxalbania.org\/2020\/2007\/02\/26\/shoqeria-biblike-nderfetare-e-shqiperise-se-bashku-ne-nje-perkthim-te-ri-te-fjales-se-perendise-tetor-2007\/\",\"name\":\"Shoq\u00ebria Biblike Nd\u00ebrfetare e Shqip\u00ebris\u00eb \u201cS\u00eb bashku\u201d, n\u00eb nj\u00eb p\u00ebrkthim t\u00eb ri t\u00eb Fjal\u00ebs s\u00eb Per\u00ebndis\u00eb. (Tetor 2007) - Kisha Orthodh\u03bfkse Autoqefale e Shqip\u00ebris\u00eb\",\"isPartOf\":{\"@id\":\"https:\/\/orthodoxalbania.org\/2020\/#website\"},\"primaryImageOfPage\":{\"@id\":\"https:\/\/orthodoxalbania.org\/2020\/2007\/02\/26\/shoqeria-biblike-nderfetare-e-shqiperise-se-bashku-ne-nje-perkthim-te-ri-te-fjales-se-perendise-tetor-2007\/#primaryimage\"},\"image\":{\"@id\":\"https:\/\/orthodoxalbania.org\/2020\/2007\/02\/26\/shoqeria-biblike-nderfetare-e-shqiperise-se-bashku-ne-nje-perkthim-te-ri-te-fjales-se-perendise-tetor-2007\/#primaryimage\"},\"thumbnailUrl\":\"https:\/\/lh5.googleusercontent.com\/-812ZVaczxi4\/VIrNSUC64LI\/AAAAAAAAG_s\/h1WuyZzL-FQ\/w253-h400-no\/1jpg.jpg\",\"datePublished\":\"2007-02-26T00:00:00+00:00\",\"dateModified\":\"2020-04-06T20:35:34+00:00\",\"breadcrumb\":{\"@id\":\"https:\/\/orthodoxalbania.org\/2020\/2007\/02\/26\/shoqeria-biblike-nderfetare-e-shqiperise-se-bashku-ne-nje-perkthim-te-ri-te-fjales-se-perendise-tetor-2007\/#breadcrumb\"},\"inLanguage\":\"en-US\",\"potentialAction\":[{\"@type\":\"ReadAction\",\"target\":[\"https:\/\/orthodoxalbania.org\/2020\/2007\/02\/26\/shoqeria-biblike-nderfetare-e-shqiperise-se-bashku-ne-nje-perkthim-te-ri-te-fjales-se-perendise-tetor-2007\/\"]}]},{\"@type\":\"ImageObject\",\"inLanguage\":\"en-US\",\"@id\":\"https:\/\/orthodoxalbania.org\/2020\/2007\/02\/26\/shoqeria-biblike-nderfetare-e-shqiperise-se-bashku-ne-nje-perkthim-te-ri-te-fjales-se-perendise-tetor-2007\/#primaryimage\",\"url\":\"https:\/\/lh5.googleusercontent.com\/-812ZVaczxi4\/VIrNSUC64LI\/AAAAAAAAG_s\/h1WuyZzL-FQ\/w253-h400-no\/1jpg.jpg\",\"contentUrl\":\"https:\/\/lh5.googleusercontent.com\/-812ZVaczxi4\/VIrNSUC64LI\/AAAAAAAAG_s\/h1WuyZzL-FQ\/w253-h400-no\/1jpg.jpg\"},{\"@type\":\"BreadcrumbList\",\"@id\":\"https:\/\/orthodoxalbania.org\/2020\/2007\/02\/26\/shoqeria-biblike-nderfetare-e-shqiperise-se-bashku-ne-nje-perkthim-te-ri-te-fjales-se-perendise-tetor-2007\/#breadcrumb\",\"itemListElement\":[{\"@type\":\"ListItem\",\"position\":1,\"name\":\"Home\",\"item\":\"https:\/\/orthodoxalbania.org\/2020\/\"},{\"@type\":\"ListItem\",\"position\":2,\"name\":\"Shoq\u00ebria Biblike Nd\u00ebrfetare e Shqip\u00ebris\u00eb \u201cS\u00eb bashku\u201d, n\u00eb nj\u00eb p\u00ebrkthim t\u00eb ri t\u00eb Fjal\u00ebs s\u00eb Per\u00ebndis\u00eb. (Tetor 2007)\"}]},{\"@type\":\"WebSite\",\"@id\":\"https:\/\/orthodoxalbania.org\/2020\/#website\",\"url\":\"https:\/\/orthodoxalbania.org\/2020\/\",\"name\":\"Kisha Orthodh\u03bfkse Autoqefale e Shqip\u00ebris\u00eb\",\"description\":\"Fqja Zyrtare e Kish\u00ebs Orthodhokse Autoqefale e Shqip\u00ebris\u00eb me lajmet edhe informacionet zyrtare p\u00ebr struktur\u00ebn edhe veprimtarin e saj.\",\"publisher\":{\"@id\":\"https:\/\/orthodoxalbania.org\/2020\/#organization\"},\"potentialAction\":[{\"@type\":\"SearchAction\",\"target\":{\"@type\":\"EntryPoint\",\"urlTemplate\":\"https:\/\/orthodoxalbania.org\/2020\/?s={search_term_string}\"},\"query-input\":{\"@type\":\"PropertyValueSpecification\",\"valueRequired\":true,\"valueName\":\"search_term_string\"}}],\"inLanguage\":\"en-US\"},{\"@type\":\"Organization\",\"@id\":\"https:\/\/orthodoxalbania.org\/2020\/#organization\",\"name\":\"Kisha Orthodhokse Autoqefale e Shqip\u00ebris\u00eb\",\"url\":\"https:\/\/orthodoxalbania.org\/2020\/\",\"logo\":{\"@type\":\"ImageObject\",\"inLanguage\":\"en-US\",\"@id\":\"https:\/\/orthodoxalbania.org\/2020\/#\/schema\/logo\/image\/\",\"url\":\"https:\/\/orthodoxalbania.org\/2020\/wp-content\/uploads\/2020\/05\/albania.jpeg\",\"contentUrl\":\"https:\/\/orthodoxalbania.org\/2020\/wp-content\/uploads\/2020\/05\/albania.jpeg\",\"width\":540,\"height\":540,\"caption\":\"Kisha Orthodhokse Autoqefale e Shqip\u00ebris\u00eb\"},\"image\":{\"@id\":\"https:\/\/orthodoxalbania.org\/2020\/#\/schema\/logo\/image\/\"},\"sameAs\":[\"https:\/\/www.facebook.com\/koash1991\"]},{\"@type\":\"Person\",\"@id\":\"https:\/\/orthodoxalbania.org\/2020\/#\/schema\/person\/0c387634a7063ac612d7ed9ce71c7e86\",\"name\":\"Kisha Orthodhokse\",\"image\":{\"@type\":\"ImageObject\",\"inLanguage\":\"en-US\",\"@id\":\"https:\/\/secure.gravatar.com\/avatar\/596e7c417251e30f2fbb9c00e026fce61a695a00e51c889caded71c96cbbdde5?s=96&d=mm&r=g\",\"url\":\"https:\/\/secure.gravatar.com\/avatar\/596e7c417251e30f2fbb9c00e026fce61a695a00e51c889caded71c96cbbdde5?s=96&d=mm&r=g\",\"contentUrl\":\"https:\/\/secure.gravatar.com\/avatar\/596e7c417251e30f2fbb9c00e026fce61a695a00e51c889caded71c96cbbdde5?s=96&d=mm&r=g\",\"caption\":\"Kisha Orthodhokse\"}}]}<\/script>\n<!-- \/ Yoast SEO plugin. -->","yoast_head_json":{"title":"Shoq\u00ebria Biblike Nd\u00ebrfetare e Shqip\u00ebris\u00eb \u201cS\u00eb bashku\u201d, n\u00eb nj\u00eb p\u00ebrkthim t\u00eb ri t\u00eb Fjal\u00ebs s\u00eb Per\u00ebndis\u00eb. (Tetor 2007) - Kisha Orthodh\u03bfkse Autoqefale e Shqip\u00ebris\u00eb","robots":{"index":"index","follow":"follow","max-snippet":"max-snippet:-1","max-image-preview":"max-image-preview:large","max-video-preview":"max-video-preview:-1"},"canonical":"https:\/\/orthodoxalbania.org\/2020\/2007\/02\/26\/shoqeria-biblike-nderfetare-e-shqiperise-se-bashku-ne-nje-perkthim-te-ri-te-fjales-se-perendise-tetor-2007\/","og_locale":"en_US","og_type":"article","og_title":"Shoq\u00ebria Biblike Nd\u00ebrfetare e Shqip\u00ebris\u00eb \u201cS\u00eb bashku\u201d, n\u00eb nj\u00eb p\u00ebrkthim t\u00eb ri t\u00eb Fjal\u00ebs s\u00eb Per\u00ebndis\u00eb. (Tetor 2007) - Kisha Orthodh\u03bfkse Autoqefale e Shqip\u00ebris\u00eb","og_description":"&nbsp;&nbsp;&nbsp; N\u00eb Hotel \u201cTirana International\u201d, m\u00eb 29 tetor, u zhvillua veprimtaria e Shoq\u00ebris\u00eb Biblike Nd\u00ebrfetare t\u00eb Shqip\u00ebris\u00eb \u201cS\u00eb bashku\u201d. Ajo kishte si q\u00ebllim promovimin e nj\u00eb p\u00ebrkthimi t\u00eb ri nd\u00ebrkonfesional t\u00eb Dhiat\u00ebs s\u00eb Re, i cili synoi t\u00eb sillte Fjal\u00ebn e Per\u00ebndis\u00eb n\u00eb gjuh\u00ebn e sotme shqipe. \u00cbsht\u00eb nj\u00eb botim q\u00eb nuk z\u00ebvend\u00ebson botimet e secil\u00ebs kish\u00eb t\u00eb krishter\u00eb, por i sh\u00ebrben kuptimit m\u00eb t\u00eb","og_url":"https:\/\/orthodoxalbania.org\/2020\/2007\/02\/26\/shoqeria-biblike-nderfetare-e-shqiperise-se-bashku-ne-nje-perkthim-te-ri-te-fjales-se-perendise-tetor-2007\/","og_site_name":"Kisha Orthodh\u03bfkse Autoqefale e Shqip\u00ebris\u00eb","article_publisher":"https:\/\/www.facebook.com\/koash1991","article_published_time":"2007-02-26T00:00:00+00:00","article_modified_time":"2020-04-06T20:35:34+00:00","og_image":[{"url":"https:\/\/lh5.googleusercontent.com\/-812ZVaczxi4\/VIrNSUC64LI\/AAAAAAAAG_s\/h1WuyZzL-FQ\/w253-h400-no\/1jpg.jpg","type":"","width":"","height":""}],"author":"Kisha Orthodhokse","twitter_card":"summary_large_image","twitter_misc":{"Written by":"Kisha Orthodhokse","Est. reading time":"2 minutes"},"schema":{"@context":"https:\/\/schema.org","@graph":[{"@type":"Article","@id":"https:\/\/orthodoxalbania.org\/2020\/2007\/02\/26\/shoqeria-biblike-nderfetare-e-shqiperise-se-bashku-ne-nje-perkthim-te-ri-te-fjales-se-perendise-tetor-2007\/#article","isPartOf":{"@id":"https:\/\/orthodoxalbania.org\/2020\/2007\/02\/26\/shoqeria-biblike-nderfetare-e-shqiperise-se-bashku-ne-nje-perkthim-te-ri-te-fjales-se-perendise-tetor-2007\/"},"author":{"name":"Kisha Orthodhokse","@id":"https:\/\/orthodoxalbania.org\/2020\/#\/schema\/person\/0c387634a7063ac612d7ed9ce71c7e86"},"headline":"Shoq\u00ebria Biblike Nd\u00ebrfetare e Shqip\u00ebris\u00eb \u201cS\u00eb bashku\u201d, n\u00eb nj\u00eb p\u00ebrkthim t\u00eb ri t\u00eb Fjal\u00ebs s\u00eb Per\u00ebndis\u00eb. (Tetor 2007)","datePublished":"2007-02-26T00:00:00+00:00","dateModified":"2020-04-06T20:35:34+00:00","mainEntityOfPage":{"@id":"https:\/\/orthodoxalbania.org\/2020\/2007\/02\/26\/shoqeria-biblike-nderfetare-e-shqiperise-se-bashku-ne-nje-perkthim-te-ri-te-fjales-se-perendise-tetor-2007\/"},"wordCount":464,"commentCount":0,"publisher":{"@id":"https:\/\/orthodoxalbania.org\/2020\/#organization"},"image":{"@id":"https:\/\/orthodoxalbania.org\/2020\/2007\/02\/26\/shoqeria-biblike-nderfetare-e-shqiperise-se-bashku-ne-nje-perkthim-te-ri-te-fjales-se-perendise-tetor-2007\/#primaryimage"},"thumbnailUrl":"https:\/\/lh5.googleusercontent.com\/-812ZVaczxi4\/VIrNSUC64LI\/AAAAAAAAG_s\/h1WuyZzL-FQ\/w253-h400-no\/1jpg.jpg","keywords":["2007","Kryepiskopata Tiran\u00eb","lajme","PromovimePublikime"],"articleSection":["Lajme"],"inLanguage":"en-US"},{"@type":"WebPage","@id":"https:\/\/orthodoxalbania.org\/2020\/2007\/02\/26\/shoqeria-biblike-nderfetare-e-shqiperise-se-bashku-ne-nje-perkthim-te-ri-te-fjales-se-perendise-tetor-2007\/","url":"https:\/\/orthodoxalbania.org\/2020\/2007\/02\/26\/shoqeria-biblike-nderfetare-e-shqiperise-se-bashku-ne-nje-perkthim-te-ri-te-fjales-se-perendise-tetor-2007\/","name":"Shoq\u00ebria Biblike Nd\u00ebrfetare e Shqip\u00ebris\u00eb \u201cS\u00eb bashku\u201d, n\u00eb nj\u00eb p\u00ebrkthim t\u00eb ri t\u00eb Fjal\u00ebs s\u00eb Per\u00ebndis\u00eb. (Tetor 2007) - Kisha Orthodh\u03bfkse Autoqefale e Shqip\u00ebris\u00eb","isPartOf":{"@id":"https:\/\/orthodoxalbania.org\/2020\/#website"},"primaryImageOfPage":{"@id":"https:\/\/orthodoxalbania.org\/2020\/2007\/02\/26\/shoqeria-biblike-nderfetare-e-shqiperise-se-bashku-ne-nje-perkthim-te-ri-te-fjales-se-perendise-tetor-2007\/#primaryimage"},"image":{"@id":"https:\/\/orthodoxalbania.org\/2020\/2007\/02\/26\/shoqeria-biblike-nderfetare-e-shqiperise-se-bashku-ne-nje-perkthim-te-ri-te-fjales-se-perendise-tetor-2007\/#primaryimage"},"thumbnailUrl":"https:\/\/lh5.googleusercontent.com\/-812ZVaczxi4\/VIrNSUC64LI\/AAAAAAAAG_s\/h1WuyZzL-FQ\/w253-h400-no\/1jpg.jpg","datePublished":"2007-02-26T00:00:00+00:00","dateModified":"2020-04-06T20:35:34+00:00","breadcrumb":{"@id":"https:\/\/orthodoxalbania.org\/2020\/2007\/02\/26\/shoqeria-biblike-nderfetare-e-shqiperise-se-bashku-ne-nje-perkthim-te-ri-te-fjales-se-perendise-tetor-2007\/#breadcrumb"},"inLanguage":"en-US","potentialAction":[{"@type":"ReadAction","target":["https:\/\/orthodoxalbania.org\/2020\/2007\/02\/26\/shoqeria-biblike-nderfetare-e-shqiperise-se-bashku-ne-nje-perkthim-te-ri-te-fjales-se-perendise-tetor-2007\/"]}]},{"@type":"ImageObject","inLanguage":"en-US","@id":"https:\/\/orthodoxalbania.org\/2020\/2007\/02\/26\/shoqeria-biblike-nderfetare-e-shqiperise-se-bashku-ne-nje-perkthim-te-ri-te-fjales-se-perendise-tetor-2007\/#primaryimage","url":"https:\/\/lh5.googleusercontent.com\/-812ZVaczxi4\/VIrNSUC64LI\/AAAAAAAAG_s\/h1WuyZzL-FQ\/w253-h400-no\/1jpg.jpg","contentUrl":"https:\/\/lh5.googleusercontent.com\/-812ZVaczxi4\/VIrNSUC64LI\/AAAAAAAAG_s\/h1WuyZzL-FQ\/w253-h400-no\/1jpg.jpg"},{"@type":"BreadcrumbList","@id":"https:\/\/orthodoxalbania.org\/2020\/2007\/02\/26\/shoqeria-biblike-nderfetare-e-shqiperise-se-bashku-ne-nje-perkthim-te-ri-te-fjales-se-perendise-tetor-2007\/#breadcrumb","itemListElement":[{"@type":"ListItem","position":1,"name":"Home","item":"https:\/\/orthodoxalbania.org\/2020\/"},{"@type":"ListItem","position":2,"name":"Shoq\u00ebria Biblike Nd\u00ebrfetare e Shqip\u00ebris\u00eb \u201cS\u00eb bashku\u201d, n\u00eb nj\u00eb p\u00ebrkthim t\u00eb ri t\u00eb Fjal\u00ebs s\u00eb Per\u00ebndis\u00eb. (Tetor 2007)"}]},{"@type":"WebSite","@id":"https:\/\/orthodoxalbania.org\/2020\/#website","url":"https:\/\/orthodoxalbania.org\/2020\/","name":"Kisha Orthodh\u03bfkse Autoqefale e Shqip\u00ebris\u00eb","description":"Fqja Zyrtare e Kish\u00ebs Orthodhokse Autoqefale e Shqip\u00ebris\u00eb me lajmet edhe informacionet zyrtare p\u00ebr struktur\u00ebn edhe veprimtarin e saj.","publisher":{"@id":"https:\/\/orthodoxalbania.org\/2020\/#organization"},"potentialAction":[{"@type":"SearchAction","target":{"@type":"EntryPoint","urlTemplate":"https:\/\/orthodoxalbania.org\/2020\/?s={search_term_string}"},"query-input":{"@type":"PropertyValueSpecification","valueRequired":true,"valueName":"search_term_string"}}],"inLanguage":"en-US"},{"@type":"Organization","@id":"https:\/\/orthodoxalbania.org\/2020\/#organization","name":"Kisha Orthodhokse Autoqefale e Shqip\u00ebris\u00eb","url":"https:\/\/orthodoxalbania.org\/2020\/","logo":{"@type":"ImageObject","inLanguage":"en-US","@id":"https:\/\/orthodoxalbania.org\/2020\/#\/schema\/logo\/image\/","url":"https:\/\/orthodoxalbania.org\/2020\/wp-content\/uploads\/2020\/05\/albania.jpeg","contentUrl":"https:\/\/orthodoxalbania.org\/2020\/wp-content\/uploads\/2020\/05\/albania.jpeg","width":540,"height":540,"caption":"Kisha Orthodhokse Autoqefale e Shqip\u00ebris\u00eb"},"image":{"@id":"https:\/\/orthodoxalbania.org\/2020\/#\/schema\/logo\/image\/"},"sameAs":["https:\/\/www.facebook.com\/koash1991"]},{"@type":"Person","@id":"https:\/\/orthodoxalbania.org\/2020\/#\/schema\/person\/0c387634a7063ac612d7ed9ce71c7e86","name":"Kisha Orthodhokse","image":{"@type":"ImageObject","inLanguage":"en-US","@id":"https:\/\/secure.gravatar.com\/avatar\/596e7c417251e30f2fbb9c00e026fce61a695a00e51c889caded71c96cbbdde5?s=96&d=mm&r=g","url":"https:\/\/secure.gravatar.com\/avatar\/596e7c417251e30f2fbb9c00e026fce61a695a00e51c889caded71c96cbbdde5?s=96&d=mm&r=g","contentUrl":"https:\/\/secure.gravatar.com\/avatar\/596e7c417251e30f2fbb9c00e026fce61a695a00e51c889caded71c96cbbdde5?s=96&d=mm&r=g","caption":"Kisha Orthodhokse"}}]}},"_links":{"self":[{"href":"https:\/\/orthodoxalbania.org\/2020\/wp-json\/wp\/v2\/posts\/194","targetHints":{"allow":["GET"]}}],"collection":[{"href":"https:\/\/orthodoxalbania.org\/2020\/wp-json\/wp\/v2\/posts"}],"about":[{"href":"https:\/\/orthodoxalbania.org\/2020\/wp-json\/wp\/v2\/types\/post"}],"author":[{"embeddable":true,"href":"https:\/\/orthodoxalbania.org\/2020\/wp-json\/wp\/v2\/users\/1"}],"replies":[{"embeddable":true,"href":"https:\/\/orthodoxalbania.org\/2020\/wp-json\/wp\/v2\/comments?post=194"}],"version-history":[{"count":1,"href":"https:\/\/orthodoxalbania.org\/2020\/wp-json\/wp\/v2\/posts\/194\/revisions"}],"predecessor-version":[{"id":15714,"href":"https:\/\/orthodoxalbania.org\/2020\/wp-json\/wp\/v2\/posts\/194\/revisions\/15714"}],"wp:attachment":[{"href":"https:\/\/orthodoxalbania.org\/2020\/wp-json\/wp\/v2\/media?parent=194"}],"wp:term":[{"taxonomy":"category","embeddable":true,"href":"https:\/\/orthodoxalbania.org\/2020\/wp-json\/wp\/v2\/categories?post=194"},{"taxonomy":"post_tag","embeddable":true,"href":"https:\/\/orthodoxalbania.org\/2020\/wp-json\/wp\/v2\/tags?post=194"}],"curies":[{"name":"wp","href":"https:\/\/api.w.org\/{rel}","templated":true}]}}