{"id":19169,"date":"2020-04-27T21:59:46","date_gmt":"2020-04-27T19:59:46","guid":{"rendered":"https:\/\/orthodoxalbania.org\/2020\/?p=19169"},"modified":"2021-10-13T15:13:25","modified_gmt":"2021-10-13T13:13:25","slug":"rreth-shkelqimit-dhe-ndricimit-hyjnor-te-shpirtit-te-shenjte-shen-simeon-teologu-i-ri","status":"publish","type":"post","link":"https:\/\/orthodoxalbania.org\/2020\/2020\/04\/27\/rreth-shkelqimit-dhe-ndricimit-hyjnor-te-shpirtit-te-shenjte-shen-simeon-teologu-i-ri\/","title":{"rendered":"Rreth shk\u00eblqimit dhe ndri\u00e7imit Hyjnor t\u00eb Shpirtit t\u00eb Sh\u00ebnjt\u00eb \u2013 Sh\u00ebn Simeon Theologu i ri."},"content":{"rendered":"<p style=\"text-align: center;\"><strong>Rreth shk\u00eblqimit dhe ndri\u00e7imit hyjnor t\u00eb Shpirtit t\u00eb Shenjt\u00eb<\/strong><\/p>\n<p>&nbsp;<\/p>\n<p>Nuk di t\u00eb ta shpjegoj, si\u00e7 t\u00eb thash\u00eb,<br \/>\ndhe dua t\u00eb hesht &#8211; ah, sikur t\u00eb mundja! &#8211;<br \/>\npor mrekullia e frikshme ma v\u00eb zemr\u00ebn n\u00eb l\u00ebvizje,<br \/>\nma \u00e7el goj\u00eb e f\u00eblliqur dhe m\u00eb shtyn t\u00eb psal e t\u00eb shkruaj,<br \/>\npa d\u00ebshir\u00ebn time.<\/p>\n<p>Ti, q\u00eb sapo linde n\u00eb err\u00ebsir\u00ebn e thell\u00eb t\u00eb zemr\u00ebs sime,<br \/>\nq\u00eb m\u00eb d\u00ebfteve mrekulli, t\u00eb cilat syri i njeriut nuk i ka par\u00eb kurr\u00eb;<br \/>\nTi, q\u00eb zbrite edhe tek un\u00eb, m\u00eb i padobishmi nd\u00ebr njer\u00ebzit,<br \/>\nq\u00eb m\u00eb b\u00ebre nx\u00ebn\u00ebs dhe bir apostulli,<br \/>\nmua, q\u00eb dragoi i friksh\u00ebm dhe njerivras\u00ebs,<br \/>\ngjer tani m\u00eb kishte b\u00ebr\u00eb pun\u00ebtor dhe sh\u00ebrb\u00ebtor t\u00eb \u00e7do lloj paudh\u00ebsie;<br \/>\nTi, o Diell&#8217; i parajetsh\u00ebm, q\u00eb m\u00eb pas shndrite n\u00eb sk\u00ebterr\u00eb,<br \/>\nm\u00eb ndri\u00e7ove shpirtin e err\u00ebsuar<br \/>\ndhe m\u00eb dhurove dit\u00ebn q\u00eb s&#8217;njeh m\u00eb fund,<br \/>\n&#8211; k\u00ebt\u00eb s&#8217;e besojn\u00eb vet\u00ebm ata q\u00eb un\u00eb i quaj t\u00eb ngath\u00ebt dhe t\u00eb plog\u00ebsht &#8211;<br \/>\nTi, q\u00eb m\u00eb pasurove me \u00e7do t\u00eb mir\u00eb;<br \/>\nTi, pra, dhurom\u00eb arsye, por edhe goj\u00ebtari,<br \/>\nq\u00eb t&#8217;u d\u00ebftej t\u00eb gjith\u00ebve veprat e tua t\u00eb m\u00ebdha<br \/>\ndhe gjith\u00e7ka b\u00ebn sot p\u00ebr ne sh\u00ebrb\u00ebtor\u00ebt e tu,<br \/>\nn\u00eb m\u00ebnyr\u00eb q\u00eb edhe ata q\u00eb baresin n\u00eb err\u00ebsir\u00ebn e moskok\u00eb\u00e7arjes,<br \/>\nq\u00eb thon\u00eb se \u00ebsht\u00eb e pamundur q\u00eb m\u00ebkatar\u00ebt t\u00eb shp\u00ebtojn\u00eb,<br \/>\nt\u00eb gjejn\u00eb m\u00ebshir\u00eb prej teje, ashtu sikurse edhe Pjetri,<br \/>\npor edhe apostujt e tjer\u00eb, shenjtor\u00ebt, osh\u00ebnar\u00ebt dhe t\u00eb drejt\u00ebt.<\/p>\n<p>Dhe t\u00eb m\u00ebsojn\u00eb e t\u00eb besojn\u00eb se p\u00ebr ty kjo gj\u00eb<br \/>\n\u00ebsht\u00eb fare e leht\u00eb; k\u00ebshtu ka qen\u00eb e k\u00ebshtu do t\u00eb jet\u00eb!<br \/>\nT\u00eb gjith\u00eb sa mendojn\u00eb se t\u00eb kan\u00eb pran\u00eb, ty, o Drit\u00eb e bot\u00ebs,<br \/>\npor nj\u00ebher\u00ebsh thon\u00eb se s&#8217;t\u00eb shohin asgj\u00ebkund,<br \/>\nse nuk jetojn\u00eb brenda drit\u00ebs sate, se nuk jan\u00eb t\u00eb ndri\u00e7uar,<br \/>\nse nuk t\u00eb v\u00ebshtrojn\u00eb pa pushim, o Shp\u00ebtimtar,<br \/>\nle ta din\u00eb se ti nuk ua ke ndri\u00e7uar ende mendjet,<br \/>\nas nuk ke banuar n\u00eb zemrat e tyre,<br \/>\ndhe t\u00eb mos g\u00ebzohen m\u00eb kot duke shpresuar n\u00eb tym,<br \/>\ne duke besuar se do ta sodisin drit\u00ebn t\u00ebnde kur t\u00eb vdesin.<\/p>\n<p>Ti, o Shp\u00ebtimtar, na jep t&#8217;i shijojm\u00eb t\u00eb mirat e tua, si kapar,<br \/>\nq\u00eb n\u00eb k\u00ebt\u00eb jet\u00eb; ti i vulos delet, q\u00eb do t\u00eb jen\u00eb n\u00eb djatht\u00eb t\u00ebnde, q\u00eb k\u00ebtu.<br \/>\nN\u00ebse vdekja e cilitdo prej nesh \u00ebsht\u00eb larje hesapesh,<br \/>\nn\u00ebse pas vdekjes nj\u00eblloj reshtin veprat e t\u00eb gjith\u00ebve<br \/>\ne askush nuk mund t\u00eb b\u00ebj\u00eb m\u00eb asgj\u00eb, qoft\u00eb t\u00eb mir\u00eb a t\u00eb keqe,<br \/>\nat\u00ebher\u00eb, me shum\u00eb gjas\u00eb, Shp\u00ebtimtari im, \u00e7dokush do t\u00eb jet\u00eb<br \/>\nashtu si\u00e7 do t\u00eb largohet nga kjo jet\u00eb.<br \/>\nKjo gj\u00eb m\u00eb frik\u00ebson, o Zot; kjo m\u00eb b\u00ebn t\u00eb dridhem,<br \/>\nm&#8217;i paralizon t\u00eb gjitha shqisat;<br \/>\nsepse, ashtu sikurse ai q\u00eb resht s\u00eb jetuari dhe vdes i verb\u00ebr<br \/>\nnuk do ta shoh\u00eb m\u00eb diellin l\u00ebndor,<br \/>\nedhe sikur t\u00eb ngrihet dhe t&#8217;i rikthehet drita e syve,<br \/>\nk\u00ebshtu edhe ai, t\u00eb cilit i \u00ebsht\u00eb verbuar mendja, n\u00ebse vdes,<br \/>\nnuk do t\u00eb t\u00eb shoh\u00eb m\u00eb ty, o Diell jol\u00ebndor, o Per\u00ebndia im,<br \/>\npor nga err\u00ebsira n\u00eb err\u00ebsir\u00eb do t\u00eb vazhdoj\u00eb t\u00eb banoj\u00eb,<br \/>\ndo t\u00eb jet\u00eb i ndar\u00eb nga ti p\u00ebrjet\u00eb.<\/p>\n<p>Asnj\u00eb prej atyre q\u00eb t\u00eb besojn\u00eb, o Zot,<br \/>\nasnj\u00eb prej atyre q\u00eb u pag\u00ebzuan n\u00eb emrin t\u00ebnd,<br \/>\nnuk do t\u00eb jet\u00eb n\u00eb gjendje ta duroj\u00eb dot k\u00ebt\u00eb barr\u00eb t\u00eb r\u00ebnd\u00eb e t\u00eb frikshme,<br \/>\nbarr\u00ebn e ndarjes nga ti, o zem\u00ebrdhembshur;<br \/>\nky hidh\u00ebrim \u00ebsht\u00eb i tmerrsh\u00ebm, i tmerrsh\u00ebm;<br \/>\nnj\u00eb hidh\u00ebrim i paduruesh\u00ebm, i p\u00ebrjetsh\u00ebm.<\/p>\n<p>A mund t\u00eb ket\u00eb, Shp\u00ebtimtari im, ndonj\u00eb gj\u00eb m\u00eb t\u00eb keqe se ndarja nga ti?<br \/>\nCila dhimbje mund t\u00eb jet\u00eb m\u00eb e madhe nga t\u00eb hequrit dor\u00eb nga jeta<br \/>\ndhe t\u00eb jetuarit n\u00eb vazhdim si i vdekur, si i privuar nga jeta,<br \/>\nsi rrjedhim, edhe nga \u00e7do e mir\u00eb tjet\u00ebr?<br \/>\nAi q\u00eb ndahet nga ty privohet nga \u00e7do gj\u00eb e mir\u00eb.<\/p>\n<p>Atje nuk do t\u00eb jet\u00eb si k\u00ebtu n\u00eb tok\u00eb.<br \/>\nAta q\u00eb t\u00eb mohojn\u00eb, &#8220;shijojn\u00eb&#8221; nj\u00eb lloj d\u00ebfrimi trupor n\u00eb k\u00ebt\u00eb jet\u00eb,<br \/>\ndhe kjo i b\u00ebn t\u00eb ngaz\u00ebllehen e t\u00eb d\u00ebfrehen si kafsh\u00eb pa arsye,<br \/>\nduke gjetur k\u00ebnaq\u00ebsi n\u00eb ato q\u00eb na ke dhuruar<br \/>\ndhe, duke par\u00eb vet\u00ebm ato, besojn\u00eb se i till\u00eb<br \/>\ndo t\u00eb jet\u00eb edhe largimi i shpirtit nga trupi,<br \/>\npra largimi nga kjo jet\u00eb.<\/p>\n<p>Por i kan\u00eb b\u00ebr\u00eb llogarit\u00eb gabim dhe nuk mendojn\u00eb drejt<br \/>\nt\u00eb gjith\u00eb ata q\u00eb thon\u00eb se nuk jan\u00eb me ty, q\u00eb e marrin jet\u00ebn me leht\u00ebsi<br \/>\ndhe p\u00ebrgatisin p\u00ebr vete nj\u00eb vend &#8211; t\u00eb mjer\u00ebt! &#8211; ku nuk do t\u00eb ket\u00eb<br \/>\nas drit\u00eb, por nj\u00ebher\u00ebsh edhe as err\u00ebsir\u00eb;<br \/>\nlarg Mbret\u00ebris\u00eb, por edhe larg gehen\u00ebs;<br \/>\njasht\u00eb Nus\u00ebrores, por edhe larg zjarrit t\u00eb drejt\u00ebsis\u00eb;<br \/>\npra, n\u00eb nj\u00eb vend t\u00eb till\u00eb urojn\u00eb t\u00eb p\u00ebrfundojn\u00eb, t\u00eb mjer\u00ebt,<br \/>\ndhe thon\u00eb se nuk u duhet aspak lavdia jote e p\u00ebrjetshme,<br \/>\nas Mbret\u00ebria e qiejve, dhe jetojn\u00eb n\u00eb shkujdesje.<\/p>\n<p>Mjer\u00eb ata! Sa e thell\u00eb \u00ebsht\u00eb err\u00ebsira dhe padituria e tyre!<br \/>\nMjer\u00eb ata! Mundimi dhe shpresat e tyre jan\u00eb t\u00eb kota.<\/p>\n<p>Ajo q\u00eb d\u00ebshirojn\u00eb nuk \u00ebsht\u00eb shkruar kurrkund, as nuk ka p\u00ebr t\u00eb ndodhur,<br \/>\npor ata q\u00eb b\u00ebn\u00eb jet\u00eb hyjnore do t\u00eb jetojn\u00eb n\u00eb drit\u00ebn e t\u00eb mirave,<br \/>\nnd\u00ebrsa ata q\u00eb b\u00ebn\u00eb jet\u00eb t\u00eb shthurur do t\u00eb p\u00ebrfundojn\u00eb n\u00eb err\u00ebsir\u00ebn e nd\u00ebshkimit;<br \/>\ndhe mes tyre do t\u00eb ket\u00eb nj\u00eb hendek t\u00eb madh.<br \/>\nK\u00ebshtu na ke m\u00ebsuar ti q\u00eb i ke rregulluar pun\u00ebt n\u00eb k\u00ebt\u00eb m\u00ebnyr\u00eb.<\/p>\n<p>N\u00ebse dikush bie diku n\u00eb mes, pra n\u00eb humner\u00ebn midis,<br \/>\nat\u00ebher\u00eb kjo \u00ebsht\u00eb m\u00eb e frikshme se \u00e7do tortur\u00eb dhe nd\u00ebshkim;<br \/>\ndo t\u00eb rrokulliset i hidh\u00ebruar dhe do t\u00eb gremiset<br \/>\nn\u00eb humner\u00ebn e ferrit, n\u00eb honit e humbjes;<br \/>\ndhe ata q\u00eb torturohen do ta ken\u00eb t\u00eb v\u00ebshtir\u00eb t&#8217;i mb\u00ebshtesin k\u00ebmb\u00ebt diku<br \/>\ne t\u00eb kalojn\u00eb n\u00eb tok\u00ebn e t\u00eb drejt\u00ebve,<br \/>\npra ata q\u00eb parap\u00eblqejn\u00eb t\u00eb b\u00ebhen hi n\u00eb zjarrin e friksh\u00ebm<br \/>\nose t\u00eb hidhen n\u00eb honin e tmerrsh\u00ebm.<\/p>\n<p>Ata q\u00eb ia urojn\u00eb vetes t\u00eb shkojn\u00eb atje pas vdekjes,<br \/>\njan\u00eb t\u00eb mjer\u00eb dhe p\u00ebr t\u00eb ardhur keq,<br \/>\nsepse, si t\u00eb ishin kafsh\u00eb pa arsye, nuk kan\u00eb asnj\u00eb ndjeshm\u00ebri,<br \/>\nmallkojn\u00eb dhe mashtrojn\u00eb veten.<\/p>\n<p>Por ti, o Krisht, je mbret\u00ebria e qiejve dhe toka e t\u00eb but\u00ebve;<br \/>\nti je parajsa e mbjell\u00eb dhe nus\u00ebroja e hyjshme;<br \/>\nti je dhoma e fsheht\u00eb, tryeza e p\u00ebrbashk\u00ebt;<br \/>\nti je buka e jet\u00ebs dhe uji tep\u00ebr i fresk\u00ebt;<br \/>\nti je shtamba e ujit dhe vet\u00eb uji i jet\u00ebs;<br \/>\nti je llambadhja e pashuar e \u00e7do shenjtori;<br \/>\nti je tunika dhe kurora, por edhe ai q\u00eb dhuron kurorat;<br \/>\nti je g\u00ebzimi, prehja, d\u00ebfrimi dhe lavdia;<br \/>\nti je hareja dhe ngaz\u00ebllimi.<\/p>\n<p>Hiri yt do t\u00eb shndris\u00eb si diell, Per\u00ebndia im,<br \/>\nhiri i Shpirtit t\u00ebnd t\u00eb T\u00ebr\u00ebshenjt\u00eb do t\u00eb shk\u00eblqej\u00eb mbi \u00e7do shenjtor<br \/>\ndhe ti, o Diell i pakapsh\u00ebm, do t\u00eb shk\u00eblqesh mes tyre;<br \/>\n\u00e7do gj\u00eb do t\u00eb shk\u00eblqej\u00eb n\u00eb var\u00ebsi t\u00eb besimit,<br \/>\nveprave, shpres\u00ebs dhe dashuris\u00eb;<br \/>\nn\u00eb var\u00ebsi t\u00eb pastrimit dhe ndri\u00e7imit t\u00eb Shpirtit t\u00ebnd t\u00eb Shenjt\u00eb,<br \/>\no Per\u00ebndi, i vetmi m\u00ebshir\u00ebplot\u00eb dhe gjykat\u00ebs i gjith\u00ebve.<\/p>\n<p>&nbsp;<\/p>\n<p style=\"text-align: right;\"><strong>Sh\u00ebn Simeon Teologu i Ri<\/strong><\/p>\n<p style=\"text-align: right;\">Shk\u00ebputur nga:<br \/>\n\u03a6\u03b9\u03bb\u03bf\u03ba\u03b1\u03bb\u03af\u03b1 \u03c4\u03c9\u03bd \u039d\u03b7\u03c0\u03c4\u03b9\u03ba\u03ce\u03bd<br \/>\n\u03ba\u03b1\u03b9 \u0391\u03c3\u03ba\u03b7\u03c4\u03b9\u03ba\u03ce\u03bd<br \/>\n19 \u0395, fq. 53-61.<br \/>\nShqip: Stefan Zhupa<\/p>\n<p>&nbsp;<\/p>\n","protected":false},"excerpt":{"rendered":"<p>Rreth shk\u00eblqimit dhe ndri\u00e7imit hyjnor t\u00eb Shpirtit t\u00eb Shenjt\u00eb &nbsp; Nuk di t\u00eb ta shpjegoj, si\u00e7 t\u00eb thash\u00eb, dhe dua t\u00eb hesht &#8211; ah, sikur t\u00eb mundja! &#8211; por mrekullia e frikshme ma v\u00eb zemr\u00ebn n\u00eb l\u00ebvizje, ma \u00e7el goj\u00eb e f\u00eblliqur dhe m\u00eb shtyn t\u00eb psal e t\u00eb shkruaj, pa d\u00ebshir\u00ebn time. Ti, q\u00eb sapo linde n\u00eb err\u00ebsir\u00ebn e thell\u00eb t\u00eb zemr\u00ebs sime, q\u00eb<\/p>\n","protected":false},"author":9,"featured_media":0,"comment_status":"closed","ping_status":"closed","sticky":false,"template":"","format":"standard","meta":{"_acf_changed":false,"pagelayer_contact_templates":[],"_pagelayer_content":"","inline_featured_image":false,"fifu_image_url":"","fifu_image_alt":"","footnotes":""},"categories":[2028],"tags":[2091,2089,608,2093,2087,612,2085],"class_list":["post-19169","post","type-post","status-publish","format-standard","hentry","category-tekste-shpirterore","tag-filokalia","tag-himn","tag-kendveshtrimi-orthodhoks","tag-ndricimi-hyjnor","tag-shen-simeon-teologu-i-ri","tag-shpirterore-te-ndryshme","tag-shpirti-i-shenjte"],"acf":[],"yoast_head":"<!-- This site is optimized with the Yoast SEO plugin v27.2 - https:\/\/yoast.com\/product\/yoast-seo-wordpress\/ -->\n<title>Rreth shk\u00eblqimit dhe ndri\u00e7imit Hyjnor t\u00eb Shpirtit t\u00eb Sh\u00ebnjt\u00eb \u2013 Sh\u00ebn Simeon Theologu i ri. - Kisha Orthodh\u03bfkse Autoqefale e Shqip\u00ebris\u00eb<\/title>\n<meta name=\"robots\" content=\"index, follow, max-snippet:-1, max-image-preview:large, max-video-preview:-1\" \/>\n<link rel=\"canonical\" href=\"https:\/\/orthodoxalbania.org\/2020\/2020\/04\/27\/rreth-shkelqimit-dhe-ndricimit-hyjnor-te-shpirtit-te-shenjte-shen-simeon-teologu-i-ri\/\" \/>\n<meta property=\"og:locale\" content=\"en_US\" \/>\n<meta property=\"og:type\" content=\"article\" \/>\n<meta property=\"og:title\" content=\"Rreth shk\u00eblqimit dhe ndri\u00e7imit Hyjnor t\u00eb Shpirtit t\u00eb Sh\u00ebnjt\u00eb \u2013 Sh\u00ebn Simeon Theologu i ri. - Kisha Orthodh\u03bfkse Autoqefale e Shqip\u00ebris\u00eb\" \/>\n<meta property=\"og:description\" content=\"Rreth shk\u00eblqimit dhe ndri\u00e7imit hyjnor t\u00eb Shpirtit t\u00eb Shenjt\u00eb &nbsp; Nuk di t\u00eb ta shpjegoj, si\u00e7 t\u00eb thash\u00eb, dhe dua t\u00eb hesht &#8211; ah, sikur t\u00eb mundja! &#8211; por mrekullia e frikshme ma v\u00eb zemr\u00ebn n\u00eb l\u00ebvizje, ma \u00e7el goj\u00eb e f\u00eblliqur dhe m\u00eb shtyn t\u00eb psal e t\u00eb shkruaj, pa d\u00ebshir\u00ebn time. Ti, q\u00eb sapo linde n\u00eb err\u00ebsir\u00ebn e thell\u00eb t\u00eb zemr\u00ebs sime, q\u00eb\" \/>\n<meta property=\"og:url\" content=\"https:\/\/orthodoxalbania.org\/2020\/2020\/04\/27\/rreth-shkelqimit-dhe-ndricimit-hyjnor-te-shpirtit-te-shenjte-shen-simeon-teologu-i-ri\/\" \/>\n<meta property=\"og:site_name\" content=\"Kisha Orthodh\u03bfkse Autoqefale e Shqip\u00ebris\u00eb\" \/>\n<meta property=\"article:publisher\" content=\"https:\/\/www.facebook.com\/koash1991\" \/>\n<meta property=\"article:published_time\" content=\"2020-04-27T19:59:46+00:00\" \/>\n<meta property=\"article:modified_time\" content=\"2021-10-13T13:13:25+00:00\" \/>\n<meta property=\"og:image\" content=\"https:\/\/orthodoxalbania.org\/2020\/wp-content\/uploads\/2021\/02\/LogoLastALb-200.png\" \/>\n\t<meta property=\"og:image:width\" content=\"200\" \/>\n\t<meta property=\"og:image:height\" content=\"172\" \/>\n\t<meta property=\"og:image:type\" content=\"image\/png\" \/>\n<meta name=\"author\" content=\"Kisha Orthodhokse\" \/>\n<meta name=\"twitter:card\" content=\"summary_large_image\" \/>\n<meta name=\"twitter:label1\" content=\"Written by\" \/>\n\t<meta name=\"twitter:data1\" content=\"Kisha Orthodhokse\" \/>\n\t<meta name=\"twitter:label2\" content=\"Est. reading time\" \/>\n\t<meta name=\"twitter:data2\" content=\"7 minutes\" \/>\n<script type=\"application\/ld+json\" class=\"yoast-schema-graph\">{\"@context\":\"https:\/\/schema.org\",\"@graph\":[{\"@type\":\"Article\",\"@id\":\"https:\/\/orthodoxalbania.org\/2020\/2020\/04\/27\/rreth-shkelqimit-dhe-ndricimit-hyjnor-te-shpirtit-te-shenjte-shen-simeon-teologu-i-ri\/#article\",\"isPartOf\":{\"@id\":\"https:\/\/orthodoxalbania.org\/2020\/2020\/04\/27\/rreth-shkelqimit-dhe-ndricimit-hyjnor-te-shpirtit-te-shenjte-shen-simeon-teologu-i-ri\/\"},\"author\":{\"name\":\"Kisha Orthodhokse\",\"@id\":\"https:\/\/orthodoxalbania.org\/2020\/#\/schema\/person\/1eee49dc926bff50912999a72320bba8\"},\"headline\":\"Rreth shk\u00eblqimit dhe ndri\u00e7imit Hyjnor t\u00eb Shpirtit t\u00eb Sh\u00ebnjt\u00eb \u2013 Sh\u00ebn Simeon Theologu i ri.\",\"datePublished\":\"2020-04-27T19:59:46+00:00\",\"dateModified\":\"2021-10-13T13:13:25+00:00\",\"mainEntityOfPage\":{\"@id\":\"https:\/\/orthodoxalbania.org\/2020\/2020\/04\/27\/rreth-shkelqimit-dhe-ndricimit-hyjnor-te-shpirtit-te-shenjte-shen-simeon-teologu-i-ri\/\"},\"wordCount\":1343,\"publisher\":{\"@id\":\"https:\/\/orthodoxalbania.org\/2020\/#organization\"},\"keywords\":[\"Filokalia\",\"Himn\",\"K\u00ebndv\u00ebshtrimi Orthodhoks\",\"ndri\u00e7imi hyjnor\",\"Sh\u00ebn Simeon Teologu i Ri\",\"Shpirterore t\u00eb ndryshme\",\"Shpirti i Shenjt\u00eb\"],\"articleSection\":[\"Shkrime Teologjike-Liturgjike\"],\"inLanguage\":\"en-US\"},{\"@type\":\"WebPage\",\"@id\":\"https:\/\/orthodoxalbania.org\/2020\/2020\/04\/27\/rreth-shkelqimit-dhe-ndricimit-hyjnor-te-shpirtit-te-shenjte-shen-simeon-teologu-i-ri\/\",\"url\":\"https:\/\/orthodoxalbania.org\/2020\/2020\/04\/27\/rreth-shkelqimit-dhe-ndricimit-hyjnor-te-shpirtit-te-shenjte-shen-simeon-teologu-i-ri\/\",\"name\":\"Rreth shk\u00eblqimit dhe ndri\u00e7imit Hyjnor t\u00eb Shpirtit t\u00eb Sh\u00ebnjt\u00eb \u2013 Sh\u00ebn Simeon Theologu i ri. - Kisha Orthodh\u03bfkse Autoqefale e Shqip\u00ebris\u00eb\",\"isPartOf\":{\"@id\":\"https:\/\/orthodoxalbania.org\/2020\/#website\"},\"datePublished\":\"2020-04-27T19:59:46+00:00\",\"dateModified\":\"2021-10-13T13:13:25+00:00\",\"breadcrumb\":{\"@id\":\"https:\/\/orthodoxalbania.org\/2020\/2020\/04\/27\/rreth-shkelqimit-dhe-ndricimit-hyjnor-te-shpirtit-te-shenjte-shen-simeon-teologu-i-ri\/#breadcrumb\"},\"inLanguage\":\"en-US\",\"potentialAction\":[{\"@type\":\"ReadAction\",\"target\":[\"https:\/\/orthodoxalbania.org\/2020\/2020\/04\/27\/rreth-shkelqimit-dhe-ndricimit-hyjnor-te-shpirtit-te-shenjte-shen-simeon-teologu-i-ri\/\"]}]},{\"@type\":\"BreadcrumbList\",\"@id\":\"https:\/\/orthodoxalbania.org\/2020\/2020\/04\/27\/rreth-shkelqimit-dhe-ndricimit-hyjnor-te-shpirtit-te-shenjte-shen-simeon-teologu-i-ri\/#breadcrumb\",\"itemListElement\":[{\"@type\":\"ListItem\",\"position\":1,\"name\":\"Home\",\"item\":\"https:\/\/orthodoxalbania.org\/2020\/\"},{\"@type\":\"ListItem\",\"position\":2,\"name\":\"Rreth shk\u00eblqimit dhe ndri\u00e7imit Hyjnor t\u00eb Shpirtit t\u00eb Sh\u00ebnjt\u00eb \u2013 Sh\u00ebn Simeon Theologu i ri.\"}]},{\"@type\":\"WebSite\",\"@id\":\"https:\/\/orthodoxalbania.org\/2020\/#website\",\"url\":\"https:\/\/orthodoxalbania.org\/2020\/\",\"name\":\"Kisha Orthodh\u03bfkse Autoqefale e Shqip\u00ebris\u00eb\",\"description\":\"Fqja Zyrtare e Kish\u00ebs Orthodhokse Autoqefale e Shqip\u00ebris\u00eb me lajmet edhe informacionet zyrtare p\u00ebr struktur\u00ebn edhe veprimtarin e saj.\",\"publisher\":{\"@id\":\"https:\/\/orthodoxalbania.org\/2020\/#organization\"},\"potentialAction\":[{\"@type\":\"SearchAction\",\"target\":{\"@type\":\"EntryPoint\",\"urlTemplate\":\"https:\/\/orthodoxalbania.org\/2020\/?s={search_term_string}\"},\"query-input\":{\"@type\":\"PropertyValueSpecification\",\"valueRequired\":true,\"valueName\":\"search_term_string\"}}],\"inLanguage\":\"en-US\"},{\"@type\":\"Organization\",\"@id\":\"https:\/\/orthodoxalbania.org\/2020\/#organization\",\"name\":\"Kisha Orthodhokse Autoqefale e Shqip\u00ebris\u00eb\",\"url\":\"https:\/\/orthodoxalbania.org\/2020\/\",\"logo\":{\"@type\":\"ImageObject\",\"inLanguage\":\"en-US\",\"@id\":\"https:\/\/orthodoxalbania.org\/2020\/#\/schema\/logo\/image\/\",\"url\":\"https:\/\/orthodoxalbania.org\/2020\/wp-content\/uploads\/2020\/05\/albania.jpeg\",\"contentUrl\":\"https:\/\/orthodoxalbania.org\/2020\/wp-content\/uploads\/2020\/05\/albania.jpeg\",\"width\":540,\"height\":540,\"caption\":\"Kisha Orthodhokse Autoqefale e Shqip\u00ebris\u00eb\"},\"image\":{\"@id\":\"https:\/\/orthodoxalbania.org\/2020\/#\/schema\/logo\/image\/\"},\"sameAs\":[\"https:\/\/www.facebook.com\/koash1991\"]},{\"@type\":\"Person\",\"@id\":\"https:\/\/orthodoxalbania.org\/2020\/#\/schema\/person\/1eee49dc926bff50912999a72320bba8\",\"name\":\"Kisha Orthodhokse\",\"image\":{\"@type\":\"ImageObject\",\"inLanguage\":\"en-US\",\"@id\":\"https:\/\/secure.gravatar.com\/avatar\/697ea1851892f2fdf6dedacb8ca58254fe079793713d4ed6e2fe122ad2c10685?s=96&d=mm&r=g\",\"url\":\"https:\/\/secure.gravatar.com\/avatar\/697ea1851892f2fdf6dedacb8ca58254fe079793713d4ed6e2fe122ad2c10685?s=96&d=mm&r=g\",\"contentUrl\":\"https:\/\/secure.gravatar.com\/avatar\/697ea1851892f2fdf6dedacb8ca58254fe079793713d4ed6e2fe122ad2c10685?s=96&d=mm&r=g\",\"caption\":\"Kisha Orthodhokse\"}}]}<\/script>\n<!-- \/ Yoast SEO plugin. -->","yoast_head_json":{"title":"Rreth shk\u00eblqimit dhe ndri\u00e7imit Hyjnor t\u00eb Shpirtit t\u00eb Sh\u00ebnjt\u00eb \u2013 Sh\u00ebn Simeon Theologu i ri. - Kisha Orthodh\u03bfkse Autoqefale e Shqip\u00ebris\u00eb","robots":{"index":"index","follow":"follow","max-snippet":"max-snippet:-1","max-image-preview":"max-image-preview:large","max-video-preview":"max-video-preview:-1"},"canonical":"https:\/\/orthodoxalbania.org\/2020\/2020\/04\/27\/rreth-shkelqimit-dhe-ndricimit-hyjnor-te-shpirtit-te-shenjte-shen-simeon-teologu-i-ri\/","og_locale":"en_US","og_type":"article","og_title":"Rreth shk\u00eblqimit dhe ndri\u00e7imit Hyjnor t\u00eb Shpirtit t\u00eb Sh\u00ebnjt\u00eb \u2013 Sh\u00ebn Simeon Theologu i ri. - Kisha Orthodh\u03bfkse Autoqefale e Shqip\u00ebris\u00eb","og_description":"Rreth shk\u00eblqimit dhe ndri\u00e7imit hyjnor t\u00eb Shpirtit t\u00eb Shenjt\u00eb &nbsp; Nuk di t\u00eb ta shpjegoj, si\u00e7 t\u00eb thash\u00eb, dhe dua t\u00eb hesht &#8211; ah, sikur t\u00eb mundja! &#8211; por mrekullia e frikshme ma v\u00eb zemr\u00ebn n\u00eb l\u00ebvizje, ma \u00e7el goj\u00eb e f\u00eblliqur dhe m\u00eb shtyn t\u00eb psal e t\u00eb shkruaj, pa d\u00ebshir\u00ebn time. Ti, q\u00eb sapo linde n\u00eb err\u00ebsir\u00ebn e thell\u00eb t\u00eb zemr\u00ebs sime, q\u00eb","og_url":"https:\/\/orthodoxalbania.org\/2020\/2020\/04\/27\/rreth-shkelqimit-dhe-ndricimit-hyjnor-te-shpirtit-te-shenjte-shen-simeon-teologu-i-ri\/","og_site_name":"Kisha Orthodh\u03bfkse Autoqefale e Shqip\u00ebris\u00eb","article_publisher":"https:\/\/www.facebook.com\/koash1991","article_published_time":"2020-04-27T19:59:46+00:00","article_modified_time":"2021-10-13T13:13:25+00:00","og_image":[{"width":200,"height":172,"url":"https:\/\/orthodoxalbania.org\/2020\/wp-content\/uploads\/2021\/02\/LogoLastALb-200.png","type":"image\/png"}],"author":"Kisha Orthodhokse","twitter_card":"summary_large_image","twitter_misc":{"Written by":"Kisha Orthodhokse","Est. reading time":"7 minutes"},"schema":{"@context":"https:\/\/schema.org","@graph":[{"@type":"Article","@id":"https:\/\/orthodoxalbania.org\/2020\/2020\/04\/27\/rreth-shkelqimit-dhe-ndricimit-hyjnor-te-shpirtit-te-shenjte-shen-simeon-teologu-i-ri\/#article","isPartOf":{"@id":"https:\/\/orthodoxalbania.org\/2020\/2020\/04\/27\/rreth-shkelqimit-dhe-ndricimit-hyjnor-te-shpirtit-te-shenjte-shen-simeon-teologu-i-ri\/"},"author":{"name":"Kisha Orthodhokse","@id":"https:\/\/orthodoxalbania.org\/2020\/#\/schema\/person\/1eee49dc926bff50912999a72320bba8"},"headline":"Rreth shk\u00eblqimit dhe ndri\u00e7imit Hyjnor t\u00eb Shpirtit t\u00eb Sh\u00ebnjt\u00eb \u2013 Sh\u00ebn Simeon Theologu i ri.","datePublished":"2020-04-27T19:59:46+00:00","dateModified":"2021-10-13T13:13:25+00:00","mainEntityOfPage":{"@id":"https:\/\/orthodoxalbania.org\/2020\/2020\/04\/27\/rreth-shkelqimit-dhe-ndricimit-hyjnor-te-shpirtit-te-shenjte-shen-simeon-teologu-i-ri\/"},"wordCount":1343,"publisher":{"@id":"https:\/\/orthodoxalbania.org\/2020\/#organization"},"keywords":["Filokalia","Himn","K\u00ebndv\u00ebshtrimi Orthodhoks","ndri\u00e7imi hyjnor","Sh\u00ebn Simeon Teologu i Ri","Shpirterore t\u00eb ndryshme","Shpirti i Shenjt\u00eb"],"articleSection":["Shkrime Teologjike-Liturgjike"],"inLanguage":"en-US"},{"@type":"WebPage","@id":"https:\/\/orthodoxalbania.org\/2020\/2020\/04\/27\/rreth-shkelqimit-dhe-ndricimit-hyjnor-te-shpirtit-te-shenjte-shen-simeon-teologu-i-ri\/","url":"https:\/\/orthodoxalbania.org\/2020\/2020\/04\/27\/rreth-shkelqimit-dhe-ndricimit-hyjnor-te-shpirtit-te-shenjte-shen-simeon-teologu-i-ri\/","name":"Rreth shk\u00eblqimit dhe ndri\u00e7imit Hyjnor t\u00eb Shpirtit t\u00eb Sh\u00ebnjt\u00eb \u2013 Sh\u00ebn Simeon Theologu i ri. - Kisha Orthodh\u03bfkse Autoqefale e Shqip\u00ebris\u00eb","isPartOf":{"@id":"https:\/\/orthodoxalbania.org\/2020\/#website"},"datePublished":"2020-04-27T19:59:46+00:00","dateModified":"2021-10-13T13:13:25+00:00","breadcrumb":{"@id":"https:\/\/orthodoxalbania.org\/2020\/2020\/04\/27\/rreth-shkelqimit-dhe-ndricimit-hyjnor-te-shpirtit-te-shenjte-shen-simeon-teologu-i-ri\/#breadcrumb"},"inLanguage":"en-US","potentialAction":[{"@type":"ReadAction","target":["https:\/\/orthodoxalbania.org\/2020\/2020\/04\/27\/rreth-shkelqimit-dhe-ndricimit-hyjnor-te-shpirtit-te-shenjte-shen-simeon-teologu-i-ri\/"]}]},{"@type":"BreadcrumbList","@id":"https:\/\/orthodoxalbania.org\/2020\/2020\/04\/27\/rreth-shkelqimit-dhe-ndricimit-hyjnor-te-shpirtit-te-shenjte-shen-simeon-teologu-i-ri\/#breadcrumb","itemListElement":[{"@type":"ListItem","position":1,"name":"Home","item":"https:\/\/orthodoxalbania.org\/2020\/"},{"@type":"ListItem","position":2,"name":"Rreth shk\u00eblqimit dhe ndri\u00e7imit Hyjnor t\u00eb Shpirtit t\u00eb Sh\u00ebnjt\u00eb \u2013 Sh\u00ebn Simeon Theologu i ri."}]},{"@type":"WebSite","@id":"https:\/\/orthodoxalbania.org\/2020\/#website","url":"https:\/\/orthodoxalbania.org\/2020\/","name":"Kisha Orthodh\u03bfkse Autoqefale e Shqip\u00ebris\u00eb","description":"Fqja Zyrtare e Kish\u00ebs Orthodhokse Autoqefale e Shqip\u00ebris\u00eb me lajmet edhe informacionet zyrtare p\u00ebr struktur\u00ebn edhe veprimtarin e saj.","publisher":{"@id":"https:\/\/orthodoxalbania.org\/2020\/#organization"},"potentialAction":[{"@type":"SearchAction","target":{"@type":"EntryPoint","urlTemplate":"https:\/\/orthodoxalbania.org\/2020\/?s={search_term_string}"},"query-input":{"@type":"PropertyValueSpecification","valueRequired":true,"valueName":"search_term_string"}}],"inLanguage":"en-US"},{"@type":"Organization","@id":"https:\/\/orthodoxalbania.org\/2020\/#organization","name":"Kisha Orthodhokse Autoqefale e Shqip\u00ebris\u00eb","url":"https:\/\/orthodoxalbania.org\/2020\/","logo":{"@type":"ImageObject","inLanguage":"en-US","@id":"https:\/\/orthodoxalbania.org\/2020\/#\/schema\/logo\/image\/","url":"https:\/\/orthodoxalbania.org\/2020\/wp-content\/uploads\/2020\/05\/albania.jpeg","contentUrl":"https:\/\/orthodoxalbania.org\/2020\/wp-content\/uploads\/2020\/05\/albania.jpeg","width":540,"height":540,"caption":"Kisha Orthodhokse Autoqefale e Shqip\u00ebris\u00eb"},"image":{"@id":"https:\/\/orthodoxalbania.org\/2020\/#\/schema\/logo\/image\/"},"sameAs":["https:\/\/www.facebook.com\/koash1991"]},{"@type":"Person","@id":"https:\/\/orthodoxalbania.org\/2020\/#\/schema\/person\/1eee49dc926bff50912999a72320bba8","name":"Kisha Orthodhokse","image":{"@type":"ImageObject","inLanguage":"en-US","@id":"https:\/\/secure.gravatar.com\/avatar\/697ea1851892f2fdf6dedacb8ca58254fe079793713d4ed6e2fe122ad2c10685?s=96&d=mm&r=g","url":"https:\/\/secure.gravatar.com\/avatar\/697ea1851892f2fdf6dedacb8ca58254fe079793713d4ed6e2fe122ad2c10685?s=96&d=mm&r=g","contentUrl":"https:\/\/secure.gravatar.com\/avatar\/697ea1851892f2fdf6dedacb8ca58254fe079793713d4ed6e2fe122ad2c10685?s=96&d=mm&r=g","caption":"Kisha Orthodhokse"}}]}},"_links":{"self":[{"href":"https:\/\/orthodoxalbania.org\/2020\/wp-json\/wp\/v2\/posts\/19169","targetHints":{"allow":["GET"]}}],"collection":[{"href":"https:\/\/orthodoxalbania.org\/2020\/wp-json\/wp\/v2\/posts"}],"about":[{"href":"https:\/\/orthodoxalbania.org\/2020\/wp-json\/wp\/v2\/types\/post"}],"author":[{"embeddable":true,"href":"https:\/\/orthodoxalbania.org\/2020\/wp-json\/wp\/v2\/users\/9"}],"replies":[{"embeddable":true,"href":"https:\/\/orthodoxalbania.org\/2020\/wp-json\/wp\/v2\/comments?post=19169"}],"version-history":[{"count":6,"href":"https:\/\/orthodoxalbania.org\/2020\/wp-json\/wp\/v2\/posts\/19169\/revisions"}],"predecessor-version":[{"id":55609,"href":"https:\/\/orthodoxalbania.org\/2020\/wp-json\/wp\/v2\/posts\/19169\/revisions\/55609"}],"wp:attachment":[{"href":"https:\/\/orthodoxalbania.org\/2020\/wp-json\/wp\/v2\/media?parent=19169"}],"wp:term":[{"taxonomy":"category","embeddable":true,"href":"https:\/\/orthodoxalbania.org\/2020\/wp-json\/wp\/v2\/categories?post=19169"},{"taxonomy":"post_tag","embeddable":true,"href":"https:\/\/orthodoxalbania.org\/2020\/wp-json\/wp\/v2\/tags?post=19169"}],"curies":[{"name":"wp","href":"https:\/\/api.w.org\/{rel}","templated":true}]}}