{"id":191,"date":"2008-02-26T00:00:00","date_gmt":"2008-02-26T00:00:00","guid":{"rendered":""},"modified":"2020-04-06T22:35:30","modified_gmt":"2020-04-06T20:35:30","slug":"personalitet-me-te-larta-te-vendit-urojne-besimtaret-e-krishtere-orthodhokse-prill-2008","status":"publish","type":"post","link":"https:\/\/orthodoxalbania.org\/2020\/2008\/02\/26\/personalitet-me-te-larta-te-vendit-urojne-besimtaret-e-krishtere-orthodhokse-prill-2008\/","title":{"rendered":"Personalitet me t\u00eb larta t\u00eb vendit urojn\u00eb besimtar\u00ebt e krishter\u00eb orthodhoks\u00eb. (Prill 2008)"},"content":{"rendered":"<table id=\"AutoNumber4\" style=\"width: 762px; height: 2377px;\" border=\"0\">\n<tbody>\n<tr>\n<td>\n<div style=\"text-align: justify;\"><span style=\"color: #000000; font-family: helvetica; font-size: 12pt;\">&nbsp;&nbsp;&nbsp; T\u00eb diel\u00ebn e Pashk\u00ebs, 27 prill, n\u00eb Kryepiskopat\u00ebn e Shenjt\u00eb, Fortlumturia e Tij Anastasi, s\u00eb bashku me episkop\u00ebt ndihm\u00ebs, Nikoll\u00ebn e Apollonis\u00eb dhe Andonin e Kruj\u00ebs etj., prit\u00ebn urimet me rastin e t\u00eb kremtes s\u00eb besimtar\u00ebve orthodhoks\u00eb.<\/span><\/div>\n<\/td>\n<td>\n<div><span style=\"color: #000000; font-family: helvetica; font-size: 12pt;\"><img decoding=\"async\" class=\"lazyload HAa Eha\" style=\"border-width: 1px; border-style: solid; margin: 10px auto; display: block;\" alt=\"\" src=\"data:image\/svg+xml,%3Csvg%20xmlns%3D%27http%3A%2F%2Fwww.w3.org%2F2000%2Fsvg%27%20width%3D%27329%27%20height%3D%27199%27%20viewBox%3D%270%200%20329%20199%27%3E%3Crect%20width%3D%27329%27%20height%3D%27199%27%20fill-opacity%3D%220%22%2F%3E%3C%2Fsvg%3E\" data-orig-src=\"https:\/\/lh4.googleusercontent.com\/-X1MG2nDko9w\/VI67rZ15TkI\/AAAAAAAAHnI\/AnqBZtrGxbo\/w400-h242-no\/pritja%2B1.jpg\" height=\"199\" width=\"329\" \/><\/span><\/div>\n<\/td>\n<\/tr>\n<tr>\n<td>\n<div><span style=\"color: #000000; font-family: helvetica; font-size: 12pt;\"><img decoding=\"async\" class=\"lazyload HAa Eha\" style=\"border-width: 1px; border-style: solid; margin: 10px auto; display: block;\" alt=\"\" src=\"data:image\/svg+xml,%3Csvg%20xmlns%3D%27http%3A%2F%2Fwww.w3.org%2F2000%2Fsvg%27%20width%3D%27331%27%20height%3D%27248%27%20viewBox%3D%270%200%20331%20248%27%3E%3Crect%20width%3D%27331%27%20height%3D%27248%27%20fill-opacity%3D%220%22%2F%3E%3C%2Fsvg%3E\" data-orig-src=\"https:\/\/lh3.googleusercontent.com\/-D0-eTMy7r24\/VI67pZhtfnI\/AAAAAAAAHng\/g2ZzpBgSV4E\/w400-h300-no\/Pritja%2B2.jpg\" height=\"248\" width=\"331\" \/><\/span><\/div>\n<\/td>\n<td>\n<div style=\"text-align: justify;\"><span style=\"color: #000000; font-family: helvetica; font-size: 12pt;\">&nbsp;&nbsp; Me k\u00ebt\u00eb rast erdh\u00ebn p\u00ebrfaq\u00ebsues t\u00eb komuniteteve fetare, si Haxhi Selim Mu\u00e7a, kryetar i Komunitetit Mysliman Suni, Haxhi Dede Reshat Bardhi, kryetar i Komunitetit Mysliman Bektashi, Mons. Georg Frendo p\u00ebr&nbsp; Komunitetin Romano-Katolik, Haxhi Ali Pazarit kryetar i Komunitetit Mysliman Alevian etj.<\/span><\/div>\n<\/td>\n<\/tr>\n<tr>\n<td>\n<div style=\"text-align: justify;\"><span style=\"color: #000000; font-family: helvetica; font-size: 12pt;\">&nbsp;&nbsp;&nbsp; Gjithashtu erdh\u00ebn p\u00ebr t\u00eb uruar politikan\u00eb, diplomat\u00eb, intelektual\u00eb t\u00eb njohur, besimtar\u00eb etj.<\/span><\/div>\n<div style=\"text-align: justify;\"><span style=\"font-family: helvetica; font-size: 12pt;\"><\/span><\/div>\n<\/td>\n<td>\n<div><span style=\"color: #000000; font-family: helvetica; font-size: 12pt;\"><img decoding=\"async\" class=\"lazyload HAa Eha\" style=\"border-width: 1px; border-style: solid; margin: 10px auto; display: block;\" alt=\"\" src=\"data:image\/svg+xml,%3Csvg%20xmlns%3D%27http%3A%2F%2Fwww.w3.org%2F2000%2Fsvg%27%20width%3D%27305%27%20height%3D%27229%27%20viewBox%3D%270%200%20305%20229%27%3E%3Crect%20width%3D%27305%27%20height%3D%27229%27%20fill-opacity%3D%220%22%2F%3E%3C%2Fsvg%3E\" data-orig-src=\"https:\/\/lh4.googleusercontent.com\/-jzF-1WAFfDk\/VI67pV7i_VI\/AAAAAAAAHmw\/8R2AszsgwAo\/w400-h300-no\/Pritja%2B3.jpg\" height=\"229\" width=\"305\" \/><\/span><\/div>\n<\/td>\n<\/tr>\n<tr>\n<td>\n<div><span style=\"color: #000000; font-family: helvetica; font-size: 12pt;\"><img decoding=\"async\" class=\"lazyload HAa Eha\" style=\"border-width: 1px; border-style: solid; margin: 10px auto; display: block;\" alt=\"\" src=\"data:image\/svg+xml,%3Csvg%20xmlns%3D%27http%3A%2F%2Fwww.w3.org%2F2000%2Fsvg%27%20width%3D%27328%27%20height%3D%27246%27%20viewBox%3D%270%200%20328%20246%27%3E%3Crect%20width%3D%27328%27%20height%3D%27246%27%20fill-opacity%3D%220%22%2F%3E%3C%2Fsvg%3E\" data-orig-src=\"https:\/\/lh4.googleusercontent.com\/-q_H159ZTmqM\/VI67pavqx2I\/AAAAAAAAHmk\/IevOLAmG0qE\/w400-h300-no\/Pritja%2B4.jpg\" height=\"246\" width=\"328\" \/><\/span><\/div>\n<\/td>\n<td>\n<div style=\"text-align: justify;\"><span style=\"color: #000000; font-family: helvetica; font-size: 12pt;\">&nbsp;&nbsp;&nbsp; Gjithashtu erdhi edhe Presidenti i Republik\u00ebs, z. Bamir Topi, me bashk\u00ebshorten dhe p\u00ebrfaq\u00ebsues t\u00eb Presidenc\u00ebs. Presidenti i shprehu Kryepiskopit Anastas dhe mbar\u00eb besimtar\u00ebve orthodhoks\u00eb shqiptar\u00eb, kudo q\u00eb ndodhen, urimet m\u00eb t\u00eb ngrohta e t\u00eb p\u00ebrzem\u00ebrta n\u00eb dit\u00ebn e festimit t\u00eb Pashk\u00ebve orthodhokse.<\/span><\/div>\n<\/td>\n<\/tr>\n<tr>\n<td>\n<div style=\"text-align: justify;\"><span style=\"color: #000000; font-family: helvetica; font-size: 12pt;\">&nbsp;&nbsp;&nbsp; Nd\u00ebrsa para mediave t\u00eb pranishme n\u00eb pritje ai deklaroi: \u201c\u00cbsht\u00eb nj\u00eb dit\u00eb e sh\u00ebnuar n\u00eb radh\u00eb t\u00eb par\u00eb p\u00ebr besimtar\u00ebt orthodhoks\u00eb, t\u00eb cil\u00ebve u uroj \u201cG\u00ebzuar Pashk\u00ebt\u201d, por \u00ebsht\u00eb fest\u00eb p\u00ebr t\u00eb gjith\u00eb shqiptar\u00ebt, q\u00eb din\u00eb t\u2019i g\u00ebzojn\u00eb shum\u00eb bukur festat e nj\u00ebri-tjetrit. Besoj se \u00ebsht\u00eb dit\u00eb, kur t\u00eb gjith\u00eb duhet t\u00eb inspirohemi p\u00ebr t\u00eb rikthyer vlerat e v\u00ebrteta shpirt\u00ebrore t\u00eb shoq\u00ebris\u00eb shqiptare, duhet t\u2019i konsolidojm\u00eb ato dhe t\u00eb shohim p\u00ebrpara.<\/span><\/div>\n<\/td>\n<td>\n<div><span style=\"color: #000000; font-family: helvetica; font-size: 12pt;\"><img decoding=\"async\" class=\"lazyload HAa Eha\" style=\"border-width: 1px; border-style: solid; margin: 10px auto; display: block;\" alt=\"\" src=\"data:image\/svg+xml,%3Csvg%20xmlns%3D%27http%3A%2F%2Fwww.w3.org%2F2000%2Fsvg%27%20width%3D%27317%27%20height%3D%27238%27%20viewBox%3D%270%200%20317%20238%27%3E%3Crect%20width%3D%27317%27%20height%3D%27238%27%20fill-opacity%3D%220%22%2F%3E%3C%2Fsvg%3E\" data-orig-src=\"https:\/\/lh3.googleusercontent.com\/-M3hk_AnrrQg\/VI67qHnSDDI\/AAAAAAAAHnY\/hrBQryfBy5o\/w400-h300-no\/Pritja%2B5.jpg\" height=\"238\" width=\"317\" \/><\/span><\/div>\n<\/td>\n<\/tr>\n<tr>\n<td>\n<div><span style=\"color: #000000; font-family: helvetica; font-size: 12pt;\"><img decoding=\"async\" class=\"lazyload HAa Eha\" style=\"border-width: 1px; border-style: solid; margin: 10px auto; display: block;\" alt=\"\" src=\"data:image\/svg+xml,%3Csvg%20xmlns%3D%27http%3A%2F%2Fwww.w3.org%2F2000%2Fsvg%27%20width%3D%27334%27%20height%3D%27216%27%20viewBox%3D%270%200%20334%20216%27%3E%3Crect%20width%3D%27334%27%20height%3D%27216%27%20fill-opacity%3D%220%22%2F%3E%3C%2Fsvg%3E\" data-orig-src=\"https:\/\/lh3.googleusercontent.com\/-MVFCYVoY488\/VI67qe8CgaI\/AAAAAAAAHm4\/PRtg6B-gAHc\/w400-h259-no\/Pritja%2B6.jpg\" height=\"216\" width=\"334\" \/><\/span><\/div>\n<\/td>\n<td>\n<div style=\"text-align: justify;\"><span style=\"color: #000000; font-family: helvetica; font-size: 12pt;\">&nbsp;&nbsp;&nbsp; \u00cbsht\u00eb dita e dominimit t\u00eb shpres\u00ebs mbi d\u00ebshp\u00ebrimin, e altruizmit mbi egoizmin. Jan\u00eb vlera, t\u00eb cilat t\u00eb gjith\u00eb s\u00eb bashku duhet t\u00eb punojm\u00eb q\u00eb t\u2019i rikthejm\u00eb. Shoq\u00ebria jon\u00eb ka nevoj\u00eb q\u00eb t\u2019i kthehet vlerave m\u00eb t\u00eb mira t\u00eb besimitrikthejm\u00eb. Shoq\u00ebria jon\u00eb ka nevoj\u00eb q\u00eb t\u2019i kthehet vlerave m\u00eb t\u00eb mira t\u00eb besimit dhe, n\u00eb bashk\u00ebpunim me nj\u00ebri-tjetrin, t\u00eb nd\u00ebrtojm\u00eb nj\u00eb shoq\u00ebri t\u00eb konsoliduar, q\u00eb \u00ebsht\u00eb nj\u00eb shoq\u00ebri e s\u00eb ardhmes, shoq\u00ebri evropiane, ku ne d\u00ebshirojm\u00eb t\u00eb gjith\u00eb t\u00eb shkojm\u00eb. Edhe nj\u00eb her\u00eb g\u00ebzuar t\u00eb gjith\u00ebve Fest\u00ebn e Pashk\u00ebve!\u201d<\/span><\/div>\n<\/td>\n<\/tr>\n<tr>\n<td>\n<div style=\"text-align: justify;\"><span style=\"color: #000000; font-family: helvetica; font-size: 12pt;\">&nbsp;&nbsp;&nbsp; P\u00ebr t\u00eb uruar erdhi edhe Kryeministri, z. Sali Berisha me bashk\u00ebshorten, i cili pati nj\u00eb bashk\u00ebbisedim t\u00eb ngroht\u00eb me Fortlumturin\u00eb e Tij. Ai duke iu drejtuar edhe t\u00eb pranishm\u00ebve n\u00eb pritje dhe mediave vuri n\u00eb dukje kontributin e Kryepiskopit Anastas n\u00eb k\u00ebto vite. Edhe duke dal\u00eb nga Kryepiskopata, z. Berisha do deklaronte para gazetar\u00ebve:<\/span><\/div>\n<\/td>\n<td>\n<div><span style=\"color: #000000; font-family: helvetica; font-size: 12pt;\"><img decoding=\"async\" class=\"lazyload HAa Eha\" style=\"border-width: 1px; border-style: solid; margin: 10px auto; display: block;\" alt=\"\" src=\"data:image\/svg+xml,%3Csvg%20xmlns%3D%27http%3A%2F%2Fwww.w3.org%2F2000%2Fsvg%27%20width%3D%27334%27%20height%3D%27222%27%20viewBox%3D%270%200%20334%20222%27%3E%3Crect%20width%3D%27334%27%20height%3D%27222%27%20fill-opacity%3D%220%22%2F%3E%3C%2Fsvg%3E\" data-orig-src=\"https:\/\/lh3.googleusercontent.com\/-PnBPcy9_dK4\/VI67r-0QHEI\/AAAAAAAAHnQ\/nC7Df9qlHd4\/w400-h266-no\/pritja%2B7.jpg\" height=\"222\" width=\"334\" \/><\/span><\/div>\n<\/td>\n<\/tr>\n<tr>\n<td>\n<div><span style=\"color: #000000; font-family: helvetica; font-size: 12pt;\"><img decoding=\"async\" class=\"lazyload HAa Eha\" style=\"border-width: 1px; border-style: solid; margin: 10px auto; display: block;\" alt=\"\" src=\"data:image\/svg+xml,%3Csvg%20xmlns%3D%27http%3A%2F%2Fwww.w3.org%2F2000%2Fsvg%27%20width%3D%27344%27%20height%3D%27229%27%20viewBox%3D%270%200%20344%20229%27%3E%3Crect%20width%3D%27344%27%20height%3D%27229%27%20fill-opacity%3D%220%22%2F%3E%3C%2Fsvg%3E\" data-orig-src=\"https:\/\/lh6.googleusercontent.com\/-O9yXj-rC4UA\/VI67q6tzX2I\/AAAAAAAAHnM\/Z9Gtl3eNtGE\/w400-h266-no\/Pritja%2B8.jpg\" height=\"229\" width=\"344\" \/><\/span><\/div>\n<\/td>\n<td>\n<div style=\"text-align: justify;\"><span style=\"color: #000000; font-family: helvetica; font-size: 12pt;\">&nbsp;&nbsp;&nbsp; \u201cUrimet m\u00eb t\u00eb p\u00ebrzem\u00ebrta p\u00ebr t\u00eb gjith\u00eb besimtar\u00ebt e krishter\u00eb dhe t\u00eb gjith\u00eb besimtar\u00ebt shqiptar\u00eb p\u00ebr k\u00ebt\u00eb dit\u00eb t\u00eb Ngjalljes s\u00eb Krishtit, k\u00ebt\u00eb dit\u00eb q\u00eb p\u00ebrfaq\u00ebson drit\u00ebn e p\u00ebrjet\u00ebsis\u00eb s\u00eb njeriut dhe njer\u00ebzimit, t\u00eb shpres\u00ebs s\u00eb madhe t\u00eb besimit tek Zoti, tek e ardhmja.<\/span><\/div>\n<\/td>\n<\/tr>\n<tr>\n<td>\n<div style=\"text-align: justify;\"><span style=\"color: #000000; font-family: helvetica; font-size: 12pt;\">&nbsp;&nbsp;&nbsp; Nj\u00eb mir\u00ebnjohje shum\u00eb t\u00eb thell\u00eb udh\u00ebheq\u00ebsve shpirt\u00ebrore t\u00eb kombit, udh\u00ebheq\u00ebsve t\u00eb besimeve fetare, t\u00eb cil\u00ebt dhan\u00eb nj\u00eb kontribut thelb\u00ebsor n\u00eb t\u00eb gjith\u00eb arritjet e vendit, nd\u00ebrtuan infrastruktur\u00ebn shpirt\u00ebrore komb\u00ebtare, q\u00ebndruan dhe q\u00ebndrojn\u00eb m\u00eb shum\u00eb se kushdo tjet\u00ebr, me ndjeshm\u00ebrin\u00eb m\u00eb t\u00eb madhe se kushdo tjet\u00ebr, af\u00ebr atyre q\u00eb jan\u00eb n\u00eb dhimbje dhe n\u00eb nevoj\u00eb, zhvilluan dhe mbrujn\u00eb besimet fetare n\u00eb tradit\u00ebn m\u00eb t\u00eb shk\u00eblqyer, n\u00eb vler\u00ebn m\u00eb madhore q\u00eb ka kombi yn\u00eb, toleranc\u00ebn fetare. Kjo \u00ebsht\u00eb nj\u00eb dit\u00eb q\u00eb festojn\u00eb besimtar\u00ebt ortodoks\u00eb, besimtar\u00ebt katolik\u00eb, mysliman\u00eb, t\u00eb gjith\u00eb s\u00eb bashku. G\u00ebzuar!\u201d<\/span><\/div>\n<\/td>\n<td>\n<div><span style=\"color: #000000; font-family: helvetica; font-size: 12pt;\"><img decoding=\"async\" class=\"lazyload HAa Eha\" style=\"border-width: 1px; border-style: solid; margin: 10px auto; display: block;\" alt=\"\" src=\"data:image\/svg+xml,%3Csvg%20xmlns%3D%27http%3A%2F%2Fwww.w3.org%2F2000%2Fsvg%27%20width%3D%27336%27%20height%3D%27238%27%20viewBox%3D%270%200%20336%20238%27%3E%3Crect%20width%3D%27336%27%20height%3D%27238%27%20fill-opacity%3D%220%22%2F%3E%3C%2Fsvg%3E\" data-orig-src=\"https:\/\/lh3.googleusercontent.com\/-W7v1r0WYZNQ\/VI67q-S9kGI\/AAAAAAAAHnU\/qL2q5smZ6r4\/w400-h283-no\/Pritja%2B9.jpg\" height=\"238\" width=\"336\" \/><\/span><\/div>\n<\/td>\n<\/tr>\n<tr>\n<td colspan=\"2\">\n<div><span style=\"color: #000000; font-family: helvetica; font-size: 12pt;\">&nbsp;&nbsp;&nbsp; P\u00ebr t\u00eb uruar besimtar\u00ebt orthodhoks\u00eb erdhi edhe Kryetarja e Kuvendit, znj. Jozefina Topalli, e cila do t\u00eb shprehej se \u201c\u00cbsht\u00eb ngjarje e sh\u00ebnuar, dita e ringjalljes s\u00eb Krishtit. Kjo dit\u00eb ka nj\u00eb kuptim shum\u00eb t\u00eb thell\u00eb brenda vetes, mbajtjen e shpres\u00ebs,&nbsp;\u00ebndrr\u00ebs dhe besimit p\u00ebr dit\u00eb m\u00eb t\u00eb bukura dhe p\u00ebr koh\u00ebt q\u00eb ne d\u00ebshirojm\u00eb dhe&nbsp; \u00ebnd\u00ebrrojm\u00eb p\u00ebr brezat dhe f\u00ebmij\u00ebt tan\u00eb. U uroj t\u00eb gjith\u00eb shqiptar\u00ebve t\u00eb \u00e7far\u00ebdo besimi fetar: G\u00ebzuar Pashk\u00ebt ortodokse!\u201d<\/span><\/div>\n<div><span style=\"font-family: helvetica; font-size: 12pt;\"><\/span><\/div>\n<\/td>\n<\/tr>\n<tr>\n<td>\n<div><span style=\"color: #000000; font-family: helvetica; font-size: 12pt;\"><strong>&nbsp;&nbsp;&nbsp;&nbsp; Thoma Dhima<\/strong><\/span><\/div>\n<\/td>\n<\/tr>\n<\/tbody>\n<\/table>\n<p>&nbsp;<\/p>\n","protected":false},"excerpt":{"rendered":"<p>&nbsp;&nbsp;&nbsp; T\u00eb diel\u00ebn e Pashk\u00ebs, 27 prill, n\u00eb Kryepiskopat\u00ebn e Shenjt\u00eb, Fortlumturia e Tij Anastasi, s\u00eb bashku me episkop\u00ebt ndihm\u00ebs, Nikoll\u00ebn e Apollonis\u00eb dhe Andonin e Kruj\u00ebs etj., prit\u00ebn urimet me rastin e t\u00eb kremtes s\u00eb besimtar\u00ebve orthodhoks\u00eb. &nbsp;&nbsp; Me k\u00ebt\u00eb rast erdh\u00ebn p\u00ebrfaq\u00ebsues t\u00eb komuniteteve fetare, si Haxhi Selim Mu\u00e7a, kryetar i Komunitetit Mysliman Suni, Haxhi Dede Reshat Bardhi, kryetar i Komunitetit Mysliman Bektashi,<\/p>\n","protected":false},"author":1,"featured_media":0,"comment_status":"open","ping_status":"open","sticky":false,"template":"","format":"standard","meta":{"_acf_changed":false,"pagelayer_contact_templates":[],"_pagelayer_content":"","inline_featured_image":false,"fifu_image_url":"","fifu_image_alt":"","footnotes":""},"categories":[108],"tags":[146,196,201,212,189],"class_list":["post-191","post","type-post","status-publish","format-standard","hentry","category-lajme","tag-146","tag-tirane","tag-kryepiskopi-anastas","tag-lajme-d27","tag-pashke-2014"],"acf":[],"yoast_head":"<!-- This site is optimized with the Yoast SEO plugin v27.2 - https:\/\/yoast.com\/product\/yoast-seo-wordpress\/ -->\n<title>Personalitet me t\u00eb larta t\u00eb vendit urojn\u00eb besimtar\u00ebt e krishter\u00eb orthodhoks\u00eb. (Prill 2008) - Kisha Orthodh\u03bfkse Autoqefale e Shqip\u00ebris\u00eb<\/title>\n<meta name=\"robots\" content=\"index, follow, max-snippet:-1, max-image-preview:large, max-video-preview:-1\" \/>\n<link rel=\"canonical\" href=\"https:\/\/orthodoxalbania.org\/2020\/2008\/02\/26\/personalitet-me-te-larta-te-vendit-urojne-besimtaret-e-krishtere-orthodhokse-prill-2008\/\" \/>\n<meta property=\"og:locale\" content=\"en_US\" \/>\n<meta property=\"og:type\" content=\"article\" \/>\n<meta property=\"og:title\" content=\"Personalitet me t\u00eb larta t\u00eb vendit urojn\u00eb besimtar\u00ebt e krishter\u00eb orthodhoks\u00eb. (Prill 2008) - Kisha Orthodh\u03bfkse Autoqefale e Shqip\u00ebris\u00eb\" \/>\n<meta property=\"og:description\" content=\"&nbsp;&nbsp;&nbsp; T\u00eb diel\u00ebn e Pashk\u00ebs, 27 prill, n\u00eb Kryepiskopat\u00ebn e Shenjt\u00eb, Fortlumturia e Tij Anastasi, s\u00eb bashku me episkop\u00ebt ndihm\u00ebs, Nikoll\u00ebn e Apollonis\u00eb dhe Andonin e Kruj\u00ebs etj., prit\u00ebn urimet me rastin e t\u00eb kremtes s\u00eb besimtar\u00ebve orthodhoks\u00eb. &nbsp;&nbsp; Me k\u00ebt\u00eb rast erdh\u00ebn p\u00ebrfaq\u00ebsues t\u00eb komuniteteve fetare, si Haxhi Selim Mu\u00e7a, kryetar i Komunitetit Mysliman Suni, Haxhi Dede Reshat Bardhi, kryetar i Komunitetit Mysliman Bektashi,\" \/>\n<meta property=\"og:url\" content=\"https:\/\/orthodoxalbania.org\/2020\/2008\/02\/26\/personalitet-me-te-larta-te-vendit-urojne-besimtaret-e-krishtere-orthodhokse-prill-2008\/\" \/>\n<meta property=\"og:site_name\" content=\"Kisha Orthodh\u03bfkse Autoqefale e Shqip\u00ebris\u00eb\" \/>\n<meta property=\"article:publisher\" content=\"https:\/\/www.facebook.com\/koash1991\" \/>\n<meta property=\"article:published_time\" content=\"2008-02-26T00:00:00+00:00\" \/>\n<meta property=\"article:modified_time\" content=\"2020-04-06T20:35:30+00:00\" \/>\n<meta property=\"og:image\" content=\"https:\/\/lh4.googleusercontent.com\/-X1MG2nDko9w\/VI67rZ15TkI\/AAAAAAAAHnI\/AnqBZtrGxbo\/w400-h242-no\/pritja%2B1.jpg\" \/>\n<meta name=\"author\" content=\"Kisha Orthodhokse\" \/>\n<meta name=\"twitter:card\" content=\"summary_large_image\" \/>\n<meta name=\"twitter:label1\" content=\"Written by\" \/>\n\t<meta name=\"twitter:data1\" content=\"Kisha Orthodhokse\" \/>\n\t<meta name=\"twitter:label2\" content=\"Est. reading time\" \/>\n\t<meta name=\"twitter:data2\" content=\"4 minutes\" \/>\n<script type=\"application\/ld+json\" class=\"yoast-schema-graph\">{\"@context\":\"https:\/\/schema.org\",\"@graph\":[{\"@type\":\"Article\",\"@id\":\"https:\/\/orthodoxalbania.org\/2020\/2008\/02\/26\/personalitet-me-te-larta-te-vendit-urojne-besimtaret-e-krishtere-orthodhokse-prill-2008\/#article\",\"isPartOf\":{\"@id\":\"https:\/\/orthodoxalbania.org\/2020\/2008\/02\/26\/personalitet-me-te-larta-te-vendit-urojne-besimtaret-e-krishtere-orthodhokse-prill-2008\/\"},\"author\":{\"name\":\"Kisha Orthodhokse\",\"@id\":\"https:\/\/orthodoxalbania.org\/2020\/#\/schema\/person\/0c387634a7063ac612d7ed9ce71c7e86\"},\"headline\":\"Personalitet me t\u00eb larta t\u00eb vendit urojn\u00eb besimtar\u00ebt e krishter\u00eb orthodhoks\u00eb. (Prill 2008)\",\"datePublished\":\"2008-02-26T00:00:00+00:00\",\"dateModified\":\"2020-04-06T20:35:30+00:00\",\"mainEntityOfPage\":{\"@id\":\"https:\/\/orthodoxalbania.org\/2020\/2008\/02\/26\/personalitet-me-te-larta-te-vendit-urojne-besimtaret-e-krishtere-orthodhokse-prill-2008\/\"},\"wordCount\":731,\"commentCount\":0,\"publisher\":{\"@id\":\"https:\/\/orthodoxalbania.org\/2020\/#organization\"},\"image\":{\"@id\":\"https:\/\/orthodoxalbania.org\/2020\/2008\/02\/26\/personalitet-me-te-larta-te-vendit-urojne-besimtaret-e-krishtere-orthodhokse-prill-2008\/#primaryimage\"},\"thumbnailUrl\":\"https:\/\/lh4.googleusercontent.com\/-X1MG2nDko9w\/VI67rZ15TkI\/AAAAAAAAHnI\/AnqBZtrGxbo\/w400-h242-no\/pritja%2B1.jpg\",\"keywords\":[\"2008\",\"Kryepiskopata Tiran\u00eb\",\"Kryepiskopi Anastas\",\"lajme\",\"Pashk\u00eb\"],\"articleSection\":[\"Lajme\"],\"inLanguage\":\"en-US\"},{\"@type\":\"WebPage\",\"@id\":\"https:\/\/orthodoxalbania.org\/2020\/2008\/02\/26\/personalitet-me-te-larta-te-vendit-urojne-besimtaret-e-krishtere-orthodhokse-prill-2008\/\",\"url\":\"https:\/\/orthodoxalbania.org\/2020\/2008\/02\/26\/personalitet-me-te-larta-te-vendit-urojne-besimtaret-e-krishtere-orthodhokse-prill-2008\/\",\"name\":\"Personalitet me t\u00eb larta t\u00eb vendit urojn\u00eb besimtar\u00ebt e krishter\u00eb orthodhoks\u00eb. (Prill 2008) - Kisha Orthodh\u03bfkse Autoqefale e Shqip\u00ebris\u00eb\",\"isPartOf\":{\"@id\":\"https:\/\/orthodoxalbania.org\/2020\/#website\"},\"primaryImageOfPage\":{\"@id\":\"https:\/\/orthodoxalbania.org\/2020\/2008\/02\/26\/personalitet-me-te-larta-te-vendit-urojne-besimtaret-e-krishtere-orthodhokse-prill-2008\/#primaryimage\"},\"image\":{\"@id\":\"https:\/\/orthodoxalbania.org\/2020\/2008\/02\/26\/personalitet-me-te-larta-te-vendit-urojne-besimtaret-e-krishtere-orthodhokse-prill-2008\/#primaryimage\"},\"thumbnailUrl\":\"https:\/\/lh4.googleusercontent.com\/-X1MG2nDko9w\/VI67rZ15TkI\/AAAAAAAAHnI\/AnqBZtrGxbo\/w400-h242-no\/pritja%2B1.jpg\",\"datePublished\":\"2008-02-26T00:00:00+00:00\",\"dateModified\":\"2020-04-06T20:35:30+00:00\",\"breadcrumb\":{\"@id\":\"https:\/\/orthodoxalbania.org\/2020\/2008\/02\/26\/personalitet-me-te-larta-te-vendit-urojne-besimtaret-e-krishtere-orthodhokse-prill-2008\/#breadcrumb\"},\"inLanguage\":\"en-US\",\"potentialAction\":[{\"@type\":\"ReadAction\",\"target\":[\"https:\/\/orthodoxalbania.org\/2020\/2008\/02\/26\/personalitet-me-te-larta-te-vendit-urojne-besimtaret-e-krishtere-orthodhokse-prill-2008\/\"]}]},{\"@type\":\"ImageObject\",\"inLanguage\":\"en-US\",\"@id\":\"https:\/\/orthodoxalbania.org\/2020\/2008\/02\/26\/personalitet-me-te-larta-te-vendit-urojne-besimtaret-e-krishtere-orthodhokse-prill-2008\/#primaryimage\",\"url\":\"https:\/\/lh4.googleusercontent.com\/-X1MG2nDko9w\/VI67rZ15TkI\/AAAAAAAAHnI\/AnqBZtrGxbo\/w400-h242-no\/pritja%2B1.jpg\",\"contentUrl\":\"https:\/\/lh4.googleusercontent.com\/-X1MG2nDko9w\/VI67rZ15TkI\/AAAAAAAAHnI\/AnqBZtrGxbo\/w400-h242-no\/pritja%2B1.jpg\"},{\"@type\":\"BreadcrumbList\",\"@id\":\"https:\/\/orthodoxalbania.org\/2020\/2008\/02\/26\/personalitet-me-te-larta-te-vendit-urojne-besimtaret-e-krishtere-orthodhokse-prill-2008\/#breadcrumb\",\"itemListElement\":[{\"@type\":\"ListItem\",\"position\":1,\"name\":\"Home\",\"item\":\"https:\/\/orthodoxalbania.org\/2020\/\"},{\"@type\":\"ListItem\",\"position\":2,\"name\":\"Personalitet me t\u00eb larta t\u00eb vendit urojn\u00eb besimtar\u00ebt e krishter\u00eb orthodhoks\u00eb. (Prill 2008)\"}]},{\"@type\":\"WebSite\",\"@id\":\"https:\/\/orthodoxalbania.org\/2020\/#website\",\"url\":\"https:\/\/orthodoxalbania.org\/2020\/\",\"name\":\"Kisha Orthodh\u03bfkse Autoqefale e Shqip\u00ebris\u00eb\",\"description\":\"Fqja Zyrtare e Kish\u00ebs Orthodhokse Autoqefale e Shqip\u00ebris\u00eb me lajmet edhe informacionet zyrtare p\u00ebr struktur\u00ebn edhe veprimtarin e saj.\",\"publisher\":{\"@id\":\"https:\/\/orthodoxalbania.org\/2020\/#organization\"},\"potentialAction\":[{\"@type\":\"SearchAction\",\"target\":{\"@type\":\"EntryPoint\",\"urlTemplate\":\"https:\/\/orthodoxalbania.org\/2020\/?s={search_term_string}\"},\"query-input\":{\"@type\":\"PropertyValueSpecification\",\"valueRequired\":true,\"valueName\":\"search_term_string\"}}],\"inLanguage\":\"en-US\"},{\"@type\":\"Organization\",\"@id\":\"https:\/\/orthodoxalbania.org\/2020\/#organization\",\"name\":\"Kisha Orthodhokse Autoqefale e Shqip\u00ebris\u00eb\",\"url\":\"https:\/\/orthodoxalbania.org\/2020\/\",\"logo\":{\"@type\":\"ImageObject\",\"inLanguage\":\"en-US\",\"@id\":\"https:\/\/orthodoxalbania.org\/2020\/#\/schema\/logo\/image\/\",\"url\":\"https:\/\/orthodoxalbania.org\/2020\/wp-content\/uploads\/2020\/05\/albania.jpeg\",\"contentUrl\":\"https:\/\/orthodoxalbania.org\/2020\/wp-content\/uploads\/2020\/05\/albania.jpeg\",\"width\":540,\"height\":540,\"caption\":\"Kisha Orthodhokse Autoqefale e Shqip\u00ebris\u00eb\"},\"image\":{\"@id\":\"https:\/\/orthodoxalbania.org\/2020\/#\/schema\/logo\/image\/\"},\"sameAs\":[\"https:\/\/www.facebook.com\/koash1991\"]},{\"@type\":\"Person\",\"@id\":\"https:\/\/orthodoxalbania.org\/2020\/#\/schema\/person\/0c387634a7063ac612d7ed9ce71c7e86\",\"name\":\"Kisha Orthodhokse\",\"image\":{\"@type\":\"ImageObject\",\"inLanguage\":\"en-US\",\"@id\":\"https:\/\/secure.gravatar.com\/avatar\/596e7c417251e30f2fbb9c00e026fce61a695a00e51c889caded71c96cbbdde5?s=96&d=mm&r=g\",\"url\":\"https:\/\/secure.gravatar.com\/avatar\/596e7c417251e30f2fbb9c00e026fce61a695a00e51c889caded71c96cbbdde5?s=96&d=mm&r=g\",\"contentUrl\":\"https:\/\/secure.gravatar.com\/avatar\/596e7c417251e30f2fbb9c00e026fce61a695a00e51c889caded71c96cbbdde5?s=96&d=mm&r=g\",\"caption\":\"Kisha Orthodhokse\"}}]}<\/script>\n<!-- \/ Yoast SEO plugin. -->","yoast_head_json":{"title":"Personalitet me t\u00eb larta t\u00eb vendit urojn\u00eb besimtar\u00ebt e krishter\u00eb orthodhoks\u00eb. (Prill 2008) - Kisha Orthodh\u03bfkse Autoqefale e Shqip\u00ebris\u00eb","robots":{"index":"index","follow":"follow","max-snippet":"max-snippet:-1","max-image-preview":"max-image-preview:large","max-video-preview":"max-video-preview:-1"},"canonical":"https:\/\/orthodoxalbania.org\/2020\/2008\/02\/26\/personalitet-me-te-larta-te-vendit-urojne-besimtaret-e-krishtere-orthodhokse-prill-2008\/","og_locale":"en_US","og_type":"article","og_title":"Personalitet me t\u00eb larta t\u00eb vendit urojn\u00eb besimtar\u00ebt e krishter\u00eb orthodhoks\u00eb. (Prill 2008) - Kisha Orthodh\u03bfkse Autoqefale e Shqip\u00ebris\u00eb","og_description":"&nbsp;&nbsp;&nbsp; T\u00eb diel\u00ebn e Pashk\u00ebs, 27 prill, n\u00eb Kryepiskopat\u00ebn e Shenjt\u00eb, Fortlumturia e Tij Anastasi, s\u00eb bashku me episkop\u00ebt ndihm\u00ebs, Nikoll\u00ebn e Apollonis\u00eb dhe Andonin e Kruj\u00ebs etj., prit\u00ebn urimet me rastin e t\u00eb kremtes s\u00eb besimtar\u00ebve orthodhoks\u00eb. &nbsp;&nbsp; Me k\u00ebt\u00eb rast erdh\u00ebn p\u00ebrfaq\u00ebsues t\u00eb komuniteteve fetare, si Haxhi Selim Mu\u00e7a, kryetar i Komunitetit Mysliman Suni, Haxhi Dede Reshat Bardhi, kryetar i Komunitetit Mysliman Bektashi,","og_url":"https:\/\/orthodoxalbania.org\/2020\/2008\/02\/26\/personalitet-me-te-larta-te-vendit-urojne-besimtaret-e-krishtere-orthodhokse-prill-2008\/","og_site_name":"Kisha Orthodh\u03bfkse Autoqefale e Shqip\u00ebris\u00eb","article_publisher":"https:\/\/www.facebook.com\/koash1991","article_published_time":"2008-02-26T00:00:00+00:00","article_modified_time":"2020-04-06T20:35:30+00:00","og_image":[{"url":"https:\/\/lh4.googleusercontent.com\/-X1MG2nDko9w\/VI67rZ15TkI\/AAAAAAAAHnI\/AnqBZtrGxbo\/w400-h242-no\/pritja%2B1.jpg","type":"","width":"","height":""}],"author":"Kisha Orthodhokse","twitter_card":"summary_large_image","twitter_misc":{"Written by":"Kisha Orthodhokse","Est. reading time":"4 minutes"},"schema":{"@context":"https:\/\/schema.org","@graph":[{"@type":"Article","@id":"https:\/\/orthodoxalbania.org\/2020\/2008\/02\/26\/personalitet-me-te-larta-te-vendit-urojne-besimtaret-e-krishtere-orthodhokse-prill-2008\/#article","isPartOf":{"@id":"https:\/\/orthodoxalbania.org\/2020\/2008\/02\/26\/personalitet-me-te-larta-te-vendit-urojne-besimtaret-e-krishtere-orthodhokse-prill-2008\/"},"author":{"name":"Kisha Orthodhokse","@id":"https:\/\/orthodoxalbania.org\/2020\/#\/schema\/person\/0c387634a7063ac612d7ed9ce71c7e86"},"headline":"Personalitet me t\u00eb larta t\u00eb vendit urojn\u00eb besimtar\u00ebt e krishter\u00eb orthodhoks\u00eb. (Prill 2008)","datePublished":"2008-02-26T00:00:00+00:00","dateModified":"2020-04-06T20:35:30+00:00","mainEntityOfPage":{"@id":"https:\/\/orthodoxalbania.org\/2020\/2008\/02\/26\/personalitet-me-te-larta-te-vendit-urojne-besimtaret-e-krishtere-orthodhokse-prill-2008\/"},"wordCount":731,"commentCount":0,"publisher":{"@id":"https:\/\/orthodoxalbania.org\/2020\/#organization"},"image":{"@id":"https:\/\/orthodoxalbania.org\/2020\/2008\/02\/26\/personalitet-me-te-larta-te-vendit-urojne-besimtaret-e-krishtere-orthodhokse-prill-2008\/#primaryimage"},"thumbnailUrl":"https:\/\/lh4.googleusercontent.com\/-X1MG2nDko9w\/VI67rZ15TkI\/AAAAAAAAHnI\/AnqBZtrGxbo\/w400-h242-no\/pritja%2B1.jpg","keywords":["2008","Kryepiskopata Tiran\u00eb","Kryepiskopi Anastas","lajme","Pashk\u00eb"],"articleSection":["Lajme"],"inLanguage":"en-US"},{"@type":"WebPage","@id":"https:\/\/orthodoxalbania.org\/2020\/2008\/02\/26\/personalitet-me-te-larta-te-vendit-urojne-besimtaret-e-krishtere-orthodhokse-prill-2008\/","url":"https:\/\/orthodoxalbania.org\/2020\/2008\/02\/26\/personalitet-me-te-larta-te-vendit-urojne-besimtaret-e-krishtere-orthodhokse-prill-2008\/","name":"Personalitet me t\u00eb larta t\u00eb vendit urojn\u00eb besimtar\u00ebt e krishter\u00eb orthodhoks\u00eb. (Prill 2008) - Kisha Orthodh\u03bfkse Autoqefale e Shqip\u00ebris\u00eb","isPartOf":{"@id":"https:\/\/orthodoxalbania.org\/2020\/#website"},"primaryImageOfPage":{"@id":"https:\/\/orthodoxalbania.org\/2020\/2008\/02\/26\/personalitet-me-te-larta-te-vendit-urojne-besimtaret-e-krishtere-orthodhokse-prill-2008\/#primaryimage"},"image":{"@id":"https:\/\/orthodoxalbania.org\/2020\/2008\/02\/26\/personalitet-me-te-larta-te-vendit-urojne-besimtaret-e-krishtere-orthodhokse-prill-2008\/#primaryimage"},"thumbnailUrl":"https:\/\/lh4.googleusercontent.com\/-X1MG2nDko9w\/VI67rZ15TkI\/AAAAAAAAHnI\/AnqBZtrGxbo\/w400-h242-no\/pritja%2B1.jpg","datePublished":"2008-02-26T00:00:00+00:00","dateModified":"2020-04-06T20:35:30+00:00","breadcrumb":{"@id":"https:\/\/orthodoxalbania.org\/2020\/2008\/02\/26\/personalitet-me-te-larta-te-vendit-urojne-besimtaret-e-krishtere-orthodhokse-prill-2008\/#breadcrumb"},"inLanguage":"en-US","potentialAction":[{"@type":"ReadAction","target":["https:\/\/orthodoxalbania.org\/2020\/2008\/02\/26\/personalitet-me-te-larta-te-vendit-urojne-besimtaret-e-krishtere-orthodhokse-prill-2008\/"]}]},{"@type":"ImageObject","inLanguage":"en-US","@id":"https:\/\/orthodoxalbania.org\/2020\/2008\/02\/26\/personalitet-me-te-larta-te-vendit-urojne-besimtaret-e-krishtere-orthodhokse-prill-2008\/#primaryimage","url":"https:\/\/lh4.googleusercontent.com\/-X1MG2nDko9w\/VI67rZ15TkI\/AAAAAAAAHnI\/AnqBZtrGxbo\/w400-h242-no\/pritja%2B1.jpg","contentUrl":"https:\/\/lh4.googleusercontent.com\/-X1MG2nDko9w\/VI67rZ15TkI\/AAAAAAAAHnI\/AnqBZtrGxbo\/w400-h242-no\/pritja%2B1.jpg"},{"@type":"BreadcrumbList","@id":"https:\/\/orthodoxalbania.org\/2020\/2008\/02\/26\/personalitet-me-te-larta-te-vendit-urojne-besimtaret-e-krishtere-orthodhokse-prill-2008\/#breadcrumb","itemListElement":[{"@type":"ListItem","position":1,"name":"Home","item":"https:\/\/orthodoxalbania.org\/2020\/"},{"@type":"ListItem","position":2,"name":"Personalitet me t\u00eb larta t\u00eb vendit urojn\u00eb besimtar\u00ebt e krishter\u00eb orthodhoks\u00eb. (Prill 2008)"}]},{"@type":"WebSite","@id":"https:\/\/orthodoxalbania.org\/2020\/#website","url":"https:\/\/orthodoxalbania.org\/2020\/","name":"Kisha Orthodh\u03bfkse Autoqefale e Shqip\u00ebris\u00eb","description":"Fqja Zyrtare e Kish\u00ebs Orthodhokse Autoqefale e Shqip\u00ebris\u00eb me lajmet edhe informacionet zyrtare p\u00ebr struktur\u00ebn edhe veprimtarin e saj.","publisher":{"@id":"https:\/\/orthodoxalbania.org\/2020\/#organization"},"potentialAction":[{"@type":"SearchAction","target":{"@type":"EntryPoint","urlTemplate":"https:\/\/orthodoxalbania.org\/2020\/?s={search_term_string}"},"query-input":{"@type":"PropertyValueSpecification","valueRequired":true,"valueName":"search_term_string"}}],"inLanguage":"en-US"},{"@type":"Organization","@id":"https:\/\/orthodoxalbania.org\/2020\/#organization","name":"Kisha Orthodhokse Autoqefale e Shqip\u00ebris\u00eb","url":"https:\/\/orthodoxalbania.org\/2020\/","logo":{"@type":"ImageObject","inLanguage":"en-US","@id":"https:\/\/orthodoxalbania.org\/2020\/#\/schema\/logo\/image\/","url":"https:\/\/orthodoxalbania.org\/2020\/wp-content\/uploads\/2020\/05\/albania.jpeg","contentUrl":"https:\/\/orthodoxalbania.org\/2020\/wp-content\/uploads\/2020\/05\/albania.jpeg","width":540,"height":540,"caption":"Kisha Orthodhokse Autoqefale e Shqip\u00ebris\u00eb"},"image":{"@id":"https:\/\/orthodoxalbania.org\/2020\/#\/schema\/logo\/image\/"},"sameAs":["https:\/\/www.facebook.com\/koash1991"]},{"@type":"Person","@id":"https:\/\/orthodoxalbania.org\/2020\/#\/schema\/person\/0c387634a7063ac612d7ed9ce71c7e86","name":"Kisha Orthodhokse","image":{"@type":"ImageObject","inLanguage":"en-US","@id":"https:\/\/secure.gravatar.com\/avatar\/596e7c417251e30f2fbb9c00e026fce61a695a00e51c889caded71c96cbbdde5?s=96&d=mm&r=g","url":"https:\/\/secure.gravatar.com\/avatar\/596e7c417251e30f2fbb9c00e026fce61a695a00e51c889caded71c96cbbdde5?s=96&d=mm&r=g","contentUrl":"https:\/\/secure.gravatar.com\/avatar\/596e7c417251e30f2fbb9c00e026fce61a695a00e51c889caded71c96cbbdde5?s=96&d=mm&r=g","caption":"Kisha Orthodhokse"}}]}},"_links":{"self":[{"href":"https:\/\/orthodoxalbania.org\/2020\/wp-json\/wp\/v2\/posts\/191","targetHints":{"allow":["GET"]}}],"collection":[{"href":"https:\/\/orthodoxalbania.org\/2020\/wp-json\/wp\/v2\/posts"}],"about":[{"href":"https:\/\/orthodoxalbania.org\/2020\/wp-json\/wp\/v2\/types\/post"}],"author":[{"embeddable":true,"href":"https:\/\/orthodoxalbania.org\/2020\/wp-json\/wp\/v2\/users\/1"}],"replies":[{"embeddable":true,"href":"https:\/\/orthodoxalbania.org\/2020\/wp-json\/wp\/v2\/comments?post=191"}],"version-history":[{"count":1,"href":"https:\/\/orthodoxalbania.org\/2020\/wp-json\/wp\/v2\/posts\/191\/revisions"}],"predecessor-version":[{"id":15697,"href":"https:\/\/orthodoxalbania.org\/2020\/wp-json\/wp\/v2\/posts\/191\/revisions\/15697"}],"wp:attachment":[{"href":"https:\/\/orthodoxalbania.org\/2020\/wp-json\/wp\/v2\/media?parent=191"}],"wp:term":[{"taxonomy":"category","embeddable":true,"href":"https:\/\/orthodoxalbania.org\/2020\/wp-json\/wp\/v2\/categories?post=191"},{"taxonomy":"post_tag","embeddable":true,"href":"https:\/\/orthodoxalbania.org\/2020\/wp-json\/wp\/v2\/tags?post=191"}],"curies":[{"name":"wp","href":"https:\/\/api.w.org\/{rel}","templated":true}]}}