{"id":190,"date":"2013-03-21T10:39:59","date_gmt":"2013-03-21T10:39:59","guid":{"rendered":""},"modified":"2020-04-06T22:06:07","modified_gmt":"2020-04-06T20:06:07","slug":"pashke-2012-dalje-kalim-anastasi-kryepiskop-i-tiranes-durresit-dhe-i-gjithe-shqiperise","status":"publish","type":"post","link":"https:\/\/orthodoxalbania.org\/2020\/2013\/03\/21\/pashke-2012-dalje-kalim-anastasi-kryepiskop-i-tiranes-durresit-dhe-i-gjithe-shqiperise\/","title":{"rendered":"PASHK\u00cb 2012  DALJE&#8230; KALIM  Anastasi Kryepiskop i Tiran\u00ebs, Durr\u00ebsit dhe i gjith\u00eb Shqip\u00ebris\u00eb. (Prill 2012)"},"content":{"rendered":"<div>\n\t<span style=\"color: #000000; font-size: 12pt; font-family: helvetica;\">&nbsp;<span style=\"text-align: center;\"> <\/span><\/span><br \/>\n\t <br \/> <br \/>\n\t<span style=\"color: #000000; font-size: 12pt; font-family: helvetica;\"><img decoding=\"async\" alt=\"\" class=\"lazyload HAa Eha\" src=\"data:image\/gif;base64,R0lGODlhAQABAAAAACH5BAEKAAEALAAAAAABAAEAAAICTAEAOw==\" data-orig-src=\"https:\/\/lh3.googleusercontent.com\/-0XaSr7tg_9w\/U_NB8PwotlI\/AAAAAAAAA2g\/QXaauIV8bCc\/s577-no\/logo.png\" style=\"height: 51px; width: 51px; display: block; margin-left: auto; margin-right: auto;\" \/><\/span><\/div>\n<div>\n\t&nbsp;<\/div>\n<div style=\"text-align: center;\">\n\t<span style=\"font-size: 12pt; font-family: helvetica; color: #000000;\">Kisha Orthodhokse Autoqefale e Shqip\u00ebris\u00eb <\/span><\/div>\n<div style=\"text-align: center;\">\n\t&nbsp;<\/div>\n<div style=\"text-align: center;\">\n\t<span style=\"color: #000000; font-size: 12pt; font-family: helvetica;\"><strong>Pashk\u00eb 2012<\/strong><\/span><\/div>\n<div style=\"text-align: center;\">\n\t<br \/>\n\t<span style=\"color: #000000; font-size: 12pt; font-family: helvetica;\"><strong>\u2020 Anastasi<\/strong><br \/>\n\tKryepiskop i Tiran\u00ebs, Durr\u00ebsit dhe i gjith\u00eb Shqip\u00ebris\u00eb<\/span><\/div>\n<div style=\"text-align: center;\">\n\t&nbsp;<\/div>\n<div style=\"text-align: center;\">\n\t&nbsp;<\/div>\n<div style=\"text-align: center;\">\n\t&nbsp;<\/div>\n<div style=\"text-align: center;\">\n\t&nbsp;<\/div>\n<p class=\"MsoNormal\" style=\"text-align: justify; line-height: 18px;\">\n\t<br \/>\n\t<span style=\"color: #000000; font-size: 12pt; font-family: helvetica;\"><em>&nbsp;&nbsp;&nbsp;&nbsp;&nbsp;&nbsp; Klerit dhe popullit shpres\u00ebtar Orthodhoks,<br \/>\n\t&nbsp;&nbsp;&nbsp;&nbsp;&nbsp; Bij t\u00eb shtrenjt\u00eb m\u00eb Zotin<\/em><\/span><\/p>\n<p class=\"MsoNormal\" style=\"text-align: justify; line-height: 18px;\">\n\t<span style=\"color: #000000; font-size: 12pt; font-family: helvetica;\"><em>&nbsp;&nbsp;&nbsp;&nbsp;&nbsp;&nbsp;&nbsp;&nbsp;&nbsp;&nbsp;&nbsp;&nbsp;&nbsp;&nbsp;&nbsp;&nbsp;&nbsp;&nbsp;&nbsp;&nbsp;&nbsp;&nbsp;&nbsp;&nbsp;&nbsp;&nbsp;&nbsp;&nbsp;&nbsp;&nbsp;&nbsp;&nbsp;&nbsp;&nbsp;&nbsp;&nbsp;&nbsp;&nbsp;&nbsp;&nbsp;&nbsp;&nbsp;&nbsp;&nbsp;&nbsp;&nbsp;&nbsp;&nbsp;&nbsp; &nbsp;&nbsp;&nbsp;&nbsp;&nbsp;&nbsp;&nbsp;&nbsp;&nbsp;&nbsp;&nbsp;&nbsp;&nbsp;&nbsp;&nbsp;&nbsp;&nbsp;&nbsp;&nbsp;&nbsp;&nbsp;&nbsp;&nbsp;&nbsp;&nbsp;&nbsp;&nbsp;&nbsp;&nbsp;&nbsp;&nbsp;&nbsp;&nbsp;&nbsp;&nbsp;&nbsp;&nbsp;<\/em><\/span><\/p>\n<p class=\"MsoNormal\" style=\"line-height: 18px; text-align: right;\">\n\t<span style=\"font-size: 12pt; font-family: helvetica; color: #000000;\"><em>&nbsp;&nbsp;&nbsp;&nbsp;&nbsp;&nbsp;&nbsp;&nbsp;&nbsp;&nbsp;&nbsp;&nbsp;&nbsp;&nbsp;&nbsp;&nbsp;&nbsp;&nbsp;&nbsp;&nbsp;&nbsp;&nbsp;&nbsp;&nbsp;&nbsp;&nbsp;&nbsp;&nbsp;&nbsp;&nbsp;&nbsp;&nbsp;&nbsp;&nbsp;&nbsp;&nbsp;&nbsp;&nbsp;&nbsp;&nbsp;&nbsp;&nbsp;&nbsp;&nbsp;&nbsp;&nbsp;&nbsp;&nbsp;&nbsp;&nbsp;&nbsp;&nbsp;&nbsp;&nbsp;&nbsp;&nbsp;<strong>&nbsp;&nbsp;&nbsp;&nbsp; \u201cPashka hierore na u shfaq neve sot\u2026\u201d<\/strong><\/em> <\/span><\/p>\n<p class=\"MsoNormal\" style=\"margin-bottom: 0.0001pt; text-align: justify; text-indent: 19.85pt; line-height: 18px;\">\n\t<span style=\"color: #000000; font-size: 12pt; font-family: helvetica;\"><strong>\u00c7<\/strong>do vit kremtojm\u00eb solemnisht dhe me entuziaz\u00ebm t\u00eb shenjt\u00eb, \u201ct\u00eb kremten e t\u00eb kremteve\u201d. \u201cPashka hierore na u shfaq neve sot. Pashka e re, Pashka e shenjt\u00eb, mistike\u201d, psalim me ngaz\u00ebllim. Kuptimi fillestar i fjal\u00ebs pashk\u00eb nuk \u00ebsht\u00eb i qart\u00eb por, me kalimin e koh\u00ebs, ka marr\u00eb kuptimin e daljes, kap\u00ebrcimit, kalimit, eksodit. Kjo e kremte ka si pik\u00ebnisje eksodin historik t\u00eb izraelit\u00ebve nga skllav\u00ebrimi i gjat\u00eb n\u00eb Egjipt drejt liris\u00eb. Ky eksod u dha frym\u00ebzim, durim dhe shpres\u00eb edhe popujve t\u00eb tjer\u00eb n\u00eb koh\u00eb t\u00eb v\u00ebshtira rob\u00ebrie, p\u00ebr t\u00eb hedhur tej zgjedh\u00ebn e huaj dhe p\u00ebr t\u00eb shkuar drejt nj\u00eb realiteti t\u00eb ri shoq\u00ebror e politik.<\/span><\/p>\n<p class=\"MsoNormal\" style=\"margin-bottom: 0.0001pt; text-align: justify; text-indent: 19.85pt; line-height: 18px;\">\n\t<span style=\"color: #000000; font-size: 12pt; font-family: helvetica;\"><span style=\"font-size: 12pt; font-family: helvetica;\">Kjo e kremte u transformua dhe mori kuptim t\u00eb ri n\u00eb historin\u00eb mbar\u00ebbot\u00ebrore me jet\u00ebn, Kryq\u00ebzimin dhe Ngjalljen e Krishtit. Vet\u00eb Jisui deklaroi se me blat\u00ebn e Tij shp\u00ebrblyese kreu Pashk\u00ebn e re t\u00eb nj\u00eb r\u00ebnd\u00ebsie mbar\u00ebnjer\u00ebzore: Si \u201cQengj i panjoll\u00eb\u201d u sakrifikua p\u00ebr hir t\u00eb njer\u00ebzimit dhe p\u00ebruroi Pashk\u00ebn \u201ce re\u201d, \u201ct\u00eb shenjt\u00eb\u201d dhe \u201cmistike\u201d, me mesazhin e p\u00ebrhersh\u00ebm t\u00eb Sakrific\u00ebs s\u00eb Tij, me Ngjalljen e Tij triumfuese, mposhtjen e vdekjes dhe parashijimin e Ardhjes s\u00eb Tij t\u00eb dyt\u00eb, q\u00eb do t\u00eb kryhet me fuqi dhe lavdi.<\/span><\/span><\/p>\n<p class=\"MsoNormal\" style=\"text-align: justify; text-indent: 19.85pt; line-height: 18px;\">\n\t&nbsp;<span style=\"color: #000000; font-size: 12pt; font-family: helvetica;\">N\u00eb k\u00ebt\u00eb m\u00ebnyr\u00eb, ne t\u00eb krishter\u00ebt, n\u00eb vazhd\u00ebn e 20 shekujve q\u00eb kaluan, kremtojm\u00eb n\u00eb \u00e7do Pashk\u00eb kalimin vendimtar t\u00eb gjinis\u00eb njer\u00ebzore \u201cnga vdekja n\u00eb jet\u00eb\u201d, \u00e7lirimin nga m\u00ebkati dhe prishja. K\u00ebshtu ne fuqizojm\u00eb marr\u00ebdh\u00ebnien ton\u00eb, kungohemi me Krishtin e kryq\u00ebzuar e t\u00eb ngjallur, q\u00eb na fal jet\u00ebn e p\u00ebrjetshme dhe intensifikojm\u00eb pritjen ton\u00eb p\u00ebr ardhjen e Tij t\u00eb dyt\u00eb t\u00eb lavdishme. \u201cDit\u00eb e Ngjalljes, le t\u00eb ndri\u00e7ohemi, o popuj. Pashka e Zotit, Pashka, sepse nga vdekja n\u00eb jet\u00eb dhe nga toka n\u00eb qiell, Krishti Per\u00ebndi na \u00e7oi, duke k\u00ebnduar himnin e fitores\u201d. Me ngjalljen e Tij, Krishti ngriti bashk\u00eb me Veten t\u00eb gjith\u00eb natyr\u00ebn njer\u00ebzore, p\u00ebr t\u2019u b\u00ebr\u00eb Shp\u00ebtimtari i p\u00ebrjetsh\u00ebm, fuqia dhe ngush\u00ebllimi i besimtar\u00ebve.<\/span><\/p>\n<p class=\"MsoNormal\" style=\"text-align: justify; text-indent: 19.85pt; line-height: 18px;\">\n\t<span style=\"color: #000000; font-size: 12pt; font-family: helvetica;\">\u201cDit\u00ebn e Pashk\u00ebs s\u00eb shenjt\u00eb\u201d, shkruan sh\u00ebn Grigor Theologu, \u201ce konsideroj hyrje mistike n\u00eb t\u00eb mirat e p\u00ebrjetshme, sepse \u00ebsht\u00eb e kremtja e kalimit\u201d. Ajo, pra shpall kalimin nga vdekja n\u00eb jet\u00eb, nga kalimtarja n\u00eb p\u00ebrjet\u00ebsi.<\/span><\/p>\n<p class=\"ListParagraph\" style=\"text-align: center; text-indent: 19.85pt; line-height: 18px;\">\n\t&nbsp;<\/p>\n<p class=\"ListParagraph\" style=\"text-align: center; text-indent: 19.85pt; line-height: 18px;\">\n\t<span style=\"color: #000000; font-size: 12pt; font-family: helvetica;\">* *<\/span><\/p>\n<p class=\"ListParagraph\" style=\"text-align: center; text-indent: 19.85pt; line-height: 18px;\">\n\t&nbsp;<\/p>\n<p class=\"MsoNormal\" style=\"margin-bottom: 0.0001pt; text-align: justify; text-indent: 19.85pt; line-height: 18px;\">\n\t<span style=\"color: #000000; font-size: 12pt; font-family: helvetica;\"><strong>N<\/strong>\u00eb t\u00eb kremten e Pashk\u00ebs, Kisha jon\u00eb nuk na fton thjesht n\u00eb nj\u00eb mall\u00ebngjim sip\u00ebrfaq\u00ebsor, q\u00eb p\u00ebrk\u00ebdhel ndjenj\u00ebn fetare, por n\u00eb nj\u00eb dalje jetike: nga plog\u00ebshtia shpirt\u00ebrore n\u00eb vigjilenc\u00ebn e frym\u00ebs.<\/span><\/p>\n<p class=\"MsoNormal\" style=\"margin-bottom: 0.0001pt; text-align: justify; text-indent: 19.85pt; line-height: 18px;\">\n\t<span style=\"color: #000000; font-size: 12pt; font-family: helvetica;\">Duke kremtuar Pashk\u00ebn, ftohemi n\u00eb nj\u00eb l\u00ebvizje vetjake p\u00ebr t\u00eb dal\u00eb nga m\u00ebkati shum\u00ebform\u00ebsh dhe shpesh i v\u00ebshtir\u00eb p\u00ebr t\u2019u dalluar. Sipas terminologjis\u00eb s\u00eb sotme kjo do t\u00eb thot\u00eb dalje nga korrupsioni, g\u00ebnjeshtra, paligj\u00ebsia, mashtrimi, t\u00eb cilat ndotin n\u00eb forma t\u00eb ndryshme \u00e7do shtres\u00eb shoq\u00ebrore duke minuar kohezionin e popullit. Do t\u00eb thot\u00eb zgjedhje e vendosur e s\u00eb v\u00ebrtet\u00ebs dhe e ndershm\u00ebris\u00eb. Dalje nga indiferenca p\u00ebr hir t\u00eb drejt\u00ebsis\u00eb. Mobilizim q\u00eb t\u00eb mbizot\u00ebroj\u00eb e drejta n\u00eb ambientin ton\u00eb dhe m\u00eb gjer\u00eb n\u00eb shoq\u00ebrin\u00eb ton\u00eb.<\/span><\/p>\n<p class=\"MsoNormal\" style=\"margin-bottom: 0.0001pt; text-align: justify; text-indent: 19.85pt; line-height: 18px;\">\n\t&nbsp;<\/p>\n<p class=\"MsoNormal\" style=\"text-align: justify; text-indent: 19.85pt; line-height: 18px;\">\n\t<span style=\"color: #000000; font-size: 12pt; font-family: helvetica;\">Pashka na fton gjithashtu t\u00eb kalojm\u00eb nga egocentrizmi yn\u00eb n\u00eb v\u00ebllaz\u00ebrim me t\u00eb tjer\u00ebt. Lodhja, mosbesimi, shija e hidhur e jet\u00ebs son\u00eb t\u00eb p\u00ebrditshme na shtyjn\u00eb shpesh n\u00eb egocentriz\u00ebm. Sillemi v\u00ebrdall\u00eb rreth vetes, problemeve dhe interesave tona. \u00cbsht\u00eb detyr\u00eb urgjente dalja nga kulla \u201ce unit\u201d, q\u00eb t\u00eb takojm\u00eb t\u00eb tjer\u00ebt me mir\u00ebkuptim dhe respekt. \u201cPashka, le t\u00eb p\u00ebrqafojm\u00eb me g\u00ebzim nj\u00ebri &#8211; tjetrin\u201d. T\u2019u japim t\u00eb tjer\u00ebve falje, dhembshuri dhe dashuri jo t\u00eb shtirur. \u201cLe t\u2019i falim t\u00eb gjitha n\u00eb drit\u00ebn e Ngjalljes\u201d.<\/span><\/p>\n<p class=\"MsoNormal\" style=\"text-align: justify; text-indent: 19.85pt; line-height: 18px;\">\n\t&nbsp;<\/p>\n<p class=\"MsoNormal\" style=\"margin-bottom: 0.0001pt; text-align: justify; text-indent: 19.85pt; line-height: 18px;\">\n\t<span style=\"color: #000000; font-size: 12pt; font-family: helvetica;\">Nj\u00ebkoh\u00ebsisht, Pashka na fton t\u00eb dalim nga zona e ankthit, shkurajimit, n\u00eb at\u00eb t\u00eb shpres\u00ebs. T\u00eb dalim nga frika, q\u00eb mbush shpirtin ton\u00eb me hidh\u00ebrim t\u00eb thell\u00eb. \u201cO Pashka \u00e7liruese nga hidh\u00ebrimi!\u201d. Drita e Ngjalljes e mbush plot me shpres\u00eb mendjen dhe siguria q\u00eb na jep Krishti, i Cili p\u00ebsoi dhe u ngjall, e forcon shpirtin: \u201cN\u00eb bot\u00eb do t\u00eb keni shtr\u00ebngim, por kini guxim, un\u00eb e kam mundur bot\u00ebn\u201d (Jn. 16:33).<\/span><\/p>\n<p class=\"MsoNormal\" style=\"margin-bottom: 0.0001pt; text-align: justify; text-indent: 19.85pt; line-height: 18px;\">\n\t&nbsp;<\/p>\n<p class=\"MsoNormal\" style=\"margin-bottom: 0.0001pt; text-align: justify; text-indent: 19.85pt; line-height: 18px;\">\n\t<span style=\"color: #000000; font-size: 12pt; font-family: helvetica;\">Por q\u00eb k\u00ebto t\u00eb mos mbeten thjesht n\u00eb kuadrin e urimeve, nevojitet nj\u00eb kalim tjet\u00ebr i r\u00ebnd\u00ebsish\u00ebm: Nga mungesa e besimit ose besimi i pak\u00ebt n\u00eb besimin e gjall\u00eb n\u00eb Per\u00ebndin\u00eb, n\u00eb sigurin\u00eb p\u00ebr dobit\u00eb e vepr\u00ebs shp\u00ebtimtare t\u00eb Krishtit dhe kuptimin e Ngjalljes s\u00eb Tij. Edhe pse shum\u00eb jan\u00eb t\u00eb pag\u00ebzuar dhe deklarohen t\u00eb krishter\u00eb, besimi i tyre shpesh vegjeton ose \u00ebsht\u00eb n\u00eb vyshkje p\u00ebr shum\u00eb shkaqe: nga atmosfera e ndotur n\u00eb t\u00eb cil\u00ebn jetojm\u00eb, si edhe nga plog\u00ebshtia personale psikike.<\/span><\/p>\n<p class=\"MsoNormal\" style=\"margin-bottom: 0.0001pt; text-align: justify; text-indent: 19.85pt; line-height: 18px;\">\n\t&nbsp;<\/p>\n<p class=\"MsoNormal\" style=\"margin-bottom: 0.0001pt; text-align: justify; text-indent: 19.85pt; line-height: 18px;\">\n\t<span style=\"color: #000000; font-size: 12pt; font-family: helvetica;\">Sigurisht, vet\u00ebm me fuqit\u00eb tona, kalimet p\u00ebr t\u00eb cilat flasim jan\u00eb t\u00eb paarritshme. Por brenda n\u00eb Kish\u00eb, n\u00eb Trupin Mistik t\u00eb Krishtit, me fuqin\u00eb e lutjes dhe t\u00eb hirit t\u00eb mistereve familjarizohemi me fuqin\u00eb transformuese t\u00eb Ngjalljes s\u00eb Zotit. K\u00ebshtu p\u00ebrftojm\u00eb fuqi t\u00eb reja p\u00ebr k\u00ebto dalje shp\u00ebtimtare.<\/span><\/p>\n<p class=\"MsoNormal\" style=\"margin-bottom: 0.0001pt; text-align: justify; text-indent: 19.85pt; line-height: 18px;\">\n\t&nbsp;<\/p>\n<p class=\"MsoNormal\" style=\"margin-bottom: 0.0001pt; text-align: center; text-indent: 19.85pt; line-height: 18px;\">\n\t<span style=\"color: #000000; font-size: 12pt; font-family: helvetica;\">*&nbsp; *<\/span><\/p>\n<p class=\"MsoNormal\" style=\"margin-bottom: 0.0001pt; text-align: center; text-indent: 19.85pt; line-height: 18px;\">\n\t&nbsp;<\/p>\n<p class=\"MsoNormal\" style=\"margin-bottom: 0.0001pt; text-align: justify; text-indent: 19.85pt; line-height: 18px;\">\n\t<span style=\"color: #000000; font-size: 12pt; font-family: helvetica;\"><strong>V<\/strong>\u00ebllez\u00ebrit e mi, e kremtja e Pashk\u00ebs na fton dhe nj\u00ebkoh\u00ebsisht na frym\u00ebzon t\u00eb ecim p\u00ebrpara n\u00eb nj\u00eb kalim personal, n\u00eb nj\u00eb dalje nga format e shumta t\u00eb mundimeve t\u00eb cilat e zhvler\u00ebsojn\u00eb qenien njer\u00ebzore dhe gjithashtu t\u00eb punojm\u00eb m\u00eb me dinamiz\u00ebm p\u00ebr lart\u00ebsimin e gjith\u00eb shoq\u00ebris\u00eb.<\/span><\/p>\n<p class=\"MsoNormal\" style=\"margin-bottom: 0.0001pt; text-align: justify; text-indent: 19.85pt; line-height: 18px;\">\n\t&nbsp;<\/p>\n<p class=\"MsoNormal\" style=\"margin-bottom: 0.0001pt; text-align: justify; text-indent: 19.85pt; line-height: 18px;\">\n\t<span style=\"color: #000000; font-size: 12pt; font-family: helvetica;\">N\u00eb p\u00ebrsh\u00ebndetjen \u201cG\u00ebzuar Pashk\u00ebt!\u201d, q\u00eb mbizot\u00ebron mes nesh gjat\u00eb k\u00ebtyre dit\u00ebve, p\u00ebrmblidhet ftesa p\u00ebr nj\u00eb dalje shp\u00ebtimtare: Nga hipokrizia dhe paligj\u00ebsia, n\u00eb t\u00eb v\u00ebrtet\u00eb dhe drejt\u00ebsi. Nga izolimi i egocentrizmit ton\u00eb, n\u00eb solidaritetin aktiv. Nga shkurajimi dhe frika, n\u00eb shpres\u00eb dhe g\u00ebzim paq\u00ebsor. Nga besimi i pak\u00ebt, n\u00eb besim t\u00eb nd\u00ebrgjegjsh\u00ebm.<\/span><\/p>\n<p class=\"MsoNormal\" style=\"margin-bottom: 0.0001pt; text-align: justify; text-indent: 19.85pt; line-height: 18px;\">\n\t&nbsp;<\/p>\n<p class=\"MsoNormal\" style=\"margin-bottom: 0.0001pt; text-align: justify; text-indent: 19.85pt; line-height: 18px;\">\n\t<span style=\"color: #000000; font-size: 12pt; font-family: helvetica;\">Pashka shk\u00eblqimprur\u00ebse na fton p\u00ebr nj\u00eb dalje vendimtare nga ajo \u00e7ka jemi n\u00eb at\u00eb q\u00eb Zoti i ngjallur d\u00ebshiron t\u00eb b\u00ebhemi: njer\u00ebz q\u00eb do t\u00eb shijojm\u00eb dashurin\u00eb e Tij dhe do ta rrezatojm\u00eb at\u00eb.<\/span><\/p>\n<p class=\"MsoNormal\" style=\"margin-bottom: 0.0001pt; text-align: justify; text-indent: 19.85pt; line-height: 18px;\">\n\t&nbsp;<\/p>\n<p class=\"MsoNormal\" style=\"margin-bottom: 0.0001pt; text-align: justify; text-indent: 19.85pt; line-height: 18px;\">\n\t&nbsp;<\/p>\n<p class=\"MsoNormal\" style=\"margin-bottom: 0.0001pt; text-align: justify; text-indent: 19.85pt; line-height: 18px;\">\n\t&nbsp;<\/p>\n<p class=\"MsoNormal\" style=\"margin-bottom: 0.0001pt; text-align: center; text-indent: 19.85pt; line-height: 18px;\">\n\t<span style=\"color: #000000; font-size: 12pt; font-family: helvetica;\">G\u00ebzuar Pashk\u00ebt, v\u00ebllez\u00ebrit e mi! Krishti u Ngjall!<\/span><\/p>\n","protected":false},"excerpt":{"rendered":"<p>&nbsp; &nbsp; Kisha Orthodhokse Autoqefale e Shqip\u00ebris\u00eb &nbsp; Pashk\u00eb 2012 \u2020 Anastasi Kryepiskop i Tiran\u00ebs, Durr\u00ebsit dhe i gjith\u00eb Shqip\u00ebris\u00eb &nbsp; &nbsp; &nbsp; &nbsp; &nbsp;&nbsp;&nbsp;&nbsp;&nbsp;&nbsp; Klerit dhe popullit shpres\u00ebtar Orthodhoks, &nbsp;&nbsp;&nbsp;&nbsp;&nbsp; Bij t\u00eb shtrenjt\u00eb m\u00eb Zotin &nbsp;&nbsp;&nbsp;&nbsp;&nbsp;&nbsp;&nbsp;&nbsp;&nbsp;&nbsp;&nbsp;&nbsp;&nbsp;&nbsp;&nbsp;&nbsp;&nbsp;&nbsp;&nbsp;&nbsp;&nbsp;&nbsp;&nbsp;&nbsp;&nbsp;&nbsp;&nbsp;&nbsp;&nbsp;&nbsp;&nbsp;&nbsp;&nbsp;&nbsp;&nbsp;&nbsp;&nbsp;&nbsp;&nbsp;&nbsp;&nbsp;&nbsp;&nbsp;&nbsp;&nbsp;&nbsp;&nbsp;&nbsp;&nbsp; &nbsp;&nbsp;&nbsp;&nbsp;&nbsp;&nbsp;&nbsp;&nbsp;&nbsp;&nbsp;&nbsp;&nbsp;&nbsp;&nbsp;&nbsp;&nbsp;&nbsp;&nbsp;&nbsp;&nbsp;&nbsp;&nbsp;&nbsp;&nbsp;&nbsp;&nbsp;&nbsp;&nbsp;&nbsp;&nbsp;&nbsp;&nbsp;&nbsp;&nbsp;&nbsp;&nbsp;&nbsp; &nbsp;&nbsp;&nbsp;&nbsp;&nbsp;&nbsp;&nbsp;&nbsp;&nbsp;&nbsp;&nbsp;&nbsp;&nbsp;&nbsp;&nbsp;&nbsp;&nbsp;&nbsp;&nbsp;&nbsp;&nbsp;&nbsp;&nbsp;&nbsp;&nbsp;&nbsp;&nbsp;&nbsp;&nbsp;&nbsp;&nbsp;&nbsp;&nbsp;&nbsp;&nbsp;&nbsp;&nbsp;&nbsp;&nbsp;&nbsp;&nbsp;&nbsp;&nbsp;&nbsp;&nbsp;&nbsp;&nbsp;&nbsp;&nbsp;&nbsp;&nbsp;&nbsp;&nbsp;&nbsp;&nbsp;&nbsp;&nbsp;&nbsp;&nbsp;&nbsp; \u201cPashka hierore na u shfaq neve sot\u2026\u201d \u00c7do vit kremtojm\u00eb solemnisht dhe me entuziaz\u00ebm t\u00eb shenjt\u00eb, \u201ct\u00eb kremten e t\u00eb kremteve\u201d. \u201cPashka hierore na u shfaq<\/p>\n","protected":false},"author":1,"featured_media":0,"comment_status":"open","ping_status":"open","sticky":false,"template":"","format":"standard","meta":{"_acf_changed":false,"pagelayer_contact_templates":[],"_pagelayer_content":"","inline_featured_image":false,"fifu_image_url":"","fifu_image_alt":"","footnotes":""},"categories":[108],"tags":[142,196,201,212,152,189],"class_list":["post-190","post","type-post","status-publish","format-standard","hentry","category-lajme","tag-142","tag-tirane","tag-kryepiskopi-anastas","tag-lajme-d27","tag-mesazhet-festive-d19","tag-pashke-2014"],"acf":[],"yoast_head":"<!-- This site is optimized with the Yoast SEO plugin v27.2 - https:\/\/yoast.com\/product\/yoast-seo-wordpress\/ -->\n<title>PASHK\u00cb 2012 DALJE... KALIM Anastasi Kryepiskop i Tiran\u00ebs, Durr\u00ebsit dhe i gjith\u00eb Shqip\u00ebris\u00eb. (Prill 2012) - Kisha Orthodh\u03bfkse Autoqefale e Shqip\u00ebris\u00eb<\/title>\n<meta name=\"robots\" content=\"index, follow, max-snippet:-1, max-image-preview:large, max-video-preview:-1\" \/>\n<link rel=\"canonical\" href=\"https:\/\/orthodoxalbania.org\/2020\/2013\/03\/21\/pashke-2012-dalje-kalim-anastasi-kryepiskop-i-tiranes-durresit-dhe-i-gjithe-shqiperise\/\" \/>\n<meta property=\"og:locale\" content=\"en_US\" \/>\n<meta property=\"og:type\" content=\"article\" \/>\n<meta property=\"og:title\" content=\"PASHK\u00cb 2012 DALJE... KALIM Anastasi Kryepiskop i Tiran\u00ebs, Durr\u00ebsit dhe i gjith\u00eb Shqip\u00ebris\u00eb. (Prill 2012) - Kisha Orthodh\u03bfkse Autoqefale e Shqip\u00ebris\u00eb\" \/>\n<meta property=\"og:description\" content=\"&nbsp; &nbsp; Kisha Orthodhokse Autoqefale e Shqip\u00ebris\u00eb &nbsp; Pashk\u00eb 2012 \u2020 Anastasi Kryepiskop i Tiran\u00ebs, Durr\u00ebsit dhe i gjith\u00eb Shqip\u00ebris\u00eb &nbsp; &nbsp; &nbsp; &nbsp; &nbsp;&nbsp;&nbsp;&nbsp;&nbsp;&nbsp; Klerit dhe popullit shpres\u00ebtar Orthodhoks, &nbsp;&nbsp;&nbsp;&nbsp;&nbsp; Bij t\u00eb shtrenjt\u00eb m\u00eb Zotin &nbsp;&nbsp;&nbsp;&nbsp;&nbsp;&nbsp;&nbsp;&nbsp;&nbsp;&nbsp;&nbsp;&nbsp;&nbsp;&nbsp;&nbsp;&nbsp;&nbsp;&nbsp;&nbsp;&nbsp;&nbsp;&nbsp;&nbsp;&nbsp;&nbsp;&nbsp;&nbsp;&nbsp;&nbsp;&nbsp;&nbsp;&nbsp;&nbsp;&nbsp;&nbsp;&nbsp;&nbsp;&nbsp;&nbsp;&nbsp;&nbsp;&nbsp;&nbsp;&nbsp;&nbsp;&nbsp;&nbsp;&nbsp;&nbsp; &nbsp;&nbsp;&nbsp;&nbsp;&nbsp;&nbsp;&nbsp;&nbsp;&nbsp;&nbsp;&nbsp;&nbsp;&nbsp;&nbsp;&nbsp;&nbsp;&nbsp;&nbsp;&nbsp;&nbsp;&nbsp;&nbsp;&nbsp;&nbsp;&nbsp;&nbsp;&nbsp;&nbsp;&nbsp;&nbsp;&nbsp;&nbsp;&nbsp;&nbsp;&nbsp;&nbsp;&nbsp; &nbsp;&nbsp;&nbsp;&nbsp;&nbsp;&nbsp;&nbsp;&nbsp;&nbsp;&nbsp;&nbsp;&nbsp;&nbsp;&nbsp;&nbsp;&nbsp;&nbsp;&nbsp;&nbsp;&nbsp;&nbsp;&nbsp;&nbsp;&nbsp;&nbsp;&nbsp;&nbsp;&nbsp;&nbsp;&nbsp;&nbsp;&nbsp;&nbsp;&nbsp;&nbsp;&nbsp;&nbsp;&nbsp;&nbsp;&nbsp;&nbsp;&nbsp;&nbsp;&nbsp;&nbsp;&nbsp;&nbsp;&nbsp;&nbsp;&nbsp;&nbsp;&nbsp;&nbsp;&nbsp;&nbsp;&nbsp;&nbsp;&nbsp;&nbsp;&nbsp; \u201cPashka hierore na u shfaq neve sot\u2026\u201d \u00c7do vit kremtojm\u00eb solemnisht dhe me entuziaz\u00ebm t\u00eb shenjt\u00eb, \u201ct\u00eb kremten e t\u00eb kremteve\u201d. \u201cPashka hierore na u shfaq\" \/>\n<meta property=\"og:url\" content=\"https:\/\/orthodoxalbania.org\/2020\/2013\/03\/21\/pashke-2012-dalje-kalim-anastasi-kryepiskop-i-tiranes-durresit-dhe-i-gjithe-shqiperise\/\" \/>\n<meta property=\"og:site_name\" content=\"Kisha Orthodh\u03bfkse Autoqefale e Shqip\u00ebris\u00eb\" \/>\n<meta property=\"article:publisher\" content=\"https:\/\/www.facebook.com\/koash1991\" \/>\n<meta property=\"article:published_time\" content=\"2013-03-21T10:39:59+00:00\" \/>\n<meta property=\"article:modified_time\" content=\"2020-04-06T20:06:07+00:00\" \/>\n<meta property=\"og:image\" content=\"https:\/\/lh3.googleusercontent.com\/-0XaSr7tg_9w\/U_NB8PwotlI\/AAAAAAAAA2g\/QXaauIV8bCc\/s577-no\/logo.png\" \/>\n<meta name=\"author\" content=\"Kisha Orthodhokse\" \/>\n<meta name=\"twitter:card\" content=\"summary_large_image\" \/>\n<meta name=\"twitter:label1\" content=\"Written by\" \/>\n\t<meta name=\"twitter:data1\" content=\"Kisha Orthodhokse\" \/>\n\t<meta name=\"twitter:label2\" content=\"Est. reading time\" \/>\n\t<meta name=\"twitter:data2\" content=\"6 minutes\" \/>\n<script type=\"application\/ld+json\" class=\"yoast-schema-graph\">{\"@context\":\"https:\/\/schema.org\",\"@graph\":[{\"@type\":\"Article\",\"@id\":\"https:\/\/orthodoxalbania.org\/2020\/2013\/03\/21\/pashke-2012-dalje-kalim-anastasi-kryepiskop-i-tiranes-durresit-dhe-i-gjithe-shqiperise\/#article\",\"isPartOf\":{\"@id\":\"https:\/\/orthodoxalbania.org\/2020\/2013\/03\/21\/pashke-2012-dalje-kalim-anastasi-kryepiskop-i-tiranes-durresit-dhe-i-gjithe-shqiperise\/\"},\"author\":{\"name\":\"Kisha Orthodhokse\",\"@id\":\"https:\/\/orthodoxalbania.org\/2020\/#\/schema\/person\/0c387634a7063ac612d7ed9ce71c7e86\"},\"headline\":\"PASHK\u00cb 2012 DALJE&#8230; KALIM Anastasi Kryepiskop i Tiran\u00ebs, Durr\u00ebsit dhe i gjith\u00eb Shqip\u00ebris\u00eb. (Prill 2012)\",\"datePublished\":\"2013-03-21T10:39:59+00:00\",\"dateModified\":\"2020-04-06T20:06:07+00:00\",\"mainEntityOfPage\":{\"@id\":\"https:\/\/orthodoxalbania.org\/2020\/2013\/03\/21\/pashke-2012-dalje-kalim-anastasi-kryepiskop-i-tiranes-durresit-dhe-i-gjithe-shqiperise\/\"},\"wordCount\":1299,\"commentCount\":0,\"publisher\":{\"@id\":\"https:\/\/orthodoxalbania.org\/2020\/#organization\"},\"image\":{\"@id\":\"https:\/\/orthodoxalbania.org\/2020\/2013\/03\/21\/pashke-2012-dalje-kalim-anastasi-kryepiskop-i-tiranes-durresit-dhe-i-gjithe-shqiperise\/#primaryimage\"},\"thumbnailUrl\":\"https:\/\/lh3.googleusercontent.com\/-0XaSr7tg_9w\/U_NB8PwotlI\/AAAAAAAAA2g\/QXaauIV8bCc\/s577-no\/logo.png\",\"keywords\":[\"2012\",\"Kryepiskopata Tiran\u00eb\",\"Kryepiskopi Anastas\",\"lajme\",\"Mesazhet Festive\",\"Pashk\u00eb\"],\"articleSection\":[\"Lajme\"],\"inLanguage\":\"en-US\"},{\"@type\":\"WebPage\",\"@id\":\"https:\/\/orthodoxalbania.org\/2020\/2013\/03\/21\/pashke-2012-dalje-kalim-anastasi-kryepiskop-i-tiranes-durresit-dhe-i-gjithe-shqiperise\/\",\"url\":\"https:\/\/orthodoxalbania.org\/2020\/2013\/03\/21\/pashke-2012-dalje-kalim-anastasi-kryepiskop-i-tiranes-durresit-dhe-i-gjithe-shqiperise\/\",\"name\":\"PASHK\u00cb 2012 DALJE... KALIM Anastasi Kryepiskop i Tiran\u00ebs, Durr\u00ebsit dhe i gjith\u00eb Shqip\u00ebris\u00eb. (Prill 2012) - Kisha Orthodh\u03bfkse Autoqefale e Shqip\u00ebris\u00eb\",\"isPartOf\":{\"@id\":\"https:\/\/orthodoxalbania.org\/2020\/#website\"},\"primaryImageOfPage\":{\"@id\":\"https:\/\/orthodoxalbania.org\/2020\/2013\/03\/21\/pashke-2012-dalje-kalim-anastasi-kryepiskop-i-tiranes-durresit-dhe-i-gjithe-shqiperise\/#primaryimage\"},\"image\":{\"@id\":\"https:\/\/orthodoxalbania.org\/2020\/2013\/03\/21\/pashke-2012-dalje-kalim-anastasi-kryepiskop-i-tiranes-durresit-dhe-i-gjithe-shqiperise\/#primaryimage\"},\"thumbnailUrl\":\"https:\/\/lh3.googleusercontent.com\/-0XaSr7tg_9w\/U_NB8PwotlI\/AAAAAAAAA2g\/QXaauIV8bCc\/s577-no\/logo.png\",\"datePublished\":\"2013-03-21T10:39:59+00:00\",\"dateModified\":\"2020-04-06T20:06:07+00:00\",\"breadcrumb\":{\"@id\":\"https:\/\/orthodoxalbania.org\/2020\/2013\/03\/21\/pashke-2012-dalje-kalim-anastasi-kryepiskop-i-tiranes-durresit-dhe-i-gjithe-shqiperise\/#breadcrumb\"},\"inLanguage\":\"en-US\",\"potentialAction\":[{\"@type\":\"ReadAction\",\"target\":[\"https:\/\/orthodoxalbania.org\/2020\/2013\/03\/21\/pashke-2012-dalje-kalim-anastasi-kryepiskop-i-tiranes-durresit-dhe-i-gjithe-shqiperise\/\"]}]},{\"@type\":\"ImageObject\",\"inLanguage\":\"en-US\",\"@id\":\"https:\/\/orthodoxalbania.org\/2020\/2013\/03\/21\/pashke-2012-dalje-kalim-anastasi-kryepiskop-i-tiranes-durresit-dhe-i-gjithe-shqiperise\/#primaryimage\",\"url\":\"https:\/\/lh3.googleusercontent.com\/-0XaSr7tg_9w\/U_NB8PwotlI\/AAAAAAAAA2g\/QXaauIV8bCc\/s577-no\/logo.png\",\"contentUrl\":\"https:\/\/lh3.googleusercontent.com\/-0XaSr7tg_9w\/U_NB8PwotlI\/AAAAAAAAA2g\/QXaauIV8bCc\/s577-no\/logo.png\"},{\"@type\":\"BreadcrumbList\",\"@id\":\"https:\/\/orthodoxalbania.org\/2020\/2013\/03\/21\/pashke-2012-dalje-kalim-anastasi-kryepiskop-i-tiranes-durresit-dhe-i-gjithe-shqiperise\/#breadcrumb\",\"itemListElement\":[{\"@type\":\"ListItem\",\"position\":1,\"name\":\"Home\",\"item\":\"https:\/\/orthodoxalbania.org\/2020\/\"},{\"@type\":\"ListItem\",\"position\":2,\"name\":\"PASHK\u00cb 2012 DALJE&#8230; KALIM Anastasi Kryepiskop i Tiran\u00ebs, Durr\u00ebsit dhe i gjith\u00eb Shqip\u00ebris\u00eb. (Prill 2012)\"}]},{\"@type\":\"WebSite\",\"@id\":\"https:\/\/orthodoxalbania.org\/2020\/#website\",\"url\":\"https:\/\/orthodoxalbania.org\/2020\/\",\"name\":\"Kisha Orthodh\u03bfkse Autoqefale e Shqip\u00ebris\u00eb\",\"description\":\"Fqja Zyrtare e Kish\u00ebs Orthodhokse Autoqefale e Shqip\u00ebris\u00eb me lajmet edhe informacionet zyrtare p\u00ebr struktur\u00ebn edhe veprimtarin e saj.\",\"publisher\":{\"@id\":\"https:\/\/orthodoxalbania.org\/2020\/#organization\"},\"potentialAction\":[{\"@type\":\"SearchAction\",\"target\":{\"@type\":\"EntryPoint\",\"urlTemplate\":\"https:\/\/orthodoxalbania.org\/2020\/?s={search_term_string}\"},\"query-input\":{\"@type\":\"PropertyValueSpecification\",\"valueRequired\":true,\"valueName\":\"search_term_string\"}}],\"inLanguage\":\"en-US\"},{\"@type\":\"Organization\",\"@id\":\"https:\/\/orthodoxalbania.org\/2020\/#organization\",\"name\":\"Kisha Orthodhokse Autoqefale e Shqip\u00ebris\u00eb\",\"url\":\"https:\/\/orthodoxalbania.org\/2020\/\",\"logo\":{\"@type\":\"ImageObject\",\"inLanguage\":\"en-US\",\"@id\":\"https:\/\/orthodoxalbania.org\/2020\/#\/schema\/logo\/image\/\",\"url\":\"https:\/\/orthodoxalbania.org\/2020\/wp-content\/uploads\/2020\/05\/albania.jpeg\",\"contentUrl\":\"https:\/\/orthodoxalbania.org\/2020\/wp-content\/uploads\/2020\/05\/albania.jpeg\",\"width\":540,\"height\":540,\"caption\":\"Kisha Orthodhokse Autoqefale e Shqip\u00ebris\u00eb\"},\"image\":{\"@id\":\"https:\/\/orthodoxalbania.org\/2020\/#\/schema\/logo\/image\/\"},\"sameAs\":[\"https:\/\/www.facebook.com\/koash1991\"]},{\"@type\":\"Person\",\"@id\":\"https:\/\/orthodoxalbania.org\/2020\/#\/schema\/person\/0c387634a7063ac612d7ed9ce71c7e86\",\"name\":\"Kisha Orthodhokse\",\"image\":{\"@type\":\"ImageObject\",\"inLanguage\":\"en-US\",\"@id\":\"https:\/\/secure.gravatar.com\/avatar\/596e7c417251e30f2fbb9c00e026fce61a695a00e51c889caded71c96cbbdde5?s=96&d=mm&r=g\",\"url\":\"https:\/\/secure.gravatar.com\/avatar\/596e7c417251e30f2fbb9c00e026fce61a695a00e51c889caded71c96cbbdde5?s=96&d=mm&r=g\",\"contentUrl\":\"https:\/\/secure.gravatar.com\/avatar\/596e7c417251e30f2fbb9c00e026fce61a695a00e51c889caded71c96cbbdde5?s=96&d=mm&r=g\",\"caption\":\"Kisha Orthodhokse\"}}]}<\/script>\n<!-- \/ Yoast SEO plugin. -->","yoast_head_json":{"title":"PASHK\u00cb 2012 DALJE... KALIM Anastasi Kryepiskop i Tiran\u00ebs, Durr\u00ebsit dhe i gjith\u00eb Shqip\u00ebris\u00eb. (Prill 2012) - Kisha Orthodh\u03bfkse Autoqefale e Shqip\u00ebris\u00eb","robots":{"index":"index","follow":"follow","max-snippet":"max-snippet:-1","max-image-preview":"max-image-preview:large","max-video-preview":"max-video-preview:-1"},"canonical":"https:\/\/orthodoxalbania.org\/2020\/2013\/03\/21\/pashke-2012-dalje-kalim-anastasi-kryepiskop-i-tiranes-durresit-dhe-i-gjithe-shqiperise\/","og_locale":"en_US","og_type":"article","og_title":"PASHK\u00cb 2012 DALJE... KALIM Anastasi Kryepiskop i Tiran\u00ebs, Durr\u00ebsit dhe i gjith\u00eb Shqip\u00ebris\u00eb. (Prill 2012) - Kisha Orthodh\u03bfkse Autoqefale e Shqip\u00ebris\u00eb","og_description":"&nbsp; &nbsp; Kisha Orthodhokse Autoqefale e Shqip\u00ebris\u00eb &nbsp; Pashk\u00eb 2012 \u2020 Anastasi Kryepiskop i Tiran\u00ebs, Durr\u00ebsit dhe i gjith\u00eb Shqip\u00ebris\u00eb &nbsp; &nbsp; &nbsp; &nbsp; &nbsp;&nbsp;&nbsp;&nbsp;&nbsp;&nbsp; Klerit dhe popullit shpres\u00ebtar Orthodhoks, &nbsp;&nbsp;&nbsp;&nbsp;&nbsp; Bij t\u00eb shtrenjt\u00eb m\u00eb Zotin &nbsp;&nbsp;&nbsp;&nbsp;&nbsp;&nbsp;&nbsp;&nbsp;&nbsp;&nbsp;&nbsp;&nbsp;&nbsp;&nbsp;&nbsp;&nbsp;&nbsp;&nbsp;&nbsp;&nbsp;&nbsp;&nbsp;&nbsp;&nbsp;&nbsp;&nbsp;&nbsp;&nbsp;&nbsp;&nbsp;&nbsp;&nbsp;&nbsp;&nbsp;&nbsp;&nbsp;&nbsp;&nbsp;&nbsp;&nbsp;&nbsp;&nbsp;&nbsp;&nbsp;&nbsp;&nbsp;&nbsp;&nbsp;&nbsp; &nbsp;&nbsp;&nbsp;&nbsp;&nbsp;&nbsp;&nbsp;&nbsp;&nbsp;&nbsp;&nbsp;&nbsp;&nbsp;&nbsp;&nbsp;&nbsp;&nbsp;&nbsp;&nbsp;&nbsp;&nbsp;&nbsp;&nbsp;&nbsp;&nbsp;&nbsp;&nbsp;&nbsp;&nbsp;&nbsp;&nbsp;&nbsp;&nbsp;&nbsp;&nbsp;&nbsp;&nbsp; &nbsp;&nbsp;&nbsp;&nbsp;&nbsp;&nbsp;&nbsp;&nbsp;&nbsp;&nbsp;&nbsp;&nbsp;&nbsp;&nbsp;&nbsp;&nbsp;&nbsp;&nbsp;&nbsp;&nbsp;&nbsp;&nbsp;&nbsp;&nbsp;&nbsp;&nbsp;&nbsp;&nbsp;&nbsp;&nbsp;&nbsp;&nbsp;&nbsp;&nbsp;&nbsp;&nbsp;&nbsp;&nbsp;&nbsp;&nbsp;&nbsp;&nbsp;&nbsp;&nbsp;&nbsp;&nbsp;&nbsp;&nbsp;&nbsp;&nbsp;&nbsp;&nbsp;&nbsp;&nbsp;&nbsp;&nbsp;&nbsp;&nbsp;&nbsp;&nbsp; \u201cPashka hierore na u shfaq neve sot\u2026\u201d \u00c7do vit kremtojm\u00eb solemnisht dhe me entuziaz\u00ebm t\u00eb shenjt\u00eb, \u201ct\u00eb kremten e t\u00eb kremteve\u201d. \u201cPashka hierore na u shfaq","og_url":"https:\/\/orthodoxalbania.org\/2020\/2013\/03\/21\/pashke-2012-dalje-kalim-anastasi-kryepiskop-i-tiranes-durresit-dhe-i-gjithe-shqiperise\/","og_site_name":"Kisha Orthodh\u03bfkse Autoqefale e Shqip\u00ebris\u00eb","article_publisher":"https:\/\/www.facebook.com\/koash1991","article_published_time":"2013-03-21T10:39:59+00:00","article_modified_time":"2020-04-06T20:06:07+00:00","og_image":[{"url":"https:\/\/lh3.googleusercontent.com\/-0XaSr7tg_9w\/U_NB8PwotlI\/AAAAAAAAA2g\/QXaauIV8bCc\/s577-no\/logo.png","type":"","width":"","height":""}],"author":"Kisha Orthodhokse","twitter_card":"summary_large_image","twitter_misc":{"Written by":"Kisha Orthodhokse","Est. reading time":"6 minutes"},"schema":{"@context":"https:\/\/schema.org","@graph":[{"@type":"Article","@id":"https:\/\/orthodoxalbania.org\/2020\/2013\/03\/21\/pashke-2012-dalje-kalim-anastasi-kryepiskop-i-tiranes-durresit-dhe-i-gjithe-shqiperise\/#article","isPartOf":{"@id":"https:\/\/orthodoxalbania.org\/2020\/2013\/03\/21\/pashke-2012-dalje-kalim-anastasi-kryepiskop-i-tiranes-durresit-dhe-i-gjithe-shqiperise\/"},"author":{"name":"Kisha Orthodhokse","@id":"https:\/\/orthodoxalbania.org\/2020\/#\/schema\/person\/0c387634a7063ac612d7ed9ce71c7e86"},"headline":"PASHK\u00cb 2012 DALJE&#8230; KALIM Anastasi Kryepiskop i Tiran\u00ebs, Durr\u00ebsit dhe i gjith\u00eb Shqip\u00ebris\u00eb. (Prill 2012)","datePublished":"2013-03-21T10:39:59+00:00","dateModified":"2020-04-06T20:06:07+00:00","mainEntityOfPage":{"@id":"https:\/\/orthodoxalbania.org\/2020\/2013\/03\/21\/pashke-2012-dalje-kalim-anastasi-kryepiskop-i-tiranes-durresit-dhe-i-gjithe-shqiperise\/"},"wordCount":1299,"commentCount":0,"publisher":{"@id":"https:\/\/orthodoxalbania.org\/2020\/#organization"},"image":{"@id":"https:\/\/orthodoxalbania.org\/2020\/2013\/03\/21\/pashke-2012-dalje-kalim-anastasi-kryepiskop-i-tiranes-durresit-dhe-i-gjithe-shqiperise\/#primaryimage"},"thumbnailUrl":"https:\/\/lh3.googleusercontent.com\/-0XaSr7tg_9w\/U_NB8PwotlI\/AAAAAAAAA2g\/QXaauIV8bCc\/s577-no\/logo.png","keywords":["2012","Kryepiskopata Tiran\u00eb","Kryepiskopi Anastas","lajme","Mesazhet Festive","Pashk\u00eb"],"articleSection":["Lajme"],"inLanguage":"en-US"},{"@type":"WebPage","@id":"https:\/\/orthodoxalbania.org\/2020\/2013\/03\/21\/pashke-2012-dalje-kalim-anastasi-kryepiskop-i-tiranes-durresit-dhe-i-gjithe-shqiperise\/","url":"https:\/\/orthodoxalbania.org\/2020\/2013\/03\/21\/pashke-2012-dalje-kalim-anastasi-kryepiskop-i-tiranes-durresit-dhe-i-gjithe-shqiperise\/","name":"PASHK\u00cb 2012 DALJE... KALIM Anastasi Kryepiskop i Tiran\u00ebs, Durr\u00ebsit dhe i gjith\u00eb Shqip\u00ebris\u00eb. (Prill 2012) - Kisha Orthodh\u03bfkse Autoqefale e Shqip\u00ebris\u00eb","isPartOf":{"@id":"https:\/\/orthodoxalbania.org\/2020\/#website"},"primaryImageOfPage":{"@id":"https:\/\/orthodoxalbania.org\/2020\/2013\/03\/21\/pashke-2012-dalje-kalim-anastasi-kryepiskop-i-tiranes-durresit-dhe-i-gjithe-shqiperise\/#primaryimage"},"image":{"@id":"https:\/\/orthodoxalbania.org\/2020\/2013\/03\/21\/pashke-2012-dalje-kalim-anastasi-kryepiskop-i-tiranes-durresit-dhe-i-gjithe-shqiperise\/#primaryimage"},"thumbnailUrl":"https:\/\/lh3.googleusercontent.com\/-0XaSr7tg_9w\/U_NB8PwotlI\/AAAAAAAAA2g\/QXaauIV8bCc\/s577-no\/logo.png","datePublished":"2013-03-21T10:39:59+00:00","dateModified":"2020-04-06T20:06:07+00:00","breadcrumb":{"@id":"https:\/\/orthodoxalbania.org\/2020\/2013\/03\/21\/pashke-2012-dalje-kalim-anastasi-kryepiskop-i-tiranes-durresit-dhe-i-gjithe-shqiperise\/#breadcrumb"},"inLanguage":"en-US","potentialAction":[{"@type":"ReadAction","target":["https:\/\/orthodoxalbania.org\/2020\/2013\/03\/21\/pashke-2012-dalje-kalim-anastasi-kryepiskop-i-tiranes-durresit-dhe-i-gjithe-shqiperise\/"]}]},{"@type":"ImageObject","inLanguage":"en-US","@id":"https:\/\/orthodoxalbania.org\/2020\/2013\/03\/21\/pashke-2012-dalje-kalim-anastasi-kryepiskop-i-tiranes-durresit-dhe-i-gjithe-shqiperise\/#primaryimage","url":"https:\/\/lh3.googleusercontent.com\/-0XaSr7tg_9w\/U_NB8PwotlI\/AAAAAAAAA2g\/QXaauIV8bCc\/s577-no\/logo.png","contentUrl":"https:\/\/lh3.googleusercontent.com\/-0XaSr7tg_9w\/U_NB8PwotlI\/AAAAAAAAA2g\/QXaauIV8bCc\/s577-no\/logo.png"},{"@type":"BreadcrumbList","@id":"https:\/\/orthodoxalbania.org\/2020\/2013\/03\/21\/pashke-2012-dalje-kalim-anastasi-kryepiskop-i-tiranes-durresit-dhe-i-gjithe-shqiperise\/#breadcrumb","itemListElement":[{"@type":"ListItem","position":1,"name":"Home","item":"https:\/\/orthodoxalbania.org\/2020\/"},{"@type":"ListItem","position":2,"name":"PASHK\u00cb 2012 DALJE&#8230; KALIM Anastasi Kryepiskop i Tiran\u00ebs, Durr\u00ebsit dhe i gjith\u00eb Shqip\u00ebris\u00eb. (Prill 2012)"}]},{"@type":"WebSite","@id":"https:\/\/orthodoxalbania.org\/2020\/#website","url":"https:\/\/orthodoxalbania.org\/2020\/","name":"Kisha Orthodh\u03bfkse Autoqefale e Shqip\u00ebris\u00eb","description":"Fqja Zyrtare e Kish\u00ebs Orthodhokse Autoqefale e Shqip\u00ebris\u00eb me lajmet edhe informacionet zyrtare p\u00ebr struktur\u00ebn edhe veprimtarin e saj.","publisher":{"@id":"https:\/\/orthodoxalbania.org\/2020\/#organization"},"potentialAction":[{"@type":"SearchAction","target":{"@type":"EntryPoint","urlTemplate":"https:\/\/orthodoxalbania.org\/2020\/?s={search_term_string}"},"query-input":{"@type":"PropertyValueSpecification","valueRequired":true,"valueName":"search_term_string"}}],"inLanguage":"en-US"},{"@type":"Organization","@id":"https:\/\/orthodoxalbania.org\/2020\/#organization","name":"Kisha Orthodhokse Autoqefale e Shqip\u00ebris\u00eb","url":"https:\/\/orthodoxalbania.org\/2020\/","logo":{"@type":"ImageObject","inLanguage":"en-US","@id":"https:\/\/orthodoxalbania.org\/2020\/#\/schema\/logo\/image\/","url":"https:\/\/orthodoxalbania.org\/2020\/wp-content\/uploads\/2020\/05\/albania.jpeg","contentUrl":"https:\/\/orthodoxalbania.org\/2020\/wp-content\/uploads\/2020\/05\/albania.jpeg","width":540,"height":540,"caption":"Kisha Orthodhokse Autoqefale e Shqip\u00ebris\u00eb"},"image":{"@id":"https:\/\/orthodoxalbania.org\/2020\/#\/schema\/logo\/image\/"},"sameAs":["https:\/\/www.facebook.com\/koash1991"]},{"@type":"Person","@id":"https:\/\/orthodoxalbania.org\/2020\/#\/schema\/person\/0c387634a7063ac612d7ed9ce71c7e86","name":"Kisha Orthodhokse","image":{"@type":"ImageObject","inLanguage":"en-US","@id":"https:\/\/secure.gravatar.com\/avatar\/596e7c417251e30f2fbb9c00e026fce61a695a00e51c889caded71c96cbbdde5?s=96&d=mm&r=g","url":"https:\/\/secure.gravatar.com\/avatar\/596e7c417251e30f2fbb9c00e026fce61a695a00e51c889caded71c96cbbdde5?s=96&d=mm&r=g","contentUrl":"https:\/\/secure.gravatar.com\/avatar\/596e7c417251e30f2fbb9c00e026fce61a695a00e51c889caded71c96cbbdde5?s=96&d=mm&r=g","caption":"Kisha Orthodhokse"}}]}},"_links":{"self":[{"href":"https:\/\/orthodoxalbania.org\/2020\/wp-json\/wp\/v2\/posts\/190","targetHints":{"allow":["GET"]}}],"collection":[{"href":"https:\/\/orthodoxalbania.org\/2020\/wp-json\/wp\/v2\/posts"}],"about":[{"href":"https:\/\/orthodoxalbania.org\/2020\/wp-json\/wp\/v2\/types\/post"}],"author":[{"embeddable":true,"href":"https:\/\/orthodoxalbania.org\/2020\/wp-json\/wp\/v2\/users\/1"}],"replies":[{"embeddable":true,"href":"https:\/\/orthodoxalbania.org\/2020\/wp-json\/wp\/v2\/comments?post=190"}],"version-history":[{"count":1,"href":"https:\/\/orthodoxalbania.org\/2020\/wp-json\/wp\/v2\/posts\/190\/revisions"}],"predecessor-version":[{"id":15332,"href":"https:\/\/orthodoxalbania.org\/2020\/wp-json\/wp\/v2\/posts\/190\/revisions\/15332"}],"wp:attachment":[{"href":"https:\/\/orthodoxalbania.org\/2020\/wp-json\/wp\/v2\/media?parent=190"}],"wp:term":[{"taxonomy":"category","embeddable":true,"href":"https:\/\/orthodoxalbania.org\/2020\/wp-json\/wp\/v2\/categories?post=190"},{"taxonomy":"post_tag","embeddable":true,"href":"https:\/\/orthodoxalbania.org\/2020\/wp-json\/wp\/v2\/tags?post=190"}],"curies":[{"name":"wp","href":"https:\/\/api.w.org\/{rel}","templated":true}]}}