{"id":189,"date":"2013-03-21T11:52:42","date_gmt":"2013-03-21T11:52:42","guid":{"rendered":""},"modified":"2020-04-06T22:06:06","modified_gmt":"2020-04-06T20:06:06","slug":"pashka-ne-gjirokaster","status":"publish","type":"post","link":"https:\/\/orthodoxalbania.org\/2020\/2013\/03\/21\/pashka-ne-gjirokaster\/","title":{"rendered":"Pashka n\u00eb Gjirokast\u00ebr. (Prill 2012)"},"content":{"rendered":"<div class=\"MsoNormal\" style=\"line-height: 150%;\"><span style=\"font-family: helvetica;\"><span style=\"color: #000000;\"><span style=\"font-size: 12px;\"><img decoding=\"async\" class=\"lazyload HAa Eha\" style=\"height: 225px; width: 300px; border-width: 1px; border-style: solid; margin: 10px; float: left;\" alt=\"\" src=\"data:image\/gif;base64,R0lGODlhAQABAAAAACH5BAEKAAEALAAAAAABAAEAAAICTAEAOw==\" data-orig-src=\"https:\/\/lh5.googleusercontent.com\/-iGB6q3f3DHg\/U_shJ_sMtnI\/AAAAAAAABBw\/bTLH_q1ynr8\/w958-h719-no\/m1.jpg\" \/><span style=\"font-size: 12pt;\"> &nbsp; &nbsp; <\/span><\/span><\/span><span style=\"font-size: 12pt;\"><strong><span style=\"color: #b22222;\">Me shpres\u00ebtari edhe besim t\u00eb madh nisi Java e Madhe n\u00eb mitropolin\u00eb e Gjirokastr\u00ebs.<\/span><\/strong><\/span><\/span><\/div>\n<div class=\"MsoNormal\" style=\"line-height: 150%;\"><span style=\"font-family: helvetica; font-size: 12pt;\"><\/span><\/div>\n<div class=\"MsoNormal\" style=\"line-height: 150%; text-align: justify;\"><span style=\"color: #000000; font-family: helvetica; font-size: 12pt;\">&nbsp;&nbsp;&nbsp; Pavar\u00ebsisht motit t\u00eb keq q\u00eb u sh\u00ebnua gjat\u00eb k\u00ebsaj periudhe, besimtar\u00eb t\u00eb shumt\u00eb ndoq\u00ebn sh\u00ebrbesat madh\u00ebshtore t\u00eb k\u00ebsaj t\u00eb kremteje.<\/span><\/div>\n<div class=\"MsoNormal\" style=\"line-height: 150%; text-align: justify;\"><span style=\"font-family: helvetica; font-size: 12pt;\"><\/span><\/div>\n<div class=\"MsoNormal\" style=\"line-height: 150%; text-align: justify;\"><span style=\"color: #000000; font-family: helvetica; font-size: 12pt;\">&nbsp;&nbsp;&nbsp; Sh\u00ebrbes\u00ebn e dh\u00ebndrit n\u00eb qytetin e Gjirokastr\u00ebs e kryesoi Mitropoliti, Hir\u00ebsia e Tij Dhimit\u00ebr, por besimtar\u00eb t\u00eb shumt\u00eb kishte n\u00eb t\u00eb dyja kishat e qytetit.<\/span><\/div>\n<div class=\"MsoNormal\" style=\"line-height: 150%; text-align: justify;\"><span style=\"font-family: helvetica; font-size: 12pt;\"><\/span><\/div>\n<div class=\"MsoNormal\" style=\"line-height: 150%; text-align: justify;\"><span style=\"color: #000000; font-family: helvetica; font-size: 12pt;\">&nbsp;&nbsp;&nbsp; Sh\u00ebrbesa e Efqelis\u00eb, t\u00eb M\u00ebrkur\u00ebn e Madhe &nbsp;u kryesua nga Episkopi i Amantias, Hir\u00ebsia e Tij Nathanail, i cili gjat\u00eb gjith\u00eb k\u00ebsaj jave kishte ardhur p\u00ebr t\u00eb ndihmuar n\u00eb sh\u00ebrbesat. Gjithashtu edhe Liturgjin\u00eb Hyjnore t\u00eb s\u00eb Enjtes s\u00eb Madhe e kreu Episkopi Nathanail, me pjes\u00ebmarrjen e nx\u00ebn\u00ebsve nga shkollat e mitropolis\u00eb, si dhe t\u00eb besimtar\u00ebve t\u00eb tjer\u00eb nga qyteti.<\/span><\/div>\n<div class=\"MsoNormal\" style=\"line-height: 150%; text-align: justify;\"><span style=\"font-family: helvetica; font-size: 12pt;\"><\/span><\/div>\n<div class=\"MsoNormal\" style=\"line-height: 150%; text-align: justify;\"><span style=\"color: #000000; font-family: helvetica; font-size: 12pt;\">&nbsp; &nbsp; N\u00eb mbr\u00ebmjen e s\u00eb Enjtes s\u00eb Madhe, Sh\u00ebrbesa e dymb\u00ebdhjet\u00eb ungjijve u krye n\u00eb t\u00eb dyja kishat e qytetit.<\/span><\/div>\n<div class=\"MsoNormal\" style=\"line-height: 150%; text-align: justify;\"><span style=\"font-family: helvetica; font-size: 12pt;\"><\/span><\/div>\n<div class=\"MsoNormal\" style=\"line-height: 150%; text-align: justify;\"><span style=\"color: #000000; font-family: helvetica; font-size: 12pt;\">&nbsp;&nbsp;&nbsp; Pas Sh\u00ebrbes\u00ebs s\u00eb or\u00ebve n\u00eb m\u00ebngjesin e s\u00eb premtes dhe zbritjes s\u00eb Zotit nga Kryqi, n\u00eb mbr\u00ebmje vijoi procesioni i Epitafit t\u00eb Shenjt\u00eb, i cili u kryesua nga Mitropoliti Dhimit\u00ebrdhe episkopit i Amantias\u00eb Nathanail, n\u00eb kish\u00ebn e Metamorfoz\u00ebs s\u00eb Shp\u00ebtimtarit.<\/span><\/div>\n<div class=\"MsoNormal\" style=\"line-height: 150%; text-align: justify;\"><span style=\"font-family: helvetica; font-size: 12pt;\"><\/span><\/div>\n<div class=\"MsoNormal\" style=\"line-height: 150%; text-align: justify;\"><span style=\"color: #000000; font-family: helvetica; font-size: 12pt;\">&nbsp;&nbsp;&nbsp; Ashtu si\u00e7 \u00ebsht\u00eb b\u00ebr\u00eb tradit\u00eb tashm\u00eb n\u00eb qytetin ton\u00eb, t\u00eb shtun\u00ebn e madhe n\u00eb m\u00ebngjes, Hir\u00ebsia e Tij Dhimitri kreu Liturgjin\u00eb Hyjnore n\u00eb kish\u00ebn e Kryeengj\u00ebjve, ku besimtar\u00eb t\u00eb shumt\u00eb u kunguan me trupin dhe gjakun e Zotit.<\/span><\/div>\n<div class=\"MsoNormal\" style=\"line-height: 150%; text-align: justify;\"><span style=\"font-family: helvetica; font-size: 12pt;\"><\/span><\/div>\n<div class=\"MsoNormal\" style=\"line-height: 150%; text-align: justify;\"><span style=\"color: #000000; font-family: helvetica; font-size: 12pt;\">&nbsp;&nbsp;&nbsp; Dita e Ngjalljes k\u00ebt\u00eb vit u shoq\u00ebrua me reshje t\u00eb dendura shiu dhe p\u00ebr k\u00ebt\u00eb arsye n\u00eb t\u00eb dyja kishat sh\u00ebrbesa e Ngjalljes u krye brenda kish\u00ebs.<\/span><\/div>\n<div class=\"MsoNormal\" style=\"line-height: 150%; text-align: justify;\"><span style=\"font-family: helvetica; font-size: 12pt;\"><\/span><\/div>\n<div class=\"MsoNormal\" style=\"line-height: 150%; text-align: justify;\"><span style=\"color: #000000; font-family: helvetica; font-size: 12pt;\">&nbsp;&nbsp;&nbsp; N\u00eb kish\u00ebn e Metamorfoz\u00ebs, kjo sh\u00ebrbes\u00eb u kryesua nga Mitropoliti Dhimit\u00ebr, nd\u00ebrsa n\u00eb kish\u00ebn e Kryeengj\u00ebjve nga episkopi Nathanail. Por moti nuk i pengoi besimtar\u00ebt q\u00eb t\u00eb ndiqnin k\u00ebt\u00eb t\u00eb kremte t\u00eb Pashk\u00ebs, t\u00eb kremten m\u00eb t\u00eb madhe p\u00ebr t\u00eb krishter\u00ebt orthodhoks\u00eb.<\/span><\/div>\n<div class=\"MsoNormal\" style=\"line-height: 150%; text-align: justify;\"><span style=\"font-family: helvetica; font-size: 12pt;\"><\/span><\/div>\n<div class=\"MsoNormal\" style=\"line-height: 150%; text-align: right;\"><span style=\"color: #000000; font-family: helvetica; font-size: 12pt;\"><strong>E.Lito<\/strong><\/span><\/div>\n<div class=\"MsoNormal\" style=\"line-height: 150%;\"><span style=\"font-family: helvetica; font-size: 12pt;\"><\/span><\/div>\n<table border=\"1\">\n<tbody>\n<tr>\n<td style=\"text-align: center;\">\n<div><span style=\"color: #000000; font-family: helvetica; font-size: 12pt;\"><img decoding=\"async\" class=\"lazyload HAa Eha\" style=\"height: 338px; width: 450px; border-width: 1px; border-style: solid; margin: 10px;\" alt=\"\" src=\"data:image\/gif;base64,R0lGODlhAQABAAAAACH5BAEKAAEALAAAAAABAAEAAAICTAEAOw==\" data-orig-src=\"https:\/\/lh6.googleusercontent.com\/-08QfGQZXQR8\/U_shKJHq9vI\/AAAAAAAABBU\/5EFNmtAZxyE\/w600-h450-no\/m2.JPG\" \/><\/span><\/div>\n<\/td>\n<\/tr>\n<tr>\n<td style=\"text-align: center;\">\n<div><span style=\"color: #000000; font-family: helvetica; font-size: 12pt;\"><img decoding=\"async\" class=\"lazyload HAa Eha\" style=\"height: 338px; width: 450px; border-width: 1px; border-style: solid; margin: 10px;\" alt=\"\" src=\"data:image\/gif;base64,R0lGODlhAQABAAAAACH5BAEKAAEALAAAAAABAAEAAAICTAEAOw==\" data-orig-src=\"https:\/\/lh6.googleusercontent.com\/-wwilV7oHo94\/U_shJx1P2OI\/AAAAAAAABBY\/AGMh3vwS23k\/w600-h450-no\/m3.JPG\" \/><\/span><\/div>\n<\/td>\n<\/tr>\n<tr>\n<td style=\"text-align: center;\">\n<div><span style=\"color: #000000; font-family: helvetica; font-size: 12pt;\"><img decoding=\"async\" class=\"lazyload HAa Eha\" style=\"height: 338px; width: 450px; border-width: 1px; border-style: solid; margin: 10px;\" alt=\"\" src=\"data:image\/gif;base64,R0lGODlhAQABAAAAACH5BAEKAAEALAAAAAABAAEAAAICTAEAOw==\" data-orig-src=\"https:\/\/lh3.googleusercontent.com\/--3GZkj9-lb0\/U_shKs5BilI\/AAAAAAAABBk\/1eX_PN-AtHg\/w600-h450-no\/m4.JPG\" \/><\/span><\/div>\n<\/td>\n<\/tr>\n<tr>\n<td style=\"text-align: center;\">\n<div><span style=\"color: #000000; font-family: helvetica; font-size: 12pt;\"><img decoding=\"async\" class=\"lazyload HAa Eha\" style=\"height: 600px; width: 450px; border-width: 1px; border-style: solid; margin: 10px;\" alt=\"\" src=\"data:image\/gif;base64,R0lGODlhAQABAAAAACH5BAEKAAEALAAAAAABAAEAAAICTAEAOw==\" data-orig-src=\"https:\/\/lh6.googleusercontent.com\/-ne6ZX33ufHQ\/U_shLFfEouI\/AAAAAAAABBs\/nPdgzQ9X2wA\/w450-h600-no\/m5.JPG\" \/><\/span><\/div>\n<\/td>\n<\/tr>\n<tr>\n<td>\n<div><span style=\"color: #000000; font-family: helvetica; font-size: 12pt;\"><img decoding=\"async\" class=\"lazyload HAa Eha\" style=\"height: 338px; width: 450px; border-width: 1px; border-style: solid; margin: 10px;\" alt=\"\" src=\"data:image\/gif;base64,R0lGODlhAQABAAAAACH5BAEKAAEALAAAAAABAAEAAAICTAEAOw==\" data-orig-src=\"https:\/\/lh3.googleusercontent.com\/-cg7ToGCntSc\/U_shLJW7DtI\/AAAAAAAABB0\/IJWPAL38ieg\/w600-h450-no\/m6.JPG\" \/><\/span><\/div>\n<\/td>\n<\/tr>\n<\/tbody>\n<\/table>\n<div><span style=\"font-family: helvetica; font-size: 12pt;\"><\/span><\/div>\n<div class=\"MsoNormal\" style=\"line-height: 150%;\"><span style=\"font-family: helvetica; font-size: 12pt;\"><\/span><\/div>\n","protected":false},"excerpt":{"rendered":"<p>&nbsp; &nbsp; Me shpres\u00ebtari edhe besim t\u00eb madh nisi Java e Madhe n\u00eb mitropolin\u00eb e Gjirokastr\u00ebs. &nbsp;&nbsp;&nbsp; Pavar\u00ebsisht motit t\u00eb keq q\u00eb u sh\u00ebnua gjat\u00eb k\u00ebsaj periudhe, besimtar\u00eb t\u00eb shumt\u00eb ndoq\u00ebn sh\u00ebrbesat madh\u00ebshtore t\u00eb k\u00ebsaj t\u00eb kremteje. &nbsp;&nbsp;&nbsp; Sh\u00ebrbes\u00ebn e dh\u00ebndrit n\u00eb qytetin e Gjirokastr\u00ebs e kryesoi Mitropoliti, Hir\u00ebsia e Tij Dhimit\u00ebr, por besimtar\u00eb t\u00eb shumt\u00eb kishte n\u00eb t\u00eb dyja kishat e qytetit. &nbsp;&nbsp;&nbsp; Sh\u00ebrbesa<\/p>\n","protected":false},"author":1,"featured_media":0,"comment_status":"open","ping_status":"open","sticky":false,"template":"","format":"standard","meta":{"_acf_changed":false,"pagelayer_contact_templates":[],"_pagelayer_content":"","inline_featured_image":false,"fifu_image_url":"","fifu_image_alt":"","footnotes":""},"categories":[108],"tags":[142,212,198,189],"class_list":["post-189","post","type-post","status-publish","format-standard","hentry","category-lajme","tag-142","tag-lajme-d27","tag-gjirokaster","tag-pashke-2014"],"acf":[],"yoast_head":"<!-- This site is optimized with the Yoast SEO plugin v27.2 - https:\/\/yoast.com\/product\/yoast-seo-wordpress\/ -->\n<title>Pashka n\u00eb Gjirokast\u00ebr. (Prill 2012) - Kisha Orthodh\u03bfkse Autoqefale e Shqip\u00ebris\u00eb<\/title>\n<meta name=\"robots\" content=\"index, follow, max-snippet:-1, max-image-preview:large, max-video-preview:-1\" \/>\n<link rel=\"canonical\" href=\"https:\/\/orthodoxalbania.org\/2020\/2013\/03\/21\/pashka-ne-gjirokaster\/\" \/>\n<meta property=\"og:locale\" content=\"en_US\" \/>\n<meta property=\"og:type\" content=\"article\" \/>\n<meta property=\"og:title\" content=\"Pashka n\u00eb Gjirokast\u00ebr. (Prill 2012) - Kisha Orthodh\u03bfkse Autoqefale e Shqip\u00ebris\u00eb\" \/>\n<meta property=\"og:description\" content=\"&nbsp; &nbsp; Me shpres\u00ebtari edhe besim t\u00eb madh nisi Java e Madhe n\u00eb mitropolin\u00eb e Gjirokastr\u00ebs. &nbsp;&nbsp;&nbsp; Pavar\u00ebsisht motit t\u00eb keq q\u00eb u sh\u00ebnua gjat\u00eb k\u00ebsaj periudhe, besimtar\u00eb t\u00eb shumt\u00eb ndoq\u00ebn sh\u00ebrbesat madh\u00ebshtore t\u00eb k\u00ebsaj t\u00eb kremteje. &nbsp;&nbsp;&nbsp; Sh\u00ebrbes\u00ebn e dh\u00ebndrit n\u00eb qytetin e Gjirokastr\u00ebs e kryesoi Mitropoliti, Hir\u00ebsia e Tij Dhimit\u00ebr, por besimtar\u00eb t\u00eb shumt\u00eb kishte n\u00eb t\u00eb dyja kishat e qytetit. &nbsp;&nbsp;&nbsp; Sh\u00ebrbesa\" \/>\n<meta property=\"og:url\" content=\"https:\/\/orthodoxalbania.org\/2020\/2013\/03\/21\/pashka-ne-gjirokaster\/\" \/>\n<meta property=\"og:site_name\" content=\"Kisha Orthodh\u03bfkse Autoqefale e Shqip\u00ebris\u00eb\" \/>\n<meta property=\"article:publisher\" content=\"https:\/\/www.facebook.com\/koash1991\" \/>\n<meta property=\"article:published_time\" content=\"2013-03-21T11:52:42+00:00\" \/>\n<meta property=\"article:modified_time\" content=\"2020-04-06T20:06:06+00:00\" \/>\n<meta property=\"og:image\" content=\"https:\/\/lh5.googleusercontent.com\/-iGB6q3f3DHg\/U_shJ_sMtnI\/AAAAAAAABBw\/bTLH_q1ynr8\/w958-h719-no\/m1.jpg\" \/>\n<meta name=\"author\" content=\"Kisha Orthodhokse\" \/>\n<meta name=\"twitter:card\" content=\"summary_large_image\" \/>\n<meta name=\"twitter:label1\" content=\"Written by\" \/>\n\t<meta name=\"twitter:data1\" content=\"Kisha Orthodhokse\" \/>\n\t<meta name=\"twitter:label2\" content=\"Est. reading time\" \/>\n\t<meta name=\"twitter:data2\" content=\"2 minutes\" \/>\n<script type=\"application\/ld+json\" class=\"yoast-schema-graph\">{\"@context\":\"https:\/\/schema.org\",\"@graph\":[{\"@type\":\"Article\",\"@id\":\"https:\/\/orthodoxalbania.org\/2020\/2013\/03\/21\/pashka-ne-gjirokaster\/#article\",\"isPartOf\":{\"@id\":\"https:\/\/orthodoxalbania.org\/2020\/2013\/03\/21\/pashka-ne-gjirokaster\/\"},\"author\":{\"name\":\"Kisha Orthodhokse\",\"@id\":\"https:\/\/orthodoxalbania.org\/2020\/#\/schema\/person\/0c387634a7063ac612d7ed9ce71c7e86\"},\"headline\":\"Pashka n\u00eb Gjirokast\u00ebr. (Prill 2012)\",\"datePublished\":\"2013-03-21T11:52:42+00:00\",\"dateModified\":\"2020-04-06T20:06:06+00:00\",\"mainEntityOfPage\":{\"@id\":\"https:\/\/orthodoxalbania.org\/2020\/2013\/03\/21\/pashka-ne-gjirokaster\/\"},\"wordCount\":379,\"commentCount\":0,\"publisher\":{\"@id\":\"https:\/\/orthodoxalbania.org\/2020\/#organization\"},\"image\":{\"@id\":\"https:\/\/orthodoxalbania.org\/2020\/2013\/03\/21\/pashka-ne-gjirokaster\/#primaryimage\"},\"thumbnailUrl\":\"https:\/\/lh5.googleusercontent.com\/-iGB6q3f3DHg\/U_shJ_sMtnI\/AAAAAAAABBw\/bTLH_q1ynr8\/w958-h719-no\/m1.jpg\",\"keywords\":[\"2012\",\"lajme\",\"Mitropolia Gjirokast\u00ebr\",\"Pashk\u00eb\"],\"articleSection\":[\"Lajme\"],\"inLanguage\":\"en-US\"},{\"@type\":\"WebPage\",\"@id\":\"https:\/\/orthodoxalbania.org\/2020\/2013\/03\/21\/pashka-ne-gjirokaster\/\",\"url\":\"https:\/\/orthodoxalbania.org\/2020\/2013\/03\/21\/pashka-ne-gjirokaster\/\",\"name\":\"Pashka n\u00eb Gjirokast\u00ebr. (Prill 2012) - Kisha Orthodh\u03bfkse Autoqefale e Shqip\u00ebris\u00eb\",\"isPartOf\":{\"@id\":\"https:\/\/orthodoxalbania.org\/2020\/#website\"},\"primaryImageOfPage\":{\"@id\":\"https:\/\/orthodoxalbania.org\/2020\/2013\/03\/21\/pashka-ne-gjirokaster\/#primaryimage\"},\"image\":{\"@id\":\"https:\/\/orthodoxalbania.org\/2020\/2013\/03\/21\/pashka-ne-gjirokaster\/#primaryimage\"},\"thumbnailUrl\":\"https:\/\/lh5.googleusercontent.com\/-iGB6q3f3DHg\/U_shJ_sMtnI\/AAAAAAAABBw\/bTLH_q1ynr8\/w958-h719-no\/m1.jpg\",\"datePublished\":\"2013-03-21T11:52:42+00:00\",\"dateModified\":\"2020-04-06T20:06:06+00:00\",\"breadcrumb\":{\"@id\":\"https:\/\/orthodoxalbania.org\/2020\/2013\/03\/21\/pashka-ne-gjirokaster\/#breadcrumb\"},\"inLanguage\":\"en-US\",\"potentialAction\":[{\"@type\":\"ReadAction\",\"target\":[\"https:\/\/orthodoxalbania.org\/2020\/2013\/03\/21\/pashka-ne-gjirokaster\/\"]}]},{\"@type\":\"ImageObject\",\"inLanguage\":\"en-US\",\"@id\":\"https:\/\/orthodoxalbania.org\/2020\/2013\/03\/21\/pashka-ne-gjirokaster\/#primaryimage\",\"url\":\"https:\/\/lh5.googleusercontent.com\/-iGB6q3f3DHg\/U_shJ_sMtnI\/AAAAAAAABBw\/bTLH_q1ynr8\/w958-h719-no\/m1.jpg\",\"contentUrl\":\"https:\/\/lh5.googleusercontent.com\/-iGB6q3f3DHg\/U_shJ_sMtnI\/AAAAAAAABBw\/bTLH_q1ynr8\/w958-h719-no\/m1.jpg\"},{\"@type\":\"BreadcrumbList\",\"@id\":\"https:\/\/orthodoxalbania.org\/2020\/2013\/03\/21\/pashka-ne-gjirokaster\/#breadcrumb\",\"itemListElement\":[{\"@type\":\"ListItem\",\"position\":1,\"name\":\"Home\",\"item\":\"https:\/\/orthodoxalbania.org\/2020\/\"},{\"@type\":\"ListItem\",\"position\":2,\"name\":\"Pashka n\u00eb Gjirokast\u00ebr. (Prill 2012)\"}]},{\"@type\":\"WebSite\",\"@id\":\"https:\/\/orthodoxalbania.org\/2020\/#website\",\"url\":\"https:\/\/orthodoxalbania.org\/2020\/\",\"name\":\"Kisha Orthodh\u03bfkse Autoqefale e Shqip\u00ebris\u00eb\",\"description\":\"Fqja Zyrtare e Kish\u00ebs Orthodhokse Autoqefale e Shqip\u00ebris\u00eb me lajmet edhe informacionet zyrtare p\u00ebr struktur\u00ebn edhe veprimtarin e saj.\",\"publisher\":{\"@id\":\"https:\/\/orthodoxalbania.org\/2020\/#organization\"},\"potentialAction\":[{\"@type\":\"SearchAction\",\"target\":{\"@type\":\"EntryPoint\",\"urlTemplate\":\"https:\/\/orthodoxalbania.org\/2020\/?s={search_term_string}\"},\"query-input\":{\"@type\":\"PropertyValueSpecification\",\"valueRequired\":true,\"valueName\":\"search_term_string\"}}],\"inLanguage\":\"en-US\"},{\"@type\":\"Organization\",\"@id\":\"https:\/\/orthodoxalbania.org\/2020\/#organization\",\"name\":\"Kisha Orthodhokse Autoqefale e Shqip\u00ebris\u00eb\",\"url\":\"https:\/\/orthodoxalbania.org\/2020\/\",\"logo\":{\"@type\":\"ImageObject\",\"inLanguage\":\"en-US\",\"@id\":\"https:\/\/orthodoxalbania.org\/2020\/#\/schema\/logo\/image\/\",\"url\":\"https:\/\/orthodoxalbania.org\/2020\/wp-content\/uploads\/2020\/05\/albania.jpeg\",\"contentUrl\":\"https:\/\/orthodoxalbania.org\/2020\/wp-content\/uploads\/2020\/05\/albania.jpeg\",\"width\":540,\"height\":540,\"caption\":\"Kisha Orthodhokse Autoqefale e Shqip\u00ebris\u00eb\"},\"image\":{\"@id\":\"https:\/\/orthodoxalbania.org\/2020\/#\/schema\/logo\/image\/\"},\"sameAs\":[\"https:\/\/www.facebook.com\/koash1991\"]},{\"@type\":\"Person\",\"@id\":\"https:\/\/orthodoxalbania.org\/2020\/#\/schema\/person\/0c387634a7063ac612d7ed9ce71c7e86\",\"name\":\"Kisha Orthodhokse\",\"image\":{\"@type\":\"ImageObject\",\"inLanguage\":\"en-US\",\"@id\":\"https:\/\/secure.gravatar.com\/avatar\/596e7c417251e30f2fbb9c00e026fce61a695a00e51c889caded71c96cbbdde5?s=96&d=mm&r=g\",\"url\":\"https:\/\/secure.gravatar.com\/avatar\/596e7c417251e30f2fbb9c00e026fce61a695a00e51c889caded71c96cbbdde5?s=96&d=mm&r=g\",\"contentUrl\":\"https:\/\/secure.gravatar.com\/avatar\/596e7c417251e30f2fbb9c00e026fce61a695a00e51c889caded71c96cbbdde5?s=96&d=mm&r=g\",\"caption\":\"Kisha Orthodhokse\"}}]}<\/script>\n<!-- \/ Yoast SEO plugin. -->","yoast_head_json":{"title":"Pashka n\u00eb Gjirokast\u00ebr. (Prill 2012) - Kisha Orthodh\u03bfkse Autoqefale e Shqip\u00ebris\u00eb","robots":{"index":"index","follow":"follow","max-snippet":"max-snippet:-1","max-image-preview":"max-image-preview:large","max-video-preview":"max-video-preview:-1"},"canonical":"https:\/\/orthodoxalbania.org\/2020\/2013\/03\/21\/pashka-ne-gjirokaster\/","og_locale":"en_US","og_type":"article","og_title":"Pashka n\u00eb Gjirokast\u00ebr. (Prill 2012) - Kisha Orthodh\u03bfkse Autoqefale e Shqip\u00ebris\u00eb","og_description":"&nbsp; &nbsp; Me shpres\u00ebtari edhe besim t\u00eb madh nisi Java e Madhe n\u00eb mitropolin\u00eb e Gjirokastr\u00ebs. &nbsp;&nbsp;&nbsp; Pavar\u00ebsisht motit t\u00eb keq q\u00eb u sh\u00ebnua gjat\u00eb k\u00ebsaj periudhe, besimtar\u00eb t\u00eb shumt\u00eb ndoq\u00ebn sh\u00ebrbesat madh\u00ebshtore t\u00eb k\u00ebsaj t\u00eb kremteje. &nbsp;&nbsp;&nbsp; Sh\u00ebrbes\u00ebn e dh\u00ebndrit n\u00eb qytetin e Gjirokastr\u00ebs e kryesoi Mitropoliti, Hir\u00ebsia e Tij Dhimit\u00ebr, por besimtar\u00eb t\u00eb shumt\u00eb kishte n\u00eb t\u00eb dyja kishat e qytetit. &nbsp;&nbsp;&nbsp; Sh\u00ebrbesa","og_url":"https:\/\/orthodoxalbania.org\/2020\/2013\/03\/21\/pashka-ne-gjirokaster\/","og_site_name":"Kisha Orthodh\u03bfkse Autoqefale e Shqip\u00ebris\u00eb","article_publisher":"https:\/\/www.facebook.com\/koash1991","article_published_time":"2013-03-21T11:52:42+00:00","article_modified_time":"2020-04-06T20:06:06+00:00","og_image":[{"url":"https:\/\/lh5.googleusercontent.com\/-iGB6q3f3DHg\/U_shJ_sMtnI\/AAAAAAAABBw\/bTLH_q1ynr8\/w958-h719-no\/m1.jpg","type":"","width":"","height":""}],"author":"Kisha Orthodhokse","twitter_card":"summary_large_image","twitter_misc":{"Written by":"Kisha Orthodhokse","Est. reading time":"2 minutes"},"schema":{"@context":"https:\/\/schema.org","@graph":[{"@type":"Article","@id":"https:\/\/orthodoxalbania.org\/2020\/2013\/03\/21\/pashka-ne-gjirokaster\/#article","isPartOf":{"@id":"https:\/\/orthodoxalbania.org\/2020\/2013\/03\/21\/pashka-ne-gjirokaster\/"},"author":{"name":"Kisha Orthodhokse","@id":"https:\/\/orthodoxalbania.org\/2020\/#\/schema\/person\/0c387634a7063ac612d7ed9ce71c7e86"},"headline":"Pashka n\u00eb Gjirokast\u00ebr. (Prill 2012)","datePublished":"2013-03-21T11:52:42+00:00","dateModified":"2020-04-06T20:06:06+00:00","mainEntityOfPage":{"@id":"https:\/\/orthodoxalbania.org\/2020\/2013\/03\/21\/pashka-ne-gjirokaster\/"},"wordCount":379,"commentCount":0,"publisher":{"@id":"https:\/\/orthodoxalbania.org\/2020\/#organization"},"image":{"@id":"https:\/\/orthodoxalbania.org\/2020\/2013\/03\/21\/pashka-ne-gjirokaster\/#primaryimage"},"thumbnailUrl":"https:\/\/lh5.googleusercontent.com\/-iGB6q3f3DHg\/U_shJ_sMtnI\/AAAAAAAABBw\/bTLH_q1ynr8\/w958-h719-no\/m1.jpg","keywords":["2012","lajme","Mitropolia Gjirokast\u00ebr","Pashk\u00eb"],"articleSection":["Lajme"],"inLanguage":"en-US"},{"@type":"WebPage","@id":"https:\/\/orthodoxalbania.org\/2020\/2013\/03\/21\/pashka-ne-gjirokaster\/","url":"https:\/\/orthodoxalbania.org\/2020\/2013\/03\/21\/pashka-ne-gjirokaster\/","name":"Pashka n\u00eb Gjirokast\u00ebr. (Prill 2012) - Kisha Orthodh\u03bfkse Autoqefale e Shqip\u00ebris\u00eb","isPartOf":{"@id":"https:\/\/orthodoxalbania.org\/2020\/#website"},"primaryImageOfPage":{"@id":"https:\/\/orthodoxalbania.org\/2020\/2013\/03\/21\/pashka-ne-gjirokaster\/#primaryimage"},"image":{"@id":"https:\/\/orthodoxalbania.org\/2020\/2013\/03\/21\/pashka-ne-gjirokaster\/#primaryimage"},"thumbnailUrl":"https:\/\/lh5.googleusercontent.com\/-iGB6q3f3DHg\/U_shJ_sMtnI\/AAAAAAAABBw\/bTLH_q1ynr8\/w958-h719-no\/m1.jpg","datePublished":"2013-03-21T11:52:42+00:00","dateModified":"2020-04-06T20:06:06+00:00","breadcrumb":{"@id":"https:\/\/orthodoxalbania.org\/2020\/2013\/03\/21\/pashka-ne-gjirokaster\/#breadcrumb"},"inLanguage":"en-US","potentialAction":[{"@type":"ReadAction","target":["https:\/\/orthodoxalbania.org\/2020\/2013\/03\/21\/pashka-ne-gjirokaster\/"]}]},{"@type":"ImageObject","inLanguage":"en-US","@id":"https:\/\/orthodoxalbania.org\/2020\/2013\/03\/21\/pashka-ne-gjirokaster\/#primaryimage","url":"https:\/\/lh5.googleusercontent.com\/-iGB6q3f3DHg\/U_shJ_sMtnI\/AAAAAAAABBw\/bTLH_q1ynr8\/w958-h719-no\/m1.jpg","contentUrl":"https:\/\/lh5.googleusercontent.com\/-iGB6q3f3DHg\/U_shJ_sMtnI\/AAAAAAAABBw\/bTLH_q1ynr8\/w958-h719-no\/m1.jpg"},{"@type":"BreadcrumbList","@id":"https:\/\/orthodoxalbania.org\/2020\/2013\/03\/21\/pashka-ne-gjirokaster\/#breadcrumb","itemListElement":[{"@type":"ListItem","position":1,"name":"Home","item":"https:\/\/orthodoxalbania.org\/2020\/"},{"@type":"ListItem","position":2,"name":"Pashka n\u00eb Gjirokast\u00ebr. (Prill 2012)"}]},{"@type":"WebSite","@id":"https:\/\/orthodoxalbania.org\/2020\/#website","url":"https:\/\/orthodoxalbania.org\/2020\/","name":"Kisha Orthodh\u03bfkse Autoqefale e Shqip\u00ebris\u00eb","description":"Fqja Zyrtare e Kish\u00ebs Orthodhokse Autoqefale e Shqip\u00ebris\u00eb me lajmet edhe informacionet zyrtare p\u00ebr struktur\u00ebn edhe veprimtarin e saj.","publisher":{"@id":"https:\/\/orthodoxalbania.org\/2020\/#organization"},"potentialAction":[{"@type":"SearchAction","target":{"@type":"EntryPoint","urlTemplate":"https:\/\/orthodoxalbania.org\/2020\/?s={search_term_string}"},"query-input":{"@type":"PropertyValueSpecification","valueRequired":true,"valueName":"search_term_string"}}],"inLanguage":"en-US"},{"@type":"Organization","@id":"https:\/\/orthodoxalbania.org\/2020\/#organization","name":"Kisha Orthodhokse Autoqefale e Shqip\u00ebris\u00eb","url":"https:\/\/orthodoxalbania.org\/2020\/","logo":{"@type":"ImageObject","inLanguage":"en-US","@id":"https:\/\/orthodoxalbania.org\/2020\/#\/schema\/logo\/image\/","url":"https:\/\/orthodoxalbania.org\/2020\/wp-content\/uploads\/2020\/05\/albania.jpeg","contentUrl":"https:\/\/orthodoxalbania.org\/2020\/wp-content\/uploads\/2020\/05\/albania.jpeg","width":540,"height":540,"caption":"Kisha Orthodhokse Autoqefale e Shqip\u00ebris\u00eb"},"image":{"@id":"https:\/\/orthodoxalbania.org\/2020\/#\/schema\/logo\/image\/"},"sameAs":["https:\/\/www.facebook.com\/koash1991"]},{"@type":"Person","@id":"https:\/\/orthodoxalbania.org\/2020\/#\/schema\/person\/0c387634a7063ac612d7ed9ce71c7e86","name":"Kisha Orthodhokse","image":{"@type":"ImageObject","inLanguage":"en-US","@id":"https:\/\/secure.gravatar.com\/avatar\/596e7c417251e30f2fbb9c00e026fce61a695a00e51c889caded71c96cbbdde5?s=96&d=mm&r=g","url":"https:\/\/secure.gravatar.com\/avatar\/596e7c417251e30f2fbb9c00e026fce61a695a00e51c889caded71c96cbbdde5?s=96&d=mm&r=g","contentUrl":"https:\/\/secure.gravatar.com\/avatar\/596e7c417251e30f2fbb9c00e026fce61a695a00e51c889caded71c96cbbdde5?s=96&d=mm&r=g","caption":"Kisha Orthodhokse"}}]}},"_links":{"self":[{"href":"https:\/\/orthodoxalbania.org\/2020\/wp-json\/wp\/v2\/posts\/189","targetHints":{"allow":["GET"]}}],"collection":[{"href":"https:\/\/orthodoxalbania.org\/2020\/wp-json\/wp\/v2\/posts"}],"about":[{"href":"https:\/\/orthodoxalbania.org\/2020\/wp-json\/wp\/v2\/types\/post"}],"author":[{"embeddable":true,"href":"https:\/\/orthodoxalbania.org\/2020\/wp-json\/wp\/v2\/users\/1"}],"replies":[{"embeddable":true,"href":"https:\/\/orthodoxalbania.org\/2020\/wp-json\/wp\/v2\/comments?post=189"}],"version-history":[{"count":1,"href":"https:\/\/orthodoxalbania.org\/2020\/wp-json\/wp\/v2\/posts\/189\/revisions"}],"predecessor-version":[{"id":15330,"href":"https:\/\/orthodoxalbania.org\/2020\/wp-json\/wp\/v2\/posts\/189\/revisions\/15330"}],"wp:attachment":[{"href":"https:\/\/orthodoxalbania.org\/2020\/wp-json\/wp\/v2\/media?parent=189"}],"wp:term":[{"taxonomy":"category","embeddable":true,"href":"https:\/\/orthodoxalbania.org\/2020\/wp-json\/wp\/v2\/categories?post=189"},{"taxonomy":"post_tag","embeddable":true,"href":"https:\/\/orthodoxalbania.org\/2020\/wp-json\/wp\/v2\/tags?post=189"}],"curies":[{"name":"wp","href":"https:\/\/api.w.org\/{rel}","templated":true}]}}