{"id":1874,"date":"2021-01-02T00:00:42","date_gmt":"2021-01-01T23:00:42","guid":{"rendered":"https:\/\/orthodoxalbania.org\/2020\/2021\/01\/02\/pagezimi\/"},"modified":"2020-12-07T20:19:51","modified_gmt":"2020-12-07T19:19:51","slug":"pagezimi","status":"publish","type":"post","link":"https:\/\/orthodoxalbania.org\/2020\/2021\/01\/02\/pagezimi\/","title":{"rendered":"Pag\u00ebzimi"},"content":{"rendered":"<h4 style=\"text-align: center;\"><strong>Pag\u00ebzimi <\/strong><\/h4>\n<p style=\"text-align: justify;\">\u00a0 \u00a0 Praktikimi i Pag\u00ebzimit si simbol fetar nuk filloi me Jisuin. Pag\u00ebzimi, q\u00eb literalisht do t\u00eb thot\u00eb zhytje n\u00eb uj\u00eb (Baptismos), praktikohej nga populli i Dhiat\u00ebs s\u00eb Vjet\u00ebr, si dhe nga popuj q\u00eb i p\u00ebrkisnin besimeve pagane. Kuptimi universal i pag\u00ebzimit \u00ebsht\u00eb ai i &#8220;fillimit t\u00eb ri&#8221;, i vdekjes s\u00eb nj\u00eb m\u00ebnyre t\u00eb vjet\u00ebr jetese dhe i lindjes p\u00ebrs\u00ebri, n\u00eb nj\u00eb m\u00ebnyr\u00eb t\u00eb re jete. Prandaj, Pag\u00ebzimi \u00ebsht\u00eb i lidhur gjithmon\u00eb me Pendimin, q\u00eb do t\u00eb thot\u00eb nj\u00eb kthim moral, nj\u00eb &#8220;ndryshim i mendjes&#8221;, nj\u00eb ndryshim n\u00eb jetimin prej di\u00e7kaje t\u00eb vjet\u00ebr dhe t\u00eb keqe, n\u00eb nj\u00eb di\u00e7ka t\u00eb re dhe t\u00eb mir\u00eb.<\/p>\n<p style=\"text-align: justify;\">\u00a0 \u00a0 Prandaj, n\u00eb Ungjill Joan Pag\u00ebzori i pag\u00ebzon njer\u00ebzit si nj\u00eb shenj\u00eb pendimi, p\u00ebr p\u00ebrgatitjen p\u00ebr Mbret\u00ebrin\u00eb e Per\u00ebndis\u00eb, q\u00eb po vinte tek njer\u00ebzit me Krishtin Mesian. Vet\u00eb Krishti u pag\u00ebzua nga Joani, jo sepse ishte m\u00ebkatar dhe kishte nevoj\u00eb p\u00ebr pag\u00ebzim, por sepse, duke e lejuar veten t\u00eb pag\u00ebzohej ai tregoi q\u00eb me t\u00eb v\u00ebrtet\u00eb ishte &#8220;Biri i Dashur&#8221; i Per\u00ebndis\u00eb, Shp\u00ebtimtari dhe Mesia,\u00a0<em><strong>&#8220;Qengji i Per\u00ebndis\u00eb q\u00eb heq m\u00ebkatin e bot\u00ebs&#8221;\u00a0<\/strong><\/em>(<em>Shih<\/em>\u00a0Mattheu 3; Marku 1; Lluka 3; Joani 1-3)<strong>. <\/strong><\/p>\n<p style=\"text-align: justify;\">\u00a0 \u00a0 N\u00eb Kish\u00ebn e krishter\u00eb praktika e Pag\u00ebzimit merr nj\u00eb kuptim t\u00eb ri dhe t\u00eb ve\u00e7ant\u00eb. Ai nuk mbetet thjesht nj\u00eb shenj\u00eb e ndryshimit moral dhe e rilindjes shpirt\u00ebrore. Por, ai b\u00ebhet nj\u00eb akt i v\u00ebrtet\u00eb i vdekjes dhe ngjalljes s\u00eb personit n\u00eb dhe me Krishtin. Pag\u00ebzimi i krishter\u00eb \u00ebsht\u00eb pjes\u00ebmarrja e njeriut n\u00eb ngjarjen e Pashk\u00ebs. Ai \u00ebsht\u00eb nj\u00eb\u00a0<strong>&#8220;lindje e re nga uji dhe nga Fryma e Shenjt\u00eb&#8221;<\/strong>\u00a0n\u00eb Mbret\u00ebrin\u00eb e Per\u00ebndis\u00eb (Joani 3:5).\u00a0Pag\u00ebzimi n\u00eb Kish\u00eb fillon me mohimin e Satanait dhe me pranimin e Krishtit. Para se t\u00eb pag\u00ebzohet nj\u00eb person &#8211; ose nuni p\u00ebr at\u00eb &#8211; pohon zyrtarisht simbolin e bes\u00ebs s\u00eb krishter\u00eb, Besoren. Meqen\u00ebse nuni flet n\u00eb em\u00ebr t\u00eb foshnjes, ai e shoq\u00ebron hyrjen e tij n\u00eb Kish\u00eb dhe e &#8220;pret&#8221; foshnjen kur del nga uji i pag\u00ebzimit dhe kujdeset p\u00ebr jet\u00ebn e tij shpirt\u00ebrore. Nuni duhet t\u00eb jet\u00eb nj\u00eb an\u00ebtar i Kish\u00ebs.<\/p>\n<p style=\"text-align: justify;\">\u00a0 \u00a0 Mbas pohimit t\u00eb bes\u00ebs, mbi ujin e pag\u00ebzimit b\u00ebhen lutje dhe ai bekohet, si shenj\u00eb e mir\u00ebsis\u00eb s\u00eb krijimit t\u00eb Per\u00ebndis\u00eb. Gjithashtu, edhe mbi personin q\u00eb do t\u00eb pag\u00ebzohet b\u00ebhen lutje dhe ai, gjithashtu, bekohet me vaj t\u00eb shenjt\u00ebruar, si shenj\u00eb q\u00eb krijimi i tij nga Per\u00ebndia \u00ebsht\u00eb i shenjt\u00eb dhe i mir\u00eb. Pastaj, mbas shpalljes solemne t\u00eb &#8220;aliluia&#8221; (Per\u00ebndia qoft\u00eb i lavd\u00ebruar), personi zhytet tri her\u00eb n\u00eb uj\u00eb, n\u00eb em\u00ebr t\u00eb Atit, Birit dhe Shpirtit t\u00eb Shenjt\u00eb.<\/p>\n<p style=\"text-align: justify;\">\u00a0 \u00a0 N\u00ebp\u00ebrmjet aktit t\u00eb zhytjes, personi i pag\u00ebzuar vdes p\u00ebr k\u00ebt\u00eb bot\u00eb dhe lind p\u00ebrs\u00ebri n\u00eb ngjalljen e Krishtit, n\u00eb jet\u00ebn e am\u00ebshuar. Ai vishet me &#8220;rroben e shp\u00ebtimit&#8221;, simbolizuar nga rroba e bardh\u00eb e Pag\u00ebzimit, q\u00eb \u00ebsht\u00eb &#8220;njerishm\u00ebria e re&#8221; e vet\u00eb Jisuit, i cili \u00ebsht\u00eb Adami i ri dhe qiellor (Shih Joani 3, Roman\u00ebt 5, 1 Korinthian\u00ebt 15). Prandaj, fjal\u00ebt e Apostull Pavlit k\u00ebndohen tri her\u00eb, kur i porsapag\u00ebzuari udh\u00ebhiqet n\u00eb procesionin rreth kolumvithr\u00ebs, si simbol i hyrjes s\u00eb tij n\u00eb jet\u00ebn e am\u00ebshuar:\u00a0<em><strong>&#8220;Sa u pag\u00ebzuat me Krishtin, me Krishtin u vesh\u00ebt. Aliluia&#8221;\u00a0<\/strong><\/em>(Galatian\u00ebt 3:27)<strong>.<br \/>\n<\/strong><\/p>\n<p style=\"text-align: justify;\">\u00a0 \u00a0 N\u00eb koh\u00ebt e vjetra, ky procesion b\u00ebhej prej pag\u00ebzimores n\u00eb Kish\u00eb, ku i porsapag\u00ebzuari merrte Kungat\u00ebn e Shenjt\u00eb n\u00eb Mesh\u00ebn Hyjnore. Normalisht, Pag\u00ebzimi ishte i lidhur me Mesh\u00ebn e Pashk\u00ebs; procesioni yn\u00eb i sot\u00ebm rreth Kish\u00ebs, n\u00eb nat\u00ebn e Pashk\u00ebs, nuk \u00ebsht\u00eb gj\u00eb tjet\u00ebr p\u00ebrve\u00e7se kujtimi q\u00eb ne jemi pag\u00ebzuar, q\u00eb ne kemi l\u00ebn\u00eb jet\u00ebn e k\u00ebsaj bote, p\u00ebr t\u00eb hyr\u00eb n\u00eb jet\u00ebn e am\u00ebshuar t\u00eb Krishtit t\u00eb Ngjallur, n\u00eb Mbret\u00ebrin\u00eb e Per\u00ebndis\u00eb. Kjo jet\u00eb e re na \u00ebsht\u00eb dh\u00ebn\u00eb n\u00eb jet\u00ebn e Kish\u00ebs, kryesisht n\u00eb Mesh\u00ebn Hyjnore.\u00a0Para procesionit pag\u00ebzimor dhe k\u00ebndimit t\u00eb Apostullit dhe Ungjillit dhe para plot\u00ebsimit me marrjen e Kungat\u00ebs s\u00eb Shenjt\u00eb, t\u00eb porsapag\u00ebzuarit i jepet dhurata e Shpirtit t\u00eb Shenjt\u00eb n\u00eb misterin e Mirosjes.<\/p>\n","protected":false},"excerpt":{"rendered":"<p>Pag\u00ebzimi \u00a0 \u00a0 Praktikimi i Pag\u00ebzimit si simbol fetar nuk filloi me Jisuin. Pag\u00ebzimi, q\u00eb literalisht do t\u00eb thot\u00eb zhytje n\u00eb uj\u00eb (Baptismos), praktikohej nga populli i Dhiat\u00ebs s\u00eb Vjet\u00ebr, si dhe nga popuj q\u00eb i p\u00ebrkisnin besimeve pagane. Kuptimi universal i pag\u00ebzimit \u00ebsht\u00eb ai i &#8220;fillimit t\u00eb ri&#8221;, i vdekjes s\u00eb nj\u00eb m\u00ebnyre t\u00eb vjet\u00ebr jetese dhe i lindjes p\u00ebrs\u00ebri, n\u00eb nj\u00eb m\u00ebnyr\u00eb t\u00eb<\/p>\n","protected":false},"author":1,"featured_media":18969,"comment_status":"closed","ping_status":"closed","sticky":false,"template":"","format":"standard","meta":{"_acf_changed":false,"pagelayer_contact_templates":[],"_pagelayer_content":"","inline_featured_image":false,"fifu_image_url":"","fifu_image_alt":"","footnotes":""},"categories":[41,131],"tags":[2053],"class_list":["post-1874","post","type-post","status-publish","format-standard","has-post-thumbnail","hentry","category-besimi-orthodhoks","category-ii-misteret-d58","tag-besimi-orthodhoks"],"acf":[],"yoast_head":"<!-- This site is optimized with the Yoast SEO plugin v27.2 - https:\/\/yoast.com\/product\/yoast-seo-wordpress\/ -->\n<title>Pag\u00ebzimi - Kisha Orthodh\u03bfkse Autoqefale e Shqip\u00ebris\u00eb<\/title>\n<meta name=\"robots\" content=\"index, follow, max-snippet:-1, max-image-preview:large, max-video-preview:-1\" \/>\n<link rel=\"canonical\" href=\"https:\/\/orthodoxalbania.org\/2020\/2021\/01\/02\/pagezimi\/\" \/>\n<meta property=\"og:locale\" content=\"en_US\" \/>\n<meta property=\"og:type\" content=\"article\" \/>\n<meta property=\"og:title\" content=\"Pag\u00ebzimi - Kisha Orthodh\u03bfkse Autoqefale e Shqip\u00ebris\u00eb\" \/>\n<meta property=\"og:description\" content=\"Pag\u00ebzimi \u00a0 \u00a0 Praktikimi i Pag\u00ebzimit si simbol fetar nuk filloi me Jisuin. Pag\u00ebzimi, q\u00eb literalisht do t\u00eb thot\u00eb zhytje n\u00eb uj\u00eb (Baptismos), praktikohej nga populli i Dhiat\u00ebs s\u00eb Vjet\u00ebr, si dhe nga popuj q\u00eb i p\u00ebrkisnin besimeve pagane. Kuptimi universal i pag\u00ebzimit \u00ebsht\u00eb ai i &#8220;fillimit t\u00eb ri&#8221;, i vdekjes s\u00eb nj\u00eb m\u00ebnyre t\u00eb vjet\u00ebr jetese dhe i lindjes p\u00ebrs\u00ebri, n\u00eb nj\u00eb m\u00ebnyr\u00eb t\u00eb\" \/>\n<meta property=\"og:url\" content=\"https:\/\/orthodoxalbania.org\/2020\/2021\/01\/02\/pagezimi\/\" \/>\n<meta property=\"og:site_name\" content=\"Kisha Orthodh\u03bfkse Autoqefale e Shqip\u00ebris\u00eb\" \/>\n<meta property=\"article:publisher\" content=\"https:\/\/www.facebook.com\/koash1991\" \/>\n<meta property=\"article:published_time\" content=\"2021-01-01T23:00:42+00:00\" \/>\n<meta property=\"og:image\" content=\"https:\/\/orthodoxalbania.org\/2020\/wp-content\/uploads\/2012\/11\/pag\u00ebyimi.jpg\" \/>\n\t<meta property=\"og:image:width\" content=\"1024\" \/>\n\t<meta property=\"og:image:height\" content=\"654\" \/>\n\t<meta property=\"og:image:type\" content=\"image\/jpeg\" \/>\n<meta name=\"author\" content=\"Kisha Orthodhokse\" \/>\n<meta name=\"twitter:card\" content=\"summary_large_image\" \/>\n<meta name=\"twitter:label1\" content=\"Written by\" \/>\n\t<meta name=\"twitter:data1\" content=\"Kisha Orthodhokse\" \/>\n\t<meta name=\"twitter:label2\" content=\"Est. reading time\" \/>\n\t<meta name=\"twitter:data2\" content=\"4 minutes\" \/>\n<script type=\"application\/ld+json\" class=\"yoast-schema-graph\">{\"@context\":\"https:\/\/schema.org\",\"@graph\":[{\"@type\":\"Article\",\"@id\":\"https:\/\/orthodoxalbania.org\/2020\/2021\/01\/02\/pagezimi\/#article\",\"isPartOf\":{\"@id\":\"https:\/\/orthodoxalbania.org\/2020\/2021\/01\/02\/pagezimi\/\"},\"author\":{\"name\":\"Kisha Orthodhokse\",\"@id\":\"https:\/\/orthodoxalbania.org\/2020\/#\/schema\/person\/0c387634a7063ac612d7ed9ce71c7e86\"},\"headline\":\"Pag\u00ebzimi\",\"datePublished\":\"2021-01-01T23:00:42+00:00\",\"mainEntityOfPage\":{\"@id\":\"https:\/\/orthodoxalbania.org\/2020\/2021\/01\/02\/pagezimi\/\"},\"wordCount\":749,\"publisher\":{\"@id\":\"https:\/\/orthodoxalbania.org\/2020\/#organization\"},\"image\":{\"@id\":\"https:\/\/orthodoxalbania.org\/2020\/2021\/01\/02\/pagezimi\/#primaryimage\"},\"thumbnailUrl\":\"https:\/\/orthodoxalbania.org\/2020\/wp-content\/uploads\/2012\/11\/pag\u00ebyimi.jpg\",\"keywords\":[\"besimi orthodhoks\"],\"articleSection\":[\"Besimi Orthodhoks\",\"II - Misteret\"],\"inLanguage\":\"en-US\"},{\"@type\":\"WebPage\",\"@id\":\"https:\/\/orthodoxalbania.org\/2020\/2021\/01\/02\/pagezimi\/\",\"url\":\"https:\/\/orthodoxalbania.org\/2020\/2021\/01\/02\/pagezimi\/\",\"name\":\"Pag\u00ebzimi - Kisha Orthodh\u03bfkse Autoqefale e Shqip\u00ebris\u00eb\",\"isPartOf\":{\"@id\":\"https:\/\/orthodoxalbania.org\/2020\/#website\"},\"primaryImageOfPage\":{\"@id\":\"https:\/\/orthodoxalbania.org\/2020\/2021\/01\/02\/pagezimi\/#primaryimage\"},\"image\":{\"@id\":\"https:\/\/orthodoxalbania.org\/2020\/2021\/01\/02\/pagezimi\/#primaryimage\"},\"thumbnailUrl\":\"https:\/\/orthodoxalbania.org\/2020\/wp-content\/uploads\/2012\/11\/pag\u00ebyimi.jpg\",\"datePublished\":\"2021-01-01T23:00:42+00:00\",\"breadcrumb\":{\"@id\":\"https:\/\/orthodoxalbania.org\/2020\/2021\/01\/02\/pagezimi\/#breadcrumb\"},\"inLanguage\":\"en-US\",\"potentialAction\":[{\"@type\":\"ReadAction\",\"target\":[\"https:\/\/orthodoxalbania.org\/2020\/2021\/01\/02\/pagezimi\/\"]}]},{\"@type\":\"ImageObject\",\"inLanguage\":\"en-US\",\"@id\":\"https:\/\/orthodoxalbania.org\/2020\/2021\/01\/02\/pagezimi\/#primaryimage\",\"url\":\"https:\/\/orthodoxalbania.org\/2020\/wp-content\/uploads\/2012\/11\/pag\u00ebyimi.jpg\",\"contentUrl\":\"https:\/\/orthodoxalbania.org\/2020\/wp-content\/uploads\/2012\/11\/pag\u00ebyimi.jpg\",\"width\":1024,\"height\":654},{\"@type\":\"BreadcrumbList\",\"@id\":\"https:\/\/orthodoxalbania.org\/2020\/2021\/01\/02\/pagezimi\/#breadcrumb\",\"itemListElement\":[{\"@type\":\"ListItem\",\"position\":1,\"name\":\"Home\",\"item\":\"https:\/\/orthodoxalbania.org\/2020\/\"},{\"@type\":\"ListItem\",\"position\":2,\"name\":\"Pag\u00ebzimi\"}]},{\"@type\":\"WebSite\",\"@id\":\"https:\/\/orthodoxalbania.org\/2020\/#website\",\"url\":\"https:\/\/orthodoxalbania.org\/2020\/\",\"name\":\"Kisha Orthodh\u03bfkse Autoqefale e Shqip\u00ebris\u00eb\",\"description\":\"Fqja Zyrtare e Kish\u00ebs Orthodhokse Autoqefale e Shqip\u00ebris\u00eb me lajmet edhe informacionet zyrtare p\u00ebr struktur\u00ebn edhe veprimtarin e saj.\",\"publisher\":{\"@id\":\"https:\/\/orthodoxalbania.org\/2020\/#organization\"},\"potentialAction\":[{\"@type\":\"SearchAction\",\"target\":{\"@type\":\"EntryPoint\",\"urlTemplate\":\"https:\/\/orthodoxalbania.org\/2020\/?s={search_term_string}\"},\"query-input\":{\"@type\":\"PropertyValueSpecification\",\"valueRequired\":true,\"valueName\":\"search_term_string\"}}],\"inLanguage\":\"en-US\"},{\"@type\":\"Organization\",\"@id\":\"https:\/\/orthodoxalbania.org\/2020\/#organization\",\"name\":\"Kisha Orthodhokse Autoqefale e Shqip\u00ebris\u00eb\",\"url\":\"https:\/\/orthodoxalbania.org\/2020\/\",\"logo\":{\"@type\":\"ImageObject\",\"inLanguage\":\"en-US\",\"@id\":\"https:\/\/orthodoxalbania.org\/2020\/#\/schema\/logo\/image\/\",\"url\":\"https:\/\/orthodoxalbania.org\/2020\/wp-content\/uploads\/2020\/05\/albania.jpeg\",\"contentUrl\":\"https:\/\/orthodoxalbania.org\/2020\/wp-content\/uploads\/2020\/05\/albania.jpeg\",\"width\":540,\"height\":540,\"caption\":\"Kisha Orthodhokse Autoqefale e Shqip\u00ebris\u00eb\"},\"image\":{\"@id\":\"https:\/\/orthodoxalbania.org\/2020\/#\/schema\/logo\/image\/\"},\"sameAs\":[\"https:\/\/www.facebook.com\/koash1991\"]},{\"@type\":\"Person\",\"@id\":\"https:\/\/orthodoxalbania.org\/2020\/#\/schema\/person\/0c387634a7063ac612d7ed9ce71c7e86\",\"name\":\"Kisha Orthodhokse\",\"image\":{\"@type\":\"ImageObject\",\"inLanguage\":\"en-US\",\"@id\":\"https:\/\/secure.gravatar.com\/avatar\/596e7c417251e30f2fbb9c00e026fce61a695a00e51c889caded71c96cbbdde5?s=96&d=mm&r=g\",\"url\":\"https:\/\/secure.gravatar.com\/avatar\/596e7c417251e30f2fbb9c00e026fce61a695a00e51c889caded71c96cbbdde5?s=96&d=mm&r=g\",\"contentUrl\":\"https:\/\/secure.gravatar.com\/avatar\/596e7c417251e30f2fbb9c00e026fce61a695a00e51c889caded71c96cbbdde5?s=96&d=mm&r=g\",\"caption\":\"Kisha Orthodhokse\"}}]}<\/script>\n<!-- \/ Yoast SEO plugin. -->","yoast_head_json":{"title":"Pag\u00ebzimi - Kisha Orthodh\u03bfkse Autoqefale e Shqip\u00ebris\u00eb","robots":{"index":"index","follow":"follow","max-snippet":"max-snippet:-1","max-image-preview":"max-image-preview:large","max-video-preview":"max-video-preview:-1"},"canonical":"https:\/\/orthodoxalbania.org\/2020\/2021\/01\/02\/pagezimi\/","og_locale":"en_US","og_type":"article","og_title":"Pag\u00ebzimi - Kisha Orthodh\u03bfkse Autoqefale e Shqip\u00ebris\u00eb","og_description":"Pag\u00ebzimi \u00a0 \u00a0 Praktikimi i Pag\u00ebzimit si simbol fetar nuk filloi me Jisuin. Pag\u00ebzimi, q\u00eb literalisht do t\u00eb thot\u00eb zhytje n\u00eb uj\u00eb (Baptismos), praktikohej nga populli i Dhiat\u00ebs s\u00eb Vjet\u00ebr, si dhe nga popuj q\u00eb i p\u00ebrkisnin besimeve pagane. Kuptimi universal i pag\u00ebzimit \u00ebsht\u00eb ai i &#8220;fillimit t\u00eb ri&#8221;, i vdekjes s\u00eb nj\u00eb m\u00ebnyre t\u00eb vjet\u00ebr jetese dhe i lindjes p\u00ebrs\u00ebri, n\u00eb nj\u00eb m\u00ebnyr\u00eb t\u00eb","og_url":"https:\/\/orthodoxalbania.org\/2020\/2021\/01\/02\/pagezimi\/","og_site_name":"Kisha Orthodh\u03bfkse Autoqefale e Shqip\u00ebris\u00eb","article_publisher":"https:\/\/www.facebook.com\/koash1991","article_published_time":"2021-01-01T23:00:42+00:00","og_image":[{"width":1024,"height":654,"url":"https:\/\/orthodoxalbania.org\/2020\/wp-content\/uploads\/2012\/11\/pag\u00ebyimi.jpg","type":"image\/jpeg"}],"author":"Kisha Orthodhokse","twitter_card":"summary_large_image","twitter_misc":{"Written by":"Kisha Orthodhokse","Est. reading time":"4 minutes"},"schema":{"@context":"https:\/\/schema.org","@graph":[{"@type":"Article","@id":"https:\/\/orthodoxalbania.org\/2020\/2021\/01\/02\/pagezimi\/#article","isPartOf":{"@id":"https:\/\/orthodoxalbania.org\/2020\/2021\/01\/02\/pagezimi\/"},"author":{"name":"Kisha Orthodhokse","@id":"https:\/\/orthodoxalbania.org\/2020\/#\/schema\/person\/0c387634a7063ac612d7ed9ce71c7e86"},"headline":"Pag\u00ebzimi","datePublished":"2021-01-01T23:00:42+00:00","mainEntityOfPage":{"@id":"https:\/\/orthodoxalbania.org\/2020\/2021\/01\/02\/pagezimi\/"},"wordCount":749,"publisher":{"@id":"https:\/\/orthodoxalbania.org\/2020\/#organization"},"image":{"@id":"https:\/\/orthodoxalbania.org\/2020\/2021\/01\/02\/pagezimi\/#primaryimage"},"thumbnailUrl":"https:\/\/orthodoxalbania.org\/2020\/wp-content\/uploads\/2012\/11\/pag\u00ebyimi.jpg","keywords":["besimi orthodhoks"],"articleSection":["Besimi Orthodhoks","II - Misteret"],"inLanguage":"en-US"},{"@type":"WebPage","@id":"https:\/\/orthodoxalbania.org\/2020\/2021\/01\/02\/pagezimi\/","url":"https:\/\/orthodoxalbania.org\/2020\/2021\/01\/02\/pagezimi\/","name":"Pag\u00ebzimi - Kisha Orthodh\u03bfkse Autoqefale e Shqip\u00ebris\u00eb","isPartOf":{"@id":"https:\/\/orthodoxalbania.org\/2020\/#website"},"primaryImageOfPage":{"@id":"https:\/\/orthodoxalbania.org\/2020\/2021\/01\/02\/pagezimi\/#primaryimage"},"image":{"@id":"https:\/\/orthodoxalbania.org\/2020\/2021\/01\/02\/pagezimi\/#primaryimage"},"thumbnailUrl":"https:\/\/orthodoxalbania.org\/2020\/wp-content\/uploads\/2012\/11\/pag\u00ebyimi.jpg","datePublished":"2021-01-01T23:00:42+00:00","breadcrumb":{"@id":"https:\/\/orthodoxalbania.org\/2020\/2021\/01\/02\/pagezimi\/#breadcrumb"},"inLanguage":"en-US","potentialAction":[{"@type":"ReadAction","target":["https:\/\/orthodoxalbania.org\/2020\/2021\/01\/02\/pagezimi\/"]}]},{"@type":"ImageObject","inLanguage":"en-US","@id":"https:\/\/orthodoxalbania.org\/2020\/2021\/01\/02\/pagezimi\/#primaryimage","url":"https:\/\/orthodoxalbania.org\/2020\/wp-content\/uploads\/2012\/11\/pag\u00ebyimi.jpg","contentUrl":"https:\/\/orthodoxalbania.org\/2020\/wp-content\/uploads\/2012\/11\/pag\u00ebyimi.jpg","width":1024,"height":654},{"@type":"BreadcrumbList","@id":"https:\/\/orthodoxalbania.org\/2020\/2021\/01\/02\/pagezimi\/#breadcrumb","itemListElement":[{"@type":"ListItem","position":1,"name":"Home","item":"https:\/\/orthodoxalbania.org\/2020\/"},{"@type":"ListItem","position":2,"name":"Pag\u00ebzimi"}]},{"@type":"WebSite","@id":"https:\/\/orthodoxalbania.org\/2020\/#website","url":"https:\/\/orthodoxalbania.org\/2020\/","name":"Kisha Orthodh\u03bfkse Autoqefale e Shqip\u00ebris\u00eb","description":"Fqja Zyrtare e Kish\u00ebs Orthodhokse Autoqefale e Shqip\u00ebris\u00eb me lajmet edhe informacionet zyrtare p\u00ebr struktur\u00ebn edhe veprimtarin e saj.","publisher":{"@id":"https:\/\/orthodoxalbania.org\/2020\/#organization"},"potentialAction":[{"@type":"SearchAction","target":{"@type":"EntryPoint","urlTemplate":"https:\/\/orthodoxalbania.org\/2020\/?s={search_term_string}"},"query-input":{"@type":"PropertyValueSpecification","valueRequired":true,"valueName":"search_term_string"}}],"inLanguage":"en-US"},{"@type":"Organization","@id":"https:\/\/orthodoxalbania.org\/2020\/#organization","name":"Kisha Orthodhokse Autoqefale e Shqip\u00ebris\u00eb","url":"https:\/\/orthodoxalbania.org\/2020\/","logo":{"@type":"ImageObject","inLanguage":"en-US","@id":"https:\/\/orthodoxalbania.org\/2020\/#\/schema\/logo\/image\/","url":"https:\/\/orthodoxalbania.org\/2020\/wp-content\/uploads\/2020\/05\/albania.jpeg","contentUrl":"https:\/\/orthodoxalbania.org\/2020\/wp-content\/uploads\/2020\/05\/albania.jpeg","width":540,"height":540,"caption":"Kisha Orthodhokse Autoqefale e Shqip\u00ebris\u00eb"},"image":{"@id":"https:\/\/orthodoxalbania.org\/2020\/#\/schema\/logo\/image\/"},"sameAs":["https:\/\/www.facebook.com\/koash1991"]},{"@type":"Person","@id":"https:\/\/orthodoxalbania.org\/2020\/#\/schema\/person\/0c387634a7063ac612d7ed9ce71c7e86","name":"Kisha Orthodhokse","image":{"@type":"ImageObject","inLanguage":"en-US","@id":"https:\/\/secure.gravatar.com\/avatar\/596e7c417251e30f2fbb9c00e026fce61a695a00e51c889caded71c96cbbdde5?s=96&d=mm&r=g","url":"https:\/\/secure.gravatar.com\/avatar\/596e7c417251e30f2fbb9c00e026fce61a695a00e51c889caded71c96cbbdde5?s=96&d=mm&r=g","contentUrl":"https:\/\/secure.gravatar.com\/avatar\/596e7c417251e30f2fbb9c00e026fce61a695a00e51c889caded71c96cbbdde5?s=96&d=mm&r=g","caption":"Kisha Orthodhokse"}}]}},"_links":{"self":[{"href":"https:\/\/orthodoxalbania.org\/2020\/wp-json\/wp\/v2\/posts\/1874","targetHints":{"allow":["GET"]}}],"collection":[{"href":"https:\/\/orthodoxalbania.org\/2020\/wp-json\/wp\/v2\/posts"}],"about":[{"href":"https:\/\/orthodoxalbania.org\/2020\/wp-json\/wp\/v2\/types\/post"}],"author":[{"embeddable":true,"href":"https:\/\/orthodoxalbania.org\/2020\/wp-json\/wp\/v2\/users\/1"}],"replies":[{"embeddable":true,"href":"https:\/\/orthodoxalbania.org\/2020\/wp-json\/wp\/v2\/comments?post=1874"}],"version-history":[{"count":4,"href":"https:\/\/orthodoxalbania.org\/2020\/wp-json\/wp\/v2\/posts\/1874\/revisions"}],"predecessor-version":[{"id":18971,"href":"https:\/\/orthodoxalbania.org\/2020\/wp-json\/wp\/v2\/posts\/1874\/revisions\/18971"}],"wp:featuredmedia":[{"embeddable":true,"href":"https:\/\/orthodoxalbania.org\/2020\/wp-json\/wp\/v2\/media\/18969"}],"wp:attachment":[{"href":"https:\/\/orthodoxalbania.org\/2020\/wp-json\/wp\/v2\/media?parent=1874"}],"wp:term":[{"taxonomy":"category","embeddable":true,"href":"https:\/\/orthodoxalbania.org\/2020\/wp-json\/wp\/v2\/categories?post=1874"},{"taxonomy":"post_tag","embeddable":true,"href":"https:\/\/orthodoxalbania.org\/2020\/wp-json\/wp\/v2\/tags?post=1874"}],"curies":[{"name":"wp","href":"https:\/\/api.w.org\/{rel}","templated":true}]}}