{"id":186,"date":"2007-02-26T00:00:00","date_gmt":"2007-02-26T00:00:00","guid":{"rendered":""},"modified":"2020-04-06T22:35:44","modified_gmt":"2020-04-06T20:35:44","slug":"nga-takimi-i-7-te-ballkanik-mbi-katekizmin-nga-organizata-e-rinise-orthodhokse-ballkanike-rrethanat-mesimore-dhe-menyrat-metodologjike-ne-edukim-korrik-2007","status":"publish","type":"post","link":"https:\/\/orthodoxalbania.org\/2020\/2007\/02\/26\/nga-takimi-i-7-te-ballkanik-mbi-katekizmin-nga-organizata-e-rinise-orthodhokse-ballkanike-rrethanat-mesimore-dhe-menyrat-metodologjike-ne-edukim-korrik-2007\/","title":{"rendered":"Nga takimi i 7-t\u00eb ballkanik mbi katekizmin nga Organizata e Rinis\u00eb Orthodhokse Ballkanike Rrethanat m\u00ebsimore dhe m\u00ebnyrat metodologjike n\u00eb edukim. (Korrik 2007)"},"content":{"rendered":"<table id=\"AutoNumber4\" border=\"0\">\n<tbody>\n<tr>\n<td colspan=\"2\">\n<p style=\"text-align: justify;\"><span style=\"color: #000000; font-family: helvetica; font-size: 12pt;\">&nbsp;&nbsp;&nbsp; Nga data 12-15 Korrik 2007 n\u00eb Seminarin Teologjik t\u00eb Kragujevacit, Serbi, u zhvillua nga Organizata e Rinis\u00eb Orthodhokse Ballkanike, takimi i shtat\u00eb mbi Katekizmin n\u00eb Ballkan (Greqi, Rumani, Serbi, Bullgari, Shqip\u00ebri) me tem\u00eb: \u201cRrethanat m\u00ebsimore dhe m\u00ebnyrat metodologjike n\u00eb edukim\u201d. Nga Kisha Orthodhokse Autoqefale e Shqip\u00ebris\u00eb merrte pjes\u00eb nj\u00eb p\u00ebrfaq\u00ebsi nga Zyra e Katekizmit: At\u00eb Ilia Mazniku, Robert Pelushi, Aleksand\u00ebr Dimro\u00e7i dhe Marjeta Gorreja.<\/span><\/p>\n<\/td>\n<\/tr>\n<tr>\n<td>\n<p><span style=\"color: #000000; font-family: helvetica; font-size: 12pt;\"><img decoding=\"async\" class=\"lazyload HAa Eha\" style=\"border-width: 1px; border-style: solid; margin: 10px;\" alt=\"\" src=\"data:image\/gif;base64,R0lGODlhAQABAAAAACH5BAEKAAEALAAAAAABAAEAAAICTAEAOw==\" data-orig-src=\"https:\/\/lh6.googleusercontent.com\/-CznAxk81SIk\/VIqlTAI1gCI\/AAAAAAAAGsY\/LSAldm07FmY\/w400-h300-no\/pic1.jpg\" \/> <\/span><\/p>\n<\/td>\n<td>\n<p style=\"text-align: justify;\"><span style=\"color: #000000; font-family: helvetica; font-size: 12pt;\">&nbsp;&nbsp;&nbsp; N\u00eb qend\u00ebr t\u00eb seminarit ishte shk\u00ebmbimi i eksperiencave p\u00ebr organizimin e or\u00ebs s\u00eb katekizmit me f\u00ebmij\u00eb dhe t\u00eb rinj, nx\u00ebn\u00ebs t\u00eb shkollave t\u00eb ciklit t\u00eb ul\u00ebt dhe t\u00eb mes\u00ebm. Me interes u ndoq edhe prezantimi i pun\u00ebs s\u00eb katekizmit n\u00eb Kish\u00ebn Orthodhokse Autoqefale t\u00eb Shqip\u00ebris\u00eb, e cila ndryshe nga vendet e tjera pjes\u00ebmarr\u00ebse q\u00eb e zhvillojn\u00eb katekizmin si l\u00ebnd\u00eb shkollore n\u00eb shkollat publike, organizohet dhe shtrihet prej klerit dhe katekist\u00ebve n\u00ebp\u00ebr kisha dhe ambiente t\u00eb tjera n\u00eb funksion t\u00eb or\u00ebs s\u00eb katekizmit.<\/span><\/p>\n<\/td>\n<\/tr>\n<tr>\n<td>\n<p style=\"text-align: justify;\"><span style=\"color: #000000; font-family: helvetica; font-size: 12pt;\">&nbsp;&nbsp;&nbsp; N\u00eb k\u00ebt\u00eb prezantim q\u00eb u shoq\u00ebrua edhe me power-point pjes\u00ebmarr\u00ebsit u njoh\u00ebn me p\u00ebrpjekjet dhe pun\u00ebn q\u00eb b\u00ebn Zyra e Katekizmit me bekimin dhe mb\u00ebshtetjen e Kryepiskopit Anastas.<\/span><\/p>\n<\/td>\n<td>\n<p><span style=\"color: #000000; font-family: helvetica; font-size: 12pt;\"><img decoding=\"async\" class=\"lazyload HAa Eha\" style=\"border-width: 1px; border-style: solid; margin: 10px;\" alt=\"\" src=\"data:image\/gif;base64,R0lGODlhAQABAAAAACH5BAEKAAEALAAAAAABAAEAAAICTAEAOw==\" data-orig-src=\"https:\/\/lh6.googleusercontent.com\/-oiBn1y3CHVg\/VIqlTLxqANI\/AAAAAAAAGsc\/EJhOAdWVDd4\/w400-h262-no\/pic2.jpg\" \/><\/span><\/p>\n<\/td>\n<\/tr>\n<tr>\n<td>\n<p><span style=\"color: #000000; font-family: helvetica; font-size: 12pt;\"><img decoding=\"async\" class=\"lazyload HAa Eha\" style=\"border-width: 1px; border-style: solid; margin: 10px;\" alt=\"\" src=\"data:image\/gif;base64,R0lGODlhAQABAAAAACH5BAEKAAEALAAAAAABAAEAAAICTAEAOw==\" data-orig-src=\"https:\/\/lh3.googleusercontent.com\/-F7bYYBRrhgk\/VIqlS50I5dI\/AAAAAAAAGsk\/tiQ34n8ODlE\/w400-h277-no\/pic3.jpg\" \/> <\/span><\/p>\n<\/td>\n<td>\n<p style=\"text-align: justify;\"><span style=\"color: #000000; font-family: helvetica; font-size: 12pt;\">&nbsp;&nbsp;&nbsp; Bekim i ve\u00e7ant\u00eb n\u00eb dit\u00ebt e seminarit ishte edhe jeta liturgjike e p\u00ebrbashk\u00ebt, si sh\u00ebrbesat e M\u00ebngjesores dhe Mbr\u00ebm\u00ebsores n\u00eb paraklisin e Seminarit Teologjik t\u00eb Sh\u00ebn Joan Gojartit. N\u00eb dat\u00ebn 12 Korrik, n\u00eb qytetin Arhangelovac, n\u00eb kish\u00ebn e Apostujve t\u00eb Shenjt\u00eb Pav\u00ebl dhe Pjet\u00ebr u kremtua dita e tyre (sipas kalendarit t\u00eb vjet\u00ebr), ku At\u00eb Ilia Mazniku me k\u00ebrkes\u00ebn dhe bekimin e Episkop Jovanit, q\u00eb kujdesej p\u00ebr mbar\u00ebvajtjen e seminarit, mbajti predikimin e rastit p\u00ebrpara qindra besimtar\u00ebve.<\/span><\/p>\n<\/td>\n<\/tr>\n<tr>\n<td>\n<p style=\"text-align: justify;\"><span style=\"color: #000000; font-family: helvetica; font-size: 12pt;\">&nbsp;&nbsp;&nbsp; Ai midis t\u00eb tjerash e lidhi kujtimin e Apostujve edhe me vepr\u00ebn apostolike q\u00eb kryen Kryepiskopi yn\u00eb Anastas si edhe foli p\u00ebr ngjalljen e Kish\u00ebs Orthodhokse Autoqefale t\u00eb Shqip\u00ebris\u00eb. Me interes ishte edhe v\u00ebmendja q\u00eb tregoi media ndaj pjes\u00ebmarrjes s\u00eb p\u00ebrfaq\u00ebsis\u00eb s\u00eb Kish\u00ebs son\u00eb Orthodhokse n\u00eb k\u00ebt\u00eb aktivitet, ku nuk munguan intervistat n\u00eb lidhje t\u00eb drejtp\u00ebrdrejt nga televizionet serbe.<\/span><\/p>\n<\/td>\n<td>\n<p><span style=\"color: #000000; font-family: helvetica; font-size: 12pt;\"><img decoding=\"async\" class=\"lazyload HAa Eha\" style=\"border-width: 1px; border-style: solid; margin: 10px;\" alt=\"\" src=\"data:image\/gif;base64,R0lGODlhAQABAAAAACH5BAEKAAEALAAAAAABAAEAAAICTAEAOw==\" data-orig-src=\"https:\/\/lh4.googleusercontent.com\/-faUwFZeqUic\/VIqlTemWrfI\/AAAAAAAAGso\/EwUFiRrBdsA\/w400-h300-no\/pic4.jpg\" \/><\/span><\/p>\n<\/td>\n<\/tr>\n<tr>\n<td>\n<p><span style=\"color: #000000; font-family: helvetica; font-size: 12pt;\"><img decoding=\"async\" class=\"lazyload HAa Eha\" style=\"border-width: 1px; border-style: solid; margin: 10px;\" alt=\"\" src=\"data:image\/gif;base64,R0lGODlhAQABAAAAACH5BAEKAAEALAAAAAABAAEAAAICTAEAOw==\" data-orig-src=\"https:\/\/lh3.googleusercontent.com\/-7ueH2dNTiYI\/VIqlTqidVdI\/AAAAAAAAGsU\/4ck0faql9vo\/w400-h284-no\/pic5.jpg\" \/><\/span><\/p>\n<\/td>\n<td>\n<p style=\"text-align: justify;\"><span style=\"color: #000000; font-family: helvetica; font-size: 12pt;\">&nbsp;&nbsp;&nbsp; N\u00eb k\u00ebt\u00eb panair Episkop Jovani nderoi t\u00eb ftuarit nga Kishat Orthodhokse nga Ballkani me nj\u00eb drek\u00eb festive. Mbasditja e k\u00ebsaj t\u00eb kremte do t\u00eb na rezervonte nj\u00eb tjet\u00ebr surpriz\u00eb ku, jasht\u00eb axhend\u00ebs, u gjend\u00ebm n\u00eb krahin\u00ebn Kozma, n\u00eb kish\u00ebn e Apostull Pjetrit, ku edhe jasht\u00eb saj u mbajt koncerti i p\u00ebrvitsh\u00ebm me grupe folkloristike t\u00eb krahinave t\u00eb ndryshme.<\/span><\/p>\n<\/td>\n<\/tr>\n<tr>\n<td>\n<p><span style=\"font-family: helvetica; font-size: 12pt;\"><\/span><\/p>\n<\/td>\n<td><span style=\"font-family: helvetica; font-size: 12pt;\"><\/span><\/td>\n<\/tr>\n<tr>\n<td>\n<p style=\"text-align: justify;\"><span style=\"color: #000000; font-family: helvetica; font-size: 12pt;\">&nbsp;&nbsp;&nbsp; Nd\u00ebrkoh\u00eb q\u00eb zhvillimet e seminarit dhe puna n\u00eb grupe na dhan\u00eb mund\u00ebsin\u00eb e shk\u00ebmbimit t\u00eb eksperiencave n\u00eb organizimin e or\u00ebs s\u00eb katekizmit. Programi ishte i pasur me vizita n\u00eb vende t\u00eb ndryshme t\u00eb Kragujevacit, si ajo n\u00eb manastirin e Sh\u00ebn Kollit, Dra\u00e7; vizita n\u00eb memorialin e 7000 burrave dhe f\u00ebmij\u00ebve t\u00eb qytetit, t\u00eb ekzekutuar nj\u00ebher\u00ebsh n\u00eb koh\u00ebn e nazizmit; vizita n\u00eb sht\u00ebpin\u00eb dhe kish\u00ebn e dinastis\u00eb mbret\u00ebrore serbe, etj.<\/span><\/p>\n<\/td>\n<td>\n<p><span style=\"color: #000000; font-family: helvetica; font-size: 12pt;\"><img decoding=\"async\" class=\"lazyload HAa Eha\" style=\"border-width: 1px; border-style: solid; margin: 10px;\" alt=\"\" src=\"data:image\/gif;base64,R0lGODlhAQABAAAAACH5BAEKAAEALAAAAAABAAEAAAICTAEAOw==\" data-orig-src=\"https:\/\/lh5.googleusercontent.com\/-pITV4GvR5cg\/VIqlT7ngsQI\/AAAAAAAAGsI\/dG4r8lJpnqU\/w400-h301-no\/pic6.jpg\" \/><\/span><\/p>\n<\/td>\n<\/tr>\n<tr>\n<td dir=\"ltr\">\n<p><span style=\"color: #000000; font-family: helvetica; font-size: 12pt;\"><img decoding=\"async\" class=\"lazyload HAa Eha\" style=\"border-width: 1px; border-style: solid; margin: 10px;\" alt=\"\" src=\"data:image\/gif;base64,R0lGODlhAQABAAAAACH5BAEKAAEALAAAAAABAAEAAAICTAEAOw==\" data-orig-src=\"https:\/\/lh3.googleusercontent.com\/-wEX9rWV4DgU\/VIqlUHvvIdI\/AAAAAAAAGsM\/L024NxS4pUE\/w400-h299-no\/pic7.jpg\" \/><\/span><\/p>\n<\/td>\n<td dir=\"ltr\">\n<p style=\"text-align: justify;\"><span style=\"color: #000000; font-family: helvetica; font-size: 12pt;\">&nbsp;&nbsp; Gjat\u00eb or\u00ebve t\u00eb pun\u00ebs s\u00eb seminarit, mbres\u00ebl\u00ebn\u00ebse mbet\u00ebn bisedat q\u00eb Episkop Jovani organizonte me t\u00eb gjith\u00eb ne, duke theksuar se \u00e7el\u00ebsi p\u00ebr t\u2019i m\u00ebsuar f\u00ebmij\u00ebt dhe t\u00eb rinjt\u00eb me fjal\u00ebn e Zotit \u00ebsht\u00eb shembulli q\u00eb duhet t\u00eb jap\u00eb m\u00ebsuesi i katekizmit p\u00ebrpara tyre, duke qen\u00eb i pari q\u00eb ec\u00ebn dhe mb\u00ebshtet jet\u00ebn e tij n\u00eb urdh\u00ebrimet e Per\u00ebndis\u00eb.<\/span><\/p>\n<\/td>\n<\/tr>\n<tr>\n<td dir=\"ltr\">\n<p style=\"text-align: justify;\"><span style=\"color: #000000; font-family: helvetica; font-size: 12pt;\">&nbsp;&nbsp;&nbsp;&nbsp;<br \/> &nbsp;&nbsp;&nbsp; Bekim i ve\u00e7ant\u00eb ishte pjes\u00ebmarrja n\u00eb Liturgjin\u00eb e mbajtur dit\u00ebn e diel\u00eb, m\u00eb 15 Korrik n\u00eb katedralen e qytetit, ku At\u00eb Ilia Mazniku p\u00ebrcolli p\u00ebrsh\u00ebndetjet e Kryepiskopit dhe t\u00eb Kish\u00ebs son\u00eb p\u00ebr kreun, klerin dhe besimtar\u00ebt e k\u00ebtij vendi. Mbas liturgjis\u00eb, n\u00eb respektin dhe nderin q\u00eb na ofronte me gjith\u00eb dashurin\u00eb e tij Episkopi Jovan, mor\u00ebm pjes\u00eb n\u00eb nj\u00eb drek\u00eb t\u00eb p\u00ebrbashk\u00ebt, ku fal\u00ebnderimet e nd\u00ebrsjellta u shoq\u00ebruan edhe me shk\u00ebmbimin e dhuratave, n\u00eb shenj\u00eb mir\u00ebnjohjeje dhe kujtimi p\u00ebr lutje p\u00ebr nj\u00ebri-tjetrin. U larguam nga Serbia duke patur bekimin e Per\u00ebndis\u00eb t\u00eb njohim nj\u00eb Kish\u00eb t\u00eb shenjt\u00eb, me klerik\u00eb dhe besimtar\u00eb t\u00eb devotsh\u00ebm, bijt\u00eb e Sh\u00ebn Sav\u00ebs dhe Sh\u00ebn Stefanit, si dhe t\u00eb shenjtor\u00ebve t\u00eb tjer\u00eb t\u00eb k\u00ebtij vendi.<\/span><br \/><span style=\"font-family: helvetica; font-size: 12pt;\"> &nbsp;<\/span><\/p>\n<\/td>\n<td dir=\"ltr\" style=\"text-align: center;\"><span style=\"color: #000000; font-family: helvetica; font-size: 12pt;\"><img decoding=\"async\" class=\"lazyload HAa Eha\" style=\"border-width: 1px; border-style: solid; margin: 10px;\" alt=\"\" src=\"data:image\/gif;base64,R0lGODlhAQABAAAAACH5BAEKAAEALAAAAAABAAEAAAICTAEAOw==\" data-orig-src=\"https:\/\/lh3.googleusercontent.com\/-iq9wLIynWPw\/VIqlUWeyOUI\/AAAAAAAAGsQ\/_TnWM5tFU2w\/w400-h299-no\/pic8.jpg\" \/><\/span><\/td>\n<\/tr>\n<tr>\n<td dir=\"ltr\" colspan=\"2\">\n<p><span style=\"font-family: helvetica; font-size: 12pt;\"><\/span><\/p>\n<p><span style=\"font-family: helvetica; font-size: 12pt;\"><\/span><\/p>\n<p><span style=\"color: #000000; font-family: helvetica; font-size: 12pt;\"><strong>Aleksand\u00ebr Dimro\u00e7i<\/strong><\/span><\/p>\n<\/td>\n<\/tr>\n<\/tbody>\n<\/table>\n<p>&nbsp;<\/p>\n","protected":false},"excerpt":{"rendered":"<p>&nbsp;&nbsp;&nbsp; Nga data 12-15 Korrik 2007 n\u00eb Seminarin Teologjik t\u00eb Kragujevacit, Serbi, u zhvillua nga Organizata e Rinis\u00eb Orthodhokse Ballkanike, takimi i shtat\u00eb mbi Katekizmin n\u00eb Ballkan (Greqi, Rumani, Serbi, Bullgari, Shqip\u00ebri) me tem\u00eb: \u201cRrethanat m\u00ebsimore dhe m\u00ebnyrat metodologjike n\u00eb edukim\u201d. Nga Kisha Orthodhokse Autoqefale e Shqip\u00ebris\u00eb merrte pjes\u00eb nj\u00eb p\u00ebrfaq\u00ebsi nga Zyra e Katekizmit: At\u00eb Ilia Mazniku, Robert Pelushi, Aleksand\u00ebr Dimro\u00e7i dhe Marjeta Gorreja.<\/p>\n","protected":false},"author":1,"featured_media":0,"comment_status":"open","ping_status":"open","sticky":false,"template":"","format":"standard","meta":{"_acf_changed":false,"pagelayer_contact_templates":[],"_pagelayer_content":"","inline_featured_image":false,"fifu_image_url":"","fifu_image_alt":"","footnotes":""},"categories":[108],"tags":[147,153,196,212,176],"class_list":["post-186","post","type-post","status-publish","format-standard","hentry","category-lajme","tag-147","tag-deklarata-njoftime-zyrtare-d75","tag-tirane","tag-lajme-d27","tag-rinia-orthodhokse"],"acf":[],"yoast_head":"<!-- This site is optimized with the Yoast SEO plugin v27.2 - https:\/\/yoast.com\/product\/yoast-seo-wordpress\/ -->\n<title>Nga takimi i 7-t\u00eb ballkanik mbi katekizmin nga Organizata e Rinis\u00eb Orthodhokse Ballkanike Rrethanat m\u00ebsimore dhe m\u00ebnyrat metodologjike n\u00eb edukim. (Korrik 2007) - Kisha Orthodh\u03bfkse Autoqefale e Shqip\u00ebris\u00eb<\/title>\n<meta name=\"robots\" content=\"index, follow, max-snippet:-1, max-image-preview:large, max-video-preview:-1\" \/>\n<link rel=\"canonical\" href=\"https:\/\/orthodoxalbania.org\/2020\/2007\/02\/26\/nga-takimi-i-7-te-ballkanik-mbi-katekizmin-nga-organizata-e-rinise-orthodhokse-ballkanike-rrethanat-mesimore-dhe-menyrat-metodologjike-ne-edukim-korrik-2007\/\" \/>\n<meta property=\"og:locale\" content=\"en_US\" \/>\n<meta property=\"og:type\" content=\"article\" \/>\n<meta property=\"og:title\" content=\"Nga takimi i 7-t\u00eb ballkanik mbi katekizmin nga Organizata e Rinis\u00eb Orthodhokse Ballkanike Rrethanat m\u00ebsimore dhe m\u00ebnyrat metodologjike n\u00eb edukim. (Korrik 2007) - Kisha Orthodh\u03bfkse Autoqefale e Shqip\u00ebris\u00eb\" \/>\n<meta property=\"og:description\" content=\"&nbsp;&nbsp;&nbsp; Nga data 12-15 Korrik 2007 n\u00eb Seminarin Teologjik t\u00eb Kragujevacit, Serbi, u zhvillua nga Organizata e Rinis\u00eb Orthodhokse Ballkanike, takimi i shtat\u00eb mbi Katekizmin n\u00eb Ballkan (Greqi, Rumani, Serbi, Bullgari, Shqip\u00ebri) me tem\u00eb: \u201cRrethanat m\u00ebsimore dhe m\u00ebnyrat metodologjike n\u00eb edukim\u201d. Nga Kisha Orthodhokse Autoqefale e Shqip\u00ebris\u00eb merrte pjes\u00eb nj\u00eb p\u00ebrfaq\u00ebsi nga Zyra e Katekizmit: At\u00eb Ilia Mazniku, Robert Pelushi, Aleksand\u00ebr Dimro\u00e7i dhe Marjeta Gorreja.\" \/>\n<meta property=\"og:url\" content=\"https:\/\/orthodoxalbania.org\/2020\/2007\/02\/26\/nga-takimi-i-7-te-ballkanik-mbi-katekizmin-nga-organizata-e-rinise-orthodhokse-ballkanike-rrethanat-mesimore-dhe-menyrat-metodologjike-ne-edukim-korrik-2007\/\" \/>\n<meta property=\"og:site_name\" content=\"Kisha Orthodh\u03bfkse Autoqefale e Shqip\u00ebris\u00eb\" \/>\n<meta property=\"article:publisher\" content=\"https:\/\/www.facebook.com\/koash1991\" \/>\n<meta property=\"article:published_time\" content=\"2007-02-26T00:00:00+00:00\" \/>\n<meta property=\"article:modified_time\" content=\"2020-04-06T20:35:44+00:00\" \/>\n<meta property=\"og:image\" content=\"https:\/\/lh6.googleusercontent.com\/-CznAxk81SIk\/VIqlTAI1gCI\/AAAAAAAAGsY\/LSAldm07FmY\/w400-h300-no\/pic1.jpg\" \/>\n<meta name=\"author\" content=\"Kisha Orthodhokse\" \/>\n<meta name=\"twitter:card\" content=\"summary_large_image\" \/>\n<meta name=\"twitter:label1\" content=\"Written by\" \/>\n\t<meta name=\"twitter:data1\" content=\"Kisha Orthodhokse\" \/>\n\t<meta name=\"twitter:label2\" content=\"Est. reading time\" \/>\n\t<meta name=\"twitter:data2\" content=\"4 minutes\" \/>\n<script type=\"application\/ld+json\" class=\"yoast-schema-graph\">{\"@context\":\"https:\/\/schema.org\",\"@graph\":[{\"@type\":\"Article\",\"@id\":\"https:\/\/orthodoxalbania.org\/2020\/2007\/02\/26\/nga-takimi-i-7-te-ballkanik-mbi-katekizmin-nga-organizata-e-rinise-orthodhokse-ballkanike-rrethanat-mesimore-dhe-menyrat-metodologjike-ne-edukim-korrik-2007\/#article\",\"isPartOf\":{\"@id\":\"https:\/\/orthodoxalbania.org\/2020\/2007\/02\/26\/nga-takimi-i-7-te-ballkanik-mbi-katekizmin-nga-organizata-e-rinise-orthodhokse-ballkanike-rrethanat-mesimore-dhe-menyrat-metodologjike-ne-edukim-korrik-2007\/\"},\"author\":{\"name\":\"Kisha Orthodhokse\",\"@id\":\"https:\/\/orthodoxalbania.org\/2020\/#\/schema\/person\/0c387634a7063ac612d7ed9ce71c7e86\"},\"headline\":\"Nga takimi i 7-t\u00eb ballkanik mbi katekizmin nga Organizata e Rinis\u00eb Orthodhokse Ballkanike Rrethanat m\u00ebsimore dhe m\u00ebnyrat metodologjike n\u00eb edukim. (Korrik 2007)\",\"datePublished\":\"2007-02-26T00:00:00+00:00\",\"dateModified\":\"2020-04-06T20:35:44+00:00\",\"mainEntityOfPage\":{\"@id\":\"https:\/\/orthodoxalbania.org\/2020\/2007\/02\/26\/nga-takimi-i-7-te-ballkanik-mbi-katekizmin-nga-organizata-e-rinise-orthodhokse-ballkanike-rrethanat-mesimore-dhe-menyrat-metodologjike-ne-edukim-korrik-2007\/\"},\"wordCount\":806,\"commentCount\":0,\"publisher\":{\"@id\":\"https:\/\/orthodoxalbania.org\/2020\/#organization\"},\"image\":{\"@id\":\"https:\/\/orthodoxalbania.org\/2020\/2007\/02\/26\/nga-takimi-i-7-te-ballkanik-mbi-katekizmin-nga-organizata-e-rinise-orthodhokse-ballkanike-rrethanat-mesimore-dhe-menyrat-metodologjike-ne-edukim-korrik-2007\/#primaryimage\"},\"thumbnailUrl\":\"https:\/\/lh6.googleusercontent.com\/-CznAxk81SIk\/VIqlTAI1gCI\/AAAAAAAAGsY\/LSAldm07FmY\/w400-h300-no\/pic1.jpg\",\"keywords\":[\"2007\",\"Deklarata - Njoftime Zyrtare\",\"Kryepiskopata Tiran\u00eb\",\"lajme\",\"Rinia Orthodhokse\"],\"articleSection\":[\"Lajme\"],\"inLanguage\":\"en-US\"},{\"@type\":\"WebPage\",\"@id\":\"https:\/\/orthodoxalbania.org\/2020\/2007\/02\/26\/nga-takimi-i-7-te-ballkanik-mbi-katekizmin-nga-organizata-e-rinise-orthodhokse-ballkanike-rrethanat-mesimore-dhe-menyrat-metodologjike-ne-edukim-korrik-2007\/\",\"url\":\"https:\/\/orthodoxalbania.org\/2020\/2007\/02\/26\/nga-takimi-i-7-te-ballkanik-mbi-katekizmin-nga-organizata-e-rinise-orthodhokse-ballkanike-rrethanat-mesimore-dhe-menyrat-metodologjike-ne-edukim-korrik-2007\/\",\"name\":\"Nga takimi i 7-t\u00eb ballkanik mbi katekizmin nga Organizata e Rinis\u00eb Orthodhokse Ballkanike Rrethanat m\u00ebsimore dhe m\u00ebnyrat metodologjike n\u00eb edukim. (Korrik 2007) - Kisha Orthodh\u03bfkse Autoqefale e Shqip\u00ebris\u00eb\",\"isPartOf\":{\"@id\":\"https:\/\/orthodoxalbania.org\/2020\/#website\"},\"primaryImageOfPage\":{\"@id\":\"https:\/\/orthodoxalbania.org\/2020\/2007\/02\/26\/nga-takimi-i-7-te-ballkanik-mbi-katekizmin-nga-organizata-e-rinise-orthodhokse-ballkanike-rrethanat-mesimore-dhe-menyrat-metodologjike-ne-edukim-korrik-2007\/#primaryimage\"},\"image\":{\"@id\":\"https:\/\/orthodoxalbania.org\/2020\/2007\/02\/26\/nga-takimi-i-7-te-ballkanik-mbi-katekizmin-nga-organizata-e-rinise-orthodhokse-ballkanike-rrethanat-mesimore-dhe-menyrat-metodologjike-ne-edukim-korrik-2007\/#primaryimage\"},\"thumbnailUrl\":\"https:\/\/lh6.googleusercontent.com\/-CznAxk81SIk\/VIqlTAI1gCI\/AAAAAAAAGsY\/LSAldm07FmY\/w400-h300-no\/pic1.jpg\",\"datePublished\":\"2007-02-26T00:00:00+00:00\",\"dateModified\":\"2020-04-06T20:35:44+00:00\",\"breadcrumb\":{\"@id\":\"https:\/\/orthodoxalbania.org\/2020\/2007\/02\/26\/nga-takimi-i-7-te-ballkanik-mbi-katekizmin-nga-organizata-e-rinise-orthodhokse-ballkanike-rrethanat-mesimore-dhe-menyrat-metodologjike-ne-edukim-korrik-2007\/#breadcrumb\"},\"inLanguage\":\"en-US\",\"potentialAction\":[{\"@type\":\"ReadAction\",\"target\":[\"https:\/\/orthodoxalbania.org\/2020\/2007\/02\/26\/nga-takimi-i-7-te-ballkanik-mbi-katekizmin-nga-organizata-e-rinise-orthodhokse-ballkanike-rrethanat-mesimore-dhe-menyrat-metodologjike-ne-edukim-korrik-2007\/\"]}]},{\"@type\":\"ImageObject\",\"inLanguage\":\"en-US\",\"@id\":\"https:\/\/orthodoxalbania.org\/2020\/2007\/02\/26\/nga-takimi-i-7-te-ballkanik-mbi-katekizmin-nga-organizata-e-rinise-orthodhokse-ballkanike-rrethanat-mesimore-dhe-menyrat-metodologjike-ne-edukim-korrik-2007\/#primaryimage\",\"url\":\"https:\/\/lh6.googleusercontent.com\/-CznAxk81SIk\/VIqlTAI1gCI\/AAAAAAAAGsY\/LSAldm07FmY\/w400-h300-no\/pic1.jpg\",\"contentUrl\":\"https:\/\/lh6.googleusercontent.com\/-CznAxk81SIk\/VIqlTAI1gCI\/AAAAAAAAGsY\/LSAldm07FmY\/w400-h300-no\/pic1.jpg\"},{\"@type\":\"BreadcrumbList\",\"@id\":\"https:\/\/orthodoxalbania.org\/2020\/2007\/02\/26\/nga-takimi-i-7-te-ballkanik-mbi-katekizmin-nga-organizata-e-rinise-orthodhokse-ballkanike-rrethanat-mesimore-dhe-menyrat-metodologjike-ne-edukim-korrik-2007\/#breadcrumb\",\"itemListElement\":[{\"@type\":\"ListItem\",\"position\":1,\"name\":\"Home\",\"item\":\"https:\/\/orthodoxalbania.org\/2020\/\"},{\"@type\":\"ListItem\",\"position\":2,\"name\":\"Nga takimi i 7-t\u00eb ballkanik mbi katekizmin nga Organizata e Rinis\u00eb Orthodhokse Ballkanike Rrethanat m\u00ebsimore dhe m\u00ebnyrat metodologjike n\u00eb edukim. (Korrik 2007)\"}]},{\"@type\":\"WebSite\",\"@id\":\"https:\/\/orthodoxalbania.org\/2020\/#website\",\"url\":\"https:\/\/orthodoxalbania.org\/2020\/\",\"name\":\"Kisha Orthodh\u03bfkse Autoqefale e Shqip\u00ebris\u00eb\",\"description\":\"Fqja Zyrtare e Kish\u00ebs Orthodhokse Autoqefale e Shqip\u00ebris\u00eb me lajmet edhe informacionet zyrtare p\u00ebr struktur\u00ebn edhe veprimtarin e saj.\",\"publisher\":{\"@id\":\"https:\/\/orthodoxalbania.org\/2020\/#organization\"},\"potentialAction\":[{\"@type\":\"SearchAction\",\"target\":{\"@type\":\"EntryPoint\",\"urlTemplate\":\"https:\/\/orthodoxalbania.org\/2020\/?s={search_term_string}\"},\"query-input\":{\"@type\":\"PropertyValueSpecification\",\"valueRequired\":true,\"valueName\":\"search_term_string\"}}],\"inLanguage\":\"en-US\"},{\"@type\":\"Organization\",\"@id\":\"https:\/\/orthodoxalbania.org\/2020\/#organization\",\"name\":\"Kisha Orthodhokse Autoqefale e Shqip\u00ebris\u00eb\",\"url\":\"https:\/\/orthodoxalbania.org\/2020\/\",\"logo\":{\"@type\":\"ImageObject\",\"inLanguage\":\"en-US\",\"@id\":\"https:\/\/orthodoxalbania.org\/2020\/#\/schema\/logo\/image\/\",\"url\":\"https:\/\/orthodoxalbania.org\/2020\/wp-content\/uploads\/2020\/05\/albania.jpeg\",\"contentUrl\":\"https:\/\/orthodoxalbania.org\/2020\/wp-content\/uploads\/2020\/05\/albania.jpeg\",\"width\":540,\"height\":540,\"caption\":\"Kisha Orthodhokse Autoqefale e Shqip\u00ebris\u00eb\"},\"image\":{\"@id\":\"https:\/\/orthodoxalbania.org\/2020\/#\/schema\/logo\/image\/\"},\"sameAs\":[\"https:\/\/www.facebook.com\/koash1991\"]},{\"@type\":\"Person\",\"@id\":\"https:\/\/orthodoxalbania.org\/2020\/#\/schema\/person\/0c387634a7063ac612d7ed9ce71c7e86\",\"name\":\"Kisha Orthodhokse\",\"image\":{\"@type\":\"ImageObject\",\"inLanguage\":\"en-US\",\"@id\":\"https:\/\/secure.gravatar.com\/avatar\/596e7c417251e30f2fbb9c00e026fce61a695a00e51c889caded71c96cbbdde5?s=96&d=mm&r=g\",\"url\":\"https:\/\/secure.gravatar.com\/avatar\/596e7c417251e30f2fbb9c00e026fce61a695a00e51c889caded71c96cbbdde5?s=96&d=mm&r=g\",\"contentUrl\":\"https:\/\/secure.gravatar.com\/avatar\/596e7c417251e30f2fbb9c00e026fce61a695a00e51c889caded71c96cbbdde5?s=96&d=mm&r=g\",\"caption\":\"Kisha Orthodhokse\"}}]}<\/script>\n<!-- \/ Yoast SEO plugin. -->","yoast_head_json":{"title":"Nga takimi i 7-t\u00eb ballkanik mbi katekizmin nga Organizata e Rinis\u00eb Orthodhokse Ballkanike Rrethanat m\u00ebsimore dhe m\u00ebnyrat metodologjike n\u00eb edukim. (Korrik 2007) - Kisha Orthodh\u03bfkse Autoqefale e Shqip\u00ebris\u00eb","robots":{"index":"index","follow":"follow","max-snippet":"max-snippet:-1","max-image-preview":"max-image-preview:large","max-video-preview":"max-video-preview:-1"},"canonical":"https:\/\/orthodoxalbania.org\/2020\/2007\/02\/26\/nga-takimi-i-7-te-ballkanik-mbi-katekizmin-nga-organizata-e-rinise-orthodhokse-ballkanike-rrethanat-mesimore-dhe-menyrat-metodologjike-ne-edukim-korrik-2007\/","og_locale":"en_US","og_type":"article","og_title":"Nga takimi i 7-t\u00eb ballkanik mbi katekizmin nga Organizata e Rinis\u00eb Orthodhokse Ballkanike Rrethanat m\u00ebsimore dhe m\u00ebnyrat metodologjike n\u00eb edukim. (Korrik 2007) - Kisha Orthodh\u03bfkse Autoqefale e Shqip\u00ebris\u00eb","og_description":"&nbsp;&nbsp;&nbsp; Nga data 12-15 Korrik 2007 n\u00eb Seminarin Teologjik t\u00eb Kragujevacit, Serbi, u zhvillua nga Organizata e Rinis\u00eb Orthodhokse Ballkanike, takimi i shtat\u00eb mbi Katekizmin n\u00eb Ballkan (Greqi, Rumani, Serbi, Bullgari, Shqip\u00ebri) me tem\u00eb: \u201cRrethanat m\u00ebsimore dhe m\u00ebnyrat metodologjike n\u00eb edukim\u201d. Nga Kisha Orthodhokse Autoqefale e Shqip\u00ebris\u00eb merrte pjes\u00eb nj\u00eb p\u00ebrfaq\u00ebsi nga Zyra e Katekizmit: At\u00eb Ilia Mazniku, Robert Pelushi, Aleksand\u00ebr Dimro\u00e7i dhe Marjeta Gorreja.","og_url":"https:\/\/orthodoxalbania.org\/2020\/2007\/02\/26\/nga-takimi-i-7-te-ballkanik-mbi-katekizmin-nga-organizata-e-rinise-orthodhokse-ballkanike-rrethanat-mesimore-dhe-menyrat-metodologjike-ne-edukim-korrik-2007\/","og_site_name":"Kisha Orthodh\u03bfkse Autoqefale e Shqip\u00ebris\u00eb","article_publisher":"https:\/\/www.facebook.com\/koash1991","article_published_time":"2007-02-26T00:00:00+00:00","article_modified_time":"2020-04-06T20:35:44+00:00","og_image":[{"url":"https:\/\/lh6.googleusercontent.com\/-CznAxk81SIk\/VIqlTAI1gCI\/AAAAAAAAGsY\/LSAldm07FmY\/w400-h300-no\/pic1.jpg","type":"","width":"","height":""}],"author":"Kisha Orthodhokse","twitter_card":"summary_large_image","twitter_misc":{"Written by":"Kisha Orthodhokse","Est. reading time":"4 minutes"},"schema":{"@context":"https:\/\/schema.org","@graph":[{"@type":"Article","@id":"https:\/\/orthodoxalbania.org\/2020\/2007\/02\/26\/nga-takimi-i-7-te-ballkanik-mbi-katekizmin-nga-organizata-e-rinise-orthodhokse-ballkanike-rrethanat-mesimore-dhe-menyrat-metodologjike-ne-edukim-korrik-2007\/#article","isPartOf":{"@id":"https:\/\/orthodoxalbania.org\/2020\/2007\/02\/26\/nga-takimi-i-7-te-ballkanik-mbi-katekizmin-nga-organizata-e-rinise-orthodhokse-ballkanike-rrethanat-mesimore-dhe-menyrat-metodologjike-ne-edukim-korrik-2007\/"},"author":{"name":"Kisha Orthodhokse","@id":"https:\/\/orthodoxalbania.org\/2020\/#\/schema\/person\/0c387634a7063ac612d7ed9ce71c7e86"},"headline":"Nga takimi i 7-t\u00eb ballkanik mbi katekizmin nga Organizata e Rinis\u00eb Orthodhokse Ballkanike Rrethanat m\u00ebsimore dhe m\u00ebnyrat metodologjike n\u00eb edukim. (Korrik 2007)","datePublished":"2007-02-26T00:00:00+00:00","dateModified":"2020-04-06T20:35:44+00:00","mainEntityOfPage":{"@id":"https:\/\/orthodoxalbania.org\/2020\/2007\/02\/26\/nga-takimi-i-7-te-ballkanik-mbi-katekizmin-nga-organizata-e-rinise-orthodhokse-ballkanike-rrethanat-mesimore-dhe-menyrat-metodologjike-ne-edukim-korrik-2007\/"},"wordCount":806,"commentCount":0,"publisher":{"@id":"https:\/\/orthodoxalbania.org\/2020\/#organization"},"image":{"@id":"https:\/\/orthodoxalbania.org\/2020\/2007\/02\/26\/nga-takimi-i-7-te-ballkanik-mbi-katekizmin-nga-organizata-e-rinise-orthodhokse-ballkanike-rrethanat-mesimore-dhe-menyrat-metodologjike-ne-edukim-korrik-2007\/#primaryimage"},"thumbnailUrl":"https:\/\/lh6.googleusercontent.com\/-CznAxk81SIk\/VIqlTAI1gCI\/AAAAAAAAGsY\/LSAldm07FmY\/w400-h300-no\/pic1.jpg","keywords":["2007","Deklarata - Njoftime Zyrtare","Kryepiskopata Tiran\u00eb","lajme","Rinia Orthodhokse"],"articleSection":["Lajme"],"inLanguage":"en-US"},{"@type":"WebPage","@id":"https:\/\/orthodoxalbania.org\/2020\/2007\/02\/26\/nga-takimi-i-7-te-ballkanik-mbi-katekizmin-nga-organizata-e-rinise-orthodhokse-ballkanike-rrethanat-mesimore-dhe-menyrat-metodologjike-ne-edukim-korrik-2007\/","url":"https:\/\/orthodoxalbania.org\/2020\/2007\/02\/26\/nga-takimi-i-7-te-ballkanik-mbi-katekizmin-nga-organizata-e-rinise-orthodhokse-ballkanike-rrethanat-mesimore-dhe-menyrat-metodologjike-ne-edukim-korrik-2007\/","name":"Nga takimi i 7-t\u00eb ballkanik mbi katekizmin nga Organizata e Rinis\u00eb Orthodhokse Ballkanike Rrethanat m\u00ebsimore dhe m\u00ebnyrat metodologjike n\u00eb edukim. (Korrik 2007) - Kisha Orthodh\u03bfkse Autoqefale e Shqip\u00ebris\u00eb","isPartOf":{"@id":"https:\/\/orthodoxalbania.org\/2020\/#website"},"primaryImageOfPage":{"@id":"https:\/\/orthodoxalbania.org\/2020\/2007\/02\/26\/nga-takimi-i-7-te-ballkanik-mbi-katekizmin-nga-organizata-e-rinise-orthodhokse-ballkanike-rrethanat-mesimore-dhe-menyrat-metodologjike-ne-edukim-korrik-2007\/#primaryimage"},"image":{"@id":"https:\/\/orthodoxalbania.org\/2020\/2007\/02\/26\/nga-takimi-i-7-te-ballkanik-mbi-katekizmin-nga-organizata-e-rinise-orthodhokse-ballkanike-rrethanat-mesimore-dhe-menyrat-metodologjike-ne-edukim-korrik-2007\/#primaryimage"},"thumbnailUrl":"https:\/\/lh6.googleusercontent.com\/-CznAxk81SIk\/VIqlTAI1gCI\/AAAAAAAAGsY\/LSAldm07FmY\/w400-h300-no\/pic1.jpg","datePublished":"2007-02-26T00:00:00+00:00","dateModified":"2020-04-06T20:35:44+00:00","breadcrumb":{"@id":"https:\/\/orthodoxalbania.org\/2020\/2007\/02\/26\/nga-takimi-i-7-te-ballkanik-mbi-katekizmin-nga-organizata-e-rinise-orthodhokse-ballkanike-rrethanat-mesimore-dhe-menyrat-metodologjike-ne-edukim-korrik-2007\/#breadcrumb"},"inLanguage":"en-US","potentialAction":[{"@type":"ReadAction","target":["https:\/\/orthodoxalbania.org\/2020\/2007\/02\/26\/nga-takimi-i-7-te-ballkanik-mbi-katekizmin-nga-organizata-e-rinise-orthodhokse-ballkanike-rrethanat-mesimore-dhe-menyrat-metodologjike-ne-edukim-korrik-2007\/"]}]},{"@type":"ImageObject","inLanguage":"en-US","@id":"https:\/\/orthodoxalbania.org\/2020\/2007\/02\/26\/nga-takimi-i-7-te-ballkanik-mbi-katekizmin-nga-organizata-e-rinise-orthodhokse-ballkanike-rrethanat-mesimore-dhe-menyrat-metodologjike-ne-edukim-korrik-2007\/#primaryimage","url":"https:\/\/lh6.googleusercontent.com\/-CznAxk81SIk\/VIqlTAI1gCI\/AAAAAAAAGsY\/LSAldm07FmY\/w400-h300-no\/pic1.jpg","contentUrl":"https:\/\/lh6.googleusercontent.com\/-CznAxk81SIk\/VIqlTAI1gCI\/AAAAAAAAGsY\/LSAldm07FmY\/w400-h300-no\/pic1.jpg"},{"@type":"BreadcrumbList","@id":"https:\/\/orthodoxalbania.org\/2020\/2007\/02\/26\/nga-takimi-i-7-te-ballkanik-mbi-katekizmin-nga-organizata-e-rinise-orthodhokse-ballkanike-rrethanat-mesimore-dhe-menyrat-metodologjike-ne-edukim-korrik-2007\/#breadcrumb","itemListElement":[{"@type":"ListItem","position":1,"name":"Home","item":"https:\/\/orthodoxalbania.org\/2020\/"},{"@type":"ListItem","position":2,"name":"Nga takimi i 7-t\u00eb ballkanik mbi katekizmin nga Organizata e Rinis\u00eb Orthodhokse Ballkanike Rrethanat m\u00ebsimore dhe m\u00ebnyrat metodologjike n\u00eb edukim. (Korrik 2007)"}]},{"@type":"WebSite","@id":"https:\/\/orthodoxalbania.org\/2020\/#website","url":"https:\/\/orthodoxalbania.org\/2020\/","name":"Kisha Orthodh\u03bfkse Autoqefale e Shqip\u00ebris\u00eb","description":"Fqja Zyrtare e Kish\u00ebs Orthodhokse Autoqefale e Shqip\u00ebris\u00eb me lajmet edhe informacionet zyrtare p\u00ebr struktur\u00ebn edhe veprimtarin e saj.","publisher":{"@id":"https:\/\/orthodoxalbania.org\/2020\/#organization"},"potentialAction":[{"@type":"SearchAction","target":{"@type":"EntryPoint","urlTemplate":"https:\/\/orthodoxalbania.org\/2020\/?s={search_term_string}"},"query-input":{"@type":"PropertyValueSpecification","valueRequired":true,"valueName":"search_term_string"}}],"inLanguage":"en-US"},{"@type":"Organization","@id":"https:\/\/orthodoxalbania.org\/2020\/#organization","name":"Kisha Orthodhokse Autoqefale e Shqip\u00ebris\u00eb","url":"https:\/\/orthodoxalbania.org\/2020\/","logo":{"@type":"ImageObject","inLanguage":"en-US","@id":"https:\/\/orthodoxalbania.org\/2020\/#\/schema\/logo\/image\/","url":"https:\/\/orthodoxalbania.org\/2020\/wp-content\/uploads\/2020\/05\/albania.jpeg","contentUrl":"https:\/\/orthodoxalbania.org\/2020\/wp-content\/uploads\/2020\/05\/albania.jpeg","width":540,"height":540,"caption":"Kisha Orthodhokse Autoqefale e Shqip\u00ebris\u00eb"},"image":{"@id":"https:\/\/orthodoxalbania.org\/2020\/#\/schema\/logo\/image\/"},"sameAs":["https:\/\/www.facebook.com\/koash1991"]},{"@type":"Person","@id":"https:\/\/orthodoxalbania.org\/2020\/#\/schema\/person\/0c387634a7063ac612d7ed9ce71c7e86","name":"Kisha Orthodhokse","image":{"@type":"ImageObject","inLanguage":"en-US","@id":"https:\/\/secure.gravatar.com\/avatar\/596e7c417251e30f2fbb9c00e026fce61a695a00e51c889caded71c96cbbdde5?s=96&d=mm&r=g","url":"https:\/\/secure.gravatar.com\/avatar\/596e7c417251e30f2fbb9c00e026fce61a695a00e51c889caded71c96cbbdde5?s=96&d=mm&r=g","contentUrl":"https:\/\/secure.gravatar.com\/avatar\/596e7c417251e30f2fbb9c00e026fce61a695a00e51c889caded71c96cbbdde5?s=96&d=mm&r=g","caption":"Kisha Orthodhokse"}}]}},"_links":{"self":[{"href":"https:\/\/orthodoxalbania.org\/2020\/wp-json\/wp\/v2\/posts\/186","targetHints":{"allow":["GET"]}}],"collection":[{"href":"https:\/\/orthodoxalbania.org\/2020\/wp-json\/wp\/v2\/posts"}],"about":[{"href":"https:\/\/orthodoxalbania.org\/2020\/wp-json\/wp\/v2\/types\/post"}],"author":[{"embeddable":true,"href":"https:\/\/orthodoxalbania.org\/2020\/wp-json\/wp\/v2\/users\/1"}],"replies":[{"embeddable":true,"href":"https:\/\/orthodoxalbania.org\/2020\/wp-json\/wp\/v2\/comments?post=186"}],"version-history":[{"count":1,"href":"https:\/\/orthodoxalbania.org\/2020\/wp-json\/wp\/v2\/posts\/186\/revisions"}],"predecessor-version":[{"id":15753,"href":"https:\/\/orthodoxalbania.org\/2020\/wp-json\/wp\/v2\/posts\/186\/revisions\/15753"}],"wp:attachment":[{"href":"https:\/\/orthodoxalbania.org\/2020\/wp-json\/wp\/v2\/media?parent=186"}],"wp:term":[{"taxonomy":"category","embeddable":true,"href":"https:\/\/orthodoxalbania.org\/2020\/wp-json\/wp\/v2\/categories?post=186"},{"taxonomy":"post_tag","embeddable":true,"href":"https:\/\/orthodoxalbania.org\/2020\/wp-json\/wp\/v2\/tags?post=186"}],"curies":[{"name":"wp","href":"https:\/\/api.w.org\/{rel}","templated":true}]}}